{"id":100044,"date":"2022-02-01T11:10:45","date_gmt":"2022-02-01T09:10:45","guid":{"rendered":"https:\/\/urbeamea.ro\/albaiulia\/?p=100044"},"modified":"2022-02-01T11:10:47","modified_gmt":"2022-02-01T09:10:47","slug":"care-sunt-elementele-de-care-trebuie-sa-tii-cont-atunci-cand-iti-organizezi-bucataria-iata-in-ce-ordine-trebuie-sa-le-pui-in-aplicare-pentru-a-ti-usura-munca","status":"publish","type":"post","link":"https:\/\/urbeamea.ro\/albaiulia\/care-sunt-elementele-de-care-trebuie-sa-tii-cont-atunci-cand-iti-organizezi-bucataria-iata-in-ce-ordine-trebuie-sa-le-pui-in-aplicare-pentru-a-ti-usura-munca\/","title":{"rendered":"Care sunt elementele de care trebuie s\u0103 \u021bii cont atunci c\u00e2nd \u00ee\u021bi organizezi buc\u0103t\u0103ria? \u2013 Iat\u0103 \u00een ce ordine trebuie s\u0103 le pui \u00een aplicare pentru a-\u021bi u\u0219ura munca"},"content":{"rendered":"\n<p>Atunci c\u00e2nd decizi s\u0103 faci anumite modific\u0103ri \u00een ceea ce prive\u0219te estetica sau func\u021bionalitatea locuin\u021bei tale trebuie s\u0103 iei \u00een calcul multe aspecte. Po\u021bi \u021bine cont de sfaturile speciali\u0219tilor \u00een amenaj\u0103ri pentru a conferi buc\u0103t\u0103riei o dimensiune estetic\u0103 deosebit\u0103, pentru a o face un spa\u021biu mult mai pl\u0103cut de desf\u0103\u0219urare a activit\u0103\u021bilor zilnice, dar \u0219i pentru a-\u021bi u\u0219ura munca de \u00eentre\u021binere pe viitor.<\/p>\n\n\n\n<p>Dac\u0103 vrei s\u0103 ai o buc\u0103t\u0103rie modern\u0103 \u00een care s\u0103 \u00ee\u021bi fac\u0103 pl\u0103cere at\u00e2t s\u0103 g\u0103te\u0219ti, c\u00e2t \u0219i s\u0103 te relaxezi cu o cafea \u00een fiecare diminea\u021b\u0103 trebuie s\u0103 oferi o aten\u021bie deosebit\u0103 utiliz\u0103rii adecvate a spa\u021biului, culorilor, echipamentului electrocasnic \u0219i atmosferei pe care vrei s\u0103 o conturezi. \u00cen acest articole vei reg\u0103si c\u00e2teva sfaturi practice care \u00ee\u021bi pot pune ordine \u00een nenum\u0103ratele g\u00e2nduri \u0219i planuri de ac\u021biune pentru a ob\u021bine \u00een final buc\u0103t\u0103ria ideal\u0103.<\/p>\n\n\n\n<p>Iat\u0103 care sunt elementele de care trebuie s\u0103 \u021bii cont atunci c\u00e2nd \u00ee\u021bi organizezi buc\u0103t\u0103ria \u0219i care ar fi ordinea \u00een care ar trebui s\u0103 le planifici pentru a ob\u021bine rezultate maxime cu efort redus:<\/p>\n\n\n\n<p><strong>Electrocasnice<\/strong><\/p>\n\n\n\n<p>De\u0219i multe persoane consider\u0103 c\u0103 electrocasnicele sunt piese care pot fi achizi\u021bionate ulterior, la finalul amenaj\u0103rii, sugestia speciali\u0219tilor \u00een domeniul amenaj\u0103rilor interioare este s\u0103 \u00eencepi cu acestea. Motivul este simplu: electrocasnicele sunt piese numeroase \u00een cadrul buc\u0103t\u0103riei tale \u0219i sunt aproape mereu la vedere, iar pentru a men\u021bine compozi\u021bia estetic\u0103 a spa\u021biului netulburat\u0103 trebuie s\u0103 realizezi o armonizare a acestuia \u0219i cu echipamentul electrocasnic.<\/p>\n\n\n\n<p><strong>Pere\u021bii<\/strong><\/p>\n\n\n\n<p>Urm\u0103torul punct de bifat este alegerea culorii pentru pere\u021bii buc\u0103t\u0103riei tale. Ideal este s\u0103 alegi o<a rel=\"noreferrer noopener\" href=\"https:\/\/www.benjaminmoore.ro\/categorie-produs\/lacuri-si-baituri\/\" target=\"_blank\"> vopsea pentru buc\u0103t\u0103rie<\/a> calitativ\u0103 pentru a fi mai sigur c\u0103 de-a lungul timpului, condi\u021biile extreme din acest spa\u021biu nu o vor deteriora foarte repede. Cei de la Benjamin Moore au o palet\u0103 foarte vast\u0103 din care po\u021bi alege culoarea care se potrive\u0219te cel mai bine atmosferei pe care vrei s\u0103 o conturezi \u00een buc\u0103t\u0103ria ta.<\/p>\n\n\n\n<p><strong>Chiuveta<\/strong><\/p>\n\n\n\n<p>Chiuveta trebuie aleas\u0103 \u0219i ea cu mare grij\u0103. De\u0219i culoarea electrocasnicelor poate fi una metalic\u0103, poate argintiul clasic, ar trebui s\u0103 te g\u00e2nde\u0219ti de dou\u0103 ori \u00eenainte de a alege inoxul ca material pentru chiuveta ta. Este o variant\u0103 mai ieftin\u0103, \u00eentr-adev\u0103r, dar dac\u0103 \u00ee\u021bi dore\u0219ti o chiuvet\u0103 care s\u0103 se potriveasc\u0103 perfect cu ambientul buc\u0103t\u0103riei tale \u0219i care s\u0103 fie rezistent\u0103 la pete, po\u021bi opta pentru una din compozit.<\/p>\n\n\n\n<p><strong>Blatul<\/strong><\/p>\n\n\n\n<p>Baletul este un element important \u00een buc\u0103t\u0103ria ta pentru va ie\u0219i \u00een eviden\u021b\u0103 din prima secund\u0103. Dac\u0103 \u00ee\u021bi dore\u0219ti s\u0103 compui un aspect mai preten\u021bios \u00een buc\u0103t\u0103ria ta, opteaz\u0103 pentru cel din piatr\u0103 sau marmur\u0103. Pe c\u00e2t de elegant \u0219i sofisticat va p\u0103rea, pe at\u00e2t de u\u0219or va fi de \u00eentre\u021binut. \u00cen cazul \u00een care blatul este din lemn, opteaz\u0103 pentru variantele de<a rel=\"noreferrer noopener\" href=\"https:\/\/www.benjaminmoore.ro\/categorie-produs\/lacuri-si-baituri\/\" target=\"_blank\"> lacuri \u0219i baituri <\/a>ce-\u021bi vor proteja suprafe\u021bele.<\/p>\n\n\n\n<p>\u00cen concluzie, organizarea buc\u0103t\u0103riei trebuie realizat\u0103 \u021bin\u00e2nd cont de anumite reguli \u0219i \u00een func\u021bie de o ordine concret\u0103. Doar a\u0219a vei putea s\u0103 conferi un aspect pl\u0103cut \u0219i corect buc\u0103t\u0103riei tale, depun\u00e2nd minimul de efort. Nu uita c\u0103 \u00eentregul proces porne\u0219te de la elementele cele mai mici pe care le utilizezi cel mai frecvent<\/p>\n\n\n\n<p>Sursa: pexels.com<\/p>\n","protected":false},"excerpt":{"rendered":"<p>Atunci c\u00e2nd decizi s\u0103 faci anumite modific\u0103ri \u00een ceea ce prive\u0219te estetica sau func\u021bionalitatea locuin\u021bei tale trebuie s\u0103 iei \u00een calcul multe aspecte. Po\u021bi \u021bine cont de sfaturile speciali\u0219tilor \u00een amenaj\u0103ri pentru a conferi buc\u0103t\u0103riei o dimensiune estetic\u0103 deosebit\u0103, pentru a o face un spa\u021biu mult mai pl\u0103cut de desf\u0103\u0219urare a activit\u0103\u021bilor zilnice, dar \u0219i &hellip;<\/p>\n","protected":false},"author":16,"featured_media":100045,"comment_status":"open","ping_status":"open","sticky":false,"template":"","format":"standard","meta":{"inline_featured_image":false,"footnotes":""},"categories":[25],"tags":[23987],"class_list":["post-100044","post","type-post","status-publish","format-standard","has-post-thumbnail","hentry","category-lifestyle-fashion","tag-benjamin-moore"],"yoast_head":"<!-- This site is optimized with the Yoast SEO plugin v27.4 - https:\/\/yoast.com\/product\/yoast-seo-wordpress\/ -->\n<title>Care sunt elementele de care trebuie s\u0103 \u021bii cont atunci c\u00e2nd \u00ee\u021bi organizezi buc\u0103t\u0103ria? \u2013 Iat\u0103 \u00een ce ordine trebuie s\u0103 le pui \u00een aplicare pentru a-\u021bi u\u0219ura munca - Revista Urbea Mea - Revista de Alba<\/title>\n<meta name=\"description\" content=\"Atunci c\u00e2nd decizi s\u0103 faci anumite modific\u0103ri \u00een ceea ce prive\u0219te estetica sau func\u021bionalitatea locuin\u021bei tale trebuie s\u0103 iei \u00een calcul multe aspecte.\" \/>\n<meta name=\"robots\" content=\"index, follow, max-snippet:-1, max-image-preview:large, max-video-preview:-1\" \/>\n<link rel=\"canonical\" href=\"https:\/\/urbeamea.ro\/albaiulia\/care-sunt-elementele-de-care-trebuie-sa-tii-cont-atunci-cand-iti-organizezi-bucataria-iata-in-ce-ordine-trebuie-sa-le-pui-in-aplicare-pentru-a-ti-usura-munca\/\" \/>\n<meta name=\"twitter:card\" content=\"summary_large_image\" \/>\n<meta name=\"twitter:title\" content=\"Care sunt elementele de care trebuie s\u0103 \u021bii cont atunci c\u00e2nd \u00ee\u021bi organizezi buc\u0103t\u0103ria? \u2013 Iat\u0103 \u00een ce ordine trebuie s\u0103 le pui \u00een aplicare pentru a-\u021bi u\u0219ura munca - Revista Urbea Mea - Revista de Alba\" \/>\n<meta name=\"twitter:description\" content=\"Atunci c\u00e2nd decizi s\u0103 faci anumite modific\u0103ri \u00een ceea ce prive\u0219te estetica sau func\u021bionalitatea locuin\u021bei tale trebuie s\u0103 iei \u00een calcul multe aspecte.\" \/>\n<meta name=\"twitter:image\" content=\"https:\/\/urbeamea.ro\/albaiulia\/wp-content\/uploads\/2022\/02\/CARESU1.jpg\" \/>\n<meta name=\"twitter:creator\" content=\"@urbeameaweb\" \/>\n<meta name=\"twitter:site\" content=\"@urbeameaweb\" \/>\n<script type=\"application\/ld+json\" class=\"yoast-schema-graph\">{\"@context\":\"https:\\\/\\\/schema.org\",\"@graph\":[{\"@type\":\"Article\",\"@id\":\"https:\\\/\\\/urbeamea.ro\\\/albaiulia\\\/care-sunt-elementele-de-care-trebuie-sa-tii-cont-atunci-cand-iti-organizezi-bucataria-iata-in-ce-ordine-trebuie-sa-le-pui-in-aplicare-pentru-a-ti-usura-munca\\\/#article\",\"isPartOf\":{\"@id\":\"https:\\\/\\\/urbeamea.ro\\\/albaiulia\\\/care-sunt-elementele-de-care-trebuie-sa-tii-cont-atunci-cand-iti-organizezi-bucataria-iata-in-ce-ordine-trebuie-sa-le-pui-in-aplicare-pentru-a-ti-usura-munca\\\/\"},\"author\":{\"name\":\"Redac\u021bia UrbeaMea\",\"@id\":\"https:\\\/\\\/urbeamea.ro\\\/albaiulia\\\/#\\\/schema\\\/person\\\/272ae98052f8ee8980f59848df070247\"},\"headline\":\"Care sunt elementele de care trebuie s\u0103 \u021bii cont atunci c\u00e2nd \u00ee\u021bi organizezi buc\u0103t\u0103ria? \u2013 Iat\u0103 \u00een ce ordine trebuie s\u0103 le pui \u00een aplicare pentru a-\u021bi u\u0219ura munca\",\"datePublished\":\"2022-02-01T09:10:45+00:00\",\"dateModified\":\"2022-02-01T09:10:47+00:00\",\"mainEntityOfPage\":{\"@id\":\"https:\\\/\\\/urbeamea.ro\\\/albaiulia\\\/care-sunt-elementele-de-care-trebuie-sa-tii-cont-atunci-cand-iti-organizezi-bucataria-iata-in-ce-ordine-trebuie-sa-le-pui-in-aplicare-pentru-a-ti-usura-munca\\\/\"},\"wordCount\":636,\"commentCount\":0,\"image\":{\"@id\":\"https:\\\/\\\/urbeamea.ro\\\/albaiulia\\\/care-sunt-elementele-de-care-trebuie-sa-tii-cont-atunci-cand-iti-organizezi-bucataria-iata-in-ce-ordine-trebuie-sa-le-pui-in-aplicare-pentru-a-ti-usura-munca\\\/#primaryimage\"},\"thumbnailUrl\":\"https:\\\/\\\/urbeamea.ro\\\/albaiulia\\\/wp-content\\\/uploads\\\/2022\\\/02\\\/CARESU1.jpg\",\"keywords\":[\"benjamin moore\"],\"articleSection\":[\"Lifestyle &amp; Fashion\"],\"inLanguage\":\"ro-RO\",\"potentialAction\":[{\"@type\":\"CommentAction\",\"name\":\"Comment\",\"target\":[\"https:\\\/\\\/urbeamea.ro\\\/albaiulia\\\/care-sunt-elementele-de-care-trebuie-sa-tii-cont-atunci-cand-iti-organizezi-bucataria-iata-in-ce-ordine-trebuie-sa-le-pui-in-aplicare-pentru-a-ti-usura-munca\\\/#respond\"]}]},{\"@type\":\"WebPage\",\"@id\":\"https:\\\/\\\/urbeamea.ro\\\/albaiulia\\\/care-sunt-elementele-de-care-trebuie-sa-tii-cont-atunci-cand-iti-organizezi-bucataria-iata-in-ce-ordine-trebuie-sa-le-pui-in-aplicare-pentru-a-ti-usura-munca\\\/\",\"url\":\"https:\\\/\\\/urbeamea.ro\\\/albaiulia\\\/care-sunt-elementele-de-care-trebuie-sa-tii-cont-atunci-cand-iti-organizezi-bucataria-iata-in-ce-ordine-trebuie-sa-le-pui-in-aplicare-pentru-a-ti-usura-munca\\\/\",\"name\":\"Care sunt elementele de care trebuie s\u0103 \u021bii cont atunci c\u00e2nd \u00ee\u021bi organizezi buc\u0103t\u0103ria? \u2013 Iat\u0103 \u00een ce ordine trebuie s\u0103 le pui \u00een aplicare pentru a-\u021bi u\u0219ura munca - Revista Urbea Mea - Revista de Alba\",\"isPartOf\":{\"@id\":\"https:\\\/\\\/urbeamea.ro\\\/albaiulia\\\/#website\"},\"primaryImageOfPage\":{\"@id\":\"https:\\\/\\\/urbeamea.ro\\\/albaiulia\\\/care-sunt-elementele-de-care-trebuie-sa-tii-cont-atunci-cand-iti-organizezi-bucataria-iata-in-ce-ordine-trebuie-sa-le-pui-in-aplicare-pentru-a-ti-usura-munca\\\/#primaryimage\"},\"image\":{\"@id\":\"https:\\\/\\\/urbeamea.ro\\\/albaiulia\\\/care-sunt-elementele-de-care-trebuie-sa-tii-cont-atunci-cand-iti-organizezi-bucataria-iata-in-ce-ordine-trebuie-sa-le-pui-in-aplicare-pentru-a-ti-usura-munca\\\/#primaryimage\"},\"thumbnailUrl\":\"https:\\\/\\\/urbeamea.ro\\\/albaiulia\\\/wp-content\\\/uploads\\\/2022\\\/02\\\/CARESU1.jpg\",\"datePublished\":\"2022-02-01T09:10:45+00:00\",\"dateModified\":\"2022-02-01T09:10:47+00:00\",\"author\":{\"@id\":\"https:\\\/\\\/urbeamea.ro\\\/albaiulia\\\/#\\\/schema\\\/person\\\/272ae98052f8ee8980f59848df070247\"},\"description\":\"Atunci c\u00e2nd decizi s\u0103 faci anumite modific\u0103ri \u00een ceea ce prive\u0219te estetica sau func\u021bionalitatea locuin\u021bei tale trebuie s\u0103 iei \u00een calcul multe aspecte.\",\"breadcrumb\":{\"@id\":\"https:\\\/\\\/urbeamea.ro\\\/albaiulia\\\/care-sunt-elementele-de-care-trebuie-sa-tii-cont-atunci-cand-iti-organizezi-bucataria-iata-in-ce-ordine-trebuie-sa-le-pui-in-aplicare-pentru-a-ti-usura-munca\\\/#breadcrumb\"},\"inLanguage\":\"ro-RO\",\"potentialAction\":[{\"@type\":\"ReadAction\",\"target\":[\"https:\\\/\\\/urbeamea.ro\\\/albaiulia\\\/care-sunt-elementele-de-care-trebuie-sa-tii-cont-atunci-cand-iti-organizezi-bucataria-iata-in-ce-ordine-trebuie-sa-le-pui-in-aplicare-pentru-a-ti-usura-munca\\\/\"]}]},{\"@type\":\"ImageObject\",\"inLanguage\":\"ro-RO\",\"@id\":\"https:\\\/\\\/urbeamea.ro\\\/albaiulia\\\/care-sunt-elementele-de-care-trebuie-sa-tii-cont-atunci-cand-iti-organizezi-bucataria-iata-in-ce-ordine-trebuie-sa-le-pui-in-aplicare-pentru-a-ti-usura-munca\\\/#primaryimage\",\"url\":\"https:\\\/\\\/urbeamea.ro\\\/albaiulia\\\/wp-content\\\/uploads\\\/2022\\\/02\\\/CARESU1.jpg\",\"contentUrl\":\"https:\\\/\\\/urbeamea.ro\\\/albaiulia\\\/wp-content\\\/uploads\\\/2022\\\/02\\\/CARESU1.jpg\",\"width\":1600,\"height\":1578},{\"@type\":\"BreadcrumbList\",\"@id\":\"https:\\\/\\\/urbeamea.ro\\\/albaiulia\\\/care-sunt-elementele-de-care-trebuie-sa-tii-cont-atunci-cand-iti-organizezi-bucataria-iata-in-ce-ordine-trebuie-sa-le-pui-in-aplicare-pentru-a-ti-usura-munca\\\/#breadcrumb\",\"itemListElement\":[{\"@type\":\"ListItem\",\"position\":1,\"name\":\"Prima pagin\u0103\",\"item\":\"https:\\\/\\\/urbeamea.ro\\\/albaiulia\\\/\"},{\"@type\":\"ListItem\",\"position\":2,\"name\":\"Care sunt elementele de care trebuie s\u0103 \u021bii cont atunci c\u00e2nd \u00ee\u021bi organizezi buc\u0103t\u0103ria? \u2013 Iat\u0103 \u00een ce ordine trebuie s\u0103 le pui \u00een aplicare pentru a-\u021bi u\u0219ura munca\"}]},{\"@type\":\"WebSite\",\"@id\":\"https:\\\/\\\/urbeamea.ro\\\/albaiulia\\\/#website\",\"url\":\"https:\\\/\\\/urbeamea.ro\\\/albaiulia\\\/\",\"name\":\"Revista Urbea Mea, Stiri urbane\",\"description\":\"Evenimente \u0219i \u0219tiri din Alba Iulia, Sebe\u0219, Aiud, Blaj\",\"potentialAction\":[{\"@type\":\"SearchAction\",\"target\":{\"@type\":\"EntryPoint\",\"urlTemplate\":\"https:\\\/\\\/urbeamea.ro\\\/albaiulia\\\/?s={search_term_string}\"},\"query-input\":{\"@type\":\"PropertyValueSpecification\",\"valueRequired\":true,\"valueName\":\"search_term_string\"}}],\"inLanguage\":\"ro-RO\"},{\"@type\":\"Person\",\"@id\":\"https:\\\/\\\/urbeamea.ro\\\/albaiulia\\\/#\\\/schema\\\/person\\\/272ae98052f8ee8980f59848df070247\",\"name\":\"Redac\u021bia UrbeaMea\",\"image\":{\"@type\":\"ImageObject\",\"inLanguage\":\"ro-RO\",\"@id\":\"https:\\\/\\\/secure.gravatar.com\\\/avatar\\\/9ce5a9435071fa1037e8468053ead8e513dbbff59009d3069aadb85506d85a27?s=96&d=mm&r=g\",\"url\":\"https:\\\/\\\/secure.gravatar.com\\\/avatar\\\/9ce5a9435071fa1037e8468053ead8e513dbbff59009d3069aadb85506d85a27?s=96&d=mm&r=g\",\"contentUrl\":\"https:\\\/\\\/secure.gravatar.com\\\/avatar\\\/9ce5a9435071fa1037e8468053ead8e513dbbff59009d3069aadb85506d85a27?s=96&d=mm&r=g\",\"caption\":\"Redac\u021bia UrbeaMea\"},\"description\":\"contact@urbeamea.ro\",\"sameAs\":[\"https:\\\/\\\/www.urbeamea.ro\"],\"url\":\"https:\\\/\\\/urbeamea.ro\\\/albaiulia\\\/author\\\/redactia-urbeamea\\\/\"}]}<\/script>\n<!-- \/ Yoast SEO plugin. -->","yoast_head_json":{"title":"Care sunt elementele de care trebuie s\u0103 \u021bii cont atunci c\u00e2nd \u00ee\u021bi organizezi buc\u0103t\u0103ria? \u2013 Iat\u0103 \u00een ce ordine trebuie s\u0103 le pui \u00een aplicare pentru a-\u021bi u\u0219ura munca - Revista Urbea Mea - Revista de Alba","description":"Atunci c\u00e2nd decizi s\u0103 faci anumite modific\u0103ri \u00een ceea ce prive\u0219te estetica sau func\u021bionalitatea locuin\u021bei tale trebuie s\u0103 iei \u00een calcul multe aspecte.","robots":{"index":"index","follow":"follow","max-snippet":"max-snippet:-1","max-image-preview":"max-image-preview:large","max-video-preview":"max-video-preview:-1"},"canonical":"https:\/\/urbeamea.ro\/albaiulia\/care-sunt-elementele-de-care-trebuie-sa-tii-cont-atunci-cand-iti-organizezi-bucataria-iata-in-ce-ordine-trebuie-sa-le-pui-in-aplicare-pentru-a-ti-usura-munca\/","twitter_card":"summary_large_image","twitter_title":"Care sunt elementele de care trebuie s\u0103 \u021bii cont atunci c\u00e2nd \u00ee\u021bi organizezi buc\u0103t\u0103ria? \u2013 Iat\u0103 \u00een ce ordine trebuie s\u0103 le pui \u00een aplicare pentru a-\u021bi u\u0219ura munca - Revista Urbea Mea - Revista de Alba","twitter_description":"Atunci c\u00e2nd decizi s\u0103 faci anumite modific\u0103ri \u00een ceea ce prive\u0219te estetica sau func\u021bionalitatea locuin\u021bei tale trebuie s\u0103 iei \u00een calcul multe aspecte.","twitter_image":"https:\/\/urbeamea.ro\/albaiulia\/wp-content\/uploads\/2022\/02\/CARESU1.jpg","twitter_creator":"@urbeameaweb","twitter_site":"@urbeameaweb","schema":{"@context":"https:\/\/schema.org","@graph":[{"@type":"Article","@id":"https:\/\/urbeamea.ro\/albaiulia\/care-sunt-elementele-de-care-trebuie-sa-tii-cont-atunci-cand-iti-organizezi-bucataria-iata-in-ce-ordine-trebuie-sa-le-pui-in-aplicare-pentru-a-ti-usura-munca\/#article","isPartOf":{"@id":"https:\/\/urbeamea.ro\/albaiulia\/care-sunt-elementele-de-care-trebuie-sa-tii-cont-atunci-cand-iti-organizezi-bucataria-iata-in-ce-ordine-trebuie-sa-le-pui-in-aplicare-pentru-a-ti-usura-munca\/"},"author":{"name":"Redac\u021bia UrbeaMea","@id":"https:\/\/urbeamea.ro\/albaiulia\/#\/schema\/person\/272ae98052f8ee8980f59848df070247"},"headline":"Care sunt elementele de care trebuie s\u0103 \u021bii cont atunci c\u00e2nd \u00ee\u021bi organizezi buc\u0103t\u0103ria? \u2013 Iat\u0103 \u00een ce ordine trebuie s\u0103 le pui \u00een aplicare pentru a-\u021bi u\u0219ura munca","datePublished":"2022-02-01T09:10:45+00:00","dateModified":"2022-02-01T09:10:47+00:00","mainEntityOfPage":{"@id":"https:\/\/urbeamea.ro\/albaiulia\/care-sunt-elementele-de-care-trebuie-sa-tii-cont-atunci-cand-iti-organizezi-bucataria-iata-in-ce-ordine-trebuie-sa-le-pui-in-aplicare-pentru-a-ti-usura-munca\/"},"wordCount":636,"commentCount":0,"image":{"@id":"https:\/\/urbeamea.ro\/albaiulia\/care-sunt-elementele-de-care-trebuie-sa-tii-cont-atunci-cand-iti-organizezi-bucataria-iata-in-ce-ordine-trebuie-sa-le-pui-in-aplicare-pentru-a-ti-usura-munca\/#primaryimage"},"thumbnailUrl":"https:\/\/urbeamea.ro\/albaiulia\/wp-content\/uploads\/2022\/02\/CARESU1.jpg","keywords":["benjamin moore"],"articleSection":["Lifestyle &amp; Fashion"],"inLanguage":"ro-RO","potentialAction":[{"@type":"CommentAction","name":"Comment","target":["https:\/\/urbeamea.ro\/albaiulia\/care-sunt-elementele-de-care-trebuie-sa-tii-cont-atunci-cand-iti-organizezi-bucataria-iata-in-ce-ordine-trebuie-sa-le-pui-in-aplicare-pentru-a-ti-usura-munca\/#respond"]}]},{"@type":"WebPage","@id":"https:\/\/urbeamea.ro\/albaiulia\/care-sunt-elementele-de-care-trebuie-sa-tii-cont-atunci-cand-iti-organizezi-bucataria-iata-in-ce-ordine-trebuie-sa-le-pui-in-aplicare-pentru-a-ti-usura-munca\/","url":"https:\/\/urbeamea.ro\/albaiulia\/care-sunt-elementele-de-care-trebuie-sa-tii-cont-atunci-cand-iti-organizezi-bucataria-iata-in-ce-ordine-trebuie-sa-le-pui-in-aplicare-pentru-a-ti-usura-munca\/","name":"Care sunt elementele de care trebuie s\u0103 \u021bii cont atunci c\u00e2nd \u00ee\u021bi organizezi buc\u0103t\u0103ria? \u2013 Iat\u0103 \u00een ce ordine trebuie s\u0103 le pui \u00een aplicare pentru a-\u021bi u\u0219ura munca - Revista Urbea Mea - Revista de Alba","isPartOf":{"@id":"https:\/\/urbeamea.ro\/albaiulia\/#website"},"primaryImageOfPage":{"@id":"https:\/\/urbeamea.ro\/albaiulia\/care-sunt-elementele-de-care-trebuie-sa-tii-cont-atunci-cand-iti-organizezi-bucataria-iata-in-ce-ordine-trebuie-sa-le-pui-in-aplicare-pentru-a-ti-usura-munca\/#primaryimage"},"image":{"@id":"https:\/\/urbeamea.ro\/albaiulia\/care-sunt-elementele-de-care-trebuie-sa-tii-cont-atunci-cand-iti-organizezi-bucataria-iata-in-ce-ordine-trebuie-sa-le-pui-in-aplicare-pentru-a-ti-usura-munca\/#primaryimage"},"thumbnailUrl":"https:\/\/urbeamea.ro\/albaiulia\/wp-content\/uploads\/2022\/02\/CARESU1.jpg","datePublished":"2022-02-01T09:10:45+00:00","dateModified":"2022-02-01T09:10:47+00:00","author":{"@id":"https:\/\/urbeamea.ro\/albaiulia\/#\/schema\/person\/272ae98052f8ee8980f59848df070247"},"description":"Atunci c\u00e2nd decizi s\u0103 faci anumite modific\u0103ri \u00een ceea ce prive\u0219te estetica sau func\u021bionalitatea locuin\u021bei tale trebuie s\u0103 iei \u00een calcul multe aspecte.","breadcrumb":{"@id":"https:\/\/urbeamea.ro\/albaiulia\/care-sunt-elementele-de-care-trebuie-sa-tii-cont-atunci-cand-iti-organizezi-bucataria-iata-in-ce-ordine-trebuie-sa-le-pui-in-aplicare-pentru-a-ti-usura-munca\/#breadcrumb"},"inLanguage":"ro-RO","potentialAction":[{"@type":"ReadAction","target":["https:\/\/urbeamea.ro\/albaiulia\/care-sunt-elementele-de-care-trebuie-sa-tii-cont-atunci-cand-iti-organizezi-bucataria-iata-in-ce-ordine-trebuie-sa-le-pui-in-aplicare-pentru-a-ti-usura-munca\/"]}]},{"@type":"ImageObject","inLanguage":"ro-RO","@id":"https:\/\/urbeamea.ro\/albaiulia\/care-sunt-elementele-de-care-trebuie-sa-tii-cont-atunci-cand-iti-organizezi-bucataria-iata-in-ce-ordine-trebuie-sa-le-pui-in-aplicare-pentru-a-ti-usura-munca\/#primaryimage","url":"https:\/\/urbeamea.ro\/albaiulia\/wp-content\/uploads\/2022\/02\/CARESU1.jpg","contentUrl":"https:\/\/urbeamea.ro\/albaiulia\/wp-content\/uploads\/2022\/02\/CARESU1.jpg","width":1600,"height":1578},{"@type":"BreadcrumbList","@id":"https:\/\/urbeamea.ro\/albaiulia\/care-sunt-elementele-de-care-trebuie-sa-tii-cont-atunci-cand-iti-organizezi-bucataria-iata-in-ce-ordine-trebuie-sa-le-pui-in-aplicare-pentru-a-ti-usura-munca\/#breadcrumb","itemListElement":[{"@type":"ListItem","position":1,"name":"Prima pagin\u0103","item":"https:\/\/urbeamea.ro\/albaiulia\/"},{"@type":"ListItem","position":2,"name":"Care sunt elementele de care trebuie s\u0103 \u021bii cont atunci c\u00e2nd \u00ee\u021bi organizezi buc\u0103t\u0103ria? \u2013 Iat\u0103 \u00een ce ordine trebuie s\u0103 le pui \u00een aplicare pentru a-\u021bi u\u0219ura munca"}]},{"@type":"WebSite","@id":"https:\/\/urbeamea.ro\/albaiulia\/#website","url":"https:\/\/urbeamea.ro\/albaiulia\/","name":"Revista Urbea Mea, Stiri urbane","description":"Evenimente \u0219i \u0219tiri din Alba Iulia, Sebe\u0219, Aiud, Blaj","potentialAction":[{"@type":"SearchAction","target":{"@type":"EntryPoint","urlTemplate":"https:\/\/urbeamea.ro\/albaiulia\/?s={search_term_string}"},"query-input":{"@type":"PropertyValueSpecification","valueRequired":true,"valueName":"search_term_string"}}],"inLanguage":"ro-RO"},{"@type":"Person","@id":"https:\/\/urbeamea.ro\/albaiulia\/#\/schema\/person\/272ae98052f8ee8980f59848df070247","name":"Redac\u021bia UrbeaMea","image":{"@type":"ImageObject","inLanguage":"ro-RO","@id":"https:\/\/secure.gravatar.com\/avatar\/9ce5a9435071fa1037e8468053ead8e513dbbff59009d3069aadb85506d85a27?s=96&d=mm&r=g","url":"https:\/\/secure.gravatar.com\/avatar\/9ce5a9435071fa1037e8468053ead8e513dbbff59009d3069aadb85506d85a27?s=96&d=mm&r=g","contentUrl":"https:\/\/secure.gravatar.com\/avatar\/9ce5a9435071fa1037e8468053ead8e513dbbff59009d3069aadb85506d85a27?s=96&d=mm&r=g","caption":"Redac\u021bia UrbeaMea"},"description":"contact@urbeamea.ro","sameAs":["https:\/\/www.urbeamea.ro"],"url":"https:\/\/urbeamea.ro\/albaiulia\/author\/redactia-urbeamea\/"}]}},"_links":{"self":[{"href":"https:\/\/urbeamea.ro\/albaiulia\/wp-json\/wp\/v2\/posts\/100044","targetHints":{"allow":["GET"]}}],"collection":[{"href":"https:\/\/urbeamea.ro\/albaiulia\/wp-json\/wp\/v2\/posts"}],"about":[{"href":"https:\/\/urbeamea.ro\/albaiulia\/wp-json\/wp\/v2\/types\/post"}],"author":[{"embeddable":true,"href":"https:\/\/urbeamea.ro\/albaiulia\/wp-json\/wp\/v2\/users\/16"}],"replies":[{"embeddable":true,"href":"https:\/\/urbeamea.ro\/albaiulia\/wp-json\/wp\/v2\/comments?post=100044"}],"version-history":[{"count":1,"href":"https:\/\/urbeamea.ro\/albaiulia\/wp-json\/wp\/v2\/posts\/100044\/revisions"}],"predecessor-version":[{"id":100046,"href":"https:\/\/urbeamea.ro\/albaiulia\/wp-json\/wp\/v2\/posts\/100044\/revisions\/100046"}],"wp:featuredmedia":[{"embeddable":true,"href":"https:\/\/urbeamea.ro\/albaiulia\/wp-json\/wp\/v2\/media\/100045"}],"wp:attachment":[{"href":"https:\/\/urbeamea.ro\/albaiulia\/wp-json\/wp\/v2\/media?parent=100044"}],"wp:term":[{"taxonomy":"category","embeddable":true,"href":"https:\/\/urbeamea.ro\/albaiulia\/wp-json\/wp\/v2\/categories?post=100044"},{"taxonomy":"post_tag","embeddable":true,"href":"https:\/\/urbeamea.ro\/albaiulia\/wp-json\/wp\/v2\/tags?post=100044"}],"curies":[{"name":"wp","href":"https:\/\/api.w.org\/{rel}","templated":true}]}}