{"id":100047,"date":"2022-02-01T12:13:02","date_gmt":"2022-02-01T10:13:02","guid":{"rendered":"https:\/\/urbeamea.ro\/albaiulia\/?p=100047"},"modified":"2022-02-01T12:13:03","modified_gmt":"2022-02-01T10:13:03","slug":"grupuri-de-suport-pentru-cadrele-didactice-angajate-in-cadrul-proiectului-prin-educatie-spre-vocatie","status":"publish","type":"post","link":"https:\/\/urbeamea.ro\/albaiulia\/grupuri-de-suport-pentru-cadrele-didactice-angajate-in-cadrul-proiectului-prin-educatie-spre-vocatie\/","title":{"rendered":"Grupuri de suport pentru cadrele didactice angajate \u00een cadrul proiectului \u201ePrin educa\u021bie spre voca\u021bie!\u201d"},"content":{"rendered":"\n<h3 class=\"wp-block-heading\" id=\"in-perioada-decembrie-2021-ianuarie-2022-asocia\u021bia-filantropia-ortodoxa-alba-iulia-in-calitate-de-partener-principal-in-proiectul-prin-educa\u021bie-spre-voca\u021bie-a-desfa\u0219urat-primele-intalniri-de-tip-grup-de-suport-la-care-au-participat-32-de-profesori-angaja\u021bi-in-cadrul-proiectului-prin-educa\u021bie-spre-voca\u021bie\">\u00cen perioada decembrie 2021 \u2013 ianuarie 2022 Asocia\u021bia Filantropia Ortodox\u0103 Alba Iulia, \u00een calitate de partener principal \u00een proiectul <em>Prin educa\u021bie spre voca\u021bie<\/em>!, a desf\u0103\u0219urat primele \u00eent\u00e2lniri de tip <em>grup de suport, <\/em>la care au participat 32 de profesori angaja\u021bi \u00een cadrul proiectului <em>Prin educa\u021bie spre voca\u021bie!<\/em><\/h3>\n\n\n\n<p>Cadrele didactice activeaz\u0103 \u00een \u0219colile: \u201eMihai Eminescu\u201d Ighiu cu structurile \u0218ard \u0219i \u021aelna, \u201eIoan de Hunedoara\u201d S\u00e2ntimbru Sat \u0219i S\u00e2ntimbru Fabric\u0103, Liceul cu Program Sportiv \u201eFlorin Fle\u0219eriu\u201d Sebe\u0219, \u201eSingidava\u201d Cugir, \u00a0\u201eDemetriu Radu\u201d R\u0103de\u0219ti, \u0218coala Gimnazial\u0103 Berghin, \u0218coala cu clasele I-VIII Mirasl\u0103u, \u201eAxente Sever\u201d Aiud.<\/p>\n\n\n\n<p>La fel ca \u0219i \u00een alte profesii, cadrele didactice din \u00eentreaga lume au considerat c\u0103 <em>Principiul grupului de sprijin &#8211; de la egal la egal<\/em> este o modalitate foarte bun\u0103 de a face fa\u021b\u0103 schimb\u0103rilor, problemelor \u0219i \u00eentreb\u0103rilor dintr-o profesie dificil\u0103. Astfel, acest principiu a fost aplicat \u0219i \u00een cadrul proiectului pe care \u00eel desf\u0103\u0219ur\u0103m, pentru a sprijini profesorii \u00een dezvoltarea \u0219i men\u021binerea standardelor profesionale \u0219i \u00een coagularea echipei.<\/p>\n\n\n\n<p>Membrii grupului de suport se reunesc ca egali, se \u00eent\u00e2lnesc \u00een mod regulat \u0219i \u00eentr-o perioad\u0103 de timp convenit\u0103 \u2013 pe parcursul a cinci luni, \u00een cazul proiectului <em>Prin educa\u021bie spre voca\u021bie! \u2013 <\/em>\u0219i \u00eemp\u0103rt\u0103\u0219esc unii cu ceilal\u021bi preocup\u0103ri \u0219i dificult\u0103\u021bi profesionale. Fiecare \u00eent\u00e2lnire de grup are un coordonator, cu rolul de a pune \u00eentreb\u0103ri, pentru a ajuta la clarificarea problemei care se ridic\u0103 \u00een cadrul grupului. Coordonatorul are responsabilitatea de a crea o atmosfer\u0103 de lucru \u00een care nimeni s\u0103 nu se simt\u0103 judecat \u0219i \u00een care opiniile tuturor sunt auzite \u0219i luate \u00een considerare \u00een mod egal.<\/p>\n\n\n\n<p>Profesorii participan\u021bii au considerat c\u0103, \u00eemp\u0103rt\u0103\u0219ind cu colegii lor dificult\u0103\u021bile cu care se confrunt\u0103 \u0219i c\u0103ut\u00e2nd \u00een mod activ solu\u021bii \u00een cadrul grupului de profesioni\u0219ti, multe dintre probleme pot fi dep\u0103\u0219ite cu succes.<\/p>\n\n\n\n<p>Proiectul \u201eEduca\u021bie spre voca\u021bie\u201d este implementat de Asocia\u021bia \u201eFilantropia Ortodox\u0103 Alba Iullia\u201d \u00een parteneriat cu <strong>&nbsp;Funda\u021bia HEKS\/EPER Rom\u00e2nia, Funda\u021bia FAER Reghin \u0219i NEWschool Norvegia<\/strong>, \u00een cadrul unei finan\u021b\u0103ri prin Granturile Norvegiene \u00een cadrul Programului Dezvoltare local\u0103. Obiectivul proiectului este Cre\u0219terea gradului de incluziune social\u0103 \u0219i men\u021binerea \u00een sistemul de educa\u0163ie a 645 de elevi \u00een situa\u021bii de risc din regiunile Centru si Nord\u2013Vest prin crearea de activit\u0103\u021bi de tipul \u201e\u0218coal\u0103 dup\u0103 \u0219coal\u0103\u201d. Operator de program fiind Fondul Rom\u00e2n de Dezvoltare Social\u0103. Perioada de implementare a proiectului este de 24 de luni \u0219i are o valoare total\u0103 de 524.499 lei din care 708.073 este contribu\u021bie privat\u0103.<\/p>\n","protected":false},"excerpt":{"rendered":"<p>\u00cen perioada decembrie 2021 \u2013 ianuarie 2022 Asocia\u021bia Filantropia Ortodox\u0103 Alba Iulia, \u00een calitate de partener principal \u00een proiectul Prin educa\u021bie spre voca\u021bie!, a desf\u0103\u0219urat primele \u00eent\u00e2lniri de tip grup de suport, la care au participat 32 de profesori angaja\u021bi \u00een cadrul proiectului Prin educa\u021bie spre voca\u021bie! Cadrele didactice activeaz\u0103 \u00een \u0219colile: \u201eMihai Eminescu\u201d Ighiu &hellip;<\/p>\n","protected":false},"author":16,"featured_media":100048,"comment_status":"open","ping_status":"open","sticky":false,"template":"","format":"standard","meta":{"inline_featured_image":false,"footnotes":""},"categories":[2039],"tags":[11252,23988],"class_list":["post-100047","post","type-post","status-publish","format-standard","has-post-thumbnail","hentry","category-educatie","tag-asociatia-filantropia-ortodoxa-alba","tag-proiectul-prin-educatie-spre-vocatie-2"],"yoast_head":"<!-- This site is optimized with the Yoast SEO plugin v27.4 - https:\/\/yoast.com\/product\/yoast-seo-wordpress\/ -->\n<title>Grupuri de suport pentru cadrele didactice angajate \u00een cadrul proiectului \u201ePrin educa\u021bie spre voca\u021bie!\u201d - Revista Urbea Mea - Revista de Alba<\/title>\n<meta name=\"description\" content=\"\u00cen perioada decembrie 2021 \u2013 ianuarie 2022 Asocia\u021bia Filantropia Ortodox\u0103 Alba Iulia, \u00een calitate de partener principal \u00een proiectul Prin educa\u021bie spre\" \/>\n<meta name=\"robots\" content=\"index, follow, max-snippet:-1, max-image-preview:large, max-video-preview:-1\" \/>\n<link rel=\"canonical\" href=\"https:\/\/urbeamea.ro\/albaiulia\/grupuri-de-suport-pentru-cadrele-didactice-angajate-in-cadrul-proiectului-prin-educatie-spre-vocatie\/\" \/>\n<meta name=\"twitter:card\" content=\"summary_large_image\" \/>\n<meta name=\"twitter:title\" content=\"Grupuri de suport pentru cadrele didactice angajate \u00een cadrul proiectului \u201ePrin educa\u021bie spre voca\u021bie!\u201d - Revista Urbea Mea - Revista de Alba\" \/>\n<meta name=\"twitter:description\" content=\"\u00cen perioada decembrie 2021 \u2013 ianuarie 2022 Asocia\u021bia Filantropia Ortodox\u0103 Alba Iulia, \u00een calitate de partener principal \u00een proiectul Prin educa\u021bie spre\" \/>\n<meta name=\"twitter:image\" content=\"https:\/\/urbeamea.ro\/albaiulia\/wp-content\/uploads\/2022\/02\/the-climate-reality-project-Hb6uWq0i4MI-unsplash.jpg\" \/>\n<meta name=\"twitter:creator\" content=\"@urbeameaweb\" \/>\n<meta name=\"twitter:site\" content=\"@urbeameaweb\" \/>\n<script type=\"application\/ld+json\" class=\"yoast-schema-graph\">{\"@context\":\"https:\\\/\\\/schema.org\",\"@graph\":[{\"@type\":\"Article\",\"@id\":\"https:\\\/\\\/urbeamea.ro\\\/albaiulia\\\/grupuri-de-suport-pentru-cadrele-didactice-angajate-in-cadrul-proiectului-prin-educatie-spre-vocatie\\\/#article\",\"isPartOf\":{\"@id\":\"https:\\\/\\\/urbeamea.ro\\\/albaiulia\\\/grupuri-de-suport-pentru-cadrele-didactice-angajate-in-cadrul-proiectului-prin-educatie-spre-vocatie\\\/\"},\"author\":{\"name\":\"Redac\u021bia UrbeaMea\",\"@id\":\"https:\\\/\\\/urbeamea.ro\\\/albaiulia\\\/#\\\/schema\\\/person\\\/272ae98052f8ee8980f59848df070247\"},\"headline\":\"Grupuri de suport pentru cadrele didactice angajate \u00een cadrul proiectului \u201ePrin educa\u021bie spre voca\u021bie!\u201d\",\"datePublished\":\"2022-02-01T10:13:02+00:00\",\"dateModified\":\"2022-02-01T10:13:03+00:00\",\"mainEntityOfPage\":{\"@id\":\"https:\\\/\\\/urbeamea.ro\\\/albaiulia\\\/grupuri-de-suport-pentru-cadrele-didactice-angajate-in-cadrul-proiectului-prin-educatie-spre-vocatie\\\/\"},\"wordCount\":458,\"commentCount\":0,\"image\":{\"@id\":\"https:\\\/\\\/urbeamea.ro\\\/albaiulia\\\/grupuri-de-suport-pentru-cadrele-didactice-angajate-in-cadrul-proiectului-prin-educatie-spre-vocatie\\\/#primaryimage\"},\"thumbnailUrl\":\"https:\\\/\\\/urbeamea.ro\\\/albaiulia\\\/wp-content\\\/uploads\\\/2022\\\/02\\\/the-climate-reality-project-Hb6uWq0i4MI-unsplash.jpg\",\"keywords\":[\"asociatia filantropia ortodoxa alba\",\"proiectul &quot;prin educatie spre vocatie&quot;\"],\"articleSection\":[\"Educa\u021bie\"],\"inLanguage\":\"ro-RO\",\"potentialAction\":[{\"@type\":\"CommentAction\",\"name\":\"Comment\",\"target\":[\"https:\\\/\\\/urbeamea.ro\\\/albaiulia\\\/grupuri-de-suport-pentru-cadrele-didactice-angajate-in-cadrul-proiectului-prin-educatie-spre-vocatie\\\/#respond\"]}]},{\"@type\":\"WebPage\",\"@id\":\"https:\\\/\\\/urbeamea.ro\\\/albaiulia\\\/grupuri-de-suport-pentru-cadrele-didactice-angajate-in-cadrul-proiectului-prin-educatie-spre-vocatie\\\/\",\"url\":\"https:\\\/\\\/urbeamea.ro\\\/albaiulia\\\/grupuri-de-suport-pentru-cadrele-didactice-angajate-in-cadrul-proiectului-prin-educatie-spre-vocatie\\\/\",\"name\":\"Grupuri de suport pentru cadrele didactice angajate \u00een cadrul proiectului \u201ePrin educa\u021bie spre voca\u021bie!\u201d - Revista Urbea Mea - Revista de Alba\",\"isPartOf\":{\"@id\":\"https:\\\/\\\/urbeamea.ro\\\/albaiulia\\\/#website\"},\"primaryImageOfPage\":{\"@id\":\"https:\\\/\\\/urbeamea.ro\\\/albaiulia\\\/grupuri-de-suport-pentru-cadrele-didactice-angajate-in-cadrul-proiectului-prin-educatie-spre-vocatie\\\/#primaryimage\"},\"image\":{\"@id\":\"https:\\\/\\\/urbeamea.ro\\\/albaiulia\\\/grupuri-de-suport-pentru-cadrele-didactice-angajate-in-cadrul-proiectului-prin-educatie-spre-vocatie\\\/#primaryimage\"},\"thumbnailUrl\":\"https:\\\/\\\/urbeamea.ro\\\/albaiulia\\\/wp-content\\\/uploads\\\/2022\\\/02\\\/the-climate-reality-project-Hb6uWq0i4MI-unsplash.jpg\",\"datePublished\":\"2022-02-01T10:13:02+00:00\",\"dateModified\":\"2022-02-01T10:13:03+00:00\",\"author\":{\"@id\":\"https:\\\/\\\/urbeamea.ro\\\/albaiulia\\\/#\\\/schema\\\/person\\\/272ae98052f8ee8980f59848df070247\"},\"description\":\"\u00cen perioada decembrie 2021 \u2013 ianuarie 2022 Asocia\u021bia Filantropia Ortodox\u0103 Alba Iulia, \u00een calitate de partener principal \u00een proiectul Prin educa\u021bie spre\",\"breadcrumb\":{\"@id\":\"https:\\\/\\\/urbeamea.ro\\\/albaiulia\\\/grupuri-de-suport-pentru-cadrele-didactice-angajate-in-cadrul-proiectului-prin-educatie-spre-vocatie\\\/#breadcrumb\"},\"inLanguage\":\"ro-RO\",\"potentialAction\":[{\"@type\":\"ReadAction\",\"target\":[\"https:\\\/\\\/urbeamea.ro\\\/albaiulia\\\/grupuri-de-suport-pentru-cadrele-didactice-angajate-in-cadrul-proiectului-prin-educatie-spre-vocatie\\\/\"]}]},{\"@type\":\"ImageObject\",\"inLanguage\":\"ro-RO\",\"@id\":\"https:\\\/\\\/urbeamea.ro\\\/albaiulia\\\/grupuri-de-suport-pentru-cadrele-didactice-angajate-in-cadrul-proiectului-prin-educatie-spre-vocatie\\\/#primaryimage\",\"url\":\"https:\\\/\\\/urbeamea.ro\\\/albaiulia\\\/wp-content\\\/uploads\\\/2022\\\/02\\\/the-climate-reality-project-Hb6uWq0i4MI-unsplash.jpg\",\"contentUrl\":\"https:\\\/\\\/urbeamea.ro\\\/albaiulia\\\/wp-content\\\/uploads\\\/2022\\\/02\\\/the-climate-reality-project-Hb6uWq0i4MI-unsplash.jpg\",\"width\":1600,\"height\":1067},{\"@type\":\"BreadcrumbList\",\"@id\":\"https:\\\/\\\/urbeamea.ro\\\/albaiulia\\\/grupuri-de-suport-pentru-cadrele-didactice-angajate-in-cadrul-proiectului-prin-educatie-spre-vocatie\\\/#breadcrumb\",\"itemListElement\":[{\"@type\":\"ListItem\",\"position\":1,\"name\":\"Prima pagin\u0103\",\"item\":\"https:\\\/\\\/urbeamea.ro\\\/albaiulia\\\/\"},{\"@type\":\"ListItem\",\"position\":2,\"name\":\"Grupuri de suport pentru cadrele didactice angajate \u00een cadrul proiectului \u201ePrin educa\u021bie spre voca\u021bie!\u201d\"}]},{\"@type\":\"WebSite\",\"@id\":\"https:\\\/\\\/urbeamea.ro\\\/albaiulia\\\/#website\",\"url\":\"https:\\\/\\\/urbeamea.ro\\\/albaiulia\\\/\",\"name\":\"Revista Urbea Mea, Stiri urbane\",\"description\":\"Evenimente \u0219i \u0219tiri din Alba Iulia, Sebe\u0219, Aiud, Blaj\",\"potentialAction\":[{\"@type\":\"SearchAction\",\"target\":{\"@type\":\"EntryPoint\",\"urlTemplate\":\"https:\\\/\\\/urbeamea.ro\\\/albaiulia\\\/?s={search_term_string}\"},\"query-input\":{\"@type\":\"PropertyValueSpecification\",\"valueRequired\":true,\"valueName\":\"search_term_string\"}}],\"inLanguage\":\"ro-RO\"},{\"@type\":\"Person\",\"@id\":\"https:\\\/\\\/urbeamea.ro\\\/albaiulia\\\/#\\\/schema\\\/person\\\/272ae98052f8ee8980f59848df070247\",\"name\":\"Redac\u021bia UrbeaMea\",\"image\":{\"@type\":\"ImageObject\",\"inLanguage\":\"ro-RO\",\"@id\":\"https:\\\/\\\/secure.gravatar.com\\\/avatar\\\/9ce5a9435071fa1037e8468053ead8e513dbbff59009d3069aadb85506d85a27?s=96&d=mm&r=g\",\"url\":\"https:\\\/\\\/secure.gravatar.com\\\/avatar\\\/9ce5a9435071fa1037e8468053ead8e513dbbff59009d3069aadb85506d85a27?s=96&d=mm&r=g\",\"contentUrl\":\"https:\\\/\\\/secure.gravatar.com\\\/avatar\\\/9ce5a9435071fa1037e8468053ead8e513dbbff59009d3069aadb85506d85a27?s=96&d=mm&r=g\",\"caption\":\"Redac\u021bia UrbeaMea\"},\"description\":\"contact@urbeamea.ro\",\"sameAs\":[\"https:\\\/\\\/www.urbeamea.ro\"],\"url\":\"https:\\\/\\\/urbeamea.ro\\\/albaiulia\\\/author\\\/redactia-urbeamea\\\/\"}]}<\/script>\n<!-- \/ Yoast SEO plugin. -->","yoast_head_json":{"title":"Grupuri de suport pentru cadrele didactice angajate \u00een cadrul proiectului \u201ePrin educa\u021bie spre voca\u021bie!\u201d - Revista Urbea Mea - Revista de Alba","description":"\u00cen perioada decembrie 2021 \u2013 ianuarie 2022 Asocia\u021bia Filantropia Ortodox\u0103 Alba Iulia, \u00een calitate de partener principal \u00een proiectul Prin educa\u021bie spre","robots":{"index":"index","follow":"follow","max-snippet":"max-snippet:-1","max-image-preview":"max-image-preview:large","max-video-preview":"max-video-preview:-1"},"canonical":"https:\/\/urbeamea.ro\/albaiulia\/grupuri-de-suport-pentru-cadrele-didactice-angajate-in-cadrul-proiectului-prin-educatie-spre-vocatie\/","twitter_card":"summary_large_image","twitter_title":"Grupuri de suport pentru cadrele didactice angajate \u00een cadrul proiectului \u201ePrin educa\u021bie spre voca\u021bie!\u201d - Revista Urbea Mea - Revista de Alba","twitter_description":"\u00cen perioada decembrie 2021 \u2013 ianuarie 2022 Asocia\u021bia Filantropia Ortodox\u0103 Alba Iulia, \u00een calitate de partener principal \u00een proiectul Prin educa\u021bie spre","twitter_image":"https:\/\/urbeamea.ro\/albaiulia\/wp-content\/uploads\/2022\/02\/the-climate-reality-project-Hb6uWq0i4MI-unsplash.jpg","twitter_creator":"@urbeameaweb","twitter_site":"@urbeameaweb","schema":{"@context":"https:\/\/schema.org","@graph":[{"@type":"Article","@id":"https:\/\/urbeamea.ro\/albaiulia\/grupuri-de-suport-pentru-cadrele-didactice-angajate-in-cadrul-proiectului-prin-educatie-spre-vocatie\/#article","isPartOf":{"@id":"https:\/\/urbeamea.ro\/albaiulia\/grupuri-de-suport-pentru-cadrele-didactice-angajate-in-cadrul-proiectului-prin-educatie-spre-vocatie\/"},"author":{"name":"Redac\u021bia UrbeaMea","@id":"https:\/\/urbeamea.ro\/albaiulia\/#\/schema\/person\/272ae98052f8ee8980f59848df070247"},"headline":"Grupuri de suport pentru cadrele didactice angajate \u00een cadrul proiectului \u201ePrin educa\u021bie spre voca\u021bie!\u201d","datePublished":"2022-02-01T10:13:02+00:00","dateModified":"2022-02-01T10:13:03+00:00","mainEntityOfPage":{"@id":"https:\/\/urbeamea.ro\/albaiulia\/grupuri-de-suport-pentru-cadrele-didactice-angajate-in-cadrul-proiectului-prin-educatie-spre-vocatie\/"},"wordCount":458,"commentCount":0,"image":{"@id":"https:\/\/urbeamea.ro\/albaiulia\/grupuri-de-suport-pentru-cadrele-didactice-angajate-in-cadrul-proiectului-prin-educatie-spre-vocatie\/#primaryimage"},"thumbnailUrl":"https:\/\/urbeamea.ro\/albaiulia\/wp-content\/uploads\/2022\/02\/the-climate-reality-project-Hb6uWq0i4MI-unsplash.jpg","keywords":["asociatia filantropia ortodoxa alba","proiectul &quot;prin educatie spre vocatie&quot;"],"articleSection":["Educa\u021bie"],"inLanguage":"ro-RO","potentialAction":[{"@type":"CommentAction","name":"Comment","target":["https:\/\/urbeamea.ro\/albaiulia\/grupuri-de-suport-pentru-cadrele-didactice-angajate-in-cadrul-proiectului-prin-educatie-spre-vocatie\/#respond"]}]},{"@type":"WebPage","@id":"https:\/\/urbeamea.ro\/albaiulia\/grupuri-de-suport-pentru-cadrele-didactice-angajate-in-cadrul-proiectului-prin-educatie-spre-vocatie\/","url":"https:\/\/urbeamea.ro\/albaiulia\/grupuri-de-suport-pentru-cadrele-didactice-angajate-in-cadrul-proiectului-prin-educatie-spre-vocatie\/","name":"Grupuri de suport pentru cadrele didactice angajate \u00een cadrul proiectului \u201ePrin educa\u021bie spre voca\u021bie!\u201d - Revista Urbea Mea - Revista de Alba","isPartOf":{"@id":"https:\/\/urbeamea.ro\/albaiulia\/#website"},"primaryImageOfPage":{"@id":"https:\/\/urbeamea.ro\/albaiulia\/grupuri-de-suport-pentru-cadrele-didactice-angajate-in-cadrul-proiectului-prin-educatie-spre-vocatie\/#primaryimage"},"image":{"@id":"https:\/\/urbeamea.ro\/albaiulia\/grupuri-de-suport-pentru-cadrele-didactice-angajate-in-cadrul-proiectului-prin-educatie-spre-vocatie\/#primaryimage"},"thumbnailUrl":"https:\/\/urbeamea.ro\/albaiulia\/wp-content\/uploads\/2022\/02\/the-climate-reality-project-Hb6uWq0i4MI-unsplash.jpg","datePublished":"2022-02-01T10:13:02+00:00","dateModified":"2022-02-01T10:13:03+00:00","author":{"@id":"https:\/\/urbeamea.ro\/albaiulia\/#\/schema\/person\/272ae98052f8ee8980f59848df070247"},"description":"\u00cen perioada decembrie 2021 \u2013 ianuarie 2022 Asocia\u021bia Filantropia Ortodox\u0103 Alba Iulia, \u00een calitate de partener principal \u00een proiectul Prin educa\u021bie spre","breadcrumb":{"@id":"https:\/\/urbeamea.ro\/albaiulia\/grupuri-de-suport-pentru-cadrele-didactice-angajate-in-cadrul-proiectului-prin-educatie-spre-vocatie\/#breadcrumb"},"inLanguage":"ro-RO","potentialAction":[{"@type":"ReadAction","target":["https:\/\/urbeamea.ro\/albaiulia\/grupuri-de-suport-pentru-cadrele-didactice-angajate-in-cadrul-proiectului-prin-educatie-spre-vocatie\/"]}]},{"@type":"ImageObject","inLanguage":"ro-RO","@id":"https:\/\/urbeamea.ro\/albaiulia\/grupuri-de-suport-pentru-cadrele-didactice-angajate-in-cadrul-proiectului-prin-educatie-spre-vocatie\/#primaryimage","url":"https:\/\/urbeamea.ro\/albaiulia\/wp-content\/uploads\/2022\/02\/the-climate-reality-project-Hb6uWq0i4MI-unsplash.jpg","contentUrl":"https:\/\/urbeamea.ro\/albaiulia\/wp-content\/uploads\/2022\/02\/the-climate-reality-project-Hb6uWq0i4MI-unsplash.jpg","width":1600,"height":1067},{"@type":"BreadcrumbList","@id":"https:\/\/urbeamea.ro\/albaiulia\/grupuri-de-suport-pentru-cadrele-didactice-angajate-in-cadrul-proiectului-prin-educatie-spre-vocatie\/#breadcrumb","itemListElement":[{"@type":"ListItem","position":1,"name":"Prima pagin\u0103","item":"https:\/\/urbeamea.ro\/albaiulia\/"},{"@type":"ListItem","position":2,"name":"Grupuri de suport pentru cadrele didactice angajate \u00een cadrul proiectului \u201ePrin educa\u021bie spre voca\u021bie!\u201d"}]},{"@type":"WebSite","@id":"https:\/\/urbeamea.ro\/albaiulia\/#website","url":"https:\/\/urbeamea.ro\/albaiulia\/","name":"Revista Urbea Mea, Stiri urbane","description":"Evenimente \u0219i \u0219tiri din Alba Iulia, Sebe\u0219, Aiud, Blaj","potentialAction":[{"@type":"SearchAction","target":{"@type":"EntryPoint","urlTemplate":"https:\/\/urbeamea.ro\/albaiulia\/?s={search_term_string}"},"query-input":{"@type":"PropertyValueSpecification","valueRequired":true,"valueName":"search_term_string"}}],"inLanguage":"ro-RO"},{"@type":"Person","@id":"https:\/\/urbeamea.ro\/albaiulia\/#\/schema\/person\/272ae98052f8ee8980f59848df070247","name":"Redac\u021bia UrbeaMea","image":{"@type":"ImageObject","inLanguage":"ro-RO","@id":"https:\/\/secure.gravatar.com\/avatar\/9ce5a9435071fa1037e8468053ead8e513dbbff59009d3069aadb85506d85a27?s=96&d=mm&r=g","url":"https:\/\/secure.gravatar.com\/avatar\/9ce5a9435071fa1037e8468053ead8e513dbbff59009d3069aadb85506d85a27?s=96&d=mm&r=g","contentUrl":"https:\/\/secure.gravatar.com\/avatar\/9ce5a9435071fa1037e8468053ead8e513dbbff59009d3069aadb85506d85a27?s=96&d=mm&r=g","caption":"Redac\u021bia UrbeaMea"},"description":"contact@urbeamea.ro","sameAs":["https:\/\/www.urbeamea.ro"],"url":"https:\/\/urbeamea.ro\/albaiulia\/author\/redactia-urbeamea\/"}]}},"_links":{"self":[{"href":"https:\/\/urbeamea.ro\/albaiulia\/wp-json\/wp\/v2\/posts\/100047","targetHints":{"allow":["GET"]}}],"collection":[{"href":"https:\/\/urbeamea.ro\/albaiulia\/wp-json\/wp\/v2\/posts"}],"about":[{"href":"https:\/\/urbeamea.ro\/albaiulia\/wp-json\/wp\/v2\/types\/post"}],"author":[{"embeddable":true,"href":"https:\/\/urbeamea.ro\/albaiulia\/wp-json\/wp\/v2\/users\/16"}],"replies":[{"embeddable":true,"href":"https:\/\/urbeamea.ro\/albaiulia\/wp-json\/wp\/v2\/comments?post=100047"}],"version-history":[{"count":1,"href":"https:\/\/urbeamea.ro\/albaiulia\/wp-json\/wp\/v2\/posts\/100047\/revisions"}],"predecessor-version":[{"id":100049,"href":"https:\/\/urbeamea.ro\/albaiulia\/wp-json\/wp\/v2\/posts\/100047\/revisions\/100049"}],"wp:featuredmedia":[{"embeddable":true,"href":"https:\/\/urbeamea.ro\/albaiulia\/wp-json\/wp\/v2\/media\/100048"}],"wp:attachment":[{"href":"https:\/\/urbeamea.ro\/albaiulia\/wp-json\/wp\/v2\/media?parent=100047"}],"wp:term":[{"taxonomy":"category","embeddable":true,"href":"https:\/\/urbeamea.ro\/albaiulia\/wp-json\/wp\/v2\/categories?post=100047"},{"taxonomy":"post_tag","embeddable":true,"href":"https:\/\/urbeamea.ro\/albaiulia\/wp-json\/wp\/v2\/tags?post=100047"}],"curies":[{"name":"wp","href":"https:\/\/api.w.org\/{rel}","templated":true}]}}