{"id":100242,"date":"2022-02-10T12:22:36","date_gmt":"2022-02-10T10:22:36","guid":{"rendered":"https:\/\/urbeamea.ro\/albaiulia\/?p=100242"},"modified":"2022-02-10T12:26:24","modified_gmt":"2022-02-10T10:26:24","slug":"un-centru-nou-de-testare-antigenica-gratuita-a-populatiei-municipiului-la-sebes","status":"publish","type":"post","link":"https:\/\/urbeamea.ro\/albaiulia\/un-centru-nou-de-testare-antigenica-gratuita-a-populatiei-municipiului-la-sebes\/","title":{"rendered":"Un centru de testare antigenic\u0103 gratuit\u0103 a popula\u021biei municipiului, la Sebe\u0219"},"content":{"rendered":"\n<h3 class=\"wp-block-heading\" id=\"incepand-cu-data-de-10-februarie-2022-oferim-popula\u021biei-municipiului-sebe\u0219-serviciile-unui-centru-de-testare-gratuita-anti-covid-situat-pe-bulevardul-lucian-blaga-nr-45-a-la-sediul-centrului-de-zi-pentru-copii-\u0219i-adul\u021bi-cu-dizabilita\u021bi-sebe\u0219\">\u00cencep\u00e2nd cu data de 10 februarie 2022, oferim popula\u021biei Municipiului Sebe\u0219 serviciile unui\u00a0<strong>centru de testare gratuit\u0103 anti-covid,<\/strong> situat pe bulevardul Lucian Blaga nr. 45 A, la sediul Centrului de Zi pentru Copii \u0219i Adul\u021bi cu Dizabilit\u0103\u021bi Sebe\u0219<\/h3>\n\n\n\n<p>Programul centrului de testare este<strong>:<\/strong><\/p>\n\n\n\n<p>&#8211;&nbsp;&nbsp;&nbsp;&nbsp;&nbsp;&nbsp;&nbsp;&nbsp;&nbsp;&nbsp;<strong>luni-vineri,<\/strong>&nbsp;\u00een intervalul orar&nbsp;<strong>08.00-16.00<\/strong>;<\/p>\n\n\n\n<p>&#8211;&nbsp;&nbsp;&nbsp;&nbsp;&nbsp;&nbsp;&nbsp;&nbsp;&nbsp;&nbsp;<strong>s\u00e2mb\u0103t\u0103 \u0219i duminic\u0103,&nbsp;<\/strong>\u00een intervalul&nbsp; orar<strong>&nbsp;08.00-12.00.<\/strong><\/p>\n\n\n\n<p>Pot fi testate gratuit at\u00e2tpersoanele simptomatice, c\u00e2t \u0219i cele asimptomatice.<\/p>\n\n\n\n<p>Testarea antigenic\u0103 gratuit\u0103 a popula\u021biei Municipiului Sebe\u0219 este o m\u0103sur\u0103 de limitare a r\u0103sp\u00e2ndirii virusului SARS-COV-2, prin confirmarea prompt\u0103 a cazului suspect, supravegherea epidemiologic\u0103 a contac\u021bilor, implementarea m\u0103surilor de prevenire \u0219i control al infec\u021biei.<\/p>\n\n\n\n<p>Testarea gratuit\u0103 se va efectu\u0103 de personal medical specializat, iar rezultatele testelor antigenice vor fi transmise &nbsp;Direc\u021biei de S\u0103n\u0103tate Public\u0103 Alba.<\/p>\n\n\n\n<p>V\u0103 \u00eencuraj\u0103m s\u0103 respecta\u021bi m\u0103surile sanitare impuse \u0219i s\u0103 v\u0103 proteja\u021bi.<\/p>\n\n\n\n<p>S\u0103n\u0103tatea Dumneavoastr\u0103 este important\u0103!<\/p>\n","protected":false},"excerpt":{"rendered":"<p>\u00cencep\u00e2nd cu data de 10 februarie 2022, oferim popula\u021biei Municipiului Sebe\u0219 serviciile unui\u00a0centru de testare gratuit\u0103 anti-covid, situat pe bulevardul Lucian Blaga nr. 45 A, la sediul Centrului de Zi pentru Copii \u0219i Adul\u021bi cu Dizabilit\u0103\u021bi Sebe\u0219 Programul centrului de testare este: &#8211;&nbsp;&nbsp;&nbsp;&nbsp;&nbsp;&nbsp;&nbsp;&nbsp;&nbsp;&nbsp;luni-vineri,&nbsp;\u00een intervalul orar&nbsp;08.00-16.00; &#8211;&nbsp;&nbsp;&nbsp;&nbsp;&nbsp;&nbsp;&nbsp;&nbsp;&nbsp;&nbsp;s\u00e2mb\u0103t\u0103 \u0219i duminic\u0103,&nbsp;\u00een intervalul&nbsp; orar&nbsp;08.00-12.00. Pot fi testate gratuit at\u00e2tpersoanele &hellip;<\/p>\n","protected":false},"author":16,"featured_media":100244,"comment_status":"open","ping_status":"open","sticky":false,"template":"","format":"standard","meta":{"inline_featured_image":false,"footnotes":""},"categories":[255],"tags":[17300,24009],"class_list":["post-100242","post","type-post","status-publish","format-standard","has-post-thumbnail","hentry","category-sanatate","tag-municipiul-sebes","tag-testare-antigen-gratuita"],"yoast_head":"<!-- This site is optimized with the Yoast SEO plugin v27.4 - https:\/\/yoast.com\/product\/yoast-seo-wordpress\/ -->\n<title>Un centru de testare antigenic\u0103 gratuit\u0103 a popula\u021biei municipiului, la Sebe\u0219 - Revista Urbea Mea - Revista de Alba<\/title>\n<meta name=\"description\" content=\"\u00cencep\u00e2nd cu data de 10 februarie 2022, oferim popula\u021biei Municipiului Sebe\u0219 serviciile unui\u00a0centru de testare gratuit\u0103 anti-covid, situat pe bulevardul\" \/>\n<meta name=\"robots\" content=\"index, follow, max-snippet:-1, max-image-preview:large, max-video-preview:-1\" \/>\n<link rel=\"canonical\" href=\"https:\/\/urbeamea.ro\/albaiulia\/un-centru-nou-de-testare-antigenica-gratuita-a-populatiei-municipiului-la-sebes\/\" \/>\n<meta name=\"twitter:card\" content=\"summary_large_image\" \/>\n<meta name=\"twitter:title\" content=\"Un centru de testare antigenic\u0103 gratuit\u0103 a popula\u021biei municipiului, la Sebe\u0219 - Revista Urbea Mea - Revista de Alba\" \/>\n<meta name=\"twitter:description\" content=\"\u00cencep\u00e2nd cu data de 10 februarie 2022, oferim popula\u021biei Municipiului Sebe\u0219 serviciile unui\u00a0centru de testare gratuit\u0103 anti-covid, situat pe bulevardul\" \/>\n<meta name=\"twitter:image\" content=\"https:\/\/urbeamea.ro\/albaiulia\/wp-content\/uploads\/2022\/02\/Test-antigen.jpg\" \/>\n<meta name=\"twitter:creator\" content=\"@urbeameaweb\" \/>\n<meta name=\"twitter:site\" content=\"@urbeameaweb\" \/>\n<script type=\"application\/ld+json\" class=\"yoast-schema-graph\">{\"@context\":\"https:\\\/\\\/schema.org\",\"@graph\":[{\"@type\":\"Article\",\"@id\":\"https:\\\/\\\/urbeamea.ro\\\/albaiulia\\\/un-centru-nou-de-testare-antigenica-gratuita-a-populatiei-municipiului-la-sebes\\\/#article\",\"isPartOf\":{\"@id\":\"https:\\\/\\\/urbeamea.ro\\\/albaiulia\\\/un-centru-nou-de-testare-antigenica-gratuita-a-populatiei-municipiului-la-sebes\\\/\"},\"author\":{\"name\":\"Redac\u021bia UrbeaMea\",\"@id\":\"https:\\\/\\\/urbeamea.ro\\\/albaiulia\\\/#\\\/schema\\\/person\\\/272ae98052f8ee8980f59848df070247\"},\"headline\":\"Un centru de testare antigenic\u0103 gratuit\u0103 a popula\u021biei municipiului, la Sebe\u0219\",\"datePublished\":\"2022-02-10T10:22:36+00:00\",\"dateModified\":\"2022-02-10T10:26:24+00:00\",\"mainEntityOfPage\":{\"@id\":\"https:\\\/\\\/urbeamea.ro\\\/albaiulia\\\/un-centru-nou-de-testare-antigenica-gratuita-a-populatiei-municipiului-la-sebes\\\/\"},\"wordCount\":196,\"commentCount\":0,\"image\":{\"@id\":\"https:\\\/\\\/urbeamea.ro\\\/albaiulia\\\/un-centru-nou-de-testare-antigenica-gratuita-a-populatiei-municipiului-la-sebes\\\/#primaryimage\"},\"thumbnailUrl\":\"https:\\\/\\\/urbeamea.ro\\\/albaiulia\\\/wp-content\\\/uploads\\\/2022\\\/02\\\/Test-antigen.jpg\",\"keywords\":[\"municipiul sebes\",\"testare antigen gratuita\"],\"articleSection\":[\"S\u0103n\u0103tate\"],\"inLanguage\":\"ro-RO\",\"potentialAction\":[{\"@type\":\"CommentAction\",\"name\":\"Comment\",\"target\":[\"https:\\\/\\\/urbeamea.ro\\\/albaiulia\\\/un-centru-nou-de-testare-antigenica-gratuita-a-populatiei-municipiului-la-sebes\\\/#respond\"]}]},{\"@type\":\"WebPage\",\"@id\":\"https:\\\/\\\/urbeamea.ro\\\/albaiulia\\\/un-centru-nou-de-testare-antigenica-gratuita-a-populatiei-municipiului-la-sebes\\\/\",\"url\":\"https:\\\/\\\/urbeamea.ro\\\/albaiulia\\\/un-centru-nou-de-testare-antigenica-gratuita-a-populatiei-municipiului-la-sebes\\\/\",\"name\":\"Un centru de testare antigenic\u0103 gratuit\u0103 a popula\u021biei municipiului, la Sebe\u0219 - Revista Urbea Mea - Revista de Alba\",\"isPartOf\":{\"@id\":\"https:\\\/\\\/urbeamea.ro\\\/albaiulia\\\/#website\"},\"primaryImageOfPage\":{\"@id\":\"https:\\\/\\\/urbeamea.ro\\\/albaiulia\\\/un-centru-nou-de-testare-antigenica-gratuita-a-populatiei-municipiului-la-sebes\\\/#primaryimage\"},\"image\":{\"@id\":\"https:\\\/\\\/urbeamea.ro\\\/albaiulia\\\/un-centru-nou-de-testare-antigenica-gratuita-a-populatiei-municipiului-la-sebes\\\/#primaryimage\"},\"thumbnailUrl\":\"https:\\\/\\\/urbeamea.ro\\\/albaiulia\\\/wp-content\\\/uploads\\\/2022\\\/02\\\/Test-antigen.jpg\",\"datePublished\":\"2022-02-10T10:22:36+00:00\",\"dateModified\":\"2022-02-10T10:26:24+00:00\",\"author\":{\"@id\":\"https:\\\/\\\/urbeamea.ro\\\/albaiulia\\\/#\\\/schema\\\/person\\\/272ae98052f8ee8980f59848df070247\"},\"description\":\"\u00cencep\u00e2nd cu data de 10 februarie 2022, oferim popula\u021biei Municipiului Sebe\u0219 serviciile unui\u00a0centru de testare gratuit\u0103 anti-covid, situat pe bulevardul\",\"breadcrumb\":{\"@id\":\"https:\\\/\\\/urbeamea.ro\\\/albaiulia\\\/un-centru-nou-de-testare-antigenica-gratuita-a-populatiei-municipiului-la-sebes\\\/#breadcrumb\"},\"inLanguage\":\"ro-RO\",\"potentialAction\":[{\"@type\":\"ReadAction\",\"target\":[\"https:\\\/\\\/urbeamea.ro\\\/albaiulia\\\/un-centru-nou-de-testare-antigenica-gratuita-a-populatiei-municipiului-la-sebes\\\/\"]}]},{\"@type\":\"ImageObject\",\"inLanguage\":\"ro-RO\",\"@id\":\"https:\\\/\\\/urbeamea.ro\\\/albaiulia\\\/un-centru-nou-de-testare-antigenica-gratuita-a-populatiei-municipiului-la-sebes\\\/#primaryimage\",\"url\":\"https:\\\/\\\/urbeamea.ro\\\/albaiulia\\\/wp-content\\\/uploads\\\/2022\\\/02\\\/Test-antigen.jpg\",\"contentUrl\":\"https:\\\/\\\/urbeamea.ro\\\/albaiulia\\\/wp-content\\\/uploads\\\/2022\\\/02\\\/Test-antigen.jpg\",\"width\":1600,\"height\":1067},{\"@type\":\"BreadcrumbList\",\"@id\":\"https:\\\/\\\/urbeamea.ro\\\/albaiulia\\\/un-centru-nou-de-testare-antigenica-gratuita-a-populatiei-municipiului-la-sebes\\\/#breadcrumb\",\"itemListElement\":[{\"@type\":\"ListItem\",\"position\":1,\"name\":\"Prima pagin\u0103\",\"item\":\"https:\\\/\\\/urbeamea.ro\\\/albaiulia\\\/\"},{\"@type\":\"ListItem\",\"position\":2,\"name\":\"Un centru de testare antigenic\u0103 gratuit\u0103 a popula\u021biei municipiului, la Sebe\u0219\"}]},{\"@type\":\"WebSite\",\"@id\":\"https:\\\/\\\/urbeamea.ro\\\/albaiulia\\\/#website\",\"url\":\"https:\\\/\\\/urbeamea.ro\\\/albaiulia\\\/\",\"name\":\"Revista Urbea Mea, Stiri urbane\",\"description\":\"Evenimente \u0219i \u0219tiri din Alba Iulia, Sebe\u0219, Aiud, Blaj\",\"potentialAction\":[{\"@type\":\"SearchAction\",\"target\":{\"@type\":\"EntryPoint\",\"urlTemplate\":\"https:\\\/\\\/urbeamea.ro\\\/albaiulia\\\/?s={search_term_string}\"},\"query-input\":{\"@type\":\"PropertyValueSpecification\",\"valueRequired\":true,\"valueName\":\"search_term_string\"}}],\"inLanguage\":\"ro-RO\"},{\"@type\":\"Person\",\"@id\":\"https:\\\/\\\/urbeamea.ro\\\/albaiulia\\\/#\\\/schema\\\/person\\\/272ae98052f8ee8980f59848df070247\",\"name\":\"Redac\u021bia UrbeaMea\",\"image\":{\"@type\":\"ImageObject\",\"inLanguage\":\"ro-RO\",\"@id\":\"https:\\\/\\\/secure.gravatar.com\\\/avatar\\\/9ce5a9435071fa1037e8468053ead8e513dbbff59009d3069aadb85506d85a27?s=96&d=mm&r=g\",\"url\":\"https:\\\/\\\/secure.gravatar.com\\\/avatar\\\/9ce5a9435071fa1037e8468053ead8e513dbbff59009d3069aadb85506d85a27?s=96&d=mm&r=g\",\"contentUrl\":\"https:\\\/\\\/secure.gravatar.com\\\/avatar\\\/9ce5a9435071fa1037e8468053ead8e513dbbff59009d3069aadb85506d85a27?s=96&d=mm&r=g\",\"caption\":\"Redac\u021bia UrbeaMea\"},\"description\":\"contact@urbeamea.ro\",\"sameAs\":[\"https:\\\/\\\/www.urbeamea.ro\"],\"url\":\"https:\\\/\\\/urbeamea.ro\\\/albaiulia\\\/author\\\/redactia-urbeamea\\\/\"}]}<\/script>\n<!-- \/ Yoast SEO plugin. -->","yoast_head_json":{"title":"Un centru de testare antigenic\u0103 gratuit\u0103 a popula\u021biei municipiului, la Sebe\u0219 - Revista Urbea Mea - Revista de Alba","description":"\u00cencep\u00e2nd cu data de 10 februarie 2022, oferim popula\u021biei Municipiului Sebe\u0219 serviciile unui\u00a0centru de testare gratuit\u0103 anti-covid, situat pe bulevardul","robots":{"index":"index","follow":"follow","max-snippet":"max-snippet:-1","max-image-preview":"max-image-preview:large","max-video-preview":"max-video-preview:-1"},"canonical":"https:\/\/urbeamea.ro\/albaiulia\/un-centru-nou-de-testare-antigenica-gratuita-a-populatiei-municipiului-la-sebes\/","twitter_card":"summary_large_image","twitter_title":"Un centru de testare antigenic\u0103 gratuit\u0103 a popula\u021biei municipiului, la Sebe\u0219 - Revista Urbea Mea - Revista de Alba","twitter_description":"\u00cencep\u00e2nd cu data de 10 februarie 2022, oferim popula\u021biei Municipiului Sebe\u0219 serviciile unui\u00a0centru de testare gratuit\u0103 anti-covid, situat pe bulevardul","twitter_image":"https:\/\/urbeamea.ro\/albaiulia\/wp-content\/uploads\/2022\/02\/Test-antigen.jpg","twitter_creator":"@urbeameaweb","twitter_site":"@urbeameaweb","schema":{"@context":"https:\/\/schema.org","@graph":[{"@type":"Article","@id":"https:\/\/urbeamea.ro\/albaiulia\/un-centru-nou-de-testare-antigenica-gratuita-a-populatiei-municipiului-la-sebes\/#article","isPartOf":{"@id":"https:\/\/urbeamea.ro\/albaiulia\/un-centru-nou-de-testare-antigenica-gratuita-a-populatiei-municipiului-la-sebes\/"},"author":{"name":"Redac\u021bia UrbeaMea","@id":"https:\/\/urbeamea.ro\/albaiulia\/#\/schema\/person\/272ae98052f8ee8980f59848df070247"},"headline":"Un centru de testare antigenic\u0103 gratuit\u0103 a popula\u021biei municipiului, la Sebe\u0219","datePublished":"2022-02-10T10:22:36+00:00","dateModified":"2022-02-10T10:26:24+00:00","mainEntityOfPage":{"@id":"https:\/\/urbeamea.ro\/albaiulia\/un-centru-nou-de-testare-antigenica-gratuita-a-populatiei-municipiului-la-sebes\/"},"wordCount":196,"commentCount":0,"image":{"@id":"https:\/\/urbeamea.ro\/albaiulia\/un-centru-nou-de-testare-antigenica-gratuita-a-populatiei-municipiului-la-sebes\/#primaryimage"},"thumbnailUrl":"https:\/\/urbeamea.ro\/albaiulia\/wp-content\/uploads\/2022\/02\/Test-antigen.jpg","keywords":["municipiul sebes","testare antigen gratuita"],"articleSection":["S\u0103n\u0103tate"],"inLanguage":"ro-RO","potentialAction":[{"@type":"CommentAction","name":"Comment","target":["https:\/\/urbeamea.ro\/albaiulia\/un-centru-nou-de-testare-antigenica-gratuita-a-populatiei-municipiului-la-sebes\/#respond"]}]},{"@type":"WebPage","@id":"https:\/\/urbeamea.ro\/albaiulia\/un-centru-nou-de-testare-antigenica-gratuita-a-populatiei-municipiului-la-sebes\/","url":"https:\/\/urbeamea.ro\/albaiulia\/un-centru-nou-de-testare-antigenica-gratuita-a-populatiei-municipiului-la-sebes\/","name":"Un centru de testare antigenic\u0103 gratuit\u0103 a popula\u021biei municipiului, la Sebe\u0219 - Revista Urbea Mea - Revista de Alba","isPartOf":{"@id":"https:\/\/urbeamea.ro\/albaiulia\/#website"},"primaryImageOfPage":{"@id":"https:\/\/urbeamea.ro\/albaiulia\/un-centru-nou-de-testare-antigenica-gratuita-a-populatiei-municipiului-la-sebes\/#primaryimage"},"image":{"@id":"https:\/\/urbeamea.ro\/albaiulia\/un-centru-nou-de-testare-antigenica-gratuita-a-populatiei-municipiului-la-sebes\/#primaryimage"},"thumbnailUrl":"https:\/\/urbeamea.ro\/albaiulia\/wp-content\/uploads\/2022\/02\/Test-antigen.jpg","datePublished":"2022-02-10T10:22:36+00:00","dateModified":"2022-02-10T10:26:24+00:00","author":{"@id":"https:\/\/urbeamea.ro\/albaiulia\/#\/schema\/person\/272ae98052f8ee8980f59848df070247"},"description":"\u00cencep\u00e2nd cu data de 10 februarie 2022, oferim popula\u021biei Municipiului Sebe\u0219 serviciile unui\u00a0centru de testare gratuit\u0103 anti-covid, situat pe bulevardul","breadcrumb":{"@id":"https:\/\/urbeamea.ro\/albaiulia\/un-centru-nou-de-testare-antigenica-gratuita-a-populatiei-municipiului-la-sebes\/#breadcrumb"},"inLanguage":"ro-RO","potentialAction":[{"@type":"ReadAction","target":["https:\/\/urbeamea.ro\/albaiulia\/un-centru-nou-de-testare-antigenica-gratuita-a-populatiei-municipiului-la-sebes\/"]}]},{"@type":"ImageObject","inLanguage":"ro-RO","@id":"https:\/\/urbeamea.ro\/albaiulia\/un-centru-nou-de-testare-antigenica-gratuita-a-populatiei-municipiului-la-sebes\/#primaryimage","url":"https:\/\/urbeamea.ro\/albaiulia\/wp-content\/uploads\/2022\/02\/Test-antigen.jpg","contentUrl":"https:\/\/urbeamea.ro\/albaiulia\/wp-content\/uploads\/2022\/02\/Test-antigen.jpg","width":1600,"height":1067},{"@type":"BreadcrumbList","@id":"https:\/\/urbeamea.ro\/albaiulia\/un-centru-nou-de-testare-antigenica-gratuita-a-populatiei-municipiului-la-sebes\/#breadcrumb","itemListElement":[{"@type":"ListItem","position":1,"name":"Prima pagin\u0103","item":"https:\/\/urbeamea.ro\/albaiulia\/"},{"@type":"ListItem","position":2,"name":"Un centru de testare antigenic\u0103 gratuit\u0103 a popula\u021biei municipiului, la Sebe\u0219"}]},{"@type":"WebSite","@id":"https:\/\/urbeamea.ro\/albaiulia\/#website","url":"https:\/\/urbeamea.ro\/albaiulia\/","name":"Revista Urbea Mea, Stiri urbane","description":"Evenimente \u0219i \u0219tiri din Alba Iulia, Sebe\u0219, Aiud, Blaj","potentialAction":[{"@type":"SearchAction","target":{"@type":"EntryPoint","urlTemplate":"https:\/\/urbeamea.ro\/albaiulia\/?s={search_term_string}"},"query-input":{"@type":"PropertyValueSpecification","valueRequired":true,"valueName":"search_term_string"}}],"inLanguage":"ro-RO"},{"@type":"Person","@id":"https:\/\/urbeamea.ro\/albaiulia\/#\/schema\/person\/272ae98052f8ee8980f59848df070247","name":"Redac\u021bia UrbeaMea","image":{"@type":"ImageObject","inLanguage":"ro-RO","@id":"https:\/\/secure.gravatar.com\/avatar\/9ce5a9435071fa1037e8468053ead8e513dbbff59009d3069aadb85506d85a27?s=96&d=mm&r=g","url":"https:\/\/secure.gravatar.com\/avatar\/9ce5a9435071fa1037e8468053ead8e513dbbff59009d3069aadb85506d85a27?s=96&d=mm&r=g","contentUrl":"https:\/\/secure.gravatar.com\/avatar\/9ce5a9435071fa1037e8468053ead8e513dbbff59009d3069aadb85506d85a27?s=96&d=mm&r=g","caption":"Redac\u021bia UrbeaMea"},"description":"contact@urbeamea.ro","sameAs":["https:\/\/www.urbeamea.ro"],"url":"https:\/\/urbeamea.ro\/albaiulia\/author\/redactia-urbeamea\/"}]}},"_links":{"self":[{"href":"https:\/\/urbeamea.ro\/albaiulia\/wp-json\/wp\/v2\/posts\/100242","targetHints":{"allow":["GET"]}}],"collection":[{"href":"https:\/\/urbeamea.ro\/albaiulia\/wp-json\/wp\/v2\/posts"}],"about":[{"href":"https:\/\/urbeamea.ro\/albaiulia\/wp-json\/wp\/v2\/types\/post"}],"author":[{"embeddable":true,"href":"https:\/\/urbeamea.ro\/albaiulia\/wp-json\/wp\/v2\/users\/16"}],"replies":[{"embeddable":true,"href":"https:\/\/urbeamea.ro\/albaiulia\/wp-json\/wp\/v2\/comments?post=100242"}],"version-history":[{"count":3,"href":"https:\/\/urbeamea.ro\/albaiulia\/wp-json\/wp\/v2\/posts\/100242\/revisions"}],"predecessor-version":[{"id":100247,"href":"https:\/\/urbeamea.ro\/albaiulia\/wp-json\/wp\/v2\/posts\/100242\/revisions\/100247"}],"wp:featuredmedia":[{"embeddable":true,"href":"https:\/\/urbeamea.ro\/albaiulia\/wp-json\/wp\/v2\/media\/100244"}],"wp:attachment":[{"href":"https:\/\/urbeamea.ro\/albaiulia\/wp-json\/wp\/v2\/media?parent=100242"}],"wp:term":[{"taxonomy":"category","embeddable":true,"href":"https:\/\/urbeamea.ro\/albaiulia\/wp-json\/wp\/v2\/categories?post=100242"},{"taxonomy":"post_tag","embeddable":true,"href":"https:\/\/urbeamea.ro\/albaiulia\/wp-json\/wp\/v2\/tags?post=100242"}],"curies":[{"name":"wp","href":"https:\/\/api.w.org\/{rel}","templated":true}]}}