{"id":100485,"date":"2022-02-28T17:15:46","date_gmt":"2022-02-28T15:15:46","guid":{"rendered":"https:\/\/urbeamea.ro\/albaiulia\/?p=100485"},"modified":"2022-02-28T17:15:47","modified_gmt":"2022-02-28T15:15:47","slug":"eveniment-omagiu-dedicat-conducatorilor-rascoalei-de-la-1784-horea-closca-si-crisan-la-alba-iulia","status":"publish","type":"post","link":"https:\/\/urbeamea.ro\/albaiulia\/eveniment-omagiu-dedicat-conducatorilor-rascoalei-de-la-1784-horea-closca-si-crisan-la-alba-iulia\/","title":{"rendered":"Eveniment &#8211; omagiu dedicat conduc\u0103torilor R\u0103scoalei de la 1784, Horea Clo\u0219ca \u0219i Cri\u0219an, la Alba Iulia"},"content":{"rendered":"\n<h3 class=\"wp-block-heading\" id=\"centrul-de-cultura-augustin-bena-alba-organizeaza-astazi-28-februarie-2022-un-eveniment-omagiu-dedicat-conducatorilor-rascoalei-de-la-1784-horea-clo\u0219ca-\u0219i-cri\u0219an-martiri-\u0219i-eroi-ai-na\u021biunii-romane-manifestarile-au-debutat-la-ora-12-00-cu-masa-rotunda-cu-tema-rascoala-lui-horea\">Centrul de Cultur\u0103 \u201eAugustin Bena\u201d Alba organizeaz\u0103, ast\u0103zi, 28 februarie 2022, un eveniment &#8211; omagiu dedicat conduc\u0103torilor R\u0103scoalei de la 1784, Horea, Clo\u0219ca \u0219i Cri\u0219an, martiri \u0219i eroi ai na\u021biunii rom\u00e2ne. Manifest\u0103rile au debutat, la ora 12:00, cu masa rotund\u0103 cu tema \u201eR\u0103scoala lui Horea<\/h3>\n\n\n\n<p class=\"wp-block-paragraph\">Dezbatere istoric\u0103 \u0219i memorie local\u0103\u201d, care este organizat\u0103 \u00een Sala Unirii \u0219i este transmis\u0103 live pe paginile institu\u021biilor organizatoare.<\/p>\n\n\n\n<p class=\"wp-block-paragraph\">Ulterior, la ora 19:00, la Obeliscul lui Horea, Clo\u0219ca \u0219i Cri\u0219an din Alba Iulia, va avea &nbsp;ac\u021biunea \u201eOmagiu simbolic adus conduc\u0103torilor R\u0103scoalei de la 1784\u201d, care va con\u021bine un moment evocator \u0219i un moment artistic (muzical \u0219i de lumini). La acest moment vor participa istoricul Tudor Ro\u0219u, \u00eendr\u0103gitul artist Nicolae Furdui Iancu \u0219i Orchestra Ansamblului Folcloric al Jude\u021bului Alba, dirijat\u0103 de Alexandru Pal.<\/p>\n\n\n\n<p class=\"wp-block-paragraph\">Evenimentul este organizat de Consiliul Jude\u021bean Alba prin Centrul de Cultur\u0103 \u201eAugustin Bena\u201d \u0219i Muzeul Na\u021bional al Unirii, fiind inclus \u00een programul dedicat Centenarului \u00cencoron\u0103rii (1922 &#8211; 2022).<\/p>\n\n\n\n<p class=\"wp-block-paragraph\">_______________________________<\/p>\n\n\n\n<p class=\"wp-block-paragraph\">Vasile Ursu Nicula, cunoscut sub numele Horea, Ion Oarg\u0103 (Clo\u0219ca) \u0219i Marcu Giurgiu (Cri\u0219an) au fost conduc\u0103torii R\u0103scoalei \u021b\u0103r\u0103ne\u0219ti de la 1784 din Transilvania. Aceasta a fost o important\u0103 ac\u021biune de revolt\u0103 a \u021b\u0103r\u0103nimii iobage \u00eempotriva constr\u00e2ngerilor la care era supus\u0103. R\u0103scoala a avut numeroase ecouri \u00een str\u0103in\u0103tate, iar, \u00een urma acesteia, mo\u021bii din Mun\u021bii Apuseni au c\u00e2\u0219tigat mai multe drepturi precum libertatea p\u0103\u0219unatului, scutirea de c\u0103r\u0103u\u0219ie, desfiin\u021barea servitu\u021bii personale \u0219i a leg\u0103rii de glie, c\u0103s\u0103torii f\u0103r\u0103 consim\u021b\u0103m\u00e2ntul nobilului precum \u0219i dreptul la educa\u021bie.<\/p>\n\n\n\n<p class=\"wp-block-paragraph\">\u00cen memoria liderilor r\u0103scoalei, Horea, Clo\u0219ca \u0219i Cri\u0219an, la Alba Iulia a fost ridicat un obelisc, \u00een fa\u021ba por\u021bii a treia a Cet\u0103\u021bii Alba Carolina. Monumentul a fost ridicat la ini\u021biativa Societ\u0103\u021bii Astra \u0219i a fost inaugurat \u00een prezen\u021ba regelui Carol al II-lea \u0219i a fiului s\u0103u, Mihai, voievod de Alba Iulia, la 14 octombrie 1937.<\/p>\n","protected":false},"excerpt":{"rendered":"<p>Centrul de Cultur\u0103 \u201eAugustin Bena\u201d Alba organizeaz\u0103, ast\u0103zi, 28 februarie 2022, un eveniment &#8211; omagiu dedicat conduc\u0103torilor R\u0103scoalei de la 1784, Horea, Clo\u0219ca \u0219i Cri\u0219an, martiri \u0219i eroi ai na\u021biunii rom\u00e2ne. Manifest\u0103rile au debutat, la ora 12:00, cu masa rotund\u0103 cu tema \u201eR\u0103scoala lui Horea Dezbatere istoric\u0103 \u0219i memorie local\u0103\u201d, care este organizat\u0103 \u00een Sala &hellip;<\/p>\n","protected":false},"author":16,"featured_media":100486,"comment_status":"open","ping_status":"open","sticky":false,"template":"","format":"standard","meta":{"inline_featured_image":false,"footnotes":""},"categories":[4],"tags":[16165,10123,24047],"class_list":["post-100485","post","type-post","status-publish","format-standard","has-post-thumbnail","hentry","category-eveniment","tag-centrul-cultural-augustin-bena-alba","tag-obeliscul-lui-horea-closca-si-crisan","tag-rascoala-de-la-1784"],"yoast_head":"<!-- This site is optimized with the Yoast SEO plugin v28.3 - https:\/\/yoast.com\/product\/yoast-seo-wordpress\/ -->\n<title>Eveniment - omagiu dedicat conduc\u0103torilor R\u0103scoalei de la 1784, Horea Clo\u0219ca \u0219i Cri\u0219an, la Alba Iulia - Revista Urbea Mea - Revista de Alba<\/title>\n<meta name=\"description\" content=\"Centrul de Cultur\u0103 \u201eAugustin Bena\u201d Alba organizeaz\u0103, ast\u0103zi, 28 februarie 2022, un eveniment - omagiu dedicat conduc\u0103torilor R\u0103scoalei de la 1784, Horea,\" \/>\n<meta name=\"robots\" content=\"index, follow, max-snippet:-1, max-image-preview:large, max-video-preview:-1\" \/>\n<link rel=\"canonical\" href=\"https:\/\/urbeamea.ro\/albaiulia\/eveniment-omagiu-dedicat-conducatorilor-rascoalei-de-la-1784-horea-closca-si-crisan-la-alba-iulia\/\" \/>\n<meta name=\"twitter:card\" content=\"summary_large_image\" \/>\n<meta name=\"twitter:title\" content=\"Eveniment - omagiu dedicat conduc\u0103torilor R\u0103scoalei de la 1784, Horea Clo\u0219ca \u0219i Cri\u0219an, la Alba Iulia - Revista Urbea Mea - Revista de Alba\" \/>\n<meta name=\"twitter:description\" content=\"Centrul de Cultur\u0103 \u201eAugustin Bena\u201d Alba organizeaz\u0103, ast\u0103zi, 28 februarie 2022, un eveniment - omagiu dedicat conduc\u0103torilor R\u0103scoalei de la 1784, Horea,\" \/>\n<meta name=\"twitter:image\" content=\"https:\/\/urbeamea.ro\/albaiulia\/wp-content\/uploads\/2022\/02\/afis-moment-omagial-horea-closca-si-crisan.jpeg\" \/>\n<meta name=\"twitter:creator\" content=\"@urbeameaweb\" \/>\n<meta name=\"twitter:site\" content=\"@urbeameaweb\" \/>\n<script type=\"application\/ld+json\" class=\"yoast-schema-graph\">{\"@context\":\"https:\\\/\\\/schema.org\",\"@graph\":[{\"@type\":\"Article\",\"@id\":\"https:\\\/\\\/urbeamea.ro\\\/albaiulia\\\/eveniment-omagiu-dedicat-conducatorilor-rascoalei-de-la-1784-horea-closca-si-crisan-la-alba-iulia\\\/#article\",\"isPartOf\":{\"@id\":\"https:\\\/\\\/urbeamea.ro\\\/albaiulia\\\/eveniment-omagiu-dedicat-conducatorilor-rascoalei-de-la-1784-horea-closca-si-crisan-la-alba-iulia\\\/\"},\"author\":{\"name\":\"Redac\u021bia UrbeaMea\",\"@id\":\"https:\\\/\\\/urbeamea.ro\\\/albaiulia\\\/#\\\/schema\\\/person\\\/272ae98052f8ee8980f59848df070247\"},\"headline\":\"Eveniment &#8211; omagiu dedicat conduc\u0103torilor R\u0103scoalei de la 1784, Horea Clo\u0219ca \u0219i Cri\u0219an, la Alba Iulia\",\"datePublished\":\"2022-02-28T15:15:46+00:00\",\"dateModified\":\"2022-02-28T15:15:47+00:00\",\"mainEntityOfPage\":{\"@id\":\"https:\\\/\\\/urbeamea.ro\\\/albaiulia\\\/eveniment-omagiu-dedicat-conducatorilor-rascoalei-de-la-1784-horea-closca-si-crisan-la-alba-iulia\\\/\"},\"wordCount\":364,\"commentCount\":0,\"image\":{\"@id\":\"https:\\\/\\\/urbeamea.ro\\\/albaiulia\\\/eveniment-omagiu-dedicat-conducatorilor-rascoalei-de-la-1784-horea-closca-si-crisan-la-alba-iulia\\\/#primaryimage\"},\"thumbnailUrl\":\"https:\\\/\\\/urbeamea.ro\\\/albaiulia\\\/wp-content\\\/uploads\\\/2022\\\/02\\\/afis-moment-omagial-horea-closca-si-crisan.jpeg\",\"keywords\":[\"centrul cultural augustin bena alba\",\"obeliscul lui horea closca si crisan\",\"rascoala de la 1784\"],\"articleSection\":[\"Evenimente\"],\"inLanguage\":\"ro-RO\",\"potentialAction\":[{\"@type\":\"CommentAction\",\"name\":\"Comment\",\"target\":[\"https:\\\/\\\/urbeamea.ro\\\/albaiulia\\\/eveniment-omagiu-dedicat-conducatorilor-rascoalei-de-la-1784-horea-closca-si-crisan-la-alba-iulia\\\/#respond\"]}]},{\"@type\":\"WebPage\",\"@id\":\"https:\\\/\\\/urbeamea.ro\\\/albaiulia\\\/eveniment-omagiu-dedicat-conducatorilor-rascoalei-de-la-1784-horea-closca-si-crisan-la-alba-iulia\\\/\",\"url\":\"https:\\\/\\\/urbeamea.ro\\\/albaiulia\\\/eveniment-omagiu-dedicat-conducatorilor-rascoalei-de-la-1784-horea-closca-si-crisan-la-alba-iulia\\\/\",\"name\":\"Eveniment - omagiu dedicat conduc\u0103torilor R\u0103scoalei de la 1784, Horea Clo\u0219ca \u0219i Cri\u0219an, la Alba Iulia - Revista Urbea Mea - Revista de Alba\",\"isPartOf\":{\"@id\":\"https:\\\/\\\/urbeamea.ro\\\/albaiulia\\\/#website\"},\"primaryImageOfPage\":{\"@id\":\"https:\\\/\\\/urbeamea.ro\\\/albaiulia\\\/eveniment-omagiu-dedicat-conducatorilor-rascoalei-de-la-1784-horea-closca-si-crisan-la-alba-iulia\\\/#primaryimage\"},\"image\":{\"@id\":\"https:\\\/\\\/urbeamea.ro\\\/albaiulia\\\/eveniment-omagiu-dedicat-conducatorilor-rascoalei-de-la-1784-horea-closca-si-crisan-la-alba-iulia\\\/#primaryimage\"},\"thumbnailUrl\":\"https:\\\/\\\/urbeamea.ro\\\/albaiulia\\\/wp-content\\\/uploads\\\/2022\\\/02\\\/afis-moment-omagial-horea-closca-si-crisan.jpeg\",\"datePublished\":\"2022-02-28T15:15:46+00:00\",\"dateModified\":\"2022-02-28T15:15:47+00:00\",\"author\":{\"@id\":\"https:\\\/\\\/urbeamea.ro\\\/albaiulia\\\/#\\\/schema\\\/person\\\/272ae98052f8ee8980f59848df070247\"},\"description\":\"Centrul de Cultur\u0103 \u201eAugustin Bena\u201d Alba organizeaz\u0103, ast\u0103zi, 28 februarie 2022, un eveniment - omagiu dedicat conduc\u0103torilor R\u0103scoalei de la 1784, Horea,\",\"breadcrumb\":{\"@id\":\"https:\\\/\\\/urbeamea.ro\\\/albaiulia\\\/eveniment-omagiu-dedicat-conducatorilor-rascoalei-de-la-1784-horea-closca-si-crisan-la-alba-iulia\\\/#breadcrumb\"},\"inLanguage\":\"ro-RO\",\"potentialAction\":[{\"@type\":\"ReadAction\",\"target\":[\"https:\\\/\\\/urbeamea.ro\\\/albaiulia\\\/eveniment-omagiu-dedicat-conducatorilor-rascoalei-de-la-1784-horea-closca-si-crisan-la-alba-iulia\\\/\"]}]},{\"@type\":\"ImageObject\",\"inLanguage\":\"ro-RO\",\"@id\":\"https:\\\/\\\/urbeamea.ro\\\/albaiulia\\\/eveniment-omagiu-dedicat-conducatorilor-rascoalei-de-la-1784-horea-closca-si-crisan-la-alba-iulia\\\/#primaryimage\",\"url\":\"https:\\\/\\\/urbeamea.ro\\\/albaiulia\\\/wp-content\\\/uploads\\\/2022\\\/02\\\/afis-moment-omagial-horea-closca-si-crisan.jpeg\",\"contentUrl\":\"https:\\\/\\\/urbeamea.ro\\\/albaiulia\\\/wp-content\\\/uploads\\\/2022\\\/02\\\/afis-moment-omagial-horea-closca-si-crisan.jpeg\",\"width\":1080,\"height\":1529},{\"@type\":\"BreadcrumbList\",\"@id\":\"https:\\\/\\\/urbeamea.ro\\\/albaiulia\\\/eveniment-omagiu-dedicat-conducatorilor-rascoalei-de-la-1784-horea-closca-si-crisan-la-alba-iulia\\\/#breadcrumb\",\"itemListElement\":[{\"@type\":\"ListItem\",\"position\":1,\"name\":\"Prima pagin\u0103\",\"item\":\"https:\\\/\\\/urbeamea.ro\\\/albaiulia\\\/\"},{\"@type\":\"ListItem\",\"position\":2,\"name\":\"Eveniment &#8211; omagiu dedicat conduc\u0103torilor R\u0103scoalei de la 1784, Horea Clo\u0219ca \u0219i Cri\u0219an, la Alba Iulia\"}]},{\"@type\":\"WebSite\",\"@id\":\"https:\\\/\\\/urbeamea.ro\\\/albaiulia\\\/#website\",\"url\":\"https:\\\/\\\/urbeamea.ro\\\/albaiulia\\\/\",\"name\":\"Revista Urbea Mea, Stiri urbane\",\"description\":\"Evenimente \u0219i \u0219tiri din Alba Iulia, Sebe\u0219, Aiud, Blaj\",\"potentialAction\":[{\"@type\":\"SearchAction\",\"target\":{\"@type\":\"EntryPoint\",\"urlTemplate\":\"https:\\\/\\\/urbeamea.ro\\\/albaiulia\\\/?s={search_term_string}\"},\"query-input\":{\"@type\":\"PropertyValueSpecification\",\"valueRequired\":true,\"valueName\":\"search_term_string\"}}],\"inLanguage\":\"ro-RO\"},{\"@type\":\"Person\",\"@id\":\"https:\\\/\\\/urbeamea.ro\\\/albaiulia\\\/#\\\/schema\\\/person\\\/272ae98052f8ee8980f59848df070247\",\"name\":\"Redac\u021bia UrbeaMea\",\"image\":{\"@type\":\"ImageObject\",\"inLanguage\":\"ro-RO\",\"@id\":\"https:\\\/\\\/secure.gravatar.com\\\/avatar\\\/9ce5a9435071fa1037e8468053ead8e513dbbff59009d3069aadb85506d85a27?s=96&d=mm&r=g\",\"url\":\"https:\\\/\\\/secure.gravatar.com\\\/avatar\\\/9ce5a9435071fa1037e8468053ead8e513dbbff59009d3069aadb85506d85a27?s=96&d=mm&r=g\",\"contentUrl\":\"https:\\\/\\\/secure.gravatar.com\\\/avatar\\\/9ce5a9435071fa1037e8468053ead8e513dbbff59009d3069aadb85506d85a27?s=96&d=mm&r=g\",\"caption\":\"Redac\u021bia UrbeaMea\"},\"description\":\"contact@urbeamea.ro\",\"sameAs\":[\"https:\\\/\\\/www.urbeamea.ro\"],\"url\":\"https:\\\/\\\/urbeamea.ro\\\/albaiulia\\\/author\\\/redactia-urbeamea\\\/\"}]}<\/script>\n<!-- \/ Yoast SEO plugin. -->","yoast_head_json":{"title":"Eveniment - omagiu dedicat conduc\u0103torilor R\u0103scoalei de la 1784, Horea Clo\u0219ca \u0219i Cri\u0219an, la Alba Iulia - Revista Urbea Mea - Revista de Alba","description":"Centrul de Cultur\u0103 \u201eAugustin Bena\u201d Alba organizeaz\u0103, ast\u0103zi, 28 februarie 2022, un eveniment - omagiu dedicat conduc\u0103torilor R\u0103scoalei de la 1784, Horea,","robots":{"index":"index","follow":"follow","max-snippet":"max-snippet:-1","max-image-preview":"max-image-preview:large","max-video-preview":"max-video-preview:-1"},"canonical":"https:\/\/urbeamea.ro\/albaiulia\/eveniment-omagiu-dedicat-conducatorilor-rascoalei-de-la-1784-horea-closca-si-crisan-la-alba-iulia\/","twitter_card":"summary_large_image","twitter_title":"Eveniment - omagiu dedicat conduc\u0103torilor R\u0103scoalei de la 1784, Horea Clo\u0219ca \u0219i Cri\u0219an, la Alba Iulia - Revista Urbea Mea - Revista de Alba","twitter_description":"Centrul de Cultur\u0103 \u201eAugustin Bena\u201d Alba organizeaz\u0103, ast\u0103zi, 28 februarie 2022, un eveniment - omagiu dedicat conduc\u0103torilor R\u0103scoalei de la 1784, Horea,","twitter_image":"https:\/\/urbeamea.ro\/albaiulia\/wp-content\/uploads\/2022\/02\/afis-moment-omagial-horea-closca-si-crisan.jpeg","twitter_creator":"@urbeameaweb","twitter_site":"@urbeameaweb","schema":{"@context":"https:\/\/schema.org","@graph":[{"@type":"Article","@id":"https:\/\/urbeamea.ro\/albaiulia\/eveniment-omagiu-dedicat-conducatorilor-rascoalei-de-la-1784-horea-closca-si-crisan-la-alba-iulia\/#article","isPartOf":{"@id":"https:\/\/urbeamea.ro\/albaiulia\/eveniment-omagiu-dedicat-conducatorilor-rascoalei-de-la-1784-horea-closca-si-crisan-la-alba-iulia\/"},"author":{"name":"Redac\u021bia UrbeaMea","@id":"https:\/\/urbeamea.ro\/albaiulia\/#\/schema\/person\/272ae98052f8ee8980f59848df070247"},"headline":"Eveniment &#8211; omagiu dedicat conduc\u0103torilor R\u0103scoalei de la 1784, Horea Clo\u0219ca \u0219i Cri\u0219an, la Alba Iulia","datePublished":"2022-02-28T15:15:46+00:00","dateModified":"2022-02-28T15:15:47+00:00","mainEntityOfPage":{"@id":"https:\/\/urbeamea.ro\/albaiulia\/eveniment-omagiu-dedicat-conducatorilor-rascoalei-de-la-1784-horea-closca-si-crisan-la-alba-iulia\/"},"wordCount":364,"commentCount":0,"image":{"@id":"https:\/\/urbeamea.ro\/albaiulia\/eveniment-omagiu-dedicat-conducatorilor-rascoalei-de-la-1784-horea-closca-si-crisan-la-alba-iulia\/#primaryimage"},"thumbnailUrl":"https:\/\/urbeamea.ro\/albaiulia\/wp-content\/uploads\/2022\/02\/afis-moment-omagial-horea-closca-si-crisan.jpeg","keywords":["centrul cultural augustin bena alba","obeliscul lui horea closca si crisan","rascoala de la 1784"],"articleSection":["Evenimente"],"inLanguage":"ro-RO","potentialAction":[{"@type":"CommentAction","name":"Comment","target":["https:\/\/urbeamea.ro\/albaiulia\/eveniment-omagiu-dedicat-conducatorilor-rascoalei-de-la-1784-horea-closca-si-crisan-la-alba-iulia\/#respond"]}]},{"@type":"WebPage","@id":"https:\/\/urbeamea.ro\/albaiulia\/eveniment-omagiu-dedicat-conducatorilor-rascoalei-de-la-1784-horea-closca-si-crisan-la-alba-iulia\/","url":"https:\/\/urbeamea.ro\/albaiulia\/eveniment-omagiu-dedicat-conducatorilor-rascoalei-de-la-1784-horea-closca-si-crisan-la-alba-iulia\/","name":"Eveniment - omagiu dedicat conduc\u0103torilor R\u0103scoalei de la 1784, Horea Clo\u0219ca \u0219i Cri\u0219an, la Alba Iulia - Revista Urbea Mea - Revista de Alba","isPartOf":{"@id":"https:\/\/urbeamea.ro\/albaiulia\/#website"},"primaryImageOfPage":{"@id":"https:\/\/urbeamea.ro\/albaiulia\/eveniment-omagiu-dedicat-conducatorilor-rascoalei-de-la-1784-horea-closca-si-crisan-la-alba-iulia\/#primaryimage"},"image":{"@id":"https:\/\/urbeamea.ro\/albaiulia\/eveniment-omagiu-dedicat-conducatorilor-rascoalei-de-la-1784-horea-closca-si-crisan-la-alba-iulia\/#primaryimage"},"thumbnailUrl":"https:\/\/urbeamea.ro\/albaiulia\/wp-content\/uploads\/2022\/02\/afis-moment-omagial-horea-closca-si-crisan.jpeg","datePublished":"2022-02-28T15:15:46+00:00","dateModified":"2022-02-28T15:15:47+00:00","author":{"@id":"https:\/\/urbeamea.ro\/albaiulia\/#\/schema\/person\/272ae98052f8ee8980f59848df070247"},"description":"Centrul de Cultur\u0103 \u201eAugustin Bena\u201d Alba organizeaz\u0103, ast\u0103zi, 28 februarie 2022, un eveniment - omagiu dedicat conduc\u0103torilor R\u0103scoalei de la 1784, Horea,","breadcrumb":{"@id":"https:\/\/urbeamea.ro\/albaiulia\/eveniment-omagiu-dedicat-conducatorilor-rascoalei-de-la-1784-horea-closca-si-crisan-la-alba-iulia\/#breadcrumb"},"inLanguage":"ro-RO","potentialAction":[{"@type":"ReadAction","target":["https:\/\/urbeamea.ro\/albaiulia\/eveniment-omagiu-dedicat-conducatorilor-rascoalei-de-la-1784-horea-closca-si-crisan-la-alba-iulia\/"]}]},{"@type":"ImageObject","inLanguage":"ro-RO","@id":"https:\/\/urbeamea.ro\/albaiulia\/eveniment-omagiu-dedicat-conducatorilor-rascoalei-de-la-1784-horea-closca-si-crisan-la-alba-iulia\/#primaryimage","url":"https:\/\/urbeamea.ro\/albaiulia\/wp-content\/uploads\/2022\/02\/afis-moment-omagial-horea-closca-si-crisan.jpeg","contentUrl":"https:\/\/urbeamea.ro\/albaiulia\/wp-content\/uploads\/2022\/02\/afis-moment-omagial-horea-closca-si-crisan.jpeg","width":1080,"height":1529},{"@type":"BreadcrumbList","@id":"https:\/\/urbeamea.ro\/albaiulia\/eveniment-omagiu-dedicat-conducatorilor-rascoalei-de-la-1784-horea-closca-si-crisan-la-alba-iulia\/#breadcrumb","itemListElement":[{"@type":"ListItem","position":1,"name":"Prima pagin\u0103","item":"https:\/\/urbeamea.ro\/albaiulia\/"},{"@type":"ListItem","position":2,"name":"Eveniment &#8211; omagiu dedicat conduc\u0103torilor R\u0103scoalei de la 1784, Horea Clo\u0219ca \u0219i Cri\u0219an, la Alba Iulia"}]},{"@type":"WebSite","@id":"https:\/\/urbeamea.ro\/albaiulia\/#website","url":"https:\/\/urbeamea.ro\/albaiulia\/","name":"Revista Urbea Mea, Stiri urbane","description":"Evenimente \u0219i \u0219tiri din Alba Iulia, Sebe\u0219, Aiud, Blaj","potentialAction":[{"@type":"SearchAction","target":{"@type":"EntryPoint","urlTemplate":"https:\/\/urbeamea.ro\/albaiulia\/?s={search_term_string}"},"query-input":{"@type":"PropertyValueSpecification","valueRequired":true,"valueName":"search_term_string"}}],"inLanguage":"ro-RO"},{"@type":"Person","@id":"https:\/\/urbeamea.ro\/albaiulia\/#\/schema\/person\/272ae98052f8ee8980f59848df070247","name":"Redac\u021bia UrbeaMea","image":{"@type":"ImageObject","inLanguage":"ro-RO","@id":"https:\/\/secure.gravatar.com\/avatar\/9ce5a9435071fa1037e8468053ead8e513dbbff59009d3069aadb85506d85a27?s=96&d=mm&r=g","url":"https:\/\/secure.gravatar.com\/avatar\/9ce5a9435071fa1037e8468053ead8e513dbbff59009d3069aadb85506d85a27?s=96&d=mm&r=g","contentUrl":"https:\/\/secure.gravatar.com\/avatar\/9ce5a9435071fa1037e8468053ead8e513dbbff59009d3069aadb85506d85a27?s=96&d=mm&r=g","caption":"Redac\u021bia UrbeaMea"},"description":"contact@urbeamea.ro","sameAs":["https:\/\/www.urbeamea.ro"],"url":"https:\/\/urbeamea.ro\/albaiulia\/author\/redactia-urbeamea\/"}]}},"_links":{"self":[{"href":"https:\/\/urbeamea.ro\/albaiulia\/wp-json\/wp\/v2\/posts\/100485","targetHints":{"allow":["GET"]}}],"collection":[{"href":"https:\/\/urbeamea.ro\/albaiulia\/wp-json\/wp\/v2\/posts"}],"about":[{"href":"https:\/\/urbeamea.ro\/albaiulia\/wp-json\/wp\/v2\/types\/post"}],"author":[{"embeddable":true,"href":"https:\/\/urbeamea.ro\/albaiulia\/wp-json\/wp\/v2\/users\/16"}],"replies":[{"embeddable":true,"href":"https:\/\/urbeamea.ro\/albaiulia\/wp-json\/wp\/v2\/comments?post=100485"}],"version-history":[{"count":1,"href":"https:\/\/urbeamea.ro\/albaiulia\/wp-json\/wp\/v2\/posts\/100485\/revisions"}],"predecessor-version":[{"id":100487,"href":"https:\/\/urbeamea.ro\/albaiulia\/wp-json\/wp\/v2\/posts\/100485\/revisions\/100487"}],"wp:featuredmedia":[{"embeddable":true,"href":"https:\/\/urbeamea.ro\/albaiulia\/wp-json\/wp\/v2\/media\/100486"}],"wp:attachment":[{"href":"https:\/\/urbeamea.ro\/albaiulia\/wp-json\/wp\/v2\/media?parent=100485"}],"wp:term":[{"taxonomy":"category","embeddable":true,"href":"https:\/\/urbeamea.ro\/albaiulia\/wp-json\/wp\/v2\/categories?post=100485"},{"taxonomy":"post_tag","embeddable":true,"href":"https:\/\/urbeamea.ro\/albaiulia\/wp-json\/wp\/v2\/tags?post=100485"}],"curies":[{"name":"wp","href":"https:\/\/api.w.org\/{rel}","templated":true}]}}