{"id":100672,"date":"2022-03-09T15:47:46","date_gmt":"2022-03-09T13:47:46","guid":{"rendered":"https:\/\/urbeamea.ro\/albaiulia\/?p=100672"},"modified":"2022-03-09T15:47:47","modified_gmt":"2022-03-09T13:47:47","slug":"vasile-sarb-coordonatorul-clasei-de-fotografie-din-cadrul-scolii-de-arte-si-mestesuguri-distinctie-de-excelenta-in-fotografie-acordata-de-federatia-internationala-de-arta-fotografica","status":"publish","type":"post","link":"https:\/\/urbeamea.ro\/albaiulia\/vasile-sarb-coordonatorul-clasei-de-fotografie-din-cadrul-scolii-de-arte-si-mestesuguri-distinctie-de-excelenta-in-fotografie-acordata-de-federatia-internationala-de-arta-fotografica\/","title":{"rendered":"Vasile S\u00e2rb, coordonatorul Clasei de Fotografie\u00a0 din cadrul \u0218colii de Arte \u0219i Me\u0219te\u0219uguri, distinc\u021bie de excelen\u021b\u0103 \u00een fotografie, acordat\u0103 de Federa\u021bia Interna\u021bional\u0103 de Art\u0103 Fotografic\u0103\u00a0"},"content":{"rendered":"\n<h3 class=\"wp-block-heading\">Vasile S\u00e2rb, coordonatorul Clasei de Fotografie din cadrul \u0218colii de Arte \u0219i Me\u0219te\u0219uguri a Centrului de Cultur\u0103 \u201eAugustin Bena\u201d Alba, a c\u00e2\u0219tigat recent distinc\u021bia de excelen\u021b\u0103 \u00een fotografie din partea Federa\u021biei Interna\u021bionale de Art\u0103 Fotografic\u0103 &#8211; FIAP (F\u00e9d\u00e9ration Internationale de l&#8217;Art Photographique), singura federa\u021bie recunoscut\u0103 de UNESCO<\/h3>\n\n\n\n<p class=\"wp-block-paragraph\">Fotograful albaiulian a primit titlul \u00een cadrul unei expozi\u021bii organizat\u0103 de federa\u021bie la Carei, \u00een cadrul c\u0103reia au expus 15 arti\u0219ti fotografi rom\u00e2ni, membri ai FIAP. Evenimentul s-a bucurat de patronajul Asocia\u021biei Arti\u0219tilor Fotografi din Rom\u00e2nia, iar fotografiile pentru care Vasile S\u00e2rb a fost premiat con\u021bin imagini de etnografie, peisaj \u0219i portret, care au pus \u00een valoare patrimoniul na\u021bional cultural \u0219i etnografic al jude\u021bului Alba.<\/p>\n\n\n\n<p class=\"wp-block-paragraph\">Vasile S\u00e2rb este, de c\u00e2\u021biva ani, membru al Asocia\u021biei Arti\u0219tilor Fotografi din Rom\u00e2nia (AAFR), iar, \u00een 2019, a fost primit ca membru \u0219i \u00een r\u00e2ndul asocia\u021biei de profil din SUA. Acceptarea a fost f\u0103cut\u0103 dup\u0103 ce timp de c\u00e2teva luni <em>Photographic Society of America<\/em>&nbsp;a analizat portofoliul artistic al fotografului din Alba, care reprezint\u0103 particip\u0103ri la peste 70 de saloane interna\u021bionale din 25 de \u021b\u0103ri, zeci de premii la concursuri din \u021bar\u0103 \u0219i din str\u0103in\u0103tate \u0219i alte c\u00e2teva zeci de premii ob\u021binute de cursan\u021bii pe care \u00eei preg\u0103te\u0219te \u00een Clasa de Fotografie din cadrul \u0218colii de Arte \u0219i Me\u0219te\u0219uguri.<\/p>\n\n\n\n<p class=\"wp-block-paragraph\"><strong>Vasile S\u00e2rb<\/strong> este absolvent al \u0218colii de Arte \u0219i Me\u0219te\u0219uguri din cadrul Centrul de Cultur\u0103 \u201eAugustin Bena\u201d Alba, \u00een 2011,&nbsp; Clasa Art\u0103 Fotografic\u0103 coordonat\u0103, la acea vreme, de prof. Marius Moga senior. Din 2013, el activeaz\u0103 ca instructor \u00een art\u0103 fotografic\u0103 \u00een cadrul \u0218colii de Arte \u0219i Me\u0219te\u0219uguri din jude\u021bul Alba. \u00cen decursul timpului a ob\u021binut zeci de premii cu cursan\u021bii clasei pe care o coordoneaz\u0103, iar printre competi\u021bii amintim: Concursul Na\u021bional de Fotografie Etnografic\u0103 \u201eOameni \u0219i datini\u201d Bra\u0219ov, Concurs de art\u0103 fotografic\u0103 \u201eObiceiuri de Iarn\u0103\u201d Cluj,&nbsp; Concurs de arte vizuale E-VIZUAL ART DEBUT Bra\u0219ov.<\/p>\n\n\n\n<p class=\"wp-block-paragraph\">Printre cele mai importante premii na\u021bionale \u0219i interna\u021bionale amintim:<\/p>\n\n\n\n<ul class=\"wp-block-list\"><li>Marele premiu la sec\u021biunea video cu filmul \u201ePietrele r\u0103m\u00e2n\u201d la concursul Alba sub Lumini de Oscar<\/li><li>Trofeul \u201eSzab\u00f3 Tam\u00e1s\u201d &#8211; la sec\u021biunea COLOR \u0219i locul 3 la sec\u021biunea alb\/negru \u00een cadrul Concursului Na\u021bional \u201eFotografia\u2013document etnografic\u201d &#8211; CLUJ<\/li><li>Marele premiu la Concursul Na\u021bional \u201eC\u00e2mpuri vizuale\u201d \u2013 Bucure\u0219ti<\/li><li>Mention D Honneurs la Salonul 4TH INTERNATIONAL CIRCULAR OF PHOTOGRAPHY &#8211; CZECH REPUBLIC<\/li><li>Chairman Choice la Foto Art Super Circuit 2019 \u2013 India<\/li><li>Honorable Mention la 2nd International Circular Of Photography &#8211; \u201dSPRING CLICKS 2019\u201d, Macedonia, Azerbaijan, Montenegro.<\/li><li>Honorable Mention la Photo Klub Kula \u2013 Serbia<\/li><li>Special Ribbon la Salonul Interna\u021bional \u201eTASHKENT PHOTO SALON\u201d SINGAPORE<\/li><li>F.I.P. Honorable Mention, ob\u021binut\u0103 la Salonul International EXPOSURE&nbsp;\u2013 India<\/li><\/ul>\n\n\n\n<p class=\"wp-block-paragraph\">\u00cen anul 2013, Vasile S\u00e2rb expune la expozi\u021bia de fotografie \u201eNational-WaterCulture\u201d din S.U.A, iar \u00een 2018 devine membru al AAFR (Asocia\u021bia Arti\u0219tilor Fotografi din Rom\u00e2nia), cu distinc\u021bia \u201eArtist \u00een fotografie\u201d. \u00cen 2019, devine membru PSA (Photography Society of America). \u00cen 2020, Vasile S\u00e2rb devine membru FIAP (F\u00e9d\u00e9ration Internationale de l&#8217;Art Photographique), ob\u021bin\u00e2nd dis\u021binc\u021bia de \u201eArtist Fotograf\u201d \u0219i membru GPU (Global Photographic Union), cu gradul \u201eGPU- CR2\u201d \u00een fotografie. A ob\u021binut peste 30 de premii na\u021bionale \u0219i interna\u021bionale cu cursan\u021bii clasei de Arte Vizuale, din cadrul Centrului de Cultur\u0103 \u201eAugustin Bena\u201d Alba. De asemenea, fotograful albaiulian a participat la numeroase concursuri na\u021bionale \u0219i interna\u021bionale, cu peste 80 de lucr\u0103ri de fotografie, \u00een peste 40 de \u021b\u0103ri, ob\u021bin\u00e2nd peste 70 de premii.<\/p>\n\n\n\n<figure class=\"wp-block-gallery has-nested-images columns-default is-cropped wp-block-gallery-1 is-layout-flex wp-block-gallery-is-layout-flex\">\n<figure class=\"wp-block-image size-large\"><a href=\"https:\/\/urbeamea.ro\/albaiulia\/wp-content\/uploads\/2022\/03\/DSC_0413.jpg\"><img loading=\"lazy\" decoding=\"async\" width=\"1280\" height=\"854\" data-id=\"100675\" src=\"https:\/\/urbeamea.ro\/albaiulia\/wp-content\/uploads\/2022\/03\/DSC_0413-1280x854.jpg\" alt=\"\" class=\"wp-image-100675\" srcset=\"https:\/\/urbeamea.ro\/albaiulia\/wp-content\/uploads\/2022\/03\/DSC_0413-1280x854.jpg 1280w, https:\/\/urbeamea.ro\/albaiulia\/wp-content\/uploads\/2022\/03\/DSC_0413-640x427.jpg 640w, https:\/\/urbeamea.ro\/albaiulia\/wp-content\/uploads\/2022\/03\/DSC_0413-150x100.jpg 150w, https:\/\/urbeamea.ro\/albaiulia\/wp-content\/uploads\/2022\/03\/DSC_0413-768x513.jpg 768w, https:\/\/urbeamea.ro\/albaiulia\/wp-content\/uploads\/2022\/03\/DSC_0413-1536x1025.jpg 1536w, https:\/\/urbeamea.ro\/albaiulia\/wp-content\/uploads\/2022\/03\/DSC_0413.jpg 1600w\" sizes=\"auto, (max-width: 1280px) 100vw, 1280px\" \/><\/a><\/figure>\n\n\n\n<figure class=\"wp-block-image size-large\"><a href=\"https:\/\/urbeamea.ro\/albaiulia\/wp-content\/uploads\/2022\/03\/Surveillance.jpg\"><img loading=\"lazy\" decoding=\"async\" width=\"1280\" height=\"854\" data-id=\"100674\" src=\"https:\/\/urbeamea.ro\/albaiulia\/wp-content\/uploads\/2022\/03\/Surveillance-1280x854.jpg\" alt=\"\" class=\"wp-image-100674\" srcset=\"https:\/\/urbeamea.ro\/albaiulia\/wp-content\/uploads\/2022\/03\/Surveillance-1280x854.jpg 1280w, https:\/\/urbeamea.ro\/albaiulia\/wp-content\/uploads\/2022\/03\/Surveillance-640x427.jpg 640w, https:\/\/urbeamea.ro\/albaiulia\/wp-content\/uploads\/2022\/03\/Surveillance-150x100.jpg 150w, https:\/\/urbeamea.ro\/albaiulia\/wp-content\/uploads\/2022\/03\/Surveillance-768x513.jpg 768w, https:\/\/urbeamea.ro\/albaiulia\/wp-content\/uploads\/2022\/03\/Surveillance-1536x1025.jpg 1536w, https:\/\/urbeamea.ro\/albaiulia\/wp-content\/uploads\/2022\/03\/Surveillance.jpg 1600w\" sizes=\"auto, (max-width: 1280px) 100vw, 1280px\" \/><\/a><\/figure>\n\n\n\n<figure class=\"wp-block-image size-large\"><a href=\"https:\/\/urbeamea.ro\/albaiulia\/wp-content\/uploads\/2022\/03\/DSC_0362.jpg\"><img loading=\"lazy\" decoding=\"async\" width=\"1280\" height=\"854\" data-id=\"100673\" src=\"https:\/\/urbeamea.ro\/albaiulia\/wp-content\/uploads\/2022\/03\/DSC_0362-1280x854.jpg\" alt=\"\" class=\"wp-image-100673\" srcset=\"https:\/\/urbeamea.ro\/albaiulia\/wp-content\/uploads\/2022\/03\/DSC_0362-1280x854.jpg 1280w, https:\/\/urbeamea.ro\/albaiulia\/wp-content\/uploads\/2022\/03\/DSC_0362-640x427.jpg 640w, https:\/\/urbeamea.ro\/albaiulia\/wp-content\/uploads\/2022\/03\/DSC_0362-150x100.jpg 150w, https:\/\/urbeamea.ro\/albaiulia\/wp-content\/uploads\/2022\/03\/DSC_0362-768x513.jpg 768w, https:\/\/urbeamea.ro\/albaiulia\/wp-content\/uploads\/2022\/03\/DSC_0362-1536x1025.jpg 1536w, https:\/\/urbeamea.ro\/albaiulia\/wp-content\/uploads\/2022\/03\/DSC_0362.jpg 1600w\" sizes=\"auto, (max-width: 1280px) 100vw, 1280px\" \/><\/a><\/figure>\n<\/figure>\n","protected":false},"excerpt":{"rendered":"<p>Vasile S\u00e2rb, coordonatorul Clasei de Fotografie din cadrul \u0218colii de Arte \u0219i Me\u0219te\u0219uguri a Centrului de Cultur\u0103 \u201eAugustin Bena\u201d Alba, a c\u00e2\u0219tigat recent distinc\u021bia de excelen\u021b\u0103 \u00een fotografie din partea Federa\u021biei Interna\u021bionale de Art\u0103 Fotografic\u0103 &#8211; FIAP (F\u00e9d\u00e9ration Internationale de l&#8217;Art Photographique), singura federa\u021bie recunoscut\u0103 de UNESCO Fotograful albaiulian a primit titlul \u00een cadrul unei &hellip;<\/p>\n","protected":false},"author":16,"featured_media":100676,"comment_status":"open","ping_status":"open","sticky":false,"template":"","format":"standard","meta":{"inline_featured_image":false,"footnotes":""},"categories":[4],"tags":[16165,24071,7262],"class_list":["post-100672","post","type-post","status-publish","format-standard","has-post-thumbnail","hentry","category-eveniment","tag-centrul-cultural-augustin-bena-alba","tag-federatia-internationala-de-arta-fotografica","tag-vasile-sarb"],"yoast_head":"<!-- This site is optimized with the Yoast SEO plugin v28.3 - https:\/\/yoast.com\/product\/yoast-seo-wordpress\/ -->\n<title>Vasile S\u00e2rb, coordonatorul Clasei de Fotografie\u00a0 din cadrul \u0218colii de Arte \u0219i Me\u0219te\u0219uguri, distinc\u021bie de excelen\u021b\u0103 \u00een fotografie, acordat\u0103 de Federa\u021bia Interna\u021bional\u0103 de Art\u0103 Fotografic\u0103\u00a0 - Revista Urbea Mea - Revista de Alba<\/title>\n<meta name=\"description\" content=\"Vasile S\u00e2rb, coordonatorul Clasei de Fotografie din cadrul \u0218colii de Arte \u0219i Me\u0219te\u0219uguri a Centrului de Cultur\u0103 \u201eAugustin Bena\u201d Alba, a c\u00e2\u0219tigat recent\" \/>\n<meta name=\"robots\" content=\"index, follow, max-snippet:-1, max-image-preview:large, max-video-preview:-1\" \/>\n<link rel=\"canonical\" href=\"https:\/\/urbeamea.ro\/albaiulia\/vasile-sarb-coordonatorul-clasei-de-fotografie-din-cadrul-scolii-de-arte-si-mestesuguri-distinctie-de-excelenta-in-fotografie-acordata-de-federatia-internationala-de-arta-fotografica\/\" \/>\n<meta name=\"twitter:card\" content=\"summary_large_image\" \/>\n<meta name=\"twitter:title\" content=\"Vasile S\u00e2rb, coordonatorul Clasei de Fotografie\u00a0 din cadrul \u0218colii de Arte \u0219i Me\u0219te\u0219uguri, distinc\u021bie de excelen\u021b\u0103 \u00een fotografie, acordat\u0103 de Federa\u021bia Interna\u021bional\u0103 de Art\u0103 Fotografic\u0103\u00a0 - Revista Urbea Mea - Revista de Alba\" \/>\n<meta name=\"twitter:description\" content=\"Vasile S\u00e2rb, coordonatorul Clasei de Fotografie din cadrul \u0218colii de Arte \u0219i Me\u0219te\u0219uguri a Centrului de Cultur\u0103 \u201eAugustin Bena\u201d Alba, a c\u00e2\u0219tigat recent\" \/>\n<meta name=\"twitter:image\" content=\"https:\/\/urbeamea.ro\/albaiulia\/wp-content\/uploads\/2022\/03\/The-song-of-joy.jpg\" \/>\n<meta name=\"twitter:creator\" content=\"@urbeameaweb\" \/>\n<meta name=\"twitter:site\" content=\"@urbeameaweb\" \/>\n<script type=\"application\/ld+json\" class=\"yoast-schema-graph\">{\"@context\":\"https:\\\/\\\/schema.org\",\"@graph\":[{\"@type\":\"Article\",\"@id\":\"https:\\\/\\\/urbeamea.ro\\\/albaiulia\\\/vasile-sarb-coordonatorul-clasei-de-fotografie-din-cadrul-scolii-de-arte-si-mestesuguri-distinctie-de-excelenta-in-fotografie-acordata-de-federatia-internationala-de-arta-fotografica\\\/#article\",\"isPartOf\":{\"@id\":\"https:\\\/\\\/urbeamea.ro\\\/albaiulia\\\/vasile-sarb-coordonatorul-clasei-de-fotografie-din-cadrul-scolii-de-arte-si-mestesuguri-distinctie-de-excelenta-in-fotografie-acordata-de-federatia-internationala-de-arta-fotografica\\\/\"},\"author\":{\"name\":\"Redac\u021bia UrbeaMea\",\"@id\":\"https:\\\/\\\/urbeamea.ro\\\/albaiulia\\\/#\\\/schema\\\/person\\\/272ae98052f8ee8980f59848df070247\"},\"headline\":\"Vasile S\u00e2rb, coordonatorul Clasei de Fotografie\u00a0 din cadrul \u0218colii de Arte \u0219i Me\u0219te\u0219uguri, distinc\u021bie de excelen\u021b\u0103 \u00een fotografie, acordat\u0103 de Federa\u021bia Interna\u021bional\u0103 de Art\u0103 Fotografic\u0103\u00a0\",\"datePublished\":\"2022-03-09T13:47:46+00:00\",\"dateModified\":\"2022-03-09T13:47:47+00:00\",\"mainEntityOfPage\":{\"@id\":\"https:\\\/\\\/urbeamea.ro\\\/albaiulia\\\/vasile-sarb-coordonatorul-clasei-de-fotografie-din-cadrul-scolii-de-arte-si-mestesuguri-distinctie-de-excelenta-in-fotografie-acordata-de-federatia-internationala-de-arta-fotografica\\\/\"},\"wordCount\":658,\"commentCount\":0,\"image\":{\"@id\":\"https:\\\/\\\/urbeamea.ro\\\/albaiulia\\\/vasile-sarb-coordonatorul-clasei-de-fotografie-din-cadrul-scolii-de-arte-si-mestesuguri-distinctie-de-excelenta-in-fotografie-acordata-de-federatia-internationala-de-arta-fotografica\\\/#primaryimage\"},\"thumbnailUrl\":\"https:\\\/\\\/urbeamea.ro\\\/albaiulia\\\/wp-content\\\/uploads\\\/2022\\\/03\\\/The-song-of-joy.jpg\",\"keywords\":[\"centrul cultural augustin bena alba\",\"federatia internationala de arta fotografica\",\"vasile sarb\"],\"articleSection\":[\"Evenimente\"],\"inLanguage\":\"ro-RO\",\"potentialAction\":[{\"@type\":\"CommentAction\",\"name\":\"Comment\",\"target\":[\"https:\\\/\\\/urbeamea.ro\\\/albaiulia\\\/vasile-sarb-coordonatorul-clasei-de-fotografie-din-cadrul-scolii-de-arte-si-mestesuguri-distinctie-de-excelenta-in-fotografie-acordata-de-federatia-internationala-de-arta-fotografica\\\/#respond\"]}]},{\"@type\":\"WebPage\",\"@id\":\"https:\\\/\\\/urbeamea.ro\\\/albaiulia\\\/vasile-sarb-coordonatorul-clasei-de-fotografie-din-cadrul-scolii-de-arte-si-mestesuguri-distinctie-de-excelenta-in-fotografie-acordata-de-federatia-internationala-de-arta-fotografica\\\/\",\"url\":\"https:\\\/\\\/urbeamea.ro\\\/albaiulia\\\/vasile-sarb-coordonatorul-clasei-de-fotografie-din-cadrul-scolii-de-arte-si-mestesuguri-distinctie-de-excelenta-in-fotografie-acordata-de-federatia-internationala-de-arta-fotografica\\\/\",\"name\":\"Vasile S\u00e2rb, coordonatorul Clasei de Fotografie\u00a0 din cadrul \u0218colii de Arte \u0219i Me\u0219te\u0219uguri, distinc\u021bie de excelen\u021b\u0103 \u00een fotografie, acordat\u0103 de Federa\u021bia Interna\u021bional\u0103 de Art\u0103 Fotografic\u0103\u00a0 - Revista Urbea Mea - Revista de Alba\",\"isPartOf\":{\"@id\":\"https:\\\/\\\/urbeamea.ro\\\/albaiulia\\\/#website\"},\"primaryImageOfPage\":{\"@id\":\"https:\\\/\\\/urbeamea.ro\\\/albaiulia\\\/vasile-sarb-coordonatorul-clasei-de-fotografie-din-cadrul-scolii-de-arte-si-mestesuguri-distinctie-de-excelenta-in-fotografie-acordata-de-federatia-internationala-de-arta-fotografica\\\/#primaryimage\"},\"image\":{\"@id\":\"https:\\\/\\\/urbeamea.ro\\\/albaiulia\\\/vasile-sarb-coordonatorul-clasei-de-fotografie-din-cadrul-scolii-de-arte-si-mestesuguri-distinctie-de-excelenta-in-fotografie-acordata-de-federatia-internationala-de-arta-fotografica\\\/#primaryimage\"},\"thumbnailUrl\":\"https:\\\/\\\/urbeamea.ro\\\/albaiulia\\\/wp-content\\\/uploads\\\/2022\\\/03\\\/The-song-of-joy.jpg\",\"datePublished\":\"2022-03-09T13:47:46+00:00\",\"dateModified\":\"2022-03-09T13:47:47+00:00\",\"author\":{\"@id\":\"https:\\\/\\\/urbeamea.ro\\\/albaiulia\\\/#\\\/schema\\\/person\\\/272ae98052f8ee8980f59848df070247\"},\"description\":\"Vasile S\u00e2rb, coordonatorul Clasei de Fotografie din cadrul \u0218colii de Arte \u0219i Me\u0219te\u0219uguri a Centrului de Cultur\u0103 \u201eAugustin Bena\u201d Alba, a c\u00e2\u0219tigat recent\",\"breadcrumb\":{\"@id\":\"https:\\\/\\\/urbeamea.ro\\\/albaiulia\\\/vasile-sarb-coordonatorul-clasei-de-fotografie-din-cadrul-scolii-de-arte-si-mestesuguri-distinctie-de-excelenta-in-fotografie-acordata-de-federatia-internationala-de-arta-fotografica\\\/#breadcrumb\"},\"inLanguage\":\"ro-RO\",\"potentialAction\":[{\"@type\":\"ReadAction\",\"target\":[\"https:\\\/\\\/urbeamea.ro\\\/albaiulia\\\/vasile-sarb-coordonatorul-clasei-de-fotografie-din-cadrul-scolii-de-arte-si-mestesuguri-distinctie-de-excelenta-in-fotografie-acordata-de-federatia-internationala-de-arta-fotografica\\\/\"]}]},{\"@type\":\"ImageObject\",\"inLanguage\":\"ro-RO\",\"@id\":\"https:\\\/\\\/urbeamea.ro\\\/albaiulia\\\/vasile-sarb-coordonatorul-clasei-de-fotografie-din-cadrul-scolii-de-arte-si-mestesuguri-distinctie-de-excelenta-in-fotografie-acordata-de-federatia-internationala-de-arta-fotografica\\\/#primaryimage\",\"url\":\"https:\\\/\\\/urbeamea.ro\\\/albaiulia\\\/wp-content\\\/uploads\\\/2022\\\/03\\\/The-song-of-joy.jpg\",\"contentUrl\":\"https:\\\/\\\/urbeamea.ro\\\/albaiulia\\\/wp-content\\\/uploads\\\/2022\\\/03\\\/The-song-of-joy.jpg\",\"width\":1600,\"height\":1068},{\"@type\":\"BreadcrumbList\",\"@id\":\"https:\\\/\\\/urbeamea.ro\\\/albaiulia\\\/vasile-sarb-coordonatorul-clasei-de-fotografie-din-cadrul-scolii-de-arte-si-mestesuguri-distinctie-de-excelenta-in-fotografie-acordata-de-federatia-internationala-de-arta-fotografica\\\/#breadcrumb\",\"itemListElement\":[{\"@type\":\"ListItem\",\"position\":1,\"name\":\"Prima pagin\u0103\",\"item\":\"https:\\\/\\\/urbeamea.ro\\\/albaiulia\\\/\"},{\"@type\":\"ListItem\",\"position\":2,\"name\":\"Vasile S\u00e2rb, coordonatorul Clasei de Fotografie\u00a0 din cadrul \u0218colii de Arte \u0219i Me\u0219te\u0219uguri, distinc\u021bie de excelen\u021b\u0103 \u00een fotografie, acordat\u0103 de Federa\u021bia Interna\u021bional\u0103 de Art\u0103 Fotografic\u0103\u00a0\"}]},{\"@type\":\"WebSite\",\"@id\":\"https:\\\/\\\/urbeamea.ro\\\/albaiulia\\\/#website\",\"url\":\"https:\\\/\\\/urbeamea.ro\\\/albaiulia\\\/\",\"name\":\"Revista Urbea Mea, Stiri urbane\",\"description\":\"Evenimente \u0219i \u0219tiri din Alba Iulia, Sebe\u0219, Aiud, Blaj\",\"potentialAction\":[{\"@type\":\"SearchAction\",\"target\":{\"@type\":\"EntryPoint\",\"urlTemplate\":\"https:\\\/\\\/urbeamea.ro\\\/albaiulia\\\/?s={search_term_string}\"},\"query-input\":{\"@type\":\"PropertyValueSpecification\",\"valueRequired\":true,\"valueName\":\"search_term_string\"}}],\"inLanguage\":\"ro-RO\"},{\"@type\":\"Person\",\"@id\":\"https:\\\/\\\/urbeamea.ro\\\/albaiulia\\\/#\\\/schema\\\/person\\\/272ae98052f8ee8980f59848df070247\",\"name\":\"Redac\u021bia UrbeaMea\",\"image\":{\"@type\":\"ImageObject\",\"inLanguage\":\"ro-RO\",\"@id\":\"https:\\\/\\\/secure.gravatar.com\\\/avatar\\\/9ce5a9435071fa1037e8468053ead8e513dbbff59009d3069aadb85506d85a27?s=96&d=mm&r=g\",\"url\":\"https:\\\/\\\/secure.gravatar.com\\\/avatar\\\/9ce5a9435071fa1037e8468053ead8e513dbbff59009d3069aadb85506d85a27?s=96&d=mm&r=g\",\"contentUrl\":\"https:\\\/\\\/secure.gravatar.com\\\/avatar\\\/9ce5a9435071fa1037e8468053ead8e513dbbff59009d3069aadb85506d85a27?s=96&d=mm&r=g\",\"caption\":\"Redac\u021bia UrbeaMea\"},\"description\":\"contact@urbeamea.ro\",\"sameAs\":[\"https:\\\/\\\/www.urbeamea.ro\"],\"url\":\"https:\\\/\\\/urbeamea.ro\\\/albaiulia\\\/author\\\/redactia-urbeamea\\\/\"}]}<\/script>\n<!-- \/ Yoast SEO plugin. -->","yoast_head_json":{"title":"Vasile S\u00e2rb, coordonatorul Clasei de Fotografie\u00a0 din cadrul \u0218colii de Arte \u0219i Me\u0219te\u0219uguri, distinc\u021bie de excelen\u021b\u0103 \u00een fotografie, acordat\u0103 de Federa\u021bia Interna\u021bional\u0103 de Art\u0103 Fotografic\u0103\u00a0 - Revista Urbea Mea - Revista de Alba","description":"Vasile S\u00e2rb, coordonatorul Clasei de Fotografie din cadrul \u0218colii de Arte \u0219i Me\u0219te\u0219uguri a Centrului de Cultur\u0103 \u201eAugustin Bena\u201d Alba, a c\u00e2\u0219tigat recent","robots":{"index":"index","follow":"follow","max-snippet":"max-snippet:-1","max-image-preview":"max-image-preview:large","max-video-preview":"max-video-preview:-1"},"canonical":"https:\/\/urbeamea.ro\/albaiulia\/vasile-sarb-coordonatorul-clasei-de-fotografie-din-cadrul-scolii-de-arte-si-mestesuguri-distinctie-de-excelenta-in-fotografie-acordata-de-federatia-internationala-de-arta-fotografica\/","twitter_card":"summary_large_image","twitter_title":"Vasile S\u00e2rb, coordonatorul Clasei de Fotografie\u00a0 din cadrul \u0218colii de Arte \u0219i Me\u0219te\u0219uguri, distinc\u021bie de excelen\u021b\u0103 \u00een fotografie, acordat\u0103 de Federa\u021bia Interna\u021bional\u0103 de Art\u0103 Fotografic\u0103\u00a0 - Revista Urbea Mea - Revista de Alba","twitter_description":"Vasile S\u00e2rb, coordonatorul Clasei de Fotografie din cadrul \u0218colii de Arte \u0219i Me\u0219te\u0219uguri a Centrului de Cultur\u0103 \u201eAugustin Bena\u201d Alba, a c\u00e2\u0219tigat recent","twitter_image":"https:\/\/urbeamea.ro\/albaiulia\/wp-content\/uploads\/2022\/03\/The-song-of-joy.jpg","twitter_creator":"@urbeameaweb","twitter_site":"@urbeameaweb","schema":{"@context":"https:\/\/schema.org","@graph":[{"@type":"Article","@id":"https:\/\/urbeamea.ro\/albaiulia\/vasile-sarb-coordonatorul-clasei-de-fotografie-din-cadrul-scolii-de-arte-si-mestesuguri-distinctie-de-excelenta-in-fotografie-acordata-de-federatia-internationala-de-arta-fotografica\/#article","isPartOf":{"@id":"https:\/\/urbeamea.ro\/albaiulia\/vasile-sarb-coordonatorul-clasei-de-fotografie-din-cadrul-scolii-de-arte-si-mestesuguri-distinctie-de-excelenta-in-fotografie-acordata-de-federatia-internationala-de-arta-fotografica\/"},"author":{"name":"Redac\u021bia UrbeaMea","@id":"https:\/\/urbeamea.ro\/albaiulia\/#\/schema\/person\/272ae98052f8ee8980f59848df070247"},"headline":"Vasile S\u00e2rb, coordonatorul Clasei de Fotografie\u00a0 din cadrul \u0218colii de Arte \u0219i Me\u0219te\u0219uguri, distinc\u021bie de excelen\u021b\u0103 \u00een fotografie, acordat\u0103 de Federa\u021bia Interna\u021bional\u0103 de Art\u0103 Fotografic\u0103\u00a0","datePublished":"2022-03-09T13:47:46+00:00","dateModified":"2022-03-09T13:47:47+00:00","mainEntityOfPage":{"@id":"https:\/\/urbeamea.ro\/albaiulia\/vasile-sarb-coordonatorul-clasei-de-fotografie-din-cadrul-scolii-de-arte-si-mestesuguri-distinctie-de-excelenta-in-fotografie-acordata-de-federatia-internationala-de-arta-fotografica\/"},"wordCount":658,"commentCount":0,"image":{"@id":"https:\/\/urbeamea.ro\/albaiulia\/vasile-sarb-coordonatorul-clasei-de-fotografie-din-cadrul-scolii-de-arte-si-mestesuguri-distinctie-de-excelenta-in-fotografie-acordata-de-federatia-internationala-de-arta-fotografica\/#primaryimage"},"thumbnailUrl":"https:\/\/urbeamea.ro\/albaiulia\/wp-content\/uploads\/2022\/03\/The-song-of-joy.jpg","keywords":["centrul cultural augustin bena alba","federatia internationala de arta fotografica","vasile sarb"],"articleSection":["Evenimente"],"inLanguage":"ro-RO","potentialAction":[{"@type":"CommentAction","name":"Comment","target":["https:\/\/urbeamea.ro\/albaiulia\/vasile-sarb-coordonatorul-clasei-de-fotografie-din-cadrul-scolii-de-arte-si-mestesuguri-distinctie-de-excelenta-in-fotografie-acordata-de-federatia-internationala-de-arta-fotografica\/#respond"]}]},{"@type":"WebPage","@id":"https:\/\/urbeamea.ro\/albaiulia\/vasile-sarb-coordonatorul-clasei-de-fotografie-din-cadrul-scolii-de-arte-si-mestesuguri-distinctie-de-excelenta-in-fotografie-acordata-de-federatia-internationala-de-arta-fotografica\/","url":"https:\/\/urbeamea.ro\/albaiulia\/vasile-sarb-coordonatorul-clasei-de-fotografie-din-cadrul-scolii-de-arte-si-mestesuguri-distinctie-de-excelenta-in-fotografie-acordata-de-federatia-internationala-de-arta-fotografica\/","name":"Vasile S\u00e2rb, coordonatorul Clasei de Fotografie\u00a0 din cadrul \u0218colii de Arte \u0219i Me\u0219te\u0219uguri, distinc\u021bie de excelen\u021b\u0103 \u00een fotografie, acordat\u0103 de Federa\u021bia Interna\u021bional\u0103 de Art\u0103 Fotografic\u0103\u00a0 - Revista Urbea Mea - Revista de Alba","isPartOf":{"@id":"https:\/\/urbeamea.ro\/albaiulia\/#website"},"primaryImageOfPage":{"@id":"https:\/\/urbeamea.ro\/albaiulia\/vasile-sarb-coordonatorul-clasei-de-fotografie-din-cadrul-scolii-de-arte-si-mestesuguri-distinctie-de-excelenta-in-fotografie-acordata-de-federatia-internationala-de-arta-fotografica\/#primaryimage"},"image":{"@id":"https:\/\/urbeamea.ro\/albaiulia\/vasile-sarb-coordonatorul-clasei-de-fotografie-din-cadrul-scolii-de-arte-si-mestesuguri-distinctie-de-excelenta-in-fotografie-acordata-de-federatia-internationala-de-arta-fotografica\/#primaryimage"},"thumbnailUrl":"https:\/\/urbeamea.ro\/albaiulia\/wp-content\/uploads\/2022\/03\/The-song-of-joy.jpg","datePublished":"2022-03-09T13:47:46+00:00","dateModified":"2022-03-09T13:47:47+00:00","author":{"@id":"https:\/\/urbeamea.ro\/albaiulia\/#\/schema\/person\/272ae98052f8ee8980f59848df070247"},"description":"Vasile S\u00e2rb, coordonatorul Clasei de Fotografie din cadrul \u0218colii de Arte \u0219i Me\u0219te\u0219uguri a Centrului de Cultur\u0103 \u201eAugustin Bena\u201d Alba, a c\u00e2\u0219tigat recent","breadcrumb":{"@id":"https:\/\/urbeamea.ro\/albaiulia\/vasile-sarb-coordonatorul-clasei-de-fotografie-din-cadrul-scolii-de-arte-si-mestesuguri-distinctie-de-excelenta-in-fotografie-acordata-de-federatia-internationala-de-arta-fotografica\/#breadcrumb"},"inLanguage":"ro-RO","potentialAction":[{"@type":"ReadAction","target":["https:\/\/urbeamea.ro\/albaiulia\/vasile-sarb-coordonatorul-clasei-de-fotografie-din-cadrul-scolii-de-arte-si-mestesuguri-distinctie-de-excelenta-in-fotografie-acordata-de-federatia-internationala-de-arta-fotografica\/"]}]},{"@type":"ImageObject","inLanguage":"ro-RO","@id":"https:\/\/urbeamea.ro\/albaiulia\/vasile-sarb-coordonatorul-clasei-de-fotografie-din-cadrul-scolii-de-arte-si-mestesuguri-distinctie-de-excelenta-in-fotografie-acordata-de-federatia-internationala-de-arta-fotografica\/#primaryimage","url":"https:\/\/urbeamea.ro\/albaiulia\/wp-content\/uploads\/2022\/03\/The-song-of-joy.jpg","contentUrl":"https:\/\/urbeamea.ro\/albaiulia\/wp-content\/uploads\/2022\/03\/The-song-of-joy.jpg","width":1600,"height":1068},{"@type":"BreadcrumbList","@id":"https:\/\/urbeamea.ro\/albaiulia\/vasile-sarb-coordonatorul-clasei-de-fotografie-din-cadrul-scolii-de-arte-si-mestesuguri-distinctie-de-excelenta-in-fotografie-acordata-de-federatia-internationala-de-arta-fotografica\/#breadcrumb","itemListElement":[{"@type":"ListItem","position":1,"name":"Prima pagin\u0103","item":"https:\/\/urbeamea.ro\/albaiulia\/"},{"@type":"ListItem","position":2,"name":"Vasile S\u00e2rb, coordonatorul Clasei de Fotografie\u00a0 din cadrul \u0218colii de Arte \u0219i Me\u0219te\u0219uguri, distinc\u021bie de excelen\u021b\u0103 \u00een fotografie, acordat\u0103 de Federa\u021bia Interna\u021bional\u0103 de Art\u0103 Fotografic\u0103\u00a0"}]},{"@type":"WebSite","@id":"https:\/\/urbeamea.ro\/albaiulia\/#website","url":"https:\/\/urbeamea.ro\/albaiulia\/","name":"Revista Urbea Mea, Stiri urbane","description":"Evenimente \u0219i \u0219tiri din Alba Iulia, Sebe\u0219, Aiud, Blaj","potentialAction":[{"@type":"SearchAction","target":{"@type":"EntryPoint","urlTemplate":"https:\/\/urbeamea.ro\/albaiulia\/?s={search_term_string}"},"query-input":{"@type":"PropertyValueSpecification","valueRequired":true,"valueName":"search_term_string"}}],"inLanguage":"ro-RO"},{"@type":"Person","@id":"https:\/\/urbeamea.ro\/albaiulia\/#\/schema\/person\/272ae98052f8ee8980f59848df070247","name":"Redac\u021bia UrbeaMea","image":{"@type":"ImageObject","inLanguage":"ro-RO","@id":"https:\/\/secure.gravatar.com\/avatar\/9ce5a9435071fa1037e8468053ead8e513dbbff59009d3069aadb85506d85a27?s=96&d=mm&r=g","url":"https:\/\/secure.gravatar.com\/avatar\/9ce5a9435071fa1037e8468053ead8e513dbbff59009d3069aadb85506d85a27?s=96&d=mm&r=g","contentUrl":"https:\/\/secure.gravatar.com\/avatar\/9ce5a9435071fa1037e8468053ead8e513dbbff59009d3069aadb85506d85a27?s=96&d=mm&r=g","caption":"Redac\u021bia UrbeaMea"},"description":"contact@urbeamea.ro","sameAs":["https:\/\/www.urbeamea.ro"],"url":"https:\/\/urbeamea.ro\/albaiulia\/author\/redactia-urbeamea\/"}]}},"_links":{"self":[{"href":"https:\/\/urbeamea.ro\/albaiulia\/wp-json\/wp\/v2\/posts\/100672","targetHints":{"allow":["GET"]}}],"collection":[{"href":"https:\/\/urbeamea.ro\/albaiulia\/wp-json\/wp\/v2\/posts"}],"about":[{"href":"https:\/\/urbeamea.ro\/albaiulia\/wp-json\/wp\/v2\/types\/post"}],"author":[{"embeddable":true,"href":"https:\/\/urbeamea.ro\/albaiulia\/wp-json\/wp\/v2\/users\/16"}],"replies":[{"embeddable":true,"href":"https:\/\/urbeamea.ro\/albaiulia\/wp-json\/wp\/v2\/comments?post=100672"}],"version-history":[{"count":1,"href":"https:\/\/urbeamea.ro\/albaiulia\/wp-json\/wp\/v2\/posts\/100672\/revisions"}],"predecessor-version":[{"id":100677,"href":"https:\/\/urbeamea.ro\/albaiulia\/wp-json\/wp\/v2\/posts\/100672\/revisions\/100677"}],"wp:featuredmedia":[{"embeddable":true,"href":"https:\/\/urbeamea.ro\/albaiulia\/wp-json\/wp\/v2\/media\/100676"}],"wp:attachment":[{"href":"https:\/\/urbeamea.ro\/albaiulia\/wp-json\/wp\/v2\/media?parent=100672"}],"wp:term":[{"taxonomy":"category","embeddable":true,"href":"https:\/\/urbeamea.ro\/albaiulia\/wp-json\/wp\/v2\/categories?post=100672"},{"taxonomy":"post_tag","embeddable":true,"href":"https:\/\/urbeamea.ro\/albaiulia\/wp-json\/wp\/v2\/tags?post=100672"}],"curies":[{"name":"wp","href":"https:\/\/api.w.org\/{rel}","templated":true}]}}