{"id":100788,"date":"2022-03-18T14:27:45","date_gmt":"2022-03-18T12:27:45","guid":{"rendered":"https:\/\/urbeamea.ro\/albaiulia\/?p=100788"},"modified":"2022-03-18T14:27:47","modified_gmt":"2022-03-18T12:27:47","slug":"lista-evenimente-alba-iulia-si-imprejurimi-in-weekend-ul-18-20-martie","status":"publish","type":"post","link":"https:\/\/urbeamea.ro\/albaiulia\/lista-evenimente-alba-iulia-si-imprejurimi-in-weekend-ul-18-20-martie\/","title":{"rendered":"List\u0103 evenimente Alba Iulia \u0219i \u00eemprejurimi \u00een weekend-ul 18-20 martie"},"content":{"rendered":"\n<p class=\"wp-block-paragraph\">Odat\u0103 cu eliminarea restric\u021biilor tot mai multe posibilit\u0103\u021bi, evenimente \u0219i ac\u021biuni de petrecere a timpului liber prin Alba Iulia \u0219i prin apropiere se ivesc. \u00cen acest weekend po\u021bi lua parte la c\u00e2teva petreceri \u00een cluburi sau prin baruri, drume\u021bii prin natur\u0103, pe munte, competi\u021bii de schi, un show de stand-up comedy sau proiec\u021bie de spectacol de teatru la cinema pentru cei mici.<\/p>\n\n\n\n<p class=\"wp-block-paragraph\">Vineri, de la 20:00, <a href=\"https:\/\/www.facebook.com\/events\/345355164273539\/\" target=\"_blank\" rel=\"noreferrer noopener\">Shot party\/\/ La Pas<\/a> Cafe la La pas.<\/p>\n\n\n\n<p class=\"wp-block-paragraph\">La Pas \u00ee\u0219i redeschide por\u021bile cu muzic\u0103 \u0219i shot-uri pentru cei mai faini oameni, exact ca-n vremurile bune.<\/p>\n\n\n\n<figure class=\"wp-block-image size-large\"><img loading=\"lazy\" decoding=\"async\" width=\"1280\" height=\"720\" src=\"https:\/\/urbeamea.ro\/albaiulia\/wp-content\/uploads\/2022\/03\/275917211_298055032431274_5414601438553631883_n-1280x720.jpg\" alt=\"\" class=\"wp-image-100790\" srcset=\"https:\/\/urbeamea.ro\/albaiulia\/wp-content\/uploads\/2022\/03\/275917211_298055032431274_5414601438553631883_n-1280x720.jpg 1280w, https:\/\/urbeamea.ro\/albaiulia\/wp-content\/uploads\/2022\/03\/275917211_298055032431274_5414601438553631883_n-640x360.jpg 640w, https:\/\/urbeamea.ro\/albaiulia\/wp-content\/uploads\/2022\/03\/275917211_298055032431274_5414601438553631883_n-150x84.jpg 150w, https:\/\/urbeamea.ro\/albaiulia\/wp-content\/uploads\/2022\/03\/275917211_298055032431274_5414601438553631883_n-768x432.jpg 768w, https:\/\/urbeamea.ro\/albaiulia\/wp-content\/uploads\/2022\/03\/275917211_298055032431274_5414601438553631883_n-1536x864.jpg 1536w, https:\/\/urbeamea.ro\/albaiulia\/wp-content\/uploads\/2022\/03\/275917211_298055032431274_5414601438553631883_n-390x220.jpg 390w, https:\/\/urbeamea.ro\/albaiulia\/wp-content\/uploads\/2022\/03\/275917211_298055032431274_5414601438553631883_n.jpg 1600w\" sizes=\"auto, (max-width: 1280px) 100vw, 1280px\" \/><\/figure>\n\n\n\n<p class=\"wp-block-paragraph\">Vineri \u0219i s\u00e2mb\u0103t\u0103, de la 18:00, <a href=\"https:\/\/www.facebook.com\/events\/7339156776124452\/\" target=\"_blank\" rel=\"noreferrer noopener\">Green Party<\/a> la Choice.<\/p>\n\n\n\n<p class=\"wp-block-paragraph\">Fiecare sf\u00e2r\u0219it de s\u0103pt\u0103m\u00e2n\u0103 trebuie s\u0103 fie epic, astfel c\u0103 Choice va asigura muzica bun\u0103, preparate care mai de care \u0219i cocktail-uri pe m\u0103sur\u0103.<\/p>\n\n\n\n<p class=\"wp-block-paragraph\">Vineri \u0219i s\u00e2mb\u0103t\u0103, de la 19:00, <a href=\"https:\/\/www.facebook.com\/events\/338729328275148\/\" target=\"_blank\" rel=\"noreferrer noopener\">Muzic\u0103 Live<\/a> la Complex Prestige.<\/p>\n\n\n\n<p class=\"wp-block-paragraph\">Brothers Band v\u0103 a\u0219teapt\u0103 vineri \u0219i s\u00e2mb\u0103t\u0103 la Complex Prestige s\u0103 v\u0103 bine-dispun\u0103 ca \u00een vremurile bune.<\/p>\n\n\n\n<p class=\"wp-block-paragraph\">Vineri, de la 20:00, <a href=\"https:\/\/www.facebook.com\/events\/270702528561860\/\" target=\"_blank\" rel=\"noreferrer noopener\">Sushi and music vibes (special guest Dj Firy)<\/a> la May Sushi Alba Iulia.<\/p>\n\n\n\n<p class=\"wp-block-paragraph\">Cu siguran\u021b\u0103 tuturor ne e dor de o petrecere f\u0103r\u0103 restric\u021bii. Vinerea aceasta May Sushi \u00ee\u021bi propune s\u0103 ne distr\u0103m al\u0103turi de DJ Firy!<\/p>\n\n\n\n<figure class=\"wp-block-image size-full\"><img loading=\"lazy\" decoding=\"async\" width=\"777\" height=\"387\" src=\"https:\/\/urbeamea.ro\/albaiulia\/wp-content\/uploads\/2022\/03\/275564641_4604329666337806_7587032275616434630_n.jpg\" alt=\"\" class=\"wp-image-100791\" srcset=\"https:\/\/urbeamea.ro\/albaiulia\/wp-content\/uploads\/2022\/03\/275564641_4604329666337806_7587032275616434630_n.jpg 777w, https:\/\/urbeamea.ro\/albaiulia\/wp-content\/uploads\/2022\/03\/275564641_4604329666337806_7587032275616434630_n-640x319.jpg 640w, https:\/\/urbeamea.ro\/albaiulia\/wp-content\/uploads\/2022\/03\/275564641_4604329666337806_7587032275616434630_n-150x75.jpg 150w, https:\/\/urbeamea.ro\/albaiulia\/wp-content\/uploads\/2022\/03\/275564641_4604329666337806_7587032275616434630_n-768x383.jpg 768w\" sizes=\"auto, (max-width: 777px) 100vw, 777px\" \/><\/figure>\n\n\n\n<p class=\"wp-block-paragraph\">Vineri, de la 21:00, <a href=\"https:\/\/www.facebook.com\/events\/1369459460166490\/\" target=\"_blank\" rel=\"noreferrer noopener\">St Patrick&#8217;s Day<\/a> la Irish Pub Erol.<\/p>\n\n\n\n<p class=\"wp-block-paragraph\">Mare s\u0103rb\u0103toare la Irish Pub Erol. St Patrick, patronul spiritual al Irlandei, va fi celebrat \u00eentr-un cadru festiv \u00eempreun\u0103 cu cei a c\u0103ror energie debordeaz\u0103 de bun\u0103 dispozi\u021bie. Cele mai inspirate \u021binute vor fi premiate a\u0219a cum se cuvine.<\/p>\n\n\n\n<figure class=\"wp-block-image size-large\"><img loading=\"lazy\" decoding=\"async\" width=\"1280\" height=\"718\" src=\"https:\/\/urbeamea.ro\/albaiulia\/wp-content\/uploads\/2022\/03\/kalabria_tudor-marciu_cover_fb-1280x718.png\" alt=\"\" class=\"wp-image-100792\" srcset=\"https:\/\/urbeamea.ro\/albaiulia\/wp-content\/uploads\/2022\/03\/kalabria_tudor-marciu_cover_fb-1280x718.png 1280w, https:\/\/urbeamea.ro\/albaiulia\/wp-content\/uploads\/2022\/03\/kalabria_tudor-marciu_cover_fb-640x359.png 640w, https:\/\/urbeamea.ro\/albaiulia\/wp-content\/uploads\/2022\/03\/kalabria_tudor-marciu_cover_fb-150x84.png 150w, https:\/\/urbeamea.ro\/albaiulia\/wp-content\/uploads\/2022\/03\/kalabria_tudor-marciu_cover_fb-768x431.png 768w, https:\/\/urbeamea.ro\/albaiulia\/wp-content\/uploads\/2022\/03\/kalabria_tudor-marciu_cover_fb-1536x861.png 1536w, https:\/\/urbeamea.ro\/albaiulia\/wp-content\/uploads\/2022\/03\/kalabria_tudor-marciu_cover_fb-390x220.png 390w, https:\/\/urbeamea.ro\/albaiulia\/wp-content\/uploads\/2022\/03\/kalabria_tudor-marciu_cover_fb.png 1600w\" sizes=\"auto, (max-width: 1280px) 100vw, 1280px\" \/><\/figure>\n\n\n\n<p class=\"wp-block-paragraph\">Vineri de la 22:00, <a href=\"https:\/\/www.facebook.com\/events\/1136583747128801\/\" target=\"_blank\" rel=\"noreferrer noopener\">Dj Tudor \/ Moving Elements \/ 18 martie \/ Club Kalabria<\/a> la Club Kalabria.<\/p>\n\n\n\n<p class=\"wp-block-paragraph\">Club Kalabria te a\u0219teapt\u0103 la un party cu cele mai \u00een trend piese al\u0103turi de Tudor Marciu de la Moving Elements.<\/p>\n\n\n\n<p class=\"wp-block-paragraph\">S\u00e2mb\u0103t\u0103, de la 09:00, <a href=\"https:\/\/www.facebook.com\/events\/696741058365476\/\" target=\"_blank\" rel=\"noreferrer noopener\">Ski de tura\/ splitboard<\/a> la Domeniul Schiabil \u0218ureanu.<\/p>\n\n\n\n<p class=\"wp-block-paragraph\">Un nou eveniment de schi de tur\u0103 la \u0218ureanu. Ninsorile prognozate pentru urm\u0103toarele s\u0103pt\u0103m\u00e2ni pentru mun\u021bii \u0218ureanu, ne oblig\u0103 s\u0103 facem abstrac\u021bie de data din calendar \u0219i s\u0103 l\u0103s\u0103m la \u00eendem\u00e2n\u0103 echipamentul de ski de tur\u0103.<\/p>\n\n\n\n<p class=\"wp-block-paragraph\">S\u00e2mb\u0103t\u0103, de la 10:00, <a href=\"https:\/\/www.facebook.com\/events\/485688269758643\/\" target=\"_blank\" rel=\"noreferrer noopener\">Drume\u021bie pe rachete de z\u0103pad\u0103 -Vf P\u0103tru 2130 m- M-tii \u0218ureanu<\/a> la Domeniul Schiabil \u0218ureanu.<\/p>\n\n\n\n<p class=\"wp-block-paragraph\">Da, vezi bine, din nou, drume\u021bie \u00een \u0218ureanu. Ne \u00eent\u00e2lnim \u00een parcarea din sta\u021biunea de schi \u0219i pornim \u00een aventura zilei. Traseul propus urc\u0103 pe v\u00e2rful P\u0103tru, 2130m, grad de dificultate mediu.<\/p>\n\n\n\n<figure class=\"wp-block-image size-large\"><img loading=\"lazy\" decoding=\"async\" width=\"1280\" height=\"677\" src=\"https:\/\/urbeamea.ro\/albaiulia\/wp-content\/uploads\/2022\/03\/273033423_1056235258287462_3818756674887747381_n-1280x677.jpg\" alt=\"\" class=\"wp-image-100793\" srcset=\"https:\/\/urbeamea.ro\/albaiulia\/wp-content\/uploads\/2022\/03\/273033423_1056235258287462_3818756674887747381_n-1280x677.jpg 1280w, https:\/\/urbeamea.ro\/albaiulia\/wp-content\/uploads\/2022\/03\/273033423_1056235258287462_3818756674887747381_n-640x338.jpg 640w, https:\/\/urbeamea.ro\/albaiulia\/wp-content\/uploads\/2022\/03\/273033423_1056235258287462_3818756674887747381_n-150x79.jpg 150w, https:\/\/urbeamea.ro\/albaiulia\/wp-content\/uploads\/2022\/03\/273033423_1056235258287462_3818756674887747381_n-768x406.jpg 768w, https:\/\/urbeamea.ro\/albaiulia\/wp-content\/uploads\/2022\/03\/273033423_1056235258287462_3818756674887747381_n-1536x812.jpg 1536w, https:\/\/urbeamea.ro\/albaiulia\/wp-content\/uploads\/2022\/03\/273033423_1056235258287462_3818756674887747381_n.jpg 1600w\" sizes=\"auto, (max-width: 1280px) 100vw, 1280px\" \/><\/figure>\n\n\n\n<p class=\"wp-block-paragraph\">S\u00e2mb\u0103t\u0103, de la 12:00, <a href=\"https:\/\/www.facebook.com\/events\/936484817239386\/\" target=\"_blank\" rel=\"noreferrer noopener\">Cupa de ski \u0218ureanu \u2013 edi\u021bia a III-a<\/a> la Domeniul Schiabil \u0218ureanu. Concurs de schi \u00een cea de a III-a edi\u021bie a cupei \u0218ureanu.<\/p>\n\n\n\n<figure class=\"wp-block-image size-full\"><img loading=\"lazy\" decoding=\"async\" width=\"777\" height=\"387\" src=\"https:\/\/urbeamea.ro\/albaiulia\/wp-content\/uploads\/2022\/03\/275673599_4604200703017369_4575417527307568810_n.jpg\" alt=\"\" class=\"wp-image-100794\" srcset=\"https:\/\/urbeamea.ro\/albaiulia\/wp-content\/uploads\/2022\/03\/275673599_4604200703017369_4575417527307568810_n.jpg 777w, https:\/\/urbeamea.ro\/albaiulia\/wp-content\/uploads\/2022\/03\/275673599_4604200703017369_4575417527307568810_n-640x319.jpg 640w, https:\/\/urbeamea.ro\/albaiulia\/wp-content\/uploads\/2022\/03\/275673599_4604200703017369_4575417527307568810_n-150x75.jpg 150w, https:\/\/urbeamea.ro\/albaiulia\/wp-content\/uploads\/2022\/03\/275673599_4604200703017369_4575417527307568810_n-768x383.jpg 768w\" sizes=\"auto, (max-width: 777px) 100vw, 777px\" \/><\/figure>\n\n\n\n<p class=\"wp-block-paragraph\">S\u00e2mb\u0103t\u0103, de la 21:00, <a href=\"https:\/\/www.facebook.com\/events\/658377858734501\/\" target=\"_blank\" rel=\"noreferrer noopener\">Latino Party<\/a> la Irish Pub Erol.<\/p>\n\n\n\n<p class=\"wp-block-paragraph\">Cha-Cha, Rumba sau Salsa, \u00ee\u021bi po\u021bi alege stilul care te reprezint\u0103, iar Irish Pub Erol te premiaz\u0103 pentru cel mai bun dans. DJ Radu are piesele preg\u0103tite pentru a \u00eencinge atmosfera p\u00e2n\u0103 \u00een zorii zilei.<\/p>\n\n\n\n<p class=\"wp-block-paragraph\">S\u00e2mb\u0103t\u0103, de la 22:00, <a href=\"https:\/\/www.facebook.com\/events\/1136174580465084\/\" target=\"_blank\" rel=\"noreferrer noopener\">Dj Carlos \/ 19 martie \/ Club Kalabria<\/a> la Club Kalabria.<\/p>\n\n\n\n<p class=\"wp-block-paragraph\">Weekendurile cu petrecere cotinu\u0103 \u00een Kalabria, iar vineri seara DJ Carlos va \u00eencinge atmosfera. Carlos este un renumit DJ din Cluj-Napoca, iar de-a lungul carierei sale a fost rezident la cele mai importante cluburi din ora\u0219ul s\u0103u natal, din 2014 p\u00e2n\u0103 \u00een prezent rezident \u00een club Noa.<\/p>\n\n\n\n<p class=\"wp-block-paragraph\">Duminic\u0103, de la 12:00, <a href=\"https:\/\/www.facebook.com\/events\/618044952628801\/\" target=\"_blank\" rel=\"noreferrer noopener\">Erus \u0219i Valea Iubirii | Teatru la Cinema<\/a> la Inspire Cinema Alba Iulia.<\/p>\n\n\n\n<p class=\"wp-block-paragraph\">Un spectacol proiectat pe marele ecran \u00een cadrul campaniei ,,Hai la teatru \u00een ora\u0219ul t\u0103u!\u201d.<\/p>\n\n\n\n<p class=\"wp-block-paragraph\"><\/p>\n\n\n\n<figure class=\"wp-block-image size-large\"><img loading=\"lazy\" decoding=\"async\" width=\"1280\" height=\"670\" src=\"https:\/\/urbeamea.ro\/albaiulia\/wp-content\/uploads\/2022\/03\/275801871_10159891313363270_4657801747565048906_n-1280x670.jpg\" alt=\"\" class=\"wp-image-100795\" srcset=\"https:\/\/urbeamea.ro\/albaiulia\/wp-content\/uploads\/2022\/03\/275801871_10159891313363270_4657801747565048906_n-1280x670.jpg 1280w, https:\/\/urbeamea.ro\/albaiulia\/wp-content\/uploads\/2022\/03\/275801871_10159891313363270_4657801747565048906_n-640x335.jpg 640w, https:\/\/urbeamea.ro\/albaiulia\/wp-content\/uploads\/2022\/03\/275801871_10159891313363270_4657801747565048906_n-150x79.jpg 150w, https:\/\/urbeamea.ro\/albaiulia\/wp-content\/uploads\/2022\/03\/275801871_10159891313363270_4657801747565048906_n-768x402.jpg 768w, https:\/\/urbeamea.ro\/albaiulia\/wp-content\/uploads\/2022\/03\/275801871_10159891313363270_4657801747565048906_n-1536x804.jpg 1536w, https:\/\/urbeamea.ro\/albaiulia\/wp-content\/uploads\/2022\/03\/275801871_10159891313363270_4657801747565048906_n.jpg 1600w\" sizes=\"auto, (max-width: 1280px) 100vw, 1280px\" \/><\/figure>\n\n\n\n<p class=\"wp-block-paragraph\">Duminic\u0103, de la 19:30, <a href=\"https:\/\/www.facebook.com\/events\/318546713492002\/\" target=\"_blank\" rel=\"noreferrer noopener\">Stand Up Comedy cu Victor Bara &#8211; Traume si Alcool @ Alba Iulia<\/a> la Pub Skit&#8217; 77.<\/p>\n\n\n\n<p class=\"wp-block-paragraph\">Te-ai s\u0103turat de poantele obi\u0219nuite din comediile previzibile? Nu ai mai r\u00e2s de foarte mult timp cu pofta? Dac\u0103 r\u0103spunsul t\u0103u este afirmativ, atunci e\u0219ti invitat la un show senza\u021bional cu Victor B\u0103ra, un show la care vei r\u00e2de cu lacrimi \u00een mod compulsiv. Nu uita s\u0103-\u021bi iei \u0219i ga\u0219ca&#8230; pentru a r\u00e2de \u00eempreun\u0103.<\/p>\n\n\n\n<p class=\"wp-block-paragraph\">Dac\u0103 niciunul dintre aceste evenimente nu te-a convins, nu uita c\u0103 po\u021bi, oric\u00e2nd, ie\u0219i la z\u0103pad\u0103, schi \u0219i snowboard la domeniile schiabile de prin apropiere: \u0218ureanu, Voineasa, Arena Plato\u0219, P\u0103ltini\u0219, Arie\u0219eni, Buscat, B\u0103i\u0219oara, M\u0103ri\u0219el, Par\u00e2ng sau Straja.<\/p>\n\n\n\n<p class=\"wp-block-paragraph\">Articol realizat cu ajutorul prietenului nostru urban, Marius Rusu.<\/p>\n","protected":false},"excerpt":{"rendered":"<p>Odat\u0103 cu eliminarea restric\u021biilor tot mai multe posibilit\u0103\u021bi, evenimente \u0219i ac\u021biuni de petrecere a timpului liber prin Alba Iulia \u0219i prin apropiere se ivesc. \u00cen acest weekend po\u021bi lua parte la c\u00e2teva petreceri \u00een cluburi sau prin baruri, drume\u021bii prin natur\u0103, pe munte, competi\u021bii de schi, un show de stand-up comedy sau proiec\u021bie de spectacol &hellip;<\/p>\n","protected":false},"author":5,"featured_media":98638,"comment_status":"open","ping_status":"open","sticky":false,"template":"","format":"standard","meta":{"inline_featured_image":false,"footnotes":""},"categories":[4],"tags":[23798,23799,23776,24089],"class_list":["post-100788","post","type-post","status-publish","format-standard","has-post-thumbnail","hentry","category-eveniment","tag-evenimente-azi","tag-evenimente-maine","tag-evenimente-weekendul-acesta","tag-lista-evenimente-alba"],"yoast_head":"<!-- This site is optimized with the Yoast SEO plugin v28.3 - https:\/\/yoast.com\/product\/yoast-seo-wordpress\/ -->\n<title>List\u0103 evenimente Alba Iulia \u0219i \u00eemprejurimi \u00een weekend-ul 18-20 martie - Revista Urbea Mea - Revista de Alba<\/title>\n<meta name=\"description\" content=\"Odat\u0103 cu eliminarea restric\u021biilor tot mai multe posibilit\u0103\u021bi, evenimente \u0219i ac\u021biuni de petrecere a timpului liber prin Alba Iulia \u0219i prin apropiere se\" \/>\n<meta name=\"robots\" content=\"index, follow, max-snippet:-1, max-image-preview:large, max-video-preview:-1\" \/>\n<link rel=\"canonical\" href=\"https:\/\/urbeamea.ro\/albaiulia\/lista-evenimente-alba-iulia-si-imprejurimi-in-weekend-ul-18-20-martie\/\" \/>\n<meta name=\"twitter:card\" content=\"summary_large_image\" \/>\n<meta name=\"twitter:title\" content=\"List\u0103 evenimente Alba Iulia \u0219i \u00eemprejurimi \u00een weekend-ul 18-20 martie - Revista Urbea Mea - Revista de Alba\" \/>\n<meta name=\"twitter:description\" content=\"Odat\u0103 cu eliminarea restric\u021biilor tot mai multe posibilit\u0103\u021bi, evenimente \u0219i ac\u021biuni de petrecere a timpului liber prin Alba Iulia \u0219i prin apropiere se\" \/>\n<meta name=\"twitter:image\" content=\"https:\/\/urbeamea.ro\/albaiulia\/wp-content\/uploads\/2021\/10\/img_postare-evenimente-optim.jpg\" \/>\n<meta name=\"twitter:creator\" content=\"@urbeameaweb\" \/>\n<meta name=\"twitter:site\" content=\"@urbeameaweb\" \/>\n<script type=\"application\/ld+json\" class=\"yoast-schema-graph\">{\"@context\":\"https:\\\/\\\/schema.org\",\"@graph\":[{\"@type\":\"Article\",\"@id\":\"https:\\\/\\\/urbeamea.ro\\\/albaiulia\\\/lista-evenimente-alba-iulia-si-imprejurimi-in-weekend-ul-18-20-martie\\\/#article\",\"isPartOf\":{\"@id\":\"https:\\\/\\\/urbeamea.ro\\\/albaiulia\\\/lista-evenimente-alba-iulia-si-imprejurimi-in-weekend-ul-18-20-martie\\\/\"},\"author\":{\"name\":\"Bogdan P\u0103unescu\",\"@id\":\"https:\\\/\\\/urbeamea.ro\\\/albaiulia\\\/#\\\/schema\\\/person\\\/a115373ce8153754c6b084232d985956\"},\"headline\":\"List\u0103 evenimente Alba Iulia \u0219i \u00eemprejurimi \u00een weekend-ul 18-20 martie\",\"datePublished\":\"2022-03-18T12:27:45+00:00\",\"dateModified\":\"2022-03-18T12:27:47+00:00\",\"mainEntityOfPage\":{\"@id\":\"https:\\\/\\\/urbeamea.ro\\\/albaiulia\\\/lista-evenimente-alba-iulia-si-imprejurimi-in-weekend-ul-18-20-martie\\\/\"},\"wordCount\":750,\"commentCount\":0,\"image\":{\"@id\":\"https:\\\/\\\/urbeamea.ro\\\/albaiulia\\\/lista-evenimente-alba-iulia-si-imprejurimi-in-weekend-ul-18-20-martie\\\/#primaryimage\"},\"thumbnailUrl\":\"https:\\\/\\\/urbeamea.ro\\\/albaiulia\\\/wp-content\\\/uploads\\\/2021\\\/10\\\/img_postare-evenimente-optim.jpg\",\"keywords\":[\"Evenimente azi\",\"Evenimente maine\",\"Evenimente weekendul acesta\",\"Lista evenimente Alba\"],\"articleSection\":[\"Evenimente\"],\"inLanguage\":\"ro-RO\",\"potentialAction\":[{\"@type\":\"CommentAction\",\"name\":\"Comment\",\"target\":[\"https:\\\/\\\/urbeamea.ro\\\/albaiulia\\\/lista-evenimente-alba-iulia-si-imprejurimi-in-weekend-ul-18-20-martie\\\/#respond\"]}]},{\"@type\":\"WebPage\",\"@id\":\"https:\\\/\\\/urbeamea.ro\\\/albaiulia\\\/lista-evenimente-alba-iulia-si-imprejurimi-in-weekend-ul-18-20-martie\\\/\",\"url\":\"https:\\\/\\\/urbeamea.ro\\\/albaiulia\\\/lista-evenimente-alba-iulia-si-imprejurimi-in-weekend-ul-18-20-martie\\\/\",\"name\":\"List\u0103 evenimente Alba Iulia \u0219i \u00eemprejurimi \u00een weekend-ul 18-20 martie - Revista Urbea Mea - Revista de Alba\",\"isPartOf\":{\"@id\":\"https:\\\/\\\/urbeamea.ro\\\/albaiulia\\\/#website\"},\"primaryImageOfPage\":{\"@id\":\"https:\\\/\\\/urbeamea.ro\\\/albaiulia\\\/lista-evenimente-alba-iulia-si-imprejurimi-in-weekend-ul-18-20-martie\\\/#primaryimage\"},\"image\":{\"@id\":\"https:\\\/\\\/urbeamea.ro\\\/albaiulia\\\/lista-evenimente-alba-iulia-si-imprejurimi-in-weekend-ul-18-20-martie\\\/#primaryimage\"},\"thumbnailUrl\":\"https:\\\/\\\/urbeamea.ro\\\/albaiulia\\\/wp-content\\\/uploads\\\/2021\\\/10\\\/img_postare-evenimente-optim.jpg\",\"datePublished\":\"2022-03-18T12:27:45+00:00\",\"dateModified\":\"2022-03-18T12:27:47+00:00\",\"author\":{\"@id\":\"https:\\\/\\\/urbeamea.ro\\\/albaiulia\\\/#\\\/schema\\\/person\\\/a115373ce8153754c6b084232d985956\"},\"description\":\"Odat\u0103 cu eliminarea restric\u021biilor tot mai multe posibilit\u0103\u021bi, evenimente \u0219i ac\u021biuni de petrecere a timpului liber prin Alba Iulia \u0219i prin apropiere se\",\"breadcrumb\":{\"@id\":\"https:\\\/\\\/urbeamea.ro\\\/albaiulia\\\/lista-evenimente-alba-iulia-si-imprejurimi-in-weekend-ul-18-20-martie\\\/#breadcrumb\"},\"inLanguage\":\"ro-RO\",\"potentialAction\":[{\"@type\":\"ReadAction\",\"target\":[\"https:\\\/\\\/urbeamea.ro\\\/albaiulia\\\/lista-evenimente-alba-iulia-si-imprejurimi-in-weekend-ul-18-20-martie\\\/\"]}]},{\"@type\":\"ImageObject\",\"inLanguage\":\"ro-RO\",\"@id\":\"https:\\\/\\\/urbeamea.ro\\\/albaiulia\\\/lista-evenimente-alba-iulia-si-imprejurimi-in-weekend-ul-18-20-martie\\\/#primaryimage\",\"url\":\"https:\\\/\\\/urbeamea.ro\\\/albaiulia\\\/wp-content\\\/uploads\\\/2021\\\/10\\\/img_postare-evenimente-optim.jpg\",\"contentUrl\":\"https:\\\/\\\/urbeamea.ro\\\/albaiulia\\\/wp-content\\\/uploads\\\/2021\\\/10\\\/img_postare-evenimente-optim.jpg\",\"width\":1200,\"height\":1000},{\"@type\":\"BreadcrumbList\",\"@id\":\"https:\\\/\\\/urbeamea.ro\\\/albaiulia\\\/lista-evenimente-alba-iulia-si-imprejurimi-in-weekend-ul-18-20-martie\\\/#breadcrumb\",\"itemListElement\":[{\"@type\":\"ListItem\",\"position\":1,\"name\":\"Prima pagin\u0103\",\"item\":\"https:\\\/\\\/urbeamea.ro\\\/albaiulia\\\/\"},{\"@type\":\"ListItem\",\"position\":2,\"name\":\"List\u0103 evenimente Alba Iulia \u0219i \u00eemprejurimi \u00een weekend-ul 18-20 martie\"}]},{\"@type\":\"WebSite\",\"@id\":\"https:\\\/\\\/urbeamea.ro\\\/albaiulia\\\/#website\",\"url\":\"https:\\\/\\\/urbeamea.ro\\\/albaiulia\\\/\",\"name\":\"Revista Urbea Mea, Stiri urbane\",\"description\":\"Evenimente \u0219i \u0219tiri din Alba Iulia, Sebe\u0219, Aiud, Blaj\",\"potentialAction\":[{\"@type\":\"SearchAction\",\"target\":{\"@type\":\"EntryPoint\",\"urlTemplate\":\"https:\\\/\\\/urbeamea.ro\\\/albaiulia\\\/?s={search_term_string}\"},\"query-input\":{\"@type\":\"PropertyValueSpecification\",\"valueRequired\":true,\"valueName\":\"search_term_string\"}}],\"inLanguage\":\"ro-RO\"},{\"@type\":\"Person\",\"@id\":\"https:\\\/\\\/urbeamea.ro\\\/albaiulia\\\/#\\\/schema\\\/person\\\/a115373ce8153754c6b084232d985956\",\"name\":\"Bogdan P\u0103unescu\",\"image\":{\"@type\":\"ImageObject\",\"inLanguage\":\"ro-RO\",\"@id\":\"https:\\\/\\\/secure.gravatar.com\\\/avatar\\\/f72aa881b5a32ea110a53aabc2049429e3ff68fcb09d283722d01fbf330e9dd9?s=96&d=mm&r=g\",\"url\":\"https:\\\/\\\/secure.gravatar.com\\\/avatar\\\/f72aa881b5a32ea110a53aabc2049429e3ff68fcb09d283722d01fbf330e9dd9?s=96&d=mm&r=g\",\"contentUrl\":\"https:\\\/\\\/secure.gravatar.com\\\/avatar\\\/f72aa881b5a32ea110a53aabc2049429e3ff68fcb09d283722d01fbf330e9dd9?s=96&d=mm&r=g\",\"caption\":\"Bogdan P\u0103unescu\"},\"description\":\"\u00cemi place tot ceea ce este legat de web \u015fi ajut la dezvoltarea \u015fi \u00eembun\u0103t\u0103\u0163irea lui prin tot ceea ce fac.\",\"sameAs\":[\"https:\\\/\\\/www.artonmedia.ro\",\"https:\\\/\\\/www.facebook.com\\\/bogdanvpaunescu\"],\"url\":\"https:\\\/\\\/urbeamea.ro\\\/albaiulia\\\/author\\\/bogdan-paunescu\\\/\"}]}<\/script>\n<!-- \/ Yoast SEO plugin. -->","yoast_head_json":{"title":"List\u0103 evenimente Alba Iulia \u0219i \u00eemprejurimi \u00een weekend-ul 18-20 martie - Revista Urbea Mea - Revista de Alba","description":"Odat\u0103 cu eliminarea restric\u021biilor tot mai multe posibilit\u0103\u021bi, evenimente \u0219i ac\u021biuni de petrecere a timpului liber prin Alba Iulia \u0219i prin apropiere se","robots":{"index":"index","follow":"follow","max-snippet":"max-snippet:-1","max-image-preview":"max-image-preview:large","max-video-preview":"max-video-preview:-1"},"canonical":"https:\/\/urbeamea.ro\/albaiulia\/lista-evenimente-alba-iulia-si-imprejurimi-in-weekend-ul-18-20-martie\/","twitter_card":"summary_large_image","twitter_title":"List\u0103 evenimente Alba Iulia \u0219i \u00eemprejurimi \u00een weekend-ul 18-20 martie - Revista Urbea Mea - Revista de Alba","twitter_description":"Odat\u0103 cu eliminarea restric\u021biilor tot mai multe posibilit\u0103\u021bi, evenimente \u0219i ac\u021biuni de petrecere a timpului liber prin Alba Iulia \u0219i prin apropiere se","twitter_image":"https:\/\/urbeamea.ro\/albaiulia\/wp-content\/uploads\/2021\/10\/img_postare-evenimente-optim.jpg","twitter_creator":"@urbeameaweb","twitter_site":"@urbeameaweb","schema":{"@context":"https:\/\/schema.org","@graph":[{"@type":"Article","@id":"https:\/\/urbeamea.ro\/albaiulia\/lista-evenimente-alba-iulia-si-imprejurimi-in-weekend-ul-18-20-martie\/#article","isPartOf":{"@id":"https:\/\/urbeamea.ro\/albaiulia\/lista-evenimente-alba-iulia-si-imprejurimi-in-weekend-ul-18-20-martie\/"},"author":{"name":"Bogdan P\u0103unescu","@id":"https:\/\/urbeamea.ro\/albaiulia\/#\/schema\/person\/a115373ce8153754c6b084232d985956"},"headline":"List\u0103 evenimente Alba Iulia \u0219i \u00eemprejurimi \u00een weekend-ul 18-20 martie","datePublished":"2022-03-18T12:27:45+00:00","dateModified":"2022-03-18T12:27:47+00:00","mainEntityOfPage":{"@id":"https:\/\/urbeamea.ro\/albaiulia\/lista-evenimente-alba-iulia-si-imprejurimi-in-weekend-ul-18-20-martie\/"},"wordCount":750,"commentCount":0,"image":{"@id":"https:\/\/urbeamea.ro\/albaiulia\/lista-evenimente-alba-iulia-si-imprejurimi-in-weekend-ul-18-20-martie\/#primaryimage"},"thumbnailUrl":"https:\/\/urbeamea.ro\/albaiulia\/wp-content\/uploads\/2021\/10\/img_postare-evenimente-optim.jpg","keywords":["Evenimente azi","Evenimente maine","Evenimente weekendul acesta","Lista evenimente Alba"],"articleSection":["Evenimente"],"inLanguage":"ro-RO","potentialAction":[{"@type":"CommentAction","name":"Comment","target":["https:\/\/urbeamea.ro\/albaiulia\/lista-evenimente-alba-iulia-si-imprejurimi-in-weekend-ul-18-20-martie\/#respond"]}]},{"@type":"WebPage","@id":"https:\/\/urbeamea.ro\/albaiulia\/lista-evenimente-alba-iulia-si-imprejurimi-in-weekend-ul-18-20-martie\/","url":"https:\/\/urbeamea.ro\/albaiulia\/lista-evenimente-alba-iulia-si-imprejurimi-in-weekend-ul-18-20-martie\/","name":"List\u0103 evenimente Alba Iulia \u0219i \u00eemprejurimi \u00een weekend-ul 18-20 martie - Revista Urbea Mea - Revista de Alba","isPartOf":{"@id":"https:\/\/urbeamea.ro\/albaiulia\/#website"},"primaryImageOfPage":{"@id":"https:\/\/urbeamea.ro\/albaiulia\/lista-evenimente-alba-iulia-si-imprejurimi-in-weekend-ul-18-20-martie\/#primaryimage"},"image":{"@id":"https:\/\/urbeamea.ro\/albaiulia\/lista-evenimente-alba-iulia-si-imprejurimi-in-weekend-ul-18-20-martie\/#primaryimage"},"thumbnailUrl":"https:\/\/urbeamea.ro\/albaiulia\/wp-content\/uploads\/2021\/10\/img_postare-evenimente-optim.jpg","datePublished":"2022-03-18T12:27:45+00:00","dateModified":"2022-03-18T12:27:47+00:00","author":{"@id":"https:\/\/urbeamea.ro\/albaiulia\/#\/schema\/person\/a115373ce8153754c6b084232d985956"},"description":"Odat\u0103 cu eliminarea restric\u021biilor tot mai multe posibilit\u0103\u021bi, evenimente \u0219i ac\u021biuni de petrecere a timpului liber prin Alba Iulia \u0219i prin apropiere se","breadcrumb":{"@id":"https:\/\/urbeamea.ro\/albaiulia\/lista-evenimente-alba-iulia-si-imprejurimi-in-weekend-ul-18-20-martie\/#breadcrumb"},"inLanguage":"ro-RO","potentialAction":[{"@type":"ReadAction","target":["https:\/\/urbeamea.ro\/albaiulia\/lista-evenimente-alba-iulia-si-imprejurimi-in-weekend-ul-18-20-martie\/"]}]},{"@type":"ImageObject","inLanguage":"ro-RO","@id":"https:\/\/urbeamea.ro\/albaiulia\/lista-evenimente-alba-iulia-si-imprejurimi-in-weekend-ul-18-20-martie\/#primaryimage","url":"https:\/\/urbeamea.ro\/albaiulia\/wp-content\/uploads\/2021\/10\/img_postare-evenimente-optim.jpg","contentUrl":"https:\/\/urbeamea.ro\/albaiulia\/wp-content\/uploads\/2021\/10\/img_postare-evenimente-optim.jpg","width":1200,"height":1000},{"@type":"BreadcrumbList","@id":"https:\/\/urbeamea.ro\/albaiulia\/lista-evenimente-alba-iulia-si-imprejurimi-in-weekend-ul-18-20-martie\/#breadcrumb","itemListElement":[{"@type":"ListItem","position":1,"name":"Prima pagin\u0103","item":"https:\/\/urbeamea.ro\/albaiulia\/"},{"@type":"ListItem","position":2,"name":"List\u0103 evenimente Alba Iulia \u0219i \u00eemprejurimi \u00een weekend-ul 18-20 martie"}]},{"@type":"WebSite","@id":"https:\/\/urbeamea.ro\/albaiulia\/#website","url":"https:\/\/urbeamea.ro\/albaiulia\/","name":"Revista Urbea Mea, Stiri urbane","description":"Evenimente \u0219i \u0219tiri din Alba Iulia, Sebe\u0219, Aiud, Blaj","potentialAction":[{"@type":"SearchAction","target":{"@type":"EntryPoint","urlTemplate":"https:\/\/urbeamea.ro\/albaiulia\/?s={search_term_string}"},"query-input":{"@type":"PropertyValueSpecification","valueRequired":true,"valueName":"search_term_string"}}],"inLanguage":"ro-RO"},{"@type":"Person","@id":"https:\/\/urbeamea.ro\/albaiulia\/#\/schema\/person\/a115373ce8153754c6b084232d985956","name":"Bogdan P\u0103unescu","image":{"@type":"ImageObject","inLanguage":"ro-RO","@id":"https:\/\/secure.gravatar.com\/avatar\/f72aa881b5a32ea110a53aabc2049429e3ff68fcb09d283722d01fbf330e9dd9?s=96&d=mm&r=g","url":"https:\/\/secure.gravatar.com\/avatar\/f72aa881b5a32ea110a53aabc2049429e3ff68fcb09d283722d01fbf330e9dd9?s=96&d=mm&r=g","contentUrl":"https:\/\/secure.gravatar.com\/avatar\/f72aa881b5a32ea110a53aabc2049429e3ff68fcb09d283722d01fbf330e9dd9?s=96&d=mm&r=g","caption":"Bogdan P\u0103unescu"},"description":"\u00cemi place tot ceea ce este legat de web \u015fi ajut la dezvoltarea \u015fi \u00eembun\u0103t\u0103\u0163irea lui prin tot ceea ce fac.","sameAs":["https:\/\/www.artonmedia.ro","https:\/\/www.facebook.com\/bogdanvpaunescu"],"url":"https:\/\/urbeamea.ro\/albaiulia\/author\/bogdan-paunescu\/"}]}},"_links":{"self":[{"href":"https:\/\/urbeamea.ro\/albaiulia\/wp-json\/wp\/v2\/posts\/100788","targetHints":{"allow":["GET"]}}],"collection":[{"href":"https:\/\/urbeamea.ro\/albaiulia\/wp-json\/wp\/v2\/posts"}],"about":[{"href":"https:\/\/urbeamea.ro\/albaiulia\/wp-json\/wp\/v2\/types\/post"}],"author":[{"embeddable":true,"href":"https:\/\/urbeamea.ro\/albaiulia\/wp-json\/wp\/v2\/users\/5"}],"replies":[{"embeddable":true,"href":"https:\/\/urbeamea.ro\/albaiulia\/wp-json\/wp\/v2\/comments?post=100788"}],"version-history":[{"count":2,"href":"https:\/\/urbeamea.ro\/albaiulia\/wp-json\/wp\/v2\/posts\/100788\/revisions"}],"predecessor-version":[{"id":100796,"href":"https:\/\/urbeamea.ro\/albaiulia\/wp-json\/wp\/v2\/posts\/100788\/revisions\/100796"}],"wp:featuredmedia":[{"embeddable":true,"href":"https:\/\/urbeamea.ro\/albaiulia\/wp-json\/wp\/v2\/media\/98638"}],"wp:attachment":[{"href":"https:\/\/urbeamea.ro\/albaiulia\/wp-json\/wp\/v2\/media?parent=100788"}],"wp:term":[{"taxonomy":"category","embeddable":true,"href":"https:\/\/urbeamea.ro\/albaiulia\/wp-json\/wp\/v2\/categories?post=100788"},{"taxonomy":"post_tag","embeddable":true,"href":"https:\/\/urbeamea.ro\/albaiulia\/wp-json\/wp\/v2\/tags?post=100788"}],"curies":[{"name":"wp","href":"https:\/\/api.w.org\/{rel}","templated":true}]}}