{"id":100805,"date":"2022-03-20T20:20:27","date_gmt":"2022-03-20T18:20:27","guid":{"rendered":"https:\/\/urbeamea.ro\/albaiulia\/?p=100805"},"modified":"2022-03-20T20:27:12","modified_gmt":"2022-03-20T18:27:12","slug":"11-dintre-jucatoarele-echipei-de-polo-feminin-din-kiev-junioare-se-antreneaza-traiesc-si-isi-astampara-dorul-de-casa-la-noi-in-urbe","status":"publish","type":"post","link":"https:\/\/urbeamea.ro\/albaiulia\/11-dintre-jucatoarele-echipei-de-polo-feminin-din-kiev-junioare-se-antreneaza-traiesc-si-isi-astampara-dorul-de-casa-la-noi-in-urbe\/","title":{"rendered":"11 dintre juc\u0103toarele echipei de polo feminin din Kiev, junioare, se antreneaz\u0103, tr\u0103iesc \u0219i \u00ee\u0219i ast\u00e2mp\u0103r\u0103 dorul de cas\u0103 la noi \u00een urbe"},"content":{"rendered":"\n<h3 class=\"wp-block-heading\">De la Alba Iulia, echipa de junioare la polo feminin a Kievului transmite un mesaj antrenorilor r\u0103ma\u0219i \u00een capitala Ucrainei: \u201eNu am uitat nimic! Ne \u00eentoarcem \u0219i batem tot!\u201d<\/h3>\n\n\n\n<p class=\"wp-block-paragraph\">Disciplin\u0103, conduit\u0103, atitudine cinstit\u0103, leal\u0103, plin\u0103 de respect a unui sportiv fa\u021b\u0103 de partenerii \u0219i de adversarii s\u0103i, a\u0219a este definit\u0103 sportivitatea. Iar <strong>Dorofea V\u00eertosu<\/strong>, la doar 15 ani, legitimat\u0103 la Clubul Sportiv Municipal Unirea, parte din lotul na\u021bional de polo al Rom\u00e2niei, ne d\u0103 ast\u0103zi o lec\u021bie de sportivitate pe care am onoarea s\u0103 v-o relatez eu, \u00een urma unei \u00eent\u00e2lniri care mie, la un nivel profund personal, \u00eemi ridic\u0103 \u0219tacheta!<\/p>\n\n\n\n<p class=\"wp-block-paragraph\">\u00cen 24 februarie izbucnea r\u0103zboiul \u00een Ucraina, iar Dorofea, \u0219i ea \u201eadoptat\u0103\u201d de Alba Iulia \u00een urm\u0103 cu 2 ani, pentru c\u0103, de loc, este din ora\u0219ul Orhei, Republica Moldova, nu a mai avut nici ea pace. Adversarele ei, din echipa de polo feminin a Kievului, multe \u0219i \u00een lotul na\u021bional al Ucrainei, se aflau \u00een raza direct\u0103 de ac\u021biune a rachetelor ruse\u0219ti, iar situa\u021bia escalada de la o zi la alta. Trebuia s\u0103 fac\u0103 ceva! Cumva, trebuia s\u0103 le ajute! Dar cum? Pe fete le-a \u00eent\u00e2lnit pe la competi\u021bii, cu unele schimbase num\u0103rul de telefon, a \u00eencercat s\u0103 le sune, dar ce s\u0103 vezi, \u00een ad\u0103postul antiatomic nu prea e semnal&#8230;<\/p>\n\n\n\n<p class=\"wp-block-paragraph\">Cu ajutorul antrenorilor, <strong>Ovidiu \u0219i Dorin Pocol<\/strong>, a luat leg\u0103tura cu omologii lor, de la echipa KIYANOCHKA a Kievului, \u0219i le-a transmis c\u0103 Alba Iulia e preg\u0103tit\u0103 s\u0103-i primeasc\u0103, s\u0103-i cazeze \u0219i s\u0103 le asigure accesul la Bazinul Olimpic, pentru ca sportivele s\u0103-\u0219i poat\u0103 continua antrenamentele, p\u0103str\u00e2nd ritmul \u0219i stilul de via\u021b\u0103 cazon, cu care erau deja obi\u0219nuite.<\/p>\n\n\n\n<p class=\"wp-block-paragraph\">\u00cen urm\u0103 cu doar c\u00e2teva zile, 11 dintre cele 15 juc\u0103toare ale echipei de polo a Kievului, cu v\u00e2rste \u00eentre <strong>12<\/strong> \u0219i <strong>17<\/strong> ani, au ajuns \u00een Alba Iulia. Le \u00eenso\u021be\u0219te o mam\u0103, at\u00e2t. Sunt cazate la un c\u0103min pentru studen\u021bi din ora\u0219, iar acesta este primul sf\u00e2r\u0219it de s\u0103pt\u0103m\u00e2n\u0103 \u00een care programul le permite s\u0103 mai exploreze ora\u0219ul. Se antreneaz\u0103 intensiv, \u00een serii de c\u00e2teva ore, \u0219i diminea\u021ba \u0219i seara, al\u0103turi de sportivii din Alba Iulia, iar \u00eentre antrenamente intr\u0103 online, la \u0219coal\u0103, cu profesorii din Ucraina. \u00cen pu\u021binul timp liber r\u0103mas, fac teme, iar de ieri au \u00eenceput \u0219i lec\u021biile de limba rom\u00e2n\u0103, pentru a se putea descurca mai u\u0219or la noi.<\/p>\n\n\n\n<p class=\"wp-block-paragraph\">\u00cen rol de gazd\u0103, traduc\u0103tor, prieten, liantul dintre ele \u0219i noi, Dorofea! Mereu acolo, mereu gata s\u0103 le ajute!<\/p>\n\n\n\n<p class=\"wp-block-paragraph\">Face\u021bi cuno\u0219tin\u021b\u0103 cu <strong>Agata Yurieva, Anastasiia Lenska, Lilia Kravchenko, Kateryna Naumenko, Oleksandra Pogrebniak, Myroslava Chentsova, Anna Chentsova, Anastasia Veremiienko, Iryna Biletska, Yelyzaveta Chorna, Viktoriia Tymoshenko<\/strong>! Asemenea p\u0103rin\u021bilor, cona\u021bionalilor, campioanele Kievului nu renun\u021b\u0103!<\/p>\n\n\n\n<p class=\"wp-block-paragraph\">Au \u0219i un mesaj pentru antrenorii lor, <strong>Natalia Melniciuc Anatolievna \u0219i Lebedev Mikhail Eugenievich<\/strong>, r\u0103ma\u0219i \u00een capitala Ucrainei: \u201eV\u0103 aminti\u021bi c\u00e2nd ne mustra\u021bi, sau ne f\u0103cea\u021bi vreo observa\u021bie, legat\u0103 de polo sau de via\u021b\u0103? Acum ne pare r\u0103u pentru toate d\u0103\u021bile \u00een care nu am respectat \u00eentocmai vorba voastr\u0103. Acum ne este clar tot ce \u00eencerca\u021bi s\u0103 ne \u00eenv\u0103\u021ba\u021bi, spre binele nostru. Nu am uitat niciun cuv\u00e2nt! Ne str\u0103duim s\u0103 respect\u0103m programul de antrenamente, exact a\u0219a cum ne-a\u021bi \u00eenv\u0103\u021bat. Ne \u00eentoarcem \u0219i-i batem pe to\u021bi!<\/p>\n\n\n\n<p class=\"wp-block-paragraph\">\u00cen privin\u021ba evolu\u021biei noastre, nu v\u0103 \u00eengrijora\u021bi, Alexandra (portarul echipei) nu mai pierde 10 mingi, doar 8! J\u201d<\/p>\n\n\n\n<p class=\"wp-block-paragraph\">Pentru echipa advers\u0103, cea din Harkov, cu care au f\u0103cut meci egal, iar \u00een martie urma s\u0103 se joace departajarea, dar nu s-a mai putut, nu au avut dec\u00e2t un mesaj de \u00eencurajare: Va fi bine!<\/p>\n\n\n\n<p class=\"wp-block-paragraph\">Le e dor de cas\u0103, de familii, de prieteni \u0219i colegi! De firescul vie\u021bii lor, \u00eenainte de izbucnirea r\u0103zboiului, un r\u0103zboi despre care nici nu am vrut s\u0103 le \u00eentreb, nici ele nu vor s\u0103 vorbeasc\u0103. Am avut \u00eens\u0103 curiozitatea s\u0103 \u0219tiu ce le lipse\u0219te aici, ce ar fi luat de acas\u0103 \u0219i nu s-a putut. Agatei \u00eei lipse\u0219te motanul Timothey, Anastasiiei, c\u0103\u021belul Charlie, Lilia &nbsp;(\u00een 29 martie este ziua ei de na\u0219tere!) \u0219i-ar fi luat uculelele, e la mod\u0103 acest instrument muzical printre tinerii ucraineni, Iryna l-ar vrea pe Prince, pisoiul r\u0103mas \u00een Kiev, Yelyzaveta \u00eei duce dorul lui Djeny, c\u0103\u021belul familiei, iar Victoriiei \u00eei lipse\u0219te plu\u0219ul sub form\u0103 de rechin, pe care \u0219i l-a cump\u0103rat de la Ikea.<\/p>\n\n\n\n<p class=\"wp-block-paragraph\">\u00cen unanimitate, le e dor de un bor\u0219 de cas\u0103! Am promis c\u0103 rezolv!<\/p>\n\n\n\n<p class=\"wp-block-paragraph\">Mul\u021bumesc, Dorofea! \u0421\u043f\u0430\u0441\u0438\u0431\u043e \u0434\u0435\u0432\u043e\u0447\u043a\u0438!\/Spasiba devociki!(Mul\u021bumesc, fetelor!)<\/p>\n\n\n\n<figure class=\"wp-block-gallery has-nested-images columns-default is-cropped wp-block-gallery-1 is-layout-flex wp-block-gallery-is-layout-flex\">\n<figure class=\"wp-block-image size-full\"><a href=\"https:\/\/urbeamea.ro\/albaiulia\/wp-content\/uploads\/2022\/03\/WhatsApp-Image-2022-03-20-at-15.48.30.jpeg\"><img loading=\"lazy\" decoding=\"async\" width=\"750\" height=\"435\" data-id=\"100806\" src=\"https:\/\/urbeamea.ro\/albaiulia\/wp-content\/uploads\/2022\/03\/WhatsApp-Image-2022-03-20-at-15.48.30.jpeg\" alt=\"\" class=\"wp-image-100806\" srcset=\"https:\/\/urbeamea.ro\/albaiulia\/wp-content\/uploads\/2022\/03\/WhatsApp-Image-2022-03-20-at-15.48.30.jpeg 750w, https:\/\/urbeamea.ro\/albaiulia\/wp-content\/uploads\/2022\/03\/WhatsApp-Image-2022-03-20-at-15.48.30-640x371.jpeg 640w, https:\/\/urbeamea.ro\/albaiulia\/wp-content\/uploads\/2022\/03\/WhatsApp-Image-2022-03-20-at-15.48.30-150x87.jpeg 150w\" sizes=\"auto, (max-width: 750px) 100vw, 750px\" \/><\/a><\/figure>\n\n\n\n<figure class=\"wp-block-image size-large\"><a href=\"https:\/\/urbeamea.ro\/albaiulia\/wp-content\/uploads\/2022\/03\/WhatsApp-Image-2022-03-20-at-15.46.05.jpeg\"><img loading=\"lazy\" decoding=\"async\" width=\"750\" height=\"1334\" data-id=\"100807\" src=\"https:\/\/urbeamea.ro\/albaiulia\/wp-content\/uploads\/2022\/03\/WhatsApp-Image-2022-03-20-at-15.46.05.jpeg\" alt=\"\" class=\"wp-image-100807\" srcset=\"https:\/\/urbeamea.ro\/albaiulia\/wp-content\/uploads\/2022\/03\/WhatsApp-Image-2022-03-20-at-15.46.05.jpeg 750w, https:\/\/urbeamea.ro\/albaiulia\/wp-content\/uploads\/2022\/03\/WhatsApp-Image-2022-03-20-at-15.46.05-360x640.jpeg 360w, https:\/\/urbeamea.ro\/albaiulia\/wp-content\/uploads\/2022\/03\/WhatsApp-Image-2022-03-20-at-15.46.05-720x1280.jpeg 720w, https:\/\/urbeamea.ro\/albaiulia\/wp-content\/uploads\/2022\/03\/WhatsApp-Image-2022-03-20-at-15.46.05-84x150.jpeg 84w\" sizes=\"auto, (max-width: 750px) 100vw, 750px\" \/><\/a><\/figure>\n\n\n\n<figure class=\"wp-block-image size-large\"><a href=\"https:\/\/urbeamea.ro\/albaiulia\/wp-content\/uploads\/2022\/03\/WhatsApp-Image-2022-03-20-at-15.47.44.jpeg\"><img loading=\"lazy\" decoding=\"async\" width=\"750\" height=\"1125\" data-id=\"100812\" src=\"https:\/\/urbeamea.ro\/albaiulia\/wp-content\/uploads\/2022\/03\/WhatsApp-Image-2022-03-20-at-15.47.44.jpeg\" alt=\"\" class=\"wp-image-100812\" srcset=\"https:\/\/urbeamea.ro\/albaiulia\/wp-content\/uploads\/2022\/03\/WhatsApp-Image-2022-03-20-at-15.47.44.jpeg 750w, https:\/\/urbeamea.ro\/albaiulia\/wp-content\/uploads\/2022\/03\/WhatsApp-Image-2022-03-20-at-15.47.44-427x640.jpeg 427w, https:\/\/urbeamea.ro\/albaiulia\/wp-content\/uploads\/2022\/03\/WhatsApp-Image-2022-03-20-at-15.47.44-100x150.jpeg 100w\" sizes=\"auto, (max-width: 750px) 100vw, 750px\" \/><\/a><\/figure>\n\n\n\n<figure class=\"wp-block-image size-large\"><a href=\"https:\/\/urbeamea.ro\/albaiulia\/wp-content\/uploads\/2022\/03\/WhatsApp-Image-2022-03-20-at-15.46.50.jpeg\"><img loading=\"lazy\" decoding=\"async\" width=\"750\" height=\"1000\" data-id=\"100809\" src=\"https:\/\/urbeamea.ro\/albaiulia\/wp-content\/uploads\/2022\/03\/WhatsApp-Image-2022-03-20-at-15.46.50.jpeg\" alt=\"\" class=\"wp-image-100809\" srcset=\"https:\/\/urbeamea.ro\/albaiulia\/wp-content\/uploads\/2022\/03\/WhatsApp-Image-2022-03-20-at-15.46.50.jpeg 750w, https:\/\/urbeamea.ro\/albaiulia\/wp-content\/uploads\/2022\/03\/WhatsApp-Image-2022-03-20-at-15.46.50-480x640.jpeg 480w, https:\/\/urbeamea.ro\/albaiulia\/wp-content\/uploads\/2022\/03\/WhatsApp-Image-2022-03-20-at-15.46.50-113x150.jpeg 113w\" sizes=\"auto, (max-width: 750px) 100vw, 750px\" \/><\/a><\/figure>\n\n\n\n<figure class=\"wp-block-image size-large\"><a href=\"https:\/\/urbeamea.ro\/albaiulia\/wp-content\/uploads\/2022\/03\/WhatsApp-Image-2022-03-20-at-15.47.07.jpeg\"><img loading=\"lazy\" decoding=\"async\" width=\"750\" height=\"1000\" data-id=\"100810\" src=\"https:\/\/urbeamea.ro\/albaiulia\/wp-content\/uploads\/2022\/03\/WhatsApp-Image-2022-03-20-at-15.47.07.jpeg\" alt=\"\" class=\"wp-image-100810\" srcset=\"https:\/\/urbeamea.ro\/albaiulia\/wp-content\/uploads\/2022\/03\/WhatsApp-Image-2022-03-20-at-15.47.07.jpeg 750w, https:\/\/urbeamea.ro\/albaiulia\/wp-content\/uploads\/2022\/03\/WhatsApp-Image-2022-03-20-at-15.47.07-480x640.jpeg 480w, https:\/\/urbeamea.ro\/albaiulia\/wp-content\/uploads\/2022\/03\/WhatsApp-Image-2022-03-20-at-15.47.07-113x150.jpeg 113w\" sizes=\"auto, (max-width: 750px) 100vw, 750px\" \/><\/a><\/figure>\n\n\n\n<figure class=\"wp-block-image size-large\"><a href=\"https:\/\/urbeamea.ro\/albaiulia\/wp-content\/uploads\/2022\/03\/WhatsApp-Image-2022-03-20-at-15.47.26.jpeg\"><img loading=\"lazy\" decoding=\"async\" width=\"750\" height=\"563\" data-id=\"100811\" src=\"https:\/\/urbeamea.ro\/albaiulia\/wp-content\/uploads\/2022\/03\/WhatsApp-Image-2022-03-20-at-15.47.26.jpeg\" alt=\"\" class=\"wp-image-100811\" srcset=\"https:\/\/urbeamea.ro\/albaiulia\/wp-content\/uploads\/2022\/03\/WhatsApp-Image-2022-03-20-at-15.47.26.jpeg 750w, https:\/\/urbeamea.ro\/albaiulia\/wp-content\/uploads\/2022\/03\/WhatsApp-Image-2022-03-20-at-15.47.26-640x480.jpeg 640w, https:\/\/urbeamea.ro\/albaiulia\/wp-content\/uploads\/2022\/03\/WhatsApp-Image-2022-03-20-at-15.47.26-150x113.jpeg 150w\" sizes=\"auto, (max-width: 750px) 100vw, 750px\" \/><\/a><\/figure>\n<\/figure>\n","protected":false},"excerpt":{"rendered":"<p>De la Alba Iulia, echipa de junioare la polo feminin a Kievului transmite un mesaj antrenorilor r\u0103ma\u0219i \u00een capitala Ucrainei: \u201eNu am uitat nimic! Ne \u00eentoarcem \u0219i batem tot!\u201d Disciplin\u0103, conduit\u0103, atitudine cinstit\u0103, leal\u0103, plin\u0103 de respect a unui sportiv fa\u021b\u0103 de partenerii \u0219i de adversarii s\u0103i, a\u0219a este definit\u0103 sportivitatea. Iar Dorofea V\u00eertosu, la &hellip;<\/p>\n","protected":false},"author":27,"featured_media":100808,"comment_status":"open","ping_status":"open","sticky":false,"template":"","format":"standard","meta":{"inline_featured_image":false,"footnotes":""},"categories":[1],"tags":[24090,24091],"class_list":["post-100805","post","type-post","status-publish","format-standard","has-post-thumbnail","hentry","category-stiri-urbane","tag-dorofea-virtosu","tag-polo-feminin"],"yoast_head":"<!-- This site is optimized with the Yoast SEO plugin v28.3 - https:\/\/yoast.com\/product\/yoast-seo-wordpress\/ -->\n<title>11 dintre juc\u0103toarele echipei de polo feminin din Kiev, junioare, se antreneaz\u0103, tr\u0103iesc \u0219i \u00ee\u0219i ast\u00e2mp\u0103r\u0103 dorul de cas\u0103 la noi \u00een urbe - Revista Urbea Mea - Revista de Alba<\/title>\n<meta name=\"description\" content=\"De la Alba Iulia, echipa de junioare la polo feminin a Kievului transmite un mesaj antrenorilor r\u0103ma\u0219i \u00een capitala Ucrainei: \u201eNu am uitat nimic! Ne\" \/>\n<meta name=\"robots\" content=\"index, follow, max-snippet:-1, max-image-preview:large, max-video-preview:-1\" \/>\n<link rel=\"canonical\" href=\"https:\/\/urbeamea.ro\/albaiulia\/11-dintre-jucatoarele-echipei-de-polo-feminin-din-kiev-junioare-se-antreneaza-traiesc-si-isi-astampara-dorul-de-casa-la-noi-in-urbe\/\" \/>\n<meta name=\"twitter:card\" content=\"summary_large_image\" \/>\n<meta name=\"twitter:title\" content=\"11 dintre juc\u0103toarele echipei de polo feminin din Kiev, junioare, se antreneaz\u0103, tr\u0103iesc \u0219i \u00ee\u0219i ast\u00e2mp\u0103r\u0103 dorul de cas\u0103 la noi \u00een urbe - Revista Urbea Mea - Revista de Alba\" \/>\n<meta name=\"twitter:description\" content=\"De la Alba Iulia, echipa de junioare la polo feminin a Kievului transmite un mesaj antrenorilor r\u0103ma\u0219i \u00een capitala Ucrainei: \u201eNu am uitat nimic! Ne\" \/>\n<meta name=\"twitter:image\" content=\"https:\/\/urbeamea.ro\/albaiulia\/wp-content\/uploads\/2022\/03\/WhatsApp-Image-2022-03-20-at-15.46.31.jpeg\" \/>\n<meta name=\"twitter:creator\" content=\"@urbeameaweb\" \/>\n<meta name=\"twitter:site\" content=\"@urbeameaweb\" \/>\n<script type=\"application\/ld+json\" class=\"yoast-schema-graph\">{\"@context\":\"https:\\\/\\\/schema.org\",\"@graph\":[{\"@type\":\"Article\",\"@id\":\"https:\\\/\\\/urbeamea.ro\\\/albaiulia\\\/11-dintre-jucatoarele-echipei-de-polo-feminin-din-kiev-junioare-se-antreneaza-traiesc-si-isi-astampara-dorul-de-casa-la-noi-in-urbe\\\/#article\",\"isPartOf\":{\"@id\":\"https:\\\/\\\/urbeamea.ro\\\/albaiulia\\\/11-dintre-jucatoarele-echipei-de-polo-feminin-din-kiev-junioare-se-antreneaza-traiesc-si-isi-astampara-dorul-de-casa-la-noi-in-urbe\\\/\"},\"author\":{\"name\":\"Stoia Daniela\",\"@id\":\"https:\\\/\\\/urbeamea.ro\\\/albaiulia\\\/#\\\/schema\\\/person\\\/91e3c5a380c685aef9f0295ef6449b3c\"},\"headline\":\"11 dintre juc\u0103toarele echipei de polo feminin din Kiev, junioare, se antreneaz\u0103, tr\u0103iesc \u0219i \u00ee\u0219i ast\u00e2mp\u0103r\u0103 dorul de cas\u0103 la noi \u00een urbe\",\"datePublished\":\"2022-03-20T18:20:27+00:00\",\"dateModified\":\"2022-03-20T18:27:12+00:00\",\"mainEntityOfPage\":{\"@id\":\"https:\\\/\\\/urbeamea.ro\\\/albaiulia\\\/11-dintre-jucatoarele-echipei-de-polo-feminin-din-kiev-junioare-se-antreneaza-traiesc-si-isi-astampara-dorul-de-casa-la-noi-in-urbe\\\/\"},\"wordCount\":903,\"commentCount\":0,\"image\":{\"@id\":\"https:\\\/\\\/urbeamea.ro\\\/albaiulia\\\/11-dintre-jucatoarele-echipei-de-polo-feminin-din-kiev-junioare-se-antreneaza-traiesc-si-isi-astampara-dorul-de-casa-la-noi-in-urbe\\\/#primaryimage\"},\"thumbnailUrl\":\"https:\\\/\\\/urbeamea.ro\\\/albaiulia\\\/wp-content\\\/uploads\\\/2022\\\/03\\\/WhatsApp-Image-2022-03-20-at-15.46.31.jpeg\",\"keywords\":[\"Dorofea V\u00eertosu\",\"polo feminin\"],\"articleSection\":[\"\u015etiri Urbane\"],\"inLanguage\":\"ro-RO\",\"potentialAction\":[{\"@type\":\"CommentAction\",\"name\":\"Comment\",\"target\":[\"https:\\\/\\\/urbeamea.ro\\\/albaiulia\\\/11-dintre-jucatoarele-echipei-de-polo-feminin-din-kiev-junioare-se-antreneaza-traiesc-si-isi-astampara-dorul-de-casa-la-noi-in-urbe\\\/#respond\"]}]},{\"@type\":\"WebPage\",\"@id\":\"https:\\\/\\\/urbeamea.ro\\\/albaiulia\\\/11-dintre-jucatoarele-echipei-de-polo-feminin-din-kiev-junioare-se-antreneaza-traiesc-si-isi-astampara-dorul-de-casa-la-noi-in-urbe\\\/\",\"url\":\"https:\\\/\\\/urbeamea.ro\\\/albaiulia\\\/11-dintre-jucatoarele-echipei-de-polo-feminin-din-kiev-junioare-se-antreneaza-traiesc-si-isi-astampara-dorul-de-casa-la-noi-in-urbe\\\/\",\"name\":\"11 dintre juc\u0103toarele echipei de polo feminin din Kiev, junioare, se antreneaz\u0103, tr\u0103iesc \u0219i \u00ee\u0219i ast\u00e2mp\u0103r\u0103 dorul de cas\u0103 la noi \u00een urbe - Revista Urbea Mea - Revista de Alba\",\"isPartOf\":{\"@id\":\"https:\\\/\\\/urbeamea.ro\\\/albaiulia\\\/#website\"},\"primaryImageOfPage\":{\"@id\":\"https:\\\/\\\/urbeamea.ro\\\/albaiulia\\\/11-dintre-jucatoarele-echipei-de-polo-feminin-din-kiev-junioare-se-antreneaza-traiesc-si-isi-astampara-dorul-de-casa-la-noi-in-urbe\\\/#primaryimage\"},\"image\":{\"@id\":\"https:\\\/\\\/urbeamea.ro\\\/albaiulia\\\/11-dintre-jucatoarele-echipei-de-polo-feminin-din-kiev-junioare-se-antreneaza-traiesc-si-isi-astampara-dorul-de-casa-la-noi-in-urbe\\\/#primaryimage\"},\"thumbnailUrl\":\"https:\\\/\\\/urbeamea.ro\\\/albaiulia\\\/wp-content\\\/uploads\\\/2022\\\/03\\\/WhatsApp-Image-2022-03-20-at-15.46.31.jpeg\",\"datePublished\":\"2022-03-20T18:20:27+00:00\",\"dateModified\":\"2022-03-20T18:27:12+00:00\",\"author\":{\"@id\":\"https:\\\/\\\/urbeamea.ro\\\/albaiulia\\\/#\\\/schema\\\/person\\\/91e3c5a380c685aef9f0295ef6449b3c\"},\"description\":\"De la Alba Iulia, echipa de junioare la polo feminin a Kievului transmite un mesaj antrenorilor r\u0103ma\u0219i \u00een capitala Ucrainei: \u201eNu am uitat nimic! Ne\",\"breadcrumb\":{\"@id\":\"https:\\\/\\\/urbeamea.ro\\\/albaiulia\\\/11-dintre-jucatoarele-echipei-de-polo-feminin-din-kiev-junioare-se-antreneaza-traiesc-si-isi-astampara-dorul-de-casa-la-noi-in-urbe\\\/#breadcrumb\"},\"inLanguage\":\"ro-RO\",\"potentialAction\":[{\"@type\":\"ReadAction\",\"target\":[\"https:\\\/\\\/urbeamea.ro\\\/albaiulia\\\/11-dintre-jucatoarele-echipei-de-polo-feminin-din-kiev-junioare-se-antreneaza-traiesc-si-isi-astampara-dorul-de-casa-la-noi-in-urbe\\\/\"]}]},{\"@type\":\"ImageObject\",\"inLanguage\":\"ro-RO\",\"@id\":\"https:\\\/\\\/urbeamea.ro\\\/albaiulia\\\/11-dintre-jucatoarele-echipei-de-polo-feminin-din-kiev-junioare-se-antreneaza-traiesc-si-isi-astampara-dorul-de-casa-la-noi-in-urbe\\\/#primaryimage\",\"url\":\"https:\\\/\\\/urbeamea.ro\\\/albaiulia\\\/wp-content\\\/uploads\\\/2022\\\/03\\\/WhatsApp-Image-2022-03-20-at-15.46.31.jpeg\",\"contentUrl\":\"https:\\\/\\\/urbeamea.ro\\\/albaiulia\\\/wp-content\\\/uploads\\\/2022\\\/03\\\/WhatsApp-Image-2022-03-20-at-15.46.31.jpeg\",\"width\":750,\"height\":551},{\"@type\":\"BreadcrumbList\",\"@id\":\"https:\\\/\\\/urbeamea.ro\\\/albaiulia\\\/11-dintre-jucatoarele-echipei-de-polo-feminin-din-kiev-junioare-se-antreneaza-traiesc-si-isi-astampara-dorul-de-casa-la-noi-in-urbe\\\/#breadcrumb\",\"itemListElement\":[{\"@type\":\"ListItem\",\"position\":1,\"name\":\"Prima pagin\u0103\",\"item\":\"https:\\\/\\\/urbeamea.ro\\\/albaiulia\\\/\"},{\"@type\":\"ListItem\",\"position\":2,\"name\":\"11 dintre juc\u0103toarele echipei de polo feminin din Kiev, junioare, se antreneaz\u0103, tr\u0103iesc \u0219i \u00ee\u0219i ast\u00e2mp\u0103r\u0103 dorul de cas\u0103 la noi \u00een urbe\"}]},{\"@type\":\"WebSite\",\"@id\":\"https:\\\/\\\/urbeamea.ro\\\/albaiulia\\\/#website\",\"url\":\"https:\\\/\\\/urbeamea.ro\\\/albaiulia\\\/\",\"name\":\"Revista Urbea Mea, Stiri urbane\",\"description\":\"Evenimente \u0219i \u0219tiri din Alba Iulia, Sebe\u0219, Aiud, Blaj\",\"potentialAction\":[{\"@type\":\"SearchAction\",\"target\":{\"@type\":\"EntryPoint\",\"urlTemplate\":\"https:\\\/\\\/urbeamea.ro\\\/albaiulia\\\/?s={search_term_string}\"},\"query-input\":{\"@type\":\"PropertyValueSpecification\",\"valueRequired\":true,\"valueName\":\"search_term_string\"}}],\"inLanguage\":\"ro-RO\"},{\"@type\":\"Person\",\"@id\":\"https:\\\/\\\/urbeamea.ro\\\/albaiulia\\\/#\\\/schema\\\/person\\\/91e3c5a380c685aef9f0295ef6449b3c\",\"name\":\"Stoia Daniela\",\"image\":{\"@type\":\"ImageObject\",\"inLanguage\":\"ro-RO\",\"@id\":\"https:\\\/\\\/secure.gravatar.com\\\/avatar\\\/5aaf6eef20c2b497aa6b10eb1d0ea3e79b9229f0518d4c68b0fe81d133d3c8ca?s=96&d=mm&r=g\",\"url\":\"https:\\\/\\\/secure.gravatar.com\\\/avatar\\\/5aaf6eef20c2b497aa6b10eb1d0ea3e79b9229f0518d4c68b0fe81d133d3c8ca?s=96&d=mm&r=g\",\"contentUrl\":\"https:\\\/\\\/secure.gravatar.com\\\/avatar\\\/5aaf6eef20c2b497aa6b10eb1d0ea3e79b9229f0518d4c68b0fe81d133d3c8ca?s=96&d=mm&r=g\",\"caption\":\"Stoia Daniela\"},\"url\":\"https:\\\/\\\/urbeamea.ro\\\/albaiulia\\\/author\\\/daniela-stoia\\\/\"}]}<\/script>\n<!-- \/ Yoast SEO plugin. -->","yoast_head_json":{"title":"11 dintre juc\u0103toarele echipei de polo feminin din Kiev, junioare, se antreneaz\u0103, tr\u0103iesc \u0219i \u00ee\u0219i ast\u00e2mp\u0103r\u0103 dorul de cas\u0103 la noi \u00een urbe - Revista Urbea Mea - Revista de Alba","description":"De la Alba Iulia, echipa de junioare la polo feminin a Kievului transmite un mesaj antrenorilor r\u0103ma\u0219i \u00een capitala Ucrainei: \u201eNu am uitat nimic! Ne","robots":{"index":"index","follow":"follow","max-snippet":"max-snippet:-1","max-image-preview":"max-image-preview:large","max-video-preview":"max-video-preview:-1"},"canonical":"https:\/\/urbeamea.ro\/albaiulia\/11-dintre-jucatoarele-echipei-de-polo-feminin-din-kiev-junioare-se-antreneaza-traiesc-si-isi-astampara-dorul-de-casa-la-noi-in-urbe\/","twitter_card":"summary_large_image","twitter_title":"11 dintre juc\u0103toarele echipei de polo feminin din Kiev, junioare, se antreneaz\u0103, tr\u0103iesc \u0219i \u00ee\u0219i ast\u00e2mp\u0103r\u0103 dorul de cas\u0103 la noi \u00een urbe - Revista Urbea Mea - Revista de Alba","twitter_description":"De la Alba Iulia, echipa de junioare la polo feminin a Kievului transmite un mesaj antrenorilor r\u0103ma\u0219i \u00een capitala Ucrainei: \u201eNu am uitat nimic! Ne","twitter_image":"https:\/\/urbeamea.ro\/albaiulia\/wp-content\/uploads\/2022\/03\/WhatsApp-Image-2022-03-20-at-15.46.31.jpeg","twitter_creator":"@urbeameaweb","twitter_site":"@urbeameaweb","schema":{"@context":"https:\/\/schema.org","@graph":[{"@type":"Article","@id":"https:\/\/urbeamea.ro\/albaiulia\/11-dintre-jucatoarele-echipei-de-polo-feminin-din-kiev-junioare-se-antreneaza-traiesc-si-isi-astampara-dorul-de-casa-la-noi-in-urbe\/#article","isPartOf":{"@id":"https:\/\/urbeamea.ro\/albaiulia\/11-dintre-jucatoarele-echipei-de-polo-feminin-din-kiev-junioare-se-antreneaza-traiesc-si-isi-astampara-dorul-de-casa-la-noi-in-urbe\/"},"author":{"name":"Stoia Daniela","@id":"https:\/\/urbeamea.ro\/albaiulia\/#\/schema\/person\/91e3c5a380c685aef9f0295ef6449b3c"},"headline":"11 dintre juc\u0103toarele echipei de polo feminin din Kiev, junioare, se antreneaz\u0103, tr\u0103iesc \u0219i \u00ee\u0219i ast\u00e2mp\u0103r\u0103 dorul de cas\u0103 la noi \u00een urbe","datePublished":"2022-03-20T18:20:27+00:00","dateModified":"2022-03-20T18:27:12+00:00","mainEntityOfPage":{"@id":"https:\/\/urbeamea.ro\/albaiulia\/11-dintre-jucatoarele-echipei-de-polo-feminin-din-kiev-junioare-se-antreneaza-traiesc-si-isi-astampara-dorul-de-casa-la-noi-in-urbe\/"},"wordCount":903,"commentCount":0,"image":{"@id":"https:\/\/urbeamea.ro\/albaiulia\/11-dintre-jucatoarele-echipei-de-polo-feminin-din-kiev-junioare-se-antreneaza-traiesc-si-isi-astampara-dorul-de-casa-la-noi-in-urbe\/#primaryimage"},"thumbnailUrl":"https:\/\/urbeamea.ro\/albaiulia\/wp-content\/uploads\/2022\/03\/WhatsApp-Image-2022-03-20-at-15.46.31.jpeg","keywords":["Dorofea V\u00eertosu","polo feminin"],"articleSection":["\u015etiri Urbane"],"inLanguage":"ro-RO","potentialAction":[{"@type":"CommentAction","name":"Comment","target":["https:\/\/urbeamea.ro\/albaiulia\/11-dintre-jucatoarele-echipei-de-polo-feminin-din-kiev-junioare-se-antreneaza-traiesc-si-isi-astampara-dorul-de-casa-la-noi-in-urbe\/#respond"]}]},{"@type":"WebPage","@id":"https:\/\/urbeamea.ro\/albaiulia\/11-dintre-jucatoarele-echipei-de-polo-feminin-din-kiev-junioare-se-antreneaza-traiesc-si-isi-astampara-dorul-de-casa-la-noi-in-urbe\/","url":"https:\/\/urbeamea.ro\/albaiulia\/11-dintre-jucatoarele-echipei-de-polo-feminin-din-kiev-junioare-se-antreneaza-traiesc-si-isi-astampara-dorul-de-casa-la-noi-in-urbe\/","name":"11 dintre juc\u0103toarele echipei de polo feminin din Kiev, junioare, se antreneaz\u0103, tr\u0103iesc \u0219i \u00ee\u0219i ast\u00e2mp\u0103r\u0103 dorul de cas\u0103 la noi \u00een urbe - Revista Urbea Mea - Revista de Alba","isPartOf":{"@id":"https:\/\/urbeamea.ro\/albaiulia\/#website"},"primaryImageOfPage":{"@id":"https:\/\/urbeamea.ro\/albaiulia\/11-dintre-jucatoarele-echipei-de-polo-feminin-din-kiev-junioare-se-antreneaza-traiesc-si-isi-astampara-dorul-de-casa-la-noi-in-urbe\/#primaryimage"},"image":{"@id":"https:\/\/urbeamea.ro\/albaiulia\/11-dintre-jucatoarele-echipei-de-polo-feminin-din-kiev-junioare-se-antreneaza-traiesc-si-isi-astampara-dorul-de-casa-la-noi-in-urbe\/#primaryimage"},"thumbnailUrl":"https:\/\/urbeamea.ro\/albaiulia\/wp-content\/uploads\/2022\/03\/WhatsApp-Image-2022-03-20-at-15.46.31.jpeg","datePublished":"2022-03-20T18:20:27+00:00","dateModified":"2022-03-20T18:27:12+00:00","author":{"@id":"https:\/\/urbeamea.ro\/albaiulia\/#\/schema\/person\/91e3c5a380c685aef9f0295ef6449b3c"},"description":"De la Alba Iulia, echipa de junioare la polo feminin a Kievului transmite un mesaj antrenorilor r\u0103ma\u0219i \u00een capitala Ucrainei: \u201eNu am uitat nimic! Ne","breadcrumb":{"@id":"https:\/\/urbeamea.ro\/albaiulia\/11-dintre-jucatoarele-echipei-de-polo-feminin-din-kiev-junioare-se-antreneaza-traiesc-si-isi-astampara-dorul-de-casa-la-noi-in-urbe\/#breadcrumb"},"inLanguage":"ro-RO","potentialAction":[{"@type":"ReadAction","target":["https:\/\/urbeamea.ro\/albaiulia\/11-dintre-jucatoarele-echipei-de-polo-feminin-din-kiev-junioare-se-antreneaza-traiesc-si-isi-astampara-dorul-de-casa-la-noi-in-urbe\/"]}]},{"@type":"ImageObject","inLanguage":"ro-RO","@id":"https:\/\/urbeamea.ro\/albaiulia\/11-dintre-jucatoarele-echipei-de-polo-feminin-din-kiev-junioare-se-antreneaza-traiesc-si-isi-astampara-dorul-de-casa-la-noi-in-urbe\/#primaryimage","url":"https:\/\/urbeamea.ro\/albaiulia\/wp-content\/uploads\/2022\/03\/WhatsApp-Image-2022-03-20-at-15.46.31.jpeg","contentUrl":"https:\/\/urbeamea.ro\/albaiulia\/wp-content\/uploads\/2022\/03\/WhatsApp-Image-2022-03-20-at-15.46.31.jpeg","width":750,"height":551},{"@type":"BreadcrumbList","@id":"https:\/\/urbeamea.ro\/albaiulia\/11-dintre-jucatoarele-echipei-de-polo-feminin-din-kiev-junioare-se-antreneaza-traiesc-si-isi-astampara-dorul-de-casa-la-noi-in-urbe\/#breadcrumb","itemListElement":[{"@type":"ListItem","position":1,"name":"Prima pagin\u0103","item":"https:\/\/urbeamea.ro\/albaiulia\/"},{"@type":"ListItem","position":2,"name":"11 dintre juc\u0103toarele echipei de polo feminin din Kiev, junioare, se antreneaz\u0103, tr\u0103iesc \u0219i \u00ee\u0219i ast\u00e2mp\u0103r\u0103 dorul de cas\u0103 la noi \u00een urbe"}]},{"@type":"WebSite","@id":"https:\/\/urbeamea.ro\/albaiulia\/#website","url":"https:\/\/urbeamea.ro\/albaiulia\/","name":"Revista Urbea Mea, Stiri urbane","description":"Evenimente \u0219i \u0219tiri din Alba Iulia, Sebe\u0219, Aiud, Blaj","potentialAction":[{"@type":"SearchAction","target":{"@type":"EntryPoint","urlTemplate":"https:\/\/urbeamea.ro\/albaiulia\/?s={search_term_string}"},"query-input":{"@type":"PropertyValueSpecification","valueRequired":true,"valueName":"search_term_string"}}],"inLanguage":"ro-RO"},{"@type":"Person","@id":"https:\/\/urbeamea.ro\/albaiulia\/#\/schema\/person\/91e3c5a380c685aef9f0295ef6449b3c","name":"Stoia Daniela","image":{"@type":"ImageObject","inLanguage":"ro-RO","@id":"https:\/\/secure.gravatar.com\/avatar\/5aaf6eef20c2b497aa6b10eb1d0ea3e79b9229f0518d4c68b0fe81d133d3c8ca?s=96&d=mm&r=g","url":"https:\/\/secure.gravatar.com\/avatar\/5aaf6eef20c2b497aa6b10eb1d0ea3e79b9229f0518d4c68b0fe81d133d3c8ca?s=96&d=mm&r=g","contentUrl":"https:\/\/secure.gravatar.com\/avatar\/5aaf6eef20c2b497aa6b10eb1d0ea3e79b9229f0518d4c68b0fe81d133d3c8ca?s=96&d=mm&r=g","caption":"Stoia Daniela"},"url":"https:\/\/urbeamea.ro\/albaiulia\/author\/daniela-stoia\/"}]}},"_links":{"self":[{"href":"https:\/\/urbeamea.ro\/albaiulia\/wp-json\/wp\/v2\/posts\/100805","targetHints":{"allow":["GET"]}}],"collection":[{"href":"https:\/\/urbeamea.ro\/albaiulia\/wp-json\/wp\/v2\/posts"}],"about":[{"href":"https:\/\/urbeamea.ro\/albaiulia\/wp-json\/wp\/v2\/types\/post"}],"author":[{"embeddable":true,"href":"https:\/\/urbeamea.ro\/albaiulia\/wp-json\/wp\/v2\/users\/27"}],"replies":[{"embeddable":true,"href":"https:\/\/urbeamea.ro\/albaiulia\/wp-json\/wp\/v2\/comments?post=100805"}],"version-history":[{"count":5,"href":"https:\/\/urbeamea.ro\/albaiulia\/wp-json\/wp\/v2\/posts\/100805\/revisions"}],"predecessor-version":[{"id":100818,"href":"https:\/\/urbeamea.ro\/albaiulia\/wp-json\/wp\/v2\/posts\/100805\/revisions\/100818"}],"wp:featuredmedia":[{"embeddable":true,"href":"https:\/\/urbeamea.ro\/albaiulia\/wp-json\/wp\/v2\/media\/100808"}],"wp:attachment":[{"href":"https:\/\/urbeamea.ro\/albaiulia\/wp-json\/wp\/v2\/media?parent=100805"}],"wp:term":[{"taxonomy":"category","embeddable":true,"href":"https:\/\/urbeamea.ro\/albaiulia\/wp-json\/wp\/v2\/categories?post=100805"},{"taxonomy":"post_tag","embeddable":true,"href":"https:\/\/urbeamea.ro\/albaiulia\/wp-json\/wp\/v2\/tags?post=100805"}],"curies":[{"name":"wp","href":"https:\/\/api.w.org\/{rel}","templated":true}]}}