{"id":101081,"date":"2022-04-01T11:36:24","date_gmt":"2022-04-01T08:36:24","guid":{"rendered":"https:\/\/urbeamea.ro\/albaiulia\/?p=101081"},"modified":"2022-04-01T12:11:46","modified_gmt":"2022-04-01T09:11:46","slug":"plan-de-atenuare-si-adaptare-la-schimbarile-climatice-pentru-alba-iulia-prin-granturi-see-norvegiene","status":"publish","type":"post","link":"https:\/\/urbeamea.ro\/albaiulia\/plan-de-atenuare-si-adaptare-la-schimbarile-climatice-pentru-alba-iulia-prin-granturi-see-norvegiene\/","title":{"rendered":"Plan de atenuare \u0219i adaptare la schimb\u0103rile climatice pentru Alba Iulia, prin granturi SEE\/Norvegiene"},"content":{"rendered":"\n<h3 class=\"wp-block-heading\">Cu to\u021bii avem datoria de a combate schimb\u0103rile climatice \u0219i efectele acestora. Municipiul Alba Iulia a \u00een\u021beles din timp c\u0103 schimb\u0103rile climatice nu sunt doar un subiect stringent pe agenda de mediu a ultimilor ani<\/h3>\n\n\n\n<p>Ministerul Mediului, Apelor \u0219i P\u0103durilor este Operator de Program pentru Programul \u201eMediu, adaptare la schimb\u0103rile climatice \u0219i ecosisteme&#8221; \u2013 RO-Mediu, finan\u021bat prin Mecanismul Financiar al Spa\u021biului Economic European SEE 2014-2021.<\/p>\n\n\n\n<p>\u00cen calitate de beneficiar, Prim\u0103ria&nbsp;Municipiul Alba Iulia, \u00een parteneriat cu&nbsp;Agen\u021bia Local\u0103 a Energiei Alba \u2013 ALEA,&nbsp;&nbsp;deruleaz\u0103 proiectul \u201e<em>Cre\u0219terea capacit\u0103\u021bii de atenuare \u015fi adaptare la schimb\u0103rile climatice a Municipiului Alba Iulia&#8221; \u2013 acronim \u201eCRESC Alba Iulia&#8221;<\/em><em>,&nbsp;<\/em>finan\u021bat prin Mecanismul Financiar SEE 2014-2021, granturi asigurate de c\u0103tre Statele Donatoare,&nbsp;&nbsp;Islanda, Liechtenstein \u0219i Norvegia.<\/p>\n\n\n\n<p>Valoarea total\u0103 a proiectului este 607.938 lei (100% nerambursabil\u0103), din care 399.282 lei este bugetul alocat Prim\u0103riei, iar diferen\u021ba partenerului ALEA, iar perioada de implementare este de 12 luni, p\u00e2n\u0103 \u00een 15 decembrie 2022.<\/p>\n\n\n\n<p>Se \u00een\u021belege de la sine c\u0103 sunt necesare m\u0103suri concrete de atenuare \u0219i adaptare.&nbsp;&nbsp;<\/p>\n\n\n\n<p>Unul dintre documentele programatice \u00een domeniu va fi realizat prin implementarea acestui proiect.<\/p>\n\n\n\n<p>Ne referim la \u201ePlanul de atenuare \u0219i adaptare la schimb\u0103rile climatice-PAASC&#8221;, pentru perioada 2022-2030. Documentul va permite Municipiului Alba Iulia s\u0103-\u0219i planifice riguros ac\u021biuni concrete pentru atenuarea \u0219i adaptarea la schimb\u0103rile climatice, \u00een acord cu strategiile na\u021bionale \u0219i interna\u021bionale \u00een vigoare.<\/p>\n\n\n\n<p>Ini\u021biativa este sinonim\u0103 \u0219i cu proiectarea \u0219i dezvoltarea de ac\u021biuni concrete \u00een aceast\u0103 direc\u021bie prin realizarea unui&nbsp;<em>Studiu de specialitate privind identificarea zonelor vulnerabile la debite ridicate de ape pluviale de la nivelul municipiului Alba Iulia<\/em>&nbsp;\u0219i propunerea unui set de solu\u021bii pentru gestionarea eficient\u0103 \u0219i durabil\u0103 a colect\u0103rii apelor pluviale din aceste zone. Proiectul vine astfel \u00een \u00eent\u00e2mpinarea unor vulnerabilit\u0103\u021bi identificate de Prim\u0103rie, ale c\u0103ror solu\u021bii vor fi parte integrant\u0103 a unui document strategic, cu m\u0103suri concrete pentru atenuare \u0219i adaptare la schimb\u0103ri climatice.<\/p>\n\n\n\n<blockquote class=\"wp-block-quote is-layout-flow wp-block-quote-is-layout-flow\"><p><em>Proiectul \u201e<\/em>CRESC Alba Iulia&#8221;&nbsp;<em>&nbsp;e o pies\u0103 esen\u021bial\u0103 din marele puzzle al transform\u0103rii ora\u0219ului nostru \u00eentr-unul rezilient, sustenabil, prietenos \u00een egal\u0103 m\u0103sur\u0103 cu oamenii \u0219i natura, \u00een acord cu programul de finan\u021bare. Este un mare pas \u00eenainte \u00een parcursul nostru na\u021bional \u0219i european. Documentele strategice ce vor fi realizate prin proiect vor deveni repere punctuale solide pentru corectarea problemelor cunoscute sau mai pu\u021bin \u0219tiute ale municipiului nostru. De aceea nu putem fi dec\u00e2t recunosc\u0103tori&nbsp;<\/em>Statelor Donatoare, Islanda, Liechtenstein \u0219i Norvegia,&nbsp;<em>care au \u0219i expertiza dar \u0219i resursele pentru a sus\u021bine astfel de ini\u021biative \u00een acest domeniu<\/em><\/p><cite>Gabriel Ple\u0219a, primarul municipiului Alba Iulia<\/cite><\/blockquote>\n\n\n\n<p>Proiectul \u201eCRESC Alba Iulia&#8221; este complementar cu eforturile deja depuse de c\u0103tre Municipiul Alba Iulia \u00een direc\u021bia atenu\u0103rii \u0219i adapt\u0103rii la schimb\u0103rile climatice. Municipalitatea este parte din Conven\u021bia Primarilor, are un PAEDC elaborat conform metodologiei Conven\u021biei Primarilor \u0219i raporteaz\u0103 anual \u00een cadrul ini\u021biativei Carbon Disclosure Project (CDP-ICLEI Unified Reporting System).<\/p>\n","protected":false},"excerpt":{"rendered":"<p>Cu to\u021bii avem datoria de a combate schimb\u0103rile climatice \u0219i efectele acestora. Municipiul Alba Iulia a \u00een\u021beles din timp c\u0103 schimb\u0103rile climatice nu sunt doar un subiect stringent pe agenda de mediu a ultimilor ani Ministerul Mediului, Apelor \u0219i P\u0103durilor este Operator de Program pentru Programul \u201eMediu, adaptare la schimb\u0103rile climatice \u0219i ecosisteme&#8221; \u2013 RO-Mediu, &hellip;<\/p>\n","protected":false},"author":16,"featured_media":4293,"comment_status":"open","ping_status":"open","sticky":false,"template":"","format":"standard","meta":{"inline_featured_image":false,"footnotes":""},"categories":[2035],"tags":[11211],"class_list":["post-101081","post","type-post","status-publish","format-standard","has-post-thumbnail","hentry","category-administratie","tag-primaria-municipiului-alba-iulia"],"yoast_head":"<!-- This site is optimized with the Yoast SEO plugin v27.4 - https:\/\/yoast.com\/product\/yoast-seo-wordpress\/ -->\n<title>Plan de atenuare \u0219i adaptare la schimb\u0103rile climatice pentru Alba Iulia, prin granturi SEE\/Norvegiene - Revista Urbea Mea - Revista de Alba<\/title>\n<meta name=\"description\" content=\"Cu to\u021bii avem datoria de a combate schimb\u0103rile climatice \u0219i efectele acestora. Municipiul Alba Iulia a \u00een\u021beles din timp c\u0103 schimb\u0103rile climatice nu sunt\" \/>\n<meta name=\"robots\" content=\"index, follow, max-snippet:-1, max-image-preview:large, max-video-preview:-1\" \/>\n<link rel=\"canonical\" href=\"https:\/\/urbeamea.ro\/albaiulia\/plan-de-atenuare-si-adaptare-la-schimbarile-climatice-pentru-alba-iulia-prin-granturi-see-norvegiene\/\" \/>\n<meta name=\"twitter:card\" content=\"summary_large_image\" \/>\n<meta name=\"twitter:title\" content=\"Plan de atenuare \u0219i adaptare la schimb\u0103rile climatice pentru Alba Iulia, prin granturi SEE\/Norvegiene - Revista Urbea Mea - Revista de Alba\" \/>\n<meta name=\"twitter:description\" content=\"Cu to\u021bii avem datoria de a combate schimb\u0103rile climatice \u0219i efectele acestora. Municipiul Alba Iulia a \u00een\u021beles din timp c\u0103 schimb\u0103rile climatice nu sunt\" \/>\n<meta name=\"twitter:image\" content=\"https:\/\/urbeamea.ro\/albaiulia\/wp-content\/uploads\/2015\/05\/Primaria-Alba-Iulia.jpg\" \/>\n<meta name=\"twitter:creator\" content=\"@urbeameaweb\" \/>\n<meta name=\"twitter:site\" content=\"@urbeameaweb\" \/>\n<script type=\"application\/ld+json\" class=\"yoast-schema-graph\">{\"@context\":\"https:\\\/\\\/schema.org\",\"@graph\":[{\"@type\":\"Article\",\"@id\":\"https:\\\/\\\/urbeamea.ro\\\/albaiulia\\\/plan-de-atenuare-si-adaptare-la-schimbarile-climatice-pentru-alba-iulia-prin-granturi-see-norvegiene\\\/#article\",\"isPartOf\":{\"@id\":\"https:\\\/\\\/urbeamea.ro\\\/albaiulia\\\/plan-de-atenuare-si-adaptare-la-schimbarile-climatice-pentru-alba-iulia-prin-granturi-see-norvegiene\\\/\"},\"author\":{\"name\":\"Redac\u021bia UrbeaMea\",\"@id\":\"https:\\\/\\\/urbeamea.ro\\\/albaiulia\\\/#\\\/schema\\\/person\\\/272ae98052f8ee8980f59848df070247\"},\"headline\":\"Plan de atenuare \u0219i adaptare la schimb\u0103rile climatice pentru Alba Iulia, prin granturi SEE\\\/Norvegiene\",\"datePublished\":\"2022-04-01T08:36:24+00:00\",\"dateModified\":\"2022-04-01T09:11:46+00:00\",\"mainEntityOfPage\":{\"@id\":\"https:\\\/\\\/urbeamea.ro\\\/albaiulia\\\/plan-de-atenuare-si-adaptare-la-schimbarile-climatice-pentru-alba-iulia-prin-granturi-see-norvegiene\\\/\"},\"wordCount\":539,\"commentCount\":0,\"image\":{\"@id\":\"https:\\\/\\\/urbeamea.ro\\\/albaiulia\\\/plan-de-atenuare-si-adaptare-la-schimbarile-climatice-pentru-alba-iulia-prin-granturi-see-norvegiene\\\/#primaryimage\"},\"thumbnailUrl\":\"https:\\\/\\\/urbeamea.ro\\\/albaiulia\\\/wp-content\\\/uploads\\\/2015\\\/05\\\/Primaria-Alba-Iulia.jpg\",\"keywords\":[\"primaria municipiului alba iulia\"],\"articleSection\":[\"Administra\u021bie\"],\"inLanguage\":\"ro-RO\",\"potentialAction\":[{\"@type\":\"CommentAction\",\"name\":\"Comment\",\"target\":[\"https:\\\/\\\/urbeamea.ro\\\/albaiulia\\\/plan-de-atenuare-si-adaptare-la-schimbarile-climatice-pentru-alba-iulia-prin-granturi-see-norvegiene\\\/#respond\"]}]},{\"@type\":\"WebPage\",\"@id\":\"https:\\\/\\\/urbeamea.ro\\\/albaiulia\\\/plan-de-atenuare-si-adaptare-la-schimbarile-climatice-pentru-alba-iulia-prin-granturi-see-norvegiene\\\/\",\"url\":\"https:\\\/\\\/urbeamea.ro\\\/albaiulia\\\/plan-de-atenuare-si-adaptare-la-schimbarile-climatice-pentru-alba-iulia-prin-granturi-see-norvegiene\\\/\",\"name\":\"Plan de atenuare \u0219i adaptare la schimb\u0103rile climatice pentru Alba Iulia, prin granturi SEE\\\/Norvegiene - Revista Urbea Mea - Revista de Alba\",\"isPartOf\":{\"@id\":\"https:\\\/\\\/urbeamea.ro\\\/albaiulia\\\/#website\"},\"primaryImageOfPage\":{\"@id\":\"https:\\\/\\\/urbeamea.ro\\\/albaiulia\\\/plan-de-atenuare-si-adaptare-la-schimbarile-climatice-pentru-alba-iulia-prin-granturi-see-norvegiene\\\/#primaryimage\"},\"image\":{\"@id\":\"https:\\\/\\\/urbeamea.ro\\\/albaiulia\\\/plan-de-atenuare-si-adaptare-la-schimbarile-climatice-pentru-alba-iulia-prin-granturi-see-norvegiene\\\/#primaryimage\"},\"thumbnailUrl\":\"https:\\\/\\\/urbeamea.ro\\\/albaiulia\\\/wp-content\\\/uploads\\\/2015\\\/05\\\/Primaria-Alba-Iulia.jpg\",\"datePublished\":\"2022-04-01T08:36:24+00:00\",\"dateModified\":\"2022-04-01T09:11:46+00:00\",\"author\":{\"@id\":\"https:\\\/\\\/urbeamea.ro\\\/albaiulia\\\/#\\\/schema\\\/person\\\/272ae98052f8ee8980f59848df070247\"},\"description\":\"Cu to\u021bii avem datoria de a combate schimb\u0103rile climatice \u0219i efectele acestora. Municipiul Alba Iulia a \u00een\u021beles din timp c\u0103 schimb\u0103rile climatice nu sunt\",\"breadcrumb\":{\"@id\":\"https:\\\/\\\/urbeamea.ro\\\/albaiulia\\\/plan-de-atenuare-si-adaptare-la-schimbarile-climatice-pentru-alba-iulia-prin-granturi-see-norvegiene\\\/#breadcrumb\"},\"inLanguage\":\"ro-RO\",\"potentialAction\":[{\"@type\":\"ReadAction\",\"target\":[\"https:\\\/\\\/urbeamea.ro\\\/albaiulia\\\/plan-de-atenuare-si-adaptare-la-schimbarile-climatice-pentru-alba-iulia-prin-granturi-see-norvegiene\\\/\"]}]},{\"@type\":\"ImageObject\",\"inLanguage\":\"ro-RO\",\"@id\":\"https:\\\/\\\/urbeamea.ro\\\/albaiulia\\\/plan-de-atenuare-si-adaptare-la-schimbarile-climatice-pentru-alba-iulia-prin-granturi-see-norvegiene\\\/#primaryimage\",\"url\":\"https:\\\/\\\/urbeamea.ro\\\/albaiulia\\\/wp-content\\\/uploads\\\/2015\\\/05\\\/Primaria-Alba-Iulia.jpg\",\"contentUrl\":\"https:\\\/\\\/urbeamea.ro\\\/albaiulia\\\/wp-content\\\/uploads\\\/2015\\\/05\\\/Primaria-Alba-Iulia.jpg\",\"width\":770,\"height\":434},{\"@type\":\"BreadcrumbList\",\"@id\":\"https:\\\/\\\/urbeamea.ro\\\/albaiulia\\\/plan-de-atenuare-si-adaptare-la-schimbarile-climatice-pentru-alba-iulia-prin-granturi-see-norvegiene\\\/#breadcrumb\",\"itemListElement\":[{\"@type\":\"ListItem\",\"position\":1,\"name\":\"Prima pagin\u0103\",\"item\":\"https:\\\/\\\/urbeamea.ro\\\/albaiulia\\\/\"},{\"@type\":\"ListItem\",\"position\":2,\"name\":\"Plan de atenuare \u0219i adaptare la schimb\u0103rile climatice pentru Alba Iulia, prin granturi SEE\\\/Norvegiene\"}]},{\"@type\":\"WebSite\",\"@id\":\"https:\\\/\\\/urbeamea.ro\\\/albaiulia\\\/#website\",\"url\":\"https:\\\/\\\/urbeamea.ro\\\/albaiulia\\\/\",\"name\":\"Revista Urbea Mea, Stiri urbane\",\"description\":\"Evenimente \u0219i \u0219tiri din Alba Iulia, Sebe\u0219, Aiud, Blaj\",\"potentialAction\":[{\"@type\":\"SearchAction\",\"target\":{\"@type\":\"EntryPoint\",\"urlTemplate\":\"https:\\\/\\\/urbeamea.ro\\\/albaiulia\\\/?s={search_term_string}\"},\"query-input\":{\"@type\":\"PropertyValueSpecification\",\"valueRequired\":true,\"valueName\":\"search_term_string\"}}],\"inLanguage\":\"ro-RO\"},{\"@type\":\"Person\",\"@id\":\"https:\\\/\\\/urbeamea.ro\\\/albaiulia\\\/#\\\/schema\\\/person\\\/272ae98052f8ee8980f59848df070247\",\"name\":\"Redac\u021bia UrbeaMea\",\"image\":{\"@type\":\"ImageObject\",\"inLanguage\":\"ro-RO\",\"@id\":\"https:\\\/\\\/secure.gravatar.com\\\/avatar\\\/9ce5a9435071fa1037e8468053ead8e513dbbff59009d3069aadb85506d85a27?s=96&d=mm&r=g\",\"url\":\"https:\\\/\\\/secure.gravatar.com\\\/avatar\\\/9ce5a9435071fa1037e8468053ead8e513dbbff59009d3069aadb85506d85a27?s=96&d=mm&r=g\",\"contentUrl\":\"https:\\\/\\\/secure.gravatar.com\\\/avatar\\\/9ce5a9435071fa1037e8468053ead8e513dbbff59009d3069aadb85506d85a27?s=96&d=mm&r=g\",\"caption\":\"Redac\u021bia UrbeaMea\"},\"description\":\"contact@urbeamea.ro\",\"sameAs\":[\"https:\\\/\\\/www.urbeamea.ro\"],\"url\":\"https:\\\/\\\/urbeamea.ro\\\/albaiulia\\\/author\\\/redactia-urbeamea\\\/\"}]}<\/script>\n<!-- \/ Yoast SEO plugin. -->","yoast_head_json":{"title":"Plan de atenuare \u0219i adaptare la schimb\u0103rile climatice pentru Alba Iulia, prin granturi SEE\/Norvegiene - Revista Urbea Mea - Revista de Alba","description":"Cu to\u021bii avem datoria de a combate schimb\u0103rile climatice \u0219i efectele acestora. Municipiul Alba Iulia a \u00een\u021beles din timp c\u0103 schimb\u0103rile climatice nu sunt","robots":{"index":"index","follow":"follow","max-snippet":"max-snippet:-1","max-image-preview":"max-image-preview:large","max-video-preview":"max-video-preview:-1"},"canonical":"https:\/\/urbeamea.ro\/albaiulia\/plan-de-atenuare-si-adaptare-la-schimbarile-climatice-pentru-alba-iulia-prin-granturi-see-norvegiene\/","twitter_card":"summary_large_image","twitter_title":"Plan de atenuare \u0219i adaptare la schimb\u0103rile climatice pentru Alba Iulia, prin granturi SEE\/Norvegiene - Revista Urbea Mea - Revista de Alba","twitter_description":"Cu to\u021bii avem datoria de a combate schimb\u0103rile climatice \u0219i efectele acestora. Municipiul Alba Iulia a \u00een\u021beles din timp c\u0103 schimb\u0103rile climatice nu sunt","twitter_image":"https:\/\/urbeamea.ro\/albaiulia\/wp-content\/uploads\/2015\/05\/Primaria-Alba-Iulia.jpg","twitter_creator":"@urbeameaweb","twitter_site":"@urbeameaweb","schema":{"@context":"https:\/\/schema.org","@graph":[{"@type":"Article","@id":"https:\/\/urbeamea.ro\/albaiulia\/plan-de-atenuare-si-adaptare-la-schimbarile-climatice-pentru-alba-iulia-prin-granturi-see-norvegiene\/#article","isPartOf":{"@id":"https:\/\/urbeamea.ro\/albaiulia\/plan-de-atenuare-si-adaptare-la-schimbarile-climatice-pentru-alba-iulia-prin-granturi-see-norvegiene\/"},"author":{"name":"Redac\u021bia UrbeaMea","@id":"https:\/\/urbeamea.ro\/albaiulia\/#\/schema\/person\/272ae98052f8ee8980f59848df070247"},"headline":"Plan de atenuare \u0219i adaptare la schimb\u0103rile climatice pentru Alba Iulia, prin granturi SEE\/Norvegiene","datePublished":"2022-04-01T08:36:24+00:00","dateModified":"2022-04-01T09:11:46+00:00","mainEntityOfPage":{"@id":"https:\/\/urbeamea.ro\/albaiulia\/plan-de-atenuare-si-adaptare-la-schimbarile-climatice-pentru-alba-iulia-prin-granturi-see-norvegiene\/"},"wordCount":539,"commentCount":0,"image":{"@id":"https:\/\/urbeamea.ro\/albaiulia\/plan-de-atenuare-si-adaptare-la-schimbarile-climatice-pentru-alba-iulia-prin-granturi-see-norvegiene\/#primaryimage"},"thumbnailUrl":"https:\/\/urbeamea.ro\/albaiulia\/wp-content\/uploads\/2015\/05\/Primaria-Alba-Iulia.jpg","keywords":["primaria municipiului alba iulia"],"articleSection":["Administra\u021bie"],"inLanguage":"ro-RO","potentialAction":[{"@type":"CommentAction","name":"Comment","target":["https:\/\/urbeamea.ro\/albaiulia\/plan-de-atenuare-si-adaptare-la-schimbarile-climatice-pentru-alba-iulia-prin-granturi-see-norvegiene\/#respond"]}]},{"@type":"WebPage","@id":"https:\/\/urbeamea.ro\/albaiulia\/plan-de-atenuare-si-adaptare-la-schimbarile-climatice-pentru-alba-iulia-prin-granturi-see-norvegiene\/","url":"https:\/\/urbeamea.ro\/albaiulia\/plan-de-atenuare-si-adaptare-la-schimbarile-climatice-pentru-alba-iulia-prin-granturi-see-norvegiene\/","name":"Plan de atenuare \u0219i adaptare la schimb\u0103rile climatice pentru Alba Iulia, prin granturi SEE\/Norvegiene - Revista Urbea Mea - Revista de Alba","isPartOf":{"@id":"https:\/\/urbeamea.ro\/albaiulia\/#website"},"primaryImageOfPage":{"@id":"https:\/\/urbeamea.ro\/albaiulia\/plan-de-atenuare-si-adaptare-la-schimbarile-climatice-pentru-alba-iulia-prin-granturi-see-norvegiene\/#primaryimage"},"image":{"@id":"https:\/\/urbeamea.ro\/albaiulia\/plan-de-atenuare-si-adaptare-la-schimbarile-climatice-pentru-alba-iulia-prin-granturi-see-norvegiene\/#primaryimage"},"thumbnailUrl":"https:\/\/urbeamea.ro\/albaiulia\/wp-content\/uploads\/2015\/05\/Primaria-Alba-Iulia.jpg","datePublished":"2022-04-01T08:36:24+00:00","dateModified":"2022-04-01T09:11:46+00:00","author":{"@id":"https:\/\/urbeamea.ro\/albaiulia\/#\/schema\/person\/272ae98052f8ee8980f59848df070247"},"description":"Cu to\u021bii avem datoria de a combate schimb\u0103rile climatice \u0219i efectele acestora. Municipiul Alba Iulia a \u00een\u021beles din timp c\u0103 schimb\u0103rile climatice nu sunt","breadcrumb":{"@id":"https:\/\/urbeamea.ro\/albaiulia\/plan-de-atenuare-si-adaptare-la-schimbarile-climatice-pentru-alba-iulia-prin-granturi-see-norvegiene\/#breadcrumb"},"inLanguage":"ro-RO","potentialAction":[{"@type":"ReadAction","target":["https:\/\/urbeamea.ro\/albaiulia\/plan-de-atenuare-si-adaptare-la-schimbarile-climatice-pentru-alba-iulia-prin-granturi-see-norvegiene\/"]}]},{"@type":"ImageObject","inLanguage":"ro-RO","@id":"https:\/\/urbeamea.ro\/albaiulia\/plan-de-atenuare-si-adaptare-la-schimbarile-climatice-pentru-alba-iulia-prin-granturi-see-norvegiene\/#primaryimage","url":"https:\/\/urbeamea.ro\/albaiulia\/wp-content\/uploads\/2015\/05\/Primaria-Alba-Iulia.jpg","contentUrl":"https:\/\/urbeamea.ro\/albaiulia\/wp-content\/uploads\/2015\/05\/Primaria-Alba-Iulia.jpg","width":770,"height":434},{"@type":"BreadcrumbList","@id":"https:\/\/urbeamea.ro\/albaiulia\/plan-de-atenuare-si-adaptare-la-schimbarile-climatice-pentru-alba-iulia-prin-granturi-see-norvegiene\/#breadcrumb","itemListElement":[{"@type":"ListItem","position":1,"name":"Prima pagin\u0103","item":"https:\/\/urbeamea.ro\/albaiulia\/"},{"@type":"ListItem","position":2,"name":"Plan de atenuare \u0219i adaptare la schimb\u0103rile climatice pentru Alba Iulia, prin granturi SEE\/Norvegiene"}]},{"@type":"WebSite","@id":"https:\/\/urbeamea.ro\/albaiulia\/#website","url":"https:\/\/urbeamea.ro\/albaiulia\/","name":"Revista Urbea Mea, Stiri urbane","description":"Evenimente \u0219i \u0219tiri din Alba Iulia, Sebe\u0219, Aiud, Blaj","potentialAction":[{"@type":"SearchAction","target":{"@type":"EntryPoint","urlTemplate":"https:\/\/urbeamea.ro\/albaiulia\/?s={search_term_string}"},"query-input":{"@type":"PropertyValueSpecification","valueRequired":true,"valueName":"search_term_string"}}],"inLanguage":"ro-RO"},{"@type":"Person","@id":"https:\/\/urbeamea.ro\/albaiulia\/#\/schema\/person\/272ae98052f8ee8980f59848df070247","name":"Redac\u021bia UrbeaMea","image":{"@type":"ImageObject","inLanguage":"ro-RO","@id":"https:\/\/secure.gravatar.com\/avatar\/9ce5a9435071fa1037e8468053ead8e513dbbff59009d3069aadb85506d85a27?s=96&d=mm&r=g","url":"https:\/\/secure.gravatar.com\/avatar\/9ce5a9435071fa1037e8468053ead8e513dbbff59009d3069aadb85506d85a27?s=96&d=mm&r=g","contentUrl":"https:\/\/secure.gravatar.com\/avatar\/9ce5a9435071fa1037e8468053ead8e513dbbff59009d3069aadb85506d85a27?s=96&d=mm&r=g","caption":"Redac\u021bia UrbeaMea"},"description":"contact@urbeamea.ro","sameAs":["https:\/\/www.urbeamea.ro"],"url":"https:\/\/urbeamea.ro\/albaiulia\/author\/redactia-urbeamea\/"}]}},"_links":{"self":[{"href":"https:\/\/urbeamea.ro\/albaiulia\/wp-json\/wp\/v2\/posts\/101081","targetHints":{"allow":["GET"]}}],"collection":[{"href":"https:\/\/urbeamea.ro\/albaiulia\/wp-json\/wp\/v2\/posts"}],"about":[{"href":"https:\/\/urbeamea.ro\/albaiulia\/wp-json\/wp\/v2\/types\/post"}],"author":[{"embeddable":true,"href":"https:\/\/urbeamea.ro\/albaiulia\/wp-json\/wp\/v2\/users\/16"}],"replies":[{"embeddable":true,"href":"https:\/\/urbeamea.ro\/albaiulia\/wp-json\/wp\/v2\/comments?post=101081"}],"version-history":[{"count":2,"href":"https:\/\/urbeamea.ro\/albaiulia\/wp-json\/wp\/v2\/posts\/101081\/revisions"}],"predecessor-version":[{"id":101086,"href":"https:\/\/urbeamea.ro\/albaiulia\/wp-json\/wp\/v2\/posts\/101081\/revisions\/101086"}],"wp:featuredmedia":[{"embeddable":true,"href":"https:\/\/urbeamea.ro\/albaiulia\/wp-json\/wp\/v2\/media\/4293"}],"wp:attachment":[{"href":"https:\/\/urbeamea.ro\/albaiulia\/wp-json\/wp\/v2\/media?parent=101081"}],"wp:term":[{"taxonomy":"category","embeddable":true,"href":"https:\/\/urbeamea.ro\/albaiulia\/wp-json\/wp\/v2\/categories?post=101081"},{"taxonomy":"post_tag","embeddable":true,"href":"https:\/\/urbeamea.ro\/albaiulia\/wp-json\/wp\/v2\/tags?post=101081"}],"curies":[{"name":"wp","href":"https:\/\/api.w.org\/{rel}","templated":true}]}}