{"id":101115,"date":"2022-04-04T12:39:09","date_gmt":"2022-04-04T09:39:09","guid":{"rendered":"https:\/\/urbeamea.ro\/albaiulia\/?p=101115"},"modified":"2022-04-04T12:39:10","modified_gmt":"2022-04-04T09:39:10","slug":"teatrul-de-papusi-prichindel-si-consiliul-judetean-alba-se-pregatesc-de-cea-de-a-xv-a-editie-a-festivalului-international-de-teatru-povesti","status":"publish","type":"post","link":"https:\/\/urbeamea.ro\/albaiulia\/teatrul-de-papusi-prichindel-si-consiliul-judetean-alba-se-pregatesc-de-cea-de-a-xv-a-editie-a-festivalului-international-de-teatru-povesti\/","title":{"rendered":"Teatrul de P\u0103pu\u0219i \u201ePrichindel\u201d \u0219i Consiliul Jude\u021bean Alba se preg\u0103tesc de cea de-a XV-a edi\u021bie a Festivalului Interna\u021bional de Teatru \u201ePove\u0219ti\u201d."},"content":{"rendered":"\n<h3 class=\"wp-block-heading\">O edi\u021bie aniversar\u0103, mult a\u0219teptat\u0103, care ne dorim s\u0103 readuc\u0103, \u00een fa\u021ba publicului din municipiu \u0219i jude\u021b, acel eveniment de \u00eenalt\u0103 \u021binut\u0103 artistic\u0103 \u0219i cultural\u0103 cu care l-am obi\u0219nuit de paisprezece edi\u021bii<\/h3>\n\n\n\n<blockquote class=\"wp-block-quote is-layout-flow wp-block-quote-is-layout-flow\"><p>Ne preg\u0103tim cu emo\u021bie \u0219i mult\u0103 bucurie pentru a reveni \u00een comunitate cu acest festival care a adus, de-a lungul anilor, \u00eent\u00e2lniri minunate ale publicului cu arti\u0219ti din \u021bar\u0103 \u0219i str\u0103in\u0103tate. A\u0219adar, \u00een perioada 15 \u2013 21 mai mergem la teatru, indiferent de v\u00e2rst\u0103. Spectacole de teatru destinate publicului adult, dar \u0219i adolescen\u021bilor \u0219i copiilor, ateliere de crea\u021bie, lans\u0103ri de carte, dialoguri, conferin\u021be, expozi\u021bii sunt preg\u0103tite pentru iubitorii de teatru. Suntem convin\u0219i c\u0103 nu doar nou\u0103 ne-a fost dor de o astfel de \u00eent\u00e2lnire, ci \u0219i dumneavoastr\u0103, publicul nostru drag, c\u0103ruia \u00eei este \u00een totalitate dedicat. Marcel Iure\u0219, Maia Morgenstern, Hora\u021biu M\u0103l\u0103ele, Florin Piersic jr. \u00a0Chris Simion, Oana Pellea, dar \u0219i personaje \u00eendr\u0103gite din pove\u0219tile pentru copii, v\u0103 a\u0219teapt\u0103 \u00eentr-o nou\u0103 edi\u021bie de festival.<\/p><cite>Ioana Bog\u0103\u021ban, manager teatru<\/cite><\/blockquote>\n\n\n\n<p class=\"wp-block-paragraph\">A\u0219adar, \u00een perioada 15 \u2013 21 mai 2022, v\u0103 a\u0219tept\u0103m la edi\u021bia cu num\u0103rul 15 a Festivalului Interna\u021bional de Teatru \u201ePove\u0219ti\u201d. Vom reveni \u00een cur\u00e2nd cu programul festivalului, ca s\u0103 afla\u021bi toate detaliile importante pentru ca dumneavoastr\u0103 s\u0103 fi\u021bi prezen\u021bi \u00een s\u0103lile de spectacol.<\/p>\n","protected":false},"excerpt":{"rendered":"<p>O edi\u021bie aniversar\u0103, mult a\u0219teptat\u0103, care ne dorim s\u0103 readuc\u0103, \u00een fa\u021ba publicului din municipiu \u0219i jude\u021b, acel eveniment de \u00eenalt\u0103 \u021binut\u0103 artistic\u0103 \u0219i cultural\u0103 cu care l-am obi\u0219nuit de paisprezece edi\u021bii Ne preg\u0103tim cu emo\u021bie \u0219i mult\u0103 bucurie pentru a reveni \u00een comunitate cu acest festival care a adus, de-a lungul anilor, \u00eent\u00e2lniri minunate &hellip;<\/p>\n","protected":false},"author":16,"featured_media":101116,"comment_status":"open","ping_status":"open","sticky":false,"template":"","format":"standard","meta":{"inline_featured_image":false,"footnotes":""},"categories":[4],"tags":[784,24135,8994],"class_list":["post-101115","post","type-post","status-publish","format-standard","has-post-thumbnail","hentry","category-eveniment","tag-consiliul-judetean-alba","tag-festivalul-international-de-teatru-povesti-3","tag-teatrul-de-papusi-prichindel-alba-iulia"],"yoast_head":"<!-- This site is optimized with the Yoast SEO plugin v28.3 - https:\/\/yoast.com\/product\/yoast-seo-wordpress\/ -->\n<title>Teatrul de P\u0103pu\u0219i \u201ePrichindel\u201d \u0219i Consiliul Jude\u021bean Alba se preg\u0103tesc de cea de-a XV-a edi\u021bie a Festivalului Interna\u021bional de Teatru \u201ePove\u0219ti\u201d. - Revista Urbea Mea - Revista de Alba<\/title>\n<meta name=\"description\" content=\"O edi\u021bie aniversar\u0103, mult a\u0219teptat\u0103, care ne dorim s\u0103 readuc\u0103, \u00een fa\u021ba publicului din municipiu \u0219i jude\u021b, acel eveniment de \u00eenalt\u0103 \u021binut\u0103 artistic\u0103 \u0219i\" \/>\n<meta name=\"robots\" content=\"index, follow, max-snippet:-1, max-image-preview:large, max-video-preview:-1\" \/>\n<link rel=\"canonical\" href=\"https:\/\/urbeamea.ro\/albaiulia\/teatrul-de-papusi-prichindel-si-consiliul-judetean-alba-se-pregatesc-de-cea-de-a-xv-a-editie-a-festivalului-international-de-teatru-povesti\/\" \/>\n<meta name=\"twitter:card\" content=\"summary_large_image\" \/>\n<meta name=\"twitter:title\" content=\"Teatrul de P\u0103pu\u0219i \u201ePrichindel\u201d \u0219i Consiliul Jude\u021bean Alba se preg\u0103tesc de cea de-a XV-a edi\u021bie a Festivalului Interna\u021bional de Teatru \u201ePove\u0219ti\u201d. - Revista Urbea Mea - Revista de Alba\" \/>\n<meta name=\"twitter:description\" content=\"O edi\u021bie aniversar\u0103, mult a\u0219teptat\u0103, care ne dorim s\u0103 readuc\u0103, \u00een fa\u021ba publicului din municipiu \u0219i jude\u021b, acel eveniment de \u00eenalt\u0103 \u021binut\u0103 artistic\u0103 \u0219i\" \/>\n<meta name=\"twitter:image\" content=\"https:\/\/urbeamea.ro\/albaiulia\/wp-content\/uploads\/2022\/04\/afis-teatru-final-alb-logouri-final-comunicat.jpg\" \/>\n<meta name=\"twitter:creator\" content=\"@urbeameaweb\" \/>\n<meta name=\"twitter:site\" content=\"@urbeameaweb\" \/>\n<script type=\"application\/ld+json\" class=\"yoast-schema-graph\">{\"@context\":\"https:\\\/\\\/schema.org\",\"@graph\":[{\"@type\":\"Article\",\"@id\":\"https:\\\/\\\/urbeamea.ro\\\/albaiulia\\\/teatrul-de-papusi-prichindel-si-consiliul-judetean-alba-se-pregatesc-de-cea-de-a-xv-a-editie-a-festivalului-international-de-teatru-povesti\\\/#article\",\"isPartOf\":{\"@id\":\"https:\\\/\\\/urbeamea.ro\\\/albaiulia\\\/teatrul-de-papusi-prichindel-si-consiliul-judetean-alba-se-pregatesc-de-cea-de-a-xv-a-editie-a-festivalului-international-de-teatru-povesti\\\/\"},\"author\":{\"name\":\"Redac\u021bia UrbeaMea\",\"@id\":\"https:\\\/\\\/urbeamea.ro\\\/albaiulia\\\/#\\\/schema\\\/person\\\/272ae98052f8ee8980f59848df070247\"},\"headline\":\"Teatrul de P\u0103pu\u0219i \u201ePrichindel\u201d \u0219i Consiliul Jude\u021bean Alba se preg\u0103tesc de cea de-a XV-a edi\u021bie a Festivalului Interna\u021bional de Teatru \u201ePove\u0219ti\u201d.\",\"datePublished\":\"2022-04-04T09:39:09+00:00\",\"dateModified\":\"2022-04-04T09:39:10+00:00\",\"mainEntityOfPage\":{\"@id\":\"https:\\\/\\\/urbeamea.ro\\\/albaiulia\\\/teatrul-de-papusi-prichindel-si-consiliul-judetean-alba-se-pregatesc-de-cea-de-a-xv-a-editie-a-festivalului-international-de-teatru-povesti\\\/\"},\"wordCount\":266,\"commentCount\":0,\"image\":{\"@id\":\"https:\\\/\\\/urbeamea.ro\\\/albaiulia\\\/teatrul-de-papusi-prichindel-si-consiliul-judetean-alba-se-pregatesc-de-cea-de-a-xv-a-editie-a-festivalului-international-de-teatru-povesti\\\/#primaryimage\"},\"thumbnailUrl\":\"https:\\\/\\\/urbeamea.ro\\\/albaiulia\\\/wp-content\\\/uploads\\\/2022\\\/04\\\/afis-teatru-final-alb-logouri-final-comunicat.jpg\",\"keywords\":[\"Consiliul Judetean Alba\",\"festivalul international de teatru &quot;povesti&quot;\",\"teatrul de papusi prichindel alba iulia\"],\"articleSection\":[\"Evenimente\"],\"inLanguage\":\"ro-RO\",\"potentialAction\":[{\"@type\":\"CommentAction\",\"name\":\"Comment\",\"target\":[\"https:\\\/\\\/urbeamea.ro\\\/albaiulia\\\/teatrul-de-papusi-prichindel-si-consiliul-judetean-alba-se-pregatesc-de-cea-de-a-xv-a-editie-a-festivalului-international-de-teatru-povesti\\\/#respond\"]}]},{\"@type\":\"WebPage\",\"@id\":\"https:\\\/\\\/urbeamea.ro\\\/albaiulia\\\/teatrul-de-papusi-prichindel-si-consiliul-judetean-alba-se-pregatesc-de-cea-de-a-xv-a-editie-a-festivalului-international-de-teatru-povesti\\\/\",\"url\":\"https:\\\/\\\/urbeamea.ro\\\/albaiulia\\\/teatrul-de-papusi-prichindel-si-consiliul-judetean-alba-se-pregatesc-de-cea-de-a-xv-a-editie-a-festivalului-international-de-teatru-povesti\\\/\",\"name\":\"Teatrul de P\u0103pu\u0219i \u201ePrichindel\u201d \u0219i Consiliul Jude\u021bean Alba se preg\u0103tesc de cea de-a XV-a edi\u021bie a Festivalului Interna\u021bional de Teatru \u201ePove\u0219ti\u201d. - Revista Urbea Mea - Revista de Alba\",\"isPartOf\":{\"@id\":\"https:\\\/\\\/urbeamea.ro\\\/albaiulia\\\/#website\"},\"primaryImageOfPage\":{\"@id\":\"https:\\\/\\\/urbeamea.ro\\\/albaiulia\\\/teatrul-de-papusi-prichindel-si-consiliul-judetean-alba-se-pregatesc-de-cea-de-a-xv-a-editie-a-festivalului-international-de-teatru-povesti\\\/#primaryimage\"},\"image\":{\"@id\":\"https:\\\/\\\/urbeamea.ro\\\/albaiulia\\\/teatrul-de-papusi-prichindel-si-consiliul-judetean-alba-se-pregatesc-de-cea-de-a-xv-a-editie-a-festivalului-international-de-teatru-povesti\\\/#primaryimage\"},\"thumbnailUrl\":\"https:\\\/\\\/urbeamea.ro\\\/albaiulia\\\/wp-content\\\/uploads\\\/2022\\\/04\\\/afis-teatru-final-alb-logouri-final-comunicat.jpg\",\"datePublished\":\"2022-04-04T09:39:09+00:00\",\"dateModified\":\"2022-04-04T09:39:10+00:00\",\"author\":{\"@id\":\"https:\\\/\\\/urbeamea.ro\\\/albaiulia\\\/#\\\/schema\\\/person\\\/272ae98052f8ee8980f59848df070247\"},\"description\":\"O edi\u021bie aniversar\u0103, mult a\u0219teptat\u0103, care ne dorim s\u0103 readuc\u0103, \u00een fa\u021ba publicului din municipiu \u0219i jude\u021b, acel eveniment de \u00eenalt\u0103 \u021binut\u0103 artistic\u0103 \u0219i\",\"breadcrumb\":{\"@id\":\"https:\\\/\\\/urbeamea.ro\\\/albaiulia\\\/teatrul-de-papusi-prichindel-si-consiliul-judetean-alba-se-pregatesc-de-cea-de-a-xv-a-editie-a-festivalului-international-de-teatru-povesti\\\/#breadcrumb\"},\"inLanguage\":\"ro-RO\",\"potentialAction\":[{\"@type\":\"ReadAction\",\"target\":[\"https:\\\/\\\/urbeamea.ro\\\/albaiulia\\\/teatrul-de-papusi-prichindel-si-consiliul-judetean-alba-se-pregatesc-de-cea-de-a-xv-a-editie-a-festivalului-international-de-teatru-povesti\\\/\"]}]},{\"@type\":\"ImageObject\",\"inLanguage\":\"ro-RO\",\"@id\":\"https:\\\/\\\/urbeamea.ro\\\/albaiulia\\\/teatrul-de-papusi-prichindel-si-consiliul-judetean-alba-se-pregatesc-de-cea-de-a-xv-a-editie-a-festivalului-international-de-teatru-povesti\\\/#primaryimage\",\"url\":\"https:\\\/\\\/urbeamea.ro\\\/albaiulia\\\/wp-content\\\/uploads\\\/2022\\\/04\\\/afis-teatru-final-alb-logouri-final-comunicat.jpg\",\"contentUrl\":\"https:\\\/\\\/urbeamea.ro\\\/albaiulia\\\/wp-content\\\/uploads\\\/2022\\\/04\\\/afis-teatru-final-alb-logouri-final-comunicat.jpg\",\"width\":878,\"height\":1232},{\"@type\":\"BreadcrumbList\",\"@id\":\"https:\\\/\\\/urbeamea.ro\\\/albaiulia\\\/teatrul-de-papusi-prichindel-si-consiliul-judetean-alba-se-pregatesc-de-cea-de-a-xv-a-editie-a-festivalului-international-de-teatru-povesti\\\/#breadcrumb\",\"itemListElement\":[{\"@type\":\"ListItem\",\"position\":1,\"name\":\"Prima pagin\u0103\",\"item\":\"https:\\\/\\\/urbeamea.ro\\\/albaiulia\\\/\"},{\"@type\":\"ListItem\",\"position\":2,\"name\":\"Teatrul de P\u0103pu\u0219i \u201ePrichindel\u201d \u0219i Consiliul Jude\u021bean Alba se preg\u0103tesc de cea de-a XV-a edi\u021bie a Festivalului Interna\u021bional de Teatru \u201ePove\u0219ti\u201d.\"}]},{\"@type\":\"WebSite\",\"@id\":\"https:\\\/\\\/urbeamea.ro\\\/albaiulia\\\/#website\",\"url\":\"https:\\\/\\\/urbeamea.ro\\\/albaiulia\\\/\",\"name\":\"Revista Urbea Mea, Stiri urbane\",\"description\":\"Evenimente \u0219i \u0219tiri din Alba Iulia, Sebe\u0219, Aiud, Blaj\",\"potentialAction\":[{\"@type\":\"SearchAction\",\"target\":{\"@type\":\"EntryPoint\",\"urlTemplate\":\"https:\\\/\\\/urbeamea.ro\\\/albaiulia\\\/?s={search_term_string}\"},\"query-input\":{\"@type\":\"PropertyValueSpecification\",\"valueRequired\":true,\"valueName\":\"search_term_string\"}}],\"inLanguage\":\"ro-RO\"},{\"@type\":\"Person\",\"@id\":\"https:\\\/\\\/urbeamea.ro\\\/albaiulia\\\/#\\\/schema\\\/person\\\/272ae98052f8ee8980f59848df070247\",\"name\":\"Redac\u021bia UrbeaMea\",\"image\":{\"@type\":\"ImageObject\",\"inLanguage\":\"ro-RO\",\"@id\":\"https:\\\/\\\/secure.gravatar.com\\\/avatar\\\/9ce5a9435071fa1037e8468053ead8e513dbbff59009d3069aadb85506d85a27?s=96&d=mm&r=g\",\"url\":\"https:\\\/\\\/secure.gravatar.com\\\/avatar\\\/9ce5a9435071fa1037e8468053ead8e513dbbff59009d3069aadb85506d85a27?s=96&d=mm&r=g\",\"contentUrl\":\"https:\\\/\\\/secure.gravatar.com\\\/avatar\\\/9ce5a9435071fa1037e8468053ead8e513dbbff59009d3069aadb85506d85a27?s=96&d=mm&r=g\",\"caption\":\"Redac\u021bia UrbeaMea\"},\"description\":\"contact@urbeamea.ro\",\"sameAs\":[\"https:\\\/\\\/www.urbeamea.ro\"],\"url\":\"https:\\\/\\\/urbeamea.ro\\\/albaiulia\\\/author\\\/redactia-urbeamea\\\/\"}]}<\/script>\n<!-- \/ Yoast SEO plugin. -->","yoast_head_json":{"title":"Teatrul de P\u0103pu\u0219i \u201ePrichindel\u201d \u0219i Consiliul Jude\u021bean Alba se preg\u0103tesc de cea de-a XV-a edi\u021bie a Festivalului Interna\u021bional de Teatru \u201ePove\u0219ti\u201d. - Revista Urbea Mea - Revista de Alba","description":"O edi\u021bie aniversar\u0103, mult a\u0219teptat\u0103, care ne dorim s\u0103 readuc\u0103, \u00een fa\u021ba publicului din municipiu \u0219i jude\u021b, acel eveniment de \u00eenalt\u0103 \u021binut\u0103 artistic\u0103 \u0219i","robots":{"index":"index","follow":"follow","max-snippet":"max-snippet:-1","max-image-preview":"max-image-preview:large","max-video-preview":"max-video-preview:-1"},"canonical":"https:\/\/urbeamea.ro\/albaiulia\/teatrul-de-papusi-prichindel-si-consiliul-judetean-alba-se-pregatesc-de-cea-de-a-xv-a-editie-a-festivalului-international-de-teatru-povesti\/","twitter_card":"summary_large_image","twitter_title":"Teatrul de P\u0103pu\u0219i \u201ePrichindel\u201d \u0219i Consiliul Jude\u021bean Alba se preg\u0103tesc de cea de-a XV-a edi\u021bie a Festivalului Interna\u021bional de Teatru \u201ePove\u0219ti\u201d. - Revista Urbea Mea - Revista de Alba","twitter_description":"O edi\u021bie aniversar\u0103, mult a\u0219teptat\u0103, care ne dorim s\u0103 readuc\u0103, \u00een fa\u021ba publicului din municipiu \u0219i jude\u021b, acel eveniment de \u00eenalt\u0103 \u021binut\u0103 artistic\u0103 \u0219i","twitter_image":"https:\/\/urbeamea.ro\/albaiulia\/wp-content\/uploads\/2022\/04\/afis-teatru-final-alb-logouri-final-comunicat.jpg","twitter_creator":"@urbeameaweb","twitter_site":"@urbeameaweb","schema":{"@context":"https:\/\/schema.org","@graph":[{"@type":"Article","@id":"https:\/\/urbeamea.ro\/albaiulia\/teatrul-de-papusi-prichindel-si-consiliul-judetean-alba-se-pregatesc-de-cea-de-a-xv-a-editie-a-festivalului-international-de-teatru-povesti\/#article","isPartOf":{"@id":"https:\/\/urbeamea.ro\/albaiulia\/teatrul-de-papusi-prichindel-si-consiliul-judetean-alba-se-pregatesc-de-cea-de-a-xv-a-editie-a-festivalului-international-de-teatru-povesti\/"},"author":{"name":"Redac\u021bia UrbeaMea","@id":"https:\/\/urbeamea.ro\/albaiulia\/#\/schema\/person\/272ae98052f8ee8980f59848df070247"},"headline":"Teatrul de P\u0103pu\u0219i \u201ePrichindel\u201d \u0219i Consiliul Jude\u021bean Alba se preg\u0103tesc de cea de-a XV-a edi\u021bie a Festivalului Interna\u021bional de Teatru \u201ePove\u0219ti\u201d.","datePublished":"2022-04-04T09:39:09+00:00","dateModified":"2022-04-04T09:39:10+00:00","mainEntityOfPage":{"@id":"https:\/\/urbeamea.ro\/albaiulia\/teatrul-de-papusi-prichindel-si-consiliul-judetean-alba-se-pregatesc-de-cea-de-a-xv-a-editie-a-festivalului-international-de-teatru-povesti\/"},"wordCount":266,"commentCount":0,"image":{"@id":"https:\/\/urbeamea.ro\/albaiulia\/teatrul-de-papusi-prichindel-si-consiliul-judetean-alba-se-pregatesc-de-cea-de-a-xv-a-editie-a-festivalului-international-de-teatru-povesti\/#primaryimage"},"thumbnailUrl":"https:\/\/urbeamea.ro\/albaiulia\/wp-content\/uploads\/2022\/04\/afis-teatru-final-alb-logouri-final-comunicat.jpg","keywords":["Consiliul Judetean Alba","festivalul international de teatru &quot;povesti&quot;","teatrul de papusi prichindel alba iulia"],"articleSection":["Evenimente"],"inLanguage":"ro-RO","potentialAction":[{"@type":"CommentAction","name":"Comment","target":["https:\/\/urbeamea.ro\/albaiulia\/teatrul-de-papusi-prichindel-si-consiliul-judetean-alba-se-pregatesc-de-cea-de-a-xv-a-editie-a-festivalului-international-de-teatru-povesti\/#respond"]}]},{"@type":"WebPage","@id":"https:\/\/urbeamea.ro\/albaiulia\/teatrul-de-papusi-prichindel-si-consiliul-judetean-alba-se-pregatesc-de-cea-de-a-xv-a-editie-a-festivalului-international-de-teatru-povesti\/","url":"https:\/\/urbeamea.ro\/albaiulia\/teatrul-de-papusi-prichindel-si-consiliul-judetean-alba-se-pregatesc-de-cea-de-a-xv-a-editie-a-festivalului-international-de-teatru-povesti\/","name":"Teatrul de P\u0103pu\u0219i \u201ePrichindel\u201d \u0219i Consiliul Jude\u021bean Alba se preg\u0103tesc de cea de-a XV-a edi\u021bie a Festivalului Interna\u021bional de Teatru \u201ePove\u0219ti\u201d. - Revista Urbea Mea - Revista de Alba","isPartOf":{"@id":"https:\/\/urbeamea.ro\/albaiulia\/#website"},"primaryImageOfPage":{"@id":"https:\/\/urbeamea.ro\/albaiulia\/teatrul-de-papusi-prichindel-si-consiliul-judetean-alba-se-pregatesc-de-cea-de-a-xv-a-editie-a-festivalului-international-de-teatru-povesti\/#primaryimage"},"image":{"@id":"https:\/\/urbeamea.ro\/albaiulia\/teatrul-de-papusi-prichindel-si-consiliul-judetean-alba-se-pregatesc-de-cea-de-a-xv-a-editie-a-festivalului-international-de-teatru-povesti\/#primaryimage"},"thumbnailUrl":"https:\/\/urbeamea.ro\/albaiulia\/wp-content\/uploads\/2022\/04\/afis-teatru-final-alb-logouri-final-comunicat.jpg","datePublished":"2022-04-04T09:39:09+00:00","dateModified":"2022-04-04T09:39:10+00:00","author":{"@id":"https:\/\/urbeamea.ro\/albaiulia\/#\/schema\/person\/272ae98052f8ee8980f59848df070247"},"description":"O edi\u021bie aniversar\u0103, mult a\u0219teptat\u0103, care ne dorim s\u0103 readuc\u0103, \u00een fa\u021ba publicului din municipiu \u0219i jude\u021b, acel eveniment de \u00eenalt\u0103 \u021binut\u0103 artistic\u0103 \u0219i","breadcrumb":{"@id":"https:\/\/urbeamea.ro\/albaiulia\/teatrul-de-papusi-prichindel-si-consiliul-judetean-alba-se-pregatesc-de-cea-de-a-xv-a-editie-a-festivalului-international-de-teatru-povesti\/#breadcrumb"},"inLanguage":"ro-RO","potentialAction":[{"@type":"ReadAction","target":["https:\/\/urbeamea.ro\/albaiulia\/teatrul-de-papusi-prichindel-si-consiliul-judetean-alba-se-pregatesc-de-cea-de-a-xv-a-editie-a-festivalului-international-de-teatru-povesti\/"]}]},{"@type":"ImageObject","inLanguage":"ro-RO","@id":"https:\/\/urbeamea.ro\/albaiulia\/teatrul-de-papusi-prichindel-si-consiliul-judetean-alba-se-pregatesc-de-cea-de-a-xv-a-editie-a-festivalului-international-de-teatru-povesti\/#primaryimage","url":"https:\/\/urbeamea.ro\/albaiulia\/wp-content\/uploads\/2022\/04\/afis-teatru-final-alb-logouri-final-comunicat.jpg","contentUrl":"https:\/\/urbeamea.ro\/albaiulia\/wp-content\/uploads\/2022\/04\/afis-teatru-final-alb-logouri-final-comunicat.jpg","width":878,"height":1232},{"@type":"BreadcrumbList","@id":"https:\/\/urbeamea.ro\/albaiulia\/teatrul-de-papusi-prichindel-si-consiliul-judetean-alba-se-pregatesc-de-cea-de-a-xv-a-editie-a-festivalului-international-de-teatru-povesti\/#breadcrumb","itemListElement":[{"@type":"ListItem","position":1,"name":"Prima pagin\u0103","item":"https:\/\/urbeamea.ro\/albaiulia\/"},{"@type":"ListItem","position":2,"name":"Teatrul de P\u0103pu\u0219i \u201ePrichindel\u201d \u0219i Consiliul Jude\u021bean Alba se preg\u0103tesc de cea de-a XV-a edi\u021bie a Festivalului Interna\u021bional de Teatru \u201ePove\u0219ti\u201d."}]},{"@type":"WebSite","@id":"https:\/\/urbeamea.ro\/albaiulia\/#website","url":"https:\/\/urbeamea.ro\/albaiulia\/","name":"Revista Urbea Mea, Stiri urbane","description":"Evenimente \u0219i \u0219tiri din Alba Iulia, Sebe\u0219, Aiud, Blaj","potentialAction":[{"@type":"SearchAction","target":{"@type":"EntryPoint","urlTemplate":"https:\/\/urbeamea.ro\/albaiulia\/?s={search_term_string}"},"query-input":{"@type":"PropertyValueSpecification","valueRequired":true,"valueName":"search_term_string"}}],"inLanguage":"ro-RO"},{"@type":"Person","@id":"https:\/\/urbeamea.ro\/albaiulia\/#\/schema\/person\/272ae98052f8ee8980f59848df070247","name":"Redac\u021bia UrbeaMea","image":{"@type":"ImageObject","inLanguage":"ro-RO","@id":"https:\/\/secure.gravatar.com\/avatar\/9ce5a9435071fa1037e8468053ead8e513dbbff59009d3069aadb85506d85a27?s=96&d=mm&r=g","url":"https:\/\/secure.gravatar.com\/avatar\/9ce5a9435071fa1037e8468053ead8e513dbbff59009d3069aadb85506d85a27?s=96&d=mm&r=g","contentUrl":"https:\/\/secure.gravatar.com\/avatar\/9ce5a9435071fa1037e8468053ead8e513dbbff59009d3069aadb85506d85a27?s=96&d=mm&r=g","caption":"Redac\u021bia UrbeaMea"},"description":"contact@urbeamea.ro","sameAs":["https:\/\/www.urbeamea.ro"],"url":"https:\/\/urbeamea.ro\/albaiulia\/author\/redactia-urbeamea\/"}]}},"_links":{"self":[{"href":"https:\/\/urbeamea.ro\/albaiulia\/wp-json\/wp\/v2\/posts\/101115","targetHints":{"allow":["GET"]}}],"collection":[{"href":"https:\/\/urbeamea.ro\/albaiulia\/wp-json\/wp\/v2\/posts"}],"about":[{"href":"https:\/\/urbeamea.ro\/albaiulia\/wp-json\/wp\/v2\/types\/post"}],"author":[{"embeddable":true,"href":"https:\/\/urbeamea.ro\/albaiulia\/wp-json\/wp\/v2\/users\/16"}],"replies":[{"embeddable":true,"href":"https:\/\/urbeamea.ro\/albaiulia\/wp-json\/wp\/v2\/comments?post=101115"}],"version-history":[{"count":1,"href":"https:\/\/urbeamea.ro\/albaiulia\/wp-json\/wp\/v2\/posts\/101115\/revisions"}],"predecessor-version":[{"id":101117,"href":"https:\/\/urbeamea.ro\/albaiulia\/wp-json\/wp\/v2\/posts\/101115\/revisions\/101117"}],"wp:featuredmedia":[{"embeddable":true,"href":"https:\/\/urbeamea.ro\/albaiulia\/wp-json\/wp\/v2\/media\/101116"}],"wp:attachment":[{"href":"https:\/\/urbeamea.ro\/albaiulia\/wp-json\/wp\/v2\/media?parent=101115"}],"wp:term":[{"taxonomy":"category","embeddable":true,"href":"https:\/\/urbeamea.ro\/albaiulia\/wp-json\/wp\/v2\/categories?post=101115"},{"taxonomy":"post_tag","embeddable":true,"href":"https:\/\/urbeamea.ro\/albaiulia\/wp-json\/wp\/v2\/tags?post=101115"}],"curies":[{"name":"wp","href":"https:\/\/api.w.org\/{rel}","templated":true}]}}