{"id":101298,"date":"2022-04-14T12:34:16","date_gmt":"2022-04-14T09:34:16","guid":{"rendered":"https:\/\/urbeamea.ro\/albaiulia\/?p=101298"},"modified":"2022-04-14T12:34:17","modified_gmt":"2022-04-14T09:34:17","slug":"veniti-crestini-la-rugaciune-invitatia-municipalitatii-la-o-serie-de-3-concerte-religioase-in-bisericile-din-alba-iulia","status":"publish","type":"post","link":"https:\/\/urbeamea.ro\/albaiulia\/veniti-crestini-la-rugaciune-invitatia-municipalitatii-la-o-serie-de-3-concerte-religioase-in-bisericile-din-alba-iulia\/","title":{"rendered":"\u201eVeni\u021bi, cre\u0219tini, la rug\u0103ciune!\u201d invita\u021bia municipalit\u0103\u021bii la o serie de 3 concerte religioase \u00een bisericile din Alba Iulia"},"content":{"rendered":"\n<p class=\"wp-block-paragraph\">3 zile. 3 biserici. 3 spectacole unice, la Alba Iulia, \u00eenainte de S\u0103pt\u0103m\u00e2na Mare &#8211; un proiect cultural excep\u021bional \u00eei aduce \u00een fa\u021ba publicului din Alba Iulia pe actorul Dorel Vi\u0219an, soli\u0219tii Mariana Anghel, al\u0103turi de grupurile Anghelos \u0219i Cantores, \u0219i de Marcel Anghel, cu toaca str\u0103bun\u0103.<\/p>\n\n\n\n<p class=\"wp-block-paragraph\">Locurile alese pentru concerte au, la r\u00e2ndul lor, o semnifica\u021bie aparte \u0219i o rezonan\u021b\u0103 puternic\u0103 pentru comunitatea local\u0103:<\/p>\n\n\n\n<ul class=\"wp-block-list\"><li>Biserica Sf\u00e2ntul Minea, 15 Aprilie 2022, ora 18:00;<\/li><li>Biserica \u00cent\u00e2mpinarea Domnului, 16 Aprilie 2022, ora 18:00<\/li><li>Biserica Pogor\u00e2rea Sf\u00e2ntului Duh, pe 17 Aprilie 2022, de Florii, de la ora 12:00.<\/li><\/ul>\n\n\n\n<blockquote class=\"wp-block-quote is-layout-flow wp-block-quote-is-layout-flow\"><p><em>Pa\u0219tele e mai mult dec\u00e2t credin\u021ba, e esen\u021ba credin\u021bei noastre. M\u0103 bucur c\u0103 \u00eel putem s\u0103rb\u0103tori, \u00een sf\u00e2r\u0219it, a\u0219a cum se cuvine, f\u0103r\u0103 restric\u021biile \u0219i distan\u021barea din anii trecu\u021bi. Pentru c\u0103 Pa\u0219tele acesta \u00eenseamn\u0103 apropiere, nu distan\u021bare. \u00centre oameni, \u00eentre cre\u0219tini, \u00eentre fra\u021bi \u0219i acum \u0219i \u00eentre voci: Mariana Anghel, grupurile Anghelos \u0219i Cantores, \u0219i maestrul Vi\u0219an. Seria de 3 concerte religioase pe care prim\u0103ria le-a preg\u0103tit-o albaiulienilor este un dar de suflet pentru comunitate, acum, c\u00e2nd se apropie cea mai mare s\u0103rb\u0103toare a cre\u0219tin\u0103t\u0103\u021bii<\/em><\/p><cite>Gabriel Ple\u0219a, primarul municipiului Alba Iulia.<\/cite><\/blockquote>\n\n\n\n<p class=\"wp-block-paragraph\">Se vor interpreta piese din folclorul religios care vor urma cronologia faptelor, precum \u0219i a emo\u021biilor legate de ultima s\u0103pt\u0103m\u00e2n\u0103 din via\u021ba lui Iisus Hristos ( S\u0103pt\u0103m\u00e2na Patimilor) &#8211; Intrarea \u00een Ierusalim, Cina cea de Tain\u0103, R\u0103stignirea \u0219i \u00cenvierea. Grupul cameral instrumental \u201eCantores\u201d va acompania recitaluri de excep\u021bie, iar \u00eentre reprizele de interpretare vocal\u0103 \u0219i instrumental\u0103, invitatul special al acestui spectacol, actorul Dorel Vi\u0219an va recita Psalmi.<\/p>\n\n\n\n<p class=\"wp-block-paragraph\">Participarea publicului este gratuit\u0103 la toate cele trei concerte religioase reunite sub chemarea \u201eVeni\u021bi, cre\u0219tini, la rug\u0103ciune!\u201d.<\/p>\n\n\n\n<figure class=\"wp-block-image size-large\"><img loading=\"lazy\" decoding=\"async\" width=\"956\" height=\"1280\" src=\"https:\/\/urbeamea.ro\/albaiulia\/wp-content\/uploads\/2022\/04\/Veniti-crestini-la-rugaciune-956x1280.jpeg\" alt=\"\" class=\"wp-image-101299\" srcset=\"https:\/\/urbeamea.ro\/albaiulia\/wp-content\/uploads\/2022\/04\/Veniti-crestini-la-rugaciune-956x1280.jpeg 956w, https:\/\/urbeamea.ro\/albaiulia\/wp-content\/uploads\/2022\/04\/Veniti-crestini-la-rugaciune-478x640.jpeg 478w, https:\/\/urbeamea.ro\/albaiulia\/wp-content\/uploads\/2022\/04\/Veniti-crestini-la-rugaciune-112x150.jpeg 112w, https:\/\/urbeamea.ro\/albaiulia\/wp-content\/uploads\/2022\/04\/Veniti-crestini-la-rugaciune-768x1028.jpeg 768w, https:\/\/urbeamea.ro\/albaiulia\/wp-content\/uploads\/2022\/04\/Veniti-crestini-la-rugaciune-1147x1536.jpeg 1147w, https:\/\/urbeamea.ro\/albaiulia\/wp-content\/uploads\/2022\/04\/Veniti-crestini-la-rugaciune.jpeg 1190w\" sizes=\"auto, (max-width: 956px) 100vw, 956px\" \/><\/figure>\n","protected":false},"excerpt":{"rendered":"<p>3 zile. 3 biserici. 3 spectacole unice, la Alba Iulia, \u00eenainte de S\u0103pt\u0103m\u00e2na Mare &#8211; un proiect cultural excep\u021bional \u00eei aduce \u00een fa\u021ba publicului din Alba Iulia pe actorul Dorel Vi\u0219an, soli\u0219tii Mariana Anghel, al\u0103turi de grupurile Anghelos \u0219i Cantores, \u0219i de Marcel Anghel, cu toaca str\u0103bun\u0103. Locurile alese pentru concerte au, la r\u00e2ndul lor, &hellip;<\/p>\n","protected":false},"author":16,"featured_media":101300,"comment_status":"open","ping_status":"open","sticky":false,"template":"","format":"standard","meta":{"inline_featured_image":false,"footnotes":""},"categories":[4],"tags":[24166,24167,24165,10527,21897],"class_list":["post-101298","post","type-post","status-publish","format-standard","has-post-thumbnail","hentry","category-eveniment","tag-biserica-intampinarea-domnului","tag-biserica-pogorarea-sfantului-duh","tag-biserica-sfantul-minea","tag-concert-de-pasti","tag-primarul-gabriel-plesa"],"yoast_head":"<!-- This site is optimized with the Yoast SEO plugin v28.3 - https:\/\/yoast.com\/product\/yoast-seo-wordpress\/ -->\n<title>\u201eVeni\u021bi, cre\u0219tini, la rug\u0103ciune!\u201d invita\u021bia municipalit\u0103\u021bii la o serie de 3 concerte religioase \u00een bisericile din Alba Iulia - Revista Urbea Mea - Revista de Alba<\/title>\n<meta name=\"description\" content=\"3 zile. 3 biserici. 3 spectacole unice, la Alba Iulia, \u00eenainte de S\u0103pt\u0103m\u00e2na Mare - un proiect cultural excep\u021bional \u00eei aduce \u00een fa\u021ba publicului din Alba\" \/>\n<meta name=\"robots\" content=\"index, follow, max-snippet:-1, max-image-preview:large, max-video-preview:-1\" \/>\n<link rel=\"canonical\" href=\"https:\/\/urbeamea.ro\/albaiulia\/veniti-crestini-la-rugaciune-invitatia-municipalitatii-la-o-serie-de-3-concerte-religioase-in-bisericile-din-alba-iulia\/\" \/>\n<meta name=\"twitter:card\" content=\"summary_large_image\" \/>\n<meta name=\"twitter:title\" content=\"\u201eVeni\u021bi, cre\u0219tini, la rug\u0103ciune!\u201d invita\u021bia municipalit\u0103\u021bii la o serie de 3 concerte religioase \u00een bisericile din Alba Iulia - Revista Urbea Mea - Revista de Alba\" \/>\n<meta name=\"twitter:description\" content=\"3 zile. 3 biserici. 3 spectacole unice, la Alba Iulia, \u00eenainte de S\u0103pt\u0103m\u00e2na Mare - un proiect cultural excep\u021bional \u00eei aduce \u00een fa\u021ba publicului din Alba\" \/>\n<meta name=\"twitter:image\" content=\"https:\/\/urbeamea.ro\/albaiulia\/wp-content\/uploads\/2022\/04\/resurrection-concept-crucifixion-jesus-christ-cross-sunset.jpg\" \/>\n<meta name=\"twitter:creator\" content=\"@urbeameaweb\" \/>\n<meta name=\"twitter:site\" content=\"@urbeameaweb\" \/>\n<script type=\"application\/ld+json\" class=\"yoast-schema-graph\">{\"@context\":\"https:\\\/\\\/schema.org\",\"@graph\":[{\"@type\":\"Article\",\"@id\":\"https:\\\/\\\/urbeamea.ro\\\/albaiulia\\\/veniti-crestini-la-rugaciune-invitatia-municipalitatii-la-o-serie-de-3-concerte-religioase-in-bisericile-din-alba-iulia\\\/#article\",\"isPartOf\":{\"@id\":\"https:\\\/\\\/urbeamea.ro\\\/albaiulia\\\/veniti-crestini-la-rugaciune-invitatia-municipalitatii-la-o-serie-de-3-concerte-religioase-in-bisericile-din-alba-iulia\\\/\"},\"author\":{\"name\":\"Redac\u021bia UrbeaMea\",\"@id\":\"https:\\\/\\\/urbeamea.ro\\\/albaiulia\\\/#\\\/schema\\\/person\\\/272ae98052f8ee8980f59848df070247\"},\"headline\":\"\u201eVeni\u021bi, cre\u0219tini, la rug\u0103ciune!\u201d invita\u021bia municipalit\u0103\u021bii la o serie de 3 concerte religioase \u00een bisericile din Alba Iulia\",\"datePublished\":\"2022-04-14T09:34:16+00:00\",\"dateModified\":\"2022-04-14T09:34:17+00:00\",\"mainEntityOfPage\":{\"@id\":\"https:\\\/\\\/urbeamea.ro\\\/albaiulia\\\/veniti-crestini-la-rugaciune-invitatia-municipalitatii-la-o-serie-de-3-concerte-religioase-in-bisericile-din-alba-iulia\\\/\"},\"wordCount\":335,\"commentCount\":0,\"image\":{\"@id\":\"https:\\\/\\\/urbeamea.ro\\\/albaiulia\\\/veniti-crestini-la-rugaciune-invitatia-municipalitatii-la-o-serie-de-3-concerte-religioase-in-bisericile-din-alba-iulia\\\/#primaryimage\"},\"thumbnailUrl\":\"https:\\\/\\\/urbeamea.ro\\\/albaiulia\\\/wp-content\\\/uploads\\\/2022\\\/04\\\/resurrection-concept-crucifixion-jesus-christ-cross-sunset.jpg\",\"keywords\":[\"biserica intampinarea domnului\",\"biserica pogorarea sfantului duh\",\"biserica sfantul minea\",\"concert de pasti\",\"primarul gabriel plesa\"],\"articleSection\":[\"Evenimente\"],\"inLanguage\":\"ro-RO\",\"potentialAction\":[{\"@type\":\"CommentAction\",\"name\":\"Comment\",\"target\":[\"https:\\\/\\\/urbeamea.ro\\\/albaiulia\\\/veniti-crestini-la-rugaciune-invitatia-municipalitatii-la-o-serie-de-3-concerte-religioase-in-bisericile-din-alba-iulia\\\/#respond\"]}]},{\"@type\":\"WebPage\",\"@id\":\"https:\\\/\\\/urbeamea.ro\\\/albaiulia\\\/veniti-crestini-la-rugaciune-invitatia-municipalitatii-la-o-serie-de-3-concerte-religioase-in-bisericile-din-alba-iulia\\\/\",\"url\":\"https:\\\/\\\/urbeamea.ro\\\/albaiulia\\\/veniti-crestini-la-rugaciune-invitatia-municipalitatii-la-o-serie-de-3-concerte-religioase-in-bisericile-din-alba-iulia\\\/\",\"name\":\"\u201eVeni\u021bi, cre\u0219tini, la rug\u0103ciune!\u201d invita\u021bia municipalit\u0103\u021bii la o serie de 3 concerte religioase \u00een bisericile din Alba Iulia - Revista Urbea Mea - Revista de Alba\",\"isPartOf\":{\"@id\":\"https:\\\/\\\/urbeamea.ro\\\/albaiulia\\\/#website\"},\"primaryImageOfPage\":{\"@id\":\"https:\\\/\\\/urbeamea.ro\\\/albaiulia\\\/veniti-crestini-la-rugaciune-invitatia-municipalitatii-la-o-serie-de-3-concerte-religioase-in-bisericile-din-alba-iulia\\\/#primaryimage\"},\"image\":{\"@id\":\"https:\\\/\\\/urbeamea.ro\\\/albaiulia\\\/veniti-crestini-la-rugaciune-invitatia-municipalitatii-la-o-serie-de-3-concerte-religioase-in-bisericile-din-alba-iulia\\\/#primaryimage\"},\"thumbnailUrl\":\"https:\\\/\\\/urbeamea.ro\\\/albaiulia\\\/wp-content\\\/uploads\\\/2022\\\/04\\\/resurrection-concept-crucifixion-jesus-christ-cross-sunset.jpg\",\"datePublished\":\"2022-04-14T09:34:16+00:00\",\"dateModified\":\"2022-04-14T09:34:17+00:00\",\"author\":{\"@id\":\"https:\\\/\\\/urbeamea.ro\\\/albaiulia\\\/#\\\/schema\\\/person\\\/272ae98052f8ee8980f59848df070247\"},\"description\":\"3 zile. 3 biserici. 3 spectacole unice, la Alba Iulia, \u00eenainte de S\u0103pt\u0103m\u00e2na Mare - un proiect cultural excep\u021bional \u00eei aduce \u00een fa\u021ba publicului din Alba\",\"breadcrumb\":{\"@id\":\"https:\\\/\\\/urbeamea.ro\\\/albaiulia\\\/veniti-crestini-la-rugaciune-invitatia-municipalitatii-la-o-serie-de-3-concerte-religioase-in-bisericile-din-alba-iulia\\\/#breadcrumb\"},\"inLanguage\":\"ro-RO\",\"potentialAction\":[{\"@type\":\"ReadAction\",\"target\":[\"https:\\\/\\\/urbeamea.ro\\\/albaiulia\\\/veniti-crestini-la-rugaciune-invitatia-municipalitatii-la-o-serie-de-3-concerte-religioase-in-bisericile-din-alba-iulia\\\/\"]}]},{\"@type\":\"ImageObject\",\"inLanguage\":\"ro-RO\",\"@id\":\"https:\\\/\\\/urbeamea.ro\\\/albaiulia\\\/veniti-crestini-la-rugaciune-invitatia-municipalitatii-la-o-serie-de-3-concerte-religioase-in-bisericile-din-alba-iulia\\\/#primaryimage\",\"url\":\"https:\\\/\\\/urbeamea.ro\\\/albaiulia\\\/wp-content\\\/uploads\\\/2022\\\/04\\\/resurrection-concept-crucifixion-jesus-christ-cross-sunset.jpg\",\"contentUrl\":\"https:\\\/\\\/urbeamea.ro\\\/albaiulia\\\/wp-content\\\/uploads\\\/2022\\\/04\\\/resurrection-concept-crucifixion-jesus-christ-cross-sunset.jpg\",\"width\":1600,\"height\":1067},{\"@type\":\"BreadcrumbList\",\"@id\":\"https:\\\/\\\/urbeamea.ro\\\/albaiulia\\\/veniti-crestini-la-rugaciune-invitatia-municipalitatii-la-o-serie-de-3-concerte-religioase-in-bisericile-din-alba-iulia\\\/#breadcrumb\",\"itemListElement\":[{\"@type\":\"ListItem\",\"position\":1,\"name\":\"Prima pagin\u0103\",\"item\":\"https:\\\/\\\/urbeamea.ro\\\/albaiulia\\\/\"},{\"@type\":\"ListItem\",\"position\":2,\"name\":\"\u201eVeni\u021bi, cre\u0219tini, la rug\u0103ciune!\u201d invita\u021bia municipalit\u0103\u021bii la o serie de 3 concerte religioase \u00een bisericile din Alba Iulia\"}]},{\"@type\":\"WebSite\",\"@id\":\"https:\\\/\\\/urbeamea.ro\\\/albaiulia\\\/#website\",\"url\":\"https:\\\/\\\/urbeamea.ro\\\/albaiulia\\\/\",\"name\":\"Revista Urbea Mea, Stiri urbane\",\"description\":\"Evenimente \u0219i \u0219tiri din Alba Iulia, Sebe\u0219, Aiud, Blaj\",\"potentialAction\":[{\"@type\":\"SearchAction\",\"target\":{\"@type\":\"EntryPoint\",\"urlTemplate\":\"https:\\\/\\\/urbeamea.ro\\\/albaiulia\\\/?s={search_term_string}\"},\"query-input\":{\"@type\":\"PropertyValueSpecification\",\"valueRequired\":true,\"valueName\":\"search_term_string\"}}],\"inLanguage\":\"ro-RO\"},{\"@type\":\"Person\",\"@id\":\"https:\\\/\\\/urbeamea.ro\\\/albaiulia\\\/#\\\/schema\\\/person\\\/272ae98052f8ee8980f59848df070247\",\"name\":\"Redac\u021bia UrbeaMea\",\"image\":{\"@type\":\"ImageObject\",\"inLanguage\":\"ro-RO\",\"@id\":\"https:\\\/\\\/secure.gravatar.com\\\/avatar\\\/9ce5a9435071fa1037e8468053ead8e513dbbff59009d3069aadb85506d85a27?s=96&d=mm&r=g\",\"url\":\"https:\\\/\\\/secure.gravatar.com\\\/avatar\\\/9ce5a9435071fa1037e8468053ead8e513dbbff59009d3069aadb85506d85a27?s=96&d=mm&r=g\",\"contentUrl\":\"https:\\\/\\\/secure.gravatar.com\\\/avatar\\\/9ce5a9435071fa1037e8468053ead8e513dbbff59009d3069aadb85506d85a27?s=96&d=mm&r=g\",\"caption\":\"Redac\u021bia UrbeaMea\"},\"description\":\"contact@urbeamea.ro\",\"sameAs\":[\"https:\\\/\\\/www.urbeamea.ro\"],\"url\":\"https:\\\/\\\/urbeamea.ro\\\/albaiulia\\\/author\\\/redactia-urbeamea\\\/\"}]}<\/script>\n<!-- \/ Yoast SEO plugin. -->","yoast_head_json":{"title":"\u201eVeni\u021bi, cre\u0219tini, la rug\u0103ciune!\u201d invita\u021bia municipalit\u0103\u021bii la o serie de 3 concerte religioase \u00een bisericile din Alba Iulia - Revista Urbea Mea - Revista de Alba","description":"3 zile. 3 biserici. 3 spectacole unice, la Alba Iulia, \u00eenainte de S\u0103pt\u0103m\u00e2na Mare - un proiect cultural excep\u021bional \u00eei aduce \u00een fa\u021ba publicului din Alba","robots":{"index":"index","follow":"follow","max-snippet":"max-snippet:-1","max-image-preview":"max-image-preview:large","max-video-preview":"max-video-preview:-1"},"canonical":"https:\/\/urbeamea.ro\/albaiulia\/veniti-crestini-la-rugaciune-invitatia-municipalitatii-la-o-serie-de-3-concerte-religioase-in-bisericile-din-alba-iulia\/","twitter_card":"summary_large_image","twitter_title":"\u201eVeni\u021bi, cre\u0219tini, la rug\u0103ciune!\u201d invita\u021bia municipalit\u0103\u021bii la o serie de 3 concerte religioase \u00een bisericile din Alba Iulia - Revista Urbea Mea - Revista de Alba","twitter_description":"3 zile. 3 biserici. 3 spectacole unice, la Alba Iulia, \u00eenainte de S\u0103pt\u0103m\u00e2na Mare - un proiect cultural excep\u021bional \u00eei aduce \u00een fa\u021ba publicului din Alba","twitter_image":"https:\/\/urbeamea.ro\/albaiulia\/wp-content\/uploads\/2022\/04\/resurrection-concept-crucifixion-jesus-christ-cross-sunset.jpg","twitter_creator":"@urbeameaweb","twitter_site":"@urbeameaweb","schema":{"@context":"https:\/\/schema.org","@graph":[{"@type":"Article","@id":"https:\/\/urbeamea.ro\/albaiulia\/veniti-crestini-la-rugaciune-invitatia-municipalitatii-la-o-serie-de-3-concerte-religioase-in-bisericile-din-alba-iulia\/#article","isPartOf":{"@id":"https:\/\/urbeamea.ro\/albaiulia\/veniti-crestini-la-rugaciune-invitatia-municipalitatii-la-o-serie-de-3-concerte-religioase-in-bisericile-din-alba-iulia\/"},"author":{"name":"Redac\u021bia UrbeaMea","@id":"https:\/\/urbeamea.ro\/albaiulia\/#\/schema\/person\/272ae98052f8ee8980f59848df070247"},"headline":"\u201eVeni\u021bi, cre\u0219tini, la rug\u0103ciune!\u201d invita\u021bia municipalit\u0103\u021bii la o serie de 3 concerte religioase \u00een bisericile din Alba Iulia","datePublished":"2022-04-14T09:34:16+00:00","dateModified":"2022-04-14T09:34:17+00:00","mainEntityOfPage":{"@id":"https:\/\/urbeamea.ro\/albaiulia\/veniti-crestini-la-rugaciune-invitatia-municipalitatii-la-o-serie-de-3-concerte-religioase-in-bisericile-din-alba-iulia\/"},"wordCount":335,"commentCount":0,"image":{"@id":"https:\/\/urbeamea.ro\/albaiulia\/veniti-crestini-la-rugaciune-invitatia-municipalitatii-la-o-serie-de-3-concerte-religioase-in-bisericile-din-alba-iulia\/#primaryimage"},"thumbnailUrl":"https:\/\/urbeamea.ro\/albaiulia\/wp-content\/uploads\/2022\/04\/resurrection-concept-crucifixion-jesus-christ-cross-sunset.jpg","keywords":["biserica intampinarea domnului","biserica pogorarea sfantului duh","biserica sfantul minea","concert de pasti","primarul gabriel plesa"],"articleSection":["Evenimente"],"inLanguage":"ro-RO","potentialAction":[{"@type":"CommentAction","name":"Comment","target":["https:\/\/urbeamea.ro\/albaiulia\/veniti-crestini-la-rugaciune-invitatia-municipalitatii-la-o-serie-de-3-concerte-religioase-in-bisericile-din-alba-iulia\/#respond"]}]},{"@type":"WebPage","@id":"https:\/\/urbeamea.ro\/albaiulia\/veniti-crestini-la-rugaciune-invitatia-municipalitatii-la-o-serie-de-3-concerte-religioase-in-bisericile-din-alba-iulia\/","url":"https:\/\/urbeamea.ro\/albaiulia\/veniti-crestini-la-rugaciune-invitatia-municipalitatii-la-o-serie-de-3-concerte-religioase-in-bisericile-din-alba-iulia\/","name":"\u201eVeni\u021bi, cre\u0219tini, la rug\u0103ciune!\u201d invita\u021bia municipalit\u0103\u021bii la o serie de 3 concerte religioase \u00een bisericile din Alba Iulia - Revista Urbea Mea - Revista de Alba","isPartOf":{"@id":"https:\/\/urbeamea.ro\/albaiulia\/#website"},"primaryImageOfPage":{"@id":"https:\/\/urbeamea.ro\/albaiulia\/veniti-crestini-la-rugaciune-invitatia-municipalitatii-la-o-serie-de-3-concerte-religioase-in-bisericile-din-alba-iulia\/#primaryimage"},"image":{"@id":"https:\/\/urbeamea.ro\/albaiulia\/veniti-crestini-la-rugaciune-invitatia-municipalitatii-la-o-serie-de-3-concerte-religioase-in-bisericile-din-alba-iulia\/#primaryimage"},"thumbnailUrl":"https:\/\/urbeamea.ro\/albaiulia\/wp-content\/uploads\/2022\/04\/resurrection-concept-crucifixion-jesus-christ-cross-sunset.jpg","datePublished":"2022-04-14T09:34:16+00:00","dateModified":"2022-04-14T09:34:17+00:00","author":{"@id":"https:\/\/urbeamea.ro\/albaiulia\/#\/schema\/person\/272ae98052f8ee8980f59848df070247"},"description":"3 zile. 3 biserici. 3 spectacole unice, la Alba Iulia, \u00eenainte de S\u0103pt\u0103m\u00e2na Mare - un proiect cultural excep\u021bional \u00eei aduce \u00een fa\u021ba publicului din Alba","breadcrumb":{"@id":"https:\/\/urbeamea.ro\/albaiulia\/veniti-crestini-la-rugaciune-invitatia-municipalitatii-la-o-serie-de-3-concerte-religioase-in-bisericile-din-alba-iulia\/#breadcrumb"},"inLanguage":"ro-RO","potentialAction":[{"@type":"ReadAction","target":["https:\/\/urbeamea.ro\/albaiulia\/veniti-crestini-la-rugaciune-invitatia-municipalitatii-la-o-serie-de-3-concerte-religioase-in-bisericile-din-alba-iulia\/"]}]},{"@type":"ImageObject","inLanguage":"ro-RO","@id":"https:\/\/urbeamea.ro\/albaiulia\/veniti-crestini-la-rugaciune-invitatia-municipalitatii-la-o-serie-de-3-concerte-religioase-in-bisericile-din-alba-iulia\/#primaryimage","url":"https:\/\/urbeamea.ro\/albaiulia\/wp-content\/uploads\/2022\/04\/resurrection-concept-crucifixion-jesus-christ-cross-sunset.jpg","contentUrl":"https:\/\/urbeamea.ro\/albaiulia\/wp-content\/uploads\/2022\/04\/resurrection-concept-crucifixion-jesus-christ-cross-sunset.jpg","width":1600,"height":1067},{"@type":"BreadcrumbList","@id":"https:\/\/urbeamea.ro\/albaiulia\/veniti-crestini-la-rugaciune-invitatia-municipalitatii-la-o-serie-de-3-concerte-religioase-in-bisericile-din-alba-iulia\/#breadcrumb","itemListElement":[{"@type":"ListItem","position":1,"name":"Prima pagin\u0103","item":"https:\/\/urbeamea.ro\/albaiulia\/"},{"@type":"ListItem","position":2,"name":"\u201eVeni\u021bi, cre\u0219tini, la rug\u0103ciune!\u201d invita\u021bia municipalit\u0103\u021bii la o serie de 3 concerte religioase \u00een bisericile din Alba Iulia"}]},{"@type":"WebSite","@id":"https:\/\/urbeamea.ro\/albaiulia\/#website","url":"https:\/\/urbeamea.ro\/albaiulia\/","name":"Revista Urbea Mea, Stiri urbane","description":"Evenimente \u0219i \u0219tiri din Alba Iulia, Sebe\u0219, Aiud, Blaj","potentialAction":[{"@type":"SearchAction","target":{"@type":"EntryPoint","urlTemplate":"https:\/\/urbeamea.ro\/albaiulia\/?s={search_term_string}"},"query-input":{"@type":"PropertyValueSpecification","valueRequired":true,"valueName":"search_term_string"}}],"inLanguage":"ro-RO"},{"@type":"Person","@id":"https:\/\/urbeamea.ro\/albaiulia\/#\/schema\/person\/272ae98052f8ee8980f59848df070247","name":"Redac\u021bia UrbeaMea","image":{"@type":"ImageObject","inLanguage":"ro-RO","@id":"https:\/\/secure.gravatar.com\/avatar\/9ce5a9435071fa1037e8468053ead8e513dbbff59009d3069aadb85506d85a27?s=96&d=mm&r=g","url":"https:\/\/secure.gravatar.com\/avatar\/9ce5a9435071fa1037e8468053ead8e513dbbff59009d3069aadb85506d85a27?s=96&d=mm&r=g","contentUrl":"https:\/\/secure.gravatar.com\/avatar\/9ce5a9435071fa1037e8468053ead8e513dbbff59009d3069aadb85506d85a27?s=96&d=mm&r=g","caption":"Redac\u021bia UrbeaMea"},"description":"contact@urbeamea.ro","sameAs":["https:\/\/www.urbeamea.ro"],"url":"https:\/\/urbeamea.ro\/albaiulia\/author\/redactia-urbeamea\/"}]}},"_links":{"self":[{"href":"https:\/\/urbeamea.ro\/albaiulia\/wp-json\/wp\/v2\/posts\/101298","targetHints":{"allow":["GET"]}}],"collection":[{"href":"https:\/\/urbeamea.ro\/albaiulia\/wp-json\/wp\/v2\/posts"}],"about":[{"href":"https:\/\/urbeamea.ro\/albaiulia\/wp-json\/wp\/v2\/types\/post"}],"author":[{"embeddable":true,"href":"https:\/\/urbeamea.ro\/albaiulia\/wp-json\/wp\/v2\/users\/16"}],"replies":[{"embeddable":true,"href":"https:\/\/urbeamea.ro\/albaiulia\/wp-json\/wp\/v2\/comments?post=101298"}],"version-history":[{"count":1,"href":"https:\/\/urbeamea.ro\/albaiulia\/wp-json\/wp\/v2\/posts\/101298\/revisions"}],"predecessor-version":[{"id":101301,"href":"https:\/\/urbeamea.ro\/albaiulia\/wp-json\/wp\/v2\/posts\/101298\/revisions\/101301"}],"wp:featuredmedia":[{"embeddable":true,"href":"https:\/\/urbeamea.ro\/albaiulia\/wp-json\/wp\/v2\/media\/101300"}],"wp:attachment":[{"href":"https:\/\/urbeamea.ro\/albaiulia\/wp-json\/wp\/v2\/media?parent=101298"}],"wp:term":[{"taxonomy":"category","embeddable":true,"href":"https:\/\/urbeamea.ro\/albaiulia\/wp-json\/wp\/v2\/categories?post=101298"},{"taxonomy":"post_tag","embeddable":true,"href":"https:\/\/urbeamea.ro\/albaiulia\/wp-json\/wp\/v2\/tags?post=101298"}],"curies":[{"name":"wp","href":"https:\/\/api.w.org\/{rel}","templated":true}]}}