{"id":101400,"date":"2022-04-18T13:25:19","date_gmt":"2022-04-18T10:25:19","guid":{"rendered":"https:\/\/urbeamea.ro\/albaiulia\/?p=101400"},"modified":"2022-04-18T13:25:20","modified_gmt":"2022-04-18T10:25:20","slug":"biblioteca-judeteana-lucian-blaga-alba-se-aude-la-radio-reintregirea","status":"publish","type":"post","link":"https:\/\/urbeamea.ro\/albaiulia\/biblioteca-judeteana-lucian-blaga-alba-se-aude-la-radio-reintregirea\/","title":{"rendered":"<strong>Biblioteca Jude\u021bean\u0103 \u201eLucian Blaga\u201d Alba \u201ese aude\u201d la Radio Re\u00eentregirea<\/strong>"},"content":{"rendered":"\n<h3 class=\"wp-block-heading\"><strong><em>Pove\u0219ti de noapte bun\u0103<\/em><\/strong><strong> \u0219i <em>Omul, cartea, biblioteca, <\/em>noi emisiuni culturale pentru copii \u0219i adul\u021bi<\/strong><\/h3>\n\n\n\n<p>Consiliul Jude\u021bean Alba \u0219i Biblioteca Jude\u021bean\u0103 \u201eLucian Blaga\u201d Alba propun publicului dou\u0103 noi activit\u0103\u021bi, de aceast\u0103 dat\u0103 \u00een format audio, pe unde radio, \u00een parteneriat cu postul local, cultural-religios, Radio Re\u00eentregirea Alba Iulia.<\/p>\n\n\n\n<p>Este vorba despre dou\u0103 emisiuni specifice, una dedicat\u0103 copiilor, <em>Pove\u0219ti de noapte bun\u0103<\/em>, cu frecven\u021b\u0103 zilnic\u0103, \u0219i de una dedicat\u0103 publicului adult, <em>Omul, cartea, biblioteca<\/em>, ce va fi difuzat\u0103 s\u0103pt\u0103m\u00e2nal.<\/p>\n\n\n\n<p><em>Lina \u0219i Abecelina,<\/em> personaje deja cunoscute \u0219i iubite de copiii care particip\u0103 la activit\u0103\u021bile de anima\u021bie cultural\u0103 ale Bibliotecii Jude\u021bene \u201eLucian Blaga\u201d Alba, \u00eentruchipate de bibliotecarele Luiza Pop \u0219i Liudmila Cioflic\u0103, \u00eei a\u0219teapt\u0103 pe cei mici, \u00een fiecare sear\u0103, de la ora 20.00 la ora 20.30, cu pove\u0219ti, curiozit\u0103\u021bi, c\u00e2ntecele \u0219i concursuri, ba chiar \u0219i cu invita\u021bi surpriz\u0103, toate \u00een cadrul <em>Pove\u0219tilor de noapte bun\u0103<\/em>.<\/p>\n\n\n\n<p>\u00cen fiecare zi de luni, de la ora 18:30 la 19.00, prin intermediul emisiunii <em>Omul, cartea, biblioteca<\/em>, ave\u021bi posibilitatea s\u0103 descoperi\u021bi oameni deosebi\u021bi de la noi din ora\u0219, ba chiar \u0219i din jude\u021b, \u00een cadrul interviurilor conduse de bibliotecara Daniela Floroian. Scriitori, muzicieni, c\u00e2nt\u0103re\u021bi, compozitori, personalit\u0103\u021bi care, prin natura preocup\u0103rilor, aduc plus valoare vie\u021bii culturale.<\/p>\n\n\n\n<p>Dragi cititori, stima\u021bi ascult\u0103tori, ne auzim la Radio Re\u00eentegirea Alba Iulia, post de radio cu o tradi\u021bie de dou\u0103 decenii, unul dintre cele mai ascultate \u0219i apreciate \u00een zon\u0103! Poate fi ascultat \u00een Alba pe frecven\u021ba 89,6 FM, \u00een Mure\u0219 pe frecven\u021ba 98,6 FM, iar \u00een zona Mun\u021bilor Apuseni pe frecven\u021ba 97,3 FM. De asemenea, se aude par\u021bial \u0219i \u00een jude\u021bele Hunedoara \u0219i Sibiu.<\/p>\n\n\n\n<p>Emisiunile <em>Pove\u0219ti de noapte bun\u0103<\/em> \u0219i <em>Omul, cartea, biblioteca<\/em> fac parte din proiectul 12.4 Activit\u0103\u021bi, ac\u021biuni specifice de promovare, un proiect al Consiliului Jude\u021bean Alba \u0219i al Bibliotecii Jude\u021bene \u201eLucian Blaga\u201d Alba.<\/p>\n","protected":false},"excerpt":{"rendered":"<p>Pove\u0219ti de noapte bun\u0103 \u0219i Omul, cartea, biblioteca, noi emisiuni culturale pentru copii \u0219i adul\u021bi Consiliul Jude\u021bean Alba \u0219i Biblioteca Jude\u021bean\u0103 \u201eLucian Blaga\u201d Alba propun publicului dou\u0103 noi activit\u0103\u021bi, de aceast\u0103 dat\u0103 \u00een format audio, pe unde radio, \u00een parteneriat cu postul local, cultural-religios, Radio Re\u00eentregirea Alba Iulia. Este vorba despre dou\u0103 emisiuni specifice, una &hellip;<\/p>\n","protected":false},"author":16,"featured_media":100762,"comment_status":"open","ping_status":"open","sticky":false,"template":"","format":"standard","meta":{"inline_featured_image":false,"footnotes":""},"categories":[1],"tags":[2113,784,9072],"class_list":["post-101400","post","type-post","status-publish","format-standard","has-post-thumbnail","hentry","category-stiri-urbane","tag-biblioteca-judeteana-lucian-blaga-alba","tag-consiliul-judetean-alba","tag-radio-reintregirea"],"yoast_head":"<!-- This site is optimized with the Yoast SEO plugin v27.4 - https:\/\/yoast.com\/product\/yoast-seo-wordpress\/ -->\n<title>Biblioteca Jude\u021bean\u0103 \u201eLucian Blaga\u201d Alba \u201ese aude\u201d la Radio Re\u00eentregirea - Revista Urbea Mea - Revista de Alba<\/title>\n<meta name=\"description\" content=\"Pove\u0219ti de noapte bun\u0103 \u0219i Omul, cartea, biblioteca, noi emisiuni culturale pentru copii \u0219i adul\u021bi Consiliul Jude\u021bean Alba \u0219i Biblioteca Jude\u021bean\u0103 \u201eLucian\" \/>\n<meta name=\"robots\" content=\"index, follow, max-snippet:-1, max-image-preview:large, max-video-preview:-1\" \/>\n<link rel=\"canonical\" href=\"https:\/\/urbeamea.ro\/albaiulia\/biblioteca-judeteana-lucian-blaga-alba-se-aude-la-radio-reintregirea\/\" \/>\n<meta name=\"twitter:card\" content=\"summary_large_image\" \/>\n<meta name=\"twitter:title\" content=\"&lt;strong&gt;Biblioteca Jude\u021bean\u0103 \u201eLucian Blaga\u201d Alba \u201ese aude\u201d la Radio Re\u00eentregirea&lt;\/strong&gt; - Revista Urbea Mea - Revista de Alba\" \/>\n<meta name=\"twitter:description\" content=\"Pove\u0219ti de noapte bun\u0103 \u0219i Omul, cartea, biblioteca, noi emisiuni culturale pentru copii \u0219i adul\u021bi Consiliul Jude\u021bean Alba \u0219i Biblioteca Jude\u021bean\u0103 \u201eLucian\" \/>\n<meta name=\"twitter:image\" content=\"https:\/\/urbeamea.ro\/albaiulia\/wp-content\/uploads\/2022\/03\/Foto-Fatada-BJA.jpg\" \/>\n<meta name=\"twitter:creator\" content=\"@urbeameaweb\" \/>\n<meta name=\"twitter:site\" content=\"@urbeameaweb\" \/>\n<script type=\"application\/ld+json\" class=\"yoast-schema-graph\">{\"@context\":\"https:\\\/\\\/schema.org\",\"@graph\":[{\"@type\":\"Article\",\"@id\":\"https:\\\/\\\/urbeamea.ro\\\/albaiulia\\\/biblioteca-judeteana-lucian-blaga-alba-se-aude-la-radio-reintregirea\\\/#article\",\"isPartOf\":{\"@id\":\"https:\\\/\\\/urbeamea.ro\\\/albaiulia\\\/biblioteca-judeteana-lucian-blaga-alba-se-aude-la-radio-reintregirea\\\/\"},\"author\":{\"name\":\"Redac\u021bia UrbeaMea\",\"@id\":\"https:\\\/\\\/urbeamea.ro\\\/albaiulia\\\/#\\\/schema\\\/person\\\/272ae98052f8ee8980f59848df070247\"},\"headline\":\"Biblioteca Jude\u021bean\u0103 \u201eLucian Blaga\u201d Alba \u201ese aude\u201d la Radio Re\u00eentregirea\",\"datePublished\":\"2022-04-18T10:25:19+00:00\",\"dateModified\":\"2022-04-18T10:25:20+00:00\",\"mainEntityOfPage\":{\"@id\":\"https:\\\/\\\/urbeamea.ro\\\/albaiulia\\\/biblioteca-judeteana-lucian-blaga-alba-se-aude-la-radio-reintregirea\\\/\"},\"wordCount\":341,\"commentCount\":0,\"image\":{\"@id\":\"https:\\\/\\\/urbeamea.ro\\\/albaiulia\\\/biblioteca-judeteana-lucian-blaga-alba-se-aude-la-radio-reintregirea\\\/#primaryimage\"},\"thumbnailUrl\":\"https:\\\/\\\/urbeamea.ro\\\/albaiulia\\\/wp-content\\\/uploads\\\/2022\\\/03\\\/Foto-Fatada-BJA.jpg\",\"keywords\":[\"Biblioteca Jude\u0163ean\u0103 \u201cLucian Blaga\u201d Alba\",\"Consiliul Judetean Alba\",\"radio reintregirea\"],\"articleSection\":[\"\u015etiri Urbane\"],\"inLanguage\":\"ro-RO\",\"potentialAction\":[{\"@type\":\"CommentAction\",\"name\":\"Comment\",\"target\":[\"https:\\\/\\\/urbeamea.ro\\\/albaiulia\\\/biblioteca-judeteana-lucian-blaga-alba-se-aude-la-radio-reintregirea\\\/#respond\"]}]},{\"@type\":\"WebPage\",\"@id\":\"https:\\\/\\\/urbeamea.ro\\\/albaiulia\\\/biblioteca-judeteana-lucian-blaga-alba-se-aude-la-radio-reintregirea\\\/\",\"url\":\"https:\\\/\\\/urbeamea.ro\\\/albaiulia\\\/biblioteca-judeteana-lucian-blaga-alba-se-aude-la-radio-reintregirea\\\/\",\"name\":\"Biblioteca Jude\u021bean\u0103 \u201eLucian Blaga\u201d Alba \u201ese aude\u201d la Radio Re\u00eentregirea - Revista Urbea Mea - Revista de Alba\",\"isPartOf\":{\"@id\":\"https:\\\/\\\/urbeamea.ro\\\/albaiulia\\\/#website\"},\"primaryImageOfPage\":{\"@id\":\"https:\\\/\\\/urbeamea.ro\\\/albaiulia\\\/biblioteca-judeteana-lucian-blaga-alba-se-aude-la-radio-reintregirea\\\/#primaryimage\"},\"image\":{\"@id\":\"https:\\\/\\\/urbeamea.ro\\\/albaiulia\\\/biblioteca-judeteana-lucian-blaga-alba-se-aude-la-radio-reintregirea\\\/#primaryimage\"},\"thumbnailUrl\":\"https:\\\/\\\/urbeamea.ro\\\/albaiulia\\\/wp-content\\\/uploads\\\/2022\\\/03\\\/Foto-Fatada-BJA.jpg\",\"datePublished\":\"2022-04-18T10:25:19+00:00\",\"dateModified\":\"2022-04-18T10:25:20+00:00\",\"author\":{\"@id\":\"https:\\\/\\\/urbeamea.ro\\\/albaiulia\\\/#\\\/schema\\\/person\\\/272ae98052f8ee8980f59848df070247\"},\"description\":\"Pove\u0219ti de noapte bun\u0103 \u0219i Omul, cartea, biblioteca, noi emisiuni culturale pentru copii \u0219i adul\u021bi Consiliul Jude\u021bean Alba \u0219i Biblioteca Jude\u021bean\u0103 \u201eLucian\",\"breadcrumb\":{\"@id\":\"https:\\\/\\\/urbeamea.ro\\\/albaiulia\\\/biblioteca-judeteana-lucian-blaga-alba-se-aude-la-radio-reintregirea\\\/#breadcrumb\"},\"inLanguage\":\"ro-RO\",\"potentialAction\":[{\"@type\":\"ReadAction\",\"target\":[\"https:\\\/\\\/urbeamea.ro\\\/albaiulia\\\/biblioteca-judeteana-lucian-blaga-alba-se-aude-la-radio-reintregirea\\\/\"]}]},{\"@type\":\"ImageObject\",\"inLanguage\":\"ro-RO\",\"@id\":\"https:\\\/\\\/urbeamea.ro\\\/albaiulia\\\/biblioteca-judeteana-lucian-blaga-alba-se-aude-la-radio-reintregirea\\\/#primaryimage\",\"url\":\"https:\\\/\\\/urbeamea.ro\\\/albaiulia\\\/wp-content\\\/uploads\\\/2022\\\/03\\\/Foto-Fatada-BJA.jpg\",\"contentUrl\":\"https:\\\/\\\/urbeamea.ro\\\/albaiulia\\\/wp-content\\\/uploads\\\/2022\\\/03\\\/Foto-Fatada-BJA.jpg\",\"width\":1600,\"height\":900},{\"@type\":\"BreadcrumbList\",\"@id\":\"https:\\\/\\\/urbeamea.ro\\\/albaiulia\\\/biblioteca-judeteana-lucian-blaga-alba-se-aude-la-radio-reintregirea\\\/#breadcrumb\",\"itemListElement\":[{\"@type\":\"ListItem\",\"position\":1,\"name\":\"Prima pagin\u0103\",\"item\":\"https:\\\/\\\/urbeamea.ro\\\/albaiulia\\\/\"},{\"@type\":\"ListItem\",\"position\":2,\"name\":\"Biblioteca Jude\u021bean\u0103 \u201eLucian Blaga\u201d Alba \u201ese aude\u201d la Radio Re\u00eentregirea\"}]},{\"@type\":\"WebSite\",\"@id\":\"https:\\\/\\\/urbeamea.ro\\\/albaiulia\\\/#website\",\"url\":\"https:\\\/\\\/urbeamea.ro\\\/albaiulia\\\/\",\"name\":\"Revista Urbea Mea, Stiri urbane\",\"description\":\"Evenimente \u0219i \u0219tiri din Alba Iulia, Sebe\u0219, Aiud, Blaj\",\"potentialAction\":[{\"@type\":\"SearchAction\",\"target\":{\"@type\":\"EntryPoint\",\"urlTemplate\":\"https:\\\/\\\/urbeamea.ro\\\/albaiulia\\\/?s={search_term_string}\"},\"query-input\":{\"@type\":\"PropertyValueSpecification\",\"valueRequired\":true,\"valueName\":\"search_term_string\"}}],\"inLanguage\":\"ro-RO\"},{\"@type\":\"Person\",\"@id\":\"https:\\\/\\\/urbeamea.ro\\\/albaiulia\\\/#\\\/schema\\\/person\\\/272ae98052f8ee8980f59848df070247\",\"name\":\"Redac\u021bia UrbeaMea\",\"image\":{\"@type\":\"ImageObject\",\"inLanguage\":\"ro-RO\",\"@id\":\"https:\\\/\\\/secure.gravatar.com\\\/avatar\\\/9ce5a9435071fa1037e8468053ead8e513dbbff59009d3069aadb85506d85a27?s=96&d=mm&r=g\",\"url\":\"https:\\\/\\\/secure.gravatar.com\\\/avatar\\\/9ce5a9435071fa1037e8468053ead8e513dbbff59009d3069aadb85506d85a27?s=96&d=mm&r=g\",\"contentUrl\":\"https:\\\/\\\/secure.gravatar.com\\\/avatar\\\/9ce5a9435071fa1037e8468053ead8e513dbbff59009d3069aadb85506d85a27?s=96&d=mm&r=g\",\"caption\":\"Redac\u021bia UrbeaMea\"},\"description\":\"contact@urbeamea.ro\",\"sameAs\":[\"https:\\\/\\\/www.urbeamea.ro\"],\"url\":\"https:\\\/\\\/urbeamea.ro\\\/albaiulia\\\/author\\\/redactia-urbeamea\\\/\"}]}<\/script>\n<!-- \/ Yoast SEO plugin. -->","yoast_head_json":{"title":"Biblioteca Jude\u021bean\u0103 \u201eLucian Blaga\u201d Alba \u201ese aude\u201d la Radio Re\u00eentregirea - Revista Urbea Mea - Revista de Alba","description":"Pove\u0219ti de noapte bun\u0103 \u0219i Omul, cartea, biblioteca, noi emisiuni culturale pentru copii \u0219i adul\u021bi Consiliul Jude\u021bean Alba \u0219i Biblioteca Jude\u021bean\u0103 \u201eLucian","robots":{"index":"index","follow":"follow","max-snippet":"max-snippet:-1","max-image-preview":"max-image-preview:large","max-video-preview":"max-video-preview:-1"},"canonical":"https:\/\/urbeamea.ro\/albaiulia\/biblioteca-judeteana-lucian-blaga-alba-se-aude-la-radio-reintregirea\/","twitter_card":"summary_large_image","twitter_title":"<strong>Biblioteca Jude\u021bean\u0103 \u201eLucian Blaga\u201d Alba \u201ese aude\u201d la Radio Re\u00eentregirea<\/strong> - Revista Urbea Mea - Revista de Alba","twitter_description":"Pove\u0219ti de noapte bun\u0103 \u0219i Omul, cartea, biblioteca, noi emisiuni culturale pentru copii \u0219i adul\u021bi Consiliul Jude\u021bean Alba \u0219i Biblioteca Jude\u021bean\u0103 \u201eLucian","twitter_image":"https:\/\/urbeamea.ro\/albaiulia\/wp-content\/uploads\/2022\/03\/Foto-Fatada-BJA.jpg","twitter_creator":"@urbeameaweb","twitter_site":"@urbeameaweb","schema":{"@context":"https:\/\/schema.org","@graph":[{"@type":"Article","@id":"https:\/\/urbeamea.ro\/albaiulia\/biblioteca-judeteana-lucian-blaga-alba-se-aude-la-radio-reintregirea\/#article","isPartOf":{"@id":"https:\/\/urbeamea.ro\/albaiulia\/biblioteca-judeteana-lucian-blaga-alba-se-aude-la-radio-reintregirea\/"},"author":{"name":"Redac\u021bia UrbeaMea","@id":"https:\/\/urbeamea.ro\/albaiulia\/#\/schema\/person\/272ae98052f8ee8980f59848df070247"},"headline":"Biblioteca Jude\u021bean\u0103 \u201eLucian Blaga\u201d Alba \u201ese aude\u201d la Radio Re\u00eentregirea","datePublished":"2022-04-18T10:25:19+00:00","dateModified":"2022-04-18T10:25:20+00:00","mainEntityOfPage":{"@id":"https:\/\/urbeamea.ro\/albaiulia\/biblioteca-judeteana-lucian-blaga-alba-se-aude-la-radio-reintregirea\/"},"wordCount":341,"commentCount":0,"image":{"@id":"https:\/\/urbeamea.ro\/albaiulia\/biblioteca-judeteana-lucian-blaga-alba-se-aude-la-radio-reintregirea\/#primaryimage"},"thumbnailUrl":"https:\/\/urbeamea.ro\/albaiulia\/wp-content\/uploads\/2022\/03\/Foto-Fatada-BJA.jpg","keywords":["Biblioteca Jude\u0163ean\u0103 \u201cLucian Blaga\u201d Alba","Consiliul Judetean Alba","radio reintregirea"],"articleSection":["\u015etiri Urbane"],"inLanguage":"ro-RO","potentialAction":[{"@type":"CommentAction","name":"Comment","target":["https:\/\/urbeamea.ro\/albaiulia\/biblioteca-judeteana-lucian-blaga-alba-se-aude-la-radio-reintregirea\/#respond"]}]},{"@type":"WebPage","@id":"https:\/\/urbeamea.ro\/albaiulia\/biblioteca-judeteana-lucian-blaga-alba-se-aude-la-radio-reintregirea\/","url":"https:\/\/urbeamea.ro\/albaiulia\/biblioteca-judeteana-lucian-blaga-alba-se-aude-la-radio-reintregirea\/","name":"Biblioteca Jude\u021bean\u0103 \u201eLucian Blaga\u201d Alba \u201ese aude\u201d la Radio Re\u00eentregirea - Revista Urbea Mea - Revista de Alba","isPartOf":{"@id":"https:\/\/urbeamea.ro\/albaiulia\/#website"},"primaryImageOfPage":{"@id":"https:\/\/urbeamea.ro\/albaiulia\/biblioteca-judeteana-lucian-blaga-alba-se-aude-la-radio-reintregirea\/#primaryimage"},"image":{"@id":"https:\/\/urbeamea.ro\/albaiulia\/biblioteca-judeteana-lucian-blaga-alba-se-aude-la-radio-reintregirea\/#primaryimage"},"thumbnailUrl":"https:\/\/urbeamea.ro\/albaiulia\/wp-content\/uploads\/2022\/03\/Foto-Fatada-BJA.jpg","datePublished":"2022-04-18T10:25:19+00:00","dateModified":"2022-04-18T10:25:20+00:00","author":{"@id":"https:\/\/urbeamea.ro\/albaiulia\/#\/schema\/person\/272ae98052f8ee8980f59848df070247"},"description":"Pove\u0219ti de noapte bun\u0103 \u0219i Omul, cartea, biblioteca, noi emisiuni culturale pentru copii \u0219i adul\u021bi Consiliul Jude\u021bean Alba \u0219i Biblioteca Jude\u021bean\u0103 \u201eLucian","breadcrumb":{"@id":"https:\/\/urbeamea.ro\/albaiulia\/biblioteca-judeteana-lucian-blaga-alba-se-aude-la-radio-reintregirea\/#breadcrumb"},"inLanguage":"ro-RO","potentialAction":[{"@type":"ReadAction","target":["https:\/\/urbeamea.ro\/albaiulia\/biblioteca-judeteana-lucian-blaga-alba-se-aude-la-radio-reintregirea\/"]}]},{"@type":"ImageObject","inLanguage":"ro-RO","@id":"https:\/\/urbeamea.ro\/albaiulia\/biblioteca-judeteana-lucian-blaga-alba-se-aude-la-radio-reintregirea\/#primaryimage","url":"https:\/\/urbeamea.ro\/albaiulia\/wp-content\/uploads\/2022\/03\/Foto-Fatada-BJA.jpg","contentUrl":"https:\/\/urbeamea.ro\/albaiulia\/wp-content\/uploads\/2022\/03\/Foto-Fatada-BJA.jpg","width":1600,"height":900},{"@type":"BreadcrumbList","@id":"https:\/\/urbeamea.ro\/albaiulia\/biblioteca-judeteana-lucian-blaga-alba-se-aude-la-radio-reintregirea\/#breadcrumb","itemListElement":[{"@type":"ListItem","position":1,"name":"Prima pagin\u0103","item":"https:\/\/urbeamea.ro\/albaiulia\/"},{"@type":"ListItem","position":2,"name":"Biblioteca Jude\u021bean\u0103 \u201eLucian Blaga\u201d Alba \u201ese aude\u201d la Radio Re\u00eentregirea"}]},{"@type":"WebSite","@id":"https:\/\/urbeamea.ro\/albaiulia\/#website","url":"https:\/\/urbeamea.ro\/albaiulia\/","name":"Revista Urbea Mea, Stiri urbane","description":"Evenimente \u0219i \u0219tiri din Alba Iulia, Sebe\u0219, Aiud, Blaj","potentialAction":[{"@type":"SearchAction","target":{"@type":"EntryPoint","urlTemplate":"https:\/\/urbeamea.ro\/albaiulia\/?s={search_term_string}"},"query-input":{"@type":"PropertyValueSpecification","valueRequired":true,"valueName":"search_term_string"}}],"inLanguage":"ro-RO"},{"@type":"Person","@id":"https:\/\/urbeamea.ro\/albaiulia\/#\/schema\/person\/272ae98052f8ee8980f59848df070247","name":"Redac\u021bia UrbeaMea","image":{"@type":"ImageObject","inLanguage":"ro-RO","@id":"https:\/\/secure.gravatar.com\/avatar\/9ce5a9435071fa1037e8468053ead8e513dbbff59009d3069aadb85506d85a27?s=96&d=mm&r=g","url":"https:\/\/secure.gravatar.com\/avatar\/9ce5a9435071fa1037e8468053ead8e513dbbff59009d3069aadb85506d85a27?s=96&d=mm&r=g","contentUrl":"https:\/\/secure.gravatar.com\/avatar\/9ce5a9435071fa1037e8468053ead8e513dbbff59009d3069aadb85506d85a27?s=96&d=mm&r=g","caption":"Redac\u021bia UrbeaMea"},"description":"contact@urbeamea.ro","sameAs":["https:\/\/www.urbeamea.ro"],"url":"https:\/\/urbeamea.ro\/albaiulia\/author\/redactia-urbeamea\/"}]}},"_links":{"self":[{"href":"https:\/\/urbeamea.ro\/albaiulia\/wp-json\/wp\/v2\/posts\/101400","targetHints":{"allow":["GET"]}}],"collection":[{"href":"https:\/\/urbeamea.ro\/albaiulia\/wp-json\/wp\/v2\/posts"}],"about":[{"href":"https:\/\/urbeamea.ro\/albaiulia\/wp-json\/wp\/v2\/types\/post"}],"author":[{"embeddable":true,"href":"https:\/\/urbeamea.ro\/albaiulia\/wp-json\/wp\/v2\/users\/16"}],"replies":[{"embeddable":true,"href":"https:\/\/urbeamea.ro\/albaiulia\/wp-json\/wp\/v2\/comments?post=101400"}],"version-history":[{"count":1,"href":"https:\/\/urbeamea.ro\/albaiulia\/wp-json\/wp\/v2\/posts\/101400\/revisions"}],"predecessor-version":[{"id":101401,"href":"https:\/\/urbeamea.ro\/albaiulia\/wp-json\/wp\/v2\/posts\/101400\/revisions\/101401"}],"wp:featuredmedia":[{"embeddable":true,"href":"https:\/\/urbeamea.ro\/albaiulia\/wp-json\/wp\/v2\/media\/100762"}],"wp:attachment":[{"href":"https:\/\/urbeamea.ro\/albaiulia\/wp-json\/wp\/v2\/media?parent=101400"}],"wp:term":[{"taxonomy":"category","embeddable":true,"href":"https:\/\/urbeamea.ro\/albaiulia\/wp-json\/wp\/v2\/categories?post=101400"},{"taxonomy":"post_tag","embeddable":true,"href":"https:\/\/urbeamea.ro\/albaiulia\/wp-json\/wp\/v2\/tags?post=101400"}],"curies":[{"name":"wp","href":"https:\/\/api.w.org\/{rel}","templated":true}]}}