{"id":101402,"date":"2022-04-18T13:28:54","date_gmt":"2022-04-18T10:28:54","guid":{"rendered":"https:\/\/urbeamea.ro\/albaiulia\/?p=101402"},"modified":"2022-04-18T13:28:56","modified_gmt":"2022-04-18T10:28:56","slug":"persoanele-cu-dizabilitati-aduc-bucuria-invierii-in-casele-celor-dragi","status":"publish","type":"post","link":"https:\/\/urbeamea.ro\/albaiulia\/persoanele-cu-dizabilitati-aduc-bucuria-invierii-in-casele-celor-dragi\/","title":{"rendered":"Persoanele cu dizabilit\u0103\u021bi\u00a0aduc bucuria \u00cenvierii \u00een casele celor dragi"},"content":{"rendered":"\n<h3 class=\"wp-block-heading\">\u00cen perioada 11-15 aprilie, beneficiarii Centrului de zi pentru persoane adulte cu dizabilit\u0103\u021bi ,,Sf\u00e2ntul Meletie\u201d Alba Iulia \u0219i-au dedicat timpul realiz\u0103rii decora\u021biunilor de Pa\u0219te<\/h3>\n\n\n\n<p>Aceste activit\u0103\u021bi au avut ca scop dezvoltarea creativit\u0103\u021bii,a deprinderilor de motricitate c\u00e2t \u0219i<\/p>\n\n\n\n<p>petrecerea unui timp de calitate, unii \u00een compania celorlal\u021bi.<\/p>\n\n\n\n<p>Ace\u0219tia au confec\u021bionat obiecte de decor specifice perioadei pascale, d\u00e2ndu-li-se posibilitatea s\u0103 \u00ee\u0219i exprime imagina\u021bia \u0219i originalitatea. Decora\u021biunile, precum co\u0219ule\u021be tematice sau ou\u0103 de polistiren, au fost prelucrate cu ajutorul mai multor tehnici cum ar fi: decupaj, lipire, cro\u0219etat, pictur\u0103 \u0219i tehnica \u0219erve\u021belului.<\/p>\n\n\n\n<p>Prin realizarea obiectelor de decor caracteristice acestei perioade, beneficiarii \u0219i-au \u00eembun\u0103t\u0103\u021bit deprinderile de motricitate fin\u0103 \u0219i coordonare a mi\u0219c\u0103rilor \u0219i \u0219i-au pus \u00een valoare poten\u021bialul creativ. Ei \u0219i-au petrecut timpul \u00eentr-un mod pl\u0103cut \u0219i relaxant, confec\u021bion\u00e2nd decora\u021biuni \u00a0cu prilejul \u00cenvierii Domnului nostru Iisus Hristos. Aceste decora\u021biuni au fost realizate cu mult\u0103 dragoste \u0219i, mai apoi, au fost\u00a0 d\u0103ruite spre a aduce bucuria \u00cenvierii \u00een casele celor dragi.<\/p>\n\n\n\n<p>Centrul de zi pentru persoane adulte cu dizabilit\u0103\u021bi \u201eSf. Meletie\u201d Alba Iulia ofer\u0103 servicii de informare \u0219i consiliere social\u0103, consiliere psihologic\u0103 \u0219i spiritual\u0103, servicii de recuperare, kinetoterapie \u0219i ergoterapie, orientare profesional\u0103 \u0219i facilitarea ob\u021binerii unui loc de munc\u0103, activit\u0103\u021bi de socializare, culturale \u0219i recreative pentru 20 de persoane cu dizabilit\u0103\u021bi din Alba Iulia \u0219i pentru 105 persoane cu dizabilit\u0103\u021bi ocrotite \u00een 11 Locuin\u021be Maxim Protejate din jude\u021bul Alba. \u00a0 Centrul func\u021bioneaz\u0103 \u00a0din anul 2008 in cadrul Asocia\u021biei Filantropia Ortodox\u0103 Alba Iulia, \u00een parteneriat cu Prim\u0103ria Alba Iulia prin Direc\u021bia de Asisten\u021b\u0103 Social\u0103 Alba Iulia \u0219i Consiliul Jude\u021bean Alba prin DGASPC Alba.<\/p>\n\n\n\n<figure class=\"wp-block-gallery has-nested-images columns-default is-cropped wp-block-gallery-1 is-layout-flex wp-block-gallery-is-layout-flex\">\n<figure class=\"wp-block-image size-large\"><a href=\"https:\/\/urbeamea.ro\/albaiulia\/wp-content\/uploads\/2022\/04\/DSC_0661.jpg\"><img loading=\"lazy\" decoding=\"async\" width=\"1280\" height=\"854\" data-id=\"101405\" src=\"https:\/\/urbeamea.ro\/albaiulia\/wp-content\/uploads\/2022\/04\/DSC_0661-1280x854.jpg\" alt=\"\" class=\"wp-image-101405\" srcset=\"https:\/\/urbeamea.ro\/albaiulia\/wp-content\/uploads\/2022\/04\/DSC_0661-1280x854.jpg 1280w, https:\/\/urbeamea.ro\/albaiulia\/wp-content\/uploads\/2022\/04\/DSC_0661-640x427.jpg 640w, https:\/\/urbeamea.ro\/albaiulia\/wp-content\/uploads\/2022\/04\/DSC_0661-150x100.jpg 150w, https:\/\/urbeamea.ro\/albaiulia\/wp-content\/uploads\/2022\/04\/DSC_0661-768x512.jpg 768w, https:\/\/urbeamea.ro\/albaiulia\/wp-content\/uploads\/2022\/04\/DSC_0661-1536x1024.jpg 1536w, https:\/\/urbeamea.ro\/albaiulia\/wp-content\/uploads\/2022\/04\/DSC_0661.jpg 1600w\" sizes=\"auto, (max-width: 1280px) 100vw, 1280px\" \/><\/a><\/figure>\n\n\n\n<figure class=\"wp-block-image size-large\"><a href=\"https:\/\/urbeamea.ro\/albaiulia\/wp-content\/uploads\/2022\/04\/DSC_0628.jpg\"><img loading=\"lazy\" decoding=\"async\" width=\"1280\" height=\"854\" data-id=\"101403\" src=\"https:\/\/urbeamea.ro\/albaiulia\/wp-content\/uploads\/2022\/04\/DSC_0628-1280x854.jpg\" alt=\"\" class=\"wp-image-101403\" srcset=\"https:\/\/urbeamea.ro\/albaiulia\/wp-content\/uploads\/2022\/04\/DSC_0628-1280x854.jpg 1280w, https:\/\/urbeamea.ro\/albaiulia\/wp-content\/uploads\/2022\/04\/DSC_0628-640x427.jpg 640w, https:\/\/urbeamea.ro\/albaiulia\/wp-content\/uploads\/2022\/04\/DSC_0628-150x100.jpg 150w, https:\/\/urbeamea.ro\/albaiulia\/wp-content\/uploads\/2022\/04\/DSC_0628-768x512.jpg 768w, https:\/\/urbeamea.ro\/albaiulia\/wp-content\/uploads\/2022\/04\/DSC_0628-1536x1024.jpg 1536w, https:\/\/urbeamea.ro\/albaiulia\/wp-content\/uploads\/2022\/04\/DSC_0628.jpg 1600w\" sizes=\"auto, (max-width: 1280px) 100vw, 1280px\" \/><\/a><\/figure>\n\n\n\n<figure class=\"wp-block-image size-large\"><a href=\"https:\/\/urbeamea.ro\/albaiulia\/wp-content\/uploads\/2022\/04\/DSC_0629.jpg\"><img loading=\"lazy\" decoding=\"async\" width=\"1280\" height=\"854\" data-id=\"101404\" src=\"https:\/\/urbeamea.ro\/albaiulia\/wp-content\/uploads\/2022\/04\/DSC_0629-1280x854.jpg\" alt=\"\" class=\"wp-image-101404\" srcset=\"https:\/\/urbeamea.ro\/albaiulia\/wp-content\/uploads\/2022\/04\/DSC_0629-1280x854.jpg 1280w, https:\/\/urbeamea.ro\/albaiulia\/wp-content\/uploads\/2022\/04\/DSC_0629-640x427.jpg 640w, https:\/\/urbeamea.ro\/albaiulia\/wp-content\/uploads\/2022\/04\/DSC_0629-150x100.jpg 150w, https:\/\/urbeamea.ro\/albaiulia\/wp-content\/uploads\/2022\/04\/DSC_0629-768x512.jpg 768w, https:\/\/urbeamea.ro\/albaiulia\/wp-content\/uploads\/2022\/04\/DSC_0629-1536x1024.jpg 1536w, https:\/\/urbeamea.ro\/albaiulia\/wp-content\/uploads\/2022\/04\/DSC_0629.jpg 1600w\" sizes=\"auto, (max-width: 1280px) 100vw, 1280px\" \/><\/a><\/figure>\n<\/figure>\n","protected":false},"excerpt":{"rendered":"<p>\u00cen perioada 11-15 aprilie, beneficiarii Centrului de zi pentru persoane adulte cu dizabilit\u0103\u021bi ,,Sf\u00e2ntul Meletie\u201d Alba Iulia \u0219i-au dedicat timpul realiz\u0103rii decora\u021biunilor de Pa\u0219te Aceste activit\u0103\u021bi au avut ca scop dezvoltarea creativit\u0103\u021bii,a deprinderilor de motricitate c\u00e2t \u0219i petrecerea unui timp de calitate, unii \u00een compania celorlal\u021bi. Ace\u0219tia au confec\u021bionat obiecte de decor specifice perioadei pascale, &hellip;<\/p>\n","protected":false},"author":16,"featured_media":101406,"comment_status":"open","ping_status":"open","sticky":false,"template":"","format":"standard","meta":{"inline_featured_image":false,"footnotes":""},"categories":[2034],"tags":[24181,1561],"class_list":["post-101402","post","type-post","status-publish","format-standard","has-post-thumbnail","hentry","category-social","tag-centrul-de-zi-pentru-persoanele-adulte-cu-dizabilitati-sf-meletie-alba-iulia","tag-filantropia-ortodoxa-alba"],"yoast_head":"<!-- This site is optimized with the Yoast SEO plugin v27.4 - https:\/\/yoast.com\/product\/yoast-seo-wordpress\/ -->\n<title>Persoanele cu dizabilit\u0103\u021bi\u00a0aduc bucuria \u00cenvierii \u00een casele celor dragi - Revista Urbea Mea - Revista de Alba<\/title>\n<meta name=\"description\" content=\"\u00cen perioada 11-15 aprilie, beneficiarii Centrului de zi pentru persoane adulte cu dizabilit\u0103\u021bi ,,Sf\u00e2ntul Meletie\u201d Alba Iulia \u0219i-au dedicat timpul\" \/>\n<meta name=\"robots\" content=\"index, follow, max-snippet:-1, max-image-preview:large, max-video-preview:-1\" \/>\n<link rel=\"canonical\" href=\"https:\/\/urbeamea.ro\/albaiulia\/persoanele-cu-dizabilitati-aduc-bucuria-invierii-in-casele-celor-dragi\/\" \/>\n<meta name=\"twitter:card\" content=\"summary_large_image\" \/>\n<meta name=\"twitter:title\" content=\"Persoanele cu dizabilit\u0103\u021bi\u00a0aduc bucuria \u00cenvierii \u00een casele celor dragi - Revista Urbea Mea - Revista de Alba\" \/>\n<meta name=\"twitter:description\" content=\"\u00cen perioada 11-15 aprilie, beneficiarii Centrului de zi pentru persoane adulte cu dizabilit\u0103\u021bi ,,Sf\u00e2ntul Meletie\u201d Alba Iulia \u0219i-au dedicat timpul\" \/>\n<meta name=\"twitter:image\" content=\"https:\/\/urbeamea.ro\/albaiulia\/wp-content\/uploads\/2022\/04\/DSC_0642.jpg\" \/>\n<meta name=\"twitter:creator\" content=\"@urbeameaweb\" \/>\n<meta name=\"twitter:site\" content=\"@urbeameaweb\" \/>\n<script type=\"application\/ld+json\" class=\"yoast-schema-graph\">{\"@context\":\"https:\\\/\\\/schema.org\",\"@graph\":[{\"@type\":\"Article\",\"@id\":\"https:\\\/\\\/urbeamea.ro\\\/albaiulia\\\/persoanele-cu-dizabilitati-aduc-bucuria-invierii-in-casele-celor-dragi\\\/#article\",\"isPartOf\":{\"@id\":\"https:\\\/\\\/urbeamea.ro\\\/albaiulia\\\/persoanele-cu-dizabilitati-aduc-bucuria-invierii-in-casele-celor-dragi\\\/\"},\"author\":{\"name\":\"Redac\u021bia UrbeaMea\",\"@id\":\"https:\\\/\\\/urbeamea.ro\\\/albaiulia\\\/#\\\/schema\\\/person\\\/272ae98052f8ee8980f59848df070247\"},\"headline\":\"Persoanele cu dizabilit\u0103\u021bi\u00a0aduc bucuria \u00cenvierii \u00een casele celor dragi\",\"datePublished\":\"2022-04-18T10:28:54+00:00\",\"dateModified\":\"2022-04-18T10:28:56+00:00\",\"mainEntityOfPage\":{\"@id\":\"https:\\\/\\\/urbeamea.ro\\\/albaiulia\\\/persoanele-cu-dizabilitati-aduc-bucuria-invierii-in-casele-celor-dragi\\\/\"},\"wordCount\":305,\"commentCount\":0,\"image\":{\"@id\":\"https:\\\/\\\/urbeamea.ro\\\/albaiulia\\\/persoanele-cu-dizabilitati-aduc-bucuria-invierii-in-casele-celor-dragi\\\/#primaryimage\"},\"thumbnailUrl\":\"https:\\\/\\\/urbeamea.ro\\\/albaiulia\\\/wp-content\\\/uploads\\\/2022\\\/04\\\/DSC_0642.jpg\",\"keywords\":[\"centrul de zi pentru persoanele adulte cu dizabilitati sf. meletie alba iulia\",\"filantropia ortodoxa alba\"],\"articleSection\":[\"Social\"],\"inLanguage\":\"ro-RO\",\"potentialAction\":[{\"@type\":\"CommentAction\",\"name\":\"Comment\",\"target\":[\"https:\\\/\\\/urbeamea.ro\\\/albaiulia\\\/persoanele-cu-dizabilitati-aduc-bucuria-invierii-in-casele-celor-dragi\\\/#respond\"]}]},{\"@type\":\"WebPage\",\"@id\":\"https:\\\/\\\/urbeamea.ro\\\/albaiulia\\\/persoanele-cu-dizabilitati-aduc-bucuria-invierii-in-casele-celor-dragi\\\/\",\"url\":\"https:\\\/\\\/urbeamea.ro\\\/albaiulia\\\/persoanele-cu-dizabilitati-aduc-bucuria-invierii-in-casele-celor-dragi\\\/\",\"name\":\"Persoanele cu dizabilit\u0103\u021bi\u00a0aduc bucuria \u00cenvierii \u00een casele celor dragi - Revista Urbea Mea - Revista de Alba\",\"isPartOf\":{\"@id\":\"https:\\\/\\\/urbeamea.ro\\\/albaiulia\\\/#website\"},\"primaryImageOfPage\":{\"@id\":\"https:\\\/\\\/urbeamea.ro\\\/albaiulia\\\/persoanele-cu-dizabilitati-aduc-bucuria-invierii-in-casele-celor-dragi\\\/#primaryimage\"},\"image\":{\"@id\":\"https:\\\/\\\/urbeamea.ro\\\/albaiulia\\\/persoanele-cu-dizabilitati-aduc-bucuria-invierii-in-casele-celor-dragi\\\/#primaryimage\"},\"thumbnailUrl\":\"https:\\\/\\\/urbeamea.ro\\\/albaiulia\\\/wp-content\\\/uploads\\\/2022\\\/04\\\/DSC_0642.jpg\",\"datePublished\":\"2022-04-18T10:28:54+00:00\",\"dateModified\":\"2022-04-18T10:28:56+00:00\",\"author\":{\"@id\":\"https:\\\/\\\/urbeamea.ro\\\/albaiulia\\\/#\\\/schema\\\/person\\\/272ae98052f8ee8980f59848df070247\"},\"description\":\"\u00cen perioada 11-15 aprilie, beneficiarii Centrului de zi pentru persoane adulte cu dizabilit\u0103\u021bi ,,Sf\u00e2ntul Meletie\u201d Alba Iulia \u0219i-au dedicat timpul\",\"breadcrumb\":{\"@id\":\"https:\\\/\\\/urbeamea.ro\\\/albaiulia\\\/persoanele-cu-dizabilitati-aduc-bucuria-invierii-in-casele-celor-dragi\\\/#breadcrumb\"},\"inLanguage\":\"ro-RO\",\"potentialAction\":[{\"@type\":\"ReadAction\",\"target\":[\"https:\\\/\\\/urbeamea.ro\\\/albaiulia\\\/persoanele-cu-dizabilitati-aduc-bucuria-invierii-in-casele-celor-dragi\\\/\"]}]},{\"@type\":\"ImageObject\",\"inLanguage\":\"ro-RO\",\"@id\":\"https:\\\/\\\/urbeamea.ro\\\/albaiulia\\\/persoanele-cu-dizabilitati-aduc-bucuria-invierii-in-casele-celor-dragi\\\/#primaryimage\",\"url\":\"https:\\\/\\\/urbeamea.ro\\\/albaiulia\\\/wp-content\\\/uploads\\\/2022\\\/04\\\/DSC_0642.jpg\",\"contentUrl\":\"https:\\\/\\\/urbeamea.ro\\\/albaiulia\\\/wp-content\\\/uploads\\\/2022\\\/04\\\/DSC_0642.jpg\",\"width\":1600,\"height\":1067},{\"@type\":\"BreadcrumbList\",\"@id\":\"https:\\\/\\\/urbeamea.ro\\\/albaiulia\\\/persoanele-cu-dizabilitati-aduc-bucuria-invierii-in-casele-celor-dragi\\\/#breadcrumb\",\"itemListElement\":[{\"@type\":\"ListItem\",\"position\":1,\"name\":\"Prima pagin\u0103\",\"item\":\"https:\\\/\\\/urbeamea.ro\\\/albaiulia\\\/\"},{\"@type\":\"ListItem\",\"position\":2,\"name\":\"Persoanele cu dizabilit\u0103\u021bi\u00a0aduc bucuria \u00cenvierii \u00een casele celor dragi\"}]},{\"@type\":\"WebSite\",\"@id\":\"https:\\\/\\\/urbeamea.ro\\\/albaiulia\\\/#website\",\"url\":\"https:\\\/\\\/urbeamea.ro\\\/albaiulia\\\/\",\"name\":\"Revista Urbea Mea, Stiri urbane\",\"description\":\"Evenimente \u0219i \u0219tiri din Alba Iulia, Sebe\u0219, Aiud, Blaj\",\"potentialAction\":[{\"@type\":\"SearchAction\",\"target\":{\"@type\":\"EntryPoint\",\"urlTemplate\":\"https:\\\/\\\/urbeamea.ro\\\/albaiulia\\\/?s={search_term_string}\"},\"query-input\":{\"@type\":\"PropertyValueSpecification\",\"valueRequired\":true,\"valueName\":\"search_term_string\"}}],\"inLanguage\":\"ro-RO\"},{\"@type\":\"Person\",\"@id\":\"https:\\\/\\\/urbeamea.ro\\\/albaiulia\\\/#\\\/schema\\\/person\\\/272ae98052f8ee8980f59848df070247\",\"name\":\"Redac\u021bia UrbeaMea\",\"image\":{\"@type\":\"ImageObject\",\"inLanguage\":\"ro-RO\",\"@id\":\"https:\\\/\\\/secure.gravatar.com\\\/avatar\\\/9ce5a9435071fa1037e8468053ead8e513dbbff59009d3069aadb85506d85a27?s=96&d=mm&r=g\",\"url\":\"https:\\\/\\\/secure.gravatar.com\\\/avatar\\\/9ce5a9435071fa1037e8468053ead8e513dbbff59009d3069aadb85506d85a27?s=96&d=mm&r=g\",\"contentUrl\":\"https:\\\/\\\/secure.gravatar.com\\\/avatar\\\/9ce5a9435071fa1037e8468053ead8e513dbbff59009d3069aadb85506d85a27?s=96&d=mm&r=g\",\"caption\":\"Redac\u021bia UrbeaMea\"},\"description\":\"contact@urbeamea.ro\",\"sameAs\":[\"https:\\\/\\\/www.urbeamea.ro\"],\"url\":\"https:\\\/\\\/urbeamea.ro\\\/albaiulia\\\/author\\\/redactia-urbeamea\\\/\"}]}<\/script>\n<!-- \/ Yoast SEO plugin. -->","yoast_head_json":{"title":"Persoanele cu dizabilit\u0103\u021bi\u00a0aduc bucuria \u00cenvierii \u00een casele celor dragi - Revista Urbea Mea - Revista de Alba","description":"\u00cen perioada 11-15 aprilie, beneficiarii Centrului de zi pentru persoane adulte cu dizabilit\u0103\u021bi ,,Sf\u00e2ntul Meletie\u201d Alba Iulia \u0219i-au dedicat timpul","robots":{"index":"index","follow":"follow","max-snippet":"max-snippet:-1","max-image-preview":"max-image-preview:large","max-video-preview":"max-video-preview:-1"},"canonical":"https:\/\/urbeamea.ro\/albaiulia\/persoanele-cu-dizabilitati-aduc-bucuria-invierii-in-casele-celor-dragi\/","twitter_card":"summary_large_image","twitter_title":"Persoanele cu dizabilit\u0103\u021bi\u00a0aduc bucuria \u00cenvierii \u00een casele celor dragi - Revista Urbea Mea - Revista de Alba","twitter_description":"\u00cen perioada 11-15 aprilie, beneficiarii Centrului de zi pentru persoane adulte cu dizabilit\u0103\u021bi ,,Sf\u00e2ntul Meletie\u201d Alba Iulia \u0219i-au dedicat timpul","twitter_image":"https:\/\/urbeamea.ro\/albaiulia\/wp-content\/uploads\/2022\/04\/DSC_0642.jpg","twitter_creator":"@urbeameaweb","twitter_site":"@urbeameaweb","schema":{"@context":"https:\/\/schema.org","@graph":[{"@type":"Article","@id":"https:\/\/urbeamea.ro\/albaiulia\/persoanele-cu-dizabilitati-aduc-bucuria-invierii-in-casele-celor-dragi\/#article","isPartOf":{"@id":"https:\/\/urbeamea.ro\/albaiulia\/persoanele-cu-dizabilitati-aduc-bucuria-invierii-in-casele-celor-dragi\/"},"author":{"name":"Redac\u021bia UrbeaMea","@id":"https:\/\/urbeamea.ro\/albaiulia\/#\/schema\/person\/272ae98052f8ee8980f59848df070247"},"headline":"Persoanele cu dizabilit\u0103\u021bi\u00a0aduc bucuria \u00cenvierii \u00een casele celor dragi","datePublished":"2022-04-18T10:28:54+00:00","dateModified":"2022-04-18T10:28:56+00:00","mainEntityOfPage":{"@id":"https:\/\/urbeamea.ro\/albaiulia\/persoanele-cu-dizabilitati-aduc-bucuria-invierii-in-casele-celor-dragi\/"},"wordCount":305,"commentCount":0,"image":{"@id":"https:\/\/urbeamea.ro\/albaiulia\/persoanele-cu-dizabilitati-aduc-bucuria-invierii-in-casele-celor-dragi\/#primaryimage"},"thumbnailUrl":"https:\/\/urbeamea.ro\/albaiulia\/wp-content\/uploads\/2022\/04\/DSC_0642.jpg","keywords":["centrul de zi pentru persoanele adulte cu dizabilitati sf. meletie alba iulia","filantropia ortodoxa alba"],"articleSection":["Social"],"inLanguage":"ro-RO","potentialAction":[{"@type":"CommentAction","name":"Comment","target":["https:\/\/urbeamea.ro\/albaiulia\/persoanele-cu-dizabilitati-aduc-bucuria-invierii-in-casele-celor-dragi\/#respond"]}]},{"@type":"WebPage","@id":"https:\/\/urbeamea.ro\/albaiulia\/persoanele-cu-dizabilitati-aduc-bucuria-invierii-in-casele-celor-dragi\/","url":"https:\/\/urbeamea.ro\/albaiulia\/persoanele-cu-dizabilitati-aduc-bucuria-invierii-in-casele-celor-dragi\/","name":"Persoanele cu dizabilit\u0103\u021bi\u00a0aduc bucuria \u00cenvierii \u00een casele celor dragi - Revista Urbea Mea - Revista de Alba","isPartOf":{"@id":"https:\/\/urbeamea.ro\/albaiulia\/#website"},"primaryImageOfPage":{"@id":"https:\/\/urbeamea.ro\/albaiulia\/persoanele-cu-dizabilitati-aduc-bucuria-invierii-in-casele-celor-dragi\/#primaryimage"},"image":{"@id":"https:\/\/urbeamea.ro\/albaiulia\/persoanele-cu-dizabilitati-aduc-bucuria-invierii-in-casele-celor-dragi\/#primaryimage"},"thumbnailUrl":"https:\/\/urbeamea.ro\/albaiulia\/wp-content\/uploads\/2022\/04\/DSC_0642.jpg","datePublished":"2022-04-18T10:28:54+00:00","dateModified":"2022-04-18T10:28:56+00:00","author":{"@id":"https:\/\/urbeamea.ro\/albaiulia\/#\/schema\/person\/272ae98052f8ee8980f59848df070247"},"description":"\u00cen perioada 11-15 aprilie, beneficiarii Centrului de zi pentru persoane adulte cu dizabilit\u0103\u021bi ,,Sf\u00e2ntul Meletie\u201d Alba Iulia \u0219i-au dedicat timpul","breadcrumb":{"@id":"https:\/\/urbeamea.ro\/albaiulia\/persoanele-cu-dizabilitati-aduc-bucuria-invierii-in-casele-celor-dragi\/#breadcrumb"},"inLanguage":"ro-RO","potentialAction":[{"@type":"ReadAction","target":["https:\/\/urbeamea.ro\/albaiulia\/persoanele-cu-dizabilitati-aduc-bucuria-invierii-in-casele-celor-dragi\/"]}]},{"@type":"ImageObject","inLanguage":"ro-RO","@id":"https:\/\/urbeamea.ro\/albaiulia\/persoanele-cu-dizabilitati-aduc-bucuria-invierii-in-casele-celor-dragi\/#primaryimage","url":"https:\/\/urbeamea.ro\/albaiulia\/wp-content\/uploads\/2022\/04\/DSC_0642.jpg","contentUrl":"https:\/\/urbeamea.ro\/albaiulia\/wp-content\/uploads\/2022\/04\/DSC_0642.jpg","width":1600,"height":1067},{"@type":"BreadcrumbList","@id":"https:\/\/urbeamea.ro\/albaiulia\/persoanele-cu-dizabilitati-aduc-bucuria-invierii-in-casele-celor-dragi\/#breadcrumb","itemListElement":[{"@type":"ListItem","position":1,"name":"Prima pagin\u0103","item":"https:\/\/urbeamea.ro\/albaiulia\/"},{"@type":"ListItem","position":2,"name":"Persoanele cu dizabilit\u0103\u021bi\u00a0aduc bucuria \u00cenvierii \u00een casele celor dragi"}]},{"@type":"WebSite","@id":"https:\/\/urbeamea.ro\/albaiulia\/#website","url":"https:\/\/urbeamea.ro\/albaiulia\/","name":"Revista Urbea Mea, Stiri urbane","description":"Evenimente \u0219i \u0219tiri din Alba Iulia, Sebe\u0219, Aiud, Blaj","potentialAction":[{"@type":"SearchAction","target":{"@type":"EntryPoint","urlTemplate":"https:\/\/urbeamea.ro\/albaiulia\/?s={search_term_string}"},"query-input":{"@type":"PropertyValueSpecification","valueRequired":true,"valueName":"search_term_string"}}],"inLanguage":"ro-RO"},{"@type":"Person","@id":"https:\/\/urbeamea.ro\/albaiulia\/#\/schema\/person\/272ae98052f8ee8980f59848df070247","name":"Redac\u021bia UrbeaMea","image":{"@type":"ImageObject","inLanguage":"ro-RO","@id":"https:\/\/secure.gravatar.com\/avatar\/9ce5a9435071fa1037e8468053ead8e513dbbff59009d3069aadb85506d85a27?s=96&d=mm&r=g","url":"https:\/\/secure.gravatar.com\/avatar\/9ce5a9435071fa1037e8468053ead8e513dbbff59009d3069aadb85506d85a27?s=96&d=mm&r=g","contentUrl":"https:\/\/secure.gravatar.com\/avatar\/9ce5a9435071fa1037e8468053ead8e513dbbff59009d3069aadb85506d85a27?s=96&d=mm&r=g","caption":"Redac\u021bia UrbeaMea"},"description":"contact@urbeamea.ro","sameAs":["https:\/\/www.urbeamea.ro"],"url":"https:\/\/urbeamea.ro\/albaiulia\/author\/redactia-urbeamea\/"}]}},"_links":{"self":[{"href":"https:\/\/urbeamea.ro\/albaiulia\/wp-json\/wp\/v2\/posts\/101402","targetHints":{"allow":["GET"]}}],"collection":[{"href":"https:\/\/urbeamea.ro\/albaiulia\/wp-json\/wp\/v2\/posts"}],"about":[{"href":"https:\/\/urbeamea.ro\/albaiulia\/wp-json\/wp\/v2\/types\/post"}],"author":[{"embeddable":true,"href":"https:\/\/urbeamea.ro\/albaiulia\/wp-json\/wp\/v2\/users\/16"}],"replies":[{"embeddable":true,"href":"https:\/\/urbeamea.ro\/albaiulia\/wp-json\/wp\/v2\/comments?post=101402"}],"version-history":[{"count":1,"href":"https:\/\/urbeamea.ro\/albaiulia\/wp-json\/wp\/v2\/posts\/101402\/revisions"}],"predecessor-version":[{"id":101407,"href":"https:\/\/urbeamea.ro\/albaiulia\/wp-json\/wp\/v2\/posts\/101402\/revisions\/101407"}],"wp:featuredmedia":[{"embeddable":true,"href":"https:\/\/urbeamea.ro\/albaiulia\/wp-json\/wp\/v2\/media\/101406"}],"wp:attachment":[{"href":"https:\/\/urbeamea.ro\/albaiulia\/wp-json\/wp\/v2\/media?parent=101402"}],"wp:term":[{"taxonomy":"category","embeddable":true,"href":"https:\/\/urbeamea.ro\/albaiulia\/wp-json\/wp\/v2\/categories?post=101402"},{"taxonomy":"post_tag","embeddable":true,"href":"https:\/\/urbeamea.ro\/albaiulia\/wp-json\/wp\/v2\/tags?post=101402"}],"curies":[{"name":"wp","href":"https:\/\/api.w.org\/{rel}","templated":true}]}}