{"id":101448,"date":"2022-04-21T12:27:39","date_gmt":"2022-04-21T09:27:39","guid":{"rendered":"https:\/\/urbeamea.ro\/albaiulia\/?p=101448"},"modified":"2022-04-21T12:27:40","modified_gmt":"2022-04-21T09:27:40","slug":"programul-de-circulatie-al-stp-sa-pentru-perioada-22-04-2022-25-04-2022-in-zona-metropolitana-alba-iulia","status":"publish","type":"post","link":"https:\/\/urbeamea.ro\/albaiulia\/programul-de-circulatie-al-stp-sa-pentru-perioada-22-04-2022-25-04-2022-in-zona-metropolitana-alba-iulia\/","title":{"rendered":"Programul de circula\u021bie al STP SA\u00a0 pentru perioada\u00a0 22.04.2022-25.04.2022 \u00een Zona Metropolitan\u0103 Alba Iulia"},"content":{"rendered":"\n<p><strong>Societatea de Transport Public SA Alba Iulia \u00ee\u0219i adapteaz\u0103 programul de transport cu prilejul S\u0103rb\u0103torii de Pa\u0219ti.<\/strong><\/p>\n\n\n\n<p>\u00cen aceast\u0103 perioad\u0103 vor fi acoperite toate traseele, iar programul de circula\u021bie al Societ\u0103\u021bii de Transport Public S.A. Alba Iulia, pentru perioada 22.04.2022-25.04.2022,\u00a0\u00een Zonele Metropolitane 1-7 va fi urm\u0103torul:\u00a0\u00a0\u00a0\u00a0\u00a0\u00a0\u00a0<\/p>\n\n\n\n<ul class=\"wp-block-list\"><li>\u00een zilele de 22, 24 \u0219i 25 aprilie 2022- program de duminic\u0103<\/li><li>\u00een ziua de 23 aprilie 2022- program de s\u00e2mb\u0103t\u0103<\/li><\/ul>\n\n\n\n<p>Informa\u021biile referitoare la\u00a0 programul de circula\u021bie \u00een zona tarifar\u0103 1 se pot ob\u021bine de la dispeceratul STP, la num\u0103rul de telefon <strong>0258\/812826<\/strong>. Pentru informa\u021bii legate de programul de circula\u021bie \u00een zonele tarifare 2-7, c\u0103l\u0103torii pot apela Autogara STP, la num\u0103rul de telefon <strong>0258\/812967.<\/strong> De asemenea, informa\u021biile sunt disponibile \u0219i pe site-ul <a rel=\"noreferrer noopener\" href=\"http:\/\/www.stpalba.ro\/\" target=\"_blank\"><strong>www.stpalba.ro<\/strong><\/a><\/p>\n\n\n\n<div data-wp-interactive=\"core\/file\" class=\"wp-block-file\"><object data-wp-bind--hidden=\"!state.hasPdfPreview\" hidden class=\"wp-block-file__embed\" data=\"https:\/\/urbeamea.ro\/albaiulia\/wp-content\/uploads\/2022\/04\/program-circulatie-Pasti-2022.pdf\" type=\"application\/pdf\" style=\"width:100%;height:600px\" aria-label=\"\u00cenglobare pentru \u00cenglobare pentru program-circulatie-Pasti-2022..\"><\/object><a id=\"wp-block-file--media-5c320619-02c2-4c8a-82cd-61206e4362f4\" href=\"https:\/\/urbeamea.ro\/albaiulia\/wp-content\/uploads\/2022\/04\/program-circulatie-Pasti-2022.pdf\">program-circulatie-Pasti-2022<\/a><a href=\"https:\/\/urbeamea.ro\/albaiulia\/wp-content\/uploads\/2022\/04\/program-circulatie-Pasti-2022.pdf\" class=\"wp-block-file__button\" download aria-describedby=\"wp-block-file--media-5c320619-02c2-4c8a-82cd-61206e4362f4\">Descarc\u0103<\/a><\/div>\n","protected":false},"excerpt":{"rendered":"<p>Societatea de Transport Public SA Alba Iulia \u00ee\u0219i adapteaz\u0103 programul de transport cu prilejul S\u0103rb\u0103torii de Pa\u0219ti. \u00cen aceast\u0103 perioad\u0103 vor fi acoperite toate traseele, iar programul de circula\u021bie al Societ\u0103\u021bii de Transport Public S.A. Alba Iulia, pentru perioada 22.04.2022-25.04.2022,\u00a0\u00een Zonele Metropolitane 1-7 va fi urm\u0103torul:\u00a0\u00a0\u00a0\u00a0\u00a0\u00a0\u00a0 \u00een zilele de 22, 24 \u0219i 25 aprilie 2022- &hellip;<\/p>\n","protected":false},"author":16,"featured_media":89349,"comment_status":"open","ping_status":"open","sticky":false,"template":"","format":"standard","meta":{"inline_featured_image":false,"footnotes":""},"categories":[1],"tags":[1149],"class_list":["post-101448","post","type-post","status-publish","format-standard","has-post-thumbnail","hentry","category-stiri-urbane","tag-stp-alba-iulia"],"yoast_head":"<!-- This site is optimized with the Yoast SEO plugin v27.4 - https:\/\/yoast.com\/product\/yoast-seo-wordpress\/ -->\n<title>Programul de circula\u021bie al STP SA\u00a0 pentru perioada\u00a0 22.04.2022-25.04.2022 \u00een Zona Metropolitan\u0103 Alba Iulia - Revista Urbea Mea - Revista de Alba<\/title>\n<meta name=\"description\" content=\"Societatea de Transport Public SA Alba Iulia \u00ee\u0219i adapteaz\u0103 programul de transport cu prilejul S\u0103rb\u0103torii de Pa\u0219ti. \u00cen aceast\u0103 perioad\u0103 vor fi acoperite\" \/>\n<meta name=\"robots\" content=\"index, follow, max-snippet:-1, max-image-preview:large, max-video-preview:-1\" \/>\n<link rel=\"canonical\" href=\"https:\/\/urbeamea.ro\/albaiulia\/programul-de-circulatie-al-stp-sa-pentru-perioada-22-04-2022-25-04-2022-in-zona-metropolitana-alba-iulia\/\" \/>\n<meta name=\"twitter:card\" content=\"summary_large_image\" \/>\n<meta name=\"twitter:title\" content=\"Programul de circula\u021bie al STP SA\u00a0 pentru perioada\u00a0 22.04.2022-25.04.2022 \u00een Zona Metropolitan\u0103 Alba Iulia - Revista Urbea Mea - Revista de Alba\" \/>\n<meta name=\"twitter:description\" content=\"Societatea de Transport Public SA Alba Iulia \u00ee\u0219i adapteaz\u0103 programul de transport cu prilejul S\u0103rb\u0103torii de Pa\u0219ti. \u00cen aceast\u0103 perioad\u0103 vor fi acoperite\" \/>\n<meta name=\"twitter:image\" content=\"https:\/\/urbeamea.ro\/albaiulia\/wp-content\/uploads\/2020\/04\/64783293_1299283763568372_5374954917276418048_n.jpg\" \/>\n<meta name=\"twitter:creator\" content=\"@urbeameaweb\" \/>\n<meta name=\"twitter:site\" content=\"@urbeameaweb\" \/>\n<script type=\"application\/ld+json\" class=\"yoast-schema-graph\">{\"@context\":\"https:\\\/\\\/schema.org\",\"@graph\":[{\"@type\":\"Article\",\"@id\":\"https:\\\/\\\/urbeamea.ro\\\/albaiulia\\\/programul-de-circulatie-al-stp-sa-pentru-perioada-22-04-2022-25-04-2022-in-zona-metropolitana-alba-iulia\\\/#article\",\"isPartOf\":{\"@id\":\"https:\\\/\\\/urbeamea.ro\\\/albaiulia\\\/programul-de-circulatie-al-stp-sa-pentru-perioada-22-04-2022-25-04-2022-in-zona-metropolitana-alba-iulia\\\/\"},\"author\":{\"name\":\"Redac\u021bia UrbeaMea\",\"@id\":\"https:\\\/\\\/urbeamea.ro\\\/albaiulia\\\/#\\\/schema\\\/person\\\/272ae98052f8ee8980f59848df070247\"},\"headline\":\"Programul de circula\u021bie al STP SA\u00a0 pentru perioada\u00a0 22.04.2022-25.04.2022 \u00een Zona Metropolitan\u0103 Alba Iulia\",\"datePublished\":\"2022-04-21T09:27:39+00:00\",\"dateModified\":\"2022-04-21T09:27:40+00:00\",\"mainEntityOfPage\":{\"@id\":\"https:\\\/\\\/urbeamea.ro\\\/albaiulia\\\/programul-de-circulatie-al-stp-sa-pentru-perioada-22-04-2022-25-04-2022-in-zona-metropolitana-alba-iulia\\\/\"},\"wordCount\":151,\"commentCount\":0,\"image\":{\"@id\":\"https:\\\/\\\/urbeamea.ro\\\/albaiulia\\\/programul-de-circulatie-al-stp-sa-pentru-perioada-22-04-2022-25-04-2022-in-zona-metropolitana-alba-iulia\\\/#primaryimage\"},\"thumbnailUrl\":\"https:\\\/\\\/urbeamea.ro\\\/albaiulia\\\/wp-content\\\/uploads\\\/2020\\\/04\\\/64783293_1299283763568372_5374954917276418048_n.jpg\",\"keywords\":[\"STP Alba Iulia\"],\"articleSection\":[\"\u015etiri Urbane\"],\"inLanguage\":\"ro-RO\",\"potentialAction\":[{\"@type\":\"CommentAction\",\"name\":\"Comment\",\"target\":[\"https:\\\/\\\/urbeamea.ro\\\/albaiulia\\\/programul-de-circulatie-al-stp-sa-pentru-perioada-22-04-2022-25-04-2022-in-zona-metropolitana-alba-iulia\\\/#respond\"]}]},{\"@type\":\"WebPage\",\"@id\":\"https:\\\/\\\/urbeamea.ro\\\/albaiulia\\\/programul-de-circulatie-al-stp-sa-pentru-perioada-22-04-2022-25-04-2022-in-zona-metropolitana-alba-iulia\\\/\",\"url\":\"https:\\\/\\\/urbeamea.ro\\\/albaiulia\\\/programul-de-circulatie-al-stp-sa-pentru-perioada-22-04-2022-25-04-2022-in-zona-metropolitana-alba-iulia\\\/\",\"name\":\"Programul de circula\u021bie al STP SA\u00a0 pentru perioada\u00a0 22.04.2022-25.04.2022 \u00een Zona Metropolitan\u0103 Alba Iulia - Revista Urbea Mea - Revista de Alba\",\"isPartOf\":{\"@id\":\"https:\\\/\\\/urbeamea.ro\\\/albaiulia\\\/#website\"},\"primaryImageOfPage\":{\"@id\":\"https:\\\/\\\/urbeamea.ro\\\/albaiulia\\\/programul-de-circulatie-al-stp-sa-pentru-perioada-22-04-2022-25-04-2022-in-zona-metropolitana-alba-iulia\\\/#primaryimage\"},\"image\":{\"@id\":\"https:\\\/\\\/urbeamea.ro\\\/albaiulia\\\/programul-de-circulatie-al-stp-sa-pentru-perioada-22-04-2022-25-04-2022-in-zona-metropolitana-alba-iulia\\\/#primaryimage\"},\"thumbnailUrl\":\"https:\\\/\\\/urbeamea.ro\\\/albaiulia\\\/wp-content\\\/uploads\\\/2020\\\/04\\\/64783293_1299283763568372_5374954917276418048_n.jpg\",\"datePublished\":\"2022-04-21T09:27:39+00:00\",\"dateModified\":\"2022-04-21T09:27:40+00:00\",\"author\":{\"@id\":\"https:\\\/\\\/urbeamea.ro\\\/albaiulia\\\/#\\\/schema\\\/person\\\/272ae98052f8ee8980f59848df070247\"},\"description\":\"Societatea de Transport Public SA Alba Iulia \u00ee\u0219i adapteaz\u0103 programul de transport cu prilejul S\u0103rb\u0103torii de Pa\u0219ti. \u00cen aceast\u0103 perioad\u0103 vor fi acoperite\",\"breadcrumb\":{\"@id\":\"https:\\\/\\\/urbeamea.ro\\\/albaiulia\\\/programul-de-circulatie-al-stp-sa-pentru-perioada-22-04-2022-25-04-2022-in-zona-metropolitana-alba-iulia\\\/#breadcrumb\"},\"inLanguage\":\"ro-RO\",\"potentialAction\":[{\"@type\":\"ReadAction\",\"target\":[\"https:\\\/\\\/urbeamea.ro\\\/albaiulia\\\/programul-de-circulatie-al-stp-sa-pentru-perioada-22-04-2022-25-04-2022-in-zona-metropolitana-alba-iulia\\\/\"]}]},{\"@type\":\"ImageObject\",\"inLanguage\":\"ro-RO\",\"@id\":\"https:\\\/\\\/urbeamea.ro\\\/albaiulia\\\/programul-de-circulatie-al-stp-sa-pentru-perioada-22-04-2022-25-04-2022-in-zona-metropolitana-alba-iulia\\\/#primaryimage\",\"url\":\"https:\\\/\\\/urbeamea.ro\\\/albaiulia\\\/wp-content\\\/uploads\\\/2020\\\/04\\\/64783293_1299283763568372_5374954917276418048_n.jpg\",\"contentUrl\":\"https:\\\/\\\/urbeamea.ro\\\/albaiulia\\\/wp-content\\\/uploads\\\/2020\\\/04\\\/64783293_1299283763568372_5374954917276418048_n.jpg\",\"width\":720,\"height\":540},{\"@type\":\"BreadcrumbList\",\"@id\":\"https:\\\/\\\/urbeamea.ro\\\/albaiulia\\\/programul-de-circulatie-al-stp-sa-pentru-perioada-22-04-2022-25-04-2022-in-zona-metropolitana-alba-iulia\\\/#breadcrumb\",\"itemListElement\":[{\"@type\":\"ListItem\",\"position\":1,\"name\":\"Prima pagin\u0103\",\"item\":\"https:\\\/\\\/urbeamea.ro\\\/albaiulia\\\/\"},{\"@type\":\"ListItem\",\"position\":2,\"name\":\"Programul de circula\u021bie al STP SA\u00a0 pentru perioada\u00a0 22.04.2022-25.04.2022 \u00een Zona Metropolitan\u0103 Alba Iulia\"}]},{\"@type\":\"WebSite\",\"@id\":\"https:\\\/\\\/urbeamea.ro\\\/albaiulia\\\/#website\",\"url\":\"https:\\\/\\\/urbeamea.ro\\\/albaiulia\\\/\",\"name\":\"Revista Urbea Mea, Stiri urbane\",\"description\":\"Evenimente \u0219i \u0219tiri din Alba Iulia, Sebe\u0219, Aiud, Blaj\",\"potentialAction\":[{\"@type\":\"SearchAction\",\"target\":{\"@type\":\"EntryPoint\",\"urlTemplate\":\"https:\\\/\\\/urbeamea.ro\\\/albaiulia\\\/?s={search_term_string}\"},\"query-input\":{\"@type\":\"PropertyValueSpecification\",\"valueRequired\":true,\"valueName\":\"search_term_string\"}}],\"inLanguage\":\"ro-RO\"},{\"@type\":\"Person\",\"@id\":\"https:\\\/\\\/urbeamea.ro\\\/albaiulia\\\/#\\\/schema\\\/person\\\/272ae98052f8ee8980f59848df070247\",\"name\":\"Redac\u021bia UrbeaMea\",\"image\":{\"@type\":\"ImageObject\",\"inLanguage\":\"ro-RO\",\"@id\":\"https:\\\/\\\/secure.gravatar.com\\\/avatar\\\/9ce5a9435071fa1037e8468053ead8e513dbbff59009d3069aadb85506d85a27?s=96&d=mm&r=g\",\"url\":\"https:\\\/\\\/secure.gravatar.com\\\/avatar\\\/9ce5a9435071fa1037e8468053ead8e513dbbff59009d3069aadb85506d85a27?s=96&d=mm&r=g\",\"contentUrl\":\"https:\\\/\\\/secure.gravatar.com\\\/avatar\\\/9ce5a9435071fa1037e8468053ead8e513dbbff59009d3069aadb85506d85a27?s=96&d=mm&r=g\",\"caption\":\"Redac\u021bia UrbeaMea\"},\"description\":\"contact@urbeamea.ro\",\"sameAs\":[\"https:\\\/\\\/www.urbeamea.ro\"],\"url\":\"https:\\\/\\\/urbeamea.ro\\\/albaiulia\\\/author\\\/redactia-urbeamea\\\/\"}]}<\/script>\n<!-- \/ Yoast SEO plugin. -->","yoast_head_json":{"title":"Programul de circula\u021bie al STP SA\u00a0 pentru perioada\u00a0 22.04.2022-25.04.2022 \u00een Zona Metropolitan\u0103 Alba Iulia - Revista Urbea Mea - Revista de Alba","description":"Societatea de Transport Public SA Alba Iulia \u00ee\u0219i adapteaz\u0103 programul de transport cu prilejul S\u0103rb\u0103torii de Pa\u0219ti. \u00cen aceast\u0103 perioad\u0103 vor fi acoperite","robots":{"index":"index","follow":"follow","max-snippet":"max-snippet:-1","max-image-preview":"max-image-preview:large","max-video-preview":"max-video-preview:-1"},"canonical":"https:\/\/urbeamea.ro\/albaiulia\/programul-de-circulatie-al-stp-sa-pentru-perioada-22-04-2022-25-04-2022-in-zona-metropolitana-alba-iulia\/","twitter_card":"summary_large_image","twitter_title":"Programul de circula\u021bie al STP SA\u00a0 pentru perioada\u00a0 22.04.2022-25.04.2022 \u00een Zona Metropolitan\u0103 Alba Iulia - Revista Urbea Mea - Revista de Alba","twitter_description":"Societatea de Transport Public SA Alba Iulia \u00ee\u0219i adapteaz\u0103 programul de transport cu prilejul S\u0103rb\u0103torii de Pa\u0219ti. \u00cen aceast\u0103 perioad\u0103 vor fi acoperite","twitter_image":"https:\/\/urbeamea.ro\/albaiulia\/wp-content\/uploads\/2020\/04\/64783293_1299283763568372_5374954917276418048_n.jpg","twitter_creator":"@urbeameaweb","twitter_site":"@urbeameaweb","schema":{"@context":"https:\/\/schema.org","@graph":[{"@type":"Article","@id":"https:\/\/urbeamea.ro\/albaiulia\/programul-de-circulatie-al-stp-sa-pentru-perioada-22-04-2022-25-04-2022-in-zona-metropolitana-alba-iulia\/#article","isPartOf":{"@id":"https:\/\/urbeamea.ro\/albaiulia\/programul-de-circulatie-al-stp-sa-pentru-perioada-22-04-2022-25-04-2022-in-zona-metropolitana-alba-iulia\/"},"author":{"name":"Redac\u021bia UrbeaMea","@id":"https:\/\/urbeamea.ro\/albaiulia\/#\/schema\/person\/272ae98052f8ee8980f59848df070247"},"headline":"Programul de circula\u021bie al STP SA\u00a0 pentru perioada\u00a0 22.04.2022-25.04.2022 \u00een Zona Metropolitan\u0103 Alba Iulia","datePublished":"2022-04-21T09:27:39+00:00","dateModified":"2022-04-21T09:27:40+00:00","mainEntityOfPage":{"@id":"https:\/\/urbeamea.ro\/albaiulia\/programul-de-circulatie-al-stp-sa-pentru-perioada-22-04-2022-25-04-2022-in-zona-metropolitana-alba-iulia\/"},"wordCount":151,"commentCount":0,"image":{"@id":"https:\/\/urbeamea.ro\/albaiulia\/programul-de-circulatie-al-stp-sa-pentru-perioada-22-04-2022-25-04-2022-in-zona-metropolitana-alba-iulia\/#primaryimage"},"thumbnailUrl":"https:\/\/urbeamea.ro\/albaiulia\/wp-content\/uploads\/2020\/04\/64783293_1299283763568372_5374954917276418048_n.jpg","keywords":["STP Alba Iulia"],"articleSection":["\u015etiri Urbane"],"inLanguage":"ro-RO","potentialAction":[{"@type":"CommentAction","name":"Comment","target":["https:\/\/urbeamea.ro\/albaiulia\/programul-de-circulatie-al-stp-sa-pentru-perioada-22-04-2022-25-04-2022-in-zona-metropolitana-alba-iulia\/#respond"]}]},{"@type":"WebPage","@id":"https:\/\/urbeamea.ro\/albaiulia\/programul-de-circulatie-al-stp-sa-pentru-perioada-22-04-2022-25-04-2022-in-zona-metropolitana-alba-iulia\/","url":"https:\/\/urbeamea.ro\/albaiulia\/programul-de-circulatie-al-stp-sa-pentru-perioada-22-04-2022-25-04-2022-in-zona-metropolitana-alba-iulia\/","name":"Programul de circula\u021bie al STP SA\u00a0 pentru perioada\u00a0 22.04.2022-25.04.2022 \u00een Zona Metropolitan\u0103 Alba Iulia - Revista Urbea Mea - Revista de Alba","isPartOf":{"@id":"https:\/\/urbeamea.ro\/albaiulia\/#website"},"primaryImageOfPage":{"@id":"https:\/\/urbeamea.ro\/albaiulia\/programul-de-circulatie-al-stp-sa-pentru-perioada-22-04-2022-25-04-2022-in-zona-metropolitana-alba-iulia\/#primaryimage"},"image":{"@id":"https:\/\/urbeamea.ro\/albaiulia\/programul-de-circulatie-al-stp-sa-pentru-perioada-22-04-2022-25-04-2022-in-zona-metropolitana-alba-iulia\/#primaryimage"},"thumbnailUrl":"https:\/\/urbeamea.ro\/albaiulia\/wp-content\/uploads\/2020\/04\/64783293_1299283763568372_5374954917276418048_n.jpg","datePublished":"2022-04-21T09:27:39+00:00","dateModified":"2022-04-21T09:27:40+00:00","author":{"@id":"https:\/\/urbeamea.ro\/albaiulia\/#\/schema\/person\/272ae98052f8ee8980f59848df070247"},"description":"Societatea de Transport Public SA Alba Iulia \u00ee\u0219i adapteaz\u0103 programul de transport cu prilejul S\u0103rb\u0103torii de Pa\u0219ti. \u00cen aceast\u0103 perioad\u0103 vor fi acoperite","breadcrumb":{"@id":"https:\/\/urbeamea.ro\/albaiulia\/programul-de-circulatie-al-stp-sa-pentru-perioada-22-04-2022-25-04-2022-in-zona-metropolitana-alba-iulia\/#breadcrumb"},"inLanguage":"ro-RO","potentialAction":[{"@type":"ReadAction","target":["https:\/\/urbeamea.ro\/albaiulia\/programul-de-circulatie-al-stp-sa-pentru-perioada-22-04-2022-25-04-2022-in-zona-metropolitana-alba-iulia\/"]}]},{"@type":"ImageObject","inLanguage":"ro-RO","@id":"https:\/\/urbeamea.ro\/albaiulia\/programul-de-circulatie-al-stp-sa-pentru-perioada-22-04-2022-25-04-2022-in-zona-metropolitana-alba-iulia\/#primaryimage","url":"https:\/\/urbeamea.ro\/albaiulia\/wp-content\/uploads\/2020\/04\/64783293_1299283763568372_5374954917276418048_n.jpg","contentUrl":"https:\/\/urbeamea.ro\/albaiulia\/wp-content\/uploads\/2020\/04\/64783293_1299283763568372_5374954917276418048_n.jpg","width":720,"height":540},{"@type":"BreadcrumbList","@id":"https:\/\/urbeamea.ro\/albaiulia\/programul-de-circulatie-al-stp-sa-pentru-perioada-22-04-2022-25-04-2022-in-zona-metropolitana-alba-iulia\/#breadcrumb","itemListElement":[{"@type":"ListItem","position":1,"name":"Prima pagin\u0103","item":"https:\/\/urbeamea.ro\/albaiulia\/"},{"@type":"ListItem","position":2,"name":"Programul de circula\u021bie al STP SA\u00a0 pentru perioada\u00a0 22.04.2022-25.04.2022 \u00een Zona Metropolitan\u0103 Alba Iulia"}]},{"@type":"WebSite","@id":"https:\/\/urbeamea.ro\/albaiulia\/#website","url":"https:\/\/urbeamea.ro\/albaiulia\/","name":"Revista Urbea Mea, Stiri urbane","description":"Evenimente \u0219i \u0219tiri din Alba Iulia, Sebe\u0219, Aiud, Blaj","potentialAction":[{"@type":"SearchAction","target":{"@type":"EntryPoint","urlTemplate":"https:\/\/urbeamea.ro\/albaiulia\/?s={search_term_string}"},"query-input":{"@type":"PropertyValueSpecification","valueRequired":true,"valueName":"search_term_string"}}],"inLanguage":"ro-RO"},{"@type":"Person","@id":"https:\/\/urbeamea.ro\/albaiulia\/#\/schema\/person\/272ae98052f8ee8980f59848df070247","name":"Redac\u021bia UrbeaMea","image":{"@type":"ImageObject","inLanguage":"ro-RO","@id":"https:\/\/secure.gravatar.com\/avatar\/9ce5a9435071fa1037e8468053ead8e513dbbff59009d3069aadb85506d85a27?s=96&d=mm&r=g","url":"https:\/\/secure.gravatar.com\/avatar\/9ce5a9435071fa1037e8468053ead8e513dbbff59009d3069aadb85506d85a27?s=96&d=mm&r=g","contentUrl":"https:\/\/secure.gravatar.com\/avatar\/9ce5a9435071fa1037e8468053ead8e513dbbff59009d3069aadb85506d85a27?s=96&d=mm&r=g","caption":"Redac\u021bia UrbeaMea"},"description":"contact@urbeamea.ro","sameAs":["https:\/\/www.urbeamea.ro"],"url":"https:\/\/urbeamea.ro\/albaiulia\/author\/redactia-urbeamea\/"}]}},"_links":{"self":[{"href":"https:\/\/urbeamea.ro\/albaiulia\/wp-json\/wp\/v2\/posts\/101448","targetHints":{"allow":["GET"]}}],"collection":[{"href":"https:\/\/urbeamea.ro\/albaiulia\/wp-json\/wp\/v2\/posts"}],"about":[{"href":"https:\/\/urbeamea.ro\/albaiulia\/wp-json\/wp\/v2\/types\/post"}],"author":[{"embeddable":true,"href":"https:\/\/urbeamea.ro\/albaiulia\/wp-json\/wp\/v2\/users\/16"}],"replies":[{"embeddable":true,"href":"https:\/\/urbeamea.ro\/albaiulia\/wp-json\/wp\/v2\/comments?post=101448"}],"version-history":[{"count":2,"href":"https:\/\/urbeamea.ro\/albaiulia\/wp-json\/wp\/v2\/posts\/101448\/revisions"}],"predecessor-version":[{"id":101461,"href":"https:\/\/urbeamea.ro\/albaiulia\/wp-json\/wp\/v2\/posts\/101448\/revisions\/101461"}],"wp:featuredmedia":[{"embeddable":true,"href":"https:\/\/urbeamea.ro\/albaiulia\/wp-json\/wp\/v2\/media\/89349"}],"wp:attachment":[{"href":"https:\/\/urbeamea.ro\/albaiulia\/wp-json\/wp\/v2\/media?parent=101448"}],"wp:term":[{"taxonomy":"category","embeddable":true,"href":"https:\/\/urbeamea.ro\/albaiulia\/wp-json\/wp\/v2\/categories?post=101448"},{"taxonomy":"post_tag","embeddable":true,"href":"https:\/\/urbeamea.ro\/albaiulia\/wp-json\/wp\/v2\/tags?post=101448"}],"curies":[{"name":"wp","href":"https:\/\/api.w.org\/{rel}","templated":true}]}}