{"id":101451,"date":"2022-04-21T12:34:53","date_gmt":"2022-04-21T09:34:53","guid":{"rendered":"https:\/\/urbeamea.ro\/albaiulia\/?p=101451"},"modified":"2022-04-21T12:34:54","modified_gmt":"2022-04-21T09:34:54","slug":"proiect-educational-privind-dezvoltarea-competentelor-de-informare-si-promovare-turistica-ale-studentilor-de-la-uab","status":"publish","type":"post","link":"https:\/\/urbeamea.ro\/albaiulia\/proiect-educational-privind-dezvoltarea-competentelor-de-informare-si-promovare-turistica-ale-studentilor-de-la-uab\/","title":{"rendered":"Proiect educa\u021bional privind dezvoltarea competen\u021belor de informare \u0219i promovare turistic\u0103 ale studen\u021bilor de la UAB"},"content":{"rendered":"\n<h3 class=\"wp-block-heading\"><strong>Facultatea de \u0218tiin\u021be Economice<\/strong> &#8211; <strong>Cercul \u0218tiin\u021bific de Turism<\/strong><\/h3>\n\n\n\n<p>\u00cen perioada 11-13 aprilie 2022, un grup de 15 studen\u021bi de la specializarea Economia Comer\u021bului, Turismului \u0219i Serviciilor, anii II \u0219i III \u0219i membri ai Cercului de Turism din cadrul UAB, \u00eenso\u021bi\u021bi de Dna Conferen\u021biar Universitar Claudia MOIS\u0102, cadru didactic de specialitate, au participat la activit\u0103\u021bile Proiectului educa\u021bional privind dezvoltarea competen\u021belor de informare \u0219i promovare turistic\u0103 ale studen\u021bilor de la UAB.<\/p>\n\n\n\n<p>Scopul activit\u0103\u021bii a fost acela de a le transmite studen\u021bilor informa\u021biile necesare adopt\u0103rii unui comportament profesional adecvat \u00een ceea ce prive\u0219te activit\u0103\u0163i de promovare a unei destina\u021bii turistice \u0219i oferirea oportunit\u0103\u021bii de a-\u0219i \u00eembun\u0103t\u0103\u021bi competen\u021bele specifice unor ocupa\u021bii din domeniul marketingului \u00een turism.<\/p>\n\n\n\n<p>Pe durata celor trei zile au avut loc activit\u0103\u021bi teoretice privind promovarea turistic\u0103 a destina\u021biilor de vacan\u021b\u0103, dar mai ales activit\u0103\u021bi practice de informare \u0219i promovare turistic\u0103 \u00een localit\u0103\u021bile Rimetea (jude\u021bul Alba) \u0219i mun. Cluj-Napoca. Studen\u021bii s-au bucurat de un tur ghidat \u00een localit\u0103\u021bile Rimetea \u0219i Col\u021be\u0219ti, cu vizitarea principalelor obiective turistice din zon\u0103, precum \u0219i de o vizit\u0103 de studiu la Centrul de Informare Turistic\u0103 Cluj-Napoca, unde au avut parte de o \u00eent\u00e2lnire cu speciali\u0219ti \u00een promovarea turistic\u0103 a unei destina\u021bii urbane.<\/p>\n\n\n\n<p>Acest proiect educa\u021bional nu ar fi fost posibil f\u0103r\u0103 sprijinul Ministerului Educa\u021biei, care a finan\u021bat activitatea, \u0219i al Universit\u0103\u021bii \u201e1 Decembrie 1918\u201d din Alba Iulia, care a sus\u021binut implementarea. Totodat\u0103, le mul\u021bumim urm\u0103torilor parteneri: Cristea L. Vasile \u00ce.\u00ce pentru transport, Pensiunea Kiraly Vendeghaz, Rimetea pentru cazare \u0219i mas\u0103, Prim\u0103ria Rimetea pentru asigurarea accesului la Muzeul Etnografic Rimetea, Asocia\u021bia de Turism Activ Trasc\u0103u pentru informare \u0219i asisten\u021b\u0103 turistic\u0103, Centrul de Informare Turistic\u0103 Cluj-Napoca.<\/p>\n\n\n\n<figure class=\"wp-block-gallery has-nested-images columns-default is-cropped wp-block-gallery-1 is-layout-flex wp-block-gallery-is-layout-flex\">\n<figure class=\"wp-block-image size-large\"><a href=\"https:\/\/urbeamea.ro\/albaiulia\/wp-content\/uploads\/2022\/04\/20220413_130219.jpg\"><img loading=\"lazy\" decoding=\"async\" width=\"1280\" height=\"1280\" data-id=\"101456\" src=\"https:\/\/urbeamea.ro\/albaiulia\/wp-content\/uploads\/2022\/04\/20220413_130219-1280x1280.jpg\" alt=\"\" class=\"wp-image-101456\" srcset=\"https:\/\/urbeamea.ro\/albaiulia\/wp-content\/uploads\/2022\/04\/20220413_130219-1280x1280.jpg 1280w, https:\/\/urbeamea.ro\/albaiulia\/wp-content\/uploads\/2022\/04\/20220413_130219-640x640.jpg 640w, https:\/\/urbeamea.ro\/albaiulia\/wp-content\/uploads\/2022\/04\/20220413_130219-150x150.jpg 150w, https:\/\/urbeamea.ro\/albaiulia\/wp-content\/uploads\/2022\/04\/20220413_130219-768x768.jpg 768w, https:\/\/urbeamea.ro\/albaiulia\/wp-content\/uploads\/2022\/04\/20220413_130219-1536x1536.jpg 1536w, https:\/\/urbeamea.ro\/albaiulia\/wp-content\/uploads\/2022\/04\/20220413_130219.jpg 1600w\" sizes=\"auto, (max-width: 1280px) 100vw, 1280px\" \/><\/a><\/figure>\n\n\n\n<figure class=\"wp-block-image size-large\"><a href=\"https:\/\/urbeamea.ro\/albaiulia\/wp-content\/uploads\/2022\/04\/20220413_113149.jpg\"><img loading=\"lazy\" decoding=\"async\" width=\"1280\" height=\"1280\" data-id=\"101455\" src=\"https:\/\/urbeamea.ro\/albaiulia\/wp-content\/uploads\/2022\/04\/20220413_113149-1280x1280.jpg\" alt=\"\" class=\"wp-image-101455\" srcset=\"https:\/\/urbeamea.ro\/albaiulia\/wp-content\/uploads\/2022\/04\/20220413_113149-1280x1280.jpg 1280w, https:\/\/urbeamea.ro\/albaiulia\/wp-content\/uploads\/2022\/04\/20220413_113149-640x640.jpg 640w, https:\/\/urbeamea.ro\/albaiulia\/wp-content\/uploads\/2022\/04\/20220413_113149-150x150.jpg 150w, https:\/\/urbeamea.ro\/albaiulia\/wp-content\/uploads\/2022\/04\/20220413_113149-768x768.jpg 768w, https:\/\/urbeamea.ro\/albaiulia\/wp-content\/uploads\/2022\/04\/20220413_113149-1536x1536.jpg 1536w, https:\/\/urbeamea.ro\/albaiulia\/wp-content\/uploads\/2022\/04\/20220413_113149.jpg 1600w\" sizes=\"auto, (max-width: 1280px) 100vw, 1280px\" \/><\/a><\/figure>\n\n\n\n<figure class=\"wp-block-image size-large\"><a href=\"https:\/\/urbeamea.ro\/albaiulia\/wp-content\/uploads\/2022\/04\/20220413_145919.jpg\"><img loading=\"lazy\" decoding=\"async\" width=\"1280\" height=\"1280\" data-id=\"101454\" src=\"https:\/\/urbeamea.ro\/albaiulia\/wp-content\/uploads\/2022\/04\/20220413_145919-1280x1280.jpg\" alt=\"\" class=\"wp-image-101454\" srcset=\"https:\/\/urbeamea.ro\/albaiulia\/wp-content\/uploads\/2022\/04\/20220413_145919-1280x1280.jpg 1280w, https:\/\/urbeamea.ro\/albaiulia\/wp-content\/uploads\/2022\/04\/20220413_145919-640x640.jpg 640w, https:\/\/urbeamea.ro\/albaiulia\/wp-content\/uploads\/2022\/04\/20220413_145919-150x150.jpg 150w, https:\/\/urbeamea.ro\/albaiulia\/wp-content\/uploads\/2022\/04\/20220413_145919-768x768.jpg 768w, https:\/\/urbeamea.ro\/albaiulia\/wp-content\/uploads\/2022\/04\/20220413_145919-1536x1536.jpg 1536w, https:\/\/urbeamea.ro\/albaiulia\/wp-content\/uploads\/2022\/04\/20220413_145919.jpg 1600w\" sizes=\"auto, (max-width: 1280px) 100vw, 1280px\" \/><\/a><\/figure>\n\n\n\n<figure class=\"wp-block-image size-large\"><a href=\"https:\/\/urbeamea.ro\/albaiulia\/wp-content\/uploads\/2022\/04\/WhatsApp-Image-2022-04-16-at-15.43.31-1.jpeg\"><img loading=\"lazy\" decoding=\"async\" width=\"960\" height=\"1280\" data-id=\"101452\" src=\"https:\/\/urbeamea.ro\/albaiulia\/wp-content\/uploads\/2022\/04\/WhatsApp-Image-2022-04-16-at-15.43.31-1-960x1280.jpeg\" alt=\"\" class=\"wp-image-101452\" srcset=\"https:\/\/urbeamea.ro\/albaiulia\/wp-content\/uploads\/2022\/04\/WhatsApp-Image-2022-04-16-at-15.43.31-1-960x1280.jpeg 960w, https:\/\/urbeamea.ro\/albaiulia\/wp-content\/uploads\/2022\/04\/WhatsApp-Image-2022-04-16-at-15.43.31-1-480x640.jpeg 480w, https:\/\/urbeamea.ro\/albaiulia\/wp-content\/uploads\/2022\/04\/WhatsApp-Image-2022-04-16-at-15.43.31-1-113x150.jpeg 113w, https:\/\/urbeamea.ro\/albaiulia\/wp-content\/uploads\/2022\/04\/WhatsApp-Image-2022-04-16-at-15.43.31-1-768x1024.jpeg 768w, https:\/\/urbeamea.ro\/albaiulia\/wp-content\/uploads\/2022\/04\/WhatsApp-Image-2022-04-16-at-15.43.31-1-1152x1536.jpeg 1152w, https:\/\/urbeamea.ro\/albaiulia\/wp-content\/uploads\/2022\/04\/WhatsApp-Image-2022-04-16-at-15.43.31-1.jpeg 1500w\" sizes=\"auto, (max-width: 960px) 100vw, 960px\" \/><\/a><\/figure>\n\n\n\n<figure class=\"wp-block-image size-large\"><a href=\"https:\/\/urbeamea.ro\/albaiulia\/wp-content\/uploads\/2022\/04\/20220412_150330.jpg\"><img loading=\"lazy\" decoding=\"async\" width=\"1280\" height=\"1280\" data-id=\"101457\" src=\"https:\/\/urbeamea.ro\/albaiulia\/wp-content\/uploads\/2022\/04\/20220412_150330-1280x1280.jpg\" alt=\"\" class=\"wp-image-101457\" srcset=\"https:\/\/urbeamea.ro\/albaiulia\/wp-content\/uploads\/2022\/04\/20220412_150330-1280x1280.jpg 1280w, https:\/\/urbeamea.ro\/albaiulia\/wp-content\/uploads\/2022\/04\/20220412_150330-640x640.jpg 640w, https:\/\/urbeamea.ro\/albaiulia\/wp-content\/uploads\/2022\/04\/20220412_150330-150x150.jpg 150w, https:\/\/urbeamea.ro\/albaiulia\/wp-content\/uploads\/2022\/04\/20220412_150330-768x768.jpg 768w, https:\/\/urbeamea.ro\/albaiulia\/wp-content\/uploads\/2022\/04\/20220412_150330-1536x1536.jpg 1536w, https:\/\/urbeamea.ro\/albaiulia\/wp-content\/uploads\/2022\/04\/20220412_150330.jpg 1600w\" sizes=\"auto, (max-width: 1280px) 100vw, 1280px\" \/><\/a><\/figure>\n\n\n\n<figure class=\"wp-block-image size-large\"><a href=\"https:\/\/urbeamea.ro\/albaiulia\/wp-content\/uploads\/2022\/04\/WhatsApp-Image-2022-04-12-at-11.50.35-2.jpeg\"><img loading=\"lazy\" decoding=\"async\" width=\"967\" height=\"1280\" data-id=\"101453\" src=\"https:\/\/urbeamea.ro\/albaiulia\/wp-content\/uploads\/2022\/04\/WhatsApp-Image-2022-04-12-at-11.50.35-2-967x1280.jpeg\" alt=\"\" class=\"wp-image-101453\" srcset=\"https:\/\/urbeamea.ro\/albaiulia\/wp-content\/uploads\/2022\/04\/WhatsApp-Image-2022-04-12-at-11.50.35-2-967x1280.jpeg 967w, https:\/\/urbeamea.ro\/albaiulia\/wp-content\/uploads\/2022\/04\/WhatsApp-Image-2022-04-12-at-11.50.35-2-483x640.jpeg 483w, https:\/\/urbeamea.ro\/albaiulia\/wp-content\/uploads\/2022\/04\/WhatsApp-Image-2022-04-12-at-11.50.35-2-113x150.jpeg 113w, https:\/\/urbeamea.ro\/albaiulia\/wp-content\/uploads\/2022\/04\/WhatsApp-Image-2022-04-12-at-11.50.35-2-768x1017.jpeg 768w, https:\/\/urbeamea.ro\/albaiulia\/wp-content\/uploads\/2022\/04\/WhatsApp-Image-2022-04-12-at-11.50.35-2.jpeg 1151w\" sizes=\"auto, (max-width: 967px) 100vw, 967px\" \/><\/a><\/figure>\n<\/figure>\n","protected":false},"excerpt":{"rendered":"<p>Facultatea de \u0218tiin\u021be Economice &#8211; Cercul \u0218tiin\u021bific de Turism \u00cen perioada 11-13 aprilie 2022, un grup de 15 studen\u021bi de la specializarea Economia Comer\u021bului, Turismului \u0219i Serviciilor, anii II \u0219i III \u0219i membri ai Cercului de Turism din cadrul UAB, \u00eenso\u021bi\u021bi de Dna Conferen\u021biar Universitar Claudia MOIS\u0102, cadru didactic de specialitate, au participat la activit\u0103\u021bile &hellip;<\/p>\n","protected":false},"author":16,"featured_media":97687,"comment_status":"open","ping_status":"open","sticky":false,"template":"","format":"standard","meta":{"inline_featured_image":false,"footnotes":""},"categories":[1],"tags":[24185,8772,3679],"class_list":["post-101451","post","type-post","status-publish","format-standard","has-post-thumbnail","hentry","category-stiri-urbane","tag-cercul-stiintific-de-turism","tag-facultatea-de-stiinte-economice","tag-universitatea-1-decembrie-1918-alba-iulia"],"yoast_head":"<!-- This site is optimized with the Yoast SEO plugin v27.4 - https:\/\/yoast.com\/product\/yoast-seo-wordpress\/ -->\n<title>Proiect educa\u021bional privind dezvoltarea competen\u021belor de informare \u0219i promovare turistic\u0103 ale studen\u021bilor de la UAB - Revista Urbea Mea - Revista de Alba<\/title>\n<meta name=\"description\" content=\"Facultatea de \u0218tiin\u021be Economice - Cercul \u0218tiin\u021bific de Turism \u00cen perioada 11-13 aprilie 2022, un grup de 15 studen\u021bi de la specializarea Economia\" \/>\n<meta name=\"robots\" content=\"index, follow, max-snippet:-1, max-image-preview:large, max-video-preview:-1\" \/>\n<link rel=\"canonical\" href=\"https:\/\/urbeamea.ro\/albaiulia\/proiect-educational-privind-dezvoltarea-competentelor-de-informare-si-promovare-turistica-ale-studentilor-de-la-uab\/\" \/>\n<meta name=\"twitter:card\" content=\"summary_large_image\" \/>\n<meta name=\"twitter:title\" content=\"Proiect educa\u021bional privind dezvoltarea competen\u021belor de informare \u0219i promovare turistic\u0103 ale studen\u021bilor de la UAB - Revista Urbea Mea - Revista de Alba\" \/>\n<meta name=\"twitter:description\" content=\"Facultatea de \u0218tiin\u021be Economice - Cercul \u0218tiin\u021bific de Turism \u00cen perioada 11-13 aprilie 2022, un grup de 15 studen\u021bi de la specializarea Economia\" \/>\n<meta name=\"twitter:image\" content=\"https:\/\/urbeamea.ro\/albaiulia\/wp-content\/uploads\/2021\/09\/UAB.jpg\" \/>\n<meta name=\"twitter:creator\" content=\"@urbeameaweb\" \/>\n<meta name=\"twitter:site\" content=\"@urbeameaweb\" \/>\n<script type=\"application\/ld+json\" class=\"yoast-schema-graph\">{\"@context\":\"https:\\\/\\\/schema.org\",\"@graph\":[{\"@type\":\"Article\",\"@id\":\"https:\\\/\\\/urbeamea.ro\\\/albaiulia\\\/proiect-educational-privind-dezvoltarea-competentelor-de-informare-si-promovare-turistica-ale-studentilor-de-la-uab\\\/#article\",\"isPartOf\":{\"@id\":\"https:\\\/\\\/urbeamea.ro\\\/albaiulia\\\/proiect-educational-privind-dezvoltarea-competentelor-de-informare-si-promovare-turistica-ale-studentilor-de-la-uab\\\/\"},\"author\":{\"name\":\"Redac\u021bia UrbeaMea\",\"@id\":\"https:\\\/\\\/urbeamea.ro\\\/albaiulia\\\/#\\\/schema\\\/person\\\/272ae98052f8ee8980f59848df070247\"},\"headline\":\"Proiect educa\u021bional privind dezvoltarea competen\u021belor de informare \u0219i promovare turistic\u0103 ale studen\u021bilor de la UAB\",\"datePublished\":\"2022-04-21T09:34:53+00:00\",\"dateModified\":\"2022-04-21T09:34:54+00:00\",\"mainEntityOfPage\":{\"@id\":\"https:\\\/\\\/urbeamea.ro\\\/albaiulia\\\/proiect-educational-privind-dezvoltarea-competentelor-de-informare-si-promovare-turistica-ale-studentilor-de-la-uab\\\/\"},\"wordCount\":328,\"commentCount\":0,\"image\":{\"@id\":\"https:\\\/\\\/urbeamea.ro\\\/albaiulia\\\/proiect-educational-privind-dezvoltarea-competentelor-de-informare-si-promovare-turistica-ale-studentilor-de-la-uab\\\/#primaryimage\"},\"thumbnailUrl\":\"https:\\\/\\\/urbeamea.ro\\\/albaiulia\\\/wp-content\\\/uploads\\\/2021\\\/09\\\/UAB.jpg\",\"keywords\":[\"cercul stiintific de turism\",\"facultatea de stiinte economice\",\"Universitatea \u201e1 Decembrie 1918\u201d Alba Iulia\"],\"articleSection\":[\"\u015etiri Urbane\"],\"inLanguage\":\"ro-RO\",\"potentialAction\":[{\"@type\":\"CommentAction\",\"name\":\"Comment\",\"target\":[\"https:\\\/\\\/urbeamea.ro\\\/albaiulia\\\/proiect-educational-privind-dezvoltarea-competentelor-de-informare-si-promovare-turistica-ale-studentilor-de-la-uab\\\/#respond\"]}]},{\"@type\":\"WebPage\",\"@id\":\"https:\\\/\\\/urbeamea.ro\\\/albaiulia\\\/proiect-educational-privind-dezvoltarea-competentelor-de-informare-si-promovare-turistica-ale-studentilor-de-la-uab\\\/\",\"url\":\"https:\\\/\\\/urbeamea.ro\\\/albaiulia\\\/proiect-educational-privind-dezvoltarea-competentelor-de-informare-si-promovare-turistica-ale-studentilor-de-la-uab\\\/\",\"name\":\"Proiect educa\u021bional privind dezvoltarea competen\u021belor de informare \u0219i promovare turistic\u0103 ale studen\u021bilor de la UAB - Revista Urbea Mea - Revista de Alba\",\"isPartOf\":{\"@id\":\"https:\\\/\\\/urbeamea.ro\\\/albaiulia\\\/#website\"},\"primaryImageOfPage\":{\"@id\":\"https:\\\/\\\/urbeamea.ro\\\/albaiulia\\\/proiect-educational-privind-dezvoltarea-competentelor-de-informare-si-promovare-turistica-ale-studentilor-de-la-uab\\\/#primaryimage\"},\"image\":{\"@id\":\"https:\\\/\\\/urbeamea.ro\\\/albaiulia\\\/proiect-educational-privind-dezvoltarea-competentelor-de-informare-si-promovare-turistica-ale-studentilor-de-la-uab\\\/#primaryimage\"},\"thumbnailUrl\":\"https:\\\/\\\/urbeamea.ro\\\/albaiulia\\\/wp-content\\\/uploads\\\/2021\\\/09\\\/UAB.jpg\",\"datePublished\":\"2022-04-21T09:34:53+00:00\",\"dateModified\":\"2022-04-21T09:34:54+00:00\",\"author\":{\"@id\":\"https:\\\/\\\/urbeamea.ro\\\/albaiulia\\\/#\\\/schema\\\/person\\\/272ae98052f8ee8980f59848df070247\"},\"description\":\"Facultatea de \u0218tiin\u021be Economice - Cercul \u0218tiin\u021bific de Turism \u00cen perioada 11-13 aprilie 2022, un grup de 15 studen\u021bi de la specializarea Economia\",\"breadcrumb\":{\"@id\":\"https:\\\/\\\/urbeamea.ro\\\/albaiulia\\\/proiect-educational-privind-dezvoltarea-competentelor-de-informare-si-promovare-turistica-ale-studentilor-de-la-uab\\\/#breadcrumb\"},\"inLanguage\":\"ro-RO\",\"potentialAction\":[{\"@type\":\"ReadAction\",\"target\":[\"https:\\\/\\\/urbeamea.ro\\\/albaiulia\\\/proiect-educational-privind-dezvoltarea-competentelor-de-informare-si-promovare-turistica-ale-studentilor-de-la-uab\\\/\"]}]},{\"@type\":\"ImageObject\",\"inLanguage\":\"ro-RO\",\"@id\":\"https:\\\/\\\/urbeamea.ro\\\/albaiulia\\\/proiect-educational-privind-dezvoltarea-competentelor-de-informare-si-promovare-turistica-ale-studentilor-de-la-uab\\\/#primaryimage\",\"url\":\"https:\\\/\\\/urbeamea.ro\\\/albaiulia\\\/wp-content\\\/uploads\\\/2021\\\/09\\\/UAB.jpg\",\"contentUrl\":\"https:\\\/\\\/urbeamea.ro\\\/albaiulia\\\/wp-content\\\/uploads\\\/2021\\\/09\\\/UAB.jpg\",\"width\":890,\"height\":961},{\"@type\":\"BreadcrumbList\",\"@id\":\"https:\\\/\\\/urbeamea.ro\\\/albaiulia\\\/proiect-educational-privind-dezvoltarea-competentelor-de-informare-si-promovare-turistica-ale-studentilor-de-la-uab\\\/#breadcrumb\",\"itemListElement\":[{\"@type\":\"ListItem\",\"position\":1,\"name\":\"Prima pagin\u0103\",\"item\":\"https:\\\/\\\/urbeamea.ro\\\/albaiulia\\\/\"},{\"@type\":\"ListItem\",\"position\":2,\"name\":\"Proiect educa\u021bional privind dezvoltarea competen\u021belor de informare \u0219i promovare turistic\u0103 ale studen\u021bilor de la UAB\"}]},{\"@type\":\"WebSite\",\"@id\":\"https:\\\/\\\/urbeamea.ro\\\/albaiulia\\\/#website\",\"url\":\"https:\\\/\\\/urbeamea.ro\\\/albaiulia\\\/\",\"name\":\"Revista Urbea Mea, Stiri urbane\",\"description\":\"Evenimente \u0219i \u0219tiri din Alba Iulia, Sebe\u0219, Aiud, Blaj\",\"potentialAction\":[{\"@type\":\"SearchAction\",\"target\":{\"@type\":\"EntryPoint\",\"urlTemplate\":\"https:\\\/\\\/urbeamea.ro\\\/albaiulia\\\/?s={search_term_string}\"},\"query-input\":{\"@type\":\"PropertyValueSpecification\",\"valueRequired\":true,\"valueName\":\"search_term_string\"}}],\"inLanguage\":\"ro-RO\"},{\"@type\":\"Person\",\"@id\":\"https:\\\/\\\/urbeamea.ro\\\/albaiulia\\\/#\\\/schema\\\/person\\\/272ae98052f8ee8980f59848df070247\",\"name\":\"Redac\u021bia UrbeaMea\",\"image\":{\"@type\":\"ImageObject\",\"inLanguage\":\"ro-RO\",\"@id\":\"https:\\\/\\\/secure.gravatar.com\\\/avatar\\\/9ce5a9435071fa1037e8468053ead8e513dbbff59009d3069aadb85506d85a27?s=96&d=mm&r=g\",\"url\":\"https:\\\/\\\/secure.gravatar.com\\\/avatar\\\/9ce5a9435071fa1037e8468053ead8e513dbbff59009d3069aadb85506d85a27?s=96&d=mm&r=g\",\"contentUrl\":\"https:\\\/\\\/secure.gravatar.com\\\/avatar\\\/9ce5a9435071fa1037e8468053ead8e513dbbff59009d3069aadb85506d85a27?s=96&d=mm&r=g\",\"caption\":\"Redac\u021bia UrbeaMea\"},\"description\":\"contact@urbeamea.ro\",\"sameAs\":[\"https:\\\/\\\/www.urbeamea.ro\"],\"url\":\"https:\\\/\\\/urbeamea.ro\\\/albaiulia\\\/author\\\/redactia-urbeamea\\\/\"}]}<\/script>\n<!-- \/ Yoast SEO plugin. -->","yoast_head_json":{"title":"Proiect educa\u021bional privind dezvoltarea competen\u021belor de informare \u0219i promovare turistic\u0103 ale studen\u021bilor de la UAB - Revista Urbea Mea - Revista de Alba","description":"Facultatea de \u0218tiin\u021be Economice - Cercul \u0218tiin\u021bific de Turism \u00cen perioada 11-13 aprilie 2022, un grup de 15 studen\u021bi de la specializarea Economia","robots":{"index":"index","follow":"follow","max-snippet":"max-snippet:-1","max-image-preview":"max-image-preview:large","max-video-preview":"max-video-preview:-1"},"canonical":"https:\/\/urbeamea.ro\/albaiulia\/proiect-educational-privind-dezvoltarea-competentelor-de-informare-si-promovare-turistica-ale-studentilor-de-la-uab\/","twitter_card":"summary_large_image","twitter_title":"Proiect educa\u021bional privind dezvoltarea competen\u021belor de informare \u0219i promovare turistic\u0103 ale studen\u021bilor de la UAB - Revista Urbea Mea - Revista de Alba","twitter_description":"Facultatea de \u0218tiin\u021be Economice - Cercul \u0218tiin\u021bific de Turism \u00cen perioada 11-13 aprilie 2022, un grup de 15 studen\u021bi de la specializarea Economia","twitter_image":"https:\/\/urbeamea.ro\/albaiulia\/wp-content\/uploads\/2021\/09\/UAB.jpg","twitter_creator":"@urbeameaweb","twitter_site":"@urbeameaweb","schema":{"@context":"https:\/\/schema.org","@graph":[{"@type":"Article","@id":"https:\/\/urbeamea.ro\/albaiulia\/proiect-educational-privind-dezvoltarea-competentelor-de-informare-si-promovare-turistica-ale-studentilor-de-la-uab\/#article","isPartOf":{"@id":"https:\/\/urbeamea.ro\/albaiulia\/proiect-educational-privind-dezvoltarea-competentelor-de-informare-si-promovare-turistica-ale-studentilor-de-la-uab\/"},"author":{"name":"Redac\u021bia UrbeaMea","@id":"https:\/\/urbeamea.ro\/albaiulia\/#\/schema\/person\/272ae98052f8ee8980f59848df070247"},"headline":"Proiect educa\u021bional privind dezvoltarea competen\u021belor de informare \u0219i promovare turistic\u0103 ale studen\u021bilor de la UAB","datePublished":"2022-04-21T09:34:53+00:00","dateModified":"2022-04-21T09:34:54+00:00","mainEntityOfPage":{"@id":"https:\/\/urbeamea.ro\/albaiulia\/proiect-educational-privind-dezvoltarea-competentelor-de-informare-si-promovare-turistica-ale-studentilor-de-la-uab\/"},"wordCount":328,"commentCount":0,"image":{"@id":"https:\/\/urbeamea.ro\/albaiulia\/proiect-educational-privind-dezvoltarea-competentelor-de-informare-si-promovare-turistica-ale-studentilor-de-la-uab\/#primaryimage"},"thumbnailUrl":"https:\/\/urbeamea.ro\/albaiulia\/wp-content\/uploads\/2021\/09\/UAB.jpg","keywords":["cercul stiintific de turism","facultatea de stiinte economice","Universitatea \u201e1 Decembrie 1918\u201d Alba Iulia"],"articleSection":["\u015etiri Urbane"],"inLanguage":"ro-RO","potentialAction":[{"@type":"CommentAction","name":"Comment","target":["https:\/\/urbeamea.ro\/albaiulia\/proiect-educational-privind-dezvoltarea-competentelor-de-informare-si-promovare-turistica-ale-studentilor-de-la-uab\/#respond"]}]},{"@type":"WebPage","@id":"https:\/\/urbeamea.ro\/albaiulia\/proiect-educational-privind-dezvoltarea-competentelor-de-informare-si-promovare-turistica-ale-studentilor-de-la-uab\/","url":"https:\/\/urbeamea.ro\/albaiulia\/proiect-educational-privind-dezvoltarea-competentelor-de-informare-si-promovare-turistica-ale-studentilor-de-la-uab\/","name":"Proiect educa\u021bional privind dezvoltarea competen\u021belor de informare \u0219i promovare turistic\u0103 ale studen\u021bilor de la UAB - Revista Urbea Mea - Revista de Alba","isPartOf":{"@id":"https:\/\/urbeamea.ro\/albaiulia\/#website"},"primaryImageOfPage":{"@id":"https:\/\/urbeamea.ro\/albaiulia\/proiect-educational-privind-dezvoltarea-competentelor-de-informare-si-promovare-turistica-ale-studentilor-de-la-uab\/#primaryimage"},"image":{"@id":"https:\/\/urbeamea.ro\/albaiulia\/proiect-educational-privind-dezvoltarea-competentelor-de-informare-si-promovare-turistica-ale-studentilor-de-la-uab\/#primaryimage"},"thumbnailUrl":"https:\/\/urbeamea.ro\/albaiulia\/wp-content\/uploads\/2021\/09\/UAB.jpg","datePublished":"2022-04-21T09:34:53+00:00","dateModified":"2022-04-21T09:34:54+00:00","author":{"@id":"https:\/\/urbeamea.ro\/albaiulia\/#\/schema\/person\/272ae98052f8ee8980f59848df070247"},"description":"Facultatea de \u0218tiin\u021be Economice - Cercul \u0218tiin\u021bific de Turism \u00cen perioada 11-13 aprilie 2022, un grup de 15 studen\u021bi de la specializarea Economia","breadcrumb":{"@id":"https:\/\/urbeamea.ro\/albaiulia\/proiect-educational-privind-dezvoltarea-competentelor-de-informare-si-promovare-turistica-ale-studentilor-de-la-uab\/#breadcrumb"},"inLanguage":"ro-RO","potentialAction":[{"@type":"ReadAction","target":["https:\/\/urbeamea.ro\/albaiulia\/proiect-educational-privind-dezvoltarea-competentelor-de-informare-si-promovare-turistica-ale-studentilor-de-la-uab\/"]}]},{"@type":"ImageObject","inLanguage":"ro-RO","@id":"https:\/\/urbeamea.ro\/albaiulia\/proiect-educational-privind-dezvoltarea-competentelor-de-informare-si-promovare-turistica-ale-studentilor-de-la-uab\/#primaryimage","url":"https:\/\/urbeamea.ro\/albaiulia\/wp-content\/uploads\/2021\/09\/UAB.jpg","contentUrl":"https:\/\/urbeamea.ro\/albaiulia\/wp-content\/uploads\/2021\/09\/UAB.jpg","width":890,"height":961},{"@type":"BreadcrumbList","@id":"https:\/\/urbeamea.ro\/albaiulia\/proiect-educational-privind-dezvoltarea-competentelor-de-informare-si-promovare-turistica-ale-studentilor-de-la-uab\/#breadcrumb","itemListElement":[{"@type":"ListItem","position":1,"name":"Prima pagin\u0103","item":"https:\/\/urbeamea.ro\/albaiulia\/"},{"@type":"ListItem","position":2,"name":"Proiect educa\u021bional privind dezvoltarea competen\u021belor de informare \u0219i promovare turistic\u0103 ale studen\u021bilor de la UAB"}]},{"@type":"WebSite","@id":"https:\/\/urbeamea.ro\/albaiulia\/#website","url":"https:\/\/urbeamea.ro\/albaiulia\/","name":"Revista Urbea Mea, Stiri urbane","description":"Evenimente \u0219i \u0219tiri din Alba Iulia, Sebe\u0219, Aiud, Blaj","potentialAction":[{"@type":"SearchAction","target":{"@type":"EntryPoint","urlTemplate":"https:\/\/urbeamea.ro\/albaiulia\/?s={search_term_string}"},"query-input":{"@type":"PropertyValueSpecification","valueRequired":true,"valueName":"search_term_string"}}],"inLanguage":"ro-RO"},{"@type":"Person","@id":"https:\/\/urbeamea.ro\/albaiulia\/#\/schema\/person\/272ae98052f8ee8980f59848df070247","name":"Redac\u021bia UrbeaMea","image":{"@type":"ImageObject","inLanguage":"ro-RO","@id":"https:\/\/secure.gravatar.com\/avatar\/9ce5a9435071fa1037e8468053ead8e513dbbff59009d3069aadb85506d85a27?s=96&d=mm&r=g","url":"https:\/\/secure.gravatar.com\/avatar\/9ce5a9435071fa1037e8468053ead8e513dbbff59009d3069aadb85506d85a27?s=96&d=mm&r=g","contentUrl":"https:\/\/secure.gravatar.com\/avatar\/9ce5a9435071fa1037e8468053ead8e513dbbff59009d3069aadb85506d85a27?s=96&d=mm&r=g","caption":"Redac\u021bia UrbeaMea"},"description":"contact@urbeamea.ro","sameAs":["https:\/\/www.urbeamea.ro"],"url":"https:\/\/urbeamea.ro\/albaiulia\/author\/redactia-urbeamea\/"}]}},"_links":{"self":[{"href":"https:\/\/urbeamea.ro\/albaiulia\/wp-json\/wp\/v2\/posts\/101451","targetHints":{"allow":["GET"]}}],"collection":[{"href":"https:\/\/urbeamea.ro\/albaiulia\/wp-json\/wp\/v2\/posts"}],"about":[{"href":"https:\/\/urbeamea.ro\/albaiulia\/wp-json\/wp\/v2\/types\/post"}],"author":[{"embeddable":true,"href":"https:\/\/urbeamea.ro\/albaiulia\/wp-json\/wp\/v2\/users\/16"}],"replies":[{"embeddable":true,"href":"https:\/\/urbeamea.ro\/albaiulia\/wp-json\/wp\/v2\/comments?post=101451"}],"version-history":[{"count":1,"href":"https:\/\/urbeamea.ro\/albaiulia\/wp-json\/wp\/v2\/posts\/101451\/revisions"}],"predecessor-version":[{"id":101458,"href":"https:\/\/urbeamea.ro\/albaiulia\/wp-json\/wp\/v2\/posts\/101451\/revisions\/101458"}],"wp:featuredmedia":[{"embeddable":true,"href":"https:\/\/urbeamea.ro\/albaiulia\/wp-json\/wp\/v2\/media\/97687"}],"wp:attachment":[{"href":"https:\/\/urbeamea.ro\/albaiulia\/wp-json\/wp\/v2\/media?parent=101451"}],"wp:term":[{"taxonomy":"category","embeddable":true,"href":"https:\/\/urbeamea.ro\/albaiulia\/wp-json\/wp\/v2\/categories?post=101451"},{"taxonomy":"post_tag","embeddable":true,"href":"https:\/\/urbeamea.ro\/albaiulia\/wp-json\/wp\/v2\/tags?post=101451"}],"curies":[{"name":"wp","href":"https:\/\/api.w.org\/{rel}","templated":true}]}}