{"id":101506,"date":"2022-04-29T08:00:00","date_gmt":"2022-04-29T05:00:00","guid":{"rendered":"https:\/\/urbeamea.ro\/albaiulia\/?p=101506"},"modified":"2022-04-28T21:17:05","modified_gmt":"2022-04-28T18:17:05","slug":"au-fost-desemnati-reprezentantii-studentilor-din-alba-in-consiliul-de-administratie-al-casei-de-cultura-a-studentilor-alba-iulia","status":"publish","type":"post","link":"https:\/\/urbeamea.ro\/albaiulia\/au-fost-desemnati-reprezentantii-studentilor-din-alba-in-consiliul-de-administratie-al-casei-de-cultura-a-studentilor-alba-iulia\/","title":{"rendered":"Au fost desemna\u021bi reprezentan\u021bii studen\u021bilor din Alba \u00een Consiliul de administra\u021bie al Casei de Cultur\u0103 a Studen\u021bilor Alba Iulia"},"content":{"rendered":"\n<h3 class=\"wp-block-heading\">M\u0103lina-Anamaria Bogdan \u0219i Ionela-Lidia Beldean sunt reprezentan\u021bii studen\u021bilor din Alba<\/h3>\n\n\n\n<p class=\"wp-block-paragraph\">Casa de Cultur\u0103 a Studen\u021bilor Alba Iulia a finalizat selec\u021bia celor doi studen\u021bi ce vor reprezenta studen\u021bii din Alba ca membri \u00een Consiliul de Administra\u021bie al CCS. Procedura de selec\u021bie a fost realizat\u0103 \u00eempreun\u0103 cu o federa\u021bie na\u021bional\u0103 a organiza\u021biilor studen\u021be\u0219ti (ANOSR) \u0219i ministerul de resort (MFTES), conform prevederilor legale.<\/p>\n\n\n\n<p class=\"wp-block-paragraph\">M\u0103lina Bogdan este nu doar pre\u0219edinte al Ligii Studen\u021bilor din Universitatea &#8221;1 Decembrie 1918&#8221; Alba Iulia, ci \u0219i reprezentant al studen\u021bilor \u00een Senatul \u0219i Consiliul de Administra\u021bie ale acestei institu\u021bii de \u00eenv\u0103\u021b\u0103m\u00e2nt superior. Ionela Beldean voluntariaz\u0103 activ \u00een comunitate \u00eenc\u0103 din 2016, fiind pre\u0219edinte \u00een exerci\u021biu al Erasmus Student Network Alba Iulia.<\/p>\n\n\n\n<blockquote class=\"wp-block-quote is-layout-flow wp-block-quote-is-layout-flow\"><p>Alalt\u0103ieri m-am \u00eent\u00e2lnit cu noile colege din Consiliul de administra\u021bie, pentru a le \u00eenm\u00e2na deciziile de numire. Sunt persoane cu o activitate bogat\u0103, reprezentative pentru mediul studen\u021besc din Alba. Am discutat despre poten\u021bialul mare, pe care \u00eel avem \u00eempreun\u0103, de a redefini profilul Casei de Cultur\u0103 a Studen\u021bilor \u0219i cre\u0219te rolul s\u0103u activ de sus\u021bin\u0103tor \u0219i partener al tinerilor din comunitate, nu doar al studen\u021bilor.<\/p><cite>Gheorghe Berghian, directorul institu\u021biei<\/cite><\/blockquote>\n\n\n\n<p class=\"wp-block-paragraph\">Mandatul reprezentan\u021bilor studen\u021bilor \u00een Consiliul de administra\u021bie al CCS va fi de doi ani, pe perioada 02.05.2022 \u2013 01.05.2024, iar un student poate \u00eendeplini func\u021bia de reprezentare pentru cel mult dou\u0103 mandate. Consiliul de administra\u021bie are ca atribu\u021bii principale aprobarea politicilor \u0219i strategiilor specifice \u0219i \u00een m\u0103sur\u0103 s\u0103 asigure desf\u0103\u0219urarea \u00een condi\u021bii corespunz\u0103toare a activit\u0103\u021bii CCS, a calendarului de activit\u0103\u021bi \u0219i tipurilor de servicii realizate de institu\u021bie, dar \u0219i a proiectului privind bugetul de venituri \u0219i cheltuieli, sau planului de activitate, respectiv raportului semestrial de activitate.<\/p>\n\n\n\n<figure class=\"wp-block-gallery has-nested-images columns-default is-cropped wp-block-gallery-1 is-layout-flex wp-block-gallery-is-layout-flex\">\n<figure class=\"wp-block-image size-large\"><a href=\"https:\/\/urbeamea.ro\/albaiulia\/wp-content\/uploads\/2022\/04\/IMG2.jpg\"><img loading=\"lazy\" decoding=\"async\" width=\"945\" height=\"1229\" data-id=\"101508\" src=\"https:\/\/urbeamea.ro\/albaiulia\/wp-content\/uploads\/2022\/04\/IMG2.jpg\" alt=\"\" class=\"wp-image-101508\" srcset=\"https:\/\/urbeamea.ro\/albaiulia\/wp-content\/uploads\/2022\/04\/IMG2.jpg 945w, https:\/\/urbeamea.ro\/albaiulia\/wp-content\/uploads\/2022\/04\/IMG2-492x640.jpg 492w, https:\/\/urbeamea.ro\/albaiulia\/wp-content\/uploads\/2022\/04\/IMG2-115x150.jpg 115w, https:\/\/urbeamea.ro\/albaiulia\/wp-content\/uploads\/2022\/04\/IMG2-768x999.jpg 768w\" sizes=\"auto, (max-width: 945px) 100vw, 945px\" \/><\/a><\/figure>\n\n\n\n<figure class=\"wp-block-image size-large\"><a href=\"https:\/\/urbeamea.ro\/albaiulia\/wp-content\/uploads\/2022\/04\/IMG1.jpg\"><img loading=\"lazy\" decoding=\"async\" width=\"807\" height=\"1235\" data-id=\"101507\" src=\"https:\/\/urbeamea.ro\/albaiulia\/wp-content\/uploads\/2022\/04\/IMG1.jpg\" alt=\"\" class=\"wp-image-101507\" srcset=\"https:\/\/urbeamea.ro\/albaiulia\/wp-content\/uploads\/2022\/04\/IMG1.jpg 807w, https:\/\/urbeamea.ro\/albaiulia\/wp-content\/uploads\/2022\/04\/IMG1-418x640.jpg 418w, https:\/\/urbeamea.ro\/albaiulia\/wp-content\/uploads\/2022\/04\/IMG1-98x150.jpg 98w, https:\/\/urbeamea.ro\/albaiulia\/wp-content\/uploads\/2022\/04\/IMG1-768x1175.jpg 768w\" sizes=\"auto, (max-width: 807px) 100vw, 807px\" \/><\/a><\/figure>\n<\/figure>\n","protected":false},"excerpt":{"rendered":"<p>M\u0103lina-Anamaria Bogdan \u0219i Ionela-Lidia Beldean sunt reprezentan\u021bii studen\u021bilor din Alba Casa de Cultur\u0103 a Studen\u021bilor Alba Iulia a finalizat selec\u021bia celor doi studen\u021bi ce vor reprezenta studen\u021bii din Alba ca membri \u00een Consiliul de Administra\u021bie al CCS. Procedura de selec\u021bie a fost realizat\u0103 \u00eempreun\u0103 cu o federa\u021bie na\u021bional\u0103 a organiza\u021biilor studen\u021be\u0219ti (ANOSR) \u0219i ministerul de &hellip;<\/p>\n","protected":false},"author":16,"featured_media":25910,"comment_status":"open","ping_status":"open","sticky":false,"template":"","format":"standard","meta":{"inline_featured_image":false,"footnotes":""},"categories":[1],"tags":[18230,1352],"class_list":["post-101506","post","type-post","status-publish","format-standard","has-post-thumbnail","hentry","category-stiri-urbane","tag-casa-de-cultura-a-studentilor-alba-iulia","tag-gheorghe-berghian"],"yoast_head":"<!-- This site is optimized with the Yoast SEO plugin v28.3 - https:\/\/yoast.com\/product\/yoast-seo-wordpress\/ -->\n<title>Au fost desemna\u021bi reprezentan\u021bii studen\u021bilor din Alba \u00een Consiliul de administra\u021bie al Casei de Cultur\u0103 a Studen\u021bilor Alba Iulia - Revista Urbea Mea - Revista de Alba<\/title>\n<meta name=\"description\" content=\"M\u0103lina-Anamaria Bogdan \u0219i Ionela-Lidia Beldean sunt reprezentan\u021bii studen\u021bilor din Alba Casa de Cultur\u0103 a Studen\u021bilor Alba Iulia a finalizat selec\u021bia\" \/>\n<meta name=\"robots\" content=\"index, follow, max-snippet:-1, max-image-preview:large, max-video-preview:-1\" \/>\n<link rel=\"canonical\" href=\"https:\/\/urbeamea.ro\/albaiulia\/au-fost-desemnati-reprezentantii-studentilor-din-alba-in-consiliul-de-administratie-al-casei-de-cultura-a-studentilor-alba-iulia\/\" \/>\n<meta name=\"twitter:card\" content=\"summary_large_image\" \/>\n<meta name=\"twitter:title\" content=\"Au fost desemna\u021bi reprezentan\u021bii studen\u021bilor din Alba \u00een Consiliul de administra\u021bie al Casei de Cultur\u0103 a Studen\u021bilor Alba Iulia - Revista Urbea Mea - Revista de Alba\" \/>\n<meta name=\"twitter:description\" content=\"M\u0103lina-Anamaria Bogdan \u0219i Ionela-Lidia Beldean sunt reprezentan\u021bii studen\u021bilor din Alba Casa de Cultur\u0103 a Studen\u021bilor Alba Iulia a finalizat selec\u021bia\" \/>\n<meta name=\"twitter:image\" content=\"https:\/\/urbeamea.ro\/albaiulia\/wp-content\/uploads\/2016\/06\/casa-de-cultura.jpg\" \/>\n<meta name=\"twitter:creator\" content=\"@urbeameaweb\" \/>\n<meta name=\"twitter:site\" content=\"@urbeameaweb\" \/>\n<script type=\"application\/ld+json\" class=\"yoast-schema-graph\">{\"@context\":\"https:\\\/\\\/schema.org\",\"@graph\":[{\"@type\":\"Article\",\"@id\":\"https:\\\/\\\/urbeamea.ro\\\/albaiulia\\\/au-fost-desemnati-reprezentantii-studentilor-din-alba-in-consiliul-de-administratie-al-casei-de-cultura-a-studentilor-alba-iulia\\\/#article\",\"isPartOf\":{\"@id\":\"https:\\\/\\\/urbeamea.ro\\\/albaiulia\\\/au-fost-desemnati-reprezentantii-studentilor-din-alba-in-consiliul-de-administratie-al-casei-de-cultura-a-studentilor-alba-iulia\\\/\"},\"author\":{\"name\":\"Redac\u021bia UrbeaMea\",\"@id\":\"https:\\\/\\\/urbeamea.ro\\\/albaiulia\\\/#\\\/schema\\\/person\\\/272ae98052f8ee8980f59848df070247\"},\"headline\":\"Au fost desemna\u021bi reprezentan\u021bii studen\u021bilor din Alba \u00een Consiliul de administra\u021bie al Casei de Cultur\u0103 a Studen\u021bilor Alba Iulia\",\"datePublished\":\"2022-04-29T05:00:00+00:00\",\"mainEntityOfPage\":{\"@id\":\"https:\\\/\\\/urbeamea.ro\\\/albaiulia\\\/au-fost-desemnati-reprezentantii-studentilor-din-alba-in-consiliul-de-administratie-al-casei-de-cultura-a-studentilor-alba-iulia\\\/\"},\"wordCount\":335,\"commentCount\":0,\"image\":{\"@id\":\"https:\\\/\\\/urbeamea.ro\\\/albaiulia\\\/au-fost-desemnati-reprezentantii-studentilor-din-alba-in-consiliul-de-administratie-al-casei-de-cultura-a-studentilor-alba-iulia\\\/#primaryimage\"},\"thumbnailUrl\":\"https:\\\/\\\/urbeamea.ro\\\/albaiulia\\\/wp-content\\\/uploads\\\/2016\\\/06\\\/casa-de-cultura.jpg\",\"keywords\":[\"casa de cultura a studentilor alba iulia\",\"gheorghe berghian\"],\"articleSection\":[\"\u015etiri Urbane\"],\"inLanguage\":\"ro-RO\",\"potentialAction\":[{\"@type\":\"CommentAction\",\"name\":\"Comment\",\"target\":[\"https:\\\/\\\/urbeamea.ro\\\/albaiulia\\\/au-fost-desemnati-reprezentantii-studentilor-din-alba-in-consiliul-de-administratie-al-casei-de-cultura-a-studentilor-alba-iulia\\\/#respond\"]}]},{\"@type\":\"WebPage\",\"@id\":\"https:\\\/\\\/urbeamea.ro\\\/albaiulia\\\/au-fost-desemnati-reprezentantii-studentilor-din-alba-in-consiliul-de-administratie-al-casei-de-cultura-a-studentilor-alba-iulia\\\/\",\"url\":\"https:\\\/\\\/urbeamea.ro\\\/albaiulia\\\/au-fost-desemnati-reprezentantii-studentilor-din-alba-in-consiliul-de-administratie-al-casei-de-cultura-a-studentilor-alba-iulia\\\/\",\"name\":\"Au fost desemna\u021bi reprezentan\u021bii studen\u021bilor din Alba \u00een Consiliul de administra\u021bie al Casei de Cultur\u0103 a Studen\u021bilor Alba Iulia - Revista Urbea Mea - Revista de Alba\",\"isPartOf\":{\"@id\":\"https:\\\/\\\/urbeamea.ro\\\/albaiulia\\\/#website\"},\"primaryImageOfPage\":{\"@id\":\"https:\\\/\\\/urbeamea.ro\\\/albaiulia\\\/au-fost-desemnati-reprezentantii-studentilor-din-alba-in-consiliul-de-administratie-al-casei-de-cultura-a-studentilor-alba-iulia\\\/#primaryimage\"},\"image\":{\"@id\":\"https:\\\/\\\/urbeamea.ro\\\/albaiulia\\\/au-fost-desemnati-reprezentantii-studentilor-din-alba-in-consiliul-de-administratie-al-casei-de-cultura-a-studentilor-alba-iulia\\\/#primaryimage\"},\"thumbnailUrl\":\"https:\\\/\\\/urbeamea.ro\\\/albaiulia\\\/wp-content\\\/uploads\\\/2016\\\/06\\\/casa-de-cultura.jpg\",\"datePublished\":\"2022-04-29T05:00:00+00:00\",\"author\":{\"@id\":\"https:\\\/\\\/urbeamea.ro\\\/albaiulia\\\/#\\\/schema\\\/person\\\/272ae98052f8ee8980f59848df070247\"},\"description\":\"M\u0103lina-Anamaria Bogdan \u0219i Ionela-Lidia Beldean sunt reprezentan\u021bii studen\u021bilor din Alba Casa de Cultur\u0103 a Studen\u021bilor Alba Iulia a finalizat selec\u021bia\",\"breadcrumb\":{\"@id\":\"https:\\\/\\\/urbeamea.ro\\\/albaiulia\\\/au-fost-desemnati-reprezentantii-studentilor-din-alba-in-consiliul-de-administratie-al-casei-de-cultura-a-studentilor-alba-iulia\\\/#breadcrumb\"},\"inLanguage\":\"ro-RO\",\"potentialAction\":[{\"@type\":\"ReadAction\",\"target\":[\"https:\\\/\\\/urbeamea.ro\\\/albaiulia\\\/au-fost-desemnati-reprezentantii-studentilor-din-alba-in-consiliul-de-administratie-al-casei-de-cultura-a-studentilor-alba-iulia\\\/\"]}]},{\"@type\":\"ImageObject\",\"inLanguage\":\"ro-RO\",\"@id\":\"https:\\\/\\\/urbeamea.ro\\\/albaiulia\\\/au-fost-desemnati-reprezentantii-studentilor-din-alba-in-consiliul-de-administratie-al-casei-de-cultura-a-studentilor-alba-iulia\\\/#primaryimage\",\"url\":\"https:\\\/\\\/urbeamea.ro\\\/albaiulia\\\/wp-content\\\/uploads\\\/2016\\\/06\\\/casa-de-cultura.jpg\",\"contentUrl\":\"https:\\\/\\\/urbeamea.ro\\\/albaiulia\\\/wp-content\\\/uploads\\\/2016\\\/06\\\/casa-de-cultura.jpg\",\"width\":700,\"height\":525},{\"@type\":\"BreadcrumbList\",\"@id\":\"https:\\\/\\\/urbeamea.ro\\\/albaiulia\\\/au-fost-desemnati-reprezentantii-studentilor-din-alba-in-consiliul-de-administratie-al-casei-de-cultura-a-studentilor-alba-iulia\\\/#breadcrumb\",\"itemListElement\":[{\"@type\":\"ListItem\",\"position\":1,\"name\":\"Prima pagin\u0103\",\"item\":\"https:\\\/\\\/urbeamea.ro\\\/albaiulia\\\/\"},{\"@type\":\"ListItem\",\"position\":2,\"name\":\"Au fost desemna\u021bi reprezentan\u021bii studen\u021bilor din Alba \u00een Consiliul de administra\u021bie al Casei de Cultur\u0103 a Studen\u021bilor Alba Iulia\"}]},{\"@type\":\"WebSite\",\"@id\":\"https:\\\/\\\/urbeamea.ro\\\/albaiulia\\\/#website\",\"url\":\"https:\\\/\\\/urbeamea.ro\\\/albaiulia\\\/\",\"name\":\"Revista Urbea Mea, Stiri urbane\",\"description\":\"Evenimente \u0219i \u0219tiri din Alba Iulia, Sebe\u0219, Aiud, Blaj\",\"potentialAction\":[{\"@type\":\"SearchAction\",\"target\":{\"@type\":\"EntryPoint\",\"urlTemplate\":\"https:\\\/\\\/urbeamea.ro\\\/albaiulia\\\/?s={search_term_string}\"},\"query-input\":{\"@type\":\"PropertyValueSpecification\",\"valueRequired\":true,\"valueName\":\"search_term_string\"}}],\"inLanguage\":\"ro-RO\"},{\"@type\":\"Person\",\"@id\":\"https:\\\/\\\/urbeamea.ro\\\/albaiulia\\\/#\\\/schema\\\/person\\\/272ae98052f8ee8980f59848df070247\",\"name\":\"Redac\u021bia UrbeaMea\",\"image\":{\"@type\":\"ImageObject\",\"inLanguage\":\"ro-RO\",\"@id\":\"https:\\\/\\\/secure.gravatar.com\\\/avatar\\\/9ce5a9435071fa1037e8468053ead8e513dbbff59009d3069aadb85506d85a27?s=96&d=mm&r=g\",\"url\":\"https:\\\/\\\/secure.gravatar.com\\\/avatar\\\/9ce5a9435071fa1037e8468053ead8e513dbbff59009d3069aadb85506d85a27?s=96&d=mm&r=g\",\"contentUrl\":\"https:\\\/\\\/secure.gravatar.com\\\/avatar\\\/9ce5a9435071fa1037e8468053ead8e513dbbff59009d3069aadb85506d85a27?s=96&d=mm&r=g\",\"caption\":\"Redac\u021bia UrbeaMea\"},\"description\":\"contact@urbeamea.ro\",\"sameAs\":[\"https:\\\/\\\/www.urbeamea.ro\"],\"url\":\"https:\\\/\\\/urbeamea.ro\\\/albaiulia\\\/author\\\/redactia-urbeamea\\\/\"}]}<\/script>\n<!-- \/ Yoast SEO plugin. -->","yoast_head_json":{"title":"Au fost desemna\u021bi reprezentan\u021bii studen\u021bilor din Alba \u00een Consiliul de administra\u021bie al Casei de Cultur\u0103 a Studen\u021bilor Alba Iulia - Revista Urbea Mea - Revista de Alba","description":"M\u0103lina-Anamaria Bogdan \u0219i Ionela-Lidia Beldean sunt reprezentan\u021bii studen\u021bilor din Alba Casa de Cultur\u0103 a Studen\u021bilor Alba Iulia a finalizat selec\u021bia","robots":{"index":"index","follow":"follow","max-snippet":"max-snippet:-1","max-image-preview":"max-image-preview:large","max-video-preview":"max-video-preview:-1"},"canonical":"https:\/\/urbeamea.ro\/albaiulia\/au-fost-desemnati-reprezentantii-studentilor-din-alba-in-consiliul-de-administratie-al-casei-de-cultura-a-studentilor-alba-iulia\/","twitter_card":"summary_large_image","twitter_title":"Au fost desemna\u021bi reprezentan\u021bii studen\u021bilor din Alba \u00een Consiliul de administra\u021bie al Casei de Cultur\u0103 a Studen\u021bilor Alba Iulia - Revista Urbea Mea - Revista de Alba","twitter_description":"M\u0103lina-Anamaria Bogdan \u0219i Ionela-Lidia Beldean sunt reprezentan\u021bii studen\u021bilor din Alba Casa de Cultur\u0103 a Studen\u021bilor Alba Iulia a finalizat selec\u021bia","twitter_image":"https:\/\/urbeamea.ro\/albaiulia\/wp-content\/uploads\/2016\/06\/casa-de-cultura.jpg","twitter_creator":"@urbeameaweb","twitter_site":"@urbeameaweb","schema":{"@context":"https:\/\/schema.org","@graph":[{"@type":"Article","@id":"https:\/\/urbeamea.ro\/albaiulia\/au-fost-desemnati-reprezentantii-studentilor-din-alba-in-consiliul-de-administratie-al-casei-de-cultura-a-studentilor-alba-iulia\/#article","isPartOf":{"@id":"https:\/\/urbeamea.ro\/albaiulia\/au-fost-desemnati-reprezentantii-studentilor-din-alba-in-consiliul-de-administratie-al-casei-de-cultura-a-studentilor-alba-iulia\/"},"author":{"name":"Redac\u021bia UrbeaMea","@id":"https:\/\/urbeamea.ro\/albaiulia\/#\/schema\/person\/272ae98052f8ee8980f59848df070247"},"headline":"Au fost desemna\u021bi reprezentan\u021bii studen\u021bilor din Alba \u00een Consiliul de administra\u021bie al Casei de Cultur\u0103 a Studen\u021bilor Alba Iulia","datePublished":"2022-04-29T05:00:00+00:00","mainEntityOfPage":{"@id":"https:\/\/urbeamea.ro\/albaiulia\/au-fost-desemnati-reprezentantii-studentilor-din-alba-in-consiliul-de-administratie-al-casei-de-cultura-a-studentilor-alba-iulia\/"},"wordCount":335,"commentCount":0,"image":{"@id":"https:\/\/urbeamea.ro\/albaiulia\/au-fost-desemnati-reprezentantii-studentilor-din-alba-in-consiliul-de-administratie-al-casei-de-cultura-a-studentilor-alba-iulia\/#primaryimage"},"thumbnailUrl":"https:\/\/urbeamea.ro\/albaiulia\/wp-content\/uploads\/2016\/06\/casa-de-cultura.jpg","keywords":["casa de cultura a studentilor alba iulia","gheorghe berghian"],"articleSection":["\u015etiri Urbane"],"inLanguage":"ro-RO","potentialAction":[{"@type":"CommentAction","name":"Comment","target":["https:\/\/urbeamea.ro\/albaiulia\/au-fost-desemnati-reprezentantii-studentilor-din-alba-in-consiliul-de-administratie-al-casei-de-cultura-a-studentilor-alba-iulia\/#respond"]}]},{"@type":"WebPage","@id":"https:\/\/urbeamea.ro\/albaiulia\/au-fost-desemnati-reprezentantii-studentilor-din-alba-in-consiliul-de-administratie-al-casei-de-cultura-a-studentilor-alba-iulia\/","url":"https:\/\/urbeamea.ro\/albaiulia\/au-fost-desemnati-reprezentantii-studentilor-din-alba-in-consiliul-de-administratie-al-casei-de-cultura-a-studentilor-alba-iulia\/","name":"Au fost desemna\u021bi reprezentan\u021bii studen\u021bilor din Alba \u00een Consiliul de administra\u021bie al Casei de Cultur\u0103 a Studen\u021bilor Alba Iulia - Revista Urbea Mea - Revista de Alba","isPartOf":{"@id":"https:\/\/urbeamea.ro\/albaiulia\/#website"},"primaryImageOfPage":{"@id":"https:\/\/urbeamea.ro\/albaiulia\/au-fost-desemnati-reprezentantii-studentilor-din-alba-in-consiliul-de-administratie-al-casei-de-cultura-a-studentilor-alba-iulia\/#primaryimage"},"image":{"@id":"https:\/\/urbeamea.ro\/albaiulia\/au-fost-desemnati-reprezentantii-studentilor-din-alba-in-consiliul-de-administratie-al-casei-de-cultura-a-studentilor-alba-iulia\/#primaryimage"},"thumbnailUrl":"https:\/\/urbeamea.ro\/albaiulia\/wp-content\/uploads\/2016\/06\/casa-de-cultura.jpg","datePublished":"2022-04-29T05:00:00+00:00","author":{"@id":"https:\/\/urbeamea.ro\/albaiulia\/#\/schema\/person\/272ae98052f8ee8980f59848df070247"},"description":"M\u0103lina-Anamaria Bogdan \u0219i Ionela-Lidia Beldean sunt reprezentan\u021bii studen\u021bilor din Alba Casa de Cultur\u0103 a Studen\u021bilor Alba Iulia a finalizat selec\u021bia","breadcrumb":{"@id":"https:\/\/urbeamea.ro\/albaiulia\/au-fost-desemnati-reprezentantii-studentilor-din-alba-in-consiliul-de-administratie-al-casei-de-cultura-a-studentilor-alba-iulia\/#breadcrumb"},"inLanguage":"ro-RO","potentialAction":[{"@type":"ReadAction","target":["https:\/\/urbeamea.ro\/albaiulia\/au-fost-desemnati-reprezentantii-studentilor-din-alba-in-consiliul-de-administratie-al-casei-de-cultura-a-studentilor-alba-iulia\/"]}]},{"@type":"ImageObject","inLanguage":"ro-RO","@id":"https:\/\/urbeamea.ro\/albaiulia\/au-fost-desemnati-reprezentantii-studentilor-din-alba-in-consiliul-de-administratie-al-casei-de-cultura-a-studentilor-alba-iulia\/#primaryimage","url":"https:\/\/urbeamea.ro\/albaiulia\/wp-content\/uploads\/2016\/06\/casa-de-cultura.jpg","contentUrl":"https:\/\/urbeamea.ro\/albaiulia\/wp-content\/uploads\/2016\/06\/casa-de-cultura.jpg","width":700,"height":525},{"@type":"BreadcrumbList","@id":"https:\/\/urbeamea.ro\/albaiulia\/au-fost-desemnati-reprezentantii-studentilor-din-alba-in-consiliul-de-administratie-al-casei-de-cultura-a-studentilor-alba-iulia\/#breadcrumb","itemListElement":[{"@type":"ListItem","position":1,"name":"Prima pagin\u0103","item":"https:\/\/urbeamea.ro\/albaiulia\/"},{"@type":"ListItem","position":2,"name":"Au fost desemna\u021bi reprezentan\u021bii studen\u021bilor din Alba \u00een Consiliul de administra\u021bie al Casei de Cultur\u0103 a Studen\u021bilor Alba Iulia"}]},{"@type":"WebSite","@id":"https:\/\/urbeamea.ro\/albaiulia\/#website","url":"https:\/\/urbeamea.ro\/albaiulia\/","name":"Revista Urbea Mea, Stiri urbane","description":"Evenimente \u0219i \u0219tiri din Alba Iulia, Sebe\u0219, Aiud, Blaj","potentialAction":[{"@type":"SearchAction","target":{"@type":"EntryPoint","urlTemplate":"https:\/\/urbeamea.ro\/albaiulia\/?s={search_term_string}"},"query-input":{"@type":"PropertyValueSpecification","valueRequired":true,"valueName":"search_term_string"}}],"inLanguage":"ro-RO"},{"@type":"Person","@id":"https:\/\/urbeamea.ro\/albaiulia\/#\/schema\/person\/272ae98052f8ee8980f59848df070247","name":"Redac\u021bia UrbeaMea","image":{"@type":"ImageObject","inLanguage":"ro-RO","@id":"https:\/\/secure.gravatar.com\/avatar\/9ce5a9435071fa1037e8468053ead8e513dbbff59009d3069aadb85506d85a27?s=96&d=mm&r=g","url":"https:\/\/secure.gravatar.com\/avatar\/9ce5a9435071fa1037e8468053ead8e513dbbff59009d3069aadb85506d85a27?s=96&d=mm&r=g","contentUrl":"https:\/\/secure.gravatar.com\/avatar\/9ce5a9435071fa1037e8468053ead8e513dbbff59009d3069aadb85506d85a27?s=96&d=mm&r=g","caption":"Redac\u021bia UrbeaMea"},"description":"contact@urbeamea.ro","sameAs":["https:\/\/www.urbeamea.ro"],"url":"https:\/\/urbeamea.ro\/albaiulia\/author\/redactia-urbeamea\/"}]}},"_links":{"self":[{"href":"https:\/\/urbeamea.ro\/albaiulia\/wp-json\/wp\/v2\/posts\/101506","targetHints":{"allow":["GET"]}}],"collection":[{"href":"https:\/\/urbeamea.ro\/albaiulia\/wp-json\/wp\/v2\/posts"}],"about":[{"href":"https:\/\/urbeamea.ro\/albaiulia\/wp-json\/wp\/v2\/types\/post"}],"author":[{"embeddable":true,"href":"https:\/\/urbeamea.ro\/albaiulia\/wp-json\/wp\/v2\/users\/16"}],"replies":[{"embeddable":true,"href":"https:\/\/urbeamea.ro\/albaiulia\/wp-json\/wp\/v2\/comments?post=101506"}],"version-history":[{"count":1,"href":"https:\/\/urbeamea.ro\/albaiulia\/wp-json\/wp\/v2\/posts\/101506\/revisions"}],"predecessor-version":[{"id":101509,"href":"https:\/\/urbeamea.ro\/albaiulia\/wp-json\/wp\/v2\/posts\/101506\/revisions\/101509"}],"wp:featuredmedia":[{"embeddable":true,"href":"https:\/\/urbeamea.ro\/albaiulia\/wp-json\/wp\/v2\/media\/25910"}],"wp:attachment":[{"href":"https:\/\/urbeamea.ro\/albaiulia\/wp-json\/wp\/v2\/media?parent=101506"}],"wp:term":[{"taxonomy":"category","embeddable":true,"href":"https:\/\/urbeamea.ro\/albaiulia\/wp-json\/wp\/v2\/categories?post=101506"},{"taxonomy":"post_tag","embeddable":true,"href":"https:\/\/urbeamea.ro\/albaiulia\/wp-json\/wp\/v2\/tags?post=101506"}],"curies":[{"name":"wp","href":"https:\/\/api.w.org\/{rel}","templated":true}]}}