{"id":101553,"date":"2022-05-02T08:00:00","date_gmt":"2022-05-02T05:00:00","guid":{"rendered":"https:\/\/urbeamea.ro\/albaiulia\/?p=101553"},"modified":"2022-05-01T12:32:01","modified_gmt":"2022-05-01T09:32:01","slug":"regal-poetic-in-limbi-straine-la-biblioteca-judeteana-lucian-blaga-alba","status":"publish","type":"post","link":"https:\/\/urbeamea.ro\/albaiulia\/regal-poetic-in-limbi-straine-la-biblioteca-judeteana-lucian-blaga-alba\/","title":{"rendered":"Regal poetic \u00een limbi str\u0103ine la Biblioteca Jude\u021bean\u0103 \u201eLucian Blaga\u201d Alba"},"content":{"rendered":"\n<h3 class=\"wp-block-heading\">\u00cen prima s\u0103pt\u0103m\u00e2n\u0103 a lunii mai, Consiliul Jude\u021bean Alba \u0219i Biblioteca Jude\u021bean\u0103 \u201eLucian Blaga\u201d Alba v\u0103 propun un regal poetic \u00een limbi str\u0103ine, \u00eenchinat patronului spiritual al institu\u021biei de cultur\u0103<\/h3>\n\n\n\n<p class=\"wp-block-paragraph\">Joi, 5 mai 2022, la ora 17.00, pe pagina de Facebook a bibliotecii, ve\u021bi putea urm\u0103ri un moment cultural sus\u021binut \u00een sistem hibrid, at\u00e2t fizic, c\u00e2t \u0219i online, de c\u0103tre studen\u021bi str\u0103ini originari din peste 10 \u021b\u0103ri, participan\u021bi \u00een cadrul programului \u201eAnul Preg\u0103titor de Limba Rom\u00e2n\u0103 pentru Cet\u0103\u021beni Str\u0103ini\u201d de la Academia de Studii Economice din Bucure\u0219ti.<\/p>\n\n\n\n<p class=\"wp-block-paragraph\">Evenimentul va fi moderat de lector univ. dr. Silviu Mih\u0103il\u0103, de la Academia de Studii Economice Bucure\u0219ti, coordonatorul studen\u021bilor implica\u021bi \u00een activitate, \u0219i de prof. Daniela Floroian.<\/p>\n\n\n\n<p class=\"wp-block-paragraph\">Invita\u021bi speciali \u00een cadrul evenimentului sunt prof. Mihai Octavian Groza, de la Liceul German Sebe\u0219, \u0219i Ziani Khaled, poet \u0219i farmacist rezident din Algeria.<\/p>\n\n\n\n<p class=\"wp-block-paragraph\">Vor recita din Lucian Blaga, \u00een limbile: rom\u00e2n\u0103, englez\u0103, francez\u0103, spaniol\u0103, german\u0103, greac\u0103, ucrainean\u0103, arab\u0103 \u0219i bulgar\u0103, studen\u021bi din Ucraina, Albania, Grecia, Kuweit, Liban, Iran, Mexic, Tanzania, Iordania, Bulgaria.<\/p>\n\n\n\n<p class=\"wp-block-paragraph\">\u00cen plus, \u00een fiecare zi, de luni p\u00e2n\u0103 duminic\u0103, la ora 13.00, pe pagina de Facebook a Bibliotecii Jude\u021bene \u201eLucian Blaga\u201d Alba vor fi disponibile \u0219i \u00eenregistr\u0103rile unor momentele lirice din opera poetului Lucian Blaga, fiecare student recit\u00e2nd \u00een limba matern\u0103 \u0219i \u00een limba rom\u00e2n\u0103.<\/p>\n\n\n\n<p class=\"wp-block-paragraph\">Activit\u0103\u021bile organizate \u00een parteneriat cu Academia de Studii Economice Bucure\u0219ti \u0219i Liceul German Sebe\u0219 fac parte din programul 4 IDENTITATE \u0218I VALORI CULTURALE, proiect 4.1 Lucian Blaga.<\/p>\n","protected":false},"excerpt":{"rendered":"<p>\u00cen prima s\u0103pt\u0103m\u00e2n\u0103 a lunii mai, Consiliul Jude\u021bean Alba \u0219i Biblioteca Jude\u021bean\u0103 \u201eLucian Blaga\u201d Alba v\u0103 propun un regal poetic \u00een limbi str\u0103ine, \u00eenchinat patronului spiritual al institu\u021biei de cultur\u0103 Joi, 5 mai 2022, la ora 17.00, pe pagina de Facebook a bibliotecii, ve\u021bi putea urm\u0103ri un moment cultural sus\u021binut \u00een sistem hibrid, at\u00e2t fizic, &hellip;<\/p>\n","protected":false},"author":16,"featured_media":101554,"comment_status":"open","ping_status":"open","sticky":false,"template":"","format":"standard","meta":{"inline_featured_image":false,"footnotes":""},"categories":[4],"tags":[24204,2113,784],"class_list":["post-101553","post","type-post","status-publish","format-standard","has-post-thumbnail","hentry","category-eveniment","tag-academia-de-studii-economice-bucuresti","tag-biblioteca-judeteana-lucian-blaga-alba","tag-consiliul-judetean-alba"],"yoast_head":"<!-- This site is optimized with the Yoast SEO plugin v28.3 - https:\/\/yoast.com\/product\/yoast-seo-wordpress\/ -->\n<title>Regal poetic \u00een limbi str\u0103ine la Biblioteca Jude\u021bean\u0103 \u201eLucian Blaga\u201d Alba - Revista Urbea Mea - Revista de Alba<\/title>\n<meta name=\"description\" content=\"\u00cen prima s\u0103pt\u0103m\u00e2n\u0103 a lunii mai, Consiliul Jude\u021bean Alba \u0219i Biblioteca Jude\u021bean\u0103 \u201eLucian Blaga\u201d Alba v\u0103 propun un regal poetic \u00een limbi str\u0103ine, \u00eenchinat\" \/>\n<meta name=\"robots\" content=\"index, follow, max-snippet:-1, max-image-preview:large, max-video-preview:-1\" \/>\n<link rel=\"canonical\" href=\"https:\/\/urbeamea.ro\/albaiulia\/regal-poetic-in-limbi-straine-la-biblioteca-judeteana-lucian-blaga-alba\/\" \/>\n<meta name=\"twitter:card\" content=\"summary_large_image\" \/>\n<meta name=\"twitter:title\" content=\"Regal poetic \u00een limbi str\u0103ine la Biblioteca Jude\u021bean\u0103 \u201eLucian Blaga\u201d Alba - Revista Urbea Mea - Revista de Alba\" \/>\n<meta name=\"twitter:description\" content=\"\u00cen prima s\u0103pt\u0103m\u00e2n\u0103 a lunii mai, Consiliul Jude\u021bean Alba \u0219i Biblioteca Jude\u021bean\u0103 \u201eLucian Blaga\u201d Alba v\u0103 propun un regal poetic \u00een limbi str\u0103ine, \u00eenchinat\" \/>\n<meta name=\"twitter:image\" content=\"https:\/\/urbeamea.ro\/albaiulia\/wp-content\/uploads\/2022\/05\/Afis-4.1-Lucian-Blaga-2-8-mai-2022.jpg\" \/>\n<meta name=\"twitter:creator\" content=\"@urbeameaweb\" \/>\n<meta name=\"twitter:site\" content=\"@urbeameaweb\" \/>\n<script type=\"application\/ld+json\" class=\"yoast-schema-graph\">{\"@context\":\"https:\\\/\\\/schema.org\",\"@graph\":[{\"@type\":\"Article\",\"@id\":\"https:\\\/\\\/urbeamea.ro\\\/albaiulia\\\/regal-poetic-in-limbi-straine-la-biblioteca-judeteana-lucian-blaga-alba\\\/#article\",\"isPartOf\":{\"@id\":\"https:\\\/\\\/urbeamea.ro\\\/albaiulia\\\/regal-poetic-in-limbi-straine-la-biblioteca-judeteana-lucian-blaga-alba\\\/\"},\"author\":{\"name\":\"Redac\u021bia UrbeaMea\",\"@id\":\"https:\\\/\\\/urbeamea.ro\\\/albaiulia\\\/#\\\/schema\\\/person\\\/272ae98052f8ee8980f59848df070247\"},\"headline\":\"Regal poetic \u00een limbi str\u0103ine la Biblioteca Jude\u021bean\u0103 \u201eLucian Blaga\u201d Alba\",\"datePublished\":\"2022-05-02T05:00:00+00:00\",\"mainEntityOfPage\":{\"@id\":\"https:\\\/\\\/urbeamea.ro\\\/albaiulia\\\/regal-poetic-in-limbi-straine-la-biblioteca-judeteana-lucian-blaga-alba\\\/\"},\"wordCount\":280,\"commentCount\":0,\"image\":{\"@id\":\"https:\\\/\\\/urbeamea.ro\\\/albaiulia\\\/regal-poetic-in-limbi-straine-la-biblioteca-judeteana-lucian-blaga-alba\\\/#primaryimage\"},\"thumbnailUrl\":\"https:\\\/\\\/urbeamea.ro\\\/albaiulia\\\/wp-content\\\/uploads\\\/2022\\\/05\\\/Afis-4.1-Lucian-Blaga-2-8-mai-2022.jpg\",\"keywords\":[\"academia de studii economice bucuresti\",\"Biblioteca Jude\u0163ean\u0103 \u201cLucian Blaga\u201d Alba\",\"Consiliul Judetean Alba\"],\"articleSection\":[\"Evenimente\"],\"inLanguage\":\"ro-RO\",\"potentialAction\":[{\"@type\":\"CommentAction\",\"name\":\"Comment\",\"target\":[\"https:\\\/\\\/urbeamea.ro\\\/albaiulia\\\/regal-poetic-in-limbi-straine-la-biblioteca-judeteana-lucian-blaga-alba\\\/#respond\"]}]},{\"@type\":\"WebPage\",\"@id\":\"https:\\\/\\\/urbeamea.ro\\\/albaiulia\\\/regal-poetic-in-limbi-straine-la-biblioteca-judeteana-lucian-blaga-alba\\\/\",\"url\":\"https:\\\/\\\/urbeamea.ro\\\/albaiulia\\\/regal-poetic-in-limbi-straine-la-biblioteca-judeteana-lucian-blaga-alba\\\/\",\"name\":\"Regal poetic \u00een limbi str\u0103ine la Biblioteca Jude\u021bean\u0103 \u201eLucian Blaga\u201d Alba - Revista Urbea Mea - Revista de Alba\",\"isPartOf\":{\"@id\":\"https:\\\/\\\/urbeamea.ro\\\/albaiulia\\\/#website\"},\"primaryImageOfPage\":{\"@id\":\"https:\\\/\\\/urbeamea.ro\\\/albaiulia\\\/regal-poetic-in-limbi-straine-la-biblioteca-judeteana-lucian-blaga-alba\\\/#primaryimage\"},\"image\":{\"@id\":\"https:\\\/\\\/urbeamea.ro\\\/albaiulia\\\/regal-poetic-in-limbi-straine-la-biblioteca-judeteana-lucian-blaga-alba\\\/#primaryimage\"},\"thumbnailUrl\":\"https:\\\/\\\/urbeamea.ro\\\/albaiulia\\\/wp-content\\\/uploads\\\/2022\\\/05\\\/Afis-4.1-Lucian-Blaga-2-8-mai-2022.jpg\",\"datePublished\":\"2022-05-02T05:00:00+00:00\",\"author\":{\"@id\":\"https:\\\/\\\/urbeamea.ro\\\/albaiulia\\\/#\\\/schema\\\/person\\\/272ae98052f8ee8980f59848df070247\"},\"description\":\"\u00cen prima s\u0103pt\u0103m\u00e2n\u0103 a lunii mai, Consiliul Jude\u021bean Alba \u0219i Biblioteca Jude\u021bean\u0103 \u201eLucian Blaga\u201d Alba v\u0103 propun un regal poetic \u00een limbi str\u0103ine, \u00eenchinat\",\"breadcrumb\":{\"@id\":\"https:\\\/\\\/urbeamea.ro\\\/albaiulia\\\/regal-poetic-in-limbi-straine-la-biblioteca-judeteana-lucian-blaga-alba\\\/#breadcrumb\"},\"inLanguage\":\"ro-RO\",\"potentialAction\":[{\"@type\":\"ReadAction\",\"target\":[\"https:\\\/\\\/urbeamea.ro\\\/albaiulia\\\/regal-poetic-in-limbi-straine-la-biblioteca-judeteana-lucian-blaga-alba\\\/\"]}]},{\"@type\":\"ImageObject\",\"inLanguage\":\"ro-RO\",\"@id\":\"https:\\\/\\\/urbeamea.ro\\\/albaiulia\\\/regal-poetic-in-limbi-straine-la-biblioteca-judeteana-lucian-blaga-alba\\\/#primaryimage\",\"url\":\"https:\\\/\\\/urbeamea.ro\\\/albaiulia\\\/wp-content\\\/uploads\\\/2022\\\/05\\\/Afis-4.1-Lucian-Blaga-2-8-mai-2022.jpg\",\"contentUrl\":\"https:\\\/\\\/urbeamea.ro\\\/albaiulia\\\/wp-content\\\/uploads\\\/2022\\\/05\\\/Afis-4.1-Lucian-Blaga-2-8-mai-2022.jpg\",\"width\":1600,\"height\":1131},{\"@type\":\"BreadcrumbList\",\"@id\":\"https:\\\/\\\/urbeamea.ro\\\/albaiulia\\\/regal-poetic-in-limbi-straine-la-biblioteca-judeteana-lucian-blaga-alba\\\/#breadcrumb\",\"itemListElement\":[{\"@type\":\"ListItem\",\"position\":1,\"name\":\"Prima pagin\u0103\",\"item\":\"https:\\\/\\\/urbeamea.ro\\\/albaiulia\\\/\"},{\"@type\":\"ListItem\",\"position\":2,\"name\":\"Regal poetic \u00een limbi str\u0103ine la Biblioteca Jude\u021bean\u0103 \u201eLucian Blaga\u201d Alba\"}]},{\"@type\":\"WebSite\",\"@id\":\"https:\\\/\\\/urbeamea.ro\\\/albaiulia\\\/#website\",\"url\":\"https:\\\/\\\/urbeamea.ro\\\/albaiulia\\\/\",\"name\":\"Revista Urbea Mea, Stiri urbane\",\"description\":\"Evenimente \u0219i \u0219tiri din Alba Iulia, Sebe\u0219, Aiud, Blaj\",\"potentialAction\":[{\"@type\":\"SearchAction\",\"target\":{\"@type\":\"EntryPoint\",\"urlTemplate\":\"https:\\\/\\\/urbeamea.ro\\\/albaiulia\\\/?s={search_term_string}\"},\"query-input\":{\"@type\":\"PropertyValueSpecification\",\"valueRequired\":true,\"valueName\":\"search_term_string\"}}],\"inLanguage\":\"ro-RO\"},{\"@type\":\"Person\",\"@id\":\"https:\\\/\\\/urbeamea.ro\\\/albaiulia\\\/#\\\/schema\\\/person\\\/272ae98052f8ee8980f59848df070247\",\"name\":\"Redac\u021bia UrbeaMea\",\"image\":{\"@type\":\"ImageObject\",\"inLanguage\":\"ro-RO\",\"@id\":\"https:\\\/\\\/secure.gravatar.com\\\/avatar\\\/9ce5a9435071fa1037e8468053ead8e513dbbff59009d3069aadb85506d85a27?s=96&d=mm&r=g\",\"url\":\"https:\\\/\\\/secure.gravatar.com\\\/avatar\\\/9ce5a9435071fa1037e8468053ead8e513dbbff59009d3069aadb85506d85a27?s=96&d=mm&r=g\",\"contentUrl\":\"https:\\\/\\\/secure.gravatar.com\\\/avatar\\\/9ce5a9435071fa1037e8468053ead8e513dbbff59009d3069aadb85506d85a27?s=96&d=mm&r=g\",\"caption\":\"Redac\u021bia UrbeaMea\"},\"description\":\"contact@urbeamea.ro\",\"sameAs\":[\"https:\\\/\\\/www.urbeamea.ro\"],\"url\":\"https:\\\/\\\/urbeamea.ro\\\/albaiulia\\\/author\\\/redactia-urbeamea\\\/\"}]}<\/script>\n<!-- \/ Yoast SEO plugin. -->","yoast_head_json":{"title":"Regal poetic \u00een limbi str\u0103ine la Biblioteca Jude\u021bean\u0103 \u201eLucian Blaga\u201d Alba - Revista Urbea Mea - Revista de Alba","description":"\u00cen prima s\u0103pt\u0103m\u00e2n\u0103 a lunii mai, Consiliul Jude\u021bean Alba \u0219i Biblioteca Jude\u021bean\u0103 \u201eLucian Blaga\u201d Alba v\u0103 propun un regal poetic \u00een limbi str\u0103ine, \u00eenchinat","robots":{"index":"index","follow":"follow","max-snippet":"max-snippet:-1","max-image-preview":"max-image-preview:large","max-video-preview":"max-video-preview:-1"},"canonical":"https:\/\/urbeamea.ro\/albaiulia\/regal-poetic-in-limbi-straine-la-biblioteca-judeteana-lucian-blaga-alba\/","twitter_card":"summary_large_image","twitter_title":"Regal poetic \u00een limbi str\u0103ine la Biblioteca Jude\u021bean\u0103 \u201eLucian Blaga\u201d Alba - Revista Urbea Mea - Revista de Alba","twitter_description":"\u00cen prima s\u0103pt\u0103m\u00e2n\u0103 a lunii mai, Consiliul Jude\u021bean Alba \u0219i Biblioteca Jude\u021bean\u0103 \u201eLucian Blaga\u201d Alba v\u0103 propun un regal poetic \u00een limbi str\u0103ine, \u00eenchinat","twitter_image":"https:\/\/urbeamea.ro\/albaiulia\/wp-content\/uploads\/2022\/05\/Afis-4.1-Lucian-Blaga-2-8-mai-2022.jpg","twitter_creator":"@urbeameaweb","twitter_site":"@urbeameaweb","schema":{"@context":"https:\/\/schema.org","@graph":[{"@type":"Article","@id":"https:\/\/urbeamea.ro\/albaiulia\/regal-poetic-in-limbi-straine-la-biblioteca-judeteana-lucian-blaga-alba\/#article","isPartOf":{"@id":"https:\/\/urbeamea.ro\/albaiulia\/regal-poetic-in-limbi-straine-la-biblioteca-judeteana-lucian-blaga-alba\/"},"author":{"name":"Redac\u021bia UrbeaMea","@id":"https:\/\/urbeamea.ro\/albaiulia\/#\/schema\/person\/272ae98052f8ee8980f59848df070247"},"headline":"Regal poetic \u00een limbi str\u0103ine la Biblioteca Jude\u021bean\u0103 \u201eLucian Blaga\u201d Alba","datePublished":"2022-05-02T05:00:00+00:00","mainEntityOfPage":{"@id":"https:\/\/urbeamea.ro\/albaiulia\/regal-poetic-in-limbi-straine-la-biblioteca-judeteana-lucian-blaga-alba\/"},"wordCount":280,"commentCount":0,"image":{"@id":"https:\/\/urbeamea.ro\/albaiulia\/regal-poetic-in-limbi-straine-la-biblioteca-judeteana-lucian-blaga-alba\/#primaryimage"},"thumbnailUrl":"https:\/\/urbeamea.ro\/albaiulia\/wp-content\/uploads\/2022\/05\/Afis-4.1-Lucian-Blaga-2-8-mai-2022.jpg","keywords":["academia de studii economice bucuresti","Biblioteca Jude\u0163ean\u0103 \u201cLucian Blaga\u201d Alba","Consiliul Judetean Alba"],"articleSection":["Evenimente"],"inLanguage":"ro-RO","potentialAction":[{"@type":"CommentAction","name":"Comment","target":["https:\/\/urbeamea.ro\/albaiulia\/regal-poetic-in-limbi-straine-la-biblioteca-judeteana-lucian-blaga-alba\/#respond"]}]},{"@type":"WebPage","@id":"https:\/\/urbeamea.ro\/albaiulia\/regal-poetic-in-limbi-straine-la-biblioteca-judeteana-lucian-blaga-alba\/","url":"https:\/\/urbeamea.ro\/albaiulia\/regal-poetic-in-limbi-straine-la-biblioteca-judeteana-lucian-blaga-alba\/","name":"Regal poetic \u00een limbi str\u0103ine la Biblioteca Jude\u021bean\u0103 \u201eLucian Blaga\u201d Alba - Revista Urbea Mea - Revista de Alba","isPartOf":{"@id":"https:\/\/urbeamea.ro\/albaiulia\/#website"},"primaryImageOfPage":{"@id":"https:\/\/urbeamea.ro\/albaiulia\/regal-poetic-in-limbi-straine-la-biblioteca-judeteana-lucian-blaga-alba\/#primaryimage"},"image":{"@id":"https:\/\/urbeamea.ro\/albaiulia\/regal-poetic-in-limbi-straine-la-biblioteca-judeteana-lucian-blaga-alba\/#primaryimage"},"thumbnailUrl":"https:\/\/urbeamea.ro\/albaiulia\/wp-content\/uploads\/2022\/05\/Afis-4.1-Lucian-Blaga-2-8-mai-2022.jpg","datePublished":"2022-05-02T05:00:00+00:00","author":{"@id":"https:\/\/urbeamea.ro\/albaiulia\/#\/schema\/person\/272ae98052f8ee8980f59848df070247"},"description":"\u00cen prima s\u0103pt\u0103m\u00e2n\u0103 a lunii mai, Consiliul Jude\u021bean Alba \u0219i Biblioteca Jude\u021bean\u0103 \u201eLucian Blaga\u201d Alba v\u0103 propun un regal poetic \u00een limbi str\u0103ine, \u00eenchinat","breadcrumb":{"@id":"https:\/\/urbeamea.ro\/albaiulia\/regal-poetic-in-limbi-straine-la-biblioteca-judeteana-lucian-blaga-alba\/#breadcrumb"},"inLanguage":"ro-RO","potentialAction":[{"@type":"ReadAction","target":["https:\/\/urbeamea.ro\/albaiulia\/regal-poetic-in-limbi-straine-la-biblioteca-judeteana-lucian-blaga-alba\/"]}]},{"@type":"ImageObject","inLanguage":"ro-RO","@id":"https:\/\/urbeamea.ro\/albaiulia\/regal-poetic-in-limbi-straine-la-biblioteca-judeteana-lucian-blaga-alba\/#primaryimage","url":"https:\/\/urbeamea.ro\/albaiulia\/wp-content\/uploads\/2022\/05\/Afis-4.1-Lucian-Blaga-2-8-mai-2022.jpg","contentUrl":"https:\/\/urbeamea.ro\/albaiulia\/wp-content\/uploads\/2022\/05\/Afis-4.1-Lucian-Blaga-2-8-mai-2022.jpg","width":1600,"height":1131},{"@type":"BreadcrumbList","@id":"https:\/\/urbeamea.ro\/albaiulia\/regal-poetic-in-limbi-straine-la-biblioteca-judeteana-lucian-blaga-alba\/#breadcrumb","itemListElement":[{"@type":"ListItem","position":1,"name":"Prima pagin\u0103","item":"https:\/\/urbeamea.ro\/albaiulia\/"},{"@type":"ListItem","position":2,"name":"Regal poetic \u00een limbi str\u0103ine la Biblioteca Jude\u021bean\u0103 \u201eLucian Blaga\u201d Alba"}]},{"@type":"WebSite","@id":"https:\/\/urbeamea.ro\/albaiulia\/#website","url":"https:\/\/urbeamea.ro\/albaiulia\/","name":"Revista Urbea Mea, Stiri urbane","description":"Evenimente \u0219i \u0219tiri din Alba Iulia, Sebe\u0219, Aiud, Blaj","potentialAction":[{"@type":"SearchAction","target":{"@type":"EntryPoint","urlTemplate":"https:\/\/urbeamea.ro\/albaiulia\/?s={search_term_string}"},"query-input":{"@type":"PropertyValueSpecification","valueRequired":true,"valueName":"search_term_string"}}],"inLanguage":"ro-RO"},{"@type":"Person","@id":"https:\/\/urbeamea.ro\/albaiulia\/#\/schema\/person\/272ae98052f8ee8980f59848df070247","name":"Redac\u021bia UrbeaMea","image":{"@type":"ImageObject","inLanguage":"ro-RO","@id":"https:\/\/secure.gravatar.com\/avatar\/9ce5a9435071fa1037e8468053ead8e513dbbff59009d3069aadb85506d85a27?s=96&d=mm&r=g","url":"https:\/\/secure.gravatar.com\/avatar\/9ce5a9435071fa1037e8468053ead8e513dbbff59009d3069aadb85506d85a27?s=96&d=mm&r=g","contentUrl":"https:\/\/secure.gravatar.com\/avatar\/9ce5a9435071fa1037e8468053ead8e513dbbff59009d3069aadb85506d85a27?s=96&d=mm&r=g","caption":"Redac\u021bia UrbeaMea"},"description":"contact@urbeamea.ro","sameAs":["https:\/\/www.urbeamea.ro"],"url":"https:\/\/urbeamea.ro\/albaiulia\/author\/redactia-urbeamea\/"}]}},"_links":{"self":[{"href":"https:\/\/urbeamea.ro\/albaiulia\/wp-json\/wp\/v2\/posts\/101553","targetHints":{"allow":["GET"]}}],"collection":[{"href":"https:\/\/urbeamea.ro\/albaiulia\/wp-json\/wp\/v2\/posts"}],"about":[{"href":"https:\/\/urbeamea.ro\/albaiulia\/wp-json\/wp\/v2\/types\/post"}],"author":[{"embeddable":true,"href":"https:\/\/urbeamea.ro\/albaiulia\/wp-json\/wp\/v2\/users\/16"}],"replies":[{"embeddable":true,"href":"https:\/\/urbeamea.ro\/albaiulia\/wp-json\/wp\/v2\/comments?post=101553"}],"version-history":[{"count":1,"href":"https:\/\/urbeamea.ro\/albaiulia\/wp-json\/wp\/v2\/posts\/101553\/revisions"}],"predecessor-version":[{"id":101555,"href":"https:\/\/urbeamea.ro\/albaiulia\/wp-json\/wp\/v2\/posts\/101553\/revisions\/101555"}],"wp:featuredmedia":[{"embeddable":true,"href":"https:\/\/urbeamea.ro\/albaiulia\/wp-json\/wp\/v2\/media\/101554"}],"wp:attachment":[{"href":"https:\/\/urbeamea.ro\/albaiulia\/wp-json\/wp\/v2\/media?parent=101553"}],"wp:term":[{"taxonomy":"category","embeddable":true,"href":"https:\/\/urbeamea.ro\/albaiulia\/wp-json\/wp\/v2\/categories?post=101553"},{"taxonomy":"post_tag","embeddable":true,"href":"https:\/\/urbeamea.ro\/albaiulia\/wp-json\/wp\/v2\/tags?post=101553"}],"curies":[{"name":"wp","href":"https:\/\/api.w.org\/{rel}","templated":true}]}}