{"id":101631,"date":"2022-05-09T13:16:48","date_gmt":"2022-05-09T10:16:48","guid":{"rendered":"https:\/\/urbeamea.ro\/albaiulia\/?p=101631"},"modified":"2022-05-09T13:16:50","modified_gmt":"2022-05-09T10:16:50","slug":"saptamana-nationala-a-voluntariatului-la-alba-iulia","status":"publish","type":"post","link":"https:\/\/urbeamea.ro\/albaiulia\/saptamana-nationala-a-voluntariatului-la-alba-iulia\/","title":{"rendered":"S\u0103pt\u0103m\u00e2na Na\u021bional\u0103 a Voluntariatului la Alba Iulia"},"content":{"rendered":"\n<p><strong>Aceast\u0103 ac\u021biune se desf\u0103\u0219oar\u0103 \u00een perioada 09 &#8211; 15 mai 2022, sub organizarea a 16 organiza\u021bii nonprofit, 3 institu\u021bii locale \u0219i o societate comercial\u0103. <\/strong><\/p>\n\n\n\n<p>Rezultatul imediat al acestei ac\u021biuni este reprezentat\u0103 de pagina de Facebook Voluntari de Alba \u00een care toate organiza\u021biile implicate vor promova activit\u0103\u021bile derulate, <a href=\"https:\/\/www.facebook.com\/VoluntarideAlba\" data-type=\"URL\" data-id=\"https:\/\/www.facebook.com\/VoluntarideAlba\">:\/\/www.facebook.com\/VoluntarideAlba<\/a><\/p>\n\n\n\n<figure class=\"wp-block-gallery has-nested-images columns-2 is-cropped wp-block-gallery-1 is-layout-flex wp-block-gallery-is-layout-flex\">\n<figure class=\"wp-block-image size-large\"><a href=\"https:\/\/urbeamea.ro\/albaiulia\/wp-content\/uploads\/2022\/05\/Luni-9-mai.png\"><img loading=\"lazy\" decoding=\"async\" width=\"1280\" height=\"1280\" data-id=\"101634\" src=\"https:\/\/urbeamea.ro\/albaiulia\/wp-content\/uploads\/2022\/05\/Luni-9-mai-1280x1280.png\" alt=\"\" class=\"wp-image-101634\" srcset=\"https:\/\/urbeamea.ro\/albaiulia\/wp-content\/uploads\/2022\/05\/Luni-9-mai-1280x1280.png 1280w, https:\/\/urbeamea.ro\/albaiulia\/wp-content\/uploads\/2022\/05\/Luni-9-mai-640x640.png 640w, https:\/\/urbeamea.ro\/albaiulia\/wp-content\/uploads\/2022\/05\/Luni-9-mai-150x150.png 150w, https:\/\/urbeamea.ro\/albaiulia\/wp-content\/uploads\/2022\/05\/Luni-9-mai-768x768.png 768w, https:\/\/urbeamea.ro\/albaiulia\/wp-content\/uploads\/2022\/05\/Luni-9-mai-1536x1536.png 1536w, https:\/\/urbeamea.ro\/albaiulia\/wp-content\/uploads\/2022\/05\/Luni-9-mai.png 1600w\" sizes=\"auto, (max-width: 1280px) 100vw, 1280px\" \/><\/a><\/figure>\n\n\n\n<figure class=\"wp-block-image size-large\"><a href=\"https:\/\/urbeamea.ro\/albaiulia\/wp-content\/uploads\/2022\/05\/Marti-10-mai.png\"><img loading=\"lazy\" decoding=\"async\" width=\"1280\" height=\"1280\" data-id=\"101636\" src=\"https:\/\/urbeamea.ro\/albaiulia\/wp-content\/uploads\/2022\/05\/Marti-10-mai-1280x1280.png\" alt=\"\" class=\"wp-image-101636\" srcset=\"https:\/\/urbeamea.ro\/albaiulia\/wp-content\/uploads\/2022\/05\/Marti-10-mai-1280x1280.png 1280w, https:\/\/urbeamea.ro\/albaiulia\/wp-content\/uploads\/2022\/05\/Marti-10-mai-640x640.png 640w, https:\/\/urbeamea.ro\/albaiulia\/wp-content\/uploads\/2022\/05\/Marti-10-mai-150x150.png 150w, https:\/\/urbeamea.ro\/albaiulia\/wp-content\/uploads\/2022\/05\/Marti-10-mai-768x768.png 768w, https:\/\/urbeamea.ro\/albaiulia\/wp-content\/uploads\/2022\/05\/Marti-10-mai-1536x1536.png 1536w, https:\/\/urbeamea.ro\/albaiulia\/wp-content\/uploads\/2022\/05\/Marti-10-mai.png 1600w\" sizes=\"auto, (max-width: 1280px) 100vw, 1280px\" \/><\/a><\/figure>\n\n\n\n<figure class=\"wp-block-image size-large\"><a href=\"https:\/\/urbeamea.ro\/albaiulia\/wp-content\/uploads\/2022\/05\/Miercuri-11-mai.jpg\"><img loading=\"lazy\" decoding=\"async\" width=\"1280\" height=\"1280\" data-id=\"101633\" src=\"https:\/\/urbeamea.ro\/albaiulia\/wp-content\/uploads\/2022\/05\/Miercuri-11-mai-1280x1280.jpg\" alt=\"\" class=\"wp-image-101633\" srcset=\"https:\/\/urbeamea.ro\/albaiulia\/wp-content\/uploads\/2022\/05\/Miercuri-11-mai-1280x1280.jpg 1280w, https:\/\/urbeamea.ro\/albaiulia\/wp-content\/uploads\/2022\/05\/Miercuri-11-mai-640x640.jpg 640w, https:\/\/urbeamea.ro\/albaiulia\/wp-content\/uploads\/2022\/05\/Miercuri-11-mai-150x150.jpg 150w, https:\/\/urbeamea.ro\/albaiulia\/wp-content\/uploads\/2022\/05\/Miercuri-11-mai-768x768.jpg 768w, https:\/\/urbeamea.ro\/albaiulia\/wp-content\/uploads\/2022\/05\/Miercuri-11-mai-1536x1536.jpg 1536w, https:\/\/urbeamea.ro\/albaiulia\/wp-content\/uploads\/2022\/05\/Miercuri-11-mai.jpg 1600w\" sizes=\"auto, (max-width: 1280px) 100vw, 1280px\" \/><\/a><\/figure>\n\n\n\n<figure class=\"wp-block-image size-large\"><a href=\"https:\/\/urbeamea.ro\/albaiulia\/wp-content\/uploads\/2022\/05\/12-13-mai.png\"><img loading=\"lazy\" decoding=\"async\" width=\"1280\" height=\"1280\" data-id=\"101637\" src=\"https:\/\/urbeamea.ro\/albaiulia\/wp-content\/uploads\/2022\/05\/12-13-mai-1280x1280.png\" alt=\"\" class=\"wp-image-101637\" srcset=\"https:\/\/urbeamea.ro\/albaiulia\/wp-content\/uploads\/2022\/05\/12-13-mai-1280x1280.png 1280w, https:\/\/urbeamea.ro\/albaiulia\/wp-content\/uploads\/2022\/05\/12-13-mai-640x640.png 640w, https:\/\/urbeamea.ro\/albaiulia\/wp-content\/uploads\/2022\/05\/12-13-mai-150x150.png 150w, https:\/\/urbeamea.ro\/albaiulia\/wp-content\/uploads\/2022\/05\/12-13-mai-768x768.png 768w, https:\/\/urbeamea.ro\/albaiulia\/wp-content\/uploads\/2022\/05\/12-13-mai-1536x1536.png 1536w, https:\/\/urbeamea.ro\/albaiulia\/wp-content\/uploads\/2022\/05\/12-13-mai.png 1600w\" sizes=\"auto, (max-width: 1280px) 100vw, 1280px\" \/><\/a><\/figure>\n\n\n\n<figure class=\"wp-block-image size-large\"><a href=\"https:\/\/urbeamea.ro\/albaiulia\/wp-content\/uploads\/2022\/05\/Sambata-14-mai.png\"><img loading=\"lazy\" decoding=\"async\" width=\"1280\" height=\"1280\" data-id=\"101635\" src=\"https:\/\/urbeamea.ro\/albaiulia\/wp-content\/uploads\/2022\/05\/Sambata-14-mai-1280x1280.png\" alt=\"\" class=\"wp-image-101635\" srcset=\"https:\/\/urbeamea.ro\/albaiulia\/wp-content\/uploads\/2022\/05\/Sambata-14-mai-1280x1280.png 1280w, https:\/\/urbeamea.ro\/albaiulia\/wp-content\/uploads\/2022\/05\/Sambata-14-mai-640x640.png 640w, https:\/\/urbeamea.ro\/albaiulia\/wp-content\/uploads\/2022\/05\/Sambata-14-mai-150x150.png 150w, https:\/\/urbeamea.ro\/albaiulia\/wp-content\/uploads\/2022\/05\/Sambata-14-mai-768x768.png 768w, https:\/\/urbeamea.ro\/albaiulia\/wp-content\/uploads\/2022\/05\/Sambata-14-mai-1536x1536.png 1536w, https:\/\/urbeamea.ro\/albaiulia\/wp-content\/uploads\/2022\/05\/Sambata-14-mai.png 1600w\" sizes=\"auto, (max-width: 1280px) 100vw, 1280px\" \/><\/a><\/figure>\n\n\n\n<figure class=\"wp-block-image size-large\"><a href=\"https:\/\/urbeamea.ro\/albaiulia\/wp-content\/uploads\/2022\/05\/Sambata-15-mai.png\"><img loading=\"lazy\" decoding=\"async\" width=\"1080\" height=\"1080\" data-id=\"101632\" src=\"https:\/\/urbeamea.ro\/albaiulia\/wp-content\/uploads\/2022\/05\/Sambata-15-mai.png\" alt=\"\" class=\"wp-image-101632\" srcset=\"https:\/\/urbeamea.ro\/albaiulia\/wp-content\/uploads\/2022\/05\/Sambata-15-mai.png 1080w, https:\/\/urbeamea.ro\/albaiulia\/wp-content\/uploads\/2022\/05\/Sambata-15-mai-640x640.png 640w, https:\/\/urbeamea.ro\/albaiulia\/wp-content\/uploads\/2022\/05\/Sambata-15-mai-150x150.png 150w, https:\/\/urbeamea.ro\/albaiulia\/wp-content\/uploads\/2022\/05\/Sambata-15-mai-768x768.png 768w\" sizes=\"auto, (max-width: 1080px) 100vw, 1080px\" \/><\/a><\/figure>\n<\/figure>\n","protected":false},"excerpt":{"rendered":"<p>Aceast\u0103 ac\u021biune se desf\u0103\u0219oar\u0103 \u00een perioada 09 &#8211; 15 mai 2022, sub organizarea a 16 organiza\u021bii nonprofit, 3 institu\u021bii locale \u0219i o societate comercial\u0103. Rezultatul imediat al acestei ac\u021biuni este reprezentat\u0103 de pagina de Facebook Voluntari de Alba \u00een care toate organiza\u021biile implicate vor promova activit\u0103\u021bile derulate, :\/\/www.facebook.com\/VoluntarideAlba<\/p>\n","protected":false},"author":16,"featured_media":101638,"comment_status":"open","ping_status":"open","sticky":false,"template":"","format":"standard","meta":{"inline_featured_image":false,"footnotes":""},"categories":[4],"tags":[15237],"class_list":["post-101631","post","type-post","status-publish","format-standard","has-post-thumbnail","hentry","category-eveniment","tag-saptamana-nationala-a-voluntariatului"],"yoast_head":"<!-- This site is optimized with the Yoast SEO plugin v27.4 - https:\/\/yoast.com\/product\/yoast-seo-wordpress\/ -->\n<title>S\u0103pt\u0103m\u00e2na Na\u021bional\u0103 a Voluntariatului la Alba Iulia - Revista Urbea Mea - Revista de Alba<\/title>\n<meta name=\"description\" content=\"Aceast\u0103 ac\u021biune se desf\u0103\u0219oar\u0103 \u00een perioada 09 - 15 mai 2022, sub organizarea a 16 organiza\u021bii nonprofit, 3 institu\u021bii locale \u0219i o societate comercial\u0103.\" \/>\n<meta name=\"robots\" content=\"index, follow, max-snippet:-1, max-image-preview:large, max-video-preview:-1\" \/>\n<link rel=\"canonical\" href=\"https:\/\/urbeamea.ro\/albaiulia\/saptamana-nationala-a-voluntariatului-la-alba-iulia\/\" \/>\n<meta name=\"twitter:card\" content=\"summary_large_image\" \/>\n<meta name=\"twitter:title\" content=\"S\u0103pt\u0103m\u00e2na Na\u021bional\u0103 a Voluntariatului la Alba Iulia - Revista Urbea Mea - Revista de Alba\" \/>\n<meta name=\"twitter:description\" content=\"Aceast\u0103 ac\u021biune se desf\u0103\u0219oar\u0103 \u00een perioada 09 - 15 mai 2022, sub organizarea a 16 organiza\u021bii nonprofit, 3 institu\u021bii locale \u0219i o societate comercial\u0103.\" \/>\n<meta name=\"twitter:image\" content=\"https:\/\/urbeamea.ro\/albaiulia\/wp-content\/uploads\/2022\/05\/Afis.png\" \/>\n<meta name=\"twitter:creator\" content=\"@urbeameaweb\" \/>\n<meta name=\"twitter:site\" content=\"@urbeameaweb\" \/>\n<script type=\"application\/ld+json\" class=\"yoast-schema-graph\">{\"@context\":\"https:\\\/\\\/schema.org\",\"@graph\":[{\"@type\":\"Article\",\"@id\":\"https:\\\/\\\/urbeamea.ro\\\/albaiulia\\\/saptamana-nationala-a-voluntariatului-la-alba-iulia\\\/#article\",\"isPartOf\":{\"@id\":\"https:\\\/\\\/urbeamea.ro\\\/albaiulia\\\/saptamana-nationala-a-voluntariatului-la-alba-iulia\\\/\"},\"author\":{\"name\":\"Redac\u021bia UrbeaMea\",\"@id\":\"https:\\\/\\\/urbeamea.ro\\\/albaiulia\\\/#\\\/schema\\\/person\\\/272ae98052f8ee8980f59848df070247\"},\"headline\":\"S\u0103pt\u0103m\u00e2na Na\u021bional\u0103 a Voluntariatului la Alba Iulia\",\"datePublished\":\"2022-05-09T10:16:48+00:00\",\"dateModified\":\"2022-05-09T10:16:50+00:00\",\"mainEntityOfPage\":{\"@id\":\"https:\\\/\\\/urbeamea.ro\\\/albaiulia\\\/saptamana-nationala-a-voluntariatului-la-alba-iulia\\\/\"},\"wordCount\":64,\"commentCount\":0,\"image\":{\"@id\":\"https:\\\/\\\/urbeamea.ro\\\/albaiulia\\\/saptamana-nationala-a-voluntariatului-la-alba-iulia\\\/#primaryimage\"},\"thumbnailUrl\":\"https:\\\/\\\/urbeamea.ro\\\/albaiulia\\\/wp-content\\\/uploads\\\/2022\\\/05\\\/Afis.png\",\"keywords\":[\"saptamana nationala a voluntariatului\"],\"articleSection\":[\"Evenimente\"],\"inLanguage\":\"ro-RO\",\"potentialAction\":[{\"@type\":\"CommentAction\",\"name\":\"Comment\",\"target\":[\"https:\\\/\\\/urbeamea.ro\\\/albaiulia\\\/saptamana-nationala-a-voluntariatului-la-alba-iulia\\\/#respond\"]}]},{\"@type\":\"WebPage\",\"@id\":\"https:\\\/\\\/urbeamea.ro\\\/albaiulia\\\/saptamana-nationala-a-voluntariatului-la-alba-iulia\\\/\",\"url\":\"https:\\\/\\\/urbeamea.ro\\\/albaiulia\\\/saptamana-nationala-a-voluntariatului-la-alba-iulia\\\/\",\"name\":\"S\u0103pt\u0103m\u00e2na Na\u021bional\u0103 a Voluntariatului la Alba Iulia - Revista Urbea Mea - Revista de Alba\",\"isPartOf\":{\"@id\":\"https:\\\/\\\/urbeamea.ro\\\/albaiulia\\\/#website\"},\"primaryImageOfPage\":{\"@id\":\"https:\\\/\\\/urbeamea.ro\\\/albaiulia\\\/saptamana-nationala-a-voluntariatului-la-alba-iulia\\\/#primaryimage\"},\"image\":{\"@id\":\"https:\\\/\\\/urbeamea.ro\\\/albaiulia\\\/saptamana-nationala-a-voluntariatului-la-alba-iulia\\\/#primaryimage\"},\"thumbnailUrl\":\"https:\\\/\\\/urbeamea.ro\\\/albaiulia\\\/wp-content\\\/uploads\\\/2022\\\/05\\\/Afis.png\",\"datePublished\":\"2022-05-09T10:16:48+00:00\",\"dateModified\":\"2022-05-09T10:16:50+00:00\",\"author\":{\"@id\":\"https:\\\/\\\/urbeamea.ro\\\/albaiulia\\\/#\\\/schema\\\/person\\\/272ae98052f8ee8980f59848df070247\"},\"description\":\"Aceast\u0103 ac\u021biune se desf\u0103\u0219oar\u0103 \u00een perioada 09 - 15 mai 2022, sub organizarea a 16 organiza\u021bii nonprofit, 3 institu\u021bii locale \u0219i o societate comercial\u0103.\",\"breadcrumb\":{\"@id\":\"https:\\\/\\\/urbeamea.ro\\\/albaiulia\\\/saptamana-nationala-a-voluntariatului-la-alba-iulia\\\/#breadcrumb\"},\"inLanguage\":\"ro-RO\",\"potentialAction\":[{\"@type\":\"ReadAction\",\"target\":[\"https:\\\/\\\/urbeamea.ro\\\/albaiulia\\\/saptamana-nationala-a-voluntariatului-la-alba-iulia\\\/\"]}]},{\"@type\":\"ImageObject\",\"inLanguage\":\"ro-RO\",\"@id\":\"https:\\\/\\\/urbeamea.ro\\\/albaiulia\\\/saptamana-nationala-a-voluntariatului-la-alba-iulia\\\/#primaryimage\",\"url\":\"https:\\\/\\\/urbeamea.ro\\\/albaiulia\\\/wp-content\\\/uploads\\\/2022\\\/05\\\/Afis.png\",\"contentUrl\":\"https:\\\/\\\/urbeamea.ro\\\/albaiulia\\\/wp-content\\\/uploads\\\/2022\\\/05\\\/Afis.png\",\"width\":1920,\"height\":1080},{\"@type\":\"BreadcrumbList\",\"@id\":\"https:\\\/\\\/urbeamea.ro\\\/albaiulia\\\/saptamana-nationala-a-voluntariatului-la-alba-iulia\\\/#breadcrumb\",\"itemListElement\":[{\"@type\":\"ListItem\",\"position\":1,\"name\":\"Prima pagin\u0103\",\"item\":\"https:\\\/\\\/urbeamea.ro\\\/albaiulia\\\/\"},{\"@type\":\"ListItem\",\"position\":2,\"name\":\"S\u0103pt\u0103m\u00e2na Na\u021bional\u0103 a Voluntariatului la Alba Iulia\"}]},{\"@type\":\"WebSite\",\"@id\":\"https:\\\/\\\/urbeamea.ro\\\/albaiulia\\\/#website\",\"url\":\"https:\\\/\\\/urbeamea.ro\\\/albaiulia\\\/\",\"name\":\"Revista Urbea Mea, Stiri urbane\",\"description\":\"Evenimente \u0219i \u0219tiri din Alba Iulia, Sebe\u0219, Aiud, Blaj\",\"potentialAction\":[{\"@type\":\"SearchAction\",\"target\":{\"@type\":\"EntryPoint\",\"urlTemplate\":\"https:\\\/\\\/urbeamea.ro\\\/albaiulia\\\/?s={search_term_string}\"},\"query-input\":{\"@type\":\"PropertyValueSpecification\",\"valueRequired\":true,\"valueName\":\"search_term_string\"}}],\"inLanguage\":\"ro-RO\"},{\"@type\":\"Person\",\"@id\":\"https:\\\/\\\/urbeamea.ro\\\/albaiulia\\\/#\\\/schema\\\/person\\\/272ae98052f8ee8980f59848df070247\",\"name\":\"Redac\u021bia UrbeaMea\",\"image\":{\"@type\":\"ImageObject\",\"inLanguage\":\"ro-RO\",\"@id\":\"https:\\\/\\\/secure.gravatar.com\\\/avatar\\\/9ce5a9435071fa1037e8468053ead8e513dbbff59009d3069aadb85506d85a27?s=96&d=mm&r=g\",\"url\":\"https:\\\/\\\/secure.gravatar.com\\\/avatar\\\/9ce5a9435071fa1037e8468053ead8e513dbbff59009d3069aadb85506d85a27?s=96&d=mm&r=g\",\"contentUrl\":\"https:\\\/\\\/secure.gravatar.com\\\/avatar\\\/9ce5a9435071fa1037e8468053ead8e513dbbff59009d3069aadb85506d85a27?s=96&d=mm&r=g\",\"caption\":\"Redac\u021bia UrbeaMea\"},\"description\":\"contact@urbeamea.ro\",\"sameAs\":[\"https:\\\/\\\/www.urbeamea.ro\"],\"url\":\"https:\\\/\\\/urbeamea.ro\\\/albaiulia\\\/author\\\/redactia-urbeamea\\\/\"}]}<\/script>\n<!-- \/ Yoast SEO plugin. -->","yoast_head_json":{"title":"S\u0103pt\u0103m\u00e2na Na\u021bional\u0103 a Voluntariatului la Alba Iulia - Revista Urbea Mea - Revista de Alba","description":"Aceast\u0103 ac\u021biune se desf\u0103\u0219oar\u0103 \u00een perioada 09 - 15 mai 2022, sub organizarea a 16 organiza\u021bii nonprofit, 3 institu\u021bii locale \u0219i o societate comercial\u0103.","robots":{"index":"index","follow":"follow","max-snippet":"max-snippet:-1","max-image-preview":"max-image-preview:large","max-video-preview":"max-video-preview:-1"},"canonical":"https:\/\/urbeamea.ro\/albaiulia\/saptamana-nationala-a-voluntariatului-la-alba-iulia\/","twitter_card":"summary_large_image","twitter_title":"S\u0103pt\u0103m\u00e2na Na\u021bional\u0103 a Voluntariatului la Alba Iulia - Revista Urbea Mea - Revista de Alba","twitter_description":"Aceast\u0103 ac\u021biune se desf\u0103\u0219oar\u0103 \u00een perioada 09 - 15 mai 2022, sub organizarea a 16 organiza\u021bii nonprofit, 3 institu\u021bii locale \u0219i o societate comercial\u0103.","twitter_image":"https:\/\/urbeamea.ro\/albaiulia\/wp-content\/uploads\/2022\/05\/Afis.png","twitter_creator":"@urbeameaweb","twitter_site":"@urbeameaweb","schema":{"@context":"https:\/\/schema.org","@graph":[{"@type":"Article","@id":"https:\/\/urbeamea.ro\/albaiulia\/saptamana-nationala-a-voluntariatului-la-alba-iulia\/#article","isPartOf":{"@id":"https:\/\/urbeamea.ro\/albaiulia\/saptamana-nationala-a-voluntariatului-la-alba-iulia\/"},"author":{"name":"Redac\u021bia UrbeaMea","@id":"https:\/\/urbeamea.ro\/albaiulia\/#\/schema\/person\/272ae98052f8ee8980f59848df070247"},"headline":"S\u0103pt\u0103m\u00e2na Na\u021bional\u0103 a Voluntariatului la Alba Iulia","datePublished":"2022-05-09T10:16:48+00:00","dateModified":"2022-05-09T10:16:50+00:00","mainEntityOfPage":{"@id":"https:\/\/urbeamea.ro\/albaiulia\/saptamana-nationala-a-voluntariatului-la-alba-iulia\/"},"wordCount":64,"commentCount":0,"image":{"@id":"https:\/\/urbeamea.ro\/albaiulia\/saptamana-nationala-a-voluntariatului-la-alba-iulia\/#primaryimage"},"thumbnailUrl":"https:\/\/urbeamea.ro\/albaiulia\/wp-content\/uploads\/2022\/05\/Afis.png","keywords":["saptamana nationala a voluntariatului"],"articleSection":["Evenimente"],"inLanguage":"ro-RO","potentialAction":[{"@type":"CommentAction","name":"Comment","target":["https:\/\/urbeamea.ro\/albaiulia\/saptamana-nationala-a-voluntariatului-la-alba-iulia\/#respond"]}]},{"@type":"WebPage","@id":"https:\/\/urbeamea.ro\/albaiulia\/saptamana-nationala-a-voluntariatului-la-alba-iulia\/","url":"https:\/\/urbeamea.ro\/albaiulia\/saptamana-nationala-a-voluntariatului-la-alba-iulia\/","name":"S\u0103pt\u0103m\u00e2na Na\u021bional\u0103 a Voluntariatului la Alba Iulia - Revista Urbea Mea - Revista de Alba","isPartOf":{"@id":"https:\/\/urbeamea.ro\/albaiulia\/#website"},"primaryImageOfPage":{"@id":"https:\/\/urbeamea.ro\/albaiulia\/saptamana-nationala-a-voluntariatului-la-alba-iulia\/#primaryimage"},"image":{"@id":"https:\/\/urbeamea.ro\/albaiulia\/saptamana-nationala-a-voluntariatului-la-alba-iulia\/#primaryimage"},"thumbnailUrl":"https:\/\/urbeamea.ro\/albaiulia\/wp-content\/uploads\/2022\/05\/Afis.png","datePublished":"2022-05-09T10:16:48+00:00","dateModified":"2022-05-09T10:16:50+00:00","author":{"@id":"https:\/\/urbeamea.ro\/albaiulia\/#\/schema\/person\/272ae98052f8ee8980f59848df070247"},"description":"Aceast\u0103 ac\u021biune se desf\u0103\u0219oar\u0103 \u00een perioada 09 - 15 mai 2022, sub organizarea a 16 organiza\u021bii nonprofit, 3 institu\u021bii locale \u0219i o societate comercial\u0103.","breadcrumb":{"@id":"https:\/\/urbeamea.ro\/albaiulia\/saptamana-nationala-a-voluntariatului-la-alba-iulia\/#breadcrumb"},"inLanguage":"ro-RO","potentialAction":[{"@type":"ReadAction","target":["https:\/\/urbeamea.ro\/albaiulia\/saptamana-nationala-a-voluntariatului-la-alba-iulia\/"]}]},{"@type":"ImageObject","inLanguage":"ro-RO","@id":"https:\/\/urbeamea.ro\/albaiulia\/saptamana-nationala-a-voluntariatului-la-alba-iulia\/#primaryimage","url":"https:\/\/urbeamea.ro\/albaiulia\/wp-content\/uploads\/2022\/05\/Afis.png","contentUrl":"https:\/\/urbeamea.ro\/albaiulia\/wp-content\/uploads\/2022\/05\/Afis.png","width":1920,"height":1080},{"@type":"BreadcrumbList","@id":"https:\/\/urbeamea.ro\/albaiulia\/saptamana-nationala-a-voluntariatului-la-alba-iulia\/#breadcrumb","itemListElement":[{"@type":"ListItem","position":1,"name":"Prima pagin\u0103","item":"https:\/\/urbeamea.ro\/albaiulia\/"},{"@type":"ListItem","position":2,"name":"S\u0103pt\u0103m\u00e2na Na\u021bional\u0103 a Voluntariatului la Alba Iulia"}]},{"@type":"WebSite","@id":"https:\/\/urbeamea.ro\/albaiulia\/#website","url":"https:\/\/urbeamea.ro\/albaiulia\/","name":"Revista Urbea Mea, Stiri urbane","description":"Evenimente \u0219i \u0219tiri din Alba Iulia, Sebe\u0219, Aiud, Blaj","potentialAction":[{"@type":"SearchAction","target":{"@type":"EntryPoint","urlTemplate":"https:\/\/urbeamea.ro\/albaiulia\/?s={search_term_string}"},"query-input":{"@type":"PropertyValueSpecification","valueRequired":true,"valueName":"search_term_string"}}],"inLanguage":"ro-RO"},{"@type":"Person","@id":"https:\/\/urbeamea.ro\/albaiulia\/#\/schema\/person\/272ae98052f8ee8980f59848df070247","name":"Redac\u021bia UrbeaMea","image":{"@type":"ImageObject","inLanguage":"ro-RO","@id":"https:\/\/secure.gravatar.com\/avatar\/9ce5a9435071fa1037e8468053ead8e513dbbff59009d3069aadb85506d85a27?s=96&d=mm&r=g","url":"https:\/\/secure.gravatar.com\/avatar\/9ce5a9435071fa1037e8468053ead8e513dbbff59009d3069aadb85506d85a27?s=96&d=mm&r=g","contentUrl":"https:\/\/secure.gravatar.com\/avatar\/9ce5a9435071fa1037e8468053ead8e513dbbff59009d3069aadb85506d85a27?s=96&d=mm&r=g","caption":"Redac\u021bia UrbeaMea"},"description":"contact@urbeamea.ro","sameAs":["https:\/\/www.urbeamea.ro"],"url":"https:\/\/urbeamea.ro\/albaiulia\/author\/redactia-urbeamea\/"}]}},"_links":{"self":[{"href":"https:\/\/urbeamea.ro\/albaiulia\/wp-json\/wp\/v2\/posts\/101631","targetHints":{"allow":["GET"]}}],"collection":[{"href":"https:\/\/urbeamea.ro\/albaiulia\/wp-json\/wp\/v2\/posts"}],"about":[{"href":"https:\/\/urbeamea.ro\/albaiulia\/wp-json\/wp\/v2\/types\/post"}],"author":[{"embeddable":true,"href":"https:\/\/urbeamea.ro\/albaiulia\/wp-json\/wp\/v2\/users\/16"}],"replies":[{"embeddable":true,"href":"https:\/\/urbeamea.ro\/albaiulia\/wp-json\/wp\/v2\/comments?post=101631"}],"version-history":[{"count":2,"href":"https:\/\/urbeamea.ro\/albaiulia\/wp-json\/wp\/v2\/posts\/101631\/revisions"}],"predecessor-version":[{"id":101640,"href":"https:\/\/urbeamea.ro\/albaiulia\/wp-json\/wp\/v2\/posts\/101631\/revisions\/101640"}],"wp:featuredmedia":[{"embeddable":true,"href":"https:\/\/urbeamea.ro\/albaiulia\/wp-json\/wp\/v2\/media\/101638"}],"wp:attachment":[{"href":"https:\/\/urbeamea.ro\/albaiulia\/wp-json\/wp\/v2\/media?parent=101631"}],"wp:term":[{"taxonomy":"category","embeddable":true,"href":"https:\/\/urbeamea.ro\/albaiulia\/wp-json\/wp\/v2\/categories?post=101631"},{"taxonomy":"post_tag","embeddable":true,"href":"https:\/\/urbeamea.ro\/albaiulia\/wp-json\/wp\/v2\/tags?post=101631"}],"curies":[{"name":"wp","href":"https:\/\/api.w.org\/{rel}","templated":true}]}}