{"id":101641,"date":"2022-05-09T13:22:45","date_gmt":"2022-05-09T10:22:45","guid":{"rendered":"https:\/\/urbeamea.ro\/albaiulia\/?p=101641"},"modified":"2022-05-09T13:22:47","modified_gmt":"2022-05-09T10:22:47","slug":"9-mai-o-zi-speciala-pentru-romania-si-oamenii-din-regiunea-centru","status":"publish","type":"post","link":"https:\/\/urbeamea.ro\/albaiulia\/9-mai-o-zi-speciala-pentru-romania-si-oamenii-din-regiunea-centru\/","title":{"rendered":"9 mai \u2013 o zi special\u0103 pentru Rom\u00e2nia \u0219i oamenii din regiunea centru"},"content":{"rendered":"\n<h3 class=\"wp-block-heading\"><strong>Semnifica\u021biile zilei de 9 Mai trec dincolo de importan\u021ba istoric\u0103 a acestei zile, definind viitorul nostru, \u00een special \u00een perioade de criz\u0103. Suntem rom\u00e2ni \u0219i suntem cet\u0103\u021beni europeni, de aceea Ziua Europei este, mai ales acum, o zi \u00een care trebuie s\u0103 reflect\u0103m foarte mult la solidaritatea noastr\u0103 european\u0103<\/strong><\/h3>\n\n\n\n<p><strong>Agen\u021bia pentru Dezvoltare Regional\u0103 Centru \u0219i Europe Direct Regiunea Centru v\u0103 invit\u0103<\/strong><strong> s\u0103 fi\u021bi al\u0103turi de ei \u0219i de cet\u0103\u021benii europeni \u00een 9 mai 2022, s\u0103 s\u0103rb\u0103tori\u021bi Ziua Europei. \u00cen contextul \u00een care s-au dep\u0103\u0219it cei doi ani grei de pandemie \u0219i ne continu\u0103m activit\u0103\u021bile sub umbrela securit\u0103\u021bii europene, statutul de stat membru al Rom\u00e2niei este un motiv de bucurie \u0219i \u00eencredere \u00een pace \u0219i solidaritate, dar \u0219i de garantare a drepturilor \u0219i beneficiilor de care ne bucur\u0103m noi, cet\u0103\u021beni europeni. <\/strong><strong><\/strong><\/p>\n\n\n\n<p>Data de 9 mai 2022 are pentru noi rom\u00e2nii, o semnifica\u021bie aparte, sunt 145 de ani de la proclamarea independen\u021bei statului roman de suzeranitatea otoman\u0103, sunt 77 ani de la sf\u00e2r\u0219itul celui de-al doilea R\u0103zboi Mondial \u0219i 15 ani de c\u00e2nd Rom\u00e2nia a devenit stat membru al Uniunii Europe. \u00cen ultima perioad\u0103 miliarde de euro au fost investite \u00een dezvoltarea \u021b\u0103rii prin fonduri europene, iar cet\u0103\u021benii rom\u00e2ni se bucur\u0103 de toate avantajele de a fi liberi \u00een Uniunea European\u0103.<\/p>\n\n\n\n<p>\u00cen ultimii doi ani &#8211; fie c\u0103 a fost vorba de criza COVID sau despre amenin\u021barea conflictului armat &#8211; Uniunea European\u0103 a dovedit c\u0103 devine tot mai solidar\u0103, tot mai aproape de cet\u0103\u021benii s\u0103i. Vaccinuri, fonduri pentru dezvoltare \u0219i rezilien\u021b\u0103, dar \u0219i sprijin umanitar pentru cet\u0103\u021benii din zona de r\u0103zboi, sunt tot at\u00e2tea mesaje de \u00eencurajare \u0219i de con\u0219tientizare c\u0103 ac\u021bion\u0103m din ce \u00een ce mai sigur, ca un \u00eentreg.<\/p>\n\n\n\n<blockquote class=\"wp-block-quote is-layout-flow wp-block-quote-is-layout-flow\"><p><em>Dup\u0103 cum spunea Robert Schuman \u00een momentul \u00een care anun\u021ba public proiectul Uniunii Europene, Europa\u00a0are nevoie de un suflet, de un ideal \u0219i de voin\u021ba politic\u0103 indispensabil\u0103 pentru \u00eendeplinirea acestui ideal. \u00cen situa\u0163ia \u00een care conflictul e la marginea Rom\u00e2niei,\u00a0 con\u0219tientiz\u0103m c\u0103 fiecare zi de pace este un efort, un echilibru fragil \u00eentre puterile mondiale. Pentru noi, cei peste 2 milioane de cet\u0103\u021beni ai Regiunii Centru, pot spune c\u0103, datorit\u0103 sprijinului european, ADR Centru a atras peste 2,2 miliarde de euro fonduri europene, respectiv peste 1000 de euro pe cap de locuitor. Aceste investi\u021bii le vedem \u00een ora\u0219ele mult mai aproape de ceea ce \u00ee\u0219i doresc oamenii, \u00een drumurile mai bune, \u00een infrastructura de s\u0103n\u0103tate \u0219i de educa\u021bie mai bine preg\u0103tite. \u00a0Cu sprijin european am trecut de gravitatea pandemiei \u0219i tot cu sprijin european pot spune c\u0103, \u00een premier\u0103 pentru Rom\u00e2nia, se va realiza descentralizarea fondurilor europene. Astfel \u00a0vom aduce \u00een regiune \u00een urm\u0103torii 7 ani, peste 1,2 miliarde de euro, adic\u0103 mai mult de jum\u0103tate din c\u00e2t s-a realizat \u00eentr-un deceniu \u0219i jum\u0103tate. Noi vom continua s\u0103 contribuim la consolidarea dimensiunii civice a Uniunii. Implicarea fiec\u0103rui om, la nivelul comunit\u0103\u021bii de care apar\u021bine, pe plan local, regional, na\u021bional sau european, este esen\u021bial\u0103 pentru men\u021binerea unei vie\u021bi democratice solide \u0219i pentru a \u00eent\u0103ri Uniunea European\u0103, care reflect\u0103 \u0219i r\u0103spunde nevoilor oamenilor din cele 27 de state membre<\/em>.<\/p><cite> Simion Cre\u021bu, director general ADR Centru<\/cite><\/blockquote>\n\n\n\n<p>Agen\u021bia pentru Dezvoltare Regional\u0103 Centru sus\u021bine de peste dou\u0103 decenii dezvoltarea comunit\u0103\u021bilor din Regiunea Centru \u0219i a dedicat, an de an, ziua de 9 Mai pentru s\u0103rb\u0103torirea cet\u0103\u021beanului \u0219i a drepturilor sale. Societatea rom\u00e2neasc\u0103 r\u0103spunde la r\u00e2ndul s\u0103u sprijinului de care se bucur\u0103 din partea \u00eentregii comunit\u0103\u021bi europene.<\/p>\n\n\n\n<p><strong>Activit\u0103\u021bi derulate \u00een contextul s\u0103rb\u0103torii Uniunii Europene: <\/strong><strong><\/strong><\/p>\n\n\n\n<p>De peste 16 ani, ADR Centru \u0219i-a completat oferta de servicii cu unul dintre cele mai c\u0103utate instrumente de lucru pentru cei preocupa\u021bi de cre\u0219terea calit\u0103\u021bii vie\u021bii \u00een comunit\u0103\u021bile locale, edit\u00e2nd \u0219i distribuind gratuit Catalogul Surselor de Finan\u021bare nerambursabile. An dup\u0103 an, zi de zi, ADR Centru furnizeaz\u0103 informa\u021bii \u0219i coordoneaz\u0103 implementarea a sute de proiecte pentru cre\u0219terea calit\u0103\u021bii vie\u021bii cet\u0103\u021benilor din jude\u021bele Alba, Bra\u0219ov, Covasna, Harghita, Mure\u0219 \u0219i Sibiu. Impactul acestor proiecte se vede \u00een infrastructura local\u0103 \u0219i regional\u0103, \u00een obiectivele construite, modernizate sau reabilitate prin cele peste 3700 proiecte gestionate, care au oferit cet\u0103\u021benilor regiunii investi\u021bii \u00een valoare total\u0103 de peste 3,2 miliarde euro. \u00cen luna iunie vom transmite la Comisia European\u0103 viitorul Programul Opera\u021bional Regional CENTRU 2021-2027, motiv pentru care, pe l\u00e2ng\u0103 toate activit\u0103\u021bile parteneriale derulate din 2020 \u00eencoace, \u00een luna aceasta, \u00een 5 mai, am discutat cu poten\u021bialii solicitan\u021bi de finan\u021bare despre oportunit\u0103\u021bile de \u00eembun\u0103t\u0103\u021bire a eco-mobilit\u0103\u021bii, iar \u00een perioada 16-20 mai vom avea dezbateri cu reprezentan\u021bii municipiilor \u0219i ora\u0219elor, privind modul de abordare a procesului de dezvoltare urban\u0103 durabil\u0103 \u0219i cu reprezentan\u021bii mediului academic despre conceptul de cre\u0219tere a calit\u0103\u021bii \u00eenv\u0103\u021b\u0103m\u00e2ntului.<\/p>\n\n\n\n<p>Nu \u00een ultimul r\u00e2nd, \u00een data de 26 mai va fi lansat\u0103 \u00een Regiunea Centru campania \u201dEurope in My Region!\u201d, care subliniaz\u0103 conceptele europene de protejare a naturii \u0219i a s\u0103n\u0103t\u0103\u021bii oamenilor, prin prezentarea impactului investi\u021biilor \u00een acest domeniu, \u00een timp ce, \u00een aceea\u0219i perioad\u0103, zeci de func\u021bionari publici din unit\u0103\u021bile administra\u021biei publice locale vor \u00eencepe o suit\u0103 de cursuri de formare, pentru a preg\u0103ti noi cereri de finan\u021bare, destinate cre\u0219terii calit\u0103\u021bii vie\u021bii \u00een Regiunea Centru.<\/p>\n\n\n\n<p>\u00cen acela\u0219i timp, prin Centrul Europe Direct, care func\u021bioneaz\u0103 de peste nou\u0103 ani \u00een cadrul Agen\u021biei, am implicat recent comunitatea \u00eentr-o ac\u021biune de ecologizare \u00een zona Cugir, la sf\u00e2r\u0219itul s\u0103pt\u0103m\u00e2nii trecute, iar \u00een aceste zile vom premia tinerii participan\u021bi la concursul \u201dSocietatea rom\u00e2neasc\u0103, societate european\u0103!\u201d Ziua Europei ar trebui s\u0103 fie cel pu\u021bin o zi \u00een care s\u0103 ne aducem aminte c\u0103 toate drepturile pe care le avem acum erau doar vise \u00een urm\u0103 cu 15\u201320 ani. \u00cen acele vremuri ne g\u00e2ndeam la locul pe care \u00eel are Rom\u00e2nia \u00een Europa \u0219i ne concentram pe viziunea \u0219i misiunea noastr\u0103, de a asigura prosperitate cet\u0103\u021benilor.<\/p>\n\n\n\n<p>Anul 2022 este Anul European al Tineretului, un an consacrat promov\u0103rii tinerilor care trebuie s\u0103 fie \u00een m\u0103sur\u0103 s\u0103 construiasc\u0103 viitorul Europei dac\u0103 se dore\u0219te modelarea Uniunii astfel \u00eenc\u00e2t aceasta s\u0103 corespund\u0103 dorin\u021bei lor. Uniunea trebuie s\u0103 aib\u0103 o viziune cu care tinerii s\u0103 se poat\u0103 identifica, iar pentru tinerii din cele \u0219ase jude\u021be ale regiunii, echipa Europe Direct Regiunea Centru propune anul acesta noi provoc\u0103ri pentru identificarea informa\u021biilor europene, cea de-a opta edi\u021bie a Crosului Europei \u00een luna septembrie, o sesiune de dezbateri pe teme de mediu \u0219i multe alte activit\u0103\u021bi interesante.<\/p>\n\n\n\n<p><em>La mul\u021bi ani Europa! La mul\u021bi ani, tuturor cet\u0103\u021benilor europeni!\u201d<\/em><\/p>\n\n\n\n<figure class=\"wp-block-gallery has-nested-images columns-2 is-cropped wp-block-gallery-1 is-layout-flex wp-block-gallery-is-layout-flex\">\n<figure class=\"wp-block-image size-large\"><a href=\"https:\/\/urbeamea.ro\/albaiulia\/wp-content\/uploads\/2022\/05\/Activitati-in-context-european-2.jpeg\"><img loading=\"lazy\" decoding=\"async\" width=\"1200\" height=\"431\" data-id=\"101642\" src=\"https:\/\/urbeamea.ro\/albaiulia\/wp-content\/uploads\/2022\/05\/Activitati-in-context-european-2.jpeg\" alt=\"\" class=\"wp-image-101642\" srcset=\"https:\/\/urbeamea.ro\/albaiulia\/wp-content\/uploads\/2022\/05\/Activitati-in-context-european-2.jpeg 1200w, https:\/\/urbeamea.ro\/albaiulia\/wp-content\/uploads\/2022\/05\/Activitati-in-context-european-2-640x230.jpeg 640w, https:\/\/urbeamea.ro\/albaiulia\/wp-content\/uploads\/2022\/05\/Activitati-in-context-european-2-150x54.jpeg 150w, https:\/\/urbeamea.ro\/albaiulia\/wp-content\/uploads\/2022\/05\/Activitati-in-context-european-2-768x276.jpeg 768w\" sizes=\"auto, (max-width: 1200px) 100vw, 1200px\" \/><\/a><\/figure>\n\n\n\n<figure class=\"wp-block-image size-large\"><a href=\"https:\/\/urbeamea.ro\/albaiulia\/wp-content\/uploads\/2022\/05\/Activitati-in-context-european-1.jpeg\"><img loading=\"lazy\" decoding=\"async\" width=\"1012\" height=\"364\" data-id=\"101643\" src=\"https:\/\/urbeamea.ro\/albaiulia\/wp-content\/uploads\/2022\/05\/Activitati-in-context-european-1.jpeg\" alt=\"\" class=\"wp-image-101643\" srcset=\"https:\/\/urbeamea.ro\/albaiulia\/wp-content\/uploads\/2022\/05\/Activitati-in-context-european-1.jpeg 1012w, https:\/\/urbeamea.ro\/albaiulia\/wp-content\/uploads\/2022\/05\/Activitati-in-context-european-1-640x230.jpeg 640w, https:\/\/urbeamea.ro\/albaiulia\/wp-content\/uploads\/2022\/05\/Activitati-in-context-european-1-150x54.jpeg 150w, https:\/\/urbeamea.ro\/albaiulia\/wp-content\/uploads\/2022\/05\/Activitati-in-context-european-1-768x276.jpeg 768w\" sizes=\"auto, (max-width: 1012px) 100vw, 1012px\" \/><\/a><\/figure>\n\n\n\n<figure class=\"wp-block-image size-large\"><a href=\"https:\/\/urbeamea.ro\/albaiulia\/wp-content\/uploads\/2022\/05\/Activitati-in-context-european-3.jpeg\"><img loading=\"lazy\" decoding=\"async\" width=\"1280\" height=\"460\" data-id=\"101645\" src=\"https:\/\/urbeamea.ro\/albaiulia\/wp-content\/uploads\/2022\/05\/Activitati-in-context-european-3-1280x460.jpeg\" alt=\"\" class=\"wp-image-101645\" srcset=\"https:\/\/urbeamea.ro\/albaiulia\/wp-content\/uploads\/2022\/05\/Activitati-in-context-european-3-1280x460.jpeg 1280w, https:\/\/urbeamea.ro\/albaiulia\/wp-content\/uploads\/2022\/05\/Activitati-in-context-european-3-640x230.jpeg 640w, https:\/\/urbeamea.ro\/albaiulia\/wp-content\/uploads\/2022\/05\/Activitati-in-context-european-3-150x54.jpeg 150w, https:\/\/urbeamea.ro\/albaiulia\/wp-content\/uploads\/2022\/05\/Activitati-in-context-european-3-768x276.jpeg 768w, https:\/\/urbeamea.ro\/albaiulia\/wp-content\/uploads\/2022\/05\/Activitati-in-context-european-3.jpeg 1468w\" sizes=\"auto, (max-width: 1280px) 100vw, 1280px\" \/><\/a><\/figure>\n\n\n\n<figure class=\"wp-block-image size-large\"><a href=\"https:\/\/urbeamea.ro\/albaiulia\/wp-content\/uploads\/2022\/05\/Activitati-in-context-european-2.jpg\"><img loading=\"lazy\" decoding=\"async\" width=\"1280\" height=\"460\" data-id=\"101646\" src=\"https:\/\/urbeamea.ro\/albaiulia\/wp-content\/uploads\/2022\/05\/Activitati-in-context-european-2-1280x460.jpg\" alt=\"\" class=\"wp-image-101646\" srcset=\"https:\/\/urbeamea.ro\/albaiulia\/wp-content\/uploads\/2022\/05\/Activitati-in-context-european-2-1280x460.jpg 1280w, https:\/\/urbeamea.ro\/albaiulia\/wp-content\/uploads\/2022\/05\/Activitati-in-context-european-2-640x230.jpg 640w, https:\/\/urbeamea.ro\/albaiulia\/wp-content\/uploads\/2022\/05\/Activitati-in-context-european-2-150x54.jpg 150w, https:\/\/urbeamea.ro\/albaiulia\/wp-content\/uploads\/2022\/05\/Activitati-in-context-european-2-768x276.jpg 768w, https:\/\/urbeamea.ro\/albaiulia\/wp-content\/uploads\/2022\/05\/Activitati-in-context-european-2-1536x552.jpg 1536w, https:\/\/urbeamea.ro\/albaiulia\/wp-content\/uploads\/2022\/05\/Activitati-in-context-european-2.jpg 1577w\" sizes=\"auto, (max-width: 1280px) 100vw, 1280px\" \/><\/a><\/figure>\n\n\n\n<figure class=\"wp-block-image size-large\"><a href=\"https:\/\/urbeamea.ro\/albaiulia\/wp-content\/uploads\/2022\/05\/Activitati-in-context-european-3.jpg\"><img loading=\"lazy\" decoding=\"async\" width=\"944\" height=\"339\" data-id=\"101644\" src=\"https:\/\/urbeamea.ro\/albaiulia\/wp-content\/uploads\/2022\/05\/Activitati-in-context-european-3.jpg\" alt=\"\" class=\"wp-image-101644\" srcset=\"https:\/\/urbeamea.ro\/albaiulia\/wp-content\/uploads\/2022\/05\/Activitati-in-context-european-3.jpg 944w, https:\/\/urbeamea.ro\/albaiulia\/wp-content\/uploads\/2022\/05\/Activitati-in-context-european-3-640x230.jpg 640w, https:\/\/urbeamea.ro\/albaiulia\/wp-content\/uploads\/2022\/05\/Activitati-in-context-european-3-150x54.jpg 150w, https:\/\/urbeamea.ro\/albaiulia\/wp-content\/uploads\/2022\/05\/Activitati-in-context-european-3-768x276.jpg 768w\" sizes=\"auto, (max-width: 944px) 100vw, 944px\" \/><\/a><\/figure>\n\n\n\n<figure class=\"wp-block-image size-large\"><a href=\"https:\/\/urbeamea.ro\/albaiulia\/wp-content\/uploads\/2022\/05\/Activitati-in-context-european-6.jpg\"><img loading=\"lazy\" decoding=\"async\" width=\"1280\" height=\"460\" data-id=\"101647\" src=\"https:\/\/urbeamea.ro\/albaiulia\/wp-content\/uploads\/2022\/05\/Activitati-in-context-european-6-1280x460.jpg\" alt=\"\" class=\"wp-image-101647\" srcset=\"https:\/\/urbeamea.ro\/albaiulia\/wp-content\/uploads\/2022\/05\/Activitati-in-context-european-6-1280x460.jpg 1280w, https:\/\/urbeamea.ro\/albaiulia\/wp-content\/uploads\/2022\/05\/Activitati-in-context-european-6-640x230.jpg 640w, https:\/\/urbeamea.ro\/albaiulia\/wp-content\/uploads\/2022\/05\/Activitati-in-context-european-6-150x54.jpg 150w, https:\/\/urbeamea.ro\/albaiulia\/wp-content\/uploads\/2022\/05\/Activitati-in-context-european-6-768x276.jpg 768w, https:\/\/urbeamea.ro\/albaiulia\/wp-content\/uploads\/2022\/05\/Activitati-in-context-european-6-1536x552.jpg 1536w, https:\/\/urbeamea.ro\/albaiulia\/wp-content\/uploads\/2022\/05\/Activitati-in-context-european-6.jpg 1600w\" sizes=\"auto, (max-width: 1280px) 100vw, 1280px\" \/><\/a><\/figure>\n\n\n\n<figure class=\"wp-block-image size-large\"><a href=\"https:\/\/urbeamea.ro\/albaiulia\/wp-content\/uploads\/2022\/05\/Activitati-in-context-european-1.jpg\"><img loading=\"lazy\" decoding=\"async\" width=\"1280\" height=\"853\" data-id=\"101648\" src=\"https:\/\/urbeamea.ro\/albaiulia\/wp-content\/uploads\/2022\/05\/Activitati-in-context-european-1-1280x853.jpg\" alt=\"\" class=\"wp-image-101648\" srcset=\"https:\/\/urbeamea.ro\/albaiulia\/wp-content\/uploads\/2022\/05\/Activitati-in-context-european-1-1280x853.jpg 1280w, https:\/\/urbeamea.ro\/albaiulia\/wp-content\/uploads\/2022\/05\/Activitati-in-context-european-1-640x427.jpg 640w, https:\/\/urbeamea.ro\/albaiulia\/wp-content\/uploads\/2022\/05\/Activitati-in-context-european-1-150x100.jpg 150w, https:\/\/urbeamea.ro\/albaiulia\/wp-content\/uploads\/2022\/05\/Activitati-in-context-european-1-768x512.jpg 768w, https:\/\/urbeamea.ro\/albaiulia\/wp-content\/uploads\/2022\/05\/Activitati-in-context-european-1-1536x1024.jpg 1536w, https:\/\/urbeamea.ro\/albaiulia\/wp-content\/uploads\/2022\/05\/Activitati-in-context-european-1.jpg 1773w\" sizes=\"auto, (max-width: 1280px) 100vw, 1280px\" \/><\/a><\/figure>\n<\/figure>\n","protected":false},"excerpt":{"rendered":"<p>Semnifica\u021biile zilei de 9 Mai trec dincolo de importan\u021ba istoric\u0103 a acestei zile, definind viitorul nostru, \u00een special \u00een perioade de criz\u0103. Suntem rom\u00e2ni \u0219i suntem cet\u0103\u021beni europeni, de aceea Ziua Europei este, mai ales acum, o zi \u00een care trebuie s\u0103 reflect\u0103m foarte mult la solidaritatea noastr\u0103 european\u0103 Agen\u021bia pentru Dezvoltare Regional\u0103 Centru \u0219i &hellip;<\/p>\n","protected":false},"author":16,"featured_media":101649,"comment_status":"open","ping_status":"open","sticky":false,"template":"","format":"standard","meta":{"inline_featured_image":false,"footnotes":""},"categories":[1],"tags":[5100,343],"class_list":["post-101641","post","type-post","status-publish","format-standard","has-post-thumbnail","hentry","category-stiri-urbane","tag-9-mai","tag-adr-centru"],"yoast_head":"<!-- This site is optimized with the Yoast SEO plugin v27.4 - https:\/\/yoast.com\/product\/yoast-seo-wordpress\/ -->\n<title>9 mai \u2013 o zi special\u0103 pentru Rom\u00e2nia \u0219i oamenii din regiunea centru - Revista Urbea Mea - Revista de Alba<\/title>\n<meta name=\"description\" content=\"Semnifica\u021biile zilei de 9 Mai trec dincolo de importan\u021ba istoric\u0103 a acestei zile, definind viitorul nostru, \u00een special \u00een perioade de criz\u0103. Suntem rom\u00e2ni\" \/>\n<meta name=\"robots\" content=\"index, follow, max-snippet:-1, max-image-preview:large, max-video-preview:-1\" \/>\n<link rel=\"canonical\" href=\"https:\/\/urbeamea.ro\/albaiulia\/9-mai-o-zi-speciala-pentru-romania-si-oamenii-din-regiunea-centru\/\" \/>\n<meta name=\"twitter:card\" content=\"summary_large_image\" \/>\n<meta name=\"twitter:title\" content=\"9 mai \u2013 o zi special\u0103 pentru Rom\u00e2nia \u0219i oamenii din regiunea centru - Revista Urbea Mea - Revista de Alba\" \/>\n<meta name=\"twitter:description\" content=\"Semnifica\u021biile zilei de 9 Mai trec dincolo de importan\u021ba istoric\u0103 a acestei zile, definind viitorul nostru, \u00een special \u00een perioade de criz\u0103. Suntem rom\u00e2ni\" \/>\n<meta name=\"twitter:image\" content=\"https:\/\/urbeamea.ro\/albaiulia\/wp-content\/uploads\/2022\/05\/Activitati-in-context-european-4.jpg\" \/>\n<meta name=\"twitter:creator\" content=\"@urbeameaweb\" \/>\n<meta name=\"twitter:site\" content=\"@urbeameaweb\" \/>\n<script type=\"application\/ld+json\" class=\"yoast-schema-graph\">{\"@context\":\"https:\\\/\\\/schema.org\",\"@graph\":[{\"@type\":\"Article\",\"@id\":\"https:\\\/\\\/urbeamea.ro\\\/albaiulia\\\/9-mai-o-zi-speciala-pentru-romania-si-oamenii-din-regiunea-centru\\\/#article\",\"isPartOf\":{\"@id\":\"https:\\\/\\\/urbeamea.ro\\\/albaiulia\\\/9-mai-o-zi-speciala-pentru-romania-si-oamenii-din-regiunea-centru\\\/\"},\"author\":{\"name\":\"Redac\u021bia UrbeaMea\",\"@id\":\"https:\\\/\\\/urbeamea.ro\\\/albaiulia\\\/#\\\/schema\\\/person\\\/272ae98052f8ee8980f59848df070247\"},\"headline\":\"9 mai \u2013 o zi special\u0103 pentru Rom\u00e2nia \u0219i oamenii din regiunea centru\",\"datePublished\":\"2022-05-09T10:22:45+00:00\",\"dateModified\":\"2022-05-09T10:22:47+00:00\",\"mainEntityOfPage\":{\"@id\":\"https:\\\/\\\/urbeamea.ro\\\/albaiulia\\\/9-mai-o-zi-speciala-pentru-romania-si-oamenii-din-regiunea-centru\\\/\"},\"wordCount\":1182,\"commentCount\":0,\"image\":{\"@id\":\"https:\\\/\\\/urbeamea.ro\\\/albaiulia\\\/9-mai-o-zi-speciala-pentru-romania-si-oamenii-din-regiunea-centru\\\/#primaryimage\"},\"thumbnailUrl\":\"https:\\\/\\\/urbeamea.ro\\\/albaiulia\\\/wp-content\\\/uploads\\\/2022\\\/05\\\/Activitati-in-context-european-4.jpg\",\"keywords\":[\"9 mai\",\"ADR Centru\"],\"articleSection\":[\"\u015etiri Urbane\"],\"inLanguage\":\"ro-RO\",\"potentialAction\":[{\"@type\":\"CommentAction\",\"name\":\"Comment\",\"target\":[\"https:\\\/\\\/urbeamea.ro\\\/albaiulia\\\/9-mai-o-zi-speciala-pentru-romania-si-oamenii-din-regiunea-centru\\\/#respond\"]}]},{\"@type\":\"WebPage\",\"@id\":\"https:\\\/\\\/urbeamea.ro\\\/albaiulia\\\/9-mai-o-zi-speciala-pentru-romania-si-oamenii-din-regiunea-centru\\\/\",\"url\":\"https:\\\/\\\/urbeamea.ro\\\/albaiulia\\\/9-mai-o-zi-speciala-pentru-romania-si-oamenii-din-regiunea-centru\\\/\",\"name\":\"9 mai \u2013 o zi special\u0103 pentru Rom\u00e2nia \u0219i oamenii din regiunea centru - Revista Urbea Mea - Revista de Alba\",\"isPartOf\":{\"@id\":\"https:\\\/\\\/urbeamea.ro\\\/albaiulia\\\/#website\"},\"primaryImageOfPage\":{\"@id\":\"https:\\\/\\\/urbeamea.ro\\\/albaiulia\\\/9-mai-o-zi-speciala-pentru-romania-si-oamenii-din-regiunea-centru\\\/#primaryimage\"},\"image\":{\"@id\":\"https:\\\/\\\/urbeamea.ro\\\/albaiulia\\\/9-mai-o-zi-speciala-pentru-romania-si-oamenii-din-regiunea-centru\\\/#primaryimage\"},\"thumbnailUrl\":\"https:\\\/\\\/urbeamea.ro\\\/albaiulia\\\/wp-content\\\/uploads\\\/2022\\\/05\\\/Activitati-in-context-european-4.jpg\",\"datePublished\":\"2022-05-09T10:22:45+00:00\",\"dateModified\":\"2022-05-09T10:22:47+00:00\",\"author\":{\"@id\":\"https:\\\/\\\/urbeamea.ro\\\/albaiulia\\\/#\\\/schema\\\/person\\\/272ae98052f8ee8980f59848df070247\"},\"description\":\"Semnifica\u021biile zilei de 9 Mai trec dincolo de importan\u021ba istoric\u0103 a acestei zile, definind viitorul nostru, \u00een special \u00een perioade de criz\u0103. Suntem rom\u00e2ni\",\"breadcrumb\":{\"@id\":\"https:\\\/\\\/urbeamea.ro\\\/albaiulia\\\/9-mai-o-zi-speciala-pentru-romania-si-oamenii-din-regiunea-centru\\\/#breadcrumb\"},\"inLanguage\":\"ro-RO\",\"potentialAction\":[{\"@type\":\"ReadAction\",\"target\":[\"https:\\\/\\\/urbeamea.ro\\\/albaiulia\\\/9-mai-o-zi-speciala-pentru-romania-si-oamenii-din-regiunea-centru\\\/\"]}]},{\"@type\":\"ImageObject\",\"inLanguage\":\"ro-RO\",\"@id\":\"https:\\\/\\\/urbeamea.ro\\\/albaiulia\\\/9-mai-o-zi-speciala-pentru-romania-si-oamenii-din-regiunea-centru\\\/#primaryimage\",\"url\":\"https:\\\/\\\/urbeamea.ro\\\/albaiulia\\\/wp-content\\\/uploads\\\/2022\\\/05\\\/Activitati-in-context-european-4.jpg\",\"contentUrl\":\"https:\\\/\\\/urbeamea.ro\\\/albaiulia\\\/wp-content\\\/uploads\\\/2022\\\/05\\\/Activitati-in-context-european-4.jpg\",\"width\":1340,\"height\":482},{\"@type\":\"BreadcrumbList\",\"@id\":\"https:\\\/\\\/urbeamea.ro\\\/albaiulia\\\/9-mai-o-zi-speciala-pentru-romania-si-oamenii-din-regiunea-centru\\\/#breadcrumb\",\"itemListElement\":[{\"@type\":\"ListItem\",\"position\":1,\"name\":\"Prima pagin\u0103\",\"item\":\"https:\\\/\\\/urbeamea.ro\\\/albaiulia\\\/\"},{\"@type\":\"ListItem\",\"position\":2,\"name\":\"9 mai \u2013 o zi special\u0103 pentru Rom\u00e2nia \u0219i oamenii din regiunea centru\"}]},{\"@type\":\"WebSite\",\"@id\":\"https:\\\/\\\/urbeamea.ro\\\/albaiulia\\\/#website\",\"url\":\"https:\\\/\\\/urbeamea.ro\\\/albaiulia\\\/\",\"name\":\"Revista Urbea Mea, Stiri urbane\",\"description\":\"Evenimente \u0219i \u0219tiri din Alba Iulia, Sebe\u0219, Aiud, Blaj\",\"potentialAction\":[{\"@type\":\"SearchAction\",\"target\":{\"@type\":\"EntryPoint\",\"urlTemplate\":\"https:\\\/\\\/urbeamea.ro\\\/albaiulia\\\/?s={search_term_string}\"},\"query-input\":{\"@type\":\"PropertyValueSpecification\",\"valueRequired\":true,\"valueName\":\"search_term_string\"}}],\"inLanguage\":\"ro-RO\"},{\"@type\":\"Person\",\"@id\":\"https:\\\/\\\/urbeamea.ro\\\/albaiulia\\\/#\\\/schema\\\/person\\\/272ae98052f8ee8980f59848df070247\",\"name\":\"Redac\u021bia UrbeaMea\",\"image\":{\"@type\":\"ImageObject\",\"inLanguage\":\"ro-RO\",\"@id\":\"https:\\\/\\\/secure.gravatar.com\\\/avatar\\\/9ce5a9435071fa1037e8468053ead8e513dbbff59009d3069aadb85506d85a27?s=96&d=mm&r=g\",\"url\":\"https:\\\/\\\/secure.gravatar.com\\\/avatar\\\/9ce5a9435071fa1037e8468053ead8e513dbbff59009d3069aadb85506d85a27?s=96&d=mm&r=g\",\"contentUrl\":\"https:\\\/\\\/secure.gravatar.com\\\/avatar\\\/9ce5a9435071fa1037e8468053ead8e513dbbff59009d3069aadb85506d85a27?s=96&d=mm&r=g\",\"caption\":\"Redac\u021bia UrbeaMea\"},\"description\":\"contact@urbeamea.ro\",\"sameAs\":[\"https:\\\/\\\/www.urbeamea.ro\"],\"url\":\"https:\\\/\\\/urbeamea.ro\\\/albaiulia\\\/author\\\/redactia-urbeamea\\\/\"}]}<\/script>\n<!-- \/ Yoast SEO plugin. -->","yoast_head_json":{"title":"9 mai \u2013 o zi special\u0103 pentru Rom\u00e2nia \u0219i oamenii din regiunea centru - Revista Urbea Mea - Revista de Alba","description":"Semnifica\u021biile zilei de 9 Mai trec dincolo de importan\u021ba istoric\u0103 a acestei zile, definind viitorul nostru, \u00een special \u00een perioade de criz\u0103. Suntem rom\u00e2ni","robots":{"index":"index","follow":"follow","max-snippet":"max-snippet:-1","max-image-preview":"max-image-preview:large","max-video-preview":"max-video-preview:-1"},"canonical":"https:\/\/urbeamea.ro\/albaiulia\/9-mai-o-zi-speciala-pentru-romania-si-oamenii-din-regiunea-centru\/","twitter_card":"summary_large_image","twitter_title":"9 mai \u2013 o zi special\u0103 pentru Rom\u00e2nia \u0219i oamenii din regiunea centru - Revista Urbea Mea - Revista de Alba","twitter_description":"Semnifica\u021biile zilei de 9 Mai trec dincolo de importan\u021ba istoric\u0103 a acestei zile, definind viitorul nostru, \u00een special \u00een perioade de criz\u0103. Suntem rom\u00e2ni","twitter_image":"https:\/\/urbeamea.ro\/albaiulia\/wp-content\/uploads\/2022\/05\/Activitati-in-context-european-4.jpg","twitter_creator":"@urbeameaweb","twitter_site":"@urbeameaweb","schema":{"@context":"https:\/\/schema.org","@graph":[{"@type":"Article","@id":"https:\/\/urbeamea.ro\/albaiulia\/9-mai-o-zi-speciala-pentru-romania-si-oamenii-din-regiunea-centru\/#article","isPartOf":{"@id":"https:\/\/urbeamea.ro\/albaiulia\/9-mai-o-zi-speciala-pentru-romania-si-oamenii-din-regiunea-centru\/"},"author":{"name":"Redac\u021bia UrbeaMea","@id":"https:\/\/urbeamea.ro\/albaiulia\/#\/schema\/person\/272ae98052f8ee8980f59848df070247"},"headline":"9 mai \u2013 o zi special\u0103 pentru Rom\u00e2nia \u0219i oamenii din regiunea centru","datePublished":"2022-05-09T10:22:45+00:00","dateModified":"2022-05-09T10:22:47+00:00","mainEntityOfPage":{"@id":"https:\/\/urbeamea.ro\/albaiulia\/9-mai-o-zi-speciala-pentru-romania-si-oamenii-din-regiunea-centru\/"},"wordCount":1182,"commentCount":0,"image":{"@id":"https:\/\/urbeamea.ro\/albaiulia\/9-mai-o-zi-speciala-pentru-romania-si-oamenii-din-regiunea-centru\/#primaryimage"},"thumbnailUrl":"https:\/\/urbeamea.ro\/albaiulia\/wp-content\/uploads\/2022\/05\/Activitati-in-context-european-4.jpg","keywords":["9 mai","ADR Centru"],"articleSection":["\u015etiri Urbane"],"inLanguage":"ro-RO","potentialAction":[{"@type":"CommentAction","name":"Comment","target":["https:\/\/urbeamea.ro\/albaiulia\/9-mai-o-zi-speciala-pentru-romania-si-oamenii-din-regiunea-centru\/#respond"]}]},{"@type":"WebPage","@id":"https:\/\/urbeamea.ro\/albaiulia\/9-mai-o-zi-speciala-pentru-romania-si-oamenii-din-regiunea-centru\/","url":"https:\/\/urbeamea.ro\/albaiulia\/9-mai-o-zi-speciala-pentru-romania-si-oamenii-din-regiunea-centru\/","name":"9 mai \u2013 o zi special\u0103 pentru Rom\u00e2nia \u0219i oamenii din regiunea centru - Revista Urbea Mea - Revista de Alba","isPartOf":{"@id":"https:\/\/urbeamea.ro\/albaiulia\/#website"},"primaryImageOfPage":{"@id":"https:\/\/urbeamea.ro\/albaiulia\/9-mai-o-zi-speciala-pentru-romania-si-oamenii-din-regiunea-centru\/#primaryimage"},"image":{"@id":"https:\/\/urbeamea.ro\/albaiulia\/9-mai-o-zi-speciala-pentru-romania-si-oamenii-din-regiunea-centru\/#primaryimage"},"thumbnailUrl":"https:\/\/urbeamea.ro\/albaiulia\/wp-content\/uploads\/2022\/05\/Activitati-in-context-european-4.jpg","datePublished":"2022-05-09T10:22:45+00:00","dateModified":"2022-05-09T10:22:47+00:00","author":{"@id":"https:\/\/urbeamea.ro\/albaiulia\/#\/schema\/person\/272ae98052f8ee8980f59848df070247"},"description":"Semnifica\u021biile zilei de 9 Mai trec dincolo de importan\u021ba istoric\u0103 a acestei zile, definind viitorul nostru, \u00een special \u00een perioade de criz\u0103. Suntem rom\u00e2ni","breadcrumb":{"@id":"https:\/\/urbeamea.ro\/albaiulia\/9-mai-o-zi-speciala-pentru-romania-si-oamenii-din-regiunea-centru\/#breadcrumb"},"inLanguage":"ro-RO","potentialAction":[{"@type":"ReadAction","target":["https:\/\/urbeamea.ro\/albaiulia\/9-mai-o-zi-speciala-pentru-romania-si-oamenii-din-regiunea-centru\/"]}]},{"@type":"ImageObject","inLanguage":"ro-RO","@id":"https:\/\/urbeamea.ro\/albaiulia\/9-mai-o-zi-speciala-pentru-romania-si-oamenii-din-regiunea-centru\/#primaryimage","url":"https:\/\/urbeamea.ro\/albaiulia\/wp-content\/uploads\/2022\/05\/Activitati-in-context-european-4.jpg","contentUrl":"https:\/\/urbeamea.ro\/albaiulia\/wp-content\/uploads\/2022\/05\/Activitati-in-context-european-4.jpg","width":1340,"height":482},{"@type":"BreadcrumbList","@id":"https:\/\/urbeamea.ro\/albaiulia\/9-mai-o-zi-speciala-pentru-romania-si-oamenii-din-regiunea-centru\/#breadcrumb","itemListElement":[{"@type":"ListItem","position":1,"name":"Prima pagin\u0103","item":"https:\/\/urbeamea.ro\/albaiulia\/"},{"@type":"ListItem","position":2,"name":"9 mai \u2013 o zi special\u0103 pentru Rom\u00e2nia \u0219i oamenii din regiunea centru"}]},{"@type":"WebSite","@id":"https:\/\/urbeamea.ro\/albaiulia\/#website","url":"https:\/\/urbeamea.ro\/albaiulia\/","name":"Revista Urbea Mea, Stiri urbane","description":"Evenimente \u0219i \u0219tiri din Alba Iulia, Sebe\u0219, Aiud, Blaj","potentialAction":[{"@type":"SearchAction","target":{"@type":"EntryPoint","urlTemplate":"https:\/\/urbeamea.ro\/albaiulia\/?s={search_term_string}"},"query-input":{"@type":"PropertyValueSpecification","valueRequired":true,"valueName":"search_term_string"}}],"inLanguage":"ro-RO"},{"@type":"Person","@id":"https:\/\/urbeamea.ro\/albaiulia\/#\/schema\/person\/272ae98052f8ee8980f59848df070247","name":"Redac\u021bia UrbeaMea","image":{"@type":"ImageObject","inLanguage":"ro-RO","@id":"https:\/\/secure.gravatar.com\/avatar\/9ce5a9435071fa1037e8468053ead8e513dbbff59009d3069aadb85506d85a27?s=96&d=mm&r=g","url":"https:\/\/secure.gravatar.com\/avatar\/9ce5a9435071fa1037e8468053ead8e513dbbff59009d3069aadb85506d85a27?s=96&d=mm&r=g","contentUrl":"https:\/\/secure.gravatar.com\/avatar\/9ce5a9435071fa1037e8468053ead8e513dbbff59009d3069aadb85506d85a27?s=96&d=mm&r=g","caption":"Redac\u021bia UrbeaMea"},"description":"contact@urbeamea.ro","sameAs":["https:\/\/www.urbeamea.ro"],"url":"https:\/\/urbeamea.ro\/albaiulia\/author\/redactia-urbeamea\/"}]}},"_links":{"self":[{"href":"https:\/\/urbeamea.ro\/albaiulia\/wp-json\/wp\/v2\/posts\/101641","targetHints":{"allow":["GET"]}}],"collection":[{"href":"https:\/\/urbeamea.ro\/albaiulia\/wp-json\/wp\/v2\/posts"}],"about":[{"href":"https:\/\/urbeamea.ro\/albaiulia\/wp-json\/wp\/v2\/types\/post"}],"author":[{"embeddable":true,"href":"https:\/\/urbeamea.ro\/albaiulia\/wp-json\/wp\/v2\/users\/16"}],"replies":[{"embeddable":true,"href":"https:\/\/urbeamea.ro\/albaiulia\/wp-json\/wp\/v2\/comments?post=101641"}],"version-history":[{"count":1,"href":"https:\/\/urbeamea.ro\/albaiulia\/wp-json\/wp\/v2\/posts\/101641\/revisions"}],"predecessor-version":[{"id":101650,"href":"https:\/\/urbeamea.ro\/albaiulia\/wp-json\/wp\/v2\/posts\/101641\/revisions\/101650"}],"wp:featuredmedia":[{"embeddable":true,"href":"https:\/\/urbeamea.ro\/albaiulia\/wp-json\/wp\/v2\/media\/101649"}],"wp:attachment":[{"href":"https:\/\/urbeamea.ro\/albaiulia\/wp-json\/wp\/v2\/media?parent=101641"}],"wp:term":[{"taxonomy":"category","embeddable":true,"href":"https:\/\/urbeamea.ro\/albaiulia\/wp-json\/wp\/v2\/categories?post=101641"},{"taxonomy":"post_tag","embeddable":true,"href":"https:\/\/urbeamea.ro\/albaiulia\/wp-json\/wp\/v2\/tags?post=101641"}],"curies":[{"name":"wp","href":"https:\/\/api.w.org\/{rel}","templated":true}]}}