{"id":101798,"date":"2022-05-13T19:23:53","date_gmt":"2022-05-13T16:23:53","guid":{"rendered":"https:\/\/urbeamea.ro\/albaiulia\/?p=101798"},"modified":"2022-05-14T17:36:42","modified_gmt":"2022-05-14T14:36:42","slug":"5-motive-si-un-teaser-pentru-care-sa-mergi-maine-la-biblioteca-batthyaneum-din-alba-iulia-de-noaptea-muzeelor","status":"publish","type":"post","link":"https:\/\/urbeamea.ro\/albaiulia\/5-motive-si-un-teaser-pentru-care-sa-mergi-maine-la-biblioteca-batthyaneum-din-alba-iulia-de-noaptea-muzeelor\/","title":{"rendered":"5 MOTIVE \u0219i un TEASER pentru care s\u0103 mergi m\u00e2ine la Biblioteca Batthyaneum din Alba Iulia, de Noaptea Muzeelor!"},"content":{"rendered":"\n<ol class=\"wp-block-list\" type=\"1\"><li>E deschis! (de la 18.00 la 23.00) Se intr\u0103 liber, pe baz\u0103 de buletin, nu mai mul\u021bi de 15 odat\u0103, f\u0103r\u0103 vreo cerere prealabil\u0103.<\/li><li>Nu ai intrat niciodat\u0103. \u00cen mod normal, dac\u0103 nu e\u0219ti cercet\u0103tor, dac\u0103 nu \u0219tii citi \u00een latin\u0103, greac\u0103, german\u0103 \u0219i alte limbi de circula\u021bie, dar de alt secol, nici nu prea ai ce c\u0103uta s\u0103 intri la Batthyaneum \u00eentr-o zi obi\u0219nuit\u0103, pentru c\u0103 biblioteca, de\u0219i are un spa\u021biu expozi\u021bional permanent, nu este (\u00eenc\u0103) deschis\u0103 publicului, f\u0103r\u0103 aprobare de la Bucure\u0219ti, ca obiectiv turistic.<\/li><li>Ai mai fost \u0219i \u0219tii c\u0103 merit\u0103! Ai prins un loc la coad\u0103, de Ziua Por\u021bilor Deschise, \u0219i ai \u0219i intrat, te-ai minunat de exponate, dar te-a l\u0103sat bateria la telefon \u0219i nu mai re\u021bii, \u00een am\u0103nunt, cam ce-ai v\u0103zut pe acolo. P.S.: E liber la poze cu telefonul!<\/li><li>Vor fi trei s\u0103li expozi\u021bionale, cu tematic\u0103 distinct\u0103. Una dedicat\u0103 Observatorului astronomic batthyanian, reconstituit la o scar\u0103 mai mic\u0103, cu tot felul de instrumente spectaculoase \u0219i aparate specifice, de pe vremea lui Antonius Martonfi, primul director al Institutului, descrise \u00een Initia Astronomica (1798). Alta cu tablouri \u0219i ve\u0219minte ori obiecte liturgice, una dintre pisele de rezisten\u021b\u0103 fiind un asemenea ve\u0219m\u00e2nt realizat din trena rochiei de mireas\u0103 a \u00eemp\u0103r\u0103tesei Maria Tereza a Austriei (1737). \u0218i o a treia, alc\u0103tuit\u0103 din obiecte personale de-ale episcopilor Ign\u00e1c Batthy\u00e1ny (1741-1798) \u0219i Gustave Majlath (1864-1940), unele dintre ele foarte personale!<\/li><li>Va concerta, absolut fabulos, orchestra de camer\u0103 \u201eHarmony of Sounds\u201d, format\u0103 din profesori \u0219i elevi ai Liceului de Arte \u201eRegina Maria\u201d, din Alba Iulia. Asta de la ora 21.00 la 21.30. Repertoriul: Amazing Grace, Pilgrim, Overcomer, Cornerstone, Awesome God. \u0218i va fi loc pentru toat\u0103 lumea, dac\u0103 nu plou\u0103, se va \u00eent\u00e2mpla afar\u0103, \u00een fa\u021ba bibliotecii.<\/li><\/ol>\n\n\n\n<p class=\"wp-block-paragraph\"><strong>Teaserul:<\/strong><\/p>\n\n\n\n<p class=\"wp-block-paragraph\">Cu aceast\u0103 ocazie vor fi expuse \u0219i obiectele folosite de episcopul Batthy\u00e1ny la &#8230;autoflagelare. O coroan\u0103 de spini, un bici (flagellum) \u0219i un ciliciu (cilicium) de la care nu ar fi exclus s\u0103 i se fi tras chiar moartea, dat fiind c\u0103 au r\u0103mas m\u0103rturii scrise cu privire la o problem\u0103 la picioare, o afec\u021biune, poate o infec\u021bie, iar scula asta de tortur\u0103 fix pe picior se prindea! \u201eCiliciul putea fi un br\u00e2u (centur\u0103), o c\u0103ma\u0219\u0103 din p\u0103r aspru sau un lan\u021b cu \u021bepi. Era purtat sub \u00eembr\u0103c\u0103minte, direct pe piele, din motive ascetice sau ca peniten\u021b\u0103. Acesta nu p\u0103trundea \u00een piele, ci doar cauza un enorm disconfort. De obicei era a\u0219ezat \u00een jurul coapsei, spre a contracara apetitul sexual. (&#8230;). \u00cen Noul Testament Sf. Ioan Botez\u0103torul purta o c\u0103ma\u0219\u0103 de peniten\u021b\u0103 din p\u0103r de c\u0103mil\u0103. \u00cencep\u00e2nd din sec. 4, peniten\u021bii ecleziastici purtau ciliciu din p\u0103r de cal sau de porc. De-a lungul timpului au purtat ciliciu pesonalit\u0103\u021bi religioase sau laice printre care: Thomas Becket, Francisc de Assisi, Tereza de Lisieux, Maica Tereza, papa Paul al VI-lea \u0219i Henric al IV-lea, \u00cemp\u0103ratul Sf\u00e2ntului Imperiu Roman, pe drumul spre Canossa\u201d, zice wikipedia.<\/p>\n\n\n\n<p class=\"wp-block-paragraph\">Mai multe detalii interesante despre obiectele muzeale expuse ve\u021bi afla de la personalul Bibliotecii Batthyaneum m\u00e2ine, de Noaptea Muzeelor. Nu rata\u021bi obiectivul!<\/p>\n\n\n\n<p class=\"wp-block-paragraph\"><strong>Mesajul organizatorilor:<\/strong><\/p>\n\n\n\n<p class=\"wp-block-paragraph\">Biblioteca Batthyaneum este una dintre cele mai importante biblioteci documentare din Rom\u00e2nia, cu o colec\u021bie impresionant\u0103 de manuscrise, incunabule, carte veche \u0219i documente remarcabile privitoare la istoria Transilvaniei. Mai pu\u021bin cunoscut este faptul c\u0103 Biblioteca Batthyaneum de\u021bine \u0219i o colec\u021bie excep\u021bional\u0103 de obiecte muzeale, o parte dintre ele fiind expus\u0103 \u00eentr-un spa\u021biu expozi\u021bional, special amenajat. Astfel, vizitatorii se vor putea bucura de o expozi\u021bie desf\u0103\u0219urat\u0103 pe trei s\u0103li (Aula Magna nu va intra \u00een circuitul de vizitare).<\/p>\n\n\n\n<p class=\"wp-block-paragraph\">\u00cen plus, ace\u0219tia vor putea admira o parte din instrumentele astronomice ale vechiului Observator astronomic batthyanian, al\u0103turi de multe documente spectaculoase care pun \u00een scen\u0103 leg\u0103turile episcopului Igantius de Batthy\u00e1n cu primul director al Observatorului astronomic, ucenicul Antonius Martonfi, \u0219i coresponde\u021ba acestora cu unii dintre cei mai str\u0103luci\u021bi astronomi ai secolului XVIII. Intrarea este liber\u0103, nefiind necesar\u0103 nicio aprobare special\u0103 prealabil\u0103. Vizitatorii sunt ruga\u021bi s\u0103 aib\u0103 buletinul de identitate la ei, iar grupurile nu pot fi mai mari de 15 persoane odat\u0103.<\/p>\n\n\n\n<p class=\"wp-block-paragraph\">P\u00e2n\u0103 atunci, v\u0103 rug\u0103m s\u0103 distribui\u021bi acest eveniment \u0219i s\u0103 ne da\u021bi un like paginii de Facebook. Ne pute\u021bi urm\u0103ri \u0219i pe Instagram, aici:<\/p>\n\n\n\n<p class=\"wp-block-paragraph\"><a href=\"https:\/\/www.instagram.com\/batthyaneumlibrary\/?hl=en\">https:\/\/www.instagram.com\/batthyaneumlibrary\/?hl=en<\/a><\/p>\n\n\n\n<p class=\"wp-block-paragraph\">Pentru alte detalii, v\u0103 rug\u0103m s\u0103 ne contacta\u021bi pe adresa: batthyaneum@bibnat.ro<\/p>\n\n\n\n<figure class=\"wp-block-gallery has-nested-images columns-default is-cropped wp-block-gallery-1 is-layout-flex wp-block-gallery-is-layout-flex\">\n<figure class=\"wp-block-image size-large\"><img loading=\"lazy\" decoding=\"async\" width=\"526\" height=\"636\" data-id=\"101799\" src=\"https:\/\/urbeamea.ro\/albaiulia\/wp-content\/uploads\/2022\/05\/batthy-6.jpeg\" alt=\"\" class=\"wp-image-101799\" srcset=\"https:\/\/urbeamea.ro\/albaiulia\/wp-content\/uploads\/2022\/05\/batthy-6.jpeg 526w, https:\/\/urbeamea.ro\/albaiulia\/wp-content\/uploads\/2022\/05\/batthy-6-124x150.jpeg 124w\" sizes=\"auto, (max-width: 526px) 100vw, 526px\" \/><\/figure>\n\n\n\n<figure class=\"wp-block-image size-large\"><a href=\"https:\/\/urbeamea.ro\/albaiulia\/wp-content\/uploads\/2022\/05\/vesmant.jpg\"><img loading=\"lazy\" decoding=\"async\" width=\"960\" height=\"1280\" data-id=\"101805\" src=\"https:\/\/urbeamea.ro\/albaiulia\/wp-content\/uploads\/2022\/05\/vesmant-960x1280.jpg\" alt=\"\" class=\"wp-image-101805\" srcset=\"https:\/\/urbeamea.ro\/albaiulia\/wp-content\/uploads\/2022\/05\/vesmant-960x1280.jpg 960w, https:\/\/urbeamea.ro\/albaiulia\/wp-content\/uploads\/2022\/05\/vesmant-480x640.jpg 480w, https:\/\/urbeamea.ro\/albaiulia\/wp-content\/uploads\/2022\/05\/vesmant-113x150.jpg 113w, https:\/\/urbeamea.ro\/albaiulia\/wp-content\/uploads\/2022\/05\/vesmant-768x1024.jpg 768w, https:\/\/urbeamea.ro\/albaiulia\/wp-content\/uploads\/2022\/05\/vesmant-1152x1536.jpg 1152w, https:\/\/urbeamea.ro\/albaiulia\/wp-content\/uploads\/2022\/05\/vesmant.jpg 1200w\" sizes=\"auto, (max-width: 960px) 100vw, 960px\" \/><\/a><\/figure>\n\n\n\n<figure class=\"wp-block-image size-large\"><a href=\"https:\/\/urbeamea.ro\/albaiulia\/wp-content\/uploads\/2022\/05\/batthy-1.jpeg\"><img loading=\"lazy\" decoding=\"async\" width=\"795\" height=\"1280\" data-id=\"101804\" src=\"https:\/\/urbeamea.ro\/albaiulia\/wp-content\/uploads\/2022\/05\/batthy-1-795x1280.jpeg\" alt=\"\" class=\"wp-image-101804\" srcset=\"https:\/\/urbeamea.ro\/albaiulia\/wp-content\/uploads\/2022\/05\/batthy-1-795x1280.jpeg 795w, https:\/\/urbeamea.ro\/albaiulia\/wp-content\/uploads\/2022\/05\/batthy-1-398x640.jpeg 398w, https:\/\/urbeamea.ro\/albaiulia\/wp-content\/uploads\/2022\/05\/batthy-1-93x150.jpeg 93w, https:\/\/urbeamea.ro\/albaiulia\/wp-content\/uploads\/2022\/05\/batthy-1-768x1236.jpeg 768w, https:\/\/urbeamea.ro\/albaiulia\/wp-content\/uploads\/2022\/05\/batthy-1-954x1536.jpeg 954w, https:\/\/urbeamea.ro\/albaiulia\/wp-content\/uploads\/2022\/05\/batthy-1.jpeg 994w\" sizes=\"auto, (max-width: 795px) 100vw, 795px\" \/><\/a><\/figure>\n\n\n\n<figure class=\"wp-block-image size-large\"><a href=\"https:\/\/urbeamea.ro\/albaiulia\/wp-content\/uploads\/2022\/05\/batthy-2.jpeg\"><img loading=\"lazy\" decoding=\"async\" width=\"1000\" height=\"1280\" data-id=\"101803\" src=\"https:\/\/urbeamea.ro\/albaiulia\/wp-content\/uploads\/2022\/05\/batthy-2-1000x1280.jpeg\" alt=\"\" class=\"wp-image-101803\" srcset=\"https:\/\/urbeamea.ro\/albaiulia\/wp-content\/uploads\/2022\/05\/batthy-2-1000x1280.jpeg 1000w, https:\/\/urbeamea.ro\/albaiulia\/wp-content\/uploads\/2022\/05\/batthy-2-500x640.jpeg 500w, https:\/\/urbeamea.ro\/albaiulia\/wp-content\/uploads\/2022\/05\/batthy-2-117x150.jpeg 117w, https:\/\/urbeamea.ro\/albaiulia\/wp-content\/uploads\/2022\/05\/batthy-2-768x983.jpeg 768w, https:\/\/urbeamea.ro\/albaiulia\/wp-content\/uploads\/2022\/05\/batthy-2-1200x1536.jpeg 1200w, https:\/\/urbeamea.ro\/albaiulia\/wp-content\/uploads\/2022\/05\/batthy-2.jpeg 1250w\" sizes=\"auto, (max-width: 1000px) 100vw, 1000px\" \/><\/a><\/figure>\n\n\n\n<figure class=\"wp-block-image size-large\"><a href=\"https:\/\/urbeamea.ro\/albaiulia\/wp-content\/uploads\/2022\/05\/batthy-3.jpeg\"><img loading=\"lazy\" decoding=\"async\" width=\"1280\" height=\"853\" data-id=\"101800\" src=\"https:\/\/urbeamea.ro\/albaiulia\/wp-content\/uploads\/2022\/05\/batthy-3-1280x853.jpeg\" alt=\"\" class=\"wp-image-101800\" srcset=\"https:\/\/urbeamea.ro\/albaiulia\/wp-content\/uploads\/2022\/05\/batthy-3-1280x853.jpeg 1280w, https:\/\/urbeamea.ro\/albaiulia\/wp-content\/uploads\/2022\/05\/batthy-3-640x426.jpeg 640w, https:\/\/urbeamea.ro\/albaiulia\/wp-content\/uploads\/2022\/05\/batthy-3-150x100.jpeg 150w, https:\/\/urbeamea.ro\/albaiulia\/wp-content\/uploads\/2022\/05\/batthy-3-768x512.jpeg 768w, https:\/\/urbeamea.ro\/albaiulia\/wp-content\/uploads\/2022\/05\/batthy-3-1536x1023.jpeg 1536w, https:\/\/urbeamea.ro\/albaiulia\/wp-content\/uploads\/2022\/05\/batthy-3.jpeg 1600w\" sizes=\"auto, (max-width: 1280px) 100vw, 1280px\" \/><\/a><\/figure>\n\n\n\n<figure class=\"wp-block-image size-large\"><a href=\"https:\/\/urbeamea.ro\/albaiulia\/wp-content\/uploads\/2022\/05\/batthy-4.jpeg\"><img loading=\"lazy\" decoding=\"async\" width=\"1280\" height=\"853\" data-id=\"101801\" src=\"https:\/\/urbeamea.ro\/albaiulia\/wp-content\/uploads\/2022\/05\/batthy-4-1280x853.jpeg\" alt=\"\" class=\"wp-image-101801\" srcset=\"https:\/\/urbeamea.ro\/albaiulia\/wp-content\/uploads\/2022\/05\/batthy-4-1280x853.jpeg 1280w, https:\/\/urbeamea.ro\/albaiulia\/wp-content\/uploads\/2022\/05\/batthy-4-640x426.jpeg 640w, https:\/\/urbeamea.ro\/albaiulia\/wp-content\/uploads\/2022\/05\/batthy-4-150x100.jpeg 150w, https:\/\/urbeamea.ro\/albaiulia\/wp-content\/uploads\/2022\/05\/batthy-4-768x512.jpeg 768w, https:\/\/urbeamea.ro\/albaiulia\/wp-content\/uploads\/2022\/05\/batthy-4-1536x1023.jpeg 1536w, https:\/\/urbeamea.ro\/albaiulia\/wp-content\/uploads\/2022\/05\/batthy-4.jpeg 1600w\" sizes=\"auto, (max-width: 1280px) 100vw, 1280px\" \/><\/a><\/figure>\n\n\n\n<figure class=\"wp-block-image size-large\"><a href=\"https:\/\/urbeamea.ro\/albaiulia\/wp-content\/uploads\/2022\/05\/batthy-5.jpeg\"><img loading=\"lazy\" decoding=\"async\" width=\"1280\" height=\"853\" data-id=\"101802\" src=\"https:\/\/urbeamea.ro\/albaiulia\/wp-content\/uploads\/2022\/05\/batthy-5-1280x853.jpeg\" alt=\"\" class=\"wp-image-101802\" srcset=\"https:\/\/urbeamea.ro\/albaiulia\/wp-content\/uploads\/2022\/05\/batthy-5-1280x853.jpeg 1280w, https:\/\/urbeamea.ro\/albaiulia\/wp-content\/uploads\/2022\/05\/batthy-5-640x426.jpeg 640w, https:\/\/urbeamea.ro\/albaiulia\/wp-content\/uploads\/2022\/05\/batthy-5-150x100.jpeg 150w, https:\/\/urbeamea.ro\/albaiulia\/wp-content\/uploads\/2022\/05\/batthy-5-768x512.jpeg 768w, https:\/\/urbeamea.ro\/albaiulia\/wp-content\/uploads\/2022\/05\/batthy-5-1536x1023.jpeg 1536w, https:\/\/urbeamea.ro\/albaiulia\/wp-content\/uploads\/2022\/05\/batthy-5.jpeg 1600w\" sizes=\"auto, (max-width: 1280px) 100vw, 1280px\" \/><\/a><\/figure>\n<\/figure>\n","protected":false},"excerpt":{"rendered":"<p>E deschis! (de la 18.00 la 23.00) Se intr\u0103 liber, pe baz\u0103 de buletin, nu mai mul\u021bi de 15 odat\u0103, f\u0103r\u0103 vreo cerere prealabil\u0103.Nu ai intrat niciodat\u0103. \u00cen mod normal, dac\u0103 nu e\u0219ti cercet\u0103tor, dac\u0103 nu \u0219tii citi \u00een latin\u0103, greac\u0103, german\u0103 \u0219i alte limbi de circula\u021bie, dar de alt secol, nici nu prea ai &hellip;<\/p>\n","protected":false},"author":27,"featured_media":68394,"comment_status":"open","ping_status":"open","sticky":false,"template":"","format":"standard","meta":{"inline_featured_image":false,"footnotes":""},"categories":[1],"tags":[97,24239,24240],"class_list":["post-101798","post","type-post","status-publish","format-standard","has-post-thumbnail","hentry","category-stiri-urbane","tag-biblioteca-batthyaneum","tag-noaptea-muzeelor-2022","tag-noaptea-muzeelor-la-alba-iulia"],"yoast_head":"<!-- This site is optimized with the Yoast SEO plugin v28.3 - https:\/\/yoast.com\/product\/yoast-seo-wordpress\/ -->\n<title>5 MOTIVE \u0219i un TEASER pentru care s\u0103 mergi m\u00e2ine la Biblioteca Batthyaneum din Alba Iulia, de Noaptea Muzeelor! - Revista Urbea Mea - Revista de Alba<\/title>\n<meta name=\"description\" content=\"E deschis! (de la 18.00 la 23.00) Se intr\u0103 liber, pe baz\u0103 de buletin, nu mai mul\u021bi de 15 odat\u0103, f\u0103r\u0103 vreo cerere prealabil\u0103.Nu ai intrat niciodat\u0103. \u00cen mod\" \/>\n<meta name=\"robots\" content=\"index, follow, max-snippet:-1, max-image-preview:large, max-video-preview:-1\" \/>\n<link rel=\"canonical\" href=\"https:\/\/urbeamea.ro\/albaiulia\/5-motive-si-un-teaser-pentru-care-sa-mergi-maine-la-biblioteca-batthyaneum-din-alba-iulia-de-noaptea-muzeelor\/\" \/>\n<meta name=\"twitter:card\" content=\"summary_large_image\" \/>\n<meta name=\"twitter:title\" content=\"5 MOTIVE \u0219i un TEASER pentru care s\u0103 mergi m\u00e2ine la Biblioteca Batthyaneum din Alba Iulia, de Noaptea Muzeelor! - Revista Urbea Mea - Revista de Alba\" \/>\n<meta name=\"twitter:description\" content=\"E deschis! (de la 18.00 la 23.00) Se intr\u0103 liber, pe baz\u0103 de buletin, nu mai mul\u021bi de 15 odat\u0103, f\u0103r\u0103 vreo cerere prealabil\u0103.Nu ai intrat niciodat\u0103. \u00cen mod\" \/>\n<meta name=\"twitter:image\" content=\"https:\/\/urbeamea.ro\/albaiulia\/wp-content\/uploads\/2018\/10\/BIBLIOTECA-BATTHYANEUM-2.jpg\" \/>\n<meta name=\"twitter:creator\" content=\"@urbeameaweb\" \/>\n<meta name=\"twitter:site\" content=\"@urbeameaweb\" \/>\n<script type=\"application\/ld+json\" class=\"yoast-schema-graph\">{\"@context\":\"https:\\\/\\\/schema.org\",\"@graph\":[{\"@type\":\"Article\",\"@id\":\"https:\\\/\\\/urbeamea.ro\\\/albaiulia\\\/5-motive-si-un-teaser-pentru-care-sa-mergi-maine-la-biblioteca-batthyaneum-din-alba-iulia-de-noaptea-muzeelor\\\/#article\",\"isPartOf\":{\"@id\":\"https:\\\/\\\/urbeamea.ro\\\/albaiulia\\\/5-motive-si-un-teaser-pentru-care-sa-mergi-maine-la-biblioteca-batthyaneum-din-alba-iulia-de-noaptea-muzeelor\\\/\"},\"author\":{\"name\":\"Stoia Daniela\",\"@id\":\"https:\\\/\\\/urbeamea.ro\\\/albaiulia\\\/#\\\/schema\\\/person\\\/91e3c5a380c685aef9f0295ef6449b3c\"},\"headline\":\"5 MOTIVE \u0219i un TEASER pentru care s\u0103 mergi m\u00e2ine la Biblioteca Batthyaneum din Alba Iulia, de Noaptea Muzeelor!\",\"datePublished\":\"2022-05-13T16:23:53+00:00\",\"dateModified\":\"2022-05-14T14:36:42+00:00\",\"mainEntityOfPage\":{\"@id\":\"https:\\\/\\\/urbeamea.ro\\\/albaiulia\\\/5-motive-si-un-teaser-pentru-care-sa-mergi-maine-la-biblioteca-batthyaneum-din-alba-iulia-de-noaptea-muzeelor\\\/\"},\"wordCount\":797,\"commentCount\":0,\"image\":{\"@id\":\"https:\\\/\\\/urbeamea.ro\\\/albaiulia\\\/5-motive-si-un-teaser-pentru-care-sa-mergi-maine-la-biblioteca-batthyaneum-din-alba-iulia-de-noaptea-muzeelor\\\/#primaryimage\"},\"thumbnailUrl\":\"https:\\\/\\\/urbeamea.ro\\\/albaiulia\\\/wp-content\\\/uploads\\\/2018\\\/10\\\/BIBLIOTECA-BATTHYANEUM-2.jpg\",\"keywords\":[\"Biblioteca Batthyaneum\",\"Noaptea Muzeelor 2022\",\"Noaptea muzeelor la Alba Iulia\"],\"articleSection\":[\"\u015etiri Urbane\"],\"inLanguage\":\"ro-RO\",\"potentialAction\":[{\"@type\":\"CommentAction\",\"name\":\"Comment\",\"target\":[\"https:\\\/\\\/urbeamea.ro\\\/albaiulia\\\/5-motive-si-un-teaser-pentru-care-sa-mergi-maine-la-biblioteca-batthyaneum-din-alba-iulia-de-noaptea-muzeelor\\\/#respond\"]}]},{\"@type\":\"WebPage\",\"@id\":\"https:\\\/\\\/urbeamea.ro\\\/albaiulia\\\/5-motive-si-un-teaser-pentru-care-sa-mergi-maine-la-biblioteca-batthyaneum-din-alba-iulia-de-noaptea-muzeelor\\\/\",\"url\":\"https:\\\/\\\/urbeamea.ro\\\/albaiulia\\\/5-motive-si-un-teaser-pentru-care-sa-mergi-maine-la-biblioteca-batthyaneum-din-alba-iulia-de-noaptea-muzeelor\\\/\",\"name\":\"5 MOTIVE \u0219i un TEASER pentru care s\u0103 mergi m\u00e2ine la Biblioteca Batthyaneum din Alba Iulia, de Noaptea Muzeelor! - Revista Urbea Mea - Revista de Alba\",\"isPartOf\":{\"@id\":\"https:\\\/\\\/urbeamea.ro\\\/albaiulia\\\/#website\"},\"primaryImageOfPage\":{\"@id\":\"https:\\\/\\\/urbeamea.ro\\\/albaiulia\\\/5-motive-si-un-teaser-pentru-care-sa-mergi-maine-la-biblioteca-batthyaneum-din-alba-iulia-de-noaptea-muzeelor\\\/#primaryimage\"},\"image\":{\"@id\":\"https:\\\/\\\/urbeamea.ro\\\/albaiulia\\\/5-motive-si-un-teaser-pentru-care-sa-mergi-maine-la-biblioteca-batthyaneum-din-alba-iulia-de-noaptea-muzeelor\\\/#primaryimage\"},\"thumbnailUrl\":\"https:\\\/\\\/urbeamea.ro\\\/albaiulia\\\/wp-content\\\/uploads\\\/2018\\\/10\\\/BIBLIOTECA-BATTHYANEUM-2.jpg\",\"datePublished\":\"2022-05-13T16:23:53+00:00\",\"dateModified\":\"2022-05-14T14:36:42+00:00\",\"author\":{\"@id\":\"https:\\\/\\\/urbeamea.ro\\\/albaiulia\\\/#\\\/schema\\\/person\\\/91e3c5a380c685aef9f0295ef6449b3c\"},\"description\":\"E deschis! (de la 18.00 la 23.00) Se intr\u0103 liber, pe baz\u0103 de buletin, nu mai mul\u021bi de 15 odat\u0103, f\u0103r\u0103 vreo cerere prealabil\u0103.Nu ai intrat niciodat\u0103. \u00cen mod\",\"breadcrumb\":{\"@id\":\"https:\\\/\\\/urbeamea.ro\\\/albaiulia\\\/5-motive-si-un-teaser-pentru-care-sa-mergi-maine-la-biblioteca-batthyaneum-din-alba-iulia-de-noaptea-muzeelor\\\/#breadcrumb\"},\"inLanguage\":\"ro-RO\",\"potentialAction\":[{\"@type\":\"ReadAction\",\"target\":[\"https:\\\/\\\/urbeamea.ro\\\/albaiulia\\\/5-motive-si-un-teaser-pentru-care-sa-mergi-maine-la-biblioteca-batthyaneum-din-alba-iulia-de-noaptea-muzeelor\\\/\"]}]},{\"@type\":\"ImageObject\",\"inLanguage\":\"ro-RO\",\"@id\":\"https:\\\/\\\/urbeamea.ro\\\/albaiulia\\\/5-motive-si-un-teaser-pentru-care-sa-mergi-maine-la-biblioteca-batthyaneum-din-alba-iulia-de-noaptea-muzeelor\\\/#primaryimage\",\"url\":\"https:\\\/\\\/urbeamea.ro\\\/albaiulia\\\/wp-content\\\/uploads\\\/2018\\\/10\\\/BIBLIOTECA-BATTHYANEUM-2.jpg\",\"contentUrl\":\"https:\\\/\\\/urbeamea.ro\\\/albaiulia\\\/wp-content\\\/uploads\\\/2018\\\/10\\\/BIBLIOTECA-BATTHYANEUM-2.jpg\",\"width\":1280,\"height\":1211},{\"@type\":\"BreadcrumbList\",\"@id\":\"https:\\\/\\\/urbeamea.ro\\\/albaiulia\\\/5-motive-si-un-teaser-pentru-care-sa-mergi-maine-la-biblioteca-batthyaneum-din-alba-iulia-de-noaptea-muzeelor\\\/#breadcrumb\",\"itemListElement\":[{\"@type\":\"ListItem\",\"position\":1,\"name\":\"Prima pagin\u0103\",\"item\":\"https:\\\/\\\/urbeamea.ro\\\/albaiulia\\\/\"},{\"@type\":\"ListItem\",\"position\":2,\"name\":\"5 MOTIVE \u0219i un TEASER pentru care s\u0103 mergi m\u00e2ine la Biblioteca Batthyaneum din Alba Iulia, de Noaptea Muzeelor!\"}]},{\"@type\":\"WebSite\",\"@id\":\"https:\\\/\\\/urbeamea.ro\\\/albaiulia\\\/#website\",\"url\":\"https:\\\/\\\/urbeamea.ro\\\/albaiulia\\\/\",\"name\":\"Revista Urbea Mea, Stiri urbane\",\"description\":\"Evenimente \u0219i \u0219tiri din Alba Iulia, Sebe\u0219, Aiud, Blaj\",\"potentialAction\":[{\"@type\":\"SearchAction\",\"target\":{\"@type\":\"EntryPoint\",\"urlTemplate\":\"https:\\\/\\\/urbeamea.ro\\\/albaiulia\\\/?s={search_term_string}\"},\"query-input\":{\"@type\":\"PropertyValueSpecification\",\"valueRequired\":true,\"valueName\":\"search_term_string\"}}],\"inLanguage\":\"ro-RO\"},{\"@type\":\"Person\",\"@id\":\"https:\\\/\\\/urbeamea.ro\\\/albaiulia\\\/#\\\/schema\\\/person\\\/91e3c5a380c685aef9f0295ef6449b3c\",\"name\":\"Stoia Daniela\",\"image\":{\"@type\":\"ImageObject\",\"inLanguage\":\"ro-RO\",\"@id\":\"https:\\\/\\\/secure.gravatar.com\\\/avatar\\\/5aaf6eef20c2b497aa6b10eb1d0ea3e79b9229f0518d4c68b0fe81d133d3c8ca?s=96&d=mm&r=g\",\"url\":\"https:\\\/\\\/secure.gravatar.com\\\/avatar\\\/5aaf6eef20c2b497aa6b10eb1d0ea3e79b9229f0518d4c68b0fe81d133d3c8ca?s=96&d=mm&r=g\",\"contentUrl\":\"https:\\\/\\\/secure.gravatar.com\\\/avatar\\\/5aaf6eef20c2b497aa6b10eb1d0ea3e79b9229f0518d4c68b0fe81d133d3c8ca?s=96&d=mm&r=g\",\"caption\":\"Stoia Daniela\"},\"url\":\"https:\\\/\\\/urbeamea.ro\\\/albaiulia\\\/author\\\/daniela-stoia\\\/\"}]}<\/script>\n<!-- \/ Yoast SEO plugin. -->","yoast_head_json":{"title":"5 MOTIVE \u0219i un TEASER pentru care s\u0103 mergi m\u00e2ine la Biblioteca Batthyaneum din Alba Iulia, de Noaptea Muzeelor! - Revista Urbea Mea - Revista de Alba","description":"E deschis! (de la 18.00 la 23.00) Se intr\u0103 liber, pe baz\u0103 de buletin, nu mai mul\u021bi de 15 odat\u0103, f\u0103r\u0103 vreo cerere prealabil\u0103.Nu ai intrat niciodat\u0103. \u00cen mod","robots":{"index":"index","follow":"follow","max-snippet":"max-snippet:-1","max-image-preview":"max-image-preview:large","max-video-preview":"max-video-preview:-1"},"canonical":"https:\/\/urbeamea.ro\/albaiulia\/5-motive-si-un-teaser-pentru-care-sa-mergi-maine-la-biblioteca-batthyaneum-din-alba-iulia-de-noaptea-muzeelor\/","twitter_card":"summary_large_image","twitter_title":"5 MOTIVE \u0219i un TEASER pentru care s\u0103 mergi m\u00e2ine la Biblioteca Batthyaneum din Alba Iulia, de Noaptea Muzeelor! - Revista Urbea Mea - Revista de Alba","twitter_description":"E deschis! (de la 18.00 la 23.00) Se intr\u0103 liber, pe baz\u0103 de buletin, nu mai mul\u021bi de 15 odat\u0103, f\u0103r\u0103 vreo cerere prealabil\u0103.Nu ai intrat niciodat\u0103. \u00cen mod","twitter_image":"https:\/\/urbeamea.ro\/albaiulia\/wp-content\/uploads\/2018\/10\/BIBLIOTECA-BATTHYANEUM-2.jpg","twitter_creator":"@urbeameaweb","twitter_site":"@urbeameaweb","schema":{"@context":"https:\/\/schema.org","@graph":[{"@type":"Article","@id":"https:\/\/urbeamea.ro\/albaiulia\/5-motive-si-un-teaser-pentru-care-sa-mergi-maine-la-biblioteca-batthyaneum-din-alba-iulia-de-noaptea-muzeelor\/#article","isPartOf":{"@id":"https:\/\/urbeamea.ro\/albaiulia\/5-motive-si-un-teaser-pentru-care-sa-mergi-maine-la-biblioteca-batthyaneum-din-alba-iulia-de-noaptea-muzeelor\/"},"author":{"name":"Stoia Daniela","@id":"https:\/\/urbeamea.ro\/albaiulia\/#\/schema\/person\/91e3c5a380c685aef9f0295ef6449b3c"},"headline":"5 MOTIVE \u0219i un TEASER pentru care s\u0103 mergi m\u00e2ine la Biblioteca Batthyaneum din Alba Iulia, de Noaptea Muzeelor!","datePublished":"2022-05-13T16:23:53+00:00","dateModified":"2022-05-14T14:36:42+00:00","mainEntityOfPage":{"@id":"https:\/\/urbeamea.ro\/albaiulia\/5-motive-si-un-teaser-pentru-care-sa-mergi-maine-la-biblioteca-batthyaneum-din-alba-iulia-de-noaptea-muzeelor\/"},"wordCount":797,"commentCount":0,"image":{"@id":"https:\/\/urbeamea.ro\/albaiulia\/5-motive-si-un-teaser-pentru-care-sa-mergi-maine-la-biblioteca-batthyaneum-din-alba-iulia-de-noaptea-muzeelor\/#primaryimage"},"thumbnailUrl":"https:\/\/urbeamea.ro\/albaiulia\/wp-content\/uploads\/2018\/10\/BIBLIOTECA-BATTHYANEUM-2.jpg","keywords":["Biblioteca Batthyaneum","Noaptea Muzeelor 2022","Noaptea muzeelor la Alba Iulia"],"articleSection":["\u015etiri Urbane"],"inLanguage":"ro-RO","potentialAction":[{"@type":"CommentAction","name":"Comment","target":["https:\/\/urbeamea.ro\/albaiulia\/5-motive-si-un-teaser-pentru-care-sa-mergi-maine-la-biblioteca-batthyaneum-din-alba-iulia-de-noaptea-muzeelor\/#respond"]}]},{"@type":"WebPage","@id":"https:\/\/urbeamea.ro\/albaiulia\/5-motive-si-un-teaser-pentru-care-sa-mergi-maine-la-biblioteca-batthyaneum-din-alba-iulia-de-noaptea-muzeelor\/","url":"https:\/\/urbeamea.ro\/albaiulia\/5-motive-si-un-teaser-pentru-care-sa-mergi-maine-la-biblioteca-batthyaneum-din-alba-iulia-de-noaptea-muzeelor\/","name":"5 MOTIVE \u0219i un TEASER pentru care s\u0103 mergi m\u00e2ine la Biblioteca Batthyaneum din Alba Iulia, de Noaptea Muzeelor! - Revista Urbea Mea - Revista de Alba","isPartOf":{"@id":"https:\/\/urbeamea.ro\/albaiulia\/#website"},"primaryImageOfPage":{"@id":"https:\/\/urbeamea.ro\/albaiulia\/5-motive-si-un-teaser-pentru-care-sa-mergi-maine-la-biblioteca-batthyaneum-din-alba-iulia-de-noaptea-muzeelor\/#primaryimage"},"image":{"@id":"https:\/\/urbeamea.ro\/albaiulia\/5-motive-si-un-teaser-pentru-care-sa-mergi-maine-la-biblioteca-batthyaneum-din-alba-iulia-de-noaptea-muzeelor\/#primaryimage"},"thumbnailUrl":"https:\/\/urbeamea.ro\/albaiulia\/wp-content\/uploads\/2018\/10\/BIBLIOTECA-BATTHYANEUM-2.jpg","datePublished":"2022-05-13T16:23:53+00:00","dateModified":"2022-05-14T14:36:42+00:00","author":{"@id":"https:\/\/urbeamea.ro\/albaiulia\/#\/schema\/person\/91e3c5a380c685aef9f0295ef6449b3c"},"description":"E deschis! (de la 18.00 la 23.00) Se intr\u0103 liber, pe baz\u0103 de buletin, nu mai mul\u021bi de 15 odat\u0103, f\u0103r\u0103 vreo cerere prealabil\u0103.Nu ai intrat niciodat\u0103. \u00cen mod","breadcrumb":{"@id":"https:\/\/urbeamea.ro\/albaiulia\/5-motive-si-un-teaser-pentru-care-sa-mergi-maine-la-biblioteca-batthyaneum-din-alba-iulia-de-noaptea-muzeelor\/#breadcrumb"},"inLanguage":"ro-RO","potentialAction":[{"@type":"ReadAction","target":["https:\/\/urbeamea.ro\/albaiulia\/5-motive-si-un-teaser-pentru-care-sa-mergi-maine-la-biblioteca-batthyaneum-din-alba-iulia-de-noaptea-muzeelor\/"]}]},{"@type":"ImageObject","inLanguage":"ro-RO","@id":"https:\/\/urbeamea.ro\/albaiulia\/5-motive-si-un-teaser-pentru-care-sa-mergi-maine-la-biblioteca-batthyaneum-din-alba-iulia-de-noaptea-muzeelor\/#primaryimage","url":"https:\/\/urbeamea.ro\/albaiulia\/wp-content\/uploads\/2018\/10\/BIBLIOTECA-BATTHYANEUM-2.jpg","contentUrl":"https:\/\/urbeamea.ro\/albaiulia\/wp-content\/uploads\/2018\/10\/BIBLIOTECA-BATTHYANEUM-2.jpg","width":1280,"height":1211},{"@type":"BreadcrumbList","@id":"https:\/\/urbeamea.ro\/albaiulia\/5-motive-si-un-teaser-pentru-care-sa-mergi-maine-la-biblioteca-batthyaneum-din-alba-iulia-de-noaptea-muzeelor\/#breadcrumb","itemListElement":[{"@type":"ListItem","position":1,"name":"Prima pagin\u0103","item":"https:\/\/urbeamea.ro\/albaiulia\/"},{"@type":"ListItem","position":2,"name":"5 MOTIVE \u0219i un TEASER pentru care s\u0103 mergi m\u00e2ine la Biblioteca Batthyaneum din Alba Iulia, de Noaptea Muzeelor!"}]},{"@type":"WebSite","@id":"https:\/\/urbeamea.ro\/albaiulia\/#website","url":"https:\/\/urbeamea.ro\/albaiulia\/","name":"Revista Urbea Mea, Stiri urbane","description":"Evenimente \u0219i \u0219tiri din Alba Iulia, Sebe\u0219, Aiud, Blaj","potentialAction":[{"@type":"SearchAction","target":{"@type":"EntryPoint","urlTemplate":"https:\/\/urbeamea.ro\/albaiulia\/?s={search_term_string}"},"query-input":{"@type":"PropertyValueSpecification","valueRequired":true,"valueName":"search_term_string"}}],"inLanguage":"ro-RO"},{"@type":"Person","@id":"https:\/\/urbeamea.ro\/albaiulia\/#\/schema\/person\/91e3c5a380c685aef9f0295ef6449b3c","name":"Stoia Daniela","image":{"@type":"ImageObject","inLanguage":"ro-RO","@id":"https:\/\/secure.gravatar.com\/avatar\/5aaf6eef20c2b497aa6b10eb1d0ea3e79b9229f0518d4c68b0fe81d133d3c8ca?s=96&d=mm&r=g","url":"https:\/\/secure.gravatar.com\/avatar\/5aaf6eef20c2b497aa6b10eb1d0ea3e79b9229f0518d4c68b0fe81d133d3c8ca?s=96&d=mm&r=g","contentUrl":"https:\/\/secure.gravatar.com\/avatar\/5aaf6eef20c2b497aa6b10eb1d0ea3e79b9229f0518d4c68b0fe81d133d3c8ca?s=96&d=mm&r=g","caption":"Stoia Daniela"},"url":"https:\/\/urbeamea.ro\/albaiulia\/author\/daniela-stoia\/"}]}},"_links":{"self":[{"href":"https:\/\/urbeamea.ro\/albaiulia\/wp-json\/wp\/v2\/posts\/101798","targetHints":{"allow":["GET"]}}],"collection":[{"href":"https:\/\/urbeamea.ro\/albaiulia\/wp-json\/wp\/v2\/posts"}],"about":[{"href":"https:\/\/urbeamea.ro\/albaiulia\/wp-json\/wp\/v2\/types\/post"}],"author":[{"embeddable":true,"href":"https:\/\/urbeamea.ro\/albaiulia\/wp-json\/wp\/v2\/users\/27"}],"replies":[{"embeddable":true,"href":"https:\/\/urbeamea.ro\/albaiulia\/wp-json\/wp\/v2\/comments?post=101798"}],"version-history":[{"count":5,"href":"https:\/\/urbeamea.ro\/albaiulia\/wp-json\/wp\/v2\/posts\/101798\/revisions"}],"predecessor-version":[{"id":101812,"href":"https:\/\/urbeamea.ro\/albaiulia\/wp-json\/wp\/v2\/posts\/101798\/revisions\/101812"}],"wp:featuredmedia":[{"embeddable":true,"href":"https:\/\/urbeamea.ro\/albaiulia\/wp-json\/wp\/v2\/media\/68394"}],"wp:attachment":[{"href":"https:\/\/urbeamea.ro\/albaiulia\/wp-json\/wp\/v2\/media?parent=101798"}],"wp:term":[{"taxonomy":"category","embeddable":true,"href":"https:\/\/urbeamea.ro\/albaiulia\/wp-json\/wp\/v2\/categories?post=101798"},{"taxonomy":"post_tag","embeddable":true,"href":"https:\/\/urbeamea.ro\/albaiulia\/wp-json\/wp\/v2\/tags?post=101798"}],"curies":[{"name":"wp","href":"https:\/\/api.w.org\/{rel}","templated":true}]}}