{"id":10182,"date":"2015-10-19T10:24:13","date_gmt":"2015-10-19T07:24:13","guid":{"rendered":"http:\/\/urbeamea.ro\/albaiulia\/?p=10182"},"modified":"2016-01-18T18:56:45","modified_gmt":"2016-01-18T16:56:45","slug":"video-timeea-mult-mai-bine-la-neatza-cu-razvan-si-dani-sosia-antoniei-prima-aparitie-la-tv-cu-cel-mai-nou-videoclip-marca-moving-records","status":"publish","type":"post","link":"https:\/\/urbeamea.ro\/albaiulia\/video-timeea-mult-mai-bine-la-neatza-cu-razvan-si-dani-sosia-antoniei-prima-aparitie-la-tv-cu-cel-mai-nou-videoclip-marca-moving-records\/","title":{"rendered":"VIDEO: &#8222;Timeea &#8211; Mult mai bine&#8221;, la Neatza cu R\u0103zvan \u015fi Dani. Sosia Antoniei, prima apari\u0163ie la tv cu cel mai nou videoclip marca Moving Records"},"content":{"rendered":"<p><strong><a href=\"http:\/\/urbeamea.ro\/albaiulia\/wp-content\/uploads\/2015\/10\/Timeea.jpg\"><img loading=\"lazy\" decoding=\"async\" class=\"size-medium wp-image-10184 alignleft\" src=\"http:\/\/urbeamea.ro\/albaiulia\/wp-content\/uploads\/2015\/10\/Timeea-300x169.jpg\" alt=\"Timeea\" width=\"300\" height=\"169\" \/><\/a>Timeea, t\u00e2n\u0103ra frumoas\u0103 care poate fi foarte u\u015for confundat\u0103 cu Antonia a avut prima apari\u0163ie la tv, cu prima ei pies\u0103 &#8222;Mult mai bine&#8221;. Sosia Antoniei a fost prezen\u0163\u0103 luni diminea\u0163a la Neatza cu R\u0103zvan \u015fi Dani, unde a vorbit despre ea \u015fi piesa scoas\u0103 pe pia\u0163a muzical\u0103 de albaiulienii de la Moving Records.<\/strong><\/p>\n<p>Muzic\u0103 \u015fi dun\u0103 dispozi\u0163ie luni diminea\u0163a la emisiunea Neatza cu R\u0103zvan \u015fi Dani al\u0103turi de Timeea Mure\u015fan, t\u00e2n\u0103ra cu care cei de la Moving Records au colaborat pentru a scoate un produs nou care, pe l\u00e2ng\u0103 promovarea tinerei \u015fi a piesei, s\u0103 scoat\u0103 \u00een eviden\u0163\u0103 \u015fi frumuse\u0163iile ora\u015fului Alba Iulia.<\/p>\n<p>Prezent\u0103 \u00een platoul de la Neatza, frumoasa Timeea a povestit pu\u0163in despre ea \u015fi despre piesa care poate ajunge hit. Chiar dac\u0103 la \u00eenceput, t\u00e2n\u0103ra \u00een v\u00e2rst\u0103 de 20 de ani din S\u00e2nnicolau Mare a fost pu\u0163in emo\u0163ionat\u0103, dup\u0103 c\u00e2teva minute, aceasta a reu\u015fit s\u0103 intre \u00een &#8222;jocul&#8221; lui R\u0103zvan \u015fi Dani.<\/p>\n<p>Cu toate c\u0103 Timeea Mure\u015fan este considerat\u0103 sosia Antoniei, aceasta este de p\u0103rere c\u0103 nu seam\u0103n\u0103 deloc cu frumoasa c\u00e2nt\u0103rea\u0163\u0103.<br \/>\n&#8222;Mult mai bine&#8221; este cea mai nou\u0103 pies\u0103 compus\u0103 de Andy Chi\u015foiu \u015fi Tudor Marciu de la Moving Records. Cei doi albaiulieni au ales aceast\u0103 colaborare cu Timeea \u00een var\u0103, dup\u0103 ce au v\u0103zut-o la un concurs de talente din Alba Iulia.<\/p>\n<p>Film\u0103rile au durat trei zile \u015fi au fost realizate de Lucian Craiu (montaj, imagine, screen play), Andrei Iancu (imagine) \u015fi Andy Chi\u015foiu (montaj, screen play), Cosmin Beloklavek (screen play) \u015fi Alina Popa (make-up).<\/p>\n<p>Prin acest videoclip, tinerii vor s\u0103 promoveze \u015fi ora\u015ful Alba Iulia, motiv pentru care acesta a fost filmat \u00een totalitate \u00een Alba Iulia. Videoclipul a fost lansat \u00een urm\u0103 cu \u015fase zile \u015fi p\u00e2n\u0103 acum a \u00eenregistrat 11.177 de vizualiz\u0103ri.<\/p>\n<p><iframe loading=\"lazy\" title=\"TIMEEA - Mult Mai Bine (Official Video)\" width=\"500\" height=\"281\" src=\"https:\/\/www.youtube.com\/embed\/hzurrNOa8ek?feature=oembed\" frameborder=\"0\" allow=\"accelerometer; autoplay; clipboard-write; encrypted-media; gyroscope; picture-in-picture; web-share\" referrerpolicy=\"strict-origin-when-cross-origin\" allowfullscreen><\/iframe><\/p>\n","protected":false},"excerpt":{"rendered":"<p>Timeea, t\u00e2n\u0103ra frumoas\u0103 care poate fi foarte u\u015for confundat\u0103 cu Antonia a avut prima apari\u0163ie la tv, cu prima ei pies\u0103 &#8222;Mult mai bine&#8221;. Sosia Antoniei a fost prezen\u0163\u0103 luni diminea\u0163a la Neatza cu R\u0103zvan \u015fi Dani, unde a vorbit despre ea \u015fi piesa scoas\u0103 pe pia\u0163a muzical\u0103 de albaiulienii de la Moving Records. Muzic\u0103 &hellip;<\/p>\n","protected":false},"author":17,"featured_media":10184,"comment_status":"open","ping_status":"open","sticky":false,"template":"","format":"standard","meta":{"inline_featured_image":false,"footnotes":""},"categories":[2036],"tags":[660,658,657,655,656,308,654,659,76,661],"class_list":["post-10182","post","type-post","status-publish","format-standard","has-post-thumbnail","hentry","category-monden","tag-andrei-iancu","tag-andy-chisoiu","tag-moving-records","tag-neatza-cu-razvan-si-dani","tag-piesa","tag-stiri","tag-timeea-muresan","tag-tudor-marciu","tag-urbea-mea","tag-videoclip"],"yoast_head":"<!-- This site is optimized with the Yoast SEO plugin v28.3 - https:\/\/yoast.com\/product\/yoast-seo-wordpress\/ -->\n<title>VIDEO: &quot;Timeea - Mult mai bine&quot;, la Neatza cu R\u0103zvan \u015fi Dani. Sosia Antoniei, prima apari\u0163ie la tv cu cel mai nou videoclip marca Moving Records - Revista Urbea Mea - Revista de Alba<\/title>\n<meta name=\"description\" content=\"Timeea, t\u00e2n\u0103ra frumoas\u0103 care poate fi foarte u\u015for confundat\u0103 cu Antonia a avut prima apari\u0163ie la tv, cu prima ei pies\u0103 &quot;Mult mai bine&quot;. Sosia Antoniei a\" \/>\n<meta name=\"robots\" content=\"index, follow, max-snippet:-1, max-image-preview:large, max-video-preview:-1\" \/>\n<link rel=\"canonical\" href=\"https:\/\/urbeamea.ro\/albaiulia\/video-timeea-mult-mai-bine-la-neatza-cu-razvan-si-dani-sosia-antoniei-prima-aparitie-la-tv-cu-cel-mai-nou-videoclip-marca-moving-records\/\" \/>\n<meta name=\"twitter:card\" content=\"summary_large_image\" \/>\n<meta name=\"twitter:title\" content=\"VIDEO: &quot;Timeea - Mult mai bine&quot;, la Neatza cu R\u0103zvan \u015fi Dani. Sosia Antoniei, prima apari\u0163ie la tv cu cel mai nou videoclip marca Moving Records - Revista Urbea Mea - Revista de Alba\" \/>\n<meta name=\"twitter:description\" content=\"Timeea, t\u00e2n\u0103ra frumoas\u0103 care poate fi foarte u\u015for confundat\u0103 cu Antonia a avut prima apari\u0163ie la tv, cu prima ei pies\u0103 &quot;Mult mai bine&quot;. Sosia Antoniei a\" \/>\n<meta name=\"twitter:image\" content=\"https:\/\/urbeamea.ro\/albaiulia\/wp-content\/uploads\/2015\/10\/Timeea.jpg\" \/>\n<meta name=\"twitter:creator\" content=\"@urbeameaweb\" \/>\n<meta name=\"twitter:site\" content=\"@urbeameaweb\" \/>\n<script type=\"application\/ld+json\" class=\"yoast-schema-graph\">{\"@context\":\"https:\\\/\\\/schema.org\",\"@graph\":[{\"@type\":\"Article\",\"@id\":\"https:\\\/\\\/urbeamea.ro\\\/albaiulia\\\/video-timeea-mult-mai-bine-la-neatza-cu-razvan-si-dani-sosia-antoniei-prima-aparitie-la-tv-cu-cel-mai-nou-videoclip-marca-moving-records\\\/#article\",\"isPartOf\":{\"@id\":\"https:\\\/\\\/urbeamea.ro\\\/albaiulia\\\/video-timeea-mult-mai-bine-la-neatza-cu-razvan-si-dani-sosia-antoniei-prima-aparitie-la-tv-cu-cel-mai-nou-videoclip-marca-moving-records\\\/\"},\"author\":{\"name\":\"Cristina Ganga\",\"@id\":\"https:\\\/\\\/urbeamea.ro\\\/albaiulia\\\/#\\\/schema\\\/person\\\/9700d21fae21c4f038b0b56f4506264a\"},\"headline\":\"VIDEO: &#8222;Timeea &#8211; Mult mai bine&#8221;, la Neatza cu R\u0103zvan \u015fi Dani. Sosia Antoniei, prima apari\u0163ie la tv cu cel mai nou videoclip marca Moving Records\",\"datePublished\":\"2015-10-19T07:24:13+00:00\",\"dateModified\":\"2016-01-18T16:56:45+00:00\",\"mainEntityOfPage\":{\"@id\":\"https:\\\/\\\/urbeamea.ro\\\/albaiulia\\\/video-timeea-mult-mai-bine-la-neatza-cu-razvan-si-dani-sosia-antoniei-prima-aparitie-la-tv-cu-cel-mai-nou-videoclip-marca-moving-records\\\/\"},\"wordCount\":364,\"commentCount\":0,\"image\":{\"@id\":\"https:\\\/\\\/urbeamea.ro\\\/albaiulia\\\/video-timeea-mult-mai-bine-la-neatza-cu-razvan-si-dani-sosia-antoniei-prima-aparitie-la-tv-cu-cel-mai-nou-videoclip-marca-moving-records\\\/#primaryimage\"},\"thumbnailUrl\":\"https:\\\/\\\/urbeamea.ro\\\/albaiulia\\\/wp-content\\\/uploads\\\/2015\\\/10\\\/Timeea.jpg\",\"keywords\":[\"Andrei Iancu\",\"Andy Chisoiu\",\"Moving Records\",\"Neatza cu Razvan si Dani\",\"piesa\",\"stiri\",\"Timeea Muresan\",\"Tudor Marciu\",\"Urbea Mea\",\"videoclip\"],\"articleSection\":[\"Monden\"],\"inLanguage\":\"ro-RO\",\"potentialAction\":[{\"@type\":\"CommentAction\",\"name\":\"Comment\",\"target\":[\"https:\\\/\\\/urbeamea.ro\\\/albaiulia\\\/video-timeea-mult-mai-bine-la-neatza-cu-razvan-si-dani-sosia-antoniei-prima-aparitie-la-tv-cu-cel-mai-nou-videoclip-marca-moving-records\\\/#respond\"]}]},{\"@type\":\"WebPage\",\"@id\":\"https:\\\/\\\/urbeamea.ro\\\/albaiulia\\\/video-timeea-mult-mai-bine-la-neatza-cu-razvan-si-dani-sosia-antoniei-prima-aparitie-la-tv-cu-cel-mai-nou-videoclip-marca-moving-records\\\/\",\"url\":\"https:\\\/\\\/urbeamea.ro\\\/albaiulia\\\/video-timeea-mult-mai-bine-la-neatza-cu-razvan-si-dani-sosia-antoniei-prima-aparitie-la-tv-cu-cel-mai-nou-videoclip-marca-moving-records\\\/\",\"name\":\"VIDEO: \\\"Timeea - Mult mai bine\\\", la Neatza cu R\u0103zvan \u015fi Dani. Sosia Antoniei, prima apari\u0163ie la tv cu cel mai nou videoclip marca Moving Records - Revista Urbea Mea - Revista de Alba\",\"isPartOf\":{\"@id\":\"https:\\\/\\\/urbeamea.ro\\\/albaiulia\\\/#website\"},\"primaryImageOfPage\":{\"@id\":\"https:\\\/\\\/urbeamea.ro\\\/albaiulia\\\/video-timeea-mult-mai-bine-la-neatza-cu-razvan-si-dani-sosia-antoniei-prima-aparitie-la-tv-cu-cel-mai-nou-videoclip-marca-moving-records\\\/#primaryimage\"},\"image\":{\"@id\":\"https:\\\/\\\/urbeamea.ro\\\/albaiulia\\\/video-timeea-mult-mai-bine-la-neatza-cu-razvan-si-dani-sosia-antoniei-prima-aparitie-la-tv-cu-cel-mai-nou-videoclip-marca-moving-records\\\/#primaryimage\"},\"thumbnailUrl\":\"https:\\\/\\\/urbeamea.ro\\\/albaiulia\\\/wp-content\\\/uploads\\\/2015\\\/10\\\/Timeea.jpg\",\"datePublished\":\"2015-10-19T07:24:13+00:00\",\"dateModified\":\"2016-01-18T16:56:45+00:00\",\"author\":{\"@id\":\"https:\\\/\\\/urbeamea.ro\\\/albaiulia\\\/#\\\/schema\\\/person\\\/9700d21fae21c4f038b0b56f4506264a\"},\"description\":\"Timeea, t\u00e2n\u0103ra frumoas\u0103 care poate fi foarte u\u015for confundat\u0103 cu Antonia a avut prima apari\u0163ie la tv, cu prima ei pies\u0103 \\\"Mult mai bine\\\". Sosia Antoniei a\",\"breadcrumb\":{\"@id\":\"https:\\\/\\\/urbeamea.ro\\\/albaiulia\\\/video-timeea-mult-mai-bine-la-neatza-cu-razvan-si-dani-sosia-antoniei-prima-aparitie-la-tv-cu-cel-mai-nou-videoclip-marca-moving-records\\\/#breadcrumb\"},\"inLanguage\":\"ro-RO\",\"potentialAction\":[{\"@type\":\"ReadAction\",\"target\":[\"https:\\\/\\\/urbeamea.ro\\\/albaiulia\\\/video-timeea-mult-mai-bine-la-neatza-cu-razvan-si-dani-sosia-antoniei-prima-aparitie-la-tv-cu-cel-mai-nou-videoclip-marca-moving-records\\\/\"]}]},{\"@type\":\"ImageObject\",\"inLanguage\":\"ro-RO\",\"@id\":\"https:\\\/\\\/urbeamea.ro\\\/albaiulia\\\/video-timeea-mult-mai-bine-la-neatza-cu-razvan-si-dani-sosia-antoniei-prima-aparitie-la-tv-cu-cel-mai-nou-videoclip-marca-moving-records\\\/#primaryimage\",\"url\":\"https:\\\/\\\/urbeamea.ro\\\/albaiulia\\\/wp-content\\\/uploads\\\/2015\\\/10\\\/Timeea.jpg\",\"contentUrl\":\"https:\\\/\\\/urbeamea.ro\\\/albaiulia\\\/wp-content\\\/uploads\\\/2015\\\/10\\\/Timeea.jpg\",\"width\":1280,\"height\":720},{\"@type\":\"BreadcrumbList\",\"@id\":\"https:\\\/\\\/urbeamea.ro\\\/albaiulia\\\/video-timeea-mult-mai-bine-la-neatza-cu-razvan-si-dani-sosia-antoniei-prima-aparitie-la-tv-cu-cel-mai-nou-videoclip-marca-moving-records\\\/#breadcrumb\",\"itemListElement\":[{\"@type\":\"ListItem\",\"position\":1,\"name\":\"Prima pagin\u0103\",\"item\":\"https:\\\/\\\/urbeamea.ro\\\/albaiulia\\\/\"},{\"@type\":\"ListItem\",\"position\":2,\"name\":\"VIDEO: &#8222;Timeea &#8211; Mult mai bine&#8221;, la Neatza cu R\u0103zvan \u015fi Dani. Sosia Antoniei, prima apari\u0163ie la tv cu cel mai nou videoclip marca Moving Records\"}]},{\"@type\":\"WebSite\",\"@id\":\"https:\\\/\\\/urbeamea.ro\\\/albaiulia\\\/#website\",\"url\":\"https:\\\/\\\/urbeamea.ro\\\/albaiulia\\\/\",\"name\":\"Revista Urbea Mea, Stiri urbane\",\"description\":\"Evenimente \u0219i \u0219tiri din Alba Iulia, Sebe\u0219, Aiud, Blaj\",\"potentialAction\":[{\"@type\":\"SearchAction\",\"target\":{\"@type\":\"EntryPoint\",\"urlTemplate\":\"https:\\\/\\\/urbeamea.ro\\\/albaiulia\\\/?s={search_term_string}\"},\"query-input\":{\"@type\":\"PropertyValueSpecification\",\"valueRequired\":true,\"valueName\":\"search_term_string\"}}],\"inLanguage\":\"ro-RO\"},{\"@type\":\"Person\",\"@id\":\"https:\\\/\\\/urbeamea.ro\\\/albaiulia\\\/#\\\/schema\\\/person\\\/9700d21fae21c4f038b0b56f4506264a\",\"name\":\"Cristina Ganga\",\"image\":{\"@type\":\"ImageObject\",\"inLanguage\":\"ro-RO\",\"@id\":\"https:\\\/\\\/secure.gravatar.com\\\/avatar\\\/5a67661041f057b4a8ccaf26f5a8e86e2689372006d01faf3dd9eeb10b654bb4?s=96&d=mm&r=g\",\"url\":\"https:\\\/\\\/secure.gravatar.com\\\/avatar\\\/5a67661041f057b4a8ccaf26f5a8e86e2689372006d01faf3dd9eeb10b654bb4?s=96&d=mm&r=g\",\"contentUrl\":\"https:\\\/\\\/secure.gravatar.com\\\/avatar\\\/5a67661041f057b4a8ccaf26f5a8e86e2689372006d01faf3dd9eeb10b654bb4?s=96&d=mm&r=g\",\"caption\":\"Cristina Ganga\"},\"description\":\"Jurnalist\",\"sameAs\":[\"https:\\\/\\\/www.facebook.com\\\/cristina.nicola.587\"],\"url\":\"https:\\\/\\\/urbeamea.ro\\\/albaiulia\\\/author\\\/cristina-nicola\\\/\"}]}<\/script>\n<!-- \/ Yoast SEO plugin. -->","yoast_head_json":{"title":"VIDEO: \"Timeea - Mult mai bine\", la Neatza cu R\u0103zvan \u015fi Dani. Sosia Antoniei, prima apari\u0163ie la tv cu cel mai nou videoclip marca Moving Records - Revista Urbea Mea - Revista de Alba","description":"Timeea, t\u00e2n\u0103ra frumoas\u0103 care poate fi foarte u\u015for confundat\u0103 cu Antonia a avut prima apari\u0163ie la tv, cu prima ei pies\u0103 \"Mult mai bine\". Sosia Antoniei a","robots":{"index":"index","follow":"follow","max-snippet":"max-snippet:-1","max-image-preview":"max-image-preview:large","max-video-preview":"max-video-preview:-1"},"canonical":"https:\/\/urbeamea.ro\/albaiulia\/video-timeea-mult-mai-bine-la-neatza-cu-razvan-si-dani-sosia-antoniei-prima-aparitie-la-tv-cu-cel-mai-nou-videoclip-marca-moving-records\/","twitter_card":"summary_large_image","twitter_title":"VIDEO: \"Timeea - Mult mai bine\", la Neatza cu R\u0103zvan \u015fi Dani. Sosia Antoniei, prima apari\u0163ie la tv cu cel mai nou videoclip marca Moving Records - Revista Urbea Mea - Revista de Alba","twitter_description":"Timeea, t\u00e2n\u0103ra frumoas\u0103 care poate fi foarte u\u015for confundat\u0103 cu Antonia a avut prima apari\u0163ie la tv, cu prima ei pies\u0103 \"Mult mai bine\". Sosia Antoniei a","twitter_image":"https:\/\/urbeamea.ro\/albaiulia\/wp-content\/uploads\/2015\/10\/Timeea.jpg","twitter_creator":"@urbeameaweb","twitter_site":"@urbeameaweb","schema":{"@context":"https:\/\/schema.org","@graph":[{"@type":"Article","@id":"https:\/\/urbeamea.ro\/albaiulia\/video-timeea-mult-mai-bine-la-neatza-cu-razvan-si-dani-sosia-antoniei-prima-aparitie-la-tv-cu-cel-mai-nou-videoclip-marca-moving-records\/#article","isPartOf":{"@id":"https:\/\/urbeamea.ro\/albaiulia\/video-timeea-mult-mai-bine-la-neatza-cu-razvan-si-dani-sosia-antoniei-prima-aparitie-la-tv-cu-cel-mai-nou-videoclip-marca-moving-records\/"},"author":{"name":"Cristina Ganga","@id":"https:\/\/urbeamea.ro\/albaiulia\/#\/schema\/person\/9700d21fae21c4f038b0b56f4506264a"},"headline":"VIDEO: &#8222;Timeea &#8211; Mult mai bine&#8221;, la Neatza cu R\u0103zvan \u015fi Dani. Sosia Antoniei, prima apari\u0163ie la tv cu cel mai nou videoclip marca Moving Records","datePublished":"2015-10-19T07:24:13+00:00","dateModified":"2016-01-18T16:56:45+00:00","mainEntityOfPage":{"@id":"https:\/\/urbeamea.ro\/albaiulia\/video-timeea-mult-mai-bine-la-neatza-cu-razvan-si-dani-sosia-antoniei-prima-aparitie-la-tv-cu-cel-mai-nou-videoclip-marca-moving-records\/"},"wordCount":364,"commentCount":0,"image":{"@id":"https:\/\/urbeamea.ro\/albaiulia\/video-timeea-mult-mai-bine-la-neatza-cu-razvan-si-dani-sosia-antoniei-prima-aparitie-la-tv-cu-cel-mai-nou-videoclip-marca-moving-records\/#primaryimage"},"thumbnailUrl":"https:\/\/urbeamea.ro\/albaiulia\/wp-content\/uploads\/2015\/10\/Timeea.jpg","keywords":["Andrei Iancu","Andy Chisoiu","Moving Records","Neatza cu Razvan si Dani","piesa","stiri","Timeea Muresan","Tudor Marciu","Urbea Mea","videoclip"],"articleSection":["Monden"],"inLanguage":"ro-RO","potentialAction":[{"@type":"CommentAction","name":"Comment","target":["https:\/\/urbeamea.ro\/albaiulia\/video-timeea-mult-mai-bine-la-neatza-cu-razvan-si-dani-sosia-antoniei-prima-aparitie-la-tv-cu-cel-mai-nou-videoclip-marca-moving-records\/#respond"]}]},{"@type":"WebPage","@id":"https:\/\/urbeamea.ro\/albaiulia\/video-timeea-mult-mai-bine-la-neatza-cu-razvan-si-dani-sosia-antoniei-prima-aparitie-la-tv-cu-cel-mai-nou-videoclip-marca-moving-records\/","url":"https:\/\/urbeamea.ro\/albaiulia\/video-timeea-mult-mai-bine-la-neatza-cu-razvan-si-dani-sosia-antoniei-prima-aparitie-la-tv-cu-cel-mai-nou-videoclip-marca-moving-records\/","name":"VIDEO: \"Timeea - Mult mai bine\", la Neatza cu R\u0103zvan \u015fi Dani. Sosia Antoniei, prima apari\u0163ie la tv cu cel mai nou videoclip marca Moving Records - Revista Urbea Mea - Revista de Alba","isPartOf":{"@id":"https:\/\/urbeamea.ro\/albaiulia\/#website"},"primaryImageOfPage":{"@id":"https:\/\/urbeamea.ro\/albaiulia\/video-timeea-mult-mai-bine-la-neatza-cu-razvan-si-dani-sosia-antoniei-prima-aparitie-la-tv-cu-cel-mai-nou-videoclip-marca-moving-records\/#primaryimage"},"image":{"@id":"https:\/\/urbeamea.ro\/albaiulia\/video-timeea-mult-mai-bine-la-neatza-cu-razvan-si-dani-sosia-antoniei-prima-aparitie-la-tv-cu-cel-mai-nou-videoclip-marca-moving-records\/#primaryimage"},"thumbnailUrl":"https:\/\/urbeamea.ro\/albaiulia\/wp-content\/uploads\/2015\/10\/Timeea.jpg","datePublished":"2015-10-19T07:24:13+00:00","dateModified":"2016-01-18T16:56:45+00:00","author":{"@id":"https:\/\/urbeamea.ro\/albaiulia\/#\/schema\/person\/9700d21fae21c4f038b0b56f4506264a"},"description":"Timeea, t\u00e2n\u0103ra frumoas\u0103 care poate fi foarte u\u015for confundat\u0103 cu Antonia a avut prima apari\u0163ie la tv, cu prima ei pies\u0103 \"Mult mai bine\". Sosia Antoniei a","breadcrumb":{"@id":"https:\/\/urbeamea.ro\/albaiulia\/video-timeea-mult-mai-bine-la-neatza-cu-razvan-si-dani-sosia-antoniei-prima-aparitie-la-tv-cu-cel-mai-nou-videoclip-marca-moving-records\/#breadcrumb"},"inLanguage":"ro-RO","potentialAction":[{"@type":"ReadAction","target":["https:\/\/urbeamea.ro\/albaiulia\/video-timeea-mult-mai-bine-la-neatza-cu-razvan-si-dani-sosia-antoniei-prima-aparitie-la-tv-cu-cel-mai-nou-videoclip-marca-moving-records\/"]}]},{"@type":"ImageObject","inLanguage":"ro-RO","@id":"https:\/\/urbeamea.ro\/albaiulia\/video-timeea-mult-mai-bine-la-neatza-cu-razvan-si-dani-sosia-antoniei-prima-aparitie-la-tv-cu-cel-mai-nou-videoclip-marca-moving-records\/#primaryimage","url":"https:\/\/urbeamea.ro\/albaiulia\/wp-content\/uploads\/2015\/10\/Timeea.jpg","contentUrl":"https:\/\/urbeamea.ro\/albaiulia\/wp-content\/uploads\/2015\/10\/Timeea.jpg","width":1280,"height":720},{"@type":"BreadcrumbList","@id":"https:\/\/urbeamea.ro\/albaiulia\/video-timeea-mult-mai-bine-la-neatza-cu-razvan-si-dani-sosia-antoniei-prima-aparitie-la-tv-cu-cel-mai-nou-videoclip-marca-moving-records\/#breadcrumb","itemListElement":[{"@type":"ListItem","position":1,"name":"Prima pagin\u0103","item":"https:\/\/urbeamea.ro\/albaiulia\/"},{"@type":"ListItem","position":2,"name":"VIDEO: &#8222;Timeea &#8211; Mult mai bine&#8221;, la Neatza cu R\u0103zvan \u015fi Dani. Sosia Antoniei, prima apari\u0163ie la tv cu cel mai nou videoclip marca Moving Records"}]},{"@type":"WebSite","@id":"https:\/\/urbeamea.ro\/albaiulia\/#website","url":"https:\/\/urbeamea.ro\/albaiulia\/","name":"Revista Urbea Mea, Stiri urbane","description":"Evenimente \u0219i \u0219tiri din Alba Iulia, Sebe\u0219, Aiud, Blaj","potentialAction":[{"@type":"SearchAction","target":{"@type":"EntryPoint","urlTemplate":"https:\/\/urbeamea.ro\/albaiulia\/?s={search_term_string}"},"query-input":{"@type":"PropertyValueSpecification","valueRequired":true,"valueName":"search_term_string"}}],"inLanguage":"ro-RO"},{"@type":"Person","@id":"https:\/\/urbeamea.ro\/albaiulia\/#\/schema\/person\/9700d21fae21c4f038b0b56f4506264a","name":"Cristina Ganga","image":{"@type":"ImageObject","inLanguage":"ro-RO","@id":"https:\/\/secure.gravatar.com\/avatar\/5a67661041f057b4a8ccaf26f5a8e86e2689372006d01faf3dd9eeb10b654bb4?s=96&d=mm&r=g","url":"https:\/\/secure.gravatar.com\/avatar\/5a67661041f057b4a8ccaf26f5a8e86e2689372006d01faf3dd9eeb10b654bb4?s=96&d=mm&r=g","contentUrl":"https:\/\/secure.gravatar.com\/avatar\/5a67661041f057b4a8ccaf26f5a8e86e2689372006d01faf3dd9eeb10b654bb4?s=96&d=mm&r=g","caption":"Cristina Ganga"},"description":"Jurnalist","sameAs":["https:\/\/www.facebook.com\/cristina.nicola.587"],"url":"https:\/\/urbeamea.ro\/albaiulia\/author\/cristina-nicola\/"}]}},"_links":{"self":[{"href":"https:\/\/urbeamea.ro\/albaiulia\/wp-json\/wp\/v2\/posts\/10182","targetHints":{"allow":["GET"]}}],"collection":[{"href":"https:\/\/urbeamea.ro\/albaiulia\/wp-json\/wp\/v2\/posts"}],"about":[{"href":"https:\/\/urbeamea.ro\/albaiulia\/wp-json\/wp\/v2\/types\/post"}],"author":[{"embeddable":true,"href":"https:\/\/urbeamea.ro\/albaiulia\/wp-json\/wp\/v2\/users\/17"}],"replies":[{"embeddable":true,"href":"https:\/\/urbeamea.ro\/albaiulia\/wp-json\/wp\/v2\/comments?post=10182"}],"version-history":[{"count":0,"href":"https:\/\/urbeamea.ro\/albaiulia\/wp-json\/wp\/v2\/posts\/10182\/revisions"}],"wp:featuredmedia":[{"embeddable":true,"href":"https:\/\/urbeamea.ro\/albaiulia\/wp-json\/wp\/v2\/media\/10184"}],"wp:attachment":[{"href":"https:\/\/urbeamea.ro\/albaiulia\/wp-json\/wp\/v2\/media?parent=10182"}],"wp:term":[{"taxonomy":"category","embeddable":true,"href":"https:\/\/urbeamea.ro\/albaiulia\/wp-json\/wp\/v2\/categories?post=10182"},{"taxonomy":"post_tag","embeddable":true,"href":"https:\/\/urbeamea.ro\/albaiulia\/wp-json\/wp\/v2\/tags?post=10182"}],"curies":[{"name":"wp","href":"https:\/\/api.w.org\/{rel}","templated":true}]}}