{"id":101918,"date":"2022-05-17T19:18:44","date_gmt":"2022-05-17T16:18:44","guid":{"rendered":"https:\/\/urbeamea.ro\/albaiulia\/?p=101918"},"modified":"2022-05-17T19:20:24","modified_gmt":"2022-05-17T16:20:24","slug":"groza-elisei-pilot-si-morariu-adrian-copilot-din-nou-la-volan-in-cea-mai-cunoscuta-competitie-dintre-raliurile-romanesti-raliul-argesului","status":"publish","type":"post","link":"https:\/\/urbeamea.ro\/albaiulia\/groza-elisei-pilot-si-morariu-adrian-copilot-din-nou-la-volan-in-cea-mai-cunoscuta-competitie-dintre-raliurile-romanesti-raliul-argesului\/","title":{"rendered":"Groza Elisei (pilot) \u0219i Morariu Adrian (copilot) din nou la volan \u00een cea mai cunoscut\u0103 competi\u021bie dintre raliurile rom\u00e2ne\u0219ti: Raliul Arge\u0219ului"},"content":{"rendered":"\n<h2 class=\"wp-block-heading\">Raliul Arge\u0219ului 2022 marcheaz\u0103 revenirea echipajului albaiulian format din Groza Elisei (pilot) \u0219i Morariu Adrian (copilot) dup\u0103 o absen\u021b\u0103 de 4 ani din via\u021ba sportiv\u0103 a \u0219oferilor profesioni\u0219ti.<\/h2>\n\n\n\n<p>Raliul Arge\u0219ului are o istorie \u00eendelungat\u0103 \u00een motorsportul din Rom\u00e2nia, fiind una din competi\u021biile care a avut loc de-a lungul multor decenii. Cu o cultur\u0103 a sportului bine \u00eenr\u0103d\u0103cinat\u0103 \u00een jude\u021bul Arge\u0219, raliul a fost doar una din ramurile unde pilo\u021bii locali au excelat. \u00cencep\u00e2nd cu 1971, Raliul Arge\u0219ului a desf\u0103\u0219urat un num\u0103r de 18 edi\u021bii sub numele Raliul Pite\u0219ti, Raliul Dacia \u0219i, \u00een epoca modern\u0103, Raliul Arge\u0219ului, fiind una dintre cele mai cunoscute competi\u021bii \u00eentre raliurile rom\u00e2ne\u0219ti \u00een perioada anilor 1990. De asemenea, o edi\u021bie a Raliului Rom\u00e2niei a avut loc tot pe probele speciale din jurul Pite\u0219tiului.<\/p>\n\n\n\n<p>Edi\u021bia aceasta se va desf\u0103\u0219ura pe parcursul a doua zile respectiv, <strong>21 \u0219i 22 mai<\/strong>. Lungimea total\u0103 a raliului fiind de 469 km din care 130 km de prob\u0103 special\u0103. Prima zi de concurs va debuta cu probe spectaculoase pe Transf\u0103g\u0103r\u0103\u0219an \u0219i cu superspeciala din Pite\u0219ti, urm\u00e2nd ca a doua zi, raliul sa se mute c\u0103tre C\u00e2mpulung cu ultimele 4 probe care o sa \u00eenchid\u0103 edi\u021bia din 2022 a Raliului Arge\u0219ului. <\/p>\n\n\n\n<pre class=\"wp-block-verse\">Dup\u0103 4 ani ne aliniem la start cu o mare bucurie \u0219i ner\u0103bdare, \u0219i suntem fericiti ca putem fi la start cu eforturi pe m\u0103sura ner\u0103bd\u0103rii. O sa debut\u0103m cu un alt material de concurs respectiv un <strong>Suzuki Swift sport de clasa RC5N<\/strong>, o ma\u0219ina nou construit\u0103 \u0219i cu costuri de exploatare mult mai reduse fa\u021b\u0103 de <strong>Mitsubishi-ul Lancer Evo 9<\/strong>. <\/pre>\n\n\n\n<figure class=\"wp-block-gallery has-nested-images columns-default is-cropped wp-block-gallery-1 is-layout-flex wp-block-gallery-is-layout-flex\">\n<figure class=\"wp-block-image size-large\"><a href=\"https:\/\/urbeamea.ro\/albaiulia\/wp-content\/uploads\/2022\/05\/eli-1.jpg\"><img loading=\"lazy\" decoding=\"async\" width=\"2048\" height=\"1536\" data-id=\"101922\" src=\"https:\/\/urbeamea.ro\/albaiulia\/wp-content\/uploads\/2022\/05\/eli-1.jpg\" alt=\"\" class=\"wp-image-101922\" srcset=\"https:\/\/urbeamea.ro\/albaiulia\/wp-content\/uploads\/2022\/05\/eli-1.jpg 2048w, https:\/\/urbeamea.ro\/albaiulia\/wp-content\/uploads\/2022\/05\/eli-1-640x480.jpg 640w, https:\/\/urbeamea.ro\/albaiulia\/wp-content\/uploads\/2022\/05\/eli-1-1280x960.jpg 1280w, https:\/\/urbeamea.ro\/albaiulia\/wp-content\/uploads\/2022\/05\/eli-1-150x113.jpg 150w, https:\/\/urbeamea.ro\/albaiulia\/wp-content\/uploads\/2022\/05\/eli-1-768x576.jpg 768w, https:\/\/urbeamea.ro\/albaiulia\/wp-content\/uploads\/2022\/05\/eli-1-1536x1152.jpg 1536w\" sizes=\"auto, (max-width: 2048px) 100vw, 2048px\" \/><\/a><\/figure>\n\n\n\n<figure class=\"wp-block-image size-large\"><a href=\"https:\/\/urbeamea.ro\/albaiulia\/wp-content\/uploads\/2022\/05\/eli-3.jpg\"><img loading=\"lazy\" decoding=\"async\" width=\"2048\" height=\"1363\" data-id=\"101924\" src=\"https:\/\/urbeamea.ro\/albaiulia\/wp-content\/uploads\/2022\/05\/eli-3.jpg\" alt=\"\" class=\"wp-image-101924\" srcset=\"https:\/\/urbeamea.ro\/albaiulia\/wp-content\/uploads\/2022\/05\/eli-3.jpg 2048w, https:\/\/urbeamea.ro\/albaiulia\/wp-content\/uploads\/2022\/05\/eli-3-640x426.jpg 640w, https:\/\/urbeamea.ro\/albaiulia\/wp-content\/uploads\/2022\/05\/eli-3-1280x852.jpg 1280w, https:\/\/urbeamea.ro\/albaiulia\/wp-content\/uploads\/2022\/05\/eli-3-150x100.jpg 150w, https:\/\/urbeamea.ro\/albaiulia\/wp-content\/uploads\/2022\/05\/eli-3-768x511.jpg 768w, https:\/\/urbeamea.ro\/albaiulia\/wp-content\/uploads\/2022\/05\/eli-3-1536x1022.jpg 1536w\" sizes=\"auto, (max-width: 2048px) 100vw, 2048px\" \/><\/a><\/figure>\n<\/figure>\n\n\n\n<blockquote class=\"wp-block-quote is-layout-flow wp-block-quote-is-layout-flow\"><p>Sunt fericit ca pot fi la start dup\u0103 4 ani de absen\u021b\u0103, chiar dac\u0103 nu avem niciun sponsor al\u0103turi de noi. Cu aceast\u0103 ocazie reu\u0219im s\u0103 revenim la start, s\u0103 \u00eembr\u0103c\u0103m din nou combinezonul \u0219i s\u0103 ne bucur\u0103m de pilotajul care ne-a lipsit. Trebuie s\u0103 recunosc, \u00eemi lipse\u0219te Mitsubishi-ul Lancer, cu care nu puteam fi la start din cauza costurilor mult prea mari, dar avem \u00eencredere c\u0103 Suzuki-ul Swift o sa fie distractiv.<\/p><cite>Groza Elisei<\/cite><\/blockquote>\n\n\n\n<blockquote class=\"wp-block-quote is-layout-flow wp-block-quote-is-layout-flow\"><p>Sunt foarte bucuros c\u0103 dup\u0103 4 ani suntem din nou \u00eempreun\u0103 \u00een ma\u0219ina de curse! P\u00e2n\u0103 \u00een acest moment avem \u00een plan doar Raliul Arge\u0219ului \u0219i nu avem nici o presiune s\u0103 ne reacomod\u0103m at\u00e2t \u00een ma\u0219ina de curse c\u00e2t \u0219i \u00een regimul de concurs care ne-a lipsit at\u00e2t de mult, dar avem \u00eencredere c\u0103 totul va fi bine. Probele sunt foarte frumoase \u0219i v\u0103 a\u0219tept\u0103m \u00een num\u0103r c\u00e2t mai mare. Mul\u021bumim pentru sprijin familiei \u0219i prietenilor.<\/p><cite>Morariu Adrian<\/cite><\/blockquote>\n\n\n\n<p><em>Raliul Arge\u0219ului CATENA &#8211; Powered by Citroen este un eveniment organizat sub egida Federa\u021biei Rom\u00e2ne de Automobilism Sportiv, sus\u021binut de Consiliul Jude\u021bean Arge\u0219, Prim\u0103ria si Consiliul Local al Municipiului Pite\u0219ti \u0219i CATENA, cel mai mare lan\u021b de farmacii din Rom\u00e2nia, de\u021binut de grupul Fildas.<\/em><\/p>\n\n\n\n<p><em>Ma\u0219ina oficial\u0103 a Raliului Arge\u0219ului este oferit\u0103 de Trust Motors \u2013 Importator oficial al m\u0103rcilor Peugeot, Citro\u00ebn \u015fi DS \u00een Rom\u00e2nia.<\/em><\/p>\n","protected":false},"excerpt":{"rendered":"<p>Raliul Arge\u0219ului 2022 marcheaz\u0103 revenirea echipajului albaiulian format din Groza Elisei (pilot) \u0219i Morariu Adrian (copilot) dup\u0103 o absen\u021b\u0103 de 4 ani din via\u021ba sportiv\u0103 a \u0219oferilor profesioni\u0219ti. Raliul Arge\u0219ului are o istorie \u00eendelungat\u0103 \u00een motorsportul din Rom\u00e2nia, fiind una din competi\u021biile care a avut loc de-a lungul multor decenii. Cu o cultur\u0103 a sportului &hellip;<\/p>\n","protected":false},"author":5,"featured_media":101923,"comment_status":"open","ping_status":"open","sticky":false,"template":"","format":"standard","meta":{"inline_featured_image":false,"footnotes":""},"categories":[2037],"tags":[],"class_list":["post-101918","post","type-post","status-publish","format-standard","has-post-thumbnail","hentry","category-sport"],"yoast_head":"<!-- This site is optimized with the Yoast SEO plugin v27.4 - https:\/\/yoast.com\/product\/yoast-seo-wordpress\/ -->\n<title>Groza Elisei (pilot) \u0219i Morariu Adrian (copilot) din nou la volan \u00een cea mai cunoscut\u0103 competi\u021bie dintre raliurile rom\u00e2ne\u0219ti: Raliul Arge\u0219ului - Revista Urbea Mea - Revista de Alba<\/title>\n<meta name=\"description\" content=\"Raliul Arge\u0219ului 2022 marcheaz\u0103 revenirea echipajului albaiulian format din Groza Elisei (pilot) \u0219i Morariu Adrian (copilot) dup\u0103 o absen\u021b\u0103 de 4 ani din\" \/>\n<meta name=\"robots\" content=\"index, follow, max-snippet:-1, max-image-preview:large, max-video-preview:-1\" \/>\n<link rel=\"canonical\" href=\"https:\/\/urbeamea.ro\/albaiulia\/groza-elisei-pilot-si-morariu-adrian-copilot-din-nou-la-volan-in-cea-mai-cunoscuta-competitie-dintre-raliurile-romanesti-raliul-argesului\/\" \/>\n<meta name=\"twitter:card\" content=\"summary_large_image\" \/>\n<meta name=\"twitter:title\" content=\"Groza Elisei (pilot) \u0219i Morariu Adrian (copilot) din nou la volan \u00een cea mai cunoscut\u0103 competi\u021bie dintre raliurile rom\u00e2ne\u0219ti: Raliul Arge\u0219ului - Revista Urbea Mea - Revista de Alba\" \/>\n<meta name=\"twitter:description\" content=\"Raliul Arge\u0219ului 2022 marcheaz\u0103 revenirea echipajului albaiulian format din Groza Elisei (pilot) \u0219i Morariu Adrian (copilot) dup\u0103 o absen\u021b\u0103 de 4 ani din\" \/>\n<meta name=\"twitter:image\" content=\"https:\/\/urbeamea.ro\/albaiulia\/wp-content\/uploads\/2022\/05\/eli-2.jpg\" \/>\n<meta name=\"twitter:creator\" content=\"@urbeameaweb\" \/>\n<meta name=\"twitter:site\" content=\"@urbeameaweb\" \/>\n<script type=\"application\/ld+json\" class=\"yoast-schema-graph\">{\"@context\":\"https:\\\/\\\/schema.org\",\"@graph\":[{\"@type\":\"Article\",\"@id\":\"https:\\\/\\\/urbeamea.ro\\\/albaiulia\\\/groza-elisei-pilot-si-morariu-adrian-copilot-din-nou-la-volan-in-cea-mai-cunoscuta-competitie-dintre-raliurile-romanesti-raliul-argesului\\\/#article\",\"isPartOf\":{\"@id\":\"https:\\\/\\\/urbeamea.ro\\\/albaiulia\\\/groza-elisei-pilot-si-morariu-adrian-copilot-din-nou-la-volan-in-cea-mai-cunoscuta-competitie-dintre-raliurile-romanesti-raliul-argesului\\\/\"},\"author\":{\"name\":\"Bogdan P\u0103unescu\",\"@id\":\"https:\\\/\\\/urbeamea.ro\\\/albaiulia\\\/#\\\/schema\\\/person\\\/a115373ce8153754c6b084232d985956\"},\"headline\":\"Groza Elisei (pilot) \u0219i Morariu Adrian (copilot) din nou la volan \u00een cea mai cunoscut\u0103 competi\u021bie dintre raliurile rom\u00e2ne\u0219ti: Raliul Arge\u0219ului\",\"datePublished\":\"2022-05-17T16:18:44+00:00\",\"dateModified\":\"2022-05-17T16:20:24+00:00\",\"mainEntityOfPage\":{\"@id\":\"https:\\\/\\\/urbeamea.ro\\\/albaiulia\\\/groza-elisei-pilot-si-morariu-adrian-copilot-din-nou-la-volan-in-cea-mai-cunoscuta-competitie-dintre-raliurile-romanesti-raliul-argesului\\\/\"},\"wordCount\":495,\"commentCount\":0,\"image\":{\"@id\":\"https:\\\/\\\/urbeamea.ro\\\/albaiulia\\\/groza-elisei-pilot-si-morariu-adrian-copilot-din-nou-la-volan-in-cea-mai-cunoscuta-competitie-dintre-raliurile-romanesti-raliul-argesului\\\/#primaryimage\"},\"thumbnailUrl\":\"https:\\\/\\\/urbeamea.ro\\\/albaiulia\\\/wp-content\\\/uploads\\\/2022\\\/05\\\/eli-2.jpg\",\"articleSection\":[\"Sport\"],\"inLanguage\":\"ro-RO\",\"potentialAction\":[{\"@type\":\"CommentAction\",\"name\":\"Comment\",\"target\":[\"https:\\\/\\\/urbeamea.ro\\\/albaiulia\\\/groza-elisei-pilot-si-morariu-adrian-copilot-din-nou-la-volan-in-cea-mai-cunoscuta-competitie-dintre-raliurile-romanesti-raliul-argesului\\\/#respond\"]}]},{\"@type\":\"WebPage\",\"@id\":\"https:\\\/\\\/urbeamea.ro\\\/albaiulia\\\/groza-elisei-pilot-si-morariu-adrian-copilot-din-nou-la-volan-in-cea-mai-cunoscuta-competitie-dintre-raliurile-romanesti-raliul-argesului\\\/\",\"url\":\"https:\\\/\\\/urbeamea.ro\\\/albaiulia\\\/groza-elisei-pilot-si-morariu-adrian-copilot-din-nou-la-volan-in-cea-mai-cunoscuta-competitie-dintre-raliurile-romanesti-raliul-argesului\\\/\",\"name\":\"Groza Elisei (pilot) \u0219i Morariu Adrian (copilot) din nou la volan \u00een cea mai cunoscut\u0103 competi\u021bie dintre raliurile rom\u00e2ne\u0219ti: Raliul Arge\u0219ului - Revista Urbea Mea - Revista de Alba\",\"isPartOf\":{\"@id\":\"https:\\\/\\\/urbeamea.ro\\\/albaiulia\\\/#website\"},\"primaryImageOfPage\":{\"@id\":\"https:\\\/\\\/urbeamea.ro\\\/albaiulia\\\/groza-elisei-pilot-si-morariu-adrian-copilot-din-nou-la-volan-in-cea-mai-cunoscuta-competitie-dintre-raliurile-romanesti-raliul-argesului\\\/#primaryimage\"},\"image\":{\"@id\":\"https:\\\/\\\/urbeamea.ro\\\/albaiulia\\\/groza-elisei-pilot-si-morariu-adrian-copilot-din-nou-la-volan-in-cea-mai-cunoscuta-competitie-dintre-raliurile-romanesti-raliul-argesului\\\/#primaryimage\"},\"thumbnailUrl\":\"https:\\\/\\\/urbeamea.ro\\\/albaiulia\\\/wp-content\\\/uploads\\\/2022\\\/05\\\/eli-2.jpg\",\"datePublished\":\"2022-05-17T16:18:44+00:00\",\"dateModified\":\"2022-05-17T16:20:24+00:00\",\"author\":{\"@id\":\"https:\\\/\\\/urbeamea.ro\\\/albaiulia\\\/#\\\/schema\\\/person\\\/a115373ce8153754c6b084232d985956\"},\"description\":\"Raliul Arge\u0219ului 2022 marcheaz\u0103 revenirea echipajului albaiulian format din Groza Elisei (pilot) \u0219i Morariu Adrian (copilot) dup\u0103 o absen\u021b\u0103 de 4 ani din\",\"breadcrumb\":{\"@id\":\"https:\\\/\\\/urbeamea.ro\\\/albaiulia\\\/groza-elisei-pilot-si-morariu-adrian-copilot-din-nou-la-volan-in-cea-mai-cunoscuta-competitie-dintre-raliurile-romanesti-raliul-argesului\\\/#breadcrumb\"},\"inLanguage\":\"ro-RO\",\"potentialAction\":[{\"@type\":\"ReadAction\",\"target\":[\"https:\\\/\\\/urbeamea.ro\\\/albaiulia\\\/groza-elisei-pilot-si-morariu-adrian-copilot-din-nou-la-volan-in-cea-mai-cunoscuta-competitie-dintre-raliurile-romanesti-raliul-argesului\\\/\"]}]},{\"@type\":\"ImageObject\",\"inLanguage\":\"ro-RO\",\"@id\":\"https:\\\/\\\/urbeamea.ro\\\/albaiulia\\\/groza-elisei-pilot-si-morariu-adrian-copilot-din-nou-la-volan-in-cea-mai-cunoscuta-competitie-dintre-raliurile-romanesti-raliul-argesului\\\/#primaryimage\",\"url\":\"https:\\\/\\\/urbeamea.ro\\\/albaiulia\\\/wp-content\\\/uploads\\\/2022\\\/05\\\/eli-2.jpg\",\"contentUrl\":\"https:\\\/\\\/urbeamea.ro\\\/albaiulia\\\/wp-content\\\/uploads\\\/2022\\\/05\\\/eli-2.jpg\",\"width\":2048,\"height\":1365},{\"@type\":\"BreadcrumbList\",\"@id\":\"https:\\\/\\\/urbeamea.ro\\\/albaiulia\\\/groza-elisei-pilot-si-morariu-adrian-copilot-din-nou-la-volan-in-cea-mai-cunoscuta-competitie-dintre-raliurile-romanesti-raliul-argesului\\\/#breadcrumb\",\"itemListElement\":[{\"@type\":\"ListItem\",\"position\":1,\"name\":\"Prima pagin\u0103\",\"item\":\"https:\\\/\\\/urbeamea.ro\\\/albaiulia\\\/\"},{\"@type\":\"ListItem\",\"position\":2,\"name\":\"Groza Elisei (pilot) \u0219i Morariu Adrian (copilot) din nou la volan \u00een cea mai cunoscut\u0103 competi\u021bie dintre raliurile rom\u00e2ne\u0219ti: Raliul Arge\u0219ului\"}]},{\"@type\":\"WebSite\",\"@id\":\"https:\\\/\\\/urbeamea.ro\\\/albaiulia\\\/#website\",\"url\":\"https:\\\/\\\/urbeamea.ro\\\/albaiulia\\\/\",\"name\":\"Revista Urbea Mea, Stiri urbane\",\"description\":\"Evenimente \u0219i \u0219tiri din Alba Iulia, Sebe\u0219, Aiud, Blaj\",\"potentialAction\":[{\"@type\":\"SearchAction\",\"target\":{\"@type\":\"EntryPoint\",\"urlTemplate\":\"https:\\\/\\\/urbeamea.ro\\\/albaiulia\\\/?s={search_term_string}\"},\"query-input\":{\"@type\":\"PropertyValueSpecification\",\"valueRequired\":true,\"valueName\":\"search_term_string\"}}],\"inLanguage\":\"ro-RO\"},{\"@type\":\"Person\",\"@id\":\"https:\\\/\\\/urbeamea.ro\\\/albaiulia\\\/#\\\/schema\\\/person\\\/a115373ce8153754c6b084232d985956\",\"name\":\"Bogdan P\u0103unescu\",\"image\":{\"@type\":\"ImageObject\",\"inLanguage\":\"ro-RO\",\"@id\":\"https:\\\/\\\/secure.gravatar.com\\\/avatar\\\/f72aa881b5a32ea110a53aabc2049429e3ff68fcb09d283722d01fbf330e9dd9?s=96&d=mm&r=g\",\"url\":\"https:\\\/\\\/secure.gravatar.com\\\/avatar\\\/f72aa881b5a32ea110a53aabc2049429e3ff68fcb09d283722d01fbf330e9dd9?s=96&d=mm&r=g\",\"contentUrl\":\"https:\\\/\\\/secure.gravatar.com\\\/avatar\\\/f72aa881b5a32ea110a53aabc2049429e3ff68fcb09d283722d01fbf330e9dd9?s=96&d=mm&r=g\",\"caption\":\"Bogdan P\u0103unescu\"},\"description\":\"\u00cemi place tot ceea ce este legat de web \u015fi ajut la dezvoltarea \u015fi \u00eembun\u0103t\u0103\u0163irea lui prin tot ceea ce fac.\",\"sameAs\":[\"https:\\\/\\\/www.artonmedia.ro\",\"https:\\\/\\\/www.facebook.com\\\/bogdanvpaunescu\"],\"url\":\"https:\\\/\\\/urbeamea.ro\\\/albaiulia\\\/author\\\/bogdan-paunescu\\\/\"}]}<\/script>\n<!-- \/ Yoast SEO plugin. -->","yoast_head_json":{"title":"Groza Elisei (pilot) \u0219i Morariu Adrian (copilot) din nou la volan \u00een cea mai cunoscut\u0103 competi\u021bie dintre raliurile rom\u00e2ne\u0219ti: Raliul Arge\u0219ului - Revista Urbea Mea - Revista de Alba","description":"Raliul Arge\u0219ului 2022 marcheaz\u0103 revenirea echipajului albaiulian format din Groza Elisei (pilot) \u0219i Morariu Adrian (copilot) dup\u0103 o absen\u021b\u0103 de 4 ani din","robots":{"index":"index","follow":"follow","max-snippet":"max-snippet:-1","max-image-preview":"max-image-preview:large","max-video-preview":"max-video-preview:-1"},"canonical":"https:\/\/urbeamea.ro\/albaiulia\/groza-elisei-pilot-si-morariu-adrian-copilot-din-nou-la-volan-in-cea-mai-cunoscuta-competitie-dintre-raliurile-romanesti-raliul-argesului\/","twitter_card":"summary_large_image","twitter_title":"Groza Elisei (pilot) \u0219i Morariu Adrian (copilot) din nou la volan \u00een cea mai cunoscut\u0103 competi\u021bie dintre raliurile rom\u00e2ne\u0219ti: Raliul Arge\u0219ului - Revista Urbea Mea - Revista de Alba","twitter_description":"Raliul Arge\u0219ului 2022 marcheaz\u0103 revenirea echipajului albaiulian format din Groza Elisei (pilot) \u0219i Morariu Adrian (copilot) dup\u0103 o absen\u021b\u0103 de 4 ani din","twitter_image":"https:\/\/urbeamea.ro\/albaiulia\/wp-content\/uploads\/2022\/05\/eli-2.jpg","twitter_creator":"@urbeameaweb","twitter_site":"@urbeameaweb","schema":{"@context":"https:\/\/schema.org","@graph":[{"@type":"Article","@id":"https:\/\/urbeamea.ro\/albaiulia\/groza-elisei-pilot-si-morariu-adrian-copilot-din-nou-la-volan-in-cea-mai-cunoscuta-competitie-dintre-raliurile-romanesti-raliul-argesului\/#article","isPartOf":{"@id":"https:\/\/urbeamea.ro\/albaiulia\/groza-elisei-pilot-si-morariu-adrian-copilot-din-nou-la-volan-in-cea-mai-cunoscuta-competitie-dintre-raliurile-romanesti-raliul-argesului\/"},"author":{"name":"Bogdan P\u0103unescu","@id":"https:\/\/urbeamea.ro\/albaiulia\/#\/schema\/person\/a115373ce8153754c6b084232d985956"},"headline":"Groza Elisei (pilot) \u0219i Morariu Adrian (copilot) din nou la volan \u00een cea mai cunoscut\u0103 competi\u021bie dintre raliurile rom\u00e2ne\u0219ti: Raliul Arge\u0219ului","datePublished":"2022-05-17T16:18:44+00:00","dateModified":"2022-05-17T16:20:24+00:00","mainEntityOfPage":{"@id":"https:\/\/urbeamea.ro\/albaiulia\/groza-elisei-pilot-si-morariu-adrian-copilot-din-nou-la-volan-in-cea-mai-cunoscuta-competitie-dintre-raliurile-romanesti-raliul-argesului\/"},"wordCount":495,"commentCount":0,"image":{"@id":"https:\/\/urbeamea.ro\/albaiulia\/groza-elisei-pilot-si-morariu-adrian-copilot-din-nou-la-volan-in-cea-mai-cunoscuta-competitie-dintre-raliurile-romanesti-raliul-argesului\/#primaryimage"},"thumbnailUrl":"https:\/\/urbeamea.ro\/albaiulia\/wp-content\/uploads\/2022\/05\/eli-2.jpg","articleSection":["Sport"],"inLanguage":"ro-RO","potentialAction":[{"@type":"CommentAction","name":"Comment","target":["https:\/\/urbeamea.ro\/albaiulia\/groza-elisei-pilot-si-morariu-adrian-copilot-din-nou-la-volan-in-cea-mai-cunoscuta-competitie-dintre-raliurile-romanesti-raliul-argesului\/#respond"]}]},{"@type":"WebPage","@id":"https:\/\/urbeamea.ro\/albaiulia\/groza-elisei-pilot-si-morariu-adrian-copilot-din-nou-la-volan-in-cea-mai-cunoscuta-competitie-dintre-raliurile-romanesti-raliul-argesului\/","url":"https:\/\/urbeamea.ro\/albaiulia\/groza-elisei-pilot-si-morariu-adrian-copilot-din-nou-la-volan-in-cea-mai-cunoscuta-competitie-dintre-raliurile-romanesti-raliul-argesului\/","name":"Groza Elisei (pilot) \u0219i Morariu Adrian (copilot) din nou la volan \u00een cea mai cunoscut\u0103 competi\u021bie dintre raliurile rom\u00e2ne\u0219ti: Raliul Arge\u0219ului - Revista Urbea Mea - Revista de Alba","isPartOf":{"@id":"https:\/\/urbeamea.ro\/albaiulia\/#website"},"primaryImageOfPage":{"@id":"https:\/\/urbeamea.ro\/albaiulia\/groza-elisei-pilot-si-morariu-adrian-copilot-din-nou-la-volan-in-cea-mai-cunoscuta-competitie-dintre-raliurile-romanesti-raliul-argesului\/#primaryimage"},"image":{"@id":"https:\/\/urbeamea.ro\/albaiulia\/groza-elisei-pilot-si-morariu-adrian-copilot-din-nou-la-volan-in-cea-mai-cunoscuta-competitie-dintre-raliurile-romanesti-raliul-argesului\/#primaryimage"},"thumbnailUrl":"https:\/\/urbeamea.ro\/albaiulia\/wp-content\/uploads\/2022\/05\/eli-2.jpg","datePublished":"2022-05-17T16:18:44+00:00","dateModified":"2022-05-17T16:20:24+00:00","author":{"@id":"https:\/\/urbeamea.ro\/albaiulia\/#\/schema\/person\/a115373ce8153754c6b084232d985956"},"description":"Raliul Arge\u0219ului 2022 marcheaz\u0103 revenirea echipajului albaiulian format din Groza Elisei (pilot) \u0219i Morariu Adrian (copilot) dup\u0103 o absen\u021b\u0103 de 4 ani din","breadcrumb":{"@id":"https:\/\/urbeamea.ro\/albaiulia\/groza-elisei-pilot-si-morariu-adrian-copilot-din-nou-la-volan-in-cea-mai-cunoscuta-competitie-dintre-raliurile-romanesti-raliul-argesului\/#breadcrumb"},"inLanguage":"ro-RO","potentialAction":[{"@type":"ReadAction","target":["https:\/\/urbeamea.ro\/albaiulia\/groza-elisei-pilot-si-morariu-adrian-copilot-din-nou-la-volan-in-cea-mai-cunoscuta-competitie-dintre-raliurile-romanesti-raliul-argesului\/"]}]},{"@type":"ImageObject","inLanguage":"ro-RO","@id":"https:\/\/urbeamea.ro\/albaiulia\/groza-elisei-pilot-si-morariu-adrian-copilot-din-nou-la-volan-in-cea-mai-cunoscuta-competitie-dintre-raliurile-romanesti-raliul-argesului\/#primaryimage","url":"https:\/\/urbeamea.ro\/albaiulia\/wp-content\/uploads\/2022\/05\/eli-2.jpg","contentUrl":"https:\/\/urbeamea.ro\/albaiulia\/wp-content\/uploads\/2022\/05\/eli-2.jpg","width":2048,"height":1365},{"@type":"BreadcrumbList","@id":"https:\/\/urbeamea.ro\/albaiulia\/groza-elisei-pilot-si-morariu-adrian-copilot-din-nou-la-volan-in-cea-mai-cunoscuta-competitie-dintre-raliurile-romanesti-raliul-argesului\/#breadcrumb","itemListElement":[{"@type":"ListItem","position":1,"name":"Prima pagin\u0103","item":"https:\/\/urbeamea.ro\/albaiulia\/"},{"@type":"ListItem","position":2,"name":"Groza Elisei (pilot) \u0219i Morariu Adrian (copilot) din nou la volan \u00een cea mai cunoscut\u0103 competi\u021bie dintre raliurile rom\u00e2ne\u0219ti: Raliul Arge\u0219ului"}]},{"@type":"WebSite","@id":"https:\/\/urbeamea.ro\/albaiulia\/#website","url":"https:\/\/urbeamea.ro\/albaiulia\/","name":"Revista Urbea Mea, Stiri urbane","description":"Evenimente \u0219i \u0219tiri din Alba Iulia, Sebe\u0219, Aiud, Blaj","potentialAction":[{"@type":"SearchAction","target":{"@type":"EntryPoint","urlTemplate":"https:\/\/urbeamea.ro\/albaiulia\/?s={search_term_string}"},"query-input":{"@type":"PropertyValueSpecification","valueRequired":true,"valueName":"search_term_string"}}],"inLanguage":"ro-RO"},{"@type":"Person","@id":"https:\/\/urbeamea.ro\/albaiulia\/#\/schema\/person\/a115373ce8153754c6b084232d985956","name":"Bogdan P\u0103unescu","image":{"@type":"ImageObject","inLanguage":"ro-RO","@id":"https:\/\/secure.gravatar.com\/avatar\/f72aa881b5a32ea110a53aabc2049429e3ff68fcb09d283722d01fbf330e9dd9?s=96&d=mm&r=g","url":"https:\/\/secure.gravatar.com\/avatar\/f72aa881b5a32ea110a53aabc2049429e3ff68fcb09d283722d01fbf330e9dd9?s=96&d=mm&r=g","contentUrl":"https:\/\/secure.gravatar.com\/avatar\/f72aa881b5a32ea110a53aabc2049429e3ff68fcb09d283722d01fbf330e9dd9?s=96&d=mm&r=g","caption":"Bogdan P\u0103unescu"},"description":"\u00cemi place tot ceea ce este legat de web \u015fi ajut la dezvoltarea \u015fi \u00eembun\u0103t\u0103\u0163irea lui prin tot ceea ce fac.","sameAs":["https:\/\/www.artonmedia.ro","https:\/\/www.facebook.com\/bogdanvpaunescu"],"url":"https:\/\/urbeamea.ro\/albaiulia\/author\/bogdan-paunescu\/"}]}},"_links":{"self":[{"href":"https:\/\/urbeamea.ro\/albaiulia\/wp-json\/wp\/v2\/posts\/101918","targetHints":{"allow":["GET"]}}],"collection":[{"href":"https:\/\/urbeamea.ro\/albaiulia\/wp-json\/wp\/v2\/posts"}],"about":[{"href":"https:\/\/urbeamea.ro\/albaiulia\/wp-json\/wp\/v2\/types\/post"}],"author":[{"embeddable":true,"href":"https:\/\/urbeamea.ro\/albaiulia\/wp-json\/wp\/v2\/users\/5"}],"replies":[{"embeddable":true,"href":"https:\/\/urbeamea.ro\/albaiulia\/wp-json\/wp\/v2\/comments?post=101918"}],"version-history":[{"count":3,"href":"https:\/\/urbeamea.ro\/albaiulia\/wp-json\/wp\/v2\/posts\/101918\/revisions"}],"predecessor-version":[{"id":101927,"href":"https:\/\/urbeamea.ro\/albaiulia\/wp-json\/wp\/v2\/posts\/101918\/revisions\/101927"}],"wp:featuredmedia":[{"embeddable":true,"href":"https:\/\/urbeamea.ro\/albaiulia\/wp-json\/wp\/v2\/media\/101923"}],"wp:attachment":[{"href":"https:\/\/urbeamea.ro\/albaiulia\/wp-json\/wp\/v2\/media?parent=101918"}],"wp:term":[{"taxonomy":"category","embeddable":true,"href":"https:\/\/urbeamea.ro\/albaiulia\/wp-json\/wp\/v2\/categories?post=101918"},{"taxonomy":"post_tag","embeddable":true,"href":"https:\/\/urbeamea.ro\/albaiulia\/wp-json\/wp\/v2\/tags?post=101918"}],"curies":[{"name":"wp","href":"https:\/\/api.w.org\/{rel}","templated":true}]}}