{"id":10192,"date":"2015-10-19T19:40:43","date_gmt":"2015-10-19T16:40:43","guid":{"rendered":"http:\/\/urbeamea.ro\/albaiulia\/?p=10192"},"modified":"2016-01-18T18:56:22","modified_gmt":"2016-01-18T16:56:22","slug":"foto-cancelaria-primului-ministru-este-interesata-de-dezvoltarea-regiunii-centru","status":"publish","type":"post","link":"https:\/\/urbeamea.ro\/albaiulia\/foto-cancelaria-primului-ministru-este-interesata-de-dezvoltarea-regiunii-centru\/","title":{"rendered":"FOTO: Cancelaria Primului Ministru este interesat\u0103 de dezvoltarea Regiunii Centru"},"content":{"rendered":"<p><strong><a href=\"http:\/\/urbeamea.ro\/albaiulia\/wp-content\/uploads\/2015\/10\/Foto-4.jpg\"><img loading=\"lazy\" decoding=\"async\" class=\"alignleft size-medium wp-image-10196\" src=\"http:\/\/urbeamea.ro\/albaiulia\/wp-content\/uploads\/2015\/10\/Foto-4-286x300.jpg\" alt=\"Foto-4\" width=\"286\" height=\"300\" \/><\/a>La sf\u00e2r\u0219itul s\u0103pt\u0103m\u00e2nii trecute<\/strong><strong> a avut loc o \u00eent\u00e2lnire informal\u0103 \u00eentre conducerea ADR Centru \u0219i reprezentan\u021bii Cancelariei Primului Ministru.\u00a0<\/strong><strong style=\"line-height: 1.5;\">Discu\u021biile, derulate la Traseul celor Trei Fortifica\u021bii din Cetatea Vauban Alba Iulia, au vizat dezvoltarea durabil\u0103 a zonei montane, proiectele de succes finan\u021bate cu fonduri Regio \u0219i gestionate de ADR Centru, dar \u0219i problemele din implementarea proiectelor.<\/strong><\/p>\n<p><strong>\u00cent\u00e2lnirea a avut loc \u00een prezen\u021ba domnului Mircea Hava, primarul municipiului Alba Iulia, discu\u021biile fiind purtate de domnul Jeremy Staniforth, \u00cenalt Reprezentant pentru Dezvoltare Durabil\u0103 \u0219i asistent al Prin\u021bului Charles de Wales, cu doamna Maria Ivan \u0219i domnul Mihai Pocanschi, directori \u00een cadrul ADR Centru. \u00a0<\/strong><\/p>\n<p>Numeroasele proiecte \u0219i ac\u021biuni \u00een care a fost implicat\u0103 ADR Centru, transparen\u021ba \u0219i buna vizibilitate a acestor proiecte, promptitudinea cu care se rezolv\u0103 problemele, au fost argumentele care au generat aceast\u0103 \u00eent\u00e2lnire. Al\u0103turi de \u00cenaltul Reprezentant pentru Dezvoltare Durabil\u0103, au mai participat la \u00eent\u00e2lnire \u0219i echipa de consilieri a Guvernului Rom\u00e2niei, format\u0103 din doamna Iulia Grum\u0103zescu \u0219i domnul Radu Rey.<\/p>\n<p><a href=\"http:\/\/urbeamea.ro\/albaiulia\/wp-content\/uploads\/2015\/10\/Foto-1.jpg\"><img loading=\"lazy\" decoding=\"async\" class=\"size-medium wp-image-10193 alignright\" src=\"http:\/\/urbeamea.ro\/albaiulia\/wp-content\/uploads\/2015\/10\/Foto-1-300x240.jpg\" alt=\"Foto-1\" width=\"300\" height=\"240\" srcset=\"https:\/\/urbeamea.ro\/albaiulia\/wp-content\/uploads\/2015\/10\/Foto-1-300x240.jpg 300w, https:\/\/urbeamea.ro\/albaiulia\/wp-content\/uploads\/2015\/10\/Foto-1-150x120.jpg 150w, https:\/\/urbeamea.ro\/albaiulia\/wp-content\/uploads\/2015\/10\/Foto-1-1024x818.jpg 1024w, https:\/\/urbeamea.ro\/albaiulia\/wp-content\/uploads\/2015\/10\/Foto-1.jpg 1280w\" sizes=\"auto, (max-width: 300px) 100vw, 300px\" \/><\/a>\u201d<strong>Delega\u021bia din partea Cancelariei Primului Ministru a stabilit aceast\u0103 \u00eent\u00e2lnire \u00een vederea organiz\u0103rii unui workshop la Bucure\u0219ti, unde se vor prezenta proiectele de succes, finan\u021bate cu fonduri UE \u00een regiunile \u021b\u0103rii. Cetatea Vauban Alba Iulia, un exemplu de dezvoltare urban\u0103 integrat\u0103 \u0219i restaurare, realizat prin trei proiecte Regio cu o valoare de peste 40 milioane euro fonduri nerambursabile, este un proiect care se recomand\u0103 \u00een sine, pe viu, prin loca\u021biile vizitate. <\/strong><\/p>\n<p><strong>Un alt proiect discutat, ce poate fi recomandat ca exemplu de succes, inclusiv la nivel european, este proiectul de care beneficiaz\u0103 \u00een prezent to\u021bi cei peste 2 milioane de locuitori ai Regiunii Centru, ce a vizat \u00eembun\u0103t\u0103\u021birea infrastructurii de interven\u021bie \u00een situa\u021bii de urgen\u021b\u0103. Acest proiect, ce a fost ini\u021biat datorit\u0103 demersurilor dr. Raed Arafat, a pornit cu un parteneriat \u00eentre cele \u0219ase Consilii Jude\u021bene din Regiunea Centru, adic\u0103 Alba, Bra\u0219ov, Covasna, Harghita Mure\u0219 \u0219i Sibiu, \u0219i a fost preluat apoi \u0219i multiplicat \u0219i \u00een celelalte regiuni ale Rom\u00e2niei.<\/strong><\/p>\n<p><strong> Prin 10 milioane de euro fonduri nerambursabile, s-au echipat \u0219i modernizat unit\u0103\u021bile ISU din toate cele 6 jude\u021be, s-a creat un centru de interven\u021bie mobil, s-au achizi\u021bionat echipamente pentru zonele montane mai greu accesibile \u0219i, de peste trei ani, prin aceste proiecte, SMURD-ul intervine \u0219i mai prompt pentru salvarea vie\u021bilor<\/strong><em>,\u201d <\/em>a declarat doamna Maria Ivan, director Direc\u021bia Coordonare ADR Centru.<\/p>\n<p><a href=\"http:\/\/urbeamea.ro\/albaiulia\/wp-content\/uploads\/2015\/10\/Foto-2.jpg\"><img loading=\"lazy\" decoding=\"async\" class=\"alignleft size-medium wp-image-10194\" src=\"http:\/\/urbeamea.ro\/albaiulia\/wp-content\/uploads\/2015\/10\/Foto-2-300x155.jpg\" alt=\"Foto-2\" width=\"300\" height=\"155\" srcset=\"https:\/\/urbeamea.ro\/albaiulia\/wp-content\/uploads\/2015\/10\/Foto-2-300x155.jpg 300w, https:\/\/urbeamea.ro\/albaiulia\/wp-content\/uploads\/2015\/10\/Foto-2-150x77.jpg 150w, https:\/\/urbeamea.ro\/albaiulia\/wp-content\/uploads\/2015\/10\/Foto-2-1024x528.jpg 1024w, https:\/\/urbeamea.ro\/albaiulia\/wp-content\/uploads\/2015\/10\/Foto-2.jpg 1280w\" sizes=\"auto, (max-width: 300px) 100vw, 300px\" \/><\/a>\u00cen acela\u0219i timp, au fost discutate \u0219i problemele majore cu care s-au confruntat beneficiarii de proiecte \u00een perioada 2007-2013. Principala problem\u0103 men\u021bionat\u0103 a fost cea referitoare la derularea procedurilor de achizi\u021bii publice, deoarece se prelungeau achizi\u021biile \u0219i fiindc\u0103 autorit\u0103\u021bile de decizie aveau opinii diferite asupra aceluia\u0219i caz.<\/p>\n<p>Referitor la viitoarea perioad\u0103 de programare financiar\u0103 2014-2020 \u0219i problemele cu care se vor confrunta beneficiarii, a fost subliniat faptul c\u0103 trebuie recuperat\u0103 \u00eent\u00e2rzierea \u00een lansarea domeniilor de finan\u021bare, \u00een acest moment toate programele opera\u021bionale fiind \u00eent\u00e2rziate. Toate aspectele discutate, privind gestionarea problemelor specifice pe program sau pe zone, vor face parte dintr-un set de recomand\u0103ri ce vor fi \u00eenaintate Primului Ministru de c\u0103tre consilierii prezen\u021bi.<\/p>\n<p>Nu \u00een ultimul r\u00e2nd, au fost aduse \u00een discu\u021bie investi\u021biile de fonduri Regio \u00een zona montan\u0103, modul \u00een care a fost sus\u021binut\u0103 dezvoltarea economiei locale, dar \u0219i leg\u0103tura dintre furnizorii de produse \u0219i furnizorii de servicii din turism.<\/p>\n<p><a href=\"http:\/\/urbeamea.ro\/albaiulia\/wp-content\/uploads\/2015\/10\/Foto-3.jpg\"><img loading=\"lazy\" decoding=\"async\" class=\"size-medium wp-image-10195 alignright\" src=\"http:\/\/urbeamea.ro\/albaiulia\/wp-content\/uploads\/2015\/10\/Foto-3-300x194.jpg\" alt=\"Foto-3\" width=\"300\" height=\"194\" srcset=\"https:\/\/urbeamea.ro\/albaiulia\/wp-content\/uploads\/2015\/10\/Foto-3-300x194.jpg 300w, https:\/\/urbeamea.ro\/albaiulia\/wp-content\/uploads\/2015\/10\/Foto-3-150x97.jpg 150w, https:\/\/urbeamea.ro\/albaiulia\/wp-content\/uploads\/2015\/10\/Foto-3-1024x662.jpg 1024w, https:\/\/urbeamea.ro\/albaiulia\/wp-content\/uploads\/2015\/10\/Foto-3.jpg 1161w\" sizes=\"auto, (max-width: 300px) 100vw, 300px\" \/><\/a>Dup\u0103 cum observa \u0219i domnul Staniforth, de\u0219i exist\u0103 o serie de proiecte \u0219i investi\u021bii \u00een domeniul hotelier \u0219i turistic, logistica utilizat\u0103 (vesel\u0103, tac\u00e2muri, etc.) provine de obicei din \u021b\u0103ri ca \u0219i Italia \u0219i Austria. De aceea este nevoie de o corelare \u00eentre proiecte, de o viziune de finan\u021bare care s\u0103 asigure toate elementele unui lan\u021b de produc\u021bie sau etapele de dezvoltare.<\/p>\n<p>Implicarea Regiunii Centru prin ADR Centru, \u00een Conven\u021bia Mun\u021bilor Carpa\u021bi \u0219i dezvoltarea acestui proiect cu atragerea de fonduri \u0219i \u00eenfiin\u021barea unui Birou al Platformei de Coordonare a Turismului Durabil la Bra\u0219ov a fost un alt subiect discutat, care a demonstrat complementaritatea activit\u0103\u021bilor ADR Centru \u00een privin\u021ba dezvolt\u0103rii regiunii.<\/p>\n<p>Dezvoltarea zonei montane \u0219i a turismului montan, ca punct cheie de dezvoltare prev\u0103zut \u00een Strategia de Dezvoltare Inteligent\u0103 a Regiunii Centru, a completat seria de ac\u021biuni desf\u0103\u0219urate de c\u0103tre ADR Centru pentru abordarea strategic\u0103 \u0219i viziunea pe termen lung de dezvoltare a tuturor zonelor din Regiune, fie ele urbane, fie rurale.<\/p>\n<p>Discu\u021biile s-au \u00eencheiat prin convenirea stabilirii unei leg\u0103turi parteneriale \u0219i a unor viitoare \u00eent\u00e2lniri pentru a discuta posibilit\u0103\u021bi de proiecte comune, dar \u0219i posibilitatea program\u0103rii \u00een viitor unei vizite a Principelui Charles \u00een zona Mun\u021bilor Apuseni.<\/p>\n","protected":false},"excerpt":{"rendered":"<p>La sf\u00e2r\u0219itul s\u0103pt\u0103m\u00e2nii trecute a avut loc o \u00eent\u00e2lnire informal\u0103 \u00eentre conducerea ADR Centru \u0219i reprezentan\u021bii Cancelariei Primului Ministru.\u00a0Discu\u021biile, derulate la Traseul celor Trei Fortifica\u021bii din Cetatea Vauban Alba Iulia, au vizat dezvoltarea durabil\u0103 a zonei montane, proiectele de succes finan\u021bate cu fonduri Regio \u0219i gestionate de ADR Centru, dar \u0219i problemele din implementarea proiectelor. &hellip;<\/p>\n","protected":false},"author":16,"featured_media":10196,"comment_status":"open","ping_status":"open","sticky":false,"template":"","format":"standard","meta":{"inline_featured_image":false,"footnotes":""},"categories":[2034],"tags":[],"class_list":["post-10192","post","type-post","status-publish","format-standard","has-post-thumbnail","hentry","category-social"],"yoast_head":"<!-- This site is optimized with the Yoast SEO plugin v28.3 - https:\/\/yoast.com\/product\/yoast-seo-wordpress\/ -->\n<title>FOTO: Cancelaria Primului Ministru este interesat\u0103 de dezvoltarea Regiunii Centru - Revista Urbea Mea - Revista de Alba<\/title>\n<meta name=\"description\" content=\"La sf\u00e2r\u0219itul s\u0103pt\u0103m\u00e2nii trecute a avut loc o \u00eent\u00e2lnire informal\u0103 \u00eentre conducerea ADR Centru \u0219i reprezentan\u021bii Cancelariei Primului Ministru.\u00a0Discu\u021biile,\" \/>\n<meta name=\"robots\" content=\"index, follow, max-snippet:-1, max-image-preview:large, max-video-preview:-1\" \/>\n<link rel=\"canonical\" href=\"https:\/\/urbeamea.ro\/albaiulia\/foto-cancelaria-primului-ministru-este-interesata-de-dezvoltarea-regiunii-centru\/\" \/>\n<meta name=\"twitter:card\" content=\"summary_large_image\" \/>\n<meta name=\"twitter:title\" content=\"FOTO: Cancelaria Primului Ministru este interesat\u0103 de dezvoltarea Regiunii Centru - Revista Urbea Mea - Revista de Alba\" \/>\n<meta name=\"twitter:description\" content=\"La sf\u00e2r\u0219itul s\u0103pt\u0103m\u00e2nii trecute a avut loc o \u00eent\u00e2lnire informal\u0103 \u00eentre conducerea ADR Centru \u0219i reprezentan\u021bii Cancelariei Primului Ministru.\u00a0Discu\u021biile,\" \/>\n<meta name=\"twitter:image\" content=\"https:\/\/urbeamea.ro\/albaiulia\/wp-content\/uploads\/2015\/10\/Foto-4.jpg\" \/>\n<meta name=\"twitter:creator\" content=\"@urbeameaweb\" \/>\n<meta name=\"twitter:site\" content=\"@urbeameaweb\" \/>\n<script type=\"application\/ld+json\" class=\"yoast-schema-graph\">{\"@context\":\"https:\\\/\\\/schema.org\",\"@graph\":[{\"@type\":\"Article\",\"@id\":\"https:\\\/\\\/urbeamea.ro\\\/albaiulia\\\/foto-cancelaria-primului-ministru-este-interesata-de-dezvoltarea-regiunii-centru\\\/#article\",\"isPartOf\":{\"@id\":\"https:\\\/\\\/urbeamea.ro\\\/albaiulia\\\/foto-cancelaria-primului-ministru-este-interesata-de-dezvoltarea-regiunii-centru\\\/\"},\"author\":{\"name\":\"Redac\u021bia UrbeaMea\",\"@id\":\"https:\\\/\\\/urbeamea.ro\\\/albaiulia\\\/#\\\/schema\\\/person\\\/272ae98052f8ee8980f59848df070247\"},\"headline\":\"FOTO: Cancelaria Primului Ministru este interesat\u0103 de dezvoltarea Regiunii Centru\",\"datePublished\":\"2015-10-19T16:40:43+00:00\",\"dateModified\":\"2016-01-18T16:56:22+00:00\",\"mainEntityOfPage\":{\"@id\":\"https:\\\/\\\/urbeamea.ro\\\/albaiulia\\\/foto-cancelaria-primului-ministru-este-interesata-de-dezvoltarea-regiunii-centru\\\/\"},\"wordCount\":817,\"commentCount\":0,\"image\":{\"@id\":\"https:\\\/\\\/urbeamea.ro\\\/albaiulia\\\/foto-cancelaria-primului-ministru-este-interesata-de-dezvoltarea-regiunii-centru\\\/#primaryimage\"},\"thumbnailUrl\":\"https:\\\/\\\/urbeamea.ro\\\/albaiulia\\\/wp-content\\\/uploads\\\/2015\\\/10\\\/Foto-4.jpg\",\"articleSection\":[\"Social\"],\"inLanguage\":\"ro-RO\",\"potentialAction\":[{\"@type\":\"CommentAction\",\"name\":\"Comment\",\"target\":[\"https:\\\/\\\/urbeamea.ro\\\/albaiulia\\\/foto-cancelaria-primului-ministru-este-interesata-de-dezvoltarea-regiunii-centru\\\/#respond\"]}]},{\"@type\":\"WebPage\",\"@id\":\"https:\\\/\\\/urbeamea.ro\\\/albaiulia\\\/foto-cancelaria-primului-ministru-este-interesata-de-dezvoltarea-regiunii-centru\\\/\",\"url\":\"https:\\\/\\\/urbeamea.ro\\\/albaiulia\\\/foto-cancelaria-primului-ministru-este-interesata-de-dezvoltarea-regiunii-centru\\\/\",\"name\":\"FOTO: Cancelaria Primului Ministru este interesat\u0103 de dezvoltarea Regiunii Centru - Revista Urbea Mea - Revista de Alba\",\"isPartOf\":{\"@id\":\"https:\\\/\\\/urbeamea.ro\\\/albaiulia\\\/#website\"},\"primaryImageOfPage\":{\"@id\":\"https:\\\/\\\/urbeamea.ro\\\/albaiulia\\\/foto-cancelaria-primului-ministru-este-interesata-de-dezvoltarea-regiunii-centru\\\/#primaryimage\"},\"image\":{\"@id\":\"https:\\\/\\\/urbeamea.ro\\\/albaiulia\\\/foto-cancelaria-primului-ministru-este-interesata-de-dezvoltarea-regiunii-centru\\\/#primaryimage\"},\"thumbnailUrl\":\"https:\\\/\\\/urbeamea.ro\\\/albaiulia\\\/wp-content\\\/uploads\\\/2015\\\/10\\\/Foto-4.jpg\",\"datePublished\":\"2015-10-19T16:40:43+00:00\",\"dateModified\":\"2016-01-18T16:56:22+00:00\",\"author\":{\"@id\":\"https:\\\/\\\/urbeamea.ro\\\/albaiulia\\\/#\\\/schema\\\/person\\\/272ae98052f8ee8980f59848df070247\"},\"description\":\"La sf\u00e2r\u0219itul s\u0103pt\u0103m\u00e2nii trecute a avut loc o \u00eent\u00e2lnire informal\u0103 \u00eentre conducerea ADR Centru \u0219i reprezentan\u021bii Cancelariei Primului Ministru.\u00a0Discu\u021biile,\",\"breadcrumb\":{\"@id\":\"https:\\\/\\\/urbeamea.ro\\\/albaiulia\\\/foto-cancelaria-primului-ministru-este-interesata-de-dezvoltarea-regiunii-centru\\\/#breadcrumb\"},\"inLanguage\":\"ro-RO\",\"potentialAction\":[{\"@type\":\"ReadAction\",\"target\":[\"https:\\\/\\\/urbeamea.ro\\\/albaiulia\\\/foto-cancelaria-primului-ministru-este-interesata-de-dezvoltarea-regiunii-centru\\\/\"]}]},{\"@type\":\"ImageObject\",\"inLanguage\":\"ro-RO\",\"@id\":\"https:\\\/\\\/urbeamea.ro\\\/albaiulia\\\/foto-cancelaria-primului-ministru-este-interesata-de-dezvoltarea-regiunii-centru\\\/#primaryimage\",\"url\":\"https:\\\/\\\/urbeamea.ro\\\/albaiulia\\\/wp-content\\\/uploads\\\/2015\\\/10\\\/Foto-4.jpg\",\"contentUrl\":\"https:\\\/\\\/urbeamea.ro\\\/albaiulia\\\/wp-content\\\/uploads\\\/2015\\\/10\\\/Foto-4.jpg\",\"width\":826,\"height\":866},{\"@type\":\"BreadcrumbList\",\"@id\":\"https:\\\/\\\/urbeamea.ro\\\/albaiulia\\\/foto-cancelaria-primului-ministru-este-interesata-de-dezvoltarea-regiunii-centru\\\/#breadcrumb\",\"itemListElement\":[{\"@type\":\"ListItem\",\"position\":1,\"name\":\"Prima pagin\u0103\",\"item\":\"https:\\\/\\\/urbeamea.ro\\\/albaiulia\\\/\"},{\"@type\":\"ListItem\",\"position\":2,\"name\":\"FOTO: Cancelaria Primului Ministru este interesat\u0103 de dezvoltarea Regiunii Centru\"}]},{\"@type\":\"WebSite\",\"@id\":\"https:\\\/\\\/urbeamea.ro\\\/albaiulia\\\/#website\",\"url\":\"https:\\\/\\\/urbeamea.ro\\\/albaiulia\\\/\",\"name\":\"Revista Urbea Mea, Stiri urbane\",\"description\":\"Evenimente \u0219i \u0219tiri din Alba Iulia, Sebe\u0219, Aiud, Blaj\",\"potentialAction\":[{\"@type\":\"SearchAction\",\"target\":{\"@type\":\"EntryPoint\",\"urlTemplate\":\"https:\\\/\\\/urbeamea.ro\\\/albaiulia\\\/?s={search_term_string}\"},\"query-input\":{\"@type\":\"PropertyValueSpecification\",\"valueRequired\":true,\"valueName\":\"search_term_string\"}}],\"inLanguage\":\"ro-RO\"},{\"@type\":\"Person\",\"@id\":\"https:\\\/\\\/urbeamea.ro\\\/albaiulia\\\/#\\\/schema\\\/person\\\/272ae98052f8ee8980f59848df070247\",\"name\":\"Redac\u021bia UrbeaMea\",\"image\":{\"@type\":\"ImageObject\",\"inLanguage\":\"ro-RO\",\"@id\":\"https:\\\/\\\/secure.gravatar.com\\\/avatar\\\/9ce5a9435071fa1037e8468053ead8e513dbbff59009d3069aadb85506d85a27?s=96&d=mm&r=g\",\"url\":\"https:\\\/\\\/secure.gravatar.com\\\/avatar\\\/9ce5a9435071fa1037e8468053ead8e513dbbff59009d3069aadb85506d85a27?s=96&d=mm&r=g\",\"contentUrl\":\"https:\\\/\\\/secure.gravatar.com\\\/avatar\\\/9ce5a9435071fa1037e8468053ead8e513dbbff59009d3069aadb85506d85a27?s=96&d=mm&r=g\",\"caption\":\"Redac\u021bia UrbeaMea\"},\"description\":\"contact@urbeamea.ro\",\"sameAs\":[\"https:\\\/\\\/www.urbeamea.ro\"],\"url\":\"https:\\\/\\\/urbeamea.ro\\\/albaiulia\\\/author\\\/redactia-urbeamea\\\/\"}]}<\/script>\n<!-- \/ Yoast SEO plugin. -->","yoast_head_json":{"title":"FOTO: Cancelaria Primului Ministru este interesat\u0103 de dezvoltarea Regiunii Centru - Revista Urbea Mea - Revista de Alba","description":"La sf\u00e2r\u0219itul s\u0103pt\u0103m\u00e2nii trecute a avut loc o \u00eent\u00e2lnire informal\u0103 \u00eentre conducerea ADR Centru \u0219i reprezentan\u021bii Cancelariei Primului Ministru.\u00a0Discu\u021biile,","robots":{"index":"index","follow":"follow","max-snippet":"max-snippet:-1","max-image-preview":"max-image-preview:large","max-video-preview":"max-video-preview:-1"},"canonical":"https:\/\/urbeamea.ro\/albaiulia\/foto-cancelaria-primului-ministru-este-interesata-de-dezvoltarea-regiunii-centru\/","twitter_card":"summary_large_image","twitter_title":"FOTO: Cancelaria Primului Ministru este interesat\u0103 de dezvoltarea Regiunii Centru - Revista Urbea Mea - Revista de Alba","twitter_description":"La sf\u00e2r\u0219itul s\u0103pt\u0103m\u00e2nii trecute a avut loc o \u00eent\u00e2lnire informal\u0103 \u00eentre conducerea ADR Centru \u0219i reprezentan\u021bii Cancelariei Primului Ministru.\u00a0Discu\u021biile,","twitter_image":"https:\/\/urbeamea.ro\/albaiulia\/wp-content\/uploads\/2015\/10\/Foto-4.jpg","twitter_creator":"@urbeameaweb","twitter_site":"@urbeameaweb","schema":{"@context":"https:\/\/schema.org","@graph":[{"@type":"Article","@id":"https:\/\/urbeamea.ro\/albaiulia\/foto-cancelaria-primului-ministru-este-interesata-de-dezvoltarea-regiunii-centru\/#article","isPartOf":{"@id":"https:\/\/urbeamea.ro\/albaiulia\/foto-cancelaria-primului-ministru-este-interesata-de-dezvoltarea-regiunii-centru\/"},"author":{"name":"Redac\u021bia UrbeaMea","@id":"https:\/\/urbeamea.ro\/albaiulia\/#\/schema\/person\/272ae98052f8ee8980f59848df070247"},"headline":"FOTO: Cancelaria Primului Ministru este interesat\u0103 de dezvoltarea Regiunii Centru","datePublished":"2015-10-19T16:40:43+00:00","dateModified":"2016-01-18T16:56:22+00:00","mainEntityOfPage":{"@id":"https:\/\/urbeamea.ro\/albaiulia\/foto-cancelaria-primului-ministru-este-interesata-de-dezvoltarea-regiunii-centru\/"},"wordCount":817,"commentCount":0,"image":{"@id":"https:\/\/urbeamea.ro\/albaiulia\/foto-cancelaria-primului-ministru-este-interesata-de-dezvoltarea-regiunii-centru\/#primaryimage"},"thumbnailUrl":"https:\/\/urbeamea.ro\/albaiulia\/wp-content\/uploads\/2015\/10\/Foto-4.jpg","articleSection":["Social"],"inLanguage":"ro-RO","potentialAction":[{"@type":"CommentAction","name":"Comment","target":["https:\/\/urbeamea.ro\/albaiulia\/foto-cancelaria-primului-ministru-este-interesata-de-dezvoltarea-regiunii-centru\/#respond"]}]},{"@type":"WebPage","@id":"https:\/\/urbeamea.ro\/albaiulia\/foto-cancelaria-primului-ministru-este-interesata-de-dezvoltarea-regiunii-centru\/","url":"https:\/\/urbeamea.ro\/albaiulia\/foto-cancelaria-primului-ministru-este-interesata-de-dezvoltarea-regiunii-centru\/","name":"FOTO: Cancelaria Primului Ministru este interesat\u0103 de dezvoltarea Regiunii Centru - Revista Urbea Mea - Revista de Alba","isPartOf":{"@id":"https:\/\/urbeamea.ro\/albaiulia\/#website"},"primaryImageOfPage":{"@id":"https:\/\/urbeamea.ro\/albaiulia\/foto-cancelaria-primului-ministru-este-interesata-de-dezvoltarea-regiunii-centru\/#primaryimage"},"image":{"@id":"https:\/\/urbeamea.ro\/albaiulia\/foto-cancelaria-primului-ministru-este-interesata-de-dezvoltarea-regiunii-centru\/#primaryimage"},"thumbnailUrl":"https:\/\/urbeamea.ro\/albaiulia\/wp-content\/uploads\/2015\/10\/Foto-4.jpg","datePublished":"2015-10-19T16:40:43+00:00","dateModified":"2016-01-18T16:56:22+00:00","author":{"@id":"https:\/\/urbeamea.ro\/albaiulia\/#\/schema\/person\/272ae98052f8ee8980f59848df070247"},"description":"La sf\u00e2r\u0219itul s\u0103pt\u0103m\u00e2nii trecute a avut loc o \u00eent\u00e2lnire informal\u0103 \u00eentre conducerea ADR Centru \u0219i reprezentan\u021bii Cancelariei Primului Ministru.\u00a0Discu\u021biile,","breadcrumb":{"@id":"https:\/\/urbeamea.ro\/albaiulia\/foto-cancelaria-primului-ministru-este-interesata-de-dezvoltarea-regiunii-centru\/#breadcrumb"},"inLanguage":"ro-RO","potentialAction":[{"@type":"ReadAction","target":["https:\/\/urbeamea.ro\/albaiulia\/foto-cancelaria-primului-ministru-este-interesata-de-dezvoltarea-regiunii-centru\/"]}]},{"@type":"ImageObject","inLanguage":"ro-RO","@id":"https:\/\/urbeamea.ro\/albaiulia\/foto-cancelaria-primului-ministru-este-interesata-de-dezvoltarea-regiunii-centru\/#primaryimage","url":"https:\/\/urbeamea.ro\/albaiulia\/wp-content\/uploads\/2015\/10\/Foto-4.jpg","contentUrl":"https:\/\/urbeamea.ro\/albaiulia\/wp-content\/uploads\/2015\/10\/Foto-4.jpg","width":826,"height":866},{"@type":"BreadcrumbList","@id":"https:\/\/urbeamea.ro\/albaiulia\/foto-cancelaria-primului-ministru-este-interesata-de-dezvoltarea-regiunii-centru\/#breadcrumb","itemListElement":[{"@type":"ListItem","position":1,"name":"Prima pagin\u0103","item":"https:\/\/urbeamea.ro\/albaiulia\/"},{"@type":"ListItem","position":2,"name":"FOTO: Cancelaria Primului Ministru este interesat\u0103 de dezvoltarea Regiunii Centru"}]},{"@type":"WebSite","@id":"https:\/\/urbeamea.ro\/albaiulia\/#website","url":"https:\/\/urbeamea.ro\/albaiulia\/","name":"Revista Urbea Mea, Stiri urbane","description":"Evenimente \u0219i \u0219tiri din Alba Iulia, Sebe\u0219, Aiud, Blaj","potentialAction":[{"@type":"SearchAction","target":{"@type":"EntryPoint","urlTemplate":"https:\/\/urbeamea.ro\/albaiulia\/?s={search_term_string}"},"query-input":{"@type":"PropertyValueSpecification","valueRequired":true,"valueName":"search_term_string"}}],"inLanguage":"ro-RO"},{"@type":"Person","@id":"https:\/\/urbeamea.ro\/albaiulia\/#\/schema\/person\/272ae98052f8ee8980f59848df070247","name":"Redac\u021bia UrbeaMea","image":{"@type":"ImageObject","inLanguage":"ro-RO","@id":"https:\/\/secure.gravatar.com\/avatar\/9ce5a9435071fa1037e8468053ead8e513dbbff59009d3069aadb85506d85a27?s=96&d=mm&r=g","url":"https:\/\/secure.gravatar.com\/avatar\/9ce5a9435071fa1037e8468053ead8e513dbbff59009d3069aadb85506d85a27?s=96&d=mm&r=g","contentUrl":"https:\/\/secure.gravatar.com\/avatar\/9ce5a9435071fa1037e8468053ead8e513dbbff59009d3069aadb85506d85a27?s=96&d=mm&r=g","caption":"Redac\u021bia UrbeaMea"},"description":"contact@urbeamea.ro","sameAs":["https:\/\/www.urbeamea.ro"],"url":"https:\/\/urbeamea.ro\/albaiulia\/author\/redactia-urbeamea\/"}]}},"_links":{"self":[{"href":"https:\/\/urbeamea.ro\/albaiulia\/wp-json\/wp\/v2\/posts\/10192","targetHints":{"allow":["GET"]}}],"collection":[{"href":"https:\/\/urbeamea.ro\/albaiulia\/wp-json\/wp\/v2\/posts"}],"about":[{"href":"https:\/\/urbeamea.ro\/albaiulia\/wp-json\/wp\/v2\/types\/post"}],"author":[{"embeddable":true,"href":"https:\/\/urbeamea.ro\/albaiulia\/wp-json\/wp\/v2\/users\/16"}],"replies":[{"embeddable":true,"href":"https:\/\/urbeamea.ro\/albaiulia\/wp-json\/wp\/v2\/comments?post=10192"}],"version-history":[{"count":0,"href":"https:\/\/urbeamea.ro\/albaiulia\/wp-json\/wp\/v2\/posts\/10192\/revisions"}],"wp:featuredmedia":[{"embeddable":true,"href":"https:\/\/urbeamea.ro\/albaiulia\/wp-json\/wp\/v2\/media\/10196"}],"wp:attachment":[{"href":"https:\/\/urbeamea.ro\/albaiulia\/wp-json\/wp\/v2\/media?parent=10192"}],"wp:term":[{"taxonomy":"category","embeddable":true,"href":"https:\/\/urbeamea.ro\/albaiulia\/wp-json\/wp\/v2\/categories?post=10192"},{"taxonomy":"post_tag","embeddable":true,"href":"https:\/\/urbeamea.ro\/albaiulia\/wp-json\/wp\/v2\/tags?post=10192"}],"curies":[{"name":"wp","href":"https:\/\/api.w.org\/{rel}","templated":true}]}}