{"id":101928,"date":"2022-05-18T10:58:39","date_gmt":"2022-05-18T07:58:39","guid":{"rendered":"https:\/\/urbeamea.ro\/albaiulia\/?p=101928"},"modified":"2022-05-18T11:05:19","modified_gmt":"2022-05-18T08:05:19","slug":"lectii-de-viata-ieri-la-festivalul-international-de-teatru-povesti-sansa-unui-diagnostic-crancen-via-chris-simion-mercurian-si-valorizarea-clipei-prezente-prin-iubire-via-oana-p","status":"publish","type":"post","link":"https:\/\/urbeamea.ro\/albaiulia\/lectii-de-viata-ieri-la-festivalul-international-de-teatru-povesti-sansa-unui-diagnostic-crancen-via-chris-simion-mercurian-si-valorizarea-clipei-prezente-prin-iubire-via-oana-p\/","title":{"rendered":"Lec\u021bii de via\u021b\u0103, ieri, la Festivalul Interna\u021bional de Teatru \u201ePove\u0219ti\u201d: \u0219ansa unui diagnostic cr\u00e2ncen via Chris Simion-Mercurian \u0219i valorizarea clipei prezente, prin iubire, via Oana Pellea \u0219i Mircea Rusu"},"content":{"rendered":"\n<p>*Ast\u0103zi<strong>, Maia Morgenstern \u0219i Hora\u021biu M\u0103l\u0103ele, <\/strong>capetele de afi\u0219 \u00een cea de-a IV-a zi de Festival Interna\u021bional de Teatru \u201ePove\u0219ti\u201d, la Alba Iulia<\/p>\n\n\n\n<p>**Programul pentru m\u00e2ine, 19 mai 2022, ziua V de Festival Interna\u021bional de Teatru \u201ePove\u0219ti\u201d, la Alba Iulia<\/p>\n\n\n\n<p><strong>\u201eCare dintre noi\/Which one of us\u201d<\/strong> ar mai putea s\u0103 transforme diagnosticul de cancer \u00een \u0219ansa vie\u021bii? A doua dup\u0103 na\u0219tere? Chris Simion-Mercurian, autoare prolific\u0103 \u0219i regizoare, a f\u0103cut asta! Toat\u0103 c\u0103l\u0103toria ei de autorecunoa\u0219tere, de \u00eentoarcere la sine, de la momentul diagnostic\u0103rii, p\u00e2n\u0103 la vindecare, a fost documentat\u0103 \u00eentr-o carte-album, pe care a lansat-o, ieri, la Alba Iulia. Dac\u0103 cu un an \u00eenainte de a afla despre ceea ce avea s\u0103 devin\u0103 \u201edar de la Dumnezeu\u201d credea c\u0103 moare f\u0103r\u0103 teatru, a realizat apoi c\u0103, de fapt, se poate tr\u0103i \u0219i f\u0103r\u0103 multe alte lucruri, c\u0103 trecerea prin via\u021b\u0103 se bazeaz\u0103 pe lucruri foarte pu\u021bine, \u0219i c\u0103, dac\u0103 meseria pe care alegi s\u0103 o practici \u201eeste doar o exprimare superficial\u0103 a egoului, n-ai f\u0103cut nimic!\u201d. Meseria de actor, spune ea, este ca un drum ini\u021biatic, fiecare spectacol este o treapt\u0103 de c\u0103utare, o \u00eent\u00e2lnire cu sinele \u0219i cu Dumnezeu. \u201eTeatrul, dac\u0103 nu este un manifest interior, nu are niciun sens! Dincolo de efectul unui spectacol, oric\u00e2t de reu\u0219it, dac\u0103 nu te define\u0219te treapta pe care urmeaz\u0103 s\u0103 o urci, mai bine nu o faci\u201d, spunea, la conferin\u021ba de ieri, Chris Simion-Mercurian.<\/p>\n\n\n\n<p>Cu onestitate \u0219i smerenie \u0219i-a asumat \u0219i demonii \u0219i partea luminoas\u0103, av\u00e2nd curajul de a schimba perspectiva. \u0218i cel mai greu e s\u0103 \u00ee\u021bi schimbi perspectiva. Spune ast\u0103zi despre cancerul de s\u00e2n c\u0103 a fost un privilegiu care a transformat rela\u021bia cu teatrul, pe care l-a perceput apoi ca un laborator, ca pe o c\u0103utare continu\u0103.<\/p>\n\n\n\n<p>\u201eCare dintre noi\/Which one of us\u201d nu este o poveste despre boal\u0103, nu este nici un album, este \u201eo exprimare a luminii care exist\u0103 \u00een fiecare om, \u0219i care iese la iveal\u0103 \u00een momente extreme, o reamintire a ceea ce sunte\u021bi, \u00een esen\u021b\u0103: lumin\u0103, speran\u021b\u0103, bucurie. Bucuria de a fi cu tine \u0219i cu cel\u0103lalt\u201d, conchide autoarea.<\/p>\n\n\n\n<p>C\u0103uta\u021bi cartea asta! Ave\u021bi nevoie s\u0103 o citi\u021bi, s\u0103 o ave\u021bi.<\/p>\n\n\n\n<p>\u0218i dup\u0103 at\u00e2ta \u00eencordare, lupt\u00e2nd cu propriile perspective, am ajuns \u0219i la spectacolul de sear\u0103, <strong>\u201eFrumos e \u00een septembrie, la Vene\u021bia\u201d<\/strong>, regia Mariana C\u0103m\u0103r\u0103\u0219an,Teatrul Na\u021bional \u201eI.L. Caragiale\u201d Bucure\u0219ti, ARCUB \u2013 Centrul Cultural al Municipiului Bucure\u0219ti, Asocia\u021bia GOONG Bucure\u0219ti. Am citit \u00een caietul program, \u0219i doar v-am scris \u0219i vou\u0103, aici, \u00een revist\u0103, c\u0103 e despre iubire, cu Oana Pellea \u0219i Mircea Rusu, lejer, de var\u0103, adic\u0103 de toamn\u0103, pe relaxare, ce mi se poate \u00eent\u00e2mpla? P\u0103i s-a \u00eent\u00e2mplat a doua lec\u021bie a zilei! Ne-au luat protagoni\u0219tii cu bini\u0219orul, ne-au introdus \u00een atmosfera unui joc de-a \u00eendr\u0103gosti\u021bii la v\u00e2rsta a treia, un el \u0219i o ea, oameni ai str\u0103zii, transforma\u021bi, \u00een ceea ce s-a dovedit a fi visul ei, ea \u00eentr-o doamn\u0103 bine, vorbitoare \u0219i de limb\u0103 francez\u0103, iar el, un domn la fel de bine, aproape vorbitor \u0219i de limba german\u0103. \u0218i, cum spuneam, dup\u0103 ce ne-a fermecat Oana Pellea, cu z\u00e2mbet \u0219i cu tot, dup\u0103 ce ne-a convins \u0219i Mircea Rusu c\u00e2t de extraordinar \u0219i excelent este \u0219i personajul lui, tot o glumi\u021b\u0103 \u0219i o schem\u0103, a \u00eenceput \u201edatul la temelie\u201d. De parc\u0103 ne-au pus cu for\u021ba \u00een fa\u021ba unei oglinzi \u0219i au \u00eenceput s\u0103 ne arate c\u00e2t de tri\u0219ti suntem de fapt, c\u00e2t de singuri, chiar \u0219i \u00eentr-o rela\u021bie fiind. C\u00e2t de plictisi\u021bi \u0219i ve\u0219nic \u00een c\u0103utarea extraordinarului care se afl\u0103 mereu fie \u00een viitor, fie \u00een trecut, niciodat\u0103 \u00een prezent. Odat\u0103 atinse idealele \u00eenchipuiri \u0219i dorin\u021be, \u201epierdem vise \u0219i primim \u00een schimb realitate\u201d, dar nu ne place, abia a\u0219tept\u0103m s\u0103 se transforme \u00een amintiri, care, nu-i a\u0219a, sunt mereu frumoase, \u00een ele p\u0103str\u0103m mereu ce, p\u00e2n\u0103 la urm\u0103 poate nici n-a fost, dar ne-am \u00eenchipuit mult\u0103 vreme \u00eenainte. Mai preocupa\u021bi s\u0103 str\u00e2ngem amintiri, ne gr\u0103bim prin prezent \u0219i, cel mai trist, uit\u0103m s\u0103 iubim, s\u0103 ne tr\u0103im iubirea, nostalgici dup\u0103 ce a fost, ori ce ar putea s\u0103 fie, ne trecem!<\/p>\n\n\n\n<p>\u00cen toat\u0103 atmosfera aceasta a sunat un telefon \u00een sal\u0103, a sunat p\u00e2n\u0103 i-a venit r\u0103u. Fire\u0219te, actorii s-au oprit din schimbul de replici, ba chiar Mircea Rusu a profitat de mingea ridicat\u0103 la fileu \u0219i a constatat c\u0103 \u201enu to\u021bi dorm\u201d. Nu dormeam, domnu`! De\u0219i era \u00eentuneric \u0219i c\u0103ldu\u021b, nu dormea nimeni! De altfel, eu zic c\u0103 nici m\u0103car nu era telefonul nostru, o fi fost pierdut, r\u0103mas de la alt spectacol, printre scaune, nou\u0103 nu ne sun\u0103 telefonul la teatru! Am \u00eenv\u0103\u021bat s\u0103 aplaud\u0103m mult, \u0219i tare, la final, \u00een minimum dou\u0103 ture de chemat la ramp\u0103. Dac\u0103 aplaud\u0103 suneti\u0219tii, \u00een momente cheie, fugu\u021ba \u0219i noi! Ne-am civilizat, suntem la edi\u021bia a XV-a de festival \u0219i nu \u00eemi amintesc s\u0103 ne mai fi sunat telefonul. \u00cen tot cazul, \u00een amintiri nu va mai suna nimic, va r\u0103m\u00e2ne experien\u021ba unui spectacol reu\u0219it, v\u0103 mul\u021bumim!<\/p>\n\n\n\n<p>La fel de frumos mul\u021bumim \u0219i actorilor de la Teatrul Municipal de P\u0103pu\u0219i \u201eGugu\u021b\u0103\u201d Chi\u0219in\u0103u pentru <strong>\u201eLebedele s\u0103lbatice\u201d<\/strong>, le spunem \u0219i \u201eLa mul\u021bi ani!\u201d, 30 de la \u00eenfiin\u021barea teatrului! Pentru excelentul spectacol muzical <strong>\u201eDe-a\u0219 fi Scufi\u021ba Ro\u0219ie\u201d<\/strong>, mul\u021bumirile merg c\u0103tre Teatrul pentru Copii \u0219i Tineret \u201eColibri\u201d Craiova. Iar lui Kabare Pupala, artistul german care colind\u0103 lumea cu p\u0103pu\u0219ile sale, fermec\u00e2nd copiii lumii, \u00eei mul\u021bumim c\u0103-i poart\u0103 \u0219i pe picii no\u0219tri prin <strong>\u201e\u021ainutul de vis al lui Kibuki\u201d<\/strong>. O mul\u021bumire special\u0103 t\u00e2n\u0103rului Teatru \u201eStela Popescu\u201d Bucure\u0219ti, \u00een v\u00e2rst\u0103 de 6 ani\u0219ori, \u0219i cu tot at\u00e2\u021bia angaja\u021bi, dar care a dovedit, \u0219i la Alba Iulia, c\u0103 face spectacole bijuterie. Unul dintre ele, cel jucat ieri, <strong>\u201eAnatomia unui cli\u0219eu\u201d<\/strong>, care a readus-o pe Crina Matei la Alba Iulia, dup\u0103 12 ani (!), de aceast\u0103 dat\u0103 al\u0103turi de colega Ana Maria Ivan \u0219i Nicolae Dumitru, la pian.<\/p>\n\n\n\n<figure class=\"wp-block-gallery has-nested-images columns-default is-cropped wp-block-gallery-1 is-layout-flex wp-block-gallery-is-layout-flex\">\n<figure class=\"wp-block-image size-large\"><a href=\"https:\/\/urbeamea.ro\/albaiulia\/wp-content\/uploads\/2022\/05\/281530409_1185751121965173_4878154128082553222_n.jpg\"><img loading=\"lazy\" decoding=\"async\" width=\"1600\" height=\"1068\" data-id=\"101936\" src=\"https:\/\/urbeamea.ro\/albaiulia\/wp-content\/uploads\/2022\/05\/281530409_1185751121965173_4878154128082553222_n.jpg\" alt=\"\" class=\"wp-image-101936\" srcset=\"https:\/\/urbeamea.ro\/albaiulia\/wp-content\/uploads\/2022\/05\/281530409_1185751121965173_4878154128082553222_n.jpg 1600w, https:\/\/urbeamea.ro\/albaiulia\/wp-content\/uploads\/2022\/05\/281530409_1185751121965173_4878154128082553222_n-640x427.jpg 640w, https:\/\/urbeamea.ro\/albaiulia\/wp-content\/uploads\/2022\/05\/281530409_1185751121965173_4878154128082553222_n-1280x854.jpg 1280w, https:\/\/urbeamea.ro\/albaiulia\/wp-content\/uploads\/2022\/05\/281530409_1185751121965173_4878154128082553222_n-150x100.jpg 150w, https:\/\/urbeamea.ro\/albaiulia\/wp-content\/uploads\/2022\/05\/281530409_1185751121965173_4878154128082553222_n-768x513.jpg 768w, https:\/\/urbeamea.ro\/albaiulia\/wp-content\/uploads\/2022\/05\/281530409_1185751121965173_4878154128082553222_n-1536x1025.jpg 1536w\" sizes=\"auto, (max-width: 1600px) 100vw, 1600px\" \/><\/a><\/figure>\n\n\n\n<figure class=\"wp-block-image size-large\"><a href=\"https:\/\/urbeamea.ro\/albaiulia\/wp-content\/uploads\/2022\/05\/281952980_1185750791965206_885578662149251925_n.jpg\"><img loading=\"lazy\" decoding=\"async\" width=\"1600\" height=\"1068\" data-id=\"101937\" src=\"https:\/\/urbeamea.ro\/albaiulia\/wp-content\/uploads\/2022\/05\/281952980_1185750791965206_885578662149251925_n.jpg\" alt=\"\" class=\"wp-image-101937\" srcset=\"https:\/\/urbeamea.ro\/albaiulia\/wp-content\/uploads\/2022\/05\/281952980_1185750791965206_885578662149251925_n.jpg 1600w, https:\/\/urbeamea.ro\/albaiulia\/wp-content\/uploads\/2022\/05\/281952980_1185750791965206_885578662149251925_n-640x427.jpg 640w, https:\/\/urbeamea.ro\/albaiulia\/wp-content\/uploads\/2022\/05\/281952980_1185750791965206_885578662149251925_n-1280x854.jpg 1280w, https:\/\/urbeamea.ro\/albaiulia\/wp-content\/uploads\/2022\/05\/281952980_1185750791965206_885578662149251925_n-150x100.jpg 150w, https:\/\/urbeamea.ro\/albaiulia\/wp-content\/uploads\/2022\/05\/281952980_1185750791965206_885578662149251925_n-768x513.jpg 768w, https:\/\/urbeamea.ro\/albaiulia\/wp-content\/uploads\/2022\/05\/281952980_1185750791965206_885578662149251925_n-1536x1025.jpg 1536w\" sizes=\"auto, (max-width: 1600px) 100vw, 1600px\" \/><\/a><\/figure>\n\n\n\n<figure class=\"wp-block-image size-large\"><a href=\"https:\/\/urbeamea.ro\/albaiulia\/wp-content\/uploads\/2022\/05\/281737715_1185750831965202_2081369580719235368_n.jpg\"><img loading=\"lazy\" decoding=\"async\" width=\"1600\" height=\"1068\" data-id=\"101931\" src=\"https:\/\/urbeamea.ro\/albaiulia\/wp-content\/uploads\/2022\/05\/281737715_1185750831965202_2081369580719235368_n.jpg\" alt=\"\" class=\"wp-image-101931\" srcset=\"https:\/\/urbeamea.ro\/albaiulia\/wp-content\/uploads\/2022\/05\/281737715_1185750831965202_2081369580719235368_n.jpg 1600w, https:\/\/urbeamea.ro\/albaiulia\/wp-content\/uploads\/2022\/05\/281737715_1185750831965202_2081369580719235368_n-640x427.jpg 640w, https:\/\/urbeamea.ro\/albaiulia\/wp-content\/uploads\/2022\/05\/281737715_1185750831965202_2081369580719235368_n-1280x854.jpg 1280w, https:\/\/urbeamea.ro\/albaiulia\/wp-content\/uploads\/2022\/05\/281737715_1185750831965202_2081369580719235368_n-150x100.jpg 150w, https:\/\/urbeamea.ro\/albaiulia\/wp-content\/uploads\/2022\/05\/281737715_1185750831965202_2081369580719235368_n-768x513.jpg 768w, https:\/\/urbeamea.ro\/albaiulia\/wp-content\/uploads\/2022\/05\/281737715_1185750831965202_2081369580719235368_n-1536x1025.jpg 1536w\" sizes=\"auto, (max-width: 1600px) 100vw, 1600px\" \/><\/a><\/figure>\n\n\n\n<figure class=\"wp-block-image size-large\"><a href=\"https:\/\/urbeamea.ro\/albaiulia\/wp-content\/uploads\/2022\/05\/281952980_1185750791965206_885578662149251925_n-1.jpg\"><img loading=\"lazy\" decoding=\"async\" width=\"1600\" height=\"1068\" data-id=\"101939\" src=\"https:\/\/urbeamea.ro\/albaiulia\/wp-content\/uploads\/2022\/05\/281952980_1185750791965206_885578662149251925_n-1.jpg\" alt=\"\" class=\"wp-image-101939\" srcset=\"https:\/\/urbeamea.ro\/albaiulia\/wp-content\/uploads\/2022\/05\/281952980_1185750791965206_885578662149251925_n-1.jpg 1600w, https:\/\/urbeamea.ro\/albaiulia\/wp-content\/uploads\/2022\/05\/281952980_1185750791965206_885578662149251925_n-1-640x427.jpg 640w, https:\/\/urbeamea.ro\/albaiulia\/wp-content\/uploads\/2022\/05\/281952980_1185750791965206_885578662149251925_n-1-1280x854.jpg 1280w, https:\/\/urbeamea.ro\/albaiulia\/wp-content\/uploads\/2022\/05\/281952980_1185750791965206_885578662149251925_n-1-150x100.jpg 150w, https:\/\/urbeamea.ro\/albaiulia\/wp-content\/uploads\/2022\/05\/281952980_1185750791965206_885578662149251925_n-1-768x513.jpg 768w, https:\/\/urbeamea.ro\/albaiulia\/wp-content\/uploads\/2022\/05\/281952980_1185750791965206_885578662149251925_n-1-1536x1025.jpg 1536w\" sizes=\"auto, (max-width: 1600px) 100vw, 1600px\" \/><\/a><\/figure>\n\n\n\n<figure class=\"wp-block-image size-large\"><a href=\"https:\/\/urbeamea.ro\/albaiulia\/wp-content\/uploads\/2022\/05\/281598154_1185492981990987_9079562186418821452_n.jpg\"><img loading=\"lazy\" decoding=\"async\" width=\"1600\" height=\"1068\" data-id=\"101941\" src=\"https:\/\/urbeamea.ro\/albaiulia\/wp-content\/uploads\/2022\/05\/281598154_1185492981990987_9079562186418821452_n.jpg\" alt=\"\" class=\"wp-image-101941\" srcset=\"https:\/\/urbeamea.ro\/albaiulia\/wp-content\/uploads\/2022\/05\/281598154_1185492981990987_9079562186418821452_n.jpg 1600w, https:\/\/urbeamea.ro\/albaiulia\/wp-content\/uploads\/2022\/05\/281598154_1185492981990987_9079562186418821452_n-640x427.jpg 640w, https:\/\/urbeamea.ro\/albaiulia\/wp-content\/uploads\/2022\/05\/281598154_1185492981990987_9079562186418821452_n-1280x854.jpg 1280w, https:\/\/urbeamea.ro\/albaiulia\/wp-content\/uploads\/2022\/05\/281598154_1185492981990987_9079562186418821452_n-150x100.jpg 150w, https:\/\/urbeamea.ro\/albaiulia\/wp-content\/uploads\/2022\/05\/281598154_1185492981990987_9079562186418821452_n-768x513.jpg 768w, https:\/\/urbeamea.ro\/albaiulia\/wp-content\/uploads\/2022\/05\/281598154_1185492981990987_9079562186418821452_n-1536x1025.jpg 1536w\" sizes=\"auto, (max-width: 1600px) 100vw, 1600px\" \/><\/a><\/figure>\n\n\n\n<figure class=\"wp-block-image size-large\"><a href=\"https:\/\/urbeamea.ro\/albaiulia\/wp-content\/uploads\/2022\/05\/281580499_1185492648657687_6136529921096019997_n.jpg\"><img loading=\"lazy\" decoding=\"async\" width=\"1600\" height=\"1068\" data-id=\"101942\" src=\"https:\/\/urbeamea.ro\/albaiulia\/wp-content\/uploads\/2022\/05\/281580499_1185492648657687_6136529921096019997_n.jpg\" alt=\"\" class=\"wp-image-101942\" srcset=\"https:\/\/urbeamea.ro\/albaiulia\/wp-content\/uploads\/2022\/05\/281580499_1185492648657687_6136529921096019997_n.jpg 1600w, https:\/\/urbeamea.ro\/albaiulia\/wp-content\/uploads\/2022\/05\/281580499_1185492648657687_6136529921096019997_n-640x427.jpg 640w, https:\/\/urbeamea.ro\/albaiulia\/wp-content\/uploads\/2022\/05\/281580499_1185492648657687_6136529921096019997_n-1280x854.jpg 1280w, https:\/\/urbeamea.ro\/albaiulia\/wp-content\/uploads\/2022\/05\/281580499_1185492648657687_6136529921096019997_n-150x100.jpg 150w, https:\/\/urbeamea.ro\/albaiulia\/wp-content\/uploads\/2022\/05\/281580499_1185492648657687_6136529921096019997_n-768x513.jpg 768w, https:\/\/urbeamea.ro\/albaiulia\/wp-content\/uploads\/2022\/05\/281580499_1185492648657687_6136529921096019997_n-1536x1025.jpg 1536w\" sizes=\"auto, (max-width: 1600px) 100vw, 1600px\" \/><\/a><\/figure>\n\n\n\n<figure class=\"wp-block-image size-large\"><a href=\"https:\/\/urbeamea.ro\/albaiulia\/wp-content\/uploads\/2022\/05\/281573979_1185492715324347_3118390227428509259_n.jpg\"><img loading=\"lazy\" decoding=\"async\" width=\"1600\" height=\"1077\" data-id=\"101943\" src=\"https:\/\/urbeamea.ro\/albaiulia\/wp-content\/uploads\/2022\/05\/281573979_1185492715324347_3118390227428509259_n.jpg\" alt=\"\" class=\"wp-image-101943\" srcset=\"https:\/\/urbeamea.ro\/albaiulia\/wp-content\/uploads\/2022\/05\/281573979_1185492715324347_3118390227428509259_n.jpg 1600w, https:\/\/urbeamea.ro\/albaiulia\/wp-content\/uploads\/2022\/05\/281573979_1185492715324347_3118390227428509259_n-640x431.jpg 640w, https:\/\/urbeamea.ro\/albaiulia\/wp-content\/uploads\/2022\/05\/281573979_1185492715324347_3118390227428509259_n-1280x862.jpg 1280w, https:\/\/urbeamea.ro\/albaiulia\/wp-content\/uploads\/2022\/05\/281573979_1185492715324347_3118390227428509259_n-150x101.jpg 150w, https:\/\/urbeamea.ro\/albaiulia\/wp-content\/uploads\/2022\/05\/281573979_1185492715324347_3118390227428509259_n-768x517.jpg 768w, https:\/\/urbeamea.ro\/albaiulia\/wp-content\/uploads\/2022\/05\/281573979_1185492715324347_3118390227428509259_n-1536x1034.jpg 1536w\" sizes=\"auto, (max-width: 1600px) 100vw, 1600px\" \/><\/a><\/figure>\n<\/figure>\n\n\n\n<p><strong>*Asta a fost ieri, ce vedem ast\u0103zi?<\/strong><\/p>\n\n\n\n<p>De la 10.00 mergem la Teatrul de P\u0103pu\u0219i \u201ePrichindel\u201d pentru <strong>\u201eOrice \u0219oarece iube\u0219te ca\u0219cavalul\u201d, <\/strong>spectacol al Teatrului pentru copii \u0219i tineret \u201eMerlin\u201d Timi\u0219oara. La 11.00 fugim repejor la Casa de Cultur\u0103 a Studen\u021bilor, unde Teatrul pentru Copii \u0219i Tineret \u201eAriel\u201d T\u00e2rgu Mure\u0219 ne a\u0219teapt\u0103 cu <strong>\u201eAventurile lui Chi\u021b Mi\u021b\u201d.<\/strong> Dac\u0103 nu ave\u021bi poft\u0103 de \u0219oricei, la aceea\u0219i or\u0103, la Liceul \u201eSf. Iosif\u201d Alba Iulia se prezint\u0103 Kabare Pupale, cu \u201e<strong>\u021ainutul de vis al lui Kibuki\u201d.<\/strong> La 12.00 e cafelu\u021ba cu t\u00e2lc de la Art Cafe Downtown, unde e chiar p\u0103cat s\u0103 nu veni\u021bi m\u0103car o dat\u0103, s\u0103 vede\u021bi care e atmosfera. \u0218i tot aici, la 12.30, Maia Morgenstern v\u0103 invit\u0103 s\u0103 o descoperi\u021bi \u00een volumul <strong>\u201eEu nu sunt eu\u201d. <\/strong>Iar dac\u0103 tot a\u021bi f\u0103cut rost de carte, nu e de ratat nici spectacolul omonim, one woman show, de la 18.00, la Casa de Cultur\u0103 a Studen\u021bilor. \u00centre 18.00 \u0219i 20.00, pute\u021bi vizita expozi\u021biile permanente din foaierele celor dou\u0103 case de cultur\u0103 din Alba Iulia, powered by UNATC I.L. Caragiale Bucure\u0219ti. De la ora 20.00, mergem la <strong>Take, Ianke \u0219i Cad\u00e2r, <\/strong>spectacol al Teatrului Municipal \u201eLucia Sturdza Bulandra\u201d Bucure\u0219ti, la Casa de Cultur\u0103 a Sindicatelor. Tot aici, dup\u0103 pies\u0103, a doua lansare de carte a zilei, <strong>\u201eO poveste cam ciudat\u0103 \u0219i alte dou\u0103 povestiri\u201d<\/strong> \u0219i <strong>\u201ePoezii \u0219i vorbe-n v\u00e2nt\u201d<\/strong>, autor Hora\u021biu M\u0103l\u0103ele.<\/p>\n\n\n\n<p><strong>**Programul pentru m\u00e2ine, 19 mai 2022, ziua V de Festival Interna\u021bional de Teatru \u201ePove\u0219ti\u201d, la Alba Iulia<\/strong><\/p>\n\n\n\n<p>&#8211;<strong>ora 11.00<\/strong> \u2013 Casa de Cultura a Studen\u021bilor \u2013 <strong>Alb\u0103 ca Z\u0103pada \u0219i cei \u0219apte pitici, <\/strong>Teatrul pentru Copii \u201eArlechino\u201d Bra\u0219ov, regia artistic\u0103: <em>Viorel V\u00e2rlan<\/em>, spectacol 4+, 50 min. \u201ePovestea este probabil cea mai cunoscut\u0103 din lume. \u0218i ca orice poveste are doza ei de r\u0103utate \u0219i cruzime. Cum ar putea altfel copiii no\u0219tri s\u0103 disting\u0103 \u0219i s\u0103 aleag\u0103 \u00eentre bine \u0219i r\u0103u, \u00eentre frumos \u0219i ur\u00e2t. Oglinda fermecat\u0103 surprinde esen\u021ba spectacolului: \u00abR\u0103utatea ur\u00e2\u021be\u0219te. E otrava ce nu vindec\u0103.\u00bb dar, \u00een aceea\u0219i m\u0103sur\u0103, povestea are doza ei de \u00een\u021belepciune \u0219i frumos. Binele \u00eenvinge \u00eentotdeauna r\u0103ul. Ies \u00een parc cu nepo\u021belul meu Matei. Intr\u0103 \u00een c\u0103su\u021bele de joac\u0103 \u0219i se joac\u0103 ore \u00eentregi cu tot ce populeaz\u0103 lumea c\u0103su\u021bei. A\u0219a s-a n\u0103scut c\u0103su\u021ba din copac. C\u0103su\u021ba celor \u0219apte pitici care se \u00eemprietenesc cu Alb\u0103 ca Z\u0103pada.\u201d, transmite Viorel V\u00e2rlan, regizorul spectacolului.<\/p>\n\n\n\n<p>&#8211; <strong>ora 11.00<\/strong>\u2013Liceul German Sebe\u0219 \u2013 <strong>\u021ainutul de vis al lui Kibuki<\/strong>, Kabare Pupala Marionetas Germania, spectacol non-verbal 3+, 40 min.<\/p>\n\n\n\n<p>&#8211; <strong>ora 11.00<\/strong>\u2013 Universitatea \u201e1 Decembrie 1918\u201d Alba Iulia \u2013 <strong>De vorb\u0103 cu Nora Iuga<\/strong>, \u00eent\u00e2lnire dialog \u0219i prezentare de carte. \u201eNora Iuga (numele adev\u0103rat Eleonora Almosinino) este o poet\u0103 rom\u00e2n\u0103, romancier\u0103 \u0219i traduc\u0103toare din Rom\u00e2nia. Este licen\u021biat\u0103 a Facult\u0103\u021bii de Filologie, specializarea Germanistic\u0103, Universitatea Bucure\u0219ti. I-a avut ca profesori, printre al\u021bii, pe Tudor Vianu \u0219i George C\u0103linescu. Pentru foarte scurt timp a fost profesoar\u0103 de limba german\u0103, bibliograf la Biblioteca Central\u0103 de Stat, apoi redactor la \u2013 Editura Enciclopedic\u0103. (&#8230;) \u00cen perioada 1971-1979 are interdic\u021bie de publicare din motive policite. Din 1971 este membr\u0103 a Uniunii Scriitorilor din Rom\u00e2nia \u0219i membr\u0103 a PEN \u2013Club. A fost ini\u021biatoarea Cenaclului Uniunii Scriitorilor \u00abGellu Naum\u00bb. (&#8230;) La 79 de ani, Nora Iuga a devenit cel mai v\u00e2rstnic blogger literar, \u00een iulie 2010 ap\u0103r\u00e2ndu-i nr.1 din \u00abGirafa albastr\u0103\u00bb, o revist\u0103 audio-video cu \u0219i despre autoare \u0219i, fire\u0219te, are \u0219i pagin\u0103 de facebook. (&#8230;) A publicat numeroase volume de poezie \u0219i proz\u0103, a fost tradus\u0103 \u00een mai multe limbi de circula\u021bie interna\u021bional\u0103, este semnatara traducerilor din limba german\u0103 a operelor unor sciitori importan\u021bi ai literaturii universale. I s-au dedicat volume de interviuri \u0219i antologii \u0219i au fost puse \u00een scen\u0103 dou\u0103 spectacole teatrale, pornind de la textele ce-i poart\u0103 semn\u0103tura. A primit distinc\u021bii importante: Ordinul na\u021bional \u00abPentru Merit\u00bb, \u00een grad de Ofi\u021ber (2000), Ordinul na\u021bional \u00abPentru Merit\u00bb, \u00een grad de Comandor (2017), \u00een semn de \u00eenalt\u0103 apreciere pentru \u00eentreaga sa carier\u0103 pus\u0103 \u00een slujba promov\u0103rii limbii \u0219i culturii literare rom\u00e2ne\u0219ti, pentru d\u0103ruire \u0219i talentul cu care s-a implicat \u00een promovarea imaginii Rom\u00e2niei \u00een lume.\u201d, arat\u0103 organizatorii.<\/p>\n\n\n\n<p>&#8211;<strong> ora 12.00<\/strong> \u2013 Teatrul de P\u0103pu\u0219i \u201ePrichindel\u201d, Sala 67 \u2013 <strong>Se(di)ntiment,<\/strong> regia Beatrice Cozmolici, Universitatea de Arte T\u00e2rgu Mure\u0219, spectacol de teatru pentru adolescen\u021bi, 16+, 35 min. \u201eSe(di)ntiment vorbe\u0219te, f\u0103r\u0103 cuvinte, despre pierderea sinelui \u2013 o pierdere t\u0103cut\u0103, lent\u0103, insidioas\u0103, instalat\u0103 \u00een timp, ca un proces de acumulare \u0219i sedimentare a propriei persoane. Strat cu strat, zi dup\u0103 zi, fricile, incertitudinile, speran\u021bele, victoriile \u0219i e\u0219ecurile tale se acumuleaz\u0103, se depun \u0219i te formeaz\u0103. Dar dac\u0103 \u00eentr-o zi \u00eentrerupi procesul, prive\u0219ti \u00een\u0103untru \u0219i nu te recuno\u0219ti? Ce se \u00eent\u00e2mpl\u0103 atunci?\u201d, ne \u201einstig\u0103\u201d organizatorii.<\/p>\n\n\n\n<p>&#8211;<strong>ora 12.00<\/strong> \u2013 Art Cafe Downtown \u2013 <strong>Cafeneaua cu t\u00e2lc<\/strong> \u2013conferin\u021b\u0103 de pres\u0103.<\/p>\n\n\n\n<p>&#8211; <strong>orele18.00-20.00<\/strong> \u2013 Foaierul Casei de Cultur\u0103 a Sindicatelor \u0219i Foaierul Casei de Cultur\u0103 a Studen\u021bilor \u2013 <strong>Expozi\u021bii permanente de costume \u0219i art\u0103 plastic\u0103<\/strong>, realizare de UNATC I. L. Caragiale Bucure\u0219ti, curator \u0219i coordonator : prof. univ. dr. \u0218tefania Cenan.<\/p>\n\n\n\n<p>&#8211; <strong>ora 18.00<\/strong> \u2013 Casa de Cultur\u0103 a Sindicatelor \u2013 <strong>Pe o p\u00e2nz\u0103 de p\u0103ianjen<\/strong>, regia Vlad Zamfirescu, Cortina AG Bucure\u0219ti, spectacol 16+, 1h 40 min.<strong>Distribu\u021bie:Vlad Zamfirescu, Mirela Opri\u0219or, Medeea Marinescu, Andi Vasluianu, Diana Roman. <\/strong>\u201eAndu \u00ee\u0219i anun\u021b\u0103 so\u021bia c\u0103 a doua zi va pleca la m\u0103n\u0103stire. De tot. Iritat\u0103 de ceea ce pare a fi o glum\u0103 nes\u0103rat\u0103 \u00een miez de noapte, Alma, so\u021bia lui Andi, \u00eencepe r\u0103zboiul. Se hot\u0103r\u0103\u0219te inclusiv s\u0103 plece ea prima. S\u0103 se \u00abm\u00e2ntuiasc\u0103\u00bb \u00eenaintea lui. Sunt convoca\u021bi prietenii. Fiecare tab\u0103r\u0103 prime\u0219te \u00eent\u0103riri. Surprizele se \u021bin lan\u021b. Iar finalul&#8230;las\u0103 urme ad\u00e2nci. O poveste intens\u0103, care seduce spectatorul cu hohote de r\u00e2s, \u00een spatele c\u0103rora se construiesc lumi \u00een care \u00abadev\u0103rul nu este \u00eentotdeauna&nbsp; cel mai cinstit r\u0103spuns pentru cel\u0103lalt\u00bb\u201d, se arat\u0103 \u00een caietul program.<\/p>\n\n\n\n<p>&#8211; <strong>ora 20.00<\/strong>\u2013 Teatrul de P\u0103pu\u0219i \u201ePrichindel\u201d, Sala 67 \u2013 <strong>Tom \u0219i Jerry 2.0<\/strong>, regia <strong>Florin Piersic jr.<\/strong>, Teatrul Na\u021bional \u201eRadu Stanca\u201d Sibiu, proiec\u021bie de film 16+, 1h 40 min. <strong>Distribu\u021bie: Marius Turdeanu, Ali Deac, Ioan Paraschiv<\/strong>. \u201eNu, \u00abTom \u0219i Jerry 2.0\u00bb nu este un desen animat! Este mai degrab\u0103 un film de ac\u021biune pentru oameni mari. Este un text \u00eendr\u0103zne\u021b \u0219i un spectacol pe m\u0103sur\u0103 despre crim\u0103 \u0219i&nbsp; \u00abcompasiunea care este cel mai mare du\u0219man\u00bb, destinat amatorilor de senza\u021bii tari \u0219i, mai ales, de umor negru. \u00abTom \u0219i Jerry 2.0\u00bb e ca un blockbuster american cu de toate \u00e0 la Tarantino. Personaje badass. Situa\u021bii limit\u0103. Adrenalin\u0103. Plus multe alte \u00eentreb\u0103ri (\u0219i r\u0103spunsuri) care v-au m\u0103cinat dintotdeauna: Cine l-a ucis pe Kennedy? Dar pe Elvis? Cine era adev\u0103ratul amant secret al lui Marilyn Monroe? Ce mare rol ar fi trebuit s\u0103 joace Al Pacino? \u0218i, nu \u00een ultimul r\u00e2nd: cum de este posibil ca ni\u0219te criminali at\u00e2t de s\u00e2ngero\u0219i s\u0103 devin\u0103 ni\u0219te personaje at\u00e2t de ata\u0219ante? Profund impregnat de mitologia american\u0103 contemporan\u0103 \u00een care influen\u021bele cinematografice, personajele marginale desprinse din lumea underground \u0219i violen\u021ba contextului social specific finalului de secol XX converg \u00eentr-un univers fic\u021bional magnetic, textul lui Rick Cleveland prezint\u0103 \u00eentr-o succesiune fragmentar\u0103 ame\u021bitoare camaraderia a doi natural born killers care \u00eencearc\u0103 s\u0103 se conformeze filozofiei de via\u021b\u0103 impus\u0103 de jobul lor. Plasa\u021bi la limita dintre caricatur\u0103 \u0219i (anti)erou gangster, protagoni\u0219tii din \u201eTom \u0219i Jerry\u201d ne ofer\u0103 o incursiune cinic\u0103 \u00een lumea celor care ucid sau sunt uci\u0219i \u0219i care au convingerea intim\u0103 c\u0103 prietenia poate \u00eenvinge orice. Chiar dac\u0103 este posibil s\u0103 se \u00een\u0219ele&#8230;\u201d, transmit organizatorii.<\/p>\n\n\n\n<p>&#8211; <strong>ora 21.40<\/strong> \u2013 Teatrul de P\u0103pu\u0219i \u201ePrichindel\u201d, Sala 67\u2013<strong>Florin Piersic Jr. \u0219i Marius Turdeanu \u00een dialog cu spectatorii.<\/strong><\/p>\n\n\n\n<p>Pofti\u021bi la teatru! Veni\u021bi de v\u0103 bucura\u021bi! Programul complet \u00eel pute\u021bi consulta pe paginile oficiale: www.fitab.ro, www.teatrulalba.ro \u0219i pe www.eventim.ro.<\/p>\n","protected":false},"excerpt":{"rendered":"<p>*Ast\u0103zi, Maia Morgenstern \u0219i Hora\u021biu M\u0103l\u0103ele, capetele de afi\u0219 \u00een cea de-a IV-a zi de Festival Interna\u021bional de Teatru \u201ePove\u0219ti\u201d, la Alba Iulia **Programul pentru m\u00e2ine, 19 mai 2022, ziua V de Festival Interna\u021bional de Teatru \u201ePove\u0219ti\u201d, la Alba Iulia \u201eCare dintre noi\/Which one of us\u201d ar mai putea s\u0103 transforme diagnosticul de cancer \u00een &hellip;<\/p>\n","protected":false},"author":27,"featured_media":101929,"comment_status":"open","ping_status":"open","sticky":false,"template":"","format":"standard","meta":{"inline_featured_image":false,"footnotes":""},"categories":[1],"tags":[],"class_list":["post-101928","post","type-post","status-publish","format-standard","has-post-thumbnail","hentry","category-stiri-urbane"],"yoast_head":"<!-- This site is optimized with the Yoast SEO plugin v27.4 - https:\/\/yoast.com\/product\/yoast-seo-wordpress\/ -->\n<title>Lec\u021bii de via\u021b\u0103, ieri, la Festivalul Interna\u021bional de Teatru \u201ePove\u0219ti\u201d: \u0219ansa unui diagnostic cr\u00e2ncen via Chris Simion-Mercurian \u0219i valorizarea clipei prezente, prin iubire, via Oana Pellea \u0219i Mircea Rusu - Revista Urbea Mea - Revista de Alba<\/title>\n<meta name=\"description\" content=\"*Ast\u0103zi, Maia Morgenstern \u0219i Hora\u021biu M\u0103l\u0103ele, capetele de afi\u0219 \u00een cea de-a IV-a zi de Festival Interna\u021bional de Teatru \u201ePove\u0219ti\u201d, la Alba Iulia\" \/>\n<meta name=\"robots\" content=\"index, follow, max-snippet:-1, max-image-preview:large, max-video-preview:-1\" \/>\n<link rel=\"canonical\" href=\"https:\/\/urbeamea.ro\/albaiulia\/lectii-de-viata-ieri-la-festivalul-international-de-teatru-povesti-sansa-unui-diagnostic-crancen-via-chris-simion-mercurian-si-valorizarea-clipei-prezente-prin-iubire-via-oana-p\/\" \/>\n<meta name=\"twitter:card\" content=\"summary_large_image\" \/>\n<meta name=\"twitter:title\" content=\"Lec\u021bii de via\u021b\u0103, ieri, la Festivalul Interna\u021bional de Teatru \u201ePove\u0219ti\u201d: \u0219ansa unui diagnostic cr\u00e2ncen via Chris Simion-Mercurian \u0219i valorizarea clipei prezente, prin iubire, via Oana Pellea \u0219i Mircea Rusu - Revista Urbea Mea - Revista de Alba\" \/>\n<meta name=\"twitter:description\" content=\"*Ast\u0103zi, Maia Morgenstern \u0219i Hora\u021biu M\u0103l\u0103ele, capetele de afi\u0219 \u00een cea de-a IV-a zi de Festival Interna\u021bional de Teatru \u201ePove\u0219ti\u201d, la Alba Iulia\" \/>\n<meta name=\"twitter:image\" content=\"https:\/\/urbeamea.ro\/albaiulia\/wp-content\/uploads\/2022\/05\/281805667_1185767855296833_4630762817982692482_n.jpg\" \/>\n<meta name=\"twitter:creator\" content=\"@urbeameaweb\" \/>\n<meta name=\"twitter:site\" content=\"@urbeameaweb\" \/>\n<script type=\"application\/ld+json\" class=\"yoast-schema-graph\">{\"@context\":\"https:\\\/\\\/schema.org\",\"@graph\":[{\"@type\":\"Article\",\"@id\":\"https:\\\/\\\/urbeamea.ro\\\/albaiulia\\\/lectii-de-viata-ieri-la-festivalul-international-de-teatru-povesti-sansa-unui-diagnostic-crancen-via-chris-simion-mercurian-si-valorizarea-clipei-prezente-prin-iubire-via-oana-p\\\/#article\",\"isPartOf\":{\"@id\":\"https:\\\/\\\/urbeamea.ro\\\/albaiulia\\\/lectii-de-viata-ieri-la-festivalul-international-de-teatru-povesti-sansa-unui-diagnostic-crancen-via-chris-simion-mercurian-si-valorizarea-clipei-prezente-prin-iubire-via-oana-p\\\/\"},\"author\":{\"name\":\"Stoia Daniela\",\"@id\":\"https:\\\/\\\/urbeamea.ro\\\/albaiulia\\\/#\\\/schema\\\/person\\\/91e3c5a380c685aef9f0295ef6449b3c\"},\"headline\":\"Lec\u021bii de via\u021b\u0103, ieri, la Festivalul Interna\u021bional de Teatru \u201ePove\u0219ti\u201d: \u0219ansa unui diagnostic cr\u00e2ncen via Chris Simion-Mercurian \u0219i valorizarea clipei prezente, prin iubire, via Oana Pellea \u0219i Mircea Rusu\",\"datePublished\":\"2022-05-18T07:58:39+00:00\",\"dateModified\":\"2022-05-18T08:05:19+00:00\",\"mainEntityOfPage\":{\"@id\":\"https:\\\/\\\/urbeamea.ro\\\/albaiulia\\\/lectii-de-viata-ieri-la-festivalul-international-de-teatru-povesti-sansa-unui-diagnostic-crancen-via-chris-simion-mercurian-si-valorizarea-clipei-prezente-prin-iubire-via-oana-p\\\/\"},\"wordCount\":2499,\"commentCount\":0,\"image\":{\"@id\":\"https:\\\/\\\/urbeamea.ro\\\/albaiulia\\\/lectii-de-viata-ieri-la-festivalul-international-de-teatru-povesti-sansa-unui-diagnostic-crancen-via-chris-simion-mercurian-si-valorizarea-clipei-prezente-prin-iubire-via-oana-p\\\/#primaryimage\"},\"thumbnailUrl\":\"https:\\\/\\\/urbeamea.ro\\\/albaiulia\\\/wp-content\\\/uploads\\\/2022\\\/05\\\/281805667_1185767855296833_4630762817982692482_n.jpg\",\"articleSection\":[\"\u015etiri Urbane\"],\"inLanguage\":\"ro-RO\",\"potentialAction\":[{\"@type\":\"CommentAction\",\"name\":\"Comment\",\"target\":[\"https:\\\/\\\/urbeamea.ro\\\/albaiulia\\\/lectii-de-viata-ieri-la-festivalul-international-de-teatru-povesti-sansa-unui-diagnostic-crancen-via-chris-simion-mercurian-si-valorizarea-clipei-prezente-prin-iubire-via-oana-p\\\/#respond\"]}]},{\"@type\":\"WebPage\",\"@id\":\"https:\\\/\\\/urbeamea.ro\\\/albaiulia\\\/lectii-de-viata-ieri-la-festivalul-international-de-teatru-povesti-sansa-unui-diagnostic-crancen-via-chris-simion-mercurian-si-valorizarea-clipei-prezente-prin-iubire-via-oana-p\\\/\",\"url\":\"https:\\\/\\\/urbeamea.ro\\\/albaiulia\\\/lectii-de-viata-ieri-la-festivalul-international-de-teatru-povesti-sansa-unui-diagnostic-crancen-via-chris-simion-mercurian-si-valorizarea-clipei-prezente-prin-iubire-via-oana-p\\\/\",\"name\":\"Lec\u021bii de via\u021b\u0103, ieri, la Festivalul Interna\u021bional de Teatru \u201ePove\u0219ti\u201d: \u0219ansa unui diagnostic cr\u00e2ncen via Chris Simion-Mercurian \u0219i valorizarea clipei prezente, prin iubire, via Oana Pellea \u0219i Mircea Rusu - Revista Urbea Mea - Revista de Alba\",\"isPartOf\":{\"@id\":\"https:\\\/\\\/urbeamea.ro\\\/albaiulia\\\/#website\"},\"primaryImageOfPage\":{\"@id\":\"https:\\\/\\\/urbeamea.ro\\\/albaiulia\\\/lectii-de-viata-ieri-la-festivalul-international-de-teatru-povesti-sansa-unui-diagnostic-crancen-via-chris-simion-mercurian-si-valorizarea-clipei-prezente-prin-iubire-via-oana-p\\\/#primaryimage\"},\"image\":{\"@id\":\"https:\\\/\\\/urbeamea.ro\\\/albaiulia\\\/lectii-de-viata-ieri-la-festivalul-international-de-teatru-povesti-sansa-unui-diagnostic-crancen-via-chris-simion-mercurian-si-valorizarea-clipei-prezente-prin-iubire-via-oana-p\\\/#primaryimage\"},\"thumbnailUrl\":\"https:\\\/\\\/urbeamea.ro\\\/albaiulia\\\/wp-content\\\/uploads\\\/2022\\\/05\\\/281805667_1185767855296833_4630762817982692482_n.jpg\",\"datePublished\":\"2022-05-18T07:58:39+00:00\",\"dateModified\":\"2022-05-18T08:05:19+00:00\",\"author\":{\"@id\":\"https:\\\/\\\/urbeamea.ro\\\/albaiulia\\\/#\\\/schema\\\/person\\\/91e3c5a380c685aef9f0295ef6449b3c\"},\"description\":\"*Ast\u0103zi, Maia Morgenstern \u0219i Hora\u021biu M\u0103l\u0103ele, capetele de afi\u0219 \u00een cea de-a IV-a zi de Festival Interna\u021bional de Teatru \u201ePove\u0219ti\u201d, la Alba Iulia\",\"breadcrumb\":{\"@id\":\"https:\\\/\\\/urbeamea.ro\\\/albaiulia\\\/lectii-de-viata-ieri-la-festivalul-international-de-teatru-povesti-sansa-unui-diagnostic-crancen-via-chris-simion-mercurian-si-valorizarea-clipei-prezente-prin-iubire-via-oana-p\\\/#breadcrumb\"},\"inLanguage\":\"ro-RO\",\"potentialAction\":[{\"@type\":\"ReadAction\",\"target\":[\"https:\\\/\\\/urbeamea.ro\\\/albaiulia\\\/lectii-de-viata-ieri-la-festivalul-international-de-teatru-povesti-sansa-unui-diagnostic-crancen-via-chris-simion-mercurian-si-valorizarea-clipei-prezente-prin-iubire-via-oana-p\\\/\"]}]},{\"@type\":\"ImageObject\",\"inLanguage\":\"ro-RO\",\"@id\":\"https:\\\/\\\/urbeamea.ro\\\/albaiulia\\\/lectii-de-viata-ieri-la-festivalul-international-de-teatru-povesti-sansa-unui-diagnostic-crancen-via-chris-simion-mercurian-si-valorizarea-clipei-prezente-prin-iubire-via-oana-p\\\/#primaryimage\",\"url\":\"https:\\\/\\\/urbeamea.ro\\\/albaiulia\\\/wp-content\\\/uploads\\\/2022\\\/05\\\/281805667_1185767855296833_4630762817982692482_n.jpg\",\"contentUrl\":\"https:\\\/\\\/urbeamea.ro\\\/albaiulia\\\/wp-content\\\/uploads\\\/2022\\\/05\\\/281805667_1185767855296833_4630762817982692482_n.jpg\",\"width\":1600,\"height\":1068},{\"@type\":\"BreadcrumbList\",\"@id\":\"https:\\\/\\\/urbeamea.ro\\\/albaiulia\\\/lectii-de-viata-ieri-la-festivalul-international-de-teatru-povesti-sansa-unui-diagnostic-crancen-via-chris-simion-mercurian-si-valorizarea-clipei-prezente-prin-iubire-via-oana-p\\\/#breadcrumb\",\"itemListElement\":[{\"@type\":\"ListItem\",\"position\":1,\"name\":\"Prima pagin\u0103\",\"item\":\"https:\\\/\\\/urbeamea.ro\\\/albaiulia\\\/\"},{\"@type\":\"ListItem\",\"position\":2,\"name\":\"Lec\u021bii de via\u021b\u0103, ieri, la Festivalul Interna\u021bional de Teatru \u201ePove\u0219ti\u201d: \u0219ansa unui diagnostic cr\u00e2ncen via Chris Simion-Mercurian \u0219i valorizarea clipei prezente, prin iubire, via Oana Pellea \u0219i Mircea Rusu\"}]},{\"@type\":\"WebSite\",\"@id\":\"https:\\\/\\\/urbeamea.ro\\\/albaiulia\\\/#website\",\"url\":\"https:\\\/\\\/urbeamea.ro\\\/albaiulia\\\/\",\"name\":\"Revista Urbea Mea, Stiri urbane\",\"description\":\"Evenimente \u0219i \u0219tiri din Alba Iulia, Sebe\u0219, Aiud, Blaj\",\"potentialAction\":[{\"@type\":\"SearchAction\",\"target\":{\"@type\":\"EntryPoint\",\"urlTemplate\":\"https:\\\/\\\/urbeamea.ro\\\/albaiulia\\\/?s={search_term_string}\"},\"query-input\":{\"@type\":\"PropertyValueSpecification\",\"valueRequired\":true,\"valueName\":\"search_term_string\"}}],\"inLanguage\":\"ro-RO\"},{\"@type\":\"Person\",\"@id\":\"https:\\\/\\\/urbeamea.ro\\\/albaiulia\\\/#\\\/schema\\\/person\\\/91e3c5a380c685aef9f0295ef6449b3c\",\"name\":\"Stoia Daniela\",\"image\":{\"@type\":\"ImageObject\",\"inLanguage\":\"ro-RO\",\"@id\":\"https:\\\/\\\/secure.gravatar.com\\\/avatar\\\/5aaf6eef20c2b497aa6b10eb1d0ea3e79b9229f0518d4c68b0fe81d133d3c8ca?s=96&d=mm&r=g\",\"url\":\"https:\\\/\\\/secure.gravatar.com\\\/avatar\\\/5aaf6eef20c2b497aa6b10eb1d0ea3e79b9229f0518d4c68b0fe81d133d3c8ca?s=96&d=mm&r=g\",\"contentUrl\":\"https:\\\/\\\/secure.gravatar.com\\\/avatar\\\/5aaf6eef20c2b497aa6b10eb1d0ea3e79b9229f0518d4c68b0fe81d133d3c8ca?s=96&d=mm&r=g\",\"caption\":\"Stoia Daniela\"},\"url\":\"https:\\\/\\\/urbeamea.ro\\\/albaiulia\\\/author\\\/daniela-stoia\\\/\"}]}<\/script>\n<!-- \/ Yoast SEO plugin. -->","yoast_head_json":{"title":"Lec\u021bii de via\u021b\u0103, ieri, la Festivalul Interna\u021bional de Teatru \u201ePove\u0219ti\u201d: \u0219ansa unui diagnostic cr\u00e2ncen via Chris Simion-Mercurian \u0219i valorizarea clipei prezente, prin iubire, via Oana Pellea \u0219i Mircea Rusu - Revista Urbea Mea - Revista de Alba","description":"*Ast\u0103zi, Maia Morgenstern \u0219i Hora\u021biu M\u0103l\u0103ele, capetele de afi\u0219 \u00een cea de-a IV-a zi de Festival Interna\u021bional de Teatru \u201ePove\u0219ti\u201d, la Alba Iulia","robots":{"index":"index","follow":"follow","max-snippet":"max-snippet:-1","max-image-preview":"max-image-preview:large","max-video-preview":"max-video-preview:-1"},"canonical":"https:\/\/urbeamea.ro\/albaiulia\/lectii-de-viata-ieri-la-festivalul-international-de-teatru-povesti-sansa-unui-diagnostic-crancen-via-chris-simion-mercurian-si-valorizarea-clipei-prezente-prin-iubire-via-oana-p\/","twitter_card":"summary_large_image","twitter_title":"Lec\u021bii de via\u021b\u0103, ieri, la Festivalul Interna\u021bional de Teatru \u201ePove\u0219ti\u201d: \u0219ansa unui diagnostic cr\u00e2ncen via Chris Simion-Mercurian \u0219i valorizarea clipei prezente, prin iubire, via Oana Pellea \u0219i Mircea Rusu - Revista Urbea Mea - Revista de Alba","twitter_description":"*Ast\u0103zi, Maia Morgenstern \u0219i Hora\u021biu M\u0103l\u0103ele, capetele de afi\u0219 \u00een cea de-a IV-a zi de Festival Interna\u021bional de Teatru \u201ePove\u0219ti\u201d, la Alba Iulia","twitter_image":"https:\/\/urbeamea.ro\/albaiulia\/wp-content\/uploads\/2022\/05\/281805667_1185767855296833_4630762817982692482_n.jpg","twitter_creator":"@urbeameaweb","twitter_site":"@urbeameaweb","schema":{"@context":"https:\/\/schema.org","@graph":[{"@type":"Article","@id":"https:\/\/urbeamea.ro\/albaiulia\/lectii-de-viata-ieri-la-festivalul-international-de-teatru-povesti-sansa-unui-diagnostic-crancen-via-chris-simion-mercurian-si-valorizarea-clipei-prezente-prin-iubire-via-oana-p\/#article","isPartOf":{"@id":"https:\/\/urbeamea.ro\/albaiulia\/lectii-de-viata-ieri-la-festivalul-international-de-teatru-povesti-sansa-unui-diagnostic-crancen-via-chris-simion-mercurian-si-valorizarea-clipei-prezente-prin-iubire-via-oana-p\/"},"author":{"name":"Stoia Daniela","@id":"https:\/\/urbeamea.ro\/albaiulia\/#\/schema\/person\/91e3c5a380c685aef9f0295ef6449b3c"},"headline":"Lec\u021bii de via\u021b\u0103, ieri, la Festivalul Interna\u021bional de Teatru \u201ePove\u0219ti\u201d: \u0219ansa unui diagnostic cr\u00e2ncen via Chris Simion-Mercurian \u0219i valorizarea clipei prezente, prin iubire, via Oana Pellea \u0219i Mircea Rusu","datePublished":"2022-05-18T07:58:39+00:00","dateModified":"2022-05-18T08:05:19+00:00","mainEntityOfPage":{"@id":"https:\/\/urbeamea.ro\/albaiulia\/lectii-de-viata-ieri-la-festivalul-international-de-teatru-povesti-sansa-unui-diagnostic-crancen-via-chris-simion-mercurian-si-valorizarea-clipei-prezente-prin-iubire-via-oana-p\/"},"wordCount":2499,"commentCount":0,"image":{"@id":"https:\/\/urbeamea.ro\/albaiulia\/lectii-de-viata-ieri-la-festivalul-international-de-teatru-povesti-sansa-unui-diagnostic-crancen-via-chris-simion-mercurian-si-valorizarea-clipei-prezente-prin-iubire-via-oana-p\/#primaryimage"},"thumbnailUrl":"https:\/\/urbeamea.ro\/albaiulia\/wp-content\/uploads\/2022\/05\/281805667_1185767855296833_4630762817982692482_n.jpg","articleSection":["\u015etiri Urbane"],"inLanguage":"ro-RO","potentialAction":[{"@type":"CommentAction","name":"Comment","target":["https:\/\/urbeamea.ro\/albaiulia\/lectii-de-viata-ieri-la-festivalul-international-de-teatru-povesti-sansa-unui-diagnostic-crancen-via-chris-simion-mercurian-si-valorizarea-clipei-prezente-prin-iubire-via-oana-p\/#respond"]}]},{"@type":"WebPage","@id":"https:\/\/urbeamea.ro\/albaiulia\/lectii-de-viata-ieri-la-festivalul-international-de-teatru-povesti-sansa-unui-diagnostic-crancen-via-chris-simion-mercurian-si-valorizarea-clipei-prezente-prin-iubire-via-oana-p\/","url":"https:\/\/urbeamea.ro\/albaiulia\/lectii-de-viata-ieri-la-festivalul-international-de-teatru-povesti-sansa-unui-diagnostic-crancen-via-chris-simion-mercurian-si-valorizarea-clipei-prezente-prin-iubire-via-oana-p\/","name":"Lec\u021bii de via\u021b\u0103, ieri, la Festivalul Interna\u021bional de Teatru \u201ePove\u0219ti\u201d: \u0219ansa unui diagnostic cr\u00e2ncen via Chris Simion-Mercurian \u0219i valorizarea clipei prezente, prin iubire, via Oana Pellea \u0219i Mircea Rusu - Revista Urbea Mea - Revista de Alba","isPartOf":{"@id":"https:\/\/urbeamea.ro\/albaiulia\/#website"},"primaryImageOfPage":{"@id":"https:\/\/urbeamea.ro\/albaiulia\/lectii-de-viata-ieri-la-festivalul-international-de-teatru-povesti-sansa-unui-diagnostic-crancen-via-chris-simion-mercurian-si-valorizarea-clipei-prezente-prin-iubire-via-oana-p\/#primaryimage"},"image":{"@id":"https:\/\/urbeamea.ro\/albaiulia\/lectii-de-viata-ieri-la-festivalul-international-de-teatru-povesti-sansa-unui-diagnostic-crancen-via-chris-simion-mercurian-si-valorizarea-clipei-prezente-prin-iubire-via-oana-p\/#primaryimage"},"thumbnailUrl":"https:\/\/urbeamea.ro\/albaiulia\/wp-content\/uploads\/2022\/05\/281805667_1185767855296833_4630762817982692482_n.jpg","datePublished":"2022-05-18T07:58:39+00:00","dateModified":"2022-05-18T08:05:19+00:00","author":{"@id":"https:\/\/urbeamea.ro\/albaiulia\/#\/schema\/person\/91e3c5a380c685aef9f0295ef6449b3c"},"description":"*Ast\u0103zi, Maia Morgenstern \u0219i Hora\u021biu M\u0103l\u0103ele, capetele de afi\u0219 \u00een cea de-a IV-a zi de Festival Interna\u021bional de Teatru \u201ePove\u0219ti\u201d, la Alba Iulia","breadcrumb":{"@id":"https:\/\/urbeamea.ro\/albaiulia\/lectii-de-viata-ieri-la-festivalul-international-de-teatru-povesti-sansa-unui-diagnostic-crancen-via-chris-simion-mercurian-si-valorizarea-clipei-prezente-prin-iubire-via-oana-p\/#breadcrumb"},"inLanguage":"ro-RO","potentialAction":[{"@type":"ReadAction","target":["https:\/\/urbeamea.ro\/albaiulia\/lectii-de-viata-ieri-la-festivalul-international-de-teatru-povesti-sansa-unui-diagnostic-crancen-via-chris-simion-mercurian-si-valorizarea-clipei-prezente-prin-iubire-via-oana-p\/"]}]},{"@type":"ImageObject","inLanguage":"ro-RO","@id":"https:\/\/urbeamea.ro\/albaiulia\/lectii-de-viata-ieri-la-festivalul-international-de-teatru-povesti-sansa-unui-diagnostic-crancen-via-chris-simion-mercurian-si-valorizarea-clipei-prezente-prin-iubire-via-oana-p\/#primaryimage","url":"https:\/\/urbeamea.ro\/albaiulia\/wp-content\/uploads\/2022\/05\/281805667_1185767855296833_4630762817982692482_n.jpg","contentUrl":"https:\/\/urbeamea.ro\/albaiulia\/wp-content\/uploads\/2022\/05\/281805667_1185767855296833_4630762817982692482_n.jpg","width":1600,"height":1068},{"@type":"BreadcrumbList","@id":"https:\/\/urbeamea.ro\/albaiulia\/lectii-de-viata-ieri-la-festivalul-international-de-teatru-povesti-sansa-unui-diagnostic-crancen-via-chris-simion-mercurian-si-valorizarea-clipei-prezente-prin-iubire-via-oana-p\/#breadcrumb","itemListElement":[{"@type":"ListItem","position":1,"name":"Prima pagin\u0103","item":"https:\/\/urbeamea.ro\/albaiulia\/"},{"@type":"ListItem","position":2,"name":"Lec\u021bii de via\u021b\u0103, ieri, la Festivalul Interna\u021bional de Teatru \u201ePove\u0219ti\u201d: \u0219ansa unui diagnostic cr\u00e2ncen via Chris Simion-Mercurian \u0219i valorizarea clipei prezente, prin iubire, via Oana Pellea \u0219i Mircea Rusu"}]},{"@type":"WebSite","@id":"https:\/\/urbeamea.ro\/albaiulia\/#website","url":"https:\/\/urbeamea.ro\/albaiulia\/","name":"Revista Urbea Mea, Stiri urbane","description":"Evenimente \u0219i \u0219tiri din Alba Iulia, Sebe\u0219, Aiud, Blaj","potentialAction":[{"@type":"SearchAction","target":{"@type":"EntryPoint","urlTemplate":"https:\/\/urbeamea.ro\/albaiulia\/?s={search_term_string}"},"query-input":{"@type":"PropertyValueSpecification","valueRequired":true,"valueName":"search_term_string"}}],"inLanguage":"ro-RO"},{"@type":"Person","@id":"https:\/\/urbeamea.ro\/albaiulia\/#\/schema\/person\/91e3c5a380c685aef9f0295ef6449b3c","name":"Stoia Daniela","image":{"@type":"ImageObject","inLanguage":"ro-RO","@id":"https:\/\/secure.gravatar.com\/avatar\/5aaf6eef20c2b497aa6b10eb1d0ea3e79b9229f0518d4c68b0fe81d133d3c8ca?s=96&d=mm&r=g","url":"https:\/\/secure.gravatar.com\/avatar\/5aaf6eef20c2b497aa6b10eb1d0ea3e79b9229f0518d4c68b0fe81d133d3c8ca?s=96&d=mm&r=g","contentUrl":"https:\/\/secure.gravatar.com\/avatar\/5aaf6eef20c2b497aa6b10eb1d0ea3e79b9229f0518d4c68b0fe81d133d3c8ca?s=96&d=mm&r=g","caption":"Stoia Daniela"},"url":"https:\/\/urbeamea.ro\/albaiulia\/author\/daniela-stoia\/"}]}},"_links":{"self":[{"href":"https:\/\/urbeamea.ro\/albaiulia\/wp-json\/wp\/v2\/posts\/101928","targetHints":{"allow":["GET"]}}],"collection":[{"href":"https:\/\/urbeamea.ro\/albaiulia\/wp-json\/wp\/v2\/posts"}],"about":[{"href":"https:\/\/urbeamea.ro\/albaiulia\/wp-json\/wp\/v2\/types\/post"}],"author":[{"embeddable":true,"href":"https:\/\/urbeamea.ro\/albaiulia\/wp-json\/wp\/v2\/users\/27"}],"replies":[{"embeddable":true,"href":"https:\/\/urbeamea.ro\/albaiulia\/wp-json\/wp\/v2\/comments?post=101928"}],"version-history":[{"count":3,"href":"https:\/\/urbeamea.ro\/albaiulia\/wp-json\/wp\/v2\/posts\/101928\/revisions"}],"predecessor-version":[{"id":101944,"href":"https:\/\/urbeamea.ro\/albaiulia\/wp-json\/wp\/v2\/posts\/101928\/revisions\/101944"}],"wp:featuredmedia":[{"embeddable":true,"href":"https:\/\/urbeamea.ro\/albaiulia\/wp-json\/wp\/v2\/media\/101929"}],"wp:attachment":[{"href":"https:\/\/urbeamea.ro\/albaiulia\/wp-json\/wp\/v2\/media?parent=101928"}],"wp:term":[{"taxonomy":"category","embeddable":true,"href":"https:\/\/urbeamea.ro\/albaiulia\/wp-json\/wp\/v2\/categories?post=101928"},{"taxonomy":"post_tag","embeddable":true,"href":"https:\/\/urbeamea.ro\/albaiulia\/wp-json\/wp\/v2\/tags?post=101928"}],"curies":[{"name":"wp","href":"https:\/\/api.w.org\/{rel}","templated":true}]}}