{"id":101956,"date":"2022-05-18T16:51:44","date_gmt":"2022-05-18T13:51:44","guid":{"rendered":"https:\/\/urbeamea.ro\/albaiulia\/?p=101956"},"modified":"2022-05-19T18:14:12","modified_gmt":"2022-05-19T15:14:12","slug":"cel-mai-mare-festival-dedicat-promovarii-sportului-de-masa-ajunge-la-alba-iulia","status":"publish","type":"post","link":"https:\/\/urbeamea.ro\/albaiulia\/cel-mai-mare-festival-dedicat-promovarii-sportului-de-masa-ajunge-la-alba-iulia\/","title":{"rendered":"Cel mai mare festival dedicat promov\u0103rii sportului de mas\u0103 ajunge la Alba Iulia"},"content":{"rendered":"\n<h3 class=\"wp-block-heading\">Evenimentul are loc \u00eentre 21 \u0219i 22 mai, \u00een Latura de Vest a cet\u0103\u021bii Alba Carolina. Accesul \u0219i participarea sunt gratuite<\/h3>\n\n\n\n<p>Bucurie \u00een Mi\u0219care, cel mai amplu program de promovare al sportului de mas\u0103 din Rom\u00e2nia, \u00eempline\u0219te \u00een 2022, 10 ani de activitate. \u00cen primul deceniu am oferit unui milion de oameni &#8211; copii, tineri \u0219i adul\u021bi &#8211; un spa\u021biu unde s\u0103 experimenteze bucuria sportului individual \u0219i organizat, cu impact pozitiv pe multiple planuri, \u00een sute de comunit\u0103\u021bi din Rom\u00e2nia \u0219i Republica Moldova.<\/p>\n\n\n\n<p>Festivalul Bucurie \u00een Mi\u0219care, organizat de Asocia\u021bia 11even cu sprijinul Kaufland Rom\u00e2nia, ajunge weekend-ul acesta la Alba Iulia. \u00cempreun\u0103 cu\u00a0partenerul local de organizare, Asocia\u021bia Emanoil, am preg\u0103tit o mul\u021bime de jocuri \u0219i activit\u0103\u021bi, demonstra\u021bii sportive, dansuri \u0219i arte mar\u021biale, concursuri pentru ga\u0219ca de prieteni \u0219i pentru \u00eentreaga familie, terenuri de badminton, minifotbal \u0219i volei, panou de escalad\u0103, precum \u0219i workshopuri cu exper\u021bi \u00een sport \u0219i nutri\u021bie \u00een cadrul zonei #rutinademi\u0219care. Rutina de Mi\u0219care este manifestul nostru pentru un stil de via\u021b\u0103 s\u0103n\u0103tos, pe care \u00eel promov\u0103m at\u00e2t \u00een cadrul evenimentelor, c\u00e2t \u0219i online, printr-o campanie care scoate la lumin\u0103 pove\u0219tile a 100 de oameni din \u021bar\u0103, indiferent de v\u00e2rst\u0103, sex sau ocupa\u021bie, care includ mi\u0219carea \u00een rutina lor zilnic\u0103. Cele<\/p>\n\n\n\n<p>100 de pove\u0219ti vor \ufb01 postate \u00een decursul anului 2022 pe paginile de Facebook \u0219i Instagram ale programului Bucurie \u00een Mi\u0219care Rom\u00e2nia \u0219i pe site-ul <a href=\"http:\/\/www.bucurieinmiscare.ro\/\" target=\"_blank\" rel=\"noreferrer noopener\"><u>www.bucurieinmiscare.ro<\/u> <\/a>\u0219i au rolul de a ne inspira s\u0103 alegem mi\u0219carea, zi de zi.<\/p>\n\n\n\n<p>\u00cen Alba Iulia, programul celor 2 zile de festival Bucurie \u00een Mi\u0219care este urm\u0103torul:<\/p>\n\n\n\n<h1 class=\"wp-block-heading\">S\u00c2MB\u0102T\u0102, 21 MAI<\/h1>\n\n\n\n<h2 class=\"wp-block-heading\">SCEN\u0102<\/h2>\n\n\n\n<p>10:00 Warm Up &#8211; Bucurie \u00een Mi\u0219care 10:30 Baby Basket LPS- Alba Iulia 12:00 I-Magic &#8211; Anima\u021bie copii<\/p>\n\n\n\n<p>12:30 Reprezenta\u021bie Revolution Academy<\/p>\n\n\n\n<p>13:00 Tabere Emanoil &#8211; Socioanima\u021bie \u0219i competi\u021bie 14:30 Antrenament func\u021bional al\u0103turi de Marius Bucur<\/p>\n\n\n\n<p>15:00 Tir cu arcul, Ambasador Incze Arpad<\/p>\n\n\n\n<p>15:30 Wish Dance Step reprezenta\u021bie de dans \u0219i atelier 16:30 Kangoo Jumps &#8211; S\u0103rituri pe ghete<\/p>\n\n\n\n<p>17:30 Moving Arts Company &#8211; Dans \u0219i Flashmob (salsa \u0219i bachata) 18:00 Corul Theotokos<\/p>\n\n\n\n<h2 class=\"wp-block-heading\">ATELIERE<\/h2>\n\n\n\n<p>11:00 Baby Basket LPS- Alba Iulia<\/p>\n\n\n\n<p>12:00 Socioanima\u021bie cu z\u00e2ne \u0219i Minnie Mouse sus\u021binut de I-Magic 13:00 Rutina de Mi\u0219care al\u0103turi de Global Wellness Team<\/p>\n\n\n\n<p>15:00 Atelier de Prim ajutor &#8211; Crucea Ro\u0219ie 15:30 Atelier de tir cu arcul<\/p>\n\n\n\n<h2 class=\"wp-block-heading\">COMPETI\u021aII<\/h2>\n\n\n\n<p>11:00 Competi\u021bii Bucurie \u00een Mi\u0219care 14:00 Competi\u021bii Bucurie \u00een Mi\u0219care<\/p>\n\n\n\n<h1 class=\"wp-block-heading\">DUMINIC\u0102, 22 MAI<\/h1>\n\n\n\n<h2 class=\"wp-block-heading\">SCEN\u0102<\/h2>\n\n\n\n<p>11:00 Prin\u021bese Disney &#8211; Jocuri, anima\u021bie \u0219i facepainting 12:00 Kangoo Jumps &#8211; S\u0103rituri pe ghete<\/p>\n\n\n\n<p>12:30 Centrul de Cultur\u0103 Augustin Bena Alba &#8211; dans popular 13:00 \u00cenc\u0103lzire Cross &#8211; Ilie Cioca<\/p>\n\n\n\n<p>13:30 Centrul de Cultur\u0103 Augustin Bena Alba &#8211; dans modern 14:00 Clubul Copiilor Sebe\u0219<\/p>\n\n\n\n<p>14:30 Palatul copiilor Alba Iulia<\/p>\n\n\n\n<p>15:00 Glas de \u00cenger \u0219i Cercul de Chitar\u0103 din Parohia Sf. Parascheva 16:00 Marius Bucur &#8211; Rutine de mi\u0219care<\/p>\n\n\n\n<p>17:00 Sun Gym cu Delia Legian &#8211; Antrenament func\u021bional 17:30 Skate \u0219i mi\u0219care<\/p>\n\n\n\n<p>18:00 \u0218coala de Dans Chril\u0103 &#8211; Dansuri<\/p>\n\n\n\n<h2 class=\"wp-block-heading\">ATELIERE<\/h2>\n\n\n\n<p>14:00 Baby Basket LPS<\/p>\n\n\n\n<p>14:00 Rutina de Mi\u0219care al\u0103turi de Global Wellness Team 14:30 Palatul copiilor Alba Iulia<\/p>\n\n\n\n<p>15:00 Atelier de Prim ajutor &#8211; Crucea Ro\u0219ie 16:00 Jocuri de socioanima\u021bie &#8211; Emanoil<\/p>\n\n\n\n<p>17:00 Nutri\u021bie cu Sun Gym &#8211; Rutina de mi\u0219care<\/p>\n\n\n\n<p>16:00 Ateliere \u0219i jocuri cu c\u0103\u021bei &#8211; Asocia\u021bia Prietenii lui Azor<\/p>\n\n\n\n<h2 class=\"wp-block-heading\">COMPETI\u021aII<\/h2>\n\n\n\n<p>13:00 Crosul Bucurie \u00een Mi\u0219care<\/p>\n\n\n\n<h2 class=\"wp-block-heading\">Despre Bucurie \u00een Mi\u0219care<\/h2>\n\n\n\n<p><em>Construim comunit\u0103\u021bi mai puternice, mai s\u0103n\u0103toase, mai fericite<\/em><\/p>\n\n\n\n<p>Nu facem su\ufb01cient\u0103 mi\u0219care &#8211; mai mult de jum\u0103tate dintre rom\u00e2ni sunt obezi sau supraponderali \u0219i peste un milion sufer\u0103 de boli metabolice. Dup\u0103 doi ani de izolare din cauza pandemiei, trebuie s\u0103 re\u00eenv\u0103\u021b\u0103m s\u0103 ne conect\u0103m &#8211; socializarea din curtea blocului sau de pe uli\u021b\u0103 a fost \u00eenlocuit\u0103 de re\u021bele sociale virtuale. Nu mai apreciem activit\u0103\u021bile \u00een aer liber &#8211; \u00een Rom\u00e2nia, un copil petrece aproape 23 de ore pe s\u0103pt\u0103m\u00e2n\u0103 \u00een fa\u0163a unui ecran (calculator sau televizor).<\/p>\n\n\n\n<p>Programul Bucurie \u00een Mi\u0219care s-a n\u0103scut pentru a ne aminti c\u0103 \u0219i cele mai complicate probleme au solu\u021bii simple \u0219i se bazeaz\u0103 pe faptul c\u0103 comunit\u0103\u021bile care particip\u0103 la sport \u0219i recreere dezvolt\u0103 leg\u0103turi sociale puternice, sunt locuri mai sigure, iar oamenii care tr\u0103iesc \u00een ele sunt, \u00een general, mai s\u0103n\u0103to\u0219i \u0219i mai ferici\u021bi dec\u00e2t comunit\u0103\u021bile \u00een care activitatea \ufb01zic\u0103 nu este o prioritate.<\/p>\n\n\n","protected":false},"excerpt":{"rendered":"<p>Evenimentul are loc \u00eentre 21 \u0219i 22 mai, \u00een Latura de Vest a cet\u0103\u021bii Alba Carolina. Accesul \u0219i participarea sunt gratuite Bucurie \u00een Mi\u0219care, cel mai amplu program de promovare al sportului de mas\u0103 din Rom\u00e2nia, \u00eempline\u0219te \u00een 2022, 10 ani de activitate. \u00cen primul deceniu am oferit unui milion de oameni &#8211; copii, tineri &hellip;<\/p>\n","protected":false},"author":16,"featured_media":101957,"comment_status":"open","ping_status":"open","sticky":false,"template":"","format":"standard","meta":{"inline_featured_image":false,"footnotes":""},"categories":[4],"tags":[24253,182],"class_list":["post-101956","post","type-post","status-publish","format-standard","has-post-thumbnail","hentry","category-eveniment","tag-bucuria-in-miscare","tag-cetatea-alba-carolina"],"yoast_head":"<!-- This site is optimized with the Yoast SEO plugin v27.4 - https:\/\/yoast.com\/product\/yoast-seo-wordpress\/ -->\n<title>Cel mai mare festival dedicat promov\u0103rii sportului de mas\u0103 ajunge la Alba Iulia - Revista Urbea Mea - Revista de Alba<\/title>\n<meta name=\"description\" content=\"Evenimentul are loc \u00eentre 21 \u0219i 22 mai, \u00een Latura de Vest a cet\u0103\u021bii Alba Carolina. Accesul \u0219i participarea sunt gratuite Bucurie \u00een Mi\u0219care, cel mai amplu\" \/>\n<meta name=\"robots\" content=\"index, follow, max-snippet:-1, max-image-preview:large, max-video-preview:-1\" \/>\n<link rel=\"canonical\" href=\"https:\/\/urbeamea.ro\/albaiulia\/cel-mai-mare-festival-dedicat-promovarii-sportului-de-masa-ajunge-la-alba-iulia\/\" \/>\n<meta name=\"twitter:card\" content=\"summary_large_image\" \/>\n<meta name=\"twitter:title\" content=\"Cel mai mare festival dedicat promov\u0103rii sportului de mas\u0103 ajunge la Alba Iulia - Revista Urbea Mea - Revista de Alba\" \/>\n<meta name=\"twitter:description\" content=\"Evenimentul are loc \u00eentre 21 \u0219i 22 mai, \u00een Latura de Vest a cet\u0103\u021bii Alba Carolina. Accesul \u0219i participarea sunt gratuite Bucurie \u00een Mi\u0219care, cel mai amplu\" \/>\n<meta name=\"twitter:image\" content=\"https:\/\/urbeamea.ro\/albaiulia\/wp-content\/uploads\/2022\/05\/Bucurie_in_Miscare_Alba_Iulia_2022_1920x1080.jpg\" \/>\n<meta name=\"twitter:creator\" content=\"@urbeameaweb\" \/>\n<meta name=\"twitter:site\" content=\"@urbeameaweb\" \/>\n<script type=\"application\/ld+json\" class=\"yoast-schema-graph\">{\"@context\":\"https:\\\/\\\/schema.org\",\"@graph\":[{\"@type\":\"Article\",\"@id\":\"https:\\\/\\\/urbeamea.ro\\\/albaiulia\\\/cel-mai-mare-festival-dedicat-promovarii-sportului-de-masa-ajunge-la-alba-iulia\\\/#article\",\"isPartOf\":{\"@id\":\"https:\\\/\\\/urbeamea.ro\\\/albaiulia\\\/cel-mai-mare-festival-dedicat-promovarii-sportului-de-masa-ajunge-la-alba-iulia\\\/\"},\"author\":{\"name\":\"Redac\u021bia UrbeaMea\",\"@id\":\"https:\\\/\\\/urbeamea.ro\\\/albaiulia\\\/#\\\/schema\\\/person\\\/272ae98052f8ee8980f59848df070247\"},\"headline\":\"Cel mai mare festival dedicat promov\u0103rii sportului de mas\u0103 ajunge la Alba Iulia\",\"datePublished\":\"2022-05-18T13:51:44+00:00\",\"dateModified\":\"2022-05-19T15:14:12+00:00\",\"mainEntityOfPage\":{\"@id\":\"https:\\\/\\\/urbeamea.ro\\\/albaiulia\\\/cel-mai-mare-festival-dedicat-promovarii-sportului-de-masa-ajunge-la-alba-iulia\\\/\"},\"wordCount\":764,\"commentCount\":0,\"image\":{\"@id\":\"https:\\\/\\\/urbeamea.ro\\\/albaiulia\\\/cel-mai-mare-festival-dedicat-promovarii-sportului-de-masa-ajunge-la-alba-iulia\\\/#primaryimage\"},\"thumbnailUrl\":\"https:\\\/\\\/urbeamea.ro\\\/albaiulia\\\/wp-content\\\/uploads\\\/2022\\\/05\\\/Bucurie_in_Miscare_Alba_Iulia_2022_1920x1080.jpg\",\"keywords\":[\"bucuria in miscare\",\"cetatea alba carolina\"],\"articleSection\":[\"Evenimente\"],\"inLanguage\":\"ro-RO\",\"potentialAction\":[{\"@type\":\"CommentAction\",\"name\":\"Comment\",\"target\":[\"https:\\\/\\\/urbeamea.ro\\\/albaiulia\\\/cel-mai-mare-festival-dedicat-promovarii-sportului-de-masa-ajunge-la-alba-iulia\\\/#respond\"]}]},{\"@type\":\"WebPage\",\"@id\":\"https:\\\/\\\/urbeamea.ro\\\/albaiulia\\\/cel-mai-mare-festival-dedicat-promovarii-sportului-de-masa-ajunge-la-alba-iulia\\\/\",\"url\":\"https:\\\/\\\/urbeamea.ro\\\/albaiulia\\\/cel-mai-mare-festival-dedicat-promovarii-sportului-de-masa-ajunge-la-alba-iulia\\\/\",\"name\":\"Cel mai mare festival dedicat promov\u0103rii sportului de mas\u0103 ajunge la Alba Iulia - Revista Urbea Mea - Revista de Alba\",\"isPartOf\":{\"@id\":\"https:\\\/\\\/urbeamea.ro\\\/albaiulia\\\/#website\"},\"primaryImageOfPage\":{\"@id\":\"https:\\\/\\\/urbeamea.ro\\\/albaiulia\\\/cel-mai-mare-festival-dedicat-promovarii-sportului-de-masa-ajunge-la-alba-iulia\\\/#primaryimage\"},\"image\":{\"@id\":\"https:\\\/\\\/urbeamea.ro\\\/albaiulia\\\/cel-mai-mare-festival-dedicat-promovarii-sportului-de-masa-ajunge-la-alba-iulia\\\/#primaryimage\"},\"thumbnailUrl\":\"https:\\\/\\\/urbeamea.ro\\\/albaiulia\\\/wp-content\\\/uploads\\\/2022\\\/05\\\/Bucurie_in_Miscare_Alba_Iulia_2022_1920x1080.jpg\",\"datePublished\":\"2022-05-18T13:51:44+00:00\",\"dateModified\":\"2022-05-19T15:14:12+00:00\",\"author\":{\"@id\":\"https:\\\/\\\/urbeamea.ro\\\/albaiulia\\\/#\\\/schema\\\/person\\\/272ae98052f8ee8980f59848df070247\"},\"description\":\"Evenimentul are loc \u00eentre 21 \u0219i 22 mai, \u00een Latura de Vest a cet\u0103\u021bii Alba Carolina. Accesul \u0219i participarea sunt gratuite Bucurie \u00een Mi\u0219care, cel mai amplu\",\"breadcrumb\":{\"@id\":\"https:\\\/\\\/urbeamea.ro\\\/albaiulia\\\/cel-mai-mare-festival-dedicat-promovarii-sportului-de-masa-ajunge-la-alba-iulia\\\/#breadcrumb\"},\"inLanguage\":\"ro-RO\",\"potentialAction\":[{\"@type\":\"ReadAction\",\"target\":[\"https:\\\/\\\/urbeamea.ro\\\/albaiulia\\\/cel-mai-mare-festival-dedicat-promovarii-sportului-de-masa-ajunge-la-alba-iulia\\\/\"]}]},{\"@type\":\"ImageObject\",\"inLanguage\":\"ro-RO\",\"@id\":\"https:\\\/\\\/urbeamea.ro\\\/albaiulia\\\/cel-mai-mare-festival-dedicat-promovarii-sportului-de-masa-ajunge-la-alba-iulia\\\/#primaryimage\",\"url\":\"https:\\\/\\\/urbeamea.ro\\\/albaiulia\\\/wp-content\\\/uploads\\\/2022\\\/05\\\/Bucurie_in_Miscare_Alba_Iulia_2022_1920x1080.jpg\",\"contentUrl\":\"https:\\\/\\\/urbeamea.ro\\\/albaiulia\\\/wp-content\\\/uploads\\\/2022\\\/05\\\/Bucurie_in_Miscare_Alba_Iulia_2022_1920x1080.jpg\",\"width\":1600,\"height\":900},{\"@type\":\"BreadcrumbList\",\"@id\":\"https:\\\/\\\/urbeamea.ro\\\/albaiulia\\\/cel-mai-mare-festival-dedicat-promovarii-sportului-de-masa-ajunge-la-alba-iulia\\\/#breadcrumb\",\"itemListElement\":[{\"@type\":\"ListItem\",\"position\":1,\"name\":\"Prima pagin\u0103\",\"item\":\"https:\\\/\\\/urbeamea.ro\\\/albaiulia\\\/\"},{\"@type\":\"ListItem\",\"position\":2,\"name\":\"Cel mai mare festival dedicat promov\u0103rii sportului de mas\u0103 ajunge la Alba Iulia\"}]},{\"@type\":\"WebSite\",\"@id\":\"https:\\\/\\\/urbeamea.ro\\\/albaiulia\\\/#website\",\"url\":\"https:\\\/\\\/urbeamea.ro\\\/albaiulia\\\/\",\"name\":\"Revista Urbea Mea, Stiri urbane\",\"description\":\"Evenimente \u0219i \u0219tiri din Alba Iulia, Sebe\u0219, Aiud, Blaj\",\"potentialAction\":[{\"@type\":\"SearchAction\",\"target\":{\"@type\":\"EntryPoint\",\"urlTemplate\":\"https:\\\/\\\/urbeamea.ro\\\/albaiulia\\\/?s={search_term_string}\"},\"query-input\":{\"@type\":\"PropertyValueSpecification\",\"valueRequired\":true,\"valueName\":\"search_term_string\"}}],\"inLanguage\":\"ro-RO\"},{\"@type\":\"Person\",\"@id\":\"https:\\\/\\\/urbeamea.ro\\\/albaiulia\\\/#\\\/schema\\\/person\\\/272ae98052f8ee8980f59848df070247\",\"name\":\"Redac\u021bia UrbeaMea\",\"image\":{\"@type\":\"ImageObject\",\"inLanguage\":\"ro-RO\",\"@id\":\"https:\\\/\\\/secure.gravatar.com\\\/avatar\\\/9ce5a9435071fa1037e8468053ead8e513dbbff59009d3069aadb85506d85a27?s=96&d=mm&r=g\",\"url\":\"https:\\\/\\\/secure.gravatar.com\\\/avatar\\\/9ce5a9435071fa1037e8468053ead8e513dbbff59009d3069aadb85506d85a27?s=96&d=mm&r=g\",\"contentUrl\":\"https:\\\/\\\/secure.gravatar.com\\\/avatar\\\/9ce5a9435071fa1037e8468053ead8e513dbbff59009d3069aadb85506d85a27?s=96&d=mm&r=g\",\"caption\":\"Redac\u021bia UrbeaMea\"},\"description\":\"contact@urbeamea.ro\",\"sameAs\":[\"https:\\\/\\\/www.urbeamea.ro\"],\"url\":\"https:\\\/\\\/urbeamea.ro\\\/albaiulia\\\/author\\\/redactia-urbeamea\\\/\"}]}<\/script>\n<!-- \/ Yoast SEO plugin. -->","yoast_head_json":{"title":"Cel mai mare festival dedicat promov\u0103rii sportului de mas\u0103 ajunge la Alba Iulia - Revista Urbea Mea - Revista de Alba","description":"Evenimentul are loc \u00eentre 21 \u0219i 22 mai, \u00een Latura de Vest a cet\u0103\u021bii Alba Carolina. Accesul \u0219i participarea sunt gratuite Bucurie \u00een Mi\u0219care, cel mai amplu","robots":{"index":"index","follow":"follow","max-snippet":"max-snippet:-1","max-image-preview":"max-image-preview:large","max-video-preview":"max-video-preview:-1"},"canonical":"https:\/\/urbeamea.ro\/albaiulia\/cel-mai-mare-festival-dedicat-promovarii-sportului-de-masa-ajunge-la-alba-iulia\/","twitter_card":"summary_large_image","twitter_title":"Cel mai mare festival dedicat promov\u0103rii sportului de mas\u0103 ajunge la Alba Iulia - Revista Urbea Mea - Revista de Alba","twitter_description":"Evenimentul are loc \u00eentre 21 \u0219i 22 mai, \u00een Latura de Vest a cet\u0103\u021bii Alba Carolina. Accesul \u0219i participarea sunt gratuite Bucurie \u00een Mi\u0219care, cel mai amplu","twitter_image":"https:\/\/urbeamea.ro\/albaiulia\/wp-content\/uploads\/2022\/05\/Bucurie_in_Miscare_Alba_Iulia_2022_1920x1080.jpg","twitter_creator":"@urbeameaweb","twitter_site":"@urbeameaweb","schema":{"@context":"https:\/\/schema.org","@graph":[{"@type":"Article","@id":"https:\/\/urbeamea.ro\/albaiulia\/cel-mai-mare-festival-dedicat-promovarii-sportului-de-masa-ajunge-la-alba-iulia\/#article","isPartOf":{"@id":"https:\/\/urbeamea.ro\/albaiulia\/cel-mai-mare-festival-dedicat-promovarii-sportului-de-masa-ajunge-la-alba-iulia\/"},"author":{"name":"Redac\u021bia UrbeaMea","@id":"https:\/\/urbeamea.ro\/albaiulia\/#\/schema\/person\/272ae98052f8ee8980f59848df070247"},"headline":"Cel mai mare festival dedicat promov\u0103rii sportului de mas\u0103 ajunge la Alba Iulia","datePublished":"2022-05-18T13:51:44+00:00","dateModified":"2022-05-19T15:14:12+00:00","mainEntityOfPage":{"@id":"https:\/\/urbeamea.ro\/albaiulia\/cel-mai-mare-festival-dedicat-promovarii-sportului-de-masa-ajunge-la-alba-iulia\/"},"wordCount":764,"commentCount":0,"image":{"@id":"https:\/\/urbeamea.ro\/albaiulia\/cel-mai-mare-festival-dedicat-promovarii-sportului-de-masa-ajunge-la-alba-iulia\/#primaryimage"},"thumbnailUrl":"https:\/\/urbeamea.ro\/albaiulia\/wp-content\/uploads\/2022\/05\/Bucurie_in_Miscare_Alba_Iulia_2022_1920x1080.jpg","keywords":["bucuria in miscare","cetatea alba carolina"],"articleSection":["Evenimente"],"inLanguage":"ro-RO","potentialAction":[{"@type":"CommentAction","name":"Comment","target":["https:\/\/urbeamea.ro\/albaiulia\/cel-mai-mare-festival-dedicat-promovarii-sportului-de-masa-ajunge-la-alba-iulia\/#respond"]}]},{"@type":"WebPage","@id":"https:\/\/urbeamea.ro\/albaiulia\/cel-mai-mare-festival-dedicat-promovarii-sportului-de-masa-ajunge-la-alba-iulia\/","url":"https:\/\/urbeamea.ro\/albaiulia\/cel-mai-mare-festival-dedicat-promovarii-sportului-de-masa-ajunge-la-alba-iulia\/","name":"Cel mai mare festival dedicat promov\u0103rii sportului de mas\u0103 ajunge la Alba Iulia - Revista Urbea Mea - Revista de Alba","isPartOf":{"@id":"https:\/\/urbeamea.ro\/albaiulia\/#website"},"primaryImageOfPage":{"@id":"https:\/\/urbeamea.ro\/albaiulia\/cel-mai-mare-festival-dedicat-promovarii-sportului-de-masa-ajunge-la-alba-iulia\/#primaryimage"},"image":{"@id":"https:\/\/urbeamea.ro\/albaiulia\/cel-mai-mare-festival-dedicat-promovarii-sportului-de-masa-ajunge-la-alba-iulia\/#primaryimage"},"thumbnailUrl":"https:\/\/urbeamea.ro\/albaiulia\/wp-content\/uploads\/2022\/05\/Bucurie_in_Miscare_Alba_Iulia_2022_1920x1080.jpg","datePublished":"2022-05-18T13:51:44+00:00","dateModified":"2022-05-19T15:14:12+00:00","author":{"@id":"https:\/\/urbeamea.ro\/albaiulia\/#\/schema\/person\/272ae98052f8ee8980f59848df070247"},"description":"Evenimentul are loc \u00eentre 21 \u0219i 22 mai, \u00een Latura de Vest a cet\u0103\u021bii Alba Carolina. Accesul \u0219i participarea sunt gratuite Bucurie \u00een Mi\u0219care, cel mai amplu","breadcrumb":{"@id":"https:\/\/urbeamea.ro\/albaiulia\/cel-mai-mare-festival-dedicat-promovarii-sportului-de-masa-ajunge-la-alba-iulia\/#breadcrumb"},"inLanguage":"ro-RO","potentialAction":[{"@type":"ReadAction","target":["https:\/\/urbeamea.ro\/albaiulia\/cel-mai-mare-festival-dedicat-promovarii-sportului-de-masa-ajunge-la-alba-iulia\/"]}]},{"@type":"ImageObject","inLanguage":"ro-RO","@id":"https:\/\/urbeamea.ro\/albaiulia\/cel-mai-mare-festival-dedicat-promovarii-sportului-de-masa-ajunge-la-alba-iulia\/#primaryimage","url":"https:\/\/urbeamea.ro\/albaiulia\/wp-content\/uploads\/2022\/05\/Bucurie_in_Miscare_Alba_Iulia_2022_1920x1080.jpg","contentUrl":"https:\/\/urbeamea.ro\/albaiulia\/wp-content\/uploads\/2022\/05\/Bucurie_in_Miscare_Alba_Iulia_2022_1920x1080.jpg","width":1600,"height":900},{"@type":"BreadcrumbList","@id":"https:\/\/urbeamea.ro\/albaiulia\/cel-mai-mare-festival-dedicat-promovarii-sportului-de-masa-ajunge-la-alba-iulia\/#breadcrumb","itemListElement":[{"@type":"ListItem","position":1,"name":"Prima pagin\u0103","item":"https:\/\/urbeamea.ro\/albaiulia\/"},{"@type":"ListItem","position":2,"name":"Cel mai mare festival dedicat promov\u0103rii sportului de mas\u0103 ajunge la Alba Iulia"}]},{"@type":"WebSite","@id":"https:\/\/urbeamea.ro\/albaiulia\/#website","url":"https:\/\/urbeamea.ro\/albaiulia\/","name":"Revista Urbea Mea, Stiri urbane","description":"Evenimente \u0219i \u0219tiri din Alba Iulia, Sebe\u0219, Aiud, Blaj","potentialAction":[{"@type":"SearchAction","target":{"@type":"EntryPoint","urlTemplate":"https:\/\/urbeamea.ro\/albaiulia\/?s={search_term_string}"},"query-input":{"@type":"PropertyValueSpecification","valueRequired":true,"valueName":"search_term_string"}}],"inLanguage":"ro-RO"},{"@type":"Person","@id":"https:\/\/urbeamea.ro\/albaiulia\/#\/schema\/person\/272ae98052f8ee8980f59848df070247","name":"Redac\u021bia UrbeaMea","image":{"@type":"ImageObject","inLanguage":"ro-RO","@id":"https:\/\/secure.gravatar.com\/avatar\/9ce5a9435071fa1037e8468053ead8e513dbbff59009d3069aadb85506d85a27?s=96&d=mm&r=g","url":"https:\/\/secure.gravatar.com\/avatar\/9ce5a9435071fa1037e8468053ead8e513dbbff59009d3069aadb85506d85a27?s=96&d=mm&r=g","contentUrl":"https:\/\/secure.gravatar.com\/avatar\/9ce5a9435071fa1037e8468053ead8e513dbbff59009d3069aadb85506d85a27?s=96&d=mm&r=g","caption":"Redac\u021bia UrbeaMea"},"description":"contact@urbeamea.ro","sameAs":["https:\/\/www.urbeamea.ro"],"url":"https:\/\/urbeamea.ro\/albaiulia\/author\/redactia-urbeamea\/"}]}},"_links":{"self":[{"href":"https:\/\/urbeamea.ro\/albaiulia\/wp-json\/wp\/v2\/posts\/101956","targetHints":{"allow":["GET"]}}],"collection":[{"href":"https:\/\/urbeamea.ro\/albaiulia\/wp-json\/wp\/v2\/posts"}],"about":[{"href":"https:\/\/urbeamea.ro\/albaiulia\/wp-json\/wp\/v2\/types\/post"}],"author":[{"embeddable":true,"href":"https:\/\/urbeamea.ro\/albaiulia\/wp-json\/wp\/v2\/users\/16"}],"replies":[{"embeddable":true,"href":"https:\/\/urbeamea.ro\/albaiulia\/wp-json\/wp\/v2\/comments?post=101956"}],"version-history":[{"count":2,"href":"https:\/\/urbeamea.ro\/albaiulia\/wp-json\/wp\/v2\/posts\/101956\/revisions"}],"predecessor-version":[{"id":102000,"href":"https:\/\/urbeamea.ro\/albaiulia\/wp-json\/wp\/v2\/posts\/101956\/revisions\/102000"}],"wp:featuredmedia":[{"embeddable":true,"href":"https:\/\/urbeamea.ro\/albaiulia\/wp-json\/wp\/v2\/media\/101957"}],"wp:attachment":[{"href":"https:\/\/urbeamea.ro\/albaiulia\/wp-json\/wp\/v2\/media?parent=101956"}],"wp:term":[{"taxonomy":"category","embeddable":true,"href":"https:\/\/urbeamea.ro\/albaiulia\/wp-json\/wp\/v2\/categories?post=101956"},{"taxonomy":"post_tag","embeddable":true,"href":"https:\/\/urbeamea.ro\/albaiulia\/wp-json\/wp\/v2\/tags?post=101956"}],"curies":[{"name":"wp","href":"https:\/\/api.w.org\/{rel}","templated":true}]}}