{"id":102027,"date":"2022-05-11T14:26:00","date_gmt":"2022-05-11T11:26:00","guid":{"rendered":"https:\/\/urbeamea.ro\/albaiulia\/?p=102027"},"modified":"2022-05-20T14:29:10","modified_gmt":"2022-05-20T11:29:10","slug":"mobilitate-electrica-solutia-de-viitor-in-zonele-urbane-lectii-europene-invatate-si-transferate-in-regiunea-centru","status":"publish","type":"post","link":"https:\/\/urbeamea.ro\/albaiulia\/mobilitate-electrica-solutia-de-viitor-in-zonele-urbane-lectii-europene-invatate-si-transferate-in-regiunea-centru\/","title":{"rendered":"Mobilitate electric\u0103 \u2013 solu\u021bia de viitor \u00een zonele urbane. Lec\u021bii europene, \u00eenv\u0103\u021bate \u0219i transferate \u00een Regiunea Centru"},"content":{"rendered":"\n<p><strong>Agen\u021bia pentru Dezvoltare Regional\u0103 Centru este \u2013 din luna august 2019 &#8211; membr\u0103 a consor\u021biului care implementeaz\u0103 proiectul E-MOB: \u201dAc\u021biuni integrate pentru cre\u015fterea e-Mobilit\u0103\u0163ii \u00een Regiunile din Europa\u201d, finan\u021bat \u00een cadrul programului Interreg Europe. Consor\u021biul are ca obiectiv \u00eembun\u0103t\u0103\u021birea solu\u021biilor de mobilitate electric\u0103, prin integrarea acestora \u00een sistemele publice de transport a pasagerilor.<\/strong><\/p>\n\n\n\n<p>\u00cen calitate de partener al acestui proiect european, ADR Centru a organizat recent \u00eent\u00e2lnirea <em>Grupului de lucru al proiectului E-MOB. <\/em>\u00cent\u00e2lnirea a avut ca scop, pe de o parte, prezentarea \u015fi consultarea actorilor regionali cu privire la direc\u021biile strategice privind promovarea eco-mobilit\u0103\u021bii urbane multinodale durabile, ca parte a tranzi\u021biei c\u0103tre o economie cu zero emisii de dioxid de carbon, iar pe de alt\u0103 parte de a prezenta exemplele de bune practici care pot fi transferate la nivelul Regiunii Centru.<\/p>\n\n\n\n<p>&nbsp;<em>\u201d\u00cen cadrul \u00eent\u00e2lnirii au fost prezentate celor peste 40 de participan\u021bi exemple de bune practici de la nivel regional \u0219i abordarea propus\u0103 de noi \u00een Programul Opera\u021bional Regional Centru 2021-2027 pentru mobilitatea urban\u0103. S-a pus accent pe exemplele europene de bune practici din cadrul proiectului E-MOB, fiind discutat planul de ac\u021biune pentru \u00eembun\u0103t\u0103\u021birea instrumentelor de politic\u0103 la nivelul regiunii noastre \u00een domeniul mobilit\u0103\u021bii electrice. \u00cen sesiunile de discu\u021bii au fost incluse interven\u021bii ale reprezentan\u021bilor municipiilor \u0219i ora\u0219elor din Regiunea Centru, care au prezentat experien\u021be \u0219i provoc\u0103ri \u00een dezvoltarea urban\u0103 integrat\u0103, plec\u00e2nd de la propriile strategii \u0219i finan\u021b\u0103rile accesate \u00een perioada de programare 2014-2020. \u00cen aceste condi\u021bii, \u00eent\u00e2lnirea de lucru de la Bra\u0219ov a fost foarte util\u0103, cu at\u00e2t mai mult cu c\u00e2t au fost prezentate efectiv solu\u021biile de mobilitate nepoluant\u0103 din acest mare ora\u0219 al Regiunii Centru\u201d<\/em>, a declarat domnul Simion Cre\u021bu, Director General ADR Centru.<\/p>\n\n\n\n<p><strong>Exemple de bune practici transferabile \u00een Regiunea Centru<\/strong><\/p>\n\n\n\n<p>Primul exemplu de bun\u0103 practic\u0103 provine din Austria, regiunea Vorarlberg. \u00cen 2008 autorit\u0103\u021bile locale au decis s\u0103-\u0219i acopere 100% din necesarul de energie din surse regenerabile p\u00e2n\u0103 \u00een 2050, inclusiv \u00eentregul sector al mobilit\u0103\u021bii. <a href=\"https:\/\/www.interregeurope.eu\/good-practices\/vkw-vlotte-creating-charging-solutions-and-charging-infrastructure-for-e-mobility\">Proiectul VLOTTE<\/a> a \u00eenceput cu o finan\u021bare public\u0103-privat\u0103 av\u00e2nd ca obiectiv cheie preg\u0103tirea pie\u021bei pentru vehiculele electrice \u0219i testarea practic\u0103 a tehnologiilor existente pe pia\u021b\u0103. \u00cen primii 2 ani, VLOTTE a introdus 357 de vehicule electrice clien\u021bilor, autorit\u0103\u021bilor publice \u0219i persoanelor private interesate. VLOTTE a instalat \u0219i 139 de sta\u021bii de \u00eenc\u0103rcare publice \u0219i 3 \u00eenc\u0103rc\u0103toare rapide, a construit un sistem fotovoltaic pe suprafa\u021ba de 1400 m\u00b2, pe acoperi\u0219ului noului garaj \u0219i au recondi\u021bionat sta\u021bii de \u00eenc\u0103rcare electrice deja existente.<\/p>\n\n\n\n<p>\u00cen prezent VLOTTE a devenit o ramur\u0103 de afaceri separat\u0103 a societ\u0103\u021bii publice de electrice. \u00cen ultimii 10 ani rezultatele atinse sunt impresionante: peste 4500 de ma\u0219ini electrice \u00een total; peste 16% dintre ma\u0219inile nou \u00eenmatriculate \u00een 2021 au fost ma\u0219ini electrice; operarea a 530 de puncte de \u00eenc\u0103rcare, 76 de \u00eenc\u0103rc\u0103toare rapide \u0219i 10 \u00eenc\u0103rc\u0103toare de mare putere.<\/p>\n\n\n\n<p><a href=\"https:\/\/www.interregeurope.eu\/good-practices\/the-protheus-project\">Proiectul Protheus<\/a> este cel de al doilea exemplu de bun\u0103 practic\u0103. Provine din Ungaria, ora\u0219ul Paks \u0219i are ca obiectiv implementarea un sistem integrat, care s\u0103 controleze fluxul de energie electric\u0103 din capacit\u0103\u021bi de surse electrice regenerabile \u00een func\u021bie de sarcina curent\u0103 pentru alimentarea re\u021belei sau stocarea energiei \u00een baterii. Energia stocat\u0103 poate fi v\u00e2ndut\u0103 \u00een timpul sarcinii de v\u00e2rf sau utilizat\u0103 \u00een transport. Aceasta este o abordare integrat\u0103 care leag\u0103 \u00eempreun\u0103 aspectele privind producerea de electricitate \u0219i utilizarea ei \u00een transport public. Compania care implementeaz\u0103 acest proiect se afl\u0103 \u00een subordinea prim\u0103riei, iar odat\u0103 ce va fi terminat\u0103 infrastructura pentru integrarea re\u021belelor electrice inteligente, prim\u0103ria \u00ee\u0219i propune s\u0103 opereze E-taxis, E-autobuze, sistem de partajare a bicicletelor electrice, E-feribot, E-dube pentru utilizare municipal\u0103, infrastructur\u0103 de \u00eenc\u0103rcare pentru autobuze \u0219i pentru proprietarii de ma\u0219ini private.<\/p>\n\n\n\n<p>Planul de ac\u021biune ce se va implementa \u00een cadrul proiectului E-MOB vizeaz\u0103 adaptarea exemplelor de bune practici \u00een viitoarele programe de finan\u021bare. Instrumentul politic viza pentru a fi \u00eembun\u0103t\u0103\u021bit a fost Programul Opera\u021bional Regional 2014-2020, Axa prioritar\u0103 4 \u2013 Sprijinirea dezvolt\u0103rii urbane durabile, Prioritatea de Investi\u021bii 4.1 Promovarea strategiilor de reducere a emisiilor de dioxid de carbon pentru toate tipurile de teritoriu, in particular zone urbane, inclusiv promovarea planurilor sustenabile de mobilitate urbana si a unor masuri relevante pentru atenuarea adapt\u0103rilor. Pentru c\u0103 programul actual se afl\u0103 \u00eentr-o faz\u0103 de finalizare s-a f\u0103cut trecerea c\u0103tre POR 2021-2027, Prioritatea 4 &#8211; O regiune cu mobilitatea urbana durabil\u0103.<\/p>\n\n\n\n<p><strong>Despre Interreg Europe<\/strong><strong><\/strong><\/p>\n\n\n\n<p>Programul INTERREG EUROPE urm\u0103re\u0219te \u00eembun\u0103t\u0103\u021birea punerii \u00een aplicare a politicilor \u0219i programelor de dezvoltare regional\u0103, \u00een principal a celor care au \u00een vedere investi\u021bii\u00a0 pentru cre\u0219tere economic\u0103 \u0219i a locurilor de munc\u0103 \u0219i, dup\u0103 caz, a celor de cooperare teritorial\u0103 european\u0103, prin promovarea schimbului de experien\u021b\u0103 \u0219i a \u00eenv\u0103\u021b\u0103rii de noi politici de c\u0103tre actorii de interes regional. Pentru perioada 2014-2020, programul a avut un buget total de 359 de milioane de euro, din care 322,4 milioane de euro au fost alocate proiectelor de cooperare interregional\u0103, restul fiind defalcat pentru platforme de \u00eenv\u0103\u021bare de politici publice (15,3 milioane de euro) \u0219i asisten\u021b\u0103 tehnic\u0103 (21,3 milioane de euro). Acest program va continua \u0219i \u00een perioada 2021-2027, sus\u021bin\u00e2nd cooperare interregional\u0103 \u00een Europa.<\/p>\n\n\n\n<figure class=\"wp-block-gallery has-nested-images columns-default is-cropped wp-block-gallery-1 is-layout-flex wp-block-gallery-is-layout-flex\">\n<figure class=\"wp-block-image size-large\"><a href=\"https:\/\/urbeamea.ro\/albaiulia\/wp-content\/uploads\/2022\/05\/Mobilitate-electrica-poza-principala.png\"><img loading=\"lazy\" decoding=\"async\" width=\"1200\" height=\"600\" data-id=\"102030\" src=\"https:\/\/urbeamea.ro\/albaiulia\/wp-content\/uploads\/2022\/05\/Mobilitate-electrica-poza-principala.png\" alt=\"\" class=\"wp-image-102030\" srcset=\"https:\/\/urbeamea.ro\/albaiulia\/wp-content\/uploads\/2022\/05\/Mobilitate-electrica-poza-principala.png 1200w, https:\/\/urbeamea.ro\/albaiulia\/wp-content\/uploads\/2022\/05\/Mobilitate-electrica-poza-principala-640x320.png 640w, https:\/\/urbeamea.ro\/albaiulia\/wp-content\/uploads\/2022\/05\/Mobilitate-electrica-poza-principala-150x75.png 150w, https:\/\/urbeamea.ro\/albaiulia\/wp-content\/uploads\/2022\/05\/Mobilitate-electrica-poza-principala-768x384.png 768w\" sizes=\"auto, (max-width: 1200px) 100vw, 1200px\" \/><\/a><\/figure>\n\n\n\n<figure class=\"wp-block-image size-large\"><a href=\"https:\/\/urbeamea.ro\/albaiulia\/wp-content\/uploads\/2022\/05\/3-1.jpg\"><img loading=\"lazy\" decoding=\"async\" width=\"1599\" height=\"758\" data-id=\"102029\" src=\"https:\/\/urbeamea.ro\/albaiulia\/wp-content\/uploads\/2022\/05\/3-1.jpg\" alt=\"\" class=\"wp-image-102029\" srcset=\"https:\/\/urbeamea.ro\/albaiulia\/wp-content\/uploads\/2022\/05\/3-1.jpg 1599w, https:\/\/urbeamea.ro\/albaiulia\/wp-content\/uploads\/2022\/05\/3-1-640x303.jpg 640w, https:\/\/urbeamea.ro\/albaiulia\/wp-content\/uploads\/2022\/05\/3-1-1280x607.jpg 1280w, https:\/\/urbeamea.ro\/albaiulia\/wp-content\/uploads\/2022\/05\/3-1-150x71.jpg 150w, https:\/\/urbeamea.ro\/albaiulia\/wp-content\/uploads\/2022\/05\/3-1-768x364.jpg 768w, https:\/\/urbeamea.ro\/albaiulia\/wp-content\/uploads\/2022\/05\/3-1-1536x728.jpg 1536w\" sizes=\"auto, (max-width: 1599px) 100vw, 1599px\" \/><\/a><\/figure>\n<\/figure>\n","protected":false},"excerpt":{"rendered":"<p>Agen\u021bia pentru Dezvoltare Regional\u0103 Centru este \u2013 din luna august 2019 &#8211; membr\u0103 a consor\u021biului care implementeaz\u0103 proiectul E-MOB: \u201dAc\u021biuni integrate pentru cre\u015fterea e-Mobilit\u0103\u0163ii \u00een Regiunile din Europa\u201d, finan\u021bat \u00een cadrul programului Interreg Europe. Consor\u021biul are ca obiectiv \u00eembun\u0103t\u0103\u021birea solu\u021biilor de mobilitate electric\u0103, prin integrarea acestora \u00een sistemele publice de transport a pasagerilor. \u00cen calitate &hellip;<\/p>\n","protected":false},"author":5,"featured_media":102028,"comment_status":"open","ping_status":"open","sticky":false,"template":"","format":"standard","meta":{"inline_featured_image":false,"footnotes":""},"categories":[23926],"tags":[343,24259],"class_list":["post-102027","post","type-post","status-publish","format-standard","has-post-thumbnail","hentry","category-actualitate","tag-adr-centru","tag-e-mob"],"yoast_head":"<!-- This site is optimized with the Yoast SEO plugin v27.4 - https:\/\/yoast.com\/product\/yoast-seo-wordpress\/ -->\n<title>Mobilitate electric\u0103 \u2013 solu\u021bia de viitor \u00een zonele urbane. Lec\u021bii europene, \u00eenv\u0103\u021bate \u0219i transferate \u00een Regiunea Centru - Revista Urbea Mea - Revista de Alba<\/title>\n<meta name=\"description\" content=\"Agen\u021bia pentru Dezvoltare Regional\u0103 Centru este \u2013 din luna august 2019 - membr\u0103 a consor\u021biului care implementeaz\u0103 proiectul E-MOB: \u201dAc\u021biuni integrate\" \/>\n<meta name=\"robots\" content=\"index, follow, max-snippet:-1, max-image-preview:large, max-video-preview:-1\" \/>\n<link rel=\"canonical\" href=\"https:\/\/urbeamea.ro\/albaiulia\/mobilitate-electrica-solutia-de-viitor-in-zonele-urbane-lectii-europene-invatate-si-transferate-in-regiunea-centru\/\" \/>\n<meta name=\"twitter:card\" content=\"summary_large_image\" \/>\n<meta name=\"twitter:title\" content=\"Mobilitate electric\u0103 \u2013 solu\u021bia de viitor \u00een zonele urbane. Lec\u021bii europene, \u00eenv\u0103\u021bate \u0219i transferate \u00een Regiunea Centru - Revista Urbea Mea - Revista de Alba\" \/>\n<meta name=\"twitter:description\" content=\"Agen\u021bia pentru Dezvoltare Regional\u0103 Centru este \u2013 din luna august 2019 - membr\u0103 a consor\u021biului care implementeaz\u0103 proiectul E-MOB: \u201dAc\u021biuni integrate\" \/>\n<meta name=\"twitter:image\" content=\"https:\/\/urbeamea.ro\/albaiulia\/wp-content\/uploads\/2022\/05\/1-2.jpg\" \/>\n<meta name=\"twitter:creator\" content=\"@urbeameaweb\" \/>\n<meta name=\"twitter:site\" content=\"@urbeameaweb\" \/>\n<script type=\"application\/ld+json\" class=\"yoast-schema-graph\">{\"@context\":\"https:\\\/\\\/schema.org\",\"@graph\":[{\"@type\":\"Article\",\"@id\":\"https:\\\/\\\/urbeamea.ro\\\/albaiulia\\\/mobilitate-electrica-solutia-de-viitor-in-zonele-urbane-lectii-europene-invatate-si-transferate-in-regiunea-centru\\\/#article\",\"isPartOf\":{\"@id\":\"https:\\\/\\\/urbeamea.ro\\\/albaiulia\\\/mobilitate-electrica-solutia-de-viitor-in-zonele-urbane-lectii-europene-invatate-si-transferate-in-regiunea-centru\\\/\"},\"author\":{\"name\":\"Bogdan P\u0103unescu\",\"@id\":\"https:\\\/\\\/urbeamea.ro\\\/albaiulia\\\/#\\\/schema\\\/person\\\/a115373ce8153754c6b084232d985956\"},\"headline\":\"Mobilitate electric\u0103 \u2013 solu\u021bia de viitor \u00een zonele urbane. Lec\u021bii europene, \u00eenv\u0103\u021bate \u0219i transferate \u00een Regiunea Centru\",\"datePublished\":\"2022-05-11T11:26:00+00:00\",\"dateModified\":\"2022-05-20T11:29:10+00:00\",\"mainEntityOfPage\":{\"@id\":\"https:\\\/\\\/urbeamea.ro\\\/albaiulia\\\/mobilitate-electrica-solutia-de-viitor-in-zonele-urbane-lectii-europene-invatate-si-transferate-in-regiunea-centru\\\/\"},\"wordCount\":916,\"commentCount\":0,\"image\":{\"@id\":\"https:\\\/\\\/urbeamea.ro\\\/albaiulia\\\/mobilitate-electrica-solutia-de-viitor-in-zonele-urbane-lectii-europene-invatate-si-transferate-in-regiunea-centru\\\/#primaryimage\"},\"thumbnailUrl\":\"https:\\\/\\\/urbeamea.ro\\\/albaiulia\\\/wp-content\\\/uploads\\\/2022\\\/05\\\/1-2.jpg\",\"keywords\":[\"ADR Centru\",\"E-mob\"],\"articleSection\":[\"Actualitate\"],\"inLanguage\":\"ro-RO\",\"potentialAction\":[{\"@type\":\"CommentAction\",\"name\":\"Comment\",\"target\":[\"https:\\\/\\\/urbeamea.ro\\\/albaiulia\\\/mobilitate-electrica-solutia-de-viitor-in-zonele-urbane-lectii-europene-invatate-si-transferate-in-regiunea-centru\\\/#respond\"]}]},{\"@type\":\"WebPage\",\"@id\":\"https:\\\/\\\/urbeamea.ro\\\/albaiulia\\\/mobilitate-electrica-solutia-de-viitor-in-zonele-urbane-lectii-europene-invatate-si-transferate-in-regiunea-centru\\\/\",\"url\":\"https:\\\/\\\/urbeamea.ro\\\/albaiulia\\\/mobilitate-electrica-solutia-de-viitor-in-zonele-urbane-lectii-europene-invatate-si-transferate-in-regiunea-centru\\\/\",\"name\":\"Mobilitate electric\u0103 \u2013 solu\u021bia de viitor \u00een zonele urbane. Lec\u021bii europene, \u00eenv\u0103\u021bate \u0219i transferate \u00een Regiunea Centru - Revista Urbea Mea - Revista de Alba\",\"isPartOf\":{\"@id\":\"https:\\\/\\\/urbeamea.ro\\\/albaiulia\\\/#website\"},\"primaryImageOfPage\":{\"@id\":\"https:\\\/\\\/urbeamea.ro\\\/albaiulia\\\/mobilitate-electrica-solutia-de-viitor-in-zonele-urbane-lectii-europene-invatate-si-transferate-in-regiunea-centru\\\/#primaryimage\"},\"image\":{\"@id\":\"https:\\\/\\\/urbeamea.ro\\\/albaiulia\\\/mobilitate-electrica-solutia-de-viitor-in-zonele-urbane-lectii-europene-invatate-si-transferate-in-regiunea-centru\\\/#primaryimage\"},\"thumbnailUrl\":\"https:\\\/\\\/urbeamea.ro\\\/albaiulia\\\/wp-content\\\/uploads\\\/2022\\\/05\\\/1-2.jpg\",\"datePublished\":\"2022-05-11T11:26:00+00:00\",\"dateModified\":\"2022-05-20T11:29:10+00:00\",\"author\":{\"@id\":\"https:\\\/\\\/urbeamea.ro\\\/albaiulia\\\/#\\\/schema\\\/person\\\/a115373ce8153754c6b084232d985956\"},\"description\":\"Agen\u021bia pentru Dezvoltare Regional\u0103 Centru este \u2013 din luna august 2019 - membr\u0103 a consor\u021biului care implementeaz\u0103 proiectul E-MOB: \u201dAc\u021biuni integrate\",\"breadcrumb\":{\"@id\":\"https:\\\/\\\/urbeamea.ro\\\/albaiulia\\\/mobilitate-electrica-solutia-de-viitor-in-zonele-urbane-lectii-europene-invatate-si-transferate-in-regiunea-centru\\\/#breadcrumb\"},\"inLanguage\":\"ro-RO\",\"potentialAction\":[{\"@type\":\"ReadAction\",\"target\":[\"https:\\\/\\\/urbeamea.ro\\\/albaiulia\\\/mobilitate-electrica-solutia-de-viitor-in-zonele-urbane-lectii-europene-invatate-si-transferate-in-regiunea-centru\\\/\"]}]},{\"@type\":\"ImageObject\",\"inLanguage\":\"ro-RO\",\"@id\":\"https:\\\/\\\/urbeamea.ro\\\/albaiulia\\\/mobilitate-electrica-solutia-de-viitor-in-zonele-urbane-lectii-europene-invatate-si-transferate-in-regiunea-centru\\\/#primaryimage\",\"url\":\"https:\\\/\\\/urbeamea.ro\\\/albaiulia\\\/wp-content\\\/uploads\\\/2022\\\/05\\\/1-2.jpg\",\"contentUrl\":\"https:\\\/\\\/urbeamea.ro\\\/albaiulia\\\/wp-content\\\/uploads\\\/2022\\\/05\\\/1-2.jpg\",\"width\":2048,\"height\":970},{\"@type\":\"BreadcrumbList\",\"@id\":\"https:\\\/\\\/urbeamea.ro\\\/albaiulia\\\/mobilitate-electrica-solutia-de-viitor-in-zonele-urbane-lectii-europene-invatate-si-transferate-in-regiunea-centru\\\/#breadcrumb\",\"itemListElement\":[{\"@type\":\"ListItem\",\"position\":1,\"name\":\"Prima pagin\u0103\",\"item\":\"https:\\\/\\\/urbeamea.ro\\\/albaiulia\\\/\"},{\"@type\":\"ListItem\",\"position\":2,\"name\":\"Mobilitate electric\u0103 \u2013 solu\u021bia de viitor \u00een zonele urbane. Lec\u021bii europene, \u00eenv\u0103\u021bate \u0219i transferate \u00een Regiunea Centru\"}]},{\"@type\":\"WebSite\",\"@id\":\"https:\\\/\\\/urbeamea.ro\\\/albaiulia\\\/#website\",\"url\":\"https:\\\/\\\/urbeamea.ro\\\/albaiulia\\\/\",\"name\":\"Revista Urbea Mea, Stiri urbane\",\"description\":\"Evenimente \u0219i \u0219tiri din Alba Iulia, Sebe\u0219, Aiud, Blaj\",\"potentialAction\":[{\"@type\":\"SearchAction\",\"target\":{\"@type\":\"EntryPoint\",\"urlTemplate\":\"https:\\\/\\\/urbeamea.ro\\\/albaiulia\\\/?s={search_term_string}\"},\"query-input\":{\"@type\":\"PropertyValueSpecification\",\"valueRequired\":true,\"valueName\":\"search_term_string\"}}],\"inLanguage\":\"ro-RO\"},{\"@type\":\"Person\",\"@id\":\"https:\\\/\\\/urbeamea.ro\\\/albaiulia\\\/#\\\/schema\\\/person\\\/a115373ce8153754c6b084232d985956\",\"name\":\"Bogdan P\u0103unescu\",\"image\":{\"@type\":\"ImageObject\",\"inLanguage\":\"ro-RO\",\"@id\":\"https:\\\/\\\/secure.gravatar.com\\\/avatar\\\/f72aa881b5a32ea110a53aabc2049429e3ff68fcb09d283722d01fbf330e9dd9?s=96&d=mm&r=g\",\"url\":\"https:\\\/\\\/secure.gravatar.com\\\/avatar\\\/f72aa881b5a32ea110a53aabc2049429e3ff68fcb09d283722d01fbf330e9dd9?s=96&d=mm&r=g\",\"contentUrl\":\"https:\\\/\\\/secure.gravatar.com\\\/avatar\\\/f72aa881b5a32ea110a53aabc2049429e3ff68fcb09d283722d01fbf330e9dd9?s=96&d=mm&r=g\",\"caption\":\"Bogdan P\u0103unescu\"},\"description\":\"\u00cemi place tot ceea ce este legat de web \u015fi ajut la dezvoltarea \u015fi \u00eembun\u0103t\u0103\u0163irea lui prin tot ceea ce fac.\",\"sameAs\":[\"https:\\\/\\\/www.artonmedia.ro\",\"https:\\\/\\\/www.facebook.com\\\/bogdanvpaunescu\"],\"url\":\"https:\\\/\\\/urbeamea.ro\\\/albaiulia\\\/author\\\/bogdan-paunescu\\\/\"}]}<\/script>\n<!-- \/ Yoast SEO plugin. -->","yoast_head_json":{"title":"Mobilitate electric\u0103 \u2013 solu\u021bia de viitor \u00een zonele urbane. Lec\u021bii europene, \u00eenv\u0103\u021bate \u0219i transferate \u00een Regiunea Centru - Revista Urbea Mea - Revista de Alba","description":"Agen\u021bia pentru Dezvoltare Regional\u0103 Centru este \u2013 din luna august 2019 - membr\u0103 a consor\u021biului care implementeaz\u0103 proiectul E-MOB: \u201dAc\u021biuni integrate","robots":{"index":"index","follow":"follow","max-snippet":"max-snippet:-1","max-image-preview":"max-image-preview:large","max-video-preview":"max-video-preview:-1"},"canonical":"https:\/\/urbeamea.ro\/albaiulia\/mobilitate-electrica-solutia-de-viitor-in-zonele-urbane-lectii-europene-invatate-si-transferate-in-regiunea-centru\/","twitter_card":"summary_large_image","twitter_title":"Mobilitate electric\u0103 \u2013 solu\u021bia de viitor \u00een zonele urbane. Lec\u021bii europene, \u00eenv\u0103\u021bate \u0219i transferate \u00een Regiunea Centru - Revista Urbea Mea - Revista de Alba","twitter_description":"Agen\u021bia pentru Dezvoltare Regional\u0103 Centru este \u2013 din luna august 2019 - membr\u0103 a consor\u021biului care implementeaz\u0103 proiectul E-MOB: \u201dAc\u021biuni integrate","twitter_image":"https:\/\/urbeamea.ro\/albaiulia\/wp-content\/uploads\/2022\/05\/1-2.jpg","twitter_creator":"@urbeameaweb","twitter_site":"@urbeameaweb","schema":{"@context":"https:\/\/schema.org","@graph":[{"@type":"Article","@id":"https:\/\/urbeamea.ro\/albaiulia\/mobilitate-electrica-solutia-de-viitor-in-zonele-urbane-lectii-europene-invatate-si-transferate-in-regiunea-centru\/#article","isPartOf":{"@id":"https:\/\/urbeamea.ro\/albaiulia\/mobilitate-electrica-solutia-de-viitor-in-zonele-urbane-lectii-europene-invatate-si-transferate-in-regiunea-centru\/"},"author":{"name":"Bogdan P\u0103unescu","@id":"https:\/\/urbeamea.ro\/albaiulia\/#\/schema\/person\/a115373ce8153754c6b084232d985956"},"headline":"Mobilitate electric\u0103 \u2013 solu\u021bia de viitor \u00een zonele urbane. Lec\u021bii europene, \u00eenv\u0103\u021bate \u0219i transferate \u00een Regiunea Centru","datePublished":"2022-05-11T11:26:00+00:00","dateModified":"2022-05-20T11:29:10+00:00","mainEntityOfPage":{"@id":"https:\/\/urbeamea.ro\/albaiulia\/mobilitate-electrica-solutia-de-viitor-in-zonele-urbane-lectii-europene-invatate-si-transferate-in-regiunea-centru\/"},"wordCount":916,"commentCount":0,"image":{"@id":"https:\/\/urbeamea.ro\/albaiulia\/mobilitate-electrica-solutia-de-viitor-in-zonele-urbane-lectii-europene-invatate-si-transferate-in-regiunea-centru\/#primaryimage"},"thumbnailUrl":"https:\/\/urbeamea.ro\/albaiulia\/wp-content\/uploads\/2022\/05\/1-2.jpg","keywords":["ADR Centru","E-mob"],"articleSection":["Actualitate"],"inLanguage":"ro-RO","potentialAction":[{"@type":"CommentAction","name":"Comment","target":["https:\/\/urbeamea.ro\/albaiulia\/mobilitate-electrica-solutia-de-viitor-in-zonele-urbane-lectii-europene-invatate-si-transferate-in-regiunea-centru\/#respond"]}]},{"@type":"WebPage","@id":"https:\/\/urbeamea.ro\/albaiulia\/mobilitate-electrica-solutia-de-viitor-in-zonele-urbane-lectii-europene-invatate-si-transferate-in-regiunea-centru\/","url":"https:\/\/urbeamea.ro\/albaiulia\/mobilitate-electrica-solutia-de-viitor-in-zonele-urbane-lectii-europene-invatate-si-transferate-in-regiunea-centru\/","name":"Mobilitate electric\u0103 \u2013 solu\u021bia de viitor \u00een zonele urbane. Lec\u021bii europene, \u00eenv\u0103\u021bate \u0219i transferate \u00een Regiunea Centru - Revista Urbea Mea - Revista de Alba","isPartOf":{"@id":"https:\/\/urbeamea.ro\/albaiulia\/#website"},"primaryImageOfPage":{"@id":"https:\/\/urbeamea.ro\/albaiulia\/mobilitate-electrica-solutia-de-viitor-in-zonele-urbane-lectii-europene-invatate-si-transferate-in-regiunea-centru\/#primaryimage"},"image":{"@id":"https:\/\/urbeamea.ro\/albaiulia\/mobilitate-electrica-solutia-de-viitor-in-zonele-urbane-lectii-europene-invatate-si-transferate-in-regiunea-centru\/#primaryimage"},"thumbnailUrl":"https:\/\/urbeamea.ro\/albaiulia\/wp-content\/uploads\/2022\/05\/1-2.jpg","datePublished":"2022-05-11T11:26:00+00:00","dateModified":"2022-05-20T11:29:10+00:00","author":{"@id":"https:\/\/urbeamea.ro\/albaiulia\/#\/schema\/person\/a115373ce8153754c6b084232d985956"},"description":"Agen\u021bia pentru Dezvoltare Regional\u0103 Centru este \u2013 din luna august 2019 - membr\u0103 a consor\u021biului care implementeaz\u0103 proiectul E-MOB: \u201dAc\u021biuni integrate","breadcrumb":{"@id":"https:\/\/urbeamea.ro\/albaiulia\/mobilitate-electrica-solutia-de-viitor-in-zonele-urbane-lectii-europene-invatate-si-transferate-in-regiunea-centru\/#breadcrumb"},"inLanguage":"ro-RO","potentialAction":[{"@type":"ReadAction","target":["https:\/\/urbeamea.ro\/albaiulia\/mobilitate-electrica-solutia-de-viitor-in-zonele-urbane-lectii-europene-invatate-si-transferate-in-regiunea-centru\/"]}]},{"@type":"ImageObject","inLanguage":"ro-RO","@id":"https:\/\/urbeamea.ro\/albaiulia\/mobilitate-electrica-solutia-de-viitor-in-zonele-urbane-lectii-europene-invatate-si-transferate-in-regiunea-centru\/#primaryimage","url":"https:\/\/urbeamea.ro\/albaiulia\/wp-content\/uploads\/2022\/05\/1-2.jpg","contentUrl":"https:\/\/urbeamea.ro\/albaiulia\/wp-content\/uploads\/2022\/05\/1-2.jpg","width":2048,"height":970},{"@type":"BreadcrumbList","@id":"https:\/\/urbeamea.ro\/albaiulia\/mobilitate-electrica-solutia-de-viitor-in-zonele-urbane-lectii-europene-invatate-si-transferate-in-regiunea-centru\/#breadcrumb","itemListElement":[{"@type":"ListItem","position":1,"name":"Prima pagin\u0103","item":"https:\/\/urbeamea.ro\/albaiulia\/"},{"@type":"ListItem","position":2,"name":"Mobilitate electric\u0103 \u2013 solu\u021bia de viitor \u00een zonele urbane. Lec\u021bii europene, \u00eenv\u0103\u021bate \u0219i transferate \u00een Regiunea Centru"}]},{"@type":"WebSite","@id":"https:\/\/urbeamea.ro\/albaiulia\/#website","url":"https:\/\/urbeamea.ro\/albaiulia\/","name":"Revista Urbea Mea, Stiri urbane","description":"Evenimente \u0219i \u0219tiri din Alba Iulia, Sebe\u0219, Aiud, Blaj","potentialAction":[{"@type":"SearchAction","target":{"@type":"EntryPoint","urlTemplate":"https:\/\/urbeamea.ro\/albaiulia\/?s={search_term_string}"},"query-input":{"@type":"PropertyValueSpecification","valueRequired":true,"valueName":"search_term_string"}}],"inLanguage":"ro-RO"},{"@type":"Person","@id":"https:\/\/urbeamea.ro\/albaiulia\/#\/schema\/person\/a115373ce8153754c6b084232d985956","name":"Bogdan P\u0103unescu","image":{"@type":"ImageObject","inLanguage":"ro-RO","@id":"https:\/\/secure.gravatar.com\/avatar\/f72aa881b5a32ea110a53aabc2049429e3ff68fcb09d283722d01fbf330e9dd9?s=96&d=mm&r=g","url":"https:\/\/secure.gravatar.com\/avatar\/f72aa881b5a32ea110a53aabc2049429e3ff68fcb09d283722d01fbf330e9dd9?s=96&d=mm&r=g","contentUrl":"https:\/\/secure.gravatar.com\/avatar\/f72aa881b5a32ea110a53aabc2049429e3ff68fcb09d283722d01fbf330e9dd9?s=96&d=mm&r=g","caption":"Bogdan P\u0103unescu"},"description":"\u00cemi place tot ceea ce este legat de web \u015fi ajut la dezvoltarea \u015fi \u00eembun\u0103t\u0103\u0163irea lui prin tot ceea ce fac.","sameAs":["https:\/\/www.artonmedia.ro","https:\/\/www.facebook.com\/bogdanvpaunescu"],"url":"https:\/\/urbeamea.ro\/albaiulia\/author\/bogdan-paunescu\/"}]}},"_links":{"self":[{"href":"https:\/\/urbeamea.ro\/albaiulia\/wp-json\/wp\/v2\/posts\/102027","targetHints":{"allow":["GET"]}}],"collection":[{"href":"https:\/\/urbeamea.ro\/albaiulia\/wp-json\/wp\/v2\/posts"}],"about":[{"href":"https:\/\/urbeamea.ro\/albaiulia\/wp-json\/wp\/v2\/types\/post"}],"author":[{"embeddable":true,"href":"https:\/\/urbeamea.ro\/albaiulia\/wp-json\/wp\/v2\/users\/5"}],"replies":[{"embeddable":true,"href":"https:\/\/urbeamea.ro\/albaiulia\/wp-json\/wp\/v2\/comments?post=102027"}],"version-history":[{"count":2,"href":"https:\/\/urbeamea.ro\/albaiulia\/wp-json\/wp\/v2\/posts\/102027\/revisions"}],"predecessor-version":[{"id":102032,"href":"https:\/\/urbeamea.ro\/albaiulia\/wp-json\/wp\/v2\/posts\/102027\/revisions\/102032"}],"wp:featuredmedia":[{"embeddable":true,"href":"https:\/\/urbeamea.ro\/albaiulia\/wp-json\/wp\/v2\/media\/102028"}],"wp:attachment":[{"href":"https:\/\/urbeamea.ro\/albaiulia\/wp-json\/wp\/v2\/media?parent=102027"}],"wp:term":[{"taxonomy":"category","embeddable":true,"href":"https:\/\/urbeamea.ro\/albaiulia\/wp-json\/wp\/v2\/categories?post=102027"},{"taxonomy":"post_tag","embeddable":true,"href":"https:\/\/urbeamea.ro\/albaiulia\/wp-json\/wp\/v2\/tags?post=102027"}],"curies":[{"name":"wp","href":"https:\/\/api.w.org\/{rel}","templated":true}]}}