{"id":102065,"date":"2022-05-22T12:19:28","date_gmt":"2022-05-22T09:19:28","guid":{"rendered":"https:\/\/urbeamea.ro\/albaiulia\/?p=102065"},"modified":"2022-05-22T12:19:30","modified_gmt":"2022-05-22T09:19:30","slug":"centrul-de-cultura-augustin-bena-alba-zi-i-bade-cu-fluiera-la-sugag-una-dintre-cele-mai-vechi-serbari-pastorale-din-romania","status":"publish","type":"post","link":"https:\/\/urbeamea.ro\/albaiulia\/centrul-de-cultura-augustin-bena-alba-zi-i-bade-cu-fluiera-la-sugag-una-dintre-cele-mai-vechi-serbari-pastorale-din-romania\/","title":{"rendered":"Centrul de Cultur\u0103 \u201eAugustin Bena\u201d Alba: \u201eZi-i bade cu fluiera\u201d, la \u0218ugag \u2013 una dintre cele mai vechi serb\u0103ri pastorale din Rom\u00e2nia"},"content":{"rendered":"\n<p><strong>21 \u2013 22 mai 2022, una dintre cele mai vechi s\u0103rb\u0103tori pastorale din Rom\u00e2nia, \u201eZi-i bade cu fluiera\u201d, eveniment care a ajuns \u00een acest an la cea de-a 46- a edi\u021bie. Serbarea tradi\u021bional\u0103 a p\u0103storilor de la \u0218ugag va g\u0103zdui \u0219i prima edi\u021bie a \u201eConcursului de interpretare instrumental\u0103 la fluier\u201d<\/strong><\/p>\n\n\n\n<p>Duminic\u0103, 22 mai 2022, este programat\u0103 prima edi\u021bie a Concursului de interpretare instrumental\u0103 la fluier \u201eZi-i bade cu fluiera\u201d, \u00eencep\u00e2nd cu ora 12:00, iar de la ora 13:30 va avea loc un spectacol folcloric sus\u021binut de Grupul tradi\u021bional de fluiera\u0219i \u201eFluiera\u0219ii din \u0218ugag\u201d \u0219i de Fanfara din Jina. La ora 14:00 va \u00eencepe un spectacol extraordinar sus\u021binut de Ansamblul Folcloric al Jude\u021bului Alba (dirijor Alexandru Pal), al\u0103turi de interpre\u021bii Roxana Reche, Nicolae Plut\u0103, Dorina Nari\u021ba, Floricica Moga, urmat apoi de un recital Raluca, Oana \u0219i Adrian Stanca.<\/p>\n\n\n\n<p>Manifest\u0103rile se vor \u00eencheia cu premierea c\u00e2\u0219tig\u0103torilor Concursului de interpretare instrumental\u0103 la fluier \u201eZi-i bade cu fluiera\u201d.<\/p>\n\n\n\n<p>Serbarea pastoral\u0103 \u201eZi-i bade cu fluiera\u201d este organizat\u0103 de Consiliul Jude\u021bean Alba, Prim\u0103ria Comunei \u0218ugag, Centrul de Cultur\u0103 \u201eAugustin Bena\u201d Alba \u0219i Biserica Ortodox\u0103 din \u0218ugag. &nbsp;<\/p>\n","protected":false},"excerpt":{"rendered":"<p>21 \u2013 22 mai 2022, una dintre cele mai vechi s\u0103rb\u0103tori pastorale din Rom\u00e2nia, \u201eZi-i bade cu fluiera\u201d, eveniment care a ajuns \u00een acest an la cea de-a 46- a edi\u021bie. Serbarea tradi\u021bional\u0103 a p\u0103storilor de la \u0218ugag va g\u0103zdui \u0219i prima edi\u021bie a \u201eConcursului de interpretare instrumental\u0103 la fluier\u201d Duminic\u0103, 22 mai 2022, este &hellip;<\/p>\n","protected":false},"author":16,"featured_media":102066,"comment_status":"open","ping_status":"open","sticky":false,"template":"","format":"standard","meta":{"inline_featured_image":false,"footnotes":""},"categories":[4],"tags":[7261,11757],"class_list":["post-102065","post","type-post","status-publish","format-standard","has-post-thumbnail","hentry","category-eveniment","tag-centrul-de-cultura-augustin-bena-alba","tag-zi-i-bade-cu-fluiera"],"yoast_head":"<!-- This site is optimized with the Yoast SEO plugin v27.4 - https:\/\/yoast.com\/product\/yoast-seo-wordpress\/ -->\n<title>Centrul de Cultur\u0103 \u201eAugustin Bena\u201d Alba: \u201eZi-i bade cu fluiera\u201d, la \u0218ugag \u2013 una dintre cele mai vechi serb\u0103ri pastorale din Rom\u00e2nia - Revista Urbea Mea - Revista de Alba<\/title>\n<meta name=\"description\" content=\"21 \u2013 22 mai 2022, una dintre cele mai vechi s\u0103rb\u0103tori pastorale din Rom\u00e2nia, \u201eZi-i bade cu fluiera\u201d, eveniment care a ajuns \u00een acest an la cea de-a 46- a\" \/>\n<meta name=\"robots\" content=\"index, follow, max-snippet:-1, max-image-preview:large, max-video-preview:-1\" \/>\n<link rel=\"canonical\" href=\"https:\/\/urbeamea.ro\/albaiulia\/centrul-de-cultura-augustin-bena-alba-zi-i-bade-cu-fluiera-la-sugag-una-dintre-cele-mai-vechi-serbari-pastorale-din-romania\/\" \/>\n<meta name=\"twitter:card\" content=\"summary_large_image\" \/>\n<meta name=\"twitter:title\" content=\"Centrul de Cultur\u0103 \u201eAugustin Bena\u201d Alba: \u201eZi-i bade cu fluiera\u201d, la \u0218ugag \u2013 una dintre cele mai vechi serb\u0103ri pastorale din Rom\u00e2nia - Revista Urbea Mea - Revista de Alba\" \/>\n<meta name=\"twitter:description\" content=\"21 \u2013 22 mai 2022, una dintre cele mai vechi s\u0103rb\u0103tori pastorale din Rom\u00e2nia, \u201eZi-i bade cu fluiera\u201d, eveniment care a ajuns \u00een acest an la cea de-a 46- a\" \/>\n<meta name=\"twitter:image\" content=\"https:\/\/urbeamea.ro\/albaiulia\/wp-content\/uploads\/2022\/05\/afis-zi-i-bade-cu-fluiera-sugag-2022.jpg\" \/>\n<meta name=\"twitter:creator\" content=\"@urbeameaweb\" \/>\n<meta name=\"twitter:site\" content=\"@urbeameaweb\" \/>\n<script type=\"application\/ld+json\" class=\"yoast-schema-graph\">{\"@context\":\"https:\\\/\\\/schema.org\",\"@graph\":[{\"@type\":\"Article\",\"@id\":\"https:\\\/\\\/urbeamea.ro\\\/albaiulia\\\/centrul-de-cultura-augustin-bena-alba-zi-i-bade-cu-fluiera-la-sugag-una-dintre-cele-mai-vechi-serbari-pastorale-din-romania\\\/#article\",\"isPartOf\":{\"@id\":\"https:\\\/\\\/urbeamea.ro\\\/albaiulia\\\/centrul-de-cultura-augustin-bena-alba-zi-i-bade-cu-fluiera-la-sugag-una-dintre-cele-mai-vechi-serbari-pastorale-din-romania\\\/\"},\"author\":{\"name\":\"Redac\u021bia UrbeaMea\",\"@id\":\"https:\\\/\\\/urbeamea.ro\\\/albaiulia\\\/#\\\/schema\\\/person\\\/272ae98052f8ee8980f59848df070247\"},\"headline\":\"Centrul de Cultur\u0103 \u201eAugustin Bena\u201d Alba: \u201eZi-i bade cu fluiera\u201d, la \u0218ugag \u2013 una dintre cele mai vechi serb\u0103ri pastorale din Rom\u00e2nia\",\"datePublished\":\"2022-05-22T09:19:28+00:00\",\"dateModified\":\"2022-05-22T09:19:30+00:00\",\"mainEntityOfPage\":{\"@id\":\"https:\\\/\\\/urbeamea.ro\\\/albaiulia\\\/centrul-de-cultura-augustin-bena-alba-zi-i-bade-cu-fluiera-la-sugag-una-dintre-cele-mai-vechi-serbari-pastorale-din-romania\\\/\"},\"wordCount\":219,\"commentCount\":0,\"image\":{\"@id\":\"https:\\\/\\\/urbeamea.ro\\\/albaiulia\\\/centrul-de-cultura-augustin-bena-alba-zi-i-bade-cu-fluiera-la-sugag-una-dintre-cele-mai-vechi-serbari-pastorale-din-romania\\\/#primaryimage\"},\"thumbnailUrl\":\"https:\\\/\\\/urbeamea.ro\\\/albaiulia\\\/wp-content\\\/uploads\\\/2022\\\/05\\\/afis-zi-i-bade-cu-fluiera-sugag-2022.jpg\",\"keywords\":[\"centrul de cultura augustin bena alba\",\"Zi-i bade cu fluiera\"],\"articleSection\":[\"Evenimente\"],\"inLanguage\":\"ro-RO\",\"potentialAction\":[{\"@type\":\"CommentAction\",\"name\":\"Comment\",\"target\":[\"https:\\\/\\\/urbeamea.ro\\\/albaiulia\\\/centrul-de-cultura-augustin-bena-alba-zi-i-bade-cu-fluiera-la-sugag-una-dintre-cele-mai-vechi-serbari-pastorale-din-romania\\\/#respond\"]}]},{\"@type\":\"WebPage\",\"@id\":\"https:\\\/\\\/urbeamea.ro\\\/albaiulia\\\/centrul-de-cultura-augustin-bena-alba-zi-i-bade-cu-fluiera-la-sugag-una-dintre-cele-mai-vechi-serbari-pastorale-din-romania\\\/\",\"url\":\"https:\\\/\\\/urbeamea.ro\\\/albaiulia\\\/centrul-de-cultura-augustin-bena-alba-zi-i-bade-cu-fluiera-la-sugag-una-dintre-cele-mai-vechi-serbari-pastorale-din-romania\\\/\",\"name\":\"Centrul de Cultur\u0103 \u201eAugustin Bena\u201d Alba: \u201eZi-i bade cu fluiera\u201d, la \u0218ugag \u2013 una dintre cele mai vechi serb\u0103ri pastorale din Rom\u00e2nia - Revista Urbea Mea - Revista de Alba\",\"isPartOf\":{\"@id\":\"https:\\\/\\\/urbeamea.ro\\\/albaiulia\\\/#website\"},\"primaryImageOfPage\":{\"@id\":\"https:\\\/\\\/urbeamea.ro\\\/albaiulia\\\/centrul-de-cultura-augustin-bena-alba-zi-i-bade-cu-fluiera-la-sugag-una-dintre-cele-mai-vechi-serbari-pastorale-din-romania\\\/#primaryimage\"},\"image\":{\"@id\":\"https:\\\/\\\/urbeamea.ro\\\/albaiulia\\\/centrul-de-cultura-augustin-bena-alba-zi-i-bade-cu-fluiera-la-sugag-una-dintre-cele-mai-vechi-serbari-pastorale-din-romania\\\/#primaryimage\"},\"thumbnailUrl\":\"https:\\\/\\\/urbeamea.ro\\\/albaiulia\\\/wp-content\\\/uploads\\\/2022\\\/05\\\/afis-zi-i-bade-cu-fluiera-sugag-2022.jpg\",\"datePublished\":\"2022-05-22T09:19:28+00:00\",\"dateModified\":\"2022-05-22T09:19:30+00:00\",\"author\":{\"@id\":\"https:\\\/\\\/urbeamea.ro\\\/albaiulia\\\/#\\\/schema\\\/person\\\/272ae98052f8ee8980f59848df070247\"},\"description\":\"21 \u2013 22 mai 2022, una dintre cele mai vechi s\u0103rb\u0103tori pastorale din Rom\u00e2nia, \u201eZi-i bade cu fluiera\u201d, eveniment care a ajuns \u00een acest an la cea de-a 46- a\",\"breadcrumb\":{\"@id\":\"https:\\\/\\\/urbeamea.ro\\\/albaiulia\\\/centrul-de-cultura-augustin-bena-alba-zi-i-bade-cu-fluiera-la-sugag-una-dintre-cele-mai-vechi-serbari-pastorale-din-romania\\\/#breadcrumb\"},\"inLanguage\":\"ro-RO\",\"potentialAction\":[{\"@type\":\"ReadAction\",\"target\":[\"https:\\\/\\\/urbeamea.ro\\\/albaiulia\\\/centrul-de-cultura-augustin-bena-alba-zi-i-bade-cu-fluiera-la-sugag-una-dintre-cele-mai-vechi-serbari-pastorale-din-romania\\\/\"]}]},{\"@type\":\"ImageObject\",\"inLanguage\":\"ro-RO\",\"@id\":\"https:\\\/\\\/urbeamea.ro\\\/albaiulia\\\/centrul-de-cultura-augustin-bena-alba-zi-i-bade-cu-fluiera-la-sugag-una-dintre-cele-mai-vechi-serbari-pastorale-din-romania\\\/#primaryimage\",\"url\":\"https:\\\/\\\/urbeamea.ro\\\/albaiulia\\\/wp-content\\\/uploads\\\/2022\\\/05\\\/afis-zi-i-bade-cu-fluiera-sugag-2022.jpg\",\"contentUrl\":\"https:\\\/\\\/urbeamea.ro\\\/albaiulia\\\/wp-content\\\/uploads\\\/2022\\\/05\\\/afis-zi-i-bade-cu-fluiera-sugag-2022.jpg\",\"width\":1130,\"height\":1600},{\"@type\":\"BreadcrumbList\",\"@id\":\"https:\\\/\\\/urbeamea.ro\\\/albaiulia\\\/centrul-de-cultura-augustin-bena-alba-zi-i-bade-cu-fluiera-la-sugag-una-dintre-cele-mai-vechi-serbari-pastorale-din-romania\\\/#breadcrumb\",\"itemListElement\":[{\"@type\":\"ListItem\",\"position\":1,\"name\":\"Prima pagin\u0103\",\"item\":\"https:\\\/\\\/urbeamea.ro\\\/albaiulia\\\/\"},{\"@type\":\"ListItem\",\"position\":2,\"name\":\"Centrul de Cultur\u0103 \u201eAugustin Bena\u201d Alba: \u201eZi-i bade cu fluiera\u201d, la \u0218ugag \u2013 una dintre cele mai vechi serb\u0103ri pastorale din Rom\u00e2nia\"}]},{\"@type\":\"WebSite\",\"@id\":\"https:\\\/\\\/urbeamea.ro\\\/albaiulia\\\/#website\",\"url\":\"https:\\\/\\\/urbeamea.ro\\\/albaiulia\\\/\",\"name\":\"Revista Urbea Mea, Stiri urbane\",\"description\":\"Evenimente \u0219i \u0219tiri din Alba Iulia, Sebe\u0219, Aiud, Blaj\",\"potentialAction\":[{\"@type\":\"SearchAction\",\"target\":{\"@type\":\"EntryPoint\",\"urlTemplate\":\"https:\\\/\\\/urbeamea.ro\\\/albaiulia\\\/?s={search_term_string}\"},\"query-input\":{\"@type\":\"PropertyValueSpecification\",\"valueRequired\":true,\"valueName\":\"search_term_string\"}}],\"inLanguage\":\"ro-RO\"},{\"@type\":\"Person\",\"@id\":\"https:\\\/\\\/urbeamea.ro\\\/albaiulia\\\/#\\\/schema\\\/person\\\/272ae98052f8ee8980f59848df070247\",\"name\":\"Redac\u021bia UrbeaMea\",\"image\":{\"@type\":\"ImageObject\",\"inLanguage\":\"ro-RO\",\"@id\":\"https:\\\/\\\/secure.gravatar.com\\\/avatar\\\/9ce5a9435071fa1037e8468053ead8e513dbbff59009d3069aadb85506d85a27?s=96&d=mm&r=g\",\"url\":\"https:\\\/\\\/secure.gravatar.com\\\/avatar\\\/9ce5a9435071fa1037e8468053ead8e513dbbff59009d3069aadb85506d85a27?s=96&d=mm&r=g\",\"contentUrl\":\"https:\\\/\\\/secure.gravatar.com\\\/avatar\\\/9ce5a9435071fa1037e8468053ead8e513dbbff59009d3069aadb85506d85a27?s=96&d=mm&r=g\",\"caption\":\"Redac\u021bia UrbeaMea\"},\"description\":\"contact@urbeamea.ro\",\"sameAs\":[\"https:\\\/\\\/www.urbeamea.ro\"],\"url\":\"https:\\\/\\\/urbeamea.ro\\\/albaiulia\\\/author\\\/redactia-urbeamea\\\/\"}]}<\/script>\n<!-- \/ Yoast SEO plugin. -->","yoast_head_json":{"title":"Centrul de Cultur\u0103 \u201eAugustin Bena\u201d Alba: \u201eZi-i bade cu fluiera\u201d, la \u0218ugag \u2013 una dintre cele mai vechi serb\u0103ri pastorale din Rom\u00e2nia - Revista Urbea Mea - Revista de Alba","description":"21 \u2013 22 mai 2022, una dintre cele mai vechi s\u0103rb\u0103tori pastorale din Rom\u00e2nia, \u201eZi-i bade cu fluiera\u201d, eveniment care a ajuns \u00een acest an la cea de-a 46- a","robots":{"index":"index","follow":"follow","max-snippet":"max-snippet:-1","max-image-preview":"max-image-preview:large","max-video-preview":"max-video-preview:-1"},"canonical":"https:\/\/urbeamea.ro\/albaiulia\/centrul-de-cultura-augustin-bena-alba-zi-i-bade-cu-fluiera-la-sugag-una-dintre-cele-mai-vechi-serbari-pastorale-din-romania\/","twitter_card":"summary_large_image","twitter_title":"Centrul de Cultur\u0103 \u201eAugustin Bena\u201d Alba: \u201eZi-i bade cu fluiera\u201d, la \u0218ugag \u2013 una dintre cele mai vechi serb\u0103ri pastorale din Rom\u00e2nia - Revista Urbea Mea - Revista de Alba","twitter_description":"21 \u2013 22 mai 2022, una dintre cele mai vechi s\u0103rb\u0103tori pastorale din Rom\u00e2nia, \u201eZi-i bade cu fluiera\u201d, eveniment care a ajuns \u00een acest an la cea de-a 46- a","twitter_image":"https:\/\/urbeamea.ro\/albaiulia\/wp-content\/uploads\/2022\/05\/afis-zi-i-bade-cu-fluiera-sugag-2022.jpg","twitter_creator":"@urbeameaweb","twitter_site":"@urbeameaweb","schema":{"@context":"https:\/\/schema.org","@graph":[{"@type":"Article","@id":"https:\/\/urbeamea.ro\/albaiulia\/centrul-de-cultura-augustin-bena-alba-zi-i-bade-cu-fluiera-la-sugag-una-dintre-cele-mai-vechi-serbari-pastorale-din-romania\/#article","isPartOf":{"@id":"https:\/\/urbeamea.ro\/albaiulia\/centrul-de-cultura-augustin-bena-alba-zi-i-bade-cu-fluiera-la-sugag-una-dintre-cele-mai-vechi-serbari-pastorale-din-romania\/"},"author":{"name":"Redac\u021bia UrbeaMea","@id":"https:\/\/urbeamea.ro\/albaiulia\/#\/schema\/person\/272ae98052f8ee8980f59848df070247"},"headline":"Centrul de Cultur\u0103 \u201eAugustin Bena\u201d Alba: \u201eZi-i bade cu fluiera\u201d, la \u0218ugag \u2013 una dintre cele mai vechi serb\u0103ri pastorale din Rom\u00e2nia","datePublished":"2022-05-22T09:19:28+00:00","dateModified":"2022-05-22T09:19:30+00:00","mainEntityOfPage":{"@id":"https:\/\/urbeamea.ro\/albaiulia\/centrul-de-cultura-augustin-bena-alba-zi-i-bade-cu-fluiera-la-sugag-una-dintre-cele-mai-vechi-serbari-pastorale-din-romania\/"},"wordCount":219,"commentCount":0,"image":{"@id":"https:\/\/urbeamea.ro\/albaiulia\/centrul-de-cultura-augustin-bena-alba-zi-i-bade-cu-fluiera-la-sugag-una-dintre-cele-mai-vechi-serbari-pastorale-din-romania\/#primaryimage"},"thumbnailUrl":"https:\/\/urbeamea.ro\/albaiulia\/wp-content\/uploads\/2022\/05\/afis-zi-i-bade-cu-fluiera-sugag-2022.jpg","keywords":["centrul de cultura augustin bena alba","Zi-i bade cu fluiera"],"articleSection":["Evenimente"],"inLanguage":"ro-RO","potentialAction":[{"@type":"CommentAction","name":"Comment","target":["https:\/\/urbeamea.ro\/albaiulia\/centrul-de-cultura-augustin-bena-alba-zi-i-bade-cu-fluiera-la-sugag-una-dintre-cele-mai-vechi-serbari-pastorale-din-romania\/#respond"]}]},{"@type":"WebPage","@id":"https:\/\/urbeamea.ro\/albaiulia\/centrul-de-cultura-augustin-bena-alba-zi-i-bade-cu-fluiera-la-sugag-una-dintre-cele-mai-vechi-serbari-pastorale-din-romania\/","url":"https:\/\/urbeamea.ro\/albaiulia\/centrul-de-cultura-augustin-bena-alba-zi-i-bade-cu-fluiera-la-sugag-una-dintre-cele-mai-vechi-serbari-pastorale-din-romania\/","name":"Centrul de Cultur\u0103 \u201eAugustin Bena\u201d Alba: \u201eZi-i bade cu fluiera\u201d, la \u0218ugag \u2013 una dintre cele mai vechi serb\u0103ri pastorale din Rom\u00e2nia - Revista Urbea Mea - Revista de Alba","isPartOf":{"@id":"https:\/\/urbeamea.ro\/albaiulia\/#website"},"primaryImageOfPage":{"@id":"https:\/\/urbeamea.ro\/albaiulia\/centrul-de-cultura-augustin-bena-alba-zi-i-bade-cu-fluiera-la-sugag-una-dintre-cele-mai-vechi-serbari-pastorale-din-romania\/#primaryimage"},"image":{"@id":"https:\/\/urbeamea.ro\/albaiulia\/centrul-de-cultura-augustin-bena-alba-zi-i-bade-cu-fluiera-la-sugag-una-dintre-cele-mai-vechi-serbari-pastorale-din-romania\/#primaryimage"},"thumbnailUrl":"https:\/\/urbeamea.ro\/albaiulia\/wp-content\/uploads\/2022\/05\/afis-zi-i-bade-cu-fluiera-sugag-2022.jpg","datePublished":"2022-05-22T09:19:28+00:00","dateModified":"2022-05-22T09:19:30+00:00","author":{"@id":"https:\/\/urbeamea.ro\/albaiulia\/#\/schema\/person\/272ae98052f8ee8980f59848df070247"},"description":"21 \u2013 22 mai 2022, una dintre cele mai vechi s\u0103rb\u0103tori pastorale din Rom\u00e2nia, \u201eZi-i bade cu fluiera\u201d, eveniment care a ajuns \u00een acest an la cea de-a 46- a","breadcrumb":{"@id":"https:\/\/urbeamea.ro\/albaiulia\/centrul-de-cultura-augustin-bena-alba-zi-i-bade-cu-fluiera-la-sugag-una-dintre-cele-mai-vechi-serbari-pastorale-din-romania\/#breadcrumb"},"inLanguage":"ro-RO","potentialAction":[{"@type":"ReadAction","target":["https:\/\/urbeamea.ro\/albaiulia\/centrul-de-cultura-augustin-bena-alba-zi-i-bade-cu-fluiera-la-sugag-una-dintre-cele-mai-vechi-serbari-pastorale-din-romania\/"]}]},{"@type":"ImageObject","inLanguage":"ro-RO","@id":"https:\/\/urbeamea.ro\/albaiulia\/centrul-de-cultura-augustin-bena-alba-zi-i-bade-cu-fluiera-la-sugag-una-dintre-cele-mai-vechi-serbari-pastorale-din-romania\/#primaryimage","url":"https:\/\/urbeamea.ro\/albaiulia\/wp-content\/uploads\/2022\/05\/afis-zi-i-bade-cu-fluiera-sugag-2022.jpg","contentUrl":"https:\/\/urbeamea.ro\/albaiulia\/wp-content\/uploads\/2022\/05\/afis-zi-i-bade-cu-fluiera-sugag-2022.jpg","width":1130,"height":1600},{"@type":"BreadcrumbList","@id":"https:\/\/urbeamea.ro\/albaiulia\/centrul-de-cultura-augustin-bena-alba-zi-i-bade-cu-fluiera-la-sugag-una-dintre-cele-mai-vechi-serbari-pastorale-din-romania\/#breadcrumb","itemListElement":[{"@type":"ListItem","position":1,"name":"Prima pagin\u0103","item":"https:\/\/urbeamea.ro\/albaiulia\/"},{"@type":"ListItem","position":2,"name":"Centrul de Cultur\u0103 \u201eAugustin Bena\u201d Alba: \u201eZi-i bade cu fluiera\u201d, la \u0218ugag \u2013 una dintre cele mai vechi serb\u0103ri pastorale din Rom\u00e2nia"}]},{"@type":"WebSite","@id":"https:\/\/urbeamea.ro\/albaiulia\/#website","url":"https:\/\/urbeamea.ro\/albaiulia\/","name":"Revista Urbea Mea, Stiri urbane","description":"Evenimente \u0219i \u0219tiri din Alba Iulia, Sebe\u0219, Aiud, Blaj","potentialAction":[{"@type":"SearchAction","target":{"@type":"EntryPoint","urlTemplate":"https:\/\/urbeamea.ro\/albaiulia\/?s={search_term_string}"},"query-input":{"@type":"PropertyValueSpecification","valueRequired":true,"valueName":"search_term_string"}}],"inLanguage":"ro-RO"},{"@type":"Person","@id":"https:\/\/urbeamea.ro\/albaiulia\/#\/schema\/person\/272ae98052f8ee8980f59848df070247","name":"Redac\u021bia UrbeaMea","image":{"@type":"ImageObject","inLanguage":"ro-RO","@id":"https:\/\/secure.gravatar.com\/avatar\/9ce5a9435071fa1037e8468053ead8e513dbbff59009d3069aadb85506d85a27?s=96&d=mm&r=g","url":"https:\/\/secure.gravatar.com\/avatar\/9ce5a9435071fa1037e8468053ead8e513dbbff59009d3069aadb85506d85a27?s=96&d=mm&r=g","contentUrl":"https:\/\/secure.gravatar.com\/avatar\/9ce5a9435071fa1037e8468053ead8e513dbbff59009d3069aadb85506d85a27?s=96&d=mm&r=g","caption":"Redac\u021bia UrbeaMea"},"description":"contact@urbeamea.ro","sameAs":["https:\/\/www.urbeamea.ro"],"url":"https:\/\/urbeamea.ro\/albaiulia\/author\/redactia-urbeamea\/"}]}},"_links":{"self":[{"href":"https:\/\/urbeamea.ro\/albaiulia\/wp-json\/wp\/v2\/posts\/102065","targetHints":{"allow":["GET"]}}],"collection":[{"href":"https:\/\/urbeamea.ro\/albaiulia\/wp-json\/wp\/v2\/posts"}],"about":[{"href":"https:\/\/urbeamea.ro\/albaiulia\/wp-json\/wp\/v2\/types\/post"}],"author":[{"embeddable":true,"href":"https:\/\/urbeamea.ro\/albaiulia\/wp-json\/wp\/v2\/users\/16"}],"replies":[{"embeddable":true,"href":"https:\/\/urbeamea.ro\/albaiulia\/wp-json\/wp\/v2\/comments?post=102065"}],"version-history":[{"count":1,"href":"https:\/\/urbeamea.ro\/albaiulia\/wp-json\/wp\/v2\/posts\/102065\/revisions"}],"predecessor-version":[{"id":102067,"href":"https:\/\/urbeamea.ro\/albaiulia\/wp-json\/wp\/v2\/posts\/102065\/revisions\/102067"}],"wp:featuredmedia":[{"embeddable":true,"href":"https:\/\/urbeamea.ro\/albaiulia\/wp-json\/wp\/v2\/media\/102066"}],"wp:attachment":[{"href":"https:\/\/urbeamea.ro\/albaiulia\/wp-json\/wp\/v2\/media?parent=102065"}],"wp:term":[{"taxonomy":"category","embeddable":true,"href":"https:\/\/urbeamea.ro\/albaiulia\/wp-json\/wp\/v2\/categories?post=102065"},{"taxonomy":"post_tag","embeddable":true,"href":"https:\/\/urbeamea.ro\/albaiulia\/wp-json\/wp\/v2\/tags?post=102065"}],"curies":[{"name":"wp","href":"https:\/\/api.w.org\/{rel}","templated":true}]}}