{"id":102071,"date":"2022-05-22T14:49:47","date_gmt":"2022-05-22T11:49:47","guid":{"rendered":"https:\/\/urbeamea.ro\/albaiulia\/?p=102071"},"modified":"2022-05-22T16:06:00","modified_gmt":"2022-05-22T13:06:00","slug":"final-de-poveste-pentru-festivalul-international-de-teatru-povesti-editia-a-xv-a","status":"publish","type":"post","link":"https:\/\/urbeamea.ro\/albaiulia\/final-de-poveste-pentru-festivalul-international-de-teatru-povesti-editia-a-xv-a\/","title":{"rendered":"Final de poveste pentru Festivalul Interna\u021bional de Teatru \u201ePove\u0219ti\u201d, edi\u021bia a XV-a!"},"content":{"rendered":"\n<p>*Am aflat cine trage sforile \u00een \u00eenv\u0103\u021b\u0103m\u00e2ntul rom\u00e2nesc, e <strong>Marcel Iure\u0219<\/strong>, fra\u021bilor! Dar numai \u00een <strong>ROSTO<\/strong>!<\/p>\n\n\n\n<p>**<strong>MaRO<\/strong>, o surpriz\u0103 pl\u0103cut\u0103 \u00eentr-o zi complicat\u0103 pentru Alba Iulia, privind acceptarea diversit\u0103\u021bii etnice<\/p>\n\n\n\n<p>Asear\u0103 am aflat cine trage sforile \u00een \u00eenv\u0103\u021b\u0103m\u00e2ntul rom\u00e2nesc, e Marcel Iure\u0219, fra\u021bilor, dar numai \u00een <strong>ROSTO<\/strong>, \u0219i doar cu ajutorul lui Dan R\u0103dulescu \u0219i Ionu\u021b Toader, sub bagheta lui Alexandru Dabija! De\u0219i un spectacol manifest la adresa unui sistem de \u00eenv\u0103\u021b\u0103m\u00e2nt disfunc\u021bional \u0219i a unei societ\u0103\u021bi la fel de viciate ca \u00eentotdeauna, nimic nu e prea zgomotos \u00een ROSTO. Cu fiecare sfoar\u0103 tras\u0103, la propriu, pe scen\u0103, am fost martori la activarea verigilor&#8230;maleabile, mai printr-un telefon, mai printr-o \u021bidul\u0103, a\u0219a cum, de altfel, s-au tras \u0219i se trag sforile \u00een toate sistemele societ\u0103\u021bii rom\u00e2ne\u0219ti, de atunci \u0219i acum. Fragmentele din opera lui I.L. Caragiale, \u00eembinate \u0219i adaptate at\u00e2t de fluid, trec de pe scen\u0103 \u00een sal\u0103, g\u00e2dil\u0103 urechile \u201eonoratului auditoriu\u201d, \u00eel amuz\u0103 \u0219i \u00eei dau de g\u00e2ndit, f\u0103r\u0103 s\u0103-l violenteze \u00een vreun fel, f\u0103r\u0103 s\u0103-l \u201ep\u0103lmuiasc\u0103\u201d \u00een sensul de a-l face atunci, pe loc, de ru\u0219ine, tran\u0219\u00e2nd subtil vina colectiv\u0103.<\/p>\n\n\n\n<p>Problematica vinei comune, a continuit\u0103\u021bii unei disfunc\u021bionalit\u0103\u021bi \u00een societatea contemporan\u0103, de aceast\u0103 dat\u0103 privind rela\u021biile interetnice dintre rom\u00e2ni \u0219i maghiari, cu trimitere tot la educa\u021bie, ori, mai degrab\u0103, la lipsa ei, a fost \u0219i subiectul spectacolului <strong>MaRo<\/strong>, al Yorick Studio T\u00e2rgu Mure\u0219. Supriza pl\u0103cut\u0103, din punctul meu de vedere, a edi\u021biei din acest an a Festivalului Interna\u021bional de Teatru \u201ePove\u0219ti\u201d din Alba Iulia. \u0218i ce interesant s-au aliniat astrele, pentru c\u0103 am convingerea ferm\u0103 c\u0103 organizatorii habar nu au avut c\u00e2nd au programat spectacolul c\u0103, fix ieri, 21 mai 2022, la Alba Iulia vor fi prezen\u021bi mii de maghiari, cu pre\u0219edinte cu tot, cu ocazia dezvelirii statuii principelui Gabriel Bethlen, la 400 de ani de c\u00e2nd aceasta \u00eenfiin\u021ba aici Colegiul Academic care i-a purtat numele, a doua institu\u021bie de \u00eenv\u0103\u021b\u0103m\u00e2nt superior din Rom\u00e2nia, la acea dat\u0103. Prin urmare, \u00een vreme ce \u00een Cetate foarte rom\u00e2nii \u00eencercau s\u0103 umbreasc\u0103 evenimentul care nu avea nicio treab\u0103 cu \u0219tirbirea integrit\u0103\u021bii na\u021bionale, ori a memoriei lui Avram Iancu, pe scena Teatrului de p\u0103pu\u0219i \u201ePrichindel\u201d se juca comedia amar\u0103 a rela\u021biilor dintre noi, majoritarii, \u0219i ei, singura minoritate dintre cele care au influen\u021bat \u00een mod pozitiv evolu\u021bia spa\u021biului rom\u00e2nesc, dar pe care nicicum nu o l\u0103s\u0103m \u00een pace. Sa\u0219ii, evreii, au sc\u0103pat mai ieftin, \u201edoar noi am r\u0103mas un spin \u00een coasta majorit\u0103\u021bii\u201d, spunea ieri unul dintre personajele piesei bilingve, cu un text inteligent, pe care a\u0219 propune-o drept vizionare obligatorie \u00een toate \u0219colile din Rom\u00e2nia, la dirigen\u021bie, dac\u0103 la istorie nu e loc! \u0218i s\u0103 nu v\u0103 g\u00e2ndi\u021bi c\u0103 au tras spuza pe oala minorit\u0103\u021bii, deloc! Discriminarea pozitiv\u0103, sindromul persecu\u021biei, complexul de inferioritate, ori extremismul fundamentat pe o disfunc\u021bional\u0103 m\u00e2ndrie etnic\u0103, toate \u0219i altele s-au reg\u0103sit \u00een spectacolul structurat pe runde, ca de box, cu sunet de gong cu tot, ba chiar \u0219i cu animatoarele care trec \u00eentre runde prin \u201ec\u00e2mpul de b\u0103taie\u201d. Am r\u00e2s cu poft\u0103, \u0219i de ei, \u0219i de noi, dar la fel de tare ne-a durut \u0219i prostia noastr\u0103, \u0219i a lor. Piesa arat\u0103 clar, usc\u0103turi sunt \u00een ambele p\u0103duri, dar speran\u021ba vine tot din puterea majorit\u0103\u021bii, format\u0103 din cei care nu ne-am uscat \u0219i refuz\u0103m s\u0103 ne usc\u0103m, rom\u00e2ni \u0219i maghiari deopotriv\u0103, pornind de la educa\u021bie \u0219i p\u00e2n\u0103 la reac\u021bie. Dac\u0103 nu reac\u021bion\u0103m \u00een fa\u021ba elementelor radicalizate din ambele tabere, ne vom amuza \u0219i am\u0103r\u00ee mult\u0103 vreme pe tema rela\u021biilor rom\u00e2no-maghiare \u00een spa\u021biul transilv\u0103nean, iar MaRo va deveni un clasic!<\/p>\n\n\n\n<figure class=\"wp-block-image size-full\"><img loading=\"lazy\" decoding=\"async\" width=\"1000\" height=\"667\" src=\"https:\/\/urbeamea.ro\/albaiulia\/wp-content\/uploads\/2022\/05\/282295709_5045051445602040_4333982821217095441_n.jpg\" alt=\"\" class=\"wp-image-102072\" srcset=\"https:\/\/urbeamea.ro\/albaiulia\/wp-content\/uploads\/2022\/05\/282295709_5045051445602040_4333982821217095441_n.jpg 1000w, https:\/\/urbeamea.ro\/albaiulia\/wp-content\/uploads\/2022\/05\/282295709_5045051445602040_4333982821217095441_n-640x427.jpg 640w, https:\/\/urbeamea.ro\/albaiulia\/wp-content\/uploads\/2022\/05\/282295709_5045051445602040_4333982821217095441_n-150x100.jpg 150w, https:\/\/urbeamea.ro\/albaiulia\/wp-content\/uploads\/2022\/05\/282295709_5045051445602040_4333982821217095441_n-768x512.jpg 768w\" sizes=\"auto, (max-width: 1000px) 100vw, 1000px\" \/><\/figure>\n\n\n\n<p>Final de Festival de Teatrul \u201ePove\u0219ti\u201d la Alba Iulia \u0219i nu pot s\u0103 \u00eemi reprim sentimentul c\u0103 asear\u0103 s-a tras cortina, cumva definitiv, peste un produs, p\u00e2n\u0103 la urm\u0103, de care avem nevoie \u0219i la care am avea dreptul pe tot parcursul anului. Bine, teatrul de anima\u021bie pentru copii este acoperit de Prichindel, nu avem acolo cerere care s\u0103 nu se \u00eent\u00e2lneasc\u0103 cu oferta, dar de la o edi\u021bie la alta, nevoia de teatru dramatic, unul de calitate, nu ne este satisf\u0103cut\u0103. N-avem nici cu cine, casele de cultur\u0103 supravie\u021buiesc \u00eenchiriind spa\u021biile pentru evenimente private \u0219i diverse afaceri care nu au nicio leg\u0103tur\u0103 cu sfera cultural\u0103. N-avem infrastructur\u0103, at\u00e2t a spa\u021biilor, dar mai ales a serviciilor, pentru a crea evenimente \u0219i mai mari, care s\u0103 aduc\u0103 public dinafara jude\u021bului.<\/p>\n\n\n\n<p>Cumva, tot de la Prichindel se anun\u021b\u0103 o speran\u021b\u0103. Spune managerul Ioana Bog\u0103\u021ban c\u0103 preg\u0103te\u0219te, pentru anul viitor, mini stagiuni \u00een fiecare lun\u0103, la care \u00ee\u0219i propune s\u0103 aduc\u0103 spectacole \u201ela cald\u201d, din toat\u0103 \u021bara, premiere de dat\u0103 recent\u0103. Va fi vorba tot despre piese pentru copii dar, a\u0219a cum mi-am b\u0103tut gura vreme de 7 zile, toate au un sens ascuns, unul destinat oamenilor mari, toate fac terapie de familie, prin urmare va fi o ocazie pentru noi s\u0103 sporim infrastructura consumatorilor de teatru, de la mic la mare!<\/p>\n\n\n\n<p>Una peste alta, ne-a prins bine perfuzia asta de 7 zile, cu evenimente de tot felul, spectacole, lans\u0103ri de carte, ateliere, film, concert. Ce mai, a fost atmosfer\u0103 de festival! Mul\u021bumim, Prichindel!<\/p>\n","protected":false},"excerpt":{"rendered":"<p>*Am aflat cine trage sforile \u00een \u00eenv\u0103\u021b\u0103m\u00e2ntul rom\u00e2nesc, e Marcel Iure\u0219, fra\u021bilor! Dar numai \u00een ROSTO! **MaRO, o surpriz\u0103 pl\u0103cut\u0103 \u00eentr-o zi complicat\u0103 pentru Alba Iulia, privind acceptarea diversit\u0103\u021bii etnice Asear\u0103 am aflat cine trage sforile \u00een \u00eenv\u0103\u021b\u0103m\u00e2ntul rom\u00e2nesc, e Marcel Iure\u0219, fra\u021bilor, dar numai \u00een ROSTO, \u0219i doar cu ajutorul lui Dan R\u0103dulescu \u0219i &hellip;<\/p>\n","protected":false},"author":27,"featured_media":102073,"comment_status":"open","ping_status":"open","sticky":false,"template":"","format":"standard","meta":{"inline_featured_image":false,"footnotes":""},"categories":[4],"tags":[17492,7800,24263,24264],"class_list":["post-102071","post","type-post","status-publish","format-standard","has-post-thumbnail","hentry","category-eveniment","tag-festivalul-international-de-teatru-povesti-2","tag-marcel-iures","tag-maro","tag-rosto"],"yoast_head":"<!-- This site is optimized with the Yoast SEO plugin v27.4 - https:\/\/yoast.com\/product\/yoast-seo-wordpress\/ -->\n<title>Final de poveste pentru Festivalul Interna\u021bional de Teatru \u201ePove\u0219ti\u201d, edi\u021bia a XV-a! - Revista Urbea Mea - Revista de Alba<\/title>\n<meta name=\"description\" content=\"*Am aflat cine trage sforile \u00een \u00eenv\u0103\u021b\u0103m\u00e2ntul rom\u00e2nesc, e Marcel Iure\u0219, fra\u021bilor! Dar numai \u00een ROSTO! **MaRO, o surpriz\u0103 pl\u0103cut\u0103 \u00eentr-o zi complicat\u0103\" \/>\n<meta name=\"robots\" content=\"index, follow, max-snippet:-1, max-image-preview:large, max-video-preview:-1\" \/>\n<link rel=\"canonical\" href=\"https:\/\/urbeamea.ro\/albaiulia\/final-de-poveste-pentru-festivalul-international-de-teatru-povesti-editia-a-xv-a\/\" \/>\n<meta name=\"twitter:card\" content=\"summary_large_image\" \/>\n<meta name=\"twitter:title\" content=\"Final de poveste pentru Festivalul Interna\u021bional de Teatru \u201ePove\u0219ti\u201d, edi\u021bia a XV-a! - Revista Urbea Mea - Revista de Alba\" \/>\n<meta name=\"twitter:description\" content=\"*Am aflat cine trage sforile \u00een \u00eenv\u0103\u021b\u0103m\u00e2ntul rom\u00e2nesc, e Marcel Iure\u0219, fra\u021bilor! Dar numai \u00een ROSTO! **MaRO, o surpriz\u0103 pl\u0103cut\u0103 \u00eentr-o zi complicat\u0103\" \/>\n<meta name=\"twitter:image\" content=\"https:\/\/urbeamea.ro\/albaiulia\/wp-content\/uploads\/2022\/05\/ROSTO-Teatrul-Act-Bucuresti-e1652956996302.jpg\" \/>\n<meta name=\"twitter:creator\" content=\"@urbeameaweb\" \/>\n<meta name=\"twitter:site\" content=\"@urbeameaweb\" \/>\n<script type=\"application\/ld+json\" class=\"yoast-schema-graph\">{\"@context\":\"https:\\\/\\\/schema.org\",\"@graph\":[{\"@type\":\"Article\",\"@id\":\"https:\\\/\\\/urbeamea.ro\\\/albaiulia\\\/final-de-poveste-pentru-festivalul-international-de-teatru-povesti-editia-a-xv-a\\\/#article\",\"isPartOf\":{\"@id\":\"https:\\\/\\\/urbeamea.ro\\\/albaiulia\\\/final-de-poveste-pentru-festivalul-international-de-teatru-povesti-editia-a-xv-a\\\/\"},\"author\":{\"name\":\"Stoia Daniela\",\"@id\":\"https:\\\/\\\/urbeamea.ro\\\/albaiulia\\\/#\\\/schema\\\/person\\\/91e3c5a380c685aef9f0295ef6449b3c\"},\"headline\":\"Final de poveste pentru Festivalul Interna\u021bional de Teatru \u201ePove\u0219ti\u201d, edi\u021bia a XV-a!\",\"datePublished\":\"2022-05-22T11:49:47+00:00\",\"dateModified\":\"2022-05-22T13:06:00+00:00\",\"mainEntityOfPage\":{\"@id\":\"https:\\\/\\\/urbeamea.ro\\\/albaiulia\\\/final-de-poveste-pentru-festivalul-international-de-teatru-povesti-editia-a-xv-a\\\/\"},\"wordCount\":960,\"commentCount\":0,\"image\":{\"@id\":\"https:\\\/\\\/urbeamea.ro\\\/albaiulia\\\/final-de-poveste-pentru-festivalul-international-de-teatru-povesti-editia-a-xv-a\\\/#primaryimage\"},\"thumbnailUrl\":\"https:\\\/\\\/urbeamea.ro\\\/albaiulia\\\/wp-content\\\/uploads\\\/2022\\\/05\\\/ROSTO-Teatrul-Act-Bucuresti-e1652956996302.jpg\",\"keywords\":[\"festivalul international de teatru povesti\",\"Marcel Iure\u0219\",\"MaRO\",\"ROSTO\"],\"articleSection\":[\"Evenimente\"],\"inLanguage\":\"ro-RO\",\"potentialAction\":[{\"@type\":\"CommentAction\",\"name\":\"Comment\",\"target\":[\"https:\\\/\\\/urbeamea.ro\\\/albaiulia\\\/final-de-poveste-pentru-festivalul-international-de-teatru-povesti-editia-a-xv-a\\\/#respond\"]}]},{\"@type\":\"WebPage\",\"@id\":\"https:\\\/\\\/urbeamea.ro\\\/albaiulia\\\/final-de-poveste-pentru-festivalul-international-de-teatru-povesti-editia-a-xv-a\\\/\",\"url\":\"https:\\\/\\\/urbeamea.ro\\\/albaiulia\\\/final-de-poveste-pentru-festivalul-international-de-teatru-povesti-editia-a-xv-a\\\/\",\"name\":\"Final de poveste pentru Festivalul Interna\u021bional de Teatru \u201ePove\u0219ti\u201d, edi\u021bia a XV-a! - Revista Urbea Mea - Revista de Alba\",\"isPartOf\":{\"@id\":\"https:\\\/\\\/urbeamea.ro\\\/albaiulia\\\/#website\"},\"primaryImageOfPage\":{\"@id\":\"https:\\\/\\\/urbeamea.ro\\\/albaiulia\\\/final-de-poveste-pentru-festivalul-international-de-teatru-povesti-editia-a-xv-a\\\/#primaryimage\"},\"image\":{\"@id\":\"https:\\\/\\\/urbeamea.ro\\\/albaiulia\\\/final-de-poveste-pentru-festivalul-international-de-teatru-povesti-editia-a-xv-a\\\/#primaryimage\"},\"thumbnailUrl\":\"https:\\\/\\\/urbeamea.ro\\\/albaiulia\\\/wp-content\\\/uploads\\\/2022\\\/05\\\/ROSTO-Teatrul-Act-Bucuresti-e1652956996302.jpg\",\"datePublished\":\"2022-05-22T11:49:47+00:00\",\"dateModified\":\"2022-05-22T13:06:00+00:00\",\"author\":{\"@id\":\"https:\\\/\\\/urbeamea.ro\\\/albaiulia\\\/#\\\/schema\\\/person\\\/91e3c5a380c685aef9f0295ef6449b3c\"},\"description\":\"*Am aflat cine trage sforile \u00een \u00eenv\u0103\u021b\u0103m\u00e2ntul rom\u00e2nesc, e Marcel Iure\u0219, fra\u021bilor! Dar numai \u00een ROSTO! **MaRO, o surpriz\u0103 pl\u0103cut\u0103 \u00eentr-o zi complicat\u0103\",\"breadcrumb\":{\"@id\":\"https:\\\/\\\/urbeamea.ro\\\/albaiulia\\\/final-de-poveste-pentru-festivalul-international-de-teatru-povesti-editia-a-xv-a\\\/#breadcrumb\"},\"inLanguage\":\"ro-RO\",\"potentialAction\":[{\"@type\":\"ReadAction\",\"target\":[\"https:\\\/\\\/urbeamea.ro\\\/albaiulia\\\/final-de-poveste-pentru-festivalul-international-de-teatru-povesti-editia-a-xv-a\\\/\"]}]},{\"@type\":\"ImageObject\",\"inLanguage\":\"ro-RO\",\"@id\":\"https:\\\/\\\/urbeamea.ro\\\/albaiulia\\\/final-de-poveste-pentru-festivalul-international-de-teatru-povesti-editia-a-xv-a\\\/#primaryimage\",\"url\":\"https:\\\/\\\/urbeamea.ro\\\/albaiulia\\\/wp-content\\\/uploads\\\/2022\\\/05\\\/ROSTO-Teatrul-Act-Bucuresti-e1652956996302.jpg\",\"contentUrl\":\"https:\\\/\\\/urbeamea.ro\\\/albaiulia\\\/wp-content\\\/uploads\\\/2022\\\/05\\\/ROSTO-Teatrul-Act-Bucuresti-e1652956996302.jpg\",\"width\":1000,\"height\":697},{\"@type\":\"BreadcrumbList\",\"@id\":\"https:\\\/\\\/urbeamea.ro\\\/albaiulia\\\/final-de-poveste-pentru-festivalul-international-de-teatru-povesti-editia-a-xv-a\\\/#breadcrumb\",\"itemListElement\":[{\"@type\":\"ListItem\",\"position\":1,\"name\":\"Prima pagin\u0103\",\"item\":\"https:\\\/\\\/urbeamea.ro\\\/albaiulia\\\/\"},{\"@type\":\"ListItem\",\"position\":2,\"name\":\"Final de poveste pentru Festivalul Interna\u021bional de Teatru \u201ePove\u0219ti\u201d, edi\u021bia a XV-a!\"}]},{\"@type\":\"WebSite\",\"@id\":\"https:\\\/\\\/urbeamea.ro\\\/albaiulia\\\/#website\",\"url\":\"https:\\\/\\\/urbeamea.ro\\\/albaiulia\\\/\",\"name\":\"Revista Urbea Mea, Stiri urbane\",\"description\":\"Evenimente \u0219i \u0219tiri din Alba Iulia, Sebe\u0219, Aiud, Blaj\",\"potentialAction\":[{\"@type\":\"SearchAction\",\"target\":{\"@type\":\"EntryPoint\",\"urlTemplate\":\"https:\\\/\\\/urbeamea.ro\\\/albaiulia\\\/?s={search_term_string}\"},\"query-input\":{\"@type\":\"PropertyValueSpecification\",\"valueRequired\":true,\"valueName\":\"search_term_string\"}}],\"inLanguage\":\"ro-RO\"},{\"@type\":\"Person\",\"@id\":\"https:\\\/\\\/urbeamea.ro\\\/albaiulia\\\/#\\\/schema\\\/person\\\/91e3c5a380c685aef9f0295ef6449b3c\",\"name\":\"Stoia Daniela\",\"image\":{\"@type\":\"ImageObject\",\"inLanguage\":\"ro-RO\",\"@id\":\"https:\\\/\\\/secure.gravatar.com\\\/avatar\\\/5aaf6eef20c2b497aa6b10eb1d0ea3e79b9229f0518d4c68b0fe81d133d3c8ca?s=96&d=mm&r=g\",\"url\":\"https:\\\/\\\/secure.gravatar.com\\\/avatar\\\/5aaf6eef20c2b497aa6b10eb1d0ea3e79b9229f0518d4c68b0fe81d133d3c8ca?s=96&d=mm&r=g\",\"contentUrl\":\"https:\\\/\\\/secure.gravatar.com\\\/avatar\\\/5aaf6eef20c2b497aa6b10eb1d0ea3e79b9229f0518d4c68b0fe81d133d3c8ca?s=96&d=mm&r=g\",\"caption\":\"Stoia Daniela\"},\"url\":\"https:\\\/\\\/urbeamea.ro\\\/albaiulia\\\/author\\\/daniela-stoia\\\/\"}]}<\/script>\n<!-- \/ Yoast SEO plugin. -->","yoast_head_json":{"title":"Final de poveste pentru Festivalul Interna\u021bional de Teatru \u201ePove\u0219ti\u201d, edi\u021bia a XV-a! - Revista Urbea Mea - Revista de Alba","description":"*Am aflat cine trage sforile \u00een \u00eenv\u0103\u021b\u0103m\u00e2ntul rom\u00e2nesc, e Marcel Iure\u0219, fra\u021bilor! Dar numai \u00een ROSTO! **MaRO, o surpriz\u0103 pl\u0103cut\u0103 \u00eentr-o zi complicat\u0103","robots":{"index":"index","follow":"follow","max-snippet":"max-snippet:-1","max-image-preview":"max-image-preview:large","max-video-preview":"max-video-preview:-1"},"canonical":"https:\/\/urbeamea.ro\/albaiulia\/final-de-poveste-pentru-festivalul-international-de-teatru-povesti-editia-a-xv-a\/","twitter_card":"summary_large_image","twitter_title":"Final de poveste pentru Festivalul Interna\u021bional de Teatru \u201ePove\u0219ti\u201d, edi\u021bia a XV-a! - Revista Urbea Mea - Revista de Alba","twitter_description":"*Am aflat cine trage sforile \u00een \u00eenv\u0103\u021b\u0103m\u00e2ntul rom\u00e2nesc, e Marcel Iure\u0219, fra\u021bilor! Dar numai \u00een ROSTO! **MaRO, o surpriz\u0103 pl\u0103cut\u0103 \u00eentr-o zi complicat\u0103","twitter_image":"https:\/\/urbeamea.ro\/albaiulia\/wp-content\/uploads\/2022\/05\/ROSTO-Teatrul-Act-Bucuresti-e1652956996302.jpg","twitter_creator":"@urbeameaweb","twitter_site":"@urbeameaweb","schema":{"@context":"https:\/\/schema.org","@graph":[{"@type":"Article","@id":"https:\/\/urbeamea.ro\/albaiulia\/final-de-poveste-pentru-festivalul-international-de-teatru-povesti-editia-a-xv-a\/#article","isPartOf":{"@id":"https:\/\/urbeamea.ro\/albaiulia\/final-de-poveste-pentru-festivalul-international-de-teatru-povesti-editia-a-xv-a\/"},"author":{"name":"Stoia Daniela","@id":"https:\/\/urbeamea.ro\/albaiulia\/#\/schema\/person\/91e3c5a380c685aef9f0295ef6449b3c"},"headline":"Final de poveste pentru Festivalul Interna\u021bional de Teatru \u201ePove\u0219ti\u201d, edi\u021bia a XV-a!","datePublished":"2022-05-22T11:49:47+00:00","dateModified":"2022-05-22T13:06:00+00:00","mainEntityOfPage":{"@id":"https:\/\/urbeamea.ro\/albaiulia\/final-de-poveste-pentru-festivalul-international-de-teatru-povesti-editia-a-xv-a\/"},"wordCount":960,"commentCount":0,"image":{"@id":"https:\/\/urbeamea.ro\/albaiulia\/final-de-poveste-pentru-festivalul-international-de-teatru-povesti-editia-a-xv-a\/#primaryimage"},"thumbnailUrl":"https:\/\/urbeamea.ro\/albaiulia\/wp-content\/uploads\/2022\/05\/ROSTO-Teatrul-Act-Bucuresti-e1652956996302.jpg","keywords":["festivalul international de teatru povesti","Marcel Iure\u0219","MaRO","ROSTO"],"articleSection":["Evenimente"],"inLanguage":"ro-RO","potentialAction":[{"@type":"CommentAction","name":"Comment","target":["https:\/\/urbeamea.ro\/albaiulia\/final-de-poveste-pentru-festivalul-international-de-teatru-povesti-editia-a-xv-a\/#respond"]}]},{"@type":"WebPage","@id":"https:\/\/urbeamea.ro\/albaiulia\/final-de-poveste-pentru-festivalul-international-de-teatru-povesti-editia-a-xv-a\/","url":"https:\/\/urbeamea.ro\/albaiulia\/final-de-poveste-pentru-festivalul-international-de-teatru-povesti-editia-a-xv-a\/","name":"Final de poveste pentru Festivalul Interna\u021bional de Teatru \u201ePove\u0219ti\u201d, edi\u021bia a XV-a! - Revista Urbea Mea - Revista de Alba","isPartOf":{"@id":"https:\/\/urbeamea.ro\/albaiulia\/#website"},"primaryImageOfPage":{"@id":"https:\/\/urbeamea.ro\/albaiulia\/final-de-poveste-pentru-festivalul-international-de-teatru-povesti-editia-a-xv-a\/#primaryimage"},"image":{"@id":"https:\/\/urbeamea.ro\/albaiulia\/final-de-poveste-pentru-festivalul-international-de-teatru-povesti-editia-a-xv-a\/#primaryimage"},"thumbnailUrl":"https:\/\/urbeamea.ro\/albaiulia\/wp-content\/uploads\/2022\/05\/ROSTO-Teatrul-Act-Bucuresti-e1652956996302.jpg","datePublished":"2022-05-22T11:49:47+00:00","dateModified":"2022-05-22T13:06:00+00:00","author":{"@id":"https:\/\/urbeamea.ro\/albaiulia\/#\/schema\/person\/91e3c5a380c685aef9f0295ef6449b3c"},"description":"*Am aflat cine trage sforile \u00een \u00eenv\u0103\u021b\u0103m\u00e2ntul rom\u00e2nesc, e Marcel Iure\u0219, fra\u021bilor! Dar numai \u00een ROSTO! **MaRO, o surpriz\u0103 pl\u0103cut\u0103 \u00eentr-o zi complicat\u0103","breadcrumb":{"@id":"https:\/\/urbeamea.ro\/albaiulia\/final-de-poveste-pentru-festivalul-international-de-teatru-povesti-editia-a-xv-a\/#breadcrumb"},"inLanguage":"ro-RO","potentialAction":[{"@type":"ReadAction","target":["https:\/\/urbeamea.ro\/albaiulia\/final-de-poveste-pentru-festivalul-international-de-teatru-povesti-editia-a-xv-a\/"]}]},{"@type":"ImageObject","inLanguage":"ro-RO","@id":"https:\/\/urbeamea.ro\/albaiulia\/final-de-poveste-pentru-festivalul-international-de-teatru-povesti-editia-a-xv-a\/#primaryimage","url":"https:\/\/urbeamea.ro\/albaiulia\/wp-content\/uploads\/2022\/05\/ROSTO-Teatrul-Act-Bucuresti-e1652956996302.jpg","contentUrl":"https:\/\/urbeamea.ro\/albaiulia\/wp-content\/uploads\/2022\/05\/ROSTO-Teatrul-Act-Bucuresti-e1652956996302.jpg","width":1000,"height":697},{"@type":"BreadcrumbList","@id":"https:\/\/urbeamea.ro\/albaiulia\/final-de-poveste-pentru-festivalul-international-de-teatru-povesti-editia-a-xv-a\/#breadcrumb","itemListElement":[{"@type":"ListItem","position":1,"name":"Prima pagin\u0103","item":"https:\/\/urbeamea.ro\/albaiulia\/"},{"@type":"ListItem","position":2,"name":"Final de poveste pentru Festivalul Interna\u021bional de Teatru \u201ePove\u0219ti\u201d, edi\u021bia a XV-a!"}]},{"@type":"WebSite","@id":"https:\/\/urbeamea.ro\/albaiulia\/#website","url":"https:\/\/urbeamea.ro\/albaiulia\/","name":"Revista Urbea Mea, Stiri urbane","description":"Evenimente \u0219i \u0219tiri din Alba Iulia, Sebe\u0219, Aiud, Blaj","potentialAction":[{"@type":"SearchAction","target":{"@type":"EntryPoint","urlTemplate":"https:\/\/urbeamea.ro\/albaiulia\/?s={search_term_string}"},"query-input":{"@type":"PropertyValueSpecification","valueRequired":true,"valueName":"search_term_string"}}],"inLanguage":"ro-RO"},{"@type":"Person","@id":"https:\/\/urbeamea.ro\/albaiulia\/#\/schema\/person\/91e3c5a380c685aef9f0295ef6449b3c","name":"Stoia Daniela","image":{"@type":"ImageObject","inLanguage":"ro-RO","@id":"https:\/\/secure.gravatar.com\/avatar\/5aaf6eef20c2b497aa6b10eb1d0ea3e79b9229f0518d4c68b0fe81d133d3c8ca?s=96&d=mm&r=g","url":"https:\/\/secure.gravatar.com\/avatar\/5aaf6eef20c2b497aa6b10eb1d0ea3e79b9229f0518d4c68b0fe81d133d3c8ca?s=96&d=mm&r=g","contentUrl":"https:\/\/secure.gravatar.com\/avatar\/5aaf6eef20c2b497aa6b10eb1d0ea3e79b9229f0518d4c68b0fe81d133d3c8ca?s=96&d=mm&r=g","caption":"Stoia Daniela"},"url":"https:\/\/urbeamea.ro\/albaiulia\/author\/daniela-stoia\/"}]}},"_links":{"self":[{"href":"https:\/\/urbeamea.ro\/albaiulia\/wp-json\/wp\/v2\/posts\/102071","targetHints":{"allow":["GET"]}}],"collection":[{"href":"https:\/\/urbeamea.ro\/albaiulia\/wp-json\/wp\/v2\/posts"}],"about":[{"href":"https:\/\/urbeamea.ro\/albaiulia\/wp-json\/wp\/v2\/types\/post"}],"author":[{"embeddable":true,"href":"https:\/\/urbeamea.ro\/albaiulia\/wp-json\/wp\/v2\/users\/27"}],"replies":[{"embeddable":true,"href":"https:\/\/urbeamea.ro\/albaiulia\/wp-json\/wp\/v2\/comments?post=102071"}],"version-history":[{"count":1,"href":"https:\/\/urbeamea.ro\/albaiulia\/wp-json\/wp\/v2\/posts\/102071\/revisions"}],"predecessor-version":[{"id":102074,"href":"https:\/\/urbeamea.ro\/albaiulia\/wp-json\/wp\/v2\/posts\/102071\/revisions\/102074"}],"wp:featuredmedia":[{"embeddable":true,"href":"https:\/\/urbeamea.ro\/albaiulia\/wp-json\/wp\/v2\/media\/102073"}],"wp:attachment":[{"href":"https:\/\/urbeamea.ro\/albaiulia\/wp-json\/wp\/v2\/media?parent=102071"}],"wp:term":[{"taxonomy":"category","embeddable":true,"href":"https:\/\/urbeamea.ro\/albaiulia\/wp-json\/wp\/v2\/categories?post=102071"},{"taxonomy":"post_tag","embeddable":true,"href":"https:\/\/urbeamea.ro\/albaiulia\/wp-json\/wp\/v2\/tags?post=102071"}],"curies":[{"name":"wp","href":"https:\/\/api.w.org\/{rel}","templated":true}]}}