{"id":102508,"date":"2022-06-13T10:56:42","date_gmt":"2022-06-13T07:56:42","guid":{"rendered":"https:\/\/urbeamea.ro\/albaiulia\/?p=102508"},"modified":"2022-06-13T10:56:43","modified_gmt":"2022-06-13T07:56:43","slug":"vernisaj-expozitional-tezaur-uman-viu-florin-poenariu-un-iconar-al-lazului-deschis-publicului-in-perioada-15-iunie-31-iulie-2022","status":"publish","type":"post","link":"https:\/\/urbeamea.ro\/albaiulia\/vernisaj-expozitional-tezaur-uman-viu-florin-poenariu-un-iconar-al-lazului-deschis-publicului-in-perioada-15-iunie-31-iulie-2022\/","title":{"rendered":"Vernisaj expozi\u021bional, Tezaur Uman Viu, Florin Poenariu, un iconar al Lazului, deschis publicului \u00een perioada 15 iunie \u2013 31 iulie 2022"},"content":{"rendered":"\n<p><strong>Pictorul Florin Poenariu face parte din neamul Poienarilor, fiind locuitor al satului Laz, din jude\u021bul Alba, faimos centru artistic de iconari, \u00eentemeiat \u00een secolul al XVIII-lea de unul din str\u0103mo\u0219ii s\u0103i, Savu Poienaru. Familia Poienarilor are o tradi\u021bie multisecular\u0103, cu o\u00a0 ne\u00eentrerupt\u0103 activitate p\u00e2n\u0103 \u00een contemporaneitate.<\/strong><\/p>\n\n\n\n<p>Florin Poenariu este un artist consacrat, cunoscut \u0219i recunoscut, apreciat \u0219i admirat at\u00e2t \u00een \u021bar\u0103, c\u00e2t \u0219i \u00een str\u0103in\u0103tate, iar anul 2022 a fost considerat un bun moment pentru elogierea sa, la el acas\u0103.<\/p>\n\n\n\n<p>Pictura sa este fidel\u0103 tradi\u021biei iconarilor din Laz, dar Florin Poenariu este un virtuos, ce \u00eembog\u0103\u021be\u0219te repertoriul iconografic \u0219i decorativ, utiliz\u00e2nd pentru suportul picturii sticla de manufactur\u0103, care d\u0103 lumini neb\u0103nuite, ca \u00een vechile icoane pictate pe sticl\u0103 de gl\u0103j\u0103rie. Compozi\u021biile sunt \u00eencadrate de rame sculptate de iconar cu motive decorative at\u00e2t de caracteristice sculpturii populare \u00een lemn.<\/p>\n\n\n\n<p>Evenimentul de deschidere al expozi\u021biei, va avea loc miercurea viitoare, 15 iunie,&nbsp; de la ora 17.00, la mansarda Cl\u0103dirii Museikon, Alba Iulia, str. Unirii, nr. 3.<\/p>\n","protected":false},"excerpt":{"rendered":"<p>Pictorul Florin Poenariu face parte din neamul Poienarilor, fiind locuitor al satului Laz, din jude\u021bul Alba, faimos centru artistic de iconari, \u00eentemeiat \u00een secolul al XVIII-lea de unul din str\u0103mo\u0219ii s\u0103i, Savu Poienaru. Familia Poienarilor are o tradi\u021bie multisecular\u0103, cu o\u00a0 ne\u00eentrerupt\u0103 activitate p\u00e2n\u0103 \u00een contemporaneitate. Florin Poenariu este un artist consacrat, cunoscut \u0219i recunoscut, &hellip;<\/p>\n","protected":false},"author":16,"featured_media":102509,"comment_status":"open","ping_status":"open","sticky":false,"template":"","format":"standard","meta":{"inline_featured_image":false,"footnotes":""},"categories":[4],"tags":[773,24319],"class_list":["post-102508","post","type-post","status-publish","format-standard","has-post-thumbnail","hentry","category-eveniment","tag-museikon","tag-pictorul-florin-poenariu"],"yoast_head":"<!-- This site is optimized with the Yoast SEO plugin v27.4 - https:\/\/yoast.com\/product\/yoast-seo-wordpress\/ -->\n<title>Vernisaj expozi\u021bional, Tezaur Uman Viu, Florin Poenariu, un iconar al Lazului, deschis publicului \u00een perioada 15 iunie \u2013 31 iulie 2022 - Revista Urbea Mea - Revista de Alba<\/title>\n<meta name=\"description\" content=\"Pictorul Florin Poenariu face parte din neamul Poienarilor, fiind locuitor al satului Laz, din jude\u021bul Alba, faimos centru artistic de iconari, \u00eentemeiat\" \/>\n<meta name=\"robots\" content=\"index, follow, max-snippet:-1, max-image-preview:large, max-video-preview:-1\" \/>\n<link rel=\"canonical\" href=\"https:\/\/urbeamea.ro\/albaiulia\/vernisaj-expozitional-tezaur-uman-viu-florin-poenariu-un-iconar-al-lazului-deschis-publicului-in-perioada-15-iunie-31-iulie-2022\/\" \/>\n<meta name=\"twitter:card\" content=\"summary_large_image\" \/>\n<meta name=\"twitter:title\" content=\"Vernisaj expozi\u021bional, Tezaur Uman Viu, Florin Poenariu, un iconar al Lazului, deschis publicului \u00een perioada 15 iunie \u2013 31 iulie 2022 - Revista Urbea Mea - Revista de Alba\" \/>\n<meta name=\"twitter:description\" content=\"Pictorul Florin Poenariu face parte din neamul Poienarilor, fiind locuitor al satului Laz, din jude\u021bul Alba, faimos centru artistic de iconari, \u00eentemeiat\" \/>\n<meta name=\"twitter:image\" content=\"https:\/\/urbeamea.ro\/albaiulia\/wp-content\/uploads\/2022\/06\/DSC_0058-Edit.jpg\" \/>\n<meta name=\"twitter:creator\" content=\"@urbeameaweb\" \/>\n<meta name=\"twitter:site\" content=\"@urbeameaweb\" \/>\n<script type=\"application\/ld+json\" class=\"yoast-schema-graph\">{\"@context\":\"https:\\\/\\\/schema.org\",\"@graph\":[{\"@type\":\"Article\",\"@id\":\"https:\\\/\\\/urbeamea.ro\\\/albaiulia\\\/vernisaj-expozitional-tezaur-uman-viu-florin-poenariu-un-iconar-al-lazului-deschis-publicului-in-perioada-15-iunie-31-iulie-2022\\\/#article\",\"isPartOf\":{\"@id\":\"https:\\\/\\\/urbeamea.ro\\\/albaiulia\\\/vernisaj-expozitional-tezaur-uman-viu-florin-poenariu-un-iconar-al-lazului-deschis-publicului-in-perioada-15-iunie-31-iulie-2022\\\/\"},\"author\":{\"name\":\"Redac\u021bia UrbeaMea\",\"@id\":\"https:\\\/\\\/urbeamea.ro\\\/albaiulia\\\/#\\\/schema\\\/person\\\/272ae98052f8ee8980f59848df070247\"},\"headline\":\"Vernisaj expozi\u021bional, Tezaur Uman Viu, Florin Poenariu, un iconar al Lazului, deschis publicului \u00een perioada 15 iunie \u2013 31 iulie 2022\",\"datePublished\":\"2022-06-13T07:56:42+00:00\",\"dateModified\":\"2022-06-13T07:56:43+00:00\",\"mainEntityOfPage\":{\"@id\":\"https:\\\/\\\/urbeamea.ro\\\/albaiulia\\\/vernisaj-expozitional-tezaur-uman-viu-florin-poenariu-un-iconar-al-lazului-deschis-publicului-in-perioada-15-iunie-31-iulie-2022\\\/\"},\"wordCount\":201,\"commentCount\":0,\"image\":{\"@id\":\"https:\\\/\\\/urbeamea.ro\\\/albaiulia\\\/vernisaj-expozitional-tezaur-uman-viu-florin-poenariu-un-iconar-al-lazului-deschis-publicului-in-perioada-15-iunie-31-iulie-2022\\\/#primaryimage\"},\"thumbnailUrl\":\"https:\\\/\\\/urbeamea.ro\\\/albaiulia\\\/wp-content\\\/uploads\\\/2022\\\/06\\\/DSC_0058-Edit.jpg\",\"keywords\":[\"museikon\",\"pictorul florin poenariu\"],\"articleSection\":[\"Evenimente\"],\"inLanguage\":\"ro-RO\",\"potentialAction\":[{\"@type\":\"CommentAction\",\"name\":\"Comment\",\"target\":[\"https:\\\/\\\/urbeamea.ro\\\/albaiulia\\\/vernisaj-expozitional-tezaur-uman-viu-florin-poenariu-un-iconar-al-lazului-deschis-publicului-in-perioada-15-iunie-31-iulie-2022\\\/#respond\"]}]},{\"@type\":\"WebPage\",\"@id\":\"https:\\\/\\\/urbeamea.ro\\\/albaiulia\\\/vernisaj-expozitional-tezaur-uman-viu-florin-poenariu-un-iconar-al-lazului-deschis-publicului-in-perioada-15-iunie-31-iulie-2022\\\/\",\"url\":\"https:\\\/\\\/urbeamea.ro\\\/albaiulia\\\/vernisaj-expozitional-tezaur-uman-viu-florin-poenariu-un-iconar-al-lazului-deschis-publicului-in-perioada-15-iunie-31-iulie-2022\\\/\",\"name\":\"Vernisaj expozi\u021bional, Tezaur Uman Viu, Florin Poenariu, un iconar al Lazului, deschis publicului \u00een perioada 15 iunie \u2013 31 iulie 2022 - Revista Urbea Mea - Revista de Alba\",\"isPartOf\":{\"@id\":\"https:\\\/\\\/urbeamea.ro\\\/albaiulia\\\/#website\"},\"primaryImageOfPage\":{\"@id\":\"https:\\\/\\\/urbeamea.ro\\\/albaiulia\\\/vernisaj-expozitional-tezaur-uman-viu-florin-poenariu-un-iconar-al-lazului-deschis-publicului-in-perioada-15-iunie-31-iulie-2022\\\/#primaryimage\"},\"image\":{\"@id\":\"https:\\\/\\\/urbeamea.ro\\\/albaiulia\\\/vernisaj-expozitional-tezaur-uman-viu-florin-poenariu-un-iconar-al-lazului-deschis-publicului-in-perioada-15-iunie-31-iulie-2022\\\/#primaryimage\"},\"thumbnailUrl\":\"https:\\\/\\\/urbeamea.ro\\\/albaiulia\\\/wp-content\\\/uploads\\\/2022\\\/06\\\/DSC_0058-Edit.jpg\",\"datePublished\":\"2022-06-13T07:56:42+00:00\",\"dateModified\":\"2022-06-13T07:56:43+00:00\",\"author\":{\"@id\":\"https:\\\/\\\/urbeamea.ro\\\/albaiulia\\\/#\\\/schema\\\/person\\\/272ae98052f8ee8980f59848df070247\"},\"description\":\"Pictorul Florin Poenariu face parte din neamul Poienarilor, fiind locuitor al satului Laz, din jude\u021bul Alba, faimos centru artistic de iconari, \u00eentemeiat\",\"breadcrumb\":{\"@id\":\"https:\\\/\\\/urbeamea.ro\\\/albaiulia\\\/vernisaj-expozitional-tezaur-uman-viu-florin-poenariu-un-iconar-al-lazului-deschis-publicului-in-perioada-15-iunie-31-iulie-2022\\\/#breadcrumb\"},\"inLanguage\":\"ro-RO\",\"potentialAction\":[{\"@type\":\"ReadAction\",\"target\":[\"https:\\\/\\\/urbeamea.ro\\\/albaiulia\\\/vernisaj-expozitional-tezaur-uman-viu-florin-poenariu-un-iconar-al-lazului-deschis-publicului-in-perioada-15-iunie-31-iulie-2022\\\/\"]}]},{\"@type\":\"ImageObject\",\"inLanguage\":\"ro-RO\",\"@id\":\"https:\\\/\\\/urbeamea.ro\\\/albaiulia\\\/vernisaj-expozitional-tezaur-uman-viu-florin-poenariu-un-iconar-al-lazului-deschis-publicului-in-perioada-15-iunie-31-iulie-2022\\\/#primaryimage\",\"url\":\"https:\\\/\\\/urbeamea.ro\\\/albaiulia\\\/wp-content\\\/uploads\\\/2022\\\/06\\\/DSC_0058-Edit.jpg\",\"contentUrl\":\"https:\\\/\\\/urbeamea.ro\\\/albaiulia\\\/wp-content\\\/uploads\\\/2022\\\/06\\\/DSC_0058-Edit.jpg\",\"width\":1600,\"height\":1068},{\"@type\":\"BreadcrumbList\",\"@id\":\"https:\\\/\\\/urbeamea.ro\\\/albaiulia\\\/vernisaj-expozitional-tezaur-uman-viu-florin-poenariu-un-iconar-al-lazului-deschis-publicului-in-perioada-15-iunie-31-iulie-2022\\\/#breadcrumb\",\"itemListElement\":[{\"@type\":\"ListItem\",\"position\":1,\"name\":\"Prima pagin\u0103\",\"item\":\"https:\\\/\\\/urbeamea.ro\\\/albaiulia\\\/\"},{\"@type\":\"ListItem\",\"position\":2,\"name\":\"Vernisaj expozi\u021bional, Tezaur Uman Viu, Florin Poenariu, un iconar al Lazului, deschis publicului \u00een perioada 15 iunie \u2013 31 iulie 2022\"}]},{\"@type\":\"WebSite\",\"@id\":\"https:\\\/\\\/urbeamea.ro\\\/albaiulia\\\/#website\",\"url\":\"https:\\\/\\\/urbeamea.ro\\\/albaiulia\\\/\",\"name\":\"Revista Urbea Mea, Stiri urbane\",\"description\":\"Evenimente \u0219i \u0219tiri din Alba Iulia, Sebe\u0219, Aiud, Blaj\",\"potentialAction\":[{\"@type\":\"SearchAction\",\"target\":{\"@type\":\"EntryPoint\",\"urlTemplate\":\"https:\\\/\\\/urbeamea.ro\\\/albaiulia\\\/?s={search_term_string}\"},\"query-input\":{\"@type\":\"PropertyValueSpecification\",\"valueRequired\":true,\"valueName\":\"search_term_string\"}}],\"inLanguage\":\"ro-RO\"},{\"@type\":\"Person\",\"@id\":\"https:\\\/\\\/urbeamea.ro\\\/albaiulia\\\/#\\\/schema\\\/person\\\/272ae98052f8ee8980f59848df070247\",\"name\":\"Redac\u021bia UrbeaMea\",\"image\":{\"@type\":\"ImageObject\",\"inLanguage\":\"ro-RO\",\"@id\":\"https:\\\/\\\/secure.gravatar.com\\\/avatar\\\/9ce5a9435071fa1037e8468053ead8e513dbbff59009d3069aadb85506d85a27?s=96&d=mm&r=g\",\"url\":\"https:\\\/\\\/secure.gravatar.com\\\/avatar\\\/9ce5a9435071fa1037e8468053ead8e513dbbff59009d3069aadb85506d85a27?s=96&d=mm&r=g\",\"contentUrl\":\"https:\\\/\\\/secure.gravatar.com\\\/avatar\\\/9ce5a9435071fa1037e8468053ead8e513dbbff59009d3069aadb85506d85a27?s=96&d=mm&r=g\",\"caption\":\"Redac\u021bia UrbeaMea\"},\"description\":\"contact@urbeamea.ro\",\"sameAs\":[\"https:\\\/\\\/www.urbeamea.ro\"],\"url\":\"https:\\\/\\\/urbeamea.ro\\\/albaiulia\\\/author\\\/redactia-urbeamea\\\/\"}]}<\/script>\n<!-- \/ Yoast SEO plugin. -->","yoast_head_json":{"title":"Vernisaj expozi\u021bional, Tezaur Uman Viu, Florin Poenariu, un iconar al Lazului, deschis publicului \u00een perioada 15 iunie \u2013 31 iulie 2022 - Revista Urbea Mea - Revista de Alba","description":"Pictorul Florin Poenariu face parte din neamul Poienarilor, fiind locuitor al satului Laz, din jude\u021bul Alba, faimos centru artistic de iconari, \u00eentemeiat","robots":{"index":"index","follow":"follow","max-snippet":"max-snippet:-1","max-image-preview":"max-image-preview:large","max-video-preview":"max-video-preview:-1"},"canonical":"https:\/\/urbeamea.ro\/albaiulia\/vernisaj-expozitional-tezaur-uman-viu-florin-poenariu-un-iconar-al-lazului-deschis-publicului-in-perioada-15-iunie-31-iulie-2022\/","twitter_card":"summary_large_image","twitter_title":"Vernisaj expozi\u021bional, Tezaur Uman Viu, Florin Poenariu, un iconar al Lazului, deschis publicului \u00een perioada 15 iunie \u2013 31 iulie 2022 - Revista Urbea Mea - Revista de Alba","twitter_description":"Pictorul Florin Poenariu face parte din neamul Poienarilor, fiind locuitor al satului Laz, din jude\u021bul Alba, faimos centru artistic de iconari, \u00eentemeiat","twitter_image":"https:\/\/urbeamea.ro\/albaiulia\/wp-content\/uploads\/2022\/06\/DSC_0058-Edit.jpg","twitter_creator":"@urbeameaweb","twitter_site":"@urbeameaweb","schema":{"@context":"https:\/\/schema.org","@graph":[{"@type":"Article","@id":"https:\/\/urbeamea.ro\/albaiulia\/vernisaj-expozitional-tezaur-uman-viu-florin-poenariu-un-iconar-al-lazului-deschis-publicului-in-perioada-15-iunie-31-iulie-2022\/#article","isPartOf":{"@id":"https:\/\/urbeamea.ro\/albaiulia\/vernisaj-expozitional-tezaur-uman-viu-florin-poenariu-un-iconar-al-lazului-deschis-publicului-in-perioada-15-iunie-31-iulie-2022\/"},"author":{"name":"Redac\u021bia UrbeaMea","@id":"https:\/\/urbeamea.ro\/albaiulia\/#\/schema\/person\/272ae98052f8ee8980f59848df070247"},"headline":"Vernisaj expozi\u021bional, Tezaur Uman Viu, Florin Poenariu, un iconar al Lazului, deschis publicului \u00een perioada 15 iunie \u2013 31 iulie 2022","datePublished":"2022-06-13T07:56:42+00:00","dateModified":"2022-06-13T07:56:43+00:00","mainEntityOfPage":{"@id":"https:\/\/urbeamea.ro\/albaiulia\/vernisaj-expozitional-tezaur-uman-viu-florin-poenariu-un-iconar-al-lazului-deschis-publicului-in-perioada-15-iunie-31-iulie-2022\/"},"wordCount":201,"commentCount":0,"image":{"@id":"https:\/\/urbeamea.ro\/albaiulia\/vernisaj-expozitional-tezaur-uman-viu-florin-poenariu-un-iconar-al-lazului-deschis-publicului-in-perioada-15-iunie-31-iulie-2022\/#primaryimage"},"thumbnailUrl":"https:\/\/urbeamea.ro\/albaiulia\/wp-content\/uploads\/2022\/06\/DSC_0058-Edit.jpg","keywords":["museikon","pictorul florin poenariu"],"articleSection":["Evenimente"],"inLanguage":"ro-RO","potentialAction":[{"@type":"CommentAction","name":"Comment","target":["https:\/\/urbeamea.ro\/albaiulia\/vernisaj-expozitional-tezaur-uman-viu-florin-poenariu-un-iconar-al-lazului-deschis-publicului-in-perioada-15-iunie-31-iulie-2022\/#respond"]}]},{"@type":"WebPage","@id":"https:\/\/urbeamea.ro\/albaiulia\/vernisaj-expozitional-tezaur-uman-viu-florin-poenariu-un-iconar-al-lazului-deschis-publicului-in-perioada-15-iunie-31-iulie-2022\/","url":"https:\/\/urbeamea.ro\/albaiulia\/vernisaj-expozitional-tezaur-uman-viu-florin-poenariu-un-iconar-al-lazului-deschis-publicului-in-perioada-15-iunie-31-iulie-2022\/","name":"Vernisaj expozi\u021bional, Tezaur Uman Viu, Florin Poenariu, un iconar al Lazului, deschis publicului \u00een perioada 15 iunie \u2013 31 iulie 2022 - Revista Urbea Mea - Revista de Alba","isPartOf":{"@id":"https:\/\/urbeamea.ro\/albaiulia\/#website"},"primaryImageOfPage":{"@id":"https:\/\/urbeamea.ro\/albaiulia\/vernisaj-expozitional-tezaur-uman-viu-florin-poenariu-un-iconar-al-lazului-deschis-publicului-in-perioada-15-iunie-31-iulie-2022\/#primaryimage"},"image":{"@id":"https:\/\/urbeamea.ro\/albaiulia\/vernisaj-expozitional-tezaur-uman-viu-florin-poenariu-un-iconar-al-lazului-deschis-publicului-in-perioada-15-iunie-31-iulie-2022\/#primaryimage"},"thumbnailUrl":"https:\/\/urbeamea.ro\/albaiulia\/wp-content\/uploads\/2022\/06\/DSC_0058-Edit.jpg","datePublished":"2022-06-13T07:56:42+00:00","dateModified":"2022-06-13T07:56:43+00:00","author":{"@id":"https:\/\/urbeamea.ro\/albaiulia\/#\/schema\/person\/272ae98052f8ee8980f59848df070247"},"description":"Pictorul Florin Poenariu face parte din neamul Poienarilor, fiind locuitor al satului Laz, din jude\u021bul Alba, faimos centru artistic de iconari, \u00eentemeiat","breadcrumb":{"@id":"https:\/\/urbeamea.ro\/albaiulia\/vernisaj-expozitional-tezaur-uman-viu-florin-poenariu-un-iconar-al-lazului-deschis-publicului-in-perioada-15-iunie-31-iulie-2022\/#breadcrumb"},"inLanguage":"ro-RO","potentialAction":[{"@type":"ReadAction","target":["https:\/\/urbeamea.ro\/albaiulia\/vernisaj-expozitional-tezaur-uman-viu-florin-poenariu-un-iconar-al-lazului-deschis-publicului-in-perioada-15-iunie-31-iulie-2022\/"]}]},{"@type":"ImageObject","inLanguage":"ro-RO","@id":"https:\/\/urbeamea.ro\/albaiulia\/vernisaj-expozitional-tezaur-uman-viu-florin-poenariu-un-iconar-al-lazului-deschis-publicului-in-perioada-15-iunie-31-iulie-2022\/#primaryimage","url":"https:\/\/urbeamea.ro\/albaiulia\/wp-content\/uploads\/2022\/06\/DSC_0058-Edit.jpg","contentUrl":"https:\/\/urbeamea.ro\/albaiulia\/wp-content\/uploads\/2022\/06\/DSC_0058-Edit.jpg","width":1600,"height":1068},{"@type":"BreadcrumbList","@id":"https:\/\/urbeamea.ro\/albaiulia\/vernisaj-expozitional-tezaur-uman-viu-florin-poenariu-un-iconar-al-lazului-deschis-publicului-in-perioada-15-iunie-31-iulie-2022\/#breadcrumb","itemListElement":[{"@type":"ListItem","position":1,"name":"Prima pagin\u0103","item":"https:\/\/urbeamea.ro\/albaiulia\/"},{"@type":"ListItem","position":2,"name":"Vernisaj expozi\u021bional, Tezaur Uman Viu, Florin Poenariu, un iconar al Lazului, deschis publicului \u00een perioada 15 iunie \u2013 31 iulie 2022"}]},{"@type":"WebSite","@id":"https:\/\/urbeamea.ro\/albaiulia\/#website","url":"https:\/\/urbeamea.ro\/albaiulia\/","name":"Revista Urbea Mea, Stiri urbane","description":"Evenimente \u0219i \u0219tiri din Alba Iulia, Sebe\u0219, Aiud, Blaj","potentialAction":[{"@type":"SearchAction","target":{"@type":"EntryPoint","urlTemplate":"https:\/\/urbeamea.ro\/albaiulia\/?s={search_term_string}"},"query-input":{"@type":"PropertyValueSpecification","valueRequired":true,"valueName":"search_term_string"}}],"inLanguage":"ro-RO"},{"@type":"Person","@id":"https:\/\/urbeamea.ro\/albaiulia\/#\/schema\/person\/272ae98052f8ee8980f59848df070247","name":"Redac\u021bia UrbeaMea","image":{"@type":"ImageObject","inLanguage":"ro-RO","@id":"https:\/\/secure.gravatar.com\/avatar\/9ce5a9435071fa1037e8468053ead8e513dbbff59009d3069aadb85506d85a27?s=96&d=mm&r=g","url":"https:\/\/secure.gravatar.com\/avatar\/9ce5a9435071fa1037e8468053ead8e513dbbff59009d3069aadb85506d85a27?s=96&d=mm&r=g","contentUrl":"https:\/\/secure.gravatar.com\/avatar\/9ce5a9435071fa1037e8468053ead8e513dbbff59009d3069aadb85506d85a27?s=96&d=mm&r=g","caption":"Redac\u021bia UrbeaMea"},"description":"contact@urbeamea.ro","sameAs":["https:\/\/www.urbeamea.ro"],"url":"https:\/\/urbeamea.ro\/albaiulia\/author\/redactia-urbeamea\/"}]}},"_links":{"self":[{"href":"https:\/\/urbeamea.ro\/albaiulia\/wp-json\/wp\/v2\/posts\/102508","targetHints":{"allow":["GET"]}}],"collection":[{"href":"https:\/\/urbeamea.ro\/albaiulia\/wp-json\/wp\/v2\/posts"}],"about":[{"href":"https:\/\/urbeamea.ro\/albaiulia\/wp-json\/wp\/v2\/types\/post"}],"author":[{"embeddable":true,"href":"https:\/\/urbeamea.ro\/albaiulia\/wp-json\/wp\/v2\/users\/16"}],"replies":[{"embeddable":true,"href":"https:\/\/urbeamea.ro\/albaiulia\/wp-json\/wp\/v2\/comments?post=102508"}],"version-history":[{"count":1,"href":"https:\/\/urbeamea.ro\/albaiulia\/wp-json\/wp\/v2\/posts\/102508\/revisions"}],"predecessor-version":[{"id":102510,"href":"https:\/\/urbeamea.ro\/albaiulia\/wp-json\/wp\/v2\/posts\/102508\/revisions\/102510"}],"wp:featuredmedia":[{"embeddable":true,"href":"https:\/\/urbeamea.ro\/albaiulia\/wp-json\/wp\/v2\/media\/102509"}],"wp:attachment":[{"href":"https:\/\/urbeamea.ro\/albaiulia\/wp-json\/wp\/v2\/media?parent=102508"}],"wp:term":[{"taxonomy":"category","embeddable":true,"href":"https:\/\/urbeamea.ro\/albaiulia\/wp-json\/wp\/v2\/categories?post=102508"},{"taxonomy":"post_tag","embeddable":true,"href":"https:\/\/urbeamea.ro\/albaiulia\/wp-json\/wp\/v2\/tags?post=102508"}],"curies":[{"name":"wp","href":"https:\/\/api.w.org\/{rel}","templated":true}]}}