{"id":102634,"date":"2022-06-23T12:14:36","date_gmt":"2022-06-23T09:14:36","guid":{"rendered":"https:\/\/urbeamea.ro\/albaiulia\/?p=102634"},"modified":"2022-06-23T12:14:37","modified_gmt":"2022-06-23T09:14:37","slug":"invatamantul-dual-permite-elevilor-inscrisi-la-o-scoala-profesionala-de-stat-sa-si-dezvolte-cunostintele-practice-in-mediul-real-de-lucru-oferit-de-companii","status":"publish","type":"post","link":"https:\/\/urbeamea.ro\/albaiulia\/invatamantul-dual-permite-elevilor-inscrisi-la-o-scoala-profesionala-de-stat-sa-si-dezvolte-cunostintele-practice-in-mediul-real-de-lucru-oferit-de-companii\/","title":{"rendered":"\u00cenv\u0103\u021b\u0103m\u00e2ntul dual permite elevilor \u00eenscri\u0219i la o \u0219coal\u0103 profesional\u0103 de stat s\u0103-\u0219i dezvolte cuno\u0219tin\u021bele practice \u00een mediul real de lucru oferit de companii"},"content":{"rendered":"\n<h3 class=\"wp-block-heading\"><strong>Formarea profesional\u0103 dual\u0103 ofer\u0103 posibilitatea dezvolt\u0103rii competen\u021belor tinerei genera\u021bii, pun\u00e2nd la dispozi\u021bie, \u00een acela\u0219i timp, mijloacele adecvate de formare pentru a deveni profesioni\u0219ti.<\/strong><\/h3>\n\n\n\n<p>\u0218coala dual\u0103 de la Star Transmission \u0219i Star Assembly este o parte semnificativ\u0103 a strategiei de dezvoltare a celor dou\u0103 companii, cu scopul de a asigura viitoarea genera\u021bie de talente. Implicarea companiilor \u00een \u0219coala dual\u0103 dateaz\u0103 din 2013, odat\u0103 cu inaugurarea primei \u0219coli profesionale duale din jude\u021b \u2013 \u0218coala Profesional\u0103 German\u0103 Alba, situat\u0103 \u00eentr-o cl\u0103dire a Colegiului Tehnic &#8222;Alexandru Dom\u0219a&#8221;, oferind specializarea electromecanic utilaje \u0219i instala\u021bii industriale \u0219i ulterior operator CNC. \u00cen 2019, a \u00eenceput colaborarea cu Colegiul Tehnic &#8222;Ion D. L\u0103z\u0103rescu&#8221; Cugir cu acelea\u0219i dou\u0103 specializ\u0103ri, iar din 2021 cu Liceul Tehnologic Sebe\u0219, unde a fost introdus\u0103 o nou\u0103 calificare de operator montator subansamble pentru linii automate.<\/p>\n\n\n\n<p>Star Transmission &amp; Star Assembly g\u0103zduiesc centre de instruire \u00een ambele loca\u021bii, Sebe\u0219 \u0219i Cugir, oferind cele mai bune condi\u021bii de practic\u0103 \u0219i \u00eenv\u0103\u021bare, cu s\u0103li de clas\u0103 \u0219i echipamente moderne (stand electromecanic, stand pneumatic \u0219i hidraulic, ma\u0219ini-unelte controlate numeric). Aici, prin efectuarea de lucr\u0103ri practice sub \u00eendrumarea \u0219i supravegherea unor speciali\u0219ti \u00een domeniu, elevii deprind abilit\u0103\u021bile necesare \u00een meseria de electromecanic, operator CNC \u0219i montator subansamblu pentru linii automate.<\/p>\n\n\n\n<blockquote class=\"wp-block-quote is-layout-flow wp-block-quote-is-layout-flow\"><p>Prin eforturile noastre de formare profesional\u0103, subliniem responsabilitatea social\u0103 \u0219i angajamentul de a contribui la dezvoltarea industriei auto. Suntem m\u00e2ndri s\u0103 oferim aceast\u0103 oportunitate, care se traduce prin perspective de cre\u0219tere \u0219i calificare a for\u021bei de munc\u0103 locale. Sub \u00eendrumarea noastr\u0103, elevii au ocazia s\u0103 descopere munca din spatele Mercedes-Benz, s\u0103 aib\u0103 acces direct la tehnologie \u0219i s\u0103 se formeze al\u0103turi de profesioni\u0219ti.<\/p><cite>Gheorghe Achim, director general Star Transmission<\/cite><\/blockquote>\n\n\n\n<p>O pondere \u00eensemnat\u0103 din timpul efectu\u0103rii perioadei (stagiului) de practic\u0103 al electromecanicilor utilaje \u0219i instala\u021bii industriale se desf\u0103\u0219oar\u0103 \u00een cadrul departamentului de mentenan\u021b\u0103, \u00een timp ce operatorii CNC \u0219i montatorii subansamble \u00ee\u0219i desf\u0103\u0219oar\u0103 activitatea direct \u00een liniile de produc\u021bie, pentru a se adapta condi\u021biilor \u0219i cerin\u021belor viitorului loc de munc\u0103.<\/p>\n\n\n\n<p>\u00cen prezent, Star Transmission \u0219i Star Assembly sus\u021bin 270 de elevi ai \u0219colii duale, care se desf\u0103\u0219oar\u0103 pe o durat\u0103 de 3 ani. Programul poate fi accesat de absolven\u021bii clasei a VIII-a, iar ponderea orelor de preg\u0103tire practic\u0103 \u0219i teoretic\u0103 a fiec\u0103rui an de studiu este urm\u0103toarea:<\/p>\n\n\n\n<ul class=\"wp-block-list\"><li>Anul I de studiu: 20% practic\u0103 \u2013 80% teorie;<\/li><li>Anul II de studiu: 74% practic\u0103 \u2013 26% teorie;<\/li><li>Anul III de studiu: 75% practic\u0103 \u2013 25% teorie.<\/li><\/ul>\n\n\n\n<p><strong>De ce s\u0103 te \u00eenscrii la \u0219coala dual\u0103?<\/strong><\/p>\n\n\n\n<ul class=\"wp-block-list\"><li>descoper\u0103 de la o v\u00e2rst\u0103 fraged\u0103 ce \u00eenseamn\u0103 s\u0103 lucrezi \u00eentr-o companie din industria auto;<\/li><li>accent pe componenta practic\u0103;<\/li><li>burs\u0103 lunar\u0103 \u00een valoare de 400 RON (200 de la companie, 200 de la stat);<\/li><li>transportul \u0219i masa de pr\u00e2nz asigurate pe parcursul \u00eentregii perioade de practic\u0103;<\/li><li>prioritate la angajare dup\u0103 absolvire;<\/li><li>certificat de calificare profesional\u0103 recunoscut \u00een UE;<\/li><li>posibilitatea continu\u0103rii studiilor liceale, \u00een vederea ob\u021binerii diplomei de bacalaureat.<\/li><\/ul>\n\n\n\n<p>Pentru anul \u0219colar 2022-2023, oferta educa\u021bional\u0103 a fost \u00eembog\u0103\u021bit\u0103, fiind astfel disponibile 75 de locuri, dup\u0103 cum urmeaz\u0103:<\/p>\n\n\n\n<ul class=\"wp-block-list\"><li>\u0218coala Profesional\u0103 German\u0103 Alba Iulia &#8211; 25 locuri, electromecanic utilaje \u0219i instala\u021bii industriale;<\/li><li>Colegiul Tehnic &#8222;Ion D. L\u0103z\u0103rescu&#8221; Cugir &#8211; 25 locuri, operator CNC;<\/li><li>Liceul Tehnologic Sebe\u0219 &#8211; 25 de locuri, operator montator subansamble.<\/li><\/ul>\n\n\n\n<p><strong>\u00censcriere:<\/strong><br><strong>4-8 iulie:<\/strong>&nbsp;Etapa I de admitere \u00een \u00eenv\u0103\u021b\u0103m\u00e2ntul dual.<br><strong>8 iulie<\/strong><strong>:<\/strong> Afi\u0219area listei candida\u021bilor \u00eenscri\u0219i la \u00eenv\u0103\u021b\u0103m\u00e2ntul dual.<br><br><strong>26-28 iulie:<\/strong> Etapa a II-a de admitere \u00een \u00eenv\u0103\u021b\u0103m\u00e2ntul dual.<br><strong>28 iulie<\/strong>: Afi\u0219area listei candida\u021bilor \u00eenscri\u0219i la \u00eenv\u0103\u021b\u0103m\u00e2ntul dual.<strong><\/strong><\/p>\n\n\n\n<blockquote class=\"wp-block-quote is-layout-flow wp-block-quote-is-layout-flow\"><p>Prin strategia noastr\u0103 de formare profesional\u0103, deja \u00eei implic\u0103m \u00een activitate pe colegii no\u0219tri cei mai tineri, subliniind contribu\u021bia fiec\u0103ruia la succesul comun. Sprijinim orientarea noastr\u0103 strategic\u0103 prin preg\u0103tirea viitorilor profesioni\u0219ti \u0219i calificarea acestora \u00eentr-un mod adecvat. Oferim preg\u0103tire adaptat\u0103 nevoilor companiei \u0219i calific\u0103m elevii \u00een func\u021bie de cerin\u021bele opera\u021bionale. La absolvire, au prioritate la angajare pe postul pentru care s-au preg\u0103tit. <\/p><cite>Frank Streicher, director general Star Assembly<\/cite><\/blockquote>\n\n\n\n<p>Afl\u0103 mai multe detalii despre program acces\u00e2nd pagina: <a href=\"http:\/\/www.stcu.ro\/elevi\" target=\"_blank\" rel=\"noreferrer noopener\">www.stcu.ro\/elevi<\/a> sau contacteaz\u0103-ne la adresa: <a href=\"mailto:scoala_duala@daimler.com\" target=\"_blank\" rel=\"noreferrer noopener\">scoala_duala@daimler.com<\/a>.<\/p>\n\n\n\n<p>\u00cencepe cu dreptul, al\u0103turi de profesioni\u0219tii Mercedes-Benz Group AG!<\/p>\n\n\n\n<p><strong>Despre Star Transmission \u0219i Star Assembly<\/strong><\/p>\n\n\n\n<p>Loca\u021biile de produc\u021bie din Romania, respectiv compania Star Transmission cu sediul \u00een Cugir \u0219i compania Star Assembly cu loca\u021bia \u00een Sebe\u0219, sunt subsidiare de\u021binute integral de Mercedes-Benz Group AG. Ambele sunt parte important\u0103 a re\u021belei globale de produc\u021bie powertrain Mercedes-Benz autoturisme.<\/p>\n\n\n\n<p>La Sebe\u0219 sunt asamblate transmisii pentru Mercedes-Benz.<\/p>\n\n\n\n<p>Loca\u021bia Cugir g\u0103zduie\u0219te produc\u021bia de ro\u021bi, axe, \u021bevi de \u00eenalt\u0103 presiune \u0219i componente prelucrate mecanic pentru motoare, transmisii \u0219i sisteme de direc\u021bie, precum \u0219i un centru tehnologic unde sunt produse, printre altele, prototipuri.<\/p>\n\n\n\n<p>Cu sprijinul guvernului rom\u00e2n, Star Transmission este una dintre primele companii rom\u00e2ne\u0219ti care ofer\u0103 un sistem de \u00eenv\u0103\u021b\u0103m\u00e2nt dual bazat pe modelul german din Baden-W\u00fcrttemberg. \u00cen calitate de parteneri ai acestui program, Star Transmission \u0219i Star Assembly ofer\u0103 instruire practic\u0103 \u00een fiecare din cele dou\u0103 unit\u0103\u021bi de produc\u021bie.<\/p>\n\n\n\n<figure class=\"wp-block-image size-large\"><img loading=\"lazy\" decoding=\"async\" width=\"1280\" height=\"720\" src=\"https:\/\/urbeamea.ro\/albaiulia\/wp-content\/uploads\/2022\/06\/scoala-duala-STCSTA_general-1280x720.png\" alt=\"\" class=\"wp-image-102635\" srcset=\"https:\/\/urbeamea.ro\/albaiulia\/wp-content\/uploads\/2022\/06\/scoala-duala-STCSTA_general-1280x720.png 1280w, https:\/\/urbeamea.ro\/albaiulia\/wp-content\/uploads\/2022\/06\/scoala-duala-STCSTA_general-640x360.png 640w, https:\/\/urbeamea.ro\/albaiulia\/wp-content\/uploads\/2022\/06\/scoala-duala-STCSTA_general-150x84.png 150w, https:\/\/urbeamea.ro\/albaiulia\/wp-content\/uploads\/2022\/06\/scoala-duala-STCSTA_general-768x432.png 768w, https:\/\/urbeamea.ro\/albaiulia\/wp-content\/uploads\/2022\/06\/scoala-duala-STCSTA_general-1536x864.png 1536w, https:\/\/urbeamea.ro\/albaiulia\/wp-content\/uploads\/2022\/06\/scoala-duala-STCSTA_general-390x220.png 390w, https:\/\/urbeamea.ro\/albaiulia\/wp-content\/uploads\/2022\/06\/scoala-duala-STCSTA_general.png 1600w\" sizes=\"auto, (max-width: 1280px) 100vw, 1280px\" \/><\/figure>\n","protected":false},"excerpt":{"rendered":"<p>Formarea profesional\u0103 dual\u0103 ofer\u0103 posibilitatea dezvolt\u0103rii competen\u021belor tinerei genera\u021bii, pun\u00e2nd la dispozi\u021bie, \u00een acela\u0219i timp, mijloacele adecvate de formare pentru a deveni profesioni\u0219ti. \u0218coala dual\u0103 de la Star Transmission \u0219i Star Assembly este o parte semnificativ\u0103 a strategiei de dezvoltare a celor dou\u0103 companii, cu scopul de a asigura viitoarea genera\u021bie de talente. Implicarea companiilor &hellip;<\/p>\n","protected":false},"author":16,"featured_media":102636,"comment_status":"open","ping_status":"open","sticky":false,"template":"","format":"standard","meta":{"inline_featured_image":false,"footnotes":""},"categories":[2039],"tags":[24341,24339,24340,3622,3617],"class_list":["post-102634","post","type-post","status-publish","format-standard","has-post-thumbnail","hentry","category-educatie","tag-colegiul-tehnic-ion-d-lazarescu-cugir","tag-dcoala-duala","tag-scoala-profesionala-germana-alba","tag-star-assembly","tag-star-transmission"],"yoast_head":"<!-- This site is optimized with the Yoast SEO plugin v27.4 - https:\/\/yoast.com\/product\/yoast-seo-wordpress\/ -->\n<title>\u00cenv\u0103\u021b\u0103m\u00e2ntul dual permite elevilor \u00eenscri\u0219i la o \u0219coal\u0103 profesional\u0103 de stat s\u0103-\u0219i dezvolte cuno\u0219tin\u021bele practice \u00een mediul real de lucru oferit de companii - Revista Urbea Mea - Revista de Alba<\/title>\n<meta name=\"description\" content=\"Formarea profesional\u0103 dual\u0103 ofer\u0103 posibilitatea dezvolt\u0103rii competen\u021belor tinerei genera\u021bii, pun\u00e2nd la dispozi\u021bie, \u00een acela\u0219i timp, mijloacele adecvate de\" \/>\n<meta name=\"robots\" content=\"index, follow, max-snippet:-1, max-image-preview:large, max-video-preview:-1\" \/>\n<link rel=\"canonical\" href=\"https:\/\/urbeamea.ro\/albaiulia\/invatamantul-dual-permite-elevilor-inscrisi-la-o-scoala-profesionala-de-stat-sa-si-dezvolte-cunostintele-practice-in-mediul-real-de-lucru-oferit-de-companii\/\" \/>\n<meta name=\"twitter:card\" content=\"summary_large_image\" \/>\n<meta name=\"twitter:title\" content=\"\u00cenv\u0103\u021b\u0103m\u00e2ntul dual permite elevilor \u00eenscri\u0219i la o \u0219coal\u0103 profesional\u0103 de stat s\u0103-\u0219i dezvolte cuno\u0219tin\u021bele practice \u00een mediul real de lucru oferit de companii - Revista Urbea Mea - Revista de Alba\" \/>\n<meta name=\"twitter:description\" content=\"Formarea profesional\u0103 dual\u0103 ofer\u0103 posibilitatea dezvolt\u0103rii competen\u021belor tinerei genera\u021bii, pun\u00e2nd la dispozi\u021bie, \u00een acela\u0219i timp, mijloacele adecvate de\" \/>\n<meta name=\"twitter:image\" content=\"https:\/\/urbeamea.ro\/albaiulia\/wp-content\/uploads\/2022\/06\/scoala-duala-STCSTA_elev.png\" \/>\n<meta name=\"twitter:creator\" content=\"@urbeameaweb\" \/>\n<meta name=\"twitter:site\" content=\"@urbeameaweb\" \/>\n<script type=\"application\/ld+json\" class=\"yoast-schema-graph\">{\"@context\":\"https:\\\/\\\/schema.org\",\"@graph\":[{\"@type\":\"Article\",\"@id\":\"https:\\\/\\\/urbeamea.ro\\\/albaiulia\\\/invatamantul-dual-permite-elevilor-inscrisi-la-o-scoala-profesionala-de-stat-sa-si-dezvolte-cunostintele-practice-in-mediul-real-de-lucru-oferit-de-companii\\\/#article\",\"isPartOf\":{\"@id\":\"https:\\\/\\\/urbeamea.ro\\\/albaiulia\\\/invatamantul-dual-permite-elevilor-inscrisi-la-o-scoala-profesionala-de-stat-sa-si-dezvolte-cunostintele-practice-in-mediul-real-de-lucru-oferit-de-companii\\\/\"},\"author\":{\"name\":\"Redac\u021bia UrbeaMea\",\"@id\":\"https:\\\/\\\/urbeamea.ro\\\/albaiulia\\\/#\\\/schema\\\/person\\\/272ae98052f8ee8980f59848df070247\"},\"headline\":\"\u00cenv\u0103\u021b\u0103m\u00e2ntul dual permite elevilor \u00eenscri\u0219i la o \u0219coal\u0103 profesional\u0103 de stat s\u0103-\u0219i dezvolte cuno\u0219tin\u021bele practice \u00een mediul real de lucru oferit de companii\",\"datePublished\":\"2022-06-23T09:14:36+00:00\",\"dateModified\":\"2022-06-23T09:14:37+00:00\",\"mainEntityOfPage\":{\"@id\":\"https:\\\/\\\/urbeamea.ro\\\/albaiulia\\\/invatamantul-dual-permite-elevilor-inscrisi-la-o-scoala-profesionala-de-stat-sa-si-dezvolte-cunostintele-practice-in-mediul-real-de-lucru-oferit-de-companii\\\/\"},\"wordCount\":900,\"commentCount\":0,\"image\":{\"@id\":\"https:\\\/\\\/urbeamea.ro\\\/albaiulia\\\/invatamantul-dual-permite-elevilor-inscrisi-la-o-scoala-profesionala-de-stat-sa-si-dezvolte-cunostintele-practice-in-mediul-real-de-lucru-oferit-de-companii\\\/#primaryimage\"},\"thumbnailUrl\":\"https:\\\/\\\/urbeamea.ro\\\/albaiulia\\\/wp-content\\\/uploads\\\/2022\\\/06\\\/scoala-duala-STCSTA_elev.png\",\"keywords\":[\"colegiul tehnic ion d lazarescu Cugir\",\"dcoala duala\",\"scoala profesionala germana alba\",\"Star Assembly\",\"star transmission\"],\"articleSection\":[\"Educa\u021bie\"],\"inLanguage\":\"ro-RO\",\"potentialAction\":[{\"@type\":\"CommentAction\",\"name\":\"Comment\",\"target\":[\"https:\\\/\\\/urbeamea.ro\\\/albaiulia\\\/invatamantul-dual-permite-elevilor-inscrisi-la-o-scoala-profesionala-de-stat-sa-si-dezvolte-cunostintele-practice-in-mediul-real-de-lucru-oferit-de-companii\\\/#respond\"]}]},{\"@type\":\"WebPage\",\"@id\":\"https:\\\/\\\/urbeamea.ro\\\/albaiulia\\\/invatamantul-dual-permite-elevilor-inscrisi-la-o-scoala-profesionala-de-stat-sa-si-dezvolte-cunostintele-practice-in-mediul-real-de-lucru-oferit-de-companii\\\/\",\"url\":\"https:\\\/\\\/urbeamea.ro\\\/albaiulia\\\/invatamantul-dual-permite-elevilor-inscrisi-la-o-scoala-profesionala-de-stat-sa-si-dezvolte-cunostintele-practice-in-mediul-real-de-lucru-oferit-de-companii\\\/\",\"name\":\"\u00cenv\u0103\u021b\u0103m\u00e2ntul dual permite elevilor \u00eenscri\u0219i la o \u0219coal\u0103 profesional\u0103 de stat s\u0103-\u0219i dezvolte cuno\u0219tin\u021bele practice \u00een mediul real de lucru oferit de companii - Revista Urbea Mea - Revista de Alba\",\"isPartOf\":{\"@id\":\"https:\\\/\\\/urbeamea.ro\\\/albaiulia\\\/#website\"},\"primaryImageOfPage\":{\"@id\":\"https:\\\/\\\/urbeamea.ro\\\/albaiulia\\\/invatamantul-dual-permite-elevilor-inscrisi-la-o-scoala-profesionala-de-stat-sa-si-dezvolte-cunostintele-practice-in-mediul-real-de-lucru-oferit-de-companii\\\/#primaryimage\"},\"image\":{\"@id\":\"https:\\\/\\\/urbeamea.ro\\\/albaiulia\\\/invatamantul-dual-permite-elevilor-inscrisi-la-o-scoala-profesionala-de-stat-sa-si-dezvolte-cunostintele-practice-in-mediul-real-de-lucru-oferit-de-companii\\\/#primaryimage\"},\"thumbnailUrl\":\"https:\\\/\\\/urbeamea.ro\\\/albaiulia\\\/wp-content\\\/uploads\\\/2022\\\/06\\\/scoala-duala-STCSTA_elev.png\",\"datePublished\":\"2022-06-23T09:14:36+00:00\",\"dateModified\":\"2022-06-23T09:14:37+00:00\",\"author\":{\"@id\":\"https:\\\/\\\/urbeamea.ro\\\/albaiulia\\\/#\\\/schema\\\/person\\\/272ae98052f8ee8980f59848df070247\"},\"description\":\"Formarea profesional\u0103 dual\u0103 ofer\u0103 posibilitatea dezvolt\u0103rii competen\u021belor tinerei genera\u021bii, pun\u00e2nd la dispozi\u021bie, \u00een acela\u0219i timp, mijloacele adecvate de\",\"breadcrumb\":{\"@id\":\"https:\\\/\\\/urbeamea.ro\\\/albaiulia\\\/invatamantul-dual-permite-elevilor-inscrisi-la-o-scoala-profesionala-de-stat-sa-si-dezvolte-cunostintele-practice-in-mediul-real-de-lucru-oferit-de-companii\\\/#breadcrumb\"},\"inLanguage\":\"ro-RO\",\"potentialAction\":[{\"@type\":\"ReadAction\",\"target\":[\"https:\\\/\\\/urbeamea.ro\\\/albaiulia\\\/invatamantul-dual-permite-elevilor-inscrisi-la-o-scoala-profesionala-de-stat-sa-si-dezvolte-cunostintele-practice-in-mediul-real-de-lucru-oferit-de-companii\\\/\"]}]},{\"@type\":\"ImageObject\",\"inLanguage\":\"ro-RO\",\"@id\":\"https:\\\/\\\/urbeamea.ro\\\/albaiulia\\\/invatamantul-dual-permite-elevilor-inscrisi-la-o-scoala-profesionala-de-stat-sa-si-dezvolte-cunostintele-practice-in-mediul-real-de-lucru-oferit-de-companii\\\/#primaryimage\",\"url\":\"https:\\\/\\\/urbeamea.ro\\\/albaiulia\\\/wp-content\\\/uploads\\\/2022\\\/06\\\/scoala-duala-STCSTA_elev.png\",\"contentUrl\":\"https:\\\/\\\/urbeamea.ro\\\/albaiulia\\\/wp-content\\\/uploads\\\/2022\\\/06\\\/scoala-duala-STCSTA_elev.png\",\"width\":1250,\"height\":1042},{\"@type\":\"BreadcrumbList\",\"@id\":\"https:\\\/\\\/urbeamea.ro\\\/albaiulia\\\/invatamantul-dual-permite-elevilor-inscrisi-la-o-scoala-profesionala-de-stat-sa-si-dezvolte-cunostintele-practice-in-mediul-real-de-lucru-oferit-de-companii\\\/#breadcrumb\",\"itemListElement\":[{\"@type\":\"ListItem\",\"position\":1,\"name\":\"Prima pagin\u0103\",\"item\":\"https:\\\/\\\/urbeamea.ro\\\/albaiulia\\\/\"},{\"@type\":\"ListItem\",\"position\":2,\"name\":\"\u00cenv\u0103\u021b\u0103m\u00e2ntul dual permite elevilor \u00eenscri\u0219i la o \u0219coal\u0103 profesional\u0103 de stat s\u0103-\u0219i dezvolte cuno\u0219tin\u021bele practice \u00een mediul real de lucru oferit de companii\"}]},{\"@type\":\"WebSite\",\"@id\":\"https:\\\/\\\/urbeamea.ro\\\/albaiulia\\\/#website\",\"url\":\"https:\\\/\\\/urbeamea.ro\\\/albaiulia\\\/\",\"name\":\"Revista Urbea Mea, Stiri urbane\",\"description\":\"Evenimente \u0219i \u0219tiri din Alba Iulia, Sebe\u0219, Aiud, Blaj\",\"potentialAction\":[{\"@type\":\"SearchAction\",\"target\":{\"@type\":\"EntryPoint\",\"urlTemplate\":\"https:\\\/\\\/urbeamea.ro\\\/albaiulia\\\/?s={search_term_string}\"},\"query-input\":{\"@type\":\"PropertyValueSpecification\",\"valueRequired\":true,\"valueName\":\"search_term_string\"}}],\"inLanguage\":\"ro-RO\"},{\"@type\":\"Person\",\"@id\":\"https:\\\/\\\/urbeamea.ro\\\/albaiulia\\\/#\\\/schema\\\/person\\\/272ae98052f8ee8980f59848df070247\",\"name\":\"Redac\u021bia UrbeaMea\",\"image\":{\"@type\":\"ImageObject\",\"inLanguage\":\"ro-RO\",\"@id\":\"https:\\\/\\\/secure.gravatar.com\\\/avatar\\\/9ce5a9435071fa1037e8468053ead8e513dbbff59009d3069aadb85506d85a27?s=96&d=mm&r=g\",\"url\":\"https:\\\/\\\/secure.gravatar.com\\\/avatar\\\/9ce5a9435071fa1037e8468053ead8e513dbbff59009d3069aadb85506d85a27?s=96&d=mm&r=g\",\"contentUrl\":\"https:\\\/\\\/secure.gravatar.com\\\/avatar\\\/9ce5a9435071fa1037e8468053ead8e513dbbff59009d3069aadb85506d85a27?s=96&d=mm&r=g\",\"caption\":\"Redac\u021bia UrbeaMea\"},\"description\":\"contact@urbeamea.ro\",\"sameAs\":[\"https:\\\/\\\/www.urbeamea.ro\"],\"url\":\"https:\\\/\\\/urbeamea.ro\\\/albaiulia\\\/author\\\/redactia-urbeamea\\\/\"}]}<\/script>\n<!-- \/ Yoast SEO plugin. -->","yoast_head_json":{"title":"\u00cenv\u0103\u021b\u0103m\u00e2ntul dual permite elevilor \u00eenscri\u0219i la o \u0219coal\u0103 profesional\u0103 de stat s\u0103-\u0219i dezvolte cuno\u0219tin\u021bele practice \u00een mediul real de lucru oferit de companii - Revista Urbea Mea - Revista de Alba","description":"Formarea profesional\u0103 dual\u0103 ofer\u0103 posibilitatea dezvolt\u0103rii competen\u021belor tinerei genera\u021bii, pun\u00e2nd la dispozi\u021bie, \u00een acela\u0219i timp, mijloacele adecvate de","robots":{"index":"index","follow":"follow","max-snippet":"max-snippet:-1","max-image-preview":"max-image-preview:large","max-video-preview":"max-video-preview:-1"},"canonical":"https:\/\/urbeamea.ro\/albaiulia\/invatamantul-dual-permite-elevilor-inscrisi-la-o-scoala-profesionala-de-stat-sa-si-dezvolte-cunostintele-practice-in-mediul-real-de-lucru-oferit-de-companii\/","twitter_card":"summary_large_image","twitter_title":"\u00cenv\u0103\u021b\u0103m\u00e2ntul dual permite elevilor \u00eenscri\u0219i la o \u0219coal\u0103 profesional\u0103 de stat s\u0103-\u0219i dezvolte cuno\u0219tin\u021bele practice \u00een mediul real de lucru oferit de companii - Revista Urbea Mea - Revista de Alba","twitter_description":"Formarea profesional\u0103 dual\u0103 ofer\u0103 posibilitatea dezvolt\u0103rii competen\u021belor tinerei genera\u021bii, pun\u00e2nd la dispozi\u021bie, \u00een acela\u0219i timp, mijloacele adecvate de","twitter_image":"https:\/\/urbeamea.ro\/albaiulia\/wp-content\/uploads\/2022\/06\/scoala-duala-STCSTA_elev.png","twitter_creator":"@urbeameaweb","twitter_site":"@urbeameaweb","schema":{"@context":"https:\/\/schema.org","@graph":[{"@type":"Article","@id":"https:\/\/urbeamea.ro\/albaiulia\/invatamantul-dual-permite-elevilor-inscrisi-la-o-scoala-profesionala-de-stat-sa-si-dezvolte-cunostintele-practice-in-mediul-real-de-lucru-oferit-de-companii\/#article","isPartOf":{"@id":"https:\/\/urbeamea.ro\/albaiulia\/invatamantul-dual-permite-elevilor-inscrisi-la-o-scoala-profesionala-de-stat-sa-si-dezvolte-cunostintele-practice-in-mediul-real-de-lucru-oferit-de-companii\/"},"author":{"name":"Redac\u021bia UrbeaMea","@id":"https:\/\/urbeamea.ro\/albaiulia\/#\/schema\/person\/272ae98052f8ee8980f59848df070247"},"headline":"\u00cenv\u0103\u021b\u0103m\u00e2ntul dual permite elevilor \u00eenscri\u0219i la o \u0219coal\u0103 profesional\u0103 de stat s\u0103-\u0219i dezvolte cuno\u0219tin\u021bele practice \u00een mediul real de lucru oferit de companii","datePublished":"2022-06-23T09:14:36+00:00","dateModified":"2022-06-23T09:14:37+00:00","mainEntityOfPage":{"@id":"https:\/\/urbeamea.ro\/albaiulia\/invatamantul-dual-permite-elevilor-inscrisi-la-o-scoala-profesionala-de-stat-sa-si-dezvolte-cunostintele-practice-in-mediul-real-de-lucru-oferit-de-companii\/"},"wordCount":900,"commentCount":0,"image":{"@id":"https:\/\/urbeamea.ro\/albaiulia\/invatamantul-dual-permite-elevilor-inscrisi-la-o-scoala-profesionala-de-stat-sa-si-dezvolte-cunostintele-practice-in-mediul-real-de-lucru-oferit-de-companii\/#primaryimage"},"thumbnailUrl":"https:\/\/urbeamea.ro\/albaiulia\/wp-content\/uploads\/2022\/06\/scoala-duala-STCSTA_elev.png","keywords":["colegiul tehnic ion d lazarescu Cugir","dcoala duala","scoala profesionala germana alba","Star Assembly","star transmission"],"articleSection":["Educa\u021bie"],"inLanguage":"ro-RO","potentialAction":[{"@type":"CommentAction","name":"Comment","target":["https:\/\/urbeamea.ro\/albaiulia\/invatamantul-dual-permite-elevilor-inscrisi-la-o-scoala-profesionala-de-stat-sa-si-dezvolte-cunostintele-practice-in-mediul-real-de-lucru-oferit-de-companii\/#respond"]}]},{"@type":"WebPage","@id":"https:\/\/urbeamea.ro\/albaiulia\/invatamantul-dual-permite-elevilor-inscrisi-la-o-scoala-profesionala-de-stat-sa-si-dezvolte-cunostintele-practice-in-mediul-real-de-lucru-oferit-de-companii\/","url":"https:\/\/urbeamea.ro\/albaiulia\/invatamantul-dual-permite-elevilor-inscrisi-la-o-scoala-profesionala-de-stat-sa-si-dezvolte-cunostintele-practice-in-mediul-real-de-lucru-oferit-de-companii\/","name":"\u00cenv\u0103\u021b\u0103m\u00e2ntul dual permite elevilor \u00eenscri\u0219i la o \u0219coal\u0103 profesional\u0103 de stat s\u0103-\u0219i dezvolte cuno\u0219tin\u021bele practice \u00een mediul real de lucru oferit de companii - Revista Urbea Mea - Revista de Alba","isPartOf":{"@id":"https:\/\/urbeamea.ro\/albaiulia\/#website"},"primaryImageOfPage":{"@id":"https:\/\/urbeamea.ro\/albaiulia\/invatamantul-dual-permite-elevilor-inscrisi-la-o-scoala-profesionala-de-stat-sa-si-dezvolte-cunostintele-practice-in-mediul-real-de-lucru-oferit-de-companii\/#primaryimage"},"image":{"@id":"https:\/\/urbeamea.ro\/albaiulia\/invatamantul-dual-permite-elevilor-inscrisi-la-o-scoala-profesionala-de-stat-sa-si-dezvolte-cunostintele-practice-in-mediul-real-de-lucru-oferit-de-companii\/#primaryimage"},"thumbnailUrl":"https:\/\/urbeamea.ro\/albaiulia\/wp-content\/uploads\/2022\/06\/scoala-duala-STCSTA_elev.png","datePublished":"2022-06-23T09:14:36+00:00","dateModified":"2022-06-23T09:14:37+00:00","author":{"@id":"https:\/\/urbeamea.ro\/albaiulia\/#\/schema\/person\/272ae98052f8ee8980f59848df070247"},"description":"Formarea profesional\u0103 dual\u0103 ofer\u0103 posibilitatea dezvolt\u0103rii competen\u021belor tinerei genera\u021bii, pun\u00e2nd la dispozi\u021bie, \u00een acela\u0219i timp, mijloacele adecvate de","breadcrumb":{"@id":"https:\/\/urbeamea.ro\/albaiulia\/invatamantul-dual-permite-elevilor-inscrisi-la-o-scoala-profesionala-de-stat-sa-si-dezvolte-cunostintele-practice-in-mediul-real-de-lucru-oferit-de-companii\/#breadcrumb"},"inLanguage":"ro-RO","potentialAction":[{"@type":"ReadAction","target":["https:\/\/urbeamea.ro\/albaiulia\/invatamantul-dual-permite-elevilor-inscrisi-la-o-scoala-profesionala-de-stat-sa-si-dezvolte-cunostintele-practice-in-mediul-real-de-lucru-oferit-de-companii\/"]}]},{"@type":"ImageObject","inLanguage":"ro-RO","@id":"https:\/\/urbeamea.ro\/albaiulia\/invatamantul-dual-permite-elevilor-inscrisi-la-o-scoala-profesionala-de-stat-sa-si-dezvolte-cunostintele-practice-in-mediul-real-de-lucru-oferit-de-companii\/#primaryimage","url":"https:\/\/urbeamea.ro\/albaiulia\/wp-content\/uploads\/2022\/06\/scoala-duala-STCSTA_elev.png","contentUrl":"https:\/\/urbeamea.ro\/albaiulia\/wp-content\/uploads\/2022\/06\/scoala-duala-STCSTA_elev.png","width":1250,"height":1042},{"@type":"BreadcrumbList","@id":"https:\/\/urbeamea.ro\/albaiulia\/invatamantul-dual-permite-elevilor-inscrisi-la-o-scoala-profesionala-de-stat-sa-si-dezvolte-cunostintele-practice-in-mediul-real-de-lucru-oferit-de-companii\/#breadcrumb","itemListElement":[{"@type":"ListItem","position":1,"name":"Prima pagin\u0103","item":"https:\/\/urbeamea.ro\/albaiulia\/"},{"@type":"ListItem","position":2,"name":"\u00cenv\u0103\u021b\u0103m\u00e2ntul dual permite elevilor \u00eenscri\u0219i la o \u0219coal\u0103 profesional\u0103 de stat s\u0103-\u0219i dezvolte cuno\u0219tin\u021bele practice \u00een mediul real de lucru oferit de companii"}]},{"@type":"WebSite","@id":"https:\/\/urbeamea.ro\/albaiulia\/#website","url":"https:\/\/urbeamea.ro\/albaiulia\/","name":"Revista Urbea Mea, Stiri urbane","description":"Evenimente \u0219i \u0219tiri din Alba Iulia, Sebe\u0219, Aiud, Blaj","potentialAction":[{"@type":"SearchAction","target":{"@type":"EntryPoint","urlTemplate":"https:\/\/urbeamea.ro\/albaiulia\/?s={search_term_string}"},"query-input":{"@type":"PropertyValueSpecification","valueRequired":true,"valueName":"search_term_string"}}],"inLanguage":"ro-RO"},{"@type":"Person","@id":"https:\/\/urbeamea.ro\/albaiulia\/#\/schema\/person\/272ae98052f8ee8980f59848df070247","name":"Redac\u021bia UrbeaMea","image":{"@type":"ImageObject","inLanguage":"ro-RO","@id":"https:\/\/secure.gravatar.com\/avatar\/9ce5a9435071fa1037e8468053ead8e513dbbff59009d3069aadb85506d85a27?s=96&d=mm&r=g","url":"https:\/\/secure.gravatar.com\/avatar\/9ce5a9435071fa1037e8468053ead8e513dbbff59009d3069aadb85506d85a27?s=96&d=mm&r=g","contentUrl":"https:\/\/secure.gravatar.com\/avatar\/9ce5a9435071fa1037e8468053ead8e513dbbff59009d3069aadb85506d85a27?s=96&d=mm&r=g","caption":"Redac\u021bia UrbeaMea"},"description":"contact@urbeamea.ro","sameAs":["https:\/\/www.urbeamea.ro"],"url":"https:\/\/urbeamea.ro\/albaiulia\/author\/redactia-urbeamea\/"}]}},"_links":{"self":[{"href":"https:\/\/urbeamea.ro\/albaiulia\/wp-json\/wp\/v2\/posts\/102634","targetHints":{"allow":["GET"]}}],"collection":[{"href":"https:\/\/urbeamea.ro\/albaiulia\/wp-json\/wp\/v2\/posts"}],"about":[{"href":"https:\/\/urbeamea.ro\/albaiulia\/wp-json\/wp\/v2\/types\/post"}],"author":[{"embeddable":true,"href":"https:\/\/urbeamea.ro\/albaiulia\/wp-json\/wp\/v2\/users\/16"}],"replies":[{"embeddable":true,"href":"https:\/\/urbeamea.ro\/albaiulia\/wp-json\/wp\/v2\/comments?post=102634"}],"version-history":[{"count":1,"href":"https:\/\/urbeamea.ro\/albaiulia\/wp-json\/wp\/v2\/posts\/102634\/revisions"}],"predecessor-version":[{"id":102637,"href":"https:\/\/urbeamea.ro\/albaiulia\/wp-json\/wp\/v2\/posts\/102634\/revisions\/102637"}],"wp:featuredmedia":[{"embeddable":true,"href":"https:\/\/urbeamea.ro\/albaiulia\/wp-json\/wp\/v2\/media\/102636"}],"wp:attachment":[{"href":"https:\/\/urbeamea.ro\/albaiulia\/wp-json\/wp\/v2\/media?parent=102634"}],"wp:term":[{"taxonomy":"category","embeddable":true,"href":"https:\/\/urbeamea.ro\/albaiulia\/wp-json\/wp\/v2\/categories?post=102634"},{"taxonomy":"post_tag","embeddable":true,"href":"https:\/\/urbeamea.ro\/albaiulia\/wp-json\/wp\/v2\/tags?post=102634"}],"curies":[{"name":"wp","href":"https:\/\/api.w.org\/{rel}","templated":true}]}}