{"id":102741,"date":"2022-06-29T15:28:34","date_gmt":"2022-06-29T12:28:34","guid":{"rendered":"https:\/\/urbeamea.ro\/albaiulia\/?p=102741"},"modified":"2022-06-29T15:28:35","modified_gmt":"2022-06-29T12:28:35","slug":"crucea-rosie-romana-filiala-alba-alaturi-de-populatia-afectata-de-codul-galben-de-canicula-din-alba-iulia-si-aiud-2","status":"publish","type":"post","link":"https:\/\/urbeamea.ro\/albaiulia\/crucea-rosie-romana-filiala-alba-alaturi-de-populatia-afectata-de-codul-galben-de-canicula-din-alba-iulia-si-aiud-2\/","title":{"rendered":"Crucea Ro\u015fie Rom\u00e2n\u0103 Filiala Alba, al\u0103turi de popula\u0163ia afectat\u0103 de codul galben de canicul\u0103 din Alba Iulia \u0219i Aiud\u00a0"},"content":{"rendered":"\n<p><strong>Urmare a instaur\u0103rii codului galben de canicul\u0103 valabil pentru perioada 29 iunie \u2013 1 iulie 2022, Crucea Ro\u015fie Rom\u00e2n\u0103 Filiala Alba, \u00een colaborare cu Prim\u0103ria Municipiului Alba Iulia \u0219i Prim\u0103ria Municipiului Aiud, amplaseaz\u0103 puncte de prim ajutor, \u00eencep\u00e2nd de ast\u0103zi, \u00een localit\u0103\u021bile Alba Iulia \u015fi Aiud.<\/strong><\/p>\n\n\n\n<p>Acestea puncte vor fi deschise p\u00e2n\u0103 vineri, \u00een intervalul orar 10.00-17.00, personalul \u015fi voluntarii Crucii Ro\u015fii oferind urm\u0103toarele servicii popula\u0163iei afectate de canicul\u0103:<\/p>\n\n\n\n<p>\u2022 m\u0103surarea tensiunii arteriale<\/p>\n\n\n\n<p>\u2022 oferirea de ap\u0103 potabil\u0103 trec\u0103torilor<\/p>\n\n\n\n<p>\u2022 consilierea popula\u0163iei pentru a se adapta c\u00e2t mai bine perioadei caniculare.<\/p>\n\n\n\n<p>Corturile de prim ajutor sunt amplasate \u00een urm\u0103toarele loca\u0163ii:<\/p>\n\n\n\n<p>\u2022 Alba Iulia: \u00een zona Cetate a municipiului &#8211; pe Bulevardul Transilvaniei, l\u00e2ng\u0103 BCR;<\/p>\n\n\n\n<p>\u2022 Alba Iulia: \u00een zona centru \u2013 \u00een fa\u021ba complexului Mercur City Center.<\/p>\n\n\n\n<p>\u2022 Aiud: \u00een centrul ora\u015fului.<\/p>\n\n\n\n<p>Crucea Ro\u0219ie Rom\u00e2n\u0103 Filiala Alba \u015fi DSP Alba \u00eendeamn\u0103 popula\u021bia s\u0103 fie prudent\u0103 \u00een acest\u0103 perioad\u0103 \u015fi s\u0103 evite s\u0103 ias\u0103 din cas\u0103 \u00eentre orele 11.00-17.00, c\u00e2nd soarele este puternic. Dac\u0103 totu\u015fi este necesar\u0103 deplasarea \u00een exteriorul locuin\u0163ei \u00een acest interval orar, se recomand\u0103 purtarea unor haine lejere, de culoare deschis\u0103, \u015fi protejarea capului cu o p\u0103l\u0103rie. De asemenea, este foarte important s\u0103 ne hidrat\u0103m corespunz\u0103tor, fiind recomandat consumul a minim 2 litri de lichide pe zi.<\/p>\n\n\n\n<p>Mul\u0163umim Prim\u0103riei Municipiului Alba Iulia \u015fi Prim\u0103riei Municipiului Aiud pentru sprijinul acordat \u00een realizarea acestei ac\u0163iuni.<\/p>\n\n\n\n<figure class=\"wp-block-gallery has-nested-images columns-default is-cropped wp-block-gallery-1 is-layout-flex wp-block-gallery-is-layout-flex\">\n<figure class=\"wp-block-image size-large\"><a href=\"https:\/\/urbeamea.ro\/albaiulia\/wp-content\/uploads\/2022\/06\/canicula-sfaturi-1.png\"><img loading=\"lazy\" decoding=\"async\" width=\"1280\" height=\"720\" data-id=\"102754\" src=\"https:\/\/urbeamea.ro\/albaiulia\/wp-content\/uploads\/2022\/06\/canicula-sfaturi-1-1280x720.png\" alt=\"\" class=\"wp-image-102754\" srcset=\"https:\/\/urbeamea.ro\/albaiulia\/wp-content\/uploads\/2022\/06\/canicula-sfaturi-1-1280x720.png 1280w, https:\/\/urbeamea.ro\/albaiulia\/wp-content\/uploads\/2022\/06\/canicula-sfaturi-1-640x360.png 640w, https:\/\/urbeamea.ro\/albaiulia\/wp-content\/uploads\/2022\/06\/canicula-sfaturi-1-150x84.png 150w, https:\/\/urbeamea.ro\/albaiulia\/wp-content\/uploads\/2022\/06\/canicula-sfaturi-1-768x432.png 768w, https:\/\/urbeamea.ro\/albaiulia\/wp-content\/uploads\/2022\/06\/canicula-sfaturi-1-1536x864.png 1536w, https:\/\/urbeamea.ro\/albaiulia\/wp-content\/uploads\/2022\/06\/canicula-sfaturi-1-390x220.png 390w, https:\/\/urbeamea.ro\/albaiulia\/wp-content\/uploads\/2022\/06\/canicula-sfaturi-1.png 1920w\" sizes=\"auto, (max-width: 1280px) 100vw, 1280px\" \/><\/a><\/figure>\n\n\n\n<figure class=\"wp-block-image size-large\"><a href=\"https:\/\/urbeamea.ro\/albaiulia\/wp-content\/uploads\/2022\/06\/cod-galben-iunie-1.jpg\"><img loading=\"lazy\" decoding=\"async\" width=\"776\" height=\"573\" data-id=\"102752\" src=\"https:\/\/urbeamea.ro\/albaiulia\/wp-content\/uploads\/2022\/06\/cod-galben-iunie-1.jpg\" alt=\"\" class=\"wp-image-102752\" srcset=\"https:\/\/urbeamea.ro\/albaiulia\/wp-content\/uploads\/2022\/06\/cod-galben-iunie-1.jpg 776w, https:\/\/urbeamea.ro\/albaiulia\/wp-content\/uploads\/2022\/06\/cod-galben-iunie-1-640x473.jpg 640w, https:\/\/urbeamea.ro\/albaiulia\/wp-content\/uploads\/2022\/06\/cod-galben-iunie-1-150x111.jpg 150w, https:\/\/urbeamea.ro\/albaiulia\/wp-content\/uploads\/2022\/06\/cod-galben-iunie-1-768x567.jpg 768w\" sizes=\"auto, (max-width: 776px) 100vw, 776px\" \/><\/a><\/figure>\n\n\n\n<figure class=\"wp-block-image size-large\"><a href=\"https:\/\/urbeamea.ro\/albaiulia\/wp-content\/uploads\/2022\/06\/canicula.jpg\"><img loading=\"lazy\" decoding=\"async\" width=\"940\" height=\"788\" data-id=\"102753\" src=\"https:\/\/urbeamea.ro\/albaiulia\/wp-content\/uploads\/2022\/06\/canicula.jpg\" alt=\"\" class=\"wp-image-102753\" srcset=\"https:\/\/urbeamea.ro\/albaiulia\/wp-content\/uploads\/2022\/06\/canicula.jpg 940w, https:\/\/urbeamea.ro\/albaiulia\/wp-content\/uploads\/2022\/06\/canicula-640x537.jpg 640w, https:\/\/urbeamea.ro\/albaiulia\/wp-content\/uploads\/2022\/06\/canicula-150x126.jpg 150w, https:\/\/urbeamea.ro\/albaiulia\/wp-content\/uploads\/2022\/06\/canicula-768x644.jpg 768w\" sizes=\"auto, (max-width: 940px) 100vw, 940px\" \/><\/a><\/figure>\n<\/figure>\n\n\n\n<figure class=\"wp-block-gallery has-nested-images columns-default is-cropped wp-block-gallery-2 is-layout-flex wp-block-gallery-is-layout-flex\">\n<figure class=\"wp-block-image size-large\"><a href=\"https:\/\/urbeamea.ro\/albaiulia\/wp-content\/uploads\/2022\/06\/WhatsApp-Image-2022-06-29-at-10.41.12.jpeg\"><img loading=\"lazy\" decoding=\"async\" width=\"1024\" height=\"768\" data-id=\"102743\" src=\"https:\/\/urbeamea.ro\/albaiulia\/wp-content\/uploads\/2022\/06\/WhatsApp-Image-2022-06-29-at-10.41.12.jpeg\" alt=\"\" class=\"wp-image-102743\" srcset=\"https:\/\/urbeamea.ro\/albaiulia\/wp-content\/uploads\/2022\/06\/WhatsApp-Image-2022-06-29-at-10.41.12.jpeg 1024w, https:\/\/urbeamea.ro\/albaiulia\/wp-content\/uploads\/2022\/06\/WhatsApp-Image-2022-06-29-at-10.41.12-640x480.jpeg 640w, https:\/\/urbeamea.ro\/albaiulia\/wp-content\/uploads\/2022\/06\/WhatsApp-Image-2022-06-29-at-10.41.12-150x113.jpeg 150w, https:\/\/urbeamea.ro\/albaiulia\/wp-content\/uploads\/2022\/06\/WhatsApp-Image-2022-06-29-at-10.41.12-768x576.jpeg 768w\" sizes=\"auto, (max-width: 1024px) 100vw, 1024px\" \/><\/a><\/figure>\n\n\n\n<figure class=\"wp-block-image size-large\"><a href=\"https:\/\/urbeamea.ro\/albaiulia\/wp-content\/uploads\/2022\/06\/WhatsApp-Image-2022-06-29-at-10.41.12-1.jpeg\"><img loading=\"lazy\" decoding=\"async\" width=\"1024\" height=\"768\" data-id=\"102744\" src=\"https:\/\/urbeamea.ro\/albaiulia\/wp-content\/uploads\/2022\/06\/WhatsApp-Image-2022-06-29-at-10.41.12-1.jpeg\" alt=\"\" class=\"wp-image-102744\" srcset=\"https:\/\/urbeamea.ro\/albaiulia\/wp-content\/uploads\/2022\/06\/WhatsApp-Image-2022-06-29-at-10.41.12-1.jpeg 1024w, https:\/\/urbeamea.ro\/albaiulia\/wp-content\/uploads\/2022\/06\/WhatsApp-Image-2022-06-29-at-10.41.12-1-640x480.jpeg 640w, https:\/\/urbeamea.ro\/albaiulia\/wp-content\/uploads\/2022\/06\/WhatsApp-Image-2022-06-29-at-10.41.12-1-150x113.jpeg 150w, https:\/\/urbeamea.ro\/albaiulia\/wp-content\/uploads\/2022\/06\/WhatsApp-Image-2022-06-29-at-10.41.12-1-768x576.jpeg 768w\" sizes=\"auto, (max-width: 1024px) 100vw, 1024px\" \/><\/a><\/figure>\n\n\n\n<figure class=\"wp-block-image size-large\"><a href=\"https:\/\/urbeamea.ro\/albaiulia\/wp-content\/uploads\/2022\/06\/WhatsApp-Image-2022-06-29-at-10.41.11.jpeg\"><img loading=\"lazy\" decoding=\"async\" width=\"768\" height=\"1024\" data-id=\"102742\" src=\"https:\/\/urbeamea.ro\/albaiulia\/wp-content\/uploads\/2022\/06\/WhatsApp-Image-2022-06-29-at-10.41.11.jpeg\" alt=\"\" class=\"wp-image-102742\" srcset=\"https:\/\/urbeamea.ro\/albaiulia\/wp-content\/uploads\/2022\/06\/WhatsApp-Image-2022-06-29-at-10.41.11.jpeg 768w, https:\/\/urbeamea.ro\/albaiulia\/wp-content\/uploads\/2022\/06\/WhatsApp-Image-2022-06-29-at-10.41.11-480x640.jpeg 480w, https:\/\/urbeamea.ro\/albaiulia\/wp-content\/uploads\/2022\/06\/WhatsApp-Image-2022-06-29-at-10.41.11-113x150.jpeg 113w\" sizes=\"auto, (max-width: 768px) 100vw, 768px\" \/><\/a><\/figure>\n\n\n\n<figure class=\"wp-block-image size-large\"><a href=\"https:\/\/urbeamea.ro\/albaiulia\/wp-content\/uploads\/2022\/06\/WhatsApp-Image-2022-06-29-at-10.41.11-9.jpeg\"><img loading=\"lazy\" decoding=\"async\" width=\"1024\" height=\"768\" data-id=\"102749\" src=\"https:\/\/urbeamea.ro\/albaiulia\/wp-content\/uploads\/2022\/06\/WhatsApp-Image-2022-06-29-at-10.41.11-9.jpeg\" alt=\"\" class=\"wp-image-102749\" srcset=\"https:\/\/urbeamea.ro\/albaiulia\/wp-content\/uploads\/2022\/06\/WhatsApp-Image-2022-06-29-at-10.41.11-9.jpeg 1024w, https:\/\/urbeamea.ro\/albaiulia\/wp-content\/uploads\/2022\/06\/WhatsApp-Image-2022-06-29-at-10.41.11-9-640x480.jpeg 640w, https:\/\/urbeamea.ro\/albaiulia\/wp-content\/uploads\/2022\/06\/WhatsApp-Image-2022-06-29-at-10.41.11-9-150x113.jpeg 150w, https:\/\/urbeamea.ro\/albaiulia\/wp-content\/uploads\/2022\/06\/WhatsApp-Image-2022-06-29-at-10.41.11-9-768x576.jpeg 768w\" sizes=\"auto, (max-width: 1024px) 100vw, 1024px\" \/><\/a><\/figure>\n\n\n\n<figure class=\"wp-block-image size-large\"><a href=\"https:\/\/urbeamea.ro\/albaiulia\/wp-content\/uploads\/2022\/06\/WhatsApp-Image-2022-06-29-at-10.41.11-8.jpeg\"><img loading=\"lazy\" decoding=\"async\" width=\"1024\" height=\"768\" data-id=\"102748\" src=\"https:\/\/urbeamea.ro\/albaiulia\/wp-content\/uploads\/2022\/06\/WhatsApp-Image-2022-06-29-at-10.41.11-8.jpeg\" alt=\"\" class=\"wp-image-102748\" srcset=\"https:\/\/urbeamea.ro\/albaiulia\/wp-content\/uploads\/2022\/06\/WhatsApp-Image-2022-06-29-at-10.41.11-8.jpeg 1024w, https:\/\/urbeamea.ro\/albaiulia\/wp-content\/uploads\/2022\/06\/WhatsApp-Image-2022-06-29-at-10.41.11-8-640x480.jpeg 640w, https:\/\/urbeamea.ro\/albaiulia\/wp-content\/uploads\/2022\/06\/WhatsApp-Image-2022-06-29-at-10.41.11-8-150x113.jpeg 150w, https:\/\/urbeamea.ro\/albaiulia\/wp-content\/uploads\/2022\/06\/WhatsApp-Image-2022-06-29-at-10.41.11-8-768x576.jpeg 768w\" sizes=\"auto, (max-width: 1024px) 100vw, 1024px\" \/><\/a><\/figure>\n\n\n\n<figure class=\"wp-block-image size-large\"><a href=\"https:\/\/urbeamea.ro\/albaiulia\/wp-content\/uploads\/2022\/06\/WhatsApp-Image-2022-06-29-at-10.41.11-5.jpeg\"><img loading=\"lazy\" decoding=\"async\" width=\"1024\" height=\"768\" data-id=\"102746\" src=\"https:\/\/urbeamea.ro\/albaiulia\/wp-content\/uploads\/2022\/06\/WhatsApp-Image-2022-06-29-at-10.41.11-5.jpeg\" alt=\"\" class=\"wp-image-102746\" srcset=\"https:\/\/urbeamea.ro\/albaiulia\/wp-content\/uploads\/2022\/06\/WhatsApp-Image-2022-06-29-at-10.41.11-5.jpeg 1024w, https:\/\/urbeamea.ro\/albaiulia\/wp-content\/uploads\/2022\/06\/WhatsApp-Image-2022-06-29-at-10.41.11-5-640x480.jpeg 640w, https:\/\/urbeamea.ro\/albaiulia\/wp-content\/uploads\/2022\/06\/WhatsApp-Image-2022-06-29-at-10.41.11-5-150x113.jpeg 150w, https:\/\/urbeamea.ro\/albaiulia\/wp-content\/uploads\/2022\/06\/WhatsApp-Image-2022-06-29-at-10.41.11-5-768x576.jpeg 768w\" sizes=\"auto, (max-width: 1024px) 100vw, 1024px\" \/><\/a><\/figure>\n\n\n\n<figure class=\"wp-block-image size-large\"><a href=\"https:\/\/urbeamea.ro\/albaiulia\/wp-content\/uploads\/2022\/06\/WhatsApp-Image-2022-06-29-at-10.41.11-2.jpeg\"><img loading=\"lazy\" decoding=\"async\" width=\"1024\" height=\"768\" data-id=\"102747\" src=\"https:\/\/urbeamea.ro\/albaiulia\/wp-content\/uploads\/2022\/06\/WhatsApp-Image-2022-06-29-at-10.41.11-2.jpeg\" alt=\"\" class=\"wp-image-102747\" srcset=\"https:\/\/urbeamea.ro\/albaiulia\/wp-content\/uploads\/2022\/06\/WhatsApp-Image-2022-06-29-at-10.41.11-2.jpeg 1024w, https:\/\/urbeamea.ro\/albaiulia\/wp-content\/uploads\/2022\/06\/WhatsApp-Image-2022-06-29-at-10.41.11-2-640x480.jpeg 640w, https:\/\/urbeamea.ro\/albaiulia\/wp-content\/uploads\/2022\/06\/WhatsApp-Image-2022-06-29-at-10.41.11-2-150x113.jpeg 150w, https:\/\/urbeamea.ro\/albaiulia\/wp-content\/uploads\/2022\/06\/WhatsApp-Image-2022-06-29-at-10.41.11-2-768x576.jpeg 768w\" sizes=\"auto, (max-width: 1024px) 100vw, 1024px\" \/><\/a><\/figure>\n\n\n\n<figure class=\"wp-block-image size-large\"><a href=\"https:\/\/urbeamea.ro\/albaiulia\/wp-content\/uploads\/2022\/06\/WhatsApp-Image-2022-06-29-at-10.41.11-1.jpeg\"><img loading=\"lazy\" decoding=\"async\" width=\"768\" height=\"1024\" data-id=\"102745\" src=\"https:\/\/urbeamea.ro\/albaiulia\/wp-content\/uploads\/2022\/06\/WhatsApp-Image-2022-06-29-at-10.41.11-1.jpeg\" alt=\"\" class=\"wp-image-102745\" srcset=\"https:\/\/urbeamea.ro\/albaiulia\/wp-content\/uploads\/2022\/06\/WhatsApp-Image-2022-06-29-at-10.41.11-1.jpeg 768w, https:\/\/urbeamea.ro\/albaiulia\/wp-content\/uploads\/2022\/06\/WhatsApp-Image-2022-06-29-at-10.41.11-1-480x640.jpeg 480w, https:\/\/urbeamea.ro\/albaiulia\/wp-content\/uploads\/2022\/06\/WhatsApp-Image-2022-06-29-at-10.41.11-1-113x150.jpeg 113w\" sizes=\"auto, (max-width: 768px) 100vw, 768px\" \/><\/a><\/figure>\n<\/figure>\n\n\n\n<p><\/p>\n","protected":false},"excerpt":{"rendered":"<p>Urmare a instaur\u0103rii codului galben de canicul\u0103 valabil pentru perioada 29 iunie \u2013 1 iulie 2022, Crucea Ro\u015fie Rom\u00e2n\u0103 Filiala Alba, \u00een colaborare cu Prim\u0103ria Municipiului Alba Iulia \u0219i Prim\u0103ria Municipiului Aiud, amplaseaz\u0103 puncte de prim ajutor, \u00eencep\u00e2nd de ast\u0103zi, \u00een localit\u0103\u021bile Alba Iulia \u015fi Aiud. Acestea puncte vor fi deschise p\u00e2n\u0103 vineri, \u00een intervalul &hellip;<\/p>\n","protected":false},"author":16,"featured_media":102751,"comment_status":"open","ping_status":"open","sticky":false,"template":"","format":"standard","meta":{"inline_featured_image":false,"footnotes":""},"categories":[1],"tags":[23276,10802],"class_list":["post-102741","post","type-post","status-publish","format-standard","has-post-thumbnail","hentry","category-stiri-urbane","tag-cod-galben-de-canicula","tag-crucea-rosie-romana-filiala-alba"],"yoast_head":"<!-- This site is optimized with the Yoast SEO plugin v27.4 - https:\/\/yoast.com\/product\/yoast-seo-wordpress\/ -->\n<title>Crucea Ro\u015fie Rom\u00e2n\u0103 Filiala Alba, al\u0103turi de popula\u0163ia afectat\u0103 de codul galben de canicul\u0103 din Alba Iulia \u0219i Aiud\u00a0 - Revista Urbea Mea - Revista de Alba<\/title>\n<meta name=\"description\" content=\"Urmare a instaur\u0103rii codului galben de canicul\u0103 valabil pentru perioada 29 iunie \u2013 1 iulie 2022, Crucea Ro\u015fie Rom\u00e2n\u0103 Filiala Alba, \u00een colaborare cu\" \/>\n<meta name=\"robots\" content=\"index, follow, max-snippet:-1, max-image-preview:large, max-video-preview:-1\" \/>\n<link rel=\"canonical\" href=\"https:\/\/urbeamea.ro\/albaiulia\/crucea-rosie-romana-filiala-alba-alaturi-de-populatia-afectata-de-codul-galben-de-canicula-din-alba-iulia-si-aiud-2\/\" \/>\n<meta name=\"twitter:card\" content=\"summary_large_image\" \/>\n<meta name=\"twitter:title\" content=\"Crucea Ro\u015fie Rom\u00e2n\u0103 Filiala Alba, al\u0103turi de popula\u0163ia afectat\u0103 de codul galben de canicul\u0103 din Alba Iulia \u0219i Aiud\u00a0 - Revista Urbea Mea - Revista de Alba\" \/>\n<meta name=\"twitter:description\" content=\"Urmare a instaur\u0103rii codului galben de canicul\u0103 valabil pentru perioada 29 iunie \u2013 1 iulie 2022, Crucea Ro\u015fie Rom\u00e2n\u0103 Filiala Alba, \u00een colaborare cu\" \/>\n<meta name=\"twitter:image\" content=\"https:\/\/urbeamea.ro\/albaiulia\/wp-content\/uploads\/2022\/06\/WhatsApp-Image-2022-06-29-at-10.41.11-4.jpeg\" \/>\n<meta name=\"twitter:creator\" content=\"@urbeameaweb\" \/>\n<meta name=\"twitter:site\" content=\"@urbeameaweb\" \/>\n<script type=\"application\/ld+json\" class=\"yoast-schema-graph\">{\"@context\":\"https:\\\/\\\/schema.org\",\"@graph\":[{\"@type\":\"Article\",\"@id\":\"https:\\\/\\\/urbeamea.ro\\\/albaiulia\\\/crucea-rosie-romana-filiala-alba-alaturi-de-populatia-afectata-de-codul-galben-de-canicula-din-alba-iulia-si-aiud-2\\\/#article\",\"isPartOf\":{\"@id\":\"https:\\\/\\\/urbeamea.ro\\\/albaiulia\\\/crucea-rosie-romana-filiala-alba-alaturi-de-populatia-afectata-de-codul-galben-de-canicula-din-alba-iulia-si-aiud-2\\\/\"},\"author\":{\"name\":\"Redac\u021bia UrbeaMea\",\"@id\":\"https:\\\/\\\/urbeamea.ro\\\/albaiulia\\\/#\\\/schema\\\/person\\\/272ae98052f8ee8980f59848df070247\"},\"headline\":\"Crucea Ro\u015fie Rom\u00e2n\u0103 Filiala Alba, al\u0103turi de popula\u0163ia afectat\u0103 de codul galben de canicul\u0103 din Alba Iulia \u0219i Aiud\u00a0\",\"datePublished\":\"2022-06-29T12:28:34+00:00\",\"dateModified\":\"2022-06-29T12:28:35+00:00\",\"mainEntityOfPage\":{\"@id\":\"https:\\\/\\\/urbeamea.ro\\\/albaiulia\\\/crucea-rosie-romana-filiala-alba-alaturi-de-populatia-afectata-de-codul-galben-de-canicula-din-alba-iulia-si-aiud-2\\\/\"},\"wordCount\":271,\"commentCount\":0,\"image\":{\"@id\":\"https:\\\/\\\/urbeamea.ro\\\/albaiulia\\\/crucea-rosie-romana-filiala-alba-alaturi-de-populatia-afectata-de-codul-galben-de-canicula-din-alba-iulia-si-aiud-2\\\/#primaryimage\"},\"thumbnailUrl\":\"https:\\\/\\\/urbeamea.ro\\\/albaiulia\\\/wp-content\\\/uploads\\\/2022\\\/06\\\/WhatsApp-Image-2022-06-29-at-10.41.11-4.jpeg\",\"keywords\":[\"cod galben de canicula\",\"crucea rosie romana filiala alba\"],\"articleSection\":[\"\u015etiri Urbane\"],\"inLanguage\":\"ro-RO\",\"potentialAction\":[{\"@type\":\"CommentAction\",\"name\":\"Comment\",\"target\":[\"https:\\\/\\\/urbeamea.ro\\\/albaiulia\\\/crucea-rosie-romana-filiala-alba-alaturi-de-populatia-afectata-de-codul-galben-de-canicula-din-alba-iulia-si-aiud-2\\\/#respond\"]}]},{\"@type\":\"WebPage\",\"@id\":\"https:\\\/\\\/urbeamea.ro\\\/albaiulia\\\/crucea-rosie-romana-filiala-alba-alaturi-de-populatia-afectata-de-codul-galben-de-canicula-din-alba-iulia-si-aiud-2\\\/\",\"url\":\"https:\\\/\\\/urbeamea.ro\\\/albaiulia\\\/crucea-rosie-romana-filiala-alba-alaturi-de-populatia-afectata-de-codul-galben-de-canicula-din-alba-iulia-si-aiud-2\\\/\",\"name\":\"Crucea Ro\u015fie Rom\u00e2n\u0103 Filiala Alba, al\u0103turi de popula\u0163ia afectat\u0103 de codul galben de canicul\u0103 din Alba Iulia \u0219i Aiud\u00a0 - Revista Urbea Mea - Revista de Alba\",\"isPartOf\":{\"@id\":\"https:\\\/\\\/urbeamea.ro\\\/albaiulia\\\/#website\"},\"primaryImageOfPage\":{\"@id\":\"https:\\\/\\\/urbeamea.ro\\\/albaiulia\\\/crucea-rosie-romana-filiala-alba-alaturi-de-populatia-afectata-de-codul-galben-de-canicula-din-alba-iulia-si-aiud-2\\\/#primaryimage\"},\"image\":{\"@id\":\"https:\\\/\\\/urbeamea.ro\\\/albaiulia\\\/crucea-rosie-romana-filiala-alba-alaturi-de-populatia-afectata-de-codul-galben-de-canicula-din-alba-iulia-si-aiud-2\\\/#primaryimage\"},\"thumbnailUrl\":\"https:\\\/\\\/urbeamea.ro\\\/albaiulia\\\/wp-content\\\/uploads\\\/2022\\\/06\\\/WhatsApp-Image-2022-06-29-at-10.41.11-4.jpeg\",\"datePublished\":\"2022-06-29T12:28:34+00:00\",\"dateModified\":\"2022-06-29T12:28:35+00:00\",\"author\":{\"@id\":\"https:\\\/\\\/urbeamea.ro\\\/albaiulia\\\/#\\\/schema\\\/person\\\/272ae98052f8ee8980f59848df070247\"},\"description\":\"Urmare a instaur\u0103rii codului galben de canicul\u0103 valabil pentru perioada 29 iunie \u2013 1 iulie 2022, Crucea Ro\u015fie Rom\u00e2n\u0103 Filiala Alba, \u00een colaborare cu\",\"breadcrumb\":{\"@id\":\"https:\\\/\\\/urbeamea.ro\\\/albaiulia\\\/crucea-rosie-romana-filiala-alba-alaturi-de-populatia-afectata-de-codul-galben-de-canicula-din-alba-iulia-si-aiud-2\\\/#breadcrumb\"},\"inLanguage\":\"ro-RO\",\"potentialAction\":[{\"@type\":\"ReadAction\",\"target\":[\"https:\\\/\\\/urbeamea.ro\\\/albaiulia\\\/crucea-rosie-romana-filiala-alba-alaturi-de-populatia-afectata-de-codul-galben-de-canicula-din-alba-iulia-si-aiud-2\\\/\"]}]},{\"@type\":\"ImageObject\",\"inLanguage\":\"ro-RO\",\"@id\":\"https:\\\/\\\/urbeamea.ro\\\/albaiulia\\\/crucea-rosie-romana-filiala-alba-alaturi-de-populatia-afectata-de-codul-galben-de-canicula-din-alba-iulia-si-aiud-2\\\/#primaryimage\",\"url\":\"https:\\\/\\\/urbeamea.ro\\\/albaiulia\\\/wp-content\\\/uploads\\\/2022\\\/06\\\/WhatsApp-Image-2022-06-29-at-10.41.11-4.jpeg\",\"contentUrl\":\"https:\\\/\\\/urbeamea.ro\\\/albaiulia\\\/wp-content\\\/uploads\\\/2022\\\/06\\\/WhatsApp-Image-2022-06-29-at-10.41.11-4.jpeg\",\"width\":1024,\"height\":768},{\"@type\":\"BreadcrumbList\",\"@id\":\"https:\\\/\\\/urbeamea.ro\\\/albaiulia\\\/crucea-rosie-romana-filiala-alba-alaturi-de-populatia-afectata-de-codul-galben-de-canicula-din-alba-iulia-si-aiud-2\\\/#breadcrumb\",\"itemListElement\":[{\"@type\":\"ListItem\",\"position\":1,\"name\":\"Prima pagin\u0103\",\"item\":\"https:\\\/\\\/urbeamea.ro\\\/albaiulia\\\/\"},{\"@type\":\"ListItem\",\"position\":2,\"name\":\"Crucea Ro\u015fie Rom\u00e2n\u0103 Filiala Alba, al\u0103turi de popula\u0163ia afectat\u0103 de codul galben de canicul\u0103 din Alba Iulia \u0219i Aiud\u00a0\"}]},{\"@type\":\"WebSite\",\"@id\":\"https:\\\/\\\/urbeamea.ro\\\/albaiulia\\\/#website\",\"url\":\"https:\\\/\\\/urbeamea.ro\\\/albaiulia\\\/\",\"name\":\"Revista Urbea Mea, Stiri urbane\",\"description\":\"Evenimente \u0219i \u0219tiri din Alba Iulia, Sebe\u0219, Aiud, Blaj\",\"potentialAction\":[{\"@type\":\"SearchAction\",\"target\":{\"@type\":\"EntryPoint\",\"urlTemplate\":\"https:\\\/\\\/urbeamea.ro\\\/albaiulia\\\/?s={search_term_string}\"},\"query-input\":{\"@type\":\"PropertyValueSpecification\",\"valueRequired\":true,\"valueName\":\"search_term_string\"}}],\"inLanguage\":\"ro-RO\"},{\"@type\":\"Person\",\"@id\":\"https:\\\/\\\/urbeamea.ro\\\/albaiulia\\\/#\\\/schema\\\/person\\\/272ae98052f8ee8980f59848df070247\",\"name\":\"Redac\u021bia UrbeaMea\",\"image\":{\"@type\":\"ImageObject\",\"inLanguage\":\"ro-RO\",\"@id\":\"https:\\\/\\\/secure.gravatar.com\\\/avatar\\\/9ce5a9435071fa1037e8468053ead8e513dbbff59009d3069aadb85506d85a27?s=96&d=mm&r=g\",\"url\":\"https:\\\/\\\/secure.gravatar.com\\\/avatar\\\/9ce5a9435071fa1037e8468053ead8e513dbbff59009d3069aadb85506d85a27?s=96&d=mm&r=g\",\"contentUrl\":\"https:\\\/\\\/secure.gravatar.com\\\/avatar\\\/9ce5a9435071fa1037e8468053ead8e513dbbff59009d3069aadb85506d85a27?s=96&d=mm&r=g\",\"caption\":\"Redac\u021bia UrbeaMea\"},\"description\":\"contact@urbeamea.ro\",\"sameAs\":[\"https:\\\/\\\/www.urbeamea.ro\"],\"url\":\"https:\\\/\\\/urbeamea.ro\\\/albaiulia\\\/author\\\/redactia-urbeamea\\\/\"}]}<\/script>\n<!-- \/ Yoast SEO plugin. -->","yoast_head_json":{"title":"Crucea Ro\u015fie Rom\u00e2n\u0103 Filiala Alba, al\u0103turi de popula\u0163ia afectat\u0103 de codul galben de canicul\u0103 din Alba Iulia \u0219i Aiud\u00a0 - Revista Urbea Mea - Revista de Alba","description":"Urmare a instaur\u0103rii codului galben de canicul\u0103 valabil pentru perioada 29 iunie \u2013 1 iulie 2022, Crucea Ro\u015fie Rom\u00e2n\u0103 Filiala Alba, \u00een colaborare cu","robots":{"index":"index","follow":"follow","max-snippet":"max-snippet:-1","max-image-preview":"max-image-preview:large","max-video-preview":"max-video-preview:-1"},"canonical":"https:\/\/urbeamea.ro\/albaiulia\/crucea-rosie-romana-filiala-alba-alaturi-de-populatia-afectata-de-codul-galben-de-canicula-din-alba-iulia-si-aiud-2\/","twitter_card":"summary_large_image","twitter_title":"Crucea Ro\u015fie Rom\u00e2n\u0103 Filiala Alba, al\u0103turi de popula\u0163ia afectat\u0103 de codul galben de canicul\u0103 din Alba Iulia \u0219i Aiud\u00a0 - Revista Urbea Mea - Revista de Alba","twitter_description":"Urmare a instaur\u0103rii codului galben de canicul\u0103 valabil pentru perioada 29 iunie \u2013 1 iulie 2022, Crucea Ro\u015fie Rom\u00e2n\u0103 Filiala Alba, \u00een colaborare cu","twitter_image":"https:\/\/urbeamea.ro\/albaiulia\/wp-content\/uploads\/2022\/06\/WhatsApp-Image-2022-06-29-at-10.41.11-4.jpeg","twitter_creator":"@urbeameaweb","twitter_site":"@urbeameaweb","schema":{"@context":"https:\/\/schema.org","@graph":[{"@type":"Article","@id":"https:\/\/urbeamea.ro\/albaiulia\/crucea-rosie-romana-filiala-alba-alaturi-de-populatia-afectata-de-codul-galben-de-canicula-din-alba-iulia-si-aiud-2\/#article","isPartOf":{"@id":"https:\/\/urbeamea.ro\/albaiulia\/crucea-rosie-romana-filiala-alba-alaturi-de-populatia-afectata-de-codul-galben-de-canicula-din-alba-iulia-si-aiud-2\/"},"author":{"name":"Redac\u021bia UrbeaMea","@id":"https:\/\/urbeamea.ro\/albaiulia\/#\/schema\/person\/272ae98052f8ee8980f59848df070247"},"headline":"Crucea Ro\u015fie Rom\u00e2n\u0103 Filiala Alba, al\u0103turi de popula\u0163ia afectat\u0103 de codul galben de canicul\u0103 din Alba Iulia \u0219i Aiud\u00a0","datePublished":"2022-06-29T12:28:34+00:00","dateModified":"2022-06-29T12:28:35+00:00","mainEntityOfPage":{"@id":"https:\/\/urbeamea.ro\/albaiulia\/crucea-rosie-romana-filiala-alba-alaturi-de-populatia-afectata-de-codul-galben-de-canicula-din-alba-iulia-si-aiud-2\/"},"wordCount":271,"commentCount":0,"image":{"@id":"https:\/\/urbeamea.ro\/albaiulia\/crucea-rosie-romana-filiala-alba-alaturi-de-populatia-afectata-de-codul-galben-de-canicula-din-alba-iulia-si-aiud-2\/#primaryimage"},"thumbnailUrl":"https:\/\/urbeamea.ro\/albaiulia\/wp-content\/uploads\/2022\/06\/WhatsApp-Image-2022-06-29-at-10.41.11-4.jpeg","keywords":["cod galben de canicula","crucea rosie romana filiala alba"],"articleSection":["\u015etiri Urbane"],"inLanguage":"ro-RO","potentialAction":[{"@type":"CommentAction","name":"Comment","target":["https:\/\/urbeamea.ro\/albaiulia\/crucea-rosie-romana-filiala-alba-alaturi-de-populatia-afectata-de-codul-galben-de-canicula-din-alba-iulia-si-aiud-2\/#respond"]}]},{"@type":"WebPage","@id":"https:\/\/urbeamea.ro\/albaiulia\/crucea-rosie-romana-filiala-alba-alaturi-de-populatia-afectata-de-codul-galben-de-canicula-din-alba-iulia-si-aiud-2\/","url":"https:\/\/urbeamea.ro\/albaiulia\/crucea-rosie-romana-filiala-alba-alaturi-de-populatia-afectata-de-codul-galben-de-canicula-din-alba-iulia-si-aiud-2\/","name":"Crucea Ro\u015fie Rom\u00e2n\u0103 Filiala Alba, al\u0103turi de popula\u0163ia afectat\u0103 de codul galben de canicul\u0103 din Alba Iulia \u0219i Aiud\u00a0 - Revista Urbea Mea - Revista de Alba","isPartOf":{"@id":"https:\/\/urbeamea.ro\/albaiulia\/#website"},"primaryImageOfPage":{"@id":"https:\/\/urbeamea.ro\/albaiulia\/crucea-rosie-romana-filiala-alba-alaturi-de-populatia-afectata-de-codul-galben-de-canicula-din-alba-iulia-si-aiud-2\/#primaryimage"},"image":{"@id":"https:\/\/urbeamea.ro\/albaiulia\/crucea-rosie-romana-filiala-alba-alaturi-de-populatia-afectata-de-codul-galben-de-canicula-din-alba-iulia-si-aiud-2\/#primaryimage"},"thumbnailUrl":"https:\/\/urbeamea.ro\/albaiulia\/wp-content\/uploads\/2022\/06\/WhatsApp-Image-2022-06-29-at-10.41.11-4.jpeg","datePublished":"2022-06-29T12:28:34+00:00","dateModified":"2022-06-29T12:28:35+00:00","author":{"@id":"https:\/\/urbeamea.ro\/albaiulia\/#\/schema\/person\/272ae98052f8ee8980f59848df070247"},"description":"Urmare a instaur\u0103rii codului galben de canicul\u0103 valabil pentru perioada 29 iunie \u2013 1 iulie 2022, Crucea Ro\u015fie Rom\u00e2n\u0103 Filiala Alba, \u00een colaborare cu","breadcrumb":{"@id":"https:\/\/urbeamea.ro\/albaiulia\/crucea-rosie-romana-filiala-alba-alaturi-de-populatia-afectata-de-codul-galben-de-canicula-din-alba-iulia-si-aiud-2\/#breadcrumb"},"inLanguage":"ro-RO","potentialAction":[{"@type":"ReadAction","target":["https:\/\/urbeamea.ro\/albaiulia\/crucea-rosie-romana-filiala-alba-alaturi-de-populatia-afectata-de-codul-galben-de-canicula-din-alba-iulia-si-aiud-2\/"]}]},{"@type":"ImageObject","inLanguage":"ro-RO","@id":"https:\/\/urbeamea.ro\/albaiulia\/crucea-rosie-romana-filiala-alba-alaturi-de-populatia-afectata-de-codul-galben-de-canicula-din-alba-iulia-si-aiud-2\/#primaryimage","url":"https:\/\/urbeamea.ro\/albaiulia\/wp-content\/uploads\/2022\/06\/WhatsApp-Image-2022-06-29-at-10.41.11-4.jpeg","contentUrl":"https:\/\/urbeamea.ro\/albaiulia\/wp-content\/uploads\/2022\/06\/WhatsApp-Image-2022-06-29-at-10.41.11-4.jpeg","width":1024,"height":768},{"@type":"BreadcrumbList","@id":"https:\/\/urbeamea.ro\/albaiulia\/crucea-rosie-romana-filiala-alba-alaturi-de-populatia-afectata-de-codul-galben-de-canicula-din-alba-iulia-si-aiud-2\/#breadcrumb","itemListElement":[{"@type":"ListItem","position":1,"name":"Prima pagin\u0103","item":"https:\/\/urbeamea.ro\/albaiulia\/"},{"@type":"ListItem","position":2,"name":"Crucea Ro\u015fie Rom\u00e2n\u0103 Filiala Alba, al\u0103turi de popula\u0163ia afectat\u0103 de codul galben de canicul\u0103 din Alba Iulia \u0219i Aiud\u00a0"}]},{"@type":"WebSite","@id":"https:\/\/urbeamea.ro\/albaiulia\/#website","url":"https:\/\/urbeamea.ro\/albaiulia\/","name":"Revista Urbea Mea, Stiri urbane","description":"Evenimente \u0219i \u0219tiri din Alba Iulia, Sebe\u0219, Aiud, Blaj","potentialAction":[{"@type":"SearchAction","target":{"@type":"EntryPoint","urlTemplate":"https:\/\/urbeamea.ro\/albaiulia\/?s={search_term_string}"},"query-input":{"@type":"PropertyValueSpecification","valueRequired":true,"valueName":"search_term_string"}}],"inLanguage":"ro-RO"},{"@type":"Person","@id":"https:\/\/urbeamea.ro\/albaiulia\/#\/schema\/person\/272ae98052f8ee8980f59848df070247","name":"Redac\u021bia UrbeaMea","image":{"@type":"ImageObject","inLanguage":"ro-RO","@id":"https:\/\/secure.gravatar.com\/avatar\/9ce5a9435071fa1037e8468053ead8e513dbbff59009d3069aadb85506d85a27?s=96&d=mm&r=g","url":"https:\/\/secure.gravatar.com\/avatar\/9ce5a9435071fa1037e8468053ead8e513dbbff59009d3069aadb85506d85a27?s=96&d=mm&r=g","contentUrl":"https:\/\/secure.gravatar.com\/avatar\/9ce5a9435071fa1037e8468053ead8e513dbbff59009d3069aadb85506d85a27?s=96&d=mm&r=g","caption":"Redac\u021bia UrbeaMea"},"description":"contact@urbeamea.ro","sameAs":["https:\/\/www.urbeamea.ro"],"url":"https:\/\/urbeamea.ro\/albaiulia\/author\/redactia-urbeamea\/"}]}},"_links":{"self":[{"href":"https:\/\/urbeamea.ro\/albaiulia\/wp-json\/wp\/v2\/posts\/102741","targetHints":{"allow":["GET"]}}],"collection":[{"href":"https:\/\/urbeamea.ro\/albaiulia\/wp-json\/wp\/v2\/posts"}],"about":[{"href":"https:\/\/urbeamea.ro\/albaiulia\/wp-json\/wp\/v2\/types\/post"}],"author":[{"embeddable":true,"href":"https:\/\/urbeamea.ro\/albaiulia\/wp-json\/wp\/v2\/users\/16"}],"replies":[{"embeddable":true,"href":"https:\/\/urbeamea.ro\/albaiulia\/wp-json\/wp\/v2\/comments?post=102741"}],"version-history":[{"count":1,"href":"https:\/\/urbeamea.ro\/albaiulia\/wp-json\/wp\/v2\/posts\/102741\/revisions"}],"predecessor-version":[{"id":102755,"href":"https:\/\/urbeamea.ro\/albaiulia\/wp-json\/wp\/v2\/posts\/102741\/revisions\/102755"}],"wp:featuredmedia":[{"embeddable":true,"href":"https:\/\/urbeamea.ro\/albaiulia\/wp-json\/wp\/v2\/media\/102751"}],"wp:attachment":[{"href":"https:\/\/urbeamea.ro\/albaiulia\/wp-json\/wp\/v2\/media?parent=102741"}],"wp:term":[{"taxonomy":"category","embeddable":true,"href":"https:\/\/urbeamea.ro\/albaiulia\/wp-json\/wp\/v2\/categories?post=102741"},{"taxonomy":"post_tag","embeddable":true,"href":"https:\/\/urbeamea.ro\/albaiulia\/wp-json\/wp\/v2\/tags?post=102741"}],"curies":[{"name":"wp","href":"https:\/\/api.w.org\/{rel}","templated":true}]}}