{"id":102913,"date":"2022-07-14T14:27:04","date_gmt":"2022-07-14T11:27:04","guid":{"rendered":"https:\/\/urbeamea.ro\/albaiulia\/?p=102913"},"modified":"2022-07-14T14:27:06","modified_gmt":"2022-07-14T11:27:06","slug":"ateliere-educative-si-jocuri-in-aer-liber-maine-la-biblioteca-judeteana-lucian-blaga-alba","status":"publish","type":"post","link":"https:\/\/urbeamea.ro\/albaiulia\/ateliere-educative-si-jocuri-in-aer-liber-maine-la-biblioteca-judeteana-lucian-blaga-alba\/","title":{"rendered":"Ateliere educative \u0219i jocuri \u00een aer liber, m\u00e2ine, la Biblioteca Jude\u021bean\u0103 \u201eLucian Blaga\u201d Alba"},"content":{"rendered":"\n<p class=\"wp-block-paragraph\"><strong>Vineri, 15 iulie 2022, \u00eentre orele 11.00 \u0219i 13.00, curtea Bibliotecii Jude\u021bene \u201eLucian Blaga\u201d Alba va deveni teren de joac\u0103 pentru cei mici, pe care \u00eei a\u0219tept\u0103m s\u0103 ia parte la atelierele educative preg\u0103tite pentru ei de echipa de anima\u021bie cultural\u0103 a institu\u021biei, \u00een cadrul activit\u0103\u021bii \u201eO var\u0103 creativ\u0103\u201d.<\/strong><\/p>\n\n\n\n<p class=\"wp-block-paragraph\">\u00cen func\u021bie de v\u00e2rst\u0103 \u0219i preferin\u021be, copiii vor fi angrena\u021bi \u00een sesiuni de modelaj, desen, pictur\u0103, lucru manual, precum \u0219i \u00een jocuri interactive, de cultur\u0103 general\u0103. Din program nu vor lipsi prezent\u0103rile de carte \u0219i nici lecturile din volume nou intrate la raft, ce vor putea fi ulterior \u00eemprumutate, prin&nbsp; Sec\u021bia \u00cemprumut Carte pentru Copii a bibliotecii.<\/p>\n\n\n\n<p class=\"wp-block-paragraph\">Sclipici, culori, h\u00e2rtie colorat\u0103, foarfeci, plastilin\u0103 \u0219i alte minuni avem noi, voi trebuie doar s\u0103 veni\u021bi curio\u0219i, cum \u0219tim c\u0103 sunte\u021bi, \u0219i preg\u0103ti\u021bi pentru c\u00e2teva ore de distrac\u021bie creativ\u0103. Vom confec\u021biona semne de carte, umbrelu\u021be, mori\u0219ti, mini jurnale \u0219i c\u00e2te altele, pe toate av\u00e2nd apoi libertatea de a le lua cu voi, acas\u0103.<\/p>\n\n\n\n<p class=\"wp-block-paragraph\">Activit\u0103\u021bile de vineri fac parte din programul 3 ANIMA\u021aIE CULTURAL\u0102\/3.7 Ateliere educative \u0219i se desf\u0103\u0219oar\u0103 periodic, \u00een organizarea Consiliului Jude\u021bean Alba \u0219i a Bibliotecii Jude\u021bene \u201eLucian Blaga\u201d Alba. V\u0103 a\u0219tept\u0103m la bibliotec\u0103!<\/p>\n\n\n\n<figure class=\"wp-block-image size-large\"><img loading=\"lazy\" decoding=\"async\" width=\"905\" height=\"1280\" src=\"https:\/\/urbeamea.ro\/albaiulia\/wp-content\/uploads\/2022\/07\/Afis-3.7-Ateliere-educative-15-iulie-2022-1-905x1280.jpg\" alt=\"\" class=\"wp-image-102914\" srcset=\"https:\/\/urbeamea.ro\/albaiulia\/wp-content\/uploads\/2022\/07\/Afis-3.7-Ateliere-educative-15-iulie-2022-1-905x1280.jpg 905w, https:\/\/urbeamea.ro\/albaiulia\/wp-content\/uploads\/2022\/07\/Afis-3.7-Ateliere-educative-15-iulie-2022-1-452x640.jpg 452w, https:\/\/urbeamea.ro\/albaiulia\/wp-content\/uploads\/2022\/07\/Afis-3.7-Ateliere-educative-15-iulie-2022-1-106x150.jpg 106w, https:\/\/urbeamea.ro\/albaiulia\/wp-content\/uploads\/2022\/07\/Afis-3.7-Ateliere-educative-15-iulie-2022-1-768x1086.jpg 768w, https:\/\/urbeamea.ro\/albaiulia\/wp-content\/uploads\/2022\/07\/Afis-3.7-Ateliere-educative-15-iulie-2022-1-1086x1536.jpg 1086w, https:\/\/urbeamea.ro\/albaiulia\/wp-content\/uploads\/2022\/07\/Afis-3.7-Ateliere-educative-15-iulie-2022-1.jpg 1131w\" sizes=\"auto, (max-width: 905px) 100vw, 905px\" \/><\/figure>\n","protected":false},"excerpt":{"rendered":"<p>Vineri, 15 iulie 2022, \u00eentre orele 11.00 \u0219i 13.00, curtea Bibliotecii Jude\u021bene \u201eLucian Blaga\u201d Alba va deveni teren de joac\u0103 pentru cei mici, pe care \u00eei a\u0219tept\u0103m s\u0103 ia parte la atelierele educative preg\u0103tite pentru ei de echipa de anima\u021bie cultural\u0103 a institu\u021biei, \u00een cadrul activit\u0103\u021bii \u201eO var\u0103 creativ\u0103\u201d. \u00cen func\u021bie de v\u00e2rst\u0103 \u0219i preferin\u021be, &hellip;<\/p>\n","protected":false},"author":16,"featured_media":102915,"comment_status":"open","ping_status":"open","sticky":false,"template":"","format":"standard","meta":{"inline_featured_image":false,"footnotes":""},"categories":[4],"tags":[3195,2113],"class_list":["post-102913","post","type-post","status-publish","format-standard","has-post-thumbnail","hentry","category-eveniment","tag-ateliere-de-creatie","tag-biblioteca-judeteana-lucian-blaga-alba"],"yoast_head":"<!-- This site is optimized with the Yoast SEO plugin v28.3 - https:\/\/yoast.com\/product\/yoast-seo-wordpress\/ -->\n<title>Ateliere educative \u0219i jocuri \u00een aer liber, m\u00e2ine, la Biblioteca Jude\u021bean\u0103 \u201eLucian Blaga\u201d Alba - Revista Urbea Mea - Revista de Alba<\/title>\n<meta name=\"description\" content=\"Vineri, 15 iulie 2022, \u00eentre orele 11.00 \u0219i 13.00, curtea Bibliotecii Jude\u021bene \u201eLucian Blaga\u201d Alba va deveni teren de joac\u0103 pentru cei mici, pe care \u00eei\" \/>\n<meta name=\"robots\" content=\"index, follow, max-snippet:-1, max-image-preview:large, max-video-preview:-1\" \/>\n<link rel=\"canonical\" href=\"https:\/\/urbeamea.ro\/albaiulia\/ateliere-educative-si-jocuri-in-aer-liber-maine-la-biblioteca-judeteana-lucian-blaga-alba\/\" \/>\n<meta name=\"twitter:card\" content=\"summary_large_image\" \/>\n<meta name=\"twitter:title\" content=\"Ateliere educative \u0219i jocuri \u00een aer liber, m\u00e2ine, la Biblioteca Jude\u021bean\u0103 \u201eLucian Blaga\u201d Alba - Revista Urbea Mea - Revista de Alba\" \/>\n<meta name=\"twitter:description\" content=\"Vineri, 15 iulie 2022, \u00eentre orele 11.00 \u0219i 13.00, curtea Bibliotecii Jude\u021bene \u201eLucian Blaga\u201d Alba va deveni teren de joac\u0103 pentru cei mici, pe care \u00eei\" \/>\n<meta name=\"twitter:image\" content=\"https:\/\/urbeamea.ro\/albaiulia\/wp-content\/uploads\/2022\/07\/Fara-titlu-4.png\" \/>\n<meta name=\"twitter:creator\" content=\"@urbeameaweb\" \/>\n<meta name=\"twitter:site\" content=\"@urbeameaweb\" \/>\n<script type=\"application\/ld+json\" class=\"yoast-schema-graph\">{\"@context\":\"https:\\\/\\\/schema.org\",\"@graph\":[{\"@type\":\"Article\",\"@id\":\"https:\\\/\\\/urbeamea.ro\\\/albaiulia\\\/ateliere-educative-si-jocuri-in-aer-liber-maine-la-biblioteca-judeteana-lucian-blaga-alba\\\/#article\",\"isPartOf\":{\"@id\":\"https:\\\/\\\/urbeamea.ro\\\/albaiulia\\\/ateliere-educative-si-jocuri-in-aer-liber-maine-la-biblioteca-judeteana-lucian-blaga-alba\\\/\"},\"author\":{\"name\":\"Redac\u021bia UrbeaMea\",\"@id\":\"https:\\\/\\\/urbeamea.ro\\\/albaiulia\\\/#\\\/schema\\\/person\\\/272ae98052f8ee8980f59848df070247\"},\"headline\":\"Ateliere educative \u0219i jocuri \u00een aer liber, m\u00e2ine, la Biblioteca Jude\u021bean\u0103 \u201eLucian Blaga\u201d Alba\",\"datePublished\":\"2022-07-14T11:27:04+00:00\",\"dateModified\":\"2022-07-14T11:27:06+00:00\",\"mainEntityOfPage\":{\"@id\":\"https:\\\/\\\/urbeamea.ro\\\/albaiulia\\\/ateliere-educative-si-jocuri-in-aer-liber-maine-la-biblioteca-judeteana-lucian-blaga-alba\\\/\"},\"wordCount\":236,\"commentCount\":0,\"image\":{\"@id\":\"https:\\\/\\\/urbeamea.ro\\\/albaiulia\\\/ateliere-educative-si-jocuri-in-aer-liber-maine-la-biblioteca-judeteana-lucian-blaga-alba\\\/#primaryimage\"},\"thumbnailUrl\":\"https:\\\/\\\/urbeamea.ro\\\/albaiulia\\\/wp-content\\\/uploads\\\/2022\\\/07\\\/Fara-titlu-4.png\",\"keywords\":[\"ateliere de creatie\",\"Biblioteca Jude\u0163ean\u0103 \u201cLucian Blaga\u201d Alba\"],\"articleSection\":[\"Evenimente\"],\"inLanguage\":\"ro-RO\",\"potentialAction\":[{\"@type\":\"CommentAction\",\"name\":\"Comment\",\"target\":[\"https:\\\/\\\/urbeamea.ro\\\/albaiulia\\\/ateliere-educative-si-jocuri-in-aer-liber-maine-la-biblioteca-judeteana-lucian-blaga-alba\\\/#respond\"]}]},{\"@type\":\"WebPage\",\"@id\":\"https:\\\/\\\/urbeamea.ro\\\/albaiulia\\\/ateliere-educative-si-jocuri-in-aer-liber-maine-la-biblioteca-judeteana-lucian-blaga-alba\\\/\",\"url\":\"https:\\\/\\\/urbeamea.ro\\\/albaiulia\\\/ateliere-educative-si-jocuri-in-aer-liber-maine-la-biblioteca-judeteana-lucian-blaga-alba\\\/\",\"name\":\"Ateliere educative \u0219i jocuri \u00een aer liber, m\u00e2ine, la Biblioteca Jude\u021bean\u0103 \u201eLucian Blaga\u201d Alba - Revista Urbea Mea - Revista de Alba\",\"isPartOf\":{\"@id\":\"https:\\\/\\\/urbeamea.ro\\\/albaiulia\\\/#website\"},\"primaryImageOfPage\":{\"@id\":\"https:\\\/\\\/urbeamea.ro\\\/albaiulia\\\/ateliere-educative-si-jocuri-in-aer-liber-maine-la-biblioteca-judeteana-lucian-blaga-alba\\\/#primaryimage\"},\"image\":{\"@id\":\"https:\\\/\\\/urbeamea.ro\\\/albaiulia\\\/ateliere-educative-si-jocuri-in-aer-liber-maine-la-biblioteca-judeteana-lucian-blaga-alba\\\/#primaryimage\"},\"thumbnailUrl\":\"https:\\\/\\\/urbeamea.ro\\\/albaiulia\\\/wp-content\\\/uploads\\\/2022\\\/07\\\/Fara-titlu-4.png\",\"datePublished\":\"2022-07-14T11:27:04+00:00\",\"dateModified\":\"2022-07-14T11:27:06+00:00\",\"author\":{\"@id\":\"https:\\\/\\\/urbeamea.ro\\\/albaiulia\\\/#\\\/schema\\\/person\\\/272ae98052f8ee8980f59848df070247\"},\"description\":\"Vineri, 15 iulie 2022, \u00eentre orele 11.00 \u0219i 13.00, curtea Bibliotecii Jude\u021bene \u201eLucian Blaga\u201d Alba va deveni teren de joac\u0103 pentru cei mici, pe care \u00eei\",\"breadcrumb\":{\"@id\":\"https:\\\/\\\/urbeamea.ro\\\/albaiulia\\\/ateliere-educative-si-jocuri-in-aer-liber-maine-la-biblioteca-judeteana-lucian-blaga-alba\\\/#breadcrumb\"},\"inLanguage\":\"ro-RO\",\"potentialAction\":[{\"@type\":\"ReadAction\",\"target\":[\"https:\\\/\\\/urbeamea.ro\\\/albaiulia\\\/ateliere-educative-si-jocuri-in-aer-liber-maine-la-biblioteca-judeteana-lucian-blaga-alba\\\/\"]}]},{\"@type\":\"ImageObject\",\"inLanguage\":\"ro-RO\",\"@id\":\"https:\\\/\\\/urbeamea.ro\\\/albaiulia\\\/ateliere-educative-si-jocuri-in-aer-liber-maine-la-biblioteca-judeteana-lucian-blaga-alba\\\/#primaryimage\",\"url\":\"https:\\\/\\\/urbeamea.ro\\\/albaiulia\\\/wp-content\\\/uploads\\\/2022\\\/07\\\/Fara-titlu-4.png\",\"contentUrl\":\"https:\\\/\\\/urbeamea.ro\\\/albaiulia\\\/wp-content\\\/uploads\\\/2022\\\/07\\\/Fara-titlu-4.png\",\"width\":1600,\"height\":1503},{\"@type\":\"BreadcrumbList\",\"@id\":\"https:\\\/\\\/urbeamea.ro\\\/albaiulia\\\/ateliere-educative-si-jocuri-in-aer-liber-maine-la-biblioteca-judeteana-lucian-blaga-alba\\\/#breadcrumb\",\"itemListElement\":[{\"@type\":\"ListItem\",\"position\":1,\"name\":\"Prima pagin\u0103\",\"item\":\"https:\\\/\\\/urbeamea.ro\\\/albaiulia\\\/\"},{\"@type\":\"ListItem\",\"position\":2,\"name\":\"Ateliere educative \u0219i jocuri \u00een aer liber, m\u00e2ine, la Biblioteca Jude\u021bean\u0103 \u201eLucian Blaga\u201d Alba\"}]},{\"@type\":\"WebSite\",\"@id\":\"https:\\\/\\\/urbeamea.ro\\\/albaiulia\\\/#website\",\"url\":\"https:\\\/\\\/urbeamea.ro\\\/albaiulia\\\/\",\"name\":\"Revista Urbea Mea, Stiri urbane\",\"description\":\"Evenimente \u0219i \u0219tiri din Alba Iulia, Sebe\u0219, Aiud, Blaj\",\"potentialAction\":[{\"@type\":\"SearchAction\",\"target\":{\"@type\":\"EntryPoint\",\"urlTemplate\":\"https:\\\/\\\/urbeamea.ro\\\/albaiulia\\\/?s={search_term_string}\"},\"query-input\":{\"@type\":\"PropertyValueSpecification\",\"valueRequired\":true,\"valueName\":\"search_term_string\"}}],\"inLanguage\":\"ro-RO\"},{\"@type\":\"Person\",\"@id\":\"https:\\\/\\\/urbeamea.ro\\\/albaiulia\\\/#\\\/schema\\\/person\\\/272ae98052f8ee8980f59848df070247\",\"name\":\"Redac\u021bia UrbeaMea\",\"image\":{\"@type\":\"ImageObject\",\"inLanguage\":\"ro-RO\",\"@id\":\"https:\\\/\\\/secure.gravatar.com\\\/avatar\\\/9ce5a9435071fa1037e8468053ead8e513dbbff59009d3069aadb85506d85a27?s=96&d=mm&r=g\",\"url\":\"https:\\\/\\\/secure.gravatar.com\\\/avatar\\\/9ce5a9435071fa1037e8468053ead8e513dbbff59009d3069aadb85506d85a27?s=96&d=mm&r=g\",\"contentUrl\":\"https:\\\/\\\/secure.gravatar.com\\\/avatar\\\/9ce5a9435071fa1037e8468053ead8e513dbbff59009d3069aadb85506d85a27?s=96&d=mm&r=g\",\"caption\":\"Redac\u021bia UrbeaMea\"},\"description\":\"contact@urbeamea.ro\",\"sameAs\":[\"https:\\\/\\\/www.urbeamea.ro\"],\"url\":\"https:\\\/\\\/urbeamea.ro\\\/albaiulia\\\/author\\\/redactia-urbeamea\\\/\"}]}<\/script>\n<!-- \/ Yoast SEO plugin. -->","yoast_head_json":{"title":"Ateliere educative \u0219i jocuri \u00een aer liber, m\u00e2ine, la Biblioteca Jude\u021bean\u0103 \u201eLucian Blaga\u201d Alba - Revista Urbea Mea - Revista de Alba","description":"Vineri, 15 iulie 2022, \u00eentre orele 11.00 \u0219i 13.00, curtea Bibliotecii Jude\u021bene \u201eLucian Blaga\u201d Alba va deveni teren de joac\u0103 pentru cei mici, pe care \u00eei","robots":{"index":"index","follow":"follow","max-snippet":"max-snippet:-1","max-image-preview":"max-image-preview:large","max-video-preview":"max-video-preview:-1"},"canonical":"https:\/\/urbeamea.ro\/albaiulia\/ateliere-educative-si-jocuri-in-aer-liber-maine-la-biblioteca-judeteana-lucian-blaga-alba\/","twitter_card":"summary_large_image","twitter_title":"Ateliere educative \u0219i jocuri \u00een aer liber, m\u00e2ine, la Biblioteca Jude\u021bean\u0103 \u201eLucian Blaga\u201d Alba - Revista Urbea Mea - Revista de Alba","twitter_description":"Vineri, 15 iulie 2022, \u00eentre orele 11.00 \u0219i 13.00, curtea Bibliotecii Jude\u021bene \u201eLucian Blaga\u201d Alba va deveni teren de joac\u0103 pentru cei mici, pe care \u00eei","twitter_image":"https:\/\/urbeamea.ro\/albaiulia\/wp-content\/uploads\/2022\/07\/Fara-titlu-4.png","twitter_creator":"@urbeameaweb","twitter_site":"@urbeameaweb","schema":{"@context":"https:\/\/schema.org","@graph":[{"@type":"Article","@id":"https:\/\/urbeamea.ro\/albaiulia\/ateliere-educative-si-jocuri-in-aer-liber-maine-la-biblioteca-judeteana-lucian-blaga-alba\/#article","isPartOf":{"@id":"https:\/\/urbeamea.ro\/albaiulia\/ateliere-educative-si-jocuri-in-aer-liber-maine-la-biblioteca-judeteana-lucian-blaga-alba\/"},"author":{"name":"Redac\u021bia UrbeaMea","@id":"https:\/\/urbeamea.ro\/albaiulia\/#\/schema\/person\/272ae98052f8ee8980f59848df070247"},"headline":"Ateliere educative \u0219i jocuri \u00een aer liber, m\u00e2ine, la Biblioteca Jude\u021bean\u0103 \u201eLucian Blaga\u201d Alba","datePublished":"2022-07-14T11:27:04+00:00","dateModified":"2022-07-14T11:27:06+00:00","mainEntityOfPage":{"@id":"https:\/\/urbeamea.ro\/albaiulia\/ateliere-educative-si-jocuri-in-aer-liber-maine-la-biblioteca-judeteana-lucian-blaga-alba\/"},"wordCount":236,"commentCount":0,"image":{"@id":"https:\/\/urbeamea.ro\/albaiulia\/ateliere-educative-si-jocuri-in-aer-liber-maine-la-biblioteca-judeteana-lucian-blaga-alba\/#primaryimage"},"thumbnailUrl":"https:\/\/urbeamea.ro\/albaiulia\/wp-content\/uploads\/2022\/07\/Fara-titlu-4.png","keywords":["ateliere de creatie","Biblioteca Jude\u0163ean\u0103 \u201cLucian Blaga\u201d Alba"],"articleSection":["Evenimente"],"inLanguage":"ro-RO","potentialAction":[{"@type":"CommentAction","name":"Comment","target":["https:\/\/urbeamea.ro\/albaiulia\/ateliere-educative-si-jocuri-in-aer-liber-maine-la-biblioteca-judeteana-lucian-blaga-alba\/#respond"]}]},{"@type":"WebPage","@id":"https:\/\/urbeamea.ro\/albaiulia\/ateliere-educative-si-jocuri-in-aer-liber-maine-la-biblioteca-judeteana-lucian-blaga-alba\/","url":"https:\/\/urbeamea.ro\/albaiulia\/ateliere-educative-si-jocuri-in-aer-liber-maine-la-biblioteca-judeteana-lucian-blaga-alba\/","name":"Ateliere educative \u0219i jocuri \u00een aer liber, m\u00e2ine, la Biblioteca Jude\u021bean\u0103 \u201eLucian Blaga\u201d Alba - Revista Urbea Mea - Revista de Alba","isPartOf":{"@id":"https:\/\/urbeamea.ro\/albaiulia\/#website"},"primaryImageOfPage":{"@id":"https:\/\/urbeamea.ro\/albaiulia\/ateliere-educative-si-jocuri-in-aer-liber-maine-la-biblioteca-judeteana-lucian-blaga-alba\/#primaryimage"},"image":{"@id":"https:\/\/urbeamea.ro\/albaiulia\/ateliere-educative-si-jocuri-in-aer-liber-maine-la-biblioteca-judeteana-lucian-blaga-alba\/#primaryimage"},"thumbnailUrl":"https:\/\/urbeamea.ro\/albaiulia\/wp-content\/uploads\/2022\/07\/Fara-titlu-4.png","datePublished":"2022-07-14T11:27:04+00:00","dateModified":"2022-07-14T11:27:06+00:00","author":{"@id":"https:\/\/urbeamea.ro\/albaiulia\/#\/schema\/person\/272ae98052f8ee8980f59848df070247"},"description":"Vineri, 15 iulie 2022, \u00eentre orele 11.00 \u0219i 13.00, curtea Bibliotecii Jude\u021bene \u201eLucian Blaga\u201d Alba va deveni teren de joac\u0103 pentru cei mici, pe care \u00eei","breadcrumb":{"@id":"https:\/\/urbeamea.ro\/albaiulia\/ateliere-educative-si-jocuri-in-aer-liber-maine-la-biblioteca-judeteana-lucian-blaga-alba\/#breadcrumb"},"inLanguage":"ro-RO","potentialAction":[{"@type":"ReadAction","target":["https:\/\/urbeamea.ro\/albaiulia\/ateliere-educative-si-jocuri-in-aer-liber-maine-la-biblioteca-judeteana-lucian-blaga-alba\/"]}]},{"@type":"ImageObject","inLanguage":"ro-RO","@id":"https:\/\/urbeamea.ro\/albaiulia\/ateliere-educative-si-jocuri-in-aer-liber-maine-la-biblioteca-judeteana-lucian-blaga-alba\/#primaryimage","url":"https:\/\/urbeamea.ro\/albaiulia\/wp-content\/uploads\/2022\/07\/Fara-titlu-4.png","contentUrl":"https:\/\/urbeamea.ro\/albaiulia\/wp-content\/uploads\/2022\/07\/Fara-titlu-4.png","width":1600,"height":1503},{"@type":"BreadcrumbList","@id":"https:\/\/urbeamea.ro\/albaiulia\/ateliere-educative-si-jocuri-in-aer-liber-maine-la-biblioteca-judeteana-lucian-blaga-alba\/#breadcrumb","itemListElement":[{"@type":"ListItem","position":1,"name":"Prima pagin\u0103","item":"https:\/\/urbeamea.ro\/albaiulia\/"},{"@type":"ListItem","position":2,"name":"Ateliere educative \u0219i jocuri \u00een aer liber, m\u00e2ine, la Biblioteca Jude\u021bean\u0103 \u201eLucian Blaga\u201d Alba"}]},{"@type":"WebSite","@id":"https:\/\/urbeamea.ro\/albaiulia\/#website","url":"https:\/\/urbeamea.ro\/albaiulia\/","name":"Revista Urbea Mea, Stiri urbane","description":"Evenimente \u0219i \u0219tiri din Alba Iulia, Sebe\u0219, Aiud, Blaj","potentialAction":[{"@type":"SearchAction","target":{"@type":"EntryPoint","urlTemplate":"https:\/\/urbeamea.ro\/albaiulia\/?s={search_term_string}"},"query-input":{"@type":"PropertyValueSpecification","valueRequired":true,"valueName":"search_term_string"}}],"inLanguage":"ro-RO"},{"@type":"Person","@id":"https:\/\/urbeamea.ro\/albaiulia\/#\/schema\/person\/272ae98052f8ee8980f59848df070247","name":"Redac\u021bia UrbeaMea","image":{"@type":"ImageObject","inLanguage":"ro-RO","@id":"https:\/\/secure.gravatar.com\/avatar\/9ce5a9435071fa1037e8468053ead8e513dbbff59009d3069aadb85506d85a27?s=96&d=mm&r=g","url":"https:\/\/secure.gravatar.com\/avatar\/9ce5a9435071fa1037e8468053ead8e513dbbff59009d3069aadb85506d85a27?s=96&d=mm&r=g","contentUrl":"https:\/\/secure.gravatar.com\/avatar\/9ce5a9435071fa1037e8468053ead8e513dbbff59009d3069aadb85506d85a27?s=96&d=mm&r=g","caption":"Redac\u021bia UrbeaMea"},"description":"contact@urbeamea.ro","sameAs":["https:\/\/www.urbeamea.ro"],"url":"https:\/\/urbeamea.ro\/albaiulia\/author\/redactia-urbeamea\/"}]}},"_links":{"self":[{"href":"https:\/\/urbeamea.ro\/albaiulia\/wp-json\/wp\/v2\/posts\/102913","targetHints":{"allow":["GET"]}}],"collection":[{"href":"https:\/\/urbeamea.ro\/albaiulia\/wp-json\/wp\/v2\/posts"}],"about":[{"href":"https:\/\/urbeamea.ro\/albaiulia\/wp-json\/wp\/v2\/types\/post"}],"author":[{"embeddable":true,"href":"https:\/\/urbeamea.ro\/albaiulia\/wp-json\/wp\/v2\/users\/16"}],"replies":[{"embeddable":true,"href":"https:\/\/urbeamea.ro\/albaiulia\/wp-json\/wp\/v2\/comments?post=102913"}],"version-history":[{"count":1,"href":"https:\/\/urbeamea.ro\/albaiulia\/wp-json\/wp\/v2\/posts\/102913\/revisions"}],"predecessor-version":[{"id":102916,"href":"https:\/\/urbeamea.ro\/albaiulia\/wp-json\/wp\/v2\/posts\/102913\/revisions\/102916"}],"wp:featuredmedia":[{"embeddable":true,"href":"https:\/\/urbeamea.ro\/albaiulia\/wp-json\/wp\/v2\/media\/102915"}],"wp:attachment":[{"href":"https:\/\/urbeamea.ro\/albaiulia\/wp-json\/wp\/v2\/media?parent=102913"}],"wp:term":[{"taxonomy":"category","embeddable":true,"href":"https:\/\/urbeamea.ro\/albaiulia\/wp-json\/wp\/v2\/categories?post=102913"},{"taxonomy":"post_tag","embeddable":true,"href":"https:\/\/urbeamea.ro\/albaiulia\/wp-json\/wp\/v2\/tags?post=102913"}],"curies":[{"name":"wp","href":"https:\/\/api.w.org\/{rel}","templated":true}]}}