{"id":103166,"date":"2022-07-27T17:49:11","date_gmt":"2022-07-27T14:49:11","guid":{"rendered":"https:\/\/urbeamea.ro\/albaiulia\/?p=103166"},"modified":"2022-07-27T17:49:13","modified_gmt":"2022-07-27T14:49:13","slug":"programul-de-vara-al-grupului-skepsis-continua-cu-extraordinarele-aventuri-ale-capitanului-spaventa","status":"publish","type":"post","link":"https:\/\/urbeamea.ro\/albaiulia\/programul-de-vara-al-grupului-skepsis-continua-cu-extraordinarele-aventuri-ale-capitanului-spaventa\/","title":{"rendered":"Programul de var\u0103 al Grupului Skepsis continu\u0103 cu Extraordinarele Aventuri ale C\u0103pitanului Spaventa\u00a0"},"content":{"rendered":"\n<p><strong>Duminic\u0103, 31.07.2022, ora 19.00, Grupul Skepsis v\u0103 invit\u0103 \u00een fa\u021ba Muzeului Na\u021bional al Unirii Alba Iulia pentru a fi martori la <em>Extraordinarele Aventuri ale C\u0103pitanului Spaventa<\/em>, un spectacol original care continu\u0103 seria de evenimente dedicat\u0103 genului Commedia dell\u2019Arte.<\/strong><\/p>\n\n\n\n<p>Unul dintre cele mai populare personaje ale genului, C\u0103pitanul Spaventa, cel mai viteaz om de arme al vremii sale, dup\u0103 propria descriere, va \u00eencerca \u00eenc\u0103 o dat\u0103 s\u0103-\u015fi demonstreze capacitatea de a cuceri cet\u0103\u0163i \u015fi ora\u015fe, inima Isabellei, admira\u0163ia lui Arlecchino \u015fi mai ales\u2026 aplauzele spectatorilor, care se pot considera noroco\u0219i s\u0103 fie contemporani cu el!<\/p>\n\n\n\n<p>Spectacolul are pasaje muzicale, elemente de interac\u021biune cu publicul, ritm sus\u0163inut \u015fi toate incredientele specifice genul comedia dell arte.<\/p>\n\n\n\n<p>Accesul publicului este liber, evenimentul continu\u00e2nd programul de spectacole \u0219i evenimente \u00een aer liber propus de Grupul Skepsis pentru anul 2022. \u00cen cazul vremii nefavorabile, spectacolul va fi decalat sau reprogramat, modific\u0103rile fiind anun\u021bate pe pagina facebook a grupului: <a href=\"https:\/\/www.facebook.com\/skepsis2002\" target=\"_blank\" rel=\"noreferrer noopener\">https:\/\/www.facebook.com\/skepsis2002<\/a><\/p>\n\n\n\n<p>Evenimentul este prezentat \u00een cadrul proiectului <em>Stagiunea cu Skepsis 2022<\/em> \u2013 un proiect care urm\u0103re\u015fte implicarea tineretului \u00een diversificarea ofertei cultural-artistice a ora\u015fului \u015fi participarea civic\u0103 la via\u0163a sociocultural\u0103. Prin acest proiect Grupul Skepsis formeaz\u0103 tineri actori, dezvolt\u0103 colabor\u0103ri cu arti\u015fti din \u0163ar\u0103 \u015fi din str\u0103in\u0103tate, preg\u0103te\u015fte \u015fi ofer\u0103 \u00een mod riguros \u015fi sistematic publicului albaiulian spectacole de teatru \u015fi divertisment pe \u00eentreg parcursul anului.<\/p>\n\n\n\n<p><strong>Parteneri:<\/strong> Prim\u0103ria Municipiului Alba Iulia; Casa de Cultur\u0103 a Studen\u0163ilor Alba Iulia; Funda\u0163ia \u201eInter-Art\u201d Aiud; Universitatea \u201d1 Decembrie 1918\u201d Alba Iulia; Muzeul Na\u021bional al Unirii Alba Iulia<\/p>\n\n\n\n<figure class=\"wp-block-gallery has-nested-images columns-default is-cropped wp-block-gallery-1 is-layout-flex wp-block-gallery-is-layout-flex\">\n<figure class=\"wp-block-image size-large\"><img loading=\"lazy\" decoding=\"async\" width=\"1280\" height=\"720\" data-id=\"103167\" src=\"https:\/\/urbeamea.ro\/albaiulia\/wp-content\/uploads\/2022\/07\/P1060452-1280x720.jpg\" alt=\"\" class=\"wp-image-103167\" srcset=\"https:\/\/urbeamea.ro\/albaiulia\/wp-content\/uploads\/2022\/07\/P1060452-1280x720.jpg 1280w, https:\/\/urbeamea.ro\/albaiulia\/wp-content\/uploads\/2022\/07\/P1060452-640x360.jpg 640w, https:\/\/urbeamea.ro\/albaiulia\/wp-content\/uploads\/2022\/07\/P1060452-150x84.jpg 150w, https:\/\/urbeamea.ro\/albaiulia\/wp-content\/uploads\/2022\/07\/P1060452-768x432.jpg 768w, https:\/\/urbeamea.ro\/albaiulia\/wp-content\/uploads\/2022\/07\/P1060452-1536x864.jpg 1536w, https:\/\/urbeamea.ro\/albaiulia\/wp-content\/uploads\/2022\/07\/P1060452-390x220.jpg 390w, https:\/\/urbeamea.ro\/albaiulia\/wp-content\/uploads\/2022\/07\/P1060452.jpg 1600w\" sizes=\"auto, (max-width: 1280px) 100vw, 1280px\" \/><\/figure>\n\n\n\n<figure class=\"wp-block-image size-large\"><img loading=\"lazy\" decoding=\"async\" width=\"1280\" height=\"854\" data-id=\"103168\" src=\"https:\/\/urbeamea.ro\/albaiulia\/wp-content\/uploads\/2022\/07\/DSC_0194-1280x854.jpg\" alt=\"\" class=\"wp-image-103168\" srcset=\"https:\/\/urbeamea.ro\/albaiulia\/wp-content\/uploads\/2022\/07\/DSC_0194-1280x854.jpg 1280w, https:\/\/urbeamea.ro\/albaiulia\/wp-content\/uploads\/2022\/07\/DSC_0194-640x427.jpg 640w, https:\/\/urbeamea.ro\/albaiulia\/wp-content\/uploads\/2022\/07\/DSC_0194-150x100.jpg 150w, https:\/\/urbeamea.ro\/albaiulia\/wp-content\/uploads\/2022\/07\/DSC_0194-768x512.jpg 768w, https:\/\/urbeamea.ro\/albaiulia\/wp-content\/uploads\/2022\/07\/DSC_0194-1536x1024.jpg 1536w, https:\/\/urbeamea.ro\/albaiulia\/wp-content\/uploads\/2022\/07\/DSC_0194.jpg 1600w\" sizes=\"auto, (max-width: 1280px) 100vw, 1280px\" \/><\/figure>\n<\/figure>\n","protected":false},"excerpt":{"rendered":"<p>Duminic\u0103, 31.07.2022, ora 19.00, Grupul Skepsis v\u0103 invit\u0103 \u00een fa\u021ba Muzeului Na\u021bional al Unirii Alba Iulia pentru a fi martori la Extraordinarele Aventuri ale C\u0103pitanului Spaventa, un spectacol original care continu\u0103 seria de evenimente dedicat\u0103 genului Commedia dell\u2019Arte. Unul dintre cele mai populare personaje ale genului, C\u0103pitanul Spaventa, cel mai viteaz om de arme al &hellip;<\/p>\n","protected":false},"author":16,"featured_media":103169,"comment_status":"open","ping_status":"open","sticky":false,"template":"","format":"standard","meta":{"inline_featured_image":false,"footnotes":""},"categories":[4],"tags":[523],"class_list":["post-103166","post","type-post","status-publish","format-standard","has-post-thumbnail","hentry","category-eveniment","tag-grupul-skepsis"],"yoast_head":"<!-- This site is optimized with the Yoast SEO plugin v27.4 - https:\/\/yoast.com\/product\/yoast-seo-wordpress\/ -->\n<title>Programul de var\u0103 al Grupului Skepsis continu\u0103 cu Extraordinarele Aventuri ale C\u0103pitanului Spaventa\u00a0 - Revista Urbea Mea - Revista de Alba<\/title>\n<meta name=\"description\" content=\"Duminic\u0103, 31.07.2022, ora 19.00, Grupul Skepsis v\u0103 invit\u0103 \u00een fa\u021ba Muzeului Na\u021bional al Unirii Alba Iulia pentru a fi martori la Extraordinarele Aventuri\" \/>\n<meta name=\"robots\" content=\"index, follow, max-snippet:-1, max-image-preview:large, max-video-preview:-1\" \/>\n<link rel=\"canonical\" href=\"https:\/\/urbeamea.ro\/albaiulia\/programul-de-vara-al-grupului-skepsis-continua-cu-extraordinarele-aventuri-ale-capitanului-spaventa\/\" \/>\n<meta name=\"twitter:card\" content=\"summary_large_image\" \/>\n<meta name=\"twitter:title\" content=\"Programul de var\u0103 al Grupului Skepsis continu\u0103 cu Extraordinarele Aventuri ale C\u0103pitanului Spaventa\u00a0 - Revista Urbea Mea - Revista de Alba\" \/>\n<meta name=\"twitter:description\" content=\"Duminic\u0103, 31.07.2022, ora 19.00, Grupul Skepsis v\u0103 invit\u0103 \u00een fa\u021ba Muzeului Na\u021bional al Unirii Alba Iulia pentru a fi martori la Extraordinarele Aventuri\" \/>\n<meta name=\"twitter:image\" content=\"https:\/\/urbeamea.ro\/albaiulia\/wp-content\/uploads\/2022\/07\/14-IMG_1349-cosmin-szekely.jpg\" \/>\n<meta name=\"twitter:creator\" content=\"@urbeameaweb\" \/>\n<meta name=\"twitter:site\" content=\"@urbeameaweb\" \/>\n<script type=\"application\/ld+json\" class=\"yoast-schema-graph\">{\"@context\":\"https:\\\/\\\/schema.org\",\"@graph\":[{\"@type\":\"Article\",\"@id\":\"https:\\\/\\\/urbeamea.ro\\\/albaiulia\\\/programul-de-vara-al-grupului-skepsis-continua-cu-extraordinarele-aventuri-ale-capitanului-spaventa\\\/#article\",\"isPartOf\":{\"@id\":\"https:\\\/\\\/urbeamea.ro\\\/albaiulia\\\/programul-de-vara-al-grupului-skepsis-continua-cu-extraordinarele-aventuri-ale-capitanului-spaventa\\\/\"},\"author\":{\"name\":\"Redac\u021bia UrbeaMea\",\"@id\":\"https:\\\/\\\/urbeamea.ro\\\/albaiulia\\\/#\\\/schema\\\/person\\\/272ae98052f8ee8980f59848df070247\"},\"headline\":\"Programul de var\u0103 al Grupului Skepsis continu\u0103 cu Extraordinarele Aventuri ale C\u0103pitanului Spaventa\u00a0\",\"datePublished\":\"2022-07-27T14:49:11+00:00\",\"dateModified\":\"2022-07-27T14:49:13+00:00\",\"mainEntityOfPage\":{\"@id\":\"https:\\\/\\\/urbeamea.ro\\\/albaiulia\\\/programul-de-vara-al-grupului-skepsis-continua-cu-extraordinarele-aventuri-ale-capitanului-spaventa\\\/\"},\"wordCount\":286,\"commentCount\":0,\"image\":{\"@id\":\"https:\\\/\\\/urbeamea.ro\\\/albaiulia\\\/programul-de-vara-al-grupului-skepsis-continua-cu-extraordinarele-aventuri-ale-capitanului-spaventa\\\/#primaryimage\"},\"thumbnailUrl\":\"https:\\\/\\\/urbeamea.ro\\\/albaiulia\\\/wp-content\\\/uploads\\\/2022\\\/07\\\/14-IMG_1349-cosmin-szekely.jpg\",\"keywords\":[\"grupul skepsis\"],\"articleSection\":[\"Evenimente\"],\"inLanguage\":\"ro-RO\",\"potentialAction\":[{\"@type\":\"CommentAction\",\"name\":\"Comment\",\"target\":[\"https:\\\/\\\/urbeamea.ro\\\/albaiulia\\\/programul-de-vara-al-grupului-skepsis-continua-cu-extraordinarele-aventuri-ale-capitanului-spaventa\\\/#respond\"]}]},{\"@type\":\"WebPage\",\"@id\":\"https:\\\/\\\/urbeamea.ro\\\/albaiulia\\\/programul-de-vara-al-grupului-skepsis-continua-cu-extraordinarele-aventuri-ale-capitanului-spaventa\\\/\",\"url\":\"https:\\\/\\\/urbeamea.ro\\\/albaiulia\\\/programul-de-vara-al-grupului-skepsis-continua-cu-extraordinarele-aventuri-ale-capitanului-spaventa\\\/\",\"name\":\"Programul de var\u0103 al Grupului Skepsis continu\u0103 cu Extraordinarele Aventuri ale C\u0103pitanului Spaventa\u00a0 - Revista Urbea Mea - Revista de Alba\",\"isPartOf\":{\"@id\":\"https:\\\/\\\/urbeamea.ro\\\/albaiulia\\\/#website\"},\"primaryImageOfPage\":{\"@id\":\"https:\\\/\\\/urbeamea.ro\\\/albaiulia\\\/programul-de-vara-al-grupului-skepsis-continua-cu-extraordinarele-aventuri-ale-capitanului-spaventa\\\/#primaryimage\"},\"image\":{\"@id\":\"https:\\\/\\\/urbeamea.ro\\\/albaiulia\\\/programul-de-vara-al-grupului-skepsis-continua-cu-extraordinarele-aventuri-ale-capitanului-spaventa\\\/#primaryimage\"},\"thumbnailUrl\":\"https:\\\/\\\/urbeamea.ro\\\/albaiulia\\\/wp-content\\\/uploads\\\/2022\\\/07\\\/14-IMG_1349-cosmin-szekely.jpg\",\"datePublished\":\"2022-07-27T14:49:11+00:00\",\"dateModified\":\"2022-07-27T14:49:13+00:00\",\"author\":{\"@id\":\"https:\\\/\\\/urbeamea.ro\\\/albaiulia\\\/#\\\/schema\\\/person\\\/272ae98052f8ee8980f59848df070247\"},\"description\":\"Duminic\u0103, 31.07.2022, ora 19.00, Grupul Skepsis v\u0103 invit\u0103 \u00een fa\u021ba Muzeului Na\u021bional al Unirii Alba Iulia pentru a fi martori la Extraordinarele Aventuri\",\"breadcrumb\":{\"@id\":\"https:\\\/\\\/urbeamea.ro\\\/albaiulia\\\/programul-de-vara-al-grupului-skepsis-continua-cu-extraordinarele-aventuri-ale-capitanului-spaventa\\\/#breadcrumb\"},\"inLanguage\":\"ro-RO\",\"potentialAction\":[{\"@type\":\"ReadAction\",\"target\":[\"https:\\\/\\\/urbeamea.ro\\\/albaiulia\\\/programul-de-vara-al-grupului-skepsis-continua-cu-extraordinarele-aventuri-ale-capitanului-spaventa\\\/\"]}]},{\"@type\":\"ImageObject\",\"inLanguage\":\"ro-RO\",\"@id\":\"https:\\\/\\\/urbeamea.ro\\\/albaiulia\\\/programul-de-vara-al-grupului-skepsis-continua-cu-extraordinarele-aventuri-ale-capitanului-spaventa\\\/#primaryimage\",\"url\":\"https:\\\/\\\/urbeamea.ro\\\/albaiulia\\\/wp-content\\\/uploads\\\/2022\\\/07\\\/14-IMG_1349-cosmin-szekely.jpg\",\"contentUrl\":\"https:\\\/\\\/urbeamea.ro\\\/albaiulia\\\/wp-content\\\/uploads\\\/2022\\\/07\\\/14-IMG_1349-cosmin-szekely.jpg\",\"width\":1600,\"height\":1067},{\"@type\":\"BreadcrumbList\",\"@id\":\"https:\\\/\\\/urbeamea.ro\\\/albaiulia\\\/programul-de-vara-al-grupului-skepsis-continua-cu-extraordinarele-aventuri-ale-capitanului-spaventa\\\/#breadcrumb\",\"itemListElement\":[{\"@type\":\"ListItem\",\"position\":1,\"name\":\"Prima pagin\u0103\",\"item\":\"https:\\\/\\\/urbeamea.ro\\\/albaiulia\\\/\"},{\"@type\":\"ListItem\",\"position\":2,\"name\":\"Programul de var\u0103 al Grupului Skepsis continu\u0103 cu Extraordinarele Aventuri ale C\u0103pitanului Spaventa\u00a0\"}]},{\"@type\":\"WebSite\",\"@id\":\"https:\\\/\\\/urbeamea.ro\\\/albaiulia\\\/#website\",\"url\":\"https:\\\/\\\/urbeamea.ro\\\/albaiulia\\\/\",\"name\":\"Revista Urbea Mea, Stiri urbane\",\"description\":\"Evenimente \u0219i \u0219tiri din Alba Iulia, Sebe\u0219, Aiud, Blaj\",\"potentialAction\":[{\"@type\":\"SearchAction\",\"target\":{\"@type\":\"EntryPoint\",\"urlTemplate\":\"https:\\\/\\\/urbeamea.ro\\\/albaiulia\\\/?s={search_term_string}\"},\"query-input\":{\"@type\":\"PropertyValueSpecification\",\"valueRequired\":true,\"valueName\":\"search_term_string\"}}],\"inLanguage\":\"ro-RO\"},{\"@type\":\"Person\",\"@id\":\"https:\\\/\\\/urbeamea.ro\\\/albaiulia\\\/#\\\/schema\\\/person\\\/272ae98052f8ee8980f59848df070247\",\"name\":\"Redac\u021bia UrbeaMea\",\"image\":{\"@type\":\"ImageObject\",\"inLanguage\":\"ro-RO\",\"@id\":\"https:\\\/\\\/secure.gravatar.com\\\/avatar\\\/9ce5a9435071fa1037e8468053ead8e513dbbff59009d3069aadb85506d85a27?s=96&d=mm&r=g\",\"url\":\"https:\\\/\\\/secure.gravatar.com\\\/avatar\\\/9ce5a9435071fa1037e8468053ead8e513dbbff59009d3069aadb85506d85a27?s=96&d=mm&r=g\",\"contentUrl\":\"https:\\\/\\\/secure.gravatar.com\\\/avatar\\\/9ce5a9435071fa1037e8468053ead8e513dbbff59009d3069aadb85506d85a27?s=96&d=mm&r=g\",\"caption\":\"Redac\u021bia UrbeaMea\"},\"description\":\"contact@urbeamea.ro\",\"sameAs\":[\"https:\\\/\\\/www.urbeamea.ro\"],\"url\":\"https:\\\/\\\/urbeamea.ro\\\/albaiulia\\\/author\\\/redactia-urbeamea\\\/\"}]}<\/script>\n<!-- \/ Yoast SEO plugin. -->","yoast_head_json":{"title":"Programul de var\u0103 al Grupului Skepsis continu\u0103 cu Extraordinarele Aventuri ale C\u0103pitanului Spaventa\u00a0 - Revista Urbea Mea - Revista de Alba","description":"Duminic\u0103, 31.07.2022, ora 19.00, Grupul Skepsis v\u0103 invit\u0103 \u00een fa\u021ba Muzeului Na\u021bional al Unirii Alba Iulia pentru a fi martori la Extraordinarele Aventuri","robots":{"index":"index","follow":"follow","max-snippet":"max-snippet:-1","max-image-preview":"max-image-preview:large","max-video-preview":"max-video-preview:-1"},"canonical":"https:\/\/urbeamea.ro\/albaiulia\/programul-de-vara-al-grupului-skepsis-continua-cu-extraordinarele-aventuri-ale-capitanului-spaventa\/","twitter_card":"summary_large_image","twitter_title":"Programul de var\u0103 al Grupului Skepsis continu\u0103 cu Extraordinarele Aventuri ale C\u0103pitanului Spaventa\u00a0 - Revista Urbea Mea - Revista de Alba","twitter_description":"Duminic\u0103, 31.07.2022, ora 19.00, Grupul Skepsis v\u0103 invit\u0103 \u00een fa\u021ba Muzeului Na\u021bional al Unirii Alba Iulia pentru a fi martori la Extraordinarele Aventuri","twitter_image":"https:\/\/urbeamea.ro\/albaiulia\/wp-content\/uploads\/2022\/07\/14-IMG_1349-cosmin-szekely.jpg","twitter_creator":"@urbeameaweb","twitter_site":"@urbeameaweb","schema":{"@context":"https:\/\/schema.org","@graph":[{"@type":"Article","@id":"https:\/\/urbeamea.ro\/albaiulia\/programul-de-vara-al-grupului-skepsis-continua-cu-extraordinarele-aventuri-ale-capitanului-spaventa\/#article","isPartOf":{"@id":"https:\/\/urbeamea.ro\/albaiulia\/programul-de-vara-al-grupului-skepsis-continua-cu-extraordinarele-aventuri-ale-capitanului-spaventa\/"},"author":{"name":"Redac\u021bia UrbeaMea","@id":"https:\/\/urbeamea.ro\/albaiulia\/#\/schema\/person\/272ae98052f8ee8980f59848df070247"},"headline":"Programul de var\u0103 al Grupului Skepsis continu\u0103 cu Extraordinarele Aventuri ale C\u0103pitanului Spaventa\u00a0","datePublished":"2022-07-27T14:49:11+00:00","dateModified":"2022-07-27T14:49:13+00:00","mainEntityOfPage":{"@id":"https:\/\/urbeamea.ro\/albaiulia\/programul-de-vara-al-grupului-skepsis-continua-cu-extraordinarele-aventuri-ale-capitanului-spaventa\/"},"wordCount":286,"commentCount":0,"image":{"@id":"https:\/\/urbeamea.ro\/albaiulia\/programul-de-vara-al-grupului-skepsis-continua-cu-extraordinarele-aventuri-ale-capitanului-spaventa\/#primaryimage"},"thumbnailUrl":"https:\/\/urbeamea.ro\/albaiulia\/wp-content\/uploads\/2022\/07\/14-IMG_1349-cosmin-szekely.jpg","keywords":["grupul skepsis"],"articleSection":["Evenimente"],"inLanguage":"ro-RO","potentialAction":[{"@type":"CommentAction","name":"Comment","target":["https:\/\/urbeamea.ro\/albaiulia\/programul-de-vara-al-grupului-skepsis-continua-cu-extraordinarele-aventuri-ale-capitanului-spaventa\/#respond"]}]},{"@type":"WebPage","@id":"https:\/\/urbeamea.ro\/albaiulia\/programul-de-vara-al-grupului-skepsis-continua-cu-extraordinarele-aventuri-ale-capitanului-spaventa\/","url":"https:\/\/urbeamea.ro\/albaiulia\/programul-de-vara-al-grupului-skepsis-continua-cu-extraordinarele-aventuri-ale-capitanului-spaventa\/","name":"Programul de var\u0103 al Grupului Skepsis continu\u0103 cu Extraordinarele Aventuri ale C\u0103pitanului Spaventa\u00a0 - Revista Urbea Mea - Revista de Alba","isPartOf":{"@id":"https:\/\/urbeamea.ro\/albaiulia\/#website"},"primaryImageOfPage":{"@id":"https:\/\/urbeamea.ro\/albaiulia\/programul-de-vara-al-grupului-skepsis-continua-cu-extraordinarele-aventuri-ale-capitanului-spaventa\/#primaryimage"},"image":{"@id":"https:\/\/urbeamea.ro\/albaiulia\/programul-de-vara-al-grupului-skepsis-continua-cu-extraordinarele-aventuri-ale-capitanului-spaventa\/#primaryimage"},"thumbnailUrl":"https:\/\/urbeamea.ro\/albaiulia\/wp-content\/uploads\/2022\/07\/14-IMG_1349-cosmin-szekely.jpg","datePublished":"2022-07-27T14:49:11+00:00","dateModified":"2022-07-27T14:49:13+00:00","author":{"@id":"https:\/\/urbeamea.ro\/albaiulia\/#\/schema\/person\/272ae98052f8ee8980f59848df070247"},"description":"Duminic\u0103, 31.07.2022, ora 19.00, Grupul Skepsis v\u0103 invit\u0103 \u00een fa\u021ba Muzeului Na\u021bional al Unirii Alba Iulia pentru a fi martori la Extraordinarele Aventuri","breadcrumb":{"@id":"https:\/\/urbeamea.ro\/albaiulia\/programul-de-vara-al-grupului-skepsis-continua-cu-extraordinarele-aventuri-ale-capitanului-spaventa\/#breadcrumb"},"inLanguage":"ro-RO","potentialAction":[{"@type":"ReadAction","target":["https:\/\/urbeamea.ro\/albaiulia\/programul-de-vara-al-grupului-skepsis-continua-cu-extraordinarele-aventuri-ale-capitanului-spaventa\/"]}]},{"@type":"ImageObject","inLanguage":"ro-RO","@id":"https:\/\/urbeamea.ro\/albaiulia\/programul-de-vara-al-grupului-skepsis-continua-cu-extraordinarele-aventuri-ale-capitanului-spaventa\/#primaryimage","url":"https:\/\/urbeamea.ro\/albaiulia\/wp-content\/uploads\/2022\/07\/14-IMG_1349-cosmin-szekely.jpg","contentUrl":"https:\/\/urbeamea.ro\/albaiulia\/wp-content\/uploads\/2022\/07\/14-IMG_1349-cosmin-szekely.jpg","width":1600,"height":1067},{"@type":"BreadcrumbList","@id":"https:\/\/urbeamea.ro\/albaiulia\/programul-de-vara-al-grupului-skepsis-continua-cu-extraordinarele-aventuri-ale-capitanului-spaventa\/#breadcrumb","itemListElement":[{"@type":"ListItem","position":1,"name":"Prima pagin\u0103","item":"https:\/\/urbeamea.ro\/albaiulia\/"},{"@type":"ListItem","position":2,"name":"Programul de var\u0103 al Grupului Skepsis continu\u0103 cu Extraordinarele Aventuri ale C\u0103pitanului Spaventa\u00a0"}]},{"@type":"WebSite","@id":"https:\/\/urbeamea.ro\/albaiulia\/#website","url":"https:\/\/urbeamea.ro\/albaiulia\/","name":"Revista Urbea Mea, Stiri urbane","description":"Evenimente \u0219i \u0219tiri din Alba Iulia, Sebe\u0219, Aiud, Blaj","potentialAction":[{"@type":"SearchAction","target":{"@type":"EntryPoint","urlTemplate":"https:\/\/urbeamea.ro\/albaiulia\/?s={search_term_string}"},"query-input":{"@type":"PropertyValueSpecification","valueRequired":true,"valueName":"search_term_string"}}],"inLanguage":"ro-RO"},{"@type":"Person","@id":"https:\/\/urbeamea.ro\/albaiulia\/#\/schema\/person\/272ae98052f8ee8980f59848df070247","name":"Redac\u021bia UrbeaMea","image":{"@type":"ImageObject","inLanguage":"ro-RO","@id":"https:\/\/secure.gravatar.com\/avatar\/9ce5a9435071fa1037e8468053ead8e513dbbff59009d3069aadb85506d85a27?s=96&d=mm&r=g","url":"https:\/\/secure.gravatar.com\/avatar\/9ce5a9435071fa1037e8468053ead8e513dbbff59009d3069aadb85506d85a27?s=96&d=mm&r=g","contentUrl":"https:\/\/secure.gravatar.com\/avatar\/9ce5a9435071fa1037e8468053ead8e513dbbff59009d3069aadb85506d85a27?s=96&d=mm&r=g","caption":"Redac\u021bia UrbeaMea"},"description":"contact@urbeamea.ro","sameAs":["https:\/\/www.urbeamea.ro"],"url":"https:\/\/urbeamea.ro\/albaiulia\/author\/redactia-urbeamea\/"}]}},"_links":{"self":[{"href":"https:\/\/urbeamea.ro\/albaiulia\/wp-json\/wp\/v2\/posts\/103166","targetHints":{"allow":["GET"]}}],"collection":[{"href":"https:\/\/urbeamea.ro\/albaiulia\/wp-json\/wp\/v2\/posts"}],"about":[{"href":"https:\/\/urbeamea.ro\/albaiulia\/wp-json\/wp\/v2\/types\/post"}],"author":[{"embeddable":true,"href":"https:\/\/urbeamea.ro\/albaiulia\/wp-json\/wp\/v2\/users\/16"}],"replies":[{"embeddable":true,"href":"https:\/\/urbeamea.ro\/albaiulia\/wp-json\/wp\/v2\/comments?post=103166"}],"version-history":[{"count":1,"href":"https:\/\/urbeamea.ro\/albaiulia\/wp-json\/wp\/v2\/posts\/103166\/revisions"}],"predecessor-version":[{"id":103170,"href":"https:\/\/urbeamea.ro\/albaiulia\/wp-json\/wp\/v2\/posts\/103166\/revisions\/103170"}],"wp:featuredmedia":[{"embeddable":true,"href":"https:\/\/urbeamea.ro\/albaiulia\/wp-json\/wp\/v2\/media\/103169"}],"wp:attachment":[{"href":"https:\/\/urbeamea.ro\/albaiulia\/wp-json\/wp\/v2\/media?parent=103166"}],"wp:term":[{"taxonomy":"category","embeddable":true,"href":"https:\/\/urbeamea.ro\/albaiulia\/wp-json\/wp\/v2\/categories?post=103166"},{"taxonomy":"post_tag","embeddable":true,"href":"https:\/\/urbeamea.ro\/albaiulia\/wp-json\/wp\/v2\/tags?post=103166"}],"curies":[{"name":"wp","href":"https:\/\/api.w.org\/{rel}","templated":true}]}}