{"id":103184,"date":"2022-07-31T13:37:38","date_gmt":"2022-07-31T10:37:38","guid":{"rendered":"https:\/\/urbeamea.ro\/albaiulia\/?p=103184"},"modified":"2022-07-31T13:39:02","modified_gmt":"2022-07-31T10:39:02","slug":"momente-de-folclor-muzical-si-folclor-coregrafic-de-mare-valoare-la-festivalul-international-de-folclor-de-la-aiud","status":"publish","type":"post","link":"https:\/\/urbeamea.ro\/albaiulia\/momente-de-folclor-muzical-si-folclor-coregrafic-de-mare-valoare-la-festivalul-international-de-folclor-de-la-aiud\/","title":{"rendered":"Momente de folclor muzical \u0219i folclor coregrafic de mare valoare la Festivalul Interna\u021bional de Folclor de la Aiud"},"content":{"rendered":"\n<p>Publicul Festivalului Interna\u021bional de Folclor de la Aiud s-a putut bucura, vineri seara, de dou\u0103 momente de folclor muzical \u0219i folclor coregrafic de mare valoare oferite de cele dou\u0103 gazde ale festivalului: Ansamblul Folcloric al Jude\u021bului Alba \u0219i Ansamblul Folcloric \u201eDoina Aiudului\u201d.<\/p>\n\n\n\n<p>Cele dou\u0103 ansambluri au pus \u00een scen\u0103 dou\u0103 momente artistice de excep\u021bie. Ansamblul Folcloric al Jude\u021bului Alba, dirijat de Alexandru Pal, a evoluat al\u0103turi de interpre\u021bii Roxana Reche, Dorina Nari\u021ba, Floricica Moga \u0219i Nicolae Plut\u0103.<\/p>\n\n\n\n<p>Festivalul continu\u0103, s\u00e2mb\u0103t\u0103, cu evolu\u021bia celorlalte ansambluri folclorice invitate din Mexic, Turcia, Slovacia, Serbia, Bulgaria, Polonia, Macedonia de Nord \u0219i Rom\u00e2nia.<\/p>\n\n\n\n<p>Municipiul Aiud g\u0103zduie\u0219te \u00een perioada 28 \u2013 31 iulie 2022 Festivalul Interna\u021bional de Folclor, eveniment ajuns la edi\u021bia a X-a. Festivalul se desf\u0103\u0219oar\u0103 \u00een Pia\u021ba \u201eDr. Constantin Hagea\u201d din municipiu \u0219i reune\u0219te \u00een acest an peste 300 de dansatori \u0219i interpre\u021bi, membri ai unor ansambluri folclorice din Mexic, Turcia, Slovacia, Serbia, Bulgaria, Polonia, Macedonia de Nord \u0219i Rom\u00e2nia. Al\u0103turi de ansamblurile din str\u0103in\u0103tate, publicul spectator se va bucura de prezen\u021ba arti\u0219tilor rom\u00e2ni din cadrul: Ansamblului Folcloric \u201eLugojana\u201d din Lugoj, Ansamblul de dansuri maghiare \u201ePioacs\u201d din Ciumbrud, Ansamblul profesionist \u201eMure\u0219ul\u201d din T\u00e2rgu Mure\u0219, Ansamblul profesionist \u201eCeata Junilor\u201d Sibiu.<\/p>\n\n\n\n<p>Festivalul a debutat joi, 28 iulie 2022, urm\u00e2nd ca \u00een fiecare sear\u0103 ansamblurile folclorice participante s\u0103 \u00eenc\u00e2nte publicul cu minunatele costume populare, precum \u0219i cu muzica \u0219i dansurile specifice fiec\u0103rei \u021b\u0103ri. Ca \u00een fiecare an, festivalul a debutat cu tradi\u021bionala parad\u0103 a portului popular. Fiecare sear\u0103 a festivalului este prezentat\u0103 de jurnalista Andreea Bogdan.<\/p>\n\n\n\n<p>Festivalul Interna\u021bional de Folclor de la Aiud este organizat de Centrul de Cultur\u0103 \u201eAugustin Bena\u201d din subordinea Consiliului Jude\u021bean Alba \u0219i Centrul Multicultural \u201eLiviu Rebreanu&#8221; din subordinea Prim\u0103riei Municipiului Aiud, sub egida CIOFF \u2013 Consiliul Interna\u021bional al Organizatorilor de Festivaluri de Folclor, partener oficial al UNESCO.<\/p>\n\n\n\n<figure class=\"wp-block-gallery has-nested-images columns-default is-cropped wp-block-gallery-1 is-layout-flex wp-block-gallery-is-layout-flex\">\n<figure class=\"wp-block-image size-large\"><img loading=\"lazy\" decoding=\"async\" width=\"1600\" height=\"1068\" data-id=\"103185\" src=\"https:\/\/urbeamea.ro\/albaiulia\/wp-content\/uploads\/2022\/07\/295900815_2297005760449883_137191380781390854_n.jpg\" alt=\"\" class=\"wp-image-103185\" srcset=\"https:\/\/urbeamea.ro\/albaiulia\/wp-content\/uploads\/2022\/07\/295900815_2297005760449883_137191380781390854_n.jpg 1600w, https:\/\/urbeamea.ro\/albaiulia\/wp-content\/uploads\/2022\/07\/295900815_2297005760449883_137191380781390854_n-640x427.jpg 640w, https:\/\/urbeamea.ro\/albaiulia\/wp-content\/uploads\/2022\/07\/295900815_2297005760449883_137191380781390854_n-1280x854.jpg 1280w, https:\/\/urbeamea.ro\/albaiulia\/wp-content\/uploads\/2022\/07\/295900815_2297005760449883_137191380781390854_n-150x100.jpg 150w, https:\/\/urbeamea.ro\/albaiulia\/wp-content\/uploads\/2022\/07\/295900815_2297005760449883_137191380781390854_n-768x513.jpg 768w, https:\/\/urbeamea.ro\/albaiulia\/wp-content\/uploads\/2022\/07\/295900815_2297005760449883_137191380781390854_n-1536x1025.jpg 1536w\" sizes=\"auto, (max-width: 1600px) 100vw, 1600px\" \/><\/figure>\n\n\n\n<figure class=\"wp-block-image size-large\"><img loading=\"lazy\" decoding=\"async\" width=\"1600\" height=\"1068\" data-id=\"103186\" src=\"https:\/\/urbeamea.ro\/albaiulia\/wp-content\/uploads\/2022\/07\/296650997_2297005727116553_9114214727498917597_n.jpg\" alt=\"\" class=\"wp-image-103186\" srcset=\"https:\/\/urbeamea.ro\/albaiulia\/wp-content\/uploads\/2022\/07\/296650997_2297005727116553_9114214727498917597_n.jpg 1600w, https:\/\/urbeamea.ro\/albaiulia\/wp-content\/uploads\/2022\/07\/296650997_2297005727116553_9114214727498917597_n-640x427.jpg 640w, https:\/\/urbeamea.ro\/albaiulia\/wp-content\/uploads\/2022\/07\/296650997_2297005727116553_9114214727498917597_n-1280x854.jpg 1280w, https:\/\/urbeamea.ro\/albaiulia\/wp-content\/uploads\/2022\/07\/296650997_2297005727116553_9114214727498917597_n-150x100.jpg 150w, https:\/\/urbeamea.ro\/albaiulia\/wp-content\/uploads\/2022\/07\/296650997_2297005727116553_9114214727498917597_n-768x513.jpg 768w, https:\/\/urbeamea.ro\/albaiulia\/wp-content\/uploads\/2022\/07\/296650997_2297005727116553_9114214727498917597_n-1536x1025.jpg 1536w\" sizes=\"auto, (max-width: 1600px) 100vw, 1600px\" \/><\/figure>\n\n\n\n<figure class=\"wp-block-image size-large\"><img loading=\"lazy\" decoding=\"async\" width=\"1600\" height=\"841\" data-id=\"103187\" src=\"https:\/\/urbeamea.ro\/albaiulia\/wp-content\/uploads\/2022\/07\/296646693_2297006423783150_1120998973822971402_n.jpg\" alt=\"\" class=\"wp-image-103187\" srcset=\"https:\/\/urbeamea.ro\/albaiulia\/wp-content\/uploads\/2022\/07\/296646693_2297006423783150_1120998973822971402_n.jpg 1600w, https:\/\/urbeamea.ro\/albaiulia\/wp-content\/uploads\/2022\/07\/296646693_2297006423783150_1120998973822971402_n-640x336.jpg 640w, https:\/\/urbeamea.ro\/albaiulia\/wp-content\/uploads\/2022\/07\/296646693_2297006423783150_1120998973822971402_n-1280x673.jpg 1280w, https:\/\/urbeamea.ro\/albaiulia\/wp-content\/uploads\/2022\/07\/296646693_2297006423783150_1120998973822971402_n-150x79.jpg 150w, https:\/\/urbeamea.ro\/albaiulia\/wp-content\/uploads\/2022\/07\/296646693_2297006423783150_1120998973822971402_n-768x404.jpg 768w, https:\/\/urbeamea.ro\/albaiulia\/wp-content\/uploads\/2022\/07\/296646693_2297006423783150_1120998973822971402_n-1536x807.jpg 1536w\" sizes=\"auto, (max-width: 1600px) 100vw, 1600px\" \/><\/figure>\n\n\n\n<figure class=\"wp-block-image size-large\"><img loading=\"lazy\" decoding=\"async\" width=\"1600\" height=\"1068\" data-id=\"103188\" src=\"https:\/\/urbeamea.ro\/albaiulia\/wp-content\/uploads\/2022\/07\/296662817_2297005643783228_7416659570047306886_n.jpg\" alt=\"\" class=\"wp-image-103188\" srcset=\"https:\/\/urbeamea.ro\/albaiulia\/wp-content\/uploads\/2022\/07\/296662817_2297005643783228_7416659570047306886_n.jpg 1600w, https:\/\/urbeamea.ro\/albaiulia\/wp-content\/uploads\/2022\/07\/296662817_2297005643783228_7416659570047306886_n-640x427.jpg 640w, https:\/\/urbeamea.ro\/albaiulia\/wp-content\/uploads\/2022\/07\/296662817_2297005643783228_7416659570047306886_n-1280x854.jpg 1280w, https:\/\/urbeamea.ro\/albaiulia\/wp-content\/uploads\/2022\/07\/296662817_2297005643783228_7416659570047306886_n-150x100.jpg 150w, https:\/\/urbeamea.ro\/albaiulia\/wp-content\/uploads\/2022\/07\/296662817_2297005643783228_7416659570047306886_n-768x513.jpg 768w, https:\/\/urbeamea.ro\/albaiulia\/wp-content\/uploads\/2022\/07\/296662817_2297005643783228_7416659570047306886_n-1536x1025.jpg 1536w\" sizes=\"auto, (max-width: 1600px) 100vw, 1600px\" \/><\/figure>\n\n\n\n<figure class=\"wp-block-image size-large\"><img loading=\"lazy\" decoding=\"async\" width=\"1600\" height=\"1068\" data-id=\"103189\" src=\"https:\/\/urbeamea.ro\/albaiulia\/wp-content\/uploads\/2022\/07\/296713896_2297006503783142_238733299348786537_n.jpg\" alt=\"\" class=\"wp-image-103189\" srcset=\"https:\/\/urbeamea.ro\/albaiulia\/wp-content\/uploads\/2022\/07\/296713896_2297006503783142_238733299348786537_n.jpg 1600w, https:\/\/urbeamea.ro\/albaiulia\/wp-content\/uploads\/2022\/07\/296713896_2297006503783142_238733299348786537_n-640x427.jpg 640w, https:\/\/urbeamea.ro\/albaiulia\/wp-content\/uploads\/2022\/07\/296713896_2297006503783142_238733299348786537_n-1280x854.jpg 1280w, https:\/\/urbeamea.ro\/albaiulia\/wp-content\/uploads\/2022\/07\/296713896_2297006503783142_238733299348786537_n-150x100.jpg 150w, https:\/\/urbeamea.ro\/albaiulia\/wp-content\/uploads\/2022\/07\/296713896_2297006503783142_238733299348786537_n-768x513.jpg 768w, https:\/\/urbeamea.ro\/albaiulia\/wp-content\/uploads\/2022\/07\/296713896_2297006503783142_238733299348786537_n-1536x1025.jpg 1536w\" sizes=\"auto, (max-width: 1600px) 100vw, 1600px\" \/><\/figure>\n<\/figure>\n","protected":false},"excerpt":{"rendered":"<p>Publicul Festivalului Interna\u021bional de Folclor de la Aiud s-a putut bucura, vineri seara, de dou\u0103 momente de folclor muzical \u0219i folclor coregrafic de mare valoare oferite de cele dou\u0103 gazde ale festivalului: Ansamblul Folcloric al Jude\u021bului Alba \u0219i Ansamblul Folcloric \u201eDoina Aiudului\u201d. Cele dou\u0103 ansambluri au pus \u00een scen\u0103 dou\u0103 momente artistice de excep\u021bie. Ansamblul &hellip;<\/p>\n","protected":false},"author":16,"featured_media":103189,"comment_status":"open","ping_status":"open","sticky":false,"template":"","format":"standard","meta":{"inline_featured_image":false,"footnotes":""},"categories":[1],"tags":[],"class_list":["post-103184","post","type-post","status-publish","format-standard","has-post-thumbnail","hentry","category-stiri-urbane"],"yoast_head":"<!-- This site is optimized with the Yoast SEO plugin v27.4 - https:\/\/yoast.com\/product\/yoast-seo-wordpress\/ -->\n<title>Momente de folclor muzical \u0219i folclor coregrafic de mare valoare la Festivalul Interna\u021bional de Folclor de la Aiud - Revista Urbea Mea - Revista de Alba<\/title>\n<meta name=\"description\" content=\"Publicul Festivalului Interna\u021bional de Folclor de la Aiud s-a putut bucura, vineri seara, de dou\u0103 momente de folclor muzical \u0219i folclor coregrafic de mare\" \/>\n<meta name=\"robots\" content=\"index, follow, max-snippet:-1, max-image-preview:large, max-video-preview:-1\" \/>\n<link rel=\"canonical\" href=\"https:\/\/urbeamea.ro\/albaiulia\/momente-de-folclor-muzical-si-folclor-coregrafic-de-mare-valoare-la-festivalul-international-de-folclor-de-la-aiud\/\" \/>\n<meta name=\"twitter:card\" content=\"summary_large_image\" \/>\n<meta name=\"twitter:title\" content=\"Momente de folclor muzical \u0219i folclor coregrafic de mare valoare la Festivalul Interna\u021bional de Folclor de la Aiud - Revista Urbea Mea - Revista de Alba\" \/>\n<meta name=\"twitter:description\" content=\"Publicul Festivalului Interna\u021bional de Folclor de la Aiud s-a putut bucura, vineri seara, de dou\u0103 momente de folclor muzical \u0219i folclor coregrafic de mare\" \/>\n<meta name=\"twitter:image\" content=\"https:\/\/urbeamea.ro\/albaiulia\/wp-content\/uploads\/2022\/07\/296713896_2297006503783142_238733299348786537_n.jpg\" \/>\n<meta name=\"twitter:creator\" content=\"@urbeameaweb\" \/>\n<meta name=\"twitter:site\" content=\"@urbeameaweb\" \/>\n<script type=\"application\/ld+json\" class=\"yoast-schema-graph\">{\"@context\":\"https:\\\/\\\/schema.org\",\"@graph\":[{\"@type\":\"Article\",\"@id\":\"https:\\\/\\\/urbeamea.ro\\\/albaiulia\\\/momente-de-folclor-muzical-si-folclor-coregrafic-de-mare-valoare-la-festivalul-international-de-folclor-de-la-aiud\\\/#article\",\"isPartOf\":{\"@id\":\"https:\\\/\\\/urbeamea.ro\\\/albaiulia\\\/momente-de-folclor-muzical-si-folclor-coregrafic-de-mare-valoare-la-festivalul-international-de-folclor-de-la-aiud\\\/\"},\"author\":{\"name\":\"Redac\u021bia UrbeaMea\",\"@id\":\"https:\\\/\\\/urbeamea.ro\\\/albaiulia\\\/#\\\/schema\\\/person\\\/272ae98052f8ee8980f59848df070247\"},\"headline\":\"Momente de folclor muzical \u0219i folclor coregrafic de mare valoare la Festivalul Interna\u021bional de Folclor de la Aiud\",\"datePublished\":\"2022-07-31T10:37:38+00:00\",\"dateModified\":\"2022-07-31T10:39:02+00:00\",\"mainEntityOfPage\":{\"@id\":\"https:\\\/\\\/urbeamea.ro\\\/albaiulia\\\/momente-de-folclor-muzical-si-folclor-coregrafic-de-mare-valoare-la-festivalul-international-de-folclor-de-la-aiud\\\/\"},\"wordCount\":342,\"commentCount\":0,\"image\":{\"@id\":\"https:\\\/\\\/urbeamea.ro\\\/albaiulia\\\/momente-de-folclor-muzical-si-folclor-coregrafic-de-mare-valoare-la-festivalul-international-de-folclor-de-la-aiud\\\/#primaryimage\"},\"thumbnailUrl\":\"https:\\\/\\\/urbeamea.ro\\\/albaiulia\\\/wp-content\\\/uploads\\\/2022\\\/07\\\/296713896_2297006503783142_238733299348786537_n.jpg\",\"articleSection\":[\"\u015etiri Urbane\"],\"inLanguage\":\"ro-RO\",\"potentialAction\":[{\"@type\":\"CommentAction\",\"name\":\"Comment\",\"target\":[\"https:\\\/\\\/urbeamea.ro\\\/albaiulia\\\/momente-de-folclor-muzical-si-folclor-coregrafic-de-mare-valoare-la-festivalul-international-de-folclor-de-la-aiud\\\/#respond\"]}]},{\"@type\":\"WebPage\",\"@id\":\"https:\\\/\\\/urbeamea.ro\\\/albaiulia\\\/momente-de-folclor-muzical-si-folclor-coregrafic-de-mare-valoare-la-festivalul-international-de-folclor-de-la-aiud\\\/\",\"url\":\"https:\\\/\\\/urbeamea.ro\\\/albaiulia\\\/momente-de-folclor-muzical-si-folclor-coregrafic-de-mare-valoare-la-festivalul-international-de-folclor-de-la-aiud\\\/\",\"name\":\"Momente de folclor muzical \u0219i folclor coregrafic de mare valoare la Festivalul Interna\u021bional de Folclor de la Aiud - Revista Urbea Mea - Revista de Alba\",\"isPartOf\":{\"@id\":\"https:\\\/\\\/urbeamea.ro\\\/albaiulia\\\/#website\"},\"primaryImageOfPage\":{\"@id\":\"https:\\\/\\\/urbeamea.ro\\\/albaiulia\\\/momente-de-folclor-muzical-si-folclor-coregrafic-de-mare-valoare-la-festivalul-international-de-folclor-de-la-aiud\\\/#primaryimage\"},\"image\":{\"@id\":\"https:\\\/\\\/urbeamea.ro\\\/albaiulia\\\/momente-de-folclor-muzical-si-folclor-coregrafic-de-mare-valoare-la-festivalul-international-de-folclor-de-la-aiud\\\/#primaryimage\"},\"thumbnailUrl\":\"https:\\\/\\\/urbeamea.ro\\\/albaiulia\\\/wp-content\\\/uploads\\\/2022\\\/07\\\/296713896_2297006503783142_238733299348786537_n.jpg\",\"datePublished\":\"2022-07-31T10:37:38+00:00\",\"dateModified\":\"2022-07-31T10:39:02+00:00\",\"author\":{\"@id\":\"https:\\\/\\\/urbeamea.ro\\\/albaiulia\\\/#\\\/schema\\\/person\\\/272ae98052f8ee8980f59848df070247\"},\"description\":\"Publicul Festivalului Interna\u021bional de Folclor de la Aiud s-a putut bucura, vineri seara, de dou\u0103 momente de folclor muzical \u0219i folclor coregrafic de mare\",\"breadcrumb\":{\"@id\":\"https:\\\/\\\/urbeamea.ro\\\/albaiulia\\\/momente-de-folclor-muzical-si-folclor-coregrafic-de-mare-valoare-la-festivalul-international-de-folclor-de-la-aiud\\\/#breadcrumb\"},\"inLanguage\":\"ro-RO\",\"potentialAction\":[{\"@type\":\"ReadAction\",\"target\":[\"https:\\\/\\\/urbeamea.ro\\\/albaiulia\\\/momente-de-folclor-muzical-si-folclor-coregrafic-de-mare-valoare-la-festivalul-international-de-folclor-de-la-aiud\\\/\"]}]},{\"@type\":\"ImageObject\",\"inLanguage\":\"ro-RO\",\"@id\":\"https:\\\/\\\/urbeamea.ro\\\/albaiulia\\\/momente-de-folclor-muzical-si-folclor-coregrafic-de-mare-valoare-la-festivalul-international-de-folclor-de-la-aiud\\\/#primaryimage\",\"url\":\"https:\\\/\\\/urbeamea.ro\\\/albaiulia\\\/wp-content\\\/uploads\\\/2022\\\/07\\\/296713896_2297006503783142_238733299348786537_n.jpg\",\"contentUrl\":\"https:\\\/\\\/urbeamea.ro\\\/albaiulia\\\/wp-content\\\/uploads\\\/2022\\\/07\\\/296713896_2297006503783142_238733299348786537_n.jpg\",\"width\":1600,\"height\":1068},{\"@type\":\"BreadcrumbList\",\"@id\":\"https:\\\/\\\/urbeamea.ro\\\/albaiulia\\\/momente-de-folclor-muzical-si-folclor-coregrafic-de-mare-valoare-la-festivalul-international-de-folclor-de-la-aiud\\\/#breadcrumb\",\"itemListElement\":[{\"@type\":\"ListItem\",\"position\":1,\"name\":\"Prima pagin\u0103\",\"item\":\"https:\\\/\\\/urbeamea.ro\\\/albaiulia\\\/\"},{\"@type\":\"ListItem\",\"position\":2,\"name\":\"Momente de folclor muzical \u0219i folclor coregrafic de mare valoare la Festivalul Interna\u021bional de Folclor de la Aiud\"}]},{\"@type\":\"WebSite\",\"@id\":\"https:\\\/\\\/urbeamea.ro\\\/albaiulia\\\/#website\",\"url\":\"https:\\\/\\\/urbeamea.ro\\\/albaiulia\\\/\",\"name\":\"Revista Urbea Mea, Stiri urbane\",\"description\":\"Evenimente \u0219i \u0219tiri din Alba Iulia, Sebe\u0219, Aiud, Blaj\",\"potentialAction\":[{\"@type\":\"SearchAction\",\"target\":{\"@type\":\"EntryPoint\",\"urlTemplate\":\"https:\\\/\\\/urbeamea.ro\\\/albaiulia\\\/?s={search_term_string}\"},\"query-input\":{\"@type\":\"PropertyValueSpecification\",\"valueRequired\":true,\"valueName\":\"search_term_string\"}}],\"inLanguage\":\"ro-RO\"},{\"@type\":\"Person\",\"@id\":\"https:\\\/\\\/urbeamea.ro\\\/albaiulia\\\/#\\\/schema\\\/person\\\/272ae98052f8ee8980f59848df070247\",\"name\":\"Redac\u021bia UrbeaMea\",\"image\":{\"@type\":\"ImageObject\",\"inLanguage\":\"ro-RO\",\"@id\":\"https:\\\/\\\/secure.gravatar.com\\\/avatar\\\/9ce5a9435071fa1037e8468053ead8e513dbbff59009d3069aadb85506d85a27?s=96&d=mm&r=g\",\"url\":\"https:\\\/\\\/secure.gravatar.com\\\/avatar\\\/9ce5a9435071fa1037e8468053ead8e513dbbff59009d3069aadb85506d85a27?s=96&d=mm&r=g\",\"contentUrl\":\"https:\\\/\\\/secure.gravatar.com\\\/avatar\\\/9ce5a9435071fa1037e8468053ead8e513dbbff59009d3069aadb85506d85a27?s=96&d=mm&r=g\",\"caption\":\"Redac\u021bia UrbeaMea\"},\"description\":\"contact@urbeamea.ro\",\"sameAs\":[\"https:\\\/\\\/www.urbeamea.ro\"],\"url\":\"https:\\\/\\\/urbeamea.ro\\\/albaiulia\\\/author\\\/redactia-urbeamea\\\/\"}]}<\/script>\n<!-- \/ Yoast SEO plugin. -->","yoast_head_json":{"title":"Momente de folclor muzical \u0219i folclor coregrafic de mare valoare la Festivalul Interna\u021bional de Folclor de la Aiud - Revista Urbea Mea - Revista de Alba","description":"Publicul Festivalului Interna\u021bional de Folclor de la Aiud s-a putut bucura, vineri seara, de dou\u0103 momente de folclor muzical \u0219i folclor coregrafic de mare","robots":{"index":"index","follow":"follow","max-snippet":"max-snippet:-1","max-image-preview":"max-image-preview:large","max-video-preview":"max-video-preview:-1"},"canonical":"https:\/\/urbeamea.ro\/albaiulia\/momente-de-folclor-muzical-si-folclor-coregrafic-de-mare-valoare-la-festivalul-international-de-folclor-de-la-aiud\/","twitter_card":"summary_large_image","twitter_title":"Momente de folclor muzical \u0219i folclor coregrafic de mare valoare la Festivalul Interna\u021bional de Folclor de la Aiud - Revista Urbea Mea - Revista de Alba","twitter_description":"Publicul Festivalului Interna\u021bional de Folclor de la Aiud s-a putut bucura, vineri seara, de dou\u0103 momente de folclor muzical \u0219i folclor coregrafic de mare","twitter_image":"https:\/\/urbeamea.ro\/albaiulia\/wp-content\/uploads\/2022\/07\/296713896_2297006503783142_238733299348786537_n.jpg","twitter_creator":"@urbeameaweb","twitter_site":"@urbeameaweb","schema":{"@context":"https:\/\/schema.org","@graph":[{"@type":"Article","@id":"https:\/\/urbeamea.ro\/albaiulia\/momente-de-folclor-muzical-si-folclor-coregrafic-de-mare-valoare-la-festivalul-international-de-folclor-de-la-aiud\/#article","isPartOf":{"@id":"https:\/\/urbeamea.ro\/albaiulia\/momente-de-folclor-muzical-si-folclor-coregrafic-de-mare-valoare-la-festivalul-international-de-folclor-de-la-aiud\/"},"author":{"name":"Redac\u021bia UrbeaMea","@id":"https:\/\/urbeamea.ro\/albaiulia\/#\/schema\/person\/272ae98052f8ee8980f59848df070247"},"headline":"Momente de folclor muzical \u0219i folclor coregrafic de mare valoare la Festivalul Interna\u021bional de Folclor de la Aiud","datePublished":"2022-07-31T10:37:38+00:00","dateModified":"2022-07-31T10:39:02+00:00","mainEntityOfPage":{"@id":"https:\/\/urbeamea.ro\/albaiulia\/momente-de-folclor-muzical-si-folclor-coregrafic-de-mare-valoare-la-festivalul-international-de-folclor-de-la-aiud\/"},"wordCount":342,"commentCount":0,"image":{"@id":"https:\/\/urbeamea.ro\/albaiulia\/momente-de-folclor-muzical-si-folclor-coregrafic-de-mare-valoare-la-festivalul-international-de-folclor-de-la-aiud\/#primaryimage"},"thumbnailUrl":"https:\/\/urbeamea.ro\/albaiulia\/wp-content\/uploads\/2022\/07\/296713896_2297006503783142_238733299348786537_n.jpg","articleSection":["\u015etiri Urbane"],"inLanguage":"ro-RO","potentialAction":[{"@type":"CommentAction","name":"Comment","target":["https:\/\/urbeamea.ro\/albaiulia\/momente-de-folclor-muzical-si-folclor-coregrafic-de-mare-valoare-la-festivalul-international-de-folclor-de-la-aiud\/#respond"]}]},{"@type":"WebPage","@id":"https:\/\/urbeamea.ro\/albaiulia\/momente-de-folclor-muzical-si-folclor-coregrafic-de-mare-valoare-la-festivalul-international-de-folclor-de-la-aiud\/","url":"https:\/\/urbeamea.ro\/albaiulia\/momente-de-folclor-muzical-si-folclor-coregrafic-de-mare-valoare-la-festivalul-international-de-folclor-de-la-aiud\/","name":"Momente de folclor muzical \u0219i folclor coregrafic de mare valoare la Festivalul Interna\u021bional de Folclor de la Aiud - Revista Urbea Mea - Revista de Alba","isPartOf":{"@id":"https:\/\/urbeamea.ro\/albaiulia\/#website"},"primaryImageOfPage":{"@id":"https:\/\/urbeamea.ro\/albaiulia\/momente-de-folclor-muzical-si-folclor-coregrafic-de-mare-valoare-la-festivalul-international-de-folclor-de-la-aiud\/#primaryimage"},"image":{"@id":"https:\/\/urbeamea.ro\/albaiulia\/momente-de-folclor-muzical-si-folclor-coregrafic-de-mare-valoare-la-festivalul-international-de-folclor-de-la-aiud\/#primaryimage"},"thumbnailUrl":"https:\/\/urbeamea.ro\/albaiulia\/wp-content\/uploads\/2022\/07\/296713896_2297006503783142_238733299348786537_n.jpg","datePublished":"2022-07-31T10:37:38+00:00","dateModified":"2022-07-31T10:39:02+00:00","author":{"@id":"https:\/\/urbeamea.ro\/albaiulia\/#\/schema\/person\/272ae98052f8ee8980f59848df070247"},"description":"Publicul Festivalului Interna\u021bional de Folclor de la Aiud s-a putut bucura, vineri seara, de dou\u0103 momente de folclor muzical \u0219i folclor coregrafic de mare","breadcrumb":{"@id":"https:\/\/urbeamea.ro\/albaiulia\/momente-de-folclor-muzical-si-folclor-coregrafic-de-mare-valoare-la-festivalul-international-de-folclor-de-la-aiud\/#breadcrumb"},"inLanguage":"ro-RO","potentialAction":[{"@type":"ReadAction","target":["https:\/\/urbeamea.ro\/albaiulia\/momente-de-folclor-muzical-si-folclor-coregrafic-de-mare-valoare-la-festivalul-international-de-folclor-de-la-aiud\/"]}]},{"@type":"ImageObject","inLanguage":"ro-RO","@id":"https:\/\/urbeamea.ro\/albaiulia\/momente-de-folclor-muzical-si-folclor-coregrafic-de-mare-valoare-la-festivalul-international-de-folclor-de-la-aiud\/#primaryimage","url":"https:\/\/urbeamea.ro\/albaiulia\/wp-content\/uploads\/2022\/07\/296713896_2297006503783142_238733299348786537_n.jpg","contentUrl":"https:\/\/urbeamea.ro\/albaiulia\/wp-content\/uploads\/2022\/07\/296713896_2297006503783142_238733299348786537_n.jpg","width":1600,"height":1068},{"@type":"BreadcrumbList","@id":"https:\/\/urbeamea.ro\/albaiulia\/momente-de-folclor-muzical-si-folclor-coregrafic-de-mare-valoare-la-festivalul-international-de-folclor-de-la-aiud\/#breadcrumb","itemListElement":[{"@type":"ListItem","position":1,"name":"Prima pagin\u0103","item":"https:\/\/urbeamea.ro\/albaiulia\/"},{"@type":"ListItem","position":2,"name":"Momente de folclor muzical \u0219i folclor coregrafic de mare valoare la Festivalul Interna\u021bional de Folclor de la Aiud"}]},{"@type":"WebSite","@id":"https:\/\/urbeamea.ro\/albaiulia\/#website","url":"https:\/\/urbeamea.ro\/albaiulia\/","name":"Revista Urbea Mea, Stiri urbane","description":"Evenimente \u0219i \u0219tiri din Alba Iulia, Sebe\u0219, Aiud, Blaj","potentialAction":[{"@type":"SearchAction","target":{"@type":"EntryPoint","urlTemplate":"https:\/\/urbeamea.ro\/albaiulia\/?s={search_term_string}"},"query-input":{"@type":"PropertyValueSpecification","valueRequired":true,"valueName":"search_term_string"}}],"inLanguage":"ro-RO"},{"@type":"Person","@id":"https:\/\/urbeamea.ro\/albaiulia\/#\/schema\/person\/272ae98052f8ee8980f59848df070247","name":"Redac\u021bia UrbeaMea","image":{"@type":"ImageObject","inLanguage":"ro-RO","@id":"https:\/\/secure.gravatar.com\/avatar\/9ce5a9435071fa1037e8468053ead8e513dbbff59009d3069aadb85506d85a27?s=96&d=mm&r=g","url":"https:\/\/secure.gravatar.com\/avatar\/9ce5a9435071fa1037e8468053ead8e513dbbff59009d3069aadb85506d85a27?s=96&d=mm&r=g","contentUrl":"https:\/\/secure.gravatar.com\/avatar\/9ce5a9435071fa1037e8468053ead8e513dbbff59009d3069aadb85506d85a27?s=96&d=mm&r=g","caption":"Redac\u021bia UrbeaMea"},"description":"contact@urbeamea.ro","sameAs":["https:\/\/www.urbeamea.ro"],"url":"https:\/\/urbeamea.ro\/albaiulia\/author\/redactia-urbeamea\/"}]}},"_links":{"self":[{"href":"https:\/\/urbeamea.ro\/albaiulia\/wp-json\/wp\/v2\/posts\/103184","targetHints":{"allow":["GET"]}}],"collection":[{"href":"https:\/\/urbeamea.ro\/albaiulia\/wp-json\/wp\/v2\/posts"}],"about":[{"href":"https:\/\/urbeamea.ro\/albaiulia\/wp-json\/wp\/v2\/types\/post"}],"author":[{"embeddable":true,"href":"https:\/\/urbeamea.ro\/albaiulia\/wp-json\/wp\/v2\/users\/16"}],"replies":[{"embeddable":true,"href":"https:\/\/urbeamea.ro\/albaiulia\/wp-json\/wp\/v2\/comments?post=103184"}],"version-history":[{"count":2,"href":"https:\/\/urbeamea.ro\/albaiulia\/wp-json\/wp\/v2\/posts\/103184\/revisions"}],"predecessor-version":[{"id":103191,"href":"https:\/\/urbeamea.ro\/albaiulia\/wp-json\/wp\/v2\/posts\/103184\/revisions\/103191"}],"wp:featuredmedia":[{"embeddable":true,"href":"https:\/\/urbeamea.ro\/albaiulia\/wp-json\/wp\/v2\/media\/103189"}],"wp:attachment":[{"href":"https:\/\/urbeamea.ro\/albaiulia\/wp-json\/wp\/v2\/media?parent=103184"}],"wp:term":[{"taxonomy":"category","embeddable":true,"href":"https:\/\/urbeamea.ro\/albaiulia\/wp-json\/wp\/v2\/categories?post=103184"},{"taxonomy":"post_tag","embeddable":true,"href":"https:\/\/urbeamea.ro\/albaiulia\/wp-json\/wp\/v2\/tags?post=103184"}],"curies":[{"name":"wp","href":"https:\/\/api.w.org\/{rel}","templated":true}]}}