{"id":103196,"date":"2022-07-31T13:51:42","date_gmt":"2022-07-31T10:51:42","guid":{"rendered":"https:\/\/urbeamea.ro\/albaiulia\/?p=103196"},"modified":"2022-07-31T13:51:42","modified_gmt":"2022-07-31T10:51:42","slug":"casa-de-piatra-stefan-si-catinca","status":"publish","type":"post","link":"https:\/\/urbeamea.ro\/albaiulia\/casa-de-piatra-stefan-si-catinca\/","title":{"rendered":"Cas\u0103 de piatr\u0103, \u0218tefan \u0219i Catinca!"},"content":{"rendered":"\n<p>\u0218tefan \u0219i-a dorit dintotdeauna s\u0103 devin\u0103 pompier, iar \u00een 2017 visul sau a devenit realitate.<\/p>\n\n\n\n<p>Catinca, femeia care avea sa \u00eei devin\u0103 so\u021bie, nu \u0219i-a imaginat s\u0103 ajung\u0103 altceva dec\u00e2t poli\u021bist.&nbsp;<\/p>\n\n\n\n<p>De c\u00e2nd \u0218tefan a devenit pompier, Adrian a fost cel care i-a c\u0103l\u0103uzit pa\u0219ii. Sunt am\u00e2ndoi pe aceea\u0219i tur\u0103, iar Adi l-a \u00eenv\u0103\u021bat ce \u00eenseamn\u0103 s\u0103 fii un adev\u0103rat pompier \u0219i cum s\u0103 aju\u021bi cel mai bine oamenii.<\/p>\n\n\n\n<p>Meda, so\u021bia lui Adrian, lucreaz\u0103 \u00een poli\u021bie, iar c\u00e2nd t\u00e2n\u0103rul cuplu le-a cerut s\u0103 le fie na\u0219i, au acceptat numaidec\u00e2t.<\/p>\n\n\n\n<p>Pentru c\u0103 to\u021bi \u00ee\u0219i iubesc arma, cum altfel s\u0103 fie \u00eembr\u0103ca\u021bi la acest moment care une\u0219te destine?<\/p>\n\n\n\n<p>Cinste celor care iubesc ceea ce fac \u0219i onoreaz\u0103 aceast\u0103 uniform\u0103!, transmit cei de la ISU Alba.<\/p>\n\n\n\n<figure class=\"wp-block-gallery has-nested-images columns-default is-cropped wp-block-gallery-1 is-layout-flex wp-block-gallery-is-layout-flex\">\n<figure class=\"wp-block-image size-large\"><img loading=\"lazy\" decoding=\"async\" width=\"769\" height=\"960\" data-id=\"103199\" src=\"https:\/\/urbeamea.ro\/albaiulia\/wp-content\/uploads\/2022\/07\/296146464_429285629238366_5803748820660673666_n.jpg\" alt=\"\" class=\"wp-image-103199\" srcset=\"https:\/\/urbeamea.ro\/albaiulia\/wp-content\/uploads\/2022\/07\/296146464_429285629238366_5803748820660673666_n.jpg 769w, https:\/\/urbeamea.ro\/albaiulia\/wp-content\/uploads\/2022\/07\/296146464_429285629238366_5803748820660673666_n-513x640.jpg 513w, https:\/\/urbeamea.ro\/albaiulia\/wp-content\/uploads\/2022\/07\/296146464_429285629238366_5803748820660673666_n-120x150.jpg 120w\" sizes=\"auto, (max-width: 769px) 100vw, 769px\" \/><\/figure>\n\n\n\n<figure class=\"wp-block-image size-large\"><img loading=\"lazy\" decoding=\"async\" width=\"769\" height=\"960\" data-id=\"103198\" src=\"https:\/\/urbeamea.ro\/albaiulia\/wp-content\/uploads\/2022\/07\/296031101_429285472571715_3161326681113706378_n.jpg\" alt=\"\" class=\"wp-image-103198\" srcset=\"https:\/\/urbeamea.ro\/albaiulia\/wp-content\/uploads\/2022\/07\/296031101_429285472571715_3161326681113706378_n.jpg 769w, https:\/\/urbeamea.ro\/albaiulia\/wp-content\/uploads\/2022\/07\/296031101_429285472571715_3161326681113706378_n-513x640.jpg 513w, https:\/\/urbeamea.ro\/albaiulia\/wp-content\/uploads\/2022\/07\/296031101_429285472571715_3161326681113706378_n-120x150.jpg 120w\" sizes=\"auto, (max-width: 769px) 100vw, 769px\" \/><\/figure>\n<\/figure>\n","protected":false},"excerpt":{"rendered":"<p>\u0218tefan \u0219i-a dorit dintotdeauna s\u0103 devin\u0103 pompier, iar \u00een 2017 visul sau a devenit realitate. Catinca, femeia care avea sa \u00eei devin\u0103 so\u021bie, nu \u0219i-a imaginat s\u0103 ajung\u0103 altceva dec\u00e2t poli\u021bist.&nbsp; De c\u00e2nd \u0218tefan a devenit pompier, Adrian a fost cel care i-a c\u0103l\u0103uzit pa\u0219ii. Sunt am\u00e2ndoi pe aceea\u0219i tur\u0103, iar Adi l-a \u00eenv\u0103\u021bat ce &hellip;<\/p>\n","protected":false},"author":16,"featured_media":103197,"comment_status":"open","ping_status":"open","sticky":false,"template":"","format":"standard","meta":{"inline_featured_image":false,"footnotes":""},"categories":[1],"tags":[],"class_list":["post-103196","post","type-post","status-publish","format-standard","has-post-thumbnail","hentry","category-stiri-urbane"],"yoast_head":"<!-- This site is optimized with the Yoast SEO plugin v27.4 - https:\/\/yoast.com\/product\/yoast-seo-wordpress\/ -->\n<title>Cas\u0103 de piatr\u0103, \u0218tefan \u0219i Catinca! - Revista Urbea Mea - Revista de Alba<\/title>\n<meta name=\"description\" content=\"\u0218tefan \u0219i-a dorit dintotdeauna s\u0103 devin\u0103 pompier, iar \u00een 2017 visul sau a devenit realitate. Catinca, femeia care avea sa \u00eei devin\u0103 so\u021bie, nu \u0219i-a\" \/>\n<meta name=\"robots\" content=\"index, follow, max-snippet:-1, max-image-preview:large, max-video-preview:-1\" \/>\n<link rel=\"canonical\" href=\"https:\/\/urbeamea.ro\/albaiulia\/casa-de-piatra-stefan-si-catinca\/\" \/>\n<meta name=\"twitter:card\" content=\"summary_large_image\" \/>\n<meta name=\"twitter:title\" content=\"Cas\u0103 de piatr\u0103, \u0218tefan \u0219i Catinca! - Revista Urbea Mea - Revista de Alba\" \/>\n<meta name=\"twitter:description\" content=\"\u0218tefan \u0219i-a dorit dintotdeauna s\u0103 devin\u0103 pompier, iar \u00een 2017 visul sau a devenit realitate. Catinca, femeia care avea sa \u00eei devin\u0103 so\u021bie, nu \u0219i-a\" \/>\n<meta name=\"twitter:image\" content=\"https:\/\/urbeamea.ro\/albaiulia\/wp-content\/uploads\/2022\/07\/296119369_429285512571711_4890459681576690708_n.jpg\" \/>\n<meta name=\"twitter:creator\" content=\"@urbeameaweb\" \/>\n<meta name=\"twitter:site\" content=\"@urbeameaweb\" \/>\n<script type=\"application\/ld+json\" class=\"yoast-schema-graph\">{\"@context\":\"https:\\\/\\\/schema.org\",\"@graph\":[{\"@type\":\"Article\",\"@id\":\"https:\\\/\\\/urbeamea.ro\\\/albaiulia\\\/casa-de-piatra-stefan-si-catinca\\\/#article\",\"isPartOf\":{\"@id\":\"https:\\\/\\\/urbeamea.ro\\\/albaiulia\\\/casa-de-piatra-stefan-si-catinca\\\/\"},\"author\":{\"name\":\"Redac\u021bia UrbeaMea\",\"@id\":\"https:\\\/\\\/urbeamea.ro\\\/albaiulia\\\/#\\\/schema\\\/person\\\/272ae98052f8ee8980f59848df070247\"},\"headline\":\"Cas\u0103 de piatr\u0103, \u0218tefan \u0219i Catinca!\",\"datePublished\":\"2022-07-31T10:51:42+00:00\",\"mainEntityOfPage\":{\"@id\":\"https:\\\/\\\/urbeamea.ro\\\/albaiulia\\\/casa-de-piatra-stefan-si-catinca\\\/\"},\"wordCount\":152,\"commentCount\":0,\"image\":{\"@id\":\"https:\\\/\\\/urbeamea.ro\\\/albaiulia\\\/casa-de-piatra-stefan-si-catinca\\\/#primaryimage\"},\"thumbnailUrl\":\"https:\\\/\\\/urbeamea.ro\\\/albaiulia\\\/wp-content\\\/uploads\\\/2022\\\/07\\\/296119369_429285512571711_4890459681576690708_n.jpg\",\"articleSection\":[\"\u015etiri Urbane\"],\"inLanguage\":\"ro-RO\",\"potentialAction\":[{\"@type\":\"CommentAction\",\"name\":\"Comment\",\"target\":[\"https:\\\/\\\/urbeamea.ro\\\/albaiulia\\\/casa-de-piatra-stefan-si-catinca\\\/#respond\"]}]},{\"@type\":\"WebPage\",\"@id\":\"https:\\\/\\\/urbeamea.ro\\\/albaiulia\\\/casa-de-piatra-stefan-si-catinca\\\/\",\"url\":\"https:\\\/\\\/urbeamea.ro\\\/albaiulia\\\/casa-de-piatra-stefan-si-catinca\\\/\",\"name\":\"Cas\u0103 de piatr\u0103, \u0218tefan \u0219i Catinca! - Revista Urbea Mea - Revista de Alba\",\"isPartOf\":{\"@id\":\"https:\\\/\\\/urbeamea.ro\\\/albaiulia\\\/#website\"},\"primaryImageOfPage\":{\"@id\":\"https:\\\/\\\/urbeamea.ro\\\/albaiulia\\\/casa-de-piatra-stefan-si-catinca\\\/#primaryimage\"},\"image\":{\"@id\":\"https:\\\/\\\/urbeamea.ro\\\/albaiulia\\\/casa-de-piatra-stefan-si-catinca\\\/#primaryimage\"},\"thumbnailUrl\":\"https:\\\/\\\/urbeamea.ro\\\/albaiulia\\\/wp-content\\\/uploads\\\/2022\\\/07\\\/296119369_429285512571711_4890459681576690708_n.jpg\",\"datePublished\":\"2022-07-31T10:51:42+00:00\",\"author\":{\"@id\":\"https:\\\/\\\/urbeamea.ro\\\/albaiulia\\\/#\\\/schema\\\/person\\\/272ae98052f8ee8980f59848df070247\"},\"description\":\"\u0218tefan \u0219i-a dorit dintotdeauna s\u0103 devin\u0103 pompier, iar \u00een 2017 visul sau a devenit realitate. Catinca, femeia care avea sa \u00eei devin\u0103 so\u021bie, nu \u0219i-a\",\"breadcrumb\":{\"@id\":\"https:\\\/\\\/urbeamea.ro\\\/albaiulia\\\/casa-de-piatra-stefan-si-catinca\\\/#breadcrumb\"},\"inLanguage\":\"ro-RO\",\"potentialAction\":[{\"@type\":\"ReadAction\",\"target\":[\"https:\\\/\\\/urbeamea.ro\\\/albaiulia\\\/casa-de-piatra-stefan-si-catinca\\\/\"]}]},{\"@type\":\"ImageObject\",\"inLanguage\":\"ro-RO\",\"@id\":\"https:\\\/\\\/urbeamea.ro\\\/albaiulia\\\/casa-de-piatra-stefan-si-catinca\\\/#primaryimage\",\"url\":\"https:\\\/\\\/urbeamea.ro\\\/albaiulia\\\/wp-content\\\/uploads\\\/2022\\\/07\\\/296119369_429285512571711_4890459681576690708_n.jpg\",\"contentUrl\":\"https:\\\/\\\/urbeamea.ro\\\/albaiulia\\\/wp-content\\\/uploads\\\/2022\\\/07\\\/296119369_429285512571711_4890459681576690708_n.jpg\",\"width\":960,\"height\":640},{\"@type\":\"BreadcrumbList\",\"@id\":\"https:\\\/\\\/urbeamea.ro\\\/albaiulia\\\/casa-de-piatra-stefan-si-catinca\\\/#breadcrumb\",\"itemListElement\":[{\"@type\":\"ListItem\",\"position\":1,\"name\":\"Prima pagin\u0103\",\"item\":\"https:\\\/\\\/urbeamea.ro\\\/albaiulia\\\/\"},{\"@type\":\"ListItem\",\"position\":2,\"name\":\"Cas\u0103 de piatr\u0103, \u0218tefan \u0219i Catinca!\"}]},{\"@type\":\"WebSite\",\"@id\":\"https:\\\/\\\/urbeamea.ro\\\/albaiulia\\\/#website\",\"url\":\"https:\\\/\\\/urbeamea.ro\\\/albaiulia\\\/\",\"name\":\"Revista Urbea Mea, Stiri urbane\",\"description\":\"Evenimente \u0219i \u0219tiri din Alba Iulia, Sebe\u0219, Aiud, Blaj\",\"potentialAction\":[{\"@type\":\"SearchAction\",\"target\":{\"@type\":\"EntryPoint\",\"urlTemplate\":\"https:\\\/\\\/urbeamea.ro\\\/albaiulia\\\/?s={search_term_string}\"},\"query-input\":{\"@type\":\"PropertyValueSpecification\",\"valueRequired\":true,\"valueName\":\"search_term_string\"}}],\"inLanguage\":\"ro-RO\"},{\"@type\":\"Person\",\"@id\":\"https:\\\/\\\/urbeamea.ro\\\/albaiulia\\\/#\\\/schema\\\/person\\\/272ae98052f8ee8980f59848df070247\",\"name\":\"Redac\u021bia UrbeaMea\",\"image\":{\"@type\":\"ImageObject\",\"inLanguage\":\"ro-RO\",\"@id\":\"https:\\\/\\\/secure.gravatar.com\\\/avatar\\\/9ce5a9435071fa1037e8468053ead8e513dbbff59009d3069aadb85506d85a27?s=96&d=mm&r=g\",\"url\":\"https:\\\/\\\/secure.gravatar.com\\\/avatar\\\/9ce5a9435071fa1037e8468053ead8e513dbbff59009d3069aadb85506d85a27?s=96&d=mm&r=g\",\"contentUrl\":\"https:\\\/\\\/secure.gravatar.com\\\/avatar\\\/9ce5a9435071fa1037e8468053ead8e513dbbff59009d3069aadb85506d85a27?s=96&d=mm&r=g\",\"caption\":\"Redac\u021bia UrbeaMea\"},\"description\":\"contact@urbeamea.ro\",\"sameAs\":[\"https:\\\/\\\/www.urbeamea.ro\"],\"url\":\"https:\\\/\\\/urbeamea.ro\\\/albaiulia\\\/author\\\/redactia-urbeamea\\\/\"}]}<\/script>\n<!-- \/ Yoast SEO plugin. -->","yoast_head_json":{"title":"Cas\u0103 de piatr\u0103, \u0218tefan \u0219i Catinca! - Revista Urbea Mea - Revista de Alba","description":"\u0218tefan \u0219i-a dorit dintotdeauna s\u0103 devin\u0103 pompier, iar \u00een 2017 visul sau a devenit realitate. Catinca, femeia care avea sa \u00eei devin\u0103 so\u021bie, nu \u0219i-a","robots":{"index":"index","follow":"follow","max-snippet":"max-snippet:-1","max-image-preview":"max-image-preview:large","max-video-preview":"max-video-preview:-1"},"canonical":"https:\/\/urbeamea.ro\/albaiulia\/casa-de-piatra-stefan-si-catinca\/","twitter_card":"summary_large_image","twitter_title":"Cas\u0103 de piatr\u0103, \u0218tefan \u0219i Catinca! - Revista Urbea Mea - Revista de Alba","twitter_description":"\u0218tefan \u0219i-a dorit dintotdeauna s\u0103 devin\u0103 pompier, iar \u00een 2017 visul sau a devenit realitate. Catinca, femeia care avea sa \u00eei devin\u0103 so\u021bie, nu \u0219i-a","twitter_image":"https:\/\/urbeamea.ro\/albaiulia\/wp-content\/uploads\/2022\/07\/296119369_429285512571711_4890459681576690708_n.jpg","twitter_creator":"@urbeameaweb","twitter_site":"@urbeameaweb","schema":{"@context":"https:\/\/schema.org","@graph":[{"@type":"Article","@id":"https:\/\/urbeamea.ro\/albaiulia\/casa-de-piatra-stefan-si-catinca\/#article","isPartOf":{"@id":"https:\/\/urbeamea.ro\/albaiulia\/casa-de-piatra-stefan-si-catinca\/"},"author":{"name":"Redac\u021bia UrbeaMea","@id":"https:\/\/urbeamea.ro\/albaiulia\/#\/schema\/person\/272ae98052f8ee8980f59848df070247"},"headline":"Cas\u0103 de piatr\u0103, \u0218tefan \u0219i Catinca!","datePublished":"2022-07-31T10:51:42+00:00","mainEntityOfPage":{"@id":"https:\/\/urbeamea.ro\/albaiulia\/casa-de-piatra-stefan-si-catinca\/"},"wordCount":152,"commentCount":0,"image":{"@id":"https:\/\/urbeamea.ro\/albaiulia\/casa-de-piatra-stefan-si-catinca\/#primaryimage"},"thumbnailUrl":"https:\/\/urbeamea.ro\/albaiulia\/wp-content\/uploads\/2022\/07\/296119369_429285512571711_4890459681576690708_n.jpg","articleSection":["\u015etiri Urbane"],"inLanguage":"ro-RO","potentialAction":[{"@type":"CommentAction","name":"Comment","target":["https:\/\/urbeamea.ro\/albaiulia\/casa-de-piatra-stefan-si-catinca\/#respond"]}]},{"@type":"WebPage","@id":"https:\/\/urbeamea.ro\/albaiulia\/casa-de-piatra-stefan-si-catinca\/","url":"https:\/\/urbeamea.ro\/albaiulia\/casa-de-piatra-stefan-si-catinca\/","name":"Cas\u0103 de piatr\u0103, \u0218tefan \u0219i Catinca! - Revista Urbea Mea - Revista de Alba","isPartOf":{"@id":"https:\/\/urbeamea.ro\/albaiulia\/#website"},"primaryImageOfPage":{"@id":"https:\/\/urbeamea.ro\/albaiulia\/casa-de-piatra-stefan-si-catinca\/#primaryimage"},"image":{"@id":"https:\/\/urbeamea.ro\/albaiulia\/casa-de-piatra-stefan-si-catinca\/#primaryimage"},"thumbnailUrl":"https:\/\/urbeamea.ro\/albaiulia\/wp-content\/uploads\/2022\/07\/296119369_429285512571711_4890459681576690708_n.jpg","datePublished":"2022-07-31T10:51:42+00:00","author":{"@id":"https:\/\/urbeamea.ro\/albaiulia\/#\/schema\/person\/272ae98052f8ee8980f59848df070247"},"description":"\u0218tefan \u0219i-a dorit dintotdeauna s\u0103 devin\u0103 pompier, iar \u00een 2017 visul sau a devenit realitate. Catinca, femeia care avea sa \u00eei devin\u0103 so\u021bie, nu \u0219i-a","breadcrumb":{"@id":"https:\/\/urbeamea.ro\/albaiulia\/casa-de-piatra-stefan-si-catinca\/#breadcrumb"},"inLanguage":"ro-RO","potentialAction":[{"@type":"ReadAction","target":["https:\/\/urbeamea.ro\/albaiulia\/casa-de-piatra-stefan-si-catinca\/"]}]},{"@type":"ImageObject","inLanguage":"ro-RO","@id":"https:\/\/urbeamea.ro\/albaiulia\/casa-de-piatra-stefan-si-catinca\/#primaryimage","url":"https:\/\/urbeamea.ro\/albaiulia\/wp-content\/uploads\/2022\/07\/296119369_429285512571711_4890459681576690708_n.jpg","contentUrl":"https:\/\/urbeamea.ro\/albaiulia\/wp-content\/uploads\/2022\/07\/296119369_429285512571711_4890459681576690708_n.jpg","width":960,"height":640},{"@type":"BreadcrumbList","@id":"https:\/\/urbeamea.ro\/albaiulia\/casa-de-piatra-stefan-si-catinca\/#breadcrumb","itemListElement":[{"@type":"ListItem","position":1,"name":"Prima pagin\u0103","item":"https:\/\/urbeamea.ro\/albaiulia\/"},{"@type":"ListItem","position":2,"name":"Cas\u0103 de piatr\u0103, \u0218tefan \u0219i Catinca!"}]},{"@type":"WebSite","@id":"https:\/\/urbeamea.ro\/albaiulia\/#website","url":"https:\/\/urbeamea.ro\/albaiulia\/","name":"Revista Urbea Mea, Stiri urbane","description":"Evenimente \u0219i \u0219tiri din Alba Iulia, Sebe\u0219, Aiud, Blaj","potentialAction":[{"@type":"SearchAction","target":{"@type":"EntryPoint","urlTemplate":"https:\/\/urbeamea.ro\/albaiulia\/?s={search_term_string}"},"query-input":{"@type":"PropertyValueSpecification","valueRequired":true,"valueName":"search_term_string"}}],"inLanguage":"ro-RO"},{"@type":"Person","@id":"https:\/\/urbeamea.ro\/albaiulia\/#\/schema\/person\/272ae98052f8ee8980f59848df070247","name":"Redac\u021bia UrbeaMea","image":{"@type":"ImageObject","inLanguage":"ro-RO","@id":"https:\/\/secure.gravatar.com\/avatar\/9ce5a9435071fa1037e8468053ead8e513dbbff59009d3069aadb85506d85a27?s=96&d=mm&r=g","url":"https:\/\/secure.gravatar.com\/avatar\/9ce5a9435071fa1037e8468053ead8e513dbbff59009d3069aadb85506d85a27?s=96&d=mm&r=g","contentUrl":"https:\/\/secure.gravatar.com\/avatar\/9ce5a9435071fa1037e8468053ead8e513dbbff59009d3069aadb85506d85a27?s=96&d=mm&r=g","caption":"Redac\u021bia UrbeaMea"},"description":"contact@urbeamea.ro","sameAs":["https:\/\/www.urbeamea.ro"],"url":"https:\/\/urbeamea.ro\/albaiulia\/author\/redactia-urbeamea\/"}]}},"_links":{"self":[{"href":"https:\/\/urbeamea.ro\/albaiulia\/wp-json\/wp\/v2\/posts\/103196","targetHints":{"allow":["GET"]}}],"collection":[{"href":"https:\/\/urbeamea.ro\/albaiulia\/wp-json\/wp\/v2\/posts"}],"about":[{"href":"https:\/\/urbeamea.ro\/albaiulia\/wp-json\/wp\/v2\/types\/post"}],"author":[{"embeddable":true,"href":"https:\/\/urbeamea.ro\/albaiulia\/wp-json\/wp\/v2\/users\/16"}],"replies":[{"embeddable":true,"href":"https:\/\/urbeamea.ro\/albaiulia\/wp-json\/wp\/v2\/comments?post=103196"}],"version-history":[{"count":1,"href":"https:\/\/urbeamea.ro\/albaiulia\/wp-json\/wp\/v2\/posts\/103196\/revisions"}],"predecessor-version":[{"id":103200,"href":"https:\/\/urbeamea.ro\/albaiulia\/wp-json\/wp\/v2\/posts\/103196\/revisions\/103200"}],"wp:featuredmedia":[{"embeddable":true,"href":"https:\/\/urbeamea.ro\/albaiulia\/wp-json\/wp\/v2\/media\/103197"}],"wp:attachment":[{"href":"https:\/\/urbeamea.ro\/albaiulia\/wp-json\/wp\/v2\/media?parent=103196"}],"wp:term":[{"taxonomy":"category","embeddable":true,"href":"https:\/\/urbeamea.ro\/albaiulia\/wp-json\/wp\/v2\/categories?post=103196"},{"taxonomy":"post_tag","embeddable":true,"href":"https:\/\/urbeamea.ro\/albaiulia\/wp-json\/wp\/v2\/tags?post=103196"}],"curies":[{"name":"wp","href":"https:\/\/api.w.org\/{rel}","templated":true}]}}