{"id":103201,"date":"2022-08-01T12:06:52","date_gmt":"2022-08-01T09:06:52","guid":{"rendered":"https:\/\/urbeamea.ro\/albaiulia\/?p=103201"},"modified":"2022-08-01T12:11:33","modified_gmt":"2022-08-01T09:11:33","slug":"simptomele-degenerarii-la-nivelul-coloanei-vertebrale","status":"publish","type":"post","link":"https:\/\/urbeamea.ro\/albaiulia\/simptomele-degenerarii-la-nivelul-coloanei-vertebrale\/","title":{"rendered":"Simptomele degener\u0103rii la nivelul coloanei vertebrale"},"content":{"rendered":"\n<h3 class=\"wp-block-heading\">Demararea procesului de \u00eemb\u0103tr\u00e2nire, efortul fizic sus\u0163inut, accident\u0103rile, postura gre\u0219it\u0103 a corpului, antrenamentele sportive epuizante \u015fi constante, precum \u015fi obezitatea, sedentarismul \u015fi consumul de tutun, pot conduce la degradarea \u015fi deteriorarea elementelor anatomice din aria coloanei vertebrale.<\/h3>\n\n\n\n<p>Discurile intervertebrale \u015fi nervii spinali sunt dou\u0103 elemente hot\u0103r\u00e2toare \u00een normalitatea \u015fi s\u0103n\u0103tatea coloanei, iar orice grad de degenerare al acestora va conduce la manifestarea simptomatologiei specifice.<\/p>\n\n\n\n<h3 class=\"wp-block-heading\">Discurile herniate<\/h3>\n\n\n\n<p>Un disc intervertebral este format din dou\u0103 straturi. Cel exterior are rol de protec\u0163ie, pentru nucleul gelatinos din interior. Orice fisur\u0103 ap\u0103rut\u0103 \u00een stratul exterior va facilita scurgerea nucleului gelatinos care poate ajunge pe nerv. Este contextul specific diagnosticului de&nbsp;<a href=\"https:\/\/www.mindea.ro\/afectiuni\/afectiuni-spinale\/hernie-de-disc\/\" target=\"_blank\" rel=\"noreferrer noopener\">hernie de disc<\/a>, iar simptomatologia este dictat\u0103 de locul \u00een care se produce hernia. Lombar sau cervical, durerile vor fi resim\u0163ite \u015fi \u00een aria \u00eenconjur\u0103toare, astfel c\u0103 disconfortul se \u00eenregistreaz\u0103 \u015fi la nivelul membrelor, g\u00e2tului, capului, \u015foldurilor \u015fi \u015fezutului.<\/p>\n\n\n\n<p>Durerile pot fi \u00eenso\u0163ite de amor\u0163eli \u015fi rigiditate \u00een mi\u015fcare, iar \u00een cazurile severe pot afecta chiar \u015fi activitatea organelor \u00eenvecinate. Diagnosticul va fi pus de c\u0103tre medicul neurolog, iar tratamentul medicamentos \u015fi terapiile recomandate vor avea rolul de a ameliora simptomatologia. Pentru diminuarea semnificativ\u0103 a durerilor \u015fi disconfortului, precum \u015fi a urm\u0103rilor unei hernii de disc, interven\u0163ia chirurgical\u0103 va fi cea mai eficient\u0103 op\u0163iune. Discul herniat va fi \u00eenl\u0103turat, fiind \u00eenlocuit cu o gref\u0103 artificial\u0103.&nbsp;<\/p>\n\n\n\n<h3 class=\"wp-block-heading\">Deformarea coloanei vertebrale<\/h3>\n\n\n\n<p>Un context destul de sever manifestat la nivelul coloanei vertebrale, este reprezentat de alunecarea anterioar\u0103 a unui corp vertebral fa\u0163\u0103 de restul vertebrelor. Acest proces poart\u0103 denumirea de&nbsp;<a href=\"https:\/\/www.mindea.ro\/afectiuni\/afectiuni-spinale\/spondilolisteza-lombara\/\" target=\"_blank\" rel=\"noreferrer noopener\">spondilolisteza<\/a>&nbsp;\u015fi se manifest\u0103 preponderent \u00een zona lombar\u0103. Cauza o reprezint\u0103 discurile intervertebrale cr\u0103pate sau rupte. Se produce astfel o compresie a nervilor, simptomele presupun\u00e2nd durere, dar \u015fi incapacitatea de a merge \u015fi de a sim\u0163i picioarele, \u00een cazurile severe. Deplasarea corpurilor vertebrale sunt cauzate de modific\u0103rile survenite la nivelul ligamentelor, articula\u0163iilor, r\u0103d\u0103cinilor nervoase, musculaturii paraspinale \u015fi fascia dorso-lombara.<\/p>\n\n\n\n<p>Exist\u0103 mai multe tipuri de spondilolistez\u0103, cea istmic\u0103, degenerativ\u0103, displastic\u0103, traumatic\u0103, patologic\u0103 \u015fi latrogenic\u0103. \u00cen func\u0163ie de gradul de deplasare a corpului vertebral, se catalogheaz\u0103 severitatea pe patru grade distincte. Diagnosticarea se face efectu\u00e2nd investiga\u0163ii de tip RMN, CT, raze X, radiografie dinamic\u0103 sau scanare osoas\u0103. Tratamentul presupune administrarea de antiinflamatoare, \u00eens\u0103 \u00een cazurile severe se recomand\u0103 tratamentul ultra minim invaziv pentru spondilolistez\u0103, respectiv tehnici de chirurgie care au rolul de a asigura decompresia nervilor \u015fi de a restabili \u015fi stabiliza coloana vertebral\u0103.<\/p>\n","protected":false},"excerpt":{"rendered":"<p>Demararea procesului de \u00eemb\u0103tr\u00e2nire, efortul fizic sus\u0163inut, accident\u0103rile, postura gre\u0219it\u0103 a corpului, antrenamentele sportive epuizante \u015fi constante, precum \u015fi obezitatea, sedentarismul \u015fi consumul de tutun, pot conduce la degradarea \u015fi deteriorarea elementelor anatomice din aria coloanei vertebrale. Discurile intervertebrale \u015fi nervii spinali sunt dou\u0103 elemente hot\u0103r\u00e2toare \u00een normalitatea \u015fi s\u0103n\u0103tatea coloanei, iar orice grad de &hellip;<\/p>\n","protected":false},"author":16,"featured_media":103202,"comment_status":"open","ping_status":"open","sticky":false,"template":"","format":"standard","meta":{"inline_featured_image":false,"footnotes":""},"categories":[255],"tags":[24419,24418],"class_list":["post-103201","post","type-post","status-publish","format-standard","has-post-thumbnail","hentry","category-sanatate","tag-doctor-mindea-stefan","tag-mindea-ro"],"yoast_head":"<!-- This site is optimized with the Yoast SEO plugin v27.4 - https:\/\/yoast.com\/product\/yoast-seo-wordpress\/ -->\n<title>Simptomele degener\u0103rii la nivelul coloanei vertebrale - Revista Urbea Mea - Revista de Alba<\/title>\n<meta name=\"description\" content=\"Demararea procesului de \u00eemb\u0103tr\u00e2nire, efortul fizic sus\u0163inut, accident\u0103rile, postura gre\u0219it\u0103 a corpului, antrenamentele sportive epuizante \u015fi constante,\" \/>\n<meta name=\"robots\" content=\"index, follow, max-snippet:-1, max-image-preview:large, max-video-preview:-1\" \/>\n<link rel=\"canonical\" href=\"https:\/\/urbeamea.ro\/albaiulia\/simptomele-degenerarii-la-nivelul-coloanei-vertebrale\/\" \/>\n<meta name=\"twitter:card\" content=\"summary_large_image\" \/>\n<meta name=\"twitter:title\" content=\"Simptomele degener\u0103rii la nivelul coloanei vertebrale - Revista Urbea Mea - Revista de Alba\" \/>\n<meta name=\"twitter:description\" content=\"Demararea procesului de \u00eemb\u0103tr\u00e2nire, efortul fizic sus\u0163inut, accident\u0103rile, postura gre\u0219it\u0103 a corpului, antrenamentele sportive epuizante \u015fi constante,\" \/>\n<meta name=\"twitter:image\" content=\"https:\/\/urbeamea.ro\/albaiulia\/wp-content\/uploads\/2022\/08\/simptomeledegenerariilanivelulcoloaneivertebrale.png\" \/>\n<meta name=\"twitter:creator\" content=\"@urbeameaweb\" \/>\n<meta name=\"twitter:site\" content=\"@urbeameaweb\" \/>\n<script type=\"application\/ld+json\" class=\"yoast-schema-graph\">{\"@context\":\"https:\\\/\\\/schema.org\",\"@graph\":[{\"@type\":\"Article\",\"@id\":\"https:\\\/\\\/urbeamea.ro\\\/albaiulia\\\/simptomele-degenerarii-la-nivelul-coloanei-vertebrale\\\/#article\",\"isPartOf\":{\"@id\":\"https:\\\/\\\/urbeamea.ro\\\/albaiulia\\\/simptomele-degenerarii-la-nivelul-coloanei-vertebrale\\\/\"},\"author\":{\"name\":\"Redac\u021bia UrbeaMea\",\"@id\":\"https:\\\/\\\/urbeamea.ro\\\/albaiulia\\\/#\\\/schema\\\/person\\\/272ae98052f8ee8980f59848df070247\"},\"headline\":\"Simptomele degener\u0103rii la nivelul coloanei vertebrale\",\"datePublished\":\"2022-08-01T09:06:52+00:00\",\"dateModified\":\"2022-08-01T09:11:33+00:00\",\"mainEntityOfPage\":{\"@id\":\"https:\\\/\\\/urbeamea.ro\\\/albaiulia\\\/simptomele-degenerarii-la-nivelul-coloanei-vertebrale\\\/\"},\"wordCount\":437,\"commentCount\":0,\"image\":{\"@id\":\"https:\\\/\\\/urbeamea.ro\\\/albaiulia\\\/simptomele-degenerarii-la-nivelul-coloanei-vertebrale\\\/#primaryimage\"},\"thumbnailUrl\":\"https:\\\/\\\/urbeamea.ro\\\/albaiulia\\\/wp-content\\\/uploads\\\/2022\\\/08\\\/simptomeledegenerariilanivelulcoloaneivertebrale.png\",\"keywords\":[\"Doctor Mindea Stefan\",\"mindea.ro\"],\"articleSection\":[\"S\u0103n\u0103tate\"],\"inLanguage\":\"ro-RO\",\"potentialAction\":[{\"@type\":\"CommentAction\",\"name\":\"Comment\",\"target\":[\"https:\\\/\\\/urbeamea.ro\\\/albaiulia\\\/simptomele-degenerarii-la-nivelul-coloanei-vertebrale\\\/#respond\"]}]},{\"@type\":\"WebPage\",\"@id\":\"https:\\\/\\\/urbeamea.ro\\\/albaiulia\\\/simptomele-degenerarii-la-nivelul-coloanei-vertebrale\\\/\",\"url\":\"https:\\\/\\\/urbeamea.ro\\\/albaiulia\\\/simptomele-degenerarii-la-nivelul-coloanei-vertebrale\\\/\",\"name\":\"Simptomele degener\u0103rii la nivelul coloanei vertebrale - Revista Urbea Mea - Revista de Alba\",\"isPartOf\":{\"@id\":\"https:\\\/\\\/urbeamea.ro\\\/albaiulia\\\/#website\"},\"primaryImageOfPage\":{\"@id\":\"https:\\\/\\\/urbeamea.ro\\\/albaiulia\\\/simptomele-degenerarii-la-nivelul-coloanei-vertebrale\\\/#primaryimage\"},\"image\":{\"@id\":\"https:\\\/\\\/urbeamea.ro\\\/albaiulia\\\/simptomele-degenerarii-la-nivelul-coloanei-vertebrale\\\/#primaryimage\"},\"thumbnailUrl\":\"https:\\\/\\\/urbeamea.ro\\\/albaiulia\\\/wp-content\\\/uploads\\\/2022\\\/08\\\/simptomeledegenerariilanivelulcoloaneivertebrale.png\",\"datePublished\":\"2022-08-01T09:06:52+00:00\",\"dateModified\":\"2022-08-01T09:11:33+00:00\",\"author\":{\"@id\":\"https:\\\/\\\/urbeamea.ro\\\/albaiulia\\\/#\\\/schema\\\/person\\\/272ae98052f8ee8980f59848df070247\"},\"description\":\"Demararea procesului de \u00eemb\u0103tr\u00e2nire, efortul fizic sus\u0163inut, accident\u0103rile, postura gre\u0219it\u0103 a corpului, antrenamentele sportive epuizante \u015fi constante,\",\"breadcrumb\":{\"@id\":\"https:\\\/\\\/urbeamea.ro\\\/albaiulia\\\/simptomele-degenerarii-la-nivelul-coloanei-vertebrale\\\/#breadcrumb\"},\"inLanguage\":\"ro-RO\",\"potentialAction\":[{\"@type\":\"ReadAction\",\"target\":[\"https:\\\/\\\/urbeamea.ro\\\/albaiulia\\\/simptomele-degenerarii-la-nivelul-coloanei-vertebrale\\\/\"]}]},{\"@type\":\"ImageObject\",\"inLanguage\":\"ro-RO\",\"@id\":\"https:\\\/\\\/urbeamea.ro\\\/albaiulia\\\/simptomele-degenerarii-la-nivelul-coloanei-vertebrale\\\/#primaryimage\",\"url\":\"https:\\\/\\\/urbeamea.ro\\\/albaiulia\\\/wp-content\\\/uploads\\\/2022\\\/08\\\/simptomeledegenerariilanivelulcoloaneivertebrale.png\",\"contentUrl\":\"https:\\\/\\\/urbeamea.ro\\\/albaiulia\\\/wp-content\\\/uploads\\\/2022\\\/08\\\/simptomeledegenerariilanivelulcoloaneivertebrale.png\",\"width\":728,\"height\":498},{\"@type\":\"BreadcrumbList\",\"@id\":\"https:\\\/\\\/urbeamea.ro\\\/albaiulia\\\/simptomele-degenerarii-la-nivelul-coloanei-vertebrale\\\/#breadcrumb\",\"itemListElement\":[{\"@type\":\"ListItem\",\"position\":1,\"name\":\"Prima pagin\u0103\",\"item\":\"https:\\\/\\\/urbeamea.ro\\\/albaiulia\\\/\"},{\"@type\":\"ListItem\",\"position\":2,\"name\":\"Simptomele degener\u0103rii la nivelul coloanei vertebrale\"}]},{\"@type\":\"WebSite\",\"@id\":\"https:\\\/\\\/urbeamea.ro\\\/albaiulia\\\/#website\",\"url\":\"https:\\\/\\\/urbeamea.ro\\\/albaiulia\\\/\",\"name\":\"Revista Urbea Mea, Stiri urbane\",\"description\":\"Evenimente \u0219i \u0219tiri din Alba Iulia, Sebe\u0219, Aiud, Blaj\",\"potentialAction\":[{\"@type\":\"SearchAction\",\"target\":{\"@type\":\"EntryPoint\",\"urlTemplate\":\"https:\\\/\\\/urbeamea.ro\\\/albaiulia\\\/?s={search_term_string}\"},\"query-input\":{\"@type\":\"PropertyValueSpecification\",\"valueRequired\":true,\"valueName\":\"search_term_string\"}}],\"inLanguage\":\"ro-RO\"},{\"@type\":\"Person\",\"@id\":\"https:\\\/\\\/urbeamea.ro\\\/albaiulia\\\/#\\\/schema\\\/person\\\/272ae98052f8ee8980f59848df070247\",\"name\":\"Redac\u021bia UrbeaMea\",\"image\":{\"@type\":\"ImageObject\",\"inLanguage\":\"ro-RO\",\"@id\":\"https:\\\/\\\/secure.gravatar.com\\\/avatar\\\/9ce5a9435071fa1037e8468053ead8e513dbbff59009d3069aadb85506d85a27?s=96&d=mm&r=g\",\"url\":\"https:\\\/\\\/secure.gravatar.com\\\/avatar\\\/9ce5a9435071fa1037e8468053ead8e513dbbff59009d3069aadb85506d85a27?s=96&d=mm&r=g\",\"contentUrl\":\"https:\\\/\\\/secure.gravatar.com\\\/avatar\\\/9ce5a9435071fa1037e8468053ead8e513dbbff59009d3069aadb85506d85a27?s=96&d=mm&r=g\",\"caption\":\"Redac\u021bia UrbeaMea\"},\"description\":\"contact@urbeamea.ro\",\"sameAs\":[\"https:\\\/\\\/www.urbeamea.ro\"],\"url\":\"https:\\\/\\\/urbeamea.ro\\\/albaiulia\\\/author\\\/redactia-urbeamea\\\/\"}]}<\/script>\n<!-- \/ Yoast SEO plugin. -->","yoast_head_json":{"title":"Simptomele degener\u0103rii la nivelul coloanei vertebrale - Revista Urbea Mea - Revista de Alba","description":"Demararea procesului de \u00eemb\u0103tr\u00e2nire, efortul fizic sus\u0163inut, accident\u0103rile, postura gre\u0219it\u0103 a corpului, antrenamentele sportive epuizante \u015fi constante,","robots":{"index":"index","follow":"follow","max-snippet":"max-snippet:-1","max-image-preview":"max-image-preview:large","max-video-preview":"max-video-preview:-1"},"canonical":"https:\/\/urbeamea.ro\/albaiulia\/simptomele-degenerarii-la-nivelul-coloanei-vertebrale\/","twitter_card":"summary_large_image","twitter_title":"Simptomele degener\u0103rii la nivelul coloanei vertebrale - Revista Urbea Mea - Revista de Alba","twitter_description":"Demararea procesului de \u00eemb\u0103tr\u00e2nire, efortul fizic sus\u0163inut, accident\u0103rile, postura gre\u0219it\u0103 a corpului, antrenamentele sportive epuizante \u015fi constante,","twitter_image":"https:\/\/urbeamea.ro\/albaiulia\/wp-content\/uploads\/2022\/08\/simptomeledegenerariilanivelulcoloaneivertebrale.png","twitter_creator":"@urbeameaweb","twitter_site":"@urbeameaweb","schema":{"@context":"https:\/\/schema.org","@graph":[{"@type":"Article","@id":"https:\/\/urbeamea.ro\/albaiulia\/simptomele-degenerarii-la-nivelul-coloanei-vertebrale\/#article","isPartOf":{"@id":"https:\/\/urbeamea.ro\/albaiulia\/simptomele-degenerarii-la-nivelul-coloanei-vertebrale\/"},"author":{"name":"Redac\u021bia UrbeaMea","@id":"https:\/\/urbeamea.ro\/albaiulia\/#\/schema\/person\/272ae98052f8ee8980f59848df070247"},"headline":"Simptomele degener\u0103rii la nivelul coloanei vertebrale","datePublished":"2022-08-01T09:06:52+00:00","dateModified":"2022-08-01T09:11:33+00:00","mainEntityOfPage":{"@id":"https:\/\/urbeamea.ro\/albaiulia\/simptomele-degenerarii-la-nivelul-coloanei-vertebrale\/"},"wordCount":437,"commentCount":0,"image":{"@id":"https:\/\/urbeamea.ro\/albaiulia\/simptomele-degenerarii-la-nivelul-coloanei-vertebrale\/#primaryimage"},"thumbnailUrl":"https:\/\/urbeamea.ro\/albaiulia\/wp-content\/uploads\/2022\/08\/simptomeledegenerariilanivelulcoloaneivertebrale.png","keywords":["Doctor Mindea Stefan","mindea.ro"],"articleSection":["S\u0103n\u0103tate"],"inLanguage":"ro-RO","potentialAction":[{"@type":"CommentAction","name":"Comment","target":["https:\/\/urbeamea.ro\/albaiulia\/simptomele-degenerarii-la-nivelul-coloanei-vertebrale\/#respond"]}]},{"@type":"WebPage","@id":"https:\/\/urbeamea.ro\/albaiulia\/simptomele-degenerarii-la-nivelul-coloanei-vertebrale\/","url":"https:\/\/urbeamea.ro\/albaiulia\/simptomele-degenerarii-la-nivelul-coloanei-vertebrale\/","name":"Simptomele degener\u0103rii la nivelul coloanei vertebrale - Revista Urbea Mea - Revista de Alba","isPartOf":{"@id":"https:\/\/urbeamea.ro\/albaiulia\/#website"},"primaryImageOfPage":{"@id":"https:\/\/urbeamea.ro\/albaiulia\/simptomele-degenerarii-la-nivelul-coloanei-vertebrale\/#primaryimage"},"image":{"@id":"https:\/\/urbeamea.ro\/albaiulia\/simptomele-degenerarii-la-nivelul-coloanei-vertebrale\/#primaryimage"},"thumbnailUrl":"https:\/\/urbeamea.ro\/albaiulia\/wp-content\/uploads\/2022\/08\/simptomeledegenerariilanivelulcoloaneivertebrale.png","datePublished":"2022-08-01T09:06:52+00:00","dateModified":"2022-08-01T09:11:33+00:00","author":{"@id":"https:\/\/urbeamea.ro\/albaiulia\/#\/schema\/person\/272ae98052f8ee8980f59848df070247"},"description":"Demararea procesului de \u00eemb\u0103tr\u00e2nire, efortul fizic sus\u0163inut, accident\u0103rile, postura gre\u0219it\u0103 a corpului, antrenamentele sportive epuizante \u015fi constante,","breadcrumb":{"@id":"https:\/\/urbeamea.ro\/albaiulia\/simptomele-degenerarii-la-nivelul-coloanei-vertebrale\/#breadcrumb"},"inLanguage":"ro-RO","potentialAction":[{"@type":"ReadAction","target":["https:\/\/urbeamea.ro\/albaiulia\/simptomele-degenerarii-la-nivelul-coloanei-vertebrale\/"]}]},{"@type":"ImageObject","inLanguage":"ro-RO","@id":"https:\/\/urbeamea.ro\/albaiulia\/simptomele-degenerarii-la-nivelul-coloanei-vertebrale\/#primaryimage","url":"https:\/\/urbeamea.ro\/albaiulia\/wp-content\/uploads\/2022\/08\/simptomeledegenerariilanivelulcoloaneivertebrale.png","contentUrl":"https:\/\/urbeamea.ro\/albaiulia\/wp-content\/uploads\/2022\/08\/simptomeledegenerariilanivelulcoloaneivertebrale.png","width":728,"height":498},{"@type":"BreadcrumbList","@id":"https:\/\/urbeamea.ro\/albaiulia\/simptomele-degenerarii-la-nivelul-coloanei-vertebrale\/#breadcrumb","itemListElement":[{"@type":"ListItem","position":1,"name":"Prima pagin\u0103","item":"https:\/\/urbeamea.ro\/albaiulia\/"},{"@type":"ListItem","position":2,"name":"Simptomele degener\u0103rii la nivelul coloanei vertebrale"}]},{"@type":"WebSite","@id":"https:\/\/urbeamea.ro\/albaiulia\/#website","url":"https:\/\/urbeamea.ro\/albaiulia\/","name":"Revista Urbea Mea, Stiri urbane","description":"Evenimente \u0219i \u0219tiri din Alba Iulia, Sebe\u0219, Aiud, Blaj","potentialAction":[{"@type":"SearchAction","target":{"@type":"EntryPoint","urlTemplate":"https:\/\/urbeamea.ro\/albaiulia\/?s={search_term_string}"},"query-input":{"@type":"PropertyValueSpecification","valueRequired":true,"valueName":"search_term_string"}}],"inLanguage":"ro-RO"},{"@type":"Person","@id":"https:\/\/urbeamea.ro\/albaiulia\/#\/schema\/person\/272ae98052f8ee8980f59848df070247","name":"Redac\u021bia UrbeaMea","image":{"@type":"ImageObject","inLanguage":"ro-RO","@id":"https:\/\/secure.gravatar.com\/avatar\/9ce5a9435071fa1037e8468053ead8e513dbbff59009d3069aadb85506d85a27?s=96&d=mm&r=g","url":"https:\/\/secure.gravatar.com\/avatar\/9ce5a9435071fa1037e8468053ead8e513dbbff59009d3069aadb85506d85a27?s=96&d=mm&r=g","contentUrl":"https:\/\/secure.gravatar.com\/avatar\/9ce5a9435071fa1037e8468053ead8e513dbbff59009d3069aadb85506d85a27?s=96&d=mm&r=g","caption":"Redac\u021bia UrbeaMea"},"description":"contact@urbeamea.ro","sameAs":["https:\/\/www.urbeamea.ro"],"url":"https:\/\/urbeamea.ro\/albaiulia\/author\/redactia-urbeamea\/"}]}},"_links":{"self":[{"href":"https:\/\/urbeamea.ro\/albaiulia\/wp-json\/wp\/v2\/posts\/103201","targetHints":{"allow":["GET"]}}],"collection":[{"href":"https:\/\/urbeamea.ro\/albaiulia\/wp-json\/wp\/v2\/posts"}],"about":[{"href":"https:\/\/urbeamea.ro\/albaiulia\/wp-json\/wp\/v2\/types\/post"}],"author":[{"embeddable":true,"href":"https:\/\/urbeamea.ro\/albaiulia\/wp-json\/wp\/v2\/users\/16"}],"replies":[{"embeddable":true,"href":"https:\/\/urbeamea.ro\/albaiulia\/wp-json\/wp\/v2\/comments?post=103201"}],"version-history":[{"count":2,"href":"https:\/\/urbeamea.ro\/albaiulia\/wp-json\/wp\/v2\/posts\/103201\/revisions"}],"predecessor-version":[{"id":103204,"href":"https:\/\/urbeamea.ro\/albaiulia\/wp-json\/wp\/v2\/posts\/103201\/revisions\/103204"}],"wp:featuredmedia":[{"embeddable":true,"href":"https:\/\/urbeamea.ro\/albaiulia\/wp-json\/wp\/v2\/media\/103202"}],"wp:attachment":[{"href":"https:\/\/urbeamea.ro\/albaiulia\/wp-json\/wp\/v2\/media?parent=103201"}],"wp:term":[{"taxonomy":"category","embeddable":true,"href":"https:\/\/urbeamea.ro\/albaiulia\/wp-json\/wp\/v2\/categories?post=103201"},{"taxonomy":"post_tag","embeddable":true,"href":"https:\/\/urbeamea.ro\/albaiulia\/wp-json\/wp\/v2\/tags?post=103201"}],"curies":[{"name":"wp","href":"https:\/\/api.w.org\/{rel}","templated":true}]}}