{"id":103323,"date":"2022-08-08T14:26:40","date_gmt":"2022-08-08T11:26:40","guid":{"rendered":"https:\/\/urbeamea.ro\/albaiulia\/?p=103323"},"modified":"2022-08-10T20:18:04","modified_gmt":"2022-08-10T17:18:04","slug":"biblioteca-batthyaneum-din-alba-iulia-ar-putea-avea-un-turn-de-semnalizare","status":"publish","type":"post","link":"https:\/\/urbeamea.ro\/albaiulia\/biblioteca-batthyaneum-din-alba-iulia-ar-putea-avea-un-turn-de-semnalizare\/","title":{"rendered":"Biblioteca Batthyaneum din Alba Iulia ar putea avea un turn de&#8230; semnalizare!"},"content":{"rendered":"\n<h3 class=\"wp-block-heading\"><strong>Deocamdat\u0103, Athena Pallas, zei\u021ba \u00een\u021belepciunii, o vegheaz\u0103 de pe noul logo<\/strong><\/h3>\n\n\n\n<p><strong>*Tablouri, dantele, statuete, monede, minerale, cochilii, ba chiar \u0219i mumia unei p\u0103s\u0103ri Ibis, veche de peste 2.600 de ani, printre curiozit\u0103\u021bile din aceast\u0103 bibliotec\u0103, unic\u0103 prin natura colec\u021biilor sale.<\/strong><\/p>\n\n\n\n<p><strong>Duminic\u0103, 31 iulie, a fost ziua Bibliotecii Batthyaneum, mai precis a institutului Batthyanian, care a \u00eemplinit 224 de ani! <\/strong>Dup\u0103 cum bine am observat cu to\u021bii, institu\u021bia a devenit tot mai accesibil\u0103 publicului, tot mai vizibil\u0103 \u0219i prezent\u0103 \u00een via\u021ba noastr\u0103 cultural\u0103, mai \u00eent\u00e2i prin intermediul evenimentelor organizate periodic, apoi prin cel al re\u021belelor de socializare, unde, sistematic, apare c\u00e2te o comoar\u0103 ce face parte din patrimoniul acestei biblioteci, unice la nivelul \u021b\u0103rii noastre prin universalitatea colec\u021biilor sale.<\/p>\n\n\n\n<p>\u00cen spatele u\u0219ilor acestui edificiu se ascund a\u0219adar \u0219i alte obiecte dec\u00e2t celebrele manuscrise vechi sau incunabule! P\u00e2n\u0103 mai ieri, Biblioteca Batthyaneum era asociat\u0103 \u00een mentalul colectiv exclusiv cu Aula Magna \u0219i Codex Aureus, iar majoritatea nu am avut nici cea mai mic\u0103 idee despre nenum\u0103ratele obiecte de art\u0103, decorative \u0219i nu numai, care completeaz\u0103 fondul de carte. Le-am descoperit prin intermediul fotografiilor \u0219i informa\u021biilor puse public la dispozi\u021bie de c\u0103tre responsabilii bibliotecii, iar ini\u021biativa i-a apar\u021binut lui Cristian Mladin, care repet\u0103 cu r\u0103bdare, oric\u0103rui interlocutor care \u00eei atribuie titulatura de manager ori director, c\u0103 el este doar \u0219ef birou, \u0219i unul vremelnic.<\/p>\n\n\n\n<p><strong>*Tablouri, dantele, statuete, monede, minerale, cochilii, ba chiar \u0219i mumia unei p\u0103s\u0103ri Ibis, veche de peste 2.600 de ani, printre curiozit\u0103\u021bile din aceast\u0103 bibliotec\u0103, unic\u0103 prin natura colec\u021biilor sale<\/strong><\/p>\n\n\n\n<p>Dantele \u0219i tablouri, statuete, minerale (peste 3.000), monede (peste 2.000), cochilii, ba chiar \u0219i mumia unei p\u0103s\u0103ri (Ibis), veche de peste 2.600 de ani,&nbsp; sunt doar c\u00e2teva dintre curiozit\u0103\u021bile, dac\u0103 vre\u021bi, aflate \u00een patrimoniul acestei biblioteci, majoritatea f\u0103c\u00e2nd parte din fondul ini\u021bial al celebrului episcop. Despre unele am mai citit, altele fac obiectul unor studii publicate prin reviste de specialitate, dar cei mai mul\u021bi dintre noi am aflat de existen\u021ba lor pe pagina de Facebook a Bibliotecii Batthyaneum sau de pe pagina de Instagram (@batthyaneumlibrary), create cu scopul de a face mai vizibil\u0103 aceast\u0103 institu\u021bie public\u0103 de mare importan\u021b\u0103 na\u021bional\u0103 \u0219i interna\u021bional\u0103.<\/p>\n\n\n\n<figure class=\"wp-block-image size-large\"><img loading=\"lazy\" decoding=\"async\" width=\"1280\" height=\"853\" src=\"https:\/\/urbeamea.ro\/albaiulia\/wp-content\/uploads\/2022\/08\/mladin-1-1280x853.jpeg\" alt=\"\" class=\"wp-image-103327\" srcset=\"https:\/\/urbeamea.ro\/albaiulia\/wp-content\/uploads\/2022\/08\/mladin-1-1280x853.jpeg 1280w, https:\/\/urbeamea.ro\/albaiulia\/wp-content\/uploads\/2022\/08\/mladin-1-640x426.jpeg 640w, https:\/\/urbeamea.ro\/albaiulia\/wp-content\/uploads\/2022\/08\/mladin-1-150x100.jpeg 150w, https:\/\/urbeamea.ro\/albaiulia\/wp-content\/uploads\/2022\/08\/mladin-1-768x512.jpeg 768w, https:\/\/urbeamea.ro\/albaiulia\/wp-content\/uploads\/2022\/08\/mladin-1-1536x1023.jpeg 1536w, https:\/\/urbeamea.ro\/albaiulia\/wp-content\/uploads\/2022\/08\/mladin-1.jpeg 1600w\" sizes=\"auto, (max-width: 1280px) 100vw, 1280px\" \/><\/figure>\n\n\n\n<p>\u201eMumia de Ibis pe care Biblioteca o de\u021bine, veche de peste 2600 de ani, al\u0103turi de alte artefacte exotice. \u00cen practicile vechilor egipteni, mumificarea nu era dedicat\u0103 doar faraonilor, membrilor familiei regale sau aristocra\u021bilor, ci \u0219i animalelor sacre. Astfel, dintre animalele pe care egiptenii le mumificau f\u0103cea parte \u0219i pas\u0103rea Ibis.<\/p>\n\n\n\n<p>\u00centre anii 650 \u0219i 250 a. Chr., egiptenii au sacrificat \u0219i mumificat milioane de p\u0103s\u0103ri Ibis, dedicate zeului Thoth, zeul artelor, al scrisului, al magiei \u0219i \u00een\u021belepciunii.<\/p>\n\n\n\n<p>\u00cen Egiptul antic, se credea c\u0103 sufletul uman exist\u0103 \u00een trei p\u0103r\u021bi dup\u0103 moarte. Acestea erau Ka, Ba \u0219i Akh.<\/p>\n\n\n\n<p>Ka era copia de apoi a sufletului, Akh simboliza umanitatea sufletului r\u0103mas\u0103 dup\u0103 judecata de apoi, iar Ba, adesea \u00eenf\u0103\u021bi\u0219at ca un ibis, simboliza c\u0103l\u0103toria \u00eentre lumi, \u00eentre via\u021b\u0103 \u0219i moarte.<\/p>\n\n\n\n<p>Astfel, am putea spune c\u0103 Thoth era \u00abbibliotecarul\u00bb lui Osiris, motiv pentru care \u0219i-a c\u00e2\u0219tigat pentru totdeauna un loc de cinste \u00een \u00eemp\u0103r\u0103\u021bia zeit\u0103\u021bilor egiptene.\u201d<\/p>\n\n\n\n<figure class=\"wp-block-gallery has-nested-images columns-default is-cropped wp-block-gallery-1 is-layout-flex wp-block-gallery-is-layout-flex\">\n<figure class=\"wp-block-image size-large\"><img loading=\"lazy\" decoding=\"async\" width=\"1280\" height=\"853\" data-id=\"103328\" src=\"https:\/\/urbeamea.ro\/albaiulia\/wp-content\/uploads\/2022\/08\/mladin-3-1280x853.jpeg\" alt=\"\" class=\"wp-image-103328\" srcset=\"https:\/\/urbeamea.ro\/albaiulia\/wp-content\/uploads\/2022\/08\/mladin-3-1280x853.jpeg 1280w, https:\/\/urbeamea.ro\/albaiulia\/wp-content\/uploads\/2022\/08\/mladin-3-640x426.jpeg 640w, https:\/\/urbeamea.ro\/albaiulia\/wp-content\/uploads\/2022\/08\/mladin-3-150x100.jpeg 150w, https:\/\/urbeamea.ro\/albaiulia\/wp-content\/uploads\/2022\/08\/mladin-3-768x512.jpeg 768w, https:\/\/urbeamea.ro\/albaiulia\/wp-content\/uploads\/2022\/08\/mladin-3-1536x1023.jpeg 1536w, https:\/\/urbeamea.ro\/albaiulia\/wp-content\/uploads\/2022\/08\/mladin-3.jpeg 1600w\" sizes=\"auto, (max-width: 1280px) 100vw, 1280px\" \/><\/figure>\n\n\n\n<figure class=\"wp-block-image size-large\"><img loading=\"lazy\" decoding=\"async\" width=\"1600\" height=\"1066\" data-id=\"103329\" src=\"https:\/\/urbeamea.ro\/albaiulia\/wp-content\/uploads\/2022\/08\/mladin-4.jpeg\" alt=\"\" class=\"wp-image-103329\" srcset=\"https:\/\/urbeamea.ro\/albaiulia\/wp-content\/uploads\/2022\/08\/mladin-4.jpeg 1600w, https:\/\/urbeamea.ro\/albaiulia\/wp-content\/uploads\/2022\/08\/mladin-4-640x426.jpeg 640w, https:\/\/urbeamea.ro\/albaiulia\/wp-content\/uploads\/2022\/08\/mladin-4-1280x853.jpeg 1280w, https:\/\/urbeamea.ro\/albaiulia\/wp-content\/uploads\/2022\/08\/mladin-4-150x100.jpeg 150w, https:\/\/urbeamea.ro\/albaiulia\/wp-content\/uploads\/2022\/08\/mladin-4-768x512.jpeg 768w, https:\/\/urbeamea.ro\/albaiulia\/wp-content\/uploads\/2022\/08\/mladin-4-1536x1023.jpeg 1536w\" sizes=\"auto, (max-width: 1600px) 100vw, 1600px\" \/><\/figure>\n<\/figure>\n\n\n\n<p>\u201eA\u0219a cum spunea \u00een testamentul s\u0103u episcopul, al\u0103turi de colec\u021biile ini\u021biale de nummarias (monede), conchylia (cochilii), exista \u0219i colec\u021bia de minerale (mineralis). Aceasta este una dintre cele mai bine documentate colec\u021bii ini\u021biale, exist\u00e2nd \u0219i un manuscris \u00een german\u0103 de secol XVIII care le \u00eemparte pe categorii. De la cristale, lemn pietrificat, cuar\u021buri, opaluri, calcite, pirite, sulfite \u0219i p\u00e2n\u0103 la minereuri aurifere, auripigmente \u0219i realgare, colec\u021bia cuprinde nenum\u0103rate exemplare. Cu siguran\u021b\u0103, unele dintre ele fac parte din minele din Ro\u0219ia Montan\u0103.<\/p>\n\n\n\n<p>Lumi apuse str\u0103lucesc \u00eenc\u0103 la suprafa\u021b\u0103, straturile lumii noastre se \u00eenghesuie \u00eenc\u0103 \u00een soliditatea lor.\u201d<\/p>\n\n\n\n<figure class=\"wp-block-image size-large\"><img loading=\"lazy\" decoding=\"async\" width=\"1280\" height=\"882\" src=\"https:\/\/urbeamea.ro\/albaiulia\/wp-content\/uploads\/2022\/08\/mladin-5-1280x882.jpeg\" alt=\"\" class=\"wp-image-103326\" srcset=\"https:\/\/urbeamea.ro\/albaiulia\/wp-content\/uploads\/2022\/08\/mladin-5-1280x882.jpeg 1280w, https:\/\/urbeamea.ro\/albaiulia\/wp-content\/uploads\/2022\/08\/mladin-5-640x441.jpeg 640w, https:\/\/urbeamea.ro\/albaiulia\/wp-content\/uploads\/2022\/08\/mladin-5-150x103.jpeg 150w, https:\/\/urbeamea.ro\/albaiulia\/wp-content\/uploads\/2022\/08\/mladin-5-768x529.jpeg 768w, https:\/\/urbeamea.ro\/albaiulia\/wp-content\/uploads\/2022\/08\/mladin-5-1536x1058.jpeg 1536w, https:\/\/urbeamea.ro\/albaiulia\/wp-content\/uploads\/2022\/08\/mladin-5.jpeg 1600w\" sizes=\"auto, (max-width: 1280px) 100vw, 1280px\" \/><\/figure>\n\n\n\n<p>\u201eAcoperind perioada greac\u0103 elenistic\u0103, roman\u0103 republican\u0103, imperial\u0103, evul mediu timpuriu, apoi perioada modern\u0103, \u0219i zone exotice, precum orientul mijlociu, colec\u021bia numismatic\u0103 a Bibliotecii este extrem de valoroas\u0103, cu peste 2000 de exemplare. \u00cen secolul XVIII, colec\u021biile de monede erau considerate obligatorii printre biblioteci, c\u0103ci monedele erau considerate documente scrise. Iluminismul este perioada \u00een care numismatica \u00ee\u0219i consolideaz\u0103 fundamentele \u0219tiin\u021bifice. P\u0103rin\u021bii fondatori ai numismaticii greco-romane, de pild\u0103, sunt to\u021bi contemporani cu Ignatius de Batthy\u00e1n (1741-1798), dintre ei, Domenico Sestini (1750\u20131832) \u0219i Joseph Hilarius Eckhel (1737\u20131798). Ca reper, colec\u021bia numismatic\u0103, spre exemplu, din British Museum a luat na\u0219tere tot \u00een secolul al XVIII-lea.\u201d<\/p>\n\n\n\n<p><strong>\u00cen aceea\u0219i idee a vizibilit\u0103\u021bii, de pu\u021bin timp, Biblioteca Batthyaneum are \u0219i un logo de identitate, o premier\u0103 absolut\u0103! Despre necesitatea, importan\u021ba \u0219i procesul prin care a trecut, de la idee la materializare, l-am \u00eentrebat pe acela\u0219i Cristian Mladin.<\/strong><\/p>\n\n\n<div class=\"wp-block-image\">\n<figure class=\"aligncenter size-large\"><img loading=\"lazy\" decoding=\"async\" width=\"905\" height=\"1280\" src=\"https:\/\/urbeamea.ro\/albaiulia\/wp-content\/uploads\/2022\/08\/logo-bun-905x1280.png\" alt=\"\" class=\"wp-image-103352\" srcset=\"https:\/\/urbeamea.ro\/albaiulia\/wp-content\/uploads\/2022\/08\/logo-bun-905x1280.png 905w, https:\/\/urbeamea.ro\/albaiulia\/wp-content\/uploads\/2022\/08\/logo-bun-452x640.png 452w, https:\/\/urbeamea.ro\/albaiulia\/wp-content\/uploads\/2022\/08\/logo-bun-106x150.png 106w, https:\/\/urbeamea.ro\/albaiulia\/wp-content\/uploads\/2022\/08\/logo-bun-768x1087.png 768w, https:\/\/urbeamea.ro\/albaiulia\/wp-content\/uploads\/2022\/08\/logo-bun-1085x1536.png 1085w, https:\/\/urbeamea.ro\/albaiulia\/wp-content\/uploads\/2022\/08\/logo-bun.png 1190w\" sizes=\"auto, (max-width: 905px) 100vw, 905px\" \/><\/figure>\n<\/div>\n\n\n<p><strong>Urbea Mea: De ce avea nevoie Biblioteca Batthyaneum de un logo, cine l-a realizat \u0219i cu ce costuri?<\/strong><\/p>\n\n\n\n<p><strong>Cristian Mladin: <\/strong>Afl\u00adat\u0103 \u00een subordinea Bibliotecii Na\u021bionale a Rom\u00e2niei, Filiala Biblioteca Batthyaneum este o institu\u021bie public\u0103 de mare importan\u021b\u0103 na\u021bional\u0103 \u0219i interna\u021bional\u0103, veche de peste 220 de ani. Biblioteca avea nevoie de o identitate vizual\u0103 proprie pentru vizibilitatea acesteia \u00een comunitate, \u00een evenimentele sale culturale \u0219i \u00een rela\u021bie cu alte institu\u021bii (similare). Prestigiul ei impunea \u0219i o abordare \u00een aceast\u0103 direc\u021bie, mai ales c\u0103 elementele vizuale din interiorul bibliotecii sunt puternice \u0219i cunoscute, \u00een mare parte, de mult\u0103 lume.<\/p>\n\n\n\n<p>Decizia \u00cenaltei Cur\u021bi de Casa\u021bie \u0219i Justi\u021bie ca Biblioteca Batthyaneum s\u0103 r\u0103m\u00e2n\u0103 definitiv \u00een proprietatea Statului Rom\u00e2n \u0219i \u00een administrarea Bibliotecii Na\u021bionale a Rom\u00e2niei, ne-a \u00eencurajat s\u0103 contur\u0103m o imagine mai clar\u0103 a acestei institu\u021bii \u0219i s\u0103-i consolid\u0103m prezen\u021ba \u0219i prestigiul \u00een peisajul cultural rom\u00e2nesc, cel pu\u021bin!<\/p>\n\n\n\n<p>Acest logo va fi utilizat pentru comunic\u0103rile externe \u0219i interne, \u00een rela\u021bia cu institu\u021biile de profil, pentru afi\u0219e, evenimente culturale, pliante de prezentare, c\u0103r\u021bi de vizit\u0103, re\u021bele de socializare etc.<\/p>\n\n\n\n<p><strong>Urbea Mea: &#8211; &nbsp;Care este simbolistica acestui logo?<\/strong><\/p>\n\n\n\n<p><strong>Cristian Mladin: <\/strong>Subiectul emblemei este inspirat de pictura din sala mare a institu\u021biei, numit\u0103 Aula Magna, cel mai reprezentativ spa\u021biu al Bibliotecii Batthyaneum. Athena Pallas domin\u0103 spa\u021biul, \u021bin\u00e2nd \u00een m\u00e2na dreapt\u0103 o suli\u021b\u0103 \u0219i \u00een m\u00e2na st\u00e2ng\u0103 un scut cu blazonul familiei Episcopului Ignatius de Batthy\u00e1n.<\/p>\n\n\n\n<p>Motivul Athenei apare at\u00e2t \u00een gravurile lui Antonius M\u00e1rtonfi &#8211; primul director al institutului batthyanian \u2013 din lucrarea <em>Initia Astronomica<\/em>, \u00een care se descrie fondarea Observatorului astronomic, c\u00e2t \u0219i \u00een picturile prezente \u00een sala Observatorului. \u00cen sigla propus\u0103, Athena Pallas este reprezentat\u0103 \u00eentr-o manier\u0103 stilizat\u0103, cu linii modulate \u0219i detalii tipice personajului mitologic, \u00een spe\u021b\u0103 suli\u021ba, plato\u0219a, coiful cu pene, toga drapat\u0103. Forma aleas\u0103 pentru a \u00eenscrie silueta Athenei Pallas este cercul, pentru o \u00eencadrare simetric\u0103 a figurii zei\u021bei \u00eempreun\u0103 cu numele institu\u021biei.<\/p>\n\n\n\n<p>Nuan\u021ba de ro\u0219u aleas\u0103 pentru sigla institu\u021biei apare \u00een pictura din interiorul Aulei Magna. Ro\u0219ul este culoarea noble\u021bei Episcopului, a vechimii familiei sale, dar mai ales a mo\u0219tenirii l\u0103sate de acesta posterit\u0103\u021bii. Pigmentul utilizat pentru ob\u021binerea acestei culori era rar, astfel \u00eenc\u00e2t putea fi utilizat \u00een cantit\u0103\u021bi limitate, ob\u021binerea culorii \u00een sine era un privilegiu. Leg\u0103tura culorii cu ideea de elit\u0103 este fundamental\u0103. Nonculorile negru \u0219i gri sunt prezente pentru a accentua forma siglei \u0219i pentru contrast.<\/p>\n\n\n\n<p><strong>Urbea Mea: Cine a realizat logo-ul, \u0219i c\u00e2t a costat?<\/strong><\/p>\n\n\n\n<p><strong>Cristian Mladin: <\/strong>Logoul Bibliotecii Batthyaneum, primul pentru aceast\u0103 institu\u021bie, a fost realizat de Ioana Mladin. Ioana este arhitect \u0219i designer grafic, are experien\u021b\u0103 cu identit\u0103\u021bi de imagine pentru c\u00e2teva branduri, \u0219i a f\u0103cut aceast\u0103 munc\u0103 \u00een primul r\u00e2nd pentru c\u0103 era nevoie, ca un mare sus\u021bin\u0103tor al bibliotecii! Este un proiect de care sunt tare fericit \u0219i m\u0103 bucur c\u0103 am avut cu cine s\u0103-l realizez \u00een aceast\u0103 form\u0103, este un exemplu constructiv \u0219i creativ de a face \u201e\u00eempreun\u0103\u201d ceva pentru o institu\u021bie extraordinar\u0103!<\/p>\n\n\n\n<p>Logo-ul este o dona\u021bie. F\u0103cut exact ca la carte, procesul creativ a inclus toate etapele tipice acestui gen de proiect, de la un brief al clientului, la cercetare legat\u0103 de imagistica \u0219i sursele de inspira\u021bie potrivite pentru imaginea final\u0103.<\/p>\n\n\n\n<p>Ne-am dorit o imagine emblematic\u0103, ceva ce s\u0103 reprezinte Biblioteca Batthyaneum \u0219i acum, \u0219i peste treizeci de ani, ceva ce nu se schimb\u0103. Pictura cu Athena Pallas din interiorul Aulei Magna a servit drept model pentru o trasare stilizat\u0103 cu linii minimale. Este \u00eencadrat\u0103 \u00eentr-un medalion rotund care accentueaz\u0103 caracterul atemporal al identit\u0103\u021bii batthyaniene. \u00cen plus, Athena ca zei\u021b\u0103 a \u00een\u021belepciunii (singurul zeu n\u0103scut direct din mintea lui Zeus!) este paradigmatic\u0103 pentru tot ce \u00eenseamn\u0103 cultur\u0103, civiliza\u021bie, elit\u0103. Ea \u00eenc\u0103 patroneaz\u0103 simbolic cl\u0103dirile multor institu\u021bii muzeale \u0219i de art\u0103 din Europa, unele construite chiar \u00een secolul al XVIII-lea.<\/p>\n\n\n\n<p>Dup\u0103 ce a fost gata prima versiune a logoului, acesta a trecut prin m\u00e2inile Consiliului de Administra\u021bie al Bibliotecii Na\u021bionale a Rom\u00e2niei. Singurele observa\u021bii au fost legate de textul care trebuia s\u0103 apar\u0103 obligatoriu \u00een jurul medalionului cu Athena Pallas. Finalmente, a fost aprobat de c\u0103tre Consiliu, prezidat de Directorul general al Bibliotecii Na\u021bionale a Rom\u00e2niei, domnul profesor universitar dr. Adrian Cioroianu.<\/p>\n\n\n\n<p>Ar mai fi de ad\u0103ugat \u0219i faptul c\u0103 tot design-ul afi\u0219elor \u0219i al meshurilor realizate \u00een ultimii 2 ani pentru Biblioteca Batthyaneum, pentru evenimentele sale, a fost conceput de Ioana Mladin (\u00eenc\u0103 o dat\u0103 mul\u021bumesc \u0219i aici donatorilor excep\u021bionali care au finan\u021bat printarea efectiv\u0103, punerea \u201e\u00een scen\u0103\u201d a designului, dar \u0219i institu\u021biilor publice locale care s-au implicat cu interes: Prim\u0103ria Municipiului Alba Iulia, Consiliul Jude\u021bean Alba, Prefectura Alba, Muzeul Unirii din Alba Iulia, Institutul Na\u021bional al Patrimoniului).<\/p>\n\n\n\n<p><strong>Urbea Mea: &#8211; Ce alte proiecte de a face vizibil\u0103 Biblioteca Batthyaneum mai ave\u021bi \u00een plan?<\/strong><\/p>\n\n\n\n<p><strong>Cristian Mladin: <\/strong>Trendul pe care l-am \u00eenceput, mai exact, acela de a realiza anual evenimente importante (Noaptea muzeelor, Ziua Por\u021bilor Deschise etc) sper s\u0103 fie sus\u021binut \u00een continuare de conducerea Bibliotecii Na\u021bionale a Rom\u00e2niei, de institu\u021biile publice locale \u0219i de donatorii priva\u021bi din Alba Iulia. P\u00e2n\u0103 la urm\u0103, avem cu to\u021bii de c\u00e2\u0219tigat cultural \u0219i spiritual de pe urma acestor evenimente. Mai mult, m-a\u0219 bucura ca percep\u021bia publicului s\u0103 se converteasc\u0103 u\u0219or spre a recunoa\u0219te c\u0103 Biblioteca Batthyaneum este o institu\u021bie eminamente deschis\u0103, nu \u00eenchis\u0103. Evident, procedurile de acces, care par unora greoaie, trebuie s\u0103 fie p\u0103strate, de dragul patrimoniului pe care ne dorim s\u0103-l prezerv\u0103m c\u00e2t mai mult. Cum am mai spus \u0219i alt\u0103 dat\u0103, s\u0103 nu uit\u0103m c\u0103 vorbim de o bibliotec\u0103 documentar\u0103, nu de un muzeu. Iar \u00eemplinirea acestei deschideri nu se va putea realiza dec\u00e2t odat\u0103 cu \u00eenceperea restaur\u0103rii Observatorului astronomic \u0219i a bibliotecii \u00een \u00eentregul ei.<\/p>\n\n\n\n<p>Proiectele majore r\u0103m\u00e2n, \u00een continuare, cele legate de digitalizarea patrimoniului \u0219i restaurarea bibliotecii. Ambele necesit\u0103 timp \u0219i implicarea tuturor.<\/p>\n\n\n\n<p>Apropo de percep\u021bia publicului, sunt oameni din Alba Iulia care nu au auzit niciodat\u0103 de bibliotec\u0103, oric\u00e2t de surprinz\u0103tor ar p\u0103rea. Pentru unii, chiar \u0219i pronun\u021bia numelui creeaz\u0103 probleme. \u00cen acest sens, la sugestia unor prieteni arhitec\u021bi, ne g\u00e2ndim s\u0103 folosim cumva \u201edonjonul\u201d din spatele bibliotecii. Ca s\u0103 fiu mai precis, vorbesc de un turn construit de comuni\u0219ti ca anex\u0103 la centrala de c\u0103ldur\u0103 pe p\u0103cur\u0103. Cred c\u0103 e mai vizibil dec\u00e2t biblioteca, dintr-un anumit punct de vedere (la propriu!). Iar ideea cea mai realizabil\u0103 ar fi pictarea turnului \u00een cauz\u0103 de m\u00e2na unui artist, av\u00e2nd scrise pe el chiar cuvintele \u201eBiblioteca Batthyaniana\u201d, \u00eentr-un stil \u201epost-carolingian\u201d, ca s\u0103 spun a\u0219a, adic\u0103 folosind un font reinterpretat, colorat \u0219i vizibil de la dep\u0103rtare. O asemenea interven\u021bie artistic\u0103 s-ar putea \u00eenscrie \u00een seria de picturi murale pe care le vedem deja prezente \u00een ora\u0219, spre satisfac\u021bia noastr\u0103, a tuturor. Mai mult, ea ar fi o interven\u021bie pe o construc\u021bie comunist\u0103 care nu are nimic de-a face cu biblioteca, nu este de patrimoniu. C\u0103ci \u00een cazul unei restaur\u0103ri complexe a \u00eentregii biblioteci, cel mai probabil turnul ar urma s\u0103 fie d\u0103r\u00e2mat.<\/p>\n","protected":false},"excerpt":{"rendered":"<p>Deocamdat\u0103, Athena Pallas, zei\u021ba \u00een\u021belepciunii, o vegheaz\u0103 de pe noul logo *Tablouri, dantele, statuete, monede, minerale, cochilii, ba chiar \u0219i mumia unei p\u0103s\u0103ri Ibis, veche de peste 2.600 de ani, printre curiozit\u0103\u021bile din aceast\u0103 bibliotec\u0103, unic\u0103 prin natura colec\u021biilor sale. Duminic\u0103, 31 iulie, a fost ziua Bibliotecii Batthyaneum, mai precis a institutului Batthyanian, care a &hellip;<\/p>\n","protected":false},"author":27,"featured_media":98981,"comment_status":"open","ping_status":"open","sticky":false,"template":"","format":"standard","meta":{"inline_featured_image":false,"footnotes":""},"categories":[1],"tags":[24435,97,98],"class_list":["post-103323","post","type-post","status-publish","format-standard","has-post-thumbnail","hentry","category-stiri-urbane","tag-aula-magna","tag-biblioteca-batthyaneum","tag-codex-aureus"],"yoast_head":"<!-- This site is optimized with the Yoast SEO plugin v27.4 - https:\/\/yoast.com\/product\/yoast-seo-wordpress\/ -->\n<title>Biblioteca Batthyaneum din Alba Iulia ar putea avea un turn de... semnalizare! - Revista Urbea Mea - Revista de Alba<\/title>\n<meta name=\"description\" content=\"Deocamdat\u0103, Athena Pallas, zei\u021ba \u00een\u021belepciunii, o vegheaz\u0103 de pe noul logo *Tablouri, dantele, statuete, monede, minerale, cochilii, ba chiar \u0219i mumia\" \/>\n<meta name=\"robots\" content=\"index, follow, max-snippet:-1, max-image-preview:large, max-video-preview:-1\" \/>\n<link rel=\"canonical\" href=\"https:\/\/urbeamea.ro\/albaiulia\/biblioteca-batthyaneum-din-alba-iulia-ar-putea-avea-un-turn-de-semnalizare\/\" \/>\n<meta name=\"twitter:card\" content=\"summary_large_image\" \/>\n<meta name=\"twitter:title\" content=\"Biblioteca Batthyaneum din Alba Iulia ar putea avea un turn de... semnalizare! - Revista Urbea Mea - Revista de Alba\" \/>\n<meta name=\"twitter:description\" content=\"Deocamdat\u0103, Athena Pallas, zei\u021ba \u00een\u021belepciunii, o vegheaz\u0103 de pe noul logo *Tablouri, dantele, statuete, monede, minerale, cochilii, ba chiar \u0219i mumia\" \/>\n<meta name=\"twitter:image\" content=\"https:\/\/urbeamea.ro\/albaiulia\/wp-content\/uploads\/2021\/11\/1.jpeg\" \/>\n<meta name=\"twitter:creator\" content=\"@urbeameaweb\" \/>\n<meta name=\"twitter:site\" content=\"@urbeameaweb\" \/>\n<script type=\"application\/ld+json\" class=\"yoast-schema-graph\">{\"@context\":\"https:\\\/\\\/schema.org\",\"@graph\":[{\"@type\":\"Article\",\"@id\":\"https:\\\/\\\/urbeamea.ro\\\/albaiulia\\\/biblioteca-batthyaneum-din-alba-iulia-ar-putea-avea-un-turn-de-semnalizare\\\/#article\",\"isPartOf\":{\"@id\":\"https:\\\/\\\/urbeamea.ro\\\/albaiulia\\\/biblioteca-batthyaneum-din-alba-iulia-ar-putea-avea-un-turn-de-semnalizare\\\/\"},\"author\":{\"name\":\"Stoia Daniela\",\"@id\":\"https:\\\/\\\/urbeamea.ro\\\/albaiulia\\\/#\\\/schema\\\/person\\\/91e3c5a380c685aef9f0295ef6449b3c\"},\"headline\":\"Biblioteca Batthyaneum din Alba Iulia ar putea avea un turn de&#8230; semnalizare!\",\"datePublished\":\"2022-08-08T11:26:40+00:00\",\"dateModified\":\"2022-08-10T17:18:04+00:00\",\"mainEntityOfPage\":{\"@id\":\"https:\\\/\\\/urbeamea.ro\\\/albaiulia\\\/biblioteca-batthyaneum-din-alba-iulia-ar-putea-avea-un-turn-de-semnalizare\\\/\"},\"wordCount\":2102,\"commentCount\":0,\"image\":{\"@id\":\"https:\\\/\\\/urbeamea.ro\\\/albaiulia\\\/biblioteca-batthyaneum-din-alba-iulia-ar-putea-avea-un-turn-de-semnalizare\\\/#primaryimage\"},\"thumbnailUrl\":\"https:\\\/\\\/urbeamea.ro\\\/albaiulia\\\/wp-content\\\/uploads\\\/2021\\\/11\\\/1.jpeg\",\"keywords\":[\"Aula Magna\",\"Biblioteca Batthyaneum\",\"Codex Aureus\"],\"articleSection\":[\"\u015etiri Urbane\"],\"inLanguage\":\"ro-RO\",\"potentialAction\":[{\"@type\":\"CommentAction\",\"name\":\"Comment\",\"target\":[\"https:\\\/\\\/urbeamea.ro\\\/albaiulia\\\/biblioteca-batthyaneum-din-alba-iulia-ar-putea-avea-un-turn-de-semnalizare\\\/#respond\"]}]},{\"@type\":\"WebPage\",\"@id\":\"https:\\\/\\\/urbeamea.ro\\\/albaiulia\\\/biblioteca-batthyaneum-din-alba-iulia-ar-putea-avea-un-turn-de-semnalizare\\\/\",\"url\":\"https:\\\/\\\/urbeamea.ro\\\/albaiulia\\\/biblioteca-batthyaneum-din-alba-iulia-ar-putea-avea-un-turn-de-semnalizare\\\/\",\"name\":\"Biblioteca Batthyaneum din Alba Iulia ar putea avea un turn de... semnalizare! - Revista Urbea Mea - Revista de Alba\",\"isPartOf\":{\"@id\":\"https:\\\/\\\/urbeamea.ro\\\/albaiulia\\\/#website\"},\"primaryImageOfPage\":{\"@id\":\"https:\\\/\\\/urbeamea.ro\\\/albaiulia\\\/biblioteca-batthyaneum-din-alba-iulia-ar-putea-avea-un-turn-de-semnalizare\\\/#primaryimage\"},\"image\":{\"@id\":\"https:\\\/\\\/urbeamea.ro\\\/albaiulia\\\/biblioteca-batthyaneum-din-alba-iulia-ar-putea-avea-un-turn-de-semnalizare\\\/#primaryimage\"},\"thumbnailUrl\":\"https:\\\/\\\/urbeamea.ro\\\/albaiulia\\\/wp-content\\\/uploads\\\/2021\\\/11\\\/1.jpeg\",\"datePublished\":\"2022-08-08T11:26:40+00:00\",\"dateModified\":\"2022-08-10T17:18:04+00:00\",\"author\":{\"@id\":\"https:\\\/\\\/urbeamea.ro\\\/albaiulia\\\/#\\\/schema\\\/person\\\/91e3c5a380c685aef9f0295ef6449b3c\"},\"description\":\"Deocamdat\u0103, Athena Pallas, zei\u021ba \u00een\u021belepciunii, o vegheaz\u0103 de pe noul logo *Tablouri, dantele, statuete, monede, minerale, cochilii, ba chiar \u0219i mumia\",\"breadcrumb\":{\"@id\":\"https:\\\/\\\/urbeamea.ro\\\/albaiulia\\\/biblioteca-batthyaneum-din-alba-iulia-ar-putea-avea-un-turn-de-semnalizare\\\/#breadcrumb\"},\"inLanguage\":\"ro-RO\",\"potentialAction\":[{\"@type\":\"ReadAction\",\"target\":[\"https:\\\/\\\/urbeamea.ro\\\/albaiulia\\\/biblioteca-batthyaneum-din-alba-iulia-ar-putea-avea-un-turn-de-semnalizare\\\/\"]}]},{\"@type\":\"ImageObject\",\"inLanguage\":\"ro-RO\",\"@id\":\"https:\\\/\\\/urbeamea.ro\\\/albaiulia\\\/biblioteca-batthyaneum-din-alba-iulia-ar-putea-avea-un-turn-de-semnalizare\\\/#primaryimage\",\"url\":\"https:\\\/\\\/urbeamea.ro\\\/albaiulia\\\/wp-content\\\/uploads\\\/2021\\\/11\\\/1.jpeg\",\"contentUrl\":\"https:\\\/\\\/urbeamea.ro\\\/albaiulia\\\/wp-content\\\/uploads\\\/2021\\\/11\\\/1.jpeg\",\"width\":1600,\"height\":1066},{\"@type\":\"BreadcrumbList\",\"@id\":\"https:\\\/\\\/urbeamea.ro\\\/albaiulia\\\/biblioteca-batthyaneum-din-alba-iulia-ar-putea-avea-un-turn-de-semnalizare\\\/#breadcrumb\",\"itemListElement\":[{\"@type\":\"ListItem\",\"position\":1,\"name\":\"Prima pagin\u0103\",\"item\":\"https:\\\/\\\/urbeamea.ro\\\/albaiulia\\\/\"},{\"@type\":\"ListItem\",\"position\":2,\"name\":\"Biblioteca Batthyaneum din Alba Iulia ar putea avea un turn de&#8230; semnalizare!\"}]},{\"@type\":\"WebSite\",\"@id\":\"https:\\\/\\\/urbeamea.ro\\\/albaiulia\\\/#website\",\"url\":\"https:\\\/\\\/urbeamea.ro\\\/albaiulia\\\/\",\"name\":\"Revista Urbea Mea, Stiri urbane\",\"description\":\"Evenimente \u0219i \u0219tiri din Alba Iulia, Sebe\u0219, Aiud, Blaj\",\"potentialAction\":[{\"@type\":\"SearchAction\",\"target\":{\"@type\":\"EntryPoint\",\"urlTemplate\":\"https:\\\/\\\/urbeamea.ro\\\/albaiulia\\\/?s={search_term_string}\"},\"query-input\":{\"@type\":\"PropertyValueSpecification\",\"valueRequired\":true,\"valueName\":\"search_term_string\"}}],\"inLanguage\":\"ro-RO\"},{\"@type\":\"Person\",\"@id\":\"https:\\\/\\\/urbeamea.ro\\\/albaiulia\\\/#\\\/schema\\\/person\\\/91e3c5a380c685aef9f0295ef6449b3c\",\"name\":\"Stoia Daniela\",\"image\":{\"@type\":\"ImageObject\",\"inLanguage\":\"ro-RO\",\"@id\":\"https:\\\/\\\/secure.gravatar.com\\\/avatar\\\/5aaf6eef20c2b497aa6b10eb1d0ea3e79b9229f0518d4c68b0fe81d133d3c8ca?s=96&d=mm&r=g\",\"url\":\"https:\\\/\\\/secure.gravatar.com\\\/avatar\\\/5aaf6eef20c2b497aa6b10eb1d0ea3e79b9229f0518d4c68b0fe81d133d3c8ca?s=96&d=mm&r=g\",\"contentUrl\":\"https:\\\/\\\/secure.gravatar.com\\\/avatar\\\/5aaf6eef20c2b497aa6b10eb1d0ea3e79b9229f0518d4c68b0fe81d133d3c8ca?s=96&d=mm&r=g\",\"caption\":\"Stoia Daniela\"},\"url\":\"https:\\\/\\\/urbeamea.ro\\\/albaiulia\\\/author\\\/daniela-stoia\\\/\"}]}<\/script>\n<!-- \/ Yoast SEO plugin. -->","yoast_head_json":{"title":"Biblioteca Batthyaneum din Alba Iulia ar putea avea un turn de... semnalizare! - Revista Urbea Mea - Revista de Alba","description":"Deocamdat\u0103, Athena Pallas, zei\u021ba \u00een\u021belepciunii, o vegheaz\u0103 de pe noul logo *Tablouri, dantele, statuete, monede, minerale, cochilii, ba chiar \u0219i mumia","robots":{"index":"index","follow":"follow","max-snippet":"max-snippet:-1","max-image-preview":"max-image-preview:large","max-video-preview":"max-video-preview:-1"},"canonical":"https:\/\/urbeamea.ro\/albaiulia\/biblioteca-batthyaneum-din-alba-iulia-ar-putea-avea-un-turn-de-semnalizare\/","twitter_card":"summary_large_image","twitter_title":"Biblioteca Batthyaneum din Alba Iulia ar putea avea un turn de... semnalizare! - Revista Urbea Mea - Revista de Alba","twitter_description":"Deocamdat\u0103, Athena Pallas, zei\u021ba \u00een\u021belepciunii, o vegheaz\u0103 de pe noul logo *Tablouri, dantele, statuete, monede, minerale, cochilii, ba chiar \u0219i mumia","twitter_image":"https:\/\/urbeamea.ro\/albaiulia\/wp-content\/uploads\/2021\/11\/1.jpeg","twitter_creator":"@urbeameaweb","twitter_site":"@urbeameaweb","schema":{"@context":"https:\/\/schema.org","@graph":[{"@type":"Article","@id":"https:\/\/urbeamea.ro\/albaiulia\/biblioteca-batthyaneum-din-alba-iulia-ar-putea-avea-un-turn-de-semnalizare\/#article","isPartOf":{"@id":"https:\/\/urbeamea.ro\/albaiulia\/biblioteca-batthyaneum-din-alba-iulia-ar-putea-avea-un-turn-de-semnalizare\/"},"author":{"name":"Stoia Daniela","@id":"https:\/\/urbeamea.ro\/albaiulia\/#\/schema\/person\/91e3c5a380c685aef9f0295ef6449b3c"},"headline":"Biblioteca Batthyaneum din Alba Iulia ar putea avea un turn de&#8230; semnalizare!","datePublished":"2022-08-08T11:26:40+00:00","dateModified":"2022-08-10T17:18:04+00:00","mainEntityOfPage":{"@id":"https:\/\/urbeamea.ro\/albaiulia\/biblioteca-batthyaneum-din-alba-iulia-ar-putea-avea-un-turn-de-semnalizare\/"},"wordCount":2102,"commentCount":0,"image":{"@id":"https:\/\/urbeamea.ro\/albaiulia\/biblioteca-batthyaneum-din-alba-iulia-ar-putea-avea-un-turn-de-semnalizare\/#primaryimage"},"thumbnailUrl":"https:\/\/urbeamea.ro\/albaiulia\/wp-content\/uploads\/2021\/11\/1.jpeg","keywords":["Aula Magna","Biblioteca Batthyaneum","Codex Aureus"],"articleSection":["\u015etiri Urbane"],"inLanguage":"ro-RO","potentialAction":[{"@type":"CommentAction","name":"Comment","target":["https:\/\/urbeamea.ro\/albaiulia\/biblioteca-batthyaneum-din-alba-iulia-ar-putea-avea-un-turn-de-semnalizare\/#respond"]}]},{"@type":"WebPage","@id":"https:\/\/urbeamea.ro\/albaiulia\/biblioteca-batthyaneum-din-alba-iulia-ar-putea-avea-un-turn-de-semnalizare\/","url":"https:\/\/urbeamea.ro\/albaiulia\/biblioteca-batthyaneum-din-alba-iulia-ar-putea-avea-un-turn-de-semnalizare\/","name":"Biblioteca Batthyaneum din Alba Iulia ar putea avea un turn de... semnalizare! - Revista Urbea Mea - Revista de Alba","isPartOf":{"@id":"https:\/\/urbeamea.ro\/albaiulia\/#website"},"primaryImageOfPage":{"@id":"https:\/\/urbeamea.ro\/albaiulia\/biblioteca-batthyaneum-din-alba-iulia-ar-putea-avea-un-turn-de-semnalizare\/#primaryimage"},"image":{"@id":"https:\/\/urbeamea.ro\/albaiulia\/biblioteca-batthyaneum-din-alba-iulia-ar-putea-avea-un-turn-de-semnalizare\/#primaryimage"},"thumbnailUrl":"https:\/\/urbeamea.ro\/albaiulia\/wp-content\/uploads\/2021\/11\/1.jpeg","datePublished":"2022-08-08T11:26:40+00:00","dateModified":"2022-08-10T17:18:04+00:00","author":{"@id":"https:\/\/urbeamea.ro\/albaiulia\/#\/schema\/person\/91e3c5a380c685aef9f0295ef6449b3c"},"description":"Deocamdat\u0103, Athena Pallas, zei\u021ba \u00een\u021belepciunii, o vegheaz\u0103 de pe noul logo *Tablouri, dantele, statuete, monede, minerale, cochilii, ba chiar \u0219i mumia","breadcrumb":{"@id":"https:\/\/urbeamea.ro\/albaiulia\/biblioteca-batthyaneum-din-alba-iulia-ar-putea-avea-un-turn-de-semnalizare\/#breadcrumb"},"inLanguage":"ro-RO","potentialAction":[{"@type":"ReadAction","target":["https:\/\/urbeamea.ro\/albaiulia\/biblioteca-batthyaneum-din-alba-iulia-ar-putea-avea-un-turn-de-semnalizare\/"]}]},{"@type":"ImageObject","inLanguage":"ro-RO","@id":"https:\/\/urbeamea.ro\/albaiulia\/biblioteca-batthyaneum-din-alba-iulia-ar-putea-avea-un-turn-de-semnalizare\/#primaryimage","url":"https:\/\/urbeamea.ro\/albaiulia\/wp-content\/uploads\/2021\/11\/1.jpeg","contentUrl":"https:\/\/urbeamea.ro\/albaiulia\/wp-content\/uploads\/2021\/11\/1.jpeg","width":1600,"height":1066},{"@type":"BreadcrumbList","@id":"https:\/\/urbeamea.ro\/albaiulia\/biblioteca-batthyaneum-din-alba-iulia-ar-putea-avea-un-turn-de-semnalizare\/#breadcrumb","itemListElement":[{"@type":"ListItem","position":1,"name":"Prima pagin\u0103","item":"https:\/\/urbeamea.ro\/albaiulia\/"},{"@type":"ListItem","position":2,"name":"Biblioteca Batthyaneum din Alba Iulia ar putea avea un turn de&#8230; semnalizare!"}]},{"@type":"WebSite","@id":"https:\/\/urbeamea.ro\/albaiulia\/#website","url":"https:\/\/urbeamea.ro\/albaiulia\/","name":"Revista Urbea Mea, Stiri urbane","description":"Evenimente \u0219i \u0219tiri din Alba Iulia, Sebe\u0219, Aiud, Blaj","potentialAction":[{"@type":"SearchAction","target":{"@type":"EntryPoint","urlTemplate":"https:\/\/urbeamea.ro\/albaiulia\/?s={search_term_string}"},"query-input":{"@type":"PropertyValueSpecification","valueRequired":true,"valueName":"search_term_string"}}],"inLanguage":"ro-RO"},{"@type":"Person","@id":"https:\/\/urbeamea.ro\/albaiulia\/#\/schema\/person\/91e3c5a380c685aef9f0295ef6449b3c","name":"Stoia Daniela","image":{"@type":"ImageObject","inLanguage":"ro-RO","@id":"https:\/\/secure.gravatar.com\/avatar\/5aaf6eef20c2b497aa6b10eb1d0ea3e79b9229f0518d4c68b0fe81d133d3c8ca?s=96&d=mm&r=g","url":"https:\/\/secure.gravatar.com\/avatar\/5aaf6eef20c2b497aa6b10eb1d0ea3e79b9229f0518d4c68b0fe81d133d3c8ca?s=96&d=mm&r=g","contentUrl":"https:\/\/secure.gravatar.com\/avatar\/5aaf6eef20c2b497aa6b10eb1d0ea3e79b9229f0518d4c68b0fe81d133d3c8ca?s=96&d=mm&r=g","caption":"Stoia Daniela"},"url":"https:\/\/urbeamea.ro\/albaiulia\/author\/daniela-stoia\/"}]}},"_links":{"self":[{"href":"https:\/\/urbeamea.ro\/albaiulia\/wp-json\/wp\/v2\/posts\/103323","targetHints":{"allow":["GET"]}}],"collection":[{"href":"https:\/\/urbeamea.ro\/albaiulia\/wp-json\/wp\/v2\/posts"}],"about":[{"href":"https:\/\/urbeamea.ro\/albaiulia\/wp-json\/wp\/v2\/types\/post"}],"author":[{"embeddable":true,"href":"https:\/\/urbeamea.ro\/albaiulia\/wp-json\/wp\/v2\/users\/27"}],"replies":[{"embeddable":true,"href":"https:\/\/urbeamea.ro\/albaiulia\/wp-json\/wp\/v2\/comments?post=103323"}],"version-history":[{"count":5,"href":"https:\/\/urbeamea.ro\/albaiulia\/wp-json\/wp\/v2\/posts\/103323\/revisions"}],"predecessor-version":[{"id":103353,"href":"https:\/\/urbeamea.ro\/albaiulia\/wp-json\/wp\/v2\/posts\/103323\/revisions\/103353"}],"wp:featuredmedia":[{"embeddable":true,"href":"https:\/\/urbeamea.ro\/albaiulia\/wp-json\/wp\/v2\/media\/98981"}],"wp:attachment":[{"href":"https:\/\/urbeamea.ro\/albaiulia\/wp-json\/wp\/v2\/media?parent=103323"}],"wp:term":[{"taxonomy":"category","embeddable":true,"href":"https:\/\/urbeamea.ro\/albaiulia\/wp-json\/wp\/v2\/categories?post=103323"},{"taxonomy":"post_tag","embeddable":true,"href":"https:\/\/urbeamea.ro\/albaiulia\/wp-json\/wp\/v2\/tags?post=103323"}],"curies":[{"name":"wp","href":"https:\/\/api.w.org\/{rel}","templated":true}]}}