{"id":103740,"date":"2022-09-02T11:23:06","date_gmt":"2022-09-02T08:23:06","guid":{"rendered":"https:\/\/urbeamea.ro\/albaiulia\/?p=103740"},"modified":"2022-09-02T11:29:04","modified_gmt":"2022-09-02T08:29:04","slug":"jandarm-pentru-o-zi","status":"publish","type":"post","link":"https:\/\/urbeamea.ro\/albaiulia\/jandarm-pentru-o-zi\/","title":{"rendered":"Jandarm pentru o zi"},"content":{"rendered":"\n<h3 class=\"wp-block-heading\">Joi, 1 septembrie 2022, Inspectoratul de Jandarmi Jude\u0163ean \u201cAvram Iancu\u201d Alba, a marcat \u00eemplinirea a 129 de ani de la \u00eenfiin\u0163area Jandarmeriei Rurale<\/h3>\n\n\n\n<p class=\"wp-block-paragraph\">Evenimentul s-a dorit a fi unul dedicat copiilor afla\u0163i \u00een centre sociale \u015fi educa\u0163ionale ale Asocia\u0163iei Filantropia Ortodox\u0103 Alba Iulia. Astfel, un num\u0103r de 12 copii de la Casa de tip familial Sf\u00e2ntul Andrei din Vingard \u015fi 16 copii de la Centrul educa\u0163ional Sf\u00e2ntul Nicolae din Alba Iulia, au petrecut c\u00e2teva ore \u00een compania \u00a0jandarmilor la Parcul de Aventur\u0103 Dynamis din Alba Iulia, unde a fost organizat un punct de informare \u015fi un stand de prezentare al Jandarmeriei Alba. <\/p>\n\n\n\n<p class=\"wp-block-paragraph\">Cei mici au fost informa\u0163i de jandarmi cu privire la ac\u0163iunile pe care jandarmii le desf\u0103\u015foar\u0103 \u015fi s-au bucurat de mai multe ateliere organizate cu aceast\u0103 ocazie. Voluntarii de la Asocia\u0163ia Emanoil din Alba Iulia i-au mobilizat pe cei mici \u00eentr-un atelier tactic de tir cu arcul, iar jandarmii de la deta\u015famentul mobil le-au prezentat tehnica auto \u015fi echipamentele de interven\u0163ie. Deliciul celor mici au fost exerci\u0163iile demonstrative cu c\u00e2inii de serviciu, c\u00e2t \u015fi exerci\u0163iile interactive \u015fi demonstrative de autoap\u0103rare. De asemenea, jandarmii montani, au executat un exerci\u0163iu de prim ajutor \u015fi le-au prezentat copiilor, mijloacele \u015fi materialele de interven\u0163ie \u00een domeniul alpinismului \u015fi au parcurs al\u0103turi de ei traseul interactiv de traversare tirolian\u0103.<\/p>\n\n\n\n<p class=\"wp-block-paragraph\">La finalul activit\u0103\u021bilor, din partea Jandarmeriei Alba, domnul inspector \u0219ef locotenent-colonel Tudor-Gheorghe Pa\u0219ca, le-a \u00eenmanat celor mici diploma de participare \u201c Jandarm pentru o zi\u201d, mul\u021bumindu-le pentru prezen\u021b\u0103 \u0219i implicare.<\/p>\n\n\n\n<p class=\"wp-block-paragraph\">Evenimentul s-a bucurat de aprecierea copiilor \u0219i a tuturor celor implica\u021bi \u00een desf\u0103\u0219urarea lui \u0219i asta nu face dec\u00e2t s\u0103 ne bucure \u0219i s\u0103 ne oblige ca la anul s\u0103 repet\u0103m activitatea \u0219i, poate, chiar s\u0103 devin\u0103 o tradi\u021bie.<\/p>\n\n\n\n<p class=\"wp-block-paragraph\">Mul\u021bumim partenerilor no\u0219tri: Asocia\u021bia Filantropia Ortodox\u0103, voluntarilor de la Parcul de Aventur\u0103 Dynamis din Alba Iulia \u0219i Asocia\u021biei Emanoil.<strong><\/strong><\/p>\n\n\n\n<figure class=\"wp-block-gallery has-nested-images columns-default is-cropped wp-block-gallery-1 is-layout-flex wp-block-gallery-is-layout-flex\">\n<figure class=\"wp-block-image size-large\"><a href=\"https:\/\/urbeamea.ro\/albaiulia\/wp-content\/uploads\/2022\/09\/WhatsApp-Image-2022-09-01-at-17.39.14.jpeg\"><img loading=\"lazy\" decoding=\"async\" width=\"1280\" height=\"960\" data-id=\"103743\" src=\"https:\/\/urbeamea.ro\/albaiulia\/wp-content\/uploads\/2022\/09\/WhatsApp-Image-2022-09-01-at-17.39.14-1280x960.jpeg\" alt=\"\" class=\"wp-image-103743\" srcset=\"https:\/\/urbeamea.ro\/albaiulia\/wp-content\/uploads\/2022\/09\/WhatsApp-Image-2022-09-01-at-17.39.14-1280x960.jpeg 1280w, https:\/\/urbeamea.ro\/albaiulia\/wp-content\/uploads\/2022\/09\/WhatsApp-Image-2022-09-01-at-17.39.14-640x480.jpeg 640w, https:\/\/urbeamea.ro\/albaiulia\/wp-content\/uploads\/2022\/09\/WhatsApp-Image-2022-09-01-at-17.39.14-150x113.jpeg 150w, https:\/\/urbeamea.ro\/albaiulia\/wp-content\/uploads\/2022\/09\/WhatsApp-Image-2022-09-01-at-17.39.14-768x576.jpeg 768w, https:\/\/urbeamea.ro\/albaiulia\/wp-content\/uploads\/2022\/09\/WhatsApp-Image-2022-09-01-at-17.39.14-1536x1152.jpeg 1536w, https:\/\/urbeamea.ro\/albaiulia\/wp-content\/uploads\/2022\/09\/WhatsApp-Image-2022-09-01-at-17.39.14.jpeg 1600w\" sizes=\"auto, (max-width: 1280px) 100vw, 1280px\" \/><\/a><\/figure>\n\n\n\n<figure class=\"wp-block-image size-large\"><a href=\"https:\/\/urbeamea.ro\/albaiulia\/wp-content\/uploads\/2022\/09\/WhatsApp-Image-2022-09-01-at-17.39.13.jpeg\"><img loading=\"lazy\" decoding=\"async\" width=\"1280\" height=\"960\" data-id=\"103746\" src=\"https:\/\/urbeamea.ro\/albaiulia\/wp-content\/uploads\/2022\/09\/WhatsApp-Image-2022-09-01-at-17.39.13-1280x960.jpeg\" alt=\"\" class=\"wp-image-103746\" srcset=\"https:\/\/urbeamea.ro\/albaiulia\/wp-content\/uploads\/2022\/09\/WhatsApp-Image-2022-09-01-at-17.39.13-1280x960.jpeg 1280w, https:\/\/urbeamea.ro\/albaiulia\/wp-content\/uploads\/2022\/09\/WhatsApp-Image-2022-09-01-at-17.39.13-640x480.jpeg 640w, https:\/\/urbeamea.ro\/albaiulia\/wp-content\/uploads\/2022\/09\/WhatsApp-Image-2022-09-01-at-17.39.13-150x113.jpeg 150w, https:\/\/urbeamea.ro\/albaiulia\/wp-content\/uploads\/2022\/09\/WhatsApp-Image-2022-09-01-at-17.39.13-768x576.jpeg 768w, https:\/\/urbeamea.ro\/albaiulia\/wp-content\/uploads\/2022\/09\/WhatsApp-Image-2022-09-01-at-17.39.13-1536x1152.jpeg 1536w, https:\/\/urbeamea.ro\/albaiulia\/wp-content\/uploads\/2022\/09\/WhatsApp-Image-2022-09-01-at-17.39.13.jpeg 1600w\" sizes=\"auto, (max-width: 1280px) 100vw, 1280px\" \/><\/a><\/figure>\n\n\n\n<figure class=\"wp-block-image size-large\"><a href=\"https:\/\/urbeamea.ro\/albaiulia\/wp-content\/uploads\/2022\/09\/WhatsApp-Image-2022-09-01-at-17.39.15.jpeg\"><img loading=\"lazy\" decoding=\"async\" width=\"1280\" height=\"960\" data-id=\"103745\" src=\"https:\/\/urbeamea.ro\/albaiulia\/wp-content\/uploads\/2022\/09\/WhatsApp-Image-2022-09-01-at-17.39.15-1280x960.jpeg\" alt=\"\" class=\"wp-image-103745\" srcset=\"https:\/\/urbeamea.ro\/albaiulia\/wp-content\/uploads\/2022\/09\/WhatsApp-Image-2022-09-01-at-17.39.15-1280x960.jpeg 1280w, https:\/\/urbeamea.ro\/albaiulia\/wp-content\/uploads\/2022\/09\/WhatsApp-Image-2022-09-01-at-17.39.15-640x480.jpeg 640w, https:\/\/urbeamea.ro\/albaiulia\/wp-content\/uploads\/2022\/09\/WhatsApp-Image-2022-09-01-at-17.39.15-150x113.jpeg 150w, https:\/\/urbeamea.ro\/albaiulia\/wp-content\/uploads\/2022\/09\/WhatsApp-Image-2022-09-01-at-17.39.15-768x576.jpeg 768w, https:\/\/urbeamea.ro\/albaiulia\/wp-content\/uploads\/2022\/09\/WhatsApp-Image-2022-09-01-at-17.39.15-1536x1152.jpeg 1536w, https:\/\/urbeamea.ro\/albaiulia\/wp-content\/uploads\/2022\/09\/WhatsApp-Image-2022-09-01-at-17.39.15.jpeg 1600w\" sizes=\"auto, (max-width: 1280px) 100vw, 1280px\" \/><\/a><\/figure>\n\n\n\n<figure class=\"wp-block-image size-large\"><a href=\"https:\/\/urbeamea.ro\/albaiulia\/wp-content\/uploads\/2022\/09\/WhatsApp-Image-2022-09-01-at-17.39.14-1.jpeg\"><img loading=\"lazy\" decoding=\"async\" width=\"1280\" height=\"960\" data-id=\"103742\" src=\"https:\/\/urbeamea.ro\/albaiulia\/wp-content\/uploads\/2022\/09\/WhatsApp-Image-2022-09-01-at-17.39.14-1-1280x960.jpeg\" alt=\"\" class=\"wp-image-103742\" srcset=\"https:\/\/urbeamea.ro\/albaiulia\/wp-content\/uploads\/2022\/09\/WhatsApp-Image-2022-09-01-at-17.39.14-1-1280x960.jpeg 1280w, https:\/\/urbeamea.ro\/albaiulia\/wp-content\/uploads\/2022\/09\/WhatsApp-Image-2022-09-01-at-17.39.14-1-640x480.jpeg 640w, https:\/\/urbeamea.ro\/albaiulia\/wp-content\/uploads\/2022\/09\/WhatsApp-Image-2022-09-01-at-17.39.14-1-150x113.jpeg 150w, https:\/\/urbeamea.ro\/albaiulia\/wp-content\/uploads\/2022\/09\/WhatsApp-Image-2022-09-01-at-17.39.14-1-768x576.jpeg 768w, https:\/\/urbeamea.ro\/albaiulia\/wp-content\/uploads\/2022\/09\/WhatsApp-Image-2022-09-01-at-17.39.14-1-1536x1152.jpeg 1536w, https:\/\/urbeamea.ro\/albaiulia\/wp-content\/uploads\/2022\/09\/WhatsApp-Image-2022-09-01-at-17.39.14-1.jpeg 1600w\" sizes=\"auto, (max-width: 1280px) 100vw, 1280px\" \/><\/a><\/figure>\n\n\n\n<figure class=\"wp-block-image size-large\"><a href=\"https:\/\/urbeamea.ro\/albaiulia\/wp-content\/uploads\/2022\/09\/WhatsApp-Image-2022-09-01-at-16.33.47.jpeg\"><img loading=\"lazy\" decoding=\"async\" width=\"1280\" height=\"960\" data-id=\"103748\" src=\"https:\/\/urbeamea.ro\/albaiulia\/wp-content\/uploads\/2022\/09\/WhatsApp-Image-2022-09-01-at-16.33.47-1280x960.jpeg\" alt=\"\" class=\"wp-image-103748\" srcset=\"https:\/\/urbeamea.ro\/albaiulia\/wp-content\/uploads\/2022\/09\/WhatsApp-Image-2022-09-01-at-16.33.47-1280x960.jpeg 1280w, https:\/\/urbeamea.ro\/albaiulia\/wp-content\/uploads\/2022\/09\/WhatsApp-Image-2022-09-01-at-16.33.47-640x480.jpeg 640w, https:\/\/urbeamea.ro\/albaiulia\/wp-content\/uploads\/2022\/09\/WhatsApp-Image-2022-09-01-at-16.33.47-150x113.jpeg 150w, https:\/\/urbeamea.ro\/albaiulia\/wp-content\/uploads\/2022\/09\/WhatsApp-Image-2022-09-01-at-16.33.47-768x576.jpeg 768w, https:\/\/urbeamea.ro\/albaiulia\/wp-content\/uploads\/2022\/09\/WhatsApp-Image-2022-09-01-at-16.33.47-1536x1152.jpeg 1536w, https:\/\/urbeamea.ro\/albaiulia\/wp-content\/uploads\/2022\/09\/WhatsApp-Image-2022-09-01-at-16.33.47.jpeg 1600w\" sizes=\"auto, (max-width: 1280px) 100vw, 1280px\" \/><\/a><\/figure>\n\n\n\n<figure class=\"wp-block-image size-large\"><a href=\"https:\/\/urbeamea.ro\/albaiulia\/wp-content\/uploads\/2022\/09\/WhatsApp-Image-2022-09-01-at-16.33.49.jpeg\"><img loading=\"lazy\" decoding=\"async\" width=\"1280\" height=\"960\" data-id=\"103749\" src=\"https:\/\/urbeamea.ro\/albaiulia\/wp-content\/uploads\/2022\/09\/WhatsApp-Image-2022-09-01-at-16.33.49-1280x960.jpeg\" alt=\"\" class=\"wp-image-103749\" srcset=\"https:\/\/urbeamea.ro\/albaiulia\/wp-content\/uploads\/2022\/09\/WhatsApp-Image-2022-09-01-at-16.33.49-1280x960.jpeg 1280w, https:\/\/urbeamea.ro\/albaiulia\/wp-content\/uploads\/2022\/09\/WhatsApp-Image-2022-09-01-at-16.33.49-640x480.jpeg 640w, https:\/\/urbeamea.ro\/albaiulia\/wp-content\/uploads\/2022\/09\/WhatsApp-Image-2022-09-01-at-16.33.49-150x113.jpeg 150w, https:\/\/urbeamea.ro\/albaiulia\/wp-content\/uploads\/2022\/09\/WhatsApp-Image-2022-09-01-at-16.33.49-768x576.jpeg 768w, https:\/\/urbeamea.ro\/albaiulia\/wp-content\/uploads\/2022\/09\/WhatsApp-Image-2022-09-01-at-16.33.49-1536x1152.jpeg 1536w, https:\/\/urbeamea.ro\/albaiulia\/wp-content\/uploads\/2022\/09\/WhatsApp-Image-2022-09-01-at-16.33.49.jpeg 1600w\" sizes=\"auto, (max-width: 1280px) 100vw, 1280px\" \/><\/a><\/figure>\n\n\n\n<figure class=\"wp-block-image size-large\"><a href=\"https:\/\/urbeamea.ro\/albaiulia\/wp-content\/uploads\/2022\/09\/WhatsApp-Image-2022-09-01-at-16.33.47-1.jpeg\"><img loading=\"lazy\" decoding=\"async\" width=\"1280\" height=\"960\" data-id=\"103747\" src=\"https:\/\/urbeamea.ro\/albaiulia\/wp-content\/uploads\/2022\/09\/WhatsApp-Image-2022-09-01-at-16.33.47-1-1280x960.jpeg\" alt=\"\" class=\"wp-image-103747\" srcset=\"https:\/\/urbeamea.ro\/albaiulia\/wp-content\/uploads\/2022\/09\/WhatsApp-Image-2022-09-01-at-16.33.47-1-1280x960.jpeg 1280w, https:\/\/urbeamea.ro\/albaiulia\/wp-content\/uploads\/2022\/09\/WhatsApp-Image-2022-09-01-at-16.33.47-1-640x480.jpeg 640w, https:\/\/urbeamea.ro\/albaiulia\/wp-content\/uploads\/2022\/09\/WhatsApp-Image-2022-09-01-at-16.33.47-1-150x113.jpeg 150w, https:\/\/urbeamea.ro\/albaiulia\/wp-content\/uploads\/2022\/09\/WhatsApp-Image-2022-09-01-at-16.33.47-1-768x576.jpeg 768w, https:\/\/urbeamea.ro\/albaiulia\/wp-content\/uploads\/2022\/09\/WhatsApp-Image-2022-09-01-at-16.33.47-1-1536x1152.jpeg 1536w, https:\/\/urbeamea.ro\/albaiulia\/wp-content\/uploads\/2022\/09\/WhatsApp-Image-2022-09-01-at-16.33.47-1.jpeg 1600w\" sizes=\"auto, (max-width: 1280px) 100vw, 1280px\" \/><\/a><\/figure>\n\n\n\n<figure class=\"wp-block-image size-large\"><a href=\"https:\/\/urbeamea.ro\/albaiulia\/wp-content\/uploads\/2022\/09\/WhatsApp-Image-2022-09-01-at-17.43.52.jpeg\"><img loading=\"lazy\" decoding=\"async\" width=\"1024\" height=\"975\" data-id=\"103741\" src=\"https:\/\/urbeamea.ro\/albaiulia\/wp-content\/uploads\/2022\/09\/WhatsApp-Image-2022-09-01-at-17.43.52.jpeg\" alt=\"\" class=\"wp-image-103741\" srcset=\"https:\/\/urbeamea.ro\/albaiulia\/wp-content\/uploads\/2022\/09\/WhatsApp-Image-2022-09-01-at-17.43.52.jpeg 1024w, https:\/\/urbeamea.ro\/albaiulia\/wp-content\/uploads\/2022\/09\/WhatsApp-Image-2022-09-01-at-17.43.52-640x609.jpeg 640w, https:\/\/urbeamea.ro\/albaiulia\/wp-content\/uploads\/2022\/09\/WhatsApp-Image-2022-09-01-at-17.43.52-150x143.jpeg 150w, https:\/\/urbeamea.ro\/albaiulia\/wp-content\/uploads\/2022\/09\/WhatsApp-Image-2022-09-01-at-17.43.52-768x731.jpeg 768w\" sizes=\"auto, (max-width: 1024px) 100vw, 1024px\" \/><\/a><\/figure>\n\n\n\n<figure class=\"wp-block-image size-large\"><a href=\"https:\/\/urbeamea.ro\/albaiulia\/wp-content\/uploads\/2022\/09\/WhatsApp-Image-2022-09-01-at-18.30.19.jpeg\"><img loading=\"lazy\" decoding=\"async\" width=\"1280\" height=\"960\" data-id=\"103744\" src=\"https:\/\/urbeamea.ro\/albaiulia\/wp-content\/uploads\/2022\/09\/WhatsApp-Image-2022-09-01-at-18.30.19-1280x960.jpeg\" alt=\"\" class=\"wp-image-103744\" srcset=\"https:\/\/urbeamea.ro\/albaiulia\/wp-content\/uploads\/2022\/09\/WhatsApp-Image-2022-09-01-at-18.30.19-1280x960.jpeg 1280w, https:\/\/urbeamea.ro\/albaiulia\/wp-content\/uploads\/2022\/09\/WhatsApp-Image-2022-09-01-at-18.30.19-640x480.jpeg 640w, https:\/\/urbeamea.ro\/albaiulia\/wp-content\/uploads\/2022\/09\/WhatsApp-Image-2022-09-01-at-18.30.19-150x113.jpeg 150w, https:\/\/urbeamea.ro\/albaiulia\/wp-content\/uploads\/2022\/09\/WhatsApp-Image-2022-09-01-at-18.30.19-768x576.jpeg 768w, https:\/\/urbeamea.ro\/albaiulia\/wp-content\/uploads\/2022\/09\/WhatsApp-Image-2022-09-01-at-18.30.19-1536x1152.jpeg 1536w, https:\/\/urbeamea.ro\/albaiulia\/wp-content\/uploads\/2022\/09\/WhatsApp-Image-2022-09-01-at-18.30.19.jpeg 1600w\" sizes=\"auto, (max-width: 1280px) 100vw, 1280px\" \/><\/a><\/figure>\n<\/figure>\n","protected":false},"excerpt":{"rendered":"<p>Joi, 1 septembrie 2022, Inspectoratul de Jandarmi Jude\u0163ean \u201cAvram Iancu\u201d Alba, a marcat \u00eemplinirea a 129 de ani de la \u00eenfiin\u0163area Jandarmeriei Rurale Evenimentul s-a dorit a fi unul dedicat copiilor afla\u0163i \u00een centre sociale \u015fi educa\u0163ionale ale Asocia\u0163iei Filantropia Ortodox\u0103 Alba Iulia. Astfel, un num\u0103r de 12 copii de la Casa de tip familial &hellip;<\/p>\n","protected":false},"author":16,"featured_media":103750,"comment_status":"open","ping_status":"open","sticky":false,"template":"","format":"standard","meta":{"inline_featured_image":false,"footnotes":""},"categories":[4],"tags":[1561,11301,24483,18898],"class_list":["post-103740","post","type-post","status-publish","format-standard","has-post-thumbnail","hentry","category-eveniment","tag-filantropia-ortodoxa-alba","tag-inspectoratul-de-jandarmi-judetean-avram-iancu-alba","tag-jandarmeria-rurala","tag-parcul-de-aventura-dynamis"],"yoast_head":"<!-- This site is optimized with the Yoast SEO plugin v28.3 - https:\/\/yoast.com\/product\/yoast-seo-wordpress\/ -->\n<title>Jandarm pentru o zi - Revista Urbea Mea - Revista de Alba<\/title>\n<meta name=\"description\" content=\"Joi, 1 septembrie 2022, Inspectoratul de Jandarmi Jude\u0163ean \u201cAvram Iancu\u201d Alba, a marcat \u00eemplinirea a 129 de ani de la \u00eenfiin\u0163area Jandarmeriei Rurale\" \/>\n<meta name=\"robots\" content=\"index, follow, max-snippet:-1, max-image-preview:large, max-video-preview:-1\" \/>\n<link rel=\"canonical\" href=\"https:\/\/urbeamea.ro\/albaiulia\/jandarm-pentru-o-zi\/\" \/>\n<meta name=\"twitter:card\" content=\"summary_large_image\" \/>\n<meta name=\"twitter:title\" content=\"Jandarm pentru o zi - Revista Urbea Mea - Revista de Alba\" \/>\n<meta name=\"twitter:description\" content=\"Joi, 1 septembrie 2022, Inspectoratul de Jandarmi Jude\u0163ean \u201cAvram Iancu\u201d Alba, a marcat \u00eemplinirea a 129 de ani de la \u00eenfiin\u0163area Jandarmeriei Rurale\" \/>\n<meta name=\"twitter:image\" content=\"https:\/\/urbeamea.ro\/albaiulia\/wp-content\/uploads\/2022\/09\/WhatsApp-Image-2022-09-01-at-17.39.15-1.jpeg\" \/>\n<meta name=\"twitter:creator\" content=\"@urbeameaweb\" \/>\n<meta name=\"twitter:site\" content=\"@urbeameaweb\" \/>\n<script type=\"application\/ld+json\" class=\"yoast-schema-graph\">{\"@context\":\"https:\\\/\\\/schema.org\",\"@graph\":[{\"@type\":\"Article\",\"@id\":\"https:\\\/\\\/urbeamea.ro\\\/albaiulia\\\/jandarm-pentru-o-zi\\\/#article\",\"isPartOf\":{\"@id\":\"https:\\\/\\\/urbeamea.ro\\\/albaiulia\\\/jandarm-pentru-o-zi\\\/\"},\"author\":{\"name\":\"Redac\u021bia UrbeaMea\",\"@id\":\"https:\\\/\\\/urbeamea.ro\\\/albaiulia\\\/#\\\/schema\\\/person\\\/272ae98052f8ee8980f59848df070247\"},\"headline\":\"Jandarm pentru o zi\",\"datePublished\":\"2022-09-02T08:23:06+00:00\",\"dateModified\":\"2022-09-02T08:29:04+00:00\",\"mainEntityOfPage\":{\"@id\":\"https:\\\/\\\/urbeamea.ro\\\/albaiulia\\\/jandarm-pentru-o-zi\\\/\"},\"wordCount\":338,\"commentCount\":0,\"image\":{\"@id\":\"https:\\\/\\\/urbeamea.ro\\\/albaiulia\\\/jandarm-pentru-o-zi\\\/#primaryimage\"},\"thumbnailUrl\":\"https:\\\/\\\/urbeamea.ro\\\/albaiulia\\\/wp-content\\\/uploads\\\/2022\\\/09\\\/WhatsApp-Image-2022-09-01-at-17.39.15-1.jpeg\",\"keywords\":[\"filantropia ortodoxa alba\",\"inspectoratul de jandarmi judetean \u201cAvram Iancu\u201d Alba\",\"jandarmeria rurala\",\"parcul de aventura dynamis\"],\"articleSection\":[\"Evenimente\"],\"inLanguage\":\"ro-RO\",\"potentialAction\":[{\"@type\":\"CommentAction\",\"name\":\"Comment\",\"target\":[\"https:\\\/\\\/urbeamea.ro\\\/albaiulia\\\/jandarm-pentru-o-zi\\\/#respond\"]}]},{\"@type\":\"WebPage\",\"@id\":\"https:\\\/\\\/urbeamea.ro\\\/albaiulia\\\/jandarm-pentru-o-zi\\\/\",\"url\":\"https:\\\/\\\/urbeamea.ro\\\/albaiulia\\\/jandarm-pentru-o-zi\\\/\",\"name\":\"Jandarm pentru o zi - Revista Urbea Mea - Revista de Alba\",\"isPartOf\":{\"@id\":\"https:\\\/\\\/urbeamea.ro\\\/albaiulia\\\/#website\"},\"primaryImageOfPage\":{\"@id\":\"https:\\\/\\\/urbeamea.ro\\\/albaiulia\\\/jandarm-pentru-o-zi\\\/#primaryimage\"},\"image\":{\"@id\":\"https:\\\/\\\/urbeamea.ro\\\/albaiulia\\\/jandarm-pentru-o-zi\\\/#primaryimage\"},\"thumbnailUrl\":\"https:\\\/\\\/urbeamea.ro\\\/albaiulia\\\/wp-content\\\/uploads\\\/2022\\\/09\\\/WhatsApp-Image-2022-09-01-at-17.39.15-1.jpeg\",\"datePublished\":\"2022-09-02T08:23:06+00:00\",\"dateModified\":\"2022-09-02T08:29:04+00:00\",\"author\":{\"@id\":\"https:\\\/\\\/urbeamea.ro\\\/albaiulia\\\/#\\\/schema\\\/person\\\/272ae98052f8ee8980f59848df070247\"},\"description\":\"Joi, 1 septembrie 2022, Inspectoratul de Jandarmi Jude\u0163ean \u201cAvram Iancu\u201d Alba, a marcat \u00eemplinirea a 129 de ani de la \u00eenfiin\u0163area Jandarmeriei Rurale\",\"breadcrumb\":{\"@id\":\"https:\\\/\\\/urbeamea.ro\\\/albaiulia\\\/jandarm-pentru-o-zi\\\/#breadcrumb\"},\"inLanguage\":\"ro-RO\",\"potentialAction\":[{\"@type\":\"ReadAction\",\"target\":[\"https:\\\/\\\/urbeamea.ro\\\/albaiulia\\\/jandarm-pentru-o-zi\\\/\"]}]},{\"@type\":\"ImageObject\",\"inLanguage\":\"ro-RO\",\"@id\":\"https:\\\/\\\/urbeamea.ro\\\/albaiulia\\\/jandarm-pentru-o-zi\\\/#primaryimage\",\"url\":\"https:\\\/\\\/urbeamea.ro\\\/albaiulia\\\/wp-content\\\/uploads\\\/2022\\\/09\\\/WhatsApp-Image-2022-09-01-at-17.39.15-1.jpeg\",\"contentUrl\":\"https:\\\/\\\/urbeamea.ro\\\/albaiulia\\\/wp-content\\\/uploads\\\/2022\\\/09\\\/WhatsApp-Image-2022-09-01-at-17.39.15-1.jpeg\",\"width\":1600,\"height\":1200},{\"@type\":\"BreadcrumbList\",\"@id\":\"https:\\\/\\\/urbeamea.ro\\\/albaiulia\\\/jandarm-pentru-o-zi\\\/#breadcrumb\",\"itemListElement\":[{\"@type\":\"ListItem\",\"position\":1,\"name\":\"Prima pagin\u0103\",\"item\":\"https:\\\/\\\/urbeamea.ro\\\/albaiulia\\\/\"},{\"@type\":\"ListItem\",\"position\":2,\"name\":\"Jandarm pentru o zi\"}]},{\"@type\":\"WebSite\",\"@id\":\"https:\\\/\\\/urbeamea.ro\\\/albaiulia\\\/#website\",\"url\":\"https:\\\/\\\/urbeamea.ro\\\/albaiulia\\\/\",\"name\":\"Revista Urbea Mea, Stiri urbane\",\"description\":\"Evenimente \u0219i \u0219tiri din Alba Iulia, Sebe\u0219, Aiud, Blaj\",\"potentialAction\":[{\"@type\":\"SearchAction\",\"target\":{\"@type\":\"EntryPoint\",\"urlTemplate\":\"https:\\\/\\\/urbeamea.ro\\\/albaiulia\\\/?s={search_term_string}\"},\"query-input\":{\"@type\":\"PropertyValueSpecification\",\"valueRequired\":true,\"valueName\":\"search_term_string\"}}],\"inLanguage\":\"ro-RO\"},{\"@type\":\"Person\",\"@id\":\"https:\\\/\\\/urbeamea.ro\\\/albaiulia\\\/#\\\/schema\\\/person\\\/272ae98052f8ee8980f59848df070247\",\"name\":\"Redac\u021bia UrbeaMea\",\"image\":{\"@type\":\"ImageObject\",\"inLanguage\":\"ro-RO\",\"@id\":\"https:\\\/\\\/secure.gravatar.com\\\/avatar\\\/9ce5a9435071fa1037e8468053ead8e513dbbff59009d3069aadb85506d85a27?s=96&d=mm&r=g\",\"url\":\"https:\\\/\\\/secure.gravatar.com\\\/avatar\\\/9ce5a9435071fa1037e8468053ead8e513dbbff59009d3069aadb85506d85a27?s=96&d=mm&r=g\",\"contentUrl\":\"https:\\\/\\\/secure.gravatar.com\\\/avatar\\\/9ce5a9435071fa1037e8468053ead8e513dbbff59009d3069aadb85506d85a27?s=96&d=mm&r=g\",\"caption\":\"Redac\u021bia UrbeaMea\"},\"description\":\"contact@urbeamea.ro\",\"sameAs\":[\"https:\\\/\\\/www.urbeamea.ro\"],\"url\":\"https:\\\/\\\/urbeamea.ro\\\/albaiulia\\\/author\\\/redactia-urbeamea\\\/\"}]}<\/script>\n<!-- \/ Yoast SEO plugin. -->","yoast_head_json":{"title":"Jandarm pentru o zi - Revista Urbea Mea - Revista de Alba","description":"Joi, 1 septembrie 2022, Inspectoratul de Jandarmi Jude\u0163ean \u201cAvram Iancu\u201d Alba, a marcat \u00eemplinirea a 129 de ani de la \u00eenfiin\u0163area Jandarmeriei Rurale","robots":{"index":"index","follow":"follow","max-snippet":"max-snippet:-1","max-image-preview":"max-image-preview:large","max-video-preview":"max-video-preview:-1"},"canonical":"https:\/\/urbeamea.ro\/albaiulia\/jandarm-pentru-o-zi\/","twitter_card":"summary_large_image","twitter_title":"Jandarm pentru o zi - Revista Urbea Mea - Revista de Alba","twitter_description":"Joi, 1 septembrie 2022, Inspectoratul de Jandarmi Jude\u0163ean \u201cAvram Iancu\u201d Alba, a marcat \u00eemplinirea a 129 de ani de la \u00eenfiin\u0163area Jandarmeriei Rurale","twitter_image":"https:\/\/urbeamea.ro\/albaiulia\/wp-content\/uploads\/2022\/09\/WhatsApp-Image-2022-09-01-at-17.39.15-1.jpeg","twitter_creator":"@urbeameaweb","twitter_site":"@urbeameaweb","schema":{"@context":"https:\/\/schema.org","@graph":[{"@type":"Article","@id":"https:\/\/urbeamea.ro\/albaiulia\/jandarm-pentru-o-zi\/#article","isPartOf":{"@id":"https:\/\/urbeamea.ro\/albaiulia\/jandarm-pentru-o-zi\/"},"author":{"name":"Redac\u021bia UrbeaMea","@id":"https:\/\/urbeamea.ro\/albaiulia\/#\/schema\/person\/272ae98052f8ee8980f59848df070247"},"headline":"Jandarm pentru o zi","datePublished":"2022-09-02T08:23:06+00:00","dateModified":"2022-09-02T08:29:04+00:00","mainEntityOfPage":{"@id":"https:\/\/urbeamea.ro\/albaiulia\/jandarm-pentru-o-zi\/"},"wordCount":338,"commentCount":0,"image":{"@id":"https:\/\/urbeamea.ro\/albaiulia\/jandarm-pentru-o-zi\/#primaryimage"},"thumbnailUrl":"https:\/\/urbeamea.ro\/albaiulia\/wp-content\/uploads\/2022\/09\/WhatsApp-Image-2022-09-01-at-17.39.15-1.jpeg","keywords":["filantropia ortodoxa alba","inspectoratul de jandarmi judetean \u201cAvram Iancu\u201d Alba","jandarmeria rurala","parcul de aventura dynamis"],"articleSection":["Evenimente"],"inLanguage":"ro-RO","potentialAction":[{"@type":"CommentAction","name":"Comment","target":["https:\/\/urbeamea.ro\/albaiulia\/jandarm-pentru-o-zi\/#respond"]}]},{"@type":"WebPage","@id":"https:\/\/urbeamea.ro\/albaiulia\/jandarm-pentru-o-zi\/","url":"https:\/\/urbeamea.ro\/albaiulia\/jandarm-pentru-o-zi\/","name":"Jandarm pentru o zi - Revista Urbea Mea - Revista de Alba","isPartOf":{"@id":"https:\/\/urbeamea.ro\/albaiulia\/#website"},"primaryImageOfPage":{"@id":"https:\/\/urbeamea.ro\/albaiulia\/jandarm-pentru-o-zi\/#primaryimage"},"image":{"@id":"https:\/\/urbeamea.ro\/albaiulia\/jandarm-pentru-o-zi\/#primaryimage"},"thumbnailUrl":"https:\/\/urbeamea.ro\/albaiulia\/wp-content\/uploads\/2022\/09\/WhatsApp-Image-2022-09-01-at-17.39.15-1.jpeg","datePublished":"2022-09-02T08:23:06+00:00","dateModified":"2022-09-02T08:29:04+00:00","author":{"@id":"https:\/\/urbeamea.ro\/albaiulia\/#\/schema\/person\/272ae98052f8ee8980f59848df070247"},"description":"Joi, 1 septembrie 2022, Inspectoratul de Jandarmi Jude\u0163ean \u201cAvram Iancu\u201d Alba, a marcat \u00eemplinirea a 129 de ani de la \u00eenfiin\u0163area Jandarmeriei Rurale","breadcrumb":{"@id":"https:\/\/urbeamea.ro\/albaiulia\/jandarm-pentru-o-zi\/#breadcrumb"},"inLanguage":"ro-RO","potentialAction":[{"@type":"ReadAction","target":["https:\/\/urbeamea.ro\/albaiulia\/jandarm-pentru-o-zi\/"]}]},{"@type":"ImageObject","inLanguage":"ro-RO","@id":"https:\/\/urbeamea.ro\/albaiulia\/jandarm-pentru-o-zi\/#primaryimage","url":"https:\/\/urbeamea.ro\/albaiulia\/wp-content\/uploads\/2022\/09\/WhatsApp-Image-2022-09-01-at-17.39.15-1.jpeg","contentUrl":"https:\/\/urbeamea.ro\/albaiulia\/wp-content\/uploads\/2022\/09\/WhatsApp-Image-2022-09-01-at-17.39.15-1.jpeg","width":1600,"height":1200},{"@type":"BreadcrumbList","@id":"https:\/\/urbeamea.ro\/albaiulia\/jandarm-pentru-o-zi\/#breadcrumb","itemListElement":[{"@type":"ListItem","position":1,"name":"Prima pagin\u0103","item":"https:\/\/urbeamea.ro\/albaiulia\/"},{"@type":"ListItem","position":2,"name":"Jandarm pentru o zi"}]},{"@type":"WebSite","@id":"https:\/\/urbeamea.ro\/albaiulia\/#website","url":"https:\/\/urbeamea.ro\/albaiulia\/","name":"Revista Urbea Mea, Stiri urbane","description":"Evenimente \u0219i \u0219tiri din Alba Iulia, Sebe\u0219, Aiud, Blaj","potentialAction":[{"@type":"SearchAction","target":{"@type":"EntryPoint","urlTemplate":"https:\/\/urbeamea.ro\/albaiulia\/?s={search_term_string}"},"query-input":{"@type":"PropertyValueSpecification","valueRequired":true,"valueName":"search_term_string"}}],"inLanguage":"ro-RO"},{"@type":"Person","@id":"https:\/\/urbeamea.ro\/albaiulia\/#\/schema\/person\/272ae98052f8ee8980f59848df070247","name":"Redac\u021bia UrbeaMea","image":{"@type":"ImageObject","inLanguage":"ro-RO","@id":"https:\/\/secure.gravatar.com\/avatar\/9ce5a9435071fa1037e8468053ead8e513dbbff59009d3069aadb85506d85a27?s=96&d=mm&r=g","url":"https:\/\/secure.gravatar.com\/avatar\/9ce5a9435071fa1037e8468053ead8e513dbbff59009d3069aadb85506d85a27?s=96&d=mm&r=g","contentUrl":"https:\/\/secure.gravatar.com\/avatar\/9ce5a9435071fa1037e8468053ead8e513dbbff59009d3069aadb85506d85a27?s=96&d=mm&r=g","caption":"Redac\u021bia UrbeaMea"},"description":"contact@urbeamea.ro","sameAs":["https:\/\/www.urbeamea.ro"],"url":"https:\/\/urbeamea.ro\/albaiulia\/author\/redactia-urbeamea\/"}]}},"_links":{"self":[{"href":"https:\/\/urbeamea.ro\/albaiulia\/wp-json\/wp\/v2\/posts\/103740","targetHints":{"allow":["GET"]}}],"collection":[{"href":"https:\/\/urbeamea.ro\/albaiulia\/wp-json\/wp\/v2\/posts"}],"about":[{"href":"https:\/\/urbeamea.ro\/albaiulia\/wp-json\/wp\/v2\/types\/post"}],"author":[{"embeddable":true,"href":"https:\/\/urbeamea.ro\/albaiulia\/wp-json\/wp\/v2\/users\/16"}],"replies":[{"embeddable":true,"href":"https:\/\/urbeamea.ro\/albaiulia\/wp-json\/wp\/v2\/comments?post=103740"}],"version-history":[{"count":1,"href":"https:\/\/urbeamea.ro\/albaiulia\/wp-json\/wp\/v2\/posts\/103740\/revisions"}],"predecessor-version":[{"id":103751,"href":"https:\/\/urbeamea.ro\/albaiulia\/wp-json\/wp\/v2\/posts\/103740\/revisions\/103751"}],"wp:featuredmedia":[{"embeddable":true,"href":"https:\/\/urbeamea.ro\/albaiulia\/wp-json\/wp\/v2\/media\/103750"}],"wp:attachment":[{"href":"https:\/\/urbeamea.ro\/albaiulia\/wp-json\/wp\/v2\/media?parent=103740"}],"wp:term":[{"taxonomy":"category","embeddable":true,"href":"https:\/\/urbeamea.ro\/albaiulia\/wp-json\/wp\/v2\/categories?post=103740"},{"taxonomy":"post_tag","embeddable":true,"href":"https:\/\/urbeamea.ro\/albaiulia\/wp-json\/wp\/v2\/tags?post=103740"}],"curies":[{"name":"wp","href":"https:\/\/api.w.org\/{rel}","templated":true}]}}