{"id":103763,"date":"2022-09-02T14:10:07","date_gmt":"2022-09-02T11:10:07","guid":{"rendered":"https:\/\/urbeamea.ro\/albaiulia\/?p=103763"},"modified":"2022-09-02T14:12:35","modified_gmt":"2022-09-02T11:12:35","slug":"lista-evenimente-in-weekend-ul-2-4-septembrie-in-alba-iulia-si-imprejurimi","status":"publish","type":"post","link":"https:\/\/urbeamea.ro\/albaiulia\/lista-evenimente-in-weekend-ul-2-4-septembrie-in-alba-iulia-si-imprejurimi\/","title":{"rendered":"List\u0103 evenimente \u00een weekend-ul 2-4 septembrie \u00een Alba Iulia \u0219i \u00eemprejurimi"},"content":{"rendered":"\n<p class=\"wp-block-paragraph\">Primul weekend de toamn\u0103 se anun\u021b\u0103 promi\u021b\u0103tor din punct de vedere al evenimentelor \u0219i ac\u021biunilor la care po\u021bi lua parte \u00een Alba Iulia \u0219i prin apropiere. Chiar dac\u0103 vremea se anun\u021b\u0103 a fi schimb\u0103toare, ai de unde alege modurile \u00een care vrei s\u0103 te relaxezi \u00een urm\u0103toarele trei zile &#8211; ie\u0219iri \u00een natur\u0103, pe munte, competi\u021bii de maraton pentru adul\u021bi \u0219i copii, competi\u021bie de ciclism montan, ture cu bicicletele electrice prin Apuseni, rafting pe Arie\u0219, t\u00e2rg na\u021bional de turism rural, petreceri pe teras\u0103 \u0219i \u00een aer liber sunt doar c\u00e2teva dintre evenimentele care te a\u0219teapt\u0103 de vineri p\u00e2n\u0103 duminic\u0103.<\/p>\n\n\n\n<figure class=\"wp-block-image size-large\"><img loading=\"lazy\" decoding=\"async\" width=\"1280\" height=\"720\" src=\"https:\/\/urbeamea.ro\/albaiulia\/wp-content\/uploads\/2022\/09\/279028874_3117196488609772_6141989114361227097_n-1280x720.jpg\" alt=\"\" class=\"wp-image-103764\" srcset=\"https:\/\/urbeamea.ro\/albaiulia\/wp-content\/uploads\/2022\/09\/279028874_3117196488609772_6141989114361227097_n-1280x720.jpg 1280w, https:\/\/urbeamea.ro\/albaiulia\/wp-content\/uploads\/2022\/09\/279028874_3117196488609772_6141989114361227097_n-640x360.jpg 640w, https:\/\/urbeamea.ro\/albaiulia\/wp-content\/uploads\/2022\/09\/279028874_3117196488609772_6141989114361227097_n-150x84.jpg 150w, https:\/\/urbeamea.ro\/albaiulia\/wp-content\/uploads\/2022\/09\/279028874_3117196488609772_6141989114361227097_n-768x432.jpg 768w, https:\/\/urbeamea.ro\/albaiulia\/wp-content\/uploads\/2022\/09\/279028874_3117196488609772_6141989114361227097_n-390x220.jpg 390w, https:\/\/urbeamea.ro\/albaiulia\/wp-content\/uploads\/2022\/09\/279028874_3117196488609772_6141989114361227097_n.jpg 1440w\" sizes=\"auto, (max-width: 1280px) 100vw, 1280px\" \/><\/figure>\n\n\n\n<p class=\"wp-block-paragraph\"><strong>De joi, de la 19:00, p\u00e2n\u0103 duminic\u0103, la 14:00, <a href=\"https:\/\/www.facebook.com\/events\/1033319420586665\/\" target=\"_blank\" rel=\"noreferrer noopener\">Ro\u0219ia Montan\u0103 Marathon 2022<\/a>, organizat de Ro\u0219ia Montan\u0103 Marathon \u0219i Adopt\u0103 o Cas\u0103 la Ro\u0219ia Montan\u0103.<\/strong><br>Dragi alerg\u0103tori, iubitori de natur\u0103, cultur\u0103 \u0219i istorie, sunte\u021bi a\u0219tepta\u021bi la Ro\u0219ia Montan\u0103 Marathon 2022, a IX-a edi\u021bie a concursului organizat \u00een inima Mun\u021bilor Apuseni. Organizatorii au preg\u0103tit trasee ce str\u0103bat unele dintre cele mai frumoase monumente naturale din Ro\u0219ia Montan\u0103 \u0219i vecin\u0103tate &#8211; Piatra Corbului, Masivul C\u00e2rnic, T\u0103ul Mare, Detunatele, precum \u0219i drume\u021bii, vizit\u0103 la Galeriile Romane, foc de tab\u0103r\u0103, \u00eent\u00e2lnire cu localnicii \u0219i mult\u0103 energie \u0219i voie bun\u0103!<\/p>\n\n\n\n<p class=\"wp-block-paragraph\"><strong>De vineri, de la 10:00, p\u00e2n\u0103 duminic\u0103, la 20:00, <a href=\"https:\/\/www.facebook.com\/events\/603267188082969\/\" target=\"_blank\" rel=\"noreferrer noopener\">T\u00e2rgul Na\u021bional de Turism Rural Albac<\/a>.<\/strong><br>\u00cen fiecare an, \u00een comuna Albac are loc tradi\u021bionalul t\u00e2rg na\u021bional de turism rural, prilej cu care organizatorii \u00eencearc\u0103 s\u0103 se adreseze at\u00e2t celor implica\u021bi \u0219i interesa\u021bi direct de acest eveniment c\u00e2t \u0219i turi\u0219tilor sau vizitatorilor ocazionali, preg\u0103tind numeroase surprize &#8211; \u00eentre care \u0219i cinstirea lui Horia, Clo\u0219ca \u0219i Cri\u0219an sau Avram Iancu. T\u00e2rgul are ca obiectiv promovarea turismului, obiceiurilor \u0219i tradi\u021biilor din Mun\u021bii Apuseni \u0219i nu numai.<\/p>\n\n\n\n<p class=\"wp-block-paragraph\"><strong>De vineri, de la 18:00, p\u00e2n\u0103 duminic\u0103, la 14:00, <a href=\"https:\/\/www.facebook.com\/events\/769201630891673\/\" target=\"_blank\" rel=\"noreferrer noopener\">Weekend cu foc de tab\u0103r\u0103 \u0219i legende spuse de bunica<\/a> la Pensiunea Huda lui Papar\u0103.<\/strong><br>Sim\u021bi\u021bi nevoia s\u0103 v\u0103 destinde\u021bi \u0219i s\u0103 v\u0103 conecta\u021bi mai bine cu natura? Dac\u0103 da, sunte\u021bi a\u0219tepta\u021bi cu drag s\u0103 dep\u0103na\u021bi legendele locului la gura focului de tab\u0103r\u0103 \u00eempreun\u0103 cu bunica, la sf\u00e2r\u0219itul acestei s\u0103pt\u0103m\u00e2ni.<\/p>\n\n\n\n<figure class=\"wp-block-image size-full\"><img loading=\"lazy\" decoding=\"async\" width=\"960\" height=\"488\" src=\"https:\/\/urbeamea.ro\/albaiulia\/wp-content\/uploads\/2022\/09\/300835074_616444269845224_4291709945411383291_n.jpg\" alt=\"\" class=\"wp-image-103765\" srcset=\"https:\/\/urbeamea.ro\/albaiulia\/wp-content\/uploads\/2022\/09\/300835074_616444269845224_4291709945411383291_n.jpg 960w, https:\/\/urbeamea.ro\/albaiulia\/wp-content\/uploads\/2022\/09\/300835074_616444269845224_4291709945411383291_n-640x325.jpg 640w, https:\/\/urbeamea.ro\/albaiulia\/wp-content\/uploads\/2022\/09\/300835074_616444269845224_4291709945411383291_n-150x76.jpg 150w, https:\/\/urbeamea.ro\/albaiulia\/wp-content\/uploads\/2022\/09\/300835074_616444269845224_4291709945411383291_n-768x390.jpg 768w\" sizes=\"auto, (max-width: 960px) 100vw, 960px\" \/><\/figure>\n\n\n\n<p class=\"wp-block-paragraph\"><strong>Vineri, de la 23:00, <a href=\"https:\/\/www.facebook.com\/events\/755912829034683\/\" target=\"_blank\" rel=\"noreferrer noopener\">Hideout: Act Five<\/a> organizat de Hideout Events la terasa Panoramic din apropierea Parcului Dendrologic Dr. Ioan Vlad.<\/strong><br>Seria petrecerilor Hideout continu\u0103 \u00een acest weekend cu al \u0219aselea eveniment, iar lineup-ul promite o noapte cu distrac\u021bie de \u021binut minte.<\/p>\n\n\n\n<figure class=\"wp-block-image size-full\"><img loading=\"lazy\" decoding=\"async\" width=\"960\" height=\"541\" src=\"https:\/\/urbeamea.ro\/albaiulia\/wp-content\/uploads\/2022\/09\/264749643_481322193341302_3474848071634056338_n.jpg\" alt=\"\" class=\"wp-image-103766\" srcset=\"https:\/\/urbeamea.ro\/albaiulia\/wp-content\/uploads\/2022\/09\/264749643_481322193341302_3474848071634056338_n.jpg 960w, https:\/\/urbeamea.ro\/albaiulia\/wp-content\/uploads\/2022\/09\/264749643_481322193341302_3474848071634056338_n-640x361.jpg 640w, https:\/\/urbeamea.ro\/albaiulia\/wp-content\/uploads\/2022\/09\/264749643_481322193341302_3474848071634056338_n-150x85.jpg 150w, https:\/\/urbeamea.ro\/albaiulia\/wp-content\/uploads\/2022\/09\/264749643_481322193341302_3474848071634056338_n-768x433.jpg 768w, https:\/\/urbeamea.ro\/albaiulia\/wp-content\/uploads\/2022\/09\/264749643_481322193341302_3474848071634056338_n-390x220.jpg 390w\" sizes=\"auto, (max-width: 960px) 100vw, 960px\" \/><\/figure>\n\n\n\n<p class=\"wp-block-paragraph\"><strong>S\u00e2mb\u0103t\u0103, de la 07:00, <a href=\"https:\/\/www.facebook.com\/events\/316496103675824\/\" target=\"_blank\" rel=\"noreferrer noopener\">CugiRace 2022<\/a> la Poiana cu Goruni.<\/strong><\/p>\n\n\n\n<p class=\"wp-block-paragraph\"><strong>Vineri, de la 23:00, <a rel=\"noreferrer noopener\" href=\"https:\/\/www.facebook.com\/events\/1458372797973210\/\" target=\"_blank\">Back 2 School Party<\/a> la Mira Summer.<\/strong><br>Vineri seara e\u0219ti a\u0219teptat s\u0103 ne preg\u0103tim de \u0219coal\u0103 \u00eempreun\u0103 cu DJ Raulo, la cea mai tare petrecere din ora\u0219.<\/p>\n\n\n\n<p class=\"wp-block-paragraph\"><strong>S\u00e2mb\u0103t\u0103 \u0219i duminic\u0103, de la 11:00 la 18:00, <a href=\"https:\/\/www.facebook.com\/events\/528145195569787\/533402958377344\/\" target=\"_blank\" rel=\"noreferrer noopener\">Tur\u0103 cu Biciclete Electrice prin Apuseni<\/a> organizat\u0103 de Transilvania Extreme Adventures la Vidolm.<\/strong><\/p>\n\n\n\n<p class=\"wp-block-paragraph\">Petrece-\u021bi weekend-ul pe dou\u0103 ro\u021bi. Traseul are o lungime de 50 km, iar parcurgerea acestuia dureaz\u0103 aproximativ 4 ore.<\/p>\n\n\n\n<figure class=\"wp-block-image size-large\"><img loading=\"lazy\" decoding=\"async\" width=\"1280\" height=\"670\" src=\"https:\/\/urbeamea.ro\/albaiulia\/wp-content\/uploads\/2022\/09\/299832169_5510286889037119_4822265333645138642_n-1280x670.jpg\" alt=\"\" class=\"wp-image-103767\" srcset=\"https:\/\/urbeamea.ro\/albaiulia\/wp-content\/uploads\/2022\/09\/299832169_5510286889037119_4822265333645138642_n-1280x670.jpg 1280w, https:\/\/urbeamea.ro\/albaiulia\/wp-content\/uploads\/2022\/09\/299832169_5510286889037119_4822265333645138642_n-640x335.jpg 640w, https:\/\/urbeamea.ro\/albaiulia\/wp-content\/uploads\/2022\/09\/299832169_5510286889037119_4822265333645138642_n-150x78.jpg 150w, https:\/\/urbeamea.ro\/albaiulia\/wp-content\/uploads\/2022\/09\/299832169_5510286889037119_4822265333645138642_n-768x402.jpg 768w, https:\/\/urbeamea.ro\/albaiulia\/wp-content\/uploads\/2022\/09\/299832169_5510286889037119_4822265333645138642_n-1536x804.jpg 1536w, https:\/\/urbeamea.ro\/albaiulia\/wp-content\/uploads\/2022\/09\/299832169_5510286889037119_4822265333645138642_n.jpg 1600w\" sizes=\"auto, (max-width: 1280px) 100vw, 1280px\" \/><\/figure>\n\n\n\n<p class=\"wp-block-paragraph\"><strong>De s\u00e2mb\u0103t\u0103, de la 10:00, p\u00e2n\u0103 duminic\u0103, la 20:00, <a href=\"https:\/\/www.facebook.com\/events\/447784943923413\/\" target=\"_blank\" rel=\"noreferrer noopener\">Drag de \u00centregalde &#8211; Edi\u021bia I<\/a> la \u00centregalde.<\/strong><\/p>\n\n\n\n<p class=\"wp-block-paragraph\"><strong>S\u00e2mb\u0103t\u0103, de la 16:00 la 18:00, <a href=\"https:\/\/www.facebook.com\/events\/5347113558658188\/\" target=\"_blank\" rel=\"noreferrer noopener\">Cursa Copiilor @ Ro\u0219ia Montan\u0103 Marathon<\/a> organizat\u0103 de Visit Ro\u0219ia Montan\u0103 \u0219i Made in Ro\u0219ia Montan\u0103.<\/strong><br>Cursa copiilor e una dintre cele mai a\u0219teptate alerg\u0103ri din cadrul maratonului de la Ro\u0219ia Montan\u0103 deoarece copiii localnicilor al\u0103turi de copiii participan\u021bilor \u00ee\u0219i probeaz\u0103 for\u021bele pe c\u0103r\u0103rile verzi ale satului istoric.<\/p>\n\n\n\n<p class=\"wp-block-paragraph\"><strong>S\u00e2mb\u0103t\u0103, de la 23:00, <a href=\"https:\/\/www.facebook.com\/events\/480134796954146\" data-type=\"URL\" data-id=\"https:\/\/www.facebook.com\/events\/480134796954146\" target=\"_blank\" rel=\"noreferrer noopener\">Mira Summer\/Closing Party<\/a> la Mira Summer.<\/strong><br>A trecut \u0219i vara anului 2022, sezonul de teras\u0103 e pe final, este final \u0219i la Mira Summer. Sunte\u021bi a\u0219tepta\u021bi pentru a petrece \u0219i a rememora serile petrecute \u00eempreun\u0103.<\/p>\n\n\n\n<p class=\"wp-block-paragraph\"><strong>Duminic\u0103, de la 10:00 la 17:00, <a href=\"https:\/\/www.facebook.com\/events\/447158697354284\/\" target=\"_blank\" rel=\"noreferrer noopener\">Col\u021bii Trasc\u0103ului \u0219i Piatra Secuiului &#8211; Nivel \u00eencep\u0103tor<\/a>, ac\u021biune organizat\u0103 de Backpackers Rom\u00e2nia la Rimetea.<\/strong><br>Profit\u0103 de prognoza de vreme frumoasa de duminica aceasta \u0219i f\u0103 o drume\u021bie u\u0219oar\u0103 \u00een pe unul dintre cele mai spectaculoase masive calcaroase a Mun\u021bilor Trasc\u0103u, Piatra Secuiului. Se spune c\u0103 aici soarele r\u0103sare de dou\u0103 ori. Dintre toate piscurile masivului, dou\u0103 se \u00eenal\u021b\u0103 at\u00e2t de mult, \u00eenc\u00e2t soarele r\u0103sare de dup\u0103 primul \u0219i dispare dup\u0103 al doilea, urm\u00e2nd s\u0103 r\u0103sar\u0103 \u00eenc\u0103 o dat\u0103 \u0219i s\u0103 lumineze din nou, de data asta pentru tot restul zilei, acoperi\u0219urile caselor din Rimetea.<\/p>\n\n\n\n<p class=\"wp-block-paragraph\">Articol realizat cu ajutorul prietenului nostru urban, <strong>Marius Rusu<\/strong>.<\/p>\n","protected":false},"excerpt":{"rendered":"<p>Primul weekend de toamn\u0103 se anun\u021b\u0103 promi\u021b\u0103tor din punct de vedere al evenimentelor \u0219i ac\u021biunilor la care po\u021bi lua parte \u00een Alba Iulia \u0219i prin apropiere. Chiar dac\u0103 vremea se anun\u021b\u0103 a fi schimb\u0103toare, ai de unde alege modurile \u00een care vrei s\u0103 te relaxezi \u00een urm\u0103toarele trei zile &#8211; ie\u0219iri \u00een natur\u0103, pe munte, &hellip;<\/p>\n","protected":false},"author":5,"featured_media":98638,"comment_status":"open","ping_status":"open","sticky":false,"template":"","format":"standard","meta":{"inline_featured_image":false,"footnotes":""},"categories":[4],"tags":[23798,24486,23839],"class_list":["post-103763","post","type-post","status-publish","format-standard","has-post-thumbnail","hentry","category-eveniment","tag-evenimente-azi","tag-evenimente-in-weekend","tag-lista-evenimente"],"yoast_head":"<!-- This site is optimized with the Yoast SEO plugin v28.3 - https:\/\/yoast.com\/product\/yoast-seo-wordpress\/ -->\n<title>List\u0103 evenimente \u00een weekend-ul 2-4 septembrie \u00een Alba Iulia \u0219i \u00eemprejurimi - Revista Urbea Mea - Revista de Alba<\/title>\n<meta name=\"description\" content=\"Primul weekend de toamn\u0103 se anun\u021b\u0103 promi\u021b\u0103tor din punct de vedere al evenimentelor \u0219i ac\u021biunilor la care po\u021bi lua parte \u00een Alba Iulia \u0219i prin apropiere.\" \/>\n<meta name=\"robots\" content=\"index, follow, max-snippet:-1, max-image-preview:large, max-video-preview:-1\" \/>\n<link rel=\"canonical\" href=\"https:\/\/urbeamea.ro\/albaiulia\/lista-evenimente-in-weekend-ul-2-4-septembrie-in-alba-iulia-si-imprejurimi\/\" \/>\n<meta name=\"twitter:card\" content=\"summary_large_image\" \/>\n<meta name=\"twitter:title\" content=\"List\u0103 evenimente \u00een weekend-ul 2-4 septembrie \u00een Alba Iulia \u0219i \u00eemprejurimi - Revista Urbea Mea - Revista de Alba\" \/>\n<meta name=\"twitter:description\" content=\"Primul weekend de toamn\u0103 se anun\u021b\u0103 promi\u021b\u0103tor din punct de vedere al evenimentelor \u0219i ac\u021biunilor la care po\u021bi lua parte \u00een Alba Iulia \u0219i prin apropiere.\" \/>\n<meta name=\"twitter:image\" content=\"https:\/\/urbeamea.ro\/albaiulia\/wp-content\/uploads\/2021\/10\/img_postare-evenimente-optim.jpg\" \/>\n<meta name=\"twitter:creator\" content=\"@urbeameaweb\" \/>\n<meta name=\"twitter:site\" content=\"@urbeameaweb\" \/>\n<script type=\"application\/ld+json\" class=\"yoast-schema-graph\">{\"@context\":\"https:\\\/\\\/schema.org\",\"@graph\":[{\"@type\":\"Article\",\"@id\":\"https:\\\/\\\/urbeamea.ro\\\/albaiulia\\\/lista-evenimente-in-weekend-ul-2-4-septembrie-in-alba-iulia-si-imprejurimi\\\/#article\",\"isPartOf\":{\"@id\":\"https:\\\/\\\/urbeamea.ro\\\/albaiulia\\\/lista-evenimente-in-weekend-ul-2-4-septembrie-in-alba-iulia-si-imprejurimi\\\/\"},\"author\":{\"name\":\"Bogdan P\u0103unescu\",\"@id\":\"https:\\\/\\\/urbeamea.ro\\\/albaiulia\\\/#\\\/schema\\\/person\\\/a115373ce8153754c6b084232d985956\"},\"headline\":\"List\u0103 evenimente \u00een weekend-ul 2-4 septembrie \u00een Alba Iulia \u0219i \u00eemprejurimi\",\"datePublished\":\"2022-09-02T11:10:07+00:00\",\"dateModified\":\"2022-09-02T11:12:35+00:00\",\"mainEntityOfPage\":{\"@id\":\"https:\\\/\\\/urbeamea.ro\\\/albaiulia\\\/lista-evenimente-in-weekend-ul-2-4-septembrie-in-alba-iulia-si-imprejurimi\\\/\"},\"wordCount\":781,\"commentCount\":0,\"image\":{\"@id\":\"https:\\\/\\\/urbeamea.ro\\\/albaiulia\\\/lista-evenimente-in-weekend-ul-2-4-septembrie-in-alba-iulia-si-imprejurimi\\\/#primaryimage\"},\"thumbnailUrl\":\"https:\\\/\\\/urbeamea.ro\\\/albaiulia\\\/wp-content\\\/uploads\\\/2021\\\/10\\\/img_postare-evenimente-optim.jpg\",\"keywords\":[\"Evenimente azi\",\"evenimente in weekend\",\"Lista evenimente\"],\"articleSection\":[\"Evenimente\"],\"inLanguage\":\"ro-RO\",\"potentialAction\":[{\"@type\":\"CommentAction\",\"name\":\"Comment\",\"target\":[\"https:\\\/\\\/urbeamea.ro\\\/albaiulia\\\/lista-evenimente-in-weekend-ul-2-4-septembrie-in-alba-iulia-si-imprejurimi\\\/#respond\"]}]},{\"@type\":\"WebPage\",\"@id\":\"https:\\\/\\\/urbeamea.ro\\\/albaiulia\\\/lista-evenimente-in-weekend-ul-2-4-septembrie-in-alba-iulia-si-imprejurimi\\\/\",\"url\":\"https:\\\/\\\/urbeamea.ro\\\/albaiulia\\\/lista-evenimente-in-weekend-ul-2-4-septembrie-in-alba-iulia-si-imprejurimi\\\/\",\"name\":\"List\u0103 evenimente \u00een weekend-ul 2-4 septembrie \u00een Alba Iulia \u0219i \u00eemprejurimi - Revista Urbea Mea - Revista de Alba\",\"isPartOf\":{\"@id\":\"https:\\\/\\\/urbeamea.ro\\\/albaiulia\\\/#website\"},\"primaryImageOfPage\":{\"@id\":\"https:\\\/\\\/urbeamea.ro\\\/albaiulia\\\/lista-evenimente-in-weekend-ul-2-4-septembrie-in-alba-iulia-si-imprejurimi\\\/#primaryimage\"},\"image\":{\"@id\":\"https:\\\/\\\/urbeamea.ro\\\/albaiulia\\\/lista-evenimente-in-weekend-ul-2-4-septembrie-in-alba-iulia-si-imprejurimi\\\/#primaryimage\"},\"thumbnailUrl\":\"https:\\\/\\\/urbeamea.ro\\\/albaiulia\\\/wp-content\\\/uploads\\\/2021\\\/10\\\/img_postare-evenimente-optim.jpg\",\"datePublished\":\"2022-09-02T11:10:07+00:00\",\"dateModified\":\"2022-09-02T11:12:35+00:00\",\"author\":{\"@id\":\"https:\\\/\\\/urbeamea.ro\\\/albaiulia\\\/#\\\/schema\\\/person\\\/a115373ce8153754c6b084232d985956\"},\"description\":\"Primul weekend de toamn\u0103 se anun\u021b\u0103 promi\u021b\u0103tor din punct de vedere al evenimentelor \u0219i ac\u021biunilor la care po\u021bi lua parte \u00een Alba Iulia \u0219i prin apropiere.\",\"breadcrumb\":{\"@id\":\"https:\\\/\\\/urbeamea.ro\\\/albaiulia\\\/lista-evenimente-in-weekend-ul-2-4-septembrie-in-alba-iulia-si-imprejurimi\\\/#breadcrumb\"},\"inLanguage\":\"ro-RO\",\"potentialAction\":[{\"@type\":\"ReadAction\",\"target\":[\"https:\\\/\\\/urbeamea.ro\\\/albaiulia\\\/lista-evenimente-in-weekend-ul-2-4-septembrie-in-alba-iulia-si-imprejurimi\\\/\"]}]},{\"@type\":\"ImageObject\",\"inLanguage\":\"ro-RO\",\"@id\":\"https:\\\/\\\/urbeamea.ro\\\/albaiulia\\\/lista-evenimente-in-weekend-ul-2-4-septembrie-in-alba-iulia-si-imprejurimi\\\/#primaryimage\",\"url\":\"https:\\\/\\\/urbeamea.ro\\\/albaiulia\\\/wp-content\\\/uploads\\\/2021\\\/10\\\/img_postare-evenimente-optim.jpg\",\"contentUrl\":\"https:\\\/\\\/urbeamea.ro\\\/albaiulia\\\/wp-content\\\/uploads\\\/2021\\\/10\\\/img_postare-evenimente-optim.jpg\",\"width\":1200,\"height\":1000},{\"@type\":\"BreadcrumbList\",\"@id\":\"https:\\\/\\\/urbeamea.ro\\\/albaiulia\\\/lista-evenimente-in-weekend-ul-2-4-septembrie-in-alba-iulia-si-imprejurimi\\\/#breadcrumb\",\"itemListElement\":[{\"@type\":\"ListItem\",\"position\":1,\"name\":\"Prima pagin\u0103\",\"item\":\"https:\\\/\\\/urbeamea.ro\\\/albaiulia\\\/\"},{\"@type\":\"ListItem\",\"position\":2,\"name\":\"List\u0103 evenimente \u00een weekend-ul 2-4 septembrie \u00een Alba Iulia \u0219i \u00eemprejurimi\"}]},{\"@type\":\"WebSite\",\"@id\":\"https:\\\/\\\/urbeamea.ro\\\/albaiulia\\\/#website\",\"url\":\"https:\\\/\\\/urbeamea.ro\\\/albaiulia\\\/\",\"name\":\"Revista Urbea Mea, Stiri urbane\",\"description\":\"Evenimente \u0219i \u0219tiri din Alba Iulia, Sebe\u0219, Aiud, Blaj\",\"potentialAction\":[{\"@type\":\"SearchAction\",\"target\":{\"@type\":\"EntryPoint\",\"urlTemplate\":\"https:\\\/\\\/urbeamea.ro\\\/albaiulia\\\/?s={search_term_string}\"},\"query-input\":{\"@type\":\"PropertyValueSpecification\",\"valueRequired\":true,\"valueName\":\"search_term_string\"}}],\"inLanguage\":\"ro-RO\"},{\"@type\":\"Person\",\"@id\":\"https:\\\/\\\/urbeamea.ro\\\/albaiulia\\\/#\\\/schema\\\/person\\\/a115373ce8153754c6b084232d985956\",\"name\":\"Bogdan P\u0103unescu\",\"image\":{\"@type\":\"ImageObject\",\"inLanguage\":\"ro-RO\",\"@id\":\"https:\\\/\\\/secure.gravatar.com\\\/avatar\\\/f72aa881b5a32ea110a53aabc2049429e3ff68fcb09d283722d01fbf330e9dd9?s=96&d=mm&r=g\",\"url\":\"https:\\\/\\\/secure.gravatar.com\\\/avatar\\\/f72aa881b5a32ea110a53aabc2049429e3ff68fcb09d283722d01fbf330e9dd9?s=96&d=mm&r=g\",\"contentUrl\":\"https:\\\/\\\/secure.gravatar.com\\\/avatar\\\/f72aa881b5a32ea110a53aabc2049429e3ff68fcb09d283722d01fbf330e9dd9?s=96&d=mm&r=g\",\"caption\":\"Bogdan P\u0103unescu\"},\"description\":\"\u00cemi place tot ceea ce este legat de web \u015fi ajut la dezvoltarea \u015fi \u00eembun\u0103t\u0103\u0163irea lui prin tot ceea ce fac.\",\"sameAs\":[\"https:\\\/\\\/www.artonmedia.ro\",\"https:\\\/\\\/www.facebook.com\\\/bogdanvpaunescu\"],\"url\":\"https:\\\/\\\/urbeamea.ro\\\/albaiulia\\\/author\\\/bogdan-paunescu\\\/\"}]}<\/script>\n<!-- \/ Yoast SEO plugin. -->","yoast_head_json":{"title":"List\u0103 evenimente \u00een weekend-ul 2-4 septembrie \u00een Alba Iulia \u0219i \u00eemprejurimi - Revista Urbea Mea - Revista de Alba","description":"Primul weekend de toamn\u0103 se anun\u021b\u0103 promi\u021b\u0103tor din punct de vedere al evenimentelor \u0219i ac\u021biunilor la care po\u021bi lua parte \u00een Alba Iulia \u0219i prin apropiere.","robots":{"index":"index","follow":"follow","max-snippet":"max-snippet:-1","max-image-preview":"max-image-preview:large","max-video-preview":"max-video-preview:-1"},"canonical":"https:\/\/urbeamea.ro\/albaiulia\/lista-evenimente-in-weekend-ul-2-4-septembrie-in-alba-iulia-si-imprejurimi\/","twitter_card":"summary_large_image","twitter_title":"List\u0103 evenimente \u00een weekend-ul 2-4 septembrie \u00een Alba Iulia \u0219i \u00eemprejurimi - Revista Urbea Mea - Revista de Alba","twitter_description":"Primul weekend de toamn\u0103 se anun\u021b\u0103 promi\u021b\u0103tor din punct de vedere al evenimentelor \u0219i ac\u021biunilor la care po\u021bi lua parte \u00een Alba Iulia \u0219i prin apropiere.","twitter_image":"https:\/\/urbeamea.ro\/albaiulia\/wp-content\/uploads\/2021\/10\/img_postare-evenimente-optim.jpg","twitter_creator":"@urbeameaweb","twitter_site":"@urbeameaweb","schema":{"@context":"https:\/\/schema.org","@graph":[{"@type":"Article","@id":"https:\/\/urbeamea.ro\/albaiulia\/lista-evenimente-in-weekend-ul-2-4-septembrie-in-alba-iulia-si-imprejurimi\/#article","isPartOf":{"@id":"https:\/\/urbeamea.ro\/albaiulia\/lista-evenimente-in-weekend-ul-2-4-septembrie-in-alba-iulia-si-imprejurimi\/"},"author":{"name":"Bogdan P\u0103unescu","@id":"https:\/\/urbeamea.ro\/albaiulia\/#\/schema\/person\/a115373ce8153754c6b084232d985956"},"headline":"List\u0103 evenimente \u00een weekend-ul 2-4 septembrie \u00een Alba Iulia \u0219i \u00eemprejurimi","datePublished":"2022-09-02T11:10:07+00:00","dateModified":"2022-09-02T11:12:35+00:00","mainEntityOfPage":{"@id":"https:\/\/urbeamea.ro\/albaiulia\/lista-evenimente-in-weekend-ul-2-4-septembrie-in-alba-iulia-si-imprejurimi\/"},"wordCount":781,"commentCount":0,"image":{"@id":"https:\/\/urbeamea.ro\/albaiulia\/lista-evenimente-in-weekend-ul-2-4-septembrie-in-alba-iulia-si-imprejurimi\/#primaryimage"},"thumbnailUrl":"https:\/\/urbeamea.ro\/albaiulia\/wp-content\/uploads\/2021\/10\/img_postare-evenimente-optim.jpg","keywords":["Evenimente azi","evenimente in weekend","Lista evenimente"],"articleSection":["Evenimente"],"inLanguage":"ro-RO","potentialAction":[{"@type":"CommentAction","name":"Comment","target":["https:\/\/urbeamea.ro\/albaiulia\/lista-evenimente-in-weekend-ul-2-4-septembrie-in-alba-iulia-si-imprejurimi\/#respond"]}]},{"@type":"WebPage","@id":"https:\/\/urbeamea.ro\/albaiulia\/lista-evenimente-in-weekend-ul-2-4-septembrie-in-alba-iulia-si-imprejurimi\/","url":"https:\/\/urbeamea.ro\/albaiulia\/lista-evenimente-in-weekend-ul-2-4-septembrie-in-alba-iulia-si-imprejurimi\/","name":"List\u0103 evenimente \u00een weekend-ul 2-4 septembrie \u00een Alba Iulia \u0219i \u00eemprejurimi - Revista Urbea Mea - Revista de Alba","isPartOf":{"@id":"https:\/\/urbeamea.ro\/albaiulia\/#website"},"primaryImageOfPage":{"@id":"https:\/\/urbeamea.ro\/albaiulia\/lista-evenimente-in-weekend-ul-2-4-septembrie-in-alba-iulia-si-imprejurimi\/#primaryimage"},"image":{"@id":"https:\/\/urbeamea.ro\/albaiulia\/lista-evenimente-in-weekend-ul-2-4-septembrie-in-alba-iulia-si-imprejurimi\/#primaryimage"},"thumbnailUrl":"https:\/\/urbeamea.ro\/albaiulia\/wp-content\/uploads\/2021\/10\/img_postare-evenimente-optim.jpg","datePublished":"2022-09-02T11:10:07+00:00","dateModified":"2022-09-02T11:12:35+00:00","author":{"@id":"https:\/\/urbeamea.ro\/albaiulia\/#\/schema\/person\/a115373ce8153754c6b084232d985956"},"description":"Primul weekend de toamn\u0103 se anun\u021b\u0103 promi\u021b\u0103tor din punct de vedere al evenimentelor \u0219i ac\u021biunilor la care po\u021bi lua parte \u00een Alba Iulia \u0219i prin apropiere.","breadcrumb":{"@id":"https:\/\/urbeamea.ro\/albaiulia\/lista-evenimente-in-weekend-ul-2-4-septembrie-in-alba-iulia-si-imprejurimi\/#breadcrumb"},"inLanguage":"ro-RO","potentialAction":[{"@type":"ReadAction","target":["https:\/\/urbeamea.ro\/albaiulia\/lista-evenimente-in-weekend-ul-2-4-septembrie-in-alba-iulia-si-imprejurimi\/"]}]},{"@type":"ImageObject","inLanguage":"ro-RO","@id":"https:\/\/urbeamea.ro\/albaiulia\/lista-evenimente-in-weekend-ul-2-4-septembrie-in-alba-iulia-si-imprejurimi\/#primaryimage","url":"https:\/\/urbeamea.ro\/albaiulia\/wp-content\/uploads\/2021\/10\/img_postare-evenimente-optim.jpg","contentUrl":"https:\/\/urbeamea.ro\/albaiulia\/wp-content\/uploads\/2021\/10\/img_postare-evenimente-optim.jpg","width":1200,"height":1000},{"@type":"BreadcrumbList","@id":"https:\/\/urbeamea.ro\/albaiulia\/lista-evenimente-in-weekend-ul-2-4-septembrie-in-alba-iulia-si-imprejurimi\/#breadcrumb","itemListElement":[{"@type":"ListItem","position":1,"name":"Prima pagin\u0103","item":"https:\/\/urbeamea.ro\/albaiulia\/"},{"@type":"ListItem","position":2,"name":"List\u0103 evenimente \u00een weekend-ul 2-4 septembrie \u00een Alba Iulia \u0219i \u00eemprejurimi"}]},{"@type":"WebSite","@id":"https:\/\/urbeamea.ro\/albaiulia\/#website","url":"https:\/\/urbeamea.ro\/albaiulia\/","name":"Revista Urbea Mea, Stiri urbane","description":"Evenimente \u0219i \u0219tiri din Alba Iulia, Sebe\u0219, Aiud, Blaj","potentialAction":[{"@type":"SearchAction","target":{"@type":"EntryPoint","urlTemplate":"https:\/\/urbeamea.ro\/albaiulia\/?s={search_term_string}"},"query-input":{"@type":"PropertyValueSpecification","valueRequired":true,"valueName":"search_term_string"}}],"inLanguage":"ro-RO"},{"@type":"Person","@id":"https:\/\/urbeamea.ro\/albaiulia\/#\/schema\/person\/a115373ce8153754c6b084232d985956","name":"Bogdan P\u0103unescu","image":{"@type":"ImageObject","inLanguage":"ro-RO","@id":"https:\/\/secure.gravatar.com\/avatar\/f72aa881b5a32ea110a53aabc2049429e3ff68fcb09d283722d01fbf330e9dd9?s=96&d=mm&r=g","url":"https:\/\/secure.gravatar.com\/avatar\/f72aa881b5a32ea110a53aabc2049429e3ff68fcb09d283722d01fbf330e9dd9?s=96&d=mm&r=g","contentUrl":"https:\/\/secure.gravatar.com\/avatar\/f72aa881b5a32ea110a53aabc2049429e3ff68fcb09d283722d01fbf330e9dd9?s=96&d=mm&r=g","caption":"Bogdan P\u0103unescu"},"description":"\u00cemi place tot ceea ce este legat de web \u015fi ajut la dezvoltarea \u015fi \u00eembun\u0103t\u0103\u0163irea lui prin tot ceea ce fac.","sameAs":["https:\/\/www.artonmedia.ro","https:\/\/www.facebook.com\/bogdanvpaunescu"],"url":"https:\/\/urbeamea.ro\/albaiulia\/author\/bogdan-paunescu\/"}]}},"_links":{"self":[{"href":"https:\/\/urbeamea.ro\/albaiulia\/wp-json\/wp\/v2\/posts\/103763","targetHints":{"allow":["GET"]}}],"collection":[{"href":"https:\/\/urbeamea.ro\/albaiulia\/wp-json\/wp\/v2\/posts"}],"about":[{"href":"https:\/\/urbeamea.ro\/albaiulia\/wp-json\/wp\/v2\/types\/post"}],"author":[{"embeddable":true,"href":"https:\/\/urbeamea.ro\/albaiulia\/wp-json\/wp\/v2\/users\/5"}],"replies":[{"embeddable":true,"href":"https:\/\/urbeamea.ro\/albaiulia\/wp-json\/wp\/v2\/comments?post=103763"}],"version-history":[{"count":2,"href":"https:\/\/urbeamea.ro\/albaiulia\/wp-json\/wp\/v2\/posts\/103763\/revisions"}],"predecessor-version":[{"id":103770,"href":"https:\/\/urbeamea.ro\/albaiulia\/wp-json\/wp\/v2\/posts\/103763\/revisions\/103770"}],"wp:featuredmedia":[{"embeddable":true,"href":"https:\/\/urbeamea.ro\/albaiulia\/wp-json\/wp\/v2\/media\/98638"}],"wp:attachment":[{"href":"https:\/\/urbeamea.ro\/albaiulia\/wp-json\/wp\/v2\/media?parent=103763"}],"wp:term":[{"taxonomy":"category","embeddable":true,"href":"https:\/\/urbeamea.ro\/albaiulia\/wp-json\/wp\/v2\/categories?post=103763"},{"taxonomy":"post_tag","embeddable":true,"href":"https:\/\/urbeamea.ro\/albaiulia\/wp-json\/wp\/v2\/tags?post=103763"}],"curies":[{"name":"wp","href":"https:\/\/api.w.org\/{rel}","templated":true}]}}