{"id":103962,"date":"2022-09-11T16:12:34","date_gmt":"2022-09-11T13:12:34","guid":{"rendered":"https:\/\/urbeamea.ro\/albaiulia\/?p=103962"},"modified":"2022-09-11T16:12:36","modified_gmt":"2022-09-11T13:12:36","slug":"sebes-reparatii-la-puntea-pietonala-dintre-strazile-stefan-cel-mare-si-decebal","status":"publish","type":"post","link":"https:\/\/urbeamea.ro\/albaiulia\/sebes-reparatii-la-puntea-pietonala-dintre-strazile-stefan-cel-mare-si-decebal\/","title":{"rendered":"Sebe\u0219: repara\u021bii la puntea pietonal\u0103 dintre str\u0103zile \u0218tefan cel Mare \u0219i Decebal"},"content":{"rendered":"\n<p>\u00cen vederea &nbsp;execut\u0103rii unor lucr\u0103ri de repara\u021bii la puntea pietonal\u0103 situat\u0103 \u00eentre str\u0103zile \u0218tefan cel Mare \u0219i Decebal, accesul spre aceasta va fi restric\u021bionat \u00eencep\u00e2nd cu data de 12.09.2022.<\/p>\n\n\n\n<p>Vor fi efectuate urm\u0103toarele lucr\u0103ri: recondi\u021bionare pilon sus\u021binere, recondi\u021bionare cablu principal de sus\u021binere \u0219i elemente verticale de sus\u021binere, recondi\u021bionare profile \u0219i grind\u0103 de sus\u021binere, \u00eenlocuire cale pietonal\u0103, recondi\u021bionare \u0219i \u00eenlocuire balustrade.<\/p>\n\n\n\n<p>Valoarea total\u0103 a contractului \u00eencheiat este de 277.191,45 lei TVA inclus. Termenul de finalizare preconizat este 24.10.2022, cu men\u021biunea c\u0103 acesta este condi\u021bionat de situa\u021bia meteo.\u00a0<\/p>\n\n\n\n<figure class=\"wp-block-gallery has-nested-images columns-default is-cropped wp-block-gallery-1 is-layout-flex wp-block-gallery-is-layout-flex\">\n<figure class=\"wp-block-image size-large\"><a href=\"https:\/\/urbeamea.ro\/albaiulia\/wp-content\/uploads\/2022\/09\/512fdf3f-290d-4c97-8e92-03ecd8924e43.jpg\"><img loading=\"lazy\" decoding=\"async\" width=\"961\" height=\"1280\" data-id=\"103965\" src=\"https:\/\/urbeamea.ro\/albaiulia\/wp-content\/uploads\/2022\/09\/512fdf3f-290d-4c97-8e92-03ecd8924e43-961x1280.jpg\" alt=\"\" class=\"wp-image-103965\" srcset=\"https:\/\/urbeamea.ro\/albaiulia\/wp-content\/uploads\/2022\/09\/512fdf3f-290d-4c97-8e92-03ecd8924e43-961x1280.jpg 961w, https:\/\/urbeamea.ro\/albaiulia\/wp-content\/uploads\/2022\/09\/512fdf3f-290d-4c97-8e92-03ecd8924e43-480x640.jpg 480w, https:\/\/urbeamea.ro\/albaiulia\/wp-content\/uploads\/2022\/09\/512fdf3f-290d-4c97-8e92-03ecd8924e43-113x150.jpg 113w, https:\/\/urbeamea.ro\/albaiulia\/wp-content\/uploads\/2022\/09\/512fdf3f-290d-4c97-8e92-03ecd8924e43-768x1023.jpg 768w, https:\/\/urbeamea.ro\/albaiulia\/wp-content\/uploads\/2022\/09\/512fdf3f-290d-4c97-8e92-03ecd8924e43-1153x1536.jpg 1153w, https:\/\/urbeamea.ro\/albaiulia\/wp-content\/uploads\/2022\/09\/512fdf3f-290d-4c97-8e92-03ecd8924e43.jpg 1201w\" sizes=\"auto, (max-width: 961px) 100vw, 961px\" \/><\/a><\/figure>\n\n\n\n<figure class=\"wp-block-image size-large\"><a href=\"https:\/\/urbeamea.ro\/albaiulia\/wp-content\/uploads\/2022\/09\/43fc01a2-7a7b-4341-bc7b-62aec16e5922.jpg\"><img loading=\"lazy\" decoding=\"async\" width=\"961\" height=\"1280\" data-id=\"103963\" src=\"https:\/\/urbeamea.ro\/albaiulia\/wp-content\/uploads\/2022\/09\/43fc01a2-7a7b-4341-bc7b-62aec16e5922-961x1280.jpg\" alt=\"\" class=\"wp-image-103963\" srcset=\"https:\/\/urbeamea.ro\/albaiulia\/wp-content\/uploads\/2022\/09\/43fc01a2-7a7b-4341-bc7b-62aec16e5922-961x1280.jpg 961w, https:\/\/urbeamea.ro\/albaiulia\/wp-content\/uploads\/2022\/09\/43fc01a2-7a7b-4341-bc7b-62aec16e5922-480x640.jpg 480w, https:\/\/urbeamea.ro\/albaiulia\/wp-content\/uploads\/2022\/09\/43fc01a2-7a7b-4341-bc7b-62aec16e5922-113x150.jpg 113w, https:\/\/urbeamea.ro\/albaiulia\/wp-content\/uploads\/2022\/09\/43fc01a2-7a7b-4341-bc7b-62aec16e5922-768x1023.jpg 768w, https:\/\/urbeamea.ro\/albaiulia\/wp-content\/uploads\/2022\/09\/43fc01a2-7a7b-4341-bc7b-62aec16e5922-1153x1536.jpg 1153w, https:\/\/urbeamea.ro\/albaiulia\/wp-content\/uploads\/2022\/09\/43fc01a2-7a7b-4341-bc7b-62aec16e5922.jpg 1201w\" sizes=\"auto, (max-width: 961px) 100vw, 961px\" \/><\/a><\/figure>\n\n\n\n<figure class=\"wp-block-image size-large\"><a href=\"https:\/\/urbeamea.ro\/albaiulia\/wp-content\/uploads\/2022\/09\/67fc7c39-0f6c-4923-86a1-bdf61d6dd178.jpg\"><img loading=\"lazy\" decoding=\"async\" width=\"961\" height=\"1280\" data-id=\"103964\" src=\"https:\/\/urbeamea.ro\/albaiulia\/wp-content\/uploads\/2022\/09\/67fc7c39-0f6c-4923-86a1-bdf61d6dd178-961x1280.jpg\" alt=\"\" class=\"wp-image-103964\" srcset=\"https:\/\/urbeamea.ro\/albaiulia\/wp-content\/uploads\/2022\/09\/67fc7c39-0f6c-4923-86a1-bdf61d6dd178-961x1280.jpg 961w, https:\/\/urbeamea.ro\/albaiulia\/wp-content\/uploads\/2022\/09\/67fc7c39-0f6c-4923-86a1-bdf61d6dd178-480x640.jpg 480w, https:\/\/urbeamea.ro\/albaiulia\/wp-content\/uploads\/2022\/09\/67fc7c39-0f6c-4923-86a1-bdf61d6dd178-113x150.jpg 113w, https:\/\/urbeamea.ro\/albaiulia\/wp-content\/uploads\/2022\/09\/67fc7c39-0f6c-4923-86a1-bdf61d6dd178-768x1023.jpg 768w, https:\/\/urbeamea.ro\/albaiulia\/wp-content\/uploads\/2022\/09\/67fc7c39-0f6c-4923-86a1-bdf61d6dd178-1153x1536.jpg 1153w, https:\/\/urbeamea.ro\/albaiulia\/wp-content\/uploads\/2022\/09\/67fc7c39-0f6c-4923-86a1-bdf61d6dd178.jpg 1201w\" sizes=\"auto, (max-width: 961px) 100vw, 961px\" \/><\/a><\/figure>\n<\/figure>\n","protected":false},"excerpt":{"rendered":"<p>\u00cen vederea &nbsp;execut\u0103rii unor lucr\u0103ri de repara\u021bii la puntea pietonal\u0103 situat\u0103 \u00eentre str\u0103zile \u0218tefan cel Mare \u0219i Decebal, accesul spre aceasta va fi restric\u021bionat \u00eencep\u00e2nd cu data de 12.09.2022. Vor fi efectuate urm\u0103toarele lucr\u0103ri: recondi\u021bionare pilon sus\u021binere, recondi\u021bionare cablu principal de sus\u021binere \u0219i elemente verticale de sus\u021binere, recondi\u021bionare profile \u0219i grind\u0103 de sus\u021binere, \u00eenlocuire cale &hellip;<\/p>\n","protected":false},"author":16,"featured_media":103966,"comment_status":"open","ping_status":"open","sticky":false,"template":"","format":"standard","meta":{"inline_featured_image":false,"footnotes":""},"categories":[2035],"tags":[17300],"class_list":["post-103962","post","type-post","status-publish","format-standard","has-post-thumbnail","hentry","category-administratie","tag-municipiul-sebes"],"yoast_head":"<!-- This site is optimized with the Yoast SEO plugin v27.4 - https:\/\/yoast.com\/product\/yoast-seo-wordpress\/ -->\n<title>Sebe\u0219: repara\u021bii la puntea pietonal\u0103 dintre str\u0103zile \u0218tefan cel Mare \u0219i Decebal - Revista Urbea Mea - Revista de Alba<\/title>\n<meta name=\"description\" content=\"\u00cen vederea &nbsp;execut\u0103rii unor lucr\u0103ri de repara\u021bii la puntea pietonal\u0103 situat\u0103 \u00eentre str\u0103zile \u0218tefan cel Mare \u0219i Decebal, accesul spre aceasta va fi\" \/>\n<meta name=\"robots\" content=\"index, follow, max-snippet:-1, max-image-preview:large, max-video-preview:-1\" \/>\n<link rel=\"canonical\" href=\"https:\/\/urbeamea.ro\/albaiulia\/sebes-reparatii-la-puntea-pietonala-dintre-strazile-stefan-cel-mare-si-decebal\/\" \/>\n<meta name=\"twitter:card\" content=\"summary_large_image\" \/>\n<meta name=\"twitter:title\" content=\"Sebe\u0219: repara\u021bii la puntea pietonal\u0103 dintre str\u0103zile \u0218tefan cel Mare \u0219i Decebal - Revista Urbea Mea - Revista de Alba\" \/>\n<meta name=\"twitter:description\" content=\"\u00cen vederea &nbsp;execut\u0103rii unor lucr\u0103ri de repara\u021bii la puntea pietonal\u0103 situat\u0103 \u00eentre str\u0103zile \u0218tefan cel Mare \u0219i Decebal, accesul spre aceasta va fi\" \/>\n<meta name=\"twitter:image\" content=\"https:\/\/urbeamea.ro\/albaiulia\/wp-content\/uploads\/2022\/09\/3f690587-0f96-4966-a37c-03211aa05b70.jpg\" \/>\n<meta name=\"twitter:creator\" content=\"@urbeameaweb\" \/>\n<meta name=\"twitter:site\" content=\"@urbeameaweb\" \/>\n<script type=\"application\/ld+json\" class=\"yoast-schema-graph\">{\"@context\":\"https:\\\/\\\/schema.org\",\"@graph\":[{\"@type\":\"Article\",\"@id\":\"https:\\\/\\\/urbeamea.ro\\\/albaiulia\\\/sebes-reparatii-la-puntea-pietonala-dintre-strazile-stefan-cel-mare-si-decebal\\\/#article\",\"isPartOf\":{\"@id\":\"https:\\\/\\\/urbeamea.ro\\\/albaiulia\\\/sebes-reparatii-la-puntea-pietonala-dintre-strazile-stefan-cel-mare-si-decebal\\\/\"},\"author\":{\"name\":\"Redac\u021bia UrbeaMea\",\"@id\":\"https:\\\/\\\/urbeamea.ro\\\/albaiulia\\\/#\\\/schema\\\/person\\\/272ae98052f8ee8980f59848df070247\"},\"headline\":\"Sebe\u0219: repara\u021bii la puntea pietonal\u0103 dintre str\u0103zile \u0218tefan cel Mare \u0219i Decebal\",\"datePublished\":\"2022-09-11T13:12:34+00:00\",\"dateModified\":\"2022-09-11T13:12:36+00:00\",\"mainEntityOfPage\":{\"@id\":\"https:\\\/\\\/urbeamea.ro\\\/albaiulia\\\/sebes-reparatii-la-puntea-pietonala-dintre-strazile-stefan-cel-mare-si-decebal\\\/\"},\"wordCount\":117,\"commentCount\":0,\"image\":{\"@id\":\"https:\\\/\\\/urbeamea.ro\\\/albaiulia\\\/sebes-reparatii-la-puntea-pietonala-dintre-strazile-stefan-cel-mare-si-decebal\\\/#primaryimage\"},\"thumbnailUrl\":\"https:\\\/\\\/urbeamea.ro\\\/albaiulia\\\/wp-content\\\/uploads\\\/2022\\\/09\\\/3f690587-0f96-4966-a37c-03211aa05b70.jpg\",\"keywords\":[\"municipiul sebes\"],\"articleSection\":[\"Administra\u021bie\"],\"inLanguage\":\"ro-RO\",\"potentialAction\":[{\"@type\":\"CommentAction\",\"name\":\"Comment\",\"target\":[\"https:\\\/\\\/urbeamea.ro\\\/albaiulia\\\/sebes-reparatii-la-puntea-pietonala-dintre-strazile-stefan-cel-mare-si-decebal\\\/#respond\"]}]},{\"@type\":\"WebPage\",\"@id\":\"https:\\\/\\\/urbeamea.ro\\\/albaiulia\\\/sebes-reparatii-la-puntea-pietonala-dintre-strazile-stefan-cel-mare-si-decebal\\\/\",\"url\":\"https:\\\/\\\/urbeamea.ro\\\/albaiulia\\\/sebes-reparatii-la-puntea-pietonala-dintre-strazile-stefan-cel-mare-si-decebal\\\/\",\"name\":\"Sebe\u0219: repara\u021bii la puntea pietonal\u0103 dintre str\u0103zile \u0218tefan cel Mare \u0219i Decebal - Revista Urbea Mea - Revista de Alba\",\"isPartOf\":{\"@id\":\"https:\\\/\\\/urbeamea.ro\\\/albaiulia\\\/#website\"},\"primaryImageOfPage\":{\"@id\":\"https:\\\/\\\/urbeamea.ro\\\/albaiulia\\\/sebes-reparatii-la-puntea-pietonala-dintre-strazile-stefan-cel-mare-si-decebal\\\/#primaryimage\"},\"image\":{\"@id\":\"https:\\\/\\\/urbeamea.ro\\\/albaiulia\\\/sebes-reparatii-la-puntea-pietonala-dintre-strazile-stefan-cel-mare-si-decebal\\\/#primaryimage\"},\"thumbnailUrl\":\"https:\\\/\\\/urbeamea.ro\\\/albaiulia\\\/wp-content\\\/uploads\\\/2022\\\/09\\\/3f690587-0f96-4966-a37c-03211aa05b70.jpg\",\"datePublished\":\"2022-09-11T13:12:34+00:00\",\"dateModified\":\"2022-09-11T13:12:36+00:00\",\"author\":{\"@id\":\"https:\\\/\\\/urbeamea.ro\\\/albaiulia\\\/#\\\/schema\\\/person\\\/272ae98052f8ee8980f59848df070247\"},\"description\":\"\u00cen vederea &nbsp;execut\u0103rii unor lucr\u0103ri de repara\u021bii la puntea pietonal\u0103 situat\u0103 \u00eentre str\u0103zile \u0218tefan cel Mare \u0219i Decebal, accesul spre aceasta va fi\",\"breadcrumb\":{\"@id\":\"https:\\\/\\\/urbeamea.ro\\\/albaiulia\\\/sebes-reparatii-la-puntea-pietonala-dintre-strazile-stefan-cel-mare-si-decebal\\\/#breadcrumb\"},\"inLanguage\":\"ro-RO\",\"potentialAction\":[{\"@type\":\"ReadAction\",\"target\":[\"https:\\\/\\\/urbeamea.ro\\\/albaiulia\\\/sebes-reparatii-la-puntea-pietonala-dintre-strazile-stefan-cel-mare-si-decebal\\\/\"]}]},{\"@type\":\"ImageObject\",\"inLanguage\":\"ro-RO\",\"@id\":\"https:\\\/\\\/urbeamea.ro\\\/albaiulia\\\/sebes-reparatii-la-puntea-pietonala-dintre-strazile-stefan-cel-mare-si-decebal\\\/#primaryimage\",\"url\":\"https:\\\/\\\/urbeamea.ro\\\/albaiulia\\\/wp-content\\\/uploads\\\/2022\\\/09\\\/3f690587-0f96-4966-a37c-03211aa05b70.jpg\",\"contentUrl\":\"https:\\\/\\\/urbeamea.ro\\\/albaiulia\\\/wp-content\\\/uploads\\\/2022\\\/09\\\/3f690587-0f96-4966-a37c-03211aa05b70.jpg\",\"width\":1200,\"height\":936},{\"@type\":\"BreadcrumbList\",\"@id\":\"https:\\\/\\\/urbeamea.ro\\\/albaiulia\\\/sebes-reparatii-la-puntea-pietonala-dintre-strazile-stefan-cel-mare-si-decebal\\\/#breadcrumb\",\"itemListElement\":[{\"@type\":\"ListItem\",\"position\":1,\"name\":\"Prima pagin\u0103\",\"item\":\"https:\\\/\\\/urbeamea.ro\\\/albaiulia\\\/\"},{\"@type\":\"ListItem\",\"position\":2,\"name\":\"Sebe\u0219: repara\u021bii la puntea pietonal\u0103 dintre str\u0103zile \u0218tefan cel Mare \u0219i Decebal\"}]},{\"@type\":\"WebSite\",\"@id\":\"https:\\\/\\\/urbeamea.ro\\\/albaiulia\\\/#website\",\"url\":\"https:\\\/\\\/urbeamea.ro\\\/albaiulia\\\/\",\"name\":\"Revista Urbea Mea, Stiri urbane\",\"description\":\"Evenimente \u0219i \u0219tiri din Alba Iulia, Sebe\u0219, Aiud, Blaj\",\"potentialAction\":[{\"@type\":\"SearchAction\",\"target\":{\"@type\":\"EntryPoint\",\"urlTemplate\":\"https:\\\/\\\/urbeamea.ro\\\/albaiulia\\\/?s={search_term_string}\"},\"query-input\":{\"@type\":\"PropertyValueSpecification\",\"valueRequired\":true,\"valueName\":\"search_term_string\"}}],\"inLanguage\":\"ro-RO\"},{\"@type\":\"Person\",\"@id\":\"https:\\\/\\\/urbeamea.ro\\\/albaiulia\\\/#\\\/schema\\\/person\\\/272ae98052f8ee8980f59848df070247\",\"name\":\"Redac\u021bia UrbeaMea\",\"image\":{\"@type\":\"ImageObject\",\"inLanguage\":\"ro-RO\",\"@id\":\"https:\\\/\\\/secure.gravatar.com\\\/avatar\\\/9ce5a9435071fa1037e8468053ead8e513dbbff59009d3069aadb85506d85a27?s=96&d=mm&r=g\",\"url\":\"https:\\\/\\\/secure.gravatar.com\\\/avatar\\\/9ce5a9435071fa1037e8468053ead8e513dbbff59009d3069aadb85506d85a27?s=96&d=mm&r=g\",\"contentUrl\":\"https:\\\/\\\/secure.gravatar.com\\\/avatar\\\/9ce5a9435071fa1037e8468053ead8e513dbbff59009d3069aadb85506d85a27?s=96&d=mm&r=g\",\"caption\":\"Redac\u021bia UrbeaMea\"},\"description\":\"contact@urbeamea.ro\",\"sameAs\":[\"https:\\\/\\\/www.urbeamea.ro\"],\"url\":\"https:\\\/\\\/urbeamea.ro\\\/albaiulia\\\/author\\\/redactia-urbeamea\\\/\"}]}<\/script>\n<!-- \/ Yoast SEO plugin. -->","yoast_head_json":{"title":"Sebe\u0219: repara\u021bii la puntea pietonal\u0103 dintre str\u0103zile \u0218tefan cel Mare \u0219i Decebal - Revista Urbea Mea - Revista de Alba","description":"\u00cen vederea &nbsp;execut\u0103rii unor lucr\u0103ri de repara\u021bii la puntea pietonal\u0103 situat\u0103 \u00eentre str\u0103zile \u0218tefan cel Mare \u0219i Decebal, accesul spre aceasta va fi","robots":{"index":"index","follow":"follow","max-snippet":"max-snippet:-1","max-image-preview":"max-image-preview:large","max-video-preview":"max-video-preview:-1"},"canonical":"https:\/\/urbeamea.ro\/albaiulia\/sebes-reparatii-la-puntea-pietonala-dintre-strazile-stefan-cel-mare-si-decebal\/","twitter_card":"summary_large_image","twitter_title":"Sebe\u0219: repara\u021bii la puntea pietonal\u0103 dintre str\u0103zile \u0218tefan cel Mare \u0219i Decebal - Revista Urbea Mea - Revista de Alba","twitter_description":"\u00cen vederea &nbsp;execut\u0103rii unor lucr\u0103ri de repara\u021bii la puntea pietonal\u0103 situat\u0103 \u00eentre str\u0103zile \u0218tefan cel Mare \u0219i Decebal, accesul spre aceasta va fi","twitter_image":"https:\/\/urbeamea.ro\/albaiulia\/wp-content\/uploads\/2022\/09\/3f690587-0f96-4966-a37c-03211aa05b70.jpg","twitter_creator":"@urbeameaweb","twitter_site":"@urbeameaweb","schema":{"@context":"https:\/\/schema.org","@graph":[{"@type":"Article","@id":"https:\/\/urbeamea.ro\/albaiulia\/sebes-reparatii-la-puntea-pietonala-dintre-strazile-stefan-cel-mare-si-decebal\/#article","isPartOf":{"@id":"https:\/\/urbeamea.ro\/albaiulia\/sebes-reparatii-la-puntea-pietonala-dintre-strazile-stefan-cel-mare-si-decebal\/"},"author":{"name":"Redac\u021bia UrbeaMea","@id":"https:\/\/urbeamea.ro\/albaiulia\/#\/schema\/person\/272ae98052f8ee8980f59848df070247"},"headline":"Sebe\u0219: repara\u021bii la puntea pietonal\u0103 dintre str\u0103zile \u0218tefan cel Mare \u0219i Decebal","datePublished":"2022-09-11T13:12:34+00:00","dateModified":"2022-09-11T13:12:36+00:00","mainEntityOfPage":{"@id":"https:\/\/urbeamea.ro\/albaiulia\/sebes-reparatii-la-puntea-pietonala-dintre-strazile-stefan-cel-mare-si-decebal\/"},"wordCount":117,"commentCount":0,"image":{"@id":"https:\/\/urbeamea.ro\/albaiulia\/sebes-reparatii-la-puntea-pietonala-dintre-strazile-stefan-cel-mare-si-decebal\/#primaryimage"},"thumbnailUrl":"https:\/\/urbeamea.ro\/albaiulia\/wp-content\/uploads\/2022\/09\/3f690587-0f96-4966-a37c-03211aa05b70.jpg","keywords":["municipiul sebes"],"articleSection":["Administra\u021bie"],"inLanguage":"ro-RO","potentialAction":[{"@type":"CommentAction","name":"Comment","target":["https:\/\/urbeamea.ro\/albaiulia\/sebes-reparatii-la-puntea-pietonala-dintre-strazile-stefan-cel-mare-si-decebal\/#respond"]}]},{"@type":"WebPage","@id":"https:\/\/urbeamea.ro\/albaiulia\/sebes-reparatii-la-puntea-pietonala-dintre-strazile-stefan-cel-mare-si-decebal\/","url":"https:\/\/urbeamea.ro\/albaiulia\/sebes-reparatii-la-puntea-pietonala-dintre-strazile-stefan-cel-mare-si-decebal\/","name":"Sebe\u0219: repara\u021bii la puntea pietonal\u0103 dintre str\u0103zile \u0218tefan cel Mare \u0219i Decebal - Revista Urbea Mea - Revista de Alba","isPartOf":{"@id":"https:\/\/urbeamea.ro\/albaiulia\/#website"},"primaryImageOfPage":{"@id":"https:\/\/urbeamea.ro\/albaiulia\/sebes-reparatii-la-puntea-pietonala-dintre-strazile-stefan-cel-mare-si-decebal\/#primaryimage"},"image":{"@id":"https:\/\/urbeamea.ro\/albaiulia\/sebes-reparatii-la-puntea-pietonala-dintre-strazile-stefan-cel-mare-si-decebal\/#primaryimage"},"thumbnailUrl":"https:\/\/urbeamea.ro\/albaiulia\/wp-content\/uploads\/2022\/09\/3f690587-0f96-4966-a37c-03211aa05b70.jpg","datePublished":"2022-09-11T13:12:34+00:00","dateModified":"2022-09-11T13:12:36+00:00","author":{"@id":"https:\/\/urbeamea.ro\/albaiulia\/#\/schema\/person\/272ae98052f8ee8980f59848df070247"},"description":"\u00cen vederea &nbsp;execut\u0103rii unor lucr\u0103ri de repara\u021bii la puntea pietonal\u0103 situat\u0103 \u00eentre str\u0103zile \u0218tefan cel Mare \u0219i Decebal, accesul spre aceasta va fi","breadcrumb":{"@id":"https:\/\/urbeamea.ro\/albaiulia\/sebes-reparatii-la-puntea-pietonala-dintre-strazile-stefan-cel-mare-si-decebal\/#breadcrumb"},"inLanguage":"ro-RO","potentialAction":[{"@type":"ReadAction","target":["https:\/\/urbeamea.ro\/albaiulia\/sebes-reparatii-la-puntea-pietonala-dintre-strazile-stefan-cel-mare-si-decebal\/"]}]},{"@type":"ImageObject","inLanguage":"ro-RO","@id":"https:\/\/urbeamea.ro\/albaiulia\/sebes-reparatii-la-puntea-pietonala-dintre-strazile-stefan-cel-mare-si-decebal\/#primaryimage","url":"https:\/\/urbeamea.ro\/albaiulia\/wp-content\/uploads\/2022\/09\/3f690587-0f96-4966-a37c-03211aa05b70.jpg","contentUrl":"https:\/\/urbeamea.ro\/albaiulia\/wp-content\/uploads\/2022\/09\/3f690587-0f96-4966-a37c-03211aa05b70.jpg","width":1200,"height":936},{"@type":"BreadcrumbList","@id":"https:\/\/urbeamea.ro\/albaiulia\/sebes-reparatii-la-puntea-pietonala-dintre-strazile-stefan-cel-mare-si-decebal\/#breadcrumb","itemListElement":[{"@type":"ListItem","position":1,"name":"Prima pagin\u0103","item":"https:\/\/urbeamea.ro\/albaiulia\/"},{"@type":"ListItem","position":2,"name":"Sebe\u0219: repara\u021bii la puntea pietonal\u0103 dintre str\u0103zile \u0218tefan cel Mare \u0219i Decebal"}]},{"@type":"WebSite","@id":"https:\/\/urbeamea.ro\/albaiulia\/#website","url":"https:\/\/urbeamea.ro\/albaiulia\/","name":"Revista Urbea Mea, Stiri urbane","description":"Evenimente \u0219i \u0219tiri din Alba Iulia, Sebe\u0219, Aiud, Blaj","potentialAction":[{"@type":"SearchAction","target":{"@type":"EntryPoint","urlTemplate":"https:\/\/urbeamea.ro\/albaiulia\/?s={search_term_string}"},"query-input":{"@type":"PropertyValueSpecification","valueRequired":true,"valueName":"search_term_string"}}],"inLanguage":"ro-RO"},{"@type":"Person","@id":"https:\/\/urbeamea.ro\/albaiulia\/#\/schema\/person\/272ae98052f8ee8980f59848df070247","name":"Redac\u021bia UrbeaMea","image":{"@type":"ImageObject","inLanguage":"ro-RO","@id":"https:\/\/secure.gravatar.com\/avatar\/9ce5a9435071fa1037e8468053ead8e513dbbff59009d3069aadb85506d85a27?s=96&d=mm&r=g","url":"https:\/\/secure.gravatar.com\/avatar\/9ce5a9435071fa1037e8468053ead8e513dbbff59009d3069aadb85506d85a27?s=96&d=mm&r=g","contentUrl":"https:\/\/secure.gravatar.com\/avatar\/9ce5a9435071fa1037e8468053ead8e513dbbff59009d3069aadb85506d85a27?s=96&d=mm&r=g","caption":"Redac\u021bia UrbeaMea"},"description":"contact@urbeamea.ro","sameAs":["https:\/\/www.urbeamea.ro"],"url":"https:\/\/urbeamea.ro\/albaiulia\/author\/redactia-urbeamea\/"}]}},"_links":{"self":[{"href":"https:\/\/urbeamea.ro\/albaiulia\/wp-json\/wp\/v2\/posts\/103962","targetHints":{"allow":["GET"]}}],"collection":[{"href":"https:\/\/urbeamea.ro\/albaiulia\/wp-json\/wp\/v2\/posts"}],"about":[{"href":"https:\/\/urbeamea.ro\/albaiulia\/wp-json\/wp\/v2\/types\/post"}],"author":[{"embeddable":true,"href":"https:\/\/urbeamea.ro\/albaiulia\/wp-json\/wp\/v2\/users\/16"}],"replies":[{"embeddable":true,"href":"https:\/\/urbeamea.ro\/albaiulia\/wp-json\/wp\/v2\/comments?post=103962"}],"version-history":[{"count":1,"href":"https:\/\/urbeamea.ro\/albaiulia\/wp-json\/wp\/v2\/posts\/103962\/revisions"}],"predecessor-version":[{"id":103967,"href":"https:\/\/urbeamea.ro\/albaiulia\/wp-json\/wp\/v2\/posts\/103962\/revisions\/103967"}],"wp:featuredmedia":[{"embeddable":true,"href":"https:\/\/urbeamea.ro\/albaiulia\/wp-json\/wp\/v2\/media\/103966"}],"wp:attachment":[{"href":"https:\/\/urbeamea.ro\/albaiulia\/wp-json\/wp\/v2\/media?parent=103962"}],"wp:term":[{"taxonomy":"category","embeddable":true,"href":"https:\/\/urbeamea.ro\/albaiulia\/wp-json\/wp\/v2\/categories?post=103962"},{"taxonomy":"post_tag","embeddable":true,"href":"https:\/\/urbeamea.ro\/albaiulia\/wp-json\/wp\/v2\/tags?post=103962"}],"curies":[{"name":"wp","href":"https:\/\/api.w.org\/{rel}","templated":true}]}}