{"id":103987,"date":"2022-09-13T14:40:34","date_gmt":"2022-09-13T11:40:34","guid":{"rendered":"https:\/\/urbeamea.ro\/albaiulia\/?p=103987"},"modified":"2022-09-13T14:40:35","modified_gmt":"2022-09-13T11:40:35","slug":"sunteti-gata-maine-incepe-cum-ce-targul-de-carte-alba-transilvana","status":"publish","type":"post","link":"https:\/\/urbeamea.ro\/albaiulia\/sunteti-gata-maine-incepe-cum-ce-targul-de-carte-alba-transilvana\/","title":{"rendered":"<strong>Sunte\u021bi gata? M\u00e2ine \u00eencepe! Cum ce? T\u00e2rgul de C<\/strong><strong>`<\/strong><strong>Arte Alba Transilvana!<\/strong>"},"content":{"rendered":"\n<h3 class=\"wp-block-heading\"><strong>\u00cen prima zi a celei de-a XIII-a edi\u021bii conferen\u021biaz\u0103 Andrei Marga, despre \u201eSoarta democra\u021biei\u201d, iar pe sear\u0103 c\u00e2nt\u0103 Ada Milea \u0219i Bobo Burl\u0103cianu<\/strong><\/h3>\n\n\n\n<p class=\"wp-block-paragraph\">M\u00e2ine, la Alba Iulia, la ora 11.00, pe scena din fa\u021ba Muzeului Na\u021bional al Unirii va avea loc deschiderea oficial\u0103 a T\u00e2rgului de C`Arte Alba Transilvana, edi\u021bia a XIII-a. Corturile sunt amplasate, editurile la locul lor, Bibliobusul la fel, iar pe mese vor fi disponibile mii de c\u0103r\u021bi, pentru toate gusturile \u0219i pentru toate buzunarele.<\/p>\n\n\n\n<p class=\"wp-block-paragraph\">Capete de afi\u0219 \u00een prima zi de t\u00e2rg: <strong>Andrei Marga \u2013 \u201eSoarta democra\u021biei\u201d<\/strong>, conferin\u021b\u0103 \u0219i lansare de carte \u0219i <strong>Ada Milea&amp;Bobo Burl\u0103cianu, concert \u00een 2. <\/strong>\u00centre ele? Ateliere de anima\u021bie cultural\u0103 \u0219i alte zeci de volume lansate de Consiliul Jude\u021bean Alba \u0219i Biblioteca Jude\u021bean\u0103 \u201eLucian Blaga\u201d Alba, Filiala Alba \u2013 Hunedoara a Uniunii Scriitorilor din Rom\u00e2nia, Centrul Cultural \u201eLucian Blaga\u201d Sebe\u0219 \u0219i Editura Re\u00eentregirea!<\/p>\n\n\n\n<figure class=\"wp-block-gallery has-nested-images columns-default is-cropped wp-block-gallery-1 is-layout-flex wp-block-gallery-is-layout-flex\">\n<figure class=\"wp-block-image size-large\"><a href=\"https:\/\/urbeamea.ro\/albaiulia\/wp-content\/uploads\/2022\/09\/Andrei-Marga.jpg\"><img loading=\"lazy\" decoding=\"async\" width=\"905\" height=\"1280\" data-id=\"103988\" src=\"https:\/\/urbeamea.ro\/albaiulia\/wp-content\/uploads\/2022\/09\/Andrei-Marga-905x1280.jpg\" alt=\"\" class=\"wp-image-103988\" srcset=\"https:\/\/urbeamea.ro\/albaiulia\/wp-content\/uploads\/2022\/09\/Andrei-Marga-905x1280.jpg 905w, https:\/\/urbeamea.ro\/albaiulia\/wp-content\/uploads\/2022\/09\/Andrei-Marga-453x640.jpg 453w, https:\/\/urbeamea.ro\/albaiulia\/wp-content\/uploads\/2022\/09\/Andrei-Marga-106x150.jpg 106w, https:\/\/urbeamea.ro\/albaiulia\/wp-content\/uploads\/2022\/09\/Andrei-Marga-768x1086.jpg 768w, https:\/\/urbeamea.ro\/albaiulia\/wp-content\/uploads\/2022\/09\/Andrei-Marga.jpg 1024w\" sizes=\"auto, (max-width: 905px) 100vw, 905px\" \/><\/a><\/figure>\n\n\n\n<figure class=\"wp-block-image size-large\"><a href=\"https:\/\/urbeamea.ro\/albaiulia\/wp-content\/uploads\/2022\/09\/Ada-Milea-Bobo-Burlacianu.jpg\"><img loading=\"lazy\" decoding=\"async\" width=\"905\" height=\"1280\" data-id=\"103989\" src=\"https:\/\/urbeamea.ro\/albaiulia\/wp-content\/uploads\/2022\/09\/Ada-Milea-Bobo-Burlacianu-905x1280.jpg\" alt=\"\" class=\"wp-image-103989\" srcset=\"https:\/\/urbeamea.ro\/albaiulia\/wp-content\/uploads\/2022\/09\/Ada-Milea-Bobo-Burlacianu-905x1280.jpg 905w, https:\/\/urbeamea.ro\/albaiulia\/wp-content\/uploads\/2022\/09\/Ada-Milea-Bobo-Burlacianu-453x640.jpg 453w, https:\/\/urbeamea.ro\/albaiulia\/wp-content\/uploads\/2022\/09\/Ada-Milea-Bobo-Burlacianu-106x150.jpg 106w, https:\/\/urbeamea.ro\/albaiulia\/wp-content\/uploads\/2022\/09\/Ada-Milea-Bobo-Burlacianu-768x1086.jpg 768w, https:\/\/urbeamea.ro\/albaiulia\/wp-content\/uploads\/2022\/09\/Ada-Milea-Bobo-Burlacianu.jpg 1024w\" sizes=\"auto, (max-width: 905px) 100vw, 905px\" \/><\/a><\/figure>\n<\/figure>\n\n\n\n<p class=\"wp-block-paragraph\">Organizatorii T\u00e2rgului de C`Arte Alba Transilvana, edi\u021bia a XIII-a, sunt Consiliul Jude\u021bean Alba \u0219i Biblioteca Jude\u021bean\u0103 \u201eLucian Blaga\u201d Alba, al\u0103turi de partenerii: Prim\u0103ria Municipiului Alba Iulia, Muzeul Na\u021bional al Unirii Alba Iulia, Teatrul de P\u0103pu\u0219i \u201ePrichindel\u201d Alba Iulia, Filiala Alba-Hunedoara a Uniunii Scriitorilor din Rom\u00e2nia \u0219i Palatul Copiilor Alba Iulia.<\/p>\n\n\n\n<p class=\"wp-block-paragraph\">Programul complet al evenimentelor t\u00e2rgului \u00eel pute\u021bi consulta at\u00e2t pe site-urile \u0219i pe paginile de Facebook ale organizatorilor, c\u00e2t \u0219i \u00een afi\u0219ul al\u0103turat.<\/p>\n\n\n\n<p class=\"wp-block-paragraph\">Aten\u021bie, p\u00e2n\u0103 vineri, 16 septembrie 2022, sediul Bibliotecii Jude\u021bene \u201eLucian Blaga\u201d Alba va fi \u00eenchis pentru \u00eemprumutul de carte, urm\u00e2nd ca activitatea cu publicul s\u0103 fie reluat\u0103 luni, 19 septembrie 2022.<\/p>\n\n\n\n<p class=\"wp-block-paragraph\">V\u0103 a\u0219tept\u0103m la T\u00e2rgul de C`Arte Alba Transilvana, edi\u021bia a XIII-a, 14-17 septembrie 2022, la Alba Iulia, \u00eentre muzeu \u0219i Sala Unirii!<\/p>\n\n\n\n<figure class=\"wp-block-gallery has-nested-images columns-default is-cropped wp-block-gallery-2 is-layout-flex wp-block-gallery-is-layout-flex\">\n<figure class=\"wp-block-image size-large\"><a href=\"https:\/\/urbeamea.ro\/albaiulia\/wp-content\/uploads\/2022\/09\/A2-AFIS-General-Alba-Transilvana-1.jpg\"><img loading=\"lazy\" decoding=\"async\" width=\"905\" height=\"1280\" data-id=\"103990\" src=\"https:\/\/urbeamea.ro\/albaiulia\/wp-content\/uploads\/2022\/09\/A2-AFIS-General-Alba-Transilvana-1-905x1280.jpg\" alt=\"\" class=\"wp-image-103990\" srcset=\"https:\/\/urbeamea.ro\/albaiulia\/wp-content\/uploads\/2022\/09\/A2-AFIS-General-Alba-Transilvana-1-905x1280.jpg 905w, https:\/\/urbeamea.ro\/albaiulia\/wp-content\/uploads\/2022\/09\/A2-AFIS-General-Alba-Transilvana-1-453x640.jpg 453w, https:\/\/urbeamea.ro\/albaiulia\/wp-content\/uploads\/2022\/09\/A2-AFIS-General-Alba-Transilvana-1-106x150.jpg 106w, https:\/\/urbeamea.ro\/albaiulia\/wp-content\/uploads\/2022\/09\/A2-AFIS-General-Alba-Transilvana-1-768x1086.jpg 768w, https:\/\/urbeamea.ro\/albaiulia\/wp-content\/uploads\/2022\/09\/A2-AFIS-General-Alba-Transilvana-1.jpg 1024w\" sizes=\"auto, (max-width: 905px) 100vw, 905px\" \/><\/a><\/figure>\n\n\n\n<figure class=\"wp-block-image size-large\"><a href=\"https:\/\/urbeamea.ro\/albaiulia\/wp-content\/uploads\/2022\/09\/miercuri.jpg\"><img loading=\"lazy\" decoding=\"async\" width=\"720\" height=\"1280\" data-id=\"103991\" src=\"https:\/\/urbeamea.ro\/albaiulia\/wp-content\/uploads\/2022\/09\/miercuri-720x1280.jpg\" alt=\"\" class=\"wp-image-103991\" srcset=\"https:\/\/urbeamea.ro\/albaiulia\/wp-content\/uploads\/2022\/09\/miercuri-720x1280.jpg 720w, https:\/\/urbeamea.ro\/albaiulia\/wp-content\/uploads\/2022\/09\/miercuri-360x640.jpg 360w, https:\/\/urbeamea.ro\/albaiulia\/wp-content\/uploads\/2022\/09\/miercuri-84x150.jpg 84w, https:\/\/urbeamea.ro\/albaiulia\/wp-content\/uploads\/2022\/09\/miercuri-768x1365.jpg 768w, https:\/\/urbeamea.ro\/albaiulia\/wp-content\/uploads\/2022\/09\/miercuri-864x1536.jpg 864w, https:\/\/urbeamea.ro\/albaiulia\/wp-content\/uploads\/2022\/09\/miercuri.jpg 1024w\" sizes=\"auto, (max-width: 720px) 100vw, 720px\" \/><\/a><\/figure>\n<\/figure>\n\n\n\n<p class=\"wp-block-paragraph\"><strong>Ziua I \u2013 program:<\/strong><\/p>\n\n\n\n<p class=\"wp-block-paragraph\">11.00 FESTIVITATEA DE DESCHIDERE<\/p>\n\n\n\n<p class=\"wp-block-paragraph\">Cuv\u00e2nt de bun venit: organizatori, parteneri, invita\u021bi<\/p>\n\n\n\n<p class=\"wp-block-paragraph\">Prezentarea standurilor<\/p>\n\n\n\n<p class=\"wp-block-paragraph\">&nbsp; Scen\u0103 \/ Esplanad\u0103, Muzeul Na\u021bional al Unirii Alba Iulia&nbsp;<\/p>\n\n\n\n<p class=\"wp-block-paragraph\">11.30 LANSARE DE CARTE \/ PUBLICA\u021aIILE BIBLIOTECII JUDE\u021aENE \u201eLUCIAN BLAGA\u201d ALBA<\/p>\n\n\n\n<p class=\"wp-block-paragraph\">&nbsp;&nbsp;&nbsp; <em>Discobolul; Via\u021ba Bibliotecii; Verbum; Pove\u0219ti de noapte bun\u0103; Metodica<\/em>; DVD proiectele bibliotecii<\/p>\n\n\n\n<p class=\"wp-block-paragraph\">Scen\u0103 \/ Esplanad\u0103, Muzeul Na\u021bional al Unirii Alba Iulia&nbsp;<\/p>\n\n\n\n<p class=\"wp-block-paragraph\">*** \u00cen caz de vreme nefavorabil\u0103 evenimentul are loc \u00een cl\u0103direa S\u0103lii Unirii Alba Iulia<\/p>\n\n\n\n<p class=\"wp-block-paragraph\">12.00 LANSARE DE CARTE \/ FILIALA ALBA-HUNEDOARA A UNIUNII SCRIITORILOR DIN ROM\u00c2NIA<\/p>\n\n\n\n<p class=\"wp-block-paragraph\">&nbsp;&nbsp;&nbsp;&nbsp;&nbsp;&nbsp;&nbsp;&nbsp;&nbsp;&nbsp; Prezint\u0103: Cornel Nistea, Pre\u0219edintele Filialei Alba-Hunedoara a Uniunii Scriitorilor din Rom\u00e2nia<\/p>\n\n\n\n<p class=\"wp-block-paragraph\">Scen\u0103 \/ Esplanad\u0103, Muzeul Na\u021bional al Unirii Alba Iulia<\/p>\n\n\n\n<p class=\"wp-block-paragraph\">*** \u00cen caz de vreme nefavorabil\u0103 evenimentul are loc \u00een cl\u0103direa S\u0103lii Unirii Alba Iulia<\/p>\n\n\n\n<p class=\"wp-block-paragraph\">13:00 LANSARE DE CARTE \u0218I PUBLICA\u021aII \/ CENTRUL CULTURAL \u201eLUCIAN BLAGA \u201d SEBE\u0218&nbsp;&nbsp;&nbsp;&nbsp;&nbsp;&nbsp;&nbsp;&nbsp;&nbsp;&nbsp;<\/p>\n\n\n\n<p class=\"wp-block-paragraph\">Constantin Damian &#8211; <em>Balcani Covid<\/em><\/p>\n\n\n\n<p class=\"wp-block-paragraph\">Cornelia-Maria Postescu &#8211; <em>\u00centreb\u0103ri<\/em><\/p>\n\n\n\n<p class=\"wp-block-paragraph\">Viorica Cazan &#8211; <em>C\u0103r\u021bi din pandemie<\/em><\/p>\n\n\n\n<p class=\"wp-block-paragraph\">Rodica Plop &#8211; <em>Elegie pe note de g\u00e2nd, C\u0103l\u0103tor prin iubire, Eternitate<\/em><\/p>\n\n\n\n<p class=\"wp-block-paragraph\">Rafila Maniu &#8211; <em>Anotimpuri, \u00cen oglind\u0103<\/em><\/p>\n\n\n\n<p class=\"wp-block-paragraph\">Carmen Popa &#8211; <em>Speran\u021b\u0103, iubire \u0219i lacrimi<\/em><\/p>\n\n\n\n<p class=\"wp-block-paragraph\">Bogdan Turcu &#8211; <em>Voci pierdute<\/em><\/p>\n\n\n\n<p class=\"wp-block-paragraph\">Scen\u0103 \/ Esplanad\u0103, Muzeul Na\u021bional al Unirii Alba Iulia<\/p>\n\n\n\n<p class=\"wp-block-paragraph\">*** \u00cen caz de vreme nefavorabil\u0103 evenimentul are loc \u00een cl\u0103direa S\u0103lii Unirii Alba Iulia<\/p>\n\n\n\n<p class=\"wp-block-paragraph\">13.30 VREAU S\u0102-MI CITE\u0218TI!<\/p>\n\n\n\n<p class=\"wp-block-paragraph\">Lecturi interactive pentru cei mici<\/p>\n\n\n\n<p class=\"wp-block-paragraph\">&nbsp;&nbsp;&nbsp;&nbsp;&nbsp;&nbsp;&nbsp;&nbsp;&nbsp;&nbsp;&nbsp;&nbsp; Esplanad\u0103, Muzeul Na\u021bional al Unirii Alba Iulia<\/p>\n\n\n\n<p class=\"wp-block-paragraph\">14.00 LANSARE DE CARTE \/ EDITURA RE\u00ceNTREGIREA<\/p>\n\n\n\n<p class=\"wp-block-paragraph\">Scen\u0103 \/ Esplanad\u0103, Muzeul Na\u021bional al Unirii Alba Iulia<\/p>\n\n\n\n<p class=\"wp-block-paragraph\">*** \u00cen caz de vreme nefavorabil\u0103 evenimentele au loc \u00een cl\u0103direa S\u0103lii Unirii Alba Iulia<\/p>\n\n\n\n<p class=\"wp-block-paragraph\">14.30 HAI S\u0102 NE JUC\u0102M LA BIBLIOTEC\u0102!<\/p>\n\n\n\n<p class=\"wp-block-paragraph\">Atelier de joc \u0219i joac\u0103 pentru cei mici<\/p>\n\n\n\n<p class=\"wp-block-paragraph\">&nbsp;&nbsp;&nbsp;&nbsp;&nbsp;&nbsp;&nbsp;&nbsp;&nbsp;&nbsp;&nbsp;&nbsp; Esplanad\u0103, Muzeul Na\u021bional al Unirii Alba Iulia<\/p>\n\n\n\n<p class=\"wp-block-paragraph\">15.00 \u0218AH-MAT!<\/p>\n\n\n\n<p class=\"wp-block-paragraph\">Simultan de \u0219ah<\/p>\n\n\n\n<p class=\"wp-block-paragraph\">&nbsp;&nbsp;&nbsp;&nbsp;&nbsp;&nbsp;&nbsp;&nbsp;&nbsp;&nbsp;&nbsp;&nbsp; Esplanad\u0103, Muzeul Na\u021bional al Unirii Alba Iulia<\/p>\n\n\n\n<p class=\"wp-block-paragraph\">16.00 Laboratorul de C\u2019ArteTeatru&nbsp;<\/p>\n\n\n\n<p class=\"wp-block-paragraph\">Atelier multiart de joc, improviza\u021bie, anima\u021bie stradal\u0103, muzic\u0103, dans, teatru<\/p>\n\n\n\n<p class=\"wp-block-paragraph\">&nbsp;&nbsp;&nbsp;&nbsp;&nbsp;&nbsp;&nbsp;&nbsp;&nbsp;&nbsp;&nbsp;&nbsp; Esplanad\u0103, Muzeul Na\u021bional al Unirii Alba Iulia<\/p>\n\n\n\n<p class=\"wp-block-paragraph\">17.00 FACEPAINTING&nbsp;<\/p>\n\n\n\n<p class=\"wp-block-paragraph\">Atelier de desen pe fa\u021b\u0103&nbsp;<\/p>\n\n\n\n<p class=\"wp-block-paragraph\">&nbsp;&nbsp;&nbsp;&nbsp;&nbsp;&nbsp;&nbsp;&nbsp;&nbsp;&nbsp;&nbsp;&nbsp; Esplanad\u0103, Muzeul Na\u021bional al Unirii Alba Iulia<\/p>\n\n\n\n<p class=\"wp-block-paragraph\">18.00 ANDREI MARGA &#8211; <em>SOARTA DEMOCRA\u021aIEI<\/em><\/p>\n\n\n\n<p class=\"wp-block-paragraph\">&nbsp;&nbsp;&nbsp;&nbsp;&nbsp;&nbsp;&nbsp;&nbsp;&nbsp;&nbsp; Conferin\u021b\u0103 \/ lansare de carte&nbsp;&nbsp;&nbsp;<\/p>\n\n\n\n<p class=\"wp-block-paragraph\">Scen\u0103 \/ Esplanad\u0103, Muzeul Na\u021bional al Unirii Alba Iulia<\/p>\n\n\n\n<p class=\"wp-block-paragraph\">*** \u00cen caz de vreme nefavorabil\u0103 evenimentul are loc la Muzeul Principia<\/p>\n\n\n\n<p class=\"wp-block-paragraph\">19.00 ADA MILEA &amp; BOBO BURL\u0102CIANU &#8211; CONCERT \u00ceN 2<\/p>\n\n\n\n<p class=\"wp-block-paragraph\">&nbsp;&nbsp;&nbsp;&nbsp;&nbsp;&nbsp;&nbsp;&nbsp;&nbsp; Concert<\/p>\n\n\n\n<p class=\"wp-block-paragraph\">&nbsp;&nbsp;&nbsp;&nbsp;&nbsp;&nbsp;&nbsp;&nbsp;&nbsp; Scen\u0103 \/ Esplanad\u0103, Muzeul Na\u021bional al Unirii Alba Iulia<\/p>\n\n\n\n<p class=\"wp-block-paragraph\">***<\/p>\n\n\n\n<p class=\"wp-block-paragraph\">10.00 &#8211; 20.00<\/p>\n\n\n\n<p class=\"wp-block-paragraph\">T\u00c2RGUL DE C\u2019ARTE ALBA TRANSILVANA, edi\u021bia a XIII-a<\/p>\n\n\n\n<p class=\"wp-block-paragraph\">Acces public la standurile editurilor<\/p>\n\n\n\n<p class=\"wp-block-paragraph\">DESCOPER\u0102 BIBLIOTECA!<\/p>\n\n\n\n<p class=\"wp-block-paragraph\">Informa\u021bii de interes, vizit\u0103 bibliobuz<\/p>\n\n\n\n<p class=\"wp-block-paragraph\">Bibliobuz \/ Esplanad\u0103, Muzeul Na\u021bional al Unirii Alba Iulia<\/p>\n\n\n\n<p class=\"wp-block-paragraph\">\u00ceNTRE A FI \u0218I AFI\u2026\u0218<\/p>\n\n\n\n<p class=\"wp-block-paragraph\">Expozi\u021bie de afi\u0219e<\/p>\n\n\n\n<p class=\"wp-block-paragraph\">Esplanad\u0103, Muzeul Na\u021bional al Unirii Alba Iulia<\/p>\n\n\n\n<p class=\"wp-block-paragraph\">HAI S\u0102 COLOR\u0102M!&nbsp;&nbsp;<\/p>\n\n\n\n<p class=\"wp-block-paragraph\">Atelier de desen<\/p>\n\n\n\n<p class=\"wp-block-paragraph\">Esplanad\u0103, Muzeul Na\u021bional al Unirii Alba Iulia<\/p>\n\n\n\n<p class=\"wp-block-paragraph\"><\/p>\n","protected":false},"excerpt":{"rendered":"<p>\u00cen prima zi a celei de-a XIII-a edi\u021bii conferen\u021biaz\u0103 Andrei Marga, despre \u201eSoarta democra\u021biei\u201d, iar pe sear\u0103 c\u00e2nt\u0103 Ada Milea \u0219i Bobo Burl\u0103cianu M\u00e2ine, la Alba Iulia, la ora 11.00, pe scena din fa\u021ba Muzeului Na\u021bional al Unirii va avea loc deschiderea oficial\u0103 a T\u00e2rgului de C`Arte Alba Transilvana, edi\u021bia a XIII-a. Corturile sunt amplasate, &hellip;<\/p>\n","protected":false},"author":16,"featured_media":103957,"comment_status":"open","ping_status":"open","sticky":false,"template":"","format":"standard","meta":{"inline_featured_image":false,"footnotes":""},"categories":[4],"tags":[11089,17845,2113,11090,421,5333],"class_list":["post-103987","post","type-post","status-publish","format-standard","has-post-thumbnail","hentry","category-eveniment","tag-ada-milea","tag-andrei-marga","tag-biblioteca-judeteana-lucian-blaga-alba","tag-bobo-burlacianu","tag-muzeul-national-al-unirii","tag-targul-de-carte-alba-transilvana"],"yoast_head":"<!-- This site is optimized with the Yoast SEO plugin v28.3 - https:\/\/yoast.com\/product\/yoast-seo-wordpress\/ -->\n<title>Sunte\u021bi gata? M\u00e2ine \u00eencepe! Cum ce? T\u00e2rgul de C`Arte Alba Transilvana! - Revista Urbea Mea - Revista de Alba<\/title>\n<meta name=\"description\" content=\"\u00cen prima zi a celei de-a XIII-a edi\u021bii conferen\u021biaz\u0103 Andrei Marga, despre \u201eSoarta democra\u021biei\u201d, iar pe sear\u0103 c\u00e2nt\u0103 Ada Milea \u0219i Bobo Burl\u0103cianu M\u00e2ine, la\" \/>\n<meta name=\"robots\" content=\"index, follow, max-snippet:-1, max-image-preview:large, max-video-preview:-1\" \/>\n<link rel=\"canonical\" href=\"https:\/\/urbeamea.ro\/albaiulia\/sunteti-gata-maine-incepe-cum-ce-targul-de-carte-alba-transilvana\/\" \/>\n<meta name=\"twitter:card\" content=\"summary_large_image\" \/>\n<meta name=\"twitter:title\" content=\"&lt;strong&gt;Sunte\u021bi gata? M\u00e2ine \u00eencepe! Cum ce? T\u00e2rgul de C&lt;\/strong&gt;&lt;strong&gt;`&lt;\/strong&gt;&lt;strong&gt;Arte Alba Transilvana!&lt;\/strong&gt; - Revista Urbea Mea - Revista de Alba\" \/>\n<meta name=\"twitter:description\" content=\"\u00cen prima zi a celei de-a XIII-a edi\u021bii conferen\u021biaz\u0103 Andrei Marga, despre \u201eSoarta democra\u021biei\u201d, iar pe sear\u0103 c\u00e2nt\u0103 Ada Milea \u0219i Bobo Burl\u0103cianu M\u00e2ine, la\" \/>\n<meta name=\"twitter:image\" content=\"https:\/\/urbeamea.ro\/albaiulia\/wp-content\/uploads\/2022\/09\/Fara-titlu-4.png\" \/>\n<meta name=\"twitter:creator\" content=\"@urbeameaweb\" \/>\n<meta name=\"twitter:site\" content=\"@urbeameaweb\" \/>\n<script type=\"application\/ld+json\" class=\"yoast-schema-graph\">{\"@context\":\"https:\\\/\\\/schema.org\",\"@graph\":[{\"@type\":\"Article\",\"@id\":\"https:\\\/\\\/urbeamea.ro\\\/albaiulia\\\/sunteti-gata-maine-incepe-cum-ce-targul-de-carte-alba-transilvana\\\/#article\",\"isPartOf\":{\"@id\":\"https:\\\/\\\/urbeamea.ro\\\/albaiulia\\\/sunteti-gata-maine-incepe-cum-ce-targul-de-carte-alba-transilvana\\\/\"},\"author\":{\"name\":\"Redac\u021bia UrbeaMea\",\"@id\":\"https:\\\/\\\/urbeamea.ro\\\/albaiulia\\\/#\\\/schema\\\/person\\\/272ae98052f8ee8980f59848df070247\"},\"headline\":\"Sunte\u021bi gata? M\u00e2ine \u00eencepe! Cum ce? T\u00e2rgul de C`Arte Alba Transilvana!\",\"datePublished\":\"2022-09-13T11:40:34+00:00\",\"dateModified\":\"2022-09-13T11:40:35+00:00\",\"mainEntityOfPage\":{\"@id\":\"https:\\\/\\\/urbeamea.ro\\\/albaiulia\\\/sunteti-gata-maine-incepe-cum-ce-targul-de-carte-alba-transilvana\\\/\"},\"wordCount\":895,\"commentCount\":0,\"image\":{\"@id\":\"https:\\\/\\\/urbeamea.ro\\\/albaiulia\\\/sunteti-gata-maine-incepe-cum-ce-targul-de-carte-alba-transilvana\\\/#primaryimage\"},\"thumbnailUrl\":\"https:\\\/\\\/urbeamea.ro\\\/albaiulia\\\/wp-content\\\/uploads\\\/2022\\\/09\\\/Fara-titlu-4.png\",\"keywords\":[\"ada milea\",\"andrei marga\",\"Biblioteca Jude\u0163ean\u0103 \u201cLucian Blaga\u201d Alba\",\"bobo burlacianu\",\"muzeul national al unirii\",\"targul de carte alba transilvana\"],\"articleSection\":[\"Evenimente\"],\"inLanguage\":\"ro-RO\",\"potentialAction\":[{\"@type\":\"CommentAction\",\"name\":\"Comment\",\"target\":[\"https:\\\/\\\/urbeamea.ro\\\/albaiulia\\\/sunteti-gata-maine-incepe-cum-ce-targul-de-carte-alba-transilvana\\\/#respond\"]}]},{\"@type\":\"WebPage\",\"@id\":\"https:\\\/\\\/urbeamea.ro\\\/albaiulia\\\/sunteti-gata-maine-incepe-cum-ce-targul-de-carte-alba-transilvana\\\/\",\"url\":\"https:\\\/\\\/urbeamea.ro\\\/albaiulia\\\/sunteti-gata-maine-incepe-cum-ce-targul-de-carte-alba-transilvana\\\/\",\"name\":\"Sunte\u021bi gata? M\u00e2ine \u00eencepe! Cum ce? T\u00e2rgul de C`Arte Alba Transilvana! - Revista Urbea Mea - Revista de Alba\",\"isPartOf\":{\"@id\":\"https:\\\/\\\/urbeamea.ro\\\/albaiulia\\\/#website\"},\"primaryImageOfPage\":{\"@id\":\"https:\\\/\\\/urbeamea.ro\\\/albaiulia\\\/sunteti-gata-maine-incepe-cum-ce-targul-de-carte-alba-transilvana\\\/#primaryimage\"},\"image\":{\"@id\":\"https:\\\/\\\/urbeamea.ro\\\/albaiulia\\\/sunteti-gata-maine-incepe-cum-ce-targul-de-carte-alba-transilvana\\\/#primaryimage\"},\"thumbnailUrl\":\"https:\\\/\\\/urbeamea.ro\\\/albaiulia\\\/wp-content\\\/uploads\\\/2022\\\/09\\\/Fara-titlu-4.png\",\"datePublished\":\"2022-09-13T11:40:34+00:00\",\"dateModified\":\"2022-09-13T11:40:35+00:00\",\"author\":{\"@id\":\"https:\\\/\\\/urbeamea.ro\\\/albaiulia\\\/#\\\/schema\\\/person\\\/272ae98052f8ee8980f59848df070247\"},\"description\":\"\u00cen prima zi a celei de-a XIII-a edi\u021bii conferen\u021biaz\u0103 Andrei Marga, despre \u201eSoarta democra\u021biei\u201d, iar pe sear\u0103 c\u00e2nt\u0103 Ada Milea \u0219i Bobo Burl\u0103cianu M\u00e2ine, la\",\"breadcrumb\":{\"@id\":\"https:\\\/\\\/urbeamea.ro\\\/albaiulia\\\/sunteti-gata-maine-incepe-cum-ce-targul-de-carte-alba-transilvana\\\/#breadcrumb\"},\"inLanguage\":\"ro-RO\",\"potentialAction\":[{\"@type\":\"ReadAction\",\"target\":[\"https:\\\/\\\/urbeamea.ro\\\/albaiulia\\\/sunteti-gata-maine-incepe-cum-ce-targul-de-carte-alba-transilvana\\\/\"]}]},{\"@type\":\"ImageObject\",\"inLanguage\":\"ro-RO\",\"@id\":\"https:\\\/\\\/urbeamea.ro\\\/albaiulia\\\/sunteti-gata-maine-incepe-cum-ce-targul-de-carte-alba-transilvana\\\/#primaryimage\",\"url\":\"https:\\\/\\\/urbeamea.ro\\\/albaiulia\\\/wp-content\\\/uploads\\\/2022\\\/09\\\/Fara-titlu-4.png\",\"contentUrl\":\"https:\\\/\\\/urbeamea.ro\\\/albaiulia\\\/wp-content\\\/uploads\\\/2022\\\/09\\\/Fara-titlu-4.png\",\"width\":931,\"height\":265},{\"@type\":\"BreadcrumbList\",\"@id\":\"https:\\\/\\\/urbeamea.ro\\\/albaiulia\\\/sunteti-gata-maine-incepe-cum-ce-targul-de-carte-alba-transilvana\\\/#breadcrumb\",\"itemListElement\":[{\"@type\":\"ListItem\",\"position\":1,\"name\":\"Prima pagin\u0103\",\"item\":\"https:\\\/\\\/urbeamea.ro\\\/albaiulia\\\/\"},{\"@type\":\"ListItem\",\"position\":2,\"name\":\"Sunte\u021bi gata? M\u00e2ine \u00eencepe! Cum ce? T\u00e2rgul de C`Arte Alba Transilvana!\"}]},{\"@type\":\"WebSite\",\"@id\":\"https:\\\/\\\/urbeamea.ro\\\/albaiulia\\\/#website\",\"url\":\"https:\\\/\\\/urbeamea.ro\\\/albaiulia\\\/\",\"name\":\"Revista Urbea Mea, Stiri urbane\",\"description\":\"Evenimente \u0219i \u0219tiri din Alba Iulia, Sebe\u0219, Aiud, Blaj\",\"potentialAction\":[{\"@type\":\"SearchAction\",\"target\":{\"@type\":\"EntryPoint\",\"urlTemplate\":\"https:\\\/\\\/urbeamea.ro\\\/albaiulia\\\/?s={search_term_string}\"},\"query-input\":{\"@type\":\"PropertyValueSpecification\",\"valueRequired\":true,\"valueName\":\"search_term_string\"}}],\"inLanguage\":\"ro-RO\"},{\"@type\":\"Person\",\"@id\":\"https:\\\/\\\/urbeamea.ro\\\/albaiulia\\\/#\\\/schema\\\/person\\\/272ae98052f8ee8980f59848df070247\",\"name\":\"Redac\u021bia UrbeaMea\",\"image\":{\"@type\":\"ImageObject\",\"inLanguage\":\"ro-RO\",\"@id\":\"https:\\\/\\\/secure.gravatar.com\\\/avatar\\\/9ce5a9435071fa1037e8468053ead8e513dbbff59009d3069aadb85506d85a27?s=96&d=mm&r=g\",\"url\":\"https:\\\/\\\/secure.gravatar.com\\\/avatar\\\/9ce5a9435071fa1037e8468053ead8e513dbbff59009d3069aadb85506d85a27?s=96&d=mm&r=g\",\"contentUrl\":\"https:\\\/\\\/secure.gravatar.com\\\/avatar\\\/9ce5a9435071fa1037e8468053ead8e513dbbff59009d3069aadb85506d85a27?s=96&d=mm&r=g\",\"caption\":\"Redac\u021bia UrbeaMea\"},\"description\":\"contact@urbeamea.ro\",\"sameAs\":[\"https:\\\/\\\/www.urbeamea.ro\"],\"url\":\"https:\\\/\\\/urbeamea.ro\\\/albaiulia\\\/author\\\/redactia-urbeamea\\\/\"}]}<\/script>\n<!-- \/ Yoast SEO plugin. -->","yoast_head_json":{"title":"Sunte\u021bi gata? M\u00e2ine \u00eencepe! Cum ce? T\u00e2rgul de C`Arte Alba Transilvana! - Revista Urbea Mea - Revista de Alba","description":"\u00cen prima zi a celei de-a XIII-a edi\u021bii conferen\u021biaz\u0103 Andrei Marga, despre \u201eSoarta democra\u021biei\u201d, iar pe sear\u0103 c\u00e2nt\u0103 Ada Milea \u0219i Bobo Burl\u0103cianu M\u00e2ine, la","robots":{"index":"index","follow":"follow","max-snippet":"max-snippet:-1","max-image-preview":"max-image-preview:large","max-video-preview":"max-video-preview:-1"},"canonical":"https:\/\/urbeamea.ro\/albaiulia\/sunteti-gata-maine-incepe-cum-ce-targul-de-carte-alba-transilvana\/","twitter_card":"summary_large_image","twitter_title":"<strong>Sunte\u021bi gata? M\u00e2ine \u00eencepe! Cum ce? T\u00e2rgul de C<\/strong><strong>`<\/strong><strong>Arte Alba Transilvana!<\/strong> - Revista Urbea Mea - Revista de Alba","twitter_description":"\u00cen prima zi a celei de-a XIII-a edi\u021bii conferen\u021biaz\u0103 Andrei Marga, despre \u201eSoarta democra\u021biei\u201d, iar pe sear\u0103 c\u00e2nt\u0103 Ada Milea \u0219i Bobo Burl\u0103cianu M\u00e2ine, la","twitter_image":"https:\/\/urbeamea.ro\/albaiulia\/wp-content\/uploads\/2022\/09\/Fara-titlu-4.png","twitter_creator":"@urbeameaweb","twitter_site":"@urbeameaweb","schema":{"@context":"https:\/\/schema.org","@graph":[{"@type":"Article","@id":"https:\/\/urbeamea.ro\/albaiulia\/sunteti-gata-maine-incepe-cum-ce-targul-de-carte-alba-transilvana\/#article","isPartOf":{"@id":"https:\/\/urbeamea.ro\/albaiulia\/sunteti-gata-maine-incepe-cum-ce-targul-de-carte-alba-transilvana\/"},"author":{"name":"Redac\u021bia UrbeaMea","@id":"https:\/\/urbeamea.ro\/albaiulia\/#\/schema\/person\/272ae98052f8ee8980f59848df070247"},"headline":"Sunte\u021bi gata? M\u00e2ine \u00eencepe! Cum ce? T\u00e2rgul de C`Arte Alba Transilvana!","datePublished":"2022-09-13T11:40:34+00:00","dateModified":"2022-09-13T11:40:35+00:00","mainEntityOfPage":{"@id":"https:\/\/urbeamea.ro\/albaiulia\/sunteti-gata-maine-incepe-cum-ce-targul-de-carte-alba-transilvana\/"},"wordCount":895,"commentCount":0,"image":{"@id":"https:\/\/urbeamea.ro\/albaiulia\/sunteti-gata-maine-incepe-cum-ce-targul-de-carte-alba-transilvana\/#primaryimage"},"thumbnailUrl":"https:\/\/urbeamea.ro\/albaiulia\/wp-content\/uploads\/2022\/09\/Fara-titlu-4.png","keywords":["ada milea","andrei marga","Biblioteca Jude\u0163ean\u0103 \u201cLucian Blaga\u201d Alba","bobo burlacianu","muzeul national al unirii","targul de carte alba transilvana"],"articleSection":["Evenimente"],"inLanguage":"ro-RO","potentialAction":[{"@type":"CommentAction","name":"Comment","target":["https:\/\/urbeamea.ro\/albaiulia\/sunteti-gata-maine-incepe-cum-ce-targul-de-carte-alba-transilvana\/#respond"]}]},{"@type":"WebPage","@id":"https:\/\/urbeamea.ro\/albaiulia\/sunteti-gata-maine-incepe-cum-ce-targul-de-carte-alba-transilvana\/","url":"https:\/\/urbeamea.ro\/albaiulia\/sunteti-gata-maine-incepe-cum-ce-targul-de-carte-alba-transilvana\/","name":"Sunte\u021bi gata? M\u00e2ine \u00eencepe! Cum ce? T\u00e2rgul de C`Arte Alba Transilvana! - Revista Urbea Mea - Revista de Alba","isPartOf":{"@id":"https:\/\/urbeamea.ro\/albaiulia\/#website"},"primaryImageOfPage":{"@id":"https:\/\/urbeamea.ro\/albaiulia\/sunteti-gata-maine-incepe-cum-ce-targul-de-carte-alba-transilvana\/#primaryimage"},"image":{"@id":"https:\/\/urbeamea.ro\/albaiulia\/sunteti-gata-maine-incepe-cum-ce-targul-de-carte-alba-transilvana\/#primaryimage"},"thumbnailUrl":"https:\/\/urbeamea.ro\/albaiulia\/wp-content\/uploads\/2022\/09\/Fara-titlu-4.png","datePublished":"2022-09-13T11:40:34+00:00","dateModified":"2022-09-13T11:40:35+00:00","author":{"@id":"https:\/\/urbeamea.ro\/albaiulia\/#\/schema\/person\/272ae98052f8ee8980f59848df070247"},"description":"\u00cen prima zi a celei de-a XIII-a edi\u021bii conferen\u021biaz\u0103 Andrei Marga, despre \u201eSoarta democra\u021biei\u201d, iar pe sear\u0103 c\u00e2nt\u0103 Ada Milea \u0219i Bobo Burl\u0103cianu M\u00e2ine, la","breadcrumb":{"@id":"https:\/\/urbeamea.ro\/albaiulia\/sunteti-gata-maine-incepe-cum-ce-targul-de-carte-alba-transilvana\/#breadcrumb"},"inLanguage":"ro-RO","potentialAction":[{"@type":"ReadAction","target":["https:\/\/urbeamea.ro\/albaiulia\/sunteti-gata-maine-incepe-cum-ce-targul-de-carte-alba-transilvana\/"]}]},{"@type":"ImageObject","inLanguage":"ro-RO","@id":"https:\/\/urbeamea.ro\/albaiulia\/sunteti-gata-maine-incepe-cum-ce-targul-de-carte-alba-transilvana\/#primaryimage","url":"https:\/\/urbeamea.ro\/albaiulia\/wp-content\/uploads\/2022\/09\/Fara-titlu-4.png","contentUrl":"https:\/\/urbeamea.ro\/albaiulia\/wp-content\/uploads\/2022\/09\/Fara-titlu-4.png","width":931,"height":265},{"@type":"BreadcrumbList","@id":"https:\/\/urbeamea.ro\/albaiulia\/sunteti-gata-maine-incepe-cum-ce-targul-de-carte-alba-transilvana\/#breadcrumb","itemListElement":[{"@type":"ListItem","position":1,"name":"Prima pagin\u0103","item":"https:\/\/urbeamea.ro\/albaiulia\/"},{"@type":"ListItem","position":2,"name":"Sunte\u021bi gata? M\u00e2ine \u00eencepe! Cum ce? T\u00e2rgul de C`Arte Alba Transilvana!"}]},{"@type":"WebSite","@id":"https:\/\/urbeamea.ro\/albaiulia\/#website","url":"https:\/\/urbeamea.ro\/albaiulia\/","name":"Revista Urbea Mea, Stiri urbane","description":"Evenimente \u0219i \u0219tiri din Alba Iulia, Sebe\u0219, Aiud, Blaj","potentialAction":[{"@type":"SearchAction","target":{"@type":"EntryPoint","urlTemplate":"https:\/\/urbeamea.ro\/albaiulia\/?s={search_term_string}"},"query-input":{"@type":"PropertyValueSpecification","valueRequired":true,"valueName":"search_term_string"}}],"inLanguage":"ro-RO"},{"@type":"Person","@id":"https:\/\/urbeamea.ro\/albaiulia\/#\/schema\/person\/272ae98052f8ee8980f59848df070247","name":"Redac\u021bia UrbeaMea","image":{"@type":"ImageObject","inLanguage":"ro-RO","@id":"https:\/\/secure.gravatar.com\/avatar\/9ce5a9435071fa1037e8468053ead8e513dbbff59009d3069aadb85506d85a27?s=96&d=mm&r=g","url":"https:\/\/secure.gravatar.com\/avatar\/9ce5a9435071fa1037e8468053ead8e513dbbff59009d3069aadb85506d85a27?s=96&d=mm&r=g","contentUrl":"https:\/\/secure.gravatar.com\/avatar\/9ce5a9435071fa1037e8468053ead8e513dbbff59009d3069aadb85506d85a27?s=96&d=mm&r=g","caption":"Redac\u021bia UrbeaMea"},"description":"contact@urbeamea.ro","sameAs":["https:\/\/www.urbeamea.ro"],"url":"https:\/\/urbeamea.ro\/albaiulia\/author\/redactia-urbeamea\/"}]}},"_links":{"self":[{"href":"https:\/\/urbeamea.ro\/albaiulia\/wp-json\/wp\/v2\/posts\/103987","targetHints":{"allow":["GET"]}}],"collection":[{"href":"https:\/\/urbeamea.ro\/albaiulia\/wp-json\/wp\/v2\/posts"}],"about":[{"href":"https:\/\/urbeamea.ro\/albaiulia\/wp-json\/wp\/v2\/types\/post"}],"author":[{"embeddable":true,"href":"https:\/\/urbeamea.ro\/albaiulia\/wp-json\/wp\/v2\/users\/16"}],"replies":[{"embeddable":true,"href":"https:\/\/urbeamea.ro\/albaiulia\/wp-json\/wp\/v2\/comments?post=103987"}],"version-history":[{"count":1,"href":"https:\/\/urbeamea.ro\/albaiulia\/wp-json\/wp\/v2\/posts\/103987\/revisions"}],"predecessor-version":[{"id":103992,"href":"https:\/\/urbeamea.ro\/albaiulia\/wp-json\/wp\/v2\/posts\/103987\/revisions\/103992"}],"wp:featuredmedia":[{"embeddable":true,"href":"https:\/\/urbeamea.ro\/albaiulia\/wp-json\/wp\/v2\/media\/103957"}],"wp:attachment":[{"href":"https:\/\/urbeamea.ro\/albaiulia\/wp-json\/wp\/v2\/media?parent=103987"}],"wp:term":[{"taxonomy":"category","embeddable":true,"href":"https:\/\/urbeamea.ro\/albaiulia\/wp-json\/wp\/v2\/categories?post=103987"},{"taxonomy":"post_tag","embeddable":true,"href":"https:\/\/urbeamea.ro\/albaiulia\/wp-json\/wp\/v2\/tags?post=103987"}],"curies":[{"name":"wp","href":"https:\/\/api.w.org\/{rel}","templated":true}]}}