{"id":104580,"date":"2022-10-12T11:23:53","date_gmt":"2022-10-12T08:23:53","guid":{"rendered":"https:\/\/urbeamea.ro\/albaiulia\/?p=104580"},"modified":"2022-10-12T11:23:54","modified_gmt":"2022-10-12T08:23:54","slug":"colectarea-deseurilor-voluminoase-in-municipiul-sebes","status":"publish","type":"post","link":"https:\/\/urbeamea.ro\/albaiulia\/colectarea-deseurilor-voluminoase-in-municipiul-sebes\/","title":{"rendered":"Colectarea de\u0219eurilor voluminoase \u00een Municipiul Sebe\u0219"},"content":{"rendered":"\n<p>Prim\u0103ria Municipiului Sebe\u0219 informeaz\u0103 cet\u0103\u021benii c\u0103 \u00een perioada&nbsp;<strong>11-19 octombrie 2022<\/strong>&nbsp;se desf\u0103\u0219oar\u0103&nbsp;<strong>CAMPANIA DE COLECTARE A DE\u0218EURILOR VOLUMINOASE.<\/strong><\/p>\n\n\n\n<p>Locul de amplasare al containerelor este urm\u0103torul:<\/p>\n\n\n\n<figure class=\"wp-block-table\"><table><tbody><tr><td><strong>ZIUA<\/strong><\/td><td><strong>LOCALITATE<\/strong><\/td><td><strong>LOCUL DE AMPLASARE<\/strong><\/td><\/tr><tr><td>11.10.2022<\/td><td>Sebe\u0219<\/td><td>Parc Arini, parcare Stadion<\/td><\/tr><tr><td>12-13.10.2022<\/td><td>Lancr\u0103m<\/td><td>L\u00e2ng\u0103 C\u0103minul Cultural<\/td><\/tr><tr><td>14.10.2022<\/td><td>Petre\u0219ti<\/td><td>\u00cen fa\u021ba C\u0103minului Cultural<\/td><\/tr><tr><td>17.10.2022<\/td><td>Petre\u0219ti<\/td><td>\u00cen fa\u021ba C\u0103minului Cultural<\/td><\/tr><tr><td>18-19.10.2022<\/td><td>R\u0103h\u0103u<\/td><td>L\u00e2ng\u0103 C\u0103minul Cultural<\/td><\/tr><\/tbody><\/table><\/figure>\n\n\n\n<p><strong>Tipurile de de\u0219euri voluminoase care se colecteaz\u0103 sunt:<\/strong>&nbsp;mobilier, comode, mese de cafea, de toalet\u0103, decorative, mese de scris pentru copii, rafturi, etajere, etajere metalice, covoare, carpete, pre\u0219uri, canapele, paturi, dulapuri, birouri, scaune, banchete, saltele, oale, ceasuri, perdele, draperii, dulapuri de baie, suporturi prosoape, lustre, tablouri, obiecte sanitare, obiecte mari de folosin\u021b\u0103 \u00eendelungat\u0103 precum: calorifere font\u0103 sau aluminiu, u\u0219i, tocuri de u\u0219i \u0219i tocuri de geamuri f\u0103r\u0103 sticl\u0103, f\u0103r\u0103 t\u00e2mpl\u0103rie PVC.<\/p>\n\n\n\n<p>Aten\u021bie! Nu se colecteaz\u0103 de\u0219euri reziduale, reciclabile, de\u0219euri provenite din construc\u021bii, de\u0219euri vegetale \u0219i de\u0219euri de echipamente electrice, electronice \u0219i electrocasnice (televizoare, ma\u0219ini de sp\u0103lat, frigidere, radio-uri, echipamente de iluminat, computere etc).<\/p>\n\n\n\n<figure class=\"wp-block-image size-large\"><img loading=\"lazy\" decoding=\"async\" width=\"906\" height=\"1280\" src=\"https:\/\/urbeamea.ro\/albaiulia\/wp-content\/uploads\/2022\/10\/Campanie-deseuri-906x1280.png\" alt=\"\" class=\"wp-image-104581\" srcset=\"https:\/\/urbeamea.ro\/albaiulia\/wp-content\/uploads\/2022\/10\/Campanie-deseuri-906x1280.png 906w, https:\/\/urbeamea.ro\/albaiulia\/wp-content\/uploads\/2022\/10\/Campanie-deseuri-453x640.png 453w, https:\/\/urbeamea.ro\/albaiulia\/wp-content\/uploads\/2022\/10\/Campanie-deseuri-106x150.png 106w, https:\/\/urbeamea.ro\/albaiulia\/wp-content\/uploads\/2022\/10\/Campanie-deseuri-768x1086.png 768w, https:\/\/urbeamea.ro\/albaiulia\/wp-content\/uploads\/2022\/10\/Campanie-deseuri-1087x1536.png 1087w, https:\/\/urbeamea.ro\/albaiulia\/wp-content\/uploads\/2022\/10\/Campanie-deseuri.png 1132w\" sizes=\"auto, (max-width: 906px) 100vw, 906px\" \/><\/figure>\n","protected":false},"excerpt":{"rendered":"<p>Prim\u0103ria Municipiului Sebe\u0219 informeaz\u0103 cet\u0103\u021benii c\u0103 \u00een perioada&nbsp;11-19 octombrie 2022&nbsp;se desf\u0103\u0219oar\u0103&nbsp;CAMPANIA DE COLECTARE A DE\u0218EURILOR VOLUMINOASE. Locul de amplasare al containerelor este urm\u0103torul: ZIUALOCALITATELOCUL DE AMPLASARE11.10.2022Sebe\u0219Parc Arini, parcare Stadion12-13.10.2022Lancr\u0103mL\u00e2ng\u0103 C\u0103minul Cultural14.10.2022Petre\u0219ti\u00cen fa\u021ba C\u0103minului Cultural17.10.2022Petre\u0219ti\u00cen fa\u021ba C\u0103minului Cultural18-19.10.2022R\u0103h\u0103uL\u00e2ng\u0103 C\u0103minul Cultural Tipurile de de\u0219euri voluminoase care se colecteaz\u0103 sunt:&nbsp;mobilier, comode, mese de cafea, de toalet\u0103, decorative, mese &hellip;<\/p>\n","protected":false},"author":16,"featured_media":102400,"comment_status":"open","ping_status":"open","sticky":false,"template":"","format":"standard","meta":{"inline_featured_image":false,"footnotes":""},"categories":[1],"tags":[9129,17300,18621],"class_list":["post-104580","post","type-post","status-publish","format-standard","has-post-thumbnail","hentry","category-stiri-urbane","tag-colectare-deseuri","tag-municipiul-sebes","tag-rer-vest-si-retim"],"yoast_head":"<!-- This site is optimized with the Yoast SEO plugin v27.4 - https:\/\/yoast.com\/product\/yoast-seo-wordpress\/ -->\n<title>Colectarea de\u0219eurilor voluminoase \u00een Municipiul Sebe\u0219 - Revista Urbea Mea - Revista de Alba<\/title>\n<meta name=\"description\" content=\"Prim\u0103ria Municipiului Sebe\u0219 informeaz\u0103 cet\u0103\u021benii c\u0103 \u00een perioada&nbsp;11-19 octombrie 2022&nbsp;se desf\u0103\u0219oar\u0103&nbsp;CAMPANIA DE COLECTARE A DE\u0218EURILOR\" \/>\n<meta name=\"robots\" content=\"index, follow, max-snippet:-1, max-image-preview:large, max-video-preview:-1\" \/>\n<link rel=\"canonical\" href=\"https:\/\/urbeamea.ro\/albaiulia\/colectarea-deseurilor-voluminoase-in-municipiul-sebes\/\" \/>\n<meta name=\"twitter:card\" content=\"summary_large_image\" \/>\n<meta name=\"twitter:title\" content=\"Colectarea de\u0219eurilor voluminoase \u00een Municipiul Sebe\u0219 - Revista Urbea Mea - Revista de Alba\" \/>\n<meta name=\"twitter:description\" content=\"Prim\u0103ria Municipiului Sebe\u0219 informeaz\u0103 cet\u0103\u021benii c\u0103 \u00een perioada&nbsp;11-19 octombrie 2022&nbsp;se desf\u0103\u0219oar\u0103&nbsp;CAMPANIA DE COLECTARE A DE\u0218EURILOR\" \/>\n<meta name=\"twitter:image\" content=\"https:\/\/urbeamea.ro\/albaiulia\/wp-content\/uploads\/2022\/06\/Presa-Voluminoase-Final-980-\u00d7-680-px.png\" \/>\n<meta name=\"twitter:creator\" content=\"@urbeameaweb\" \/>\n<meta name=\"twitter:site\" content=\"@urbeameaweb\" \/>\n<script type=\"application\/ld+json\" class=\"yoast-schema-graph\">{\"@context\":\"https:\\\/\\\/schema.org\",\"@graph\":[{\"@type\":\"Article\",\"@id\":\"https:\\\/\\\/urbeamea.ro\\\/albaiulia\\\/colectarea-deseurilor-voluminoase-in-municipiul-sebes\\\/#article\",\"isPartOf\":{\"@id\":\"https:\\\/\\\/urbeamea.ro\\\/albaiulia\\\/colectarea-deseurilor-voluminoase-in-municipiul-sebes\\\/\"},\"author\":{\"name\":\"Redac\u021bia UrbeaMea\",\"@id\":\"https:\\\/\\\/urbeamea.ro\\\/albaiulia\\\/#\\\/schema\\\/person\\\/272ae98052f8ee8980f59848df070247\"},\"headline\":\"Colectarea de\u0219eurilor voluminoase \u00een Municipiul Sebe\u0219\",\"datePublished\":\"2022-10-12T08:23:53+00:00\",\"dateModified\":\"2022-10-12T08:23:54+00:00\",\"mainEntityOfPage\":{\"@id\":\"https:\\\/\\\/urbeamea.ro\\\/albaiulia\\\/colectarea-deseurilor-voluminoase-in-municipiul-sebes\\\/\"},\"wordCount\":203,\"commentCount\":0,\"image\":{\"@id\":\"https:\\\/\\\/urbeamea.ro\\\/albaiulia\\\/colectarea-deseurilor-voluminoase-in-municipiul-sebes\\\/#primaryimage\"},\"thumbnailUrl\":\"https:\\\/\\\/urbeamea.ro\\\/albaiulia\\\/wp-content\\\/uploads\\\/2022\\\/06\\\/Presa-Voluminoase-Final-980-\u00d7-680-px.png\",\"keywords\":[\"colectare deseuri\",\"municipiul sebes\",\"rer vest si retim\"],\"articleSection\":[\"\u015etiri Urbane\"],\"inLanguage\":\"ro-RO\",\"potentialAction\":[{\"@type\":\"CommentAction\",\"name\":\"Comment\",\"target\":[\"https:\\\/\\\/urbeamea.ro\\\/albaiulia\\\/colectarea-deseurilor-voluminoase-in-municipiul-sebes\\\/#respond\"]}]},{\"@type\":\"WebPage\",\"@id\":\"https:\\\/\\\/urbeamea.ro\\\/albaiulia\\\/colectarea-deseurilor-voluminoase-in-municipiul-sebes\\\/\",\"url\":\"https:\\\/\\\/urbeamea.ro\\\/albaiulia\\\/colectarea-deseurilor-voluminoase-in-municipiul-sebes\\\/\",\"name\":\"Colectarea de\u0219eurilor voluminoase \u00een Municipiul Sebe\u0219 - Revista Urbea Mea - Revista de Alba\",\"isPartOf\":{\"@id\":\"https:\\\/\\\/urbeamea.ro\\\/albaiulia\\\/#website\"},\"primaryImageOfPage\":{\"@id\":\"https:\\\/\\\/urbeamea.ro\\\/albaiulia\\\/colectarea-deseurilor-voluminoase-in-municipiul-sebes\\\/#primaryimage\"},\"image\":{\"@id\":\"https:\\\/\\\/urbeamea.ro\\\/albaiulia\\\/colectarea-deseurilor-voluminoase-in-municipiul-sebes\\\/#primaryimage\"},\"thumbnailUrl\":\"https:\\\/\\\/urbeamea.ro\\\/albaiulia\\\/wp-content\\\/uploads\\\/2022\\\/06\\\/Presa-Voluminoase-Final-980-\u00d7-680-px.png\",\"datePublished\":\"2022-10-12T08:23:53+00:00\",\"dateModified\":\"2022-10-12T08:23:54+00:00\",\"author\":{\"@id\":\"https:\\\/\\\/urbeamea.ro\\\/albaiulia\\\/#\\\/schema\\\/person\\\/272ae98052f8ee8980f59848df070247\"},\"description\":\"Prim\u0103ria Municipiului Sebe\u0219 informeaz\u0103 cet\u0103\u021benii c\u0103 \u00een perioada&nbsp;11-19 octombrie 2022&nbsp;se desf\u0103\u0219oar\u0103&nbsp;CAMPANIA DE COLECTARE A DE\u0218EURILOR\",\"breadcrumb\":{\"@id\":\"https:\\\/\\\/urbeamea.ro\\\/albaiulia\\\/colectarea-deseurilor-voluminoase-in-municipiul-sebes\\\/#breadcrumb\"},\"inLanguage\":\"ro-RO\",\"potentialAction\":[{\"@type\":\"ReadAction\",\"target\":[\"https:\\\/\\\/urbeamea.ro\\\/albaiulia\\\/colectarea-deseurilor-voluminoase-in-municipiul-sebes\\\/\"]}]},{\"@type\":\"ImageObject\",\"inLanguage\":\"ro-RO\",\"@id\":\"https:\\\/\\\/urbeamea.ro\\\/albaiulia\\\/colectarea-deseurilor-voluminoase-in-municipiul-sebes\\\/#primaryimage\",\"url\":\"https:\\\/\\\/urbeamea.ro\\\/albaiulia\\\/wp-content\\\/uploads\\\/2022\\\/06\\\/Presa-Voluminoase-Final-980-\u00d7-680-px.png\",\"contentUrl\":\"https:\\\/\\\/urbeamea.ro\\\/albaiulia\\\/wp-content\\\/uploads\\\/2022\\\/06\\\/Presa-Voluminoase-Final-980-\u00d7-680-px.png\",\"width\":980,\"height\":680},{\"@type\":\"BreadcrumbList\",\"@id\":\"https:\\\/\\\/urbeamea.ro\\\/albaiulia\\\/colectarea-deseurilor-voluminoase-in-municipiul-sebes\\\/#breadcrumb\",\"itemListElement\":[{\"@type\":\"ListItem\",\"position\":1,\"name\":\"Prima pagin\u0103\",\"item\":\"https:\\\/\\\/urbeamea.ro\\\/albaiulia\\\/\"},{\"@type\":\"ListItem\",\"position\":2,\"name\":\"Colectarea de\u0219eurilor voluminoase \u00een Municipiul Sebe\u0219\"}]},{\"@type\":\"WebSite\",\"@id\":\"https:\\\/\\\/urbeamea.ro\\\/albaiulia\\\/#website\",\"url\":\"https:\\\/\\\/urbeamea.ro\\\/albaiulia\\\/\",\"name\":\"Revista Urbea Mea, Stiri urbane\",\"description\":\"Evenimente \u0219i \u0219tiri din Alba Iulia, Sebe\u0219, Aiud, Blaj\",\"potentialAction\":[{\"@type\":\"SearchAction\",\"target\":{\"@type\":\"EntryPoint\",\"urlTemplate\":\"https:\\\/\\\/urbeamea.ro\\\/albaiulia\\\/?s={search_term_string}\"},\"query-input\":{\"@type\":\"PropertyValueSpecification\",\"valueRequired\":true,\"valueName\":\"search_term_string\"}}],\"inLanguage\":\"ro-RO\"},{\"@type\":\"Person\",\"@id\":\"https:\\\/\\\/urbeamea.ro\\\/albaiulia\\\/#\\\/schema\\\/person\\\/272ae98052f8ee8980f59848df070247\",\"name\":\"Redac\u021bia UrbeaMea\",\"image\":{\"@type\":\"ImageObject\",\"inLanguage\":\"ro-RO\",\"@id\":\"https:\\\/\\\/secure.gravatar.com\\\/avatar\\\/9ce5a9435071fa1037e8468053ead8e513dbbff59009d3069aadb85506d85a27?s=96&d=mm&r=g\",\"url\":\"https:\\\/\\\/secure.gravatar.com\\\/avatar\\\/9ce5a9435071fa1037e8468053ead8e513dbbff59009d3069aadb85506d85a27?s=96&d=mm&r=g\",\"contentUrl\":\"https:\\\/\\\/secure.gravatar.com\\\/avatar\\\/9ce5a9435071fa1037e8468053ead8e513dbbff59009d3069aadb85506d85a27?s=96&d=mm&r=g\",\"caption\":\"Redac\u021bia UrbeaMea\"},\"description\":\"contact@urbeamea.ro\",\"sameAs\":[\"https:\\\/\\\/www.urbeamea.ro\"],\"url\":\"https:\\\/\\\/urbeamea.ro\\\/albaiulia\\\/author\\\/redactia-urbeamea\\\/\"}]}<\/script>\n<!-- \/ Yoast SEO plugin. -->","yoast_head_json":{"title":"Colectarea de\u0219eurilor voluminoase \u00een Municipiul Sebe\u0219 - Revista Urbea Mea - Revista de Alba","description":"Prim\u0103ria Municipiului Sebe\u0219 informeaz\u0103 cet\u0103\u021benii c\u0103 \u00een perioada&nbsp;11-19 octombrie 2022&nbsp;se desf\u0103\u0219oar\u0103&nbsp;CAMPANIA DE COLECTARE A DE\u0218EURILOR","robots":{"index":"index","follow":"follow","max-snippet":"max-snippet:-1","max-image-preview":"max-image-preview:large","max-video-preview":"max-video-preview:-1"},"canonical":"https:\/\/urbeamea.ro\/albaiulia\/colectarea-deseurilor-voluminoase-in-municipiul-sebes\/","twitter_card":"summary_large_image","twitter_title":"Colectarea de\u0219eurilor voluminoase \u00een Municipiul Sebe\u0219 - Revista Urbea Mea - Revista de Alba","twitter_description":"Prim\u0103ria Municipiului Sebe\u0219 informeaz\u0103 cet\u0103\u021benii c\u0103 \u00een perioada&nbsp;11-19 octombrie 2022&nbsp;se desf\u0103\u0219oar\u0103&nbsp;CAMPANIA DE COLECTARE A DE\u0218EURILOR","twitter_image":"https:\/\/urbeamea.ro\/albaiulia\/wp-content\/uploads\/2022\/06\/Presa-Voluminoase-Final-980-\u00d7-680-px.png","twitter_creator":"@urbeameaweb","twitter_site":"@urbeameaweb","schema":{"@context":"https:\/\/schema.org","@graph":[{"@type":"Article","@id":"https:\/\/urbeamea.ro\/albaiulia\/colectarea-deseurilor-voluminoase-in-municipiul-sebes\/#article","isPartOf":{"@id":"https:\/\/urbeamea.ro\/albaiulia\/colectarea-deseurilor-voluminoase-in-municipiul-sebes\/"},"author":{"name":"Redac\u021bia UrbeaMea","@id":"https:\/\/urbeamea.ro\/albaiulia\/#\/schema\/person\/272ae98052f8ee8980f59848df070247"},"headline":"Colectarea de\u0219eurilor voluminoase \u00een Municipiul Sebe\u0219","datePublished":"2022-10-12T08:23:53+00:00","dateModified":"2022-10-12T08:23:54+00:00","mainEntityOfPage":{"@id":"https:\/\/urbeamea.ro\/albaiulia\/colectarea-deseurilor-voluminoase-in-municipiul-sebes\/"},"wordCount":203,"commentCount":0,"image":{"@id":"https:\/\/urbeamea.ro\/albaiulia\/colectarea-deseurilor-voluminoase-in-municipiul-sebes\/#primaryimage"},"thumbnailUrl":"https:\/\/urbeamea.ro\/albaiulia\/wp-content\/uploads\/2022\/06\/Presa-Voluminoase-Final-980-\u00d7-680-px.png","keywords":["colectare deseuri","municipiul sebes","rer vest si retim"],"articleSection":["\u015etiri Urbane"],"inLanguage":"ro-RO","potentialAction":[{"@type":"CommentAction","name":"Comment","target":["https:\/\/urbeamea.ro\/albaiulia\/colectarea-deseurilor-voluminoase-in-municipiul-sebes\/#respond"]}]},{"@type":"WebPage","@id":"https:\/\/urbeamea.ro\/albaiulia\/colectarea-deseurilor-voluminoase-in-municipiul-sebes\/","url":"https:\/\/urbeamea.ro\/albaiulia\/colectarea-deseurilor-voluminoase-in-municipiul-sebes\/","name":"Colectarea de\u0219eurilor voluminoase \u00een Municipiul Sebe\u0219 - Revista Urbea Mea - Revista de Alba","isPartOf":{"@id":"https:\/\/urbeamea.ro\/albaiulia\/#website"},"primaryImageOfPage":{"@id":"https:\/\/urbeamea.ro\/albaiulia\/colectarea-deseurilor-voluminoase-in-municipiul-sebes\/#primaryimage"},"image":{"@id":"https:\/\/urbeamea.ro\/albaiulia\/colectarea-deseurilor-voluminoase-in-municipiul-sebes\/#primaryimage"},"thumbnailUrl":"https:\/\/urbeamea.ro\/albaiulia\/wp-content\/uploads\/2022\/06\/Presa-Voluminoase-Final-980-\u00d7-680-px.png","datePublished":"2022-10-12T08:23:53+00:00","dateModified":"2022-10-12T08:23:54+00:00","author":{"@id":"https:\/\/urbeamea.ro\/albaiulia\/#\/schema\/person\/272ae98052f8ee8980f59848df070247"},"description":"Prim\u0103ria Municipiului Sebe\u0219 informeaz\u0103 cet\u0103\u021benii c\u0103 \u00een perioada&nbsp;11-19 octombrie 2022&nbsp;se desf\u0103\u0219oar\u0103&nbsp;CAMPANIA DE COLECTARE A DE\u0218EURILOR","breadcrumb":{"@id":"https:\/\/urbeamea.ro\/albaiulia\/colectarea-deseurilor-voluminoase-in-municipiul-sebes\/#breadcrumb"},"inLanguage":"ro-RO","potentialAction":[{"@type":"ReadAction","target":["https:\/\/urbeamea.ro\/albaiulia\/colectarea-deseurilor-voluminoase-in-municipiul-sebes\/"]}]},{"@type":"ImageObject","inLanguage":"ro-RO","@id":"https:\/\/urbeamea.ro\/albaiulia\/colectarea-deseurilor-voluminoase-in-municipiul-sebes\/#primaryimage","url":"https:\/\/urbeamea.ro\/albaiulia\/wp-content\/uploads\/2022\/06\/Presa-Voluminoase-Final-980-\u00d7-680-px.png","contentUrl":"https:\/\/urbeamea.ro\/albaiulia\/wp-content\/uploads\/2022\/06\/Presa-Voluminoase-Final-980-\u00d7-680-px.png","width":980,"height":680},{"@type":"BreadcrumbList","@id":"https:\/\/urbeamea.ro\/albaiulia\/colectarea-deseurilor-voluminoase-in-municipiul-sebes\/#breadcrumb","itemListElement":[{"@type":"ListItem","position":1,"name":"Prima pagin\u0103","item":"https:\/\/urbeamea.ro\/albaiulia\/"},{"@type":"ListItem","position":2,"name":"Colectarea de\u0219eurilor voluminoase \u00een Municipiul Sebe\u0219"}]},{"@type":"WebSite","@id":"https:\/\/urbeamea.ro\/albaiulia\/#website","url":"https:\/\/urbeamea.ro\/albaiulia\/","name":"Revista Urbea Mea, Stiri urbane","description":"Evenimente \u0219i \u0219tiri din Alba Iulia, Sebe\u0219, Aiud, Blaj","potentialAction":[{"@type":"SearchAction","target":{"@type":"EntryPoint","urlTemplate":"https:\/\/urbeamea.ro\/albaiulia\/?s={search_term_string}"},"query-input":{"@type":"PropertyValueSpecification","valueRequired":true,"valueName":"search_term_string"}}],"inLanguage":"ro-RO"},{"@type":"Person","@id":"https:\/\/urbeamea.ro\/albaiulia\/#\/schema\/person\/272ae98052f8ee8980f59848df070247","name":"Redac\u021bia UrbeaMea","image":{"@type":"ImageObject","inLanguage":"ro-RO","@id":"https:\/\/secure.gravatar.com\/avatar\/9ce5a9435071fa1037e8468053ead8e513dbbff59009d3069aadb85506d85a27?s=96&d=mm&r=g","url":"https:\/\/secure.gravatar.com\/avatar\/9ce5a9435071fa1037e8468053ead8e513dbbff59009d3069aadb85506d85a27?s=96&d=mm&r=g","contentUrl":"https:\/\/secure.gravatar.com\/avatar\/9ce5a9435071fa1037e8468053ead8e513dbbff59009d3069aadb85506d85a27?s=96&d=mm&r=g","caption":"Redac\u021bia UrbeaMea"},"description":"contact@urbeamea.ro","sameAs":["https:\/\/www.urbeamea.ro"],"url":"https:\/\/urbeamea.ro\/albaiulia\/author\/redactia-urbeamea\/"}]}},"_links":{"self":[{"href":"https:\/\/urbeamea.ro\/albaiulia\/wp-json\/wp\/v2\/posts\/104580","targetHints":{"allow":["GET"]}}],"collection":[{"href":"https:\/\/urbeamea.ro\/albaiulia\/wp-json\/wp\/v2\/posts"}],"about":[{"href":"https:\/\/urbeamea.ro\/albaiulia\/wp-json\/wp\/v2\/types\/post"}],"author":[{"embeddable":true,"href":"https:\/\/urbeamea.ro\/albaiulia\/wp-json\/wp\/v2\/users\/16"}],"replies":[{"embeddable":true,"href":"https:\/\/urbeamea.ro\/albaiulia\/wp-json\/wp\/v2\/comments?post=104580"}],"version-history":[{"count":1,"href":"https:\/\/urbeamea.ro\/albaiulia\/wp-json\/wp\/v2\/posts\/104580\/revisions"}],"predecessor-version":[{"id":104582,"href":"https:\/\/urbeamea.ro\/albaiulia\/wp-json\/wp\/v2\/posts\/104580\/revisions\/104582"}],"wp:featuredmedia":[{"embeddable":true,"href":"https:\/\/urbeamea.ro\/albaiulia\/wp-json\/wp\/v2\/media\/102400"}],"wp:attachment":[{"href":"https:\/\/urbeamea.ro\/albaiulia\/wp-json\/wp\/v2\/media?parent=104580"}],"wp:term":[{"taxonomy":"category","embeddable":true,"href":"https:\/\/urbeamea.ro\/albaiulia\/wp-json\/wp\/v2\/categories?post=104580"},{"taxonomy":"post_tag","embeddable":true,"href":"https:\/\/urbeamea.ro\/albaiulia\/wp-json\/wp\/v2\/tags?post=104580"}],"curies":[{"name":"wp","href":"https:\/\/api.w.org\/{rel}","templated":true}]}}