{"id":104617,"date":"2022-10-13T13:33:54","date_gmt":"2022-10-13T10:33:54","guid":{"rendered":"https:\/\/urbeamea.ro\/albaiulia\/?p=104617"},"modified":"2022-10-13T13:33:55","modified_gmt":"2022-10-13T10:33:55","slug":"vineri-14-octombrie-2022-ora-13-00-la-sala-unirii-va-avea-loc-vernisajul-expozitiei-incoronarea-regilor-romaniei-mari","status":"publish","type":"post","link":"https:\/\/urbeamea.ro\/albaiulia\/vineri-14-octombrie-2022-ora-13-00-la-sala-unirii-va-avea-loc-vernisajul-expozitiei-incoronarea-regilor-romaniei-mari\/","title":{"rendered":"Vineri, 14 octombrie 2022, ora 13.00, la Sala Unirii va avea loc vernisajul expozi\u021biei \u00cencoronarea Regilor Rom\u00e2niei Mari"},"content":{"rendered":"\n<p><strong>Vineri, 14 octombrie 2022, ora 13.00, la Sala Unirii va avea loc vernisajul expozi\u021biei <em>\u00cencoronarea Regilor Rom\u00e2niei Mari \u00een Arhivele Diplomatice ale Rom\u00e2niei<\/em>.<\/strong><\/p>\n\n\n\n<p>Alba Iulia, ora\u0219ul simbolic al Unirii a avut \u00een urm\u0103 cu 100 de ani \u00eenc\u0103 un rol important: acela de ora\u0219 al \u00cencoron\u0103rii Regilor Rom\u00e2niei Mari, Ferdinand \u0219i Maria. Un rol nou pe care \u0219i l-a jucat cu succes \u0219i care a ad\u0103ugat istoriei locului \u00eenc\u0103 un simbol, prin prezen\u021ba unor oaspe\u021bi \u201ede poveste\u201d. S-au aflat atunci, al\u0103turi de familia regal\u0103 a Rom\u00e2niei, reprezentan\u021bii familiilor regale europene, membri ai misiunilor str\u0103ine, diploma\u021bi de carier\u0103, mare\u0219ali ori generali care au poposit, chiar dac\u0103 pentru o jum\u0103tate de zi, \u00een ora\u0219ul din inima Transilvaniei.<\/p>\n\n\n\n<p>Dou\u0103 dosare speciale p\u0103strate \u00een Arhivele Diplomatice ale Ministerului Afacerilor Externe al Rom\u00e2niei surprind implicarea acestei institu\u021bii \u00een organizarea evenimentului desf\u0103\u0219urat \u00een 15-17 octombrie 1922, de la formarea Comisiei pentru organizarea \u00cencoron\u0103rii Suveranilor, p\u00e2n\u0103 la ultimele deconturi pentru cheltuielile determinate de aceasta \u0219i recompensarea tuturor celor din minister care au fost implica\u021bi \u00een desf\u0103\u0219urarea serb\u0103rilor, prin acordarea din partea guvernului Rom\u00e2niei a Medaliei \u00cencoron\u0103rii.<\/p>\n\n\n\n<p>Cu aceast\u0103 ocazie vor fi expuse o serie de documente, unele legate de constituirea misiunilor str\u0103ine, a\u0219a cum au fost ele comunicate ambasadelor Rom\u00e2niei din str\u0103in\u0103tate, altele care surprind coresponden\u021ba privind identificarea mijloacelor prin care se putea ajunge \u00een \u021bar\u0103 \u0219i stabilirea unui program oficial de primire al oaspe\u021bilor suveranilor Rom\u00e2niei la Sinaia, dar \u0219i listele cu invita\u021bii prezen\u021bi \u00een Sala Unirii din Alba Iulia pentru pr\u00e2nzul regal. <a><\/a><\/p>\n\n\n\n<p>Alte c\u00e2teva documente dezv\u0103luie activit\u0103\u021bile organizate de ambasadele Rom\u00e2niei \u00een onoarea serb\u0103rilor din Rom\u00e2nia, dar \u0219i ecourile acestora \u00een presa interna\u021bional\u0103. Al\u0103turi de c\u00e2teva piese legate de eveniment \u2013 emisiunea filatelic\u0103 dedicat\u0103 evenimentului \u0219i medaliile \u00cencoron\u0103rii, aflate \u00een patrimoniul Muzeului Na\u021bional al Unirii \u2013 documentele originale aflate \u00een fondul Arhivelor Diplomatice ale Rom\u00e2niei vor fi expuse \u00een Sala Unirii din Alba Iulia \u00een cadrul acestei expozi\u021bii dedicat\u0103 <em>Centenarului \u00cencoron\u0103rii<\/em>.<\/p>\n\n\n\n<p>Evenimentul este organizat de Consiliul Jude\u021bean Alba \u0219i Muzeul Na\u021bional al Unirii Alba Iulia.<\/p>\n\n\n\n<p><\/p>\n","protected":false},"excerpt":{"rendered":"<p>Vineri, 14 octombrie 2022, ora 13.00, la Sala Unirii va avea loc vernisajul expozi\u021biei \u00cencoronarea Regilor Rom\u00e2niei Mari \u00een Arhivele Diplomatice ale Rom\u00e2niei. Alba Iulia, ora\u0219ul simbolic al Unirii a avut \u00een urm\u0103 cu 100 de ani \u00eenc\u0103 un rol important: acela de ora\u0219 al \u00cencoron\u0103rii Regilor Rom\u00e2niei Mari, Ferdinand \u0219i Maria. Un rol nou &hellip;<\/p>\n","protected":false},"author":16,"featured_media":104618,"comment_status":"open","ping_status":"open","sticky":false,"template":"","format":"standard","meta":{"inline_featured_image":false,"footnotes":""},"categories":[4],"tags":[23408,5364,21953],"class_list":["post-104617","post","type-post","status-publish","format-standard","has-post-thumbnail","hentry","category-eveniment","tag-centenarul-incoronarii","tag-regele-ferdinand-si-regina-maria","tag-sala-unirii-din-alba-iulia"],"yoast_head":"<!-- This site is optimized with the Yoast SEO plugin v27.4 - https:\/\/yoast.com\/product\/yoast-seo-wordpress\/ -->\n<title>Vineri, 14 octombrie 2022, ora 13.00, la Sala Unirii va avea loc vernisajul expozi\u021biei \u00cencoronarea Regilor Rom\u00e2niei Mari - Revista Urbea Mea - Revista de Alba<\/title>\n<meta name=\"description\" content=\"Vineri, 14 octombrie 2022, ora 13.00, la Sala Unirii va avea loc vernisajul expozi\u021biei \u00cencoronarea Regilor Rom\u00e2niei Mari \u00een Arhivele Diplomatice ale\" \/>\n<meta name=\"robots\" content=\"index, follow, max-snippet:-1, max-image-preview:large, max-video-preview:-1\" \/>\n<link rel=\"canonical\" href=\"https:\/\/urbeamea.ro\/albaiulia\/vineri-14-octombrie-2022-ora-13-00-la-sala-unirii-va-avea-loc-vernisajul-expozitiei-incoronarea-regilor-romaniei-mari\/\" \/>\n<meta name=\"twitter:card\" content=\"summary_large_image\" \/>\n<meta name=\"twitter:title\" content=\"Vineri, 14 octombrie 2022, ora 13.00, la Sala Unirii va avea loc vernisajul expozi\u021biei \u00cencoronarea Regilor Rom\u00e2niei Mari - Revista Urbea Mea - Revista de Alba\" \/>\n<meta name=\"twitter:description\" content=\"Vineri, 14 octombrie 2022, ora 13.00, la Sala Unirii va avea loc vernisajul expozi\u021biei \u00cencoronarea Regilor Rom\u00e2niei Mari \u00een Arhivele Diplomatice ale\" \/>\n<meta name=\"twitter:image\" content=\"https:\/\/urbeamea.ro\/albaiulia\/wp-content\/uploads\/2022\/10\/afis-2.jpg\" \/>\n<meta name=\"twitter:creator\" content=\"@urbeameaweb\" \/>\n<meta name=\"twitter:site\" content=\"@urbeameaweb\" \/>\n<script type=\"application\/ld+json\" class=\"yoast-schema-graph\">{\"@context\":\"https:\\\/\\\/schema.org\",\"@graph\":[{\"@type\":\"Article\",\"@id\":\"https:\\\/\\\/urbeamea.ro\\\/albaiulia\\\/vineri-14-octombrie-2022-ora-13-00-la-sala-unirii-va-avea-loc-vernisajul-expozitiei-incoronarea-regilor-romaniei-mari\\\/#article\",\"isPartOf\":{\"@id\":\"https:\\\/\\\/urbeamea.ro\\\/albaiulia\\\/vineri-14-octombrie-2022-ora-13-00-la-sala-unirii-va-avea-loc-vernisajul-expozitiei-incoronarea-regilor-romaniei-mari\\\/\"},\"author\":{\"name\":\"Redac\u021bia UrbeaMea\",\"@id\":\"https:\\\/\\\/urbeamea.ro\\\/albaiulia\\\/#\\\/schema\\\/person\\\/272ae98052f8ee8980f59848df070247\"},\"headline\":\"Vineri, 14 octombrie 2022, ora 13.00, la Sala Unirii va avea loc vernisajul expozi\u021biei \u00cencoronarea Regilor Rom\u00e2niei Mari\",\"datePublished\":\"2022-10-13T10:33:54+00:00\",\"dateModified\":\"2022-10-13T10:33:55+00:00\",\"mainEntityOfPage\":{\"@id\":\"https:\\\/\\\/urbeamea.ro\\\/albaiulia\\\/vineri-14-octombrie-2022-ora-13-00-la-sala-unirii-va-avea-loc-vernisajul-expozitiei-incoronarea-regilor-romaniei-mari\\\/\"},\"wordCount\":395,\"commentCount\":0,\"image\":{\"@id\":\"https:\\\/\\\/urbeamea.ro\\\/albaiulia\\\/vineri-14-octombrie-2022-ora-13-00-la-sala-unirii-va-avea-loc-vernisajul-expozitiei-incoronarea-regilor-romaniei-mari\\\/#primaryimage\"},\"thumbnailUrl\":\"https:\\\/\\\/urbeamea.ro\\\/albaiulia\\\/wp-content\\\/uploads\\\/2022\\\/10\\\/afis-2.jpg\",\"keywords\":[\"centenarul incoronarii\",\"Regele Ferdinand \u0219i Regina Maria\",\"sala unirii din alba iulia\"],\"articleSection\":[\"Evenimente\"],\"inLanguage\":\"ro-RO\",\"potentialAction\":[{\"@type\":\"CommentAction\",\"name\":\"Comment\",\"target\":[\"https:\\\/\\\/urbeamea.ro\\\/albaiulia\\\/vineri-14-octombrie-2022-ora-13-00-la-sala-unirii-va-avea-loc-vernisajul-expozitiei-incoronarea-regilor-romaniei-mari\\\/#respond\"]}]},{\"@type\":\"WebPage\",\"@id\":\"https:\\\/\\\/urbeamea.ro\\\/albaiulia\\\/vineri-14-octombrie-2022-ora-13-00-la-sala-unirii-va-avea-loc-vernisajul-expozitiei-incoronarea-regilor-romaniei-mari\\\/\",\"url\":\"https:\\\/\\\/urbeamea.ro\\\/albaiulia\\\/vineri-14-octombrie-2022-ora-13-00-la-sala-unirii-va-avea-loc-vernisajul-expozitiei-incoronarea-regilor-romaniei-mari\\\/\",\"name\":\"Vineri, 14 octombrie 2022, ora 13.00, la Sala Unirii va avea loc vernisajul expozi\u021biei \u00cencoronarea Regilor Rom\u00e2niei Mari - Revista Urbea Mea - Revista de Alba\",\"isPartOf\":{\"@id\":\"https:\\\/\\\/urbeamea.ro\\\/albaiulia\\\/#website\"},\"primaryImageOfPage\":{\"@id\":\"https:\\\/\\\/urbeamea.ro\\\/albaiulia\\\/vineri-14-octombrie-2022-ora-13-00-la-sala-unirii-va-avea-loc-vernisajul-expozitiei-incoronarea-regilor-romaniei-mari\\\/#primaryimage\"},\"image\":{\"@id\":\"https:\\\/\\\/urbeamea.ro\\\/albaiulia\\\/vineri-14-octombrie-2022-ora-13-00-la-sala-unirii-va-avea-loc-vernisajul-expozitiei-incoronarea-regilor-romaniei-mari\\\/#primaryimage\"},\"thumbnailUrl\":\"https:\\\/\\\/urbeamea.ro\\\/albaiulia\\\/wp-content\\\/uploads\\\/2022\\\/10\\\/afis-2.jpg\",\"datePublished\":\"2022-10-13T10:33:54+00:00\",\"dateModified\":\"2022-10-13T10:33:55+00:00\",\"author\":{\"@id\":\"https:\\\/\\\/urbeamea.ro\\\/albaiulia\\\/#\\\/schema\\\/person\\\/272ae98052f8ee8980f59848df070247\"},\"description\":\"Vineri, 14 octombrie 2022, ora 13.00, la Sala Unirii va avea loc vernisajul expozi\u021biei \u00cencoronarea Regilor Rom\u00e2niei Mari \u00een Arhivele Diplomatice ale\",\"breadcrumb\":{\"@id\":\"https:\\\/\\\/urbeamea.ro\\\/albaiulia\\\/vineri-14-octombrie-2022-ora-13-00-la-sala-unirii-va-avea-loc-vernisajul-expozitiei-incoronarea-regilor-romaniei-mari\\\/#breadcrumb\"},\"inLanguage\":\"ro-RO\",\"potentialAction\":[{\"@type\":\"ReadAction\",\"target\":[\"https:\\\/\\\/urbeamea.ro\\\/albaiulia\\\/vineri-14-octombrie-2022-ora-13-00-la-sala-unirii-va-avea-loc-vernisajul-expozitiei-incoronarea-regilor-romaniei-mari\\\/\"]}]},{\"@type\":\"ImageObject\",\"inLanguage\":\"ro-RO\",\"@id\":\"https:\\\/\\\/urbeamea.ro\\\/albaiulia\\\/vineri-14-octombrie-2022-ora-13-00-la-sala-unirii-va-avea-loc-vernisajul-expozitiei-incoronarea-regilor-romaniei-mari\\\/#primaryimage\",\"url\":\"https:\\\/\\\/urbeamea.ro\\\/albaiulia\\\/wp-content\\\/uploads\\\/2022\\\/10\\\/afis-2.jpg\",\"contentUrl\":\"https:\\\/\\\/urbeamea.ro\\\/albaiulia\\\/wp-content\\\/uploads\\\/2022\\\/10\\\/afis-2.jpg\",\"width\":1131,\"height\":1600},{\"@type\":\"BreadcrumbList\",\"@id\":\"https:\\\/\\\/urbeamea.ro\\\/albaiulia\\\/vineri-14-octombrie-2022-ora-13-00-la-sala-unirii-va-avea-loc-vernisajul-expozitiei-incoronarea-regilor-romaniei-mari\\\/#breadcrumb\",\"itemListElement\":[{\"@type\":\"ListItem\",\"position\":1,\"name\":\"Prima pagin\u0103\",\"item\":\"https:\\\/\\\/urbeamea.ro\\\/albaiulia\\\/\"},{\"@type\":\"ListItem\",\"position\":2,\"name\":\"Vineri, 14 octombrie 2022, ora 13.00, la Sala Unirii va avea loc vernisajul expozi\u021biei \u00cencoronarea Regilor Rom\u00e2niei Mari\"}]},{\"@type\":\"WebSite\",\"@id\":\"https:\\\/\\\/urbeamea.ro\\\/albaiulia\\\/#website\",\"url\":\"https:\\\/\\\/urbeamea.ro\\\/albaiulia\\\/\",\"name\":\"Revista Urbea Mea, Stiri urbane\",\"description\":\"Evenimente \u0219i \u0219tiri din Alba Iulia, Sebe\u0219, Aiud, Blaj\",\"potentialAction\":[{\"@type\":\"SearchAction\",\"target\":{\"@type\":\"EntryPoint\",\"urlTemplate\":\"https:\\\/\\\/urbeamea.ro\\\/albaiulia\\\/?s={search_term_string}\"},\"query-input\":{\"@type\":\"PropertyValueSpecification\",\"valueRequired\":true,\"valueName\":\"search_term_string\"}}],\"inLanguage\":\"ro-RO\"},{\"@type\":\"Person\",\"@id\":\"https:\\\/\\\/urbeamea.ro\\\/albaiulia\\\/#\\\/schema\\\/person\\\/272ae98052f8ee8980f59848df070247\",\"name\":\"Redac\u021bia UrbeaMea\",\"image\":{\"@type\":\"ImageObject\",\"inLanguage\":\"ro-RO\",\"@id\":\"https:\\\/\\\/secure.gravatar.com\\\/avatar\\\/9ce5a9435071fa1037e8468053ead8e513dbbff59009d3069aadb85506d85a27?s=96&d=mm&r=g\",\"url\":\"https:\\\/\\\/secure.gravatar.com\\\/avatar\\\/9ce5a9435071fa1037e8468053ead8e513dbbff59009d3069aadb85506d85a27?s=96&d=mm&r=g\",\"contentUrl\":\"https:\\\/\\\/secure.gravatar.com\\\/avatar\\\/9ce5a9435071fa1037e8468053ead8e513dbbff59009d3069aadb85506d85a27?s=96&d=mm&r=g\",\"caption\":\"Redac\u021bia UrbeaMea\"},\"description\":\"contact@urbeamea.ro\",\"sameAs\":[\"https:\\\/\\\/www.urbeamea.ro\"],\"url\":\"https:\\\/\\\/urbeamea.ro\\\/albaiulia\\\/author\\\/redactia-urbeamea\\\/\"}]}<\/script>\n<!-- \/ Yoast SEO plugin. -->","yoast_head_json":{"title":"Vineri, 14 octombrie 2022, ora 13.00, la Sala Unirii va avea loc vernisajul expozi\u021biei \u00cencoronarea Regilor Rom\u00e2niei Mari - Revista Urbea Mea - Revista de Alba","description":"Vineri, 14 octombrie 2022, ora 13.00, la Sala Unirii va avea loc vernisajul expozi\u021biei \u00cencoronarea Regilor Rom\u00e2niei Mari \u00een Arhivele Diplomatice ale","robots":{"index":"index","follow":"follow","max-snippet":"max-snippet:-1","max-image-preview":"max-image-preview:large","max-video-preview":"max-video-preview:-1"},"canonical":"https:\/\/urbeamea.ro\/albaiulia\/vineri-14-octombrie-2022-ora-13-00-la-sala-unirii-va-avea-loc-vernisajul-expozitiei-incoronarea-regilor-romaniei-mari\/","twitter_card":"summary_large_image","twitter_title":"Vineri, 14 octombrie 2022, ora 13.00, la Sala Unirii va avea loc vernisajul expozi\u021biei \u00cencoronarea Regilor Rom\u00e2niei Mari - Revista Urbea Mea - Revista de Alba","twitter_description":"Vineri, 14 octombrie 2022, ora 13.00, la Sala Unirii va avea loc vernisajul expozi\u021biei \u00cencoronarea Regilor Rom\u00e2niei Mari \u00een Arhivele Diplomatice ale","twitter_image":"https:\/\/urbeamea.ro\/albaiulia\/wp-content\/uploads\/2022\/10\/afis-2.jpg","twitter_creator":"@urbeameaweb","twitter_site":"@urbeameaweb","schema":{"@context":"https:\/\/schema.org","@graph":[{"@type":"Article","@id":"https:\/\/urbeamea.ro\/albaiulia\/vineri-14-octombrie-2022-ora-13-00-la-sala-unirii-va-avea-loc-vernisajul-expozitiei-incoronarea-regilor-romaniei-mari\/#article","isPartOf":{"@id":"https:\/\/urbeamea.ro\/albaiulia\/vineri-14-octombrie-2022-ora-13-00-la-sala-unirii-va-avea-loc-vernisajul-expozitiei-incoronarea-regilor-romaniei-mari\/"},"author":{"name":"Redac\u021bia UrbeaMea","@id":"https:\/\/urbeamea.ro\/albaiulia\/#\/schema\/person\/272ae98052f8ee8980f59848df070247"},"headline":"Vineri, 14 octombrie 2022, ora 13.00, la Sala Unirii va avea loc vernisajul expozi\u021biei \u00cencoronarea Regilor Rom\u00e2niei Mari","datePublished":"2022-10-13T10:33:54+00:00","dateModified":"2022-10-13T10:33:55+00:00","mainEntityOfPage":{"@id":"https:\/\/urbeamea.ro\/albaiulia\/vineri-14-octombrie-2022-ora-13-00-la-sala-unirii-va-avea-loc-vernisajul-expozitiei-incoronarea-regilor-romaniei-mari\/"},"wordCount":395,"commentCount":0,"image":{"@id":"https:\/\/urbeamea.ro\/albaiulia\/vineri-14-octombrie-2022-ora-13-00-la-sala-unirii-va-avea-loc-vernisajul-expozitiei-incoronarea-regilor-romaniei-mari\/#primaryimage"},"thumbnailUrl":"https:\/\/urbeamea.ro\/albaiulia\/wp-content\/uploads\/2022\/10\/afis-2.jpg","keywords":["centenarul incoronarii","Regele Ferdinand \u0219i Regina Maria","sala unirii din alba iulia"],"articleSection":["Evenimente"],"inLanguage":"ro-RO","potentialAction":[{"@type":"CommentAction","name":"Comment","target":["https:\/\/urbeamea.ro\/albaiulia\/vineri-14-octombrie-2022-ora-13-00-la-sala-unirii-va-avea-loc-vernisajul-expozitiei-incoronarea-regilor-romaniei-mari\/#respond"]}]},{"@type":"WebPage","@id":"https:\/\/urbeamea.ro\/albaiulia\/vineri-14-octombrie-2022-ora-13-00-la-sala-unirii-va-avea-loc-vernisajul-expozitiei-incoronarea-regilor-romaniei-mari\/","url":"https:\/\/urbeamea.ro\/albaiulia\/vineri-14-octombrie-2022-ora-13-00-la-sala-unirii-va-avea-loc-vernisajul-expozitiei-incoronarea-regilor-romaniei-mari\/","name":"Vineri, 14 octombrie 2022, ora 13.00, la Sala Unirii va avea loc vernisajul expozi\u021biei \u00cencoronarea Regilor Rom\u00e2niei Mari - Revista Urbea Mea - Revista de Alba","isPartOf":{"@id":"https:\/\/urbeamea.ro\/albaiulia\/#website"},"primaryImageOfPage":{"@id":"https:\/\/urbeamea.ro\/albaiulia\/vineri-14-octombrie-2022-ora-13-00-la-sala-unirii-va-avea-loc-vernisajul-expozitiei-incoronarea-regilor-romaniei-mari\/#primaryimage"},"image":{"@id":"https:\/\/urbeamea.ro\/albaiulia\/vineri-14-octombrie-2022-ora-13-00-la-sala-unirii-va-avea-loc-vernisajul-expozitiei-incoronarea-regilor-romaniei-mari\/#primaryimage"},"thumbnailUrl":"https:\/\/urbeamea.ro\/albaiulia\/wp-content\/uploads\/2022\/10\/afis-2.jpg","datePublished":"2022-10-13T10:33:54+00:00","dateModified":"2022-10-13T10:33:55+00:00","author":{"@id":"https:\/\/urbeamea.ro\/albaiulia\/#\/schema\/person\/272ae98052f8ee8980f59848df070247"},"description":"Vineri, 14 octombrie 2022, ora 13.00, la Sala Unirii va avea loc vernisajul expozi\u021biei \u00cencoronarea Regilor Rom\u00e2niei Mari \u00een Arhivele Diplomatice ale","breadcrumb":{"@id":"https:\/\/urbeamea.ro\/albaiulia\/vineri-14-octombrie-2022-ora-13-00-la-sala-unirii-va-avea-loc-vernisajul-expozitiei-incoronarea-regilor-romaniei-mari\/#breadcrumb"},"inLanguage":"ro-RO","potentialAction":[{"@type":"ReadAction","target":["https:\/\/urbeamea.ro\/albaiulia\/vineri-14-octombrie-2022-ora-13-00-la-sala-unirii-va-avea-loc-vernisajul-expozitiei-incoronarea-regilor-romaniei-mari\/"]}]},{"@type":"ImageObject","inLanguage":"ro-RO","@id":"https:\/\/urbeamea.ro\/albaiulia\/vineri-14-octombrie-2022-ora-13-00-la-sala-unirii-va-avea-loc-vernisajul-expozitiei-incoronarea-regilor-romaniei-mari\/#primaryimage","url":"https:\/\/urbeamea.ro\/albaiulia\/wp-content\/uploads\/2022\/10\/afis-2.jpg","contentUrl":"https:\/\/urbeamea.ro\/albaiulia\/wp-content\/uploads\/2022\/10\/afis-2.jpg","width":1131,"height":1600},{"@type":"BreadcrumbList","@id":"https:\/\/urbeamea.ro\/albaiulia\/vineri-14-octombrie-2022-ora-13-00-la-sala-unirii-va-avea-loc-vernisajul-expozitiei-incoronarea-regilor-romaniei-mari\/#breadcrumb","itemListElement":[{"@type":"ListItem","position":1,"name":"Prima pagin\u0103","item":"https:\/\/urbeamea.ro\/albaiulia\/"},{"@type":"ListItem","position":2,"name":"Vineri, 14 octombrie 2022, ora 13.00, la Sala Unirii va avea loc vernisajul expozi\u021biei \u00cencoronarea Regilor Rom\u00e2niei Mari"}]},{"@type":"WebSite","@id":"https:\/\/urbeamea.ro\/albaiulia\/#website","url":"https:\/\/urbeamea.ro\/albaiulia\/","name":"Revista Urbea Mea, Stiri urbane","description":"Evenimente \u0219i \u0219tiri din Alba Iulia, Sebe\u0219, Aiud, Blaj","potentialAction":[{"@type":"SearchAction","target":{"@type":"EntryPoint","urlTemplate":"https:\/\/urbeamea.ro\/albaiulia\/?s={search_term_string}"},"query-input":{"@type":"PropertyValueSpecification","valueRequired":true,"valueName":"search_term_string"}}],"inLanguage":"ro-RO"},{"@type":"Person","@id":"https:\/\/urbeamea.ro\/albaiulia\/#\/schema\/person\/272ae98052f8ee8980f59848df070247","name":"Redac\u021bia UrbeaMea","image":{"@type":"ImageObject","inLanguage":"ro-RO","@id":"https:\/\/secure.gravatar.com\/avatar\/9ce5a9435071fa1037e8468053ead8e513dbbff59009d3069aadb85506d85a27?s=96&d=mm&r=g","url":"https:\/\/secure.gravatar.com\/avatar\/9ce5a9435071fa1037e8468053ead8e513dbbff59009d3069aadb85506d85a27?s=96&d=mm&r=g","contentUrl":"https:\/\/secure.gravatar.com\/avatar\/9ce5a9435071fa1037e8468053ead8e513dbbff59009d3069aadb85506d85a27?s=96&d=mm&r=g","caption":"Redac\u021bia UrbeaMea"},"description":"contact@urbeamea.ro","sameAs":["https:\/\/www.urbeamea.ro"],"url":"https:\/\/urbeamea.ro\/albaiulia\/author\/redactia-urbeamea\/"}]}},"_links":{"self":[{"href":"https:\/\/urbeamea.ro\/albaiulia\/wp-json\/wp\/v2\/posts\/104617","targetHints":{"allow":["GET"]}}],"collection":[{"href":"https:\/\/urbeamea.ro\/albaiulia\/wp-json\/wp\/v2\/posts"}],"about":[{"href":"https:\/\/urbeamea.ro\/albaiulia\/wp-json\/wp\/v2\/types\/post"}],"author":[{"embeddable":true,"href":"https:\/\/urbeamea.ro\/albaiulia\/wp-json\/wp\/v2\/users\/16"}],"replies":[{"embeddable":true,"href":"https:\/\/urbeamea.ro\/albaiulia\/wp-json\/wp\/v2\/comments?post=104617"}],"version-history":[{"count":1,"href":"https:\/\/urbeamea.ro\/albaiulia\/wp-json\/wp\/v2\/posts\/104617\/revisions"}],"predecessor-version":[{"id":104619,"href":"https:\/\/urbeamea.ro\/albaiulia\/wp-json\/wp\/v2\/posts\/104617\/revisions\/104619"}],"wp:featuredmedia":[{"embeddable":true,"href":"https:\/\/urbeamea.ro\/albaiulia\/wp-json\/wp\/v2\/media\/104618"}],"wp:attachment":[{"href":"https:\/\/urbeamea.ro\/albaiulia\/wp-json\/wp\/v2\/media?parent=104617"}],"wp:term":[{"taxonomy":"category","embeddable":true,"href":"https:\/\/urbeamea.ro\/albaiulia\/wp-json\/wp\/v2\/categories?post=104617"},{"taxonomy":"post_tag","embeddable":true,"href":"https:\/\/urbeamea.ro\/albaiulia\/wp-json\/wp\/v2\/tags?post=104617"}],"curies":[{"name":"wp","href":"https:\/\/api.w.org\/{rel}","templated":true}]}}