{"id":104717,"date":"2022-10-19T20:12:39","date_gmt":"2022-10-19T17:12:39","guid":{"rendered":"https:\/\/urbeamea.ro\/albaiulia\/?p=104717"},"modified":"2022-10-19T22:37:52","modified_gmt":"2022-10-19T19:37:52","slug":"toamna-a-imbracat-in-culori-si-miresme-curtea-gradinitei-program-prelungit-nr-9-din-alba-iulia","status":"publish","type":"post","link":"https:\/\/urbeamea.ro\/albaiulia\/toamna-a-imbracat-in-culori-si-miresme-curtea-gradinitei-program-prelungit-nr-9-din-alba-iulia\/","title":{"rendered":"Toamna a \u00eembr\u0103cat \u00een culori \u0219i miresme curtea Gr\u0103dini\u021bei cu program prelungit nr. 9 din Alba Iulia"},"content":{"rendered":"\n<h3 class=\"wp-block-heading\">Toamna nu a \u00eent\u00e2rziat s\u0103 apar\u0103 la Gr\u0103dini\u021ba cu program prelungit nr. 9 din Alba Iulia. Zeci de copii au \u00eembr\u0103cat \u00een culori \u0219i miresme curtea gr\u0103dini\u021bei \u00een decorurile toamnei.<\/h3>\n\n\n\n<p>\u00cen preg\u0103tirile pentru desf\u0103\u0219urarea festivit\u0103\u021bii au fost implica\u021bi to\u021bi copiii, de la mic la mare, iar rezultatele nu au \u00eent\u00e2rziat s\u0103 apar\u0103. La ateliere s-au confec\u021bionat decoruri, lampioane, tablouri, dovlecei \u0219i numai \u00een echip\u0103: p\u0103rinte-copil. <\/p>\n\n\n\n<p>Au r\u0103sunat \u0219i c\u00e2ntece, poezii \u0219i dansuri tematice, toate despre \u0219i pentru anotimpul at\u00e2t de bogat \u0219i colorat: <strong>Toamna<\/strong>! Toate aceste activit\u0103\u021bi au fost g\u00e2ndite \u0219i concepute pentru a petrece timp de calitate al\u0103turi de copii \u0219i p\u0103rin\u021bi, a socializa \u0219i a ne bucura \u00eempreun\u0103 de minunatele daruri ale toamnei.<\/p>\n\n\n\n<p>Mai jos reg\u0103si\u021bi o frumoas\u0103 galerie foto cu copila\u0219ii gr\u0103dini\u021bei al\u0103turi de educatoare \u0219i manoperele lor:<\/p>\n\n\n\n<figure class=\"wp-block-gallery has-nested-images columns-default is-cropped wp-block-gallery-1 is-layout-flex wp-block-gallery-is-layout-flex\">\n<figure class=\"wp-block-image size-large\"><a href=\"https:\/\/urbeamea.ro\/albaiulia\/wp-content\/uploads\/2022\/10\/311906084_419844680317837_2470490741126983564_n.jpg\"><img loading=\"lazy\" decoding=\"async\" width=\"970\" height=\"1280\" data-id=\"104747\" src=\"https:\/\/urbeamea.ro\/albaiulia\/wp-content\/uploads\/2022\/10\/311906084_419844680317837_2470490741126983564_n-970x1280.jpg\" alt=\"\" class=\"wp-image-104747\" srcset=\"https:\/\/urbeamea.ro\/albaiulia\/wp-content\/uploads\/2022\/10\/311906084_419844680317837_2470490741126983564_n-970x1280.jpg 970w, https:\/\/urbeamea.ro\/albaiulia\/wp-content\/uploads\/2022\/10\/311906084_419844680317837_2470490741126983564_n-485x640.jpg 485w, https:\/\/urbeamea.ro\/albaiulia\/wp-content\/uploads\/2022\/10\/311906084_419844680317837_2470490741126983564_n-114x150.jpg 114w, https:\/\/urbeamea.ro\/albaiulia\/wp-content\/uploads\/2022\/10\/311906084_419844680317837_2470490741126983564_n-768x1013.jpg 768w, https:\/\/urbeamea.ro\/albaiulia\/wp-content\/uploads\/2022\/10\/311906084_419844680317837_2470490741126983564_n-1164x1536.jpg 1164w, https:\/\/urbeamea.ro\/albaiulia\/wp-content\/uploads\/2022\/10\/311906084_419844680317837_2470490741126983564_n.jpg 1213w\" sizes=\"auto, (max-width: 970px) 100vw, 970px\" \/><\/a><\/figure>\n\n\n\n<figure class=\"wp-block-image size-large\"><a href=\"https:\/\/urbeamea.ro\/albaiulia\/wp-content\/uploads\/2022\/10\/309697331_5212832652161751_1073163511302760076_n.jpg\"><img loading=\"lazy\" decoding=\"async\" width=\"960\" height=\"1280\" data-id=\"104742\" src=\"https:\/\/urbeamea.ro\/albaiulia\/wp-content\/uploads\/2022\/10\/309697331_5212832652161751_1073163511302760076_n-960x1280.jpg\" alt=\"\" class=\"wp-image-104742\" srcset=\"https:\/\/urbeamea.ro\/albaiulia\/wp-content\/uploads\/2022\/10\/309697331_5212832652161751_1073163511302760076_n-960x1280.jpg 960w, https:\/\/urbeamea.ro\/albaiulia\/wp-content\/uploads\/2022\/10\/309697331_5212832652161751_1073163511302760076_n-480x640.jpg 480w, https:\/\/urbeamea.ro\/albaiulia\/wp-content\/uploads\/2022\/10\/309697331_5212832652161751_1073163511302760076_n-113x150.jpg 113w, https:\/\/urbeamea.ro\/albaiulia\/wp-content\/uploads\/2022\/10\/309697331_5212832652161751_1073163511302760076_n-768x1024.jpg 768w, https:\/\/urbeamea.ro\/albaiulia\/wp-content\/uploads\/2022\/10\/309697331_5212832652161751_1073163511302760076_n-1152x1536.jpg 1152w, https:\/\/urbeamea.ro\/albaiulia\/wp-content\/uploads\/2022\/10\/309697331_5212832652161751_1073163511302760076_n.jpg 1512w\" sizes=\"auto, (max-width: 960px) 100vw, 960px\" \/><\/a><\/figure>\n\n\n\n<figure class=\"wp-block-image size-large\"><a href=\"https:\/\/urbeamea.ro\/albaiulia\/wp-content\/uploads\/2022\/10\/312137280_865679144845719_3719811852392675698_n.jpg\"><img loading=\"lazy\" decoding=\"async\" width=\"1280\" height=\"1280\" data-id=\"104743\" src=\"https:\/\/urbeamea.ro\/albaiulia\/wp-content\/uploads\/2022\/10\/312137280_865679144845719_3719811852392675698_n-1280x1280.jpg\" alt=\"\" class=\"wp-image-104743\" srcset=\"https:\/\/urbeamea.ro\/albaiulia\/wp-content\/uploads\/2022\/10\/312137280_865679144845719_3719811852392675698_n-1280x1280.jpg 1280w, https:\/\/urbeamea.ro\/albaiulia\/wp-content\/uploads\/2022\/10\/312137280_865679144845719_3719811852392675698_n-640x640.jpg 640w, https:\/\/urbeamea.ro\/albaiulia\/wp-content\/uploads\/2022\/10\/312137280_865679144845719_3719811852392675698_n-150x150.jpg 150w, https:\/\/urbeamea.ro\/albaiulia\/wp-content\/uploads\/2022\/10\/312137280_865679144845719_3719811852392675698_n-768x768.jpg 768w, https:\/\/urbeamea.ro\/albaiulia\/wp-content\/uploads\/2022\/10\/312137280_865679144845719_3719811852392675698_n-1536x1536.jpg 1536w, https:\/\/urbeamea.ro\/albaiulia\/wp-content\/uploads\/2022\/10\/312137280_865679144845719_3719811852392675698_n.jpg 2048w\" sizes=\"auto, (max-width: 1280px) 100vw, 1280px\" \/><\/a><\/figure>\n\n\n\n<figure class=\"wp-block-image size-large\"><a href=\"https:\/\/urbeamea.ro\/albaiulia\/wp-content\/uploads\/2022\/10\/311947354_1081450622515994_6765593780213163534_n.jpg\"><img loading=\"lazy\" decoding=\"async\" width=\"1280\" height=\"1280\" data-id=\"104739\" src=\"https:\/\/urbeamea.ro\/albaiulia\/wp-content\/uploads\/2022\/10\/311947354_1081450622515994_6765593780213163534_n-1280x1280.jpg\" alt=\"\" class=\"wp-image-104739\" srcset=\"https:\/\/urbeamea.ro\/albaiulia\/wp-content\/uploads\/2022\/10\/311947354_1081450622515994_6765593780213163534_n-1280x1280.jpg 1280w, https:\/\/urbeamea.ro\/albaiulia\/wp-content\/uploads\/2022\/10\/311947354_1081450622515994_6765593780213163534_n-640x640.jpg 640w, https:\/\/urbeamea.ro\/albaiulia\/wp-content\/uploads\/2022\/10\/311947354_1081450622515994_6765593780213163534_n-150x150.jpg 150w, https:\/\/urbeamea.ro\/albaiulia\/wp-content\/uploads\/2022\/10\/311947354_1081450622515994_6765593780213163534_n-768x768.jpg 768w, https:\/\/urbeamea.ro\/albaiulia\/wp-content\/uploads\/2022\/10\/311947354_1081450622515994_6765593780213163534_n-1536x1536.jpg 1536w, https:\/\/urbeamea.ro\/albaiulia\/wp-content\/uploads\/2022\/10\/311947354_1081450622515994_6765593780213163534_n.jpg 2048w\" sizes=\"auto, (max-width: 1280px) 100vw, 1280px\" \/><\/a><\/figure>\n\n\n\n<figure class=\"wp-block-image size-large\"><a href=\"https:\/\/urbeamea.ro\/albaiulia\/wp-content\/uploads\/2022\/10\/311951205_858206645534832_2457972990848794761_n.jpg\"><img loading=\"lazy\" decoding=\"async\" width=\"1280\" height=\"1280\" data-id=\"104736\" src=\"https:\/\/urbeamea.ro\/albaiulia\/wp-content\/uploads\/2022\/10\/311951205_858206645534832_2457972990848794761_n-1280x1280.jpg\" alt=\"\" class=\"wp-image-104736\" srcset=\"https:\/\/urbeamea.ro\/albaiulia\/wp-content\/uploads\/2022\/10\/311951205_858206645534832_2457972990848794761_n-1280x1280.jpg 1280w, https:\/\/urbeamea.ro\/albaiulia\/wp-content\/uploads\/2022\/10\/311951205_858206645534832_2457972990848794761_n-640x640.jpg 640w, https:\/\/urbeamea.ro\/albaiulia\/wp-content\/uploads\/2022\/10\/311951205_858206645534832_2457972990848794761_n-150x150.jpg 150w, https:\/\/urbeamea.ro\/albaiulia\/wp-content\/uploads\/2022\/10\/311951205_858206645534832_2457972990848794761_n-768x768.jpg 768w, https:\/\/urbeamea.ro\/albaiulia\/wp-content\/uploads\/2022\/10\/311951205_858206645534832_2457972990848794761_n-1536x1536.jpg 1536w, https:\/\/urbeamea.ro\/albaiulia\/wp-content\/uploads\/2022\/10\/311951205_858206645534832_2457972990848794761_n.jpg 2048w\" sizes=\"auto, (max-width: 1280px) 100vw, 1280px\" \/><\/a><\/figure>\n\n\n\n<figure class=\"wp-block-image size-large\"><a href=\"https:\/\/urbeamea.ro\/albaiulia\/wp-content\/uploads\/2022\/10\/312158629_1108037680082323_4268192985968188500_n.jpg\"><img loading=\"lazy\" decoding=\"async\" width=\"1280\" height=\"1280\" data-id=\"104740\" src=\"https:\/\/urbeamea.ro\/albaiulia\/wp-content\/uploads\/2022\/10\/312158629_1108037680082323_4268192985968188500_n-1280x1280.jpg\" alt=\"\" class=\"wp-image-104740\" srcset=\"https:\/\/urbeamea.ro\/albaiulia\/wp-content\/uploads\/2022\/10\/312158629_1108037680082323_4268192985968188500_n-1280x1280.jpg 1280w, https:\/\/urbeamea.ro\/albaiulia\/wp-content\/uploads\/2022\/10\/312158629_1108037680082323_4268192985968188500_n-640x640.jpg 640w, https:\/\/urbeamea.ro\/albaiulia\/wp-content\/uploads\/2022\/10\/312158629_1108037680082323_4268192985968188500_n-150x150.jpg 150w, https:\/\/urbeamea.ro\/albaiulia\/wp-content\/uploads\/2022\/10\/312158629_1108037680082323_4268192985968188500_n-768x768.jpg 768w, https:\/\/urbeamea.ro\/albaiulia\/wp-content\/uploads\/2022\/10\/312158629_1108037680082323_4268192985968188500_n-1536x1536.jpg 1536w, https:\/\/urbeamea.ro\/albaiulia\/wp-content\/uploads\/2022\/10\/312158629_1108037680082323_4268192985968188500_n.jpg 2048w\" sizes=\"auto, (max-width: 1280px) 100vw, 1280px\" \/><\/a><\/figure>\n\n\n\n<figure class=\"wp-block-image size-large\"><a href=\"https:\/\/urbeamea.ro\/albaiulia\/wp-content\/uploads\/2022\/10\/312218099_777138103347780_2521168963917358015_n.jpg\"><img loading=\"lazy\" decoding=\"async\" width=\"1280\" height=\"1280\" data-id=\"104737\" src=\"https:\/\/urbeamea.ro\/albaiulia\/wp-content\/uploads\/2022\/10\/312218099_777138103347780_2521168963917358015_n-1280x1280.jpg\" alt=\"\" class=\"wp-image-104737\" srcset=\"https:\/\/urbeamea.ro\/albaiulia\/wp-content\/uploads\/2022\/10\/312218099_777138103347780_2521168963917358015_n-1280x1280.jpg 1280w, https:\/\/urbeamea.ro\/albaiulia\/wp-content\/uploads\/2022\/10\/312218099_777138103347780_2521168963917358015_n-640x640.jpg 640w, https:\/\/urbeamea.ro\/albaiulia\/wp-content\/uploads\/2022\/10\/312218099_777138103347780_2521168963917358015_n-150x150.jpg 150w, https:\/\/urbeamea.ro\/albaiulia\/wp-content\/uploads\/2022\/10\/312218099_777138103347780_2521168963917358015_n-768x768.jpg 768w, https:\/\/urbeamea.ro\/albaiulia\/wp-content\/uploads\/2022\/10\/312218099_777138103347780_2521168963917358015_n-1536x1536.jpg 1536w, https:\/\/urbeamea.ro\/albaiulia\/wp-content\/uploads\/2022\/10\/312218099_777138103347780_2521168963917358015_n.jpg 2048w\" sizes=\"auto, (max-width: 1280px) 100vw, 1280px\" \/><\/a><\/figure>\n\n\n\n<figure class=\"wp-block-image size-large\"><a href=\"https:\/\/urbeamea.ro\/albaiulia\/wp-content\/uploads\/2022\/10\/312187262_1173513823583880_98214157592571652_n.jpg\"><img loading=\"lazy\" decoding=\"async\" width=\"1280\" height=\"1280\" data-id=\"104733\" src=\"https:\/\/urbeamea.ro\/albaiulia\/wp-content\/uploads\/2022\/10\/312187262_1173513823583880_98214157592571652_n-1280x1280.jpg\" alt=\"\" class=\"wp-image-104733\" srcset=\"https:\/\/urbeamea.ro\/albaiulia\/wp-content\/uploads\/2022\/10\/312187262_1173513823583880_98214157592571652_n-1280x1280.jpg 1280w, https:\/\/urbeamea.ro\/albaiulia\/wp-content\/uploads\/2022\/10\/312187262_1173513823583880_98214157592571652_n-640x640.jpg 640w, https:\/\/urbeamea.ro\/albaiulia\/wp-content\/uploads\/2022\/10\/312187262_1173513823583880_98214157592571652_n-150x150.jpg 150w, https:\/\/urbeamea.ro\/albaiulia\/wp-content\/uploads\/2022\/10\/312187262_1173513823583880_98214157592571652_n-768x768.jpg 768w, https:\/\/urbeamea.ro\/albaiulia\/wp-content\/uploads\/2022\/10\/312187262_1173513823583880_98214157592571652_n-1536x1536.jpg 1536w, https:\/\/urbeamea.ro\/albaiulia\/wp-content\/uploads\/2022\/10\/312187262_1173513823583880_98214157592571652_n.jpg 2048w\" sizes=\"auto, (max-width: 1280px) 100vw, 1280px\" \/><\/a><\/figure>\n\n\n\n<figure class=\"wp-block-image size-large\"><a href=\"https:\/\/urbeamea.ro\/albaiulia\/wp-content\/uploads\/2022\/10\/312230167_500714275249852_541411825344916331_n.jpg\"><img loading=\"lazy\" decoding=\"async\" width=\"1280\" height=\"1280\" data-id=\"104729\" src=\"https:\/\/urbeamea.ro\/albaiulia\/wp-content\/uploads\/2022\/10\/312230167_500714275249852_541411825344916331_n-1280x1280.jpg\" alt=\"\" class=\"wp-image-104729\" srcset=\"https:\/\/urbeamea.ro\/albaiulia\/wp-content\/uploads\/2022\/10\/312230167_500714275249852_541411825344916331_n-1280x1280.jpg 1280w, https:\/\/urbeamea.ro\/albaiulia\/wp-content\/uploads\/2022\/10\/312230167_500714275249852_541411825344916331_n-640x640.jpg 640w, https:\/\/urbeamea.ro\/albaiulia\/wp-content\/uploads\/2022\/10\/312230167_500714275249852_541411825344916331_n-150x150.jpg 150w, https:\/\/urbeamea.ro\/albaiulia\/wp-content\/uploads\/2022\/10\/312230167_500714275249852_541411825344916331_n-768x768.jpg 768w, https:\/\/urbeamea.ro\/albaiulia\/wp-content\/uploads\/2022\/10\/312230167_500714275249852_541411825344916331_n-1536x1536.jpg 1536w, https:\/\/urbeamea.ro\/albaiulia\/wp-content\/uploads\/2022\/10\/312230167_500714275249852_541411825344916331_n.jpg 2048w\" sizes=\"auto, (max-width: 1280px) 100vw, 1280px\" \/><\/a><\/figure>\n\n\n\n<figure class=\"wp-block-image size-large\"><a href=\"https:\/\/urbeamea.ro\/albaiulia\/wp-content\/uploads\/2022\/10\/311936078_867635184251334_8596895591464222257_n.jpg\"><img loading=\"lazy\" decoding=\"async\" width=\"1280\" height=\"1280\" data-id=\"104731\" src=\"https:\/\/urbeamea.ro\/albaiulia\/wp-content\/uploads\/2022\/10\/311936078_867635184251334_8596895591464222257_n-1280x1280.jpg\" alt=\"\" class=\"wp-image-104731\" srcset=\"https:\/\/urbeamea.ro\/albaiulia\/wp-content\/uploads\/2022\/10\/311936078_867635184251334_8596895591464222257_n-1280x1280.jpg 1280w, https:\/\/urbeamea.ro\/albaiulia\/wp-content\/uploads\/2022\/10\/311936078_867635184251334_8596895591464222257_n-640x640.jpg 640w, https:\/\/urbeamea.ro\/albaiulia\/wp-content\/uploads\/2022\/10\/311936078_867635184251334_8596895591464222257_n-150x150.jpg 150w, https:\/\/urbeamea.ro\/albaiulia\/wp-content\/uploads\/2022\/10\/311936078_867635184251334_8596895591464222257_n-768x768.jpg 768w, https:\/\/urbeamea.ro\/albaiulia\/wp-content\/uploads\/2022\/10\/311936078_867635184251334_8596895591464222257_n-1536x1536.jpg 1536w, https:\/\/urbeamea.ro\/albaiulia\/wp-content\/uploads\/2022\/10\/311936078_867635184251334_8596895591464222257_n.jpg 2048w\" sizes=\"auto, (max-width: 1280px) 100vw, 1280px\" \/><\/a><\/figure>\n\n\n\n<figure class=\"wp-block-image size-large\"><a href=\"https:\/\/urbeamea.ro\/albaiulia\/wp-content\/uploads\/2022\/10\/312188976_699925790975474_576261248158625707_n.jpg\"><img loading=\"lazy\" decoding=\"async\" width=\"1280\" height=\"1280\" data-id=\"104732\" src=\"https:\/\/urbeamea.ro\/albaiulia\/wp-content\/uploads\/2022\/10\/312188976_699925790975474_576261248158625707_n-1280x1280.jpg\" alt=\"\" class=\"wp-image-104732\" srcset=\"https:\/\/urbeamea.ro\/albaiulia\/wp-content\/uploads\/2022\/10\/312188976_699925790975474_576261248158625707_n-1280x1280.jpg 1280w, https:\/\/urbeamea.ro\/albaiulia\/wp-content\/uploads\/2022\/10\/312188976_699925790975474_576261248158625707_n-640x640.jpg 640w, https:\/\/urbeamea.ro\/albaiulia\/wp-content\/uploads\/2022\/10\/312188976_699925790975474_576261248158625707_n-150x150.jpg 150w, https:\/\/urbeamea.ro\/albaiulia\/wp-content\/uploads\/2022\/10\/312188976_699925790975474_576261248158625707_n-768x768.jpg 768w, https:\/\/urbeamea.ro\/albaiulia\/wp-content\/uploads\/2022\/10\/312188976_699925790975474_576261248158625707_n-1536x1536.jpg 1536w, https:\/\/urbeamea.ro\/albaiulia\/wp-content\/uploads\/2022\/10\/312188976_699925790975474_576261248158625707_n.jpg 2048w\" sizes=\"auto, (max-width: 1280px) 100vw, 1280px\" \/><\/a><\/figure>\n\n\n\n<figure class=\"wp-block-image size-large\"><a href=\"https:\/\/urbeamea.ro\/albaiulia\/wp-content\/uploads\/2022\/10\/312122086_1287927245376627_7806977167776260799_n.jpg\"><img loading=\"lazy\" decoding=\"async\" width=\"1280\" height=\"1280\" data-id=\"104730\" src=\"https:\/\/urbeamea.ro\/albaiulia\/wp-content\/uploads\/2022\/10\/312122086_1287927245376627_7806977167776260799_n-1280x1280.jpg\" alt=\"\" class=\"wp-image-104730\" srcset=\"https:\/\/urbeamea.ro\/albaiulia\/wp-content\/uploads\/2022\/10\/312122086_1287927245376627_7806977167776260799_n-1280x1280.jpg 1280w, https:\/\/urbeamea.ro\/albaiulia\/wp-content\/uploads\/2022\/10\/312122086_1287927245376627_7806977167776260799_n-640x640.jpg 640w, https:\/\/urbeamea.ro\/albaiulia\/wp-content\/uploads\/2022\/10\/312122086_1287927245376627_7806977167776260799_n-150x150.jpg 150w, https:\/\/urbeamea.ro\/albaiulia\/wp-content\/uploads\/2022\/10\/312122086_1287927245376627_7806977167776260799_n-768x768.jpg 768w, https:\/\/urbeamea.ro\/albaiulia\/wp-content\/uploads\/2022\/10\/312122086_1287927245376627_7806977167776260799_n-1536x1536.jpg 1536w, https:\/\/urbeamea.ro\/albaiulia\/wp-content\/uploads\/2022\/10\/312122086_1287927245376627_7806977167776260799_n.jpg 2048w\" sizes=\"auto, (max-width: 1280px) 100vw, 1280px\" \/><\/a><\/figure>\n\n\n\n<figure class=\"wp-block-image size-large\"><a href=\"https:\/\/urbeamea.ro\/albaiulia\/wp-content\/uploads\/2022\/10\/311947044_1144462043175419_9017590880793578903_n.jpg\"><img loading=\"lazy\" decoding=\"async\" width=\"1204\" height=\"697\" data-id=\"104720\" src=\"https:\/\/urbeamea.ro\/albaiulia\/wp-content\/uploads\/2022\/10\/311947044_1144462043175419_9017590880793578903_n.jpg\" alt=\"\" class=\"wp-image-104720\" srcset=\"https:\/\/urbeamea.ro\/albaiulia\/wp-content\/uploads\/2022\/10\/311947044_1144462043175419_9017590880793578903_n.jpg 1204w, https:\/\/urbeamea.ro\/albaiulia\/wp-content\/uploads\/2022\/10\/311947044_1144462043175419_9017590880793578903_n-640x370.jpg 640w, https:\/\/urbeamea.ro\/albaiulia\/wp-content\/uploads\/2022\/10\/311947044_1144462043175419_9017590880793578903_n-150x87.jpg 150w, https:\/\/urbeamea.ro\/albaiulia\/wp-content\/uploads\/2022\/10\/311947044_1144462043175419_9017590880793578903_n-768x445.jpg 768w\" sizes=\"auto, (max-width: 1204px) 100vw, 1204px\" \/><\/a><\/figure>\n\n\n\n<figure class=\"wp-block-image size-large\"><a href=\"https:\/\/urbeamea.ro\/albaiulia\/wp-content\/uploads\/2022\/10\/312142326_1060386347869914_8391350454601430669_n.jpg\"><img loading=\"lazy\" decoding=\"async\" width=\"970\" height=\"1280\" data-id=\"104748\" src=\"https:\/\/urbeamea.ro\/albaiulia\/wp-content\/uploads\/2022\/10\/312142326_1060386347869914_8391350454601430669_n-970x1280.jpg\" alt=\"\" class=\"wp-image-104748\" srcset=\"https:\/\/urbeamea.ro\/albaiulia\/wp-content\/uploads\/2022\/10\/312142326_1060386347869914_8391350454601430669_n-970x1280.jpg 970w, https:\/\/urbeamea.ro\/albaiulia\/wp-content\/uploads\/2022\/10\/312142326_1060386347869914_8391350454601430669_n-485x640.jpg 485w, https:\/\/urbeamea.ro\/albaiulia\/wp-content\/uploads\/2022\/10\/312142326_1060386347869914_8391350454601430669_n-114x150.jpg 114w, https:\/\/urbeamea.ro\/albaiulia\/wp-content\/uploads\/2022\/10\/312142326_1060386347869914_8391350454601430669_n-768x1013.jpg 768w, https:\/\/urbeamea.ro\/albaiulia\/wp-content\/uploads\/2022\/10\/312142326_1060386347869914_8391350454601430669_n-1164x1536.jpg 1164w, https:\/\/urbeamea.ro\/albaiulia\/wp-content\/uploads\/2022\/10\/312142326_1060386347869914_8391350454601430669_n.jpg 1213w\" sizes=\"auto, (max-width: 970px) 100vw, 970px\" \/><\/a><\/figure>\n\n\n\n<figure class=\"wp-block-image size-large\"><a href=\"https:\/\/urbeamea.ro\/albaiulia\/wp-content\/uploads\/2022\/10\/312103309_498986362132221_3713548870072289825_n.jpg\"><img loading=\"lazy\" decoding=\"async\" width=\"1280\" height=\"1280\" data-id=\"104745\" src=\"https:\/\/urbeamea.ro\/albaiulia\/wp-content\/uploads\/2022\/10\/312103309_498986362132221_3713548870072289825_n-1280x1280.jpg\" alt=\"\" class=\"wp-image-104745\" srcset=\"https:\/\/urbeamea.ro\/albaiulia\/wp-content\/uploads\/2022\/10\/312103309_498986362132221_3713548870072289825_n-1280x1280.jpg 1280w, https:\/\/urbeamea.ro\/albaiulia\/wp-content\/uploads\/2022\/10\/312103309_498986362132221_3713548870072289825_n-640x640.jpg 640w, https:\/\/urbeamea.ro\/albaiulia\/wp-content\/uploads\/2022\/10\/312103309_498986362132221_3713548870072289825_n-150x150.jpg 150w, https:\/\/urbeamea.ro\/albaiulia\/wp-content\/uploads\/2022\/10\/312103309_498986362132221_3713548870072289825_n-768x768.jpg 768w, https:\/\/urbeamea.ro\/albaiulia\/wp-content\/uploads\/2022\/10\/312103309_498986362132221_3713548870072289825_n-1536x1536.jpg 1536w, https:\/\/urbeamea.ro\/albaiulia\/wp-content\/uploads\/2022\/10\/312103309_498986362132221_3713548870072289825_n.jpg 2048w\" sizes=\"auto, (max-width: 1280px) 100vw, 1280px\" \/><\/a><\/figure>\n\n\n\n<figure class=\"wp-block-image size-large\"><a href=\"https:\/\/urbeamea.ro\/albaiulia\/wp-content\/uploads\/2022\/10\/312108086_3237761479850106_5309487924729640389_n.jpg\"><img loading=\"lazy\" decoding=\"async\" width=\"960\" height=\"1280\" data-id=\"104738\" src=\"https:\/\/urbeamea.ro\/albaiulia\/wp-content\/uploads\/2022\/10\/312108086_3237761479850106_5309487924729640389_n-960x1280.jpg\" alt=\"\" class=\"wp-image-104738\" srcset=\"https:\/\/urbeamea.ro\/albaiulia\/wp-content\/uploads\/2022\/10\/312108086_3237761479850106_5309487924729640389_n-960x1280.jpg 960w, https:\/\/urbeamea.ro\/albaiulia\/wp-content\/uploads\/2022\/10\/312108086_3237761479850106_5309487924729640389_n-480x640.jpg 480w, https:\/\/urbeamea.ro\/albaiulia\/wp-content\/uploads\/2022\/10\/312108086_3237761479850106_5309487924729640389_n-113x150.jpg 113w, https:\/\/urbeamea.ro\/albaiulia\/wp-content\/uploads\/2022\/10\/312108086_3237761479850106_5309487924729640389_n-768x1024.jpg 768w, https:\/\/urbeamea.ro\/albaiulia\/wp-content\/uploads\/2022\/10\/312108086_3237761479850106_5309487924729640389_n-1152x1536.jpg 1152w, https:\/\/urbeamea.ro\/albaiulia\/wp-content\/uploads\/2022\/10\/312108086_3237761479850106_5309487924729640389_n.jpg 1536w\" sizes=\"auto, (max-width: 960px) 100vw, 960px\" \/><\/a><\/figure>\n\n\n\n<figure class=\"wp-block-image size-large\"><a href=\"https:\/\/urbeamea.ro\/albaiulia\/wp-content\/uploads\/2022\/10\/311921242_643909740475421_2164158426934702517_n.jpg\"><img loading=\"lazy\" decoding=\"async\" width=\"1280\" height=\"1280\" data-id=\"104746\" src=\"https:\/\/urbeamea.ro\/albaiulia\/wp-content\/uploads\/2022\/10\/311921242_643909740475421_2164158426934702517_n-1280x1280.jpg\" alt=\"\" class=\"wp-image-104746\" srcset=\"https:\/\/urbeamea.ro\/albaiulia\/wp-content\/uploads\/2022\/10\/311921242_643909740475421_2164158426934702517_n-1280x1280.jpg 1280w, https:\/\/urbeamea.ro\/albaiulia\/wp-content\/uploads\/2022\/10\/311921242_643909740475421_2164158426934702517_n-640x640.jpg 640w, https:\/\/urbeamea.ro\/albaiulia\/wp-content\/uploads\/2022\/10\/311921242_643909740475421_2164158426934702517_n-150x150.jpg 150w, https:\/\/urbeamea.ro\/albaiulia\/wp-content\/uploads\/2022\/10\/311921242_643909740475421_2164158426934702517_n-768x768.jpg 768w, https:\/\/urbeamea.ro\/albaiulia\/wp-content\/uploads\/2022\/10\/311921242_643909740475421_2164158426934702517_n-1536x1536.jpg 1536w, https:\/\/urbeamea.ro\/albaiulia\/wp-content\/uploads\/2022\/10\/311921242_643909740475421_2164158426934702517_n.jpg 2048w\" sizes=\"auto, (max-width: 1280px) 100vw, 1280px\" \/><\/a><\/figure>\n\n\n\n<figure class=\"wp-block-image size-large\"><a href=\"https:\/\/urbeamea.ro\/albaiulia\/wp-content\/uploads\/2022\/10\/312140837_660341138988193_4623964818384917383_n.jpg\"><img loading=\"lazy\" decoding=\"async\" width=\"1280\" height=\"1280\" data-id=\"104741\" src=\"https:\/\/urbeamea.ro\/albaiulia\/wp-content\/uploads\/2022\/10\/312140837_660341138988193_4623964818384917383_n-1280x1280.jpg\" alt=\"\" class=\"wp-image-104741\" srcset=\"https:\/\/urbeamea.ro\/albaiulia\/wp-content\/uploads\/2022\/10\/312140837_660341138988193_4623964818384917383_n-1280x1280.jpg 1280w, https:\/\/urbeamea.ro\/albaiulia\/wp-content\/uploads\/2022\/10\/312140837_660341138988193_4623964818384917383_n-640x640.jpg 640w, https:\/\/urbeamea.ro\/albaiulia\/wp-content\/uploads\/2022\/10\/312140837_660341138988193_4623964818384917383_n-150x150.jpg 150w, https:\/\/urbeamea.ro\/albaiulia\/wp-content\/uploads\/2022\/10\/312140837_660341138988193_4623964818384917383_n-768x768.jpg 768w, https:\/\/urbeamea.ro\/albaiulia\/wp-content\/uploads\/2022\/10\/312140837_660341138988193_4623964818384917383_n-1536x1536.jpg 1536w, https:\/\/urbeamea.ro\/albaiulia\/wp-content\/uploads\/2022\/10\/312140837_660341138988193_4623964818384917383_n.jpg 2048w\" sizes=\"auto, (max-width: 1280px) 100vw, 1280px\" \/><\/a><\/figure>\n<\/figure>\n","protected":false},"excerpt":{"rendered":"<p>Toamna nu a \u00eent\u00e2rziat s\u0103 apar\u0103 la Gr\u0103dini\u021ba cu program prelungit nr. 9 din Alba Iulia. Zeci de copii au \u00eembr\u0103cat \u00een culori \u0219i miresme curtea gr\u0103dini\u021bei \u00een decorurile toamnei. \u00cen preg\u0103tirile pentru desf\u0103\u0219urarea festivit\u0103\u021bii au fost implica\u021bi to\u021bi copiii, de la mic la mare, iar rezultatele nu au \u00eent\u00e2rziat s\u0103 apar\u0103. La ateliere s-au &hellip;<\/p>\n","protected":false},"author":5,"featured_media":104736,"comment_status":"open","ping_status":"open","sticky":false,"template":"","format":"standard","meta":{"inline_featured_image":false,"footnotes":""},"categories":[2034],"tags":[],"class_list":["post-104717","post","type-post","status-publish","format-standard","has-post-thumbnail","hentry","category-social"],"yoast_head":"<!-- This site is optimized with the Yoast SEO plugin v27.4 - https:\/\/yoast.com\/product\/yoast-seo-wordpress\/ -->\n<title>Toamna a \u00eembr\u0103cat \u00een culori \u0219i miresme curtea Gr\u0103dini\u021bei cu program prelungit nr. 9 din Alba Iulia - Revista Urbea Mea - Revista de Alba<\/title>\n<meta name=\"description\" content=\"Toamna nu a \u00eent\u00e2rziat s\u0103 apar\u0103 la Gr\u0103dini\u021ba cu program prelungit nr. 9 din Alba Iulia. Zeci de copii au \u00eembr\u0103cat \u00een culori \u0219i miresme curtea gr\u0103dini\u021bei \u00een\" \/>\n<meta name=\"robots\" content=\"index, follow, max-snippet:-1, max-image-preview:large, max-video-preview:-1\" \/>\n<link rel=\"canonical\" href=\"https:\/\/urbeamea.ro\/albaiulia\/toamna-a-imbracat-in-culori-si-miresme-curtea-gradinitei-program-prelungit-nr-9-din-alba-iulia\/\" \/>\n<meta name=\"twitter:card\" content=\"summary_large_image\" \/>\n<meta name=\"twitter:title\" content=\"Toamna a \u00eembr\u0103cat \u00een culori \u0219i miresme curtea Gr\u0103dini\u021bei cu program prelungit nr. 9 din Alba Iulia - Revista Urbea Mea - Revista de Alba\" \/>\n<meta name=\"twitter:description\" content=\"Toamna nu a \u00eent\u00e2rziat s\u0103 apar\u0103 la Gr\u0103dini\u021ba cu program prelungit nr. 9 din Alba Iulia. Zeci de copii au \u00eembr\u0103cat \u00een culori \u0219i miresme curtea gr\u0103dini\u021bei \u00een\" \/>\n<meta name=\"twitter:image\" content=\"https:\/\/urbeamea.ro\/albaiulia\/wp-content\/uploads\/2022\/10\/311951205_858206645534832_2457972990848794761_n.jpg\" \/>\n<meta name=\"twitter:creator\" content=\"@urbeameaweb\" \/>\n<meta name=\"twitter:site\" content=\"@urbeameaweb\" \/>\n<script type=\"application\/ld+json\" class=\"yoast-schema-graph\">{\"@context\":\"https:\\\/\\\/schema.org\",\"@graph\":[{\"@type\":\"Article\",\"@id\":\"https:\\\/\\\/urbeamea.ro\\\/albaiulia\\\/toamna-a-imbracat-in-culori-si-miresme-curtea-gradinitei-program-prelungit-nr-9-din-alba-iulia\\\/#article\",\"isPartOf\":{\"@id\":\"https:\\\/\\\/urbeamea.ro\\\/albaiulia\\\/toamna-a-imbracat-in-culori-si-miresme-curtea-gradinitei-program-prelungit-nr-9-din-alba-iulia\\\/\"},\"author\":{\"name\":\"Bogdan P\u0103unescu\",\"@id\":\"https:\\\/\\\/urbeamea.ro\\\/albaiulia\\\/#\\\/schema\\\/person\\\/a115373ce8153754c6b084232d985956\"},\"headline\":\"Toamna a \u00eembr\u0103cat \u00een culori \u0219i miresme curtea Gr\u0103dini\u021bei cu program prelungit nr. 9 din Alba Iulia\",\"datePublished\":\"2022-10-19T17:12:39+00:00\",\"dateModified\":\"2022-10-19T19:37:52+00:00\",\"mainEntityOfPage\":{\"@id\":\"https:\\\/\\\/urbeamea.ro\\\/albaiulia\\\/toamna-a-imbracat-in-culori-si-miresme-curtea-gradinitei-program-prelungit-nr-9-din-alba-iulia\\\/\"},\"wordCount\":177,\"commentCount\":0,\"image\":{\"@id\":\"https:\\\/\\\/urbeamea.ro\\\/albaiulia\\\/toamna-a-imbracat-in-culori-si-miresme-curtea-gradinitei-program-prelungit-nr-9-din-alba-iulia\\\/#primaryimage\"},\"thumbnailUrl\":\"https:\\\/\\\/urbeamea.ro\\\/albaiulia\\\/wp-content\\\/uploads\\\/2022\\\/10\\\/311951205_858206645534832_2457972990848794761_n.jpg\",\"articleSection\":[\"Social\"],\"inLanguage\":\"ro-RO\",\"potentialAction\":[{\"@type\":\"CommentAction\",\"name\":\"Comment\",\"target\":[\"https:\\\/\\\/urbeamea.ro\\\/albaiulia\\\/toamna-a-imbracat-in-culori-si-miresme-curtea-gradinitei-program-prelungit-nr-9-din-alba-iulia\\\/#respond\"]}]},{\"@type\":\"WebPage\",\"@id\":\"https:\\\/\\\/urbeamea.ro\\\/albaiulia\\\/toamna-a-imbracat-in-culori-si-miresme-curtea-gradinitei-program-prelungit-nr-9-din-alba-iulia\\\/\",\"url\":\"https:\\\/\\\/urbeamea.ro\\\/albaiulia\\\/toamna-a-imbracat-in-culori-si-miresme-curtea-gradinitei-program-prelungit-nr-9-din-alba-iulia\\\/\",\"name\":\"Toamna a \u00eembr\u0103cat \u00een culori \u0219i miresme curtea Gr\u0103dini\u021bei cu program prelungit nr. 9 din Alba Iulia - Revista Urbea Mea - Revista de Alba\",\"isPartOf\":{\"@id\":\"https:\\\/\\\/urbeamea.ro\\\/albaiulia\\\/#website\"},\"primaryImageOfPage\":{\"@id\":\"https:\\\/\\\/urbeamea.ro\\\/albaiulia\\\/toamna-a-imbracat-in-culori-si-miresme-curtea-gradinitei-program-prelungit-nr-9-din-alba-iulia\\\/#primaryimage\"},\"image\":{\"@id\":\"https:\\\/\\\/urbeamea.ro\\\/albaiulia\\\/toamna-a-imbracat-in-culori-si-miresme-curtea-gradinitei-program-prelungit-nr-9-din-alba-iulia\\\/#primaryimage\"},\"thumbnailUrl\":\"https:\\\/\\\/urbeamea.ro\\\/albaiulia\\\/wp-content\\\/uploads\\\/2022\\\/10\\\/311951205_858206645534832_2457972990848794761_n.jpg\",\"datePublished\":\"2022-10-19T17:12:39+00:00\",\"dateModified\":\"2022-10-19T19:37:52+00:00\",\"author\":{\"@id\":\"https:\\\/\\\/urbeamea.ro\\\/albaiulia\\\/#\\\/schema\\\/person\\\/a115373ce8153754c6b084232d985956\"},\"description\":\"Toamna nu a \u00eent\u00e2rziat s\u0103 apar\u0103 la Gr\u0103dini\u021ba cu program prelungit nr. 9 din Alba Iulia. Zeci de copii au \u00eembr\u0103cat \u00een culori \u0219i miresme curtea gr\u0103dini\u021bei \u00een\",\"breadcrumb\":{\"@id\":\"https:\\\/\\\/urbeamea.ro\\\/albaiulia\\\/toamna-a-imbracat-in-culori-si-miresme-curtea-gradinitei-program-prelungit-nr-9-din-alba-iulia\\\/#breadcrumb\"},\"inLanguage\":\"ro-RO\",\"potentialAction\":[{\"@type\":\"ReadAction\",\"target\":[\"https:\\\/\\\/urbeamea.ro\\\/albaiulia\\\/toamna-a-imbracat-in-culori-si-miresme-curtea-gradinitei-program-prelungit-nr-9-din-alba-iulia\\\/\"]}]},{\"@type\":\"ImageObject\",\"inLanguage\":\"ro-RO\",\"@id\":\"https:\\\/\\\/urbeamea.ro\\\/albaiulia\\\/toamna-a-imbracat-in-culori-si-miresme-curtea-gradinitei-program-prelungit-nr-9-din-alba-iulia\\\/#primaryimage\",\"url\":\"https:\\\/\\\/urbeamea.ro\\\/albaiulia\\\/wp-content\\\/uploads\\\/2022\\\/10\\\/311951205_858206645534832_2457972990848794761_n.jpg\",\"contentUrl\":\"https:\\\/\\\/urbeamea.ro\\\/albaiulia\\\/wp-content\\\/uploads\\\/2022\\\/10\\\/311951205_858206645534832_2457972990848794761_n.jpg\",\"width\":2048,\"height\":2048},{\"@type\":\"BreadcrumbList\",\"@id\":\"https:\\\/\\\/urbeamea.ro\\\/albaiulia\\\/toamna-a-imbracat-in-culori-si-miresme-curtea-gradinitei-program-prelungit-nr-9-din-alba-iulia\\\/#breadcrumb\",\"itemListElement\":[{\"@type\":\"ListItem\",\"position\":1,\"name\":\"Prima pagin\u0103\",\"item\":\"https:\\\/\\\/urbeamea.ro\\\/albaiulia\\\/\"},{\"@type\":\"ListItem\",\"position\":2,\"name\":\"Toamna a \u00eembr\u0103cat \u00een culori \u0219i miresme curtea Gr\u0103dini\u021bei cu program prelungit nr. 9 din Alba Iulia\"}]},{\"@type\":\"WebSite\",\"@id\":\"https:\\\/\\\/urbeamea.ro\\\/albaiulia\\\/#website\",\"url\":\"https:\\\/\\\/urbeamea.ro\\\/albaiulia\\\/\",\"name\":\"Revista Urbea Mea, Stiri urbane\",\"description\":\"Evenimente \u0219i \u0219tiri din Alba Iulia, Sebe\u0219, Aiud, Blaj\",\"potentialAction\":[{\"@type\":\"SearchAction\",\"target\":{\"@type\":\"EntryPoint\",\"urlTemplate\":\"https:\\\/\\\/urbeamea.ro\\\/albaiulia\\\/?s={search_term_string}\"},\"query-input\":{\"@type\":\"PropertyValueSpecification\",\"valueRequired\":true,\"valueName\":\"search_term_string\"}}],\"inLanguage\":\"ro-RO\"},{\"@type\":\"Person\",\"@id\":\"https:\\\/\\\/urbeamea.ro\\\/albaiulia\\\/#\\\/schema\\\/person\\\/a115373ce8153754c6b084232d985956\",\"name\":\"Bogdan P\u0103unescu\",\"image\":{\"@type\":\"ImageObject\",\"inLanguage\":\"ro-RO\",\"@id\":\"https:\\\/\\\/secure.gravatar.com\\\/avatar\\\/f72aa881b5a32ea110a53aabc2049429e3ff68fcb09d283722d01fbf330e9dd9?s=96&d=mm&r=g\",\"url\":\"https:\\\/\\\/secure.gravatar.com\\\/avatar\\\/f72aa881b5a32ea110a53aabc2049429e3ff68fcb09d283722d01fbf330e9dd9?s=96&d=mm&r=g\",\"contentUrl\":\"https:\\\/\\\/secure.gravatar.com\\\/avatar\\\/f72aa881b5a32ea110a53aabc2049429e3ff68fcb09d283722d01fbf330e9dd9?s=96&d=mm&r=g\",\"caption\":\"Bogdan P\u0103unescu\"},\"description\":\"\u00cemi place tot ceea ce este legat de web \u015fi ajut la dezvoltarea \u015fi \u00eembun\u0103t\u0103\u0163irea lui prin tot ceea ce fac.\",\"sameAs\":[\"https:\\\/\\\/www.artonmedia.ro\",\"https:\\\/\\\/www.facebook.com\\\/bogdanvpaunescu\"],\"url\":\"https:\\\/\\\/urbeamea.ro\\\/albaiulia\\\/author\\\/bogdan-paunescu\\\/\"}]}<\/script>\n<!-- \/ Yoast SEO plugin. -->","yoast_head_json":{"title":"Toamna a \u00eembr\u0103cat \u00een culori \u0219i miresme curtea Gr\u0103dini\u021bei cu program prelungit nr. 9 din Alba Iulia - Revista Urbea Mea - Revista de Alba","description":"Toamna nu a \u00eent\u00e2rziat s\u0103 apar\u0103 la Gr\u0103dini\u021ba cu program prelungit nr. 9 din Alba Iulia. Zeci de copii au \u00eembr\u0103cat \u00een culori \u0219i miresme curtea gr\u0103dini\u021bei \u00een","robots":{"index":"index","follow":"follow","max-snippet":"max-snippet:-1","max-image-preview":"max-image-preview:large","max-video-preview":"max-video-preview:-1"},"canonical":"https:\/\/urbeamea.ro\/albaiulia\/toamna-a-imbracat-in-culori-si-miresme-curtea-gradinitei-program-prelungit-nr-9-din-alba-iulia\/","twitter_card":"summary_large_image","twitter_title":"Toamna a \u00eembr\u0103cat \u00een culori \u0219i miresme curtea Gr\u0103dini\u021bei cu program prelungit nr. 9 din Alba Iulia - Revista Urbea Mea - Revista de Alba","twitter_description":"Toamna nu a \u00eent\u00e2rziat s\u0103 apar\u0103 la Gr\u0103dini\u021ba cu program prelungit nr. 9 din Alba Iulia. Zeci de copii au \u00eembr\u0103cat \u00een culori \u0219i miresme curtea gr\u0103dini\u021bei \u00een","twitter_image":"https:\/\/urbeamea.ro\/albaiulia\/wp-content\/uploads\/2022\/10\/311951205_858206645534832_2457972990848794761_n.jpg","twitter_creator":"@urbeameaweb","twitter_site":"@urbeameaweb","schema":{"@context":"https:\/\/schema.org","@graph":[{"@type":"Article","@id":"https:\/\/urbeamea.ro\/albaiulia\/toamna-a-imbracat-in-culori-si-miresme-curtea-gradinitei-program-prelungit-nr-9-din-alba-iulia\/#article","isPartOf":{"@id":"https:\/\/urbeamea.ro\/albaiulia\/toamna-a-imbracat-in-culori-si-miresme-curtea-gradinitei-program-prelungit-nr-9-din-alba-iulia\/"},"author":{"name":"Bogdan P\u0103unescu","@id":"https:\/\/urbeamea.ro\/albaiulia\/#\/schema\/person\/a115373ce8153754c6b084232d985956"},"headline":"Toamna a \u00eembr\u0103cat \u00een culori \u0219i miresme curtea Gr\u0103dini\u021bei cu program prelungit nr. 9 din Alba Iulia","datePublished":"2022-10-19T17:12:39+00:00","dateModified":"2022-10-19T19:37:52+00:00","mainEntityOfPage":{"@id":"https:\/\/urbeamea.ro\/albaiulia\/toamna-a-imbracat-in-culori-si-miresme-curtea-gradinitei-program-prelungit-nr-9-din-alba-iulia\/"},"wordCount":177,"commentCount":0,"image":{"@id":"https:\/\/urbeamea.ro\/albaiulia\/toamna-a-imbracat-in-culori-si-miresme-curtea-gradinitei-program-prelungit-nr-9-din-alba-iulia\/#primaryimage"},"thumbnailUrl":"https:\/\/urbeamea.ro\/albaiulia\/wp-content\/uploads\/2022\/10\/311951205_858206645534832_2457972990848794761_n.jpg","articleSection":["Social"],"inLanguage":"ro-RO","potentialAction":[{"@type":"CommentAction","name":"Comment","target":["https:\/\/urbeamea.ro\/albaiulia\/toamna-a-imbracat-in-culori-si-miresme-curtea-gradinitei-program-prelungit-nr-9-din-alba-iulia\/#respond"]}]},{"@type":"WebPage","@id":"https:\/\/urbeamea.ro\/albaiulia\/toamna-a-imbracat-in-culori-si-miresme-curtea-gradinitei-program-prelungit-nr-9-din-alba-iulia\/","url":"https:\/\/urbeamea.ro\/albaiulia\/toamna-a-imbracat-in-culori-si-miresme-curtea-gradinitei-program-prelungit-nr-9-din-alba-iulia\/","name":"Toamna a \u00eembr\u0103cat \u00een culori \u0219i miresme curtea Gr\u0103dini\u021bei cu program prelungit nr. 9 din Alba Iulia - Revista Urbea Mea - Revista de Alba","isPartOf":{"@id":"https:\/\/urbeamea.ro\/albaiulia\/#website"},"primaryImageOfPage":{"@id":"https:\/\/urbeamea.ro\/albaiulia\/toamna-a-imbracat-in-culori-si-miresme-curtea-gradinitei-program-prelungit-nr-9-din-alba-iulia\/#primaryimage"},"image":{"@id":"https:\/\/urbeamea.ro\/albaiulia\/toamna-a-imbracat-in-culori-si-miresme-curtea-gradinitei-program-prelungit-nr-9-din-alba-iulia\/#primaryimage"},"thumbnailUrl":"https:\/\/urbeamea.ro\/albaiulia\/wp-content\/uploads\/2022\/10\/311951205_858206645534832_2457972990848794761_n.jpg","datePublished":"2022-10-19T17:12:39+00:00","dateModified":"2022-10-19T19:37:52+00:00","author":{"@id":"https:\/\/urbeamea.ro\/albaiulia\/#\/schema\/person\/a115373ce8153754c6b084232d985956"},"description":"Toamna nu a \u00eent\u00e2rziat s\u0103 apar\u0103 la Gr\u0103dini\u021ba cu program prelungit nr. 9 din Alba Iulia. Zeci de copii au \u00eembr\u0103cat \u00een culori \u0219i miresme curtea gr\u0103dini\u021bei \u00een","breadcrumb":{"@id":"https:\/\/urbeamea.ro\/albaiulia\/toamna-a-imbracat-in-culori-si-miresme-curtea-gradinitei-program-prelungit-nr-9-din-alba-iulia\/#breadcrumb"},"inLanguage":"ro-RO","potentialAction":[{"@type":"ReadAction","target":["https:\/\/urbeamea.ro\/albaiulia\/toamna-a-imbracat-in-culori-si-miresme-curtea-gradinitei-program-prelungit-nr-9-din-alba-iulia\/"]}]},{"@type":"ImageObject","inLanguage":"ro-RO","@id":"https:\/\/urbeamea.ro\/albaiulia\/toamna-a-imbracat-in-culori-si-miresme-curtea-gradinitei-program-prelungit-nr-9-din-alba-iulia\/#primaryimage","url":"https:\/\/urbeamea.ro\/albaiulia\/wp-content\/uploads\/2022\/10\/311951205_858206645534832_2457972990848794761_n.jpg","contentUrl":"https:\/\/urbeamea.ro\/albaiulia\/wp-content\/uploads\/2022\/10\/311951205_858206645534832_2457972990848794761_n.jpg","width":2048,"height":2048},{"@type":"BreadcrumbList","@id":"https:\/\/urbeamea.ro\/albaiulia\/toamna-a-imbracat-in-culori-si-miresme-curtea-gradinitei-program-prelungit-nr-9-din-alba-iulia\/#breadcrumb","itemListElement":[{"@type":"ListItem","position":1,"name":"Prima pagin\u0103","item":"https:\/\/urbeamea.ro\/albaiulia\/"},{"@type":"ListItem","position":2,"name":"Toamna a \u00eembr\u0103cat \u00een culori \u0219i miresme curtea Gr\u0103dini\u021bei cu program prelungit nr. 9 din Alba Iulia"}]},{"@type":"WebSite","@id":"https:\/\/urbeamea.ro\/albaiulia\/#website","url":"https:\/\/urbeamea.ro\/albaiulia\/","name":"Revista Urbea Mea, Stiri urbane","description":"Evenimente \u0219i \u0219tiri din Alba Iulia, Sebe\u0219, Aiud, Blaj","potentialAction":[{"@type":"SearchAction","target":{"@type":"EntryPoint","urlTemplate":"https:\/\/urbeamea.ro\/albaiulia\/?s={search_term_string}"},"query-input":{"@type":"PropertyValueSpecification","valueRequired":true,"valueName":"search_term_string"}}],"inLanguage":"ro-RO"},{"@type":"Person","@id":"https:\/\/urbeamea.ro\/albaiulia\/#\/schema\/person\/a115373ce8153754c6b084232d985956","name":"Bogdan P\u0103unescu","image":{"@type":"ImageObject","inLanguage":"ro-RO","@id":"https:\/\/secure.gravatar.com\/avatar\/f72aa881b5a32ea110a53aabc2049429e3ff68fcb09d283722d01fbf330e9dd9?s=96&d=mm&r=g","url":"https:\/\/secure.gravatar.com\/avatar\/f72aa881b5a32ea110a53aabc2049429e3ff68fcb09d283722d01fbf330e9dd9?s=96&d=mm&r=g","contentUrl":"https:\/\/secure.gravatar.com\/avatar\/f72aa881b5a32ea110a53aabc2049429e3ff68fcb09d283722d01fbf330e9dd9?s=96&d=mm&r=g","caption":"Bogdan P\u0103unescu"},"description":"\u00cemi place tot ceea ce este legat de web \u015fi ajut la dezvoltarea \u015fi \u00eembun\u0103t\u0103\u0163irea lui prin tot ceea ce fac.","sameAs":["https:\/\/www.artonmedia.ro","https:\/\/www.facebook.com\/bogdanvpaunescu"],"url":"https:\/\/urbeamea.ro\/albaiulia\/author\/bogdan-paunescu\/"}]}},"_links":{"self":[{"href":"https:\/\/urbeamea.ro\/albaiulia\/wp-json\/wp\/v2\/posts\/104717","targetHints":{"allow":["GET"]}}],"collection":[{"href":"https:\/\/urbeamea.ro\/albaiulia\/wp-json\/wp\/v2\/posts"}],"about":[{"href":"https:\/\/urbeamea.ro\/albaiulia\/wp-json\/wp\/v2\/types\/post"}],"author":[{"embeddable":true,"href":"https:\/\/urbeamea.ro\/albaiulia\/wp-json\/wp\/v2\/users\/5"}],"replies":[{"embeddable":true,"href":"https:\/\/urbeamea.ro\/albaiulia\/wp-json\/wp\/v2\/comments?post=104717"}],"version-history":[{"count":3,"href":"https:\/\/urbeamea.ro\/albaiulia\/wp-json\/wp\/v2\/posts\/104717\/revisions"}],"predecessor-version":[{"id":104753,"href":"https:\/\/urbeamea.ro\/albaiulia\/wp-json\/wp\/v2\/posts\/104717\/revisions\/104753"}],"wp:featuredmedia":[{"embeddable":true,"href":"https:\/\/urbeamea.ro\/albaiulia\/wp-json\/wp\/v2\/media\/104736"}],"wp:attachment":[{"href":"https:\/\/urbeamea.ro\/albaiulia\/wp-json\/wp\/v2\/media?parent=104717"}],"wp:term":[{"taxonomy":"category","embeddable":true,"href":"https:\/\/urbeamea.ro\/albaiulia\/wp-json\/wp\/v2\/categories?post=104717"},{"taxonomy":"post_tag","embeddable":true,"href":"https:\/\/urbeamea.ro\/albaiulia\/wp-json\/wp\/v2\/tags?post=104717"}],"curies":[{"name":"wp","href":"https:\/\/api.w.org\/{rel}","templated":true}]}}