{"id":104791,"date":"2022-10-21T16:39:10","date_gmt":"2022-10-21T13:39:10","guid":{"rendered":"https:\/\/urbeamea.ro\/albaiulia\/?p=104791"},"modified":"2022-10-21T16:39:11","modified_gmt":"2022-10-21T13:39:11","slug":"domeniu-nou-de-productie-pentru-star-assembly-unitati-de-antrenare-electrica-mercedes-benz-fabricate-la-sebes","status":"publish","type":"post","link":"https:\/\/urbeamea.ro\/albaiulia\/domeniu-nou-de-productie-pentru-star-assembly-unitati-de-antrenare-electrica-mercedes-benz-fabricate-la-sebes\/","title":{"rendered":"Domeniu nou de produc\u021bie pentru Star Assembly: Unit\u0103\u021bi de antrenare electric\u0103 Mercedes-Benz fabricate la Sebe\u0219"},"content":{"rendered":"\n<ul class=\"wp-block-list\"><li>Star Assembly va include \u00een portofoliul s\u0103u produc\u021bia de unit\u0103\u021bi de antrenare electric\u0103 Mercedes-Benz<\/li><li>Noua linie este programat\u0103 s\u0103 demareze \u00een 2025 \u0219i marcheaz\u0103 o etap\u0103 important\u0103 \u00een transformarea loca\u021biei Sebe\u0219 \u00een era pur electric\u0103<\/li><li>Investi\u021bia ridicat\u0103 de nou\u0103 cifre \u00een lei asigur\u0103 locuri de munc\u0103 \u00een loca\u021bie \u0219i \u00een regiune. Statul rom\u00e2n sprijin\u0103 activ dezvoltarea sitului de produc\u021bie<\/li><li>Contractele de energie verde asigur\u0103 produc\u021bia neutr\u0103 din punct de vedere al emisiilor de CO<sub>2<\/sub><\/li><\/ul>\n\n\n\n<figure class=\"wp-block-image size-full\"><img loading=\"lazy\" decoding=\"async\" width=\"960\" height=\"376\" src=\"https:\/\/urbeamea.ro\/albaiulia\/wp-content\/uploads\/2022\/10\/275950563_5098628966856675_3834770117997907635_n.jpg\" alt=\"\" class=\"wp-image-104792\" srcset=\"https:\/\/urbeamea.ro\/albaiulia\/wp-content\/uploads\/2022\/10\/275950563_5098628966856675_3834770117997907635_n.jpg 960w, https:\/\/urbeamea.ro\/albaiulia\/wp-content\/uploads\/2022\/10\/275950563_5098628966856675_3834770117997907635_n-640x251.jpg 640w, https:\/\/urbeamea.ro\/albaiulia\/wp-content\/uploads\/2022\/10\/275950563_5098628966856675_3834770117997907635_n-150x59.jpg 150w, https:\/\/urbeamea.ro\/albaiulia\/wp-content\/uploads\/2022\/10\/275950563_5098628966856675_3834770117997907635_n-768x301.jpg 768w\" sizes=\"auto, (max-width: 960px) 100vw, 960px\" \/><\/figure>\n\n\n\n<p>Sebe\u0219, Rom\u00e2nia. Mercedes-Benz \u00ee\u0219i aliniaz\u0103 re\u021beaua global\u0103 de produc\u021bie pentru fabricarea portofoliului s\u0103u de produse remodelat, axat pe vehicule electrice de lux, \u00een condi\u021biile \u00een care cea mai valoroas\u0103 marc\u0103 de ma\u0219ini de lux din lume se preg\u0103te\u0219te s\u0103 devin\u0103 complet electric\u0103 p\u00e2n\u0103 la sf\u00e2r\u0219itul deceniului \u2013 oriunde condi\u021biile de pia\u021b\u0103 permit acest lucru. \u00cen acest context, Star Assembly, filial\u0103 de\u021binut\u0103 integral de Mercedes-Benz AG, \u00ee\u0219i va extinde portofoliul de produc\u021bie pentru a include asamblarea de unit\u0103\u021bi de antrenare electric\u0103 pentru modelele Mercedes-EQ complet electrice \u00eencep\u00e2nd cu 2025. Compania va investi o sum\u0103 semnificativ\u0103 de nou\u0103 cifre \u00een lei \u00eentr-o nou\u0103 facilitate de produc\u021bie, care va g\u0103zdui func\u021biile de asamblare \u0219i logistic\u0103 \u00een cadrul proiectului.<\/p>\n\n\n\n<blockquote class=\"wp-block-quote is-layout-flow wp-block-quote-is-layout-flow\"><p>Producerea unit\u0103\u021bilor de antrenare electric\u0103 pentru viitoarea genera\u021bie de modele Mercedes-EQ complet electrice la fabrica noastr\u0103 din Sebe\u0219 marcheaz\u0103 continuarea, \u00een mod consecvent, a transform\u0103rii re\u021belei noastre globale de produc\u021bie a grupului motopropulsor. Prin implementarea noului domeniu de activitate, vrem s\u0103 stabilim direc\u021bia pentru un business sustenabil \u0219i s\u0103 preg\u0103tim Star Assembly pentru un viitor complet electric. Sunt sigur c\u0103 echipa grozav\u0103 de aici \u00ee\u0219i va continua exemplar povestea de succes cu noul produs.<\/p><cite><strong>Frank Dei\u00df, Pre\u0219edinte Mercedes-Benz Drive Systems, Manager Produc\u021bie Powertrain Mercedes-Benz Cars \u0219i Manager fabric\u0103 Mercedes-Benz Untert\u00fcrkheim<\/strong><\/cite><\/blockquote>\n\n\n\n<p>Noul domeniu de produc\u021bie marcheaz\u0103 o etap\u0103 important\u0103 pentru Star Assembly \u00een tranzi\u021bia de la componentele conven\u021bionale la cele electrice \u0219i \u00eent\u0103re\u0219te angajamentul Mercedes-Benz fa\u021b\u0103 de for\u021ba de munc\u0103 local\u0103 \u0219i dezvoltarea viitoare a regiunii. Fondat\u0103 \u00een 2013, Star Assembly este responsabil\u0103 pentru asamblarea mai multor tipuri de cutii de vitez\u0103 pentru re\u021beaua global\u0103 de produc\u021bie Mercedes-Benz de ast\u0103zi. Odat\u0103 cu produc\u021bia, \u00eencep\u00e2nd cu 2020, a variantelor hibride de transmisii cu opt trepte cu dublu ambreiaj, compania a f\u0103cut deja un pas important c\u0103tre e-mobilitate. \u00cen procesul de transformare, Star Assembly \u00ee\u0219i sprijin\u0103 angaja\u021bii cu o varietate de m\u0103suri axate pe programe de formare specifice \u00een domeniul e-mobilit\u0103\u021bii \u0219i digitaliz\u0103rii.<\/p>\n\n\n\n<blockquote class=\"wp-block-quote is-layout-flow wp-block-quote-is-layout-flow\"><p>Acest nou produs electric este un pas important \u00een istoria companiei noastre. Suntem preg\u0103ti\u021bi s\u0103 dezvolt\u0103m loca\u021bia de la Sebe\u0219 \u00eentr-o fabric\u0103 de ultim\u0103 genera\u021bie care produce unit\u0103\u021bi de antrenare electric\u0103 \u0219i s\u0103 ne aducem contribu\u021bia la strategia Mercedes-Benz de mobilitate electric\u0103. Aceast\u0103 investi\u021bie reprezint\u0103, de asemenea, o dovad\u0103 a calific\u0103rii \u00eenalte \u0219i a performan\u021bei remarcabile a oamenilor no\u0219tri. \u00cen acela\u0219i timp, mul\u021bumim guvernului pentru colaborarea consecvent\u0103 \u0219i sprijinul activ \u00een dezvoltarea loca\u021biei noastre de produc\u021bie.<\/p><cite><strong>Gheorghe Achim, Director General Star Assembly<\/strong><\/cite><\/blockquote>\n\n\n\n<p>Noua hal\u0103 de produc\u021bie va avea o suprafa\u021b\u0103 de aproximativ 30.000 de metri p\u0103tra\u021bi \u0219i va g\u0103zdui func\u021biile de asamblare \u0219i logistic\u0103. Construc\u021bia va fi realizat\u0103 pe amplasamentul actual al fabricii Star Assembly. Lucr\u0103rile sunt planificate s\u0103 \u00eenceap\u0103 \u00een primul trimestru al anului 2023, dup\u0103 finalizarea preg\u0103tirii terenului. Noua facilitate va fi neutr\u0103 din punctul de vedere al emisiilor de dioxid de carbon. Pentru aprovizionarea cu energie, compania se bazeaz\u0103 \u00een \u00eentregime pe energii regenerabile.<\/p>\n\n\n\n<p><strong>Despre Star Transmission &amp; Star Assembly<\/strong><\/p>\n\n\n\n<p>Loca\u021biile de produc\u021bie din Rom\u00e2nia, respectiv compania Star Transmission cu sediul \u00een Cugir \u0219i compania Star Assembly cu loca\u021bia \u00een Sebe\u0219, sunt subsidiare de\u021binute integral de Mercedes-Benz AG \u0219i parte important\u0103 a re\u021belei globale de produc\u021bie powertrain Mercedes-Benz autoturisme.<\/p>\n\n\n\n<p>La Sebe\u0219 sunt asamblate transmisii pentru Mercedes-Benz.<\/p>\n\n\n\n<p>Loca\u021bia Cugir g\u0103zduie\u0219te produc\u021bia de ro\u021bi, axe, \u021bevi de \u00eenalt\u0103 presiune \u0219i componente prelucrate mecanic pentru motoare, transmisii \u0219i sisteme de direc\u021bie, precum \u0219i un centru tehnologic unde sunt produse, printre altele, prototipuri.<\/p>\n\n\n\n<p>Cu sprijinul guvernului rom\u00e2n, Star Transmission este una dintre primele companii rom\u00e2ne\u0219ti care ofer\u0103 un sistem de \u00eenv\u0103\u021b\u0103m\u00e2nt dual bazat pe modelul german din Baden-W\u00fcrttemberg. \u00cen calitate de parteneri ai acestui program, Star Transmission \u0219i Star Assembly ofer\u0103 instruire practic\u0103 \u00een fiecare din cele dou\u0103 unit\u0103\u021bi de produc\u021bie.<\/p>\n","protected":false},"excerpt":{"rendered":"<p>Star Assembly va include \u00een portofoliul s\u0103u produc\u021bia de unit\u0103\u021bi de antrenare electric\u0103 Mercedes-BenzNoua linie este programat\u0103 s\u0103 demareze \u00een 2025 \u0219i marcheaz\u0103 o etap\u0103 important\u0103 \u00een transformarea loca\u021biei Sebe\u0219 \u00een era pur electric\u0103Investi\u021bia ridicat\u0103 de nou\u0103 cifre \u00een lei asigur\u0103 locuri de munc\u0103 \u00een loca\u021bie \u0219i \u00een regiune. Statul rom\u00e2n sprijin\u0103 activ dezvoltarea sitului &hellip;<\/p>\n","protected":false},"author":16,"featured_media":104793,"comment_status":"open","ping_status":"open","sticky":false,"template":"","format":"standard","meta":{"inline_featured_image":false,"footnotes":""},"categories":[1,15347],"tags":[3622,3617],"class_list":["post-104791","post","type-post","status-publish","format-standard","has-post-thumbnail","hentry","category-stiri-urbane","category-tehnologie","tag-star-assembly","tag-star-transmission"],"yoast_head":"<!-- This site is optimized with the Yoast SEO plugin v27.4 - https:\/\/yoast.com\/product\/yoast-seo-wordpress\/ -->\n<title>Domeniu nou de produc\u021bie pentru Star Assembly: Unit\u0103\u021bi de antrenare electric\u0103 Mercedes-Benz fabricate la Sebe\u0219 - Revista Urbea Mea - Revista de Alba<\/title>\n<meta name=\"description\" content=\"Star Assembly va include \u00een portofoliul s\u0103u produc\u021bia de unit\u0103\u021bi de antrenare electric\u0103 Mercedes-BenzNoua linie este programat\u0103 s\u0103 demareze \u00een 2025 \u0219i\" \/>\n<meta name=\"robots\" content=\"index, follow, max-snippet:-1, max-image-preview:large, max-video-preview:-1\" \/>\n<link rel=\"canonical\" href=\"https:\/\/urbeamea.ro\/albaiulia\/domeniu-nou-de-productie-pentru-star-assembly-unitati-de-antrenare-electrica-mercedes-benz-fabricate-la-sebes\/\" \/>\n<meta name=\"twitter:card\" content=\"summary_large_image\" \/>\n<meta name=\"twitter:title\" content=\"Domeniu nou de produc\u021bie pentru Star Assembly: Unit\u0103\u021bi de antrenare electric\u0103 Mercedes-Benz fabricate la Sebe\u0219 - Revista Urbea Mea - Revista de Alba\" \/>\n<meta name=\"twitter:description\" content=\"Star Assembly va include \u00een portofoliul s\u0103u produc\u021bia de unit\u0103\u021bi de antrenare electric\u0103 Mercedes-BenzNoua linie este programat\u0103 s\u0103 demareze \u00een 2025 \u0219i\" \/>\n<meta name=\"twitter:image\" content=\"https:\/\/urbeamea.ro\/albaiulia\/wp-content\/uploads\/2022\/10\/aeriene-Sebes-2.jpg\" \/>\n<meta name=\"twitter:creator\" content=\"@urbeameaweb\" \/>\n<meta name=\"twitter:site\" content=\"@urbeameaweb\" \/>\n<script type=\"application\/ld+json\" class=\"yoast-schema-graph\">{\"@context\":\"https:\\\/\\\/schema.org\",\"@graph\":[{\"@type\":\"Article\",\"@id\":\"https:\\\/\\\/urbeamea.ro\\\/albaiulia\\\/domeniu-nou-de-productie-pentru-star-assembly-unitati-de-antrenare-electrica-mercedes-benz-fabricate-la-sebes\\\/#article\",\"isPartOf\":{\"@id\":\"https:\\\/\\\/urbeamea.ro\\\/albaiulia\\\/domeniu-nou-de-productie-pentru-star-assembly-unitati-de-antrenare-electrica-mercedes-benz-fabricate-la-sebes\\\/\"},\"author\":{\"name\":\"Redac\u021bia UrbeaMea\",\"@id\":\"https:\\\/\\\/urbeamea.ro\\\/albaiulia\\\/#\\\/schema\\\/person\\\/272ae98052f8ee8980f59848df070247\"},\"headline\":\"Domeniu nou de produc\u021bie pentru Star Assembly: Unit\u0103\u021bi de antrenare electric\u0103 Mercedes-Benz fabricate la Sebe\u0219\",\"datePublished\":\"2022-10-21T13:39:10+00:00\",\"dateModified\":\"2022-10-21T13:39:11+00:00\",\"mainEntityOfPage\":{\"@id\":\"https:\\\/\\\/urbeamea.ro\\\/albaiulia\\\/domeniu-nou-de-productie-pentru-star-assembly-unitati-de-antrenare-electrica-mercedes-benz-fabricate-la-sebes\\\/\"},\"wordCount\":788,\"commentCount\":0,\"image\":{\"@id\":\"https:\\\/\\\/urbeamea.ro\\\/albaiulia\\\/domeniu-nou-de-productie-pentru-star-assembly-unitati-de-antrenare-electrica-mercedes-benz-fabricate-la-sebes\\\/#primaryimage\"},\"thumbnailUrl\":\"https:\\\/\\\/urbeamea.ro\\\/albaiulia\\\/wp-content\\\/uploads\\\/2022\\\/10\\\/aeriene-Sebes-2.jpg\",\"keywords\":[\"Star Assembly\",\"star transmission\"],\"articleSection\":[\"\u015etiri Urbane\",\"Tehnologie\"],\"inLanguage\":\"ro-RO\",\"potentialAction\":[{\"@type\":\"CommentAction\",\"name\":\"Comment\",\"target\":[\"https:\\\/\\\/urbeamea.ro\\\/albaiulia\\\/domeniu-nou-de-productie-pentru-star-assembly-unitati-de-antrenare-electrica-mercedes-benz-fabricate-la-sebes\\\/#respond\"]}]},{\"@type\":\"WebPage\",\"@id\":\"https:\\\/\\\/urbeamea.ro\\\/albaiulia\\\/domeniu-nou-de-productie-pentru-star-assembly-unitati-de-antrenare-electrica-mercedes-benz-fabricate-la-sebes\\\/\",\"url\":\"https:\\\/\\\/urbeamea.ro\\\/albaiulia\\\/domeniu-nou-de-productie-pentru-star-assembly-unitati-de-antrenare-electrica-mercedes-benz-fabricate-la-sebes\\\/\",\"name\":\"Domeniu nou de produc\u021bie pentru Star Assembly: Unit\u0103\u021bi de antrenare electric\u0103 Mercedes-Benz fabricate la Sebe\u0219 - Revista Urbea Mea - Revista de Alba\",\"isPartOf\":{\"@id\":\"https:\\\/\\\/urbeamea.ro\\\/albaiulia\\\/#website\"},\"primaryImageOfPage\":{\"@id\":\"https:\\\/\\\/urbeamea.ro\\\/albaiulia\\\/domeniu-nou-de-productie-pentru-star-assembly-unitati-de-antrenare-electrica-mercedes-benz-fabricate-la-sebes\\\/#primaryimage\"},\"image\":{\"@id\":\"https:\\\/\\\/urbeamea.ro\\\/albaiulia\\\/domeniu-nou-de-productie-pentru-star-assembly-unitati-de-antrenare-electrica-mercedes-benz-fabricate-la-sebes\\\/#primaryimage\"},\"thumbnailUrl\":\"https:\\\/\\\/urbeamea.ro\\\/albaiulia\\\/wp-content\\\/uploads\\\/2022\\\/10\\\/aeriene-Sebes-2.jpg\",\"datePublished\":\"2022-10-21T13:39:10+00:00\",\"dateModified\":\"2022-10-21T13:39:11+00:00\",\"author\":{\"@id\":\"https:\\\/\\\/urbeamea.ro\\\/albaiulia\\\/#\\\/schema\\\/person\\\/272ae98052f8ee8980f59848df070247\"},\"description\":\"Star Assembly va include \u00een portofoliul s\u0103u produc\u021bia de unit\u0103\u021bi de antrenare electric\u0103 Mercedes-BenzNoua linie este programat\u0103 s\u0103 demareze \u00een 2025 \u0219i\",\"breadcrumb\":{\"@id\":\"https:\\\/\\\/urbeamea.ro\\\/albaiulia\\\/domeniu-nou-de-productie-pentru-star-assembly-unitati-de-antrenare-electrica-mercedes-benz-fabricate-la-sebes\\\/#breadcrumb\"},\"inLanguage\":\"ro-RO\",\"potentialAction\":[{\"@type\":\"ReadAction\",\"target\":[\"https:\\\/\\\/urbeamea.ro\\\/albaiulia\\\/domeniu-nou-de-productie-pentru-star-assembly-unitati-de-antrenare-electrica-mercedes-benz-fabricate-la-sebes\\\/\"]}]},{\"@type\":\"ImageObject\",\"inLanguage\":\"ro-RO\",\"@id\":\"https:\\\/\\\/urbeamea.ro\\\/albaiulia\\\/domeniu-nou-de-productie-pentru-star-assembly-unitati-de-antrenare-electrica-mercedes-benz-fabricate-la-sebes\\\/#primaryimage\",\"url\":\"https:\\\/\\\/urbeamea.ro\\\/albaiulia\\\/wp-content\\\/uploads\\\/2022\\\/10\\\/aeriene-Sebes-2.jpg\",\"contentUrl\":\"https:\\\/\\\/urbeamea.ro\\\/albaiulia\\\/wp-content\\\/uploads\\\/2022\\\/10\\\/aeriene-Sebes-2.jpg\",\"width\":1600,\"height\":899},{\"@type\":\"BreadcrumbList\",\"@id\":\"https:\\\/\\\/urbeamea.ro\\\/albaiulia\\\/domeniu-nou-de-productie-pentru-star-assembly-unitati-de-antrenare-electrica-mercedes-benz-fabricate-la-sebes\\\/#breadcrumb\",\"itemListElement\":[{\"@type\":\"ListItem\",\"position\":1,\"name\":\"Prima pagin\u0103\",\"item\":\"https:\\\/\\\/urbeamea.ro\\\/albaiulia\\\/\"},{\"@type\":\"ListItem\",\"position\":2,\"name\":\"Domeniu nou de produc\u021bie pentru Star Assembly: Unit\u0103\u021bi de antrenare electric\u0103 Mercedes-Benz fabricate la Sebe\u0219\"}]},{\"@type\":\"WebSite\",\"@id\":\"https:\\\/\\\/urbeamea.ro\\\/albaiulia\\\/#website\",\"url\":\"https:\\\/\\\/urbeamea.ro\\\/albaiulia\\\/\",\"name\":\"Revista Urbea Mea, Stiri urbane\",\"description\":\"Evenimente \u0219i \u0219tiri din Alba Iulia, Sebe\u0219, Aiud, Blaj\",\"potentialAction\":[{\"@type\":\"SearchAction\",\"target\":{\"@type\":\"EntryPoint\",\"urlTemplate\":\"https:\\\/\\\/urbeamea.ro\\\/albaiulia\\\/?s={search_term_string}\"},\"query-input\":{\"@type\":\"PropertyValueSpecification\",\"valueRequired\":true,\"valueName\":\"search_term_string\"}}],\"inLanguage\":\"ro-RO\"},{\"@type\":\"Person\",\"@id\":\"https:\\\/\\\/urbeamea.ro\\\/albaiulia\\\/#\\\/schema\\\/person\\\/272ae98052f8ee8980f59848df070247\",\"name\":\"Redac\u021bia UrbeaMea\",\"image\":{\"@type\":\"ImageObject\",\"inLanguage\":\"ro-RO\",\"@id\":\"https:\\\/\\\/secure.gravatar.com\\\/avatar\\\/9ce5a9435071fa1037e8468053ead8e513dbbff59009d3069aadb85506d85a27?s=96&d=mm&r=g\",\"url\":\"https:\\\/\\\/secure.gravatar.com\\\/avatar\\\/9ce5a9435071fa1037e8468053ead8e513dbbff59009d3069aadb85506d85a27?s=96&d=mm&r=g\",\"contentUrl\":\"https:\\\/\\\/secure.gravatar.com\\\/avatar\\\/9ce5a9435071fa1037e8468053ead8e513dbbff59009d3069aadb85506d85a27?s=96&d=mm&r=g\",\"caption\":\"Redac\u021bia UrbeaMea\"},\"description\":\"contact@urbeamea.ro\",\"sameAs\":[\"https:\\\/\\\/www.urbeamea.ro\"],\"url\":\"https:\\\/\\\/urbeamea.ro\\\/albaiulia\\\/author\\\/redactia-urbeamea\\\/\"}]}<\/script>\n<!-- \/ Yoast SEO plugin. -->","yoast_head_json":{"title":"Domeniu nou de produc\u021bie pentru Star Assembly: Unit\u0103\u021bi de antrenare electric\u0103 Mercedes-Benz fabricate la Sebe\u0219 - Revista Urbea Mea - Revista de Alba","description":"Star Assembly va include \u00een portofoliul s\u0103u produc\u021bia de unit\u0103\u021bi de antrenare electric\u0103 Mercedes-BenzNoua linie este programat\u0103 s\u0103 demareze \u00een 2025 \u0219i","robots":{"index":"index","follow":"follow","max-snippet":"max-snippet:-1","max-image-preview":"max-image-preview:large","max-video-preview":"max-video-preview:-1"},"canonical":"https:\/\/urbeamea.ro\/albaiulia\/domeniu-nou-de-productie-pentru-star-assembly-unitati-de-antrenare-electrica-mercedes-benz-fabricate-la-sebes\/","twitter_card":"summary_large_image","twitter_title":"Domeniu nou de produc\u021bie pentru Star Assembly: Unit\u0103\u021bi de antrenare electric\u0103 Mercedes-Benz fabricate la Sebe\u0219 - Revista Urbea Mea - Revista de Alba","twitter_description":"Star Assembly va include \u00een portofoliul s\u0103u produc\u021bia de unit\u0103\u021bi de antrenare electric\u0103 Mercedes-BenzNoua linie este programat\u0103 s\u0103 demareze \u00een 2025 \u0219i","twitter_image":"https:\/\/urbeamea.ro\/albaiulia\/wp-content\/uploads\/2022\/10\/aeriene-Sebes-2.jpg","twitter_creator":"@urbeameaweb","twitter_site":"@urbeameaweb","schema":{"@context":"https:\/\/schema.org","@graph":[{"@type":"Article","@id":"https:\/\/urbeamea.ro\/albaiulia\/domeniu-nou-de-productie-pentru-star-assembly-unitati-de-antrenare-electrica-mercedes-benz-fabricate-la-sebes\/#article","isPartOf":{"@id":"https:\/\/urbeamea.ro\/albaiulia\/domeniu-nou-de-productie-pentru-star-assembly-unitati-de-antrenare-electrica-mercedes-benz-fabricate-la-sebes\/"},"author":{"name":"Redac\u021bia UrbeaMea","@id":"https:\/\/urbeamea.ro\/albaiulia\/#\/schema\/person\/272ae98052f8ee8980f59848df070247"},"headline":"Domeniu nou de produc\u021bie pentru Star Assembly: Unit\u0103\u021bi de antrenare electric\u0103 Mercedes-Benz fabricate la Sebe\u0219","datePublished":"2022-10-21T13:39:10+00:00","dateModified":"2022-10-21T13:39:11+00:00","mainEntityOfPage":{"@id":"https:\/\/urbeamea.ro\/albaiulia\/domeniu-nou-de-productie-pentru-star-assembly-unitati-de-antrenare-electrica-mercedes-benz-fabricate-la-sebes\/"},"wordCount":788,"commentCount":0,"image":{"@id":"https:\/\/urbeamea.ro\/albaiulia\/domeniu-nou-de-productie-pentru-star-assembly-unitati-de-antrenare-electrica-mercedes-benz-fabricate-la-sebes\/#primaryimage"},"thumbnailUrl":"https:\/\/urbeamea.ro\/albaiulia\/wp-content\/uploads\/2022\/10\/aeriene-Sebes-2.jpg","keywords":["Star Assembly","star transmission"],"articleSection":["\u015etiri Urbane","Tehnologie"],"inLanguage":"ro-RO","potentialAction":[{"@type":"CommentAction","name":"Comment","target":["https:\/\/urbeamea.ro\/albaiulia\/domeniu-nou-de-productie-pentru-star-assembly-unitati-de-antrenare-electrica-mercedes-benz-fabricate-la-sebes\/#respond"]}]},{"@type":"WebPage","@id":"https:\/\/urbeamea.ro\/albaiulia\/domeniu-nou-de-productie-pentru-star-assembly-unitati-de-antrenare-electrica-mercedes-benz-fabricate-la-sebes\/","url":"https:\/\/urbeamea.ro\/albaiulia\/domeniu-nou-de-productie-pentru-star-assembly-unitati-de-antrenare-electrica-mercedes-benz-fabricate-la-sebes\/","name":"Domeniu nou de produc\u021bie pentru Star Assembly: Unit\u0103\u021bi de antrenare electric\u0103 Mercedes-Benz fabricate la Sebe\u0219 - Revista Urbea Mea - Revista de Alba","isPartOf":{"@id":"https:\/\/urbeamea.ro\/albaiulia\/#website"},"primaryImageOfPage":{"@id":"https:\/\/urbeamea.ro\/albaiulia\/domeniu-nou-de-productie-pentru-star-assembly-unitati-de-antrenare-electrica-mercedes-benz-fabricate-la-sebes\/#primaryimage"},"image":{"@id":"https:\/\/urbeamea.ro\/albaiulia\/domeniu-nou-de-productie-pentru-star-assembly-unitati-de-antrenare-electrica-mercedes-benz-fabricate-la-sebes\/#primaryimage"},"thumbnailUrl":"https:\/\/urbeamea.ro\/albaiulia\/wp-content\/uploads\/2022\/10\/aeriene-Sebes-2.jpg","datePublished":"2022-10-21T13:39:10+00:00","dateModified":"2022-10-21T13:39:11+00:00","author":{"@id":"https:\/\/urbeamea.ro\/albaiulia\/#\/schema\/person\/272ae98052f8ee8980f59848df070247"},"description":"Star Assembly va include \u00een portofoliul s\u0103u produc\u021bia de unit\u0103\u021bi de antrenare electric\u0103 Mercedes-BenzNoua linie este programat\u0103 s\u0103 demareze \u00een 2025 \u0219i","breadcrumb":{"@id":"https:\/\/urbeamea.ro\/albaiulia\/domeniu-nou-de-productie-pentru-star-assembly-unitati-de-antrenare-electrica-mercedes-benz-fabricate-la-sebes\/#breadcrumb"},"inLanguage":"ro-RO","potentialAction":[{"@type":"ReadAction","target":["https:\/\/urbeamea.ro\/albaiulia\/domeniu-nou-de-productie-pentru-star-assembly-unitati-de-antrenare-electrica-mercedes-benz-fabricate-la-sebes\/"]}]},{"@type":"ImageObject","inLanguage":"ro-RO","@id":"https:\/\/urbeamea.ro\/albaiulia\/domeniu-nou-de-productie-pentru-star-assembly-unitati-de-antrenare-electrica-mercedes-benz-fabricate-la-sebes\/#primaryimage","url":"https:\/\/urbeamea.ro\/albaiulia\/wp-content\/uploads\/2022\/10\/aeriene-Sebes-2.jpg","contentUrl":"https:\/\/urbeamea.ro\/albaiulia\/wp-content\/uploads\/2022\/10\/aeriene-Sebes-2.jpg","width":1600,"height":899},{"@type":"BreadcrumbList","@id":"https:\/\/urbeamea.ro\/albaiulia\/domeniu-nou-de-productie-pentru-star-assembly-unitati-de-antrenare-electrica-mercedes-benz-fabricate-la-sebes\/#breadcrumb","itemListElement":[{"@type":"ListItem","position":1,"name":"Prima pagin\u0103","item":"https:\/\/urbeamea.ro\/albaiulia\/"},{"@type":"ListItem","position":2,"name":"Domeniu nou de produc\u021bie pentru Star Assembly: Unit\u0103\u021bi de antrenare electric\u0103 Mercedes-Benz fabricate la Sebe\u0219"}]},{"@type":"WebSite","@id":"https:\/\/urbeamea.ro\/albaiulia\/#website","url":"https:\/\/urbeamea.ro\/albaiulia\/","name":"Revista Urbea Mea, Stiri urbane","description":"Evenimente \u0219i \u0219tiri din Alba Iulia, Sebe\u0219, Aiud, Blaj","potentialAction":[{"@type":"SearchAction","target":{"@type":"EntryPoint","urlTemplate":"https:\/\/urbeamea.ro\/albaiulia\/?s={search_term_string}"},"query-input":{"@type":"PropertyValueSpecification","valueRequired":true,"valueName":"search_term_string"}}],"inLanguage":"ro-RO"},{"@type":"Person","@id":"https:\/\/urbeamea.ro\/albaiulia\/#\/schema\/person\/272ae98052f8ee8980f59848df070247","name":"Redac\u021bia UrbeaMea","image":{"@type":"ImageObject","inLanguage":"ro-RO","@id":"https:\/\/secure.gravatar.com\/avatar\/9ce5a9435071fa1037e8468053ead8e513dbbff59009d3069aadb85506d85a27?s=96&d=mm&r=g","url":"https:\/\/secure.gravatar.com\/avatar\/9ce5a9435071fa1037e8468053ead8e513dbbff59009d3069aadb85506d85a27?s=96&d=mm&r=g","contentUrl":"https:\/\/secure.gravatar.com\/avatar\/9ce5a9435071fa1037e8468053ead8e513dbbff59009d3069aadb85506d85a27?s=96&d=mm&r=g","caption":"Redac\u021bia UrbeaMea"},"description":"contact@urbeamea.ro","sameAs":["https:\/\/www.urbeamea.ro"],"url":"https:\/\/urbeamea.ro\/albaiulia\/author\/redactia-urbeamea\/"}]}},"_links":{"self":[{"href":"https:\/\/urbeamea.ro\/albaiulia\/wp-json\/wp\/v2\/posts\/104791","targetHints":{"allow":["GET"]}}],"collection":[{"href":"https:\/\/urbeamea.ro\/albaiulia\/wp-json\/wp\/v2\/posts"}],"about":[{"href":"https:\/\/urbeamea.ro\/albaiulia\/wp-json\/wp\/v2\/types\/post"}],"author":[{"embeddable":true,"href":"https:\/\/urbeamea.ro\/albaiulia\/wp-json\/wp\/v2\/users\/16"}],"replies":[{"embeddable":true,"href":"https:\/\/urbeamea.ro\/albaiulia\/wp-json\/wp\/v2\/comments?post=104791"}],"version-history":[{"count":1,"href":"https:\/\/urbeamea.ro\/albaiulia\/wp-json\/wp\/v2\/posts\/104791\/revisions"}],"predecessor-version":[{"id":104794,"href":"https:\/\/urbeamea.ro\/albaiulia\/wp-json\/wp\/v2\/posts\/104791\/revisions\/104794"}],"wp:featuredmedia":[{"embeddable":true,"href":"https:\/\/urbeamea.ro\/albaiulia\/wp-json\/wp\/v2\/media\/104793"}],"wp:attachment":[{"href":"https:\/\/urbeamea.ro\/albaiulia\/wp-json\/wp\/v2\/media?parent=104791"}],"wp:term":[{"taxonomy":"category","embeddable":true,"href":"https:\/\/urbeamea.ro\/albaiulia\/wp-json\/wp\/v2\/categories?post=104791"},{"taxonomy":"post_tag","embeddable":true,"href":"https:\/\/urbeamea.ro\/albaiulia\/wp-json\/wp\/v2\/tags?post=104791"}],"curies":[{"name":"wp","href":"https:\/\/api.w.org\/{rel}","templated":true}]}}