{"id":104796,"date":"2022-10-21T20:39:38","date_gmt":"2022-10-21T17:39:38","guid":{"rendered":"https:\/\/urbeamea.ro\/albaiulia\/?p=104796"},"modified":"2022-10-21T21:59:39","modified_gmt":"2022-10-21T18:59:39","slug":"larisa-si-mircea-baritchi-perechea-care-a-adus-baletul-profesionist-si-ritmurile-de-salsa-si-bachata-la-alba-iulia","status":"publish","type":"post","link":"https:\/\/urbeamea.ro\/albaiulia\/larisa-si-mircea-baritchi-perechea-care-a-adus-baletul-profesionist-si-ritmurile-de-salsa-si-bachata-la-alba-iulia\/","title":{"rendered":"Larisa \u0219i Mircea Bari\u021bchi, perechea care a adus baletul profesionist \u0219i ritmurile de salsa \u0219i bachata la Alba Iulia"},"content":{"rendered":"\n<h3 class=\"wp-block-heading\"><strong>*Simona, cursant Moving Arts Company: \u201eEu cred c\u0103 \u0219i Dumnezeu danseaz\u0103, \u0219i danseaz\u0103 odat\u0103 cu mine!\u201d<\/strong><\/h3>\n\n\n\n<p>Voi \u0219ti\u021bi dansa? \u0218i nu vorbesc de freestyle personalizat de voi, pe sistemul \u201efeel the rithm\u201d \u0219i Dumnezeu s\u0103 ne judece, nu, ceva dans recognoscibil, care s\u0103 poat\u0103 fi \u00eencadrat \u00een ceva categorie! Dac\u0103 nu \u0219ti\u021bi, nici nu e de mirare, de at\u00e2tea griji, cred, poporul \u0103sta al nostru nu a dezvoltat abilitatea aceasta, a dansului, dec\u00e2t sporadic, de multe ori for\u021bat de gura lumii, a se vedea dansul mirilor, nimic mai chinuitor pentru cineva cu elasticitatea unui dulap! De multe ori autodidac\u021bi, am dansat&#8230;cum am apucat. \u0218i unde apucam noi la dans? \u00cen mod organizat, numai pe la o serbare op\u021bional \u2013 obligatorie, la discotec\u0103, pe la vreun chef, ori vreo nunt\u0103, \u0219i cam acolo se \u00eencheia cariera noastr\u0103 artistic\u0103, \u00een ceea ce prive\u0219te dansul. Bine, excludem, fire\u0219te, dansatorii profesioni\u0219ti! \u00cen mare, cam asta a fost \u0219i este Rom\u00e2nia dansant\u0103, dincolo de c\u00e2teva ora\u0219e mari, unde s\u0103 mergi la un club de dans, ori la cursuri, ca s\u0103 nu devii divertisment c\u00e2nd te apuc\u0103 b\u00e2\u021b\u00e2iala, face parte din normalitate.<\/p>\n\n\n\n<figure class=\"wp-block-gallery has-nested-images columns-default is-cropped wp-block-gallery-1 is-layout-flex wp-block-gallery-is-layout-flex\">\n<figure class=\"wp-block-image size-large\"><a href=\"https:\/\/urbeamea.ro\/albaiulia\/wp-content\/uploads\/2022\/10\/dans-15.jpeg\"><img loading=\"lazy\" decoding=\"async\" width=\"854\" height=\"1280\" data-id=\"104798\" src=\"https:\/\/urbeamea.ro\/albaiulia\/wp-content\/uploads\/2022\/10\/dans-15-854x1280.jpeg\" alt=\"\" class=\"wp-image-104798\" srcset=\"https:\/\/urbeamea.ro\/albaiulia\/wp-content\/uploads\/2022\/10\/dans-15-854x1280.jpeg 854w, https:\/\/urbeamea.ro\/albaiulia\/wp-content\/uploads\/2022\/10\/dans-15-427x640.jpeg 427w, https:\/\/urbeamea.ro\/albaiulia\/wp-content\/uploads\/2022\/10\/dans-15-100x150.jpeg 100w, https:\/\/urbeamea.ro\/albaiulia\/wp-content\/uploads\/2022\/10\/dans-15-768x1152.jpeg 768w, https:\/\/urbeamea.ro\/albaiulia\/wp-content\/uploads\/2022\/10\/dans-15.jpeg 995w\" sizes=\"auto, (max-width: 854px) 100vw, 854px\" \/><\/a><\/figure>\n\n\n\n<figure class=\"wp-block-image size-large\"><a href=\"https:\/\/urbeamea.ro\/albaiulia\/wp-content\/uploads\/2022\/10\/dans-10.jpeg\"><img loading=\"lazy\" decoding=\"async\" width=\"853\" height=\"1280\" data-id=\"104802\" src=\"https:\/\/urbeamea.ro\/albaiulia\/wp-content\/uploads\/2022\/10\/dans-10-853x1280.jpeg\" alt=\"\" class=\"wp-image-104802\" srcset=\"https:\/\/urbeamea.ro\/albaiulia\/wp-content\/uploads\/2022\/10\/dans-10-853x1280.jpeg 853w, https:\/\/urbeamea.ro\/albaiulia\/wp-content\/uploads\/2022\/10\/dans-10-427x640.jpeg 427w, https:\/\/urbeamea.ro\/albaiulia\/wp-content\/uploads\/2022\/10\/dans-10-100x150.jpeg 100w, https:\/\/urbeamea.ro\/albaiulia\/wp-content\/uploads\/2022\/10\/dans-10-768x1152.jpeg 768w, https:\/\/urbeamea.ro\/albaiulia\/wp-content\/uploads\/2022\/10\/dans-10-1024x1536.jpeg 1024w, https:\/\/urbeamea.ro\/albaiulia\/wp-content\/uploads\/2022\/10\/dans-10.jpeg 1365w\" sizes=\"auto, (max-width: 853px) 100vw, 853px\" \/><\/a><\/figure>\n\n\n\n<figure class=\"wp-block-image size-large\"><a href=\"https:\/\/urbeamea.ro\/albaiulia\/wp-content\/uploads\/2022\/10\/dans-9.jpeg\"><img loading=\"lazy\" decoding=\"async\" width=\"895\" height=\"1280\" data-id=\"104799\" src=\"https:\/\/urbeamea.ro\/albaiulia\/wp-content\/uploads\/2022\/10\/dans-9-895x1280.jpeg\" alt=\"\" class=\"wp-image-104799\" srcset=\"https:\/\/urbeamea.ro\/albaiulia\/wp-content\/uploads\/2022\/10\/dans-9-895x1280.jpeg 895w, https:\/\/urbeamea.ro\/albaiulia\/wp-content\/uploads\/2022\/10\/dans-9-447x640.jpeg 447w, https:\/\/urbeamea.ro\/albaiulia\/wp-content\/uploads\/2022\/10\/dans-9-105x150.jpeg 105w, https:\/\/urbeamea.ro\/albaiulia\/wp-content\/uploads\/2022\/10\/dans-9-768x1099.jpeg 768w, https:\/\/urbeamea.ro\/albaiulia\/wp-content\/uploads\/2022\/10\/dans-9.jpeg 901w\" sizes=\"auto, (max-width: 895px) 100vw, 895px\" \/><\/a><\/figure>\n\n\n\n<figure class=\"wp-block-image size-large\"><a href=\"https:\/\/urbeamea.ro\/albaiulia\/wp-content\/uploads\/2022\/10\/dans-5.jpeg\"><img loading=\"lazy\" decoding=\"async\" width=\"1280\" height=\"1280\" data-id=\"104800\" src=\"https:\/\/urbeamea.ro\/albaiulia\/wp-content\/uploads\/2022\/10\/dans-5-1280x1280.jpeg\" alt=\"\" class=\"wp-image-104800\" srcset=\"https:\/\/urbeamea.ro\/albaiulia\/wp-content\/uploads\/2022\/10\/dans-5-1280x1280.jpeg 1280w, https:\/\/urbeamea.ro\/albaiulia\/wp-content\/uploads\/2022\/10\/dans-5-640x640.jpeg 640w, https:\/\/urbeamea.ro\/albaiulia\/wp-content\/uploads\/2022\/10\/dans-5-150x150.jpeg 150w, https:\/\/urbeamea.ro\/albaiulia\/wp-content\/uploads\/2022\/10\/dans-5-768x768.jpeg 768w, https:\/\/urbeamea.ro\/albaiulia\/wp-content\/uploads\/2022\/10\/dans-5-1536x1536.jpeg 1536w, https:\/\/urbeamea.ro\/albaiulia\/wp-content\/uploads\/2022\/10\/dans-5.jpeg 1600w\" sizes=\"auto, (max-width: 1280px) 100vw, 1280px\" \/><\/a><\/figure>\n\n\n\n<figure class=\"wp-block-image size-large\"><a href=\"https:\/\/urbeamea.ro\/albaiulia\/wp-content\/uploads\/2022\/10\/dans-17.jpeg\"><img loading=\"lazy\" decoding=\"async\" width=\"959\" height=\"1280\" data-id=\"104803\" src=\"https:\/\/urbeamea.ro\/albaiulia\/wp-content\/uploads\/2022\/10\/dans-17-959x1280.jpeg\" alt=\"\" class=\"wp-image-104803\" srcset=\"https:\/\/urbeamea.ro\/albaiulia\/wp-content\/uploads\/2022\/10\/dans-17-959x1280.jpeg 959w, https:\/\/urbeamea.ro\/albaiulia\/wp-content\/uploads\/2022\/10\/dans-17-480x640.jpeg 480w, https:\/\/urbeamea.ro\/albaiulia\/wp-content\/uploads\/2022\/10\/dans-17-112x150.jpeg 112w, https:\/\/urbeamea.ro\/albaiulia\/wp-content\/uploads\/2022\/10\/dans-17-768x1025.jpeg 768w, https:\/\/urbeamea.ro\/albaiulia\/wp-content\/uploads\/2022\/10\/dans-17-1151x1536.jpeg 1151w, https:\/\/urbeamea.ro\/albaiulia\/wp-content\/uploads\/2022\/10\/dans-17.jpeg 1535w\" sizes=\"auto, (max-width: 959px) 100vw, 959px\" \/><\/a><\/figure>\n\n\n\n<figure class=\"wp-block-image size-large\"><a href=\"https:\/\/urbeamea.ro\/albaiulia\/wp-content\/uploads\/2022\/10\/dans-24.jpeg\"><img loading=\"lazy\" decoding=\"async\" width=\"854\" height=\"1280\" data-id=\"104801\" src=\"https:\/\/urbeamea.ro\/albaiulia\/wp-content\/uploads\/2022\/10\/dans-24-854x1280.jpeg\" alt=\"\" class=\"wp-image-104801\" srcset=\"https:\/\/urbeamea.ro\/albaiulia\/wp-content\/uploads\/2022\/10\/dans-24-854x1280.jpeg 854w, https:\/\/urbeamea.ro\/albaiulia\/wp-content\/uploads\/2022\/10\/dans-24-427x640.jpeg 427w, https:\/\/urbeamea.ro\/albaiulia\/wp-content\/uploads\/2022\/10\/dans-24-100x150.jpeg 100w, https:\/\/urbeamea.ro\/albaiulia\/wp-content\/uploads\/2022\/10\/dans-24-768x1151.jpeg 768w, https:\/\/urbeamea.ro\/albaiulia\/wp-content\/uploads\/2022\/10\/dans-24-1025x1536.jpeg 1025w, https:\/\/urbeamea.ro\/albaiulia\/wp-content\/uploads\/2022\/10\/dans-24.jpeg 1080w\" sizes=\"auto, (max-width: 854px) 100vw, 854px\" \/><\/a><\/figure>\n<\/figure>\n\n\n\n<p>\u0218i nu, nu e vorba doar de dezinvoltur\u0103 \u0219i de o op\u021biune de a petrece altfel timpul liber, &nbsp;e vorba \u0219i despre a \u00een\u021belege beneficiile acestui tip de sport. Dar ca s\u0103 \u00een\u021belegi asta, ca s\u0103 \u00ee\u021bi treac\u0103 m\u0103car prin cap, trebuie s\u0103 ai op\u021biuni, locuri unde s\u0103 po\u021bi s\u0103 te duci \u0219i s\u0103 te desf\u0103\u0219ori.<\/p>\n\n\n\n<p>Mno, toat\u0103 aceast\u0103 introducere sper c\u0103 v-a atras aten\u021bia, pentru c\u0103 urmeaz\u0103 o publicitate moka, adic\u0103 gratis, f\u0103r\u0103 niciun barter, parand\u0103r\u0103t, sau alt c\u00e2\u0219tig pentru noi, dec\u00e2t acela de a fi g\u0103sit, oameni buni, locul \u00een care se poate merge la dans, \u0219i ca s\u0103 \u00eenv\u0103\u021b\u0103m, \u0219i ca s\u0103 ne distr\u0103m!<\/p>\n\n\n\n<p>Moving Arts Company, a\u0219a se cheam\u0103 compania de dans \u00eenfiin\u021bat\u0103 de un fost prim balerin al Operei Na\u021bionale Rom\u00e2ne din Cluj Napoca, <strong>Mircea Bari\u021bchi<\/strong>, care a adus baletul profesionist la Alba Iulia, \u00een urm\u0103 cu \u0219apte ani. Ca o completare la fel de fireasc\u0103 precum cea din via\u021ba personal\u0103, i s-a al\u0103turat so\u021bia, <strong>Larisa<\/strong>, dansatoare de salsa \u0219i alte dansuri dintr-acestea care, pentru una ca mine pot suna a sosuri de pizza, dar nu-s! Bachata, kizomba, mno, dintr-astea, u\u0219oare c\u00e2nd te ui\u021bi la altul, la ei, cum danseaz\u0103.<\/p>\n\n\n\n<p>\u00cen 2018 au \u00eenceput primele cursuri de salsa \u00een Alba Iulia. \u0218i pe c\u00e2nd se \u00eenfiripa comunitatea, care la \u00eenceput num\u0103ra circa 30 de persoane, a venit Covidul, iar \u00eent\u00e2lnirile au continuat at\u00e2t c\u00e2t legea a permis, apoi au fost nevoi\u021bi s\u0103 le suspende. Timpul a trecut \u00eens\u0103 cu rost, a ap\u0103rut pe lume puiul lor, iar sf\u00e2r\u0219itul pandemiei i-a g\u0103sit \u00een form\u0103 \u0219i mai determina\u021bi ca niciodat\u0103 s\u0103 aduc\u0103 arta spectacolului, prin dans \u0219i balet, mai aproape de oameni, pentru ca \u0219i la Alba Iulia s\u0103 avem aceast\u0103 op\u021biune, de a face mi\u0219care \u00een timp ce, de fapt, te destinzi, socializezi, dansezi!<\/p>\n\n\n\n<p>\u201e\u00cencet, \u00eencet, ne-am revenit, ne-am recuperat comunitatea care a crescut tot mai mult. Acum avem cursan\u021bi \u0219i din Sibiu, Deva, Cluj Napoca, care vin s\u0103 danseze cu noi, vin la evenimentele pe care le organiz\u0103m, la serile de dans, s\u00e2mb\u0103ta, la CZECH In La Vizitiu\u201d, spune Larisa Bari\u021bchi.<\/p>\n\n\n\n<p>Apropo, urm\u0103toarea petrecere, combinat\u0103 cu un workshop de kizomba, va avea loc s\u00e2mb\u0103ta cealalt\u0103, \u00een 29 octombrie 2022. De la 18:30, atelierul de dans, la ei la sediu (pe bd-ul Ferdinand nr.78 D), iar party-ul de dup\u0103, de la 20.00, ca de obicei, tot la CZECH IN La Vizitiu. Se va l\u0103sa cu dans p\u00e2n\u0103 la epuizare, salsa, bachata \u0219i kizomba. V\u0103 pute\u021bi \u00eenscrie \u0219i voi, la nr. de tel: 0757806939. Este \u0219i o tax\u0103 de participare, de 35 de lei pentru workshop \u0219i 15 lei pentru petrecere. Voi decide\u021bi dac\u0103 vre\u021bi s\u0103 participa\u021bi la am\u00e2ndou\u0103 (ave\u021bi reducere, e doar 40 de lei pachetul), sau doar la una.<\/p>\n\n\n\n<p>\u201ePentru ei, cei care formeaz\u0103 comunitatea noastr\u0103 de dansatori, aducem mereu invita\u021bi din \u021bar\u0103, instructori de dans cu experien\u021b\u0103, de la care nu doar c\u0103 pot \u00eenv\u0103\u021ba tehnici noi, dar cu care pot \u0219i dansa, experiment\u00e2nd dincolo de ceea ce au \u00eenv\u0103\u021bat cu noi.\u201d, completeaz\u0103 Larisa.<\/p>\n\n\n\n<p>Mai mult dec\u00e2t dansatori, Mircea \u0219i Larisa sunt arti\u0219ti, pe fostul prim balerin al Operei Na\u021bionale Rom\u00e2ne din Cluj Napoca, microbul de a face din dans spectacol nu l-a p\u0103r\u0103sit, dealtfel, din timp \u00een timp, produc\u021biile sale \u00een materie de spectacol de balet fac deliciul publicului din Alba Iulia. \u00cen ordinea asta de g\u00e2nduri \u0219i ambi\u021bii, anul viitor, Moving Arts Company organizeaz\u0103 prima edi\u021bie a <strong>SALSAlba Festival<\/strong>. P\u00e2n\u0103 atunci, adic\u0103 p\u00e2n\u0103 \u00een februarie, \u00een intervalul 17-19 ale lunii, tot am avea timp s\u0103 \u00eenv\u0103\u021b\u0103m \u0219i noi c\u00e2teva mi\u0219c\u0103ri de baz\u0103.<\/p>\n\n\n\n<p><strong>Oferta Moving Arts Company: balet clasic, dans contemporan, jazz, lirycal, dans modern, salsa, bachata, kizomba, coregrafii personalizate pentru concursuri, evenimente speciale, nunt\u0103 \u0219i a\u0219a mai departe.<\/strong><\/p>\n\n\n\n<p>V\u00e2rsta de la care se poate urma cursul de balet, de exemplu, este de 4 ani, iar la dansuri, de 6 ani. Asta \u00een cazul copiilor, noi, restul, putem veni p\u00e2n\u0103 c\u00e2nd ne \u021bin \u00eencheieturile \u0219i avem spiritul t\u00e2n\u0103r. \u201eAm avut un cursant \u00een v\u00e2rst\u0103 de peste 50 de ani. A fost unul dintre cei mai serio\u0219i elevi, a venit toat\u0103 perioada \u00een care s-a aflat \u00een Alba Iulia, el fiind italian de origine\u201d, mi-a spus Mircea.<\/p>\n\n\n\n<p>\u00cenc\u0103 se mai fac \u00eenscrieri la grupele de \u00eencep\u0103tori, at\u00e2t la balet c\u00e2t \u0219i la salsa \u0219i bachata, nu e t\u00e2rziu s\u0103 alege\u021bi forma asta de mi\u0219care!<\/p>\n\n\n\n<p>\u0218tia\u021bi c\u0103 baletul este una dintre cele mai grele meserii din lume? Balerinele ies la pensie la 40 de ani, iar b\u0103rba\u021bii, la 45. \u0218i nu e de mirare! Cei care a\u021bi \u00eencercat m\u0103car o dat\u0103 o postur\u0103 de dans, \u0219ti\u021bi foarte bine c\u0103 e greu \u0219i s\u0103 o men\u021bii, dar\u0103mite \u0219i mai \u0219i faci pa\u0219i ml\u0103dio\u0219i \u00een tot r\u0103stimpul.<\/p>\n\n\n\n<p>Cursan\u021bii lui Mircea Bari\u021bchi iau premii, asta dac\u0103 v\u0103 intereseaz\u0103 performan\u021ba, deci nu e numai rela\u0219 \u0219i mi\u0219care, pentru cei care au ambi\u021bia asta. Iar nu pu\u021bini sunt tinerii care pleac\u0103 ulterior la licee de coregrafie din \u021bar\u0103: Cluj, Timi\u0219oara, Bucure\u0219ti. Fac carier\u0103 din dans, \u0219i asta \u00eei poart\u0103 pe unii departe, pe scenele lunii, pe vase de croazier\u0103, oriunde arta spectacolului \u00ee\u0219i g\u0103se\u0219te mediul propice.<\/p>\n\n\n\n<p>Mircea \u0219i Larisa danseaz\u0103, uneori, 7 zile din 7, multe ore pe zi. Cum de nu cad secera\u021bi? Ba, mai cad, dar se ridic\u0103 pentru c\u0103 \u201eatunci c\u00e2nd ajungi dansator profesionist, dansezi indiferent de stare, \u0219i dac\u0103 porne\u0219ti pe un fond ab\u0103tut, f\u0103c\u00e2nd ceea ce \u00ee\u021bi place, te recreezi! Ne face bine s\u0103 dans\u0103m, at\u00e2t fizic c\u00e2t \u0219i psihic! Interac\u021bion\u00e2nd mereu cu oamenii, te \u00eencarci de la ei\u201d, spune balerinul.<\/p>\n\n\n\n<p>La dansuri ori vii, ori nu vii! Nu exist\u0103 c\u0103 nu ai timp, c\u0103 nu ai forma fizic\u0103 necesar\u0103. P\u00e2n\u0103 nu \u00eencerci, nu ai de unde s\u0103 \u0219tii dac\u0103 e sau nu pentru tine. Prin dans scapi de anxiet\u0103\u021bi, de inhibi\u021bii. Copiii care danseaz\u0103 \u00een fa\u021ba publicului, fie \u0219i cel format din colegii de grup\u0103, nu vor avea niciodat\u0103 trac la un examen oral, o prezentare \u00een fa\u021ba clasei. S\u0103 \u00eenve\u021bi o coregrafie \u00eenseamn\u0103 s\u0103 lucrezi nu doar mu\u0219chii trupului, ci \u0219i mintea. Memoria intr\u0103 \u00een joc, coordonarea mi\u0219c\u0103rilor necesit\u0103 concentrare, \u0219i uite a\u0219a ai parte de un antrenament mai complex dec\u00e2t credeai. Creierul \u0219i corpul se dezvolt\u0103 armonios, \u00een timp ce dansezi. Era \u0219i o emisiune la TV, \u201eDansez pentru tine\u201d, de fapt, fiecare danseaz\u0103 pentru sine.!<\/p>\n\n\n\n<figure class=\"wp-block-gallery has-nested-images columns-default is-cropped wp-block-gallery-2 is-layout-flex wp-block-gallery-is-layout-flex\">\n<figure class=\"wp-block-image size-large\"><a href=\"https:\/\/urbeamea.ro\/albaiulia\/wp-content\/uploads\/2022\/10\/dans-8.jpeg\"><img loading=\"lazy\" decoding=\"async\" width=\"1280\" height=\"1280\" data-id=\"104805\" src=\"https:\/\/urbeamea.ro\/albaiulia\/wp-content\/uploads\/2022\/10\/dans-8-1280x1280.jpeg\" alt=\"\" class=\"wp-image-104805\" srcset=\"https:\/\/urbeamea.ro\/albaiulia\/wp-content\/uploads\/2022\/10\/dans-8-1280x1280.jpeg 1280w, https:\/\/urbeamea.ro\/albaiulia\/wp-content\/uploads\/2022\/10\/dans-8-640x640.jpeg 640w, https:\/\/urbeamea.ro\/albaiulia\/wp-content\/uploads\/2022\/10\/dans-8-150x150.jpeg 150w, https:\/\/urbeamea.ro\/albaiulia\/wp-content\/uploads\/2022\/10\/dans-8-768x768.jpeg 768w, https:\/\/urbeamea.ro\/albaiulia\/wp-content\/uploads\/2022\/10\/dans-8.jpeg 1296w\" sizes=\"auto, (max-width: 1280px) 100vw, 1280px\" \/><\/a><\/figure>\n\n\n\n<figure class=\"wp-block-image size-large\"><a href=\"https:\/\/urbeamea.ro\/albaiulia\/wp-content\/uploads\/2022\/10\/dans-14.jpeg\"><img loading=\"lazy\" decoding=\"async\" width=\"1153\" height=\"1280\" data-id=\"104806\" src=\"https:\/\/urbeamea.ro\/albaiulia\/wp-content\/uploads\/2022\/10\/dans-14-1153x1280.jpeg\" alt=\"\" class=\"wp-image-104806\" srcset=\"https:\/\/urbeamea.ro\/albaiulia\/wp-content\/uploads\/2022\/10\/dans-14-1153x1280.jpeg 1153w, https:\/\/urbeamea.ro\/albaiulia\/wp-content\/uploads\/2022\/10\/dans-14-576x640.jpeg 576w, https:\/\/urbeamea.ro\/albaiulia\/wp-content\/uploads\/2022\/10\/dans-14-135x150.jpeg 135w, https:\/\/urbeamea.ro\/albaiulia\/wp-content\/uploads\/2022\/10\/dans-14-768x853.jpeg 768w, https:\/\/urbeamea.ro\/albaiulia\/wp-content\/uploads\/2022\/10\/dans-14.jpeg 1212w\" sizes=\"auto, (max-width: 1153px) 100vw, 1153px\" \/><\/a><\/figure>\n\n\n\n<figure class=\"wp-block-image size-large\"><a href=\"https:\/\/urbeamea.ro\/albaiulia\/wp-content\/uploads\/2022\/10\/dans-26.jpeg\"><img loading=\"lazy\" decoding=\"async\" width=\"1280\" height=\"960\" data-id=\"104808\" src=\"https:\/\/urbeamea.ro\/albaiulia\/wp-content\/uploads\/2022\/10\/dans-26-1280x960.jpeg\" alt=\"\" class=\"wp-image-104808\" srcset=\"https:\/\/urbeamea.ro\/albaiulia\/wp-content\/uploads\/2022\/10\/dans-26-1280x960.jpeg 1280w, https:\/\/urbeamea.ro\/albaiulia\/wp-content\/uploads\/2022\/10\/dans-26-640x480.jpeg 640w, https:\/\/urbeamea.ro\/albaiulia\/wp-content\/uploads\/2022\/10\/dans-26-150x113.jpeg 150w, https:\/\/urbeamea.ro\/albaiulia\/wp-content\/uploads\/2022\/10\/dans-26-768x576.jpeg 768w, https:\/\/urbeamea.ro\/albaiulia\/wp-content\/uploads\/2022\/10\/dans-26-1536x1152.jpeg 1536w, https:\/\/urbeamea.ro\/albaiulia\/wp-content\/uploads\/2022\/10\/dans-26.jpeg 2048w\" sizes=\"auto, (max-width: 1280px) 100vw, 1280px\" \/><\/a><\/figure>\n\n\n\n<figure class=\"wp-block-image size-large\"><a href=\"https:\/\/urbeamea.ro\/albaiulia\/wp-content\/uploads\/2022\/10\/dans-13.jpeg\"><img loading=\"lazy\" decoding=\"async\" width=\"1280\" height=\"1280\" data-id=\"104807\" src=\"https:\/\/urbeamea.ro\/albaiulia\/wp-content\/uploads\/2022\/10\/dans-13-1280x1280.jpeg\" alt=\"\" class=\"wp-image-104807\" srcset=\"https:\/\/urbeamea.ro\/albaiulia\/wp-content\/uploads\/2022\/10\/dans-13-1280x1280.jpeg 1280w, https:\/\/urbeamea.ro\/albaiulia\/wp-content\/uploads\/2022\/10\/dans-13-640x640.jpeg 640w, https:\/\/urbeamea.ro\/albaiulia\/wp-content\/uploads\/2022\/10\/dans-13-150x150.jpeg 150w, https:\/\/urbeamea.ro\/albaiulia\/wp-content\/uploads\/2022\/10\/dans-13-768x768.jpeg 768w, https:\/\/urbeamea.ro\/albaiulia\/wp-content\/uploads\/2022\/10\/dans-13.jpeg 1399w\" sizes=\"auto, (max-width: 1280px) 100vw, 1280px\" \/><\/a><\/figure>\n\n\n\n<figure class=\"wp-block-image size-large\"><a href=\"https:\/\/urbeamea.ro\/albaiulia\/wp-content\/uploads\/2022\/10\/dans-12.jpeg\"><img loading=\"lazy\" decoding=\"async\" width=\"1080\" height=\"720\" data-id=\"104804\" src=\"https:\/\/urbeamea.ro\/albaiulia\/wp-content\/uploads\/2022\/10\/dans-12.jpeg\" alt=\"\" class=\"wp-image-104804\" srcset=\"https:\/\/urbeamea.ro\/albaiulia\/wp-content\/uploads\/2022\/10\/dans-12.jpeg 1080w, https:\/\/urbeamea.ro\/albaiulia\/wp-content\/uploads\/2022\/10\/dans-12-640x427.jpeg 640w, https:\/\/urbeamea.ro\/albaiulia\/wp-content\/uploads\/2022\/10\/dans-12-150x100.jpeg 150w, https:\/\/urbeamea.ro\/albaiulia\/wp-content\/uploads\/2022\/10\/dans-12-768x512.jpeg 768w\" sizes=\"auto, (max-width: 1080px) 100vw, 1080px\" \/><\/a><\/figure>\n<\/figure>\n\n\n\n<p><strong>M\u0103rturii:<\/strong><\/p>\n\n\n\n<p><strong>Renata<\/strong>, 42 de ani, vine la cursurile de dans \u00eenc\u0103 de la \u00eenceput, de 4 ani! \u201eAici e relaxare total\u0103, un loc pe care \u00eel recomand oricui. P\u00e2n\u0103 la urm\u0103, sportul este benefic oricui, dar dansul \u00ee\u021bi ofer\u0103 ocazia, ca femeie, s\u0103 \u00ee\u021bi pui \u00een valoarea feminitatea, senzualitatea!\u201d.<\/p>\n\n\n\n<p><strong>Andreea<\/strong>, 30 de ani, vine de la 26 de ani la orele de dans ale lui Mircea \u0219i Larisa. \u201eDe mult a\u0219teptam s\u0103 se fac\u0103 asemenea cursuri de dans \u0219i \u00een Alba Iulia. C\u00e2nd am aflat de ei, am mers imediat \u0219i cel mai bun semn c\u0103 sunt ce trebuie este faptul c\u0103 nu am renun\u021bat. C\u00e2nd dansez, simt o bucurie, o \u00eemplinire, simt c\u0103 tr\u0103iesc! Ei sunt super prieteno\u0219i, super mi\u0219to, calzi, o pl\u0103cere s\u0103 fii \u00een preajma lor. Veni\u021bi, da\u021bi-v\u0103 voie s\u0103 fi\u021bi voi, ave\u021bi curaj, sim\u021bi\u021bi ritmul, elibera\u021bi-v\u0103 prin dans!<\/p>\n\n\n\n<p><strong>Eni<\/strong>, 45 de ani. \u201e\u00cemi place foarte mult s\u0103 simt muzica! C\u00e2nd \u00eenv\u0103\u021b pa\u0219i noi, abia a\u0219tept s\u0103-i st\u0103p\u00e2nesc, ca s\u0103 m\u0103 mi\u0219c c\u00e2t mai bine pe muzic\u0103. Am c\u0103utat oportunitatea asta \u00een Alba de mult\u0103 vreme, nu \u0219tiam c\u0103 se fac dansuri la acest nivel, \u0219i m-am bucurat c\u00e2nd i-a descoperit. Atmosfera e fain\u0103 la cursuri, ei sunt un cuplu fain, ne distr\u0103m \u00eempreun\u0103, v\u0103 a\u0219tept\u0103m \u0219i pe voi!\u201d<\/p>\n\n\n\n<p><strong>Simona<\/strong>, 47 de ani, de 3 ani vine la dansuri. \u201eN-am lipsit niciodat\u0103, \u0219i dac\u0103 str\u0103nutam, c\u00e2nd veneam la dansuri \u00eemi trecea. Munca la birou m-a cadorisit cu 5 hernii de disc, dar c\u00e2nd dansez, nu m\u0103 mai doare! \u00cen pandemie, c\u00e2nd nu s-au mai \u021binut dansurile, am fost disperat\u0103. A\u0219 fi pl\u0103tit s\u0103 fac\u0103 ore numai cu mine, unu la unu! Degeaba dansezi tu acas\u0103, nu e acela\u0219i lucru. Pentru mine, e medicament. Dorm noaptea f\u0103r\u0103 s\u0103 m\u0103 doar\u0103 spatele. \u00cencerca\u021bi, e stare de bine pur\u0103, o or\u0103 e\u0219ti fericit, rupt de cotidian, de orice. Probleme? Nu mai \u0219tii de ele! Eu cred c\u0103 \u0219i Dumnezeu danseaz\u0103, \u0219i danseaz\u0103 odat\u0103 cu mine!\u201d<\/p>\n\n\n\n<p>Pe Larisa \u0219i Mircea Bari\u021bchi \u00eei g\u0103si\u021bi aici: <a href=\"https:\/\/www.facebook.com\/movingartscompany\" target=\"_blank\" rel=\"noreferrer noopener\">https:\/\/www.facebook.com\/movingartscompany<\/a>. C\u0103uta\u021bii \u0219i dansa\u021bi, dansa\u021bi pentru voi!<\/p>\n","protected":false},"excerpt":{"rendered":"<p>*Simona, cursant Moving Arts Company: \u201eEu cred c\u0103 \u0219i Dumnezeu danseaz\u0103, \u0219i danseaz\u0103 odat\u0103 cu mine!\u201d Voi \u0219ti\u021bi dansa? \u0218i nu vorbesc de freestyle personalizat de voi, pe sistemul \u201efeel the rithm\u201d \u0219i Dumnezeu s\u0103 ne judece, nu, ceva dans recognoscibil, care s\u0103 poat\u0103 fi \u00eencadrat \u00een ceva categorie! Dac\u0103 nu \u0219ti\u021bi, nici nu e &hellip;<\/p>\n","protected":false},"author":27,"featured_media":104797,"comment_status":"open","ping_status":"open","sticky":false,"template":"","format":"standard","meta":{"inline_featured_image":false,"footnotes":""},"categories":[812],"tags":[24610,24611,19368],"class_list":["post-104796","post","type-post","status-publish","format-standard","has-post-thumbnail","hentry","category-interviu","tag-larisa-baritchi","tag-mircea-baritchi","tag-moving-arts-company"],"yoast_head":"<!-- This site is optimized with the Yoast SEO plugin v27.4 - https:\/\/yoast.com\/product\/yoast-seo-wordpress\/ -->\n<title>Larisa \u0219i Mircea Bari\u021bchi, perechea care a adus baletul profesionist \u0219i ritmurile de salsa \u0219i bachata la Alba Iulia - Revista Urbea Mea - Revista de Alba<\/title>\n<meta name=\"description\" content=\"*Simona, cursant Moving Arts Company: \u201eEu cred c\u0103 \u0219i Dumnezeu danseaz\u0103, \u0219i danseaz\u0103 odat\u0103 cu mine!\u201d Voi \u0219ti\u021bi dansa? \u0218i nu vorbesc de freestyle\" \/>\n<meta name=\"robots\" content=\"index, follow, max-snippet:-1, max-image-preview:large, max-video-preview:-1\" \/>\n<link rel=\"canonical\" href=\"https:\/\/urbeamea.ro\/albaiulia\/larisa-si-mircea-baritchi-perechea-care-a-adus-baletul-profesionist-si-ritmurile-de-salsa-si-bachata-la-alba-iulia\/\" \/>\n<meta name=\"twitter:card\" content=\"summary_large_image\" \/>\n<meta name=\"twitter:title\" content=\"Larisa \u0219i Mircea Bari\u021bchi, perechea care a adus baletul profesionist \u0219i ritmurile de salsa \u0219i bachata la Alba Iulia - Revista Urbea Mea - Revista de Alba\" \/>\n<meta name=\"twitter:description\" content=\"*Simona, cursant Moving Arts Company: \u201eEu cred c\u0103 \u0219i Dumnezeu danseaz\u0103, \u0219i danseaz\u0103 odat\u0103 cu mine!\u201d Voi \u0219ti\u021bi dansa? \u0218i nu vorbesc de freestyle\" \/>\n<meta name=\"twitter:image\" content=\"https:\/\/urbeamea.ro\/albaiulia\/wp-content\/uploads\/2022\/10\/dans-4.jpeg\" \/>\n<meta name=\"twitter:creator\" content=\"@urbeameaweb\" \/>\n<meta name=\"twitter:site\" content=\"@urbeameaweb\" \/>\n<script type=\"application\/ld+json\" class=\"yoast-schema-graph\">{\"@context\":\"https:\\\/\\\/schema.org\",\"@graph\":[{\"@type\":\"Article\",\"@id\":\"https:\\\/\\\/urbeamea.ro\\\/albaiulia\\\/larisa-si-mircea-baritchi-perechea-care-a-adus-baletul-profesionist-si-ritmurile-de-salsa-si-bachata-la-alba-iulia\\\/#article\",\"isPartOf\":{\"@id\":\"https:\\\/\\\/urbeamea.ro\\\/albaiulia\\\/larisa-si-mircea-baritchi-perechea-care-a-adus-baletul-profesionist-si-ritmurile-de-salsa-si-bachata-la-alba-iulia\\\/\"},\"author\":{\"name\":\"Stoia Daniela\",\"@id\":\"https:\\\/\\\/urbeamea.ro\\\/albaiulia\\\/#\\\/schema\\\/person\\\/91e3c5a380c685aef9f0295ef6449b3c\"},\"headline\":\"Larisa \u0219i Mircea Bari\u021bchi, perechea care a adus baletul profesionist \u0219i ritmurile de salsa \u0219i bachata la Alba Iulia\",\"datePublished\":\"2022-10-21T17:39:38+00:00\",\"dateModified\":\"2022-10-21T18:59:39+00:00\",\"mainEntityOfPage\":{\"@id\":\"https:\\\/\\\/urbeamea.ro\\\/albaiulia\\\/larisa-si-mircea-baritchi-perechea-care-a-adus-baletul-profesionist-si-ritmurile-de-salsa-si-bachata-la-alba-iulia\\\/\"},\"wordCount\":1765,\"commentCount\":0,\"image\":{\"@id\":\"https:\\\/\\\/urbeamea.ro\\\/albaiulia\\\/larisa-si-mircea-baritchi-perechea-care-a-adus-baletul-profesionist-si-ritmurile-de-salsa-si-bachata-la-alba-iulia\\\/#primaryimage\"},\"thumbnailUrl\":\"https:\\\/\\\/urbeamea.ro\\\/albaiulia\\\/wp-content\\\/uploads\\\/2022\\\/10\\\/dans-4.jpeg\",\"keywords\":[\"Larisa Bari\u021bchi\",\"Mircea Bari\u021bchi\",\"moving arts company\"],\"articleSection\":[\"Interviuri\"],\"inLanguage\":\"ro-RO\",\"potentialAction\":[{\"@type\":\"CommentAction\",\"name\":\"Comment\",\"target\":[\"https:\\\/\\\/urbeamea.ro\\\/albaiulia\\\/larisa-si-mircea-baritchi-perechea-care-a-adus-baletul-profesionist-si-ritmurile-de-salsa-si-bachata-la-alba-iulia\\\/#respond\"]}]},{\"@type\":\"WebPage\",\"@id\":\"https:\\\/\\\/urbeamea.ro\\\/albaiulia\\\/larisa-si-mircea-baritchi-perechea-care-a-adus-baletul-profesionist-si-ritmurile-de-salsa-si-bachata-la-alba-iulia\\\/\",\"url\":\"https:\\\/\\\/urbeamea.ro\\\/albaiulia\\\/larisa-si-mircea-baritchi-perechea-care-a-adus-baletul-profesionist-si-ritmurile-de-salsa-si-bachata-la-alba-iulia\\\/\",\"name\":\"Larisa \u0219i Mircea Bari\u021bchi, perechea care a adus baletul profesionist \u0219i ritmurile de salsa \u0219i bachata la Alba Iulia - Revista Urbea Mea - Revista de Alba\",\"isPartOf\":{\"@id\":\"https:\\\/\\\/urbeamea.ro\\\/albaiulia\\\/#website\"},\"primaryImageOfPage\":{\"@id\":\"https:\\\/\\\/urbeamea.ro\\\/albaiulia\\\/larisa-si-mircea-baritchi-perechea-care-a-adus-baletul-profesionist-si-ritmurile-de-salsa-si-bachata-la-alba-iulia\\\/#primaryimage\"},\"image\":{\"@id\":\"https:\\\/\\\/urbeamea.ro\\\/albaiulia\\\/larisa-si-mircea-baritchi-perechea-care-a-adus-baletul-profesionist-si-ritmurile-de-salsa-si-bachata-la-alba-iulia\\\/#primaryimage\"},\"thumbnailUrl\":\"https:\\\/\\\/urbeamea.ro\\\/albaiulia\\\/wp-content\\\/uploads\\\/2022\\\/10\\\/dans-4.jpeg\",\"datePublished\":\"2022-10-21T17:39:38+00:00\",\"dateModified\":\"2022-10-21T18:59:39+00:00\",\"author\":{\"@id\":\"https:\\\/\\\/urbeamea.ro\\\/albaiulia\\\/#\\\/schema\\\/person\\\/91e3c5a380c685aef9f0295ef6449b3c\"},\"description\":\"*Simona, cursant Moving Arts Company: \u201eEu cred c\u0103 \u0219i Dumnezeu danseaz\u0103, \u0219i danseaz\u0103 odat\u0103 cu mine!\u201d Voi \u0219ti\u021bi dansa? \u0218i nu vorbesc de freestyle\",\"breadcrumb\":{\"@id\":\"https:\\\/\\\/urbeamea.ro\\\/albaiulia\\\/larisa-si-mircea-baritchi-perechea-care-a-adus-baletul-profesionist-si-ritmurile-de-salsa-si-bachata-la-alba-iulia\\\/#breadcrumb\"},\"inLanguage\":\"ro-RO\",\"potentialAction\":[{\"@type\":\"ReadAction\",\"target\":[\"https:\\\/\\\/urbeamea.ro\\\/albaiulia\\\/larisa-si-mircea-baritchi-perechea-care-a-adus-baletul-profesionist-si-ritmurile-de-salsa-si-bachata-la-alba-iulia\\\/\"]}]},{\"@type\":\"ImageObject\",\"inLanguage\":\"ro-RO\",\"@id\":\"https:\\\/\\\/urbeamea.ro\\\/albaiulia\\\/larisa-si-mircea-baritchi-perechea-care-a-adus-baletul-profesionist-si-ritmurile-de-salsa-si-bachata-la-alba-iulia\\\/#primaryimage\",\"url\":\"https:\\\/\\\/urbeamea.ro\\\/albaiulia\\\/wp-content\\\/uploads\\\/2022\\\/10\\\/dans-4.jpeg\",\"contentUrl\":\"https:\\\/\\\/urbeamea.ro\\\/albaiulia\\\/wp-content\\\/uploads\\\/2022\\\/10\\\/dans-4.jpeg\",\"width\":1000,\"height\":1000},{\"@type\":\"BreadcrumbList\",\"@id\":\"https:\\\/\\\/urbeamea.ro\\\/albaiulia\\\/larisa-si-mircea-baritchi-perechea-care-a-adus-baletul-profesionist-si-ritmurile-de-salsa-si-bachata-la-alba-iulia\\\/#breadcrumb\",\"itemListElement\":[{\"@type\":\"ListItem\",\"position\":1,\"name\":\"Prima pagin\u0103\",\"item\":\"https:\\\/\\\/urbeamea.ro\\\/albaiulia\\\/\"},{\"@type\":\"ListItem\",\"position\":2,\"name\":\"Larisa \u0219i Mircea Bari\u021bchi, perechea care a adus baletul profesionist \u0219i ritmurile de salsa \u0219i bachata la Alba Iulia\"}]},{\"@type\":\"WebSite\",\"@id\":\"https:\\\/\\\/urbeamea.ro\\\/albaiulia\\\/#website\",\"url\":\"https:\\\/\\\/urbeamea.ro\\\/albaiulia\\\/\",\"name\":\"Revista Urbea Mea, Stiri urbane\",\"description\":\"Evenimente \u0219i \u0219tiri din Alba Iulia, Sebe\u0219, Aiud, Blaj\",\"potentialAction\":[{\"@type\":\"SearchAction\",\"target\":{\"@type\":\"EntryPoint\",\"urlTemplate\":\"https:\\\/\\\/urbeamea.ro\\\/albaiulia\\\/?s={search_term_string}\"},\"query-input\":{\"@type\":\"PropertyValueSpecification\",\"valueRequired\":true,\"valueName\":\"search_term_string\"}}],\"inLanguage\":\"ro-RO\"},{\"@type\":\"Person\",\"@id\":\"https:\\\/\\\/urbeamea.ro\\\/albaiulia\\\/#\\\/schema\\\/person\\\/91e3c5a380c685aef9f0295ef6449b3c\",\"name\":\"Stoia Daniela\",\"image\":{\"@type\":\"ImageObject\",\"inLanguage\":\"ro-RO\",\"@id\":\"https:\\\/\\\/secure.gravatar.com\\\/avatar\\\/5aaf6eef20c2b497aa6b10eb1d0ea3e79b9229f0518d4c68b0fe81d133d3c8ca?s=96&d=mm&r=g\",\"url\":\"https:\\\/\\\/secure.gravatar.com\\\/avatar\\\/5aaf6eef20c2b497aa6b10eb1d0ea3e79b9229f0518d4c68b0fe81d133d3c8ca?s=96&d=mm&r=g\",\"contentUrl\":\"https:\\\/\\\/secure.gravatar.com\\\/avatar\\\/5aaf6eef20c2b497aa6b10eb1d0ea3e79b9229f0518d4c68b0fe81d133d3c8ca?s=96&d=mm&r=g\",\"caption\":\"Stoia Daniela\"},\"url\":\"https:\\\/\\\/urbeamea.ro\\\/albaiulia\\\/author\\\/daniela-stoia\\\/\"}]}<\/script>\n<!-- \/ Yoast SEO plugin. -->","yoast_head_json":{"title":"Larisa \u0219i Mircea Bari\u021bchi, perechea care a adus baletul profesionist \u0219i ritmurile de salsa \u0219i bachata la Alba Iulia - Revista Urbea Mea - Revista de Alba","description":"*Simona, cursant Moving Arts Company: \u201eEu cred c\u0103 \u0219i Dumnezeu danseaz\u0103, \u0219i danseaz\u0103 odat\u0103 cu mine!\u201d Voi \u0219ti\u021bi dansa? \u0218i nu vorbesc de freestyle","robots":{"index":"index","follow":"follow","max-snippet":"max-snippet:-1","max-image-preview":"max-image-preview:large","max-video-preview":"max-video-preview:-1"},"canonical":"https:\/\/urbeamea.ro\/albaiulia\/larisa-si-mircea-baritchi-perechea-care-a-adus-baletul-profesionist-si-ritmurile-de-salsa-si-bachata-la-alba-iulia\/","twitter_card":"summary_large_image","twitter_title":"Larisa \u0219i Mircea Bari\u021bchi, perechea care a adus baletul profesionist \u0219i ritmurile de salsa \u0219i bachata la Alba Iulia - Revista Urbea Mea - Revista de Alba","twitter_description":"*Simona, cursant Moving Arts Company: \u201eEu cred c\u0103 \u0219i Dumnezeu danseaz\u0103, \u0219i danseaz\u0103 odat\u0103 cu mine!\u201d Voi \u0219ti\u021bi dansa? \u0218i nu vorbesc de freestyle","twitter_image":"https:\/\/urbeamea.ro\/albaiulia\/wp-content\/uploads\/2022\/10\/dans-4.jpeg","twitter_creator":"@urbeameaweb","twitter_site":"@urbeameaweb","schema":{"@context":"https:\/\/schema.org","@graph":[{"@type":"Article","@id":"https:\/\/urbeamea.ro\/albaiulia\/larisa-si-mircea-baritchi-perechea-care-a-adus-baletul-profesionist-si-ritmurile-de-salsa-si-bachata-la-alba-iulia\/#article","isPartOf":{"@id":"https:\/\/urbeamea.ro\/albaiulia\/larisa-si-mircea-baritchi-perechea-care-a-adus-baletul-profesionist-si-ritmurile-de-salsa-si-bachata-la-alba-iulia\/"},"author":{"name":"Stoia Daniela","@id":"https:\/\/urbeamea.ro\/albaiulia\/#\/schema\/person\/91e3c5a380c685aef9f0295ef6449b3c"},"headline":"Larisa \u0219i Mircea Bari\u021bchi, perechea care a adus baletul profesionist \u0219i ritmurile de salsa \u0219i bachata la Alba Iulia","datePublished":"2022-10-21T17:39:38+00:00","dateModified":"2022-10-21T18:59:39+00:00","mainEntityOfPage":{"@id":"https:\/\/urbeamea.ro\/albaiulia\/larisa-si-mircea-baritchi-perechea-care-a-adus-baletul-profesionist-si-ritmurile-de-salsa-si-bachata-la-alba-iulia\/"},"wordCount":1765,"commentCount":0,"image":{"@id":"https:\/\/urbeamea.ro\/albaiulia\/larisa-si-mircea-baritchi-perechea-care-a-adus-baletul-profesionist-si-ritmurile-de-salsa-si-bachata-la-alba-iulia\/#primaryimage"},"thumbnailUrl":"https:\/\/urbeamea.ro\/albaiulia\/wp-content\/uploads\/2022\/10\/dans-4.jpeg","keywords":["Larisa Bari\u021bchi","Mircea Bari\u021bchi","moving arts company"],"articleSection":["Interviuri"],"inLanguage":"ro-RO","potentialAction":[{"@type":"CommentAction","name":"Comment","target":["https:\/\/urbeamea.ro\/albaiulia\/larisa-si-mircea-baritchi-perechea-care-a-adus-baletul-profesionist-si-ritmurile-de-salsa-si-bachata-la-alba-iulia\/#respond"]}]},{"@type":"WebPage","@id":"https:\/\/urbeamea.ro\/albaiulia\/larisa-si-mircea-baritchi-perechea-care-a-adus-baletul-profesionist-si-ritmurile-de-salsa-si-bachata-la-alba-iulia\/","url":"https:\/\/urbeamea.ro\/albaiulia\/larisa-si-mircea-baritchi-perechea-care-a-adus-baletul-profesionist-si-ritmurile-de-salsa-si-bachata-la-alba-iulia\/","name":"Larisa \u0219i Mircea Bari\u021bchi, perechea care a adus baletul profesionist \u0219i ritmurile de salsa \u0219i bachata la Alba Iulia - Revista Urbea Mea - Revista de Alba","isPartOf":{"@id":"https:\/\/urbeamea.ro\/albaiulia\/#website"},"primaryImageOfPage":{"@id":"https:\/\/urbeamea.ro\/albaiulia\/larisa-si-mircea-baritchi-perechea-care-a-adus-baletul-profesionist-si-ritmurile-de-salsa-si-bachata-la-alba-iulia\/#primaryimage"},"image":{"@id":"https:\/\/urbeamea.ro\/albaiulia\/larisa-si-mircea-baritchi-perechea-care-a-adus-baletul-profesionist-si-ritmurile-de-salsa-si-bachata-la-alba-iulia\/#primaryimage"},"thumbnailUrl":"https:\/\/urbeamea.ro\/albaiulia\/wp-content\/uploads\/2022\/10\/dans-4.jpeg","datePublished":"2022-10-21T17:39:38+00:00","dateModified":"2022-10-21T18:59:39+00:00","author":{"@id":"https:\/\/urbeamea.ro\/albaiulia\/#\/schema\/person\/91e3c5a380c685aef9f0295ef6449b3c"},"description":"*Simona, cursant Moving Arts Company: \u201eEu cred c\u0103 \u0219i Dumnezeu danseaz\u0103, \u0219i danseaz\u0103 odat\u0103 cu mine!\u201d Voi \u0219ti\u021bi dansa? \u0218i nu vorbesc de freestyle","breadcrumb":{"@id":"https:\/\/urbeamea.ro\/albaiulia\/larisa-si-mircea-baritchi-perechea-care-a-adus-baletul-profesionist-si-ritmurile-de-salsa-si-bachata-la-alba-iulia\/#breadcrumb"},"inLanguage":"ro-RO","potentialAction":[{"@type":"ReadAction","target":["https:\/\/urbeamea.ro\/albaiulia\/larisa-si-mircea-baritchi-perechea-care-a-adus-baletul-profesionist-si-ritmurile-de-salsa-si-bachata-la-alba-iulia\/"]}]},{"@type":"ImageObject","inLanguage":"ro-RO","@id":"https:\/\/urbeamea.ro\/albaiulia\/larisa-si-mircea-baritchi-perechea-care-a-adus-baletul-profesionist-si-ritmurile-de-salsa-si-bachata-la-alba-iulia\/#primaryimage","url":"https:\/\/urbeamea.ro\/albaiulia\/wp-content\/uploads\/2022\/10\/dans-4.jpeg","contentUrl":"https:\/\/urbeamea.ro\/albaiulia\/wp-content\/uploads\/2022\/10\/dans-4.jpeg","width":1000,"height":1000},{"@type":"BreadcrumbList","@id":"https:\/\/urbeamea.ro\/albaiulia\/larisa-si-mircea-baritchi-perechea-care-a-adus-baletul-profesionist-si-ritmurile-de-salsa-si-bachata-la-alba-iulia\/#breadcrumb","itemListElement":[{"@type":"ListItem","position":1,"name":"Prima pagin\u0103","item":"https:\/\/urbeamea.ro\/albaiulia\/"},{"@type":"ListItem","position":2,"name":"Larisa \u0219i Mircea Bari\u021bchi, perechea care a adus baletul profesionist \u0219i ritmurile de salsa \u0219i bachata la Alba Iulia"}]},{"@type":"WebSite","@id":"https:\/\/urbeamea.ro\/albaiulia\/#website","url":"https:\/\/urbeamea.ro\/albaiulia\/","name":"Revista Urbea Mea, Stiri urbane","description":"Evenimente \u0219i \u0219tiri din Alba Iulia, Sebe\u0219, Aiud, Blaj","potentialAction":[{"@type":"SearchAction","target":{"@type":"EntryPoint","urlTemplate":"https:\/\/urbeamea.ro\/albaiulia\/?s={search_term_string}"},"query-input":{"@type":"PropertyValueSpecification","valueRequired":true,"valueName":"search_term_string"}}],"inLanguage":"ro-RO"},{"@type":"Person","@id":"https:\/\/urbeamea.ro\/albaiulia\/#\/schema\/person\/91e3c5a380c685aef9f0295ef6449b3c","name":"Stoia Daniela","image":{"@type":"ImageObject","inLanguage":"ro-RO","@id":"https:\/\/secure.gravatar.com\/avatar\/5aaf6eef20c2b497aa6b10eb1d0ea3e79b9229f0518d4c68b0fe81d133d3c8ca?s=96&d=mm&r=g","url":"https:\/\/secure.gravatar.com\/avatar\/5aaf6eef20c2b497aa6b10eb1d0ea3e79b9229f0518d4c68b0fe81d133d3c8ca?s=96&d=mm&r=g","contentUrl":"https:\/\/secure.gravatar.com\/avatar\/5aaf6eef20c2b497aa6b10eb1d0ea3e79b9229f0518d4c68b0fe81d133d3c8ca?s=96&d=mm&r=g","caption":"Stoia Daniela"},"url":"https:\/\/urbeamea.ro\/albaiulia\/author\/daniela-stoia\/"}]}},"_links":{"self":[{"href":"https:\/\/urbeamea.ro\/albaiulia\/wp-json\/wp\/v2\/posts\/104796","targetHints":{"allow":["GET"]}}],"collection":[{"href":"https:\/\/urbeamea.ro\/albaiulia\/wp-json\/wp\/v2\/posts"}],"about":[{"href":"https:\/\/urbeamea.ro\/albaiulia\/wp-json\/wp\/v2\/types\/post"}],"author":[{"embeddable":true,"href":"https:\/\/urbeamea.ro\/albaiulia\/wp-json\/wp\/v2\/users\/27"}],"replies":[{"embeddable":true,"href":"https:\/\/urbeamea.ro\/albaiulia\/wp-json\/wp\/v2\/comments?post=104796"}],"version-history":[{"count":2,"href":"https:\/\/urbeamea.ro\/albaiulia\/wp-json\/wp\/v2\/posts\/104796\/revisions"}],"predecessor-version":[{"id":104812,"href":"https:\/\/urbeamea.ro\/albaiulia\/wp-json\/wp\/v2\/posts\/104796\/revisions\/104812"}],"wp:featuredmedia":[{"embeddable":true,"href":"https:\/\/urbeamea.ro\/albaiulia\/wp-json\/wp\/v2\/media\/104797"}],"wp:attachment":[{"href":"https:\/\/urbeamea.ro\/albaiulia\/wp-json\/wp\/v2\/media?parent=104796"}],"wp:term":[{"taxonomy":"category","embeddable":true,"href":"https:\/\/urbeamea.ro\/albaiulia\/wp-json\/wp\/v2\/categories?post=104796"},{"taxonomy":"post_tag","embeddable":true,"href":"https:\/\/urbeamea.ro\/albaiulia\/wp-json\/wp\/v2\/tags?post=104796"}],"curies":[{"name":"wp","href":"https:\/\/api.w.org\/{rel}","templated":true}]}}