{"id":104967,"date":"2022-11-01T16:34:42","date_gmt":"2022-11-01T14:34:42","guid":{"rendered":"https:\/\/urbeamea.ro\/albaiulia\/?p=104967"},"modified":"2022-11-01T16:34:43","modified_gmt":"2022-11-01T14:34:43","slug":"col-r-dorin-oaida-si-diana-moga-lanseaza-volumul-realitati-acoperite-de-praf-joi-la-casa-de-cultura-a-studentilor","status":"publish","type":"post","link":"https:\/\/urbeamea.ro\/albaiulia\/col-r-dorin-oaida-si-diana-moga-lanseaza-volumul-realitati-acoperite-de-praf-joi-la-casa-de-cultura-a-studentilor\/","title":{"rendered":"<strong>Col. (r) Dorin Oaid\u0103 \u0219i Diana Moga lanseaz\u0103 volumul \u201eRealit\u0103\u021bi acoperite de praf\u201d, joi, la Casa de Cultur\u0103 a Studen\u021bilor<\/strong>"},"content":{"rendered":"\n<p><strong>Joi, 3 noiembrie 2022, la ora 17.00, Consiliul Jude\u021bean Alba \u0219i Biblioteca Jude\u021bean\u0103 \u201eLucian Blaga\u201d Alba v\u0103 invit\u0103 la Casa de Cultur\u0103 a Studen\u021bilor, \u00een Aula Mic\u0103, unde va avea loc lansarea unui volum din \u201eliteratura de sertar\u201d, dup\u0103 cum \u00eel descriu chiar autorii, col. (r) Dorin Oaid\u0103 \u0219i Diana Moga, volum intitulat \u201eRealit\u0103\u021bi acoperite de praf\u201d.<\/strong><\/p>\n\n\n\n<p>La evenimentul de lansare a acestei inedite c\u0103r\u021bi, le vor fi al\u0103turi \u0219i vor lua cuv\u00e2ntul invita\u021bi speciali, \u00eentre care: &nbsp;prof. Sebastian Bazilescu, prof. Ioan Popa, col. (r) \u0218erban Traian \u2013 pre\u0219edintele Asocia\u021biei Cadrelor Militare \u00een Rezerv\u0103 \u0219i Retragere a M.A.I.- Filiala Alba, col. (r) ec. Ioan Str\u0103jan \u0219i ing. Vasile Todor.<\/p>\n\n\n\n<p>Volumul \u201eRealit\u0103\u021bi acoperite de praf\u201d reprezint\u0103 o nou\u0103 colaborare de succes a celor doi autori. Prin participarea la evenimentul de joi ve\u021bi putea ob\u021bine \u0219i autografele acestora, odat\u0103 intra\u021bi \u00een posesia c\u0103r\u021bii. Dac\u0103 nu ve\u021bi putea participa fizic la acest eveniment, ave\u021bi posibilitatea de a-l urm\u0103ri live, pe pagina de Facebook a Bibliotecii Jude\u021bene \u201eLucian Blaga\u201d Alba.<\/p>\n\n\n\n<p>Lansarea volumului \u201eRealit\u0103\u021bi acoperite de praf\u201d are loc \u00een cadrul proiectului 3.17 Lans\u0103ri \u0219i prezent\u0103ri de carte al Bibliotecii Jude\u021bene \u201eLucian Blaga\u201d Alba, \u00een organizarea institu\u021biei de cultur\u0103 \u0219i a Consiliului Jude\u021bean Alba, \u0219i va fi moderat\u0103 de prof. Daniela Floroian.<\/p>\n","protected":false},"excerpt":{"rendered":"<p>Joi, 3 noiembrie 2022, la ora 17.00, Consiliul Jude\u021bean Alba \u0219i Biblioteca Jude\u021bean\u0103 \u201eLucian Blaga\u201d Alba v\u0103 invit\u0103 la Casa de Cultur\u0103 a Studen\u021bilor, \u00een Aula Mic\u0103, unde va avea loc lansarea unui volum din \u201eliteratura de sertar\u201d, dup\u0103 cum \u00eel descriu chiar autorii, col. (r) Dorin Oaid\u0103 \u0219i Diana Moga, volum intitulat \u201eRealit\u0103\u021bi acoperite &hellip;<\/p>\n","protected":false},"author":16,"featured_media":104968,"comment_status":"open","ping_status":"open","sticky":false,"template":"","format":"standard","meta":{"inline_featured_image":false,"footnotes":""},"categories":[4],"tags":[2113],"class_list":["post-104967","post","type-post","status-publish","format-standard","has-post-thumbnail","hentry","category-eveniment","tag-biblioteca-judeteana-lucian-blaga-alba"],"yoast_head":"<!-- This site is optimized with the Yoast SEO plugin v27.4 - https:\/\/yoast.com\/product\/yoast-seo-wordpress\/ -->\n<title>Col. (r) Dorin Oaid\u0103 \u0219i Diana Moga lanseaz\u0103 volumul \u201eRealit\u0103\u021bi acoperite de praf\u201d, joi, la Casa de Cultur\u0103 a Studen\u021bilor - Revista Urbea Mea - Revista de Alba<\/title>\n<meta name=\"description\" content=\"Joi, 3 noiembrie 2022, la ora 17.00, Consiliul Jude\u021bean Alba \u0219i Biblioteca Jude\u021bean\u0103 \u201eLucian Blaga\u201d Alba v\u0103 invit\u0103 la Casa de Cultur\u0103 a Studen\u021bilor, \u00een\" \/>\n<meta name=\"robots\" content=\"index, follow, max-snippet:-1, max-image-preview:large, max-video-preview:-1\" \/>\n<link rel=\"canonical\" href=\"https:\/\/urbeamea.ro\/albaiulia\/col-r-dorin-oaida-si-diana-moga-lanseaza-volumul-realitati-acoperite-de-praf-joi-la-casa-de-cultura-a-studentilor\/\" \/>\n<meta name=\"twitter:card\" content=\"summary_large_image\" \/>\n<meta name=\"twitter:title\" content=\"&lt;strong&gt;Col. (r) Dorin Oaid\u0103 \u0219i Diana Moga lanseaz\u0103 volumul \u201eRealit\u0103\u021bi acoperite de praf\u201d, joi, la Casa de Cultur\u0103 a Studen\u021bilor&lt;\/strong&gt; - Revista Urbea Mea - Revista de Alba\" \/>\n<meta name=\"twitter:description\" content=\"Joi, 3 noiembrie 2022, la ora 17.00, Consiliul Jude\u021bean Alba \u0219i Biblioteca Jude\u021bean\u0103 \u201eLucian Blaga\u201d Alba v\u0103 invit\u0103 la Casa de Cultur\u0103 a Studen\u021bilor, \u00een\" \/>\n<meta name=\"twitter:image\" content=\"https:\/\/urbeamea.ro\/albaiulia\/wp-content\/uploads\/2022\/11\/Afis-3.17-Lansari-si-prezentari-de-carte-3-noiembrie-2022-2.jpg\" \/>\n<meta name=\"twitter:creator\" content=\"@urbeameaweb\" \/>\n<meta name=\"twitter:site\" content=\"@urbeameaweb\" \/>\n<script type=\"application\/ld+json\" class=\"yoast-schema-graph\">{\"@context\":\"https:\\\/\\\/schema.org\",\"@graph\":[{\"@type\":\"Article\",\"@id\":\"https:\\\/\\\/urbeamea.ro\\\/albaiulia\\\/col-r-dorin-oaida-si-diana-moga-lanseaza-volumul-realitati-acoperite-de-praf-joi-la-casa-de-cultura-a-studentilor\\\/#article\",\"isPartOf\":{\"@id\":\"https:\\\/\\\/urbeamea.ro\\\/albaiulia\\\/col-r-dorin-oaida-si-diana-moga-lanseaza-volumul-realitati-acoperite-de-praf-joi-la-casa-de-cultura-a-studentilor\\\/\"},\"author\":{\"name\":\"Redac\u021bia UrbeaMea\",\"@id\":\"https:\\\/\\\/urbeamea.ro\\\/albaiulia\\\/#\\\/schema\\\/person\\\/272ae98052f8ee8980f59848df070247\"},\"headline\":\"Col. (r) Dorin Oaid\u0103 \u0219i Diana Moga lanseaz\u0103 volumul \u201eRealit\u0103\u021bi acoperite de praf\u201d, joi, la Casa de Cultur\u0103 a Studen\u021bilor\",\"datePublished\":\"2022-11-01T14:34:42+00:00\",\"dateModified\":\"2022-11-01T14:34:43+00:00\",\"mainEntityOfPage\":{\"@id\":\"https:\\\/\\\/urbeamea.ro\\\/albaiulia\\\/col-r-dorin-oaida-si-diana-moga-lanseaza-volumul-realitati-acoperite-de-praf-joi-la-casa-de-cultura-a-studentilor\\\/\"},\"wordCount\":256,\"commentCount\":0,\"image\":{\"@id\":\"https:\\\/\\\/urbeamea.ro\\\/albaiulia\\\/col-r-dorin-oaida-si-diana-moga-lanseaza-volumul-realitati-acoperite-de-praf-joi-la-casa-de-cultura-a-studentilor\\\/#primaryimage\"},\"thumbnailUrl\":\"https:\\\/\\\/urbeamea.ro\\\/albaiulia\\\/wp-content\\\/uploads\\\/2022\\\/11\\\/Afis-3.17-Lansari-si-prezentari-de-carte-3-noiembrie-2022-2.jpg\",\"keywords\":[\"Biblioteca Jude\u0163ean\u0103 \u201cLucian Blaga\u201d Alba\"],\"articleSection\":[\"Evenimente\"],\"inLanguage\":\"ro-RO\",\"potentialAction\":[{\"@type\":\"CommentAction\",\"name\":\"Comment\",\"target\":[\"https:\\\/\\\/urbeamea.ro\\\/albaiulia\\\/col-r-dorin-oaida-si-diana-moga-lanseaza-volumul-realitati-acoperite-de-praf-joi-la-casa-de-cultura-a-studentilor\\\/#respond\"]}]},{\"@type\":\"WebPage\",\"@id\":\"https:\\\/\\\/urbeamea.ro\\\/albaiulia\\\/col-r-dorin-oaida-si-diana-moga-lanseaza-volumul-realitati-acoperite-de-praf-joi-la-casa-de-cultura-a-studentilor\\\/\",\"url\":\"https:\\\/\\\/urbeamea.ro\\\/albaiulia\\\/col-r-dorin-oaida-si-diana-moga-lanseaza-volumul-realitati-acoperite-de-praf-joi-la-casa-de-cultura-a-studentilor\\\/\",\"name\":\"Col. (r) Dorin Oaid\u0103 \u0219i Diana Moga lanseaz\u0103 volumul \u201eRealit\u0103\u021bi acoperite de praf\u201d, joi, la Casa de Cultur\u0103 a Studen\u021bilor - Revista Urbea Mea - Revista de Alba\",\"isPartOf\":{\"@id\":\"https:\\\/\\\/urbeamea.ro\\\/albaiulia\\\/#website\"},\"primaryImageOfPage\":{\"@id\":\"https:\\\/\\\/urbeamea.ro\\\/albaiulia\\\/col-r-dorin-oaida-si-diana-moga-lanseaza-volumul-realitati-acoperite-de-praf-joi-la-casa-de-cultura-a-studentilor\\\/#primaryimage\"},\"image\":{\"@id\":\"https:\\\/\\\/urbeamea.ro\\\/albaiulia\\\/col-r-dorin-oaida-si-diana-moga-lanseaza-volumul-realitati-acoperite-de-praf-joi-la-casa-de-cultura-a-studentilor\\\/#primaryimage\"},\"thumbnailUrl\":\"https:\\\/\\\/urbeamea.ro\\\/albaiulia\\\/wp-content\\\/uploads\\\/2022\\\/11\\\/Afis-3.17-Lansari-si-prezentari-de-carte-3-noiembrie-2022-2.jpg\",\"datePublished\":\"2022-11-01T14:34:42+00:00\",\"dateModified\":\"2022-11-01T14:34:43+00:00\",\"author\":{\"@id\":\"https:\\\/\\\/urbeamea.ro\\\/albaiulia\\\/#\\\/schema\\\/person\\\/272ae98052f8ee8980f59848df070247\"},\"description\":\"Joi, 3 noiembrie 2022, la ora 17.00, Consiliul Jude\u021bean Alba \u0219i Biblioteca Jude\u021bean\u0103 \u201eLucian Blaga\u201d Alba v\u0103 invit\u0103 la Casa de Cultur\u0103 a Studen\u021bilor, \u00een\",\"breadcrumb\":{\"@id\":\"https:\\\/\\\/urbeamea.ro\\\/albaiulia\\\/col-r-dorin-oaida-si-diana-moga-lanseaza-volumul-realitati-acoperite-de-praf-joi-la-casa-de-cultura-a-studentilor\\\/#breadcrumb\"},\"inLanguage\":\"ro-RO\",\"potentialAction\":[{\"@type\":\"ReadAction\",\"target\":[\"https:\\\/\\\/urbeamea.ro\\\/albaiulia\\\/col-r-dorin-oaida-si-diana-moga-lanseaza-volumul-realitati-acoperite-de-praf-joi-la-casa-de-cultura-a-studentilor\\\/\"]}]},{\"@type\":\"ImageObject\",\"inLanguage\":\"ro-RO\",\"@id\":\"https:\\\/\\\/urbeamea.ro\\\/albaiulia\\\/col-r-dorin-oaida-si-diana-moga-lanseaza-volumul-realitati-acoperite-de-praf-joi-la-casa-de-cultura-a-studentilor\\\/#primaryimage\",\"url\":\"https:\\\/\\\/urbeamea.ro\\\/albaiulia\\\/wp-content\\\/uploads\\\/2022\\\/11\\\/Afis-3.17-Lansari-si-prezentari-de-carte-3-noiembrie-2022-2.jpg\",\"contentUrl\":\"https:\\\/\\\/urbeamea.ro\\\/albaiulia\\\/wp-content\\\/uploads\\\/2022\\\/11\\\/Afis-3.17-Lansari-si-prezentari-de-carte-3-noiembrie-2022-2.jpg\",\"width\":1600,\"height\":1131},{\"@type\":\"BreadcrumbList\",\"@id\":\"https:\\\/\\\/urbeamea.ro\\\/albaiulia\\\/col-r-dorin-oaida-si-diana-moga-lanseaza-volumul-realitati-acoperite-de-praf-joi-la-casa-de-cultura-a-studentilor\\\/#breadcrumb\",\"itemListElement\":[{\"@type\":\"ListItem\",\"position\":1,\"name\":\"Prima pagin\u0103\",\"item\":\"https:\\\/\\\/urbeamea.ro\\\/albaiulia\\\/\"},{\"@type\":\"ListItem\",\"position\":2,\"name\":\"Col. (r) Dorin Oaid\u0103 \u0219i Diana Moga lanseaz\u0103 volumul \u201eRealit\u0103\u021bi acoperite de praf\u201d, joi, la Casa de Cultur\u0103 a Studen\u021bilor\"}]},{\"@type\":\"WebSite\",\"@id\":\"https:\\\/\\\/urbeamea.ro\\\/albaiulia\\\/#website\",\"url\":\"https:\\\/\\\/urbeamea.ro\\\/albaiulia\\\/\",\"name\":\"Revista Urbea Mea, Stiri urbane\",\"description\":\"Evenimente \u0219i \u0219tiri din Alba Iulia, Sebe\u0219, Aiud, Blaj\",\"potentialAction\":[{\"@type\":\"SearchAction\",\"target\":{\"@type\":\"EntryPoint\",\"urlTemplate\":\"https:\\\/\\\/urbeamea.ro\\\/albaiulia\\\/?s={search_term_string}\"},\"query-input\":{\"@type\":\"PropertyValueSpecification\",\"valueRequired\":true,\"valueName\":\"search_term_string\"}}],\"inLanguage\":\"ro-RO\"},{\"@type\":\"Person\",\"@id\":\"https:\\\/\\\/urbeamea.ro\\\/albaiulia\\\/#\\\/schema\\\/person\\\/272ae98052f8ee8980f59848df070247\",\"name\":\"Redac\u021bia UrbeaMea\",\"image\":{\"@type\":\"ImageObject\",\"inLanguage\":\"ro-RO\",\"@id\":\"https:\\\/\\\/secure.gravatar.com\\\/avatar\\\/9ce5a9435071fa1037e8468053ead8e513dbbff59009d3069aadb85506d85a27?s=96&d=mm&r=g\",\"url\":\"https:\\\/\\\/secure.gravatar.com\\\/avatar\\\/9ce5a9435071fa1037e8468053ead8e513dbbff59009d3069aadb85506d85a27?s=96&d=mm&r=g\",\"contentUrl\":\"https:\\\/\\\/secure.gravatar.com\\\/avatar\\\/9ce5a9435071fa1037e8468053ead8e513dbbff59009d3069aadb85506d85a27?s=96&d=mm&r=g\",\"caption\":\"Redac\u021bia UrbeaMea\"},\"description\":\"contact@urbeamea.ro\",\"sameAs\":[\"https:\\\/\\\/www.urbeamea.ro\"],\"url\":\"https:\\\/\\\/urbeamea.ro\\\/albaiulia\\\/author\\\/redactia-urbeamea\\\/\"}]}<\/script>\n<!-- \/ Yoast SEO plugin. -->","yoast_head_json":{"title":"Col. (r) Dorin Oaid\u0103 \u0219i Diana Moga lanseaz\u0103 volumul \u201eRealit\u0103\u021bi acoperite de praf\u201d, joi, la Casa de Cultur\u0103 a Studen\u021bilor - Revista Urbea Mea - Revista de Alba","description":"Joi, 3 noiembrie 2022, la ora 17.00, Consiliul Jude\u021bean Alba \u0219i Biblioteca Jude\u021bean\u0103 \u201eLucian Blaga\u201d Alba v\u0103 invit\u0103 la Casa de Cultur\u0103 a Studen\u021bilor, \u00een","robots":{"index":"index","follow":"follow","max-snippet":"max-snippet:-1","max-image-preview":"max-image-preview:large","max-video-preview":"max-video-preview:-1"},"canonical":"https:\/\/urbeamea.ro\/albaiulia\/col-r-dorin-oaida-si-diana-moga-lanseaza-volumul-realitati-acoperite-de-praf-joi-la-casa-de-cultura-a-studentilor\/","twitter_card":"summary_large_image","twitter_title":"<strong>Col. (r) Dorin Oaid\u0103 \u0219i Diana Moga lanseaz\u0103 volumul \u201eRealit\u0103\u021bi acoperite de praf\u201d, joi, la Casa de Cultur\u0103 a Studen\u021bilor<\/strong> - Revista Urbea Mea - Revista de Alba","twitter_description":"Joi, 3 noiembrie 2022, la ora 17.00, Consiliul Jude\u021bean Alba \u0219i Biblioteca Jude\u021bean\u0103 \u201eLucian Blaga\u201d Alba v\u0103 invit\u0103 la Casa de Cultur\u0103 a Studen\u021bilor, \u00een","twitter_image":"https:\/\/urbeamea.ro\/albaiulia\/wp-content\/uploads\/2022\/11\/Afis-3.17-Lansari-si-prezentari-de-carte-3-noiembrie-2022-2.jpg","twitter_creator":"@urbeameaweb","twitter_site":"@urbeameaweb","schema":{"@context":"https:\/\/schema.org","@graph":[{"@type":"Article","@id":"https:\/\/urbeamea.ro\/albaiulia\/col-r-dorin-oaida-si-diana-moga-lanseaza-volumul-realitati-acoperite-de-praf-joi-la-casa-de-cultura-a-studentilor\/#article","isPartOf":{"@id":"https:\/\/urbeamea.ro\/albaiulia\/col-r-dorin-oaida-si-diana-moga-lanseaza-volumul-realitati-acoperite-de-praf-joi-la-casa-de-cultura-a-studentilor\/"},"author":{"name":"Redac\u021bia UrbeaMea","@id":"https:\/\/urbeamea.ro\/albaiulia\/#\/schema\/person\/272ae98052f8ee8980f59848df070247"},"headline":"Col. (r) Dorin Oaid\u0103 \u0219i Diana Moga lanseaz\u0103 volumul \u201eRealit\u0103\u021bi acoperite de praf\u201d, joi, la Casa de Cultur\u0103 a Studen\u021bilor","datePublished":"2022-11-01T14:34:42+00:00","dateModified":"2022-11-01T14:34:43+00:00","mainEntityOfPage":{"@id":"https:\/\/urbeamea.ro\/albaiulia\/col-r-dorin-oaida-si-diana-moga-lanseaza-volumul-realitati-acoperite-de-praf-joi-la-casa-de-cultura-a-studentilor\/"},"wordCount":256,"commentCount":0,"image":{"@id":"https:\/\/urbeamea.ro\/albaiulia\/col-r-dorin-oaida-si-diana-moga-lanseaza-volumul-realitati-acoperite-de-praf-joi-la-casa-de-cultura-a-studentilor\/#primaryimage"},"thumbnailUrl":"https:\/\/urbeamea.ro\/albaiulia\/wp-content\/uploads\/2022\/11\/Afis-3.17-Lansari-si-prezentari-de-carte-3-noiembrie-2022-2.jpg","keywords":["Biblioteca Jude\u0163ean\u0103 \u201cLucian Blaga\u201d Alba"],"articleSection":["Evenimente"],"inLanguage":"ro-RO","potentialAction":[{"@type":"CommentAction","name":"Comment","target":["https:\/\/urbeamea.ro\/albaiulia\/col-r-dorin-oaida-si-diana-moga-lanseaza-volumul-realitati-acoperite-de-praf-joi-la-casa-de-cultura-a-studentilor\/#respond"]}]},{"@type":"WebPage","@id":"https:\/\/urbeamea.ro\/albaiulia\/col-r-dorin-oaida-si-diana-moga-lanseaza-volumul-realitati-acoperite-de-praf-joi-la-casa-de-cultura-a-studentilor\/","url":"https:\/\/urbeamea.ro\/albaiulia\/col-r-dorin-oaida-si-diana-moga-lanseaza-volumul-realitati-acoperite-de-praf-joi-la-casa-de-cultura-a-studentilor\/","name":"Col. (r) Dorin Oaid\u0103 \u0219i Diana Moga lanseaz\u0103 volumul \u201eRealit\u0103\u021bi acoperite de praf\u201d, joi, la Casa de Cultur\u0103 a Studen\u021bilor - Revista Urbea Mea - Revista de Alba","isPartOf":{"@id":"https:\/\/urbeamea.ro\/albaiulia\/#website"},"primaryImageOfPage":{"@id":"https:\/\/urbeamea.ro\/albaiulia\/col-r-dorin-oaida-si-diana-moga-lanseaza-volumul-realitati-acoperite-de-praf-joi-la-casa-de-cultura-a-studentilor\/#primaryimage"},"image":{"@id":"https:\/\/urbeamea.ro\/albaiulia\/col-r-dorin-oaida-si-diana-moga-lanseaza-volumul-realitati-acoperite-de-praf-joi-la-casa-de-cultura-a-studentilor\/#primaryimage"},"thumbnailUrl":"https:\/\/urbeamea.ro\/albaiulia\/wp-content\/uploads\/2022\/11\/Afis-3.17-Lansari-si-prezentari-de-carte-3-noiembrie-2022-2.jpg","datePublished":"2022-11-01T14:34:42+00:00","dateModified":"2022-11-01T14:34:43+00:00","author":{"@id":"https:\/\/urbeamea.ro\/albaiulia\/#\/schema\/person\/272ae98052f8ee8980f59848df070247"},"description":"Joi, 3 noiembrie 2022, la ora 17.00, Consiliul Jude\u021bean Alba \u0219i Biblioteca Jude\u021bean\u0103 \u201eLucian Blaga\u201d Alba v\u0103 invit\u0103 la Casa de Cultur\u0103 a Studen\u021bilor, \u00een","breadcrumb":{"@id":"https:\/\/urbeamea.ro\/albaiulia\/col-r-dorin-oaida-si-diana-moga-lanseaza-volumul-realitati-acoperite-de-praf-joi-la-casa-de-cultura-a-studentilor\/#breadcrumb"},"inLanguage":"ro-RO","potentialAction":[{"@type":"ReadAction","target":["https:\/\/urbeamea.ro\/albaiulia\/col-r-dorin-oaida-si-diana-moga-lanseaza-volumul-realitati-acoperite-de-praf-joi-la-casa-de-cultura-a-studentilor\/"]}]},{"@type":"ImageObject","inLanguage":"ro-RO","@id":"https:\/\/urbeamea.ro\/albaiulia\/col-r-dorin-oaida-si-diana-moga-lanseaza-volumul-realitati-acoperite-de-praf-joi-la-casa-de-cultura-a-studentilor\/#primaryimage","url":"https:\/\/urbeamea.ro\/albaiulia\/wp-content\/uploads\/2022\/11\/Afis-3.17-Lansari-si-prezentari-de-carte-3-noiembrie-2022-2.jpg","contentUrl":"https:\/\/urbeamea.ro\/albaiulia\/wp-content\/uploads\/2022\/11\/Afis-3.17-Lansari-si-prezentari-de-carte-3-noiembrie-2022-2.jpg","width":1600,"height":1131},{"@type":"BreadcrumbList","@id":"https:\/\/urbeamea.ro\/albaiulia\/col-r-dorin-oaida-si-diana-moga-lanseaza-volumul-realitati-acoperite-de-praf-joi-la-casa-de-cultura-a-studentilor\/#breadcrumb","itemListElement":[{"@type":"ListItem","position":1,"name":"Prima pagin\u0103","item":"https:\/\/urbeamea.ro\/albaiulia\/"},{"@type":"ListItem","position":2,"name":"Col. (r) Dorin Oaid\u0103 \u0219i Diana Moga lanseaz\u0103 volumul \u201eRealit\u0103\u021bi acoperite de praf\u201d, joi, la Casa de Cultur\u0103 a Studen\u021bilor"}]},{"@type":"WebSite","@id":"https:\/\/urbeamea.ro\/albaiulia\/#website","url":"https:\/\/urbeamea.ro\/albaiulia\/","name":"Revista Urbea Mea, Stiri urbane","description":"Evenimente \u0219i \u0219tiri din Alba Iulia, Sebe\u0219, Aiud, Blaj","potentialAction":[{"@type":"SearchAction","target":{"@type":"EntryPoint","urlTemplate":"https:\/\/urbeamea.ro\/albaiulia\/?s={search_term_string}"},"query-input":{"@type":"PropertyValueSpecification","valueRequired":true,"valueName":"search_term_string"}}],"inLanguage":"ro-RO"},{"@type":"Person","@id":"https:\/\/urbeamea.ro\/albaiulia\/#\/schema\/person\/272ae98052f8ee8980f59848df070247","name":"Redac\u021bia UrbeaMea","image":{"@type":"ImageObject","inLanguage":"ro-RO","@id":"https:\/\/secure.gravatar.com\/avatar\/9ce5a9435071fa1037e8468053ead8e513dbbff59009d3069aadb85506d85a27?s=96&d=mm&r=g","url":"https:\/\/secure.gravatar.com\/avatar\/9ce5a9435071fa1037e8468053ead8e513dbbff59009d3069aadb85506d85a27?s=96&d=mm&r=g","contentUrl":"https:\/\/secure.gravatar.com\/avatar\/9ce5a9435071fa1037e8468053ead8e513dbbff59009d3069aadb85506d85a27?s=96&d=mm&r=g","caption":"Redac\u021bia UrbeaMea"},"description":"contact@urbeamea.ro","sameAs":["https:\/\/www.urbeamea.ro"],"url":"https:\/\/urbeamea.ro\/albaiulia\/author\/redactia-urbeamea\/"}]}},"_links":{"self":[{"href":"https:\/\/urbeamea.ro\/albaiulia\/wp-json\/wp\/v2\/posts\/104967","targetHints":{"allow":["GET"]}}],"collection":[{"href":"https:\/\/urbeamea.ro\/albaiulia\/wp-json\/wp\/v2\/posts"}],"about":[{"href":"https:\/\/urbeamea.ro\/albaiulia\/wp-json\/wp\/v2\/types\/post"}],"author":[{"embeddable":true,"href":"https:\/\/urbeamea.ro\/albaiulia\/wp-json\/wp\/v2\/users\/16"}],"replies":[{"embeddable":true,"href":"https:\/\/urbeamea.ro\/albaiulia\/wp-json\/wp\/v2\/comments?post=104967"}],"version-history":[{"count":1,"href":"https:\/\/urbeamea.ro\/albaiulia\/wp-json\/wp\/v2\/posts\/104967\/revisions"}],"predecessor-version":[{"id":104969,"href":"https:\/\/urbeamea.ro\/albaiulia\/wp-json\/wp\/v2\/posts\/104967\/revisions\/104969"}],"wp:featuredmedia":[{"embeddable":true,"href":"https:\/\/urbeamea.ro\/albaiulia\/wp-json\/wp\/v2\/media\/104968"}],"wp:attachment":[{"href":"https:\/\/urbeamea.ro\/albaiulia\/wp-json\/wp\/v2\/media?parent=104967"}],"wp:term":[{"taxonomy":"category","embeddable":true,"href":"https:\/\/urbeamea.ro\/albaiulia\/wp-json\/wp\/v2\/categories?post=104967"},{"taxonomy":"post_tag","embeddable":true,"href":"https:\/\/urbeamea.ro\/albaiulia\/wp-json\/wp\/v2\/tags?post=104967"}],"curies":[{"name":"wp","href":"https:\/\/api.w.org\/{rel}","templated":true}]}}