{"id":104977,"date":"2022-11-02T09:22:55","date_gmt":"2022-11-02T07:22:55","guid":{"rendered":"https:\/\/urbeamea.ro\/albaiulia\/?p=104977"},"modified":"2022-11-02T09:22:56","modified_gmt":"2022-11-02T07:22:56","slug":"cautarea-sinelui-tema-de-vineri-a-seratei-bibliotecii-judetene-lucian-blaga-alba","status":"publish","type":"post","link":"https:\/\/urbeamea.ro\/albaiulia\/cautarea-sinelui-tema-de-vineri-a-seratei-bibliotecii-judetene-lucian-blaga-alba\/","title":{"rendered":"\u201eC\u0103utarea sinelui\u201d, tema de vineri a seratei Bibliotecii Jude\u021bene \u201eLucian Blaga\u201d Alba&nbsp; <strong><\/strong>"},"content":{"rendered":"\n<p><strong>Vineri, 4 noiembrie 2022, \u00eencep\u00e2nd cu ora 18.00, la Biblioteca Jude\u021bean\u0103 \u201eLucian Blaga\u201d Alba va avea loc o nou\u0103 \u00eent\u00e2lnire de suflet cu prietenii no\u0219tri \u0219i ai dumneavoastr\u0103, din cadrul Asocia\u021biei \u201eSf\u00e2nta Maria Magdalena\u201d din Oar\u021ba de Sus, cu ocazia <em>Seratelor bibliotecii<\/em>. <\/strong><\/p>\n\n\n\n<p>Acestea\u00a0se desf\u0103\u0219oar\u0103 sub forma unor \u00eent\u00e2lnirilor periodice ale membrilor comunit\u0103\u021bii, \u00een care se dezbat diferite teme culturale, sociale \u0219i morale, de interes public,\u00a0 \u00eenso\u021bite de muzic\u0103, poezie, lecturi, art\u0103 \u00een general, promov\u00e2nd colec\u021biile bibliotecii.<\/p>\n\n\n\n<p>Tema \u00eent\u00e2lnirii de vineri este \u201eC\u0103utarea sinelui\u201d, iar schimbul de idei, sim\u021biri \u0219i opinii va fi completat armonios, ca de fiecare dat\u0103, de momente muzicale \u0219i de lectur\u0103, sub coordonarea p\u0103rintelui Pimen, de la M\u0103n\u0103stirea Oar\u021ba de Sus.<\/p>\n\n\n\n<p>Proiectul <em>Seratele bibliotecii<\/em>este organizat de c\u0103tre Consiliul Jude\u021bean Alba \u0219i Biblioteca Jude\u021bean\u0103 \u201eLucian Blaga\u201d Alba, \u00een parteneriat cu Asocia\u021bia \u201eSf\u00e2nta Maria Magdalena\u201d din Oar\u021ba de Sus, \u00eenc\u0103 din anul 2017. Intrarea la serate este liber\u0103, v\u0103 a\u0219tept\u0103m cu drag!<\/p>\n\n\n\n<figure class=\"wp-block-image size-large\"><img loading=\"lazy\" decoding=\"async\" width=\"905\" height=\"1280\" src=\"https:\/\/urbeamea.ro\/albaiulia\/wp-content\/uploads\/2022\/11\/Afis-3.31-Seratele-bibliotecii-noiembrie-2022-905x1280.jpg\" alt=\"\" class=\"wp-image-104978\" srcset=\"https:\/\/urbeamea.ro\/albaiulia\/wp-content\/uploads\/2022\/11\/Afis-3.31-Seratele-bibliotecii-noiembrie-2022-905x1280.jpg 905w, https:\/\/urbeamea.ro\/albaiulia\/wp-content\/uploads\/2022\/11\/Afis-3.31-Seratele-bibliotecii-noiembrie-2022-452x640.jpg 452w, https:\/\/urbeamea.ro\/albaiulia\/wp-content\/uploads\/2022\/11\/Afis-3.31-Seratele-bibliotecii-noiembrie-2022-106x150.jpg 106w, https:\/\/urbeamea.ro\/albaiulia\/wp-content\/uploads\/2022\/11\/Afis-3.31-Seratele-bibliotecii-noiembrie-2022-768x1086.jpg 768w, https:\/\/urbeamea.ro\/albaiulia\/wp-content\/uploads\/2022\/11\/Afis-3.31-Seratele-bibliotecii-noiembrie-2022-1086x1536.jpg 1086w, https:\/\/urbeamea.ro\/albaiulia\/wp-content\/uploads\/2022\/11\/Afis-3.31-Seratele-bibliotecii-noiembrie-2022.jpg 1131w\" sizes=\"auto, (max-width: 905px) 100vw, 905px\" \/><\/figure>\n","protected":false},"excerpt":{"rendered":"<p>Vineri, 4 noiembrie 2022, \u00eencep\u00e2nd cu ora 18.00, la Biblioteca Jude\u021bean\u0103 \u201eLucian Blaga\u201d Alba va avea loc o nou\u0103 \u00eent\u00e2lnire de suflet cu prietenii no\u0219tri \u0219i ai dumneavoastr\u0103, din cadrul Asocia\u021biei \u201eSf\u00e2nta Maria Magdalena\u201d din Oar\u021ba de Sus, cu ocazia Seratelor bibliotecii. Acestea\u00a0se desf\u0103\u0219oar\u0103 sub forma unor \u00eent\u00e2lnirilor periodice ale membrilor comunit\u0103\u021bii, \u00een care se &hellip;<\/p>\n","protected":false},"author":16,"featured_media":104979,"comment_status":"open","ping_status":"open","sticky":false,"template":"","format":"standard","meta":{"inline_featured_image":false,"footnotes":""},"categories":[4],"tags":[2113,12465],"class_list":["post-104977","post","type-post","status-publish","format-standard","has-post-thumbnail","hentry","category-eveniment","tag-biblioteca-judeteana-lucian-blaga-alba","tag-seratele-bibliotecii"],"yoast_head":"<!-- This site is optimized with the Yoast SEO plugin v27.4 - https:\/\/yoast.com\/product\/yoast-seo-wordpress\/ -->\n<title>\u201eC\u0103utarea sinelui\u201d, tema de vineri a seratei Bibliotecii Jude\u021bene \u201eLucian Blaga\u201d Alba&nbsp;  - Revista Urbea Mea - Revista de Alba<\/title>\n<meta name=\"description\" content=\"Vineri, 4 noiembrie 2022, \u00eencep\u00e2nd cu ora 18.00, la Biblioteca Jude\u021bean\u0103 \u201eLucian Blaga\u201d Alba va avea loc o nou\u0103 \u00eent\u00e2lnire de suflet cu prietenii no\u0219tri \u0219i\" \/>\n<meta name=\"robots\" content=\"index, follow, max-snippet:-1, max-image-preview:large, max-video-preview:-1\" \/>\n<link rel=\"canonical\" href=\"https:\/\/urbeamea.ro\/albaiulia\/cautarea-sinelui-tema-de-vineri-a-seratei-bibliotecii-judetene-lucian-blaga-alba\/\" \/>\n<meta name=\"twitter:card\" content=\"summary_large_image\" \/>\n<meta name=\"twitter:title\" content=\"\u201eC\u0103utarea sinelui\u201d, tema de vineri a seratei Bibliotecii Jude\u021bene \u201eLucian Blaga\u201d Alba&nbsp; &lt;strong&gt;&lt;\/strong&gt; - Revista Urbea Mea - Revista de Alba\" \/>\n<meta name=\"twitter:description\" content=\"Vineri, 4 noiembrie 2022, \u00eencep\u00e2nd cu ora 18.00, la Biblioteca Jude\u021bean\u0103 \u201eLucian Blaga\u201d Alba va avea loc o nou\u0103 \u00eent\u00e2lnire de suflet cu prietenii no\u0219tri \u0219i\" \/>\n<meta name=\"twitter:image\" content=\"https:\/\/urbeamea.ro\/albaiulia\/wp-content\/uploads\/2022\/11\/Fara-titlu.png\" \/>\n<meta name=\"twitter:creator\" content=\"@urbeameaweb\" \/>\n<meta name=\"twitter:site\" content=\"@urbeameaweb\" \/>\n<script type=\"application\/ld+json\" class=\"yoast-schema-graph\">{\"@context\":\"https:\\\/\\\/schema.org\",\"@graph\":[{\"@type\":\"Article\",\"@id\":\"https:\\\/\\\/urbeamea.ro\\\/albaiulia\\\/cautarea-sinelui-tema-de-vineri-a-seratei-bibliotecii-judetene-lucian-blaga-alba\\\/#article\",\"isPartOf\":{\"@id\":\"https:\\\/\\\/urbeamea.ro\\\/albaiulia\\\/cautarea-sinelui-tema-de-vineri-a-seratei-bibliotecii-judetene-lucian-blaga-alba\\\/\"},\"author\":{\"name\":\"Redac\u021bia UrbeaMea\",\"@id\":\"https:\\\/\\\/urbeamea.ro\\\/albaiulia\\\/#\\\/schema\\\/person\\\/272ae98052f8ee8980f59848df070247\"},\"headline\":\"\u201eC\u0103utarea sinelui\u201d, tema de vineri a seratei Bibliotecii Jude\u021bene \u201eLucian Blaga\u201d Alba&nbsp;\",\"datePublished\":\"2022-11-02T07:22:55+00:00\",\"dateModified\":\"2022-11-02T07:22:56+00:00\",\"mainEntityOfPage\":{\"@id\":\"https:\\\/\\\/urbeamea.ro\\\/albaiulia\\\/cautarea-sinelui-tema-de-vineri-a-seratei-bibliotecii-judetene-lucian-blaga-alba\\\/\"},\"wordCount\":193,\"commentCount\":0,\"image\":{\"@id\":\"https:\\\/\\\/urbeamea.ro\\\/albaiulia\\\/cautarea-sinelui-tema-de-vineri-a-seratei-bibliotecii-judetene-lucian-blaga-alba\\\/#primaryimage\"},\"thumbnailUrl\":\"https:\\\/\\\/urbeamea.ro\\\/albaiulia\\\/wp-content\\\/uploads\\\/2022\\\/11\\\/Fara-titlu.png\",\"keywords\":[\"Biblioteca Jude\u0163ean\u0103 \u201cLucian Blaga\u201d Alba\",\"seratele bibliotecii\"],\"articleSection\":[\"Evenimente\"],\"inLanguage\":\"ro-RO\",\"potentialAction\":[{\"@type\":\"CommentAction\",\"name\":\"Comment\",\"target\":[\"https:\\\/\\\/urbeamea.ro\\\/albaiulia\\\/cautarea-sinelui-tema-de-vineri-a-seratei-bibliotecii-judetene-lucian-blaga-alba\\\/#respond\"]}]},{\"@type\":\"WebPage\",\"@id\":\"https:\\\/\\\/urbeamea.ro\\\/albaiulia\\\/cautarea-sinelui-tema-de-vineri-a-seratei-bibliotecii-judetene-lucian-blaga-alba\\\/\",\"url\":\"https:\\\/\\\/urbeamea.ro\\\/albaiulia\\\/cautarea-sinelui-tema-de-vineri-a-seratei-bibliotecii-judetene-lucian-blaga-alba\\\/\",\"name\":\"\u201eC\u0103utarea sinelui\u201d, tema de vineri a seratei Bibliotecii Jude\u021bene \u201eLucian Blaga\u201d Alba&nbsp; - Revista Urbea Mea - Revista de Alba\",\"isPartOf\":{\"@id\":\"https:\\\/\\\/urbeamea.ro\\\/albaiulia\\\/#website\"},\"primaryImageOfPage\":{\"@id\":\"https:\\\/\\\/urbeamea.ro\\\/albaiulia\\\/cautarea-sinelui-tema-de-vineri-a-seratei-bibliotecii-judetene-lucian-blaga-alba\\\/#primaryimage\"},\"image\":{\"@id\":\"https:\\\/\\\/urbeamea.ro\\\/albaiulia\\\/cautarea-sinelui-tema-de-vineri-a-seratei-bibliotecii-judetene-lucian-blaga-alba\\\/#primaryimage\"},\"thumbnailUrl\":\"https:\\\/\\\/urbeamea.ro\\\/albaiulia\\\/wp-content\\\/uploads\\\/2022\\\/11\\\/Fara-titlu.png\",\"datePublished\":\"2022-11-02T07:22:55+00:00\",\"dateModified\":\"2022-11-02T07:22:56+00:00\",\"author\":{\"@id\":\"https:\\\/\\\/urbeamea.ro\\\/albaiulia\\\/#\\\/schema\\\/person\\\/272ae98052f8ee8980f59848df070247\"},\"description\":\"Vineri, 4 noiembrie 2022, \u00eencep\u00e2nd cu ora 18.00, la Biblioteca Jude\u021bean\u0103 \u201eLucian Blaga\u201d Alba va avea loc o nou\u0103 \u00eent\u00e2lnire de suflet cu prietenii no\u0219tri \u0219i\",\"breadcrumb\":{\"@id\":\"https:\\\/\\\/urbeamea.ro\\\/albaiulia\\\/cautarea-sinelui-tema-de-vineri-a-seratei-bibliotecii-judetene-lucian-blaga-alba\\\/#breadcrumb\"},\"inLanguage\":\"ro-RO\",\"potentialAction\":[{\"@type\":\"ReadAction\",\"target\":[\"https:\\\/\\\/urbeamea.ro\\\/albaiulia\\\/cautarea-sinelui-tema-de-vineri-a-seratei-bibliotecii-judetene-lucian-blaga-alba\\\/\"]}]},{\"@type\":\"ImageObject\",\"inLanguage\":\"ro-RO\",\"@id\":\"https:\\\/\\\/urbeamea.ro\\\/albaiulia\\\/cautarea-sinelui-tema-de-vineri-a-seratei-bibliotecii-judetene-lucian-blaga-alba\\\/#primaryimage\",\"url\":\"https:\\\/\\\/urbeamea.ro\\\/albaiulia\\\/wp-content\\\/uploads\\\/2022\\\/11\\\/Fara-titlu.png\",\"contentUrl\":\"https:\\\/\\\/urbeamea.ro\\\/albaiulia\\\/wp-content\\\/uploads\\\/2022\\\/11\\\/Fara-titlu.png\",\"width\":1600,\"height\":979},{\"@type\":\"BreadcrumbList\",\"@id\":\"https:\\\/\\\/urbeamea.ro\\\/albaiulia\\\/cautarea-sinelui-tema-de-vineri-a-seratei-bibliotecii-judetene-lucian-blaga-alba\\\/#breadcrumb\",\"itemListElement\":[{\"@type\":\"ListItem\",\"position\":1,\"name\":\"Prima pagin\u0103\",\"item\":\"https:\\\/\\\/urbeamea.ro\\\/albaiulia\\\/\"},{\"@type\":\"ListItem\",\"position\":2,\"name\":\"\u201eC\u0103utarea sinelui\u201d, tema de vineri a seratei Bibliotecii Jude\u021bene \u201eLucian Blaga\u201d Alba&nbsp;\"}]},{\"@type\":\"WebSite\",\"@id\":\"https:\\\/\\\/urbeamea.ro\\\/albaiulia\\\/#website\",\"url\":\"https:\\\/\\\/urbeamea.ro\\\/albaiulia\\\/\",\"name\":\"Revista Urbea Mea, Stiri urbane\",\"description\":\"Evenimente \u0219i \u0219tiri din Alba Iulia, Sebe\u0219, Aiud, Blaj\",\"potentialAction\":[{\"@type\":\"SearchAction\",\"target\":{\"@type\":\"EntryPoint\",\"urlTemplate\":\"https:\\\/\\\/urbeamea.ro\\\/albaiulia\\\/?s={search_term_string}\"},\"query-input\":{\"@type\":\"PropertyValueSpecification\",\"valueRequired\":true,\"valueName\":\"search_term_string\"}}],\"inLanguage\":\"ro-RO\"},{\"@type\":\"Person\",\"@id\":\"https:\\\/\\\/urbeamea.ro\\\/albaiulia\\\/#\\\/schema\\\/person\\\/272ae98052f8ee8980f59848df070247\",\"name\":\"Redac\u021bia UrbeaMea\",\"image\":{\"@type\":\"ImageObject\",\"inLanguage\":\"ro-RO\",\"@id\":\"https:\\\/\\\/secure.gravatar.com\\\/avatar\\\/9ce5a9435071fa1037e8468053ead8e513dbbff59009d3069aadb85506d85a27?s=96&d=mm&r=g\",\"url\":\"https:\\\/\\\/secure.gravatar.com\\\/avatar\\\/9ce5a9435071fa1037e8468053ead8e513dbbff59009d3069aadb85506d85a27?s=96&d=mm&r=g\",\"contentUrl\":\"https:\\\/\\\/secure.gravatar.com\\\/avatar\\\/9ce5a9435071fa1037e8468053ead8e513dbbff59009d3069aadb85506d85a27?s=96&d=mm&r=g\",\"caption\":\"Redac\u021bia UrbeaMea\"},\"description\":\"contact@urbeamea.ro\",\"sameAs\":[\"https:\\\/\\\/www.urbeamea.ro\"],\"url\":\"https:\\\/\\\/urbeamea.ro\\\/albaiulia\\\/author\\\/redactia-urbeamea\\\/\"}]}<\/script>\n<!-- \/ Yoast SEO plugin. -->","yoast_head_json":{"title":"\u201eC\u0103utarea sinelui\u201d, tema de vineri a seratei Bibliotecii Jude\u021bene \u201eLucian Blaga\u201d Alba&nbsp;  - Revista Urbea Mea - Revista de Alba","description":"Vineri, 4 noiembrie 2022, \u00eencep\u00e2nd cu ora 18.00, la Biblioteca Jude\u021bean\u0103 \u201eLucian Blaga\u201d Alba va avea loc o nou\u0103 \u00eent\u00e2lnire de suflet cu prietenii no\u0219tri \u0219i","robots":{"index":"index","follow":"follow","max-snippet":"max-snippet:-1","max-image-preview":"max-image-preview:large","max-video-preview":"max-video-preview:-1"},"canonical":"https:\/\/urbeamea.ro\/albaiulia\/cautarea-sinelui-tema-de-vineri-a-seratei-bibliotecii-judetene-lucian-blaga-alba\/","twitter_card":"summary_large_image","twitter_title":"\u201eC\u0103utarea sinelui\u201d, tema de vineri a seratei Bibliotecii Jude\u021bene \u201eLucian Blaga\u201d Alba&nbsp; <strong><\/strong> - Revista Urbea Mea - Revista de Alba","twitter_description":"Vineri, 4 noiembrie 2022, \u00eencep\u00e2nd cu ora 18.00, la Biblioteca Jude\u021bean\u0103 \u201eLucian Blaga\u201d Alba va avea loc o nou\u0103 \u00eent\u00e2lnire de suflet cu prietenii no\u0219tri \u0219i","twitter_image":"https:\/\/urbeamea.ro\/albaiulia\/wp-content\/uploads\/2022\/11\/Fara-titlu.png","twitter_creator":"@urbeameaweb","twitter_site":"@urbeameaweb","schema":{"@context":"https:\/\/schema.org","@graph":[{"@type":"Article","@id":"https:\/\/urbeamea.ro\/albaiulia\/cautarea-sinelui-tema-de-vineri-a-seratei-bibliotecii-judetene-lucian-blaga-alba\/#article","isPartOf":{"@id":"https:\/\/urbeamea.ro\/albaiulia\/cautarea-sinelui-tema-de-vineri-a-seratei-bibliotecii-judetene-lucian-blaga-alba\/"},"author":{"name":"Redac\u021bia UrbeaMea","@id":"https:\/\/urbeamea.ro\/albaiulia\/#\/schema\/person\/272ae98052f8ee8980f59848df070247"},"headline":"\u201eC\u0103utarea sinelui\u201d, tema de vineri a seratei Bibliotecii Jude\u021bene \u201eLucian Blaga\u201d Alba&nbsp;","datePublished":"2022-11-02T07:22:55+00:00","dateModified":"2022-11-02T07:22:56+00:00","mainEntityOfPage":{"@id":"https:\/\/urbeamea.ro\/albaiulia\/cautarea-sinelui-tema-de-vineri-a-seratei-bibliotecii-judetene-lucian-blaga-alba\/"},"wordCount":193,"commentCount":0,"image":{"@id":"https:\/\/urbeamea.ro\/albaiulia\/cautarea-sinelui-tema-de-vineri-a-seratei-bibliotecii-judetene-lucian-blaga-alba\/#primaryimage"},"thumbnailUrl":"https:\/\/urbeamea.ro\/albaiulia\/wp-content\/uploads\/2022\/11\/Fara-titlu.png","keywords":["Biblioteca Jude\u0163ean\u0103 \u201cLucian Blaga\u201d Alba","seratele bibliotecii"],"articleSection":["Evenimente"],"inLanguage":"ro-RO","potentialAction":[{"@type":"CommentAction","name":"Comment","target":["https:\/\/urbeamea.ro\/albaiulia\/cautarea-sinelui-tema-de-vineri-a-seratei-bibliotecii-judetene-lucian-blaga-alba\/#respond"]}]},{"@type":"WebPage","@id":"https:\/\/urbeamea.ro\/albaiulia\/cautarea-sinelui-tema-de-vineri-a-seratei-bibliotecii-judetene-lucian-blaga-alba\/","url":"https:\/\/urbeamea.ro\/albaiulia\/cautarea-sinelui-tema-de-vineri-a-seratei-bibliotecii-judetene-lucian-blaga-alba\/","name":"\u201eC\u0103utarea sinelui\u201d, tema de vineri a seratei Bibliotecii Jude\u021bene \u201eLucian Blaga\u201d Alba&nbsp; - Revista Urbea Mea - Revista de Alba","isPartOf":{"@id":"https:\/\/urbeamea.ro\/albaiulia\/#website"},"primaryImageOfPage":{"@id":"https:\/\/urbeamea.ro\/albaiulia\/cautarea-sinelui-tema-de-vineri-a-seratei-bibliotecii-judetene-lucian-blaga-alba\/#primaryimage"},"image":{"@id":"https:\/\/urbeamea.ro\/albaiulia\/cautarea-sinelui-tema-de-vineri-a-seratei-bibliotecii-judetene-lucian-blaga-alba\/#primaryimage"},"thumbnailUrl":"https:\/\/urbeamea.ro\/albaiulia\/wp-content\/uploads\/2022\/11\/Fara-titlu.png","datePublished":"2022-11-02T07:22:55+00:00","dateModified":"2022-11-02T07:22:56+00:00","author":{"@id":"https:\/\/urbeamea.ro\/albaiulia\/#\/schema\/person\/272ae98052f8ee8980f59848df070247"},"description":"Vineri, 4 noiembrie 2022, \u00eencep\u00e2nd cu ora 18.00, la Biblioteca Jude\u021bean\u0103 \u201eLucian Blaga\u201d Alba va avea loc o nou\u0103 \u00eent\u00e2lnire de suflet cu prietenii no\u0219tri \u0219i","breadcrumb":{"@id":"https:\/\/urbeamea.ro\/albaiulia\/cautarea-sinelui-tema-de-vineri-a-seratei-bibliotecii-judetene-lucian-blaga-alba\/#breadcrumb"},"inLanguage":"ro-RO","potentialAction":[{"@type":"ReadAction","target":["https:\/\/urbeamea.ro\/albaiulia\/cautarea-sinelui-tema-de-vineri-a-seratei-bibliotecii-judetene-lucian-blaga-alba\/"]}]},{"@type":"ImageObject","inLanguage":"ro-RO","@id":"https:\/\/urbeamea.ro\/albaiulia\/cautarea-sinelui-tema-de-vineri-a-seratei-bibliotecii-judetene-lucian-blaga-alba\/#primaryimage","url":"https:\/\/urbeamea.ro\/albaiulia\/wp-content\/uploads\/2022\/11\/Fara-titlu.png","contentUrl":"https:\/\/urbeamea.ro\/albaiulia\/wp-content\/uploads\/2022\/11\/Fara-titlu.png","width":1600,"height":979},{"@type":"BreadcrumbList","@id":"https:\/\/urbeamea.ro\/albaiulia\/cautarea-sinelui-tema-de-vineri-a-seratei-bibliotecii-judetene-lucian-blaga-alba\/#breadcrumb","itemListElement":[{"@type":"ListItem","position":1,"name":"Prima pagin\u0103","item":"https:\/\/urbeamea.ro\/albaiulia\/"},{"@type":"ListItem","position":2,"name":"\u201eC\u0103utarea sinelui\u201d, tema de vineri a seratei Bibliotecii Jude\u021bene \u201eLucian Blaga\u201d Alba&nbsp;"}]},{"@type":"WebSite","@id":"https:\/\/urbeamea.ro\/albaiulia\/#website","url":"https:\/\/urbeamea.ro\/albaiulia\/","name":"Revista Urbea Mea, Stiri urbane","description":"Evenimente \u0219i \u0219tiri din Alba Iulia, Sebe\u0219, Aiud, Blaj","potentialAction":[{"@type":"SearchAction","target":{"@type":"EntryPoint","urlTemplate":"https:\/\/urbeamea.ro\/albaiulia\/?s={search_term_string}"},"query-input":{"@type":"PropertyValueSpecification","valueRequired":true,"valueName":"search_term_string"}}],"inLanguage":"ro-RO"},{"@type":"Person","@id":"https:\/\/urbeamea.ro\/albaiulia\/#\/schema\/person\/272ae98052f8ee8980f59848df070247","name":"Redac\u021bia UrbeaMea","image":{"@type":"ImageObject","inLanguage":"ro-RO","@id":"https:\/\/secure.gravatar.com\/avatar\/9ce5a9435071fa1037e8468053ead8e513dbbff59009d3069aadb85506d85a27?s=96&d=mm&r=g","url":"https:\/\/secure.gravatar.com\/avatar\/9ce5a9435071fa1037e8468053ead8e513dbbff59009d3069aadb85506d85a27?s=96&d=mm&r=g","contentUrl":"https:\/\/secure.gravatar.com\/avatar\/9ce5a9435071fa1037e8468053ead8e513dbbff59009d3069aadb85506d85a27?s=96&d=mm&r=g","caption":"Redac\u021bia UrbeaMea"},"description":"contact@urbeamea.ro","sameAs":["https:\/\/www.urbeamea.ro"],"url":"https:\/\/urbeamea.ro\/albaiulia\/author\/redactia-urbeamea\/"}]}},"_links":{"self":[{"href":"https:\/\/urbeamea.ro\/albaiulia\/wp-json\/wp\/v2\/posts\/104977","targetHints":{"allow":["GET"]}}],"collection":[{"href":"https:\/\/urbeamea.ro\/albaiulia\/wp-json\/wp\/v2\/posts"}],"about":[{"href":"https:\/\/urbeamea.ro\/albaiulia\/wp-json\/wp\/v2\/types\/post"}],"author":[{"embeddable":true,"href":"https:\/\/urbeamea.ro\/albaiulia\/wp-json\/wp\/v2\/users\/16"}],"replies":[{"embeddable":true,"href":"https:\/\/urbeamea.ro\/albaiulia\/wp-json\/wp\/v2\/comments?post=104977"}],"version-history":[{"count":1,"href":"https:\/\/urbeamea.ro\/albaiulia\/wp-json\/wp\/v2\/posts\/104977\/revisions"}],"predecessor-version":[{"id":104980,"href":"https:\/\/urbeamea.ro\/albaiulia\/wp-json\/wp\/v2\/posts\/104977\/revisions\/104980"}],"wp:featuredmedia":[{"embeddable":true,"href":"https:\/\/urbeamea.ro\/albaiulia\/wp-json\/wp\/v2\/media\/104979"}],"wp:attachment":[{"href":"https:\/\/urbeamea.ro\/albaiulia\/wp-json\/wp\/v2\/media?parent=104977"}],"wp:term":[{"taxonomy":"category","embeddable":true,"href":"https:\/\/urbeamea.ro\/albaiulia\/wp-json\/wp\/v2\/categories?post=104977"},{"taxonomy":"post_tag","embeddable":true,"href":"https:\/\/urbeamea.ro\/albaiulia\/wp-json\/wp\/v2\/tags?post=104977"}],"curies":[{"name":"wp","href":"https:\/\/api.w.org\/{rel}","templated":true}]}}