{"id":105287,"date":"2022-11-24T10:39:39","date_gmt":"2022-11-24T08:39:39","guid":{"rendered":"https:\/\/urbeamea.ro\/albaiulia\/?p=105287"},"modified":"2022-11-24T10:39:40","modified_gmt":"2022-11-24T08:39:40","slug":"alba-saluta-europa-artistii-din-alba-in-turneu-de-sarbatori-in-mai-multe-orase-europene","status":"publish","type":"post","link":"https:\/\/urbeamea.ro\/albaiulia\/alba-saluta-europa-artistii-din-alba-in-turneu-de-sarbatori-in-mai-multe-orase-europene\/","title":{"rendered":"<strong>Alba salut\u0103 Europa \u2013 arti\u0219tii din Alba, \u00een turneu de s\u0103rb\u0103tori, \u00een mai multe ora\u0219e europene<\/strong>"},"content":{"rendered":"\n<p class=\"wp-block-paragraph\"><strong>Arti\u0219tii Centrului de Cultur\u0103 \u201eAugustin Bena\u201d Alba vor desf\u0103\u0219ura \u00een perioada urm\u0103toare turneul \u201eAlba salut\u0103 Europa\u201d, care cuprinde concerte \u00een mai multe ora\u0219e europene. <\/strong><\/p>\n\n\n\n<p class=\"wp-block-paragraph\">Turneul artistic debuteaz\u0103 miercuri seara, 23 noiembrie 2022, cu un concert extraordinar sus\u021binut de naistul Alexandru Pal \u0219i Cvartetul Jude\u021bului Alba la Biserica \u201eSaint Pothin\u201d din Lyon (Fran\u021ba). Eveniment este dedicat s\u0103rb\u0103toririi Zilei Na\u021bionale a Rom\u00e2niei \u0219i anivers\u0103rii a 160 de ani de diploma\u021bie rom\u00e2n\u0103.<\/p>\n\n\n\n<p class=\"wp-block-paragraph\">Un eveniment similar va avea loc, \u00een 24 noiembrie 2024, la misiunea diplomatic\u0103 a Rom\u00e2niei din Lyon \u0219i va fi destinat membrilor corpului diplomatic \u0219i oficialilor francezi, av\u00e2nd ca scop promovarea culturii \u0219i valorilor rom\u00e2ne\u0219ti.<\/p>\n\n\n\n<p class=\"wp-block-paragraph\">Turneul artistic \u201eAlba salut\u0103 Europa\u201d va continua \u00een Germania, unde sunt programate trei concerte de s\u0103rb\u0103tori (colinde tradi\u021bionale din jude\u021bul Alba), sus\u021binute de arti\u0219tii Ansamblului Folcloric al Jude\u021bului Alba. Concertele se adreseaz\u0103 at\u00e2t comunit\u0103\u021bii de rom\u00e2ni din Germania, c\u00e2t \u0219i publicului german, un mare iubitor de tradi\u021bii \u0219i obiceiuri rom\u00e2ne\u0219ti.<\/p>\n\n\n\n<p class=\"wp-block-paragraph\">Primul concert este programat, \u00een 4 decembrie 2022, la Berlin, \u00een Biserica Rom\u00e2neasc\u0103 \u201eSfin\u021bii Arhangheli Mihail \u0219i Gavril\u201d, fiind urmat apoi de un al doilea concert, \u00een 7 decembrie 2022, \u00een Biserica \u201eSf\u00e2ntul Jacobi\u201d din Perleberg. Cel de-al treilea concert extraordinar de colinde tradi\u021bionale va avea loc, \u00een 9 decembrie 2022, la Leipzig, \u00een Biserica Ortodox\u0103 Rom\u00e2n\u0103 cu hramul \u201eSf\u00e2ntul Mare Mucenic Gheorghe\u201d.<\/p>\n\n\n\n<blockquote class=\"wp-block-quote is-layout-flow wp-block-quote-is-layout-flow\">\n<p class=\"wp-block-paragraph\"><em>\u00cen acest an, sub genericul \u201eAlba salut\u0103 Europa\u201d, desf\u0103\u0219ur\u0103m un amplu proiect cultural prin care promov\u0103m cultura \u0219i valorile rom\u00e2ne\u0219ti \u00een Europa, mai exact \u00een mai multe ora\u0219e din Fran\u021ba \u0219i Germania. Salutul arti\u0219tilor din Alba \u00eenseamn\u0103 cinci concerte extraordinare pe care le oferim cu drag, at\u00e2t comunit\u0103\u021bilor rom\u00e2ne\u0219ti, c\u00e2t \u0219i publicului german \u0219i publicului francez, care iubesc tradi\u021biile \u0219i obiceiurile rom\u00e2ne\u0219ti<\/em>.<\/p>\n<cite>Alexandru Pal, manager Centrului de Cultur\u0103 \u201eAugustin Bena\u201d Alba<\/cite><\/blockquote>\n\n\n\n<p class=\"wp-block-paragraph\">Proiectul cultural \u201eAlba salut\u0103 Europa\u201d este organizat de Consiliul Jude\u021bean Alba prin Centrul de Cultur\u0103 \u201eAugustin Bena\u201d Alba.<\/p>\n\n\n\n<figure class=\"wp-block-gallery has-nested-images columns-2 is-cropped wp-block-gallery-1 is-layout-flex wp-block-gallery-is-layout-flex\">\n<figure class=\"wp-block-image size-large\"><a href=\"https:\/\/urbeamea.ro\/albaiulia\/wp-content\/uploads\/2022\/11\/alba-saluta-europa-leipzig.jpg\"><img loading=\"lazy\" decoding=\"async\" width=\"903\" height=\"1280\" data-id=\"105289\" src=\"https:\/\/urbeamea.ro\/albaiulia\/wp-content\/uploads\/2022\/11\/alba-saluta-europa-leipzig-903x1280.jpg\" alt=\"\" class=\"wp-image-105289\" srcset=\"https:\/\/urbeamea.ro\/albaiulia\/wp-content\/uploads\/2022\/11\/alba-saluta-europa-leipzig-903x1280.jpg 903w, https:\/\/urbeamea.ro\/albaiulia\/wp-content\/uploads\/2022\/11\/alba-saluta-europa-leipzig-452x640.jpg 452w, https:\/\/urbeamea.ro\/albaiulia\/wp-content\/uploads\/2022\/11\/alba-saluta-europa-leipzig-106x150.jpg 106w, https:\/\/urbeamea.ro\/albaiulia\/wp-content\/uploads\/2022\/11\/alba-saluta-europa-leipzig-768x1089.jpg 768w, https:\/\/urbeamea.ro\/albaiulia\/wp-content\/uploads\/2022\/11\/alba-saluta-europa-leipzig.jpg 1016w\" sizes=\"auto, (max-width: 903px) 100vw, 903px\" \/><\/a><\/figure>\n\n\n\n<figure class=\"wp-block-image size-large\"><a href=\"https:\/\/urbeamea.ro\/albaiulia\/wp-content\/uploads\/2022\/11\/alba-saluta-europa-lyon.jpg\"><img loading=\"lazy\" decoding=\"async\" width=\"903\" height=\"1280\" data-id=\"105291\" src=\"https:\/\/urbeamea.ro\/albaiulia\/wp-content\/uploads\/2022\/11\/alba-saluta-europa-lyon-903x1280.jpg\" alt=\"\" class=\"wp-image-105291\" srcset=\"https:\/\/urbeamea.ro\/albaiulia\/wp-content\/uploads\/2022\/11\/alba-saluta-europa-lyon-903x1280.jpg 903w, https:\/\/urbeamea.ro\/albaiulia\/wp-content\/uploads\/2022\/11\/alba-saluta-europa-lyon-452x640.jpg 452w, https:\/\/urbeamea.ro\/albaiulia\/wp-content\/uploads\/2022\/11\/alba-saluta-europa-lyon-106x150.jpg 106w, https:\/\/urbeamea.ro\/albaiulia\/wp-content\/uploads\/2022\/11\/alba-saluta-europa-lyon-768x1089.jpg 768w, https:\/\/urbeamea.ro\/albaiulia\/wp-content\/uploads\/2022\/11\/alba-saluta-europa-lyon.jpg 1016w\" sizes=\"auto, (max-width: 903px) 100vw, 903px\" \/><\/a><\/figure>\n\n\n\n<figure class=\"wp-block-image size-large\"><a href=\"https:\/\/urbeamea.ro\/albaiulia\/wp-content\/uploads\/2022\/11\/alba-saluta-europa-perleberg.jpg\"><img loading=\"lazy\" decoding=\"async\" width=\"903\" height=\"1280\" data-id=\"105290\" src=\"https:\/\/urbeamea.ro\/albaiulia\/wp-content\/uploads\/2022\/11\/alba-saluta-europa-perleberg-903x1280.jpg\" alt=\"\" class=\"wp-image-105290\" srcset=\"https:\/\/urbeamea.ro\/albaiulia\/wp-content\/uploads\/2022\/11\/alba-saluta-europa-perleberg-903x1280.jpg 903w, https:\/\/urbeamea.ro\/albaiulia\/wp-content\/uploads\/2022\/11\/alba-saluta-europa-perleberg-452x640.jpg 452w, https:\/\/urbeamea.ro\/albaiulia\/wp-content\/uploads\/2022\/11\/alba-saluta-europa-perleberg-106x150.jpg 106w, https:\/\/urbeamea.ro\/albaiulia\/wp-content\/uploads\/2022\/11\/alba-saluta-europa-perleberg-768x1089.jpg 768w, https:\/\/urbeamea.ro\/albaiulia\/wp-content\/uploads\/2022\/11\/alba-saluta-europa-perleberg.jpg 1016w\" sizes=\"auto, (max-width: 903px) 100vw, 903px\" \/><\/a><\/figure>\n\n\n\n<figure class=\"wp-block-image size-large\"><a href=\"https:\/\/urbeamea.ro\/albaiulia\/wp-content\/uploads\/2022\/11\/alba-saluta-europa-berlin.jpg\"><img loading=\"lazy\" decoding=\"async\" width=\"720\" height=\"1019\" data-id=\"105288\" src=\"https:\/\/urbeamea.ro\/albaiulia\/wp-content\/uploads\/2022\/11\/alba-saluta-europa-berlin.jpg\" alt=\"\" class=\"wp-image-105288\" srcset=\"https:\/\/urbeamea.ro\/albaiulia\/wp-content\/uploads\/2022\/11\/alba-saluta-europa-berlin.jpg 720w, https:\/\/urbeamea.ro\/albaiulia\/wp-content\/uploads\/2022\/11\/alba-saluta-europa-berlin-452x640.jpg 452w, https:\/\/urbeamea.ro\/albaiulia\/wp-content\/uploads\/2022\/11\/alba-saluta-europa-berlin-106x150.jpg 106w\" sizes=\"auto, (max-width: 720px) 100vw, 720px\" \/><\/a><\/figure>\n<\/figure>\n","protected":false},"excerpt":{"rendered":"<p>Arti\u0219tii Centrului de Cultur\u0103 \u201eAugustin Bena\u201d Alba vor desf\u0103\u0219ura \u00een perioada urm\u0103toare turneul \u201eAlba salut\u0103 Europa\u201d, care cuprinde concerte \u00een mai multe ora\u0219e europene. Turneul artistic debuteaz\u0103 miercuri seara, 23 noiembrie 2022, cu un concert extraordinar sus\u021binut de naistul Alexandru Pal \u0219i Cvartetul Jude\u021bului Alba la Biserica \u201eSaint Pothin\u201d din Lyon (Fran\u021ba). Eveniment este dedicat &hellip;<\/p>\n","protected":false},"author":16,"featured_media":105292,"comment_status":"open","ping_status":"open","sticky":false,"template":"","format":"standard","meta":{"inline_featured_image":false,"footnotes":""},"categories":[4],"tags":[7261],"class_list":["post-105287","post","type-post","status-publish","format-standard","has-post-thumbnail","hentry","category-eveniment","tag-centrul-de-cultura-augustin-bena-alba"],"yoast_head":"<!-- This site is optimized with the Yoast SEO plugin v28.3 - https:\/\/yoast.com\/product\/yoast-seo-wordpress\/ -->\n<title>Alba salut\u0103 Europa \u2013 arti\u0219tii din Alba, \u00een turneu de s\u0103rb\u0103tori, \u00een mai multe ora\u0219e europene - Revista Urbea Mea - Revista de Alba<\/title>\n<meta name=\"description\" content=\"Arti\u0219tii Centrului de Cultur\u0103 \u201eAugustin Bena\u201d Alba vor desf\u0103\u0219ura \u00een perioada urm\u0103toare turneul \u201eAlba salut\u0103 Europa\u201d, care cuprinde concerte \u00een mai multe\" \/>\n<meta name=\"robots\" content=\"index, follow, max-snippet:-1, max-image-preview:large, max-video-preview:-1\" \/>\n<link rel=\"canonical\" href=\"https:\/\/urbeamea.ro\/albaiulia\/alba-saluta-europa-artistii-din-alba-in-turneu-de-sarbatori-in-mai-multe-orase-europene\/\" \/>\n<meta name=\"twitter:card\" content=\"summary_large_image\" \/>\n<meta name=\"twitter:title\" content=\"&lt;strong&gt;Alba salut\u0103 Europa \u2013 arti\u0219tii din Alba, \u00een turneu de s\u0103rb\u0103tori, \u00een mai multe ora\u0219e europene&lt;\/strong&gt; - Revista Urbea Mea - Revista de Alba\" \/>\n<meta name=\"twitter:description\" content=\"Arti\u0219tii Centrului de Cultur\u0103 \u201eAugustin Bena\u201d Alba vor desf\u0103\u0219ura \u00een perioada urm\u0103toare turneul \u201eAlba salut\u0103 Europa\u201d, care cuprinde concerte \u00een mai multe\" \/>\n<meta name=\"twitter:image\" content=\"https:\/\/urbeamea.ro\/albaiulia\/wp-content\/uploads\/2022\/11\/Fara-titlu-4.png\" \/>\n<meta name=\"twitter:creator\" content=\"@urbeameaweb\" \/>\n<meta name=\"twitter:site\" content=\"@urbeameaweb\" \/>\n<script type=\"application\/ld+json\" class=\"yoast-schema-graph\">{\"@context\":\"https:\\\/\\\/schema.org\",\"@graph\":[{\"@type\":\"Article\",\"@id\":\"https:\\\/\\\/urbeamea.ro\\\/albaiulia\\\/alba-saluta-europa-artistii-din-alba-in-turneu-de-sarbatori-in-mai-multe-orase-europene\\\/#article\",\"isPartOf\":{\"@id\":\"https:\\\/\\\/urbeamea.ro\\\/albaiulia\\\/alba-saluta-europa-artistii-din-alba-in-turneu-de-sarbatori-in-mai-multe-orase-europene\\\/\"},\"author\":{\"name\":\"Redac\u021bia UrbeaMea\",\"@id\":\"https:\\\/\\\/urbeamea.ro\\\/albaiulia\\\/#\\\/schema\\\/person\\\/272ae98052f8ee8980f59848df070247\"},\"headline\":\"Alba salut\u0103 Europa \u2013 arti\u0219tii din Alba, \u00een turneu de s\u0103rb\u0103tori, \u00een mai multe ora\u0219e europene\",\"datePublished\":\"2022-11-24T08:39:39+00:00\",\"dateModified\":\"2022-11-24T08:39:40+00:00\",\"mainEntityOfPage\":{\"@id\":\"https:\\\/\\\/urbeamea.ro\\\/albaiulia\\\/alba-saluta-europa-artistii-din-alba-in-turneu-de-sarbatori-in-mai-multe-orase-europene\\\/\"},\"wordCount\":369,\"commentCount\":0,\"image\":{\"@id\":\"https:\\\/\\\/urbeamea.ro\\\/albaiulia\\\/alba-saluta-europa-artistii-din-alba-in-turneu-de-sarbatori-in-mai-multe-orase-europene\\\/#primaryimage\"},\"thumbnailUrl\":\"https:\\\/\\\/urbeamea.ro\\\/albaiulia\\\/wp-content\\\/uploads\\\/2022\\\/11\\\/Fara-titlu-4.png\",\"keywords\":[\"centrul de cultura augustin bena alba\"],\"articleSection\":[\"Evenimente\"],\"inLanguage\":\"ro-RO\",\"potentialAction\":[{\"@type\":\"CommentAction\",\"name\":\"Comment\",\"target\":[\"https:\\\/\\\/urbeamea.ro\\\/albaiulia\\\/alba-saluta-europa-artistii-din-alba-in-turneu-de-sarbatori-in-mai-multe-orase-europene\\\/#respond\"]}]},{\"@type\":\"WebPage\",\"@id\":\"https:\\\/\\\/urbeamea.ro\\\/albaiulia\\\/alba-saluta-europa-artistii-din-alba-in-turneu-de-sarbatori-in-mai-multe-orase-europene\\\/\",\"url\":\"https:\\\/\\\/urbeamea.ro\\\/albaiulia\\\/alba-saluta-europa-artistii-din-alba-in-turneu-de-sarbatori-in-mai-multe-orase-europene\\\/\",\"name\":\"Alba salut\u0103 Europa \u2013 arti\u0219tii din Alba, \u00een turneu de s\u0103rb\u0103tori, \u00een mai multe ora\u0219e europene - Revista Urbea Mea - Revista de Alba\",\"isPartOf\":{\"@id\":\"https:\\\/\\\/urbeamea.ro\\\/albaiulia\\\/#website\"},\"primaryImageOfPage\":{\"@id\":\"https:\\\/\\\/urbeamea.ro\\\/albaiulia\\\/alba-saluta-europa-artistii-din-alba-in-turneu-de-sarbatori-in-mai-multe-orase-europene\\\/#primaryimage\"},\"image\":{\"@id\":\"https:\\\/\\\/urbeamea.ro\\\/albaiulia\\\/alba-saluta-europa-artistii-din-alba-in-turneu-de-sarbatori-in-mai-multe-orase-europene\\\/#primaryimage\"},\"thumbnailUrl\":\"https:\\\/\\\/urbeamea.ro\\\/albaiulia\\\/wp-content\\\/uploads\\\/2022\\\/11\\\/Fara-titlu-4.png\",\"datePublished\":\"2022-11-24T08:39:39+00:00\",\"dateModified\":\"2022-11-24T08:39:40+00:00\",\"author\":{\"@id\":\"https:\\\/\\\/urbeamea.ro\\\/albaiulia\\\/#\\\/schema\\\/person\\\/272ae98052f8ee8980f59848df070247\"},\"description\":\"Arti\u0219tii Centrului de Cultur\u0103 \u201eAugustin Bena\u201d Alba vor desf\u0103\u0219ura \u00een perioada urm\u0103toare turneul \u201eAlba salut\u0103 Europa\u201d, care cuprinde concerte \u00een mai multe\",\"breadcrumb\":{\"@id\":\"https:\\\/\\\/urbeamea.ro\\\/albaiulia\\\/alba-saluta-europa-artistii-din-alba-in-turneu-de-sarbatori-in-mai-multe-orase-europene\\\/#breadcrumb\"},\"inLanguage\":\"ro-RO\",\"potentialAction\":[{\"@type\":\"ReadAction\",\"target\":[\"https:\\\/\\\/urbeamea.ro\\\/albaiulia\\\/alba-saluta-europa-artistii-din-alba-in-turneu-de-sarbatori-in-mai-multe-orase-europene\\\/\"]}]},{\"@type\":\"ImageObject\",\"inLanguage\":\"ro-RO\",\"@id\":\"https:\\\/\\\/urbeamea.ro\\\/albaiulia\\\/alba-saluta-europa-artistii-din-alba-in-turneu-de-sarbatori-in-mai-multe-orase-europene\\\/#primaryimage\",\"url\":\"https:\\\/\\\/urbeamea.ro\\\/albaiulia\\\/wp-content\\\/uploads\\\/2022\\\/11\\\/Fara-titlu-4.png\",\"contentUrl\":\"https:\\\/\\\/urbeamea.ro\\\/albaiulia\\\/wp-content\\\/uploads\\\/2022\\\/11\\\/Fara-titlu-4.png\",\"width\":1003,\"height\":879},{\"@type\":\"BreadcrumbList\",\"@id\":\"https:\\\/\\\/urbeamea.ro\\\/albaiulia\\\/alba-saluta-europa-artistii-din-alba-in-turneu-de-sarbatori-in-mai-multe-orase-europene\\\/#breadcrumb\",\"itemListElement\":[{\"@type\":\"ListItem\",\"position\":1,\"name\":\"Prima pagin\u0103\",\"item\":\"https:\\\/\\\/urbeamea.ro\\\/albaiulia\\\/\"},{\"@type\":\"ListItem\",\"position\":2,\"name\":\"Alba salut\u0103 Europa \u2013 arti\u0219tii din Alba, \u00een turneu de s\u0103rb\u0103tori, \u00een mai multe ora\u0219e europene\"}]},{\"@type\":\"WebSite\",\"@id\":\"https:\\\/\\\/urbeamea.ro\\\/albaiulia\\\/#website\",\"url\":\"https:\\\/\\\/urbeamea.ro\\\/albaiulia\\\/\",\"name\":\"Revista Urbea Mea, Stiri urbane\",\"description\":\"Evenimente \u0219i \u0219tiri din Alba Iulia, Sebe\u0219, Aiud, Blaj\",\"potentialAction\":[{\"@type\":\"SearchAction\",\"target\":{\"@type\":\"EntryPoint\",\"urlTemplate\":\"https:\\\/\\\/urbeamea.ro\\\/albaiulia\\\/?s={search_term_string}\"},\"query-input\":{\"@type\":\"PropertyValueSpecification\",\"valueRequired\":true,\"valueName\":\"search_term_string\"}}],\"inLanguage\":\"ro-RO\"},{\"@type\":\"Person\",\"@id\":\"https:\\\/\\\/urbeamea.ro\\\/albaiulia\\\/#\\\/schema\\\/person\\\/272ae98052f8ee8980f59848df070247\",\"name\":\"Redac\u021bia UrbeaMea\",\"image\":{\"@type\":\"ImageObject\",\"inLanguage\":\"ro-RO\",\"@id\":\"https:\\\/\\\/secure.gravatar.com\\\/avatar\\\/9ce5a9435071fa1037e8468053ead8e513dbbff59009d3069aadb85506d85a27?s=96&d=mm&r=g\",\"url\":\"https:\\\/\\\/secure.gravatar.com\\\/avatar\\\/9ce5a9435071fa1037e8468053ead8e513dbbff59009d3069aadb85506d85a27?s=96&d=mm&r=g\",\"contentUrl\":\"https:\\\/\\\/secure.gravatar.com\\\/avatar\\\/9ce5a9435071fa1037e8468053ead8e513dbbff59009d3069aadb85506d85a27?s=96&d=mm&r=g\",\"caption\":\"Redac\u021bia UrbeaMea\"},\"description\":\"contact@urbeamea.ro\",\"sameAs\":[\"https:\\\/\\\/www.urbeamea.ro\"],\"url\":\"https:\\\/\\\/urbeamea.ro\\\/albaiulia\\\/author\\\/redactia-urbeamea\\\/\"}]}<\/script>\n<!-- \/ Yoast SEO plugin. -->","yoast_head_json":{"title":"Alba salut\u0103 Europa \u2013 arti\u0219tii din Alba, \u00een turneu de s\u0103rb\u0103tori, \u00een mai multe ora\u0219e europene - Revista Urbea Mea - Revista de Alba","description":"Arti\u0219tii Centrului de Cultur\u0103 \u201eAugustin Bena\u201d Alba vor desf\u0103\u0219ura \u00een perioada urm\u0103toare turneul \u201eAlba salut\u0103 Europa\u201d, care cuprinde concerte \u00een mai multe","robots":{"index":"index","follow":"follow","max-snippet":"max-snippet:-1","max-image-preview":"max-image-preview:large","max-video-preview":"max-video-preview:-1"},"canonical":"https:\/\/urbeamea.ro\/albaiulia\/alba-saluta-europa-artistii-din-alba-in-turneu-de-sarbatori-in-mai-multe-orase-europene\/","twitter_card":"summary_large_image","twitter_title":"<strong>Alba salut\u0103 Europa \u2013 arti\u0219tii din Alba, \u00een turneu de s\u0103rb\u0103tori, \u00een mai multe ora\u0219e europene<\/strong> - Revista Urbea Mea - Revista de Alba","twitter_description":"Arti\u0219tii Centrului de Cultur\u0103 \u201eAugustin Bena\u201d Alba vor desf\u0103\u0219ura \u00een perioada urm\u0103toare turneul \u201eAlba salut\u0103 Europa\u201d, care cuprinde concerte \u00een mai multe","twitter_image":"https:\/\/urbeamea.ro\/albaiulia\/wp-content\/uploads\/2022\/11\/Fara-titlu-4.png","twitter_creator":"@urbeameaweb","twitter_site":"@urbeameaweb","schema":{"@context":"https:\/\/schema.org","@graph":[{"@type":"Article","@id":"https:\/\/urbeamea.ro\/albaiulia\/alba-saluta-europa-artistii-din-alba-in-turneu-de-sarbatori-in-mai-multe-orase-europene\/#article","isPartOf":{"@id":"https:\/\/urbeamea.ro\/albaiulia\/alba-saluta-europa-artistii-din-alba-in-turneu-de-sarbatori-in-mai-multe-orase-europene\/"},"author":{"name":"Redac\u021bia UrbeaMea","@id":"https:\/\/urbeamea.ro\/albaiulia\/#\/schema\/person\/272ae98052f8ee8980f59848df070247"},"headline":"Alba salut\u0103 Europa \u2013 arti\u0219tii din Alba, \u00een turneu de s\u0103rb\u0103tori, \u00een mai multe ora\u0219e europene","datePublished":"2022-11-24T08:39:39+00:00","dateModified":"2022-11-24T08:39:40+00:00","mainEntityOfPage":{"@id":"https:\/\/urbeamea.ro\/albaiulia\/alba-saluta-europa-artistii-din-alba-in-turneu-de-sarbatori-in-mai-multe-orase-europene\/"},"wordCount":369,"commentCount":0,"image":{"@id":"https:\/\/urbeamea.ro\/albaiulia\/alba-saluta-europa-artistii-din-alba-in-turneu-de-sarbatori-in-mai-multe-orase-europene\/#primaryimage"},"thumbnailUrl":"https:\/\/urbeamea.ro\/albaiulia\/wp-content\/uploads\/2022\/11\/Fara-titlu-4.png","keywords":["centrul de cultura augustin bena alba"],"articleSection":["Evenimente"],"inLanguage":"ro-RO","potentialAction":[{"@type":"CommentAction","name":"Comment","target":["https:\/\/urbeamea.ro\/albaiulia\/alba-saluta-europa-artistii-din-alba-in-turneu-de-sarbatori-in-mai-multe-orase-europene\/#respond"]}]},{"@type":"WebPage","@id":"https:\/\/urbeamea.ro\/albaiulia\/alba-saluta-europa-artistii-din-alba-in-turneu-de-sarbatori-in-mai-multe-orase-europene\/","url":"https:\/\/urbeamea.ro\/albaiulia\/alba-saluta-europa-artistii-din-alba-in-turneu-de-sarbatori-in-mai-multe-orase-europene\/","name":"Alba salut\u0103 Europa \u2013 arti\u0219tii din Alba, \u00een turneu de s\u0103rb\u0103tori, \u00een mai multe ora\u0219e europene - Revista Urbea Mea - Revista de Alba","isPartOf":{"@id":"https:\/\/urbeamea.ro\/albaiulia\/#website"},"primaryImageOfPage":{"@id":"https:\/\/urbeamea.ro\/albaiulia\/alba-saluta-europa-artistii-din-alba-in-turneu-de-sarbatori-in-mai-multe-orase-europene\/#primaryimage"},"image":{"@id":"https:\/\/urbeamea.ro\/albaiulia\/alba-saluta-europa-artistii-din-alba-in-turneu-de-sarbatori-in-mai-multe-orase-europene\/#primaryimage"},"thumbnailUrl":"https:\/\/urbeamea.ro\/albaiulia\/wp-content\/uploads\/2022\/11\/Fara-titlu-4.png","datePublished":"2022-11-24T08:39:39+00:00","dateModified":"2022-11-24T08:39:40+00:00","author":{"@id":"https:\/\/urbeamea.ro\/albaiulia\/#\/schema\/person\/272ae98052f8ee8980f59848df070247"},"description":"Arti\u0219tii Centrului de Cultur\u0103 \u201eAugustin Bena\u201d Alba vor desf\u0103\u0219ura \u00een perioada urm\u0103toare turneul \u201eAlba salut\u0103 Europa\u201d, care cuprinde concerte \u00een mai multe","breadcrumb":{"@id":"https:\/\/urbeamea.ro\/albaiulia\/alba-saluta-europa-artistii-din-alba-in-turneu-de-sarbatori-in-mai-multe-orase-europene\/#breadcrumb"},"inLanguage":"ro-RO","potentialAction":[{"@type":"ReadAction","target":["https:\/\/urbeamea.ro\/albaiulia\/alba-saluta-europa-artistii-din-alba-in-turneu-de-sarbatori-in-mai-multe-orase-europene\/"]}]},{"@type":"ImageObject","inLanguage":"ro-RO","@id":"https:\/\/urbeamea.ro\/albaiulia\/alba-saluta-europa-artistii-din-alba-in-turneu-de-sarbatori-in-mai-multe-orase-europene\/#primaryimage","url":"https:\/\/urbeamea.ro\/albaiulia\/wp-content\/uploads\/2022\/11\/Fara-titlu-4.png","contentUrl":"https:\/\/urbeamea.ro\/albaiulia\/wp-content\/uploads\/2022\/11\/Fara-titlu-4.png","width":1003,"height":879},{"@type":"BreadcrumbList","@id":"https:\/\/urbeamea.ro\/albaiulia\/alba-saluta-europa-artistii-din-alba-in-turneu-de-sarbatori-in-mai-multe-orase-europene\/#breadcrumb","itemListElement":[{"@type":"ListItem","position":1,"name":"Prima pagin\u0103","item":"https:\/\/urbeamea.ro\/albaiulia\/"},{"@type":"ListItem","position":2,"name":"Alba salut\u0103 Europa \u2013 arti\u0219tii din Alba, \u00een turneu de s\u0103rb\u0103tori, \u00een mai multe ora\u0219e europene"}]},{"@type":"WebSite","@id":"https:\/\/urbeamea.ro\/albaiulia\/#website","url":"https:\/\/urbeamea.ro\/albaiulia\/","name":"Revista Urbea Mea, Stiri urbane","description":"Evenimente \u0219i \u0219tiri din Alba Iulia, Sebe\u0219, Aiud, Blaj","potentialAction":[{"@type":"SearchAction","target":{"@type":"EntryPoint","urlTemplate":"https:\/\/urbeamea.ro\/albaiulia\/?s={search_term_string}"},"query-input":{"@type":"PropertyValueSpecification","valueRequired":true,"valueName":"search_term_string"}}],"inLanguage":"ro-RO"},{"@type":"Person","@id":"https:\/\/urbeamea.ro\/albaiulia\/#\/schema\/person\/272ae98052f8ee8980f59848df070247","name":"Redac\u021bia UrbeaMea","image":{"@type":"ImageObject","inLanguage":"ro-RO","@id":"https:\/\/secure.gravatar.com\/avatar\/9ce5a9435071fa1037e8468053ead8e513dbbff59009d3069aadb85506d85a27?s=96&d=mm&r=g","url":"https:\/\/secure.gravatar.com\/avatar\/9ce5a9435071fa1037e8468053ead8e513dbbff59009d3069aadb85506d85a27?s=96&d=mm&r=g","contentUrl":"https:\/\/secure.gravatar.com\/avatar\/9ce5a9435071fa1037e8468053ead8e513dbbff59009d3069aadb85506d85a27?s=96&d=mm&r=g","caption":"Redac\u021bia UrbeaMea"},"description":"contact@urbeamea.ro","sameAs":["https:\/\/www.urbeamea.ro"],"url":"https:\/\/urbeamea.ro\/albaiulia\/author\/redactia-urbeamea\/"}]}},"_links":{"self":[{"href":"https:\/\/urbeamea.ro\/albaiulia\/wp-json\/wp\/v2\/posts\/105287","targetHints":{"allow":["GET"]}}],"collection":[{"href":"https:\/\/urbeamea.ro\/albaiulia\/wp-json\/wp\/v2\/posts"}],"about":[{"href":"https:\/\/urbeamea.ro\/albaiulia\/wp-json\/wp\/v2\/types\/post"}],"author":[{"embeddable":true,"href":"https:\/\/urbeamea.ro\/albaiulia\/wp-json\/wp\/v2\/users\/16"}],"replies":[{"embeddable":true,"href":"https:\/\/urbeamea.ro\/albaiulia\/wp-json\/wp\/v2\/comments?post=105287"}],"version-history":[{"count":1,"href":"https:\/\/urbeamea.ro\/albaiulia\/wp-json\/wp\/v2\/posts\/105287\/revisions"}],"predecessor-version":[{"id":105293,"href":"https:\/\/urbeamea.ro\/albaiulia\/wp-json\/wp\/v2\/posts\/105287\/revisions\/105293"}],"wp:featuredmedia":[{"embeddable":true,"href":"https:\/\/urbeamea.ro\/albaiulia\/wp-json\/wp\/v2\/media\/105292"}],"wp:attachment":[{"href":"https:\/\/urbeamea.ro\/albaiulia\/wp-json\/wp\/v2\/media?parent=105287"}],"wp:term":[{"taxonomy":"category","embeddable":true,"href":"https:\/\/urbeamea.ro\/albaiulia\/wp-json\/wp\/v2\/categories?post=105287"},{"taxonomy":"post_tag","embeddable":true,"href":"https:\/\/urbeamea.ro\/albaiulia\/wp-json\/wp\/v2\/tags?post=105287"}],"curies":[{"name":"wp","href":"https:\/\/api.w.org\/{rel}","templated":true}]}}