{"id":105294,"date":"2022-11-24T10:45:53","date_gmt":"2022-11-24T08:45:53","guid":{"rendered":"https:\/\/urbeamea.ro\/albaiulia\/?p=105294"},"modified":"2022-11-24T10:45:54","modified_gmt":"2022-11-24T08:45:54","slug":"adr-centru-a-lansat-oficial-programul-regiunea-centru-2021-2027","status":"publish","type":"post","link":"https:\/\/urbeamea.ro\/albaiulia\/adr-centru-a-lansat-oficial-programul-regiunea-centru-2021-2027\/","title":{"rendered":"<strong>ADR Centru a lansat oficial programul \u201dRegiunea Centru\u201d 2021-2027<\/strong>"},"content":{"rendered":"\n<ul class=\"wp-block-list\">\n<li><strong><em>Din 2023 va \u00eencepe depunerea de proiecte pentru investi\u021bii \u00een valoare total\u0103 de peste 1,4 miliarde euro \u00een Regiunea Centru!<\/em><\/strong><strong><\/strong><\/li>\n<\/ul>\n\n\n\n<p class=\"wp-block-paragraph\"><strong>Sub sloganul <em>\u201d\u00cempreun\u0103 dezvolt\u0103m Regiunea\u201d<\/em>, peste 170 de reprezentan\u021bi ai administra\u021biei publice centrale \u0219i locale au participat la evenimentul de lansare a Programului REGIUNEA CENTRU 2021-2027, \u00een cadrul unui eveniment organizat la T\u00e2rgu Mure\u0219 de c\u0103tre Agen\u021bia pentru Dezvoltare Regional\u0103 Centru. O delega\u021bie a Comisiei Europene, reprezentan\u021bi ai Guvernului \u0219i invita\u021bi din toate jude\u021bele Regiunii Centru au participat la prezentarea public\u0103 a noului Program, aprobat prin Decizia 7893 din 26.10.2022 a Comisiei Europene. Astfel, \u00een urm\u0103torii \u0219apte ani se vor investi &#8211; \u00een jude\u021bele Alba, Bra\u0219ov, Covasna, Harghita, Mure\u0219 \u0219i Sibiu &#8211; peste 1,15 miliarde euro, fonduri europene nerambursabile, la care se vor ad\u0103uga peste 230 milioane euro cofinan\u021bare din partea Guvernului Rom\u00e2niei, resurse care vor fi gestionate de ADR Centru pentru dezvoltarea regiunii noastre. <\/strong><\/p>\n\n\n\n<figure class=\"wp-block-image size-large\"><img loading=\"lazy\" decoding=\"async\" width=\"1280\" height=\"610\" src=\"https:\/\/urbeamea.ro\/albaiulia\/wp-content\/uploads\/2022\/11\/Lansare-PR-Centru-1280x610.jpg\" alt=\"\" class=\"wp-image-105296\" srcset=\"https:\/\/urbeamea.ro\/albaiulia\/wp-content\/uploads\/2022\/11\/Lansare-PR-Centru-1280x610.jpg 1280w, https:\/\/urbeamea.ro\/albaiulia\/wp-content\/uploads\/2022\/11\/Lansare-PR-Centru-640x305.jpg 640w, https:\/\/urbeamea.ro\/albaiulia\/wp-content\/uploads\/2022\/11\/Lansare-PR-Centru-150x72.jpg 150w, https:\/\/urbeamea.ro\/albaiulia\/wp-content\/uploads\/2022\/11\/Lansare-PR-Centru-768x366.jpg 768w, https:\/\/urbeamea.ro\/albaiulia\/wp-content\/uploads\/2022\/11\/Lansare-PR-Centru-1536x732.jpg 1536w, https:\/\/urbeamea.ro\/albaiulia\/wp-content\/uploads\/2022\/11\/Lansare-PR-Centru.jpg 1600w\" sizes=\"auto, (max-width: 1280px) 100vw, 1280px\" \/><\/figure>\n\n\n\n<p class=\"wp-block-paragraph\">Programul REGIUNEA CENTRU 2021-2027 (PR Centru) a fost elaborat, \u00een cadrul unui larg parteneriat regional, de c\u0103tre Agen\u021bia pentru Dezvoltare Regional\u0103 (ADR) Centru \u00een calitate de Autoritate de Management. Prin acest Program, ADR Centru va finan\u021ba at\u00e2t proiectele autorit\u0103\u021bilor publice, c\u00e2t \u0219i ale mediului privat. Plafonul bugetar alocat Regiunii noastre a fost determinat de necesit\u0103\u021bi \u0219i de Produsul Intern Brut pe cap de locuitor, Regiunea Centru situ\u00e2nd-se din acest punct de vedere pe locul trei la nivel na\u021bional.<\/p>\n\n\n\n<p class=\"wp-block-paragraph\">PR CENTRU 2021-2027 cuprinde interven\u021bii pe toate cele 5 obiective de politic\u0103 ale UE \u0219i este constituit din 9 priorit\u0103\u021bi de finan\u021bare care se adreseaz\u0103 urm\u0103toarelor domenii: sus\u021binerea procesului de cercetare, dezvoltare \u0219i transfer tehnologic de la nivel regional \u00een domeniile de specializare inteligente regionale; sprijinirea dezvolt\u0103rii IMM-urilor regionale; sprijinirea procesului de digitalizare a serviciilor publice locale \u0219i a IMM-urilor; m\u0103suri de eficien\u021b\u0103 energetic\u0103 pentru cl\u0103dirile reziden\u021biale \u0219i cl\u0103dirile publice de la nivel regional; dezvoltarea mobilit\u0103\u021bii urbane durabile; modernizarea infrastructurii de transport jude\u021bene; investi\u021bii \u00een infrastructura educa\u021bional\u0103 pe toate palierele de \u00eenv\u0103\u021b\u0103m\u00e2nt; dezvoltarea turismului durabil \u0219i a patrimoniului \u00een zonele rurale; sus\u021binerea regener\u0103rii urbane, a conserv\u0103rii patrimoniului \u0219i dezvolt\u0103rii infrastructurii de turism \u0219i cultur\u0103 din zonele urbane din Regiunea Centru.<\/p>\n\n\n\n<p class=\"wp-block-paragraph\">Cu o zi \u00eenainte de evenimentul de lansare a noului Program, o delega\u021bie a Comisiei Europene a vizitat proiecte finan\u021bate \u00een ultimii ani prin Programul Opera\u021bional Regional 2014-2020, respectiv Parcul Tineretului din Ludu\u0219, incubatorul de afaceri IncubCenter SRL din T\u00e2rgu Mure\u0219 \u0219i Palatul Culturii din municipiul re\u0219edin\u021b\u0103 a jude\u021bului. Delega\u021bia european\u0103 &#8211; condus\u0103 de doamna Sofia Alves, Director al Departamentului-E privind dezvoltarea regional\u0103 \u0219i politicile urbane \u00een Europa, din cadrul DG Regio \u2013 a discutat cu beneficiarii proiectelor \u0219i a concluzionat c\u0103 noul Program al Regiunii Centru va impulsiona investi\u021biile pentru procesul de dezvoltare regional\u0103.<\/p>\n\n\n\n<p class=\"wp-block-paragraph\">\u00cen discursul s\u0103u, sus\u021binut \u00een cadrul lans\u0103rii Programului Regiunii Centru, doamna Sofia Alves a men\u021bionat aceste investi\u021bii \u0219i a subliniat c\u0103 obiectivul general al fondurilor ce vor fi atrase \u00een perioada 2021-2027 prin noul Program prevede ca Regiunea Centru s\u0103 devin\u0103 mai curat\u0103, mai atractiv\u0103 pentru locuitorii s\u0103i \u0219i pentru turi\u0219ti, cu o economie competitiv\u0103 bazat\u0103 pe cunoa\u0219tere \u0219i inovare, \u00een care grija pentru mediu \u0219i utilizarea ra\u021bional\u0103 \u0219i durabil\u0103 a resurselor s\u0103 fie o prioritate a fiec\u0103rui cet\u0103\u021bean.<\/p>\n\n\n\n<p class=\"wp-block-paragraph\">La evenimentul de la T\u00e2rgu Mure\u0219 doamna Mara Tog\u0103nel \u2013 Prefect al jude\u021bului Mure\u0219, a transmis mesajul Primului-Ministru al Guvernului Rom\u00e2niei, domnul Nicolae-Ionel Ciuc\u0103. Domnul P\u00e9ter Ferenc \u2013 Pre\u0219edinte al Consiliului Jude\u021bean Mure\u0219 \u0219i al Consiliului pentru Dezvoltare Regional\u0103 Centru, a vorbit despre priorit\u0103\u021bile de dezvoltare ale Regiunii. \u00cen cadrul evenimentului a avut o interven\u021bie video \u00een direct domnul Marcel Ioan Bolo\u0219 &#8211; Ministrul Investi\u021biilor \u0219i Proiectelor Europene (MIPE). Ulterior acestei interven\u021bii, domnul Secretar de Stat Adrian R\u0103ulea a detaliat mesajul MIPE \u0219i a semnat, \u00eempreun\u0103 cu domnul Simion Cre\u021bu, director general ADR Centru, o Declara\u021bie comun\u0103, a Ministerului \u0219i Agen\u021biei noastre, cu ocazia aprob\u0103rii Programului Regional CENTRU finan\u021bat \u00een cadrul politicii de coeziune 2021-2027.<\/p>\n\n\n\n<blockquote class=\"wp-block-quote is-layout-flow wp-block-quote-is-layout-flow\">\n<p class=\"wp-block-paragraph\"><em>Salut deschiderea manifestat\u0103 de Guvernul Rom\u00e2niei \u0219i a ministerelor implicate \u00een procesul de descentralizare a implement\u0103rii fondurilor europene dedicate dezvolt\u0103rii regionale. Acest lucru a fost mult a\u0219teptat de autorit\u0103\u021bile publice locale \u0219i de milioane de oameni care vor ca via\u021ba lor s\u0103 fie mai bun\u0103. Fondurile europene solicitate prin noul nostru Program sunt, de azi, mult mai aproape de cei ce decid destina\u021bia investi\u021biilor la nivel local, pentru binele celor pe care-i deservesc, cet\u0103\u021benii.<\/em><\/p>\n\n\n\n<p class=\"wp-block-paragraph\"><em>Noi, la ADR Centru, avem responsabilitatea coordon\u0103rii \u0219i supravegherii acestui proces, p\u00e2n\u0103 \u00een anul 2029. Vom trece acest examen, a\u0219a cum spune \u0219i sloganul Programului, \u00eempreun\u0103 cu autorit\u0103\u021bile \u0219i organiza\u021biile din Regiunea Centru, astfel \u00eenc\u00e2t fiecare cet\u0103\u021bean din cele \u0219ase jude\u021be ale regiunii s\u0103 devin\u0103 con\u0219tient de eforturile noastre reunite \u0219i m\u00e2ndru c\u0103 este beneficiarul acestor investi\u021bii. Misiunea noastr\u0103 const\u0103 \u00een asigurarea unei dezvolt\u0103ri reale, cu banii nerambursabili aloca\u021bi de Uniunea European\u0103. Suntem \u00eencrez\u0103tori \u00een capacitatea noastr\u0103 de a implementa acest un Program nou, adaptat realit\u0103\u021bilor regiunii, adaptat nevoilor cet\u0103\u021benilor<\/em>.<\/p>\n<cite>Simion Cre\u021bu, director general ADR Centru<\/cite><\/blockquote>\n\n\n\n<p class=\"wp-block-paragraph\">\u00cen cadrul acestei reuniuni au mai avut interven\u021bii domnul Secretar de Stat Ovidiu C\u00eempean, din partea MIPE, vorbind despre Fondul de Tranzi\u021bie Just\u0103, domnul Secretar de Stat Attila Gyorgy, din partea Ministerului de Finan\u021be, care a vorbit despre mecanismele de plat\u0103 \u0219i sistemul de gestiune financiar\u0103 a noului Program, precum \u0219i domnul Secretar de Stat Claudiu-Vasile R\u0103cuci, care a prezentat mesajul Ministerului Dezvolt\u0103rii, Lucr\u0103rilor Publice \u0219i Administra\u021biei. \u00cenainte de prezentarea Planului de Dezvoltare Regional\u0103 (PDR Centru) \u0219i a Strategiei de Specializare Inteligent\u0103 a Regiunii (RIS3 Centru), documente de planificare pentru perioada 2021-2027 elaborate de ADR Centru \u00eentr-un larg cadru partenerial, doamna dr. Birgit Schliewenz \u2013 Reprezentantul Parteneriatului dintre Landul german Brandenburg \u0219i Regiunea Centru a avut o scurt\u0103 interven\u021bie referitoare la procesul cre\u0219terii capacit\u0103\u021bii institu\u021bionale a ADR Centru \u00een perioada celor dou\u0103 decenii de c\u00e2nd activeaz\u0103 \u00een regiunea noastr\u0103.<\/p>\n\n\n\n<p class=\"wp-block-paragraph\">\u00cen final, participan\u021bilor la evenimentul de lansare a noilor oportunit\u0103\u021bi de finan\u021bare le-a fost prezentat \u00een detaliu Programul REGIUNEA CENTRU 2021-2027, a c\u0103rui versiune oficial\u0103 integral\u0103 este publicat\u0103 pe pagina de internet coordonat\u0103 de ADR Centru (link: <a href=\"http:\/\/regio-adrcentru.ro\/programare-2021-2027\/\" target=\"_blank\" rel=\"noreferrer noopener\">http:\/\/regio-adrcentru.ro\/programare-2021-2027\/<\/a>). Primele Ghiduri de finan\u021bare vor fi publicate \u00een scurt timp, urm\u00e2nd ca, \u00eenc\u0103 din primul semestru al anului viitor s\u0103 \u00eenceap\u0103 depunerea de proiecte.<\/p>\n\n\n\n<p class=\"wp-block-paragraph\">PR Centru 2021-2027 \u00ee\u0219i propune s\u0103 g\u0103seasc\u0103 cele mai bune solu\u021bii la nevoile identificate la nivel regional \u00een cadrul PDR Centru \u0219i al RIS3 Centru, \u00een str\u00e2ns\u0103 leg\u0103tur\u0103 cu recomand\u0103rile Raportului de \u021bar\u0103, cu recomand\u0103rile din cadrul Rapoartelor de evaluare ale POR 2014-2020, precum \u0219i lu\u00e2nd \u00een considerare alte documente strategice elaborate la nivel european, na\u021bional, inclusiv strategiile de dezvoltare elaborate la nivel local \u0219i jude\u021bean.\u00a0\u00a0<\/p>\n\n\n\n<figure class=\"wp-block-gallery has-nested-images columns-2 is-cropped wp-block-gallery-1 is-layout-flex wp-block-gallery-is-layout-flex\">\n<figure class=\"wp-block-image size-large\"><a href=\"https:\/\/urbeamea.ro\/albaiulia\/wp-content\/uploads\/2022\/11\/vizita-a.jpeg\"><img loading=\"lazy\" decoding=\"async\" width=\"1280\" height=\"522\" data-id=\"105297\" src=\"https:\/\/urbeamea.ro\/albaiulia\/wp-content\/uploads\/2022\/11\/vizita-a-1280x522.jpeg\" alt=\"\" class=\"wp-image-105297\" srcset=\"https:\/\/urbeamea.ro\/albaiulia\/wp-content\/uploads\/2022\/11\/vizita-a-1280x522.jpeg 1280w, https:\/\/urbeamea.ro\/albaiulia\/wp-content\/uploads\/2022\/11\/vizita-a-640x261.jpeg 640w, https:\/\/urbeamea.ro\/albaiulia\/wp-content\/uploads\/2022\/11\/vizita-a-150x61.jpeg 150w, https:\/\/urbeamea.ro\/albaiulia\/wp-content\/uploads\/2022\/11\/vizita-a-768x313.jpeg 768w, https:\/\/urbeamea.ro\/albaiulia\/wp-content\/uploads\/2022\/11\/vizita-a-1536x626.jpeg 1536w, https:\/\/urbeamea.ro\/albaiulia\/wp-content\/uploads\/2022\/11\/vizita-a.jpeg 1600w\" sizes=\"auto, (max-width: 1280px) 100vw, 1280px\" \/><\/a><\/figure>\n\n\n\n<figure class=\"wp-block-image size-large\"><a href=\"https:\/\/urbeamea.ro\/albaiulia\/wp-content\/uploads\/2022\/11\/vizita-1.jpeg\"><img loading=\"lazy\" decoding=\"async\" width=\"1280\" height=\"502\" data-id=\"105301\" src=\"https:\/\/urbeamea.ro\/albaiulia\/wp-content\/uploads\/2022\/11\/vizita-1-1280x502.jpeg\" alt=\"\" class=\"wp-image-105301\" srcset=\"https:\/\/urbeamea.ro\/albaiulia\/wp-content\/uploads\/2022\/11\/vizita-1-1280x502.jpeg 1280w, https:\/\/urbeamea.ro\/albaiulia\/wp-content\/uploads\/2022\/11\/vizita-1-640x251.jpeg 640w, https:\/\/urbeamea.ro\/albaiulia\/wp-content\/uploads\/2022\/11\/vizita-1-150x59.jpeg 150w, https:\/\/urbeamea.ro\/albaiulia\/wp-content\/uploads\/2022\/11\/vizita-1-768x301.jpeg 768w, https:\/\/urbeamea.ro\/albaiulia\/wp-content\/uploads\/2022\/11\/vizita-1-1536x602.jpeg 1536w, https:\/\/urbeamea.ro\/albaiulia\/wp-content\/uploads\/2022\/11\/vizita-1.jpeg 1600w\" sizes=\"auto, (max-width: 1280px) 100vw, 1280px\" \/><\/a><\/figure>\n\n\n\n<figure class=\"wp-block-image size-large\"><a href=\"https:\/\/urbeamea.ro\/albaiulia\/wp-content\/uploads\/2022\/11\/Lansare-PR-Centru9.jpg\"><img loading=\"lazy\" decoding=\"async\" width=\"1280\" height=\"573\" data-id=\"105298\" src=\"https:\/\/urbeamea.ro\/albaiulia\/wp-content\/uploads\/2022\/11\/Lansare-PR-Centru9-1280x573.jpg\" alt=\"\" class=\"wp-image-105298\" srcset=\"https:\/\/urbeamea.ro\/albaiulia\/wp-content\/uploads\/2022\/11\/Lansare-PR-Centru9-1280x573.jpg 1280w, https:\/\/urbeamea.ro\/albaiulia\/wp-content\/uploads\/2022\/11\/Lansare-PR-Centru9-640x286.jpg 640w, https:\/\/urbeamea.ro\/albaiulia\/wp-content\/uploads\/2022\/11\/Lansare-PR-Centru9-150x67.jpg 150w, https:\/\/urbeamea.ro\/albaiulia\/wp-content\/uploads\/2022\/11\/Lansare-PR-Centru9-768x344.jpg 768w, https:\/\/urbeamea.ro\/albaiulia\/wp-content\/uploads\/2022\/11\/Lansare-PR-Centru9-1536x687.jpg 1536w, https:\/\/urbeamea.ro\/albaiulia\/wp-content\/uploads\/2022\/11\/Lansare-PR-Centru9.jpg 1600w\" sizes=\"auto, (max-width: 1280px) 100vw, 1280px\" \/><\/a><\/figure>\n\n\n\n<figure class=\"wp-block-image size-large\"><a href=\"https:\/\/urbeamea.ro\/albaiulia\/wp-content\/uploads\/2022\/11\/Lansare-PR-Centru6.jpg\"><img loading=\"lazy\" decoding=\"async\" width=\"1280\" height=\"505\" data-id=\"105299\" src=\"https:\/\/urbeamea.ro\/albaiulia\/wp-content\/uploads\/2022\/11\/Lansare-PR-Centru6-1280x505.jpg\" alt=\"\" class=\"wp-image-105299\" srcset=\"https:\/\/urbeamea.ro\/albaiulia\/wp-content\/uploads\/2022\/11\/Lansare-PR-Centru6-1280x505.jpg 1280w, https:\/\/urbeamea.ro\/albaiulia\/wp-content\/uploads\/2022\/11\/Lansare-PR-Centru6-640x252.jpg 640w, https:\/\/urbeamea.ro\/albaiulia\/wp-content\/uploads\/2022\/11\/Lansare-PR-Centru6-150x59.jpg 150w, https:\/\/urbeamea.ro\/albaiulia\/wp-content\/uploads\/2022\/11\/Lansare-PR-Centru6-768x303.jpg 768w, https:\/\/urbeamea.ro\/albaiulia\/wp-content\/uploads\/2022\/11\/Lansare-PR-Centru6-1536x606.jpg 1536w, https:\/\/urbeamea.ro\/albaiulia\/wp-content\/uploads\/2022\/11\/Lansare-PR-Centru6.jpg 1600w\" sizes=\"auto, (max-width: 1280px) 100vw, 1280px\" \/><\/a><\/figure>\n\n\n\n<figure class=\"wp-block-image size-large\"><a href=\"https:\/\/urbeamea.ro\/albaiulia\/wp-content\/uploads\/2022\/11\/Lansare-PR-Centru3.jpg\"><img loading=\"lazy\" decoding=\"async\" width=\"1280\" height=\"507\" data-id=\"105300\" src=\"https:\/\/urbeamea.ro\/albaiulia\/wp-content\/uploads\/2022\/11\/Lansare-PR-Centru3-1280x507.jpg\" alt=\"\" class=\"wp-image-105300\" srcset=\"https:\/\/urbeamea.ro\/albaiulia\/wp-content\/uploads\/2022\/11\/Lansare-PR-Centru3-1280x507.jpg 1280w, https:\/\/urbeamea.ro\/albaiulia\/wp-content\/uploads\/2022\/11\/Lansare-PR-Centru3-640x254.jpg 640w, https:\/\/urbeamea.ro\/albaiulia\/wp-content\/uploads\/2022\/11\/Lansare-PR-Centru3-150x59.jpg 150w, https:\/\/urbeamea.ro\/albaiulia\/wp-content\/uploads\/2022\/11\/Lansare-PR-Centru3-768x304.jpg 768w, https:\/\/urbeamea.ro\/albaiulia\/wp-content\/uploads\/2022\/11\/Lansare-PR-Centru3-1536x609.jpg 1536w, https:\/\/urbeamea.ro\/albaiulia\/wp-content\/uploads\/2022\/11\/Lansare-PR-Centru3.jpg 1600w\" sizes=\"auto, (max-width: 1280px) 100vw, 1280px\" \/><\/a><\/figure>\n<\/figure>\n","protected":false},"excerpt":{"rendered":"<p>Din 2023 va \u00eencepe depunerea de proiecte pentru investi\u021bii \u00een valoare total\u0103 de peste 1,4 miliarde euro \u00een Regiunea Centru! Sub sloganul \u201d\u00cempreun\u0103 dezvolt\u0103m Regiunea\u201d, peste 170 de reprezentan\u021bi ai administra\u021biei publice centrale \u0219i locale au participat la evenimentul de lansare a Programului REGIUNEA CENTRU 2021-2027, \u00een cadrul unui eveniment organizat la T\u00e2rgu Mure\u0219 de &hellip;<\/p>\n","protected":false},"author":16,"featured_media":105302,"comment_status":"open","ping_status":"open","sticky":false,"template":"","format":"standard","meta":{"inline_featured_image":false,"footnotes":""},"categories":[6663],"tags":[343],"class_list":["post-105294","post","type-post","status-publish","format-standard","has-post-thumbnail","hentry","category-economic","tag-adr-centru"],"yoast_head":"<!-- This site is optimized with the Yoast SEO plugin v28.3 - https:\/\/yoast.com\/product\/yoast-seo-wordpress\/ -->\n<title>ADR Centru a lansat oficial programul \u201dRegiunea Centru\u201d 2021-2027 - Revista Urbea Mea - Revista de Alba<\/title>\n<meta name=\"description\" content=\"Din 2023 va \u00eencepe depunerea de proiecte pentru investi\u021bii \u00een valoare total\u0103 de peste 1,4 miliarde euro \u00een Regiunea Centru! Sub sloganul \u201d\u00cempreun\u0103\" \/>\n<meta name=\"robots\" content=\"index, follow, max-snippet:-1, max-image-preview:large, max-video-preview:-1\" \/>\n<link rel=\"canonical\" href=\"https:\/\/urbeamea.ro\/albaiulia\/adr-centru-a-lansat-oficial-programul-regiunea-centru-2021-2027\/\" \/>\n<meta name=\"twitter:card\" content=\"summary_large_image\" \/>\n<meta name=\"twitter:title\" content=\"&lt;strong&gt;ADR Centru a lansat oficial programul \u201dRegiunea Centru\u201d 2021-2027&lt;\/strong&gt; - Revista Urbea Mea - Revista de Alba\" \/>\n<meta name=\"twitter:description\" content=\"Din 2023 va \u00eencepe depunerea de proiecte pentru investi\u021bii \u00een valoare total\u0103 de peste 1,4 miliarde euro \u00een Regiunea Centru! Sub sloganul \u201d\u00cempreun\u0103\" \/>\n<meta name=\"twitter:image\" content=\"https:\/\/urbeamea.ro\/albaiulia\/wp-content\/uploads\/2022\/11\/Lansare-PR-Centru4.jpg\" \/>\n<meta name=\"twitter:creator\" content=\"@urbeameaweb\" \/>\n<meta name=\"twitter:site\" content=\"@urbeameaweb\" \/>\n<script type=\"application\/ld+json\" class=\"yoast-schema-graph\">{\"@context\":\"https:\\\/\\\/schema.org\",\"@graph\":[{\"@type\":\"Article\",\"@id\":\"https:\\\/\\\/urbeamea.ro\\\/albaiulia\\\/adr-centru-a-lansat-oficial-programul-regiunea-centru-2021-2027\\\/#article\",\"isPartOf\":{\"@id\":\"https:\\\/\\\/urbeamea.ro\\\/albaiulia\\\/adr-centru-a-lansat-oficial-programul-regiunea-centru-2021-2027\\\/\"},\"author\":{\"name\":\"Redac\u021bia UrbeaMea\",\"@id\":\"https:\\\/\\\/urbeamea.ro\\\/albaiulia\\\/#\\\/schema\\\/person\\\/272ae98052f8ee8980f59848df070247\"},\"headline\":\"ADR Centru a lansat oficial programul \u201dRegiunea Centru\u201d 2021-2027\",\"datePublished\":\"2022-11-24T08:45:53+00:00\",\"dateModified\":\"2022-11-24T08:45:54+00:00\",\"mainEntityOfPage\":{\"@id\":\"https:\\\/\\\/urbeamea.ro\\\/albaiulia\\\/adr-centru-a-lansat-oficial-programul-regiunea-centru-2021-2027\\\/\"},\"wordCount\":1204,\"commentCount\":0,\"image\":{\"@id\":\"https:\\\/\\\/urbeamea.ro\\\/albaiulia\\\/adr-centru-a-lansat-oficial-programul-regiunea-centru-2021-2027\\\/#primaryimage\"},\"thumbnailUrl\":\"https:\\\/\\\/urbeamea.ro\\\/albaiulia\\\/wp-content\\\/uploads\\\/2022\\\/11\\\/Lansare-PR-Centru4.jpg\",\"keywords\":[\"ADR Centru\"],\"articleSection\":[\"Economic\"],\"inLanguage\":\"ro-RO\",\"potentialAction\":[{\"@type\":\"CommentAction\",\"name\":\"Comment\",\"target\":[\"https:\\\/\\\/urbeamea.ro\\\/albaiulia\\\/adr-centru-a-lansat-oficial-programul-regiunea-centru-2021-2027\\\/#respond\"]}]},{\"@type\":\"WebPage\",\"@id\":\"https:\\\/\\\/urbeamea.ro\\\/albaiulia\\\/adr-centru-a-lansat-oficial-programul-regiunea-centru-2021-2027\\\/\",\"url\":\"https:\\\/\\\/urbeamea.ro\\\/albaiulia\\\/adr-centru-a-lansat-oficial-programul-regiunea-centru-2021-2027\\\/\",\"name\":\"ADR Centru a lansat oficial programul \u201dRegiunea Centru\u201d 2021-2027 - Revista Urbea Mea - Revista de Alba\",\"isPartOf\":{\"@id\":\"https:\\\/\\\/urbeamea.ro\\\/albaiulia\\\/#website\"},\"primaryImageOfPage\":{\"@id\":\"https:\\\/\\\/urbeamea.ro\\\/albaiulia\\\/adr-centru-a-lansat-oficial-programul-regiunea-centru-2021-2027\\\/#primaryimage\"},\"image\":{\"@id\":\"https:\\\/\\\/urbeamea.ro\\\/albaiulia\\\/adr-centru-a-lansat-oficial-programul-regiunea-centru-2021-2027\\\/#primaryimage\"},\"thumbnailUrl\":\"https:\\\/\\\/urbeamea.ro\\\/albaiulia\\\/wp-content\\\/uploads\\\/2022\\\/11\\\/Lansare-PR-Centru4.jpg\",\"datePublished\":\"2022-11-24T08:45:53+00:00\",\"dateModified\":\"2022-11-24T08:45:54+00:00\",\"author\":{\"@id\":\"https:\\\/\\\/urbeamea.ro\\\/albaiulia\\\/#\\\/schema\\\/person\\\/272ae98052f8ee8980f59848df070247\"},\"description\":\"Din 2023 va \u00eencepe depunerea de proiecte pentru investi\u021bii \u00een valoare total\u0103 de peste 1,4 miliarde euro \u00een Regiunea Centru! Sub sloganul \u201d\u00cempreun\u0103\",\"breadcrumb\":{\"@id\":\"https:\\\/\\\/urbeamea.ro\\\/albaiulia\\\/adr-centru-a-lansat-oficial-programul-regiunea-centru-2021-2027\\\/#breadcrumb\"},\"inLanguage\":\"ro-RO\",\"potentialAction\":[{\"@type\":\"ReadAction\",\"target\":[\"https:\\\/\\\/urbeamea.ro\\\/albaiulia\\\/adr-centru-a-lansat-oficial-programul-regiunea-centru-2021-2027\\\/\"]}]},{\"@type\":\"ImageObject\",\"inLanguage\":\"ro-RO\",\"@id\":\"https:\\\/\\\/urbeamea.ro\\\/albaiulia\\\/adr-centru-a-lansat-oficial-programul-regiunea-centru-2021-2027\\\/#primaryimage\",\"url\":\"https:\\\/\\\/urbeamea.ro\\\/albaiulia\\\/wp-content\\\/uploads\\\/2022\\\/11\\\/Lansare-PR-Centru4.jpg\",\"contentUrl\":\"https:\\\/\\\/urbeamea.ro\\\/albaiulia\\\/wp-content\\\/uploads\\\/2022\\\/11\\\/Lansare-PR-Centru4.jpg\",\"width\":1600,\"height\":565},{\"@type\":\"BreadcrumbList\",\"@id\":\"https:\\\/\\\/urbeamea.ro\\\/albaiulia\\\/adr-centru-a-lansat-oficial-programul-regiunea-centru-2021-2027\\\/#breadcrumb\",\"itemListElement\":[{\"@type\":\"ListItem\",\"position\":1,\"name\":\"Prima pagin\u0103\",\"item\":\"https:\\\/\\\/urbeamea.ro\\\/albaiulia\\\/\"},{\"@type\":\"ListItem\",\"position\":2,\"name\":\"ADR Centru a lansat oficial programul \u201dRegiunea Centru\u201d 2021-2027\"}]},{\"@type\":\"WebSite\",\"@id\":\"https:\\\/\\\/urbeamea.ro\\\/albaiulia\\\/#website\",\"url\":\"https:\\\/\\\/urbeamea.ro\\\/albaiulia\\\/\",\"name\":\"Revista Urbea Mea, Stiri urbane\",\"description\":\"Evenimente \u0219i \u0219tiri din Alba Iulia, Sebe\u0219, Aiud, Blaj\",\"potentialAction\":[{\"@type\":\"SearchAction\",\"target\":{\"@type\":\"EntryPoint\",\"urlTemplate\":\"https:\\\/\\\/urbeamea.ro\\\/albaiulia\\\/?s={search_term_string}\"},\"query-input\":{\"@type\":\"PropertyValueSpecification\",\"valueRequired\":true,\"valueName\":\"search_term_string\"}}],\"inLanguage\":\"ro-RO\"},{\"@type\":\"Person\",\"@id\":\"https:\\\/\\\/urbeamea.ro\\\/albaiulia\\\/#\\\/schema\\\/person\\\/272ae98052f8ee8980f59848df070247\",\"name\":\"Redac\u021bia UrbeaMea\",\"image\":{\"@type\":\"ImageObject\",\"inLanguage\":\"ro-RO\",\"@id\":\"https:\\\/\\\/secure.gravatar.com\\\/avatar\\\/9ce5a9435071fa1037e8468053ead8e513dbbff59009d3069aadb85506d85a27?s=96&d=mm&r=g\",\"url\":\"https:\\\/\\\/secure.gravatar.com\\\/avatar\\\/9ce5a9435071fa1037e8468053ead8e513dbbff59009d3069aadb85506d85a27?s=96&d=mm&r=g\",\"contentUrl\":\"https:\\\/\\\/secure.gravatar.com\\\/avatar\\\/9ce5a9435071fa1037e8468053ead8e513dbbff59009d3069aadb85506d85a27?s=96&d=mm&r=g\",\"caption\":\"Redac\u021bia UrbeaMea\"},\"description\":\"contact@urbeamea.ro\",\"sameAs\":[\"https:\\\/\\\/www.urbeamea.ro\"],\"url\":\"https:\\\/\\\/urbeamea.ro\\\/albaiulia\\\/author\\\/redactia-urbeamea\\\/\"}]}<\/script>\n<!-- \/ Yoast SEO plugin. -->","yoast_head_json":{"title":"ADR Centru a lansat oficial programul \u201dRegiunea Centru\u201d 2021-2027 - Revista Urbea Mea - Revista de Alba","description":"Din 2023 va \u00eencepe depunerea de proiecte pentru investi\u021bii \u00een valoare total\u0103 de peste 1,4 miliarde euro \u00een Regiunea Centru! Sub sloganul \u201d\u00cempreun\u0103","robots":{"index":"index","follow":"follow","max-snippet":"max-snippet:-1","max-image-preview":"max-image-preview:large","max-video-preview":"max-video-preview:-1"},"canonical":"https:\/\/urbeamea.ro\/albaiulia\/adr-centru-a-lansat-oficial-programul-regiunea-centru-2021-2027\/","twitter_card":"summary_large_image","twitter_title":"<strong>ADR Centru a lansat oficial programul \u201dRegiunea Centru\u201d 2021-2027<\/strong> - Revista Urbea Mea - Revista de Alba","twitter_description":"Din 2023 va \u00eencepe depunerea de proiecte pentru investi\u021bii \u00een valoare total\u0103 de peste 1,4 miliarde euro \u00een Regiunea Centru! Sub sloganul \u201d\u00cempreun\u0103","twitter_image":"https:\/\/urbeamea.ro\/albaiulia\/wp-content\/uploads\/2022\/11\/Lansare-PR-Centru4.jpg","twitter_creator":"@urbeameaweb","twitter_site":"@urbeameaweb","schema":{"@context":"https:\/\/schema.org","@graph":[{"@type":"Article","@id":"https:\/\/urbeamea.ro\/albaiulia\/adr-centru-a-lansat-oficial-programul-regiunea-centru-2021-2027\/#article","isPartOf":{"@id":"https:\/\/urbeamea.ro\/albaiulia\/adr-centru-a-lansat-oficial-programul-regiunea-centru-2021-2027\/"},"author":{"name":"Redac\u021bia UrbeaMea","@id":"https:\/\/urbeamea.ro\/albaiulia\/#\/schema\/person\/272ae98052f8ee8980f59848df070247"},"headline":"ADR Centru a lansat oficial programul \u201dRegiunea Centru\u201d 2021-2027","datePublished":"2022-11-24T08:45:53+00:00","dateModified":"2022-11-24T08:45:54+00:00","mainEntityOfPage":{"@id":"https:\/\/urbeamea.ro\/albaiulia\/adr-centru-a-lansat-oficial-programul-regiunea-centru-2021-2027\/"},"wordCount":1204,"commentCount":0,"image":{"@id":"https:\/\/urbeamea.ro\/albaiulia\/adr-centru-a-lansat-oficial-programul-regiunea-centru-2021-2027\/#primaryimage"},"thumbnailUrl":"https:\/\/urbeamea.ro\/albaiulia\/wp-content\/uploads\/2022\/11\/Lansare-PR-Centru4.jpg","keywords":["ADR Centru"],"articleSection":["Economic"],"inLanguage":"ro-RO","potentialAction":[{"@type":"CommentAction","name":"Comment","target":["https:\/\/urbeamea.ro\/albaiulia\/adr-centru-a-lansat-oficial-programul-regiunea-centru-2021-2027\/#respond"]}]},{"@type":"WebPage","@id":"https:\/\/urbeamea.ro\/albaiulia\/adr-centru-a-lansat-oficial-programul-regiunea-centru-2021-2027\/","url":"https:\/\/urbeamea.ro\/albaiulia\/adr-centru-a-lansat-oficial-programul-regiunea-centru-2021-2027\/","name":"ADR Centru a lansat oficial programul \u201dRegiunea Centru\u201d 2021-2027 - Revista Urbea Mea - Revista de Alba","isPartOf":{"@id":"https:\/\/urbeamea.ro\/albaiulia\/#website"},"primaryImageOfPage":{"@id":"https:\/\/urbeamea.ro\/albaiulia\/adr-centru-a-lansat-oficial-programul-regiunea-centru-2021-2027\/#primaryimage"},"image":{"@id":"https:\/\/urbeamea.ro\/albaiulia\/adr-centru-a-lansat-oficial-programul-regiunea-centru-2021-2027\/#primaryimage"},"thumbnailUrl":"https:\/\/urbeamea.ro\/albaiulia\/wp-content\/uploads\/2022\/11\/Lansare-PR-Centru4.jpg","datePublished":"2022-11-24T08:45:53+00:00","dateModified":"2022-11-24T08:45:54+00:00","author":{"@id":"https:\/\/urbeamea.ro\/albaiulia\/#\/schema\/person\/272ae98052f8ee8980f59848df070247"},"description":"Din 2023 va \u00eencepe depunerea de proiecte pentru investi\u021bii \u00een valoare total\u0103 de peste 1,4 miliarde euro \u00een Regiunea Centru! Sub sloganul \u201d\u00cempreun\u0103","breadcrumb":{"@id":"https:\/\/urbeamea.ro\/albaiulia\/adr-centru-a-lansat-oficial-programul-regiunea-centru-2021-2027\/#breadcrumb"},"inLanguage":"ro-RO","potentialAction":[{"@type":"ReadAction","target":["https:\/\/urbeamea.ro\/albaiulia\/adr-centru-a-lansat-oficial-programul-regiunea-centru-2021-2027\/"]}]},{"@type":"ImageObject","inLanguage":"ro-RO","@id":"https:\/\/urbeamea.ro\/albaiulia\/adr-centru-a-lansat-oficial-programul-regiunea-centru-2021-2027\/#primaryimage","url":"https:\/\/urbeamea.ro\/albaiulia\/wp-content\/uploads\/2022\/11\/Lansare-PR-Centru4.jpg","contentUrl":"https:\/\/urbeamea.ro\/albaiulia\/wp-content\/uploads\/2022\/11\/Lansare-PR-Centru4.jpg","width":1600,"height":565},{"@type":"BreadcrumbList","@id":"https:\/\/urbeamea.ro\/albaiulia\/adr-centru-a-lansat-oficial-programul-regiunea-centru-2021-2027\/#breadcrumb","itemListElement":[{"@type":"ListItem","position":1,"name":"Prima pagin\u0103","item":"https:\/\/urbeamea.ro\/albaiulia\/"},{"@type":"ListItem","position":2,"name":"ADR Centru a lansat oficial programul \u201dRegiunea Centru\u201d 2021-2027"}]},{"@type":"WebSite","@id":"https:\/\/urbeamea.ro\/albaiulia\/#website","url":"https:\/\/urbeamea.ro\/albaiulia\/","name":"Revista Urbea Mea, Stiri urbane","description":"Evenimente \u0219i \u0219tiri din Alba Iulia, Sebe\u0219, Aiud, Blaj","potentialAction":[{"@type":"SearchAction","target":{"@type":"EntryPoint","urlTemplate":"https:\/\/urbeamea.ro\/albaiulia\/?s={search_term_string}"},"query-input":{"@type":"PropertyValueSpecification","valueRequired":true,"valueName":"search_term_string"}}],"inLanguage":"ro-RO"},{"@type":"Person","@id":"https:\/\/urbeamea.ro\/albaiulia\/#\/schema\/person\/272ae98052f8ee8980f59848df070247","name":"Redac\u021bia UrbeaMea","image":{"@type":"ImageObject","inLanguage":"ro-RO","@id":"https:\/\/secure.gravatar.com\/avatar\/9ce5a9435071fa1037e8468053ead8e513dbbff59009d3069aadb85506d85a27?s=96&d=mm&r=g","url":"https:\/\/secure.gravatar.com\/avatar\/9ce5a9435071fa1037e8468053ead8e513dbbff59009d3069aadb85506d85a27?s=96&d=mm&r=g","contentUrl":"https:\/\/secure.gravatar.com\/avatar\/9ce5a9435071fa1037e8468053ead8e513dbbff59009d3069aadb85506d85a27?s=96&d=mm&r=g","caption":"Redac\u021bia UrbeaMea"},"description":"contact@urbeamea.ro","sameAs":["https:\/\/www.urbeamea.ro"],"url":"https:\/\/urbeamea.ro\/albaiulia\/author\/redactia-urbeamea\/"}]}},"_links":{"self":[{"href":"https:\/\/urbeamea.ro\/albaiulia\/wp-json\/wp\/v2\/posts\/105294","targetHints":{"allow":["GET"]}}],"collection":[{"href":"https:\/\/urbeamea.ro\/albaiulia\/wp-json\/wp\/v2\/posts"}],"about":[{"href":"https:\/\/urbeamea.ro\/albaiulia\/wp-json\/wp\/v2\/types\/post"}],"author":[{"embeddable":true,"href":"https:\/\/urbeamea.ro\/albaiulia\/wp-json\/wp\/v2\/users\/16"}],"replies":[{"embeddable":true,"href":"https:\/\/urbeamea.ro\/albaiulia\/wp-json\/wp\/v2\/comments?post=105294"}],"version-history":[{"count":1,"href":"https:\/\/urbeamea.ro\/albaiulia\/wp-json\/wp\/v2\/posts\/105294\/revisions"}],"predecessor-version":[{"id":105303,"href":"https:\/\/urbeamea.ro\/albaiulia\/wp-json\/wp\/v2\/posts\/105294\/revisions\/105303"}],"wp:featuredmedia":[{"embeddable":true,"href":"https:\/\/urbeamea.ro\/albaiulia\/wp-json\/wp\/v2\/media\/105302"}],"wp:attachment":[{"href":"https:\/\/urbeamea.ro\/albaiulia\/wp-json\/wp\/v2\/media?parent=105294"}],"wp:term":[{"taxonomy":"category","embeddable":true,"href":"https:\/\/urbeamea.ro\/albaiulia\/wp-json\/wp\/v2\/categories?post=105294"},{"taxonomy":"post_tag","embeddable":true,"href":"https:\/\/urbeamea.ro\/albaiulia\/wp-json\/wp\/v2\/tags?post=105294"}],"curies":[{"name":"wp","href":"https:\/\/api.w.org\/{rel}","templated":true}]}}