{"id":105320,"date":"2022-11-25T12:42:08","date_gmt":"2022-11-25T10:42:08","guid":{"rendered":"https:\/\/urbeamea.ro\/albaiulia\/?p=105320"},"modified":"2022-11-25T12:42:08","modified_gmt":"2022-11-25T10:42:08","slug":"cum-sa-iti-amenajezi-magazinul-daca-vrei-sa-atragi-cati-mai-multi-clienti-sfaturi-pentru-viitorii-antreprenori","status":"publish","type":"post","link":"https:\/\/urbeamea.ro\/albaiulia\/cum-sa-iti-amenajezi-magazinul-daca-vrei-sa-atragi-cati-mai-multi-clienti-sfaturi-pentru-viitorii-antreprenori\/","title":{"rendered":"Cum s\u0103 \u00ee\u021bi amenajezi magazinul dac\u0103 vrei s\u0103 atragi c\u00e2\u021bi mai mul\u021bi clien\u021bi \u2013 Sfaturi pentru viitorii antreprenori"},"content":{"rendered":"\n<p>Te tenteaz\u0103 ideea de a deschide un magazin \u0219i de a vinde produse proaspete? \u00ce\u021bi recomand s\u0103 cite\u0219ti r\u00e2ndurile urm\u0103toare \u0219i s\u0103 \u00ee\u021bi faci o idee despre cum ar trebui s\u0103 arate magazinul respectiv, ca s\u0103 ai succes de la \u00eenceput \u0219i s\u0103 atragi clien\u021bii de partea ta. Este important s\u0103 te implici \u0219i s\u0103 oferi produsele pe care \u0219i tu le-ai savura cu pl\u0103cere.<\/p>\n\n\n\n<h2 class=\"wp-block-heading\">Cum se poate decora un magazin deosebit, \u00een func\u021bie de necesit\u0103\u021bi \u0219i recomand\u0103ri<\/h2>\n\n\n\n<ul class=\"wp-block-list\">\n<li><strong><em>Amenajare \u00een func\u021bie de dimensiuni<\/em><\/strong><\/li>\n<\/ul>\n\n\n\n<p>Spa\u021biul pe care \u00eel ai la dispozi\u021bie pentru magazinul t\u0103u de produse proaspete ar trebui s\u0103 fie \u00eemp\u0103r\u021bit \u00een a\u0219a fel \u00eenc\u00e2t s\u0103 nu par\u0103 \u00eenghesuit, ci s\u0103 fie loc suficient pentru cei care \u00ee\u021bi calc\u0103 pragul. Pornind de la aceast\u0103 idee, trebuie s\u0103 ai \u00een vedere tipul de mobilier necesar, inclusiv o <a href=\"https:\/\/altex.ro\/lazi-frigorifice\/cpl\/\" target=\"_blank\" rel=\"noreferrer noopener\">lada frigorific\u0103<\/a>, pe care o po\u021bi achizi\u021biona de pe Altex.ro, verific\u00e2nd specifica\u021biile tehnice \u00eenainte de achizi\u021bie.<\/p>\n\n\n\n<p>Pe l\u00e2ng\u0103 mobilierul specific pentru magazin, ar trebui s\u0103 ai \u00een vedere \u0219i elementele de decor, care s\u0103 nu \u00eencarce din punct de vedere vizual, \u00eens\u0103 care s\u0103 ofere o imagine aparte.<\/p>\n\n\n\n<ul class=\"wp-block-list\">\n<li><strong><em>Preg\u0103tirea buc\u0103t\u0103riei<\/em><\/strong><\/li>\n<\/ul>\n\n\n\n<p>Un magazin de produse proaspete, a\u0219a cum sunt pr\u0103jiturile, sandvi\u0219urile sau m\u00e2ncarea g\u0103tit\u0103 trebuie s\u0103 aib\u0103 o buc\u0103t\u0103rie impecabil\u0103. Acesta ar trebui s\u0103 fie primul lucru de luat \u00een considerare dac\u0103 este planificat\u0103 deschiderea unui astfel de business.&nbsp;<\/p>\n\n\n\n<p>Renovarea \u00eenc\u0103perii respective ar trebui s\u0103 \u021bin\u0103 cont de func\u021bionalit\u0103\u021bile acesteia, astfel c\u0103, ustensilele, blatul de lucru \u0219i electrocasnicele necesare s\u0103 fie \u00een perfect\u0103 stare de utilizare \u0219i pozi\u021bionate corect. De exemplu, masa de lucru ar trebui s\u0103 fie l\u00e2ng\u0103 cuptor \u0219i aragaz, urm\u00e2nd apoi apoi s\u0103 fie montat\u0103 chiuveta.<\/p>\n\n\n\n<ul class=\"wp-block-list\">\n<li><strong><em>Baia dedicat\u0103 clien\u021bilor<\/em><\/strong><\/li>\n<\/ul>\n\n\n\n<p>Dac\u0103 magazinul pe care dore\u0219ti s\u0103 \u00eel deschizi va avea amenajat \u0219i un loc special pentru servirea produselor de c\u0103tre clien\u021bi, atunci este recomandat s\u0103 ai \u00een vedere \u0219i preg\u0103tirea unei toalete.<\/p>\n\n\n\n<p>\u00cen acest sens ar trebui s\u0103 \u021bii cont de f\u0103cut c\u0103 aceast\u0103 \u00eenc\u0103pere nu ar trebui s\u0103 se afle \u00een preajma buc\u0103t\u0103riei \u0219i nici pe l\u00e2nga mesele clien\u021bilor. \u00cen plus, controalele \u00een acest sens sunt destul de stricte, a\u0219a c\u0103, informeaz\u0103-te din timp despre acest lucru, s\u0103 po\u021bi amenaja spa\u021biul respectiv \u00een mod corespunz\u0103tor.<\/p>\n\n\n\n<ul class=\"wp-block-list\">\n<li><strong><em>Vitrinele de prezentare<\/em><\/strong><\/li>\n<\/ul>\n\n\n\n<p>Cu siguran\u021b\u0103 c\u0103 vei avea nevoie de c\u00e2teva vitrine de prezentare a produselor. Acestea vor ajuta \u0219i la depozitarea lor pe parcursul zilei. Astfel, pozi\u021bionarea acestora ar trebui s\u0103 se fac\u0103 fie la mijlocul magazinului sau restaurantului respectiv, fie \u00een sensul opus fa\u021b\u0103 de u\u0219a de la intrare. Vei putea astfel s\u0103 amenajezi corect spa\u021biul de care dispui, oferind loc suficient pentru cei care \u00ee\u021bi vor c\u0103lca pragul.<\/p>\n\n\n\n<p>A\u0219adar, av\u00e2nd \u00een vedere recomand\u0103rile de mai sus, po\u021bi pune pe list\u0103 priorit\u0103\u021bile ce \u021bin de deschiderea unui magazin pentru v\u00e2nzarea produselor tale. Po\u021bi s\u0103 transformi aceast\u0103 loca\u021bie \u00eentr-un bistro prietenos \u0219i deschis pentru cei care vor s\u0103 se bucure de ceea ce ai de oferit.<\/p>\n","protected":false},"excerpt":{"rendered":"<p>Te tenteaz\u0103 ideea de a deschide un magazin \u0219i de a vinde produse proaspete? \u00ce\u021bi recomand s\u0103 cite\u0219ti r\u00e2ndurile urm\u0103toare \u0219i s\u0103 \u00ee\u021bi faci o idee despre cum ar trebui s\u0103 arate magazinul respectiv, ca s\u0103 ai succes de la \u00eenceput \u0219i s\u0103 atragi clien\u021bii de partea ta. Este important s\u0103 te implici \u0219i s\u0103 &hellip;<\/p>\n","protected":false},"author":16,"featured_media":105321,"comment_status":"open","ping_status":"open","sticky":false,"template":"","format":"standard","meta":{"inline_featured_image":false,"footnotes":""},"categories":[1],"tags":[24682],"class_list":["post-105320","post","type-post","status-publish","format-standard","has-post-thumbnail","hentry","category-stiri-urbane","tag-lada-frigorifica"],"yoast_head":"<!-- This site is optimized with the Yoast SEO plugin v27.4 - https:\/\/yoast.com\/product\/yoast-seo-wordpress\/ -->\n<title>Cum s\u0103 \u00ee\u021bi amenajezi magazinul dac\u0103 vrei s\u0103 atragi c\u00e2\u021bi mai mul\u021bi clien\u021bi \u2013 Sfaturi pentru viitorii antreprenori - Revista Urbea Mea - Revista de Alba<\/title>\n<meta name=\"description\" content=\"Te tenteaz\u0103 ideea de a deschide un magazin \u0219i de a vinde produse proaspete? \u00ce\u021bi recomand s\u0103 cite\u0219ti r\u00e2ndurile urm\u0103toare \u0219i s\u0103 \u00ee\u021bi faci o idee despre cum\" \/>\n<meta name=\"robots\" content=\"index, follow, max-snippet:-1, max-image-preview:large, max-video-preview:-1\" \/>\n<link rel=\"canonical\" href=\"https:\/\/urbeamea.ro\/albaiulia\/cum-sa-iti-amenajezi-magazinul-daca-vrei-sa-atragi-cati-mai-multi-clienti-sfaturi-pentru-viitorii-antreprenori\/\" \/>\n<meta name=\"twitter:card\" content=\"summary_large_image\" \/>\n<meta name=\"twitter:title\" content=\"Cum s\u0103 \u00ee\u021bi amenajezi magazinul dac\u0103 vrei s\u0103 atragi c\u00e2\u021bi mai mul\u021bi clien\u021bi \u2013 Sfaturi pentru viitorii antreprenori - Revista Urbea Mea - Revista de Alba\" \/>\n<meta name=\"twitter:description\" content=\"Te tenteaz\u0103 ideea de a deschide un magazin \u0219i de a vinde produse proaspete? \u00ce\u021bi recomand s\u0103 cite\u0219ti r\u00e2ndurile urm\u0103toare \u0219i s\u0103 \u00ee\u021bi faci o idee despre cum\" \/>\n<meta name=\"twitter:image\" content=\"https:\/\/urbeamea.ro\/albaiulia\/wp-content\/uploads\/2022\/11\/CUMSAI1.jpg\" \/>\n<meta name=\"twitter:creator\" content=\"@urbeameaweb\" \/>\n<meta name=\"twitter:site\" content=\"@urbeameaweb\" \/>\n<script type=\"application\/ld+json\" class=\"yoast-schema-graph\">{\"@context\":\"https:\\\/\\\/schema.org\",\"@graph\":[{\"@type\":\"Article\",\"@id\":\"https:\\\/\\\/urbeamea.ro\\\/albaiulia\\\/cum-sa-iti-amenajezi-magazinul-daca-vrei-sa-atragi-cati-mai-multi-clienti-sfaturi-pentru-viitorii-antreprenori\\\/#article\",\"isPartOf\":{\"@id\":\"https:\\\/\\\/urbeamea.ro\\\/albaiulia\\\/cum-sa-iti-amenajezi-magazinul-daca-vrei-sa-atragi-cati-mai-multi-clienti-sfaturi-pentru-viitorii-antreprenori\\\/\"},\"author\":{\"name\":\"Redac\u021bia UrbeaMea\",\"@id\":\"https:\\\/\\\/urbeamea.ro\\\/albaiulia\\\/#\\\/schema\\\/person\\\/272ae98052f8ee8980f59848df070247\"},\"headline\":\"Cum s\u0103 \u00ee\u021bi amenajezi magazinul dac\u0103 vrei s\u0103 atragi c\u00e2\u021bi mai mul\u021bi clien\u021bi \u2013 Sfaturi pentru viitorii antreprenori\",\"datePublished\":\"2022-11-25T10:42:08+00:00\",\"mainEntityOfPage\":{\"@id\":\"https:\\\/\\\/urbeamea.ro\\\/albaiulia\\\/cum-sa-iti-amenajezi-magazinul-daca-vrei-sa-atragi-cati-mai-multi-clienti-sfaturi-pentru-viitorii-antreprenori\\\/\"},\"wordCount\":569,\"commentCount\":0,\"image\":{\"@id\":\"https:\\\/\\\/urbeamea.ro\\\/albaiulia\\\/cum-sa-iti-amenajezi-magazinul-daca-vrei-sa-atragi-cati-mai-multi-clienti-sfaturi-pentru-viitorii-antreprenori\\\/#primaryimage\"},\"thumbnailUrl\":\"https:\\\/\\\/urbeamea.ro\\\/albaiulia\\\/wp-content\\\/uploads\\\/2022\\\/11\\\/CUMSAI1.jpg\",\"keywords\":[\"lada frigorifica\"],\"articleSection\":[\"\u015etiri Urbane\"],\"inLanguage\":\"ro-RO\",\"potentialAction\":[{\"@type\":\"CommentAction\",\"name\":\"Comment\",\"target\":[\"https:\\\/\\\/urbeamea.ro\\\/albaiulia\\\/cum-sa-iti-amenajezi-magazinul-daca-vrei-sa-atragi-cati-mai-multi-clienti-sfaturi-pentru-viitorii-antreprenori\\\/#respond\"]}]},{\"@type\":\"WebPage\",\"@id\":\"https:\\\/\\\/urbeamea.ro\\\/albaiulia\\\/cum-sa-iti-amenajezi-magazinul-daca-vrei-sa-atragi-cati-mai-multi-clienti-sfaturi-pentru-viitorii-antreprenori\\\/\",\"url\":\"https:\\\/\\\/urbeamea.ro\\\/albaiulia\\\/cum-sa-iti-amenajezi-magazinul-daca-vrei-sa-atragi-cati-mai-multi-clienti-sfaturi-pentru-viitorii-antreprenori\\\/\",\"name\":\"Cum s\u0103 \u00ee\u021bi amenajezi magazinul dac\u0103 vrei s\u0103 atragi c\u00e2\u021bi mai mul\u021bi clien\u021bi \u2013 Sfaturi pentru viitorii antreprenori - Revista Urbea Mea - Revista de Alba\",\"isPartOf\":{\"@id\":\"https:\\\/\\\/urbeamea.ro\\\/albaiulia\\\/#website\"},\"primaryImageOfPage\":{\"@id\":\"https:\\\/\\\/urbeamea.ro\\\/albaiulia\\\/cum-sa-iti-amenajezi-magazinul-daca-vrei-sa-atragi-cati-mai-multi-clienti-sfaturi-pentru-viitorii-antreprenori\\\/#primaryimage\"},\"image\":{\"@id\":\"https:\\\/\\\/urbeamea.ro\\\/albaiulia\\\/cum-sa-iti-amenajezi-magazinul-daca-vrei-sa-atragi-cati-mai-multi-clienti-sfaturi-pentru-viitorii-antreprenori\\\/#primaryimage\"},\"thumbnailUrl\":\"https:\\\/\\\/urbeamea.ro\\\/albaiulia\\\/wp-content\\\/uploads\\\/2022\\\/11\\\/CUMSAI1.jpg\",\"datePublished\":\"2022-11-25T10:42:08+00:00\",\"author\":{\"@id\":\"https:\\\/\\\/urbeamea.ro\\\/albaiulia\\\/#\\\/schema\\\/person\\\/272ae98052f8ee8980f59848df070247\"},\"description\":\"Te tenteaz\u0103 ideea de a deschide un magazin \u0219i de a vinde produse proaspete? \u00ce\u021bi recomand s\u0103 cite\u0219ti r\u00e2ndurile urm\u0103toare \u0219i s\u0103 \u00ee\u021bi faci o idee despre cum\",\"breadcrumb\":{\"@id\":\"https:\\\/\\\/urbeamea.ro\\\/albaiulia\\\/cum-sa-iti-amenajezi-magazinul-daca-vrei-sa-atragi-cati-mai-multi-clienti-sfaturi-pentru-viitorii-antreprenori\\\/#breadcrumb\"},\"inLanguage\":\"ro-RO\",\"potentialAction\":[{\"@type\":\"ReadAction\",\"target\":[\"https:\\\/\\\/urbeamea.ro\\\/albaiulia\\\/cum-sa-iti-amenajezi-magazinul-daca-vrei-sa-atragi-cati-mai-multi-clienti-sfaturi-pentru-viitorii-antreprenori\\\/\"]}]},{\"@type\":\"ImageObject\",\"inLanguage\":\"ro-RO\",\"@id\":\"https:\\\/\\\/urbeamea.ro\\\/albaiulia\\\/cum-sa-iti-amenajezi-magazinul-daca-vrei-sa-atragi-cati-mai-multi-clienti-sfaturi-pentru-viitorii-antreprenori\\\/#primaryimage\",\"url\":\"https:\\\/\\\/urbeamea.ro\\\/albaiulia\\\/wp-content\\\/uploads\\\/2022\\\/11\\\/CUMSAI1.jpg\",\"contentUrl\":\"https:\\\/\\\/urbeamea.ro\\\/albaiulia\\\/wp-content\\\/uploads\\\/2022\\\/11\\\/CUMSAI1.jpg\",\"width\":1200,\"height\":800},{\"@type\":\"BreadcrumbList\",\"@id\":\"https:\\\/\\\/urbeamea.ro\\\/albaiulia\\\/cum-sa-iti-amenajezi-magazinul-daca-vrei-sa-atragi-cati-mai-multi-clienti-sfaturi-pentru-viitorii-antreprenori\\\/#breadcrumb\",\"itemListElement\":[{\"@type\":\"ListItem\",\"position\":1,\"name\":\"Prima pagin\u0103\",\"item\":\"https:\\\/\\\/urbeamea.ro\\\/albaiulia\\\/\"},{\"@type\":\"ListItem\",\"position\":2,\"name\":\"Cum s\u0103 \u00ee\u021bi amenajezi magazinul dac\u0103 vrei s\u0103 atragi c\u00e2\u021bi mai mul\u021bi clien\u021bi \u2013 Sfaturi pentru viitorii antreprenori\"}]},{\"@type\":\"WebSite\",\"@id\":\"https:\\\/\\\/urbeamea.ro\\\/albaiulia\\\/#website\",\"url\":\"https:\\\/\\\/urbeamea.ro\\\/albaiulia\\\/\",\"name\":\"Revista Urbea Mea, Stiri urbane\",\"description\":\"Evenimente \u0219i \u0219tiri din Alba Iulia, Sebe\u0219, Aiud, Blaj\",\"potentialAction\":[{\"@type\":\"SearchAction\",\"target\":{\"@type\":\"EntryPoint\",\"urlTemplate\":\"https:\\\/\\\/urbeamea.ro\\\/albaiulia\\\/?s={search_term_string}\"},\"query-input\":{\"@type\":\"PropertyValueSpecification\",\"valueRequired\":true,\"valueName\":\"search_term_string\"}}],\"inLanguage\":\"ro-RO\"},{\"@type\":\"Person\",\"@id\":\"https:\\\/\\\/urbeamea.ro\\\/albaiulia\\\/#\\\/schema\\\/person\\\/272ae98052f8ee8980f59848df070247\",\"name\":\"Redac\u021bia UrbeaMea\",\"image\":{\"@type\":\"ImageObject\",\"inLanguage\":\"ro-RO\",\"@id\":\"https:\\\/\\\/secure.gravatar.com\\\/avatar\\\/9ce5a9435071fa1037e8468053ead8e513dbbff59009d3069aadb85506d85a27?s=96&d=mm&r=g\",\"url\":\"https:\\\/\\\/secure.gravatar.com\\\/avatar\\\/9ce5a9435071fa1037e8468053ead8e513dbbff59009d3069aadb85506d85a27?s=96&d=mm&r=g\",\"contentUrl\":\"https:\\\/\\\/secure.gravatar.com\\\/avatar\\\/9ce5a9435071fa1037e8468053ead8e513dbbff59009d3069aadb85506d85a27?s=96&d=mm&r=g\",\"caption\":\"Redac\u021bia UrbeaMea\"},\"description\":\"contact@urbeamea.ro\",\"sameAs\":[\"https:\\\/\\\/www.urbeamea.ro\"],\"url\":\"https:\\\/\\\/urbeamea.ro\\\/albaiulia\\\/author\\\/redactia-urbeamea\\\/\"}]}<\/script>\n<!-- \/ Yoast SEO plugin. -->","yoast_head_json":{"title":"Cum s\u0103 \u00ee\u021bi amenajezi magazinul dac\u0103 vrei s\u0103 atragi c\u00e2\u021bi mai mul\u021bi clien\u021bi \u2013 Sfaturi pentru viitorii antreprenori - Revista Urbea Mea - Revista de Alba","description":"Te tenteaz\u0103 ideea de a deschide un magazin \u0219i de a vinde produse proaspete? \u00ce\u021bi recomand s\u0103 cite\u0219ti r\u00e2ndurile urm\u0103toare \u0219i s\u0103 \u00ee\u021bi faci o idee despre cum","robots":{"index":"index","follow":"follow","max-snippet":"max-snippet:-1","max-image-preview":"max-image-preview:large","max-video-preview":"max-video-preview:-1"},"canonical":"https:\/\/urbeamea.ro\/albaiulia\/cum-sa-iti-amenajezi-magazinul-daca-vrei-sa-atragi-cati-mai-multi-clienti-sfaturi-pentru-viitorii-antreprenori\/","twitter_card":"summary_large_image","twitter_title":"Cum s\u0103 \u00ee\u021bi amenajezi magazinul dac\u0103 vrei s\u0103 atragi c\u00e2\u021bi mai mul\u021bi clien\u021bi \u2013 Sfaturi pentru viitorii antreprenori - Revista Urbea Mea - Revista de Alba","twitter_description":"Te tenteaz\u0103 ideea de a deschide un magazin \u0219i de a vinde produse proaspete? \u00ce\u021bi recomand s\u0103 cite\u0219ti r\u00e2ndurile urm\u0103toare \u0219i s\u0103 \u00ee\u021bi faci o idee despre cum","twitter_image":"https:\/\/urbeamea.ro\/albaiulia\/wp-content\/uploads\/2022\/11\/CUMSAI1.jpg","twitter_creator":"@urbeameaweb","twitter_site":"@urbeameaweb","schema":{"@context":"https:\/\/schema.org","@graph":[{"@type":"Article","@id":"https:\/\/urbeamea.ro\/albaiulia\/cum-sa-iti-amenajezi-magazinul-daca-vrei-sa-atragi-cati-mai-multi-clienti-sfaturi-pentru-viitorii-antreprenori\/#article","isPartOf":{"@id":"https:\/\/urbeamea.ro\/albaiulia\/cum-sa-iti-amenajezi-magazinul-daca-vrei-sa-atragi-cati-mai-multi-clienti-sfaturi-pentru-viitorii-antreprenori\/"},"author":{"name":"Redac\u021bia UrbeaMea","@id":"https:\/\/urbeamea.ro\/albaiulia\/#\/schema\/person\/272ae98052f8ee8980f59848df070247"},"headline":"Cum s\u0103 \u00ee\u021bi amenajezi magazinul dac\u0103 vrei s\u0103 atragi c\u00e2\u021bi mai mul\u021bi clien\u021bi \u2013 Sfaturi pentru viitorii antreprenori","datePublished":"2022-11-25T10:42:08+00:00","mainEntityOfPage":{"@id":"https:\/\/urbeamea.ro\/albaiulia\/cum-sa-iti-amenajezi-magazinul-daca-vrei-sa-atragi-cati-mai-multi-clienti-sfaturi-pentru-viitorii-antreprenori\/"},"wordCount":569,"commentCount":0,"image":{"@id":"https:\/\/urbeamea.ro\/albaiulia\/cum-sa-iti-amenajezi-magazinul-daca-vrei-sa-atragi-cati-mai-multi-clienti-sfaturi-pentru-viitorii-antreprenori\/#primaryimage"},"thumbnailUrl":"https:\/\/urbeamea.ro\/albaiulia\/wp-content\/uploads\/2022\/11\/CUMSAI1.jpg","keywords":["lada frigorifica"],"articleSection":["\u015etiri Urbane"],"inLanguage":"ro-RO","potentialAction":[{"@type":"CommentAction","name":"Comment","target":["https:\/\/urbeamea.ro\/albaiulia\/cum-sa-iti-amenajezi-magazinul-daca-vrei-sa-atragi-cati-mai-multi-clienti-sfaturi-pentru-viitorii-antreprenori\/#respond"]}]},{"@type":"WebPage","@id":"https:\/\/urbeamea.ro\/albaiulia\/cum-sa-iti-amenajezi-magazinul-daca-vrei-sa-atragi-cati-mai-multi-clienti-sfaturi-pentru-viitorii-antreprenori\/","url":"https:\/\/urbeamea.ro\/albaiulia\/cum-sa-iti-amenajezi-magazinul-daca-vrei-sa-atragi-cati-mai-multi-clienti-sfaturi-pentru-viitorii-antreprenori\/","name":"Cum s\u0103 \u00ee\u021bi amenajezi magazinul dac\u0103 vrei s\u0103 atragi c\u00e2\u021bi mai mul\u021bi clien\u021bi \u2013 Sfaturi pentru viitorii antreprenori - Revista Urbea Mea - Revista de Alba","isPartOf":{"@id":"https:\/\/urbeamea.ro\/albaiulia\/#website"},"primaryImageOfPage":{"@id":"https:\/\/urbeamea.ro\/albaiulia\/cum-sa-iti-amenajezi-magazinul-daca-vrei-sa-atragi-cati-mai-multi-clienti-sfaturi-pentru-viitorii-antreprenori\/#primaryimage"},"image":{"@id":"https:\/\/urbeamea.ro\/albaiulia\/cum-sa-iti-amenajezi-magazinul-daca-vrei-sa-atragi-cati-mai-multi-clienti-sfaturi-pentru-viitorii-antreprenori\/#primaryimage"},"thumbnailUrl":"https:\/\/urbeamea.ro\/albaiulia\/wp-content\/uploads\/2022\/11\/CUMSAI1.jpg","datePublished":"2022-11-25T10:42:08+00:00","author":{"@id":"https:\/\/urbeamea.ro\/albaiulia\/#\/schema\/person\/272ae98052f8ee8980f59848df070247"},"description":"Te tenteaz\u0103 ideea de a deschide un magazin \u0219i de a vinde produse proaspete? \u00ce\u021bi recomand s\u0103 cite\u0219ti r\u00e2ndurile urm\u0103toare \u0219i s\u0103 \u00ee\u021bi faci o idee despre cum","breadcrumb":{"@id":"https:\/\/urbeamea.ro\/albaiulia\/cum-sa-iti-amenajezi-magazinul-daca-vrei-sa-atragi-cati-mai-multi-clienti-sfaturi-pentru-viitorii-antreprenori\/#breadcrumb"},"inLanguage":"ro-RO","potentialAction":[{"@type":"ReadAction","target":["https:\/\/urbeamea.ro\/albaiulia\/cum-sa-iti-amenajezi-magazinul-daca-vrei-sa-atragi-cati-mai-multi-clienti-sfaturi-pentru-viitorii-antreprenori\/"]}]},{"@type":"ImageObject","inLanguage":"ro-RO","@id":"https:\/\/urbeamea.ro\/albaiulia\/cum-sa-iti-amenajezi-magazinul-daca-vrei-sa-atragi-cati-mai-multi-clienti-sfaturi-pentru-viitorii-antreprenori\/#primaryimage","url":"https:\/\/urbeamea.ro\/albaiulia\/wp-content\/uploads\/2022\/11\/CUMSAI1.jpg","contentUrl":"https:\/\/urbeamea.ro\/albaiulia\/wp-content\/uploads\/2022\/11\/CUMSAI1.jpg","width":1200,"height":800},{"@type":"BreadcrumbList","@id":"https:\/\/urbeamea.ro\/albaiulia\/cum-sa-iti-amenajezi-magazinul-daca-vrei-sa-atragi-cati-mai-multi-clienti-sfaturi-pentru-viitorii-antreprenori\/#breadcrumb","itemListElement":[{"@type":"ListItem","position":1,"name":"Prima pagin\u0103","item":"https:\/\/urbeamea.ro\/albaiulia\/"},{"@type":"ListItem","position":2,"name":"Cum s\u0103 \u00ee\u021bi amenajezi magazinul dac\u0103 vrei s\u0103 atragi c\u00e2\u021bi mai mul\u021bi clien\u021bi \u2013 Sfaturi pentru viitorii antreprenori"}]},{"@type":"WebSite","@id":"https:\/\/urbeamea.ro\/albaiulia\/#website","url":"https:\/\/urbeamea.ro\/albaiulia\/","name":"Revista Urbea Mea, Stiri urbane","description":"Evenimente \u0219i \u0219tiri din Alba Iulia, Sebe\u0219, Aiud, Blaj","potentialAction":[{"@type":"SearchAction","target":{"@type":"EntryPoint","urlTemplate":"https:\/\/urbeamea.ro\/albaiulia\/?s={search_term_string}"},"query-input":{"@type":"PropertyValueSpecification","valueRequired":true,"valueName":"search_term_string"}}],"inLanguage":"ro-RO"},{"@type":"Person","@id":"https:\/\/urbeamea.ro\/albaiulia\/#\/schema\/person\/272ae98052f8ee8980f59848df070247","name":"Redac\u021bia UrbeaMea","image":{"@type":"ImageObject","inLanguage":"ro-RO","@id":"https:\/\/secure.gravatar.com\/avatar\/9ce5a9435071fa1037e8468053ead8e513dbbff59009d3069aadb85506d85a27?s=96&d=mm&r=g","url":"https:\/\/secure.gravatar.com\/avatar\/9ce5a9435071fa1037e8468053ead8e513dbbff59009d3069aadb85506d85a27?s=96&d=mm&r=g","contentUrl":"https:\/\/secure.gravatar.com\/avatar\/9ce5a9435071fa1037e8468053ead8e513dbbff59009d3069aadb85506d85a27?s=96&d=mm&r=g","caption":"Redac\u021bia UrbeaMea"},"description":"contact@urbeamea.ro","sameAs":["https:\/\/www.urbeamea.ro"],"url":"https:\/\/urbeamea.ro\/albaiulia\/author\/redactia-urbeamea\/"}]}},"_links":{"self":[{"href":"https:\/\/urbeamea.ro\/albaiulia\/wp-json\/wp\/v2\/posts\/105320","targetHints":{"allow":["GET"]}}],"collection":[{"href":"https:\/\/urbeamea.ro\/albaiulia\/wp-json\/wp\/v2\/posts"}],"about":[{"href":"https:\/\/urbeamea.ro\/albaiulia\/wp-json\/wp\/v2\/types\/post"}],"author":[{"embeddable":true,"href":"https:\/\/urbeamea.ro\/albaiulia\/wp-json\/wp\/v2\/users\/16"}],"replies":[{"embeddable":true,"href":"https:\/\/urbeamea.ro\/albaiulia\/wp-json\/wp\/v2\/comments?post=105320"}],"version-history":[{"count":1,"href":"https:\/\/urbeamea.ro\/albaiulia\/wp-json\/wp\/v2\/posts\/105320\/revisions"}],"predecessor-version":[{"id":105322,"href":"https:\/\/urbeamea.ro\/albaiulia\/wp-json\/wp\/v2\/posts\/105320\/revisions\/105322"}],"wp:featuredmedia":[{"embeddable":true,"href":"https:\/\/urbeamea.ro\/albaiulia\/wp-json\/wp\/v2\/media\/105321"}],"wp:attachment":[{"href":"https:\/\/urbeamea.ro\/albaiulia\/wp-json\/wp\/v2\/media?parent=105320"}],"wp:term":[{"taxonomy":"category","embeddable":true,"href":"https:\/\/urbeamea.ro\/albaiulia\/wp-json\/wp\/v2\/categories?post=105320"},{"taxonomy":"post_tag","embeddable":true,"href":"https:\/\/urbeamea.ro\/albaiulia\/wp-json\/wp\/v2\/tags?post=105320"}],"curies":[{"name":"wp","href":"https:\/\/api.w.org\/{rel}","templated":true}]}}